{"id":16395,"date":"2014-12-18T17:08:28","date_gmt":"2014-12-18T16:08:28","guid":{"rendered":"http:\/\/www.revue3emillenaire.com\/blog\/?p=16395"},"modified":"2014-12-18T17:08:28","modified_gmt":"2014-12-18T16:08:28","slug":"mediter-un-art-de-linstant-par-jean-yves-leloup","status":"publish","type":"post","link":"https:\/\/www.revue3emillenaire.com\/blog\/mediter-un-art-de-linstant-par-jean-yves-leloup\/","title":{"rendered":"M\u00e9diter : un art de l&rsquo;instant par Jean-Yves Leloup"},"content":{"rendered":"<p align=\"justify\"><strong><em><a href=\"http:\/\/www.jeanyvesleloup.eu\/\" target=\"_blank\">Jean-Yves Leloup<\/a> est un \u00e9crivain, th\u00e9ologien et pr\u00eatre orthodoxe, philosophe. Fondateur de l\u2019Institut pour la rencontre et l\u2019\u00e9tude des civilisations et du Coll\u00e8ge international des th\u00e9rapeutes, il a publi\u00e9 de nombreux ouvrages chez Albin Michel, dont \u00ab Un obscur et lumineux silence, la Th\u00e9ologie mystique de Denys l\u2019Ar\u00e9opagite \u00bb, \u00abL\u2019assise et la marche \u00bb, \u00ab \u00c9crits sur l\u2019h\u00e9sychasme \u00bb, \u00ab Paroles du mont Athos \u00bb, \u00ab l\u2019Enracinement et l\u2019ouverture \u00bb, \u00ab Manque et pl\u00e9nitude \u00bb, \u00ab Prendre soin de l\u2019\u00catre \u00bb, \u00ab l\u2018Absurde et la Gr\u00e2ce \u00bb, \u00ab Un art de l\u2019attention \u00bb etc. Il a donn\u00e9 des traductions et des interpr\u00e9tations innovantes de l\u2019\u00e9vangile et apocalypse de Jean, ainsi que les \u00e9vangiles consid\u00e9r\u00e9s comme apocryphes (Philippe, Marie, Thomas).<\/em><\/strong><\/p>\n<p align=\"justify\">(Revue \u00catre. No 1. 16<sup>e<\/sup> ann\u00e9e. 1988)<\/p>\n<p align=\"justify\"><span style=\"color: #000000;\"><span style=\"text-decoration: none;\"><span style=\"font-size: medium;\"><span style=\"letter-spacing: normal;\"><span lang=\"fr-FR\">L&rsquo;Univers n&rsquo;est pas chose \u00e9norme et longue mais c\u00e9r\u00e9monial d&rsquo;une Pr\u00e9sence qui se donne et se d\u00e9ploie dans l&rsquo;\u00e9clat de l&rsquo;instant.<\/span><\/span><\/span><\/span><\/span><\/p>\n<p align=\"justify\"><span style=\"color: #000000;\"><span style=\"text-decoration: none;\"><span style=\"font-size: medium;\"><span style=\"letter-spacing: normal;\"><span lang=\"fr-FR\">Zen est la traduction japonaise du chinois \u00ab T&rsquo;chan \u00bb et du sanscrit \u00ab dhyana \u00bb qu&rsquo;on traduit g\u00e9n\u00e9ralement par \u00ab m\u00e9di\u00adtation \u00bb.<\/span><\/span><\/span><\/span><\/span><\/p>\n<p align=\"justify\"><span style=\"color: #000000;\"><span style=\"text-decoration: none;\"><span style=\"font-size: medium;\"><span style=\"letter-spacing: normal;\"><span lang=\"fr-FR\">M\u00e9ditation, en fran\u00e7ais, \u00e9voque une certaine qualit\u00e9 d&rsquo;appr\u00e9hension de ce qui nous est donn\u00e9 de vivre dans le temps, de le r\u00e9fl\u00e9chir dans le miroir du coeur et de l&rsquo;intelli\u00adgence ; mais la vivacit\u00e9 de l&rsquo;instant qui caract\u00e9rise le zen ne semble pas y appara\u00eetre.<\/span><\/span><\/span><\/span><\/span><\/p>\n<p align=\"justify\"><span style=\"color: #000000;\"><span style=\"text-decoration: none;\"><span style=\"font-size: medium;\"><span style=\"letter-spacing: normal;\"><span lang=\"fr-FR\">Dans la m\u00e9ditation zen, il ne s&rsquo;agit pas \u2013 \u00e0 force d&rsquo;attention \u2013 de faire \u00ab redoubler le temps \u00bb, de s&rsquo;y appesantir, mais au contraire de l&rsquo;\u00e9clairer, de l&rsquo;\u00e9claircir par ce qui \u2013 de l&rsquo;ailleurs \u2013 nous fait signe.<\/span><\/span><\/span><\/span><\/span><\/p>\n<p align=\"justify\"><span style=\"color: #000000;\"><span style=\"text-decoration: none;\"><span style=\"font-size: medium;\"><span style=\"letter-spacing: normal;\"><span lang=\"fr-FR\">L&rsquo;instant est une \u00e9charde dans le temps nombr\u00e9 des horloges, une ouverture \u00e0 l&rsquo;Etre-m\u00eame qui se d\u00e9ploie dans tous les \u00e9tants (la fleur, le lit, la pierre, le corps, le visage).<\/span><\/span><\/span><\/span><\/span><\/p>\n<p align=\"justify\"><span style=\"color: #000000;\"><span style=\"text-decoration: none;\"><span style=\"font-size: medium;\"><span style=\"letter-spacing: normal;\"><span lang=\"fr-FR\">Dans cette ouverture, \u00ab cela qui est \u00bb nous touche comme pr\u00e9sence, ni chose (no-thing), ni personne. Pr\u00e9sence dont l&rsquo;irruption par la fen\u00eatre ouverte de l&rsquo;instant, nous \u00e9veille, nous \u00e9blouit : c&rsquo;est le grand jour d&rsquo;origine ou d&rsquo;apocalypse, dont les anecdotes zen (comme l&rsquo;Evangile d&rsquo;ailleurs) nous rappellent qu&rsquo;Il arrive \u00e0 minuit, quand on ne s&rsquo;y attend pas\u2026<\/span><\/span><\/span><\/span><\/span><\/p>\n<p align=\"justify\"><span style=\"color: #000000;\"><span style=\"text-decoration: none;\"><span style=\"font-size: medium;\"><span style=\"letter-spacing: normal;\"><span lang=\"fr-FR\">Hors de tout attendu, mais non de toute vigilance.<\/span><\/span><\/span><\/span><\/span><\/p>\n<p align=\"justify\"><span style=\"color: #000000;\"><span style=\"text-decoration: none;\"><span style=\"font-size: medium;\"><span style=\"letter-spacing: normal;\"><span lang=\"fr-FR\">Le plus quotidien, m\u00e9dit\u00e9 dans sa profondeur vive, peut devenir l&rsquo;instant o\u00f9 \u00ab je vois \u00bb.<\/span><\/span><\/span><\/span><\/span><\/p>\n<p align=\"justify\"><span style=\"color: #000000;\"><span style=\"text-decoration: none;\"><span style=\"font-size: medium;\"><span style=\"letter-spacing: normal;\"><span lang=\"fr-FR\">\u00ab Quelle merveille ! Je puise de l&rsquo;eau, Je ramasse du bois \u00bb.<\/span><\/span><\/span><\/span><\/span><\/p>\n<p align=\"justify\"><span style=\"color: #000000;\"><span style=\"text-decoration: none;\"><span style=\"font-size: medium;\"><span style=\"letter-spacing: normal;\"><span lang=\"fr-FR\">ou encore, dans un autre contexte : \u00ab Voici l&rsquo;os de mes os, la chair de ma chair ! \u00bb<\/span><\/span><\/span><\/span><\/span><\/p>\n<p align=\"justify\"><span style=\"color: #000000;\"><span style=\"text-decoration: none;\"><span style=\"font-size: medium;\"><span style=\"letter-spacing: normal;\"><span lang=\"fr-FR\">La m\u00e9ditation est art de l&rsquo;instant (instant au singulier, les \u00ab moments privil\u00e9gi\u00e9s \u00bb n&rsquo;en sont <\/span><\/span><\/span><\/span><\/span><span style=\"color: #000000;\"><span style=\"text-decoration: none;\"><span style=\"font-size: medium;\"><span style=\"letter-spacing: normal;\"><span lang=\"fr-FR\">que <\/span><\/span><\/span><\/span><\/span><span style=\"color: #000000;\"><span style=\"text-decoration: none;\"><span style=\"font-size: medium;\"><span style=\"letter-spacing: normal;\"><span lang=\"fr-FR\"> l&rsquo;\u00e9clat disperse) .<\/span><\/span><\/span><\/span><\/span><\/p>\n<p align=\"justify\"><span style=\"color: #000000;\"><span style=\"text-decoration: none;\"><span style=\"font-size: medium;\"><span style=\"letter-spacing: normal;\"><span lang=\"fr-FR\">Art de recueillir un pr\u00e9sent, une <\/span><\/span><\/span><\/span><\/span><span style=\"color: #000000;\"><span style=\"text-decoration: none;\"><span style=\"font-size: medium;\"><span style=\"letter-spacing: normal;\"><span lang=\"fr-FR\">p<\/span><\/span><\/span><\/span><\/span><span style=\"color: #000000;\"><span style=\"text-decoration: none;\"><span style=\"font-size: medium;\"><span style=\"letter-spacing: normal;\"><span lang=\"fr-FR\">r\u00e9sence dans ce qui nous arrive, occasion unique de voir l&rsquo;espace s&rsquo;agrandir, <\/span><\/span><\/span><\/span><\/span><span style=\"color: #000000;\"><span style=\"text-decoration: none;\"><span style=\"font-size: medium;\"><span style=\"letter-spacing: normal;\"><span lang=\"fr-FR\">la lumi\u00e8re <\/span><\/span><\/span><\/span><\/span><span style=\"color: #000000;\"><span style=\"text-decoration: none;\"><span style=\"font-size: medium;\"><span style=\"letter-spacing: normal;\"><span lang=\"fr-FR\">nue : <\/span><\/span><\/span><\/span><\/span><\/p>\n<p align=\"center\"><span style=\"color: #000000;\"><span style=\"text-decoration: none;\"><span style=\"font-size: medium;\"><span style=\"letter-spacing: normal;\"><span lang=\"fr-FR\">\u00ab Mon magasin ayant br\u00fbl\u00e9,<br \/>\nPlus rien ne me cache la vue<br \/>\nDe la lune \u00e9clatante ! \u00bb<\/span><\/span><\/span><\/span><\/span><\/p>\n","protected":false},"excerpt":{"rendered":"<p>M\u00e9ditation, en fran\u00e7ais, \u00e9voque une certaine qualit\u00e9 d&rsquo;appr\u00e9hension de ce qui nous est donn\u00e9 de vivre dans le temps, de le r\u00e9fl\u00e9chir dans le miroir du coeur et de l&rsquo;intelli\u00adgence ; mais la vivacit\u00e9 de l&rsquo;instant qui caract\u00e9rise le zen ne semble pas y appara\u00eetre.<\/p>\n","protected":false},"author":1,"featured_media":16295,"comment_status":"closed","ping_status":"closed","sticky":false,"template":"","format":"standard","meta":{"footnotes":""},"categories":[1268],"tags":[],"class_list":["post-16395","post","type-post","status-publish","format-standard","has-post-thumbnail","hentry","category-leloup-jean-yves"],"yoast_head":"<!-- This site is optimized with the Yoast SEO plugin v27.0 - https:\/\/yoast.com\/product\/yoast-seo-wordpress\/ -->\n<title>M\u00e9diter : un art de l&#039;instant par Jean-Yves Leloup - 3e mill\u00e9naire - Spiritualit\u00e9 - Connaissance de soi - Non-dualit\u00e9 - M\u00e9ditation<\/title>\n<meta name=\"robots\" content=\"index, follow, max-snippet:-1, max-image-preview:large, max-video-preview:-1\" \/>\n<link rel=\"canonical\" href=\"https:\/\/www.revue3emillenaire.com\/blog\/mediter-un-art-de-linstant-par-jean-yves-leloup\/\" \/>\n<meta property=\"og:locale\" content=\"fr_FR\" \/>\n<meta property=\"og:type\" content=\"article\" \/>\n<meta property=\"og:title\" content=\"M\u00e9diter : un art de l&#039;instant par Jean-Yves Leloup - 3e mill\u00e9naire - Spiritualit\u00e9 - Connaissance de soi - Non-dualit\u00e9 - M\u00e9ditation\" \/>\n<meta property=\"og:description\" content=\"M\u00e9ditation, en fran\u00e7ais, \u00e9voque une certaine qualit\u00e9 d&#039;appr\u00e9hension de ce qui nous est donn\u00e9 de vivre dans le temps, de le r\u00e9fl\u00e9chir dans le miroir du coeur et de l&#039;intelli\u00adgence ; mais la vivacit\u00e9 de l&#039;instant qui caract\u00e9rise le zen ne semble pas y appara\u00eetre.\" \/>\n<meta property=\"og:url\" content=\"https:\/\/www.revue3emillenaire.com\/blog\/mediter-un-art-de-linstant-par-jean-yves-leloup\/\" \/>\n<meta property=\"og:site_name\" content=\"3e mill\u00e9naire - Spiritualit\u00e9 - Connaissance de soi - Non-dualit\u00e9 - M\u00e9ditation\" \/>\n<meta property=\"article:published_time\" content=\"2014-12-18T16:08:28+00:00\" \/>\n<meta property=\"og:image\" content=\"https:\/\/www.revue3emillenaire.com\/blog\/wp-content\/uploads\/2014\/08\/Leloup.jpg\" \/>\n\t<meta property=\"og:image:width\" content=\"181\" \/>\n\t<meta property=\"og:image:height\" content=\"176\" \/>\n\t<meta property=\"og:image:type\" content=\"image\/jpeg\" \/>\n<meta name=\"author\" content=\"3e mill\u00e9naire\" \/>\n<meta name=\"twitter:card\" content=\"summary_large_image\" \/>\n<meta name=\"twitter:label1\" content=\"\u00c9crit par\" \/>\n\t<meta name=\"twitter:data1\" content=\"3e mill\u00e9naire\" \/>\n\t<meta name=\"twitter:label2\" content=\"Dur\u00e9e de lecture estim\u00e9e\" \/>\n\t<meta name=\"twitter:data2\" content=\"2 minutes\" \/>\n<script type=\"application\/ld+json\" class=\"yoast-schema-graph\">{\"@context\":\"https:\/\/schema.org\",\"@graph\":[{\"@type\":\"Article\",\"@id\":\"https:\/\/www.revue3emillenaire.com\/blog\/mediter-un-art-de-linstant-par-jean-yves-leloup\/#article\",\"isPartOf\":{\"@id\":\"https:\/\/www.revue3emillenaire.com\/blog\/mediter-un-art-de-linstant-par-jean-yves-leloup\/\"},\"author\":{\"name\":\"3e mill\u00e9naire\",\"@id\":\"https:\/\/www.revue3emillenaire.com\/blog\/#\/schema\/person\/9a3a7cc4ccaa707f402d4394327106d5\"},\"headline\":\"M\u00e9diter : un art de l&rsquo;instant par Jean-Yves Leloup\",\"datePublished\":\"2014-12-18T16:08:28+00:00\",\"mainEntityOfPage\":{\"@id\":\"https:\/\/www.revue3emillenaire.com\/blog\/mediter-un-art-de-linstant-par-jean-yves-leloup\/\"},\"wordCount\":475,\"image\":{\"@id\":\"https:\/\/www.revue3emillenaire.com\/blog\/mediter-un-art-de-linstant-par-jean-yves-leloup\/#primaryimage\"},\"thumbnailUrl\":\"https:\/\/www.revue3emillenaire.com\/blog\/wp-content\/uploads\/2014\/08\/Leloup.jpg\",\"articleSection\":[\"Leloup Jean-Yves\"],\"inLanguage\":\"fr-FR\"},{\"@type\":\"WebPage\",\"@id\":\"https:\/\/www.revue3emillenaire.com\/blog\/mediter-un-art-de-linstant-par-jean-yves-leloup\/\",\"url\":\"https:\/\/www.revue3emillenaire.com\/blog\/mediter-un-art-de-linstant-par-jean-yves-leloup\/\",\"name\":\"M\u00e9diter : un art de l'instant par Jean-Yves Leloup - 3e mill\u00e9naire - Spiritualit\u00e9 - Connaissance de soi - Non-dualit\u00e9 - M\u00e9ditation\",\"isPartOf\":{\"@id\":\"https:\/\/www.revue3emillenaire.com\/blog\/#website\"},\"primaryImageOfPage\":{\"@id\":\"https:\/\/www.revue3emillenaire.com\/blog\/mediter-un-art-de-linstant-par-jean-yves-leloup\/#primaryimage\"},\"image\":{\"@id\":\"https:\/\/www.revue3emillenaire.com\/blog\/mediter-un-art-de-linstant-par-jean-yves-leloup\/#primaryimage\"},\"thumbnailUrl\":\"https:\/\/www.revue3emillenaire.com\/blog\/wp-content\/uploads\/2014\/08\/Leloup.jpg\",\"datePublished\":\"2014-12-18T16:08:28+00:00\",\"author\":{\"@id\":\"https:\/\/www.revue3emillenaire.com\/blog\/#\/schema\/person\/9a3a7cc4ccaa707f402d4394327106d5\"},\"breadcrumb\":{\"@id\":\"https:\/\/www.revue3emillenaire.com\/blog\/mediter-un-art-de-linstant-par-jean-yves-leloup\/#breadcrumb\"},\"inLanguage\":\"fr-FR\",\"potentialAction\":[{\"@type\":\"ReadAction\",\"target\":[\"https:\/\/www.revue3emillenaire.com\/blog\/mediter-un-art-de-linstant-par-jean-yves-leloup\/\"]}]},{\"@type\":\"ImageObject\",\"inLanguage\":\"fr-FR\",\"@id\":\"https:\/\/www.revue3emillenaire.com\/blog\/mediter-un-art-de-linstant-par-jean-yves-leloup\/#primaryimage\",\"url\":\"https:\/\/www.revue3emillenaire.com\/blog\/wp-content\/uploads\/2014\/08\/Leloup.jpg\",\"contentUrl\":\"https:\/\/www.revue3emillenaire.com\/blog\/wp-content\/uploads\/2014\/08\/Leloup.jpg\",\"width\":181,\"height\":176},{\"@type\":\"BreadcrumbList\",\"@id\":\"https:\/\/www.revue3emillenaire.com\/blog\/mediter-un-art-de-linstant-par-jean-yves-leloup\/#breadcrumb\",\"itemListElement\":[{\"@type\":\"ListItem\",\"position\":1,\"name\":\"Accueil\",\"item\":\"https:\/\/www.revue3emillenaire.com\/blog\/\"},{\"@type\":\"ListItem\",\"position\":2,\"name\":\"M\u00e9diter : un art de l&rsquo;instant par Jean-Yves Leloup\"}]},{\"@type\":\"WebSite\",\"@id\":\"https:\/\/www.revue3emillenaire.com\/blog\/#website\",\"url\":\"https:\/\/www.revue3emillenaire.com\/blog\/\",\"name\":\"3e mill\u00e9naire - Spiritualit\u00e9 - Connaissance de soi - Non-dualit\u00e9 - M\u00e9ditation\",\"description\":\"L&#039;Homme en devenir\",\"potentialAction\":[{\"@type\":\"SearchAction\",\"target\":{\"@type\":\"EntryPoint\",\"urlTemplate\":\"https:\/\/www.revue3emillenaire.com\/blog\/?s={search_term_string}\"},\"query-input\":{\"@type\":\"PropertyValueSpecification\",\"valueRequired\":true,\"valueName\":\"search_term_string\"}}],\"inLanguage\":\"fr-FR\"},{\"@type\":\"Person\",\"@id\":\"https:\/\/www.revue3emillenaire.com\/blog\/#\/schema\/person\/9a3a7cc4ccaa707f402d4394327106d5\",\"name\":\"3e mill\u00e9naire\",\"url\":\"https:\/\/www.revue3emillenaire.com\/blog\/author\/admin\/\"}]}<\/script>\n<!-- \/ Yoast SEO plugin. -->","yoast_head_json":{"title":"M\u00e9diter : un art de l'instant par Jean-Yves Leloup - 3e mill\u00e9naire - Spiritualit\u00e9 - Connaissance de soi - Non-dualit\u00e9 - M\u00e9ditation","robots":{"index":"index","follow":"follow","max-snippet":"max-snippet:-1","max-image-preview":"max-image-preview:large","max-video-preview":"max-video-preview:-1"},"canonical":"https:\/\/www.revue3emillenaire.com\/blog\/mediter-un-art-de-linstant-par-jean-yves-leloup\/","og_locale":"fr_FR","og_type":"article","og_title":"M\u00e9diter : un art de l'instant par Jean-Yves Leloup - 3e mill\u00e9naire - Spiritualit\u00e9 - Connaissance de soi - Non-dualit\u00e9 - M\u00e9ditation","og_description":"M\u00e9ditation, en fran\u00e7ais, \u00e9voque une certaine qualit\u00e9 d'appr\u00e9hension de ce qui nous est donn\u00e9 de vivre dans le temps, de le r\u00e9fl\u00e9chir dans le miroir du coeur et de l'intelli\u00adgence ; mais la vivacit\u00e9 de l'instant qui caract\u00e9rise le zen ne semble pas y appara\u00eetre.","og_url":"https:\/\/www.revue3emillenaire.com\/blog\/mediter-un-art-de-linstant-par-jean-yves-leloup\/","og_site_name":"3e mill\u00e9naire - Spiritualit\u00e9 - Connaissance de soi - Non-dualit\u00e9 - M\u00e9ditation","article_published_time":"2014-12-18T16:08:28+00:00","og_image":[{"width":181,"height":176,"url":"https:\/\/www.revue3emillenaire.com\/blog\/wp-content\/uploads\/2014\/08\/Leloup.jpg","type":"image\/jpeg"}],"author":"3e mill\u00e9naire","twitter_card":"summary_large_image","twitter_misc":{"\u00c9crit par":"3e mill\u00e9naire","Dur\u00e9e de lecture estim\u00e9e":"2 minutes"},"schema":{"@context":"https:\/\/schema.org","@graph":[{"@type":"Article","@id":"https:\/\/www.revue3emillenaire.com\/blog\/mediter-un-art-de-linstant-par-jean-yves-leloup\/#article","isPartOf":{"@id":"https:\/\/www.revue3emillenaire.com\/blog\/mediter-un-art-de-linstant-par-jean-yves-leloup\/"},"author":{"name":"3e mill\u00e9naire","@id":"https:\/\/www.revue3emillenaire.com\/blog\/#\/schema\/person\/9a3a7cc4ccaa707f402d4394327106d5"},"headline":"M\u00e9diter : un art de l&rsquo;instant par Jean-Yves Leloup","datePublished":"2014-12-18T16:08:28+00:00","mainEntityOfPage":{"@id":"https:\/\/www.revue3emillenaire.com\/blog\/mediter-un-art-de-linstant-par-jean-yves-leloup\/"},"wordCount":475,"image":{"@id":"https:\/\/www.revue3emillenaire.com\/blog\/mediter-un-art-de-linstant-par-jean-yves-leloup\/#primaryimage"},"thumbnailUrl":"https:\/\/www.revue3emillenaire.com\/blog\/wp-content\/uploads\/2014\/08\/Leloup.jpg","articleSection":["Leloup Jean-Yves"],"inLanguage":"fr-FR"},{"@type":"WebPage","@id":"https:\/\/www.revue3emillenaire.com\/blog\/mediter-un-art-de-linstant-par-jean-yves-leloup\/","url":"https:\/\/www.revue3emillenaire.com\/blog\/mediter-un-art-de-linstant-par-jean-yves-leloup\/","name":"M\u00e9diter : un art de l'instant par Jean-Yves Leloup - 3e mill\u00e9naire - Spiritualit\u00e9 - Connaissance de soi - Non-dualit\u00e9 - M\u00e9ditation","isPartOf":{"@id":"https:\/\/www.revue3emillenaire.com\/blog\/#website"},"primaryImageOfPage":{"@id":"https:\/\/www.revue3emillenaire.com\/blog\/mediter-un-art-de-linstant-par-jean-yves-leloup\/#primaryimage"},"image":{"@id":"https:\/\/www.revue3emillenaire.com\/blog\/mediter-un-art-de-linstant-par-jean-yves-leloup\/#primaryimage"},"thumbnailUrl":"https:\/\/www.revue3emillenaire.com\/blog\/wp-content\/uploads\/2014\/08\/Leloup.jpg","datePublished":"2014-12-18T16:08:28+00:00","author":{"@id":"https:\/\/www.revue3emillenaire.com\/blog\/#\/schema\/person\/9a3a7cc4ccaa707f402d4394327106d5"},"breadcrumb":{"@id":"https:\/\/www.revue3emillenaire.com\/blog\/mediter-un-art-de-linstant-par-jean-yves-leloup\/#breadcrumb"},"inLanguage":"fr-FR","potentialAction":[{"@type":"ReadAction","target":["https:\/\/www.revue3emillenaire.com\/blog\/mediter-un-art-de-linstant-par-jean-yves-leloup\/"]}]},{"@type":"ImageObject","inLanguage":"fr-FR","@id":"https:\/\/www.revue3emillenaire.com\/blog\/mediter-un-art-de-linstant-par-jean-yves-leloup\/#primaryimage","url":"https:\/\/www.revue3emillenaire.com\/blog\/wp-content\/uploads\/2014\/08\/Leloup.jpg","contentUrl":"https:\/\/www.revue3emillenaire.com\/blog\/wp-content\/uploads\/2014\/08\/Leloup.jpg","width":181,"height":176},{"@type":"BreadcrumbList","@id":"https:\/\/www.revue3emillenaire.com\/blog\/mediter-un-art-de-linstant-par-jean-yves-leloup\/#breadcrumb","itemListElement":[{"@type":"ListItem","position":1,"name":"Accueil","item":"https:\/\/www.revue3emillenaire.com\/blog\/"},{"@type":"ListItem","position":2,"name":"M\u00e9diter : un art de l&rsquo;instant par Jean-Yves Leloup"}]},{"@type":"WebSite","@id":"https:\/\/www.revue3emillenaire.com\/blog\/#website","url":"https:\/\/www.revue3emillenaire.com\/blog\/","name":"3e mill\u00e9naire - Spiritualit\u00e9 - Connaissance de soi - Non-dualit\u00e9 - M\u00e9ditation","description":"L&#039;Homme en devenir","potentialAction":[{"@type":"SearchAction","target":{"@type":"EntryPoint","urlTemplate":"https:\/\/www.revue3emillenaire.com\/blog\/?s={search_term_string}"},"query-input":{"@type":"PropertyValueSpecification","valueRequired":true,"valueName":"search_term_string"}}],"inLanguage":"fr-FR"},{"@type":"Person","@id":"https:\/\/www.revue3emillenaire.com\/blog\/#\/schema\/person\/9a3a7cc4ccaa707f402d4394327106d5","name":"3e mill\u00e9naire","url":"https:\/\/www.revue3emillenaire.com\/blog\/author\/admin\/"}]}},"_links":{"self":[{"href":"https:\/\/www.revue3emillenaire.com\/blog\/wp-json\/wp\/v2\/posts\/16395","targetHints":{"allow":["GET"]}}],"collection":[{"href":"https:\/\/www.revue3emillenaire.com\/blog\/wp-json\/wp\/v2\/posts"}],"about":[{"href":"https:\/\/www.revue3emillenaire.com\/blog\/wp-json\/wp\/v2\/types\/post"}],"author":[{"embeddable":true,"href":"https:\/\/www.revue3emillenaire.com\/blog\/wp-json\/wp\/v2\/users\/1"}],"replies":[{"embeddable":true,"href":"https:\/\/www.revue3emillenaire.com\/blog\/wp-json\/wp\/v2\/comments?post=16395"}],"version-history":[{"count":0,"href":"https:\/\/www.revue3emillenaire.com\/blog\/wp-json\/wp\/v2\/posts\/16395\/revisions"}],"wp:featuredmedia":[{"embeddable":true,"href":"https:\/\/www.revue3emillenaire.com\/blog\/wp-json\/wp\/v2\/media\/16295"}],"wp:attachment":[{"href":"https:\/\/www.revue3emillenaire.com\/blog\/wp-json\/wp\/v2\/media?parent=16395"}],"wp:term":[{"taxonomy":"category","embeddable":true,"href":"https:\/\/www.revue3emillenaire.com\/blog\/wp-json\/wp\/v2\/categories?post=16395"},{"taxonomy":"post_tag","embeddable":true,"href":"https:\/\/www.revue3emillenaire.com\/blog\/wp-json\/wp\/v2\/tags?post=16395"}],"curies":[{"name":"wp","href":"https:\/\/api.w.org\/{rel}","templated":true}]}}