{"id":16412,"date":"2015-01-20T22:05:04","date_gmt":"2015-01-20T21:05:04","guid":{"rendered":"http:\/\/www.revue3emillenaire.com\/blog\/?p=16412"},"modified":"2015-01-20T22:06:14","modified_gmt":"2015-01-20T21:06:14","slug":"les-grands-themes-metaphysiques-de-levangile-selon-thomas-par-raymond-oillet","status":"publish","type":"post","link":"https:\/\/www.revue3emillenaire.com\/blog\/les-grands-themes-metaphysiques-de-levangile-selon-thomas-par-raymond-oillet\/","title":{"rendered":"Les grands th\u00e8mes m\u00e9taphysiques de l\u2019\u00c9vangile selon Thomas par Raymond Oillet"},"content":{"rendered":"<p align=\"justify\"><span style=\"color: #000000;\"><span style=\"text-decoration: none;\"><span style=\"font-size: medium;\"><span style=\"letter-spacing: normal;\"><span lang=\"fr-FR\">(Revue Question De. No 53. Juillet-Ao\u00fbt-Septembre 1983)<\/span><\/span><\/span><\/span><\/span><\/p>\n<p align=\"justify\"><span style=\"color: #000000;\"><span style=\"text-decoration: none;\"><span style=\"font-size: medium;\"><span style=\"letter-spacing: normal;\"><span lang=\"fr-FR\">La M\u00e9taphysique traditionnelle <a class=\"sdfootnoteanc\" href=\"#sdfootnote1sym\" name=\"sdfootnote1anc\"><sup>1<\/sup><\/a> et elle seule, donne les clefs de la lecture de l&rsquo;Ev. Th. Le texte comporte aussi des \u00e9l\u00e9ments \u00e9sot\u00e9riques (log. 19) dont la pr\u00e9sence contribue \u00e0 justifier l&rsquo;avertissement relatif aux \u00ab paroles cach\u00e9es \u00bb de J\u00e9sus. N\u00e9anmoins, ce sont ses th\u00e8mes m\u00e9\u00adtaphysiques qui conf\u00e8rent \u00e0 cet ensemble de dits un caract\u00e8re traditionnel tout \u00e0 fait comparable \u00e0 celui des grands textes fondamentaux du Brahmanisme ou du Bouddhisme <a class=\"sdfootnoteanc\" href=\"#sdfootnote2sym\" name=\"sdfootnote2anc\"><sup>2<\/sup><\/a>. Aujourd&rsquo;hui, ces th\u00e8mes s&rsquo;imposent avec autant de force dans les enseignements d&rsquo;un Krishnamurti ou d&rsquo;un Nisargadatta <a class=\"sdfootnoteanc\" href=\"#sdfootnote3sym\" name=\"sdfootnote3anc\"><sup>3<\/sup><\/a>. <\/span><\/span><\/span><\/span><\/span><span style=\"color: #000000;\"><span style=\"text-decoration: none;\"><span style=\"font-size: medium;\"><span style=\"letter-spacing: normal;\"><span lang=\"fr-FR\">\u00c0<\/span><\/span><\/span><\/span><\/span><span style=\"color: #000000;\"><span style=\"text-decoration: none;\"><span style=\"font-size: medium;\"><span style=\"letter-spacing: normal;\"><span lang=\"fr-FR\"> travers des propos aussi divers, en apparence \u00e9trangers les uns aux autres, il serait vain de chercher les contours d&rsquo;un corps m\u00e9taphysique doctrinal s\u00fbr comme les ont dessin\u00e9s pour eux les th\u00e9ologiens du Moyen-Age ou les ma\u00eetres des id\u00e9ologies contemporaines. La M\u00e9taphysique traditionnelle est un non-dualisme, et pas m\u00eame un monisme : parce qu&rsquo;elle d\u00e9signe les voies et les conditions de l&rsquo;exp\u00e9rience lib\u00e9ratrice, elle \u00e9chappe \u00e0 toutes les logiques, ou les parcourt toutes, en vue de la seule d\u00e9couverte de : \u00ab Tu es Cela \u00bb ou \u00ab Autre que Lui n&rsquo;est pas \u00bb. Ces propositions tentent de signifier que le Tout est un et que l&rsquo;Un est tout. Or cette v\u00e9rit\u00e9 unique est l&rsquo;unique v\u00e9rit\u00e9 qu&rsquo;aucun discours ne saura jamais, l\u00e9gitimement, d\u00e9tenir <a class=\"sdfootnoteanc\" href=\"#sdfootnote4sym\" name=\"sdfootnote4anc\"><sup>4<\/sup><\/a>. Une voie d&rsquo;approche \u00e0 l&rsquo;\u00e9preuve de la R\u00e9alit\u00e9 qui accomplit, et abolit (log. 58) \u2026<\/span><\/span><\/span><\/span><\/span><\/p>\n<p align=\"justify\"><span style=\"color: #000000;\"><span style=\"text-decoration: none;\"><span style=\"font-size: medium;\"><span style=\"letter-spacing: normal;\"><span lang=\"fr-FR\">Aux hommes que la nostalgie de <\/span><\/span><\/span><\/span><\/span><span style=\"color: #000000;\"><span style=\"text-decoration: none;\"><span style=\"font-size: medium;\"><span style=\"letter-spacing: normal;\"><span lang=\"fr-FR\">l\u2019\u00catre<\/span><\/span><\/span><\/span><\/span><span style=\"color: #000000;\"><span style=\"text-decoration: none;\"><span style=\"font-size: medium;\"><span style=\"letter-spacing: normal;\"><span lang=\"fr-FR\"> a mis en che\u00admin, les mouvements gnostiques ont propos\u00e9 des voies de retour \u00e0 l&rsquo;Un. Et donc de sortie du langage. La gnose se m\u00eale toujours \u00e0 l&rsquo;Histoire, mais comme un courant sou\u00adterrain, sans m\u00e9lange&#8230; En s&rsquo;adressant aux Juifs, ses contemporains, J\u00e9sus a d\u00fb aborder certains de leurs pro\u00adbl\u00e8mes sp\u00e9cifiques mais sans rien sacrifier de la qualit\u00e9 proprement m\u00e9taphysique de son enseignement. C&rsquo;est par la connaissance, et la connaissance de soi, que l&rsquo;homme parvient \u00e0 la connaissance du P\u00e8re, \u00e0 se trouver identique \u00e0 Lui, \u00e0 se sauver de l&#8217;emprise du monde et de la mort. Que cette gnose soit non-chr\u00e9tienne para\u00eetra l&rsquo;\u00e9vidence m\u00eame. En parler comme d&rsquo;une h\u00e9r\u00e9sie est une erreur et une injure. J\u00e9sus a jet\u00e9 un feu (log. 10). Si ce feu peut nous br\u00fbler, ne pourrait-il pas aussi nous d\u00e9livrer de nos liens ?<\/span><\/span><\/span><\/span><\/span><\/p>\n<p align=\"justify\"><span style=\"color: #000000;\"><span style=\"text-decoration: none;\"><span style=\"font-size: medium;\"><span style=\"letter-spacing: normal;\"><span lang=\"fr-FR\">I) \u00ab <\/span><\/span><\/span><\/span><\/span><span style=\"color: #000000;\"><span style=\"text-decoration: none;\"><span style=\"font-size: medium;\"><span style=\"letter-spacing: normal;\"><span lang=\"fr-FR\"><i>Quand vous ferez le deux Un, vous serez Fils de l&rsquo;homme<\/i><\/span><\/span><\/span><\/span><\/span><span style=\"color: #000000;\"><span style=\"text-decoration: none;\"><span style=\"font-size: medium;\"><span style=\"letter-spacing: normal;\"><span lang=\"fr-FR\"> \u00bb. Log. 106\/2.3.<\/span><\/span><\/span><\/span><\/span><\/p>\n<p align=\"justify\"><span style=\"color: #000000;\"><span style=\"text-decoration: none;\"><span style=\"font-size: medium;\"><span style=\"letter-spacing: normal;\"><span lang=\"fr-FR\">Un autre logion nous interroge inversement : \u00ab <\/span><\/span><\/span><\/span><\/span><span style=\"color: #000000;\"><span style=\"text-decoration: none;\"><span style=\"font-size: medium;\"><span style=\"letter-spacing: normal;\"><span lang=\"fr-FR\"><i>Au temps <\/i><\/span><\/span><\/span><\/span><\/span><span style=\"color: #000000;\"><span style=\"text-decoration: none;\"><span style=\"font-size: medium;\"><span style=\"letter-spacing: normal;\"><span lang=\"fr-FR\"><i>o\u00f9 <\/i><\/span><\/span><\/span><\/span><\/span><span style=\"color: #000000;\"><span style=\"text-decoration: none;\"><span style=\"font-size: medium;\"><span style=\"letter-spacing: normal;\"><span lang=\"fr-FR\"><i>vous <\/i><\/span><\/span><\/span><\/span><\/span><span style=\"color: #000000;\"><span style=\"text-decoration: none;\"><span style=\"font-size: medium;\"><span style=\"letter-spacing: normal;\"><span lang=\"fr-FR\"><i>\u00e9<\/i><\/span><\/span><\/span><\/span><\/span><span style=\"color: #000000;\"><span style=\"text-decoration: none;\"><span style=\"font-size: medium;\"><span style=\"letter-spacing: normal;\"><span lang=\"fr-FR\"><i>tiez Un, vous avez fait le deux ; mais alors \u00e9tant deux, que ferez-vous ?<\/i><\/span><\/span><\/span><\/span><\/span><span style=\"color: #000000;\"><span style=\"text-decoration: none;\"><span style=\"font-size: medium;\"><span style=\"letter-spacing: normal;\"><span lang=\"fr-FR\"> \u00bb S&rsquo;agirait-il d&rsquo;une histoire, avec des \u00e9v\u00e9nements successifs, comportant un \u00e9tat initial de perfection, suivi d&rsquo;une catastrophe, elle-m\u00eame ult\u00e9rieu\u00adrement r\u00e9par\u00e9e ? C&rsquo;est par cette repr\u00e9sentation que les malheurs ont commenc\u00e9 et ne cessent de recommencer. En r\u00e9alit\u00e9, il n&rsquo;y a pas d&rsquo;histoire, pas d&rsquo;\u00e9v\u00e9nement : \u00ab <\/span><\/span><\/span><\/span><\/span><span style=\"color: #000000;\"><span style=\"text-decoration: none;\"><span style=\"font-size: medium;\"><span style=\"letter-spacing: normal;\"><span lang=\"fr-FR\"><i>Le Royaume du P\u00e8re s&rsquo;\u00e9tend sur la terre et les hommes ne les voient pas<\/i><\/span><\/span><\/span><\/span><\/span><span style=\"color: #000000;\"><span style=\"text-decoration: none;\"><span style=\"font-size: medium;\"><span style=\"letter-spacing: normal;\"><span lang=\"fr-FR\"> \u00bb (log. 113). Tout est identique : cependant la personnalisation exclusive du t\u00e9moin des objets d\u00e9fi\u00adlant dans la conscience entra\u00eene automatiquement un sens dualiste centr\u00e9 \u00e0 l&rsquo;int\u00e9rieur des limites de l&rsquo;entit\u00e9 psycho\u00adsomatique qui le con\u00e7oit. L&rsquo;ego se situe dans un mirage : r\u00e9el, irr\u00e9el ? Si, dans son processus de d\u00e9veloppement, op\u00e8re une esp\u00e8ce de fatalit\u00e9, son apparition n&rsquo;est nulle\u00adment in\u00e9vitable et sa disparition est ais\u00e9e&#8230; Dans votre r\u00eave, r\u00e9alisant que vous faites un cauchemar, vous cessez de souffrir, d\u00e9j\u00e0, avant de vous r\u00e9veiller. Il suffit de comprendre que le pseudo-av\u00e8nement de la personne s\u00e9par\u00e9e, comme sa pseudo-disparition, ne s&rsquo;inscrivent pas dans un devenir affectant quelque r\u00e9alit\u00e9 que ce soit. Tout est un, Un est tout. Si ce malentendu prend nais\u00adsance \u00e0 l&rsquo;int\u00e9rieur de notre conscience, c&rsquo;est peut-\u00eatre explicable par notre constitution actuelle d&rsquo;\u00eatre humain. Est-ce pour autant une tare ? J\u00e9sus ne prononce pas de tel jugement. Mais si nous nous sommes \u00e9loign\u00e9s du Royaume par la vision dualiste, par cette rupture, ce d\u00e9s\u00e9\u00adquilibre, nous avons perverti le d\u00e9sir, instaur\u00e9 la peur et fa\u00e7onn\u00e9 ce masque horrible de la mort \u2013 supr\u00eame menace \u00e0 un autre masque : le moi \u2013 Pour dissiper cette \u00ab ivresse \u00bb (log. 28) J\u00e9sus nous invite \u00e0 nous d\u00e9pouiller de ce qui a contribu\u00e9 \u00e0 nous tromper, \u00e0 rechercher l&rsquo;unique, \u00e0 retrouver l&rsquo;innocence des tout petits enfants. Les pr\u00eatres, les politiciens professionnels ont fond\u00e9 leur pouvoir sur ce malentendu. J\u00e9sus dit : \u00ab <\/span><\/span><\/span><\/span><\/span><span style=\"color: #000000;\"><span style=\"text-decoration: none;\"><span style=\"font-size: medium;\"><span style=\"letter-spacing: normal;\"><span lang=\"fr-FR\"><i>Faites le deux Un<\/i><\/span><\/span><\/span><\/span><\/span><span style=\"color: #000000;\"><span style=\"text-decoration: none;\"><span style=\"font-size: medium;\"><span style=\"letter-spacing: normal;\"><span lang=\"fr-FR\">. \u00bb Comprend-on alors que la marque du lib\u00e9r\u00e9 soit \u00ab <\/span><\/span><\/span><\/span><\/span><span style=\"color: #000000;\"><span style=\"text-decoration: none;\"><span style=\"font-size: medium;\"><span style=\"letter-spacing: normal;\"><span lang=\"fr-FR\"><i>un mouvement et un repos<\/i><\/span><\/span><\/span><\/span><\/span><span style=\"color: #000000;\"><span style=\"text-decoration: none;\"><span style=\"font-size: medium;\"><span style=\"letter-spacing: normal;\"><span lang=\"fr-FR\"> \u00bb ? (log. 50)<\/span><\/span><\/span><\/span><\/span><\/p>\n<p align=\"justify\"><span style=\"color: #000000;\"><span style=\"text-decoration: none;\"><span style=\"font-size: medium;\"><span style=\"letter-spacing: normal;\"><span lang=\"fr-FR\">II) \u00ab <\/span><\/span><\/span><\/span><\/span><span style=\"color: #000000;\"><span style=\"text-decoration: none;\"><span style=\"font-size: medium;\"><span style=\"letter-spacing: normal;\"><span lang=\"fr-FR\"><i>Mais le Royaume, il est le dedans et il est le dehors de vous<\/i><\/span><\/span><\/span><\/span><\/span><span style=\"color: #000000;\"><span style=\"text-decoration: none;\"><span style=\"font-size: medium;\"><span style=\"letter-spacing: normal;\"><span lang=\"fr-FR\">. \u00bb Log. 3\/7.8.<\/span><\/span><\/span><\/span><\/span><\/p>\n<p align=\"justify\"><span style=\"color: #000000;\"><span style=\"text-decoration: none;\"><span style=\"font-size: medium;\"><span style=\"letter-spacing: normal;\"><span lang=\"fr-FR\">L&rsquo;unit\u00e9 est l&rsquo;unit\u00e9 transcendante des contraires : il n&rsquo;est que compl\u00e9mentarit\u00e9. C&rsquo;est ais\u00e9ment percevable, et recon\u00adnu dans le milieu \u00ab naturel \u00bb, pas dans l&rsquo;humain. Pour quelle raison ? L&rsquo;homme ma\u00eetre et possesseur de la cr\u00e9a\u00adtion ? Voil\u00e0 une croyance dont on revient. Ce logion est \u00e9cologique au plein sens du terme : tout est en relation avec tout et le r\u00e8gne humain n&rsquo;est pas l&rsquo;exception. Cet enseignement compl\u00e8te donc le pr\u00e9c\u00e9dent. On devine quelle osmose relie des notions aussi fr\u00e9quemment r\u00e9p\u00e9\u00adt\u00e9es dans cet \u00e9vangile : P\u00e8re\/Fils\/Esprit-Royaume\/Con\u00adnaissance\/Tout, la Vie \u00e9tant la clef du myst\u00e8re. \u00ab Ce qui est en haut est comme ce qui est en bas \u00bb dit Herm\u00e8s Trism\u00e9giste. L&rsquo;unit\u00e9 implique l&rsquo;identit\u00e9 et l&rsquo;identit\u00e9 r\u00e9v\u00e8le l<\/span><\/span><\/span><\/span><\/span><span style=\"color: #000000;\"><span style=\"text-decoration: none;\"><span style=\"font-size: medium;\"><span style=\"letter-spacing: normal;\"><span lang=\"fr-FR\">a<\/span><\/span><\/span><\/span><\/span><span style=\"color: #000000;\"><span style=\"text-decoration: none;\"><span style=\"font-size: medium;\"><span style=\"letter-spacing: normal;\"><span lang=\"fr-FR\"> pr\u00e9sence. \u00ab Celui qui est devant ton visage&#8230; \u00bb r\u00e9p\u00e8te J\u00e9sus. Le Royaume est d\u00e9j\u00e0 l\u00e0, <\/span><\/span><\/span><\/span><\/span><span style=\"color: #000000;\"><span style=\"text-decoration: none;\"><span style=\"font-size: medium;\"><span style=\"letter-spacing: normal;\"><span lang=\"fr-FR\">inalt\u00e9rablement.<\/span><\/span><\/span><\/span><\/span><span style=\"color: #000000;\"><span style=\"text-decoration: none;\"><span style=\"font-size: medium;\"><span style=\"letter-spacing: normal;\"><span lang=\"fr-FR\"> Toutes les dualit\u00e9s sont autant de reflets d&rsquo;identit\u00e9 dans la pr\u00e9sence unique et simple du P\u00e8re. Pour r\u00e9pondre aux probl\u00e8mes qui agitent tant ses proches, et qui n&rsquo;ont pas fini de tor\u00adturer les sectateurs du jud\u00e9o-christianisme : opposition corps-\u00e2me, chair-esprit, J\u00e9sus prof\u00e8re une parole lapidaire : \u00ab <\/span><\/span><\/span><\/span><\/span><span style=\"color: #000000;\"><span style=\"text-decoration: none;\"><span style=\"font-size: medium;\"><span style=\"letter-spacing: normal;\"><span lang=\"fr-FR\"><i>Mis\u00e9rable est la chair qui d\u00e9pend de l&rsquo;\u00e2me, mis\u00e9\u00adrable est l&rsquo;\u00e2me qui d\u00e9pend de la chair<\/i><\/span><\/span><\/span><\/span><\/span><span style=\"color: #000000;\"><span style=\"text-decoration: none;\"><span style=\"font-size: medium;\"><span style=\"letter-spacing: normal;\"><span lang=\"fr-FR\">. \u00bb (log. 112) ou il nous confronte <\/span><\/span><\/span><\/span><\/span><span style=\"color: #000000;\"><span style=\"text-decoration: none;\"><span style=\"font-size: medium;\"><span style=\"letter-spacing: normal;\"><span lang=\"fr-FR\">\u00e0<\/span><\/span><\/span><\/span><\/span><span style=\"color: #000000;\"><span style=\"text-decoration: none;\"><span style=\"font-size: medium;\"><span style=\"letter-spacing: normal;\"><span lang=\"fr-FR\"> l&rsquo;insupportable aporie : \u00ab <\/span><\/span><\/span><\/span><\/span><span style=\"color: #000000;\"><span style=\"text-decoration: none;\"><span style=\"font-size: medium;\"><span style=\"letter-spacing: normal;\"><span lang=\"fr-FR\"><i>Si la chair a \u00e9t\u00e9 \u00e0 cause de l&rsquo;esprit, c&rsquo;est une merveille ; mais si l&rsquo;esprit a \u00e9t\u00e9 \u00e0 cause du corps, c&rsquo;est une merveille de merveilles. Mais moi, je m&rsquo;\u00e9merveille de ceci : comment cette grande richesse a habit\u00e9 cette pauvret\u00e9<\/i><\/span><\/span><\/span><\/span><\/span><span style=\"color: #000000;\"><span style=\"text-decoration: none;\"><span style=\"font-size: medium;\"><span style=\"letter-spacing: normal;\"><span lang=\"fr-FR\">. \u00bb (log. 29)<\/span><\/span><\/span><\/span><\/span><\/p>\n<p align=\"justify\"><span style=\"color: #000000;\"><span style=\"text-decoration: none;\"><span style=\"font-size: medium;\"><span style=\"letter-spacing: normal;\"><span lang=\"fr-FR\">Pas de r\u00e9ponse rassurante, mais un Koan foudroyant comme le pratiquent les ma\u00eetres du Zen afin de pour\u00adfendre la confusion de leurs disciples trop embrouill\u00e9s par le jeu des concepts. Moins s\u00e9v\u00e8re au logion 89, J\u00e9sus nous attire <\/span><\/span><\/span><\/span><\/span><span style=\"color: #000000;\"><span style=\"text-decoration: none;\"><span style=\"font-size: medium;\"><span style=\"letter-spacing: normal;\"><span lang=\"fr-FR\">\u00e0<\/span><\/span><\/span><\/span><\/span><span style=\"color: #000000;\"><span style=\"text-decoration: none;\"><span style=\"font-size: medium;\"><span style=\"letter-spacing: normal;\"><span lang=\"fr-FR\"> reconna\u00eetre le plus que simple : \u00ab <\/span><\/span><\/span><\/span><\/span><span style=\"color: #000000;\"><span style=\"text-decoration: none;\"><span style=\"font-size: medium;\"><span style=\"letter-spacing: normal;\"><span lang=\"fr-FR\"><i>Ne compre\u00adnez-vous pas que celui qui a cr\u00e9\u00e9 le dedans est aussi celui qui a cr\u00e9\u00e9 le dehors ?<\/i><\/span><\/span><\/span><\/span><\/span><span style=\"color: #000000;\"><span style=\"text-decoration: none;\"><span style=\"font-size: medium;\"><span style=\"letter-spacing: normal;\"><span lang=\"fr-FR\"> \u00bb<\/span><\/span><\/span><\/span><\/span><\/p>\n<p align=\"justify\"><span style=\"color: #000000;\"><span style=\"text-decoration: none;\"><span style=\"font-size: medium;\"><span style=\"letter-spacing: normal;\"><span lang=\"fr-FR\">Qui donc vous entrave ? O\u00f9 est le mal ? Qui faut-il sauver ?<\/span><\/span><\/span><\/span><\/span><\/p>\n<p align=\"justify\"><span style=\"color: #000000;\"><span style=\"text-decoration: none;\"><span style=\"font-size: medium;\"><span style=\"letter-spacing: normal;\"><span lang=\"fr-FR\">III) \u00ab <\/span><\/span><\/span><\/span><\/span><span style=\"color: #000000;\"><span style=\"text-decoration: none;\"><span style=\"font-size: medium;\"><span style=\"letter-spacing: normal;\"><span lang=\"fr-FR\"><i>Celui qui a connu le monde a trouv\u00e9 un cadavre ; et celui qui a trouv\u00e9 un cadavre, le monde n&rsquo;est pas digne de lui<\/i><\/span><\/span><\/span><\/span><\/span><span style=\"color: #000000;\"><span style=\"text-decoration: none;\"><span style=\"font-size: medium;\"><span style=\"letter-spacing: normal;\"><span lang=\"fr-FR\">. \u00bb Log. 56<\/span><\/span><\/span><\/span><\/span><\/p>\n<p align=\"justify\"><span style=\"color: #000000;\"><span style=\"text-decoration: none;\"><span style=\"font-size: medium;\"><span style=\"letter-spacing: normal;\"><span lang=\"fr-FR\">Le monde est la vision et l&rsquo;exp\u00e9rience en mode dualiste et donc conflictuel de ce qui est. J\u00e9sus est cat\u00e9gorique sur ce point : \u00ab Le monde est un cadavre \u00bb et cette d\u00e9cla\u00adration est d&rsquo;autant plus frappante que J\u00e9sus promet par ailleurs au chercheur d\u00e9termin\u00e9 qu&rsquo;il ne go\u00fbtera pas de la mort. Les valeurs mondaines sont les contre-valeurs de l&rsquo;Esprit et l&rsquo;exot\u00e9risme a beaucoup retenu de la le\u00e7on pour constituer ses morales. Or cet \u00e9vangile est vide de toute r\u00e9f\u00e9rence \u00e0 la morale. Par deux fois, J\u00e9sus nous invite \u00e0 renoncer : logia 81 et 110 mais ce renoncement ne peut \u00eatre ni d\u00e9chirant ni amer. C&rsquo;est un acte de libert\u00e9 et de consentement <\/span><\/span><\/span><\/span><\/span><span style=\"color: #000000;\"><span style=\"text-decoration: none;\"><span style=\"font-size: medium;\"><span style=\"letter-spacing: normal;\"><span lang=\"fr-FR\">l\u2019\u00catre<\/span><\/span><\/span><\/span><\/span><span style=\"color: #000000;\"><span style=\"text-decoration: none;\"><span style=\"font-size: medium;\"><span style=\"letter-spacing: normal;\"><span lang=\"fr-FR\"> pur, autrement dit \u00e0 soi-m\u00eame, car ce monde-cadavre est vide de r\u00e9alit\u00e9, pur n\u00e9ant, pas m\u00eame un imaginaire comme le saura plus tard un Ma\u00eetre Eck<\/span><\/span><\/span><\/span><\/span><span style=\"color: #000000;\"><span style=\"text-decoration: none;\"><span style=\"font-size: medium;\"><span style=\"letter-spacing: normal;\"><span lang=\"fr-FR\">h<\/span><\/span><\/span><\/span><\/span><span style=\"color: #000000;\"><span style=\"text-decoration: none;\"><span style=\"font-size: medium;\"><span style=\"letter-spacing: normal;\"><span lang=\"fr-FR\">art. Si je suis apte \u00e0 me conna\u00eetre et \u00e0 conna\u00eetre Celui qui est devant mon visage, comment pourrais-je me sentir int\u00e9ress\u00e9 par ce fant\u00f4me inconsistant ? Avec une magistrale autorit\u00e9, J\u00e9sus nous montre au logion 100 la vraie hi\u00e9rarchie des valeurs : C\u00e9sar-le monde, Dieu-les id\u00e9es et moi \u00ab qui suis l&rsquo;\u00e9gal du P\u00e8re \u00bb, qui suis un avec l&rsquo;Absolu. Le monde est une interpr\u00e9tation de la R\u00e9alit\u00e9. Le Fils de l&rsquo;homme n&rsquo;y trouve nulle place o\u00f9 reposer sa t\u00eate (log. 86). Aucun signe du P\u00e8re ne s&rsquo;y trouve inscrit (log. 91). Adam, l&rsquo;homme historique, le moi, qui s&rsquo;y est fait riche et puissant a go\u00fbt\u00e9 de la mort (log. 85). Par contre, \u00ab l<\/span><\/span><\/span><\/span><\/span><span style=\"color: #000000;\"><span style=\"text-decoration: none;\"><span style=\"font-size: medium;\"><span style=\"letter-spacing: normal;\"><span lang=\"fr-FR\"><i>e Vivant issu du Vivant ne verra ni mort ni peur<\/i><\/span><\/span><\/span><\/span><\/span><span style=\"color: #000000;\"><span style=\"text-decoration: none;\"><span style=\"font-size: medium;\"><span style=\"letter-spacing: normal;\"><span lang=\"fr-FR\">. \u00bb (log. 111) Je puis donner au monde tout ce qu&rsquo;il me pla\u00eet et para\u00eetre ob\u00e9ir \u00e0 ses r\u00e8gles&#8230; Qu&rsquo;importe si je conserve intacte mon int\u00e9grit\u00e9 ?<\/span><\/span><\/span><\/span><\/span><\/p>\n<p align=\"justify\"><span style=\"color: #000000;\"><span style=\"text-decoration: none;\"><span style=\"font-size: medium;\"><span style=\"letter-spacing: normal;\"><span lang=\"fr-FR\">Ceci dit, revenons au travail de fond : \u00ab <\/span><\/span><\/span><\/span><\/span><span style=\"color: #000000;\"><span style=\"text-decoration: none;\"><span style=\"font-size: medium;\"><span style=\"letter-spacing: normal;\"><span lang=\"fr-FR\"><i>Le Royaume du P\u00e8re s&rsquo;\u00e9tend sur la terre et les hommes ne le voient pas<\/i><\/span><\/span><\/span><\/span><\/span><span style=\"color: #000000;\"><span style=\"text-decoration: none;\"><span style=\"font-size: medium;\"><span style=\"letter-spacing: normal;\"><span lang=\"fr-FR\">. \u00bb Voil\u00e0 la question.<\/span><\/span><\/span><\/span><\/span><\/p>\n<p align=\"justify\"><span style=\"color: #000000;\"><span style=\"text-decoration: none;\"><span style=\"font-size: medium;\"><span style=\"letter-spacing: normal;\"><span lang=\"fr-FR\">IV) \u00ab <\/span><\/span><\/span><\/span><\/span><span style=\"color: #000000;\"><span style=\"text-decoration: none;\"><span style=\"font-size: medium;\"><span style=\"letter-spacing: normal;\"><span lang=\"fr-FR\"> <i>Soyez passants<\/i><\/span><\/span><\/span><\/span><\/span><span style=\"color: #000000;\"><span style=\"text-decoration: none;\"><span style=\"font-size: medium;\"><span style=\"letter-spacing: normal;\"><span lang=\"fr-FR\">. \u00bb Log. 42<\/span><\/span><\/span><\/span><\/span><\/p>\n<p align=\"justify\"><span style=\"color: #000000;\"><span style=\"text-decoration: none;\"><span style=\"font-size: medium;\"><span style=\"letter-spacing: normal;\"><span lang=\"fr-FR\">Le th\u00e8me du passage ou du voyage est souvent peu remar\u00adqu\u00e9 dans les traditions. Il n&rsquo;en est pas moins d&rsquo;une importance exceptionnelle. Il a le double sens de : \u00ab ne vous arr\u00eatez pas&#8230; \u00bb et \u00ab ne vous attachez pas&#8230; \u00bb Il pour\u00adsuit l&rsquo;injonction de chercher jusqu&rsquo;\u00e0 trouver (log. 2). Cependant la d\u00e9marche propos\u00e9e ne conduit pas en un lieu localisable : la g\u00e9ographie ne le circonscrit pas. Notons toutefois que ce chercheur en perp\u00e9tuel d\u00e9pla\u00adcement se rencontre dans toutes les cultures du chemine\u00adment vers <\/span><\/span><\/span><\/span><\/span><span style=\"color: #000000;\"><span style=\"text-decoration: none;\"><span style=\"font-size: medium;\"><span style=\"letter-spacing: normal;\"><span lang=\"fr-FR\">l\u2019\u00catre<\/span><\/span><\/span><\/span><\/span><span style=\"color: #000000;\"><span style=\"text-decoration: none;\"><span style=\"font-size: medium;\"><span style=\"letter-spacing: normal;\"><span lang=\"fr-FR\"> : sadhus, moines errants, chemineaux&#8230; A-t-on jamais remarqu\u00e9 que le \u00ab Wanderer \u00bb Schubert nous a laiss\u00e9 une <\/span><\/span><\/span><\/span><\/span><span style=\"color: #000000;\"><span style=\"text-decoration: none;\"><span style=\"font-size: medium;\"><span style=\"letter-spacing: normal;\"><span lang=\"fr-FR\">\u0153uvre<\/span><\/span><\/span><\/span><\/span><span style=\"color: #000000;\"><span style=\"text-decoration: none;\"><span style=\"font-size: medium;\"><span style=\"letter-spacing: normal;\"><span lang=\"fr-FR\"> musicale dont la signification est enti\u00e8rement gnostique ?<\/span><\/span><\/span><\/span><\/span><\/p>\n<p align=\"justify\"><span style=\"color: #000000;\"><span style=\"text-decoration: none;\"><span style=\"font-size: medium;\"><span style=\"letter-spacing: normal;\"><span lang=\"fr-FR\">Le passage franchit l&rsquo;espace et le temps. Passer nous lib\u00e8re de ces dimensions trop objectivantes et, contraire\u00adment \u00e0 la prime apparence, rehausse l&rsquo;\u00e9clat de <\/span><\/span><\/span><\/span><\/span><span style=\"color: #000000;\"><span style=\"text-decoration: none;\"><span style=\"font-size: medium;\"><span style=\"letter-spacing: normal;\"><span lang=\"fr-FR\">l<\/span><\/span><\/span><\/span><\/span><span style=\"color: #000000;\"><span style=\"text-decoration: none;\"><span style=\"font-size: medium;\"><span style=\"letter-spacing: normal;\"><span lang=\"fr-FR\">&lsquo;ici et maintenant si chers \u00e0 la Tradition. La recommandation de J\u00e9sus n&rsquo;est certes pas une incitation \u00e0 la fuite mais bien l&rsquo;affirmation que la R\u00e9alit\u00e9 est bien l\u00e0, imm\u00e9diate, qu&rsquo;elle est d\u00e9j\u00e0 mienne et que toute projection hors de l&rsquo;instant ali\u00e8ne ma nature propre. Le logion 113 en apporte une d\u00e9monstration plus \u00e9tendue. Ce conseil para\u00eetra-t-il toujours aussi surprenant ? \u00ab <\/span><\/span><\/span><\/span><\/span><span style=\"color: #000000;\"><span style=\"text-decoration: none;\"><span style=\"font-size: medium;\"><span style=\"letter-spacing: normal;\"><span lang=\"fr-FR\"><i>Prenez appui sur vos reins de toutes vos forces&#8230;<\/i><\/span><\/span><\/span><\/span><\/span><span style=\"color: #000000;\"><span style=\"text-decoration: none;\"><span style=\"font-size: medium;\"><span style=\"letter-spacing: normal;\"><span lang=\"fr-FR\"> \u00bb (log. 21)<\/span><\/span><\/span><\/span><\/span><\/p>\n<p align=\"justify\"><span style=\"color: #000000;\"><span style=\"text-decoration: none;\"><span style=\"font-size: medium;\"><span style=\"letter-spacing: normal;\"><span lang=\"fr-FR\">V) \u00ab <\/span><\/span><\/span><\/span><\/span><span style=\"color: #000000;\"><span style=\"text-decoration: none;\"><span style=\"font-size: medium;\"><span style=\"letter-spacing: normal;\"><span lang=\"fr-FR\"><i>Que celui qui a des oreilles entende..<\/i><\/span><\/span><\/span><\/span><\/span><span style=\"color: #000000;\"><span style=\"text-decoration: none;\"><span style=\"font-size: medium;\"><span style=\"letter-spacing: normal;\"><span lang=\"fr-FR\">. \u00bb<\/span><\/span><\/span><\/span><\/span><\/p>\n<p align=\"justify\"><span style=\"color: #000000;\"><span style=\"text-decoration: none;\"><span style=\"font-size: medium;\"><span style=\"letter-spacing: normal;\"><span lang=\"fr-FR\">Cette exclamation revient six fois dans l&rsquo;\u00e9vangile, exaltant la recherche et, non l&rsquo;effort, mais le d\u00e9sir tout entier uni\u00adfi\u00e9 qui la soutient en vue de la connaissance et par cons\u00e9\u00adquent de la d\u00e9livrance de toute peur. Elle peut d\u00e9courager celui qui manque de s\u00e9rieux ; elle stimule la t\u00e9nacit\u00e9 du conqu\u00e9rant de l&rsquo;illusion\u2026<\/span><\/span><\/span><\/span><\/span><\/p>\n<p align=\"justify\"><span style=\"color: #000000;\"><span style=\"text-decoration: none;\"><span style=\"font-size: medium;\"><span style=\"letter-spacing: normal;\"><span lang=\"fr-FR\">Sans vouloir tenter, dans ces lignes, de traiter l&rsquo;\u00e9sot\u00e9\u00adrisme pur des paroles \u00ab cach\u00e9es \u00bb de J\u00e9sus, on peut rele\u00adver les nombreux conseils de prudence, de douceur et de retenue, voire de m\u00e9fiance donn\u00e9s par le Ma\u00eetre (log. 39, 93). N&rsquo;y a-t-il pas contradiction lorsque J\u00e9sus recom\u00admande d&rsquo;annoncer tout haut ce qui a \u00e9t\u00e9 d\u00e9couvert (log. 33) ? Ou de ne plus cacher cette lumi\u00e8re (log. 33 \u00e9galement). Comprenons : le lib\u00e9r\u00e9-<\/span><\/span><\/span><\/span><\/span><span style=\"color: #000000;\"><span style=\"text-decoration: none;\"><span style=\"font-size: medium;\"><span style=\"letter-spacing: normal;\"><span lang=\"fr-FR\">v<\/span><\/span><\/span><\/span><\/span><span style=\"color: #000000;\"><span style=\"text-decoration: none;\"><span style=\"font-size: medium;\"><span style=\"letter-spacing: normal;\"><span lang=\"fr-FR\">ivant ne se cache pas, mais il ne s&rsquo;expose pas non plus, \u00e9vite les provocations. Le message m\u00e9taphysique est transmis \u00e0 celui qui est pr\u00eat \u00e0 se porter vers lui, si bien que J\u00e9sus accepte des disciples sans distinction de classe ou de caste, et surtout des femmes. Sa ma\u00efeutique n&rsquo;a aucune fixit\u00e9 : J\u00e9sus annonce que \u00ab <\/span><\/span><\/span><\/span><\/span><span style=\"color: #000000;\"><span style=\"text-decoration: none;\"><span style=\"font-size: medium;\"><span style=\"letter-spacing: normal;\"><span lang=\"fr-FR\"><i>son joug est doux<\/i><\/span><\/span><\/span><\/span><\/span><span style=\"color: #000000;\"><span style=\"text-decoration: none;\"><span style=\"font-size: medium;\"><span style=\"letter-spacing: normal;\"><span lang=\"fr-FR\"> \u00bb (log. 90) mais il avertit qu&rsquo;en d&rsquo;autres temps, \u00ab <\/span><\/span><\/span><\/span><\/span><span style=\"color: #000000;\"><span style=\"text-decoration: none;\"><span style=\"font-size: medium;\"><span style=\"letter-spacing: normal;\"><span lang=\"fr-FR\"><i>on le cherchera sans le trouver<\/i><\/span><\/span><\/span><\/span><\/span><span style=\"color: #000000;\"><span style=\"text-decoration: none;\"><span style=\"font-size: medium;\"><span style=\"letter-spacing: normal;\"><span lang=\"fr-FR\"> \u00bb (log. 38). Il sait qu&rsquo;il n&rsquo;y a pas de mots pour dire le Supr\u00eame, que tous les mots peuvent d\u00e9g\u00e9n\u00e9rer en men\u00adsonge ; d&rsquo;o\u00f9 ses r\u00e9serves comme ses audaces et ses para\u00addoxes&#8230; Les dogmatismes sont toujours produits de la \u00ab raison pure \u00bb&#8230; N\u00e9anmoins, \u00ab <\/span><\/span><\/span><\/span><\/span><span style=\"color: #000000;\"><span style=\"text-decoration: none;\"><span style=\"font-size: medium;\"><span style=\"letter-spacing: normal;\"><span lang=\"fr-FR\"><i>celui qui cherche trou\u00advera<\/i><\/span><\/span><\/span><\/span><\/span><span style=\"color: #000000;\"><span style=\"text-decoration: none;\"><span style=\"font-size: medium;\"><span style=\"letter-spacing: normal;\"><span lang=\"fr-FR\"> \u00bb (log. 94) et \u00ab <\/span><\/span><\/span><\/span><\/span><span style=\"color: #000000;\"><span style=\"text-decoration: none;\"><span style=\"font-size: medium;\"><span style=\"letter-spacing: normal;\"><span lang=\"fr-FR\"><i>\u00e0 celui qui frappe, on ouvrira<\/i><\/span><\/span><\/span><\/span><\/span><span style=\"color: #000000;\"><span style=\"text-decoration: none;\"><span style=\"font-size: medium;\"><span style=\"letter-spacing: normal;\"><span lang=\"fr-FR\">. \u00bb (id.)<\/span><\/span><\/span><\/span><\/span><\/p>\n<p align=\"justify\"><b><span style=\"color: #000000;\"><span style=\"text-decoration: none;\"><span style=\"font-size: medium;\"><span style=\"letter-spacing: normal;\"><span lang=\"fr-FR\">CONCLUSION<\/span><\/span><\/span><\/span><\/span><\/b><\/p>\n<p align=\"justify\"><span style=\"color: #000000;\"><span style=\"text-decoration: none;\"><span style=\"font-size: medium;\"><span style=\"letter-spacing: normal;\"><span lang=\"fr-FR\">On pourrait multiplier les exemples montrant que l&rsquo;ensei\u00adgnement de J\u00e9sus rapport\u00e9 dans l&rsquo;Ev. Th, n&rsquo;appartient pas \u00e0 une conception dualiste de la R\u00e9alit\u00e9. Bien au contraire, le texte tout entier, lu sans <\/span><\/span><\/span><\/span><\/span><span style=\"color: #000000;\"><span style=\"text-decoration: none;\"><span style=\"font-size: medium;\"><span style=\"letter-spacing: normal;\"><span lang=\"fr-FR\">parti-pris<\/span><\/span><\/span><\/span><\/span><span style=\"color: #000000;\"><span style=\"text-decoration: none;\"><span style=\"font-size: medium;\"><span style=\"letter-spacing: normal;\"><span lang=\"fr-FR\">, r\u00e9v\u00e8le une tradition imm\u00e9moriale dont l&rsquo;Inde sans doute a \u00e9t\u00e9 le premier d\u00e9positaire. Mais la m\u00e9taphysique est atemporelle et les gnoses qu&rsquo;elle a engendr\u00e9es, elles non plus, quoique v\u00e9cues \u00ab dans \u00bb le monde, n&rsquo;appartiennent \u00e0 aucune cul\u00adture d\u00e9finie, revendiquant un patrimoine historique ou terrestre. Le monde est un cadavre mais aussi le lieu de l&rsquo;\u00e9preuve : Cela arrive donc ici et maintenant, en tous temps et en tous lieux. J\u00e9sus dit que le Royaume est comparable \u00e0 une femme : \u00ab <\/span><\/span><\/span><\/span><\/span><span style=\"color: #000000;\"><span style=\"text-decoration: none;\"><span style=\"font-size: medium;\"><span style=\"letter-spacing: normal;\"><span lang=\"fr-FR\"><i>elle prit un peu de ferment, le cacha dans de la p\u00e2te et en fit de gros pains<\/i><\/span><\/span><\/span><\/span><\/span><span style=\"color: #000000;\"><span style=\"text-decoration: none;\"><span style=\"font-size: medium;\"><span style=\"letter-spacing: normal;\"><span lang=\"fr-FR\">. \u00bb (log. 96) Les cr\u00e9dules peuvent imaginer l&rsquo;histoire de lentes et pro\u00addigieuses m\u00e9tamorphoses : point de chute ni de r\u00e9demp\u00adtion. Peut-\u00eatre aussi n&rsquo;y a-t-il rien \u00e0 faire ? On devine la col\u00e8re de ceux qui jur\u00e8rent de supprimer le subversif. J\u00e9sus se d\u00e9clare l&rsquo;\u00e9gal du P\u00e8re (log. 61) et d\u00e9clare son \u00e9gal le disciple qui a mesur\u00e9 comme lui \u00ab <\/span><\/span><\/span><\/span><\/span><span style=\"color: #000000;\"><span style=\"text-decoration: none;\"><span style=\"font-size: medium;\"><span style=\"letter-spacing: normal;\"><span lang=\"fr-FR\"><i>la source bouillonnante<\/i><\/span><\/span><\/span><\/span><\/span><span style=\"color: #000000;\"><span style=\"text-decoration: none;\"><span style=\"font-size: medium;\"><span style=\"letter-spacing: normal;\"><span lang=\"fr-FR\"> \u00bb (log. 13) En m\u00eame temps il affirme : \u00ab <\/span><\/span><\/span><\/span><\/span><span style=\"color: #000000;\"><span style=\"text-decoration: none;\"><span style=\"font-size: medium;\"><span style=\"letter-spacing: normal;\"><span lang=\"fr-FR\"><i>Il y a de la lumi\u00e8re au dedans d&rsquo;un \u00eatre lumineux, et il illumine le monde entier. S&rsquo;il n&rsquo;illumine pas, il est t\u00e9n\u00e8bres<\/i><\/span><\/span><\/span><\/span><\/span><span style=\"color: #000000;\"><span style=\"text-decoration: none;\"><span style=\"font-size: medium;\"><span style=\"letter-spacing: normal;\"><span lang=\"fr-FR\">. \u00bb (log. 24) Il y a l&rsquo;\u00e9paisseur d&rsquo;un cheveu entre le Royaume tr\u00e8s r\u00e9el, et le monde de souffrance et de mort que nous imaginons par m\u00e9garde. Aujourd&rsquo;hui, J\u00e9sus aussi, gr\u00e2ce \u00e0 la d\u00e9couverte de Nag-Hammadi nous rappelle cette antique v\u00e9rit\u00e9. \u00ab <\/span><\/span><\/span><\/span><\/span><span style=\"color: #000000;\"><span style=\"text-decoration: none;\"><span style=\"font-size: medium;\"><span style=\"letter-spacing: normal;\"><span lang=\"fr-FR\"><i>Celui qui est devant vous, vous ne le connaissez pas, et en ce moment-ci, vous ne savez pas l&rsquo;appr\u00e9cier.<\/i><\/span><\/span><\/span><\/span><\/span><span style=\"color: #000000;\"><span style=\"text-decoration: none;\"><span style=\"font-size: medium;\"><span style=\"letter-spacing: normal;\"><span lang=\"fr-FR\"> \u00bb (log. 91) R\u00e9solument, appr\u00e9cions-le.<\/span><\/span><\/span><\/span><\/span><\/p>\n<p style=\"text-align: center;\" align=\"justify\">*************<\/p>\n<p align=\"justify\"><span style=\"color: #000000;\"><span style=\"text-decoration: none;\"><span style=\"font-size: medium;\"><span style=\"letter-spacing: normal;\"><span lang=\"fr-FR\"><b>Commentaire du Logion 83 <\/b><\/span><\/span><\/span><\/span><\/span><\/p>\n<p align=\"justify\"><span style=\"color: #000000;\"><span style=\"text-decoration: none;\"><span style=\"font-size: medium;\"><span style=\"letter-spacing: normal;\"><span lang=\"fr-FR\"><i>1 J\u00e9sus a dit:<\/i><\/span><\/span><\/span><\/span><\/span><\/p>\n<p align=\"justify\"><span style=\"color: #000000;\"><span style=\"text-decoration: none;\"><span style=\"font-size: medium;\"><span style=\"letter-spacing: normal;\"><span lang=\"fr-FR\"><i>2 Les images se manifestent \u00e0 l&rsquo;homme<\/i><\/span><\/span><\/span><\/span><\/span><\/p>\n<p align=\"justify\"><span style=\"color: #000000;\"><span style=\"text-decoration: none;\"><span style=\"font-size: medium;\"><span style=\"letter-spacing: normal;\"><span lang=\"fr-FR\"><i>3 et la lumi\u00e8re qui est en elles est cach\u00e9e.<\/i><\/span><\/span><\/span><\/span><\/span><\/p>\n<p align=\"justify\"><span style=\"color: #000000;\"><span style=\"text-decoration: none;\"><span style=\"font-size: medium;\"><span style=\"letter-spacing: normal;\"><span lang=\"fr-FR\"><i>4 Dans l&rsquo;image de la lumi\u00e8re du P\u00e8re,<\/i><\/span><\/span><\/span><\/span><\/span><\/p>\n<p align=\"justify\"><span style=\"color: #000000;\"><span style=\"text-decoration: none;\"><span style=\"font-size: medium;\"><span style=\"letter-spacing: normal;\"><span lang=\"fr-FR\"><i>5 elle se d\u00e9voilera<\/i><\/span><\/span><\/span><\/span><\/span><\/p>\n<p align=\"justify\"><span style=\"color: #000000;\"><span style=\"text-decoration: none;\"><span style=\"font-size: medium;\"><span style=\"letter-spacing: normal;\"><span lang=\"fr-FR\"><i>6 et son image sera cach\u00e9e par sa lumi\u00e8re.<\/i><\/span><\/span><\/span><\/span><\/span><\/p>\n<p align=\"justify\"><span style=\"color: #000000;\"><span style=\"text-decoration: none;\"><span style=\"font-size: medium;\"><span style=\"letter-spacing: normal;\"><span lang=\"fr-FR\">Ce logion \u00e9merveille par la profondeur de sa science, son art p\u00e9dagogique et son rayonnement po\u00e9tique. La force de sa d\u00e9monstration se d\u00e9ploie par l&rsquo;\u00e9lan conjugu\u00e9 de ces trois vecteurs de connaissance dont la conjonction rend plus solennel, plus indiscutable, un enseignement m\u00e9taphysique fondamental. Les images qui se manifestent \u00e0 l&rsquo;homme d\u00e9signent les contenus de sa conscience : des plus \u00e9l\u00e9mentaires sensations aux concepts les plus \u00e9labor\u00e9s de l&rsquo;id\u00e9a\u00adtion intellectuelle. Ces images ont un substrat, la lumi\u00e8re, que la multiplicit\u00e9 des formes per\u00e7ues rend insaisissable par elle-m\u00eame. Ce d\u00e9fil\u00e9 incessant d&rsquo;images n&rsquo;est en r\u00e9alit\u00e9 qu&rsquo;un flux de signaux lumineux. Par leurs mouvements, leurs dessins, ils paraissent ind\u00e9\u00adpendants de la lumi\u00e8re qui les \u00e9claire et nous trompent ais\u00e9ment sur la nature de leurs qualit\u00e9s propres. Il est extr\u00eamement curieux de constater que deux sages indiens contemporains : Ramana Maharshi et Nisargadatta ont tent\u00e9 d&rsquo;expliquer les relations du Soi avec la conscience en usant d&rsquo;un<\/span><\/span><\/span><\/span><\/span><span style=\"color: #000000;\"><span style=\"text-decoration: none;\"><span style=\"font-size: medium;\"><span style=\"letter-spacing: normal;\"><span lang=\"fr-FR\">e<\/span><\/span><\/span><\/span><\/span><span style=\"color: #000000;\"><span style=\"text-decoration: none;\"><span style=\"font-size: medium;\"><span style=\"letter-spacing: normal;\"><span lang=\"fr-FR\"> comparaison avec la projection cin\u00e9mato\u00adgraphique sur un \u00e9cran. Nous savons tous que le film n&rsquo;est rien sans la lumi\u00e8re projet\u00e9e et que sans \u00e9cran il ne peut pas se former d&rsquo;images non plus. Ces Rishis du XXe si\u00e8cle d\u00e9claraient que l&rsquo;\u00e9cran est ma conscience, la lumi\u00e8re est le Soi et les images, la repr\u00e9sentation condi\u00adtionn\u00e9e par mon idiosyncrasie perceptive des flux d&rsquo;\u00e9ner\u00adgies dont je suis affect\u00e9. N&rsquo;est-ce pas ce que J\u00e9sus lui-m\u00eame voulait dire ?<\/span><\/span><\/span><\/span><\/span><\/p>\n<p align=\"justify\"><span style=\"color: #000000;\"><span style=\"text-decoration: none;\"><span style=\"font-size: medium;\"><span style=\"letter-spacing: normal;\"><span lang=\"fr-FR\"><b>IMAGE CACH\u00c9E<\/b><\/span><\/span><\/span><\/span><\/span><\/p>\n<p align=\"justify\"><span style=\"color: #000000;\"><span style=\"text-decoration: none;\"><span style=\"font-size: medium;\"><span style=\"letter-spacing: normal;\"><span lang=\"fr-FR\">La deuxi\u00e8me partie de sa d\u00e9monstration s&rsquo;impose avec une force et une beaut\u00e9 inimitables. Le Supr\u00eame, l&rsquo;Absolu est appel\u00e9 le P\u00e8re par J\u00e9sus. Tout provient de Lui et tout s&rsquo;abolit en Lui. Il est la source de la lumi\u00e8re : Il est lumi\u00e8re Lui-m\u00eame. Si je me d\u00e9tourne de l&rsquo;\u00e9cran de ma conscience et porte mon attention vers la source de lumi\u00e8re, je serai \u00e9bloui et quelle image pourrais-je donc bien percevoir de la lumi\u00e8re ? C&rsquo;est pourquoi il est dit simplement : \u00ab son image sera cach\u00e9e par sa lumi\u00e8re. \u00bb Pouvait-on mieux expliquer l&rsquo;indicible et appr\u00e9hender <\/span><\/span><\/span><\/span><\/span><span style=\"color: #000000;\"><span style=\"text-decoration: none;\"><span style=\"font-size: medium;\"><span style=\"letter-spacing: normal;\"><span lang=\"fr-FR\">l&rsquo;insaisissable<\/span><\/span><\/span><\/span><\/span><span style=\"color: #000000;\"><span style=\"text-decoration: none;\"><span style=\"font-size: medium;\"><span style=\"letter-spacing: normal;\"><span lang=\"fr-FR\"> ? L&rsquo;homme exclusivement tourn\u00e9 vers les images ignore la lumi\u00e8re ou l&rsquo;oublie&#8230; Il est ignorant et idol\u00e2tre. La lumi\u00e8re reste cach\u00e9e. Qu&rsquo;il se retourne et d\u00e9couvre ce qui arrive&#8230; Rien ne s&rsquo;arr\u00eate mais la connais\u00adsance \u00e9tant advenue, puissance et libert\u00e9 sont conf\u00e9r\u00e9es \u00e0 celui qui sait. Plus encore : le gnostique se d\u00e9couvre lumi\u00e8re, la r\u00e9f\u00e9rence \u00e0 l&rsquo;homme est absente en 4, 5, 6. L&rsquo;homme se percevait s\u00e9par\u00e9, image parmi les images et il n&rsquo;y a plus que lumi\u00e8re. Ainsi J\u00e9sus peut dire : \u00ab Je suis Celui qui est, issu de Celui qui est \u00e9gal ; il m&rsquo;a \u00e9t\u00e9 donn\u00e9 ce qui vient de mon P\u00e8re. \u00bb (log. 61)<\/span><\/span><\/span><\/span><\/span><\/p>\n<p align=\"justify\">________________________________________________________________________<\/p>\n<div id=\"sdfootnote1\">\n<p class=\"sdfootnote\" style=\"margin-left: 0cm; text-indent: 0cm;\" align=\"justify\"><a class=\"sdfootnotesym\" href=\"#sdfootnote1anc\" name=\"sdfootnote1sym\">1<\/a><span style=\"color: #000000;\"><span style=\"text-decoration: none;\"><span style=\"font-size: medium;\"><span style=\"letter-spacing: normal;\"><span lang=\"fr-FR\"> La seule explicitation valable de la M\u00e9taphysique traditionnelle ici \u00e9voqu\u00e9e se trouve chez Ren\u00e9 Gu\u00e9non qu&rsquo;on lit aux \u00c9ditions Traditionnelles. On peut \u00e9galement lire l&rsquo;excellent livre de G. Val\u00adlin : <\/span><\/span><\/span><\/span><\/span><span style=\"color: #000000;\"><span style=\"text-decoration: none;\"><span style=\"font-size: medium;\"><span style=\"letter-spacing: normal;\"><span lang=\"fr-FR\"><i>La Perspective M\u00e9taphysique<\/i><\/span><\/span><\/span><\/span><\/span><span style=\"color: #000000;\"><span style=\"text-decoration: none;\"><span style=\"font-size: medium;\"><span style=\"letter-spacing: normal;\"><span lang=\"fr-FR\"> chez Dervy. Un r\u00e9cent essai de MM. L. Gardet et O. Lacombe : <\/span><\/span><\/span><\/span><\/span><span style=\"color: #000000;\"><span style=\"text-decoration: none;\"><span style=\"font-size: medium;\"><span style=\"letter-spacing: normal;\"><span lang=\"fr-FR\"><i>L&rsquo;exp\u00e9rience du Soi<\/i><\/span><\/span><\/span><\/span><\/span><span style=\"color: #000000;\"><span style=\"text-decoration: none;\"><span style=\"font-size: medium;\"><span style=\"letter-spacing: normal;\"><span lang=\"fr-FR\"> \u00e9claire bien le sujet par une \u00e9tude de mystique compar\u00e9e. Les traduc\u00adtions des grands textes sacr\u00e9s de l&rsquo;Orient ne sont plus rares : on s&rsquo;y reportera toujours avec profit tout en s&rsquo;aidant des pr\u00e9\u00adcieuses introductions de J. Herbert, Suzuki ou R. Lins<\/span><\/span><\/span><\/span><\/span><span style=\"color: #000000;\"><span style=\"text-decoration: none;\"><span style=\"font-size: medium;\"><span style=\"letter-spacing: normal;\"><span lang=\"fr-FR\">s<\/span><\/span><\/span><\/span><\/span><span style=\"color: #000000;\"><span style=\"text-decoration: none;\"><span style=\"font-size: medium;\"><span style=\"letter-spacing: normal;\"><span lang=\"fr-FR\">en.<\/span><\/span><\/span><\/span><\/span><\/p>\n<\/div>\n<div id=\"sdfootnote2\">\n<p class=\"sdfootnote\" style=\"margin-left: 0cm; text-indent: 0cm;\" align=\"justify\"><a class=\"sdfootnotesym\" href=\"#sdfootnote2anc\" name=\"sdfootnote2sym\">2<\/a> <span style=\"color: #000000;\"><span style=\"text-decoration: none;\"><span style=\"font-size: medium;\"><span style=\"letter-spacing: normal;\"><span lang=\"fr-FR\">Rendons une nouvelle fois hommage \u00e0 Taisen Deshimaru pour les enseignements du Bouddhisme Zen qu&rsquo;il a sp\u00e9cialement dis\u00adpens\u00e9s en France.<\/span><\/span><\/span><\/span><\/span><\/p>\n<\/div>\n<div id=\"sdfootnote3\">\n<p class=\"sdfootnote\" style=\"margin-left: 0cm; text-indent: 0cm;\" align=\"justify\"><a class=\"sdfootnotesym\" href=\"#sdfootnote3anc\" name=\"sdfootnote3sym\">3<\/a><span style=\"color: #000000;\"><span style=\"text-decoration: none;\"><span style=\"font-size: medium;\"><span style=\"letter-spacing: normal;\"><span lang=\"fr-FR\"> De Krishnamurti, on lira son <\/span><\/span><\/span><\/span><\/span><span style=\"color: #000000;\"><span style=\"text-decoration: none;\"><span style=\"font-size: medium;\"><span style=\"letter-spacing: normal;\"><span lang=\"fr-FR\"><i>Journal <\/i><\/span><\/span><\/span><\/span><\/span><span style=\"color: #000000;\"><span style=\"text-decoration: none;\"><span style=\"font-size: medium;\"><span style=\"letter-spacing: normal;\"><span lang=\"fr-FR\">(<\/span><\/span><\/span><\/span><\/span><span style=\"color: #000000;\"><span style=\"text-decoration: none;\"><span style=\"font-size: medium;\"><span style=\"letter-spacing: normal;\"><span lang=\"fr-FR\">Buchet-Chastel<\/span><\/span><\/span><\/span><\/span><span style=\"color: #000000;\"><span style=\"text-decoration: none;\"><span style=\"font-size: medium;\"><span style=\"letter-spacing: normal;\"><span lang=\"fr-FR\">)<\/span><\/span><\/span><\/span><\/span><span style=\"color: #000000;\"><span style=\"text-decoration: none;\"><span style=\"font-size: medium;\"><span style=\"letter-spacing: normal;\"><span lang=\"fr-FR\"> et de Nisargadatta : <\/span><\/span><\/span><\/span><\/span><span style=\"color: #000000;\"><span style=\"text-decoration: none;\"><span style=\"font-size: medium;\"><span style=\"letter-spacing: normal;\"><span lang=\"fr-FR\"><i>Je suis<\/i><\/span><\/span><\/span><\/span><\/span><span style=\"color: #000000;\"><span style=\"text-decoration: none;\"><span style=\"font-size: medium;\"><span style=\"letter-spacing: normal;\"><span lang=\"fr-FR\">, \u00e9dit\u00e9 par les Deux-Oc\u00e9ans.<\/span><\/span><\/span><\/span><\/span><\/p>\n<\/div>\n<div id=\"sdfootnote4\">\n<p align=\"justify\"><a class=\"sdfootnotesym\" href=\"#sdfootnote4anc\" name=\"sdfootnote4sym\">4<\/a><span style=\"color: #000000;\"><span style=\"text-decoration: none;\"><span style=\"font-size: medium;\"><span style=\"letter-spacing: normal;\"><span lang=\"fr-FR\"> L\u2019\u0153uvre<\/span><\/span><\/span><\/span><\/span><span style=\"color: #000000;\"><span style=\"text-decoration: none;\"><span style=\"font-size: medium;\"><span style=\"letter-spacing: normal;\"><span lang=\"fr-FR\"> et la vie de Wittgenstein apportent sur ce sujet une conclu\u00adsion d\u00e9finitive : (\u00ab ce dont on ne peut parler, il faut le taire \u00bb.) <\/span><\/span><\/span><\/span><\/span><span style=\"color: #000000;\"><span style=\"text-decoration: none;\"><span style=\"font-size: medium;\"><span style=\"letter-spacing: normal;\"><span lang=\"fr-FR\">\u00c0<\/span><\/span><\/span><\/span><\/span><span style=\"color: #000000;\"><span style=\"text-decoration: none;\"><span style=\"font-size: medium;\"><span style=\"letter-spacing: normal;\"><span lang=\"fr-FR\"> condition qu&rsquo;on n&rsquo;y ajoute pas de nouvelles interpr\u00e9tations.<\/span><\/span><\/span><\/span><\/span><\/p>\n<p align=\"justify\">\n<\/div>\n","protected":false},"excerpt":{"rendered":"<p>Aux hommes que la nostalgie de l\u2019\u00catre a mis en che\u00admin, les mouvements gnostiques ont propos\u00e9 des voies de retour \u00e0 l&rsquo;Un. Et donc de sortie du langage. La gnose se m\u00eale toujours \u00e0 l&rsquo;Histoire, mais comme un courant sou\u00adterrain, sans m\u00e9lange&#8230; En s&rsquo;adressant aux Juifs, ses contemporains, J\u00e9sus a d\u00fb aborder certains de leurs pro\u00adbl\u00e8mes sp\u00e9cifiques mais sans rien sacrifier de la qualit\u00e9 proprement m\u00e9taphysique de son enseignement. C&rsquo;est par la connaissance, et la connaissance de soi, que l&rsquo;homme parvient \u00e0 la connaissance du P\u00e8re, \u00e0 se trouver identique \u00e0 Lui, \u00e0 se sauver de l&#8217;emprise du monde et de la mort. Que cette gnose soit non-chr\u00e9tienne para\u00eetra l&rsquo;\u00e9vidence m\u00eame. En parler comme d&rsquo;une h\u00e9r\u00e9sie est une erreur et une injure. J\u00e9sus a jet\u00e9 un feu (log. 10). Si ce feu peut nous br\u00fbler, ne pourrait-il pas aussi nous d\u00e9livrer de nos liens ?<\/p>\n","protected":false},"author":1,"featured_media":0,"comment_status":"closed","ping_status":"closed","sticky":false,"template":"","format":"standard","meta":{"footnotes":""},"categories":[1014],"tags":[397,8],"class_list":["post-16412","post","type-post","status-publish","format-standard","hentry","category-essais","tag-gnose","tag-non-dualite"],"yoast_head":"<!-- This site is optimized with the Yoast SEO plugin v27.0 - https:\/\/yoast.com\/product\/yoast-seo-wordpress\/ -->\n<title>Les grands th\u00e8mes m\u00e9taphysiques de l\u2019\u00c9vangile selon Thomas par Raymond Oillet - 3e mill\u00e9naire - Spiritualit\u00e9 - Connaissance de soi - Non-dualit\u00e9 - M\u00e9ditation<\/title>\n<meta name=\"robots\" content=\"index, follow, max-snippet:-1, max-image-preview:large, max-video-preview:-1\" \/>\n<link rel=\"canonical\" href=\"https:\/\/www.revue3emillenaire.com\/blog\/les-grands-themes-metaphysiques-de-levangile-selon-thomas-par-raymond-oillet\/\" \/>\n<meta property=\"og:locale\" content=\"fr_FR\" \/>\n<meta property=\"og:type\" content=\"article\" \/>\n<meta property=\"og:title\" content=\"Les grands th\u00e8mes m\u00e9taphysiques de l\u2019\u00c9vangile selon Thomas par Raymond Oillet - 3e mill\u00e9naire - Spiritualit\u00e9 - Connaissance de soi - Non-dualit\u00e9 - M\u00e9ditation\" \/>\n<meta property=\"og:description\" content=\"Aux hommes que la nostalgie de l\u2019\u00catre a mis en che\u00admin, les mouvements gnostiques ont propos\u00e9 des voies de retour \u00e0 l&#039;Un. Et donc de sortie du langage. La gnose se m\u00eale toujours \u00e0 l&#039;Histoire, mais comme un courant sou\u00adterrain, sans m\u00e9lange... En s&#039;adressant aux Juifs, ses contemporains, J\u00e9sus a d\u00fb aborder certains de leurs pro\u00adbl\u00e8mes sp\u00e9cifiques mais sans rien sacrifier de la qualit\u00e9 proprement m\u00e9taphysique de son enseignement. C&#039;est par la connaissance, et la connaissance de soi, que l&#039;homme parvient \u00e0 la connaissance du P\u00e8re, \u00e0 se trouver identique \u00e0 Lui, \u00e0 se sauver de l&#039;emprise du monde et de la mort. Que cette gnose soit non-chr\u00e9tienne para\u00eetra l&#039;\u00e9vidence m\u00eame. En parler comme d&#039;une h\u00e9r\u00e9sie est une erreur et une injure. J\u00e9sus a jet\u00e9 un feu (log. 10). Si ce feu peut nous br\u00fbler, ne pourrait-il pas aussi nous d\u00e9livrer de nos liens ?\" \/>\n<meta property=\"og:url\" content=\"https:\/\/www.revue3emillenaire.com\/blog\/les-grands-themes-metaphysiques-de-levangile-selon-thomas-par-raymond-oillet\/\" \/>\n<meta property=\"og:site_name\" content=\"3e mill\u00e9naire - Spiritualit\u00e9 - Connaissance de soi - Non-dualit\u00e9 - M\u00e9ditation\" \/>\n<meta property=\"article:published_time\" content=\"2015-01-20T21:05:04+00:00\" \/>\n<meta property=\"article:modified_time\" content=\"2015-01-20T21:06:14+00:00\" \/>\n<meta name=\"author\" content=\"3e mill\u00e9naire\" \/>\n<meta name=\"twitter:card\" content=\"summary_large_image\" \/>\n<meta name=\"twitter:label1\" content=\"\u00c9crit par\" \/>\n\t<meta name=\"twitter:data1\" content=\"3e mill\u00e9naire\" \/>\n\t<meta name=\"twitter:label2\" content=\"Dur\u00e9e de lecture estim\u00e9e\" \/>\n\t<meta name=\"twitter:data2\" content=\"15 minutes\" \/>\n<script type=\"application\/ld+json\" class=\"yoast-schema-graph\">{\"@context\":\"https:\/\/schema.org\",\"@graph\":[{\"@type\":\"Article\",\"@id\":\"https:\/\/www.revue3emillenaire.com\/blog\/les-grands-themes-metaphysiques-de-levangile-selon-thomas-par-raymond-oillet\/#article\",\"isPartOf\":{\"@id\":\"https:\/\/www.revue3emillenaire.com\/blog\/les-grands-themes-metaphysiques-de-levangile-selon-thomas-par-raymond-oillet\/\"},\"author\":{\"name\":\"3e mill\u00e9naire\",\"@id\":\"https:\/\/www.revue3emillenaire.com\/blog\/#\/schema\/person\/9a3a7cc4ccaa707f402d4394327106d5\"},\"headline\":\"Les grands th\u00e8mes m\u00e9taphysiques de l\u2019\u00c9vangile selon Thomas par Raymond Oillet\",\"datePublished\":\"2015-01-20T21:05:04+00:00\",\"dateModified\":\"2015-01-20T21:06:14+00:00\",\"mainEntityOfPage\":{\"@id\":\"https:\/\/www.revue3emillenaire.com\/blog\/les-grands-themes-metaphysiques-de-levangile-selon-thomas-par-raymond-oillet\/\"},\"wordCount\":3065,\"keywords\":[\"gnose\",\"Non-dualit\u00e9\"],\"articleSection\":[\"Essais\"],\"inLanguage\":\"fr-FR\"},{\"@type\":\"WebPage\",\"@id\":\"https:\/\/www.revue3emillenaire.com\/blog\/les-grands-themes-metaphysiques-de-levangile-selon-thomas-par-raymond-oillet\/\",\"url\":\"https:\/\/www.revue3emillenaire.com\/blog\/les-grands-themes-metaphysiques-de-levangile-selon-thomas-par-raymond-oillet\/\",\"name\":\"Les grands th\u00e8mes m\u00e9taphysiques de l\u2019\u00c9vangile selon Thomas par Raymond Oillet - 3e mill\u00e9naire - Spiritualit\u00e9 - Connaissance de soi - Non-dualit\u00e9 - M\u00e9ditation\",\"isPartOf\":{\"@id\":\"https:\/\/www.revue3emillenaire.com\/blog\/#website\"},\"datePublished\":\"2015-01-20T21:05:04+00:00\",\"dateModified\":\"2015-01-20T21:06:14+00:00\",\"author\":{\"@id\":\"https:\/\/www.revue3emillenaire.com\/blog\/#\/schema\/person\/9a3a7cc4ccaa707f402d4394327106d5\"},\"breadcrumb\":{\"@id\":\"https:\/\/www.revue3emillenaire.com\/blog\/les-grands-themes-metaphysiques-de-levangile-selon-thomas-par-raymond-oillet\/#breadcrumb\"},\"inLanguage\":\"fr-FR\",\"potentialAction\":[{\"@type\":\"ReadAction\",\"target\":[\"https:\/\/www.revue3emillenaire.com\/blog\/les-grands-themes-metaphysiques-de-levangile-selon-thomas-par-raymond-oillet\/\"]}]},{\"@type\":\"BreadcrumbList\",\"@id\":\"https:\/\/www.revue3emillenaire.com\/blog\/les-grands-themes-metaphysiques-de-levangile-selon-thomas-par-raymond-oillet\/#breadcrumb\",\"itemListElement\":[{\"@type\":\"ListItem\",\"position\":1,\"name\":\"Accueil\",\"item\":\"https:\/\/www.revue3emillenaire.com\/blog\/\"},{\"@type\":\"ListItem\",\"position\":2,\"name\":\"Les grands th\u00e8mes m\u00e9taphysiques de l\u2019\u00c9vangile selon Thomas par Raymond Oillet\"}]},{\"@type\":\"WebSite\",\"@id\":\"https:\/\/www.revue3emillenaire.com\/blog\/#website\",\"url\":\"https:\/\/www.revue3emillenaire.com\/blog\/\",\"name\":\"3e mill\u00e9naire - Spiritualit\u00e9 - Connaissance de soi - Non-dualit\u00e9 - M\u00e9ditation\",\"description\":\"L&#039;Homme en devenir\",\"potentialAction\":[{\"@type\":\"SearchAction\",\"target\":{\"@type\":\"EntryPoint\",\"urlTemplate\":\"https:\/\/www.revue3emillenaire.com\/blog\/?s={search_term_string}\"},\"query-input\":{\"@type\":\"PropertyValueSpecification\",\"valueRequired\":true,\"valueName\":\"search_term_string\"}}],\"inLanguage\":\"fr-FR\"},{\"@type\":\"Person\",\"@id\":\"https:\/\/www.revue3emillenaire.com\/blog\/#\/schema\/person\/9a3a7cc4ccaa707f402d4394327106d5\",\"name\":\"3e mill\u00e9naire\",\"url\":\"https:\/\/www.revue3emillenaire.com\/blog\/author\/admin\/\"}]}<\/script>\n<!-- \/ Yoast SEO plugin. -->","yoast_head_json":{"title":"Les grands th\u00e8mes m\u00e9taphysiques de l\u2019\u00c9vangile selon Thomas par Raymond Oillet - 3e mill\u00e9naire - Spiritualit\u00e9 - Connaissance de soi - Non-dualit\u00e9 - M\u00e9ditation","robots":{"index":"index","follow":"follow","max-snippet":"max-snippet:-1","max-image-preview":"max-image-preview:large","max-video-preview":"max-video-preview:-1"},"canonical":"https:\/\/www.revue3emillenaire.com\/blog\/les-grands-themes-metaphysiques-de-levangile-selon-thomas-par-raymond-oillet\/","og_locale":"fr_FR","og_type":"article","og_title":"Les grands th\u00e8mes m\u00e9taphysiques de l\u2019\u00c9vangile selon Thomas par Raymond Oillet - 3e mill\u00e9naire - Spiritualit\u00e9 - Connaissance de soi - Non-dualit\u00e9 - M\u00e9ditation","og_description":"Aux hommes que la nostalgie de l\u2019\u00catre a mis en che\u00admin, les mouvements gnostiques ont propos\u00e9 des voies de retour \u00e0 l'Un. Et donc de sortie du langage. La gnose se m\u00eale toujours \u00e0 l'Histoire, mais comme un courant sou\u00adterrain, sans m\u00e9lange... En s'adressant aux Juifs, ses contemporains, J\u00e9sus a d\u00fb aborder certains de leurs pro\u00adbl\u00e8mes sp\u00e9cifiques mais sans rien sacrifier de la qualit\u00e9 proprement m\u00e9taphysique de son enseignement. C'est par la connaissance, et la connaissance de soi, que l'homme parvient \u00e0 la connaissance du P\u00e8re, \u00e0 se trouver identique \u00e0 Lui, \u00e0 se sauver de l'emprise du monde et de la mort. Que cette gnose soit non-chr\u00e9tienne para\u00eetra l'\u00e9vidence m\u00eame. En parler comme d'une h\u00e9r\u00e9sie est une erreur et une injure. J\u00e9sus a jet\u00e9 un feu (log. 10). Si ce feu peut nous br\u00fbler, ne pourrait-il pas aussi nous d\u00e9livrer de nos liens ?","og_url":"https:\/\/www.revue3emillenaire.com\/blog\/les-grands-themes-metaphysiques-de-levangile-selon-thomas-par-raymond-oillet\/","og_site_name":"3e mill\u00e9naire - Spiritualit\u00e9 - Connaissance de soi - Non-dualit\u00e9 - M\u00e9ditation","article_published_time":"2015-01-20T21:05:04+00:00","article_modified_time":"2015-01-20T21:06:14+00:00","author":"3e mill\u00e9naire","twitter_card":"summary_large_image","twitter_misc":{"\u00c9crit par":"3e mill\u00e9naire","Dur\u00e9e de lecture estim\u00e9e":"15 minutes"},"schema":{"@context":"https:\/\/schema.org","@graph":[{"@type":"Article","@id":"https:\/\/www.revue3emillenaire.com\/blog\/les-grands-themes-metaphysiques-de-levangile-selon-thomas-par-raymond-oillet\/#article","isPartOf":{"@id":"https:\/\/www.revue3emillenaire.com\/blog\/les-grands-themes-metaphysiques-de-levangile-selon-thomas-par-raymond-oillet\/"},"author":{"name":"3e mill\u00e9naire","@id":"https:\/\/www.revue3emillenaire.com\/blog\/#\/schema\/person\/9a3a7cc4ccaa707f402d4394327106d5"},"headline":"Les grands th\u00e8mes m\u00e9taphysiques de l\u2019\u00c9vangile selon Thomas par Raymond Oillet","datePublished":"2015-01-20T21:05:04+00:00","dateModified":"2015-01-20T21:06:14+00:00","mainEntityOfPage":{"@id":"https:\/\/www.revue3emillenaire.com\/blog\/les-grands-themes-metaphysiques-de-levangile-selon-thomas-par-raymond-oillet\/"},"wordCount":3065,"keywords":["gnose","Non-dualit\u00e9"],"articleSection":["Essais"],"inLanguage":"fr-FR"},{"@type":"WebPage","@id":"https:\/\/www.revue3emillenaire.com\/blog\/les-grands-themes-metaphysiques-de-levangile-selon-thomas-par-raymond-oillet\/","url":"https:\/\/www.revue3emillenaire.com\/blog\/les-grands-themes-metaphysiques-de-levangile-selon-thomas-par-raymond-oillet\/","name":"Les grands th\u00e8mes m\u00e9taphysiques de l\u2019\u00c9vangile selon Thomas par Raymond Oillet - 3e mill\u00e9naire - Spiritualit\u00e9 - Connaissance de soi - Non-dualit\u00e9 - M\u00e9ditation","isPartOf":{"@id":"https:\/\/www.revue3emillenaire.com\/blog\/#website"},"datePublished":"2015-01-20T21:05:04+00:00","dateModified":"2015-01-20T21:06:14+00:00","author":{"@id":"https:\/\/www.revue3emillenaire.com\/blog\/#\/schema\/person\/9a3a7cc4ccaa707f402d4394327106d5"},"breadcrumb":{"@id":"https:\/\/www.revue3emillenaire.com\/blog\/les-grands-themes-metaphysiques-de-levangile-selon-thomas-par-raymond-oillet\/#breadcrumb"},"inLanguage":"fr-FR","potentialAction":[{"@type":"ReadAction","target":["https:\/\/www.revue3emillenaire.com\/blog\/les-grands-themes-metaphysiques-de-levangile-selon-thomas-par-raymond-oillet\/"]}]},{"@type":"BreadcrumbList","@id":"https:\/\/www.revue3emillenaire.com\/blog\/les-grands-themes-metaphysiques-de-levangile-selon-thomas-par-raymond-oillet\/#breadcrumb","itemListElement":[{"@type":"ListItem","position":1,"name":"Accueil","item":"https:\/\/www.revue3emillenaire.com\/blog\/"},{"@type":"ListItem","position":2,"name":"Les grands th\u00e8mes m\u00e9taphysiques de l\u2019\u00c9vangile selon Thomas par Raymond Oillet"}]},{"@type":"WebSite","@id":"https:\/\/www.revue3emillenaire.com\/blog\/#website","url":"https:\/\/www.revue3emillenaire.com\/blog\/","name":"3e mill\u00e9naire - Spiritualit\u00e9 - Connaissance de soi - Non-dualit\u00e9 - M\u00e9ditation","description":"L&#039;Homme en devenir","potentialAction":[{"@type":"SearchAction","target":{"@type":"EntryPoint","urlTemplate":"https:\/\/www.revue3emillenaire.com\/blog\/?s={search_term_string}"},"query-input":{"@type":"PropertyValueSpecification","valueRequired":true,"valueName":"search_term_string"}}],"inLanguage":"fr-FR"},{"@type":"Person","@id":"https:\/\/www.revue3emillenaire.com\/blog\/#\/schema\/person\/9a3a7cc4ccaa707f402d4394327106d5","name":"3e mill\u00e9naire","url":"https:\/\/www.revue3emillenaire.com\/blog\/author\/admin\/"}]}},"_links":{"self":[{"href":"https:\/\/www.revue3emillenaire.com\/blog\/wp-json\/wp\/v2\/posts\/16412","targetHints":{"allow":["GET"]}}],"collection":[{"href":"https:\/\/www.revue3emillenaire.com\/blog\/wp-json\/wp\/v2\/posts"}],"about":[{"href":"https:\/\/www.revue3emillenaire.com\/blog\/wp-json\/wp\/v2\/types\/post"}],"author":[{"embeddable":true,"href":"https:\/\/www.revue3emillenaire.com\/blog\/wp-json\/wp\/v2\/users\/1"}],"replies":[{"embeddable":true,"href":"https:\/\/www.revue3emillenaire.com\/blog\/wp-json\/wp\/v2\/comments?post=16412"}],"version-history":[{"count":0,"href":"https:\/\/www.revue3emillenaire.com\/blog\/wp-json\/wp\/v2\/posts\/16412\/revisions"}],"wp:attachment":[{"href":"https:\/\/www.revue3emillenaire.com\/blog\/wp-json\/wp\/v2\/media?parent=16412"}],"wp:term":[{"taxonomy":"category","embeddable":true,"href":"https:\/\/www.revue3emillenaire.com\/blog\/wp-json\/wp\/v2\/categories?post=16412"},{"taxonomy":"post_tag","embeddable":true,"href":"https:\/\/www.revue3emillenaire.com\/blog\/wp-json\/wp\/v2\/tags?post=16412"}],"curies":[{"name":"wp","href":"https:\/\/api.w.org\/{rel}","templated":true}]}}