{"id":16416,"date":"2015-01-25T16:12:30","date_gmt":"2015-01-25T15:12:30","guid":{"rendered":"http:\/\/www.revue3emillenaire.com\/blog\/?p=16416"},"modified":"2015-01-25T16:12:30","modified_gmt":"2015-01-25T15:12:30","slug":"les-evangiles-gnostiques-presentes-par-pierre-crepon","status":"publish","type":"post","link":"https:\/\/www.revue3emillenaire.com\/blog\/les-evangiles-gnostiques-presentes-par-pierre-crepon\/","title":{"rendered":"Les \u00c9vangiles gnostiques pr\u00e9sent\u00e9s par Pierre Cr\u00e9pon"},"content":{"rendered":"<p align=\"justify\"><span style=\"color: #000000;\"><span style=\"text-decoration: none;\"><span style=\"font-size: medium;\"><span style=\"letter-spacing: normal;\"><span lang=\"fr-FR\">(Revue Question De. No 53. Juillet-Ao\u00fbt-Septembre 1983)<\/span><\/span><\/span><\/span><\/span><\/p>\n<p align=\"justify\"><span style=\"color: #000000;\"><span style=\"text-decoration: none;\"><span style=\"font-size: medium;\"><span style=\"letter-spacing: normal;\">Les textes gnostiques trouv\u00e9s dans la biblio\u00adth\u00e8que de Nag Hammadi montrent l&rsquo;extr\u00eame diversit\u00e9 des \u00e9l\u00e9ments constituant le gnosti\u00adcisme aux 3e et 4e si\u00e8cles. La majorit\u00e9 de ces textes n&rsquo;ont de chr\u00e9tien que le cadre et ils ne renferment que des r\u00e9v\u00e9lations stricte\u00adment gnostiqu<\/span><\/span><\/span><\/span><span style=\"color: #000000;\"><span style=\"text-decoration: none;\"><span style=\"font-size: medium;\"><span style=\"letter-spacing: normal;\">e<\/span><\/span><\/span><\/span><span style=\"color: #000000;\"><span style=\"text-decoration: none;\"><span style=\"font-size: medium;\"><span style=\"letter-spacing: normal;\">s. D&rsquo;autres, au contraire, se rat\u00adtachent plus ouvertement \u00e0 la tradition chr\u00e9\u00adtienne et les th\u00e8mes gnostiques y apparais\u00adsent plus subtilement. Dans cette derni\u00e8re cat\u00e9gorie entre, au premier titre, le c\u00e9l\u00e8bre <\/span><\/span><\/span><\/span><span style=\"color: #000000;\"><span style=\"text-decoration: none;\"><span style=\"font-size: medium;\"><span style=\"letter-spacing: normal;\">\u00c9vangile<\/span><\/span><\/span><\/span><span style=\"color: #000000;\"><span style=\"text-decoration: none;\"><span style=\"font-size: medium;\"><span style=\"letter-spacing: normal;\"> selon Thomas, mais aussi d&rsquo;autres textes moins connus tels que <\/span><\/span><\/span><\/span><span style=\"color: #000000;\"><span style=\"text-decoration: none;\"><span style=\"font-size: medium;\"><span style=\"letter-spacing: normal;\">l\u2019\u00c9vangile<\/span><\/span><\/span><\/span><span style=\"color: #000000;\"><span style=\"text-decoration: none;\"><span style=\"font-size: medium;\"><span style=\"letter-spacing: normal;\"> selon Philippe et <\/span><\/span><\/span><\/span><span style=\"color: #000000;\"><span style=\"text-decoration: none;\"><span style=\"font-size: medium;\"><span style=\"letter-spacing: normal;\">l\u2019\u00c9vangile<\/span><\/span><\/span><\/span><span style=\"color: #000000;\"><span style=\"text-decoration: none;\"><span style=\"font-size: medium;\"><span style=\"letter-spacing: normal;\"> de V\u00e9rit\u00e9 dont nous pr\u00e9sentons ici des extraits.<\/span><\/span><\/span><\/span><\/p>\n<p align=\"justify\"><b><span style=\"color: #000000;\"><span style=\"text-decoration: none;\"><span style=\"font-size: medium;\"><span style=\"letter-spacing: normal;\">L\u2019\u00c9VANGILE<\/span><\/span><\/span><\/span><span style=\"color: #000000;\"><span style=\"text-decoration: none;\"><span style=\"font-size: medium;\"><span style=\"letter-spacing: normal;\"> SELON PHILIPPE<\/span><\/span><\/span><\/span><\/b><\/p>\n<p align=\"justify\"><span style=\"color: #000000;\"><span style=\"text-decoration: none;\"><span style=\"font-size: medium;\"><span style=\"letter-spacing: normal;\">L\u2019\u00c9vangile<\/span><\/span><\/span><\/span><span style=\"color: #000000;\"><span style=\"text-decoration: none;\"><span style=\"font-size: medium;\"><span style=\"letter-spacing: normal;\"> selon Philippe se pr\u00e9sente comme un trait\u00e9, plut\u00f4t qu&rsquo;un \u00e9vangile, o\u00f9 l&rsquo;auteur d\u00e9veloppe un ensei\u00adgnement \u00e9sot\u00e9rique. Il n&rsquo;y a que peu de r\u00e9f\u00e9rences directes \u00e0 des paroles ou des actes de J\u00e9sus lui-m\u00eame et il est difficile de trouver dans ce r\u00e9cit un plan pr\u00e9cis. Des auteurs ont d&rsquo;ailleurs propos\u00e9 une division du texte en sentences, pensant qu&rsquo;il s&rsquo;agissait l\u00e0 d&rsquo;un recueil sem\u00adblable \u00e0 <\/span><\/span><\/span><\/span><span style=\"color: #000000;\"><span style=\"text-decoration: none;\"><span style=\"font-size: medium;\"><span style=\"letter-spacing: normal;\">l\u2019\u00c9vangile<\/span><\/span><\/span><\/span><span style=\"color: #000000;\"><span style=\"text-decoration: none;\"><span style=\"font-size: medium;\"><span style=\"letter-spacing: normal;\"> selon Thomas. En fait des sp\u00e9cialistes, comme J.E. M\u00e9nard \u00e0 qui nous empruntons des extraits de sa traduction, discernent dans l&rsquo;ensemble une \u00e9volu\u00adtion suivie au cours de laquelle la pr\u00e9sence de la Gnose se r\u00e9v\u00e8le progressivement.<\/span><\/span><\/span><\/span><\/p>\n<p align=\"justify\"><span style=\"color: #000000;\"><span style=\"text-decoration: none;\"><span style=\"font-size: medium;\"><span style=\"letter-spacing: normal;\">L&rsquo;ouvrage est certainement originaire du milieu des gnostiques valentiniens du milieu du <\/span><\/span><\/span><\/span><span style=\"color: #000000;\"><span style=\"text-decoration: none;\"><span style=\"font-size: medium;\"><span style=\"letter-spacing: normal;\">II<\/span><\/span><\/span><\/span><span style=\"color: #000000;\"><span style=\"text-decoration: none;\"><span style=\"font-size: medium;\"><span style=\"letter-spacing: normal;\">e si\u00e8cle. Nous avons choisi les extraits pour l&rsquo;int\u00e9r\u00eat intrins\u00e8que de leur contenu.<\/span><\/span><\/span><\/span><\/p>\n<p align=\"justify\"><i><span style=\"color: #000000;\"><span style=\"text-decoration: none;\"><span style=\"font-size: medium;\"><span style=\"letter-spacing: normal;\">L\u2019\u00c9VANGILE<\/span><\/span><\/span><\/span><span style=\"color: #000000;\"><span style=\"text-decoration: none;\"><span style=\"font-size: medium;\"><span style=\"letter-spacing: normal;\"> SELON PHILIPPE (Extraits)<\/span><\/span><\/span><\/span><\/i><\/p>\n<p align=\"justify\"><span style=\"color: #000000;\"><span style=\"text-decoration: none;\"><span style=\"font-size: medium;\"><span style=\"letter-spacing: normal;\">Ceux qui h\u00e9ritent de ce qui est mort sont eux-m\u00eames morts, et h\u00e9ritent de ce qui est mort. Ceux qui h\u00e9ritent de ce qui est vivant sont eux-m\u00eames vivants et h\u00e9ritent de ce qui est vivant et de ce qui est mort. Ceux qui sont morts n&rsquo;h\u00e9ritent de rien. Car comment un mort pourrait-il h\u00e9riter ? Celui qui est mort, s&rsquo;il h\u00e9rite de ce qui est vivant, ne mourra pas. Mais celui qui \u00e9tait mort survivra.<\/span><\/span><\/span><\/span><\/p>\n<p align=\"justify\"><span style=\"color: #000000;\"><span style=\"text-decoration: none;\"><span style=\"letter-spacing: normal;\">\u2026<span style=\"font-family: Times New Roman,serif;\"><span style=\"font-size: medium;\"><span lang=\"en-US\">&#8230;<\/span><\/span><\/span><\/span><\/span><\/span><\/p>\n<p align=\"justify\"><span style=\"color: #000000;\"><span style=\"text-decoration: none;\"><span style=\"font-size: medium;\"><span style=\"letter-spacing: normal;\">Depuis le jour o\u00f9 le Christ est venu, le monde est cr\u00e9\u00e9, les villes sont d\u00e9cor\u00e9es, ce qui est mort est rejet\u00e9.<\/span><\/span><\/span><\/span><\/p>\n<p align=\"justify\"><span style=\"color: #000000;\"><span style=\"text-decoration: none;\"><span style=\"letter-spacing: normal;\">\u2026<span style=\"font-family: Times New Roman,serif;\"><span style=\"font-size: medium;\"><span lang=\"en-US\">&#8230;<\/span><\/span><\/span><\/span><\/span><\/span><\/p>\n<p align=\"justify\"><span style=\"color: #000000;\"><span style=\"text-decoration: none;\"><span style=\"font-size: medium;\"><span style=\"letter-spacing: normal;\">Ceux qui disent que le Seigneur est mort d&rsquo;abord et qu&rsquo;il est ressuscit\u00e9 se trompent, car il est ressuscit\u00e9 d&rsquo;abord et il est mort. Si quelqu&rsquo;un n&rsquo;acquiert pas la r\u00e9surrection d&rsquo;abord, il ne mourra pas, car, aussi vrai que Dieu est vivant, il serait d\u00e9j\u00e0 mort.<\/span><\/span><\/span><\/span><\/p>\n<p align=\"justify\"><span style=\"color: #000000;\"><span style=\"text-decoration: none;\"><span style=\"letter-spacing: normal;\">\u2026<span style=\"font-family: Times New Roman,serif;\"><span style=\"font-size: medium;\"><span lang=\"en-US\">&#8230;<\/span><\/span><\/span><\/span><\/span><\/span><\/p>\n<p align=\"justify\"><span style=\"color: #000000;\"><span style=\"text-decoration: none;\"><span style=\"font-size: medium;\"><span style=\"letter-spacing: normal;\">On ne cache pas un objet de grande valeur dans un grand vase, mais souvent des sommes incalculables sont plac\u00e9es dans un vase d&rsquo;une valeur d&rsquo;un as. Il en est de m\u00eame de l&rsquo;\u00e2me. Elle est un objet pr\u00e9cieux ; elle s&rsquo;est trouv\u00e9e dans un corps m\u00e9prisable.<\/span><\/span><\/span><\/span><\/p>\n<p align=\"justify\"><span style=\"color: #000000;\"><span style=\"text-decoration: none;\"><span style=\"letter-spacing: normal;\">\u2026<span style=\"font-family: Times New Roman,serif;\"><span style=\"font-size: medium;\"><span lang=\"en-US\">&#8230;<\/span><\/span><\/span><\/span><\/span><\/span><\/p>\n<p align=\"justify\"><span style=\"color: #000000;\"><span style=\"text-decoration: none;\"><span style=\"font-size: medium;\"><span style=\"letter-spacing: normal;\">La perle, si elle est jet\u00e9e dans la boue, n&rsquo;a pas moins de valeur, et, si on l&rsquo;oint de baume, elle n&rsquo;en acquerra pas davantage, mais elle a toujours la m\u00eame valeur aupr\u00e8s<\/span><\/span><\/span><\/span><span style=\"color: #000000;\"><span style=\"text-decoration: none;\"><span style=\"font-size: medium;\"><span style=\"letter-spacing: normal;\">de son propri\u00e9taire. Ainsi en est-il des fils de Dieu ; o\u00f9 qu&rsquo;ils soient ils gardent toujours leur valeur aupr\u00e8s de leur P\u00e8re.<\/span><\/span><\/span><\/span><\/p>\n<p align=\"justify\"><span style=\"color: #000000;\"><span style=\"text-decoration: none;\"><span style=\"letter-spacing: normal;\">\u2026<span style=\"font-family: Times New Roman,serif;\"><span style=\"font-size: medium;\"><span lang=\"en-US\">&#8230;<\/span><\/span><\/span><\/span><\/span><\/span><\/p>\n<p align=\"justify\"><span style=\"color: #000000;\"><span style=\"text-decoration: none;\"><span style=\"font-size: medium;\"><span style=\"letter-spacing: normal;\">Parmi les esprits impurs, il y en a des masculins, il y en a des f\u00e9minins. Les masculins sont ceux qui s&rsquo;unissent aux \u00e2mes qui habitent dans un corps de femme, et les f\u00e9minins sont ceux qui sont unis \u00e0 celles qui sont dans un corps d&rsquo;homme, parce qu&rsquo;il est s\u00e9par\u00e9. Et personne ne pourra leur \u00e9chapper, lorsqu&rsquo;ils le tiennent, \u00e0 moins qu&rsquo;il ne re\u00e7oive une puissance d&rsquo;homme et de femme, c&rsquo;est-\u00e0-dire celle du fianc\u00e9 et de la fianc\u00e9e. Or, on la re\u00e7oit de la chambre nuptiale en image. Lorsque les femmes sottes voient un homme assis seul, elles sautent sur lui, fol\u00e2trent avec lui et le souillent. De m\u00eame, des hommes sots, s&rsquo;ils voient une jolie femme assise seule, ils la convainquent et lui font violence, parce qu&rsquo;ils veulent la souiller. Mais s&rsquo;ils voient l&rsquo;homme et la femme assis ensemble, les femmes ne peuvent aller \u00e0 l&rsquo;homme, ni les hommes ne peuvent aller \u00e0 la femme. Il en est de m\u00eame, si l&rsquo;image et l&rsquo;ange s&rsquo;unissent l&rsquo;un \u00e0 l&rsquo;autre, et personne ne pourra oser aller vers l&rsquo;homme ou vers la femme. Celui qui sort du monde ne peut plus \u00eatre retenu, car il a \u00e9t\u00e9 dans le monde. Il est manifeste qu&rsquo;il est \u00e9lev\u00e9 au-dessus du d\u00e9sir de la mort et de la crainte. Il est ma\u00eetre de la nature, il est sup\u00e9rieur \u00e0 la jalousie. S&rsquo;ils voient celui-ci, ils le tiennent, ils l&rsquo;\u00e9touffent, et comment pourra-t-il fuir ces d\u00e9sirs et ces craintes ? Comment pourra-t-il se cacher d&rsquo;eux ? Souvent il y a des gens qui viennent et disent : \u00ab Nous sommes croyants \u00bb, afin qu&rsquo;ils \u00e9chappent aux esprits impurs et aux d\u00e9mons. Car, s&rsquo;ils avaient l&rsquo;Esprit-Saint, il n&rsquo;y aurait pas d&rsquo;esprit impur qui se colleraient \u00e0 eux.<\/span><\/span><\/span><\/span><\/p>\n<p align=\"justify\"><span style=\"color: #000000;\"><span style=\"text-decoration: none;\"><span style=\"letter-spacing: normal;\">\u2026<span style=\"font-family: Times New Roman,serif;\"><span style=\"font-size: medium;\"><span lang=\"en-US\">&#8230;<\/span><\/span><\/span><\/span><\/span><\/span><\/p>\n<p align=\"justify\"><span style=\"color: #000000;\"><span style=\"text-decoration: none;\"><span style=\"font-size: medium;\"><span style=\"letter-spacing: normal;\">Toute plante que mon p\u00e8re, qui est dans les cieux, n&rsquo;a pas plant\u00e9e sera d\u00e9racin\u00e9e. Ceux qui sont s\u00e9par\u00e9s seront <\/span><\/span><\/span><\/span><span style=\"color: #000000;\"><span style=\"text-decoration: none;\"><span style=\"font-size: medium;\"><span style=\"letter-spacing: normal;\">accoupl\u00e9s et seront remplis. Tous ceux qui entreront dans la chambre nuptiale allumeront la Lumi\u00e8re, car ils n&rsquo;engendrent pas comme les mariages que nous ne voyons pas, parce qu&rsquo;ils sont dans la nuit. La Lumi\u00e8re brille dans la nuit, elle s&rsquo;\u00e9teint. Mais les myst\u00e8res de ce mariage s&rsquo;accomplissent le Jour et \u00e0 la Lumi\u00e8re. Ce Jour-l\u00e0 o\u00f9 sa Lumi\u00e8re ne se couche pas.<\/span><\/span><\/span><\/span><\/p>\n<p align=\"justify\"><span style=\"color: #000000;\"><span style=\"text-decoration: none;\"><span style=\"letter-spacing: normal;\">\u2026<span style=\"font-family: Times New Roman,serif;\"><span style=\"font-size: medium;\"><span lang=\"en-US\">&#8230;<\/span><\/span><\/span><\/span><\/span><\/span><\/p>\n<p align=\"justify\"><span style=\"color: #000000;\"><span style=\"text-decoration: none;\"><span style=\"font-size: medium;\"><span style=\"letter-spacing: normal;\">Si quelqu&rsquo;un devient fils de la chambre nuptiale, il rece\u00advra la Lumi\u00e8re. Si quelqu&rsquo;un ne la re\u00e7oit pas ; tandis qu&rsquo;il est en ces lieux, il ne pourra la recevoir dans l&rsquo;autre lieu. Celui qui recevra cette Lumi\u00e8re-<\/span><\/span><\/span><\/span><span style=\"color: #000000;\"><span style=\"text-decoration: none;\"><span style=\"font-size: medium;\"><span style=\"letter-spacing: normal;\">l<\/span><\/span><\/span><\/span><span style=\"color: #000000;\"><span style=\"text-decoration: none;\"><span style=\"font-size: medium;\"><span style=\"letter-spacing: normal;\">\u00e0 ne pourra \u00eatre vu ni saisi, et personne ne pourra affliger un tel homme, m\u00eame s&rsquo;il est dans le monde ; et aussi lorsqu&rsquo;il quitte le monde. Il a d\u00e9j\u00e0 re\u00e7u la V\u00e9rit\u00e9 dans les images. Le monde est devenu <\/span><\/span><\/span><\/span><span style=\"color: #000000;\"><span style=\"text-decoration: none;\"><span style=\"font-size: medium;\"><span style=\"letter-spacing: normal;\">\u00c9on<\/span><\/span><\/span><\/span><span style=\"color: #000000;\"><span style=\"text-decoration: none;\"><span style=\"font-size: medium;\"><span style=\"letter-spacing: normal;\">, car <\/span><\/span><\/span><\/span><span style=\"color: #000000;\"><span style=\"text-decoration: none;\"><span style=\"font-size: medium;\"><span style=\"letter-spacing: normal;\">l\u2019\u00c9on<\/span><\/span><\/span><\/span><span style=\"color: #000000;\"><span style=\"text-decoration: none;\"><span style=\"font-size: medium;\"><span style=\"letter-spacing: normal;\"> est pour lui Pl\u00e9r\u00f4me. Et il l&rsquo;est de cette fa\u00e7on : il lui est manifest\u00e9 \u00e0 lui seul ; il n&rsquo;est pas cach\u00e9 dans les t\u00e9n\u00e8bres ni dans la nuit, mais il est dissimul\u00e9 dans un Jour parfait et dans une Lumi\u00e8re sainte.<\/span><\/span><\/span><\/span><\/p>\n<p align=\"justify\"><b><span style=\"color: #000000;\"><span style=\"text-decoration: none;\"><span style=\"font-size: medium;\"><span style=\"letter-spacing: normal;\">L\u2019\u00c9VANGILE<\/span><\/span><\/span><\/span><span style=\"color: #000000;\"><span style=\"text-decoration: none;\"><span style=\"font-size: medium;\"><span style=\"letter-spacing: normal;\"> DE <\/span><\/span><\/span><\/span><span style=\"color: #000000;\"><span style=\"text-decoration: none;\"><span style=\"font-size: medium;\"><span style=\"letter-spacing: normal;\">V\u00c9RIT\u00c9<\/span><\/span><\/span><\/span><\/b><\/p>\n<p align=\"justify\"><span style=\"color: #000000;\"><span style=\"text-decoration: none;\"><span style=\"font-size: medium;\"><span style=\"letter-spacing: normal;\">L\u2019\u00c9vangile<\/span><\/span><\/span><\/span><span style=\"color: #000000;\"><span style=\"text-decoration: none;\"><span style=\"font-size: medium;\"><span style=\"letter-spacing: normal;\"> de V\u00e9rit\u00e9 nous pr\u00e9sente un autre type de texte issue de la gnose valentienne du III si\u00e8cle o\u00f9 traditions gnostique et chr\u00e9tienne sont intimement li\u00e9es. <\/span><\/span><\/span><\/span><span style=\"color: #000000;\"><span style=\"text-decoration: none;\"><span style=\"font-size: medium;\"><span style=\"letter-spacing: normal;\">\u00c0<\/span><\/span><\/span><\/span><span style=\"color: #000000;\"><span style=\"text-decoration: none;\"><span style=\"font-size: medium;\"><span style=\"letter-spacing: normal;\"> son propos Ir\u00e9n\u00e9e \u00e9crivait vers les ann\u00e9es 180 dans son ouvrage <\/span><\/span><\/span><\/span><span style=\"color: #000000;\"><span style=\"text-decoration: none;\"><span style=\"font-size: medium;\"><span style=\"letter-spacing: normal;\"><i>Ad versus Haereses<\/i><\/span><\/span><\/span><\/span><span style=\"color: #000000;\"><span style=\"text-decoration: none;\"><span style=\"font-size: medium;\"><span style=\"letter-spacing: normal;\"> (III, 11, 9) : \u00ab Ils (les valen\u00adtiniens) en sont m\u00eame parvenus \u00e0 une telle audace qu&rsquo;ils intitulent : <\/span><\/span><\/span><\/span><span style=\"color: #000000;\"><span style=\"text-decoration: none;\"><span style=\"font-size: medium;\"><span style=\"letter-spacing: normal;\">\u00c9vangile<\/span><\/span><\/span><\/span><span style=\"color: #000000;\"><span style=\"text-decoration: none;\"><span style=\"font-size: medium;\"><span style=\"letter-spacing: normal;\"> de V\u00e9rit\u00e9 un ouvrage r\u00e9cemment fabriqu\u00e9 par eux. Celui-ci ne s&rsquo;accorde en rien avec les \u00e9vangiles des Ap\u00f4tres. Ainsi, m\u00eame <\/span><\/span><\/span><\/span><span style=\"color: #000000;\"><span style=\"text-decoration: none;\"><span style=\"font-size: medium;\"><span style=\"letter-spacing: normal;\">l\u2019\u00c9vangile<\/span><\/span><\/span><\/span><span style=\"color: #000000;\"><span style=\"text-decoration: none;\"><span style=\"font-size: medium;\"><span style=\"letter-spacing: normal;\"> n&rsquo;\u00e9chappe point aux blasph\u00e8mes de ces gens&#8230; \u00bb<\/span><\/span><\/span><\/span><\/p>\n<p align=\"justify\"><span style=\"color: #000000;\"><span style=\"text-decoration: none;\"><span style=\"font-size: medium;\"><span style=\"letter-spacing: normal;\">Il est vrai qu&rsquo;un \u00e9crit de cette sorte n&rsquo;a que peu de choses \u00e0 voir avec la litt\u00e9rature chr\u00e9tienne habituelle. Il est cependant int\u00e9ressant \u00e0 conna\u00eetre pour son aspect documentaire et pour son contenu qui, malgr\u00e9 un vocabulaire difficile, ne manque pas de grandeur.<\/span><\/span><\/span><\/span><\/p>\n<p align=\"justify\"><i><span style=\"color: #000000;\"><span style=\"text-decoration: none;\"><span style=\"font-size: medium;\"><span style=\"letter-spacing: normal;\">L\u2019\u00c9VANGILE<\/span><\/span><\/span><\/span><span style=\"color: #000000;\"><span style=\"text-decoration: none;\"><span style=\"font-size: medium;\"><span style=\"letter-spacing: normal;\"> DE <\/span><\/span><\/span><\/span><span style=\"color: #000000;\"><span style=\"text-decoration: none;\"><span style=\"font-size: medium;\"><span style=\"letter-spacing: normal;\">V\u00c9RIT\u00c9 <\/span><\/span><\/span><\/span><span style=\"color: #000000;\"><span style=\"text-decoration: none;\"><span style=\"font-size: medium;\"><span style=\"letter-spacing: normal;\">(Extraits)<\/span><\/span><\/span><\/span><\/i><\/p>\n<p align=\"justify\"><span style=\"color: #000000;\"><span style=\"text-decoration: none;\"><span style=\"font-size: medium;\"><span style=\"letter-spacing: normal;\">L\u2019\u00c9vangile<\/span><\/span><\/span><\/span><span style=\"color: #000000;\"><span style=\"text-decoration: none;\"><span style=\"font-size: medium;\"><span style=\"letter-spacing: normal;\"> de la V\u00e9rit\u00e9 est joie pour ceux qui ont re\u00e7u la gr\u00e2ce de la part du P\u00e8re de la V\u00e9rit\u00e9, qui fait en sorte qu&rsquo;ils le connaissent par la puissance du Verbe, lui qui est venu du Pl\u00e9r\u00f4me, lui qui est immanent \u00e0 la Pens\u00e9e et \u00e0 l&rsquo;intelligence du P\u00e8re, qui est proclam\u00e9 Sauveur ; parce que c&rsquo;est le nom de <\/span><\/span><\/span><\/span><span style=\"color: #000000;\"><span style=\"text-decoration: none;\"><span style=\"font-size: medium;\"><span style=\"letter-spacing: normal;\">l\u2019\u0153uvre<\/span><\/span><\/span><\/span><span style=\"color: #000000;\"><span style=\"text-decoration: none;\"><span style=\"font-size: medium;\"><span style=\"letter-spacing: normal;\">, qu&rsquo;il doit accomplir pour le salut de ceux qui ignoraient le P\u00e8re, puisque le nom (&#8230;) d&rsquo;<\/span><\/span><\/span><\/span><span style=\"color: #000000;\"><span style=\"text-decoration: none;\"><span style=\"font-size: medium;\"><span style=\"letter-spacing: normal;\">\u00c9<\/span><\/span><\/span><\/span><span style=\"color: #000000;\"><span style=\"text-decoration: none;\"><span style=\"font-size: medium;\"><span style=\"letter-spacing: normal;\">vangile est la manifestation de l&rsquo;espoir, d\u00e9couverte pour ceux qui Le recherchent.<\/span><\/span><\/span><\/span><\/p>\n<p align=\"justify\"><span style=\"color: #000000;\"><span style=\"text-decoration: none;\"><span style=\"font-size: medium;\"><span style=\"letter-spacing: normal;\">En effet le Tout a \u00e9t\u00e9 \u00e0 la recherche de Celui, dont il est sorti, et le Tout \u00e9tait en lui, l&rsquo;Insaisissable, l&rsquo;Impensable, l&rsquo;Incompr\u00e9hensible, car l&rsquo;ignorance du P\u00e8re a produit l&rsquo;angoisse et la crainte. L&rsquo;angoisse s&rsquo;est \u00e9paissie comme une brume, de sorte que personne ne pouvait voir ; c&rsquo;est pourquoi l&rsquo;Erreur s&rsquo;est affermie. Elle a fabriqu\u00e9 sa mati\u00e8re dans le Vide, ne connaissant pas la V\u00e9rit\u00e9. Elle <\/span><\/span><\/span><\/span><span style=\"color: #000000;\"><span style=\"text-decoration: none;\"><span style=\"font-family: Times New Roman,serif;\"><span style=\"font-size: medium;\"><span style=\"letter-spacing: normal;\">vint dans une <\/span><\/span><\/span><\/span><\/span><span style=\"color: #000000;\"><span style=\"text-decoration: none;\"><span style=\"font-family: Times New Roman,serif;\"><span style=\"font-size: medium;\"><span style=\"letter-spacing: normal;\">\u0153uvre<\/span><\/span><\/span><\/span><\/span><span style=\"color: #000000;\"><span style=\"text-decoration: none;\"><span style=\"font-family: Times New Roman,serif;\"><span style=\"font-size: medium;\"><span style=\"letter-spacing: normal;\">, s&rsquo;effor\u00e7ant de fa\u00e7onner en beaut\u00e9 l&rsquo;\u00e9quivalent de la V\u00e9rit\u00e9. Cela n&rsquo;\u00e9tait pas une humiliation pour l&rsquo;Insaisissable, l&rsquo;Impensable, car ce n&rsquo;\u00e9tait rien, l&rsquo;Angoisse et l&rsquo;Oubli et cette <\/span><\/span><\/span><\/span><\/span><span style=\"color: #000000;\"><span style=\"text-decoration: none;\"><span style=\"font-family: Times New Roman,serif;\"><span style=\"font-size: medium;\"><span style=\"letter-spacing: normal;\">\u0153uvre<\/span><\/span><\/span><\/span><\/span><span style=\"color: #000000;\"><span style=\"text-decoration: none;\"><span style=\"font-family: Times New Roman,serif;\"><span style=\"font-size: medium;\"><span style=\"letter-spacing: normal;\"> du mensonge, parce que la V\u00e9rit\u00e9 est stable, inalt\u00e9rable, in\u00e9branlable, par\u00adfaitement belle.<\/span><\/span><\/span><\/span><\/span><\/p>\n<p align=\"justify\"><span style=\"color: #000000;\"><span style=\"text-decoration: none;\"><span style=\"font-size: medium;\"><span style=\"letter-spacing: normal;\">\u00c9tant<\/span><\/span><\/span><\/span><span style=\"color: #000000;\"><span style=\"text-decoration: none;\"><span style=\"font-size: medium;\"><span style=\"letter-spacing: normal;\"> ainsi sans racine, elle \u00e9tait dans une brume \u00e0 l&rsquo;\u00e9gard du P\u00e8re, alors qu&rsquo;elle appr\u00eatait des <\/span><\/span><\/span><\/span><span style=\"color: #000000;\"><span style=\"text-decoration: none;\"><span style=\"font-size: medium;\"><span style=\"letter-spacing: normal;\">\u0153uvres<\/span><\/span><\/span><\/span><span style=\"color: #000000;\"><span style=\"text-decoration: none;\"><span style=\"font-size: medium;\"><span style=\"letter-spacing: normal;\"> et des outils et des craintes, afin d&rsquo;attirer gr\u00e2ce \u00e0 eux ceux du milieu et les emprisonner. L&rsquo;oubli de l&rsquo;Erreur n&rsquo;a pas \u00e9t\u00e9 manifest\u00e9. Il n&rsquo;est pas comme (&#8230;) aupr\u00e8s du P\u00e8re. L&rsquo;Oubli n&rsquo;existait pas dans le P\u00e8re, bien qu&rsquo;il se f\u00fbt produit \u00e0 cause de Lui. Par contre, ce qui s&rsquo;est produit en Lui, c&rsquo;est la Gnose, elle qui a \u00e9t\u00e9 manifest\u00e9e, afin que l&rsquo;Oubli f\u00fbt aboli et que le P\u00e8re f\u00fbt connu. C&rsquo;est parce que l&rsquo;Oubli a eu lieu que le P\u00e8re n&rsquo;a pas \u00e9t\u00e9 connu, alors, si l&rsquo;on conna\u00eet le P\u00e8re, l&rsquo;Oubli ne se produira plus.<\/span><\/span><\/span><\/span><\/p>\n<p align=\"justify\"><span style=\"color: #000000;\"><span style=\"text-decoration: none;\"><span style=\"font-size: medium;\"><span style=\"letter-spacing: normal;\">C&rsquo;est l\u00e0 <\/span><\/span><\/span><\/span><span style=\"color: #000000;\"><span style=\"text-decoration: none;\"><span style=\"font-size: medium;\"><span style=\"letter-spacing: normal;\">l\u2019\u00c9vangile<\/span><\/span><\/span><\/span><span style=\"color: #000000;\"><span style=\"text-decoration: none;\"><span style=\"font-size: medium;\"><span style=\"letter-spacing: normal;\"> de Celui que l&rsquo;on recherche, qui a \u00e9t\u00e9 manifest\u00e9 aux parfaits gr\u00e2ce aux mis\u00e9ricordes du P\u00e8re. Myst\u00e8re cach\u00e9, par lequel J\u00e9sus le Christ a \u00e9clair\u00e9 ceux qui se trouvent dans l&rsquo;obscurit\u00e9 \u00e0 cause de l&rsquo;Oubli. Il les a \u00e9clair\u00e9s, leur a montr\u00e9 une voie, or la voie est la V\u00e9rit\u00e9 qu&rsquo;il leur a enseign\u00e9e. <\/span><\/span><\/span><\/span><span style=\"color: #000000;\"><span style=\"text-decoration: none;\"><span style=\"font-size: medium;\"><span style=\"letter-spacing: normal;\">\u00c0<\/span><\/span><\/span><\/span><span style=\"color: #000000;\"><span style=\"text-decoration: none;\"><span style=\"font-size: medium;\"><span style=\"letter-spacing: normal;\"> cause de cela, l&rsquo;Erreur s&rsquo;est irrit\u00e9e contre lui, l&rsquo;a poursuivi, l&rsquo;a maltrait\u00e9, l&rsquo;a annihil\u00e9. On le cloua \u00e0 un bois, il devint Fruit de la Gnose du P\u00e8re ; il n&rsquo;a pas \u00e9t\u00e9 une cause de perdition pour ceux qui en ont mang\u00e9. Au contraire, pour eux qui en ont mang\u00e9 il a \u00e9t\u00e9 une cause de joie \u00e0 cause de la d\u00e9couverte, Il les a d\u00e9couverts en Lui et ils L&rsquo;ont d\u00e9couvert en eux, l&rsquo;Insaisissable et Impensable, le P\u00e8re parfait, qui a fait le Tout, en qui est le Tout et dont le Tout a besoin ; puisqu&rsquo;Il retint leur perfection en Lui, laquelle <\/span><\/span><\/span><\/span><span style=\"color: #000000;\"><span style=\"text-decoration: none;\"><span style=\"font-size: medium;\"><span style=\"letter-spacing: normal;\">Il<\/span><\/span><\/span><\/span><span style=\"color: #000000;\"><span style=\"text-decoration: none;\"><span style=\"font-size: medium;\"><span style=\"letter-spacing: normal;\"> n&rsquo;a pas donn\u00e9e au Tout. Non que le P\u00e8re soit jaloux ; quelle jalousie pourrait exister entre Lui et Ses membres ?&#8230; <\/span><\/span><\/span><\/span><\/p>\n","protected":false},"excerpt":{"rendered":"<p>Les textes gnostiques trouv\u00e9s dans la biblio\u00adth\u00e8que de Nag Hammadi montrent l&rsquo;extr\u00eame diversit\u00e9 des \u00e9l\u00e9ments constituant le gnosti\u00adcisme aux 3e et 4e si\u00e8cles. La majorit\u00e9 de ces textes n&rsquo;ont de chr\u00e9tien que le cadre et ils ne renferment que des r\u00e9v\u00e9lations stricte\u00adment gnostiques. D&rsquo;autres, au contraire, se rat\u00adtachent plus ouvertement \u00e0 la tradition chr\u00e9\u00adtienne et les th\u00e8mes gnostiques y apparais\u00adsent plus subtilement. Dans cette derni\u00e8re cat\u00e9gorie entre, au premier titre, le c\u00e9l\u00e8bre \u00c9vangile selon Thomas, mais aussi d&rsquo;autres textes moins connus tels que l\u2019\u00c9vangile selon Philippe et l\u2019\u00c9vangile de V\u00e9rit\u00e9 dont nous pr\u00e9sentons ici des extraits.<\/p>\n","protected":false},"author":1,"featured_media":0,"comment_status":"closed","ping_status":"closed","sticky":false,"template":"","format":"standard","meta":{"footnotes":""},"categories":[1084],"tags":[397],"class_list":["post-16416","post","type-post","status-publish","format-standard","hentry","category-crepon-pierre","tag-gnose"],"yoast_head":"<!-- This site is optimized with the Yoast SEO plugin v27.0 - https:\/\/yoast.com\/product\/yoast-seo-wordpress\/ -->\n<title>Les \u00c9vangiles gnostiques pr\u00e9sent\u00e9s par Pierre Cr\u00e9pon - 3e mill\u00e9naire - Spiritualit\u00e9 - Connaissance de soi - Non-dualit\u00e9 - M\u00e9ditation<\/title>\n<meta name=\"robots\" content=\"index, follow, max-snippet:-1, max-image-preview:large, max-video-preview:-1\" \/>\n<link rel=\"canonical\" href=\"https:\/\/www.revue3emillenaire.com\/blog\/les-evangiles-gnostiques-presentes-par-pierre-crepon\/\" \/>\n<meta property=\"og:locale\" content=\"fr_FR\" \/>\n<meta property=\"og:type\" content=\"article\" \/>\n<meta property=\"og:title\" content=\"Les \u00c9vangiles gnostiques pr\u00e9sent\u00e9s par Pierre Cr\u00e9pon - 3e mill\u00e9naire - Spiritualit\u00e9 - Connaissance de soi - Non-dualit\u00e9 - M\u00e9ditation\" \/>\n<meta property=\"og:description\" content=\"Les textes gnostiques trouv\u00e9s dans la biblio\u00adth\u00e8que de Nag Hammadi montrent l&#039;extr\u00eame diversit\u00e9 des \u00e9l\u00e9ments constituant le gnosti\u00adcisme aux 3e et 4e si\u00e8cles. La majorit\u00e9 de ces textes n&#039;ont de chr\u00e9tien que le cadre et ils ne renferment que des r\u00e9v\u00e9lations stricte\u00adment gnostiques. D&#039;autres, au contraire, se rat\u00adtachent plus ouvertement \u00e0 la tradition chr\u00e9\u00adtienne et les th\u00e8mes gnostiques y apparais\u00adsent plus subtilement. Dans cette derni\u00e8re cat\u00e9gorie entre, au premier titre, le c\u00e9l\u00e8bre \u00c9vangile selon Thomas, mais aussi d&#039;autres textes moins connus tels que l\u2019\u00c9vangile selon Philippe et l\u2019\u00c9vangile de V\u00e9rit\u00e9 dont nous pr\u00e9sentons ici des extraits.\" \/>\n<meta property=\"og:url\" content=\"https:\/\/www.revue3emillenaire.com\/blog\/les-evangiles-gnostiques-presentes-par-pierre-crepon\/\" \/>\n<meta property=\"og:site_name\" content=\"3e mill\u00e9naire - Spiritualit\u00e9 - Connaissance de soi - Non-dualit\u00e9 - M\u00e9ditation\" \/>\n<meta property=\"article:published_time\" content=\"2015-01-25T15:12:30+00:00\" \/>\n<meta name=\"author\" content=\"3e mill\u00e9naire\" \/>\n<meta name=\"twitter:card\" content=\"summary_large_image\" \/>\n<meta name=\"twitter:label1\" content=\"\u00c9crit par\" \/>\n\t<meta name=\"twitter:data1\" content=\"3e mill\u00e9naire\" \/>\n\t<meta name=\"twitter:label2\" content=\"Dur\u00e9e de lecture estim\u00e9e\" \/>\n\t<meta name=\"twitter:data2\" content=\"9 minutes\" \/>\n<script type=\"application\/ld+json\" class=\"yoast-schema-graph\">{\"@context\":\"https:\/\/schema.org\",\"@graph\":[{\"@type\":\"Article\",\"@id\":\"https:\/\/www.revue3emillenaire.com\/blog\/les-evangiles-gnostiques-presentes-par-pierre-crepon\/#article\",\"isPartOf\":{\"@id\":\"https:\/\/www.revue3emillenaire.com\/blog\/les-evangiles-gnostiques-presentes-par-pierre-crepon\/\"},\"author\":{\"name\":\"3e mill\u00e9naire\",\"@id\":\"https:\/\/www.revue3emillenaire.com\/blog\/#\/schema\/person\/9a3a7cc4ccaa707f402d4394327106d5\"},\"headline\":\"Les \u00c9vangiles gnostiques pr\u00e9sent\u00e9s par Pierre Cr\u00e9pon\",\"datePublished\":\"2015-01-25T15:12:30+00:00\",\"mainEntityOfPage\":{\"@id\":\"https:\/\/www.revue3emillenaire.com\/blog\/les-evangiles-gnostiques-presentes-par-pierre-crepon\/\"},\"wordCount\":1791,\"keywords\":[\"gnose\"],\"articleSection\":[\"Cr\u00e9pon Pierre\"],\"inLanguage\":\"fr-FR\"},{\"@type\":\"WebPage\",\"@id\":\"https:\/\/www.revue3emillenaire.com\/blog\/les-evangiles-gnostiques-presentes-par-pierre-crepon\/\",\"url\":\"https:\/\/www.revue3emillenaire.com\/blog\/les-evangiles-gnostiques-presentes-par-pierre-crepon\/\",\"name\":\"Les \u00c9vangiles gnostiques pr\u00e9sent\u00e9s par Pierre Cr\u00e9pon - 3e mill\u00e9naire - Spiritualit\u00e9 - Connaissance de soi - Non-dualit\u00e9 - M\u00e9ditation\",\"isPartOf\":{\"@id\":\"https:\/\/www.revue3emillenaire.com\/blog\/#website\"},\"datePublished\":\"2015-01-25T15:12:30+00:00\",\"author\":{\"@id\":\"https:\/\/www.revue3emillenaire.com\/blog\/#\/schema\/person\/9a3a7cc4ccaa707f402d4394327106d5\"},\"breadcrumb\":{\"@id\":\"https:\/\/www.revue3emillenaire.com\/blog\/les-evangiles-gnostiques-presentes-par-pierre-crepon\/#breadcrumb\"},\"inLanguage\":\"fr-FR\",\"potentialAction\":[{\"@type\":\"ReadAction\",\"target\":[\"https:\/\/www.revue3emillenaire.com\/blog\/les-evangiles-gnostiques-presentes-par-pierre-crepon\/\"]}]},{\"@type\":\"BreadcrumbList\",\"@id\":\"https:\/\/www.revue3emillenaire.com\/blog\/les-evangiles-gnostiques-presentes-par-pierre-crepon\/#breadcrumb\",\"itemListElement\":[{\"@type\":\"ListItem\",\"position\":1,\"name\":\"Accueil\",\"item\":\"https:\/\/www.revue3emillenaire.com\/blog\/\"},{\"@type\":\"ListItem\",\"position\":2,\"name\":\"Les \u00c9vangiles gnostiques pr\u00e9sent\u00e9s par Pierre Cr\u00e9pon\"}]},{\"@type\":\"WebSite\",\"@id\":\"https:\/\/www.revue3emillenaire.com\/blog\/#website\",\"url\":\"https:\/\/www.revue3emillenaire.com\/blog\/\",\"name\":\"3e mill\u00e9naire - Spiritualit\u00e9 - Connaissance de soi - Non-dualit\u00e9 - M\u00e9ditation\",\"description\":\"L&#039;Homme en devenir\",\"potentialAction\":[{\"@type\":\"SearchAction\",\"target\":{\"@type\":\"EntryPoint\",\"urlTemplate\":\"https:\/\/www.revue3emillenaire.com\/blog\/?s={search_term_string}\"},\"query-input\":{\"@type\":\"PropertyValueSpecification\",\"valueRequired\":true,\"valueName\":\"search_term_string\"}}],\"inLanguage\":\"fr-FR\"},{\"@type\":\"Person\",\"@id\":\"https:\/\/www.revue3emillenaire.com\/blog\/#\/schema\/person\/9a3a7cc4ccaa707f402d4394327106d5\",\"name\":\"3e mill\u00e9naire\",\"url\":\"https:\/\/www.revue3emillenaire.com\/blog\/author\/admin\/\"}]}<\/script>\n<!-- \/ Yoast SEO plugin. -->","yoast_head_json":{"title":"Les \u00c9vangiles gnostiques pr\u00e9sent\u00e9s par Pierre Cr\u00e9pon - 3e mill\u00e9naire - Spiritualit\u00e9 - Connaissance de soi - Non-dualit\u00e9 - M\u00e9ditation","robots":{"index":"index","follow":"follow","max-snippet":"max-snippet:-1","max-image-preview":"max-image-preview:large","max-video-preview":"max-video-preview:-1"},"canonical":"https:\/\/www.revue3emillenaire.com\/blog\/les-evangiles-gnostiques-presentes-par-pierre-crepon\/","og_locale":"fr_FR","og_type":"article","og_title":"Les \u00c9vangiles gnostiques pr\u00e9sent\u00e9s par Pierre Cr\u00e9pon - 3e mill\u00e9naire - Spiritualit\u00e9 - Connaissance de soi - Non-dualit\u00e9 - M\u00e9ditation","og_description":"Les textes gnostiques trouv\u00e9s dans la biblio\u00adth\u00e8que de Nag Hammadi montrent l'extr\u00eame diversit\u00e9 des \u00e9l\u00e9ments constituant le gnosti\u00adcisme aux 3e et 4e si\u00e8cles. La majorit\u00e9 de ces textes n'ont de chr\u00e9tien que le cadre et ils ne renferment que des r\u00e9v\u00e9lations stricte\u00adment gnostiques. D'autres, au contraire, se rat\u00adtachent plus ouvertement \u00e0 la tradition chr\u00e9\u00adtienne et les th\u00e8mes gnostiques y apparais\u00adsent plus subtilement. Dans cette derni\u00e8re cat\u00e9gorie entre, au premier titre, le c\u00e9l\u00e8bre \u00c9vangile selon Thomas, mais aussi d'autres textes moins connus tels que l\u2019\u00c9vangile selon Philippe et l\u2019\u00c9vangile de V\u00e9rit\u00e9 dont nous pr\u00e9sentons ici des extraits.","og_url":"https:\/\/www.revue3emillenaire.com\/blog\/les-evangiles-gnostiques-presentes-par-pierre-crepon\/","og_site_name":"3e mill\u00e9naire - Spiritualit\u00e9 - Connaissance de soi - Non-dualit\u00e9 - M\u00e9ditation","article_published_time":"2015-01-25T15:12:30+00:00","author":"3e mill\u00e9naire","twitter_card":"summary_large_image","twitter_misc":{"\u00c9crit par":"3e mill\u00e9naire","Dur\u00e9e de lecture estim\u00e9e":"9 minutes"},"schema":{"@context":"https:\/\/schema.org","@graph":[{"@type":"Article","@id":"https:\/\/www.revue3emillenaire.com\/blog\/les-evangiles-gnostiques-presentes-par-pierre-crepon\/#article","isPartOf":{"@id":"https:\/\/www.revue3emillenaire.com\/blog\/les-evangiles-gnostiques-presentes-par-pierre-crepon\/"},"author":{"name":"3e mill\u00e9naire","@id":"https:\/\/www.revue3emillenaire.com\/blog\/#\/schema\/person\/9a3a7cc4ccaa707f402d4394327106d5"},"headline":"Les \u00c9vangiles gnostiques pr\u00e9sent\u00e9s par Pierre Cr\u00e9pon","datePublished":"2015-01-25T15:12:30+00:00","mainEntityOfPage":{"@id":"https:\/\/www.revue3emillenaire.com\/blog\/les-evangiles-gnostiques-presentes-par-pierre-crepon\/"},"wordCount":1791,"keywords":["gnose"],"articleSection":["Cr\u00e9pon Pierre"],"inLanguage":"fr-FR"},{"@type":"WebPage","@id":"https:\/\/www.revue3emillenaire.com\/blog\/les-evangiles-gnostiques-presentes-par-pierre-crepon\/","url":"https:\/\/www.revue3emillenaire.com\/blog\/les-evangiles-gnostiques-presentes-par-pierre-crepon\/","name":"Les \u00c9vangiles gnostiques pr\u00e9sent\u00e9s par Pierre Cr\u00e9pon - 3e mill\u00e9naire - Spiritualit\u00e9 - Connaissance de soi - Non-dualit\u00e9 - M\u00e9ditation","isPartOf":{"@id":"https:\/\/www.revue3emillenaire.com\/blog\/#website"},"datePublished":"2015-01-25T15:12:30+00:00","author":{"@id":"https:\/\/www.revue3emillenaire.com\/blog\/#\/schema\/person\/9a3a7cc4ccaa707f402d4394327106d5"},"breadcrumb":{"@id":"https:\/\/www.revue3emillenaire.com\/blog\/les-evangiles-gnostiques-presentes-par-pierre-crepon\/#breadcrumb"},"inLanguage":"fr-FR","potentialAction":[{"@type":"ReadAction","target":["https:\/\/www.revue3emillenaire.com\/blog\/les-evangiles-gnostiques-presentes-par-pierre-crepon\/"]}]},{"@type":"BreadcrumbList","@id":"https:\/\/www.revue3emillenaire.com\/blog\/les-evangiles-gnostiques-presentes-par-pierre-crepon\/#breadcrumb","itemListElement":[{"@type":"ListItem","position":1,"name":"Accueil","item":"https:\/\/www.revue3emillenaire.com\/blog\/"},{"@type":"ListItem","position":2,"name":"Les \u00c9vangiles gnostiques pr\u00e9sent\u00e9s par Pierre Cr\u00e9pon"}]},{"@type":"WebSite","@id":"https:\/\/www.revue3emillenaire.com\/blog\/#website","url":"https:\/\/www.revue3emillenaire.com\/blog\/","name":"3e mill\u00e9naire - Spiritualit\u00e9 - Connaissance de soi - Non-dualit\u00e9 - M\u00e9ditation","description":"L&#039;Homme en devenir","potentialAction":[{"@type":"SearchAction","target":{"@type":"EntryPoint","urlTemplate":"https:\/\/www.revue3emillenaire.com\/blog\/?s={search_term_string}"},"query-input":{"@type":"PropertyValueSpecification","valueRequired":true,"valueName":"search_term_string"}}],"inLanguage":"fr-FR"},{"@type":"Person","@id":"https:\/\/www.revue3emillenaire.com\/blog\/#\/schema\/person\/9a3a7cc4ccaa707f402d4394327106d5","name":"3e mill\u00e9naire","url":"https:\/\/www.revue3emillenaire.com\/blog\/author\/admin\/"}]}},"_links":{"self":[{"href":"https:\/\/www.revue3emillenaire.com\/blog\/wp-json\/wp\/v2\/posts\/16416","targetHints":{"allow":["GET"]}}],"collection":[{"href":"https:\/\/www.revue3emillenaire.com\/blog\/wp-json\/wp\/v2\/posts"}],"about":[{"href":"https:\/\/www.revue3emillenaire.com\/blog\/wp-json\/wp\/v2\/types\/post"}],"author":[{"embeddable":true,"href":"https:\/\/www.revue3emillenaire.com\/blog\/wp-json\/wp\/v2\/users\/1"}],"replies":[{"embeddable":true,"href":"https:\/\/www.revue3emillenaire.com\/blog\/wp-json\/wp\/v2\/comments?post=16416"}],"version-history":[{"count":0,"href":"https:\/\/www.revue3emillenaire.com\/blog\/wp-json\/wp\/v2\/posts\/16416\/revisions"}],"wp:attachment":[{"href":"https:\/\/www.revue3emillenaire.com\/blog\/wp-json\/wp\/v2\/media?parent=16416"}],"wp:term":[{"taxonomy":"category","embeddable":true,"href":"https:\/\/www.revue3emillenaire.com\/blog\/wp-json\/wp\/v2\/categories?post=16416"},{"taxonomy":"post_tag","embeddable":true,"href":"https:\/\/www.revue3emillenaire.com\/blog\/wp-json\/wp\/v2\/tags?post=16416"}],"curies":[{"name":"wp","href":"https:\/\/api.w.org\/{rel}","templated":true}]}}