{"id":16422,"date":"2015-02-03T03:13:35","date_gmt":"2015-02-03T02:13:35","guid":{"rendered":"http:\/\/www.revue3emillenaire.com\/blog\/?p=16422"},"modified":"2015-04-03T03:11:27","modified_gmt":"2015-04-03T02:11:27","slug":"le-sentiment-de-presence-entretien-avec-nisargadatta-maharaj-1981","status":"publish","type":"post","link":"https:\/\/www.revue3emillenaire.com\/blog\/le-sentiment-de-presence-entretien-avec-nisargadatta-maharaj-1981\/","title":{"rendered":"Le sentiment de pr\u00e9sence. Entretien avec Nisargadatta Maharaj (1981)"},"content":{"rendered":"<p align=\"justify\">(Revue \u00catre. No 2. 16<sup>e<\/sup> ann\u00e9e. 1988)<\/p>\n<p align=\"justify\"><span style=\"color: #00000a;\"><span style=\"font-size: medium;\"><span lang=\"fr-FR\"><i>Le titre est de 3<\/i><\/span><\/span><\/span><span style=\"color: #00000a;\"><sup><span style=\"font-size: medium;\"><span lang=\"fr-FR\"><i>e<\/i><\/span><\/span><\/sup><\/span><span style=\"color: #00000a;\"><span style=\"font-size: medium;\"><span lang=\"fr-FR\"><i> Mill\u00e9naire<\/i><\/span><\/span><\/span><\/p>\n<p align=\"justify\"><i><b><span style=\"color: #000000;\"><span style=\"text-decoration: none;\"><span style=\"font-size: medium;\"><span style=\"letter-spacing: normal;\"><span lang=\"fr-FR\">Maharaj peut-il m&rsquo;exposer la pratique de son enseigne\u00adment ?<\/span><\/span><\/span><\/span><\/span><\/b><\/i><\/p>\n<p align=\"justify\"><span style=\"color: #000000;\"><span style=\"text-decoration: none;\"><span style=\"font-size: medium;\"><span style=\"letter-spacing: normal;\"><span lang=\"fr-FR\">Il n&rsquo;existe pas de pratique ou de discipline \u00e0 suivre. <\/span><\/span><\/span><\/span><\/span><span style=\"color: #000000;\"><span style=\"text-decoration: none;\"><span style=\"font-size: medium;\"><span style=\"letter-spacing: normal;\"><span lang=\"fr-FR\">\u00c9<\/span><\/span><\/span><\/span><\/span><span style=\"color: #000000;\"><span style=\"text-decoration: none;\"><span style=\"font-size: medium;\"><span style=\"letter-spacing: normal;\"><span lang=\"fr-FR\">coutez-moi simplement et acceptez ce que je vous dis sans r\u00e9ticence d&rsquo;aucune sorte.<\/span><\/span><\/span><\/span><\/span><\/p>\n<p align=\"justify\"><i><b><span style=\"color: #000000;\"><span style=\"text-decoration: none;\"><span style=\"font-size: medium;\"><span style=\"letter-spacing: normal;\"><span lang=\"fr-FR\">De quelle importance est la m\u00e9ditation ?<\/span><\/span><\/span><\/span><\/span><\/b><\/i><\/p>\n<p align=\"justify\"><span style=\"color: #000000;\"><span style=\"text-decoration: none;\"><span style=\"font-size: medium;\"><span style=\"letter-spacing: normal;\"><span lang=\"fr-FR\">La seule chose poss\u00e9d\u00e9e par chacun est la certitude d&rsquo;exister, la certitude d&rsquo;\u00eatre une pr\u00e9sence consciente. La m\u00e9di\u00adtation est uniquement ce sentiment de pr\u00e9sence.<\/span><\/span><\/span><\/span><\/span><\/p>\n<p align=\"justify\"><strong><i><span style=\"color: #000000;\"><span style=\"text-decoration: none;\"><span style=\"font-size: medium;\"><span style=\"letter-spacing: normal;\"><span lang=\"fr-FR\">Alors pour m\u00e9diter, je m&rsquo;assieds et je pense \u00e0 ma propre pr\u00e9sence ?<\/span><\/span><\/span><\/span><\/span><\/i><\/strong><\/p>\n<p align=\"justify\"><span style=\"color: #000000;\"><span style=\"text-decoration: none;\"><span style=\"font-size: medium;\"><span style=\"letter-spacing: normal;\"><span lang=\"fr-FR\">Vous vous asseyez mais pas en tant qu&rsquo;individu, simple\u00adment : sentiment de pr\u00e9sence sans mots. M\u00e9ditez sur ce qui sait que vous \u00eates ici, assis. La sensation entra\u00eenant la convic\u00adtion que votre corps est ici est une identification au corps, mais ce qui sait sans besoin de preuves que le corps est l\u00e0, assis, est une exp\u00e9rience de l&rsquo;Absolu.<\/span><\/span><\/span><\/span><\/span><\/p>\n<p align=\"justify\"><i><b><span style=\"color: #000000;\"><span style=\"text-decoration: none;\"><span style=\"font-size: medium;\"><span style=\"letter-spacing: normal;\"><span lang=\"fr-FR\">Ne le sait-on pas gr\u00e2ce \u00e0 l&rsquo;intellect ?<\/span><\/span><\/span><\/span><\/span><\/b><\/i><\/p>\n<p align=\"justify\"><span style=\"color: #000000;\"><span style=\"text-decoration: none;\"><span style=\"font-size: medium;\"><span style=\"letter-spacing: normal;\"><span lang=\"fr-FR\">L&rsquo;intellect rel\u00e8ve de la mati\u00e8re et vous n&rsquo;\u00eates pas la mati\u00e8re, vous \u00eates ce qui comprend la mati\u00e8re. Ce sentiment de pure pr\u00e9sence expliquera tout ce que vous avez besoin de comprendre. Vos efforts ne vous y m\u00e8neront pas, mais si vous devenez un avec ce sentiment de pr\u00e9sence, lui le r\u00e9alisera.<\/span><\/span><\/span><\/span><\/span><\/p>\n<p align=\"justify\"><i><b><span style=\"color: #000000;\"><span style=\"text-decoration: none;\"><span style=\"font-size: medium;\"><span style=\"letter-spacing: normal;\"><span lang=\"fr-FR\">Dois-je d\u00e9velopper ce sentiment de pr\u00e9sence tout au long de la journ\u00e9e, au cours de toutes mes activit\u00e9s ?<\/span><\/span><\/span><\/span><\/span><\/b><\/i><\/p>\n<p align=\"justify\"><span style=\"color: #000000;\"><span style=\"text-decoration: none;\"><span style=\"font-size: medium;\"><span style=\"letter-spacing: normal;\"><span lang=\"fr-FR\">Il est inutile de vous concentrer sur cette pr\u00e9sence, elle est toujours l\u00e0. L&rsquo;essence de vos actions, peu importe les\u00adquelles, est le corps-nourriture. Laissez le corps-nourriture faire son travail mais comprenez bien que ce qui effectue le travail n&rsquo;est pas vous, vous \u00eates uniquement le sentiment de pr\u00e9sence.<\/span><\/span><\/span><\/span><\/span><\/p>\n<p align=\"justify\"><span style=\"color: #000000;\"><span style=\"text-decoration: none;\"><span style=\"font-size: medium;\"><span style=\"letter-spacing: normal;\"><span lang=\"fr-FR\">Quels que soient vos efforts, physiques ou intellectuels, il s&rsquo;agira essentiellement d&rsquo;efforts du corps-nourriture. Pour vous il n&rsquo;y a rien \u00e0 faire. Tout ce qui doit se produire se produira de lui-m\u00eame, accompagn\u00e9 de la conviction d&rsquo;\u00eatre totalement \u00e0 l&rsquo;\u00e9cart du corps et de l&rsquo;intellect.<\/span><\/span><\/span><\/span><\/span><\/p>\n<p align=\"justify\"><i><b><span style=\"color: #000000;\"><span style=\"text-decoration: none;\"><span style=\"font-size: medium;\"><span style=\"letter-spacing: normal;\"><span lang=\"fr-FR\">\u00c0<\/span><\/span><\/span><\/span><\/span><span style=\"color: #000000;\"><span style=\"text-decoration: none;\"><span style=\"font-size: medium;\"><span style=\"letter-spacing: normal;\"><span lang=\"fr-FR\"> vous entendre cela semble facile, mais ce doit \u00eatre tr\u00e8s difficile \u00e0 r\u00e9aliser.<\/span><\/span><\/span><\/span><\/span><\/b><\/i><\/p>\n<p align=\"justify\"><span style=\"color: #000000;\"><span style=\"text-decoration: none;\"><span style=\"font-size: medium;\"><span style=\"letter-spacing: normal;\"><span lang=\"fr-FR\">Quoi que vous en pensiez, facile ou difficile, agrippez-vous \u00e0 une seule certitude : vous \u00eates ce sentiment de pr\u00e9sence et non pas le corps-nourriture. Ce que vous \u00eates n&rsquo;a ni forme ni couleur.<\/span><\/span><\/span><\/span><\/span><\/p>\n<p align=\"justify\"><i><b><span style=\"color: #000000;\"><span style=\"text-decoration: none;\"><span style=\"font-size: medium;\"><span style=\"letter-spacing: normal;\"><span lang=\"fr-FR\">Ce sentiment de pr\u00e9sence persiste-t-il apr\u00e8s la disparition du corps et de l&rsquo;intelligence ?<\/span><\/span><\/span><\/span><\/span><\/b><\/i><\/p>\n<p align=\"justify\"><span style=\"color: #000000;\"><span style=\"text-decoration: none;\"><span style=\"font-size: medium;\"><span style=\"letter-spacing: normal;\"><span lang=\"fr-FR\">Quand le corps s&rsquo;affaisse, ce sentiment de pr\u00e9sence dis\u00adpara\u00eet et la conscience n&rsquo;est plus consciente d&rsquo;elle-m\u00eame.<\/span><\/span><\/span><\/span><\/span><\/p>\n<p align=\"justify\"><i><b><span style=\"color: #000000;\"><span style=\"text-decoration: none;\"><span style=\"font-size: medium;\"><span style=\"letter-spacing: normal;\"><span lang=\"fr-FR\">Quand le corps s&rsquo;en va alors, tout s&rsquo;en va ?<\/span><\/span><\/span><\/span><\/span><\/b><\/i><\/p>\n<p align=\"justify\"><span style=\"color: #000000;\"><span style=\"text-decoration: none;\"><span style=\"font-size: medium;\"><span style=\"letter-spacing: normal;\"><span lang=\"fr-FR\">Exact. Il n&rsquo;y a plus aucune exp\u00e9rience, ni joie, ni chagrin. Ni l&rsquo;une ni l&rsquo;autre ne sont n\u00e9cessaires.<\/span><\/span><\/span><\/span><\/span><\/p>\n<p align=\"justify\"><i><b><span style=\"color: #000000;\"><span style=\"text-decoration: none;\"><span style=\"font-size: medium;\"><span style=\"letter-spacing: normal;\"><span lang=\"fr-FR\">Il n&rsquo;y a donc rien qui continue&#8230; rien ?<\/span><\/span><\/span><\/span><\/span><\/b><\/i><\/p>\n<p align=\"justify\"><span style=\"color: #000000;\"><span style=\"text-decoration: none;\"><span style=\"font-size: medium;\"><span style=\"letter-spacing: normal;\"><span lang=\"fr-FR\">Vous raisonnez sur des concepts ! Quand tout a disparu, qu&rsquo;est-ce qui peut vouloir subsister ? Oubliez cet \u00e9tat ultime.<\/span><\/span><\/span><\/span><\/span><\/p>\n<p align=\"justify\"><i><b><span style=\"color: #000000;\"><span style=\"text-decoration: none;\"><span style=\"font-size: medium;\"><span style=\"letter-spacing: normal;\"><span lang=\"fr-FR\">Justement&#8230; je voudrais le comprendre !<\/span><\/span><\/span><\/span><\/span><\/b><\/i><\/p>\n<p align=\"justify\"><span style=\"color: #000000;\"><span style=\"text-decoration: none;\"><span style=\"font-size: medium;\"><span style=\"letter-spacing: normal;\"><span lang=\"fr-FR\">Ce qui peut \u00eatre compris ou per\u00e7u ne peut jamais \u00eatre la v\u00e9rit\u00e9 \u00e9ternelle. L&rsquo;inconnu est la v\u00e9rit\u00e9. Je n&rsquo;ai aucun besoin d&rsquo;exp\u00e9rience, je n&rsquo;ai donc aucun besoin de me disputer avec qui que ce soit. Le corps et l&rsquo;in\u00adtellect vont continuer \u00e0 accomplir ce dont ils ont envie ou besoin durant le temps qui leur a \u00e9t\u00e9 allou\u00e9.<\/span><\/span><\/span><\/span><\/span><\/p>\n<p align=\"justify\"><i><b><span style=\"color: #000000;\"><span style=\"text-decoration: none;\"><span style=\"font-size: medium;\"><span style=\"letter-spacing: normal;\"><span lang=\"fr-FR\">N&rsquo;est-il pas souhaitable de faire certaines choses plut\u00f4t que d&rsquo;autres ? Par exemple je pourrais rester assis et ne rien faire de ce corps et de cet intellect, ou bien sortir et aider les autres \u00e0 accomplir des choses utiles. Quelle attitude est la meilleure ?<\/span><\/span><\/span><\/span><\/span><\/b><\/i><\/p>\n<p align=\"justify\"><span style=\"color: #000000;\"><span style=\"text-decoration: none;\"><span style=\"font-size: medium;\"><span style=\"letter-spacing: normal;\"><span lang=\"fr-FR\">Le corps et l&rsquo;intellect accompliront tout ce qui rel\u00e8ve naturellement de cette combinaison intellect-corps.<\/span><\/span><\/span><\/span><\/span><\/p>\n<p align=\"justify\"><i><b><span style=\"color: #000000;\"><span style=\"text-decoration: none;\"><span style=\"font-size: medium;\"><span style=\"letter-spacing: normal;\"><span lang=\"fr-FR\">Mais il y a des choses que l&rsquo;on peut contr\u00f4ler. Vous pouvez trop manger par exemple, ou trop boire ; ou au con\u00adtraire faire de bonnes actions, aider les autres !<\/span><\/span><\/span><\/span><\/span><\/b><\/i><\/p>\n<p align=\"justify\"><span style=\"color: #000000;\"><span style=\"text-decoration: none;\"><span style=\"font-size: medium;\"><span style=\"letter-spacing: normal;\"><span lang=\"fr-FR\">Il s&rsquo;agit des \u00ab faire \u00bb et \u00ab ne-pas-faire \u00bb concernant l&rsquo;intellect-corps \u2013 ce que vous n&rsquo;\u00eates pas. C&rsquo;est l\u00e0 que tout a commenc\u00e9. Comprenez que sans corps, la conscience n&rsquo;est pas consciente d&rsquo;elle-m\u00eame et tant que le corps est l\u00e0, <\/span><\/span><\/span><\/span><\/span><span style=\"color: #000000;\"><span style=\"text-decoration: none;\"><span style=\"font-size: medium;\"><span style=\"letter-spacing: normal;\"><span lang=\"fr-FR\">il<\/span><\/span><\/span><\/span><\/span><span style=\"color: #000000;\"><span style=\"text-decoration: none;\"><span style=\"font-size: medium;\"><span style=\"letter-spacing: normal;\"><span lang=\"fr-FR\">d<\/span><\/span><\/span><\/span><\/span><span style=\"color: #000000;\"><span style=\"text-decoration: none;\"><span style=\"font-size: medium;\"><span style=\"letter-spacing: normal;\"><span lang=\"fr-FR\">o<\/span><\/span><\/span><\/span><\/span><span style=\"color: #000000;\"><span style=\"text-decoration: none;\"><span style=\"font-size: medium;\"><span style=\"letter-spacing: normal;\"><span lang=\"fr-FR\">i<\/span><\/span><\/span><\/span><\/span><span style=\"color: #000000;\"><span style=\"text-decoration: none;\"><span style=\"font-size: medium;\"><span style=\"letter-spacing: normal;\"><span lang=\"fr-FR\">t assumer ses fonctions naturelles.<\/span><\/span><\/span><\/span><\/span><\/p>\n<p align=\"justify\"><i><b><span style=\"color: #000000;\"><span style=\"text-decoration: none;\"><span style=\"font-size: medium;\"><span style=\"letter-spacing: normal;\"><span lang=\"fr-FR\">Alors je lui laisse faire tout ce qui est naturel ?<\/span><\/span><\/span><\/span><\/span><\/b><\/i><\/p>\n<p align=\"justify\"><span style=\"color: #000000;\"><span style=\"text-decoration: none;\"><span style=\"font-size: medium;\"><span style=\"letter-spacing: normal;\"><span lang=\"fr-FR\">Il n&rsquo;est pas question de laisser faire ou de permettre quoi que ce soit, cela aura lieu ! Vous n&rsquo;avez l\u00e0-dessus aucun contr\u00f4le.<\/span><\/span><\/span><\/span><\/span><\/p>\n<p align=\"justify\"><i><b><span style=\"color: #000000;\"><span style=\"text-decoration: none;\"><span style=\"font-size: medium;\"><span style=\"letter-spacing: normal;\"><span lang=\"fr-FR\">Mais il y a des choses que je peux diriger. Je peux monter vous voir ou rester dans la rue, c&rsquo;est moi qui d\u00e9cide.<\/span><\/span><\/span><\/span><\/span><\/b><\/i><\/p>\n<p align=\"justify\"><span style=\"color: #000000;\"><span style=\"text-decoration: none;\"><span style=\"font-size: medium;\"><span style=\"letter-spacing: normal;\"><span lang=\"fr-FR\">C&rsquo;est une conception erron\u00e9e. Ce qui arrive, arrive de soi-m\u00eame. Tout ceci n&rsquo;est qu&rsquo;une expression de la conscience, une pr\u00e9sentation, un show mont\u00e9 par la conscience. Sa nature est changement, c&rsquo;est la danse de la pr\u00e9sence consciente. Cette conscience se distrait de multiple fa\u00e7ons, de nombreuses for\u00admes, possibilit\u00e9s, capacit\u00e9s entrent en jeu, mais cet ensemble d&rsquo;activit\u00e9s n&rsquo;a pour seul but que de la distraire. Quand elle est fatigu\u00e9e, elle se repose dans le sommeil mais sit\u00f4t r\u00e9veill\u00e9e elle a besoin d&rsquo;une nouvelle forme de distraction et il faut bouger, faire quelque chose. <\/span><\/span><\/span><\/span><\/span><\/p>\n<p align=\"justify\"><span style=\"color: #000000;\"><span style=\"text-decoration: none;\"><span style=\"font-size: medium;\"><span style=\"letter-spacing: normal;\"><span lang=\"fr-FR\">Tout cela n&rsquo;est qu&rsquo;apparences dans la conscience, chaque apparence aura sa long\u00e9vit\u00e9 particuli\u00e8re mais fondamentale\u00adment rien de ce qui arrive n&rsquo;a aucune validit\u00e9 ou importance. Jusqu&rsquo;\u00e0 l&rsquo;\u00e9veil, jusqu&rsquo;\u00e0 la compr\u00e9hension profonde, vous conser\u00adverez la conviction d&rsquo;agir par vous-m\u00eame, mais quand l&rsquo;aperception juste se produira, alors vous saurez qu&rsquo;il n&rsquo;y a aucune entit\u00e9 agissante.<\/span><\/span><\/span><\/span><\/span><\/p>\n<p align=\"justify\"><i><b><span style=\"color: #000000;\"><span style=\"text-decoration: none;\"><span style=\"font-size: medium;\"><span style=\"letter-spacing: normal;\"><span lang=\"fr-FR\">Pourtant, il me semble qu&rsquo;il vaut mieux accomplir des bonnes actions plut\u00f4t que des mauvaises !<\/span><\/span><\/span><\/span><\/span><\/b><\/i><\/p>\n<p align=\"justify\"><span style=\"color: #000000;\"><span style=\"text-decoration: none;\"><span style=\"font-size: medium;\"><span style=\"letter-spacing: normal;\"><span lang=\"fr-FR\">Qu&rsquo;entendez-vous par bonnes et mauvaises actions ? Une bonne action dans un certain ensemble de circonstances, peut dans un autre ensemble de circonstances, \u00eatre mauvaise: M\u00eame les choses consid\u00e9r\u00e9es par vous comme les meilleures ne peu\u00advent se maintenir qu&rsquo;aussi longtemps que le corps est l\u00e0. Bien rare est celui \u00e0 m\u00eame de comprendre qu&rsquo;il n&rsquo;y a rien \u00e0 faire \u2013 il est d\u00e9j\u00e0 Cela.<\/span><\/span><\/span><\/span><\/span><\/p>\n<p align=\"justify\"><i><b><span style=\"color: #000000;\"><span style=\"text-decoration: none;\"><span style=\"font-size: medium;\"><span style=\"letter-spacing: normal;\"><span lang=\"fr-FR\">Maharaj nous aide, est-ce un \u00e9tat de volition ?<\/span><\/span><\/span><\/span><\/span><\/b><\/i><\/p>\n<p align=\"justify\"><span style=\"color: #000000;\"><span style=\"text-decoration: none;\"><span style=\"font-size: medium;\"><span style=\"letter-spacing: normal;\"><span lang=\"fr-FR\">C&rsquo;est une partie du fonctionnement total. Ce qui arrive est une sorte d&rsquo;\u00e9tat de r\u00eave et chaque \u00e9v\u00e9nement est une partie du r\u00eave. Ce qui arrive \u00e0 travers moi, que ce soit spirituel ou mat\u00e9riel, ne se prolonge pas en multiples modifications intellectuelles parce que toute action est \u00e0 la fois spirituelle et universelle. C&rsquo;est pas sa stabilisation dans l&rsquo;inconnu que la spiritualit\u00e9 est parfaite.<\/span><\/span><\/span><\/span><\/span><\/p>\n<p align=\"justify\"><span style=\"color: #000000;\"><span style=\"text-decoration: none;\"><span style=\"font-size: medium;\"><span style=\"letter-spacing: normal;\"><span lang=\"fr-FR\">Il m&rsquo;arrive tr\u00e8s souvent d&rsquo;\u00eatre le t\u00e9moin de souffrances physiques parce que corps et conscience sont toujours l\u00e0, ins\u00adtruments enregistrant plaisir et souffrance. La souffrance est principalement enregistr\u00e9e par suite du mauvais \u00e9tat de ma sant\u00e9. Tout \u00e0 l&rsquo;heure j&rsquo;\u00e9tais ainsi t\u00e9moin de cette souffrance mais depuis que vous \u00eates arriv\u00e9 elle est partie. Quand vous vous \u00eates \u00e9tabli, fix\u00e9 dans la conscience, elle d\u00e9borde de joie. Je vivais \u00e9tabli dans cette conscience inond\u00e9e de joie mais soudain la maladie s&rsquo;est manifest\u00e9e et la douleur est apparue.<\/span><\/span><\/span><\/span><\/span><\/p>\n<p align=\"justify\"><span style=\"color: #000000;\"><span style=\"text-decoration: none;\"><span style=\"font-size: medium;\"><span style=\"letter-spacing: normal;\"><span lang=\"fr-FR\">Tant que vous serez fermement \u00e9tabli dans la conscience et ne p\u00e2tirez pas de d\u00e9sordres physiques, vous n&rsquo;aurez aucune exp\u00e9rience de la douleur. Cette joie est la qualit\u00e9 intrins\u00e8que de la conscience. Vous, vous \u00eates ant\u00e9rieur \u00e0 la conscience, \u00e0 ce niveau il n&rsquo;y a ni plaisir, ni souffrance.<\/span><\/span><\/span><\/span><\/span><\/p>\n<p align=\"justify\"><span style=\"color: #000000;\"><span style=\"text-decoration: none;\"><span style=\"font-size: medium;\"><span style=\"letter-spacing: normal;\"><span lang=\"fr-FR\">L&rsquo;association corps et conscience est quelque chose comme \u00e7a. C\u00e9libataire vous menez une vie libre et d\u00e9tendue ; ayant pris femme, vous d\u00e9couvrez plaisir et souffrance. C&rsquo;est exac\u00adtement comme \u00e7a ! (rires)<\/span><\/span><\/span><\/span><\/span><\/p>\n<p align=\"justify\"><i><b><span style=\"color: #000000;\"><span style=\"text-decoration: none;\"><span style=\"font-size: medium;\"><span style=\"letter-spacing: normal;\"><span lang=\"fr-FR\">Comment puis-je atteindre cet \u00e9tat ?<\/span><\/span><\/span><\/span><\/span><\/b><\/i><\/p>\n<p align=\"justify\"><span style=\"color: #000000;\"><span style=\"text-decoration: none;\"><span style=\"font-size: medium;\"><span style=\"letter-spacing: normal;\"><span lang=\"fr-FR\">Il est toujours l\u00e0. C&rsquo;est l&rsquo;\u00e9tat premier mais il est au-del\u00e0 de la connaissance. Cet \u00e9tat ne peut pas \u00eatre \u00e9lucid\u00e9, tout ce que je vous dis ne peut que d\u00e9signer, pointer : \u00ab c&rsquo;est l\u00e0 \u00bb. Les mots ne peuvent p\u00e9n\u00e9trer ce niveau.<\/span><\/span><\/span><\/span><\/span><\/p>\n<p align=\"right\"><span style=\"color: #000000;\"><span style=\"text-decoration: none;\"><span style=\"font-size: medium;\"><span style=\"letter-spacing: normal;\"><span lang=\"fr-FR\">(Traduit de l&rsquo;anglais par Paul Vervisch)<\/span><\/span><\/span><\/span><\/span><\/p>\n","protected":false},"excerpt":{"rendered":"<p>Il est inutile de vous concentrer sur cette pr\u00e9sence, elle est toujours l\u00e0. L&rsquo;essence de vos actions, peu importe les\u00adquelles, est le corps-nourriture. Laissez le corps-nourriture faire son travail mais comprenez bien que ce qui effectue le travail n&rsquo;est pas vous, vous \u00eates uniquement le sentiment de pr\u00e9sence. Quels que soient vos efforts, physiques ou intellectuels, il s&rsquo;agira essentiellement d&rsquo;efforts du corps-nourriture. Pour vous il n&rsquo;y a rien \u00e0 faire. Tout ce qui doit se produire se produira de lui-m\u00eame, accompagn\u00e9 de la conviction d&rsquo;\u00eatre totalement \u00e0 l&rsquo;\u00e9cart du corps et de l&rsquo;intellect.<\/p>\n","protected":false},"author":1,"featured_media":15900,"comment_status":"closed","ping_status":"closed","sticky":false,"template":"","format":"standard","meta":{"footnotes":""},"categories":[5,1248],"tags":[8,139],"class_list":["post-16422","post","type-post","status-publish","format-standard","has-post-thumbnail","hentry","category-interview","category-nisargadatta-auteurs-n-p","tag-non-dualite","tag-presence"],"yoast_head":"<!-- This site is optimized with the Yoast SEO plugin v27.0 - https:\/\/yoast.com\/product\/yoast-seo-wordpress\/ -->\n<title>Le sentiment de pr\u00e9sence. Entretien avec Nisargadatta Maharaj (1981) - 3e mill\u00e9naire - Spiritualit\u00e9 - Connaissance de soi - Non-dualit\u00e9 - M\u00e9ditation<\/title>\n<meta name=\"robots\" content=\"index, follow, max-snippet:-1, max-image-preview:large, max-video-preview:-1\" \/>\n<link rel=\"canonical\" href=\"https:\/\/www.revue3emillenaire.com\/blog\/le-sentiment-de-presence-entretien-avec-nisargadatta-maharaj-1981\/\" \/>\n<meta property=\"og:locale\" content=\"fr_FR\" \/>\n<meta property=\"og:type\" content=\"article\" \/>\n<meta property=\"og:title\" content=\"Le sentiment de pr\u00e9sence. Entretien avec Nisargadatta Maharaj (1981) - 3e mill\u00e9naire - Spiritualit\u00e9 - Connaissance de soi - Non-dualit\u00e9 - M\u00e9ditation\" \/>\n<meta property=\"og:description\" content=\"Il est inutile de vous concentrer sur cette pr\u00e9sence, elle est toujours l\u00e0. L&#039;essence de vos actions, peu importe les\u00adquelles, est le corps-nourriture. Laissez le corps-nourriture faire son travail mais comprenez bien que ce qui effectue le travail n&#039;est pas vous, vous \u00eates uniquement le sentiment de pr\u00e9sence. Quels que soient vos efforts, physiques ou intellectuels, il s&#039;agira essentiellement d&#039;efforts du corps-nourriture. Pour vous il n&#039;y a rien \u00e0 faire. Tout ce qui doit se produire se produira de lui-m\u00eame, accompagn\u00e9 de la conviction d&#039;\u00eatre totalement \u00e0 l&#039;\u00e9cart du corps et de l&#039;intellect.\" \/>\n<meta property=\"og:url\" content=\"https:\/\/www.revue3emillenaire.com\/blog\/le-sentiment-de-presence-entretien-avec-nisargadatta-maharaj-1981\/\" \/>\n<meta property=\"og:site_name\" content=\"3e mill\u00e9naire - Spiritualit\u00e9 - Connaissance de soi - Non-dualit\u00e9 - M\u00e9ditation\" \/>\n<meta property=\"article:published_time\" content=\"2015-02-03T02:13:35+00:00\" \/>\n<meta property=\"article:modified_time\" content=\"2015-04-03T02:11:27+00:00\" \/>\n<meta property=\"og:image\" content=\"https:\/\/www.revue3emillenaire.com\/blog\/wp-content\/uploads\/2014\/04\/Nisargadatta_Maharaj.jpg\" \/>\n\t<meta property=\"og:image:width\" content=\"299\" \/>\n\t<meta property=\"og:image:height\" content=\"337\" \/>\n\t<meta property=\"og:image:type\" content=\"image\/jpeg\" \/>\n<meta name=\"author\" content=\"3e mill\u00e9naire\" \/>\n<meta name=\"twitter:card\" content=\"summary_large_image\" \/>\n<meta name=\"twitter:label1\" content=\"\u00c9crit par\" \/>\n\t<meta name=\"twitter:data1\" content=\"3e mill\u00e9naire\" \/>\n\t<meta name=\"twitter:label2\" content=\"Dur\u00e9e de lecture estim\u00e9e\" \/>\n\t<meta name=\"twitter:data2\" content=\"7 minutes\" \/>\n<script type=\"application\/ld+json\" class=\"yoast-schema-graph\">{\"@context\":\"https:\/\/schema.org\",\"@graph\":[{\"@type\":\"Article\",\"@id\":\"https:\/\/www.revue3emillenaire.com\/blog\/le-sentiment-de-presence-entretien-avec-nisargadatta-maharaj-1981\/#article\",\"isPartOf\":{\"@id\":\"https:\/\/www.revue3emillenaire.com\/blog\/le-sentiment-de-presence-entretien-avec-nisargadatta-maharaj-1981\/\"},\"author\":{\"name\":\"3e mill\u00e9naire\",\"@id\":\"https:\/\/www.revue3emillenaire.com\/blog\/#\/schema\/person\/9a3a7cc4ccaa707f402d4394327106d5\"},\"headline\":\"Le sentiment de pr\u00e9sence. Entretien avec Nisargadatta Maharaj (1981)\",\"datePublished\":\"2015-02-03T02:13:35+00:00\",\"dateModified\":\"2015-04-03T02:11:27+00:00\",\"mainEntityOfPage\":{\"@id\":\"https:\/\/www.revue3emillenaire.com\/blog\/le-sentiment-de-presence-entretien-avec-nisargadatta-maharaj-1981\/\"},\"wordCount\":1318,\"image\":{\"@id\":\"https:\/\/www.revue3emillenaire.com\/blog\/le-sentiment-de-presence-entretien-avec-nisargadatta-maharaj-1981\/#primaryimage\"},\"thumbnailUrl\":\"https:\/\/www.revue3emillenaire.com\/blog\/wp-content\/uploads\/2014\/04\/Nisargadatta_Maharaj.jpg\",\"keywords\":[\"Non-dualit\u00e9\",\"pr\u00e9sence\"],\"articleSection\":[\"Entretien\/Interview\",\"Nisargadatta\"],\"inLanguage\":\"fr-FR\"},{\"@type\":\"WebPage\",\"@id\":\"https:\/\/www.revue3emillenaire.com\/blog\/le-sentiment-de-presence-entretien-avec-nisargadatta-maharaj-1981\/\",\"url\":\"https:\/\/www.revue3emillenaire.com\/blog\/le-sentiment-de-presence-entretien-avec-nisargadatta-maharaj-1981\/\",\"name\":\"Le sentiment de pr\u00e9sence. Entretien avec Nisargadatta Maharaj (1981) - 3e mill\u00e9naire - Spiritualit\u00e9 - Connaissance de soi - Non-dualit\u00e9 - M\u00e9ditation\",\"isPartOf\":{\"@id\":\"https:\/\/www.revue3emillenaire.com\/blog\/#website\"},\"primaryImageOfPage\":{\"@id\":\"https:\/\/www.revue3emillenaire.com\/blog\/le-sentiment-de-presence-entretien-avec-nisargadatta-maharaj-1981\/#primaryimage\"},\"image\":{\"@id\":\"https:\/\/www.revue3emillenaire.com\/blog\/le-sentiment-de-presence-entretien-avec-nisargadatta-maharaj-1981\/#primaryimage\"},\"thumbnailUrl\":\"https:\/\/www.revue3emillenaire.com\/blog\/wp-content\/uploads\/2014\/04\/Nisargadatta_Maharaj.jpg\",\"datePublished\":\"2015-02-03T02:13:35+00:00\",\"dateModified\":\"2015-04-03T02:11:27+00:00\",\"author\":{\"@id\":\"https:\/\/www.revue3emillenaire.com\/blog\/#\/schema\/person\/9a3a7cc4ccaa707f402d4394327106d5\"},\"breadcrumb\":{\"@id\":\"https:\/\/www.revue3emillenaire.com\/blog\/le-sentiment-de-presence-entretien-avec-nisargadatta-maharaj-1981\/#breadcrumb\"},\"inLanguage\":\"fr-FR\",\"potentialAction\":[{\"@type\":\"ReadAction\",\"target\":[\"https:\/\/www.revue3emillenaire.com\/blog\/le-sentiment-de-presence-entretien-avec-nisargadatta-maharaj-1981\/\"]}]},{\"@type\":\"ImageObject\",\"inLanguage\":\"fr-FR\",\"@id\":\"https:\/\/www.revue3emillenaire.com\/blog\/le-sentiment-de-presence-entretien-avec-nisargadatta-maharaj-1981\/#primaryimage\",\"url\":\"https:\/\/www.revue3emillenaire.com\/blog\/wp-content\/uploads\/2014\/04\/Nisargadatta_Maharaj.jpg\",\"contentUrl\":\"https:\/\/www.revue3emillenaire.com\/blog\/wp-content\/uploads\/2014\/04\/Nisargadatta_Maharaj.jpg\",\"width\":\"299\",\"height\":\"337\"},{\"@type\":\"BreadcrumbList\",\"@id\":\"https:\/\/www.revue3emillenaire.com\/blog\/le-sentiment-de-presence-entretien-avec-nisargadatta-maharaj-1981\/#breadcrumb\",\"itemListElement\":[{\"@type\":\"ListItem\",\"position\":1,\"name\":\"Accueil\",\"item\":\"https:\/\/www.revue3emillenaire.com\/blog\/\"},{\"@type\":\"ListItem\",\"position\":2,\"name\":\"Le sentiment de pr\u00e9sence. Entretien avec Nisargadatta Maharaj (1981)\"}]},{\"@type\":\"WebSite\",\"@id\":\"https:\/\/www.revue3emillenaire.com\/blog\/#website\",\"url\":\"https:\/\/www.revue3emillenaire.com\/blog\/\",\"name\":\"3e mill\u00e9naire - Spiritualit\u00e9 - Connaissance de soi - Non-dualit\u00e9 - M\u00e9ditation\",\"description\":\"L&#039;Homme en devenir\",\"potentialAction\":[{\"@type\":\"SearchAction\",\"target\":{\"@type\":\"EntryPoint\",\"urlTemplate\":\"https:\/\/www.revue3emillenaire.com\/blog\/?s={search_term_string}\"},\"query-input\":{\"@type\":\"PropertyValueSpecification\",\"valueRequired\":true,\"valueName\":\"search_term_string\"}}],\"inLanguage\":\"fr-FR\"},{\"@type\":\"Person\",\"@id\":\"https:\/\/www.revue3emillenaire.com\/blog\/#\/schema\/person\/9a3a7cc4ccaa707f402d4394327106d5\",\"name\":\"3e mill\u00e9naire\",\"url\":\"https:\/\/www.revue3emillenaire.com\/blog\/author\/admin\/\"}]}<\/script>\n<!-- \/ Yoast SEO plugin. -->","yoast_head_json":{"title":"Le sentiment de pr\u00e9sence. Entretien avec Nisargadatta Maharaj (1981) - 3e mill\u00e9naire - Spiritualit\u00e9 - Connaissance de soi - Non-dualit\u00e9 - M\u00e9ditation","robots":{"index":"index","follow":"follow","max-snippet":"max-snippet:-1","max-image-preview":"max-image-preview:large","max-video-preview":"max-video-preview:-1"},"canonical":"https:\/\/www.revue3emillenaire.com\/blog\/le-sentiment-de-presence-entretien-avec-nisargadatta-maharaj-1981\/","og_locale":"fr_FR","og_type":"article","og_title":"Le sentiment de pr\u00e9sence. Entretien avec Nisargadatta Maharaj (1981) - 3e mill\u00e9naire - Spiritualit\u00e9 - Connaissance de soi - Non-dualit\u00e9 - M\u00e9ditation","og_description":"Il est inutile de vous concentrer sur cette pr\u00e9sence, elle est toujours l\u00e0. L'essence de vos actions, peu importe les\u00adquelles, est le corps-nourriture. Laissez le corps-nourriture faire son travail mais comprenez bien que ce qui effectue le travail n'est pas vous, vous \u00eates uniquement le sentiment de pr\u00e9sence. Quels que soient vos efforts, physiques ou intellectuels, il s'agira essentiellement d'efforts du corps-nourriture. Pour vous il n'y a rien \u00e0 faire. Tout ce qui doit se produire se produira de lui-m\u00eame, accompagn\u00e9 de la conviction d'\u00eatre totalement \u00e0 l'\u00e9cart du corps et de l'intellect.","og_url":"https:\/\/www.revue3emillenaire.com\/blog\/le-sentiment-de-presence-entretien-avec-nisargadatta-maharaj-1981\/","og_site_name":"3e mill\u00e9naire - Spiritualit\u00e9 - Connaissance de soi - Non-dualit\u00e9 - M\u00e9ditation","article_published_time":"2015-02-03T02:13:35+00:00","article_modified_time":"2015-04-03T02:11:27+00:00","og_image":[{"width":299,"height":337,"url":"https:\/\/www.revue3emillenaire.com\/blog\/wp-content\/uploads\/2014\/04\/Nisargadatta_Maharaj.jpg","type":"image\/jpeg"}],"author":"3e mill\u00e9naire","twitter_card":"summary_large_image","twitter_misc":{"\u00c9crit par":"3e mill\u00e9naire","Dur\u00e9e de lecture estim\u00e9e":"7 minutes"},"schema":{"@context":"https:\/\/schema.org","@graph":[{"@type":"Article","@id":"https:\/\/www.revue3emillenaire.com\/blog\/le-sentiment-de-presence-entretien-avec-nisargadatta-maharaj-1981\/#article","isPartOf":{"@id":"https:\/\/www.revue3emillenaire.com\/blog\/le-sentiment-de-presence-entretien-avec-nisargadatta-maharaj-1981\/"},"author":{"name":"3e mill\u00e9naire","@id":"https:\/\/www.revue3emillenaire.com\/blog\/#\/schema\/person\/9a3a7cc4ccaa707f402d4394327106d5"},"headline":"Le sentiment de pr\u00e9sence. Entretien avec Nisargadatta Maharaj (1981)","datePublished":"2015-02-03T02:13:35+00:00","dateModified":"2015-04-03T02:11:27+00:00","mainEntityOfPage":{"@id":"https:\/\/www.revue3emillenaire.com\/blog\/le-sentiment-de-presence-entretien-avec-nisargadatta-maharaj-1981\/"},"wordCount":1318,"image":{"@id":"https:\/\/www.revue3emillenaire.com\/blog\/le-sentiment-de-presence-entretien-avec-nisargadatta-maharaj-1981\/#primaryimage"},"thumbnailUrl":"https:\/\/www.revue3emillenaire.com\/blog\/wp-content\/uploads\/2014\/04\/Nisargadatta_Maharaj.jpg","keywords":["Non-dualit\u00e9","pr\u00e9sence"],"articleSection":["Entretien\/Interview","Nisargadatta"],"inLanguage":"fr-FR"},{"@type":"WebPage","@id":"https:\/\/www.revue3emillenaire.com\/blog\/le-sentiment-de-presence-entretien-avec-nisargadatta-maharaj-1981\/","url":"https:\/\/www.revue3emillenaire.com\/blog\/le-sentiment-de-presence-entretien-avec-nisargadatta-maharaj-1981\/","name":"Le sentiment de pr\u00e9sence. Entretien avec Nisargadatta Maharaj (1981) - 3e mill\u00e9naire - Spiritualit\u00e9 - Connaissance de soi - Non-dualit\u00e9 - M\u00e9ditation","isPartOf":{"@id":"https:\/\/www.revue3emillenaire.com\/blog\/#website"},"primaryImageOfPage":{"@id":"https:\/\/www.revue3emillenaire.com\/blog\/le-sentiment-de-presence-entretien-avec-nisargadatta-maharaj-1981\/#primaryimage"},"image":{"@id":"https:\/\/www.revue3emillenaire.com\/blog\/le-sentiment-de-presence-entretien-avec-nisargadatta-maharaj-1981\/#primaryimage"},"thumbnailUrl":"https:\/\/www.revue3emillenaire.com\/blog\/wp-content\/uploads\/2014\/04\/Nisargadatta_Maharaj.jpg","datePublished":"2015-02-03T02:13:35+00:00","dateModified":"2015-04-03T02:11:27+00:00","author":{"@id":"https:\/\/www.revue3emillenaire.com\/blog\/#\/schema\/person\/9a3a7cc4ccaa707f402d4394327106d5"},"breadcrumb":{"@id":"https:\/\/www.revue3emillenaire.com\/blog\/le-sentiment-de-presence-entretien-avec-nisargadatta-maharaj-1981\/#breadcrumb"},"inLanguage":"fr-FR","potentialAction":[{"@type":"ReadAction","target":["https:\/\/www.revue3emillenaire.com\/blog\/le-sentiment-de-presence-entretien-avec-nisargadatta-maharaj-1981\/"]}]},{"@type":"ImageObject","inLanguage":"fr-FR","@id":"https:\/\/www.revue3emillenaire.com\/blog\/le-sentiment-de-presence-entretien-avec-nisargadatta-maharaj-1981\/#primaryimage","url":"https:\/\/www.revue3emillenaire.com\/blog\/wp-content\/uploads\/2014\/04\/Nisargadatta_Maharaj.jpg","contentUrl":"https:\/\/www.revue3emillenaire.com\/blog\/wp-content\/uploads\/2014\/04\/Nisargadatta_Maharaj.jpg","width":"299","height":"337"},{"@type":"BreadcrumbList","@id":"https:\/\/www.revue3emillenaire.com\/blog\/le-sentiment-de-presence-entretien-avec-nisargadatta-maharaj-1981\/#breadcrumb","itemListElement":[{"@type":"ListItem","position":1,"name":"Accueil","item":"https:\/\/www.revue3emillenaire.com\/blog\/"},{"@type":"ListItem","position":2,"name":"Le sentiment de pr\u00e9sence. Entretien avec Nisargadatta Maharaj (1981)"}]},{"@type":"WebSite","@id":"https:\/\/www.revue3emillenaire.com\/blog\/#website","url":"https:\/\/www.revue3emillenaire.com\/blog\/","name":"3e mill\u00e9naire - Spiritualit\u00e9 - Connaissance de soi - Non-dualit\u00e9 - M\u00e9ditation","description":"L&#039;Homme en devenir","potentialAction":[{"@type":"SearchAction","target":{"@type":"EntryPoint","urlTemplate":"https:\/\/www.revue3emillenaire.com\/blog\/?s={search_term_string}"},"query-input":{"@type":"PropertyValueSpecification","valueRequired":true,"valueName":"search_term_string"}}],"inLanguage":"fr-FR"},{"@type":"Person","@id":"https:\/\/www.revue3emillenaire.com\/blog\/#\/schema\/person\/9a3a7cc4ccaa707f402d4394327106d5","name":"3e mill\u00e9naire","url":"https:\/\/www.revue3emillenaire.com\/blog\/author\/admin\/"}]}},"_links":{"self":[{"href":"https:\/\/www.revue3emillenaire.com\/blog\/wp-json\/wp\/v2\/posts\/16422","targetHints":{"allow":["GET"]}}],"collection":[{"href":"https:\/\/www.revue3emillenaire.com\/blog\/wp-json\/wp\/v2\/posts"}],"about":[{"href":"https:\/\/www.revue3emillenaire.com\/blog\/wp-json\/wp\/v2\/types\/post"}],"author":[{"embeddable":true,"href":"https:\/\/www.revue3emillenaire.com\/blog\/wp-json\/wp\/v2\/users\/1"}],"replies":[{"embeddable":true,"href":"https:\/\/www.revue3emillenaire.com\/blog\/wp-json\/wp\/v2\/comments?post=16422"}],"version-history":[{"count":0,"href":"https:\/\/www.revue3emillenaire.com\/blog\/wp-json\/wp\/v2\/posts\/16422\/revisions"}],"wp:featuredmedia":[{"embeddable":true,"href":"https:\/\/www.revue3emillenaire.com\/blog\/wp-json\/wp\/v2\/media\/15900"}],"wp:attachment":[{"href":"https:\/\/www.revue3emillenaire.com\/blog\/wp-json\/wp\/v2\/media?parent=16422"}],"wp:term":[{"taxonomy":"category","embeddable":true,"href":"https:\/\/www.revue3emillenaire.com\/blog\/wp-json\/wp\/v2\/categories?post=16422"},{"taxonomy":"post_tag","embeddable":true,"href":"https:\/\/www.revue3emillenaire.com\/blog\/wp-json\/wp\/v2\/tags?post=16422"}],"curies":[{"name":"wp","href":"https:\/\/api.w.org\/{rel}","templated":true}]}}