{"id":16433,"date":"2015-02-12T01:47:39","date_gmt":"2015-02-12T00:47:39","guid":{"rendered":"http:\/\/www.revue3emillenaire.com\/blog\/?p=16433"},"modified":"2015-02-12T01:48:39","modified_gmt":"2015-02-12T00:48:39","slug":"lame-de-la-foret-par-georges-becker","status":"publish","type":"post","link":"https:\/\/www.revue3emillenaire.com\/blog\/lame-de-la-foret-par-georges-becker\/","title":{"rendered":"L&rsquo;\u00c2me de la for\u00eat par Georges Becker"},"content":{"rendered":"<p class=\"western\" align=\"justify\">(Revue Co\u00c9volution. No 15. Hiver 1983-1984)<\/p>\n<p class=\"western\" align=\"justify\"><span style=\"color: #000000;\"><span style=\"text-decoration: none;\"><span style=\"font-size: medium;\"><span style=\"letter-spacing: normal;\"><span lang=\"fr-FR\">Il y a quelque temps, j&rsquo;ai travers\u00e9 le boulevard Montparnasse, et j&rsquo;ai d\u00fb m&rsquo;arr\u00eater devant une de ces bornes lumineuses qui r\u00e8glent la circulation. Mon \u0153il de botaniste a \u00e9t\u00e9 tout de suite attir\u00e9 par la v\u00e9g\u00e9tation qui s&rsquo;\u00e9tait \u00e9tablie au pied de cette lanterne, et grande a \u00e9t\u00e9 ma stup\u00e9faction d&rsquo;y voir, install\u00e9s dans la poussi\u00e8re amass\u00e9e l\u00e0, outre quelques gramin\u00e9es, un lai\u00adteron et une bourse \u00e0 pasteur, un saule marceau, un saule blanc et un bouleau. Ces trois arbres n&rsquo;avaient encore que vingt centim\u00e8tres de haut, mais c&rsquo;\u00e9taient d\u00e9j\u00e0 des arbres et le commence\u00adment d&rsquo;une for\u00eat. Ils \u00e9taient l\u00e0 comme un signal, et nous avertissaient que si par malheur la capitale \u00e9tait abandonn\u00e9e, en moins de rien, tous les espaces disponibles seraient occup\u00e9s par les arbres dont le vent ou les oiseaux auraient apport\u00e9 les graines.<\/span><\/span><\/span><\/span><\/span><\/p>\n<p class=\"western\" align=\"justify\"><span style=\"color: #000000;\"><span style=\"text-decoration: none;\"><span style=\"font-size: medium;\"><span style=\"letter-spacing: normal;\"><span lang=\"fr-FR\">Car la for\u00eat est \u00e0 la fois un pr\u00e9lude et un terme. Nos premiers anc\u00eatres, apr\u00e8s la derni\u00e8re glaciation, ont vu, sans doute \u2014 les pollens fossiles en font foi \u2014 se d\u00e9velopper d&rsquo;abord une for\u00eat analogue \u00e0 la toundra sib\u00e9rienne, o\u00f9 dominaient les bouleaux et les saules, comme au boulevard Montparnasse, puis avec le r\u00e9chauffement progressif, ont pu remonter du sud o\u00f9 ils s&rsquo;\u00e9taient maintenus, les arbres que nous connaissons aujourd&rsquo;hui et qui constituent nos for\u00eats famili\u00e8res.<\/span><\/span><\/span><\/span><\/span><\/p>\n<p class=\"western\" align=\"justify\"><span style=\"color: #000000;\"><span style=\"text-decoration: none;\"><span style=\"font-size: medium;\"><span style=\"letter-spacing: normal;\"><span lang=\"fr-FR\">Et cette for\u00eat primitive \u00e9tait tellement foison\u00adnante que nos a\u00efeux ont d\u00fb se battre contre elles, la d\u00e9fricher, et l&rsquo;\u00e9carter de leurs terres cultiv\u00e9es. Tant qu&rsquo;ils furent seulement chasseurs et cueilleurs de fruits, la for\u00eat leur \u00e9tait hospitali\u00e8re. Mais quand au n\u00e9olithique ils ont su labourer un champ et semer leurs c\u00e9r\u00e9ales, elle ne fut plus pour eux que la r\u00e9serve de bois conserv\u00e9e sur les terrains trop pau\u00advres ou trop inclin\u00e9s pour pouvoir \u00eatre cultiv\u00e9s.<\/span><\/span><\/span><\/span><\/span><\/p>\n<p class=\"western\" align=\"justify\"><span style=\"color: #000000;\"><span style=\"text-decoration: none;\"><span style=\"font-size: medium;\"><span style=\"letter-spacing: normal;\"><span lang=\"fr-FR\">On pourrait dire que notre pays actuel est un immense d\u00e9frichement, o\u00f9 ne subsistent que 25 \u00e0 30 % <\/span><\/span><\/span><\/span><\/span><span style=\"color: #000000;\"><span style=\"text-decoration: none;\"><span style=\"font-size: medium;\"><span style=\"letter-spacing: normal;\"><span lang=\"fr-FR\">(<\/span><\/span><\/span><\/span><\/span><span style=\"color: #000000;\"><span style=\"text-decoration: none;\"><span style=\"font-size: medium;\"><span style=\"letter-spacing: normal;\"><span lang=\"fr-FR\"><i>dans les ann\u00e9es 1980<\/i><\/span><\/span><\/span><\/span><\/span><span style=\"color: #000000;\"><span style=\"text-decoration: none;\"><span style=\"font-size: medium;\"><span style=\"letter-spacing: normal;\"><span lang=\"fr-FR\">)<\/span><\/span><\/span><\/span><\/span><span style=\"color: #000000;\"><span style=\"text-decoration: none;\"><span style=\"font-size: medium;\"><span style=\"letter-spacing: normal;\"><span lang=\"fr-FR\"> du paysage forestier primitif. Et encore, cette for\u00eat d&rsquo;aujourd&rsquo;hui n&rsquo;a plus rien de commun avec celle qui \u00e9pouvantait les l\u00e9gionnaires de C\u00e9sar quand il conquit la Gaule. Car elle a \u00e9t\u00e9 sans cesse exploit\u00e9e sans merci, tant pour le pacage du b\u00e9tail que pour le chauffage ou pour la fonte des mine\u00adrais. Avec le temps, sa situation \u00e9tait devenue si mis\u00e9rable, et les besoins se faisaient si forts, que Colbert eut l&rsquo;id\u00e9e de g\u00e9nie de la <\/span><\/span><\/span><\/span><\/span><span style=\"color: #000000;\"><span style=\"text-decoration: none;\"><span style=\"font-size: medium;\"><span style=\"letter-spacing: normal;\"><span lang=\"fr-FR\">r\u00e9glementer<\/span><\/span><\/span><\/span><\/span><span style=\"color: #000000;\"><span style=\"text-decoration: none;\"><span style=\"font-size: medium;\"><span style=\"letter-spacing: normal;\"><span lang=\"fr-FR\"> pour la maintenir et en tirer tout le profit d\u00e9sirable sans l&rsquo;exterminer. Ce n&rsquo;est qu&rsquo;avec l&rsquo;utilisation du char\u00adbon de terre qu&rsquo;elle put conna\u00eetre quelque r\u00e9pit.<\/span><\/span><\/span><\/span><\/span><\/p>\n<p class=\"western\" align=\"justify\"><span style=\"color: #000000;\"><span style=\"text-decoration: none;\"><span style=\"font-size: medium;\"><span style=\"letter-spacing: normal;\"><span lang=\"fr-FR\">Pour le promeneur de nos jours, qui ne voit en elle qu&rsquo;un pr\u00e9texte \u00e0 saucissonner le dimanche, elle n&rsquo;est qu&rsquo;un d\u00e9cor dont il ne voit jamais les coulis\u00adses. Elle lui semble immuable, et les po\u00e8tes la con\u00adsid\u00e8rent toujours comme un asile de paix propice \u00e0 leurs m\u00e9ditations. Quelle erreur grossi\u00e8re ! Une for\u00eat est un drame continu, mais qui se joue sur une \u00e9chelle de temps qui n&rsquo;est pas le n\u00f4tre. Mais le drame est l\u00e0, sous nos yeux, et il suffit de les ouvrir pour en saisir les actes successifs et les p\u00e9rip\u00e9ties.<\/span><\/span><\/span><\/span><\/span><\/p>\n<p class=\"western\" align=\"justify\"><span style=\"color: #000000;\"><span style=\"text-decoration: none;\"><span style=\"font-size: medium;\"><span style=\"letter-spacing: normal;\"><span lang=\"fr-FR\">Quand aujourd&rsquo;hui un paysan laisse en friche un pr\u00e9 trop en pente pour pouvoir \u00eatre fauch\u00e9 par des moyens m\u00e9caniques, on le voit rapidement se transformer. Il se boss\u00e8le de fourmili\u00e8res, et \u00e7\u00e0 et l\u00e0 apparaissent des ronces, des \u00e9glantiers, <\/span><\/span><\/span><\/span><\/span><span style=\"color: #000000;\"><span style=\"text-decoration: none;\"><span style=\"font-size: medium;\"><span style=\"letter-spacing: normal;\"><span lang=\"fr-FR\">d<\/span><\/span><\/span><\/span><\/span><span style=\"color: #000000;\"><span style=\"text-decoration: none;\"><span style=\"font-size: medium;\"><span style=\"letter-spacing: normal;\"><span lang=\"fr-FR\">es <\/span><\/span><\/span><\/span><\/span><span style=\"color: #000000;\"><span style=\"text-decoration: none;\"><span style=\"font-size: medium;\"><span style=\"letter-spacing: normal;\"><span lang=\"fr-FR\">geni\u00e8vres<\/span><\/span><\/span><\/span><\/span><span style=\"color: #000000;\"><span style=\"text-decoration: none;\"><span style=\"font-size: medium;\"><span style=\"letter-spacing: normal;\"><span lang=\"fr-FR\">, et surtout des \u00e9pines noires, qui au bout de quelques ann\u00e9es forment un tapis continu et imp\u00e9\u00adn\u00e9trable. Mais ce n&rsquo;est l\u00e0 qu&rsquo;un stade transitoire. Car \u00e0 l&rsquo;ombre de ces ronciers va se former une cou\u00adche d&rsquo;humus fra\u00eeche, dans laquelle germeront les graines d&rsquo;arbres venues souvent de tr\u00e8s loin. Qu&rsquo;un moineau y recrache un noyau de cerise, et il ger\u00admera au printemps suivant, et il mettra toute son \u00e9nergie \u00e0 percer la couche des arbrisseaux qui lui font obstacle, s&rsquo;il le peut. Il en ira de m\u00eame pour d&rsquo;autres arbres de croissance rapide, saules et bou\u00adleaux \u2014 toujours eux ! \u2014 trembles, fruitiers divers qui vont d\u00e9passer les ronces et peu \u00e0 peu les \u00e9touf\u00adfer, car ces rampantes ont absolument besoin de soleil, et l&rsquo;ombre d&rsquo;arbres plus grands les fait p\u00e9rir.<\/span><\/span><\/span><\/span><\/span><\/p>\n<p class=\"western\" align=\"justify\"><span style=\"color: #000000;\"><span style=\"text-decoration: none;\"><span style=\"font-size: medium;\"><span style=\"letter-spacing: normal;\"><span lang=\"fr-FR\">Peu \u00e0 peu, le sol sera nettoy\u00e9 par les grands fr\u00e8res et la sc\u00e8ne sera pr\u00eate pour les grands seigneurs qui profiteront d&rsquo;un sol r\u00e9g\u00e9n\u00e9r\u00e9 pour s&rsquo;y \u00e9tablir \u00e0 leur tour. On verra un jour qu&rsquo;un gland arriv\u00e9 l\u00e0 par hasard jette une pousse qui sera un jour un ch\u00eane, et tout pr\u00e8s aussi un jeune h\u00eatre lancera sa jeune fl\u00e8che \u00e0 l&rsquo;assaut de la lumi\u00e8re. Les charmes se mettront de la partie. S&rsquo;il y a dans le voisinage quelques pins, naturels ou plant\u00e9s, il serait bien rare que leurs graines volantes n&rsquo;atterrissent pas dans un point ou un autre, et en montagne ce seront les sapins et les \u00e9pic\u00e9as qui voudront jouer leur r\u00f4le, que personne ne pourra leur disputer.<\/span><\/span><\/span><\/span><\/span><\/p>\n<p class=\"western\" align=\"justify\"><span style=\"color: #000000;\"><span style=\"text-decoration: none;\"><span style=\"font-size: medium;\"><span style=\"letter-spacing: normal;\"><span lang=\"fr-FR\">Et quand ces grands seigneurs auront atteint leur taille, ils feront mourir sous eux tous les pre\u00admiers occupants. Dans la course au soleil, leur puis\u00adsance est telle, et ils forment un couvert si \u00e9pais qu&rsquo;il n&rsquo;y a plus de place que pour eux. De l\u00e0 ces h\u00eatraies magnifiques o\u00f9 le sol est nu comme si on l&rsquo;avait balay\u00e9. Les h\u00eatres donnent ce qu&rsquo;on appelle une ombre absolue, et ils ne supportent aucun rival. Pas m\u00eame les herbes qui arrivent \u00e0 subsister sous les ch\u00ea\u00adnes, dont l&rsquo;ombre est un peu plus claire.<\/span><\/span><\/span><\/span><\/span><\/p>\n<p class=\"western\" align=\"justify\"><span style=\"color: #000000;\"><span style=\"text-decoration: none;\"><span style=\"font-size: medium;\"><span style=\"letter-spacing: normal;\"><span lang=\"fr-FR\">Et le cycle recommencera. Comme ce cycle peut durer deux ou trois si\u00e8cles, il est \u00e9vident que le passant d&rsquo;un jour ne se doute de rien et ne com\u00adprend rien \u00e0 cette esp\u00e8ce de civilisation v\u00e9g\u00e9tale, dont la seule morale semble se r\u00e9sumer dans cette formule vulgaire : \u00ab <\/span><\/span><\/span><\/span><\/span><span style=\"color: #000000;\"><span style=\"text-decoration: none;\"><span style=\"font-size: medium;\"><span style=\"letter-spacing: normal;\"><span lang=\"fr-FR\">\u00d4te-toi<\/span><\/span><\/span><\/span><\/span><span style=\"color: #000000;\"><span style=\"text-decoration: none;\"><span style=\"font-size: medium;\"><span style=\"letter-spacing: normal;\"><span lang=\"fr-FR\"> de l\u00e0 que je m&rsquo;y mette \u00bb.<\/span><\/span><\/span><\/span><\/span><\/p>\n<p class=\"western\" align=\"justify\"><span style=\"color: #000000;\"><span style=\"text-decoration: none;\"><span style=\"font-size: medium;\"><span style=\"letter-spacing: normal;\"><span lang=\"fr-FR\">Mais ce n&rsquo;est pas tout. Le chercheur de cham\u00adpignons pour la casserole en cueillant des c\u00e8pes ou des chanterelles trouve tout naturel de les voir l\u00e0 o\u00f9 ils sont. Il n&rsquo;imagine pas que leur r\u00f4le est d\u00e9ci\u00adsif, et que la pr\u00e9sence de ces champignons et de tous les autres est un ph\u00e9nom\u00e8ne n\u00e9cessaire et fonda\u00admental. Il y a d&rsquo;abord tous ceux qui consomment les feuilles mortes et les r\u00e9duisent en terreau, que ceux-l\u00e0 soient microscopiques \u2014 et ce sont les plus nombreux \u2014 ou qu&rsquo;ils atteignent la taille des pieds-bleus ou de divers clitocybes. Sans eux, la couche des feuilles mortes, sans rien pour la consumer, atteindrait bient\u00f4t le sommet des arbres et les \u00e9toufferait.<\/span><\/span><\/span><\/span><\/span><\/p>\n<p class=\"western\" align=\"justify\"><span style=\"color: #000000;\"><span style=\"text-decoration: none;\"><span style=\"font-size: medium;\"><span style=\"letter-spacing: normal;\"><span lang=\"fr-FR\">Mais les plus int\u00e9ressants sont ceux qui ont r\u00e9alis\u00e9 avec les arbres une symbiose, en enveloppant leurs racines du feutrage l\u00e9ger de leurs myc\u00e9liums. Il ne s&rsquo;agit pas du tout d&rsquo;un parasitisme, mais d&rsquo;une association \u00e0 b\u00e9n\u00e9fices r\u00e9ciproques. En effet, les champignons qui sont d\u00e9pourvus de chlorophylle sont contraints de trouver des hydrocarbones tout faits dans la nature, puisqu&rsquo;ils ne peuvent pas les synth\u00e9tiser. Ce sont les arbres qui les leur fournis\u00adsent par leurs d\u00e9jections, ou par la cellulose de leurs d\u00e9bris. Mais les arbres de leur c\u00f4t\u00e9, sont incapa\u00adbles de fabriquer les nitrites dont ils ont besoin absolument pour vivre, et justement les myc\u00e9liums des champignons savent les faire et en font profi\u00adter leurs h\u00f4tes.<\/span><\/span><\/span><\/span><\/span><\/p>\n<p class=\"western\" align=\"justify\"><span style=\"color: #000000;\"><span style=\"text-decoration: none;\"><span style=\"font-size: medium;\"><span style=\"letter-spacing: normal;\"><span lang=\"fr-FR\">Il y a l\u00e0 une association qui n&rsquo;a \u00e9t\u00e9 d\u00e9couverte qu&rsquo;il y a fort peu de temps, et qui porte d\u00e9j\u00e0 des fruits int\u00e9ressants. Les forestiers maintenant savent que les arbres qu&rsquo;ils plantent ne cro\u00eetront au mieux que s&rsquo;ils sont accompagn\u00e9s des champignons com\u00admensaux qui leur sont n\u00e9cessaires. C&rsquo;est ainsi que les pins par exemple, ne peuvent se passer d&rsquo;une s\u00e9rie de bolets et de gomphides qui font partie int\u00e9\u00adgrante de leur cort\u00e8ge. Et en laboratoire on pr\u00e9pare maintenant de jeunes plants \u00ab mycorhiz\u00e9s \u00bb, comme on dit, par les esp\u00e8ces dont ils ont besoin, et qui varient avec chaque esp\u00e8ce arborescente.<\/span><\/span><\/span><\/span><\/span><\/p>\n<p class=\"western\" align=\"justify\"><span style=\"color: #000000;\"><span style=\"text-decoration: none;\"><span style=\"font-size: medium;\"><span style=\"letter-spacing: normal;\"><span lang=\"fr-FR\">Nous sommes l\u00e0 dans les coulisses de la for\u00eat, et si on veut bien y penser, elle prend une dimension toute diff\u00e9rente, et un sens inattendu. Elle n&rsquo;est pas seulement une r\u00e9serve de bois, de verdure et de r\u00eaverie, mais elle forme un tout avec ses rameaux dress\u00e9s vers le ciel, et ses racines invisibles qui m\u00e8nent sous nos pieds une activit\u00e9 d\u00e9bordante et presque inimaginable. Les arbres ne tirent pas seulement du sol les min\u00e9raux dont ils ont besoin, mais aussi des substances que la nature toute seule ne leur donnerait pas.<\/span><\/span><\/span><\/span><\/span><\/p>\n<p class=\"western\" align=\"justify\"><span style=\"color: #000000;\"><span style=\"text-decoration: none;\"><span style=\"font-size: medium;\"><span style=\"letter-spacing: normal;\"><span lang=\"fr-FR\">Quand on est dans le secret, une promenade en for\u00eat devient intelligible. Elle n&rsquo;est plus seulement une joie pour les yeux, mais aussi un plaisir illimit\u00e9 pour l&rsquo;esprit. Chaque arbre rencontr\u00e9, chaque plante, chaque champignon sont des amis qu&rsquo;on salue au passage, qu&rsquo;on conna\u00eet, qu&rsquo;on reconna\u00eet, et qui nous disent quelque chose. Ici plus rien n&rsquo;est d\u00fb au hasard, et le spectacle est ordonn\u00e9 comme une trag\u00e9die \u00e0 mille personnages o\u00f9 chacun joue sans faute le r\u00f4le qui lui est assign\u00e9 par la nature de toute \u00e9ternit\u00e9. La for\u00eat pr\u00e9sente une \u00e2me collective, avec ses grandeurs, et aussi ses f\u00e9rocit\u00e9s. La conna\u00eetre et la comprendre peut bien, semble-t-il, \u00e9largir la n\u00f4tre, et nous pouvons ainsi p\u00e9n\u00e9trer la nature bien mieux qu&rsquo;en y jetant un simple coup d\u2019\u0153il distrait. On s&rsquo;aper\u00e7oit pour finir que cette Nature, nous en faisons partie, et que dans une for\u00eat, si nous le voulons, nous ne sommes pas des \u00e9trangers, mais un peu les fr\u00e8res des arbres que nous rencontrons.<\/span><\/span><\/span><\/span><\/span><\/p>\n<p class=\"western\" align=\"justify\"><span style=\"color: #000000;\"><span style=\"text-decoration: none;\"><span style=\"font-size: medium;\"><span style=\"letter-spacing: normal;\"><span lang=\"fr-FR\">C&rsquo;est mon grand-p\u00e8re qui m&rsquo;a appris le nom des arbres, quand j&rsquo;\u00e9tais encore tout petit. Et je me souviens<\/span><\/span><\/span><\/span><\/span><\/p>\n<p class=\"western\" align=\"justify\"><span style=\"color: #000000;\"><span style=\"text-decoration: none;\"><span style=\"font-size: medium;\"><span style=\"letter-spacing: normal;\"><span lang=\"fr-FR\">qu&rsquo;un jour, en me faisant admirer un ch\u00eane \u00e9norme et de forme parfaite, il m&rsquo;a dit : \u00ab Tu vois, mon petit, un arbre comme celui-l\u00e0, c&rsquo;est quelqu&rsquo;un ! \u00bb<\/span><\/span><\/span><\/span><\/span><\/p>\n<p class=\"western\" align=\"justify\"><span style=\"color: #000000;\"><span style=\"text-decoration: none;\"><span style=\"font-size: medium;\"><span style=\"letter-spacing: normal;\"><span lang=\"fr-FR\">Je souhaite donc simplement vous avoir donn\u00e9 l&rsquo;envie, quand vous rencontrerez un arbre, de pouvoir dire aussi que c&rsquo;est plus que quelque chose, mais quelqu&rsquo;un. Vous aurez alors fait un grand progr\u00e8s spirituel, car au lieu de seulement conna\u00eetre, vous aurez aussi compris.<\/span><\/span><\/span><\/span><\/span><\/p>\n<p class=\"western\" style=\"text-align: center;\" align=\"justify\">****<\/p>\n<p class=\"western\" align=\"justify\"><strong><span style=\"color: #000000;\"><span style=\"text-decoration: none;\"><span style=\"font-size: medium;\"><span style=\"letter-spacing: normal;\"><span lang=\"fr-FR\">Le texte suivant sur l&rsquo;auteur est emprunt\u00e9 au site de <a href=\"http:\/\/www.smry.fr\/\" target=\"_blank\">l&rsquo;Association Mycologique de la Roche sur Yon<\/a><\/span><\/span><\/span><\/span><\/span><\/strong><\/p>\n<p class=\"western\" align=\"justify\"><span style=\"color: #000000;\"><span style=\"text-decoration: none;\"><span style=\"font-size: medium;\"><span style=\"letter-spacing: normal;\"><span lang=\"fr-FR\"><i><b>Georges Becker est n\u00e9 \u00e0 Belfort le 08 f\u00e9vrier 1905. D\u2019une famille de commer\u00e7ants, sixi\u00e8me de sept enfants, il fit ses \u00e9tudes \u00e0 Lyon, \u00e0 la facult\u00e9 des Lettres et au Conservatoire. <\/b><\/i><\/span><\/span><\/span><\/span><\/span><\/p>\n<p class=\"western\" align=\"justify\"><span style=\"color: #000000;\"><span style=\"text-decoration: none;\"><span style=\"font-size: medium;\"><span style=\"letter-spacing: normal;\"><span lang=\"fr-FR\"><i><b>En 1927, il commence la carri\u00e8re de professeur \u00e0 Mirecourt.<\/b><\/i><\/span><\/span><\/span><\/span><\/span><\/p>\n<p class=\"western\" align=\"justify\"><span style=\"color: #000000;\"><span style=\"text-decoration: none;\"><span style=\"font-size: medium;\"><span style=\"letter-spacing: normal;\"><span lang=\"fr-FR\"><i><b>En 1932, il \u00e9pouse Madeleine BOIN, une petite cousine de Lougres dont il aura 4 enfants.<\/b><\/i><\/span><\/span><\/span><\/span><\/span><\/p>\n<p class=\"western\" align=\"justify\"><span style=\"color: #000000;\"><span style=\"text-decoration: none;\"><span style=\"font-size: medium;\"><span style=\"letter-spacing: normal;\"><span lang=\"fr-FR\"><i><b>En 1934, il est nomm\u00e9 au coll\u00e8ge Cuvier \u00e0 Montb\u00e9liard jusqu\u2019en 1949. D\u00e8s le d\u00e9but de la guerre, il devient un militant de la r\u00e9sistance, abrite et aide de nombreux patriotes et autres h\u00e9ros inconnus, malgr\u00e9 les risques.<\/b><\/i><\/span><\/span><\/span><\/span><\/span><\/p>\n<p class=\"western\" align=\"justify\"><span style=\"color: #000000;\"><span style=\"text-decoration: none;\"><span style=\"font-size: medium;\"><span style=\"letter-spacing: normal;\"><span lang=\"fr-FR\"><i><b>En 1951, il soutient \u00e0 Besan\u00e7on une th\u00e8se sur l\u2019\u00e9cologie des champignons sup\u00e9rieurs. La guerre finie, il enseigne \u00e0 Altkirch jusqu\u2019en 1958 ou d\u2019anciens amis le poussent \u00e0 une carri\u00e8re politique.<\/b><\/i><\/span><\/span><\/span><\/span><\/span><\/p>\n<p class=\"western\" align=\"justify\"><span style=\"color: #000000;\"><span style=\"text-decoration: none;\"><span style=\"font-size: medium;\"><span style=\"letter-spacing: normal;\"><span lang=\"fr-FR\"><i><b>Il est \u00e9lu d\u00e9put\u00e9 de 1958 \u00e0 1967. Ce fut \u2013 il l\u2019\u00e9crivit par la suite \u2013 les 10 ann\u00e9es qu\u2019il regretta le plus de sa vie.<\/b><\/i><\/span><\/span><\/span><\/span><\/span><\/p>\n<p class=\"western\" align=\"justify\"><span style=\"color: #000000;\"><span style=\"text-decoration: none;\"><span style=\"font-size: medium;\"><span style=\"letter-spacing: normal;\"><span lang=\"fr-FR\"><i><b>Georges \u00e9tait un chercheur, un passionn\u00e9 de mycologie, un scientifique, un musicien, brillant pianiste, un po\u00e8te. Sa passion profonde pour les champignons l\u2019accaparait pleinement, il publiera 13 ouvrages, dont entre autre : \u00ab CHAMPIGNONS DE FRANCHE-COMTE \u00bb, \u00ab LA MYCOLOGIE ET SES COROLLAIRES \u00bb (riche en imagination, observations, id\u00e9es et hypoth\u00e8ses les plus audacieuses) ; \u00ab CHAMPIGNONS \u00bb, \u00ab REGARDS \u00bb, \u00ab LES MINIMES \u00bb (dernier paru) est un recueil de pens\u00e9es, de philosophie naturelle, spontan\u00e9e, imag\u00e9e et souvent au combien r\u00e9elles.<\/b><\/i><\/span><\/span><\/span><\/span><\/span><\/p>\n<p class=\"western\" align=\"justify\"><span style=\"color: #000000;\"><span style=\"text-decoration: none;\"><span style=\"font-size: medium;\"><span style=\"letter-spacing: normal;\"><span lang=\"fr-FR\"><i><b>Ces r\u00e9flexions, passant par la t\u00eate en un \u00e9clair sont not\u00e9es sans aucun ordre, ce qui fait son originalit\u00e9 : \u00ab &#8211; Manger est un ph\u00e9nom\u00e8ne \u00e9minemment social, on n\u2019a pas faim quand on est tout seul. Les dictateurs n\u2019ont pas d\u2019amis, ils ne sont entour\u00e9s que d\u2019esclaves ou de parasites. La justice n\u2019existe pas, mais elle est n\u00e9cessaire. Coupez une orange en deux et examinez son architecture, si vous n\u2019\u00eates pas sid\u00e9r\u00e9, c\u2019est que vous \u00eates aveugle. Un ministre en exercice re\u00e7oit mille lettres par jour, le voil\u00e0 destitu\u00e9, il n\u2019en re\u00e7oit plus une seule. Ce n\u2019est pas \u00e0 lui qu\u2019on \u00e9crivait, mais \u00e0 sa fonction. \u00bb<\/b><\/i><\/span><\/span><\/span><\/span><\/span><\/p>\n<p class=\"western\" align=\"justify\"><span style=\"color: #000000;\"><span style=\"text-decoration: none;\"><span style=\"font-size: medium;\"><span style=\"letter-spacing: normal;\"><span lang=\"fr-FR\"><i><b>Pr\u00e9sident de la Soci\u00e9t\u00e9 Mycologique de France, il fut le premier \u00e0 observer la pouss\u00e9e d\u2019un champignon ressemblant \u00e0 une \u00ab boule de neige \u00bb, au printemps, dans les sapini\u00e8res. Intrigu\u00e9, il transmit sa trouvaille au mus\u00e9um o\u00f9 on la baptisa Psalliota veneris, veneris car elle vient au mois d\u2019avril qui est le mois de V\u00e9nus. Il nomma \u00e9galement un Hygrophore qui vient sous les h\u00eatres et qui ressemble \u00e0 H. pudorinus (qui pousse dans les sapini\u00e8res de montagne) : Hygrophorus poetarum (H. des po\u00e8tes). Nous n\u2019oublierons pas l\u2019amanite qui porte son nom (BECKERI).<\/b><\/i><\/span><\/span><\/span><\/span><\/span><\/p>\n<p class=\"western\" align=\"justify\"><span style=\"color: #000000;\"><span style=\"text-decoration: none;\"><span style=\"font-size: medium;\"><span style=\"letter-spacing: normal;\"><span lang=\"fr-FR\"><i><b>Il aima la nature profond\u00e9ment et fonda la Soci\u00e9t\u00e9 d\u2019Histoire Naturelle du pays de Montb\u00e9liard.<\/b><\/i><\/span><\/span><\/span><\/span><\/span><\/p>\n<p class=\"western\" align=\"justify\"><span style=\"color: #000000;\"><span style=\"text-decoration: none;\"><span style=\"font-size: medium;\"><span style=\"letter-spacing: normal;\"><span lang=\"fr-FR\"><i><b>Pas toujours d\u2019accord avec les mycologues modernes qui baptisent et rebaptisent sans cesse, cr\u00e9ant ainsi de nouveaux noms de genre, difficiles \u00e0 retenir, il avait un profond respect pour les anciens, d\u2019ARISTOSTE \u00e0 CICERON, pour ceux qui ont jet\u00e9 les bases de la Mycologie : FRIES, QUELET, etc&#8230; et pour tous ces inconnus qui ont peupl\u00e9 cette terre. Acheter des haricots au march\u00e9, quoi de plus banal aujourd\u2019hui, mais celui qui le premier a os\u00e9 go\u00fbter ce l\u00e9gume, le cultiver pour le bien de l\u2019humanit\u00e9, est sans doute mort dans l\u2019anonymat le plus total. Peut-\u00eatre \u00e0 son \u00e9poque a-t-il \u00e9t\u00e9 tu\u00e9, tortur\u00e9 ou br\u00fbl\u00e9 pour avoir os\u00e9 quelque chose de nouveau !<\/b><\/i><\/span><\/span><\/span><\/span><\/span><\/p>\n<p class=\"western\" align=\"justify\"><span style=\"color: #000000;\"><span style=\"text-decoration: none;\"><span style=\"font-size: medium;\"><span style=\"letter-spacing: normal;\"><span lang=\"fr-FR\"><i><b>Pourtant cet homme, scientifique sans le savoir, a fait avancer consid\u00e9rablement le destin de millions d\u2019individus.<\/b><\/i><\/span><\/span><\/span><\/span><\/span><\/p>\n<p class=\"western\" align=\"justify\"><span style=\"color: #000000;\"><span style=\"text-decoration: none;\"><span style=\"font-size: medium;\"><span style=\"letter-spacing: normal;\"><span lang=\"fr-FR\"><i><b>Regards sur la vie, sur les \u00eatres, observations, passion, d\u00e9tails de la nature, hypoth\u00e8ses de r\u00e9ponse sur l\u2019inconnu, il se posa la question toute simple : Pourquoi les champignons poussent-ils en automne ?<\/b><\/i><\/span><\/span><\/span><\/span><\/span><\/p>\n<p class=\"western\" align=\"justify\"><span style=\"color: #000000;\"><span style=\"text-decoration: none;\"><span style=\"font-size: medium;\"><span style=\"letter-spacing: normal;\"><span lang=\"fr-FR\"><i><b>Son savoir ne butait sur aucune limite, l\u2019art de cultiver son jardin de fleurs, son potager, les langues anciennes, la po\u00e9sie, la peinture, la musique, il fut un magicien de la mycologie explicative.<\/b><\/i><\/span><\/span><\/span><\/span><\/span><\/p>\n<p class=\"western\" align=\"justify\"><span style=\"color: #000000;\"><span style=\"text-decoration: none;\"><span style=\"font-size: medium;\"><span style=\"letter-spacing: normal;\"><span lang=\"fr-FR\"><i><b>Le dernier chapitre : La volont\u00e9 d\u2019\u00eatre de son livre \u00ab REGARDS \u00bb en dit long sur sa fa\u00e7on d\u2019interpr\u00e9ter, d\u2019imaginer, de trouver une solution \u00e0 la question primordiale et \u00e9nigmatique qu\u2019est la vie. La force de la vie, la volont\u00e9 d\u2019\u00eatre nous est pour ainsi dire impos\u00e9e \u00ab int\u00e9rieurement \u00bb. Aucune loi de physique ne peut expliquer comment la s\u00e8ve d\u2019un S\u00e9quoia peut monter \u00e0 120 m\u00e8tres de haut. Il faut supposer dans l\u2019arbre une \u00e9nergie inconnue qui arrive aux derni\u00e8res brindilles. Comment concevoir que les coprins qui sont si fragiles, arrivent \u00e0 soulever 10 cm de macadam ?<\/b><\/i><\/span><\/span><\/span><\/span><\/span><\/p>\n<p class=\"western\" align=\"justify\"><span style=\"color: #000000;\"><span style=\"text-decoration: none;\"><span style=\"font-size: medium;\"><span style=\"letter-spacing: normal;\"><span lang=\"fr-FR\"><i><b>Pourquoi quand nous nous blessons d\u2019une fa\u00e7on ou d\u2019une autre, nous voyons s\u2019op\u00e9rer une cicatrisation ? C\u2019est notre organisme qui manifeste le d\u00e9sir profond de gu\u00e9rir, de persister, c\u2019est lui qui veut et pas nous, nous n\u2019y sommes pour rien. C\u2019est la volont\u00e9 d\u2019\u00eatre, explique G. BECKER, elle est valable pour les hommes, les animaux, les plantes, les arbres, les champignons.<\/b><\/i><\/span><\/span><\/span><\/span><\/span><\/p>\n<p class=\"western\" align=\"justify\"><span style=\"color: #000000;\"><span style=\"text-decoration: none;\"><span style=\"font-size: medium;\"><span style=\"letter-spacing: normal;\"><span lang=\"fr-FR\"><i><b>Il termina un de ses livres comme ceci : &#8211; La Science qui n\u2019est qu\u2019une suite d\u2019erreurs rectifi\u00e9es, se r\u00e9sume \u00e0 savoir ce qu\u2019on sait m\u00eame si demain il faudra le savoir autrement.<\/b><\/i><\/span><\/span><\/span><\/span><\/span><\/p>\n<p class=\"western\" align=\"justify\"><span style=\"color: #000000;\"><span style=\"text-decoration: none;\"><span style=\"font-size: medium;\"><span style=\"letter-spacing: normal;\"><span lang=\"fr-FR\"><i><b>Georges BECKER s\u2019est \u00e9teint le 10 septembre 1994 \u00e0 Montbelliard, il avait 89 ans.<\/b><\/i><\/span><\/span><\/span><\/span><\/span><\/p>\n","protected":false},"excerpt":{"rendered":"<p>Mais les plus int\u00e9ressants sont ceux qui ont r\u00e9alis\u00e9 avec les arbres une symbiose, en enveloppant leurs racines du feutrage l\u00e9ger de leurs myc\u00e9liums. Il ne s&rsquo;agit pas du tout d&rsquo;un parasitisme, mais d&rsquo;une association \u00e0 b\u00e9n\u00e9fices r\u00e9ciproques. En effet, les champignons qui sont d\u00e9pourvus de chlorophylle sont contraints de trouver des hydrocarbones tout faits dans la nature, puisqu&rsquo;ils ne peuvent pas les synth\u00e9tiser. Ce sont les arbres qui les leur fournis\u00adsent par leurs d\u00e9jections, ou par la cellulose de leurs d\u00e9bris. Mais les arbres de leur c\u00f4t\u00e9, sont incapa\u00adbles de fabriquer les nitrites dont ils ont besoin absolument pour vivre, et justement les myc\u00e9liums des champignons savent les faire et en font profi\u00adter leurs h\u00f4tes.<\/p>\n","protected":false},"author":1,"featured_media":16434,"comment_status":"closed","ping_status":"closed","sticky":false,"template":"","format":"standard","meta":{"footnotes":""},"categories":[1014],"tags":[457,1295],"class_list":["post-16433","post","type-post","status-publish","format-standard","has-post-thumbnail","hentry","category-essais","tag-ecologie","tag-foret"],"yoast_head":"<!-- This site is optimized with the Yoast SEO plugin v27.0 - https:\/\/yoast.com\/product\/yoast-seo-wordpress\/ -->\n<title>L&#039;\u00c2me de la for\u00eat par Georges Becker - 3e mill\u00e9naire - Spiritualit\u00e9 - Connaissance de soi - Non-dualit\u00e9 - M\u00e9ditation<\/title>\n<meta name=\"robots\" content=\"index, follow, max-snippet:-1, max-image-preview:large, max-video-preview:-1\" \/>\n<link rel=\"canonical\" href=\"https:\/\/www.revue3emillenaire.com\/blog\/lame-de-la-foret-par-georges-becker\/\" \/>\n<meta property=\"og:locale\" content=\"fr_FR\" \/>\n<meta property=\"og:type\" content=\"article\" \/>\n<meta property=\"og:title\" content=\"L&#039;\u00c2me de la for\u00eat par Georges Becker - 3e mill\u00e9naire - Spiritualit\u00e9 - Connaissance de soi - Non-dualit\u00e9 - M\u00e9ditation\" \/>\n<meta property=\"og:description\" content=\"Mais les plus int\u00e9ressants sont ceux qui ont r\u00e9alis\u00e9 avec les arbres une symbiose, en enveloppant leurs racines du feutrage l\u00e9ger de leurs myc\u00e9liums. Il ne s&#039;agit pas du tout d&#039;un parasitisme, mais d&#039;une association \u00e0 b\u00e9n\u00e9fices r\u00e9ciproques. En effet, les champignons qui sont d\u00e9pourvus de chlorophylle sont contraints de trouver des hydrocarbones tout faits dans la nature, puisqu&#039;ils ne peuvent pas les synth\u00e9tiser. Ce sont les arbres qui les leur fournis\u00adsent par leurs d\u00e9jections, ou par la cellulose de leurs d\u00e9bris. Mais les arbres de leur c\u00f4t\u00e9, sont incapa\u00adbles de fabriquer les nitrites dont ils ont besoin absolument pour vivre, et justement les myc\u00e9liums des champignons savent les faire et en font profi\u00adter leurs h\u00f4tes.\" \/>\n<meta property=\"og:url\" content=\"https:\/\/www.revue3emillenaire.com\/blog\/lame-de-la-foret-par-georges-becker\/\" \/>\n<meta property=\"og:site_name\" content=\"3e mill\u00e9naire - Spiritualit\u00e9 - Connaissance de soi - Non-dualit\u00e9 - M\u00e9ditation\" \/>\n<meta property=\"article:published_time\" content=\"2015-02-12T00:47:39+00:00\" \/>\n<meta property=\"article:modified_time\" content=\"2015-02-12T00:48:39+00:00\" \/>\n<meta property=\"og:image\" content=\"https:\/\/www.revue3emillenaire.com\/blog\/wp-content\/uploads\/2015\/02\/Georges-Becker.jpeg\" \/>\n\t<meta property=\"og:image:width\" content=\"182\" \/>\n\t<meta property=\"og:image:height\" content=\"188\" \/>\n\t<meta property=\"og:image:type\" content=\"image\/jpeg\" \/>\n<meta name=\"author\" content=\"3e mill\u00e9naire\" \/>\n<meta name=\"twitter:card\" content=\"summary_large_image\" \/>\n<meta name=\"twitter:label1\" content=\"\u00c9crit par\" \/>\n\t<meta name=\"twitter:data1\" content=\"3e mill\u00e9naire\" \/>\n\t<meta name=\"twitter:label2\" content=\"Dur\u00e9e de lecture estim\u00e9e\" \/>\n\t<meta name=\"twitter:data2\" content=\"14 minutes\" \/>\n<script type=\"application\/ld+json\" class=\"yoast-schema-graph\">{\"@context\":\"https:\/\/schema.org\",\"@graph\":[{\"@type\":\"Article\",\"@id\":\"https:\/\/www.revue3emillenaire.com\/blog\/lame-de-la-foret-par-georges-becker\/#article\",\"isPartOf\":{\"@id\":\"https:\/\/www.revue3emillenaire.com\/blog\/lame-de-la-foret-par-georges-becker\/\"},\"author\":{\"name\":\"3e mill\u00e9naire\",\"@id\":\"https:\/\/www.revue3emillenaire.com\/blog\/#\/schema\/person\/9a3a7cc4ccaa707f402d4394327106d5\"},\"headline\":\"L&rsquo;\u00c2me de la for\u00eat par Georges Becker\",\"datePublished\":\"2015-02-12T00:47:39+00:00\",\"dateModified\":\"2015-02-12T00:48:39+00:00\",\"mainEntityOfPage\":{\"@id\":\"https:\/\/www.revue3emillenaire.com\/blog\/lame-de-la-foret-par-georges-becker\/\"},\"wordCount\":2722,\"image\":{\"@id\":\"https:\/\/www.revue3emillenaire.com\/blog\/lame-de-la-foret-par-georges-becker\/#primaryimage\"},\"thumbnailUrl\":\"https:\/\/www.revue3emillenaire.com\/blog\/wp-content\/uploads\/2015\/02\/Georges-Becker.jpeg\",\"keywords\":[\"\u00e9cologie\",\"For\u00eat\"],\"articleSection\":[\"Essais\"],\"inLanguage\":\"fr-FR\"},{\"@type\":\"WebPage\",\"@id\":\"https:\/\/www.revue3emillenaire.com\/blog\/lame-de-la-foret-par-georges-becker\/\",\"url\":\"https:\/\/www.revue3emillenaire.com\/blog\/lame-de-la-foret-par-georges-becker\/\",\"name\":\"L'\u00c2me de la for\u00eat par Georges Becker - 3e mill\u00e9naire - Spiritualit\u00e9 - Connaissance de soi - Non-dualit\u00e9 - M\u00e9ditation\",\"isPartOf\":{\"@id\":\"https:\/\/www.revue3emillenaire.com\/blog\/#website\"},\"primaryImageOfPage\":{\"@id\":\"https:\/\/www.revue3emillenaire.com\/blog\/lame-de-la-foret-par-georges-becker\/#primaryimage\"},\"image\":{\"@id\":\"https:\/\/www.revue3emillenaire.com\/blog\/lame-de-la-foret-par-georges-becker\/#primaryimage\"},\"thumbnailUrl\":\"https:\/\/www.revue3emillenaire.com\/blog\/wp-content\/uploads\/2015\/02\/Georges-Becker.jpeg\",\"datePublished\":\"2015-02-12T00:47:39+00:00\",\"dateModified\":\"2015-02-12T00:48:39+00:00\",\"author\":{\"@id\":\"https:\/\/www.revue3emillenaire.com\/blog\/#\/schema\/person\/9a3a7cc4ccaa707f402d4394327106d5\"},\"breadcrumb\":{\"@id\":\"https:\/\/www.revue3emillenaire.com\/blog\/lame-de-la-foret-par-georges-becker\/#breadcrumb\"},\"inLanguage\":\"fr-FR\",\"potentialAction\":[{\"@type\":\"ReadAction\",\"target\":[\"https:\/\/www.revue3emillenaire.com\/blog\/lame-de-la-foret-par-georges-becker\/\"]}]},{\"@type\":\"ImageObject\",\"inLanguage\":\"fr-FR\",\"@id\":\"https:\/\/www.revue3emillenaire.com\/blog\/lame-de-la-foret-par-georges-becker\/#primaryimage\",\"url\":\"https:\/\/www.revue3emillenaire.com\/blog\/wp-content\/uploads\/2015\/02\/Georges-Becker.jpeg\",\"contentUrl\":\"https:\/\/www.revue3emillenaire.com\/blog\/wp-content\/uploads\/2015\/02\/Georges-Becker.jpeg\",\"width\":182,\"height\":188},{\"@type\":\"BreadcrumbList\",\"@id\":\"https:\/\/www.revue3emillenaire.com\/blog\/lame-de-la-foret-par-georges-becker\/#breadcrumb\",\"itemListElement\":[{\"@type\":\"ListItem\",\"position\":1,\"name\":\"Accueil\",\"item\":\"https:\/\/www.revue3emillenaire.com\/blog\/\"},{\"@type\":\"ListItem\",\"position\":2,\"name\":\"L&rsquo;\u00c2me de la for\u00eat par Georges Becker\"}]},{\"@type\":\"WebSite\",\"@id\":\"https:\/\/www.revue3emillenaire.com\/blog\/#website\",\"url\":\"https:\/\/www.revue3emillenaire.com\/blog\/\",\"name\":\"3e mill\u00e9naire - Spiritualit\u00e9 - Connaissance de soi - Non-dualit\u00e9 - M\u00e9ditation\",\"description\":\"L&#039;Homme en devenir\",\"potentialAction\":[{\"@type\":\"SearchAction\",\"target\":{\"@type\":\"EntryPoint\",\"urlTemplate\":\"https:\/\/www.revue3emillenaire.com\/blog\/?s={search_term_string}\"},\"query-input\":{\"@type\":\"PropertyValueSpecification\",\"valueRequired\":true,\"valueName\":\"search_term_string\"}}],\"inLanguage\":\"fr-FR\"},{\"@type\":\"Person\",\"@id\":\"https:\/\/www.revue3emillenaire.com\/blog\/#\/schema\/person\/9a3a7cc4ccaa707f402d4394327106d5\",\"name\":\"3e mill\u00e9naire\",\"url\":\"https:\/\/www.revue3emillenaire.com\/blog\/author\/admin\/\"}]}<\/script>\n<!-- \/ Yoast SEO plugin. -->","yoast_head_json":{"title":"L'\u00c2me de la for\u00eat par Georges Becker - 3e mill\u00e9naire - Spiritualit\u00e9 - Connaissance de soi - Non-dualit\u00e9 - M\u00e9ditation","robots":{"index":"index","follow":"follow","max-snippet":"max-snippet:-1","max-image-preview":"max-image-preview:large","max-video-preview":"max-video-preview:-1"},"canonical":"https:\/\/www.revue3emillenaire.com\/blog\/lame-de-la-foret-par-georges-becker\/","og_locale":"fr_FR","og_type":"article","og_title":"L'\u00c2me de la for\u00eat par Georges Becker - 3e mill\u00e9naire - Spiritualit\u00e9 - Connaissance de soi - Non-dualit\u00e9 - M\u00e9ditation","og_description":"Mais les plus int\u00e9ressants sont ceux qui ont r\u00e9alis\u00e9 avec les arbres une symbiose, en enveloppant leurs racines du feutrage l\u00e9ger de leurs myc\u00e9liums. Il ne s'agit pas du tout d'un parasitisme, mais d'une association \u00e0 b\u00e9n\u00e9fices r\u00e9ciproques. En effet, les champignons qui sont d\u00e9pourvus de chlorophylle sont contraints de trouver des hydrocarbones tout faits dans la nature, puisqu'ils ne peuvent pas les synth\u00e9tiser. Ce sont les arbres qui les leur fournis\u00adsent par leurs d\u00e9jections, ou par la cellulose de leurs d\u00e9bris. Mais les arbres de leur c\u00f4t\u00e9, sont incapa\u00adbles de fabriquer les nitrites dont ils ont besoin absolument pour vivre, et justement les myc\u00e9liums des champignons savent les faire et en font profi\u00adter leurs h\u00f4tes.","og_url":"https:\/\/www.revue3emillenaire.com\/blog\/lame-de-la-foret-par-georges-becker\/","og_site_name":"3e mill\u00e9naire - Spiritualit\u00e9 - Connaissance de soi - Non-dualit\u00e9 - M\u00e9ditation","article_published_time":"2015-02-12T00:47:39+00:00","article_modified_time":"2015-02-12T00:48:39+00:00","og_image":[{"width":182,"height":188,"url":"https:\/\/www.revue3emillenaire.com\/blog\/wp-content\/uploads\/2015\/02\/Georges-Becker.jpeg","type":"image\/jpeg"}],"author":"3e mill\u00e9naire","twitter_card":"summary_large_image","twitter_misc":{"\u00c9crit par":"3e mill\u00e9naire","Dur\u00e9e de lecture estim\u00e9e":"14 minutes"},"schema":{"@context":"https:\/\/schema.org","@graph":[{"@type":"Article","@id":"https:\/\/www.revue3emillenaire.com\/blog\/lame-de-la-foret-par-georges-becker\/#article","isPartOf":{"@id":"https:\/\/www.revue3emillenaire.com\/blog\/lame-de-la-foret-par-georges-becker\/"},"author":{"name":"3e mill\u00e9naire","@id":"https:\/\/www.revue3emillenaire.com\/blog\/#\/schema\/person\/9a3a7cc4ccaa707f402d4394327106d5"},"headline":"L&rsquo;\u00c2me de la for\u00eat par Georges Becker","datePublished":"2015-02-12T00:47:39+00:00","dateModified":"2015-02-12T00:48:39+00:00","mainEntityOfPage":{"@id":"https:\/\/www.revue3emillenaire.com\/blog\/lame-de-la-foret-par-georges-becker\/"},"wordCount":2722,"image":{"@id":"https:\/\/www.revue3emillenaire.com\/blog\/lame-de-la-foret-par-georges-becker\/#primaryimage"},"thumbnailUrl":"https:\/\/www.revue3emillenaire.com\/blog\/wp-content\/uploads\/2015\/02\/Georges-Becker.jpeg","keywords":["\u00e9cologie","For\u00eat"],"articleSection":["Essais"],"inLanguage":"fr-FR"},{"@type":"WebPage","@id":"https:\/\/www.revue3emillenaire.com\/blog\/lame-de-la-foret-par-georges-becker\/","url":"https:\/\/www.revue3emillenaire.com\/blog\/lame-de-la-foret-par-georges-becker\/","name":"L'\u00c2me de la for\u00eat par Georges Becker - 3e mill\u00e9naire - Spiritualit\u00e9 - Connaissance de soi - Non-dualit\u00e9 - M\u00e9ditation","isPartOf":{"@id":"https:\/\/www.revue3emillenaire.com\/blog\/#website"},"primaryImageOfPage":{"@id":"https:\/\/www.revue3emillenaire.com\/blog\/lame-de-la-foret-par-georges-becker\/#primaryimage"},"image":{"@id":"https:\/\/www.revue3emillenaire.com\/blog\/lame-de-la-foret-par-georges-becker\/#primaryimage"},"thumbnailUrl":"https:\/\/www.revue3emillenaire.com\/blog\/wp-content\/uploads\/2015\/02\/Georges-Becker.jpeg","datePublished":"2015-02-12T00:47:39+00:00","dateModified":"2015-02-12T00:48:39+00:00","author":{"@id":"https:\/\/www.revue3emillenaire.com\/blog\/#\/schema\/person\/9a3a7cc4ccaa707f402d4394327106d5"},"breadcrumb":{"@id":"https:\/\/www.revue3emillenaire.com\/blog\/lame-de-la-foret-par-georges-becker\/#breadcrumb"},"inLanguage":"fr-FR","potentialAction":[{"@type":"ReadAction","target":["https:\/\/www.revue3emillenaire.com\/blog\/lame-de-la-foret-par-georges-becker\/"]}]},{"@type":"ImageObject","inLanguage":"fr-FR","@id":"https:\/\/www.revue3emillenaire.com\/blog\/lame-de-la-foret-par-georges-becker\/#primaryimage","url":"https:\/\/www.revue3emillenaire.com\/blog\/wp-content\/uploads\/2015\/02\/Georges-Becker.jpeg","contentUrl":"https:\/\/www.revue3emillenaire.com\/blog\/wp-content\/uploads\/2015\/02\/Georges-Becker.jpeg","width":182,"height":188},{"@type":"BreadcrumbList","@id":"https:\/\/www.revue3emillenaire.com\/blog\/lame-de-la-foret-par-georges-becker\/#breadcrumb","itemListElement":[{"@type":"ListItem","position":1,"name":"Accueil","item":"https:\/\/www.revue3emillenaire.com\/blog\/"},{"@type":"ListItem","position":2,"name":"L&rsquo;\u00c2me de la for\u00eat par Georges Becker"}]},{"@type":"WebSite","@id":"https:\/\/www.revue3emillenaire.com\/blog\/#website","url":"https:\/\/www.revue3emillenaire.com\/blog\/","name":"3e mill\u00e9naire - Spiritualit\u00e9 - Connaissance de soi - Non-dualit\u00e9 - M\u00e9ditation","description":"L&#039;Homme en devenir","potentialAction":[{"@type":"SearchAction","target":{"@type":"EntryPoint","urlTemplate":"https:\/\/www.revue3emillenaire.com\/blog\/?s={search_term_string}"},"query-input":{"@type":"PropertyValueSpecification","valueRequired":true,"valueName":"search_term_string"}}],"inLanguage":"fr-FR"},{"@type":"Person","@id":"https:\/\/www.revue3emillenaire.com\/blog\/#\/schema\/person\/9a3a7cc4ccaa707f402d4394327106d5","name":"3e mill\u00e9naire","url":"https:\/\/www.revue3emillenaire.com\/blog\/author\/admin\/"}]}},"_links":{"self":[{"href":"https:\/\/www.revue3emillenaire.com\/blog\/wp-json\/wp\/v2\/posts\/16433","targetHints":{"allow":["GET"]}}],"collection":[{"href":"https:\/\/www.revue3emillenaire.com\/blog\/wp-json\/wp\/v2\/posts"}],"about":[{"href":"https:\/\/www.revue3emillenaire.com\/blog\/wp-json\/wp\/v2\/types\/post"}],"author":[{"embeddable":true,"href":"https:\/\/www.revue3emillenaire.com\/blog\/wp-json\/wp\/v2\/users\/1"}],"replies":[{"embeddable":true,"href":"https:\/\/www.revue3emillenaire.com\/blog\/wp-json\/wp\/v2\/comments?post=16433"}],"version-history":[{"count":0,"href":"https:\/\/www.revue3emillenaire.com\/blog\/wp-json\/wp\/v2\/posts\/16433\/revisions"}],"wp:featuredmedia":[{"embeddable":true,"href":"https:\/\/www.revue3emillenaire.com\/blog\/wp-json\/wp\/v2\/media\/16434"}],"wp:attachment":[{"href":"https:\/\/www.revue3emillenaire.com\/blog\/wp-json\/wp\/v2\/media?parent=16433"}],"wp:term":[{"taxonomy":"category","embeddable":true,"href":"https:\/\/www.revue3emillenaire.com\/blog\/wp-json\/wp\/v2\/categories?post=16433"},{"taxonomy":"post_tag","embeddable":true,"href":"https:\/\/www.revue3emillenaire.com\/blog\/wp-json\/wp\/v2\/tags?post=16433"}],"curies":[{"name":"wp","href":"https:\/\/api.w.org\/{rel}","templated":true}]}}