{"id":16467,"date":"2015-03-26T13:30:15","date_gmt":"2015-03-26T12:30:15","guid":{"rendered":"http:\/\/www.revue3emillenaire.com\/blog\/?p=16467"},"modified":"2015-03-26T13:30:15","modified_gmt":"2015-03-26T12:30:15","slug":"beethoven-la-missa-solemnis-et-lesprit-religieux-par-yvon-bec","status":"publish","type":"post","link":"https:\/\/www.revue3emillenaire.com\/blog\/beethoven-la-missa-solemnis-et-lesprit-religieux-par-yvon-bec\/","title":{"rendered":"Beethoven, La Missa Solemnis et l&rsquo;esprit religieux par Yvon Bec"},"content":{"rendered":"<p align=\"justify\"><span style=\"color: #000000;\"><span style=\"font-size: medium;\">(Revue Question De. No 54. Octobre-Novembre-D\u00e9cembre 1983)<\/span><\/span><\/p>\n<p align=\"justify\"><span style=\"color: #000000;\"><span style=\"font-size: medium;\">La Missa Solemnis de Beethoven est l&rsquo;une des \u0153uvres majeures du compositeur et sans doute la premi\u00e8re messe catholique o\u00f9 le texte se trouve en retrait par rapport \u00e0 l&rsquo;expressivit\u00e9. Cette exigence expressive de Beethoven se double d&rsquo;une exigence quant au sens des paroles prononc\u00e9es. Le compositeur \u00e9tudie profond\u00e9ment le texte de la messe qu&rsquo;il s&rsquo;est fait traduire en langue allemande, et c&rsquo;est sciemment qu&rsquo;il escamote une partie du credo. Tout ce qui est prononc\u00e9 de \u00ab Et in Spiritum Sanctum \u00bb jusqu&rsquo;\u00e0 \u00ab in remissionem peccato\u00adrum \u00bb l&rsquo;est par le seul t\u00e9nor dont la voix se trouve alors couverte par la lourde marche des trombones.<\/span><\/span><\/p>\n<p align=\"justify\"><span style=\"color: #000000;\"><span style=\"font-size: medium;\">En passant sous silence une part fondamen\u00adtale du dogme, Beethoven prend ses distances \u00e0 l&rsquo;\u00e9gard du clerg\u00e9 plus qu&rsquo;il ne les prend \u00e0 l&rsquo;\u00e9gard de Dieu.<\/span><\/span><\/p>\n<p align=\"justify\"><span style=\"color: #000000;\"><span style=\"font-size: medium;\">La, situation de la Missa Solemnis dans l\u2019\u0153uvre de Beetho\u00adven en r\u00e9v\u00e8le l&rsquo;un des aspects les plus saisissants. C&rsquo;est qu&rsquo;en 1818, date \u00e0 laquelle il en entreprend la composi\u00adtion, Beethoven \u00e9merge \u00e0 grand peine d&rsquo;une terrible p\u00e9riode de d\u00e9pression qui l&rsquo;a tenu pendant six ans depuis le mois de mai 1812. Beethoven, au cours de sa vie, aura connu bien des p\u00e9riodes difficiles, mais aucune n&rsquo;aura dur\u00e9 si longtemps ni n&rsquo;aura eu cette essentielle gravit\u00e9. Comparons l\u00e0 \u00e0 celle de 1802, \u00e0 l&rsquo;issue de laquelle la r\u00e9daction du testament d&rsquo;Heiligenstadt jouera le r\u00f4le d&rsquo;une catharsis. C&rsquo;est l&rsquo;art, et l&rsquo;art seul qui retient Beetho\u00adven alors au seuil du suicide. Mais, \u00e0 partir de 1812 ce sont les forces cr\u00e9atrices qui sont atteintes, et la produc\u00adtion, si riche auparavant, se rar\u00e9fie r\u00e9guli\u00e8rement, jus\u00adqu&rsquo;\u00e0 l&rsquo;ann\u00e9e noire de 1817 ; au bilan d\u00e9risoire : l&rsquo;arran\u00adgement en quintette du trio op. 1 et deux musiques vo\u00adcales : le chant des moines et le Lied Resignation ; deux textes o\u00f9 la mort est souhait\u00e9e, appel\u00e9e, et qui rejoint une des notes les plus sombres de sa correspondance, o\u00f9 Beethoven n&rsquo;envisage plus la moindre action, f\u00fbt-elle suicidaire : \u00ab En ce qui me concerne, je suis souvent au d\u00e9sespoir et je voudrais que ma vie finisse, car on ne voit jamais la fin de toutes ces infirmit\u00e9s&#8230; Dieu merci, si le r\u00f4le \u00e9tait bient\u00f4t fini de jouer&#8230; \u00bb<\/span><\/span><\/p>\n<p align=\"justify\"><span style=\"color: #000000;\"><span style=\"font-size: medium;\">Enfin, en 1818, la crise se r\u00e9sout et la cr\u00e9ation, d&rsquo;abord balbutiante, reprend. De ces cendres, c&rsquo;est la sonate op. 106 qui na\u00eet tout d&rsquo;abord, bient\u00f4t suivie, esquisses entrem\u00eal\u00e9es, de la Missa Solemmis.<\/span><\/span><\/p>\n<p align=\"justify\"><span style=\"color: #000000;\"><span style=\"font-size: medium;\">Et, entendant ces deux \u0153uvres, comment cette r\u00e9\u00adflexion de Beethoven \u00e0 propos de ses premi\u00e8res \u0153uvres, ne surgirait-elle pas \u00e0 notre esprit ? \u00ab Quand j&rsquo;ai revu mes premiers manuscrits, quelques ann\u00e9es plus tard, je me suis demand\u00e9 si je n&rsquo;\u00e9tais pas fou, pour avoir mis en un seul morceau ce qui suffisait pour en composer vingt&#8230; \u00bb N&rsquo;est-ce pas cette m\u00eame impression qui nous saisit lorsque nous \u00e9coutons ces \u00ab premi\u00e8res \u0153uvres \u00bb d&rsquo;apr\u00e8s la r\u00e9surrection \u00bb ? Ce rapprochement est signi\u00adficatif : en 1818, \u00e0 48 ans et avec la sant\u00e9 recouvr\u00e9e, ce qui submerge Beethoven, c&rsquo;est une nouvelle jeunesse, et \u00ab de toutes autres choses s&rsquo;esquissent en son esprit\u00a0\u00bb. Pour Beethoven, la pens\u00e9e de Dieu appara\u00eet sous deux modes ou plut\u00f4t deux fonctions oppos\u00e9es, mais qui ne se d\u00e9finissent que par rapport \u00e0 lui-m\u00eame en tant qu&rsquo;il est actif ou passif. C&rsquo;est ainsi que le Dieu de la Bible n&rsquo;appara\u00eet qu&rsquo;aux moments de d\u00e9tresse et d&rsquo;angoisse. \u00ab O dieu, abaisse ton regard sur le malheureux Beethoven, ne laisse pas cela durer plus longtemps. \u00bb Mais lorsque, en pleine vigueur, Beethoven lit sur la partition de Fid\u00e9\u00adlio cette inscription de Moscheles ; \u00ab Termin\u00e9 avec l&rsquo;aide de Dieu \u00bb il y substitue cette autre \u00ab Homme, aide-toi toi-m\u00eame \u00bb. Lorsque Beethoven est actif, on voit que sa conception du divin change de tout au tout.<\/span><\/span><\/p>\n<p align=\"justify\"><span style=\"color: #000000;\"><span style=\"font-size: medium;\">En fait, ses aspirations religieuses semblent le mener vers une entit\u00e9 proche de ce que Spinoza nomme Dieu. Et trop d&rsquo;intuitions beethov\u00e9niennes sur la nature de l&rsquo;\u00e9ternit\u00e9 (cf. : la lettre au peintre Macco) et sur la na\u00adture du divin convergent avec le spinozisme pour n&rsquo;\u00eatre que fortuites. Ces intuitions que nous trouvons, non dans de vagues invocations de malade, mais lorsqu&rsquo;il affirme sa pens\u00e9e avec le plus de coh\u00e9rence possible pour lui, c&rsquo;est-\u00e0-dire lorsqu&rsquo;il met en rapport la pens\u00e9e du divin et l&rsquo;acte de cr\u00e9ation. Convalescent, il \u00e9crit encore, \u00e0 c\u00f4t\u00e9 des esquisses du Credo de la Messe \u00ab Dieu ne m&rsquo;a jamais abandonn\u00e9\u00a0\u00bb. Mais lorsque, r\u00e9tabli, il l&rsquo;ach\u00e8ve, son dis\u00adcours rend un tout autre son ; nous savions d\u00e9j\u00e0 que pour lui \u00ab seuls l&rsquo;art et la science haussent l&rsquo;homme jus\u00adqu&rsquo;\u00e0 la divinit\u00e9 \u00bb. D\u00e8s lors le sens des mots qui suivent n&rsquo;est que trop clair : \u00ab Il n&rsquo;y a rien de plus haut que de s&rsquo;approcher de la divinit\u00e9, plus que les autres hommes, et, de l\u00e0, r\u00e9pandre les rayons de la divinit\u00e9 parmi le genre humain. \u00bb (\u00c9crit en 1823 \u00e0 l&rsquo;archiduc Rodolphe apr\u00e8s l&rsquo;ach\u00e8vement de la messe.) Il est tout de m\u00eame \u00e9trange qu&rsquo;au terme de la composition d&rsquo;une \u00ab messe catholique \u00bb Beethoven rejoigne ainsi la plus haute d\u00e9\u00adcouverte du Ve livre de l\u2019\u00c9thique : lorsque la r\u00e9flexion humaine se retourne sur soi pour s&rsquo;aimer comme \u00e9tant en elle-m\u00eame. Dieu.<\/span><\/span><\/p>\n<p align=\"center\"><span style=\"color: #000000;\"><span style=\"font-size: medium;\">***<\/span><\/span><\/p>\n<p align=\"justify\"><span style=\"color: #000000;\"><span style=\"font-size: medium;\"><b>Beethoven, extraits des carnets intimes<\/b><\/span><\/span><\/p>\n<p align=\"justify\"><i><span style=\"color: #000000;\"><span style=\"font-size: medium;\">C&rsquo;est \u00e0 juste titre que Beethoven appara\u00eet aujourd\u2019hui comme la personnalit\u00e9 la plus puissante de la musique occidentale. H\u00e9ritier du si\u00e8cle des Lumi\u00e8res, profond\u00e9ment influenc\u00e9 par la R\u00e9volution fran\u00e7aise, ouvrant toute grande la voie <\/span><\/span><span style=\"color: #000000;\"><span style=\"font-size: medium;\">du Romantisme, il sut, au-del\u00e0 de sa musique, r\u00e9aliser cette synth\u00e8se unique que nous nommons\u00a0: esprit de modernit\u00e9. Beethoven n&rsquo;eut point de pr\u00e9cepteur mais se cultiva en autodidacte passionn\u00e9 et toujours ouvert au monde qui l&rsquo;entourait. Lecteur infatigable des philosophes, il fut ainsi l&rsquo;un des premiers esprits de son temps \u00e0 s&rsquo;int\u00e9resser \u00e0 la litt\u00e9rature indienne r\u00e9cemment traduite par des orientalistes comme Anquetil du Perron et Hammer-Purgstall. Les extraits que nous pr\u00e9sentons ici sont tir\u00e9s de ses \u00ab\u00a0carnets intimes\u00a0\u00bb (manuscrit Fischhoff), suite de notes lapidaires et d&rsquo;aphorismes \u00e9crits entre 1812 et 1916, o\u00f9 l&rsquo;auteur de la Neuvi\u00e8me livre l&rsquo;essentiel de sa vision spirituelle. <\/span><\/span><\/i><\/p>\n<p align=\"justify\"><span style=\"color: #000000;\"><span style=\"font-size: medium;\">Dieu est <\/span><\/span><span style=\"color: #000000;\"><span style=\"font-size: medium;\">immat\u00e9riel<\/span><\/span><span style=\"color: #000000;\"><span style=\"font-size: medium;\"> aussi sommes-nous d<\/span><\/span><span style=\"color: #000000;\"><span style=\"font-size: medium;\">a<\/span><\/span><span style=\"color: #000000;\"><span style=\"font-size: medium;\">ns l<\/span><\/span><span style=\"color: #000000;\"><span style=\"font-size: medium;\">&lsquo;impuissance \u00e0<\/span><\/span><span style=\"color: #000000;\"><span style=\"font-size: medium;\"> nous repr\u00e9senter son image ; parce <\/span><\/span><span style=\"color: #000000;\"><span style=\"font-size: medium;\">qu\u2019invisible<\/span><\/span><span style=\"color: #000000;\"><span style=\"font-size: medium;\">, il est amorphe. Mais, par <\/span><\/span><span style=\"color: #000000;\"><span style=\"font-size: medium;\">c<\/span><\/span><span style=\"color: #000000;\"><span style=\"font-size: medium;\">e qu&rsquo;il nous est donn<\/span><\/span><span style=\"color: #000000;\"><span style=\"font-size: medium;\">\u00e9<\/span><\/span><span style=\"color: #000000;\"><span style=\"font-size: medium;\"> de voir dans <\/span><\/span><span style=\"color: #000000;\"><span style=\"font-size: medium;\">s<\/span><\/span><span style=\"color: #000000;\"><span style=\"font-size: medium;\">es \u0153uv<\/span><\/span><span style=\"color: #000000;\"><span style=\"font-size: medium;\">r<\/span><\/span><span style=\"color: #000000;\"><span style=\"font-size: medium;\">es, il nous est perm<\/span><\/span><span style=\"color: #000000;\"><span style=\"font-size: medium;\">i<\/span><\/span><span style=\"color: #000000;\"><span style=\"font-size: medium;\">s de c<\/span><\/span><span style=\"color: #000000;\"><span style=\"font-size: medium;\">o<\/span><\/span><span style=\"color: #000000;\"><span style=\"font-size: medium;\">nclure <\/span><\/span><span style=\"color: #000000;\"><span style=\"font-size: medium;\">\u00e0<\/span><\/span><span style=\"color: #000000;\"><span style=\"font-size: medium;\"> so<\/span><\/span><span style=\"color: #000000;\"><span style=\"font-size: medium;\">n<\/span><\/span><span style=\"color: #000000;\"><span style=\"font-size: medium;\"> caract\u00e8re \u00e9terne<\/span><\/span><span style=\"color: #000000;\"><span style=\"font-size: medium;\">l, omni<\/span><\/span><span style=\"color: #000000;\"><span style=\"font-size: medium;\">scient, omn<\/span><\/span><span style=\"color: #000000;\"><span style=\"font-size: medium;\">i<\/span><\/span><span style=\"color: #000000;\"><span style=\"font-size: medium;\">potent, \u00e0 sa pr\u00e9sence uni\u00ad<\/span><\/span><span style=\"color: #000000;\"><span style=\"font-size: medium;\">v<\/span><\/span><span style=\"color: #000000;\"><span style=\"font-size: medium;\">ersell<\/span><\/span><span style=\"color: #000000;\"><span style=\"font-size: medium;\">e<\/span><\/span><span style=\"color: #000000;\"><span style=\"font-size: medium;\">. Au Tout-Puissant, <\/span><\/span><span style=\"color: #000000;\"><span style=\"font-size: medium;\">\u00e0<\/span><\/span><span style=\"color: #000000;\"><span style=\"font-size: medium;\"> lui seul, 1<\/span><\/span><span style=\"color: #000000;\"><span style=\"font-size: medium;\">&lsquo;<\/span><\/span><span style=\"color: #000000;\"><span style=\"font-size: medium;\">envie, la cup<\/span><\/span><span style=\"color: #000000;\"><span style=\"font-size: medium;\">idit\u00e9 s<\/span><\/span><span style=\"color: #000000;\"><span style=\"font-size: medium;\">ont \u00e9tran<\/span><\/span><span style=\"color: #000000;\"><span style=\"font-size: medium;\">g<\/span><\/span><span style=\"color: #000000;\"><span style=\"font-size: medium;\">\u00e8res ; sa <\/span><\/span><span style=\"color: #000000;\"><span style=\"font-size: medium;\">g<\/span><\/span><span style=\"color: #000000;\"><span style=\"font-size: medium;\">ran<\/span><\/span><span style=\"color: #000000;\"><span style=\"font-size: medium;\">deur <\/span><\/span><span style=\"color: #000000;\"><span style=\"font-size: medium;\">n&rsquo;a <\/span><\/span><span style=\"color: #000000;\"><span style=\"font-size: medium;\">po<\/span><\/span><span style=\"color: #000000;\"><span style=\"font-size: medium;\">int d&rsquo;\u00e9gale. BRAHMA\u00a0: i<\/span><\/span><span style=\"color: #000000;\"><span style=\"font-size: medium;\">l a<\/span><\/span><span style=\"color: #000000;\"><span style=\"font-size: medium;\"> ab<\/span><\/span><span style=\"color: #000000;\"><span style=\"font-size: medium;\">s<\/span><\/span><span style=\"color: #000000;\"><span style=\"font-size: medium;\">orb\u00e9 son <\/span><\/span><span style=\"color: #000000;\"><span style=\"font-size: medium;\">propre<\/span><\/span> <span style=\"color: #000000;\"><span style=\"font-size: medium;\">esprit. <\/span><\/span><span style=\"color: #000000;\"><span style=\"font-size: medium;\"> Lui le Puis<\/span><\/span><span style=\"color: #000000;\"><span style=\"font-size: medium;\">sant, nous <\/span><\/span><span style=\"color: #000000;\"><span style=\"font-size: medium;\">retrouvons <\/span><\/span><span style=\"color: #000000;\"><span style=\"font-size: medium;\">par<\/span><\/span><span style=\"color: #000000;\"><span style=\"font-size: medium;\">tout <\/span><\/span><span style=\"color: #000000;\"><span style=\"font-size: medium;\">sa pr\u00e9sence.<\/span><\/span><span style=\"color: #000000;\"><span style=\"font-size: medium;\"> Son omniscience <\/span><\/span><span style=\"color: #000000;\"><span style=\"font-size: medium;\">\u00e9m<\/span><\/span><span style=\"color: #000000;\"><span style=\"font-size: medium;\">ane de <\/span><\/span><span style=\"color: #000000;\"><span style=\"font-size: medium;\">sa propre inspiration et sa <\/span><\/span><span style=\"color: #000000;\"><span style=\"font-size: medium;\">conception <\/span><\/span><span style=\"color: #000000;\"><span style=\"font-size: medium;\">comprend toutes les autres. De toutes les <\/span><\/span><span style=\"color: #000000;\"><span style=\"font-size: medium;\">qualit\u00e9s polycomp<\/span><\/span><span style=\"color: #000000;\"><span style=\"font-size: medium;\">r\u00e9<\/span><\/span><span style=\"color: #000000;\"><span style=\"font-size: medium;\">hensives, la <\/span><\/span><span style=\"color: #000000;\"><span style=\"font-size: medium;\">p<\/span><\/span><span style=\"color: #000000;\"><span style=\"font-size: medium;\">lus grande est l&rsquo;omniscience\u00a0; <\/span><\/span><span style=\"color: #000000;\"><span style=\"font-size: medium;\">pour<\/span><\/span><span style=\"color: #000000;\"><span style=\"font-size: medium;\"> elle, il <\/span><\/span><span style=\"color: #000000;\"><span style=\"font-size: medium;\">n<\/span><\/span><span style=\"color: #000000;\"><span style=\"font-size: medium;\">&lsquo;est pas <\/span><\/span><span style=\"color: #000000;\"><span style=\"font-size: medium;\">d<\/span><\/span><span style=\"color: #000000;\"><span style=\"font-size: medium;\">e <\/span><\/span><span style=\"color: #000000;\"><span style=\"font-size: medium;\">trinit\u00e9<\/span><\/span><span style=\"color: #000000;\"><span style=\"font-size: medium;\">, elle est absolument ind\u00e9<\/span><\/span><span style=\"color: #000000;\"><span style=\"font-size: medium;\">p<\/span><\/span><span style=\"color: #000000;\"><span style=\"font-size: medium;\">endante. Oh ! Die<\/span><\/span><span style=\"color: #000000;\"><span style=\"font-size: medium;\">u<\/span><\/span><span style=\"color: #000000;\"><span style=\"font-size: medium;\">, tu es la lu<\/span><\/span><span style=\"color: #000000;\"><span style=\"font-size: medium;\">mi\u00e8re<\/span><\/span><span style=\"color: #000000;\"><span style=\"font-size: medium;\"> v\u00e9ritable b\u00e9nie, \u00e9ternelle de tous les temps, <\/span><\/span><span style=\"color: #000000;\"><span style=\"font-size: medium;\">dans <\/span><\/span><span style=\"color: #000000;\"><span style=\"font-size: medium;\">tous les <\/span><\/span><span style=\"color: #000000;\"><span style=\"font-size: medium;\">l<\/span><\/span><span style=\"color: #000000;\"><span style=\"font-size: medium;\">ieux. Ta sa<\/span><\/span><span style=\"color: #000000;\"><span style=\"font-size: medium;\">g<\/span><\/span><span style=\"color: #000000;\"><span style=\"font-size: medium;\">esse accepte <\/span><\/span><span style=\"color: #000000;\"><span style=\"font-size: medium;\">m<\/span><\/span><span style=\"color: #000000;\"><span style=\"font-size: medium;\">ille et mille lois, cependant que <\/span><\/span><span style=\"color: #000000;\"><span style=\"font-size: medium;\">to<\/span><\/span><span style=\"color: #000000;\"><span style=\"font-size: medium;\">u<\/span><\/span><span style=\"color: #000000;\"><span style=\"font-size: medium;\">j<\/span><\/span><span style=\"color: #000000;\"><span style=\"font-size: medium;\">o<\/span><\/span><span style=\"color: #000000;\"><span style=\"font-size: medium;\">ur<\/span><\/span><span style=\"color: #000000;\"><span style=\"font-size: medium;\">s tu a<\/span><\/span><span style=\"color: #000000;\"><span style=\"font-size: medium;\">g<\/span><\/span><span style=\"color: #000000;\"><span style=\"font-size: medium;\">is <\/span><\/span><span style=\"color: #000000;\"><span style=\"font-size: medium;\">librement<\/span><\/span><span style=\"color: #000000;\"><span style=\"font-size: medium;\">, \u00e0 ton honneur. To<\/span><\/span><span style=\"color: #000000;\"><span style=\"font-size: medium;\">u<\/span><\/span><span style=\"color: #000000;\"><span style=\"font-size: medium;\">t <\/span><\/span><span style=\"color: #000000;\"><span style=\"font-size: medium;\">c<\/span><\/span><span style=\"color: #000000;\"><span style=\"font-size: medium;\">e <\/span><\/span><span style=\"color: #000000;\"><span style=\"font-size: medium;\">q<\/span><\/span><span style=\"color: #000000;\"><span style=\"font-size: medium;\">ue nous ado\u00adrons, tu 1<\/span><\/span><span style=\"color: #000000;\"><span style=\"font-size: medium;\">&lsquo;<\/span><\/span><span style=\"color: #000000;\"><span style=\"font-size: medium;\">a<\/span><\/span><span style=\"color: #000000;\"><span style=\"font-size: medium;\">s <\/span><\/span><span style=\"color: #000000;\"><span style=\"font-size: medium;\">pr\u00e9c\u00e9d\u00e9 : <\/span><\/span><span style=\"color: #000000;\"><span style=\"font-size: medium;\">\u00e0 <\/span><\/span><span style=\"color: #000000;\"><span style=\"font-size: medium;\">toi nos louan<\/span><\/span><span style=\"color: #000000;\"><span style=\"font-size: medium;\">g<\/span><\/span><span style=\"color: #000000;\"><span style=\"font-size: medium;\">e<\/span><\/span><span style=\"color: #000000;\"><span style=\"font-size: medium;\">s, \u00e0 <\/span><\/span><span style=\"color: #000000;\"><span style=\"font-size: medium;\">toi n<\/span><\/span><span style=\"color: #000000;\"><span style=\"font-size: medium;\">ot<\/span><\/span><span style=\"color: #000000;\"><span style=\"font-size: medium;\">re adoration. Toi seul tu <\/span><\/span><span style=\"color: #000000;\"><span style=\"font-size: medium;\">es <\/span><\/span><span style=\"color: #000000;\"><span style=\"font-size: medium;\">Bienheureux <\/span><\/span><span style=\"color: #000000;\"><span style=\"font-size: medium;\">(<\/span><\/span><span style=\"color: #000000;\"><span style=\"font-size: medium;\">Bha<\/span><\/span><span style=\"color: #000000;\"><span style=\"font-size: medium;\">g<\/span><\/span><span style=\"color: #000000;\"><span style=\"font-size: medium;\">a<\/span><\/span><span style=\"color: #000000;\"><span style=\"font-size: medium;\">va<\/span><\/span><span style=\"color: #000000;\"><span style=\"font-size: medium;\">n<\/span><\/span><span style=\"color: #000000;\"><span style=\"font-size: medium;\">),<\/span><\/span><span style=\"color: #000000;\"><span style=\"font-size: medium;\"> toi l&rsquo;essence de t<\/span><\/span><span style=\"color: #000000;\"><span style=\"font-size: medium;\">outes <\/span><\/span><span style=\"color: #000000;\"><span style=\"font-size: medium;\">les <\/span><\/span><span style=\"color: #000000;\"><span style=\"font-size: medium;\">l<\/span><\/span><span style=\"color: #000000;\"><span style=\"font-size: medium;\">o<\/span><\/span><span style=\"color: #000000;\"><span style=\"font-size: medium;\">i<\/span><\/span><span style=\"color: #000000;\"><span style=\"font-size: medium;\">s: l&rsquo;image <\/span><\/span><span style=\"color: #000000;\"><span style=\"font-size: medium;\">de la <\/span><\/span><span style=\"color: #000000;\"><span style=\"font-size: medium;\">s<\/span><\/span><span style=\"color: #000000;\"><span style=\"font-size: medium;\">ages<\/span><\/span><span style=\"color: #000000;\"><span style=\"font-size: medium;\">s<\/span><\/span><span style=\"color: #000000;\"><span style=\"font-size: medium;\">e. <\/span><\/span><span style=\"color: #000000;\"><span style=\"font-size: medium;\">T<\/span><\/span><span style=\"color: #000000;\"><span style=\"font-size: medium;\">ou<\/span><\/span><span style=\"color: #000000;\"><span style=\"font-size: medium;\">s <\/span><\/span><span style=\"color: #000000;\"><span style=\"font-size: medium;\">nous <\/span><\/span><span style=\"color: #000000;\"><span style=\"font-size: medium;\">s<\/span><\/span><span style=\"color: #000000;\"><span style=\"font-size: medium;\">en<\/span><\/span><span style=\"color: #000000;\"><span style=\"font-size: medium;\">tons ta pr\u00e9sence\u00a0; <\/span><\/span><span style=\"color: #000000;\"><span style=\"font-size: medium;\">t<\/span><\/span><span style=\"color: #000000;\"><span style=\"font-size: medium;\">u p<\/span><\/span><span style=\"color: #000000;\"><span style=\"font-size: medium;\">o<\/span><\/span><span style=\"color: #000000;\"><span style=\"font-size: medium;\">rtes toute chose ! &#8230;.<\/span><\/span><\/p>\n<p align=\"justify\"><span style=\"color: #000000;\"><span style=\"font-size: medium;\">Voudrais-tu savourer le miel sans souffrir des piq\u00fbres de l&rsquo;abeille\u00a0?<\/span><\/span><\/p>\n<p align=\"justify\"><span style=\"color: #000000;\"><span style=\"font-size: medium;\">C&rsquo;est avec calme <\/span><\/span><span style=\"color: #000000;\"><span style=\"font-size: medium;\">et r\u00e9signation que, <\/span><\/span><span style=\"color: #000000;\"><span style=\"font-size: medium;\">pla\u00e7ant ma <\/span><\/span><span style=\"color: #000000;\"><span style=\"font-size: medium;\">confiance, <\/span><\/span><span style=\"color: #000000;\"><span style=\"font-size: medium;\">\u00f4 Seigneur, dans ta bont\u00e9 immuable, je veux me soumettre \u00e0 toutes les \u00e9ventualit\u00e9s du Destin. <\/span><\/span><span style=\"color: #000000;\"><span style=\"font-size: medium;\">\u00c0<\/span><\/span><span style=\"color: #000000;\"><span style=\"font-size: medium;\"> toi, toujours dans le m\u00eame esprit, \u00e9ternellement \u00e0 toi.<\/span><\/span><\/p>\n<p align=\"justify\"><span style=\"color: #000000;\"><span style=\"font-size: medium;\">Que mon \u00e2me se r\u00e9jouisse! Sois mon roc, \u00f4 Di<\/span><\/span><span style=\"color: #000000;\"><span style=\"font-size: medium;\">eu\u00a0! <\/span><\/span><span style=\"color: #000000;\"><span style=\"font-size: medium;\">Sois, ma lumi\u00e8re! Sois <\/span><\/span><span style=\"color: #000000;\"><span style=\"font-size: medium;\">\u00e0 <\/span><\/span><span style=\"color: #000000;\"><span style=\"font-size: medium;\">jamais le refuge o\u00f9 viendra s&rsquo;abriter ma con<\/span><\/span><span style=\"color: #000000;\"><span style=\"font-size: medium;\">fiance.<\/span><\/span><\/p>\n<p align=\"justify\"><span style=\"color: #000000;\"><span style=\"font-size: medium;\">Les <\/span><\/span><span style=\"color: #000000;\"><span style=\"font-size: medium;\">faiblesses de la nature sont inh\u00e9rentes \u00e0 la nature elle-m\u00eame\u00a0; la Raison souveraine, par sa vertu, doit chercher \u00e0 les guider et \u00e0 les att\u00e9nuer.<\/span><\/span><\/p>\n<p align=\"justify\"><span style=\"color: #000000;\"><span style=\"font-size: medium;\">\u00ab\u00a0Je s<\/span><\/span><span style=\"color: #000000;\"><span style=\"font-size: medium;\">uis ce qui est.\u00a0\u00bb<\/span><\/span><\/p>\n<p align=\"justify\"><span style=\"color: #000000;\"><span style=\"font-size: medium;\">\u00ab Je suis tout ce qu<\/span><\/span><span style=\"color: #000000;\"><span style=\"font-size: medium;\">i <\/span><\/span><span style=\"color: #000000;\"><span style=\"font-size: medium;\">e<\/span><\/span><span style=\"color: #000000;\"><span style=\"font-size: medium;\">s<\/span><\/span><span style=\"color: #000000;\"><span style=\"font-size: medium;\">t, ce <\/span><\/span><span style=\"color: #000000;\"><span style=\"font-size: medium;\">qui \u00e9t\u00e9 et ce qui sera. <\/span><\/span><span style=\"color: #000000;\"><span style=\"font-size: medium;\">Aucun mortel <\/span><\/span><span style=\"color: #000000;\"><span style=\"font-size: medium;\">n&rsquo;a<\/span><\/span> <span style=\"color: #000000;\"><span style=\"font-size: medium;\">soulev\u00e9 mon voile.\u00a0\u00bb<\/span><\/span><\/p>\n<p align=\"justify\"><span style=\"color: #000000;\"><span style=\"font-size: medium;\">\u00ab Il est le Seul, l&rsquo;Unique, il <\/span><\/span><span style=\"color: #000000;\"><span style=\"font-size: medium;\">n\u2019a<\/span><\/span><span style=\"color: #000000;\"><span style=\"font-size: medium;\"> pas \u00e9t\u00e9 <\/span><\/span><span style=\"color: #000000;\"><span style=\"font-size: medium;\">engendr\u00e9, et <\/span><\/span><span style=\"color: #000000;\"><span style=\"font-size: medium;\">tout ce qui est lui doit son existence. \u00bb<\/span><\/span><\/p>\n<p align=\"justify\"><span style=\"color: #000000;\"><span style=\"font-size: medium;\"><span lang=\"fr-FR\">Les vaillants, les ho<\/span><\/span><\/span><span style=\"color: #000000;\"><span style=\"font-size: medium;\"><span lang=\"fr-FR\">m<\/span><\/span><\/span><span style=\"color: #000000;\"><span style=\"font-size: medium;\"><span lang=\"fr-FR\">mes <\/span><\/span><\/span><span style=\"color: #000000;\"><span style=\"font-size: medium;\"><span lang=\"fr-FR\">sup\u00e9rieurs<\/span><\/span><\/span><span style=\"color: #000000;\"><span style=\"font-size: medium;\"><span lang=\"fr-FR\"> nous incitent \u00e0 accomplir des actes nobles <\/span><\/span><\/span><span style=\"color: #000000;\"><span style=\"font-size: medium;\"><span lang=\"fr-FR\">et m\u00e9ritoires\u00a0;<\/span><\/span><\/span><span style=\"color: #000000;\"><span style=\"font-size: medium;\"><span lang=\"fr-FR\"> les l\u00e2ches, les mauvais, des choses basses, indignes. Car le vice passe par des <\/span><\/span><\/span><span style=\"color: #000000;\"><span style=\"font-size: medium;\"><span lang=\"fr-FR\">chemins <\/span><\/span><\/span><span style=\"color: #000000;\"><span style=\"font-size: medium;\"><span lang=\"fr-FR\">attrayants <\/span><\/span><\/span><span style=\"color: #000080;\"><span style=\"color: #000000;\"><span style=\"font-size: medium;\"><span lang=\"fr-FR\">pour <\/span><\/span><\/span><\/span><span style=\"color: #000000;\"><span style=\"font-size: medium;\"><span lang=\"fr-FR\">la<\/span><\/span><\/span><span style=\"color: #000000;\"><span style=\"font-size: medium;\"><span lang=\"fr-FR\"> volupt\u00e9, engageant ainsi l&rsquo;homme <\/span><\/span><\/span><span style=\"color: #000000;\"><span style=\"font-size: medium;\"><span lang=\"fr-FR\">\u00e0 le suivre. <\/span><\/span><\/span><span style=\"color: #000000;\"><span style=\"font-size: medium;\"><span lang=\"fr-FR\">La vertu, au <\/span><\/span><\/span><span style=\"color: #000000;\"><span style=\"font-size: medium;\"><span lang=\"fr-FR\">contraire<\/span><\/span><\/span><span style=\"color: #000000;\"><span style=\"font-size: medium;\"><span lang=\"fr-FR\">, choisit des sen\u00adtiers abrupts et ne peut nous s\u00e9duire au<\/span><\/span><\/span><span style=\"color: #000000;\"><span style=\"font-size: medium;\"><span lang=\"fr-FR\">s<\/span><\/span><\/span><span style=\"color: #000000;\"><span style=\"font-size: medium;\"><span lang=\"fr-FR\">si vite et <\/span><\/span><\/span><span style=\"color: #000000;\"><span style=\"font-size: medium;\"><span lang=\"fr-FR\">f<\/span><\/span><\/span><span style=\"color: #000000;\"><span style=\"font-size: medium;\"><span lang=\"fr-FR\">aci<\/span><\/span><\/span><span style=\"color: #000000;\"><span style=\"font-size: medium;\"><span lang=\"fr-FR\">l<\/span><\/span><\/span><span style=\"color: #000000;\"><span style=\"font-size: medium;\"><span lang=\"fr-FR\">e<\/span><\/span><\/span><span style=\"color: #000000;\"><span style=\"font-size: medium;\"><span lang=\"fr-FR\">m<\/span><\/span><\/span><span style=\"color: #000000;\"><span style=\"font-size: medium;\"><span lang=\"fr-FR\">ent, <\/span><\/span><\/span><span style=\"color: #000000;\"><span style=\"font-size: medium;\"><span lang=\"fr-FR\">surtout <\/span><\/span><\/span><span style=\"color: #000000;\"><span style=\"font-size: medium;\"><span lang=\"fr-FR\">si nous <\/span><\/span><\/span><span style=\"color: #000000;\"><span style=\"font-size: medium;\"><span lang=\"fr-FR\">sommes invit\u00e9s \u00e0 <\/span><\/span><\/span><span style=\"color: #000000;\"><span style=\"font-size: medium;\"><span lang=\"fr-FR\">prendre <\/span><\/span><\/span><span style=\"color: #000000;\"><span style=\"font-size: medium;\"><span lang=\"fr-FR\">un chemin doux et <\/span><\/span><\/span><span style=\"color: #000000;\"><span style=\"font-size: medium;\"><span lang=\"fr-FR\">agr\u00e9a<\/span><\/span><\/span><span style=\"color: #000000;\"><span style=\"font-size: medium;\"><span lang=\"fr-FR\">b<\/span><\/span><\/span><span style=\"color: #000000;\"><span style=\"font-size: medium;\"><span lang=\"fr-FR\">le.<\/span><\/span><\/span><\/p>\n<p align=\"justify\"><span style=\"color: #000000;\"><span style=\"font-size: medium;\">Il est <\/span><\/span><span style=\"color: #000000;\"><span style=\"font-size: medium;\">difficile de convaincre les autres quand on p<\/span><\/span><span style=\"color: #000000;\"><span style=\"font-size: medium;\">asse <\/span><\/span><span style=\"color: #000000;\"><span style=\"font-size: medium;\">p<\/span><\/span><span style=\"color: #000000;\"><span style=\"font-size: medium;\">our un m<\/span><\/span><span style=\"color: #000000;\"><span style=\"font-size: medium;\">ente<\/span><\/span><span style=\"color: #000000;\"><span style=\"font-size: medium;\">u<\/span><\/span><span style=\"color: #000000;\"><span style=\"font-size: medium;\">r. Agis au lieu de demander. <\/span><\/span><\/p>\n<p align=\"justify\"><span style=\"color: #000000;\"><span style=\"font-size: medium;\">\u00ab\u00a0Consid\u00e9rons les diffic<\/span><\/span><span style=\"color: #000000;\"><span style=\"font-size: medium;\">ul<\/span><\/span><span style=\"color: #000000;\"><span style=\"font-size: medium;\">t\u00e9s de l&rsquo;<\/span><\/span><span style=\"color: #000000;\"><span style=\"font-size: medium;\">existence<\/span><\/span><span style=\"color: #000000;\"><span style=\"font-size: medium;\">, qui <\/span><\/span><span style=\"color: #000000;\"><span style=\"font-size: medium;\">jalonnent<\/span><\/span><span style=\"color: #000000;\"><span style=\"font-size: medium;\"> notre route, comme des guides vers une vie <\/span><\/span><span style=\"color: #000000;\"><span style=\"font-size: medium;\">meilleure.<\/span><\/span><span style=\"color: #000000;\"><span style=\"font-size: medium;\"> \u00bb Pour mainte\u00adnir les autres dans la soumission et <\/span><\/span><span style=\"color: #000000;\"><span style=\"font-size: medium;\">l&rsquo;<\/span><\/span><span style=\"color: #000000;\"><span style=\"font-size: medium;\">ob\u00e9is<\/span><\/span><span style=\"color: #000000;\"><span style=\"font-size: medium;\">s<\/span><\/span><span style=\"color: #000000;\"><span style=\"font-size: medium;\">a<\/span><\/span><span style=\"color: #000000;\"><span style=\"font-size: medium;\">nc<\/span><\/span><span style=\"color: #000000;\"><span style=\"font-size: medium;\">e, le moyen le plus s\u00fbr est <\/span><\/span><span style=\"color: #000000;\"><span style=\"font-size: medium;\">d<\/span><\/span><span style=\"color: #000000;\"><span style=\"font-size: medium;\">e leur imposer la foi en la <\/span><\/span><span style=\"color: #000000;\"><span style=\"font-size: medium;\">sup\u00e9riorit\u00e9<\/span><\/span><span style=\"color: #000000;\"><span style=\"font-size: medium;\"> de notre sa\u00adgesse. C<\/span><\/span><span style=\"color: #000000;\"><span style=\"font-size: medium;\">&lsquo;<\/span><\/span><span style=\"color: #000000;\"><span style=\"font-size: medium;\">est en lui <\/span><\/span><span style=\"color: #000000;\"><span style=\"font-size: medium;\">fa<\/span><\/span><span style=\"color: #000000;\"><span style=\"font-size: medium;\">isant verser d<\/span><\/span><span style=\"color: #000000;\"><span style=\"font-size: medium;\">es <\/span><\/span><span style=\"color: #000000;\"><span style=\"font-size: medium;\">pleurs <\/span><\/span><span style=\"color: #000000;\"><span style=\"font-size: medium;\">que le p\u00e8re fera p\u00e9n\u00e9trer la vertu <\/span><\/span><span style=\"color: #000000;\"><span style=\"font-size: medium;\">dans le <\/span><\/span><span style=\"color: #000000;\"><span style=\"font-size: medium;\">c\u0153ur<\/span><\/span><span style=\"color: #000000;\"><span style=\"font-size: medium;\"> de son en<\/span><\/span><span style=\"color: #000000;\"><span style=\"font-size: medium;\">fant, q<\/span><\/span><span style=\"color: #000000;\"><span style=\"font-size: medium;\">ue le ma\u00eetre inc<\/span><\/span><span style=\"color: #000000;\"><span style=\"font-size: medium;\">u<\/span><\/span><span style=\"color: #000000;\"><span style=\"font-size: medium;\">lquera \u00e0 <\/span><\/span><span style=\"color: #000000;\"><span style=\"font-size: medium;\">s<\/span><\/span><span style=\"color: #000000;\"><span style=\"font-size: medium;\">on <\/span><\/span><span style=\"color: #000000;\"><span style=\"font-size: medium;\">\u00e9l\u00e8ve les \u00e9l\u00e9ments utiles de chaque science\u00a0; et c&rsquo;est au prix <\/span><\/span><span style=\"color: #000000;\"><span style=\"font-size: medium;\">de larme<\/span><\/span><span style=\"color: #000000;\"><span style=\"font-size: medium;\">s que la loi, elle aussi, <\/span><\/span><span style=\"color: #000000;\"><span style=\"font-size: medium;\">cont<\/span><\/span><span style=\"color: #000000;\"><span style=\"font-size: medium;\">r<\/span><\/span><span style=\"color: #000000;\"><span style=\"font-size: medium;\">ain<\/span><\/span><span style=\"color: #000000;\"><span style=\"font-size: medium;\">t le citoyen \u00e0 se maintenir<\/span><\/span><span style=\"color: #000000;\"><span style=\"font-size: medium;\"> dans <\/span><\/span><span style=\"color: #000000;\"><span style=\"font-size: medium;\">l&rsquo;observance <\/span><\/span><span style=\"color: #000000;\"><span style=\"font-size: medium;\">de la justice.<\/span><\/span><\/p>\n<p align=\"justify\"><span style=\"color: #000000;\"><span style=\"font-size: medium;\">Sacrifie-toi sans <\/span><\/span><span style=\"color: #000000;\"><span style=\"font-size: medium;\">espoir <\/span><\/span><span style=\"color: #000000;\"><span style=\"font-size: medium;\">d<\/span><\/span><span style=\"color: #000000;\"><span style=\"font-size: medium;\">e <\/span><\/span><span style=\"color: #000000;\"><span style=\"font-size: medium;\">gloire n<\/span><\/span><span style=\"color: #000000;\"><span style=\"font-size: medium;\">i<\/span><\/span><span style=\"color: #000000;\"><span style=\"font-size: medium;\"> de r\u00e9com<\/span><\/span><span style=\"color: #000000;\"><span style=\"font-size: medium;\">p<\/span><\/span><span style=\"color: #000000;\"><span style=\"font-size: medium;\">ense\u00a0! <\/span><\/span><span style=\"color: #000000;\"><span style=\"font-size: medium;\">Fais <\/span><\/span><span style=\"color: #000000;\"><span style=\"font-size: medium;\">d&rsquo;abord des miracles si <\/span><\/span><span style=\"color: #000000;\"><span style=\"font-size: medium;\">tu v<\/span><\/span><span style=\"color: #000000;\"><span style=\"font-size: medium;\">eux les d\u00e9voiler. <\/span><\/span><span style=\"color: #000000;\"><span style=\"font-size: medium;\">Ainsi<\/span><\/span><span style=\"color: #000000;\"><span style=\"font-size: medium;\">, seulement, tu <\/span><\/span><span style=\"color: #000000;\"><span style=\"font-size: medium;\">pourr<\/span><\/span><span style=\"color: #000000;\"><span style=\"font-size: medium;\">as accomplir toute ta desti<\/span><\/span><span style=\"color: #000000;\"><span style=\"font-size: medium;\">n\u00e9<\/span><\/span><span style=\"color: #000000;\"><span style=\"font-size: medium;\">e.<\/span><\/span><\/p>\n<p align=\"justify\"><span style=\"color: #000000;\"><span style=\"font-size: medium;\">&#8230;<\/span><\/span><span style=\"color: #000000;\"><span style=\"font-size: medium;\">Et les nuages feraient-ils pleuvoir des torrents de vie,<\/span><\/span><\/p>\n<p align=\"justify\"><span style=\"color: #000000;\"><span style=\"font-family: Times New Roman,serif;\"><span style=\"font-size: medium;\">Deux <\/span><\/span><\/span><span style=\"color: #000000;\"><span style=\"font-size: medium;\">forces, <\/span><\/span><span style=\"color: #000000;\"><span style=\"font-size: medium;\">toutes deux \u00e9galement grandes, \u00e9galement <\/span><\/span><span style=\"color: #000000;\"><span style=\"font-size: medium;\">simples, issues <\/span><\/span><span style=\"color: #000000;\"><span style=\"font-size: medium;\">d&rsquo;un <\/span><\/span><span style=\"color: #000000;\"><span style=\"font-size: medium;\">m\u00eame pr<\/span><\/span><span style=\"color: #000000;\"><span style=\"font-size: medium;\">incipe\u00a0: l&rsquo;attrait et la r\u00e9pugnance.<\/span><\/span><\/p>\n<p align=\"justify\"><span style=\"color: #000000;\"><span style=\"font-size: medium;\">Jamais <\/span><\/span><span style=\"color: #000000;\"><span style=\"font-size: medium;\">le saule ne portera de dattes.<\/span><\/span><\/p>\n<p align=\"justify\"><span style=\"color: #000000;\"><span style=\"font-size: medium;\">Ne gaspille pas ton temps avec <\/span><\/span><span style=\"color: #000000;\"><span style=\"font-size: medium;\">d<\/span><\/span><span style=\"color: #000000;\"><span style=\"font-size: medium;\">e mauvaises gens\u00a0: Une ca<\/span><\/span><span style=\"color: #000000;\"><span style=\"font-size: medium;\">n<\/span><\/span><span style=\"color: #000000;\"><span style=\"font-size: medium;\">ne <\/span><\/span><span style=\"color: #000000;\"><span style=\"font-size: medium;\">o<\/span><\/span><span style=\"color: #000000;\"><span style=\"font-size: medium;\">rdina<\/span><\/span><span style=\"color: #000000;\"><span style=\"font-size: medium;\">i<\/span><\/span><span style=\"color: #000000;\"><span style=\"font-size: medium;\">re ne te <\/span><\/span><span style=\"color: #000000;\"><span style=\"font-size: medium;\">d<\/span><\/span><span style=\"color: #000000;\"><span style=\"font-size: medium;\">onnera <\/span><\/span><span style=\"color: #000000;\"><span style=\"font-size: medium;\">j<\/span><\/span><span style=\"color: #000000;\"><span style=\"font-size: medium;\">a<\/span><\/span><span style=\"color: #000000;\"><span style=\"font-size: medium;\">m<\/span><\/span><span style=\"color: #000000;\"><span style=\"font-size: medium;\">ais de sucre. Peu<\/span><\/span><span style=\"color: #000000;\"><span style=\"font-size: medium;\">x-<\/span><\/span><span style=\"color: #000000;\"><span style=\"font-size: medium;\">tu te forger une bonne lame avec <\/span><\/span><span style=\"color: #000000;\"><span style=\"font-size: medium;\">de la <\/span><\/span><span style=\"color: #000000;\"><span style=\"font-size: medium;\">molle argile ?<\/span><\/span><\/p>\n<p align=\"justify\"><span style=\"color: #000000;\"><span style=\"font-size: medium;\">La nature <\/span><\/span><span style=\"color: #000000;\"><span style=\"font-size: medium;\">du lou<\/span><\/span><span style=\"color: #000000;\"><span style=\"font-size: medium;\">p, fut-<\/span><\/span><span style=\"color: #000000;\"><span style=\"font-size: medium;\">i<\/span><\/span><span style=\"color: #000000;\"><span style=\"font-size: medium;\">l \u00e9lev\u00e9 par l&rsquo;homme, sera- t-el<\/span><\/span><span style=\"color: #000000;\"><span style=\"font-size: medium;\">le<\/span><\/span><span style=\"color: #000000;\"><span style=\"font-size: medium;\"> jamais chang\u00e9e ? <\/span><\/span><\/p>\n<p align=\"justify\"><span style=\"color: #000000;\"><span style=\"font-size: medium;\">N&rsquo;est-ce pa<\/span><\/span><span style=\"color: #000000;\"><span style=\"font-size: medium;\">s<\/span><\/span> <span style=\"color: #000000;\"><span style=\"font-size: medium;\">l<\/span><\/span><span style=\"color: #000000;\"><span style=\"font-size: medium;\">a <\/span><\/span><span style=\"color: #000000;\"><span style=\"font-size: medium;\">m\u00eame<\/span><\/span><span style=\"color: #000000;\"><span style=\"font-size: medium;\"> plui<\/span><\/span><span style=\"color: #000000;\"><span style=\"font-size: medium;\">e <\/span><\/span><span style=\"color: #000000;\"><span style=\"font-size: medium;\">q<\/span><\/span><span style=\"color: #000000;\"><span style=\"font-size: medium;\">ui, en sol salin<\/span><\/span><span style=\"color: #000000;\"><span style=\"font-size: medium;\">, <\/span><\/span><span style=\"color: #000000;\"><span style=\"font-size: medium;\">f<\/span><\/span><span style=\"color: #000000;\"><span style=\"font-size: medium;\">ait <\/span><\/span><span style=\"color: #000000;\"><span style=\"font-size: medium;\">pousser<\/span><\/span><span style=\"color: #000000;\"><span style=\"font-size: medium;\"> les ronces et <\/span><\/span><span style=\"color: #000000;\"><span style=\"font-size: medium;\">l<\/span><\/span><span style=\"color: #000000;\"><span style=\"font-size: medium;\">es \u00e9pines et, <\/span><\/span><span style=\"color: #000000;\"><span style=\"font-size: medium;\">d<\/span><\/span><span style=\"color: #000000;\"><span style=\"font-size: medium;\">ans les <\/span><\/span><span style=\"color: #000000;\"><span style=\"font-size: medium;\">j<\/span><\/span><span style=\"color: #000000;\"><span style=\"font-size: medium;\">ardins, \u00e9clore des fleu<\/span><\/span><span style=\"color: #000000;\"><span style=\"font-size: medium;\">rs\u00a0?<\/span><\/span><\/p>\n<p align=\"justify\"><span style=\"color: #000000;\"><span style=\"font-size: medium;\">Ne gaspille ni les semen\u00adces ni l<\/span><\/span><span style=\"color: #000000;\"><span style=\"font-size: medium;\">e<\/span><\/span><span style=\"color: #000000;\"><span style=\"font-size: medium;\">s soins pr\u00e9cieux : Faire d<\/span><\/span><span style=\"color: #000000;\"><span style=\"font-size: medium;\">u<\/span><\/span><span style=\"color: #000000;\"><span style=\"font-size: medium;\"> mal <\/span><\/span><span style=\"color: #000000;\"><span style=\"font-size: medium;\">\u00e0 ce qui est <\/span><\/span><span style=\"color: #000000;\"><span style=\"font-size: medium;\">bon et d<\/span><\/span><span style=\"color: #000000;\"><span style=\"font-size: medium;\">u<\/span><\/span><span style=\"color: #000000;\"><span style=\"font-size: medium;\"> b<\/span><\/span><span style=\"color: #000000;\"><span style=\"font-size: medium;\">ien \u00e0<\/span><\/span> <span style=\"color: #000000;\"><span style=\"font-size: medium;\">c<\/span><\/span><span style=\"color: #000000;\"><span style=\"font-size: medium;\">e <\/span><\/span><span style=\"color: #000000;\"><span style=\"font-size: medium;\">qu<\/span><\/span><span style=\"color: #000000;\"><span style=\"font-size: medium;\">i est mauvais; <\/span><\/span><span style=\"color: #000000;\"><span style=\"font-size: medium;\">c&rsquo;<\/span><\/span><span style=\"color: #000000;\"><span style=\"font-size: medium;\">est la m\u00eame c<\/span><\/span><span style=\"color: #000000;\"><span style=\"font-size: medium;\">h<\/span><\/span><span style=\"color: #000000;\"><span style=\"font-size: medium;\">ose.<\/span><\/span><\/p>\n<p align=\"justify\"><span style=\"color: #000000;\"><span style=\"font-family: Times New Roman,serif;\"><span style=\"font-size: medium;\">Sans l&rsquo;union des \u00e2mes, la jouissance des sens sera toujours un acte bestial. Elle ne nous laisse aucune impression de nature \u00e9lev\u00e9e, rien que le remords.<\/span><\/span><\/span><\/p>\n<p align=\"justify\"><span style=\"color: #000000;\"><span style=\"font-size: medium;\">Tout ce que cr\u00e9a Dieu \u00e9tait pur et sans tache. Si, plus tard, aveugl\u00e9 par la pas\u00adsion, j&rsquo;ai sombr\u00e9 dans le mal, apr\u00e8s avoir longue\u00adment expi\u00e9 et m&rsquo;\u00eatre puri\u00adfi\u00e9 je suis revenu <\/span><\/span><span style=\"color: #000000;\"><span style=\"font-size: medium;\">\u00e0<\/span><\/span><span style=\"color: #000000;\"><span style=\"font-size: medium;\"> la source originelle, pure, no\u00adble, <\/span><\/span><span style=\"color: #000000;\"><span style=\"font-size: medium;\">\u00e0<\/span><\/span><span style=\"color: #000000;\"><span style=\"font-size: medium;\"> la Divinit\u00e9 et <\/span><\/span><span style=\"color: #000000;\"><span style=\"font-size: medium;\">\u00e0<\/span><\/span><span style=\"color: #000000;\"><span style=\"font-size: medium;\"> mon art. Je n&rsquo;y fus point pouss\u00e9<\/span><\/span> <span style=\"color: #000000;\"><span style=\"font-size: medium;\">par \u00e9go\u00efsme qu&rsquo;il en soit ainsi, toujours ! Les arbres ploient sous l&rsquo;abondance du fruit ; gonfl\u00e9s d&rsquo;une pluie b\u00e9nie, les nuages s&rsquo;in\u00adclinent vers la terre et les bienfaiteurs du genre humain portent sans orgueil le poids de leurs richesses. Si la larme tremble au bord des beaux cils, oppo\u00adse-toi \u00e9nergiquement <\/span><\/span><span style=\"color: #000000;\"><span style=\"font-size: medium;\">\u00e0<\/span><\/span><span style=\"color: #000000;\"><span style=\"font-size: medium;\"> son premier effort, ne la laisse pas tomber. Pendant ton p\u00e8lerinage sur cette terre, o<\/span><\/span><span style=\"color: #000000;\"><span style=\"font-size: medium;\">\u00f9<\/span><\/span><span style=\"color: #000000;\"><span style=\"font-size: medium;\"> les sentiers abrupts tan\u00adt\u00f4t montant, tant\u00f4t descendant, rendent le bon chemin difficile <\/span><\/span><span style=\"color: #000000;\"><span style=\"font-size: medium;\">\u00e0<\/span><\/span><span style=\"color: #000000;\"><span style=\"font-size: medium;\"> reconna\u00ee\u00adtre, la trace de tes pas sera parfois in\u00e9gale, mais la vertu te guidera dans la voie juste.<\/span><\/span><\/p>\n<p align=\"justify\"><span style=\"color: #000000;\"><span style=\"font-size: medium;\">Bienheureux celui <\/span><\/span><span style=\"color: #000000;\"><span style=\"font-size: medium;\">qui<\/span><\/span><span style=\"color: #000000;\"><span style=\"font-size: medium;\">, ayant appris <\/span><\/span><span style=\"color: #000000;\"><span style=\"font-size: medium;\">\u00e0 <\/span><\/span><span style=\"color: #000000;\"><span style=\"font-size: medium;\">triompher de toutes les passions, met son \u00e9nergie dans <\/span><\/span><span style=\"color: #000000;\"><span style=\"font-size: medium;\">l\u2019accomplissement<\/span><\/span><span style=\"color: #000000;\"><span style=\"font-size: medium;\"> des t\u00e2ches <\/span><\/span><span style=\"color: #000000;\"><span style=\"font-size: medium;\">q<\/span><\/span><span style=\"color: #000000;\"><span style=\"font-size: medium;\">u&rsquo;impose la vie sans s<\/span><\/span><span style=\"color: #000000;\"><span style=\"font-size: medium;\">&lsquo;<\/span><\/span><span style=\"color: #000000;\"><span style=\"font-size: medium;\">in<\/span><\/span><span style=\"color: #000000;\"><span style=\"font-size: medium;\">q<\/span><\/span><span style=\"color: #000000;\"><span style=\"font-size: medium;\">ui\u00e9ter du <\/span><\/span><span style=\"color: #000000;\"><span style=\"font-size: medium;\">r\u00e9sultat.<\/span><\/span><\/p>\n<p align=\"justify\"><span style=\"color: #000000;\"><span style=\"font-size: medium;\">Le but<\/span><\/span><span style=\"color: #000000;\"><span style=\"font-size: medium;\"> de ton effort doit <\/span><\/span><span style=\"color: #000000;\"><span style=\"font-size: medium;\">\u00eatre<\/span><\/span> <span style=\"color: #000000;\"><span style=\"font-size: medium;\">l\u2019action<\/span><\/span><span style=\"color: #000000;\"><span style=\"font-size: medium;\"> et non ce qu&rsquo;elle donnera. Ne sois <\/span><\/span><span style=\"color: #000000;\"><span style=\"font-size: medium;\">pas <\/span><\/span><span style=\"color: #000000;\"><span style=\"font-size: medium;\">de ceux qui, pour agir, <\/span><\/span><span style=\"color: #000000;\"><span style=\"font-size: medium;\">on<\/span><\/span><span style=\"color: #000000;\"><span style=\"font-size: medium;\">t besoin de ce stimu\u00adlant : l&rsquo;espoir de la r\u00e9com\u00adpense. Ne laisse pas tes <\/span><\/span><span style=\"color: #000000;\"><span style=\"font-size: medium;\">jo<\/span><\/span><span style=\"color: #000000;\"><span style=\"font-size: medium;\">urs s&rsquo;\u00e9couler dans l&rsquo;oisi\u00advet\u00e9. Sois laborieux, ac\u00adcomplis ton devoir, sans te soucier des cons\u00e9quences, <\/span><\/span><span style=\"color: #000000;\"><span style=\"font-size: medium;\">du r\u00e9sultat <\/span><\/span><span style=\"color: #000000;\"><span style=\"font-size: medium;\">bon ou mau\u00advais ; cette indiff\u00e9rence ra<\/span><\/span><span style=\"color: #000000;\"><span style=\"font-size: medium;\">m\u00e8<\/span><\/span><span style=\"color: #000000;\"><span style=\"font-size: medium;\">nera ton attention vers <\/span><\/span><span style=\"color: #000000;\"><span style=\"font-size: medium;\">les <\/span><\/span><span style=\"color: #000000;\"><span style=\"font-size: medium;\">consid\u00e9rations <\/span><\/span><span style=\"color: #000000;\"><span style=\"font-size: medium;\">spirituelles. C<\/span><\/span><span style=\"color: #000000;\"><span style=\"font-size: medium;\">herche un <\/span><\/span><span style=\"color: #000000;\"><span style=\"font-size: medium;\">refuge da<\/span><\/span><span style=\"color: #000000;\"><span style=\"font-size: medium;\">ns <\/span><\/span><span style=\"color: #000000;\"><span style=\"font-size: medium;\">la <\/span><\/span><span style=\"color: #000000;\"><span style=\"font-size: medium;\">sagesse seule car s&rsquo;attacher aux r\u00e9sultats est cause de malheur et de mi\u00ads\u00e8re. Le vrai sage ne <\/span><\/span><span style=\"color: #000000;\"><span style=\"font-size: medium;\">s\u2019occupe<\/span><\/span><span style=\"color: #000000;\"><span style=\"font-size: medium;\"> pas de ce qui est <\/span><\/span><span style=\"color: #000000;\"><span style=\"font-size: medium;\">b<\/span><\/span><span style=\"color: #000000;\"><span style=\"font-size: medium;\">on ou mauvais dans ce mon<\/span><\/span><span style=\"color: #000000;\"><span style=\"font-size: medium;\">de<\/span><\/span><span style=\"color: #000000;\"><span style=\"font-size: medium;\">. <\/span><\/span><span style=\"color: #000000;\"><span style=\"font-size: medium;\">R<\/span><\/span><span style=\"color: #000000;\"><span style=\"font-size: medium;\">ai<\/span><\/span><span style=\"color: #000000;\"><span style=\"font-size: medium;\">sonne <\/span><\/span><span style=\"color: #000000;\"><span style=\"font-size: medium;\">toujours dans <\/span><\/span><span style=\"color: #000000;\"><span style=\"font-size: medium;\">ce s<\/span><\/span><span style=\"color: #000000;\"><span style=\"font-size: medium;\">ens\u00a0: c&rsquo;est le secret de la vie.<\/span><\/span><\/p>\n<p align=\"justify\"><span style=\"color: #000000;\"><span style=\"font-size: medium;\">Enfoui dans<\/span><\/span> <span style=\"color: #000000;\"><span style=\"font-size: medium;\">les o<\/span><\/span><span style=\"color: #000000;\"><span style=\"font-size: medium;\">mbres de <\/span><\/span><span style=\"color: #000000;\"><span style=\"font-size: medium;\">la solitude \u00e9ternelle, <\/span><\/span><span style=\"color: #000000;\"><span style=\"font-size: medium;\">dans l<\/span><\/span><span style=\"color: #000000;\"><span style=\"font-size: medium;\">es <\/span><\/span><span style=\"color: #000000;\"><span style=\"font-size: medium;\">t\u00e9n\u00e8bres \u00e9paisses du fourr\u00e9, <\/span><\/span><span style=\"color: #000000;\"><span style=\"font-size: medium;\">imp\u00e9n\u00e9trable, <\/span><\/span><span style=\"color: #000000;\"><span style=\"font-size: medium;\">ina<\/span><\/span><span style=\"color: #000000;\"><span style=\"font-size: medium;\">ccessible, inimit\u00e9, amorphe, avant que les \u00e2mes aient <\/span><\/span><span style=\"color: #000000;\"><span style=\"font-size: medium;\">\u00e9t\u00e9 <\/span><\/span><span style=\"color: #000000;\"><span style=\"font-size: medium;\">\u00e9veill\u00e9es, so<\/span><\/span><span style=\"color: #000000;\"><span style=\"font-size: medium;\">n <\/span><\/span><span style=\"color: #000000;\"><span style=\"font-size: medium;\">esprit, <\/span><\/span><span style=\"color: #000000;\"><span style=\"font-size: medium;\">s<\/span><\/span><span style=\"color: #000000;\"><span style=\"font-size: medium;\">eul, remplissait le monde, comme <\/span><\/span><span style=\"color: #000000;\"><span style=\"font-size: medium;\">des<\/span><\/span> <span style=\"color: #000000;\"><span style=\"font-size: medium;\">y<\/span><\/span><span style=\"color: #000000;\"><span style=\"font-size: medium;\">eux mortels (pour comparer le Fini <\/span><\/span><span style=\"color: #000000;\"><span style=\"font-size: medium;\">\u00e0 <\/span><\/span><span style=\"color: #000000;\"><span style=\"font-size: medium;\">l&rsquo;Infini) qui <\/span><\/span><span style=\"color: #000000;\"><span style=\"font-size: medium;\">s<\/span><\/span><span style=\"color: #000000;\"><span style=\"font-size: medium;\">e mirent dans la lumi\u00e8re.<\/span><\/span><\/p>\n<p align=\"center\">*******<\/p>\n<p align=\"justify\"><b><span style=\"color: #000000;\"><span style=\"font-size: medium;\">Extraits de la correspondance<\/span><\/span><\/b><\/p>\n<p align=\"justify\"><b><span style=\"color: #000000;\"><span style=\"font-size: medium;\">\u00c0<\/span><\/span> <span style=\"color: #000000;\"><span style=\"font-size: medium;\">\u00c9milie<\/span><\/span><span style=\"color: #000000;\"><span style=\"font-size: medium;\"> M. \u00e0 H.<\/span><\/span><\/b><\/p>\n<p align=\"right\"><span style=\"color: #000000;\"><span style=\"font-size: medium;\">(autographe non retrouv\u00e9) <\/span><\/span><\/p>\n<p align=\"right\"><span style=\"color: #000000;\"><span style=\"font-size: medium;\">Teplitz, le 17 juillet 1812<\/span><\/span><\/p>\n<p align=\"justify\"><i><span style=\"color: #000000;\"><span style=\"font-size: medium;\">Ma Ch\u00e8re, Bonne <\/span><\/span><span style=\"color: #000000;\"><span style=\"font-size: medium;\">\u00c9milie<\/span><\/span><span style=\"color: #000000;\"><span style=\"font-size: medium;\">, Ma Ch\u00e8re Amie,<\/span><\/span><\/i><\/p>\n<p align=\"justify\"><i><span style=\"color: #000000;\"><span style=\"font-size: medium;\">&#8230; Pers\u00e9v\u00e8re, n&rsquo;exerce pas l&rsquo;art seulement, mais p\u00e9n\u00e8tre aussi en son \u00eatre intime ; il le m\u00e9rite, car seuls l&rsquo;art et la science \u00e9l\u00e8vent l&rsquo;homme jusqu&rsquo;\u00e0 la divinit\u00e9. Si tu de\u00advais un jour, ma ch\u00e8re <\/span><\/span><span style=\"color: #000000;\"><span style=\"font-size: medium;\">\u00c9milie<\/span><\/span><span style=\"color: #000000;\"><span style=\"font-size: medium;\">, d\u00e9sirer quelque chose, n&rsquo;h\u00e9site pas \u00e0 m&rsquo;\u00e9crire. L&rsquo;artiste v\u00e9ritable n&rsquo;a point d&rsquo;or\u00adgueil ; malheureusement il sait que l&rsquo;art n&rsquo;a pas de limi\u00adtes, il sent obscur\u00e9ment combien il est \u00e9loign\u00e9 du but et tandis qu&rsquo;il est peut-\u00eatre admir\u00e9 par d&rsquo;autres, il d\u00e9\u00adplore de n&rsquo;\u00eatre pas encore parvenu l\u00e0 o\u00f9 son meilleur g\u00e9nie ne brille que comme un lointain soleil. J&rsquo;aimerais sans doute mieux te voir, toi et les tiens, que certains riches chez lesquels se trahit la pauvret\u00e9 int\u00e9rieure&#8230;<\/span><\/span><\/i><\/p>\n<p align=\"justify\"><b><span style=\"color: #000000;\"><span style=\"font-size: medium;\">\u00c0<\/span><\/span><span style=\"color: #000000;\"><span style=\"font-size: medium;\"> Amalie Sebald<\/span><\/span><\/b><\/p>\n<p align=\"right\"><span style=\"color: #000000;\"><span style=\"font-size: medium;\">(autographe \u00e0 la New York Public Library) <\/span><\/span><\/p>\n<p align=\"right\"><span style=\"color: #000000;\"><span style=\"font-size: medium;\">Teplitz, le 16 septembre 1812<\/span><\/span><\/p>\n<p align=\"justify\"><i><span style=\"color: #000000;\"><span style=\"font-size: medium;\">Moi un tyran ? Un tyran pour vous ! Seule une interpr\u00e9\u00adtation fausse de mon caract\u00e8re peut vous faire dire cela, et en effet cette opinion de votre part pourrait impliquer un d\u00e9saccord avec moi. Mais je ne vous en bl\u00e2me point ; cela serait plut\u00f4t un bonheur pour vous si c&rsquo;\u00e9tait vrai. Je ne me suis pas senti tr\u00e8s bien depuis hier, depuis ce matin mon indisposition s&rsquo;est accus\u00e9e plus fortement ; quelque nourriture indigeste en est la cause et, \u00e0 ce qu&rsquo;il para\u00eet, en moi la nature irritable r\u00e9agit aussi bien au mauvais qu&rsquo;au bon ; mais n&rsquo;allez pas appliquer cela \u00e0<\/span><\/span> <span style=\"color: #000000;\"><span style=\"font-size: medium;\">ma nature morale \u2013 Les gens ne signifient rien, ce sont des gens et rien de plus ; pour la plupart ils ne voient dans les autres qu&rsquo;eux-m\u00eames, c&rsquo;est-\u00e0-dire tout juste rien ; oublions cela, le bon, le beau n&rsquo;a pas besoin d&rsquo;un public. Il existe sans le secours de personne et cela semble cependant \u00eatre le fondement de notre accord \u2013 Bonne chance, ch\u00e8re A(malie). Si la lune m&rsquo;appara\u00eet ce soir plus brillante que le soleil pendant la journ\u00e9e, alors vous aurez la visite d&rsquo;un petit \u00eatre \u2013 le plus petit de tous les humains \u2013<\/span><\/span><\/i><\/p>\n<p align=\"right\"><i><span style=\"color: #000000;\"><span style=\"font-size: medium;\">Votre ami<\/span><\/span><\/i><\/p>\n<p align=\"center\"><b>****<\/b><\/p>\n<p align=\"justify\"><b><span style=\"color: #000000;\"><span style=\"font-size: medium;\">Brouillon \u00e0 propos<\/span><\/span> <span style=\"color: #000000;\"><span style=\"font-size: medium;\">d&rsquo;une \u00e9dition int\u00e9grale de ses <\/span><\/span><span style=\"color: #000000;\"><span style=\"font-size: medium;\">\u0153uvres<\/span><\/span><\/b><\/p>\n<p align=\"right\"><span style=\"color: #000000;\"><span style=\"font-size: medium;\">(autographe au Beethovenhaus de Bonn)<\/span><\/span><\/p>\n<p align=\"right\"><span style=\"color: #000000;\"><span style=\"font-size: medium;\">Vienne, vers 1822<\/span><\/span><\/p>\n<p align=\"justify\"><i><span style=\"color: #000000;\"><span style=\"font-size: medium;\">De m\u00eame que les codes commencent aussit\u00f4t par les droits de l&rsquo;homme que les ex\u00e9cuteurs toutefois foulent aux pieds, ainsi l&rsquo;auteur commence sa d\u00e9claration.<\/span><\/span><\/i><\/p>\n<p align=\"justify\"><i><span style=\"color: #000000;\"><span style=\"font-size: medium;\">Un auteur a le droit de pr\u00e9senter une \u00e9dition revue et corrig\u00e9e de ses <\/span><\/span><span style=\"color: #000000;\"><span style=\"font-size: medium;\">\u0153uvres.<\/span><\/span><span style=\"color: #000000;\"><span style=\"font-size: medium;\"> Mais comme il existe un si grand nombre de gourmands bouffe-cervelle et amateurs de ce noble aliment, vu que l&rsquo;on pr\u00e9pare toute esp\u00e8ce de conflits, rago\u00fbts, fricass\u00e9es, etc., qui font l&rsquo;enrichisse\u00adment de ma\u00eetres queux, et puisque l&rsquo;auteur serait heu\u00adreux d&rsquo;encaisser autant de Groschen qu&rsquo;on en donne quel\u00adquefois pour son ouvrage, l&rsquo;auteur entend d\u00e9montrer que le cerveau humain ne saurait \u00eatre vendu comme les grains de caf\u00e9 ou toute sorte de fromage qui, on le sait, d\u00e9rive du lait, de l&rsquo;urine, etc. \u2013<\/span><\/span><\/i><\/p>\n<p align=\"justify\"><span style=\"color: #000000;\"><span style=\"font-size: medium;\">Le cerveau humain est en soi inali\u00e9nable.<\/span><\/span><\/p>\n<p align=\"justify\"><i><span style=\"color: #000000;\"><span style=\"font-size: medium;\">Bref, une \u00e9dition revue de tous mes ouvrages devrait \u00eatre annonc\u00e9e comme une entreprise l\u00e9gitime, \u00e9tant donn\u00e9 qu&rsquo;il en circule de si nombreux exemplaires inexacts et falsifi\u00e9s (anarchie) (entre nous soit dit, nos id\u00e9es ont beau \u00eatre r\u00e9publicaines, l&rsquo;aristocratie oligarchique n&rsquo;en a pas moins son bon c\u00f4t\u00e9), \u00e9tant donn\u00e9 qu&rsquo;on est oblig\u00e9, vis-\u00e0-vis de l&rsquo;art de la musique, de prendre en consid\u00e9ration les progr\u00e8s de l&rsquo;artiste et de son art ; vu que chaque cahier de chaque genre de musique sera r\u00e9uni \u00e0 un nouvel ouvrage quelconque du m\u00eame genre, vu qu&rsquo;on n&rsquo;entend donner avec tout cela que l&rsquo;annonce de la pr\u00e9paration de l&rsquo;\u00e9dition int\u00e9grale de mes <\/span><\/span><span style=\"color: #000000;\"><span style=\"font-size: medium;\">\u0153uvres<\/span><\/span><span style=\"color: #000000;\"><span style=\"font-size: medium;\">, sans que le moment de sa publication puisse \u00eatre encore annonc\u00e9 d&rsquo;une fa\u00e7on pr\u00e9cise, et que l&rsquo;on a en vue de<\/span><\/span> <span style=\"color: #000000;\"><span style=\"font-size: medium;\">pr\u00e9parer une \u00e9dition des \u0153uvres compl\u00e8tes enti\u00e8rement<\/span><\/span> <span style=\"color: #000000;\"><span style=\"font-size: medium;\">revue et corrig\u00e9e.<\/span><\/span><\/i><\/p>\n","protected":false},"excerpt":{"rendered":"<p>En fait, ses aspirations religieuses semblent le mener vers une entit\u00e9 proche de ce que Spinoza nomme Dieu. Et trop d&rsquo;intuitions beethov\u00e9niennes sur la nature de l&rsquo;\u00e9ternit\u00e9 (cf. : la lettre au peintre Macco) et sur la na\u00adture du divin convergent avec le spinozisme pour n&rsquo;\u00eatre que fortuites. Ces intuitions que nous trouvons, non dans de vagues invocations de malade, mais lorsqu&rsquo;il affirme sa pens\u00e9e avec le plus de coh\u00e9rence possible pour lui, c&rsquo;est-\u00e0-dire lorsqu&rsquo;il met en rapport la pens\u00e9e du divin et l&rsquo;acte de cr\u00e9ation<\/p>\n","protected":false},"author":1,"featured_media":16468,"comment_status":"closed","ping_status":"closed","sticky":false,"template":"","format":"standard","meta":{"footnotes":""},"categories":[899],"tags":[],"class_list":["post-16467","post","type-post","status-publish","format-standard","has-post-thumbnail","hentry","category-arts"],"yoast_head":"<!-- This site is optimized with the Yoast SEO plugin v27.0 - https:\/\/yoast.com\/product\/yoast-seo-wordpress\/ -->\n<title>Beethoven, La Missa Solemnis et l&#039;esprit religieux par Yvon Bec - 3e mill\u00e9naire - Spiritualit\u00e9 - Connaissance de soi - Non-dualit\u00e9 - M\u00e9ditation<\/title>\n<meta name=\"robots\" content=\"index, follow, max-snippet:-1, max-image-preview:large, max-video-preview:-1\" \/>\n<link rel=\"canonical\" href=\"https:\/\/www.revue3emillenaire.com\/blog\/beethoven-la-missa-solemnis-et-lesprit-religieux-par-yvon-bec\/\" \/>\n<meta property=\"og:locale\" content=\"fr_FR\" \/>\n<meta property=\"og:type\" content=\"article\" \/>\n<meta property=\"og:title\" content=\"Beethoven, La Missa Solemnis et l&#039;esprit religieux par Yvon Bec - 3e mill\u00e9naire - Spiritualit\u00e9 - Connaissance de soi - Non-dualit\u00e9 - M\u00e9ditation\" \/>\n<meta property=\"og:description\" content=\"En fait, ses aspirations religieuses semblent le mener vers une entit\u00e9 proche de ce que Spinoza nomme Dieu. Et trop d&#039;intuitions beethov\u00e9niennes sur la nature de l&#039;\u00e9ternit\u00e9 (cf. : la lettre au peintre Macco) et sur la na\u00adture du divin convergent avec le spinozisme pour n&#039;\u00eatre que fortuites. Ces intuitions que nous trouvons, non dans de vagues invocations de malade, mais lorsqu&#039;il affirme sa pens\u00e9e avec le plus de coh\u00e9rence possible pour lui, c&#039;est-\u00e0-dire lorsqu&#039;il met en rapport la pens\u00e9e du divin et l&#039;acte de cr\u00e9ation\" \/>\n<meta property=\"og:url\" content=\"https:\/\/www.revue3emillenaire.com\/blog\/beethoven-la-missa-solemnis-et-lesprit-religieux-par-yvon-bec\/\" \/>\n<meta property=\"og:site_name\" content=\"3e mill\u00e9naire - Spiritualit\u00e9 - Connaissance de soi - Non-dualit\u00e9 - M\u00e9ditation\" \/>\n<meta property=\"article:published_time\" content=\"2015-03-26T12:30:15+00:00\" \/>\n<meta property=\"og:image\" content=\"https:\/\/www.revue3emillenaire.com\/blog\/wp-content\/uploads\/2015\/03\/yvon-myoken-bec.jpg\" \/>\n\t<meta property=\"og:image:width\" content=\"154\" \/>\n\t<meta property=\"og:image:height\" content=\"125\" \/>\n\t<meta property=\"og:image:type\" content=\"image\/jpeg\" \/>\n<meta name=\"author\" content=\"3e mill\u00e9naire\" \/>\n<meta name=\"twitter:card\" content=\"summary_large_image\" \/>\n<meta name=\"twitter:label1\" content=\"\u00c9crit par\" \/>\n\t<meta name=\"twitter:data1\" content=\"3e mill\u00e9naire\" \/>\n\t<meta name=\"twitter:label2\" content=\"Dur\u00e9e de lecture estim\u00e9e\" \/>\n\t<meta name=\"twitter:data2\" content=\"14 minutes\" \/>\n<script type=\"application\/ld+json\" class=\"yoast-schema-graph\">{\"@context\":\"https:\/\/schema.org\",\"@graph\":[{\"@type\":\"Article\",\"@id\":\"https:\/\/www.revue3emillenaire.com\/blog\/beethoven-la-missa-solemnis-et-lesprit-religieux-par-yvon-bec\/#article\",\"isPartOf\":{\"@id\":\"https:\/\/www.revue3emillenaire.com\/blog\/beethoven-la-missa-solemnis-et-lesprit-religieux-par-yvon-bec\/\"},\"author\":{\"name\":\"3e mill\u00e9naire\",\"@id\":\"https:\/\/www.revue3emillenaire.com\/blog\/#\/schema\/person\/9a3a7cc4ccaa707f402d4394327106d5\"},\"headline\":\"Beethoven, La Missa Solemnis et l&rsquo;esprit religieux par Yvon Bec\",\"datePublished\":\"2015-03-26T12:30:15+00:00\",\"mainEntityOfPage\":{\"@id\":\"https:\/\/www.revue3emillenaire.com\/blog\/beethoven-la-missa-solemnis-et-lesprit-religieux-par-yvon-bec\/\"},\"wordCount\":3008,\"image\":{\"@id\":\"https:\/\/www.revue3emillenaire.com\/blog\/beethoven-la-missa-solemnis-et-lesprit-religieux-par-yvon-bec\/#primaryimage\"},\"thumbnailUrl\":\"https:\/\/www.revue3emillenaire.com\/blog\/wp-content\/uploads\/2015\/03\/yvon-myoken-bec.jpg\",\"articleSection\":[\"Arts\"],\"inLanguage\":\"fr-FR\"},{\"@type\":\"WebPage\",\"@id\":\"https:\/\/www.revue3emillenaire.com\/blog\/beethoven-la-missa-solemnis-et-lesprit-religieux-par-yvon-bec\/\",\"url\":\"https:\/\/www.revue3emillenaire.com\/blog\/beethoven-la-missa-solemnis-et-lesprit-religieux-par-yvon-bec\/\",\"name\":\"Beethoven, La Missa Solemnis et l'esprit religieux par Yvon Bec - 3e mill\u00e9naire - Spiritualit\u00e9 - Connaissance de soi - Non-dualit\u00e9 - M\u00e9ditation\",\"isPartOf\":{\"@id\":\"https:\/\/www.revue3emillenaire.com\/blog\/#website\"},\"primaryImageOfPage\":{\"@id\":\"https:\/\/www.revue3emillenaire.com\/blog\/beethoven-la-missa-solemnis-et-lesprit-religieux-par-yvon-bec\/#primaryimage\"},\"image\":{\"@id\":\"https:\/\/www.revue3emillenaire.com\/blog\/beethoven-la-missa-solemnis-et-lesprit-religieux-par-yvon-bec\/#primaryimage\"},\"thumbnailUrl\":\"https:\/\/www.revue3emillenaire.com\/blog\/wp-content\/uploads\/2015\/03\/yvon-myoken-bec.jpg\",\"datePublished\":\"2015-03-26T12:30:15+00:00\",\"author\":{\"@id\":\"https:\/\/www.revue3emillenaire.com\/blog\/#\/schema\/person\/9a3a7cc4ccaa707f402d4394327106d5\"},\"breadcrumb\":{\"@id\":\"https:\/\/www.revue3emillenaire.com\/blog\/beethoven-la-missa-solemnis-et-lesprit-religieux-par-yvon-bec\/#breadcrumb\"},\"inLanguage\":\"fr-FR\",\"potentialAction\":[{\"@type\":\"ReadAction\",\"target\":[\"https:\/\/www.revue3emillenaire.com\/blog\/beethoven-la-missa-solemnis-et-lesprit-religieux-par-yvon-bec\/\"]}]},{\"@type\":\"ImageObject\",\"inLanguage\":\"fr-FR\",\"@id\":\"https:\/\/www.revue3emillenaire.com\/blog\/beethoven-la-missa-solemnis-et-lesprit-religieux-par-yvon-bec\/#primaryimage\",\"url\":\"https:\/\/www.revue3emillenaire.com\/blog\/wp-content\/uploads\/2015\/03\/yvon-myoken-bec.jpg\",\"contentUrl\":\"https:\/\/www.revue3emillenaire.com\/blog\/wp-content\/uploads\/2015\/03\/yvon-myoken-bec.jpg\",\"width\":154,\"height\":125},{\"@type\":\"BreadcrumbList\",\"@id\":\"https:\/\/www.revue3emillenaire.com\/blog\/beethoven-la-missa-solemnis-et-lesprit-religieux-par-yvon-bec\/#breadcrumb\",\"itemListElement\":[{\"@type\":\"ListItem\",\"position\":1,\"name\":\"Accueil\",\"item\":\"https:\/\/www.revue3emillenaire.com\/blog\/\"},{\"@type\":\"ListItem\",\"position\":2,\"name\":\"Beethoven, La Missa Solemnis et l&rsquo;esprit religieux par Yvon Bec\"}]},{\"@type\":\"WebSite\",\"@id\":\"https:\/\/www.revue3emillenaire.com\/blog\/#website\",\"url\":\"https:\/\/www.revue3emillenaire.com\/blog\/\",\"name\":\"3e mill\u00e9naire - Spiritualit\u00e9 - Connaissance de soi - Non-dualit\u00e9 - M\u00e9ditation\",\"description\":\"L&#039;Homme en devenir\",\"potentialAction\":[{\"@type\":\"SearchAction\",\"target\":{\"@type\":\"EntryPoint\",\"urlTemplate\":\"https:\/\/www.revue3emillenaire.com\/blog\/?s={search_term_string}\"},\"query-input\":{\"@type\":\"PropertyValueSpecification\",\"valueRequired\":true,\"valueName\":\"search_term_string\"}}],\"inLanguage\":\"fr-FR\"},{\"@type\":\"Person\",\"@id\":\"https:\/\/www.revue3emillenaire.com\/blog\/#\/schema\/person\/9a3a7cc4ccaa707f402d4394327106d5\",\"name\":\"3e mill\u00e9naire\",\"url\":\"https:\/\/www.revue3emillenaire.com\/blog\/author\/admin\/\"}]}<\/script>\n<!-- \/ Yoast SEO plugin. -->","yoast_head_json":{"title":"Beethoven, La Missa Solemnis et l'esprit religieux par Yvon Bec - 3e mill\u00e9naire - Spiritualit\u00e9 - Connaissance de soi - Non-dualit\u00e9 - M\u00e9ditation","robots":{"index":"index","follow":"follow","max-snippet":"max-snippet:-1","max-image-preview":"max-image-preview:large","max-video-preview":"max-video-preview:-1"},"canonical":"https:\/\/www.revue3emillenaire.com\/blog\/beethoven-la-missa-solemnis-et-lesprit-religieux-par-yvon-bec\/","og_locale":"fr_FR","og_type":"article","og_title":"Beethoven, La Missa Solemnis et l'esprit religieux par Yvon Bec - 3e mill\u00e9naire - Spiritualit\u00e9 - Connaissance de soi - Non-dualit\u00e9 - M\u00e9ditation","og_description":"En fait, ses aspirations religieuses semblent le mener vers une entit\u00e9 proche de ce que Spinoza nomme Dieu. Et trop d'intuitions beethov\u00e9niennes sur la nature de l'\u00e9ternit\u00e9 (cf. : la lettre au peintre Macco) et sur la na\u00adture du divin convergent avec le spinozisme pour n'\u00eatre que fortuites. Ces intuitions que nous trouvons, non dans de vagues invocations de malade, mais lorsqu'il affirme sa pens\u00e9e avec le plus de coh\u00e9rence possible pour lui, c'est-\u00e0-dire lorsqu'il met en rapport la pens\u00e9e du divin et l'acte de cr\u00e9ation","og_url":"https:\/\/www.revue3emillenaire.com\/blog\/beethoven-la-missa-solemnis-et-lesprit-religieux-par-yvon-bec\/","og_site_name":"3e mill\u00e9naire - Spiritualit\u00e9 - Connaissance de soi - Non-dualit\u00e9 - M\u00e9ditation","article_published_time":"2015-03-26T12:30:15+00:00","og_image":[{"width":154,"height":125,"url":"https:\/\/www.revue3emillenaire.com\/blog\/wp-content\/uploads\/2015\/03\/yvon-myoken-bec.jpg","type":"image\/jpeg"}],"author":"3e mill\u00e9naire","twitter_card":"summary_large_image","twitter_misc":{"\u00c9crit par":"3e mill\u00e9naire","Dur\u00e9e de lecture estim\u00e9e":"14 minutes"},"schema":{"@context":"https:\/\/schema.org","@graph":[{"@type":"Article","@id":"https:\/\/www.revue3emillenaire.com\/blog\/beethoven-la-missa-solemnis-et-lesprit-religieux-par-yvon-bec\/#article","isPartOf":{"@id":"https:\/\/www.revue3emillenaire.com\/blog\/beethoven-la-missa-solemnis-et-lesprit-religieux-par-yvon-bec\/"},"author":{"name":"3e mill\u00e9naire","@id":"https:\/\/www.revue3emillenaire.com\/blog\/#\/schema\/person\/9a3a7cc4ccaa707f402d4394327106d5"},"headline":"Beethoven, La Missa Solemnis et l&rsquo;esprit religieux par Yvon Bec","datePublished":"2015-03-26T12:30:15+00:00","mainEntityOfPage":{"@id":"https:\/\/www.revue3emillenaire.com\/blog\/beethoven-la-missa-solemnis-et-lesprit-religieux-par-yvon-bec\/"},"wordCount":3008,"image":{"@id":"https:\/\/www.revue3emillenaire.com\/blog\/beethoven-la-missa-solemnis-et-lesprit-religieux-par-yvon-bec\/#primaryimage"},"thumbnailUrl":"https:\/\/www.revue3emillenaire.com\/blog\/wp-content\/uploads\/2015\/03\/yvon-myoken-bec.jpg","articleSection":["Arts"],"inLanguage":"fr-FR"},{"@type":"WebPage","@id":"https:\/\/www.revue3emillenaire.com\/blog\/beethoven-la-missa-solemnis-et-lesprit-religieux-par-yvon-bec\/","url":"https:\/\/www.revue3emillenaire.com\/blog\/beethoven-la-missa-solemnis-et-lesprit-religieux-par-yvon-bec\/","name":"Beethoven, La Missa Solemnis et l'esprit religieux par Yvon Bec - 3e mill\u00e9naire - Spiritualit\u00e9 - Connaissance de soi - Non-dualit\u00e9 - M\u00e9ditation","isPartOf":{"@id":"https:\/\/www.revue3emillenaire.com\/blog\/#website"},"primaryImageOfPage":{"@id":"https:\/\/www.revue3emillenaire.com\/blog\/beethoven-la-missa-solemnis-et-lesprit-religieux-par-yvon-bec\/#primaryimage"},"image":{"@id":"https:\/\/www.revue3emillenaire.com\/blog\/beethoven-la-missa-solemnis-et-lesprit-religieux-par-yvon-bec\/#primaryimage"},"thumbnailUrl":"https:\/\/www.revue3emillenaire.com\/blog\/wp-content\/uploads\/2015\/03\/yvon-myoken-bec.jpg","datePublished":"2015-03-26T12:30:15+00:00","author":{"@id":"https:\/\/www.revue3emillenaire.com\/blog\/#\/schema\/person\/9a3a7cc4ccaa707f402d4394327106d5"},"breadcrumb":{"@id":"https:\/\/www.revue3emillenaire.com\/blog\/beethoven-la-missa-solemnis-et-lesprit-religieux-par-yvon-bec\/#breadcrumb"},"inLanguage":"fr-FR","potentialAction":[{"@type":"ReadAction","target":["https:\/\/www.revue3emillenaire.com\/blog\/beethoven-la-missa-solemnis-et-lesprit-religieux-par-yvon-bec\/"]}]},{"@type":"ImageObject","inLanguage":"fr-FR","@id":"https:\/\/www.revue3emillenaire.com\/blog\/beethoven-la-missa-solemnis-et-lesprit-religieux-par-yvon-bec\/#primaryimage","url":"https:\/\/www.revue3emillenaire.com\/blog\/wp-content\/uploads\/2015\/03\/yvon-myoken-bec.jpg","contentUrl":"https:\/\/www.revue3emillenaire.com\/blog\/wp-content\/uploads\/2015\/03\/yvon-myoken-bec.jpg","width":154,"height":125},{"@type":"BreadcrumbList","@id":"https:\/\/www.revue3emillenaire.com\/blog\/beethoven-la-missa-solemnis-et-lesprit-religieux-par-yvon-bec\/#breadcrumb","itemListElement":[{"@type":"ListItem","position":1,"name":"Accueil","item":"https:\/\/www.revue3emillenaire.com\/blog\/"},{"@type":"ListItem","position":2,"name":"Beethoven, La Missa Solemnis et l&rsquo;esprit religieux par Yvon Bec"}]},{"@type":"WebSite","@id":"https:\/\/www.revue3emillenaire.com\/blog\/#website","url":"https:\/\/www.revue3emillenaire.com\/blog\/","name":"3e mill\u00e9naire - Spiritualit\u00e9 - Connaissance de soi - Non-dualit\u00e9 - M\u00e9ditation","description":"L&#039;Homme en devenir","potentialAction":[{"@type":"SearchAction","target":{"@type":"EntryPoint","urlTemplate":"https:\/\/www.revue3emillenaire.com\/blog\/?s={search_term_string}"},"query-input":{"@type":"PropertyValueSpecification","valueRequired":true,"valueName":"search_term_string"}}],"inLanguage":"fr-FR"},{"@type":"Person","@id":"https:\/\/www.revue3emillenaire.com\/blog\/#\/schema\/person\/9a3a7cc4ccaa707f402d4394327106d5","name":"3e mill\u00e9naire","url":"https:\/\/www.revue3emillenaire.com\/blog\/author\/admin\/"}]}},"_links":{"self":[{"href":"https:\/\/www.revue3emillenaire.com\/blog\/wp-json\/wp\/v2\/posts\/16467","targetHints":{"allow":["GET"]}}],"collection":[{"href":"https:\/\/www.revue3emillenaire.com\/blog\/wp-json\/wp\/v2\/posts"}],"about":[{"href":"https:\/\/www.revue3emillenaire.com\/blog\/wp-json\/wp\/v2\/types\/post"}],"author":[{"embeddable":true,"href":"https:\/\/www.revue3emillenaire.com\/blog\/wp-json\/wp\/v2\/users\/1"}],"replies":[{"embeddable":true,"href":"https:\/\/www.revue3emillenaire.com\/blog\/wp-json\/wp\/v2\/comments?post=16467"}],"version-history":[{"count":0,"href":"https:\/\/www.revue3emillenaire.com\/blog\/wp-json\/wp\/v2\/posts\/16467\/revisions"}],"wp:featuredmedia":[{"embeddable":true,"href":"https:\/\/www.revue3emillenaire.com\/blog\/wp-json\/wp\/v2\/media\/16468"}],"wp:attachment":[{"href":"https:\/\/www.revue3emillenaire.com\/blog\/wp-json\/wp\/v2\/media?parent=16467"}],"wp:term":[{"taxonomy":"category","embeddable":true,"href":"https:\/\/www.revue3emillenaire.com\/blog\/wp-json\/wp\/v2\/categories?post=16467"},{"taxonomy":"post_tag","embeddable":true,"href":"https:\/\/www.revue3emillenaire.com\/blog\/wp-json\/wp\/v2\/tags?post=16467"}],"curies":[{"name":"wp","href":"https:\/\/api.w.org\/{rel}","templated":true}]}}