{"id":16951,"date":"2015-06-21T02:41:49","date_gmt":"2015-06-21T01:41:49","guid":{"rendered":"http:\/\/www.revue3emillenaire.com\/blog\/?p=16951"},"modified":"2015-06-21T02:41:49","modified_gmt":"2015-06-21T01:41:49","slug":"jai-peur-de-mon-ombre-par-christian-charriere","status":"publish","type":"post","link":"https:\/\/www.revue3emillenaire.com\/blog\/jai-peur-de-mon-ombre-par-christian-charriere\/","title":{"rendered":"J&rsquo;ai peur de mon ombre par Christian Charri\u00e8re"},"content":{"rendered":"<p class=\"western\" align=\"justify\"><em><strong><a href=\"https:\/\/fr.wikipedia.org\/wiki\/Christian_Charri%C3%A8re_%28%C3%A9crivain%29\" target=\"_blank\">Christian Charri\u00e8re<\/a> \u00e9crivain (1940-2005)<\/strong><\/em><\/p>\n<p class=\"western\" align=\"justify\"><span style=\"color: #000000;\"><span style=\"font-size: medium;\"><span lang=\"fr-FR\">(Revue Itin\u00e9rance. No 2. Novembre 1986)<\/span><\/span><\/span><\/p>\n<p class=\"western\" align=\"justify\"><span style=\"color: #000000;\"><span style=\"font-size: medium;\"><span lang=\"fr-FR\">Autrefois j&rsquo;avais peur, une peur vague, une frayeur qui me faisait me retourner dans la rue quand j&rsquo;entendais des pas derri\u00e8re moi. Certains hommes m&rsquo;\u00e9pouvantaient par leur aspect. Certaines situations me contrai\u00adgnaient \u00e0 fuir sans que je puisse comprendre pourquoi. Pour compenser cette faiblesse dont j&rsquo;avais honte je me mis \u00e0 ha\u00efr tout ce qui suscitait ce trouble, le passant furtif au fond des ruelles de la nuit, la femme qui s&rsquo;offre en exigeant la r\u00e9ciproque, les n\u00e8gres, les Auvergnats, les Bulgares.<\/span><\/span><\/span><\/p>\n<p class=\"western\" align=\"justify\"><span style=\"color: #000000;\"><span style=\"font-size: medium;\"><span lang=\"fr-FR\">Je voyageais en recherchant le danger. Dans tous les conflits mondiaux je fus partisan des forces de l&rsquo;ordre. \u00c0 Moscou je trouvais du charme \u00e0 la bureaucratie sovi\u00e9tique. \u00c0 Paris je frissonnais devant les escadrons de CRS. Tout ce qui \u00e9tait incompr\u00e9hensible, irrationnel, diff\u00e9rent, devait \u00eatre bastonn\u00e9. Et je continuais \u00e0 avoir peur, de cette peur \u00e0 la fois brumeuse et puissante que les Allemands appellent : \u00ab\u00a0Angst\u00a0\u00bb. Un jour dans un bus en Inde un vieil homme, qui avait observ\u00e9 pendant longtemps mon poing serr\u00e9 pos\u00e9 sur l&rsquo;accoudoir, me dit : \u00ab\u00a0Ouvrez la main\u00a0\u00bb. Je l&rsquo;ai ouverte parce que j&rsquo;\u00e9tais harass\u00e9 de la tenir ferm\u00e9e.<\/span><\/span><\/span><\/p>\n<p class=\"western\" align=\"justify\"><span style=\"color: #000000;\"><span style=\"font-size: medium;\"><span lang=\"fr-FR\">Je me suis mis \u00e0 \u00e9crire, composant des livres d&rsquo;imagination o\u00f9 les mons\u00adtres se transformaient en princesses. \u00c0 l&rsquo;appel de mon Bic obstin\u00e9 des silhouettes tourment\u00e9es se sont lev\u00e9es des mar\u00e9cages. Lorsqu&rsquo;elles sont apparues en pleine lumi\u00e8re j&rsquo;ai vu qu&rsquo;elles n&rsquo;\u00e9taient point aussi farouches que je le supposais.<\/span><\/span><\/span><\/p>\n<p class=\"western\" align=\"justify\"><span style=\"color: #000000;\"><span style=\"font-size: medium;\"><span lang=\"fr-FR\">Certes elles \u00e9taient p\u00e2les, boueuses, gorg\u00e9es d&rsquo;amertume. Mais en les rev\u00eatant de pourpre et en les faisant monter dans les cordages d&rsquo;un beau roman d&rsquo;aventures elles s&rsquo;humanisaient et se mettaient \u00e0 sourire. Alors j&rsquo;ai compris d&rsquo;o\u00f9 venait cette \u00e9trange frayeur qui me retranchait du monde, m&rsquo;isolant derri\u00e8re les barreaux d&rsquo;une solitude harcel\u00e9e.<\/span><\/span><\/span><\/p>\n<p class=\"western\" align=\"justify\"><span style=\"color: #000000;\"><span style=\"font-size: medium;\"><span lang=\"fr-FR\">J&rsquo;avais peur de mon ombre, j&rsquo;avais peur de tout ce qui en moi n&rsquo;\u00e9tait pas pr\u00e9sentable : faiblesse, instinctivit\u00e9, \u00e9motion et, tendues vers l&rsquo;autre, jusqu&rsquo;aux deux mains qui s&rsquo;ouvrent sur le petit lapin blanc d&rsquo;un amour. Je voulais avancer dans la vie d&rsquo;une d\u00e9marche impitoyable et sans rien qui me f\u00eet chanceler. C&rsquo;est pourquoi, tel le h\u00e9ros de Chamisso, je m&rsquo;\u00e9tais s\u00e9par\u00e9 de mon ombre au premier carrefour.<\/span><\/span><\/span><\/p>\n<p class=\"western\" align=\"justify\"><span style=\"color: #000000;\"><span style=\"font-size: medium;\"><span lang=\"fr-FR\">Mais on ne peut vraiment la r\u00e9pudier. \u00c0 pas de loup elle revient vous assassiner au coin des bois. Mieux vaut l&rsquo;accueillir en notre demeure et lui offrir ce qu&rsquo;elle demande : le colloque intime, la chaleur, la satisfac\u00adtion de ses d\u00e9sirs. \u00c0 pr\u00e9sent elle est, je crois, devenue une amie. Bien entendu il y a en elle des aspects que je n&rsquo;approuve pas. Elle est agres\u00adsive, frivole et souvent d&rsquo;humeur brumeuse et lointaine. Elle a la sensua\u00adlit\u00e9 exigeante d&rsquo;une courtisane turque allong\u00e9e sur un sofa. Quand elle exag\u00e8re j&rsquo;ai appris \u00e0 lui dire non. Elle baisse la t\u00eate et se soumet car elle ne demande qu&rsquo;\u00e0 \u00eatre ma\u00eetris\u00e9e et orient\u00e9e vers le haut.<\/span><\/span><\/span><\/p>\n<p class=\"western\" align=\"justify\"><span style=\"color: #000000;\"><span style=\"font-size: medium;\"><span lang=\"fr-FR\">Tout compte fait l&rsquo;ombre est d&rsquo;une profonde sagesse. Dans sa Sorbonne des profondeurs elle d\u00e9livre un enseignement qui a transform\u00e9 ma vie. J&rsquo;ai appris gr\u00e2ce \u00e0 elle \u00e0 sentir l&rsquo;existence du monde invisible, \u00e0 entrevoir les r\u00e9alit\u00e9s spirituelles et cette rivi\u00e8re d&rsquo;or qui ne demande qu&rsquo;\u00e0 irriguer nos vies dess\u00e9ch\u00e9es. La mort qui m&rsquo;\u00e9pouvantait jadis, je sais \u00e0 pr\u00e9sent qu&rsquo;elle est une nouvelle naissance et comme un retour \u00e0 la patrie perdue. Mon ombre m&rsquo;a enseign\u00e9 \u00e0 honorer l&rsquo;homme, \u00e0 percevoir son immense stature, \u00e0 reconna\u00eetre toute la grandeur qu&rsquo;il poss\u00e8de en lui et qu&rsquo;il ignore. Mon ombre insens\u00e9e m&rsquo;a donn\u00e9 le sens et la vie.<\/span><\/span><\/span><\/p>\n<p class=\"western\" align=\"justify\"><span style=\"color: #000000;\"><span style=\"font-size: medium;\"><span lang=\"fr-FR\">Mon ombre m&rsquo;a \u00e9clair\u00e9 et, s&rsquo;il m&rsquo;arrive encore d&rsquo;avoir la frousse, gr\u00e2ce \u00e0 elle je n&rsquo;ai plus peur.<\/span><\/span><\/span><\/p>\n<p class=\"western\" align=\"right\"><span style=\"color: #000000;\"><span style=\"font-size: medium;\"><span lang=\"fr-FR\">Christian Charri\u00e8re<\/span><\/span><\/span><\/p>\n","protected":false},"excerpt":{"rendered":"<p>J&rsquo;avais peur de mon ombre, j&rsquo;avais peur de tout ce qui en moi n&rsquo;\u00e9tait pas pr\u00e9sentable : faiblesse, instinctivit\u00e9, \u00e9motion et, tendues vers l&rsquo;autre, jusqu&rsquo;aux deux mains qui s&rsquo;ouvrent sur le petit lapin blanc d&rsquo;un amour. Je voulais avancer dans la vie d&rsquo;une d\u00e9marche impitoyable et sans rien qui me f\u00eet chanceler. C&rsquo;est pourquoi, tel le h\u00e9ros de Chamisso, je m&rsquo;\u00e9tais s\u00e9par\u00e9 de mon ombre au premier carrefour. Mais on ne peut vraiment la r\u00e9pudier. \u00c0 pas de loup elle revient vous assassiner au coin des bois. Mieux vaut l&rsquo;accueillir en notre demeure et lui offrir ce qu&rsquo;elle demande&#8230;<\/p>\n","protected":false},"author":1,"featured_media":0,"comment_status":"closed","ping_status":"closed","sticky":false,"template":"","format":"standard","meta":{"footnotes":""},"categories":[1014],"tags":[38,587],"class_list":["post-16951","post","type-post","status-publish","format-standard","hentry","category-essais","tag-conflit","tag-ombre"],"yoast_head":"<!-- This site is optimized with the Yoast SEO plugin v27.0 - https:\/\/yoast.com\/product\/yoast-seo-wordpress\/ -->\n<title>J&#039;ai peur de mon ombre par Christian Charri\u00e8re - 3e mill\u00e9naire - Spiritualit\u00e9 - Connaissance de soi - Non-dualit\u00e9 - M\u00e9ditation<\/title>\n<meta name=\"robots\" content=\"index, follow, max-snippet:-1, max-image-preview:large, max-video-preview:-1\" \/>\n<link rel=\"canonical\" href=\"https:\/\/www.revue3emillenaire.com\/blog\/jai-peur-de-mon-ombre-par-christian-charriere\/\" \/>\n<meta property=\"og:locale\" content=\"fr_FR\" \/>\n<meta property=\"og:type\" content=\"article\" \/>\n<meta property=\"og:title\" content=\"J&#039;ai peur de mon ombre par Christian Charri\u00e8re - 3e mill\u00e9naire - Spiritualit\u00e9 - Connaissance de soi - Non-dualit\u00e9 - M\u00e9ditation\" \/>\n<meta property=\"og:description\" content=\"J&#039;avais peur de mon ombre, j&#039;avais peur de tout ce qui en moi n&#039;\u00e9tait pas pr\u00e9sentable : faiblesse, instinctivit\u00e9, \u00e9motion et, tendues vers l&#039;autre, jusqu&#039;aux deux mains qui s&#039;ouvrent sur le petit lapin blanc d&#039;un amour. Je voulais avancer dans la vie d&#039;une d\u00e9marche impitoyable et sans rien qui me f\u00eet chanceler. C&#039;est pourquoi, tel le h\u00e9ros de Chamisso, je m&#039;\u00e9tais s\u00e9par\u00e9 de mon ombre au premier carrefour. Mais on ne peut vraiment la r\u00e9pudier. \u00c0 pas de loup elle revient vous assassiner au coin des bois. Mieux vaut l&#039;accueillir en notre demeure et lui offrir ce qu&#039;elle demande...\" \/>\n<meta property=\"og:url\" content=\"https:\/\/www.revue3emillenaire.com\/blog\/jai-peur-de-mon-ombre-par-christian-charriere\/\" \/>\n<meta property=\"og:site_name\" content=\"3e mill\u00e9naire - Spiritualit\u00e9 - Connaissance de soi - Non-dualit\u00e9 - M\u00e9ditation\" \/>\n<meta property=\"article:published_time\" content=\"2015-06-21T01:41:49+00:00\" \/>\n<meta name=\"author\" content=\"3e mill\u00e9naire\" \/>\n<meta name=\"twitter:card\" content=\"summary_large_image\" \/>\n<meta name=\"twitter:label1\" content=\"\u00c9crit par\" \/>\n\t<meta name=\"twitter:data1\" content=\"3e mill\u00e9naire\" \/>\n\t<meta name=\"twitter:label2\" content=\"Dur\u00e9e de lecture estim\u00e9e\" \/>\n\t<meta name=\"twitter:data2\" content=\"3 minutes\" \/>\n<script type=\"application\/ld+json\" class=\"yoast-schema-graph\">{\"@context\":\"https:\/\/schema.org\",\"@graph\":[{\"@type\":\"Article\",\"@id\":\"https:\/\/www.revue3emillenaire.com\/blog\/jai-peur-de-mon-ombre-par-christian-charriere\/#article\",\"isPartOf\":{\"@id\":\"https:\/\/www.revue3emillenaire.com\/blog\/jai-peur-de-mon-ombre-par-christian-charriere\/\"},\"author\":{\"name\":\"3e mill\u00e9naire\",\"@id\":\"https:\/\/www.revue3emillenaire.com\/blog\/#\/schema\/person\/9a3a7cc4ccaa707f402d4394327106d5\"},\"headline\":\"J&rsquo;ai peur de mon ombre par Christian Charri\u00e8re\",\"datePublished\":\"2015-06-21T01:41:49+00:00\",\"mainEntityOfPage\":{\"@id\":\"https:\/\/www.revue3emillenaire.com\/blog\/jai-peur-de-mon-ombre-par-christian-charriere\/\"},\"wordCount\":644,\"keywords\":[\"Conflit\",\"Ombre\"],\"articleSection\":[\"Essais\"],\"inLanguage\":\"fr-FR\"},{\"@type\":\"WebPage\",\"@id\":\"https:\/\/www.revue3emillenaire.com\/blog\/jai-peur-de-mon-ombre-par-christian-charriere\/\",\"url\":\"https:\/\/www.revue3emillenaire.com\/blog\/jai-peur-de-mon-ombre-par-christian-charriere\/\",\"name\":\"J'ai peur de mon ombre par Christian Charri\u00e8re - 3e mill\u00e9naire - Spiritualit\u00e9 - Connaissance de soi - Non-dualit\u00e9 - M\u00e9ditation\",\"isPartOf\":{\"@id\":\"https:\/\/www.revue3emillenaire.com\/blog\/#website\"},\"datePublished\":\"2015-06-21T01:41:49+00:00\",\"author\":{\"@id\":\"https:\/\/www.revue3emillenaire.com\/blog\/#\/schema\/person\/9a3a7cc4ccaa707f402d4394327106d5\"},\"breadcrumb\":{\"@id\":\"https:\/\/www.revue3emillenaire.com\/blog\/jai-peur-de-mon-ombre-par-christian-charriere\/#breadcrumb\"},\"inLanguage\":\"fr-FR\",\"potentialAction\":[{\"@type\":\"ReadAction\",\"target\":[\"https:\/\/www.revue3emillenaire.com\/blog\/jai-peur-de-mon-ombre-par-christian-charriere\/\"]}]},{\"@type\":\"BreadcrumbList\",\"@id\":\"https:\/\/www.revue3emillenaire.com\/blog\/jai-peur-de-mon-ombre-par-christian-charriere\/#breadcrumb\",\"itemListElement\":[{\"@type\":\"ListItem\",\"position\":1,\"name\":\"Accueil\",\"item\":\"https:\/\/www.revue3emillenaire.com\/blog\/\"},{\"@type\":\"ListItem\",\"position\":2,\"name\":\"J&rsquo;ai peur de mon ombre par Christian Charri\u00e8re\"}]},{\"@type\":\"WebSite\",\"@id\":\"https:\/\/www.revue3emillenaire.com\/blog\/#website\",\"url\":\"https:\/\/www.revue3emillenaire.com\/blog\/\",\"name\":\"3e mill\u00e9naire - Spiritualit\u00e9 - Connaissance de soi - Non-dualit\u00e9 - M\u00e9ditation\",\"description\":\"L&#039;Homme en devenir\",\"potentialAction\":[{\"@type\":\"SearchAction\",\"target\":{\"@type\":\"EntryPoint\",\"urlTemplate\":\"https:\/\/www.revue3emillenaire.com\/blog\/?s={search_term_string}\"},\"query-input\":{\"@type\":\"PropertyValueSpecification\",\"valueRequired\":true,\"valueName\":\"search_term_string\"}}],\"inLanguage\":\"fr-FR\"},{\"@type\":\"Person\",\"@id\":\"https:\/\/www.revue3emillenaire.com\/blog\/#\/schema\/person\/9a3a7cc4ccaa707f402d4394327106d5\",\"name\":\"3e mill\u00e9naire\",\"url\":\"https:\/\/www.revue3emillenaire.com\/blog\/author\/admin\/\"}]}<\/script>\n<!-- \/ Yoast SEO plugin. -->","yoast_head_json":{"title":"J'ai peur de mon ombre par Christian Charri\u00e8re - 3e mill\u00e9naire - Spiritualit\u00e9 - Connaissance de soi - Non-dualit\u00e9 - M\u00e9ditation","robots":{"index":"index","follow":"follow","max-snippet":"max-snippet:-1","max-image-preview":"max-image-preview:large","max-video-preview":"max-video-preview:-1"},"canonical":"https:\/\/www.revue3emillenaire.com\/blog\/jai-peur-de-mon-ombre-par-christian-charriere\/","og_locale":"fr_FR","og_type":"article","og_title":"J'ai peur de mon ombre par Christian Charri\u00e8re - 3e mill\u00e9naire - Spiritualit\u00e9 - Connaissance de soi - Non-dualit\u00e9 - M\u00e9ditation","og_description":"J'avais peur de mon ombre, j'avais peur de tout ce qui en moi n'\u00e9tait pas pr\u00e9sentable : faiblesse, instinctivit\u00e9, \u00e9motion et, tendues vers l'autre, jusqu'aux deux mains qui s'ouvrent sur le petit lapin blanc d'un amour. Je voulais avancer dans la vie d'une d\u00e9marche impitoyable et sans rien qui me f\u00eet chanceler. C'est pourquoi, tel le h\u00e9ros de Chamisso, je m'\u00e9tais s\u00e9par\u00e9 de mon ombre au premier carrefour. Mais on ne peut vraiment la r\u00e9pudier. \u00c0 pas de loup elle revient vous assassiner au coin des bois. Mieux vaut l'accueillir en notre demeure et lui offrir ce qu'elle demande...","og_url":"https:\/\/www.revue3emillenaire.com\/blog\/jai-peur-de-mon-ombre-par-christian-charriere\/","og_site_name":"3e mill\u00e9naire - Spiritualit\u00e9 - Connaissance de soi - Non-dualit\u00e9 - M\u00e9ditation","article_published_time":"2015-06-21T01:41:49+00:00","author":"3e mill\u00e9naire","twitter_card":"summary_large_image","twitter_misc":{"\u00c9crit par":"3e mill\u00e9naire","Dur\u00e9e de lecture estim\u00e9e":"3 minutes"},"schema":{"@context":"https:\/\/schema.org","@graph":[{"@type":"Article","@id":"https:\/\/www.revue3emillenaire.com\/blog\/jai-peur-de-mon-ombre-par-christian-charriere\/#article","isPartOf":{"@id":"https:\/\/www.revue3emillenaire.com\/blog\/jai-peur-de-mon-ombre-par-christian-charriere\/"},"author":{"name":"3e mill\u00e9naire","@id":"https:\/\/www.revue3emillenaire.com\/blog\/#\/schema\/person\/9a3a7cc4ccaa707f402d4394327106d5"},"headline":"J&rsquo;ai peur de mon ombre par Christian Charri\u00e8re","datePublished":"2015-06-21T01:41:49+00:00","mainEntityOfPage":{"@id":"https:\/\/www.revue3emillenaire.com\/blog\/jai-peur-de-mon-ombre-par-christian-charriere\/"},"wordCount":644,"keywords":["Conflit","Ombre"],"articleSection":["Essais"],"inLanguage":"fr-FR"},{"@type":"WebPage","@id":"https:\/\/www.revue3emillenaire.com\/blog\/jai-peur-de-mon-ombre-par-christian-charriere\/","url":"https:\/\/www.revue3emillenaire.com\/blog\/jai-peur-de-mon-ombre-par-christian-charriere\/","name":"J'ai peur de mon ombre par Christian Charri\u00e8re - 3e mill\u00e9naire - Spiritualit\u00e9 - Connaissance de soi - Non-dualit\u00e9 - M\u00e9ditation","isPartOf":{"@id":"https:\/\/www.revue3emillenaire.com\/blog\/#website"},"datePublished":"2015-06-21T01:41:49+00:00","author":{"@id":"https:\/\/www.revue3emillenaire.com\/blog\/#\/schema\/person\/9a3a7cc4ccaa707f402d4394327106d5"},"breadcrumb":{"@id":"https:\/\/www.revue3emillenaire.com\/blog\/jai-peur-de-mon-ombre-par-christian-charriere\/#breadcrumb"},"inLanguage":"fr-FR","potentialAction":[{"@type":"ReadAction","target":["https:\/\/www.revue3emillenaire.com\/blog\/jai-peur-de-mon-ombre-par-christian-charriere\/"]}]},{"@type":"BreadcrumbList","@id":"https:\/\/www.revue3emillenaire.com\/blog\/jai-peur-de-mon-ombre-par-christian-charriere\/#breadcrumb","itemListElement":[{"@type":"ListItem","position":1,"name":"Accueil","item":"https:\/\/www.revue3emillenaire.com\/blog\/"},{"@type":"ListItem","position":2,"name":"J&rsquo;ai peur de mon ombre par Christian Charri\u00e8re"}]},{"@type":"WebSite","@id":"https:\/\/www.revue3emillenaire.com\/blog\/#website","url":"https:\/\/www.revue3emillenaire.com\/blog\/","name":"3e mill\u00e9naire - Spiritualit\u00e9 - Connaissance de soi - Non-dualit\u00e9 - M\u00e9ditation","description":"L&#039;Homme en devenir","potentialAction":[{"@type":"SearchAction","target":{"@type":"EntryPoint","urlTemplate":"https:\/\/www.revue3emillenaire.com\/blog\/?s={search_term_string}"},"query-input":{"@type":"PropertyValueSpecification","valueRequired":true,"valueName":"search_term_string"}}],"inLanguage":"fr-FR"},{"@type":"Person","@id":"https:\/\/www.revue3emillenaire.com\/blog\/#\/schema\/person\/9a3a7cc4ccaa707f402d4394327106d5","name":"3e mill\u00e9naire","url":"https:\/\/www.revue3emillenaire.com\/blog\/author\/admin\/"}]}},"_links":{"self":[{"href":"https:\/\/www.revue3emillenaire.com\/blog\/wp-json\/wp\/v2\/posts\/16951","targetHints":{"allow":["GET"]}}],"collection":[{"href":"https:\/\/www.revue3emillenaire.com\/blog\/wp-json\/wp\/v2\/posts"}],"about":[{"href":"https:\/\/www.revue3emillenaire.com\/blog\/wp-json\/wp\/v2\/types\/post"}],"author":[{"embeddable":true,"href":"https:\/\/www.revue3emillenaire.com\/blog\/wp-json\/wp\/v2\/users\/1"}],"replies":[{"embeddable":true,"href":"https:\/\/www.revue3emillenaire.com\/blog\/wp-json\/wp\/v2\/comments?post=16951"}],"version-history":[{"count":0,"href":"https:\/\/www.revue3emillenaire.com\/blog\/wp-json\/wp\/v2\/posts\/16951\/revisions"}],"wp:attachment":[{"href":"https:\/\/www.revue3emillenaire.com\/blog\/wp-json\/wp\/v2\/media?parent=16951"}],"wp:term":[{"taxonomy":"category","embeddable":true,"href":"https:\/\/www.revue3emillenaire.com\/blog\/wp-json\/wp\/v2\/categories?post=16951"},{"taxonomy":"post_tag","embeddable":true,"href":"https:\/\/www.revue3emillenaire.com\/blog\/wp-json\/wp\/v2\/tags?post=16951"}],"curies":[{"name":"wp","href":"https:\/\/api.w.org\/{rel}","templated":true}]}}