{"id":16957,"date":"2015-07-07T02:23:18","date_gmt":"2015-07-07T01:23:18","guid":{"rendered":"http:\/\/www.revue3emillenaire.com\/blog\/?p=16957"},"modified":"2015-07-07T02:23:18","modified_gmt":"2015-07-07T01:23:18","slug":"le-cercle-sonore-par-dominique-bertrand","status":"publish","type":"post","link":"https:\/\/www.revue3emillenaire.com\/blog\/le-cercle-sonore-par-dominique-bertrand\/","title":{"rendered":"Le cercle sonore par Dominique Bertrand"},"content":{"rendered":"<p class=\"western\" align=\"justify\"><span style=\"color: #000000;\"><span style=\"font-size: medium;\"><span lang=\"fr-FR\">(Revue Itin\u00e9rance. No 2. Novembre 1986)<\/span><\/span><\/span><\/p>\n<p class=\"western\" align=\"right\"><span style=\"color: #000000;\"><span style=\"font-size: medium;\"><span lang=\"fr-FR\">\u00ab\u00a0<\/span><\/span><\/span><span style=\"color: #000000;\"><span style=\"font-size: medium;\"><span lang=\"fr-FR\"><i>L&rsquo;homme qui chante ne ment pas<\/i><\/span><\/span><\/span><span style=\"color: #000000;\"><span style=\"font-size: medium;\"><span lang=\"fr-FR\">.\u00a0\u00bb<\/span><\/span><\/span><\/p>\n<p class=\"western\" align=\"justify\"><span style=\"color: #000000;\"><span style=\"font-size: medium;\"><span lang=\"fr-FR\"><i><b>Les lignes qui suivent sont inspir\u00e9es d&rsquo;une exp\u00e9rience, maintes fois renou\u00advel\u00e9e, dont la substance est la voix humaine. Elles pourraient ressembler \u00e0 un \u00e9loge de l&rsquo;acte musical. Elles souhaiteraient plut\u00f4t \u00eatre une contri\u00adbution \u00e0 ce myst\u00e9rieux Jeu de Perles de Verre, plac\u00e9 au c\u0153ur de la cit\u00e9 id\u00e9ale imagin\u00e9e par Hermann Hesse, qui permet de composer ensemble une phrase musicale, une formule math\u00e9matique, l&rsquo;expression d&rsquo;un visage, un bouquet de fleurs, un rituel oc\u00e9anien, une constellation, etc.<\/b><\/i><\/span><\/span><\/span><\/p>\n<p class=\"western\" align=\"justify\"><span style=\"color: #000000;\"><span style=\"font-size: medium;\"><span lang=\"fr-FR\"><i><b>Fruit de plusieurs ann\u00e9es de recherches sur le son, l&rsquo;exp\u00e9rience consistait tout d&rsquo;abord en une simple improvisation collective. Mais tr\u00e8s vite la r\u00e9so\u00adnance v\u00e9cue ouvrit d&rsquo;autres perspectives, o\u00f9 beaucoup pressentirent la possibilit\u00e9 d&rsquo;une nouvelle \u00ab\u00a0pr\u00e9sence d&rsquo;esprit\u00a0\u00bb. Avant de r\u00e9fl\u00e9chir plus avant sur les implications de cette exp\u00e9rience, nous allons nous imaginer prenant place au cercle sonore.<\/b><\/i><\/span><\/span><\/span><\/p>\n<p class=\"western\" align=\"justify\"><span style=\"color: #000000;\"><span style=\"font-size: medium;\"><span lang=\"fr-FR\">Plusieurs personnes, qui a priori ne se connaissent pas, forment un cercle silencieux ; la plupart n&rsquo;ont aucune exp\u00e9rience musicale ni vocale ; aucune consigne technique n&rsquo;est donn\u00e9e quant \u00e0 la tonalit\u00e9, \u00e0 l&rsquo;harmonie, au mode ou \u00e0 la m\u00e9lodie ; l&rsquo;attention est seulement orien\u00adt\u00e9e vers le lieu int\u00e9rieur o\u00f9 le d\u00e9sir sonore est en attente : lieu vivant, discret, sensible&#8230;<\/span><\/span><\/span><\/p>\n<p class=\"western\" align=\"justify\"><span style=\"color: #000000;\"><span style=\"font-size: medium;\"><span lang=\"fr-FR\">Lorsque le silence est devenu pr\u00e9sence, il suffit de laisser aller le souffle pour qu&rsquo;il devienne son.<\/span><\/span><\/span><\/p>\n<p class=\"western\" align=\"justify\"><span style=\"color: #000000;\"><span style=\"font-size: medium;\"><span lang=\"fr-FR\">Le cercle se trouve alors aur\u00e9ol\u00e9 d&rsquo;un halo sonore o\u00f9 toutes les voix con\u00adfondues forment une substance confuse, mouvante, ind\u00e9finissable. Irr\u00e9\u00adsistiblement une m\u00e9moire lointaine est appel\u00e9e, comme la rumeur d&rsquo;un ancien oc\u00e9an, \u00e0 l&rsquo;aube du monde.<\/span><\/span><\/span><\/p>\n<p class=\"western\" align=\"justify\"><span style=\"color: #000000;\"><span style=\"font-size: medium;\"><span lang=\"fr-FR\">Tous les temps, tous les espaces semblent dissous dans cette mati\u00e8re sonore indiff\u00e9renci\u00e9e, vivante de toutes les possibilit\u00e9s, o\u00f9 l&rsquo;oreille croit d\u00e9celer les germes de mille chants insaisissables.<\/span><\/span><\/span><\/p>\n<p class=\"western\" align=\"justify\"><span style=\"color: #000000;\"><span style=\"font-size: medium;\"><span lang=\"fr-FR\">Il est impossible de d\u00e9crire toutes les sensations qui s&rsquo;\u00e9veillent alors simul\u00adtan\u00e9ment : la joie, la peur, l&rsquo;exaltation, le malaise, le soulagement, le vertige, la s\u00e9r\u00e9nit\u00e9 s&rsquo;entrem\u00ealent dans ce \u00ab\u00a0chaos sensible\u00a0\u00bb.<\/span><\/span><\/span><\/p>\n<p class=\"western\" align=\"justify\"><span style=\"color: #000000;\"><span style=\"font-size: medium;\"><span lang=\"fr-FR\">Puis, renouvelant l&rsquo;acte originel de toute gen\u00e8se, les premi\u00e8res diff\u00e9ren\u00adciations s&rsquo;op\u00e8rent dans la masse sonore : quelques voix se d\u00e9tachent, se risquent dans l&rsquo;espace harmonique, ouvrant dans la substance des inter\u00advalles o\u00f9 les premi\u00e8res qualit\u00e9s se manifestent.<\/span><\/span><\/span><\/p>\n<p class=\"western\" align=\"justify\"><span style=\"color: #000000;\"><span style=\"font-size: medium;\"><span lang=\"fr-FR\">\u00c9quilibre, d\u00e9s\u00e9quilibre, glissements, h\u00e9sitations, pulsations, les voix pren\u00adnent peu \u00e0 peu de l&rsquo;assurance, de la stabilit\u00e9, de la force.<\/span><\/span><\/span><\/p>\n<p class=\"western\" align=\"justify\"><span style=\"color: #000000;\"><span style=\"font-size: medium;\"><span lang=\"fr-FR\">Ici la personnalit\u00e9 musicale du cercle se pr\u00e9cise ; parmi l&rsquo;infinit\u00e9 des pos\u00adsibilit\u00e9s sonores invoqu\u00e9es d\u00e8s les premi\u00e8res secondes, quelques-unes \u00e9mer\u00adgent, polarisent l&rsquo;ensemble, orientent l&rsquo;accord, l&rsquo;harmonie.<\/span><\/span><\/span><\/p>\n<p class=\"western\" align=\"justify\"><span style=\"color: #000000;\"><span style=\"font-size: medium;\"><span lang=\"fr-FR\">Mais tout cela reste tr\u00e8s fragile. \u00c0 chaque instant cette harmonie peut basculer, travers\u00e9e d&rsquo;une dissonance qui d\u00e9soriente, d&rsquo;un son inattendu qui surprend. La conscience se trouve \u00e0 nouveau suspendue dans l&rsquo;ind\u00e9\u00adcision, \u00e0 l&rsquo;or\u00e9e du chaos&#8230;<\/span><\/span><\/span><\/p>\n<p class=\"western\" align=\"justify\"><span style=\"color: #000000;\"><span style=\"font-size: medium;\"><span lang=\"fr-FR\">Parmi les glissements incertains des sons \u00e9pars, l&rsquo;attention en \u00e9veil essaie de d\u00e9celer celui qui sera le foyer de la prochaine consonance, o\u00f9 les voix pourront s&rsquo;affermir et s&rsquo;abandonner au courant qui se dessine alors dans la profondeur sonore.<\/span><\/span><\/span><\/p>\n<p class=\"western\" align=\"justify\"><span style=\"color: #000000;\"><span style=\"font-size: medium;\"><span lang=\"fr-FR\">Ainsi diverses qualit\u00e9s apparaissent, disparaissent, s&rsquo;\u00e9changent, jaillissant de la confusion pour y retourner ensuite, au rythme des souffles, des c\u0153urs, des \u00e2mes attentives.<\/span><\/span><\/span><\/p>\n<p class=\"western\" align=\"justify\"><span style=\"color: #000000;\"><span style=\"font-size: medium;\"><span lang=\"fr-FR\">Et cela jusqu&rsquo;\u00e0 l&rsquo;instant o\u00f9, toute ivresse consum\u00e9e, les voix se laissent doucement porter vers les rivages du silence.<\/span><\/span><\/span><\/p>\n<p class=\"western\" align=\"justify\"><span style=\"color: #000000;\"><span style=\"font-size: medium;\"><span lang=\"fr-FR\">Bien s\u00fbr chaque exp\u00e9rience est diff\u00e9rente, et toutes n&rsquo;ont pas la m\u00eame \u00a0\u00bbqualit\u00e9 musicale\u00a0\u00bb. Cela d\u00e9pend de la composition du groupe, de la mani\u00e8re de pr\u00e9senter l&rsquo;exp\u00e9rience, du lieu, du moment. Malgr\u00e9 cela on retrouve \u00e0 chaque fois cette convergence des temps et des styles, o\u00f9 d&rsquo;an\u00adciennes m\u00e9lop\u00e9es se fondent dans les dissonances les plus contemporaines, o\u00f9 des grondements profonds, dignes de moines tib\u00e9tains, soulignent l&rsquo;\u00e9vocation d&rsquo;oiseaux de mer, de chants gr\u00e9goriens ou de vents harmoni\u00adques ; comme si l&rsquo;innocence donnait acc\u00e8s \u00e0 la substance m\u00eame de toutes les musiques, Materia-Prima de la gestation sonore.<\/span><\/span><\/span><\/p>\n<p class=\"western\" align=\"justify\"><span style=\"color: #000000;\"><span style=\"font-size: medium;\"><span lang=\"fr-FR\"><b>UNE \u00ab\u00a0PROFONDEUR\u00a0\u00bb PARADOXALE<\/b><\/span><\/span><\/span><\/p>\n<p class=\"western\" align=\"justify\"><span style=\"color: #000000;\"><span style=\"font-size: medium;\"><span lang=\"fr-FR\">Mais il s&rsquo;agit d&rsquo;une improvisation collective. En cherchant \u00e0 d\u00e9crire les caract\u00e9ristiques de l&rsquo;objet musical, on risque fort de n\u00e9gliger toute la port\u00e9e de l&rsquo;acte humain impliqu\u00e9. Car en fait cet \u00ab\u00a0objet\u00a0\u00bb n&rsquo;est pas tout \u00e0 fait un objet, et l&rsquo;attention n&rsquo;est pas tant port\u00e9e sur lui que sur la source dont il jaillit ; ce qui met la conscience dans une situation privil\u00e9gi\u00e9e et para\u00addoxale : l&rsquo;\u00e9v\u00e9nement est \u00e0 la fois int\u00e9rieur et ext\u00e9rieur, subjectif et objec\u00adtif, personnel et collectif, il appara\u00eet dans le temps depuis un lieu qui ne peut \u00eatre que hors du temps. C&rsquo;est un lieu impensable, o\u00f9 toutes ces dualit\u00e9s (qui fondent la pens\u00e9e) sont \u00e9vanouies dans l&rsquo;acte de chanter. Ces quelques affirmations m\u00e9ritent d&rsquo;\u00eatre approfondies. Revenons au silence qui pr\u00e9c\u00e8de l&rsquo;\u00e9v\u00e9nement sonore. Aucune consigne musicale n&rsquo;est donn\u00e9e, aucune connaissance pr\u00e9alable n&rsquo;est demand\u00e9e ; il est donc impos\u00adsible, pour la conscience, de faire le moindre projet ; personne ne sait vraiment ce qui va se passer ; cette sensation de flou est importante : la conscience sans rien \u00e0 quoi se raccrocher, revient \u00e0 sa source sensible. Lorsque les premiers sons se manifestent, cette absence de toute r\u00e9f\u00e9rence ext\u00e9rieure oblige \u00e0 trouver \u00ab\u00a0au-dedans\u00a0\u00bb ce qui fera \u00e9quilibre au-dehors. Mais l&rsquo;\u0153il ne peut se regarder lui-m\u00eame ; on ne conna\u00eet ce \u00ab\u00a0dedans\u00a0\u00bb que par ce qui en sort \u00e0 chaque instant, pour constituer au-dehors l&rsquo;offrande sonore ; et si l&rsquo;attente s&rsquo;y approfondit, il appara\u00eet que ce \u00ab\u00a0dedans\u00a0\u00bb ne contient pas \u00ab\u00a0quelque chose\u00a0\u00bb, comme une bo\u00eete contiendrait des objets ; il est pl\u00e9nitude ondoyante et floue de Possibilit\u00e9, qui ne se diffracte en \u00ab\u00a0quelque chose\u00a0\u00bb (ici un son, une note) qu&rsquo;au seuil entre l&rsquo;int\u00e9rieur et l&rsquo;ext\u00e9rieur. Cette exp\u00e9rience est celle de la conscience \u00ab\u00a0convoqu\u00e9e\u00a0\u00bb \u00e0 sa place juste, au point myst\u00e9rieux de l&rsquo;\u00eatre o\u00f9 le monde objectif, \u00e0 chaque instant, se constitue.<\/span><\/span><\/span><\/p>\n<p class=\"western\" align=\"justify\"><span style=\"color: #000000;\"><span style=\"font-size: medium;\"><span lang=\"fr-FR\">D&rsquo;autres d\u00e9marches que le chant t\u00e9moignent de cet espace. C&rsquo;est au m\u00eame lieu paradoxal que nous convie le conteur turc qui raconte comment il d\u00e9couvrit dans une past\u00e8que tout un univers de ch\u00e2teaux, dragons et belles princesses, en voulant r\u00e9cup\u00e9rer son couteau qui \u00e9tait tomb\u00e9 dedans. L&rsquo;ap\u00f4tre Paul, \u00e0 propos du Verbe, demande d&rsquo;en \u00ab\u00a0comprendre la lar\u00adgeur, la longueur, la hauteur et la profondeur\u00a0\u00bb. Il ajoute ainsi aux trois dimensions de l&rsquo;espace une \u00ab\u00a0profondeur\u00a0\u00bb qui ferait redondance, si elle<\/span><\/span><\/span> <span style=\"color: #000000;\"><span style=\"font-size: medium;\"><span lang=\"fr-FR\">n&rsquo;\u00e9tait entendue comme la dimension du Possible \u00e0 l&rsquo;\u00e9gard du R\u00e9el, par o\u00f9, \u00e0 chaque seconde, le monde est recr\u00e9\u00e9.<\/span><\/span><\/span><\/p>\n<p class=\"western\" align=\"justify\"><span style=\"color: #000000;\"><span style=\"font-size: medium;\"><span lang=\"fr-FR\">Il y a mille et une fa\u00e7ons de conjuguer verbe \u00catre et \u00eatre Verbe. L&rsquo;homme qui conte, l&rsquo;homme qui prie, l&rsquo;homme qui chante renvoient tous \u00e0 la m\u00eame vision : la forme humaine, limit\u00e9e \u00e0 l&rsquo;ext\u00e9rieur, r\u00e9v\u00e8le par la r\u00e9so\u00adnance l&rsquo;infinit\u00e9 qu&rsquo;elle scelle. Mais cette r\u00e9v\u00e9lation reste myst\u00e9rieuse ; elle ne d\u00e9crit rien, elle sugg\u00e8re ; elle n&rsquo;est pas explication, elle est implication.<\/span><\/span><\/span><\/p>\n<p class=\"western\" align=\"justify\"><span style=\"color: #000000;\"><span style=\"font-size: medium;\"><span lang=\"fr-FR\"><b>L&rsquo;HARMONIE : UNE \u00c9TERNIT\u00c9 \u00c9PH\u00c9M\u00c8RE<\/b><\/span><\/span><\/span><\/p>\n<p class=\"western\" align=\"justify\"><span style=\"color: #000000;\"><span style=\"font-size: medium;\"><span lang=\"fr-FR\">Mais ici, l&rsquo;homme qui chante n&rsquo;est pas seul. Lorsqu&rsquo;une voix s&rsquo;ajoute \u00e0 une autre voix, la consonance qui se forme n&rsquo;appartient ni \u00e0 l&rsquo;une ni \u00e0 l&rsquo;autre ; elle les englobe imm\u00e9diatement dans un mouvement ondula\u00adtoire stable ; chacune des voix est une polarit\u00e9, qui abolit pour quelques instants son ind\u00e9pendance pour communier \u00e0 cet \u00eatre \u00e9ph\u00e9m\u00e8re :<\/span><\/span><\/span> <span style=\"color: #000000;\"><span style=\"font-size: medium;\"><span lang=\"fr-FR\">\u00ab\u00a0l&rsquo;accord, form\u00e9 de deux corps, dont le foyer vibrant est le vide m\u00e9dian qui les s\u00e9pare et les relie\u00a0\u00bb.<\/span><\/span><\/span><\/p>\n<p class=\"western\" align=\"justify\"><span style=\"color: #000000;\"><span style=\"font-size: medium;\"><span lang=\"fr-FR\">Lorsque quinze, trente, cinquante voix font cercle, la coh\u00e9rence harmo\u00adnique qui \u00e9merge spontan\u00e9ment du chaos, venant de nulle part et de partout \u00e0 la fois, donne \u00e0 chacun la perception concr\u00e8te d&rsquo;une unit\u00e9 qui le d\u00e9passe. La manifestation de cette unit\u00e9, fragile, al\u00e9atoire, involon\u00adtaire, contraste de fa\u00e7on saisissante avec l&rsquo;intuition d&rsquo;une puissance immua\u00adble \u00e9manant de la masse sonore, d&rsquo;un dessein sous-jacent sugg\u00e9r\u00e9 par l&rsquo;ordre harmonique. La pl\u00e9nitude qu&rsquo;on y \u00e9prouve n&rsquo;est pas tant celle des cat\u00e9gories esth\u00e9tiques, que l&rsquo;\u00e9motion de participer \u00e0 une gen\u00e8se : \u00eatre la fibre vivante d&rsquo;un tissu sonore dont l&rsquo;insaisissable beaut\u00e9, n&rsquo;apparte\u00adnant \u00e0 personne, rejaillit sur tous.<\/span><\/span><\/span><\/p>\n<p class=\"western\" align=\"justify\"><span style=\"color: #000000;\"><span style=\"font-size: medium;\"><span lang=\"fr-FR\">Transcendance tangible.<\/span><\/span><\/span><\/p>\n<p class=\"western\" align=\"justify\"><span style=\"color: #000000;\"><span style=\"font-size: medium;\"><span lang=\"fr-FR\"><b>LA CONFUSION PHILOSOPHALE <\/b><\/span><\/span><\/span><\/p>\n<p class=\"western\" align=\"justify\"><span style=\"color: #000000;\"><span style=\"font-size: medium;\"><span lang=\"fr-FR\">Tout au long de l&rsquo;improvisation collective, de nombreux ph\u00e9nom\u00e8nes de communication subtile surviennent, qu&rsquo;il est difficile d&rsquo;analyser. C&rsquo;est en effet une exp\u00e9rience de la simultan\u00e9it\u00e9 que le langage, diachronique par nature, ne peut saisir sans \u00e9mietter.<\/span><\/span><\/span><\/p>\n<p class=\"western\" align=\"justify\"><span style=\"color: #000000;\"><span style=\"font-size: medium;\"><span lang=\"fr-FR\">Dans l&rsquo;acte collectif, la fronti\u00e8re entre \u00ab\u00a0moi\u00a0\u00bb et \u00ab\u00a0l&rsquo;ensemble\u00a0\u00bb s&rsquo;efface pour un temps. Le d\u00e9ploiement sonore est dou\u00e9 d&rsquo;une vie propre qui n&rsquo;appartient \u00e0 personne, et dont pourtant chacun est responsable ; cette vie-l\u00e0, \u00e0 la fois une et multiple, venant en m\u00eame temps du fond de soi et d&rsquo;ailleurs, est manifestation tangible de la globalit\u00e9 \u00ab\u00a0qui est plus que l&rsquo;ensemble de ses parties\u00a0\u00bb.<\/span><\/span><\/span><\/p>\n<p class=\"western\" align=\"justify\"><span style=\"color: #000000;\"><span style=\"font-size: medium;\"><span lang=\"fr-FR\">En effet, celui qui vient prendre place dans le cercle sonore est travers\u00e9 d&rsquo;un double mouvement : par la simple vertu de sa disponibilit\u00e9 d&rsquo;\u00e9coute, toutes les voix co\u00efncident en lui pendant que, par sa propre voix, il se projette hors de lui-m\u00eame dans l&rsquo;espace sonore.<\/span><\/span><\/span><\/p>\n<p class=\"western\" align=\"justify\"><span style=\"color: #000000;\"><span style=\"font-size: medium;\"><span lang=\"fr-FR\">Ce mouvement du Tout qui se concentre dans la partie, et de la partie qui se diffuse dans le Tout, est le support d&rsquo;une transformation qualitative de la conscience :<\/span><\/span><\/span> <span style=\"color: #000000;\"><span style=\"font-size: medium;\"><span lang=\"fr-FR\">La masse des sons, chaotique, p\u00e9n\u00e9trant le c\u0153ur sensible de l&rsquo;\u00eatre, pro\u00advoque une tension qui ne peut \u00eatre r\u00e9solue qu&rsquo;en devenant source d&rsquo;un nouveau son qui ramasse l&rsquo;ensemble, le met en perspective, en consonance.<\/span><\/span><\/span><\/p>\n<p class=\"western\" align=\"justify\"><span style=\"color: #000000;\"><span style=\"font-size: medium;\"><span lang=\"fr-FR\">Le passage s&rsquo;op\u00e8re ainsi par l&rsquo;apparition de diff\u00e9rences qui ne sont pas scissions ni n\u00e9gations, mais au contraire configurations, constellations. Ce passage s&rsquo;accompagne d&rsquo;intenses \u00e9changes \u00e9nerg\u00e9tiques o\u00f9 chacun devient le lieu de synth\u00e8se de tous les autres.<\/span><\/span><\/span><\/p>\n<p class=\"western\" align=\"justify\"><span style=\"color: #000000;\"><span style=\"font-size: medium;\"><span lang=\"fr-FR\">Cette r\u00e9solution qualitative s&rsquo;accomplit spontan\u00e9ment lorsque la cons\u00adcience individuelle, ne pouvant int\u00e9grer la complexit\u00e9 de la masse sonore, l\u00e2che prise. \u00c0 l&rsquo;instant m\u00eame une nouvelle perception \u00e9merge qui n&rsquo;est plus seulement individuelle, entre-tiss\u00e9e de plusieurs consciences accord\u00e9es.<\/span><\/span><\/span><\/p>\n<p class=\"western\" align=\"justify\"><span style=\"color: #000000;\"><span style=\"font-size: medium;\"><span lang=\"fr-FR\">Parcouru par la puissance, mais d\u00e9livr\u00e9 de la tension, l&rsquo;\u00eatre devient alors foyer de r\u00e9sonance de qualit\u00e9s nouvelles.<\/span><\/span><\/span><\/p>\n<p class=\"western\" align=\"justify\"><span style=\"color: #000000;\"><span style=\"font-size: medium;\"><span lang=\"fr-FR\">Le cercle sonore devient alors un lieu privil\u00e9gi\u00e9 : l&rsquo;individualit\u00e9 peut \u00e9chap\u00adper \u00e0 elle-m\u00eame, \u00ab\u00a0se fondre et se confondre\u00a0\u00bb au chaos primordial d&rsquo;o\u00f9, par le mouvement interne des constellations harmoniques, l&rsquo;\u00eatre est rendu \u00e0 sa diff\u00e9rence, \u00e0 sa qualit\u00e9 propre. Ce processus rappelle le \u00a0\u00bbSolve-Coagula\u00a0\u00bb de la tradition alchimique, o\u00f9 la mati\u00e8re imparfaite est dis\u00adsoute dans la \u00ab\u00a0mer philosophale\u00a0\u00bb avant sa transmutation en or. (D&rsquo;ail\u00adleurs, un des noms de l&rsquo;alchimie n&rsquo;est-il pas \u00ab\u00a0Art de Musique\u00a0\u00bb ?)<\/span><\/span><\/span><\/p>\n<p class=\"western\" align=\"justify\"><span style=\"color: #000000;\"><span style=\"font-size: medium;\"><span lang=\"fr-FR\">Dans la pratique, cette dimension \u00ab\u00a0alchimique\u00a0\u00bb du chant improvis\u00e9 est al\u00e9atoire, chacun donnant ses limites personnelles \u00e0 l&rsquo;exp\u00e9rience. Mais ces limites y sont mises \u00e0 l&rsquo;\u00e9preuve de la r\u00e9sonance. De nombreux t\u00e9moi\u00adgnages \u00e9voquent la sensation d&rsquo;un vertige joyeux, d&rsquo;un bain (ou d&rsquo;une nourriture) vibratoire, l&rsquo;ouverture tangible d&rsquo;un espace int\u00e9rieur, l&rsquo;intui\u00adtion d&rsquo;une transcendance. Ce moment de t\u00e9moignage permet \u00e0 chacun de prendre conscience de la diversit\u00e9 de manifestation de cette unit\u00e9, selon la personnalit\u00e9 de celui qui cherche \u00e0 exprimer son v\u00e9cu. Mais, loin de renvoyer \u00e0 une dispersion, cette diversit\u00e9 \u00e9claire la richesse multidimen\u00adsionnelle constell\u00e9e dans le cercle. Cette reconnaissance fut un jour expri\u00adm\u00e9e ainsi :<\/span><\/span><\/span><span style=\"color: #000000;\"><span style=\"font-size: medium;\"><span lang=\"en-US\"> \u00a0\u00bb<\/span><\/span><\/span><span style=\"color: #000000;\"><span style=\"font-size: medium;\"><span lang=\"fr-FR\">&#8230; comme si j&rsquo;\u00e9tais au bord d&rsquo;une puissance qui pouvait indiff\u00e9remment devenir \u00e0 travers moi m\u00e9lodie, d\u00e9couverte math\u00e9matique, invention technologique, processus de gu\u00e9rison, \u00e9clat de rire&#8230;\u00a0\u00bb<\/span><\/span><\/span><\/p>\n<p class=\"western\" align=\"justify\"><span style=\"color: #000000;\"><span style=\"font-size: medium;\"><span lang=\"fr-FR\">Beaucoup de ces t\u00e9moignages rendent compte de l&rsquo;\u00e9motion de participer \u00e0 un \u00e9v\u00e9nement ancestral, de r\u00e9veiller un acte fondamentalement humain dont la profondeur n&rsquo;a d&rsquo;\u00e9gale que la d\u00e9sarmante simplicit\u00e9.<\/span><\/span><\/span><\/p>\n<p class=\"western\" align=\"justify\"><span style=\"color: #000000;\"><span style=\"font-size: medium;\"><span lang=\"fr-FR\"><b>L&rsquo;OREILLE AU CENTRE DU MONDE <\/b><\/span><\/span><\/span><\/p>\n<p class=\"western\" align=\"justify\"><span style=\"color: #000000;\"><span style=\"font-size: medium;\"><span lang=\"fr-FR\">Sans doute faut-il insister sur cette simplicit\u00e9, et sur la qualit\u00e9 spontan\u00e9\u00adment transcendante de l&rsquo;acte synchronique : faire \u00e0 plusieurs la m\u00eame chose en m\u00eame temps, qui constitue l&rsquo;essence de tout rituel.<\/span><\/span><\/span><\/p>\n<p class=\"western\" align=\"justify\"><span style=\"color: #000000;\"><span style=\"font-size: medium;\"><span lang=\"fr-FR\">Nous avons aujourd&rsquo;hui perdu le sens de l&rsquo;acte synchronique. En d\u00e9ri\u00adtualisant le monde, nous l&rsquo;avons d\u00e9senchant\u00e9. Et pourtant la recherche contemporaine red\u00e9couvre (sous les noms de \u00ab\u00a0Syst\u00e9mique\u00a0\u00bb ou \u00a0\u00bbHolis\u00adme\u00a0\u00bb) cette Globalit\u00e9 qui fonde l&rsquo;acte rituel et la vision mythique. Cette rencontre possible est prometteuse&#8230; mais elle d\u00e9pendra de la fa\u00e7on dont l&rsquo;intelligence saura s&rsquo;accorder \u00e0 la sensibilit\u00e9 pour assumer la perception polyphonique que l&rsquo;acte global exige. Comme le philosophe Edgar Morin l&rsquo;a clairement exprim\u00e9 en posant un \u00ab\u00a0principe d&rsquo;art\u00a0\u00bb dans cette recherche,<\/span><\/span><\/span> <span style=\"color: #000000;\"><span style=\"font-size: medium;\"><span lang=\"fr-FR\">\u00ab\u00a0la sensibilit\u00e9 syst\u00e9mique sera comme celle de l&rsquo;oreille musicienne qui per\u00e7oit les comp\u00e9titions, symbioses, interf\u00e9rences, chevauchements des th\u00e8mes en une seule coul\u00e9e symphonique\u00a0\u00bb.<\/span><\/span><\/span><\/p>\n<p class=\"western\" align=\"justify\"><span style=\"color: #000000;\"><span style=\"font-size: medium;\"><span lang=\"fr-FR\">Il r\u00e9pond en cela \u00e0 l&rsquo;exigence d&rsquo;\u00e9coute exprim\u00e9e par Jacques Attali (\u00ab\u00a0Bruits\u00a0\u00bb), ou encore \u00e0 la d\u00e9marche vertigineuse d&rsquo;un Schaffer qui nous guide vers la perception d&rsquo;un \u00ab\u00a0paysage sonore\u00a0\u00bb plan\u00e9taire.<\/span><\/span><\/span><\/p>\n<p class=\"western\" align=\"justify\"><span style=\"color: #000000;\"><span style=\"font-size: medium;\"><span lang=\"fr-FR\">Il ne suffit plus au monde d&rsquo;\u00eatre vu, il exige d&rsquo;\u00eatre \u00ab\u00a0entendu\u00a0\u00bb, pour \u00eatre accompagn\u00e9 dans ses bouleversements. Ce recentrage du monde dans l&rsquo;ou\u00efe (souvenons-nous que l&rsquo;oreille est organe de l&rsquo;audition mais aussi centre de l&rsquo;\u00e9quilibre) rend soudain toute sa place \u00e0 la tradition orale qui reconduit l&rsquo;\u00eatre \u00e0 l&rsquo;origine sonore de l&rsquo;univers.<\/span><\/span><\/span><\/p>\n<p class=\"western\" align=\"justify\"><span style=\"color: #000000;\"><span style=\"font-size: medium;\"><span lang=\"fr-FR\">Ainsi le \u00ab\u00a0Dieu dit\u00a0\u00bb de la Bible, le \u00ab\u00a0Verbe\u00a0\u00bb de l&rsquo;ap\u00f4tre Jean, le \u00a0\u00bbAum\u00a0\u00bb primordial des Upanishad, l\u2019\u00c9clat de Rire du dieu Thot sont autant de fa\u00ad\u00e7ons d&rsquo;\u00e9voquer (d&rsquo;invoquer ?) cet acte sonore qui est \u00e0 la fois D\u00e9but des temps, et face cach\u00e9e de l&rsquo;instant pr\u00e9sent. Pour l&rsquo;\u00eatre humain, cette recon\u00adduction \u00e0 l&rsquo;origine sonore s&rsquo;accomplit dans la perception d&rsquo;un son inou\u00ef dont tout acte musical serait simultan\u00e9ment la m\u00e9taphore inachev\u00e9e, la r\u00e9miniscence, la promesse, et, pour le \u00ab\u00a0bon entendeur\u00a0\u00bb, la voie d&rsquo;acc\u00e8s.<\/span><\/span><\/span><\/p>\n<p class=\"western\" align=\"justify\"><span style=\"color: #000000;\"><span style=\"font-size: medium;\"><span lang=\"fr-FR\">Cette reconduction n&rsquo;est possible que par la pr\u00e9sence, au c\u0153ur m\u00eame de l&rsquo;\u00eatre, de ce Son silencieux qui renouvelle \u00e0 chaque instant la totalit\u00e9 de la gen\u00e8se. C&rsquo;est dans le retournement vers ce \u00ab\u00a0son-non-frapp\u00e9\u00a0\u00bb (ainsi que le yoga nomme le c\u0153ur subtil) que l&rsquo;individu d\u00e9couvre l&rsquo;oreille spi\u00adrale de l&rsquo;univers au fond de lui.<\/span><\/span><\/span><\/p>\n<p class=\"western\" align=\"justify\"><span style=\"color: #000000;\"><span style=\"font-size: medium;\"><span lang=\"fr-FR\"><b>UN COLLIER DANS LE CIEL<\/b><\/span><\/span><\/span><\/p>\n<p class=\"western\" align=\"justify\"><span style=\"color: #000000;\"><span style=\"font-size: medium;\"><span lang=\"fr-FR\">Les auteurs anonymes des Veda, ma\u00eetres de la parole po\u00e9tique, nous pro\u00adposent cette image pr\u00e9cieuse qui ramasse, par-del\u00e0 les si\u00e8cles, tout le para\u00addoxe de la conscience impliqu\u00e9e dans notre cercle sonore : \u00ab\u00a0dans le ciel d&rsquo;Indra se trouve<\/span><\/span><\/span> <span style=\"color: #000000;\"><span style=\"font-size: medium;\"><span lang=\"fr-FR\">un collier myst\u00e9rieux dont chaque perle contient le collier tout entier.\u00a0\u00bb<\/span><\/span><\/span><\/p>\n<p class=\"western\" align=\"justify\"><span style=\"color: #000000;\"><span style=\"font-size: medium;\"><span lang=\"fr-FR\">Et c&rsquo;est presque sans surprise que l&rsquo;on d\u00e9couvre plus loin que c&rsquo;est la toute-puissance des Ch\u0153urs qui institua Indra roi des dieux pour l&rsquo;\u00e9ternit\u00e9.<\/span><\/span><\/span><\/p>\n<p class=\"western\" align=\"justify\"><span style=\"color: #000000;\"><span style=\"font-size: medium;\"><span lang=\"fr-FR\">Mais si l&rsquo;arch\u00e9type du cercle sonore est un collier dans le ciel, la simpli\u00adcit\u00e9 de sa manifestation est aussi son humanit\u00e9 ; une humanit\u00e9 convo\u00adqu\u00e9e \u00e0 sa limite. Puisque le cercle nous permet de traverser ainsi les si\u00e8\u00adcles et les cultures, nous conclurons avec cette histoire \u00e9nigmatique du ma\u00eetre hassid Nahmar de Bratzlav qui place l&rsquo;homme \u00e0 cette limite \u00ab\u00a0au point de rencontre de toutes les significations\u00a0\u00bb.<\/span><\/span><\/span><\/p>\n<p class=\"western\" align=\"justify\"><span style=\"color: #000000;\"><span style=\"font-size: medium;\"><span lang=\"fr-FR\">\u00ab\u00a0Il \u00e9tait une fois un pays qui contenait tous les pays du monde. Et dans ce pays il y avait une ville qui contenait toutes les villes du pays. Et dans cette ville une rue qui contenait toutes les rues de la ville. Et dans cette rue une maison qui contenait toutes les maisons de la rue. Et dans cette maison une chambre qui contenait toutes les chambres de la maison. Et dans cette chambre il y avait un homme.<\/span><\/span><\/span><\/p>\n<p class=\"western\" align=\"justify\"><span style=\"color: #000000;\"><span style=\"font-size: medium;\"><span lang=\"fr-FR\">Et cet homme riait, riait, riait&#8230;\u00a0\u00bb<\/span><\/span><\/span><\/p>\n<p class=\"western\" align=\"right\"><span style=\"color: #000000;\"><span style=\"font-size: medium;\"><span lang=\"fr-FR\">Dominique Bertrand<\/span><\/span><\/span><\/p>\n","protected":false},"excerpt":{"rendered":"<p>Tout au long de l&rsquo;improvisation collective, de nombreux ph\u00e9nom\u00e8nes de communication subtile surviennent, qu&rsquo;il est difficile d&rsquo;analyser. C&rsquo;est en effet une exp\u00e9rience de la simultan\u00e9it\u00e9 que le langage, diachronique par nature, ne peut saisir sans \u00e9mietter. Dans l&rsquo;acte collectif, la fronti\u00e8re entre \u00ab\u00a0moi\u00a0\u00bb et \u00ab\u00a0l&rsquo;ensemble\u00a0\u00bb s&rsquo;efface pour un temps. Le d\u00e9ploiement sonore est dou\u00e9 d&rsquo;une vie propre qui n&rsquo;appartient \u00e0 personne, et dont pourtant chacun est responsable ; cette vie-l\u00e0, \u00e0 la fois une et multiple, venant en m\u00eame temps du fond de soi et d&rsquo;ailleurs, est manifestation tangible de la globalit\u00e9 \u00ab\u00a0qui est plus que l&rsquo;ensemble de ses parties\u00a0\u00bb.<\/p>\n","protected":false},"author":1,"featured_media":0,"comment_status":"closed","ping_status":"closed","sticky":false,"template":"","format":"standard","meta":{"footnotes":""},"categories":[944],"tags":[],"class_list":["post-16957","post","type-post","status-publish","format-standard","hentry","category-temoignage"],"yoast_head":"<!-- This site is optimized with the Yoast SEO plugin v27.0 - https:\/\/yoast.com\/product\/yoast-seo-wordpress\/ -->\n<title>Le cercle sonore par Dominique Bertrand - 3e mill\u00e9naire - Spiritualit\u00e9 - Connaissance de soi - Non-dualit\u00e9 - M\u00e9ditation<\/title>\n<meta name=\"robots\" content=\"index, follow, max-snippet:-1, max-image-preview:large, max-video-preview:-1\" \/>\n<link rel=\"canonical\" href=\"https:\/\/www.revue3emillenaire.com\/blog\/le-cercle-sonore-par-dominique-bertrand\/\" \/>\n<meta property=\"og:locale\" content=\"fr_FR\" \/>\n<meta property=\"og:type\" content=\"article\" \/>\n<meta property=\"og:title\" content=\"Le cercle sonore par Dominique Bertrand - 3e mill\u00e9naire - Spiritualit\u00e9 - Connaissance de soi - Non-dualit\u00e9 - M\u00e9ditation\" \/>\n<meta property=\"og:description\" content=\"Tout au long de l&#039;improvisation collective, de nombreux ph\u00e9nom\u00e8nes de communication subtile surviennent, qu&#039;il est difficile d&#039;analyser. C&#039;est en effet une exp\u00e9rience de la simultan\u00e9it\u00e9 que le langage, diachronique par nature, ne peut saisir sans \u00e9mietter. Dans l&#039;acte collectif, la fronti\u00e8re entre &quot;moi&quot; et &quot;l&#039;ensemble&quot; s&#039;efface pour un temps. Le d\u00e9ploiement sonore est dou\u00e9 d&#039;une vie propre qui n&#039;appartient \u00e0 personne, et dont pourtant chacun est responsable ; cette vie-l\u00e0, \u00e0 la fois une et multiple, venant en m\u00eame temps du fond de soi et d&#039;ailleurs, est manifestation tangible de la globalit\u00e9 &quot;qui est plus que l&#039;ensemble de ses parties&quot;.\" \/>\n<meta property=\"og:url\" content=\"https:\/\/www.revue3emillenaire.com\/blog\/le-cercle-sonore-par-dominique-bertrand\/\" \/>\n<meta property=\"og:site_name\" content=\"3e mill\u00e9naire - Spiritualit\u00e9 - Connaissance de soi - Non-dualit\u00e9 - M\u00e9ditation\" \/>\n<meta property=\"article:published_time\" content=\"2015-07-07T01:23:18+00:00\" \/>\n<meta name=\"author\" content=\"3e mill\u00e9naire\" \/>\n<meta name=\"twitter:card\" content=\"summary_large_image\" \/>\n<meta name=\"twitter:label1\" content=\"\u00c9crit par\" \/>\n\t<meta name=\"twitter:data1\" content=\"3e mill\u00e9naire\" \/>\n\t<meta name=\"twitter:label2\" content=\"Dur\u00e9e de lecture estim\u00e9e\" \/>\n\t<meta name=\"twitter:data2\" content=\"13 minutes\" \/>\n<script type=\"application\/ld+json\" class=\"yoast-schema-graph\">{\"@context\":\"https:\/\/schema.org\",\"@graph\":[{\"@type\":\"Article\",\"@id\":\"https:\/\/www.revue3emillenaire.com\/blog\/le-cercle-sonore-par-dominique-bertrand\/#article\",\"isPartOf\":{\"@id\":\"https:\/\/www.revue3emillenaire.com\/blog\/le-cercle-sonore-par-dominique-bertrand\/\"},\"author\":{\"name\":\"3e mill\u00e9naire\",\"@id\":\"https:\/\/www.revue3emillenaire.com\/blog\/#\/schema\/person\/9a3a7cc4ccaa707f402d4394327106d5\"},\"headline\":\"Le cercle sonore par Dominique Bertrand\",\"datePublished\":\"2015-07-07T01:23:18+00:00\",\"mainEntityOfPage\":{\"@id\":\"https:\/\/www.revue3emillenaire.com\/blog\/le-cercle-sonore-par-dominique-bertrand\/\"},\"wordCount\":2636,\"articleSection\":[\"T\u00e9moignage\"],\"inLanguage\":\"fr-FR\"},{\"@type\":\"WebPage\",\"@id\":\"https:\/\/www.revue3emillenaire.com\/blog\/le-cercle-sonore-par-dominique-bertrand\/\",\"url\":\"https:\/\/www.revue3emillenaire.com\/blog\/le-cercle-sonore-par-dominique-bertrand\/\",\"name\":\"Le cercle sonore par Dominique Bertrand - 3e mill\u00e9naire - Spiritualit\u00e9 - Connaissance de soi - Non-dualit\u00e9 - M\u00e9ditation\",\"isPartOf\":{\"@id\":\"https:\/\/www.revue3emillenaire.com\/blog\/#website\"},\"datePublished\":\"2015-07-07T01:23:18+00:00\",\"author\":{\"@id\":\"https:\/\/www.revue3emillenaire.com\/blog\/#\/schema\/person\/9a3a7cc4ccaa707f402d4394327106d5\"},\"breadcrumb\":{\"@id\":\"https:\/\/www.revue3emillenaire.com\/blog\/le-cercle-sonore-par-dominique-bertrand\/#breadcrumb\"},\"inLanguage\":\"fr-FR\",\"potentialAction\":[{\"@type\":\"ReadAction\",\"target\":[\"https:\/\/www.revue3emillenaire.com\/blog\/le-cercle-sonore-par-dominique-bertrand\/\"]}]},{\"@type\":\"BreadcrumbList\",\"@id\":\"https:\/\/www.revue3emillenaire.com\/blog\/le-cercle-sonore-par-dominique-bertrand\/#breadcrumb\",\"itemListElement\":[{\"@type\":\"ListItem\",\"position\":1,\"name\":\"Accueil\",\"item\":\"https:\/\/www.revue3emillenaire.com\/blog\/\"},{\"@type\":\"ListItem\",\"position\":2,\"name\":\"Le cercle sonore par Dominique Bertrand\"}]},{\"@type\":\"WebSite\",\"@id\":\"https:\/\/www.revue3emillenaire.com\/blog\/#website\",\"url\":\"https:\/\/www.revue3emillenaire.com\/blog\/\",\"name\":\"3e mill\u00e9naire - Spiritualit\u00e9 - Connaissance de soi - Non-dualit\u00e9 - M\u00e9ditation\",\"description\":\"L&#039;Homme en devenir\",\"potentialAction\":[{\"@type\":\"SearchAction\",\"target\":{\"@type\":\"EntryPoint\",\"urlTemplate\":\"https:\/\/www.revue3emillenaire.com\/blog\/?s={search_term_string}\"},\"query-input\":{\"@type\":\"PropertyValueSpecification\",\"valueRequired\":true,\"valueName\":\"search_term_string\"}}],\"inLanguage\":\"fr-FR\"},{\"@type\":\"Person\",\"@id\":\"https:\/\/www.revue3emillenaire.com\/blog\/#\/schema\/person\/9a3a7cc4ccaa707f402d4394327106d5\",\"name\":\"3e mill\u00e9naire\",\"url\":\"https:\/\/www.revue3emillenaire.com\/blog\/author\/admin\/\"}]}<\/script>\n<!-- \/ Yoast SEO plugin. -->","yoast_head_json":{"title":"Le cercle sonore par Dominique Bertrand - 3e mill\u00e9naire - Spiritualit\u00e9 - Connaissance de soi - Non-dualit\u00e9 - M\u00e9ditation","robots":{"index":"index","follow":"follow","max-snippet":"max-snippet:-1","max-image-preview":"max-image-preview:large","max-video-preview":"max-video-preview:-1"},"canonical":"https:\/\/www.revue3emillenaire.com\/blog\/le-cercle-sonore-par-dominique-bertrand\/","og_locale":"fr_FR","og_type":"article","og_title":"Le cercle sonore par Dominique Bertrand - 3e mill\u00e9naire - Spiritualit\u00e9 - Connaissance de soi - Non-dualit\u00e9 - M\u00e9ditation","og_description":"Tout au long de l'improvisation collective, de nombreux ph\u00e9nom\u00e8nes de communication subtile surviennent, qu'il est difficile d'analyser. C'est en effet une exp\u00e9rience de la simultan\u00e9it\u00e9 que le langage, diachronique par nature, ne peut saisir sans \u00e9mietter. Dans l'acte collectif, la fronti\u00e8re entre \"moi\" et \"l'ensemble\" s'efface pour un temps. Le d\u00e9ploiement sonore est dou\u00e9 d'une vie propre qui n'appartient \u00e0 personne, et dont pourtant chacun est responsable ; cette vie-l\u00e0, \u00e0 la fois une et multiple, venant en m\u00eame temps du fond de soi et d'ailleurs, est manifestation tangible de la globalit\u00e9 \"qui est plus que l'ensemble de ses parties\".","og_url":"https:\/\/www.revue3emillenaire.com\/blog\/le-cercle-sonore-par-dominique-bertrand\/","og_site_name":"3e mill\u00e9naire - Spiritualit\u00e9 - Connaissance de soi - Non-dualit\u00e9 - M\u00e9ditation","article_published_time":"2015-07-07T01:23:18+00:00","author":"3e mill\u00e9naire","twitter_card":"summary_large_image","twitter_misc":{"\u00c9crit par":"3e mill\u00e9naire","Dur\u00e9e de lecture estim\u00e9e":"13 minutes"},"schema":{"@context":"https:\/\/schema.org","@graph":[{"@type":"Article","@id":"https:\/\/www.revue3emillenaire.com\/blog\/le-cercle-sonore-par-dominique-bertrand\/#article","isPartOf":{"@id":"https:\/\/www.revue3emillenaire.com\/blog\/le-cercle-sonore-par-dominique-bertrand\/"},"author":{"name":"3e mill\u00e9naire","@id":"https:\/\/www.revue3emillenaire.com\/blog\/#\/schema\/person\/9a3a7cc4ccaa707f402d4394327106d5"},"headline":"Le cercle sonore par Dominique Bertrand","datePublished":"2015-07-07T01:23:18+00:00","mainEntityOfPage":{"@id":"https:\/\/www.revue3emillenaire.com\/blog\/le-cercle-sonore-par-dominique-bertrand\/"},"wordCount":2636,"articleSection":["T\u00e9moignage"],"inLanguage":"fr-FR"},{"@type":"WebPage","@id":"https:\/\/www.revue3emillenaire.com\/blog\/le-cercle-sonore-par-dominique-bertrand\/","url":"https:\/\/www.revue3emillenaire.com\/blog\/le-cercle-sonore-par-dominique-bertrand\/","name":"Le cercle sonore par Dominique Bertrand - 3e mill\u00e9naire - Spiritualit\u00e9 - Connaissance de soi - Non-dualit\u00e9 - M\u00e9ditation","isPartOf":{"@id":"https:\/\/www.revue3emillenaire.com\/blog\/#website"},"datePublished":"2015-07-07T01:23:18+00:00","author":{"@id":"https:\/\/www.revue3emillenaire.com\/blog\/#\/schema\/person\/9a3a7cc4ccaa707f402d4394327106d5"},"breadcrumb":{"@id":"https:\/\/www.revue3emillenaire.com\/blog\/le-cercle-sonore-par-dominique-bertrand\/#breadcrumb"},"inLanguage":"fr-FR","potentialAction":[{"@type":"ReadAction","target":["https:\/\/www.revue3emillenaire.com\/blog\/le-cercle-sonore-par-dominique-bertrand\/"]}]},{"@type":"BreadcrumbList","@id":"https:\/\/www.revue3emillenaire.com\/blog\/le-cercle-sonore-par-dominique-bertrand\/#breadcrumb","itemListElement":[{"@type":"ListItem","position":1,"name":"Accueil","item":"https:\/\/www.revue3emillenaire.com\/blog\/"},{"@type":"ListItem","position":2,"name":"Le cercle sonore par Dominique Bertrand"}]},{"@type":"WebSite","@id":"https:\/\/www.revue3emillenaire.com\/blog\/#website","url":"https:\/\/www.revue3emillenaire.com\/blog\/","name":"3e mill\u00e9naire - Spiritualit\u00e9 - Connaissance de soi - Non-dualit\u00e9 - M\u00e9ditation","description":"L&#039;Homme en devenir","potentialAction":[{"@type":"SearchAction","target":{"@type":"EntryPoint","urlTemplate":"https:\/\/www.revue3emillenaire.com\/blog\/?s={search_term_string}"},"query-input":{"@type":"PropertyValueSpecification","valueRequired":true,"valueName":"search_term_string"}}],"inLanguage":"fr-FR"},{"@type":"Person","@id":"https:\/\/www.revue3emillenaire.com\/blog\/#\/schema\/person\/9a3a7cc4ccaa707f402d4394327106d5","name":"3e mill\u00e9naire","url":"https:\/\/www.revue3emillenaire.com\/blog\/author\/admin\/"}]}},"_links":{"self":[{"href":"https:\/\/www.revue3emillenaire.com\/blog\/wp-json\/wp\/v2\/posts\/16957","targetHints":{"allow":["GET"]}}],"collection":[{"href":"https:\/\/www.revue3emillenaire.com\/blog\/wp-json\/wp\/v2\/posts"}],"about":[{"href":"https:\/\/www.revue3emillenaire.com\/blog\/wp-json\/wp\/v2\/types\/post"}],"author":[{"embeddable":true,"href":"https:\/\/www.revue3emillenaire.com\/blog\/wp-json\/wp\/v2\/users\/1"}],"replies":[{"embeddable":true,"href":"https:\/\/www.revue3emillenaire.com\/blog\/wp-json\/wp\/v2\/comments?post=16957"}],"version-history":[{"count":0,"href":"https:\/\/www.revue3emillenaire.com\/blog\/wp-json\/wp\/v2\/posts\/16957\/revisions"}],"wp:attachment":[{"href":"https:\/\/www.revue3emillenaire.com\/blog\/wp-json\/wp\/v2\/media?parent=16957"}],"wp:term":[{"taxonomy":"category","embeddable":true,"href":"https:\/\/www.revue3emillenaire.com\/blog\/wp-json\/wp\/v2\/categories?post=16957"},{"taxonomy":"post_tag","embeddable":true,"href":"https:\/\/www.revue3emillenaire.com\/blog\/wp-json\/wp\/v2\/tags?post=16957"}],"curies":[{"name":"wp","href":"https:\/\/api.w.org\/{rel}","templated":true}]}}