{"id":17029,"date":"2015-09-03T01:57:26","date_gmt":"2015-09-03T00:57:26","guid":{"rendered":"http:\/\/www.revue3emillenaire.com\/blog\/?p=17029"},"modified":"2015-09-03T01:57:26","modified_gmt":"2015-09-03T00:57:26","slug":"lesoterisme-decrypte-entretien-avec-raymond-abellio","status":"publish","type":"post","link":"https:\/\/www.revue3emillenaire.com\/blog\/lesoterisme-decrypte-entretien-avec-raymond-abellio\/","title":{"rendered":"L&rsquo;\u00e9sot\u00e9risme d\u00e9crypt\u00e9 entretien avec Raymond Abellio"},"content":{"rendered":"<p align=\"justify\"><span lang=\"fr-FR\">(Extrait de la revue Autrement\u00a0: La science et ses doubles. No 82. Septembre 1986)<\/span><\/p>\n<p align=\"justify\"><span style=\"color: #000000;\"><span style=\"font-size: medium;\"><i><b>Je vous laisse le soin de vous pr\u00e9senter aux lecteurs&#8230;<\/b><\/i><\/span><\/span><\/p>\n<p align=\"justify\"><span style=\"color: #000000;\"><span style=\"font-size: medium;\"><a href=\"https:\/\/fr.wikipedia.org\/wiki\/Raymond_Abellio\" target=\"_blank\">Raymond Abellio<\/a>. \u2013 Je vais avoir <\/span><\/span><span style=\"color: #000000;\"><span style=\"font-size: medium;\">soixante-dix-huit<\/span><\/span><span style=\"color: #000000;\"><span style=\"font-size: medium;\"> ans. Ancien poly\u00adtechnicien, ancien ing\u00e9nieur des ponts et chauss\u00e9es, j&rsquo;ai d&rsquo;abord \u00e9t\u00e9, en politique, un militant r\u00e9vo\u00adlutionnaire. Une action complexe qui m&rsquo;a valu certains ennuis. Mais je n&rsquo;ai jamais cess\u00e9 de m&rsquo;int\u00e9resser \u00e0 la philosophie. Au d\u00e9but des ann\u00e9es 40, j&rsquo;ai rencontr\u00e9 un homme qui fut en quelque sorte mon ma\u00eetre spirituel car il m&rsquo;a tir\u00e9 hors de la politique et amen\u00e9 \u00e0 l&rsquo;\u00e9sot\u00e9risme. Pour \u00e9clairer ce der\u00adnier et sortir de tout dogmatisme, je me suis ensuite consacr\u00e9 \u00e0 l&rsquo;\u00e9tude de la ph\u00e9nom\u00e9nologie transcendantale de Husserl qui exige d&rsquo;\u00eatre, comme l&rsquo;\u00e9sot\u00e9risme, une exp\u00e9rience v\u00e9cue de l&rsquo;int\u00e9rieur et appelle une conversion.<\/span><\/span><\/p>\n<p align=\"justify\"><i><b><span style=\"color: #000000;\"><span style=\"font-size: medium;\">Qu&rsquo;est-ce qui distingue, selon vous, l&rsquo;esprit scientifique de la connaissance initiatique ?<\/span><\/span><\/b><\/i><\/p>\n<p align=\"justify\"><span style=\"color: #000000;\"><span style=\"font-size: medium;\">La science classique s&rsquo;enferme dans des syst\u00e8mes clos. Elle part du bas. Au contraire, la connais\u00adsance initiatique construit la mai\u00adson en commen\u00e7ant par le toit. Elle proc\u00e8de d&rsquo;un principe global qui est celui de l&rsquo;interd\u00e9pendance universelle. Mais les fondements de la science classique sont actuel\u00adlement boulevers\u00e9s. C&rsquo;est \u00e0 ce nou\u00advel esprit scientifique en forma\u00adtion qu&rsquo;il faut aujourd&rsquo;hui confron\u00adter l&rsquo;\u00e9sot\u00e9risme.<\/span><\/span><\/p>\n<p align=\"justify\"><i><b><span style=\"color: #000000;\"><span style=\"font-size: medium;\">Quelles peuvent \u00eatre alors les \u00e9volu\u00adtions respectives de l&rsquo;esprit scientifique et de la connaissance initiatique ?<\/span><\/span><\/b><\/i><\/p>\n<p align=\"justify\"><span style=\"color: #000000;\"><span style=\"font-size: medium;\">On ne saurait parler d&rsquo;\u00e9volution en ce qui concerne la connaissance initiatique, qui proc\u00e8de de princi\u00adpes m\u00e9taphysiques intemporels. Reste que ces principes ont fait l&rsquo;objet, au cours des si\u00e8cles, de commentaires parfois discutables r\u00e9sultant des pr\u00e9suppos\u00e9s philoso\u00adphiques du moment. Reste aussi que le contenu ineffable de cette connaissance nous est transmis sous la forme d&rsquo;id\u00e9ogrammes, de symboles, de mythes ou par des textes occult\u00e9s dont il faut trouver la cl\u00e9 en vue d&rsquo;une formulation qui satisfasse aux exigences de la conscience moderne. C&rsquo;est un gigantesque travail d&rsquo;\u00e9puration, de d\u00e9voilement, d&rsquo;\u00e9lucidation, qui res\u00adsortit \u00e0 ce qu&rsquo;on peut appeler une rationalit\u00e9 transcendantale mais qui se fonde sur un donn\u00e9 ind\u00e9pen\u00addant du temps. La science, au con\u00adtraire est cumulative, elle s&rsquo;ouvre \u00e0 des champs de plus en plus int\u00e9\u00adgrants ; par exemple de la physi\u00adque de Newton \u00e0 celle d&rsquo;Einstein, ou de la g\u00e9om\u00e9trie euclidienne aux nouvelles g\u00e9om\u00e9tries. Aujourd&rsquo;hui, cette accumulation quantitative s&rsquo;accompagne brusquement d&rsquo;un saut qualitatif : la science, dans ses parties avanc\u00e9es, est oblig\u00e9e de changer de logique, de sortir de cette logique aristot\u00e9licienne sous laquelle nous vivons en fait depuis plus de vingt si\u00e8cles. Qu&rsquo;ils en soient conscients ou non, les savants sont au bord d&rsquo;une conver\u00adsion m\u00e9taphysique. Feront-ils le saut ? Tout est l\u00e0.<\/span><\/span><\/p>\n<p align=\"justify\"><i><b><span style=\"color: #000000;\"><span style=\"font-size: medium;\">Peut-on formaliser la connaissance ini\u00adtiatique comme on formalise les scien\u00adces dites exactes ?<\/span><\/span><\/b><\/i><\/p>\n<p align=\"justify\"><span style=\"color: #000000;\"><span style=\"font-size: medium;\">J&rsquo;en suis persuad\u00e9 mais avec une logique diff\u00e9rente de la logique classique, qui est simplement d\u00e9ductive. C&rsquo;est cette logique que je formule par le mod\u00e8le op\u00e9ratif de la \u00ab structure absolue\u00a0\u00bb. On d\u00e9montre ainsi que les id\u00e9ogram\u00admes fondamentaux de l&rsquo;\u00e9sot\u00e9risme, par exemple le Yi King des anciens Chinois ou l&rsquo;Arbre des S\u00e9phiroth de la Kabbale h\u00e9bra\u00ef\u00adque, sont des formes occult\u00e9es de la \u00ab structure absolue \u00bb. C&rsquo;est elle \u00e9galement qui donne tout son sens au symbolisme de la Croix ou qui explicite clairement la structure de l&rsquo;alphabet h\u00e9breu, qui est initiatique.<\/span><\/span><\/p>\n<p align=\"justify\"><i><b><span style=\"color: #000000;\"><span style=\"font-size: medium;\">Mais la fluidit\u00e9 ou la mall\u00e9abilit\u00e9 du symbolisme est-elle compatible avec la rigueur d&rsquo;une math\u00e9matique ?<\/span><\/span><\/b><\/i><\/p>\n<p align=\"justify\"><span style=\"color: #000000;\"><span style=\"font-size: medium;\">La pens\u00e9e dite symbolisante est, \u00e0 mon avis, la meilleure et la pire des choses. Certains traditionalis\u00adtes se contentent un peu trop faci\u00adlement de ce qu&rsquo;ils appellent le rai\u00adsonnement \u00ab par analogie \u00bb. On risque ainsi d&rsquo;ouvrir la porte \u00e0 un d\u00e9vergondage \u00ab po\u00e9tique \u00bb que Pla\u00adton, d\u00e9j\u00e0, voulait chasser de sa R\u00e9publique. Vers 1960, au congr\u00e8s de la Soci\u00e9t\u00e9 de Symbolisme, l&rsquo;\u00e9so\u00adt\u00e9riste Carlo Suar\u00e8s fit scandale en d\u00e9non\u00e7ant ce symbolisme-l\u00e0 comme r\u00e9gressif. Il avait raison.<\/span><\/span><\/p>\n<p align=\"justify\"><i><b><span style=\"color: #000000;\"><span style=\"font-size: medium;\">Il faut alors que le symbolisme soit d\u00e9tenu par des scientifiques ?<\/span><\/span><\/b><\/i><\/p>\n<p align=\"justify\"><span style=\"color: #000000;\"><span style=\"font-size: medium;\">Disons : par des gens ayant l&rsquo;esprit scientifique&#8230; Il ne faut pas isoler les symboles mais les articuler entre eux dans des ensembles. Les symboles aussi sont pris dans une dialectique ascendante qui est celle de la \u00ab structure absolue \u00bb.<\/span><\/span><\/p>\n<p align=\"justify\"><i><b><span style=\"color: #000000;\"><span style=\"font-size: medium;\">Quelle est au juste la diff\u00e9rence entre une plus grande ouverture d&rsquo;esprit, telle qu&rsquo;elle se manifeste chez un nom\u00adbre croissant de scientifiques, et la \u00ab conversion \u00bb que vous attendez d&rsquo;eux ?<\/span><\/span><\/b><\/i><\/p>\n<p align=\"justify\"><span style=\"color: #000000;\"><span style=\"font-size: medium;\">Il ne faut pas s&rsquo;illusionner. Les savants ont pris conscience d&rsquo;une crise fondamentale lorsque sont notamment apparus certains ph\u00e9\u00adnom\u00e8nes de la m\u00e9canique quanti\u00adque mettant en cause la concep\u00adtion classique de la causalit\u00e9. Einstein r\u00e9suma le fond du pro\u00adbl\u00e8me sous la forme d&rsquo;un c\u00e9l\u00e8bre \u00ab paradoxe \u00bb et se battit contre Niels Bohr et l&rsquo;\u00e9cole de Copenha\u00adgue pour maintenir une concep\u00adtion \u00ab r\u00e9aliste \u00bb de l&rsquo;objet physi\u00adque. Aujourd&rsquo;hui, la controverse cinquantenaire sur le paradoxe EPR (c&rsquo;est-\u00e0-dire Einstein\u00ad-Podolski-Rosen) est tranch\u00e9e par l&rsquo;exp\u00e9rience, en d\u00e9faveur d&rsquo;Eins\u00adtein. C&rsquo;est l&rsquo;exp\u00e9rience d&rsquo;Alain Aspect, qui plaide en faveur d&rsquo;un principe de \u00ab non-s\u00e9parabilit\u00e9 \u00bb des particules. Cela n&rsquo;est pas sans \u00e9voquer celui de l&rsquo;interd\u00e9pen\u00addance universelle, fondement de l&rsquo;\u00e9sot\u00e9risme. Est-ce \u00e0 dire que ces m\u00eames savants acceptent de transposer ce principe de non\u00ad-s\u00e9parabilit\u00e9 dans les domaines de l&rsquo;\u00e9thique et de la m\u00e9taphysique ? <\/span><\/span><span style=\"color: #000000;\"><span style=\"font-size: medium;\">\u00c9videmment<\/span><\/span><span style=\"color: #000000;\"><span style=\"font-size: medium;\"> non.<\/span><\/span><\/p>\n<p align=\"justify\"><i><b><span style=\"color: #000000;\"><span style=\"font-size: medium;\">Pourtant on constate une convergence croissante. Ne peut-il y avoir un jour fusion \u00ab m\u00e9ta-physique \u00bb, au sens propre ?<\/span><\/span><\/b><\/i><\/p>\n<p align=\"justify\"><span style=\"color: #000000;\"><span style=\"font-size: medium;\">C&rsquo;est vrai, la convergence est frap\u00adpante. Le biologiste Raymond Ruyer parlait de \u00ab t\u00e9l\u00e9finalisme \u00bb et les physiciens Fritjof Capra et David Bohm, respectivement de \u00ab tao de la physique \u00bb et d&rsquo;\u00ab ordre impliqu\u00e9 \u00bb. Mais une rencontre n&rsquo;est pas encore une fusion : les champs d&rsquo;\u00e9tude sont diff\u00e9rents. Husserl disait que la r\u00e9gion \u00ab nature \u00bb ne saurait \u00eatre d&#8217;embl\u00e9e confondue avec la r\u00e9gion \u00ab cons\u00adcience\u00a0\u00bb. Ce qui peut, au contraire, et m\u00eame doit, \u00eatre mis en com\u00admun, c&rsquo;est l&rsquo;outil d&rsquo;exploration de ces deux champs, \u00e0 savoir la nouvelle logique. C&rsquo;est ce que propose la \u00ab structure absolue \u00bb en tant qu&rsquo;outil universel adapt\u00e9 \u00e0 la science et \u00e0 la m\u00e9taphysique.<\/span><\/span><\/p>\n<p align=\"justify\"><i><b><span style=\"color: #000000;\"><span style=\"font-size: medium;\">Quelles preuves avez-vous de cette universalit\u00e9 ?<\/span><\/span><\/b><\/i><\/p>\n<p align=\"justify\"><span style=\"color: #000000;\"><span style=\"font-size: medium;\">Cette preuve n&rsquo;est pas obtenue par d\u00e9duction mais par induction. Cette structure a d&rsquo;abord \u00e9t\u00e9 d\u00e9ga\u00adg\u00e9e dans l&rsquo;\u00e9tude de la situation la plus \u00e9l\u00e9mentaire de toutes, la per\u00adception. Et ensuite, dans tout le champ de l&rsquo;activit\u00e9 humaine : pen\u00ads\u00e9e, action et art. Dans mon livre <\/span><\/span><span style=\"color: #000000;\"><span style=\"font-size: medium;\">[<a class=\"sdfootnoteanc\" href=\"#sdfootnote1sym\" name=\"sdfootnote1anc\"><sup>1<\/sup><\/a>]<\/span><\/span><span style=\"color: #000000;\"><span style=\"font-size: medium;\">, j&rsquo;ai montr\u00e9 son application \u00e0 la th\u00e9ologie, l&rsquo;anthropologie, la constitution des fonctions sociales, o\u00f9 l&rsquo;on retrouve d&rsquo;ailleurs les soixante-quatre combinaisons du Yi-King. D&rsquo;autres chercheurs ont fait de m\u00eame pour l&rsquo;esth\u00e9tique, la structure de la science \u00ab globale \u00bb, l&rsquo;\u00e9rotique, l&rsquo;astrologie. Dans ma vie d&rsquo;ing\u00e9nieur, je l&rsquo;ai utilis\u00e9e pour la mise au point des organigram\u00admes d&rsquo;entreprises, o\u00f9 elle fait d\u00e9couvrir la n\u00e9cessit\u00e9 de certaines liaisons internes. Enfin elle permet d&rsquo;\u00e9clairer un domaine aussi cru\u00adcial que celui de la g\u00e9opolitique.<\/span><\/span><\/p>\n<p align=\"justify\"><i><b><span style=\"color: #000000;\"><span style=\"font-size: medium;\">Mais pourquoi \u00ab absolue \u00bb plut\u00f4t que globale \u00bb, par exemple ?<\/span><\/span><\/b><\/i><\/p>\n<p align=\"justify\"><span style=\"color: #000000;\"><span style=\"font-size: medium;\">Je renverse votre question : pour\u00adquoi pas \u00ab absolue \u00bb ? Les univer\u00adsitaires, je le sais, n&rsquo;aiment pas ce mot. Husserl, pourtant, n&rsquo;h\u00e9site pas \u00e0 parler de \u00ab conscience abso\u00adlue \u00bb. <\/span><\/span><span style=\"color: #000000;\"><span style=\"font-size: medium;\">\u00c0<\/span><\/span><span style=\"color: #000000;\"><span style=\"font-size: medium;\"> la fin du XVIIe si\u00e8cle, Leib\u00adniz cherchait ce qu&rsquo;il appelait la \u00ab caract\u00e9ristique universelle \u00bb, c&rsquo;est-\u00e0-dire une combinatoire r\u00e9gis\u00adsant d&rsquo;en haut tout l&rsquo;\u00e9difice des sciences. Il pressentait que le Yi-King avec ses soixante-quatre hexagrammes en donnait l&rsquo;image. Mais la structure absolue n&rsquo;est pas un simple outil intellectuel. On ne peut s&rsquo;en servir qu&rsquo;en s&rsquo;impliquant soi-m\u00eame, en se mettant dans cet \u00e9tat de d\u00e9voilement de soi qui est justement celui de la \u00ab conscience absolue\u00a0\u00bb. C&rsquo;est l&rsquo;\u00e9tat initiatique par excellence.<\/span><\/span><\/p>\n<p align=\"justify\"><i><b><span style=\"color: #000000;\"><span style=\"font-size: medium;\">Pouvez-vous expliquer succinctement ce mod\u00e8le ?<\/span><\/span><\/b><\/i><\/p>\n<p align=\"justify\"><span style=\"color: #000000;\"><span style=\"font-size: medium;\">Je suis parti, je vous l&rsquo;ai dit, du probl\u00e8me le plus \u00e9l\u00e9mentaire, qui est aussi le plus g\u00e9n\u00e9ral : quelle est la \u00ab structure \u00bb de la percep\u00adtion ? On se contente le plus souvent de voir dans cette derni\u00e8re la mise en rapport d&rsquo;un sujet et d&rsquo;un objet, c&rsquo;est-\u00e0-dire une dualit\u00e9 ; toutes les th\u00e9ories philosophiques de la connaissance, qui devraient \u00eatre initiatiques et ne le sont pas, font de m\u00eame depuis vingt-cinq si\u00e8cles. Or le rapport entre sujet et objet n&rsquo;est pas une dualit\u00e9 mais une quaternit\u00e9 : il ne comporte pas seulement deux p\u00f4les mais quatre. Ce n&rsquo;est donc pas \u00e0 proprement parler un rapport mais une proportion, Platon disait une \u00ab m\u00e9diation\u00a0\u00bb. Je m&rsquo;explique. Du c\u00f4t\u00e9 de l&rsquo;objet per\u00e7u, vous avez d\u00e9j\u00e0 deux p\u00f4les et non un seul : l&rsquo;objet lui-m\u00eame et le fond du monde sur lequel il appara\u00eet. Vous ne pouvez pas faire abstraction du monde. Mais vous avez aussi une dualit\u00e9 du c\u00f4t\u00e9 du sujet percevant : c&rsquo;est celle de son organe sensoriel (d&rsquo;o\u00f9 proc\u00e8de la sensation) et de son corps tout entier (d&rsquo;o\u00f9 proc\u00e8de la perception). Vous ne pouvez pas confondre sensation et perception. L&rsquo;une est p\u00e9riph\u00e9rique et l&rsquo;autre centrale. Repr\u00e9sentez cette situa\u00adtion par une figure g\u00e9om\u00e9trique en tra\u00e7ant le regard que votre corps \u00e9met \u00e0 partir de votre \u0153il puis la croix qui s&rsquo;\u00e9tablit du fait de la dis\u00adtance entre l&rsquo;objet et le monde, dis\u00adtance due au pouvoir s\u00e9parateur de l\u2019\u0153il. \u00c0 partir de l\u00e0, tout se dynamise, tout \u00ab tourne\u00a0\u00bb.<\/span><\/span><\/p>\n<p align=\"justify\"><span style=\"color: #000000;\"><span style=\"font-size: medium;\">Prenez par exemple une percep\u00adtion \u00ab involontaire\u00a0\u00bb. Le monde \u00e9met un objet (phase 1), l&rsquo;objet \u00e9veille <\/span><\/span><span style=\"color: #000000;\"><span style=\"font-size: medium;\">l\u2019\u0153il<\/span><\/span><span style=\"color: #000000;\"><span style=\"font-size: medium;\"> (phase 2 : sensation) qui \u00e9veille le corps (phase 3 : per\u00adception) qui du coup, transforme l&rsquo;objet en futur outil. Ce qui lui permet (phase 4) d&rsquo;agir sur le monde et de d\u00e9gager de nouveaux objets donc de nouveaux outils et d&rsquo;accro\u00eetre sa prise sur le monde. Deux rotations inverses sont ainsi cr\u00e9\u00e9es. Si vous consid\u00e9rez cette croix comme constituant le plan \u00e9quatorial d&rsquo;une sph\u00e8re, un axe polaire se d\u00e9gage du fait de ces rotations et vous obtenez deux h\u00e9misph\u00e8res : en bas, l&rsquo;accumulation quantitative des outils, en haut le d\u00e9gagement qualitatif per\u00adp\u00e9tuellement intensifi\u00e9 du sens que le monde prend pour vous gr\u00e2ce \u00e0 son \u00ab utilisation \u00bb. L&rsquo;axe des p\u00f4les est parcouru dans les deux sens. De haut en bas (myst\u00e8\u00adres de l&rsquo;incarnation), l&rsquo;esprit se met au service de la vie : l&rsquo;h\u00e9mis\u00adph\u00e8re du bas est d\u00e9sign\u00e9 par l&rsquo;\u00e9so\u00adt\u00e9risme comme celui des \u00ab petits myst\u00e8res \u00bb. De bas en haut (myst\u00e8re de l&rsquo;assomption) c&rsquo;est la vie qui se met \u00e0 son tour et en m\u00eame temps au service de l&rsquo;esprit : l&rsquo;h\u00e9misph\u00e8re du haut est celui des \u00ab grands myst\u00e8res \u00bb. L&rsquo;\u00e9vangile gnostique de Thomas dit : \u00ab Si l&rsquo;esprit descend dans la chair, c&rsquo;est un miracle, mais si le corps monte dans l&rsquo;esprit, c&rsquo;est un miracle de miracle \u00bb. On assiste \u00e0 un processus intensificateur. Ce processus est dialectique, il trans\u00adforme la quantit\u00e9 en qualit\u00e9 et, au terme de l&rsquo;intensification, on atteint l&rsquo;illumination de la cons\u00adcience transcendantale.<\/span><\/span><\/p>\n<p align=\"justify\"><i><b><span style=\"color: #000000;\"><span style=\"font-size: medium;\">Dans <\/span><\/span><\/b><\/i><span style=\"color: #000000;\"><span style=\"font-size: medium;\"><b>la Fin de l&rsquo;\u00e9sot\u00e9risme<\/b><\/span><\/span><b><i><span style=\"color: #000000;\"><span style=\"font-size: medium;\">, faites-vous allusion \u00e0 sa finalit\u00e9 ou \u00e0 sa dispari\u00adtion ?<\/span><\/span><\/i><\/b><\/p>\n<p align=\"justify\"><span style=\"color: #000000;\"><span style=\"font-size: medium;\">Effectivement, le titre de cet ouvrage est \u00e0 double sens. Beau\u00adcoup d&rsquo;\u00e9sot\u00e9ristes se contentent d&rsquo;\u00eatre des \u00e9rudits. Or l&rsquo;\u00e9sot\u00e9risme est avant tout une activit\u00e9 v\u00e9cue, une asc\u00e8se de l&rsquo;intelligence. La \u00ab structure absolue \u00bb, en obligeant \u00e0 nommer les p\u00f4les, \u00e0 les ordonner, \u00e0 les dynamiser vers d&rsquo;autres p\u00f4les de plus en plus charg\u00e9s de sens, est un v\u00e9ritable yoga intellec\u00adtuel. Elle illustre donc la finalit\u00e9 de l&rsquo;\u00e9sot\u00e9risme alors que l&rsquo;\u00e9rudition, r\u00e9p\u00e9t\u00e9e par des g\u00e9n\u00e9rations de perroquets, ne peut que signi\u00adfier sa disparition.<\/span><\/span><\/p>\n<p align=\"justify\"><span style=\"color: #000000;\"><span style=\"font-size: medium;\"><i><b>Vous avez indiqu\u00e9 que l&rsquo;\u00e9sot\u00e9risme et le nouvel esprit scientifique conver\u00adgeaient dans l&#8217;emploi d&rsquo;une nouvelle logique, et que cette derni\u00e8re proc\u00e9dait elle-m\u00eame de la \u00ab structure absolue \u00bb. Pouvez-vous d\u00e9crire cette articulation ?<\/b><\/i><\/span><\/span><\/p>\n<p align=\"justify\"><span style=\"color: #000000;\"><span style=\"font-size: medium;\">La logique classique est une logique de la contradiction simple. En vertu des principes d&rsquo;identit\u00e9 et de tiers exclu qui la commandent, les dualit\u00e9s sont pour elle des couples d&rsquo;opposition irr\u00e9ductibles. La nou\u00advelle logique est au contraire une logique de la double contradiction. Elle n&rsquo;op\u00e8re plus sur des dualit\u00e9s mais sur des quaternit\u00e9s. Les deux couples qui agissent en elle trans\u00adcendent les oppositions et les transforment en compl\u00e9mentari\u00adt\u00e9s. <\/span><\/span><span style=\"color: #000000;\"><span style=\"font-size: medium;\">\u00c0<\/span><\/span><span style=\"color: #000000;\"><span style=\"font-size: medium;\"> l&rsquo;\u00e9poque classique, la science s&rsquo;enfermait dans des syst\u00e8\u00admes clos. Aujourd&rsquo;hui, comme la connaissance, elle explore des syst\u00e8mes ouverts. C&rsquo;est une question de champs successifs, de plus en plus int\u00e9grants. La nouvelle logique est l&rsquo;outil qui permet de passer d&rsquo;un champ \u00e0 un autre. Un champ sera dit \u00ab pertinent \u00bb lorsqu&rsquo;on pourra y nommer les quatre p\u00f4les de base r\u00e9partis en deux couples d&rsquo;opposition se dynamisant l&rsquo;un l&rsquo;autre. \u00ab La science des justes d\u00e9signations est la science supr\u00eame \u00bb, disaient d\u00e9j\u00e0 les anciens Chinois. D\u00e8s lors, tout le processus est engag\u00e9. On fait tourner et on \u00e9tudie le r\u00e9sultat des rotations \u00e0 la fois successives et simultan\u00e9es.<\/span><\/span><\/p>\n<p align=\"justify\"><i><b><span style=\"color: #000000;\"><span style=\"font-size: medium;\">Comment situez-vous la p\u00e9riode actuelle dans l&rsquo;\u00e9volution de la connais\u00adsance humaine ?<\/span><\/span><\/b><\/i><\/p>\n<p align=\"justify\"><span style=\"color: #000000;\"><span style=\"font-size: medium;\">En astrologie, le plus long cycle plan\u00e9taire de r\u00e9f\u00e9rence est le cycle Neptune-Pluton qui s&rsquo;\u00e9tend sur environ cinq si\u00e8cles. Le dernier point de d\u00e9part, c&rsquo;est-\u00e0-dire la con\u00adjonction des deux plan\u00e8tes, se situe \u00e0 la fin du XIXe si\u00e8cle, le pr\u00e9\u00adc\u00e9dent \u00e0 la Renaissance. La fin du XIXe si\u00e8cle et le d\u00e9but du XXe ont \u00e9t\u00e9 marqu\u00e9s par de grandes d\u00e9cou\u00advertes scientifiques et de grands changements philosophiques (radio-activit\u00e9, relativit\u00e9 einstei\u00adnienne, physique quantique, ph\u00e9\u00adnom\u00e9nologie de Husserl, reformu\u00adlation de l&rsquo;\u00e9sot\u00e9risme). Sous le pre\u00admier sextile de ces plan\u00e8tes, com\u00admenc\u00e9 vers 1950 et qui va encore couvrir le d\u00e9but du XXe si\u00e8cle, nous assistons aux premi\u00e8res \u00ab r\u00e9alisations \u00bb (\u00e9nergies nouvelles, conqu\u00eate de l&rsquo;espace, nouvelle logi\u00adque, d\u00e9soccultation des anciens textes et des anciens mythes, etc.).<\/span><\/span><\/p>\n<p align=\"justify\"><span style=\"color: #000000;\"><span style=\"font-size: medium;\">On peut penser que les cinq si\u00e8cles du cycle en cours approfondiront l&rsquo;actuelle confrontation entre science et connaissance et verront l&rsquo;\u00e9mergence d&rsquo;une conscience plan\u00e9taire unifi\u00e9e.<\/span><\/span><\/p>\n<p align=\"right\"><span style=\"color: #000000;\"><span style=\"font-size: medium;\">propos recueillis par Gerald Flon-Grimaud <\/span><\/span><span style=\"color: #000000;\"><span style=\"font-size: medium;\">\u00e9<\/span><\/span><span style=\"color: #000000;\"><span style=\"font-size: medium;\">crivain<\/span><\/span><\/p>\n<p style=\"text-align: justify;\" align=\"right\">_____________________________________________<\/p>\n<div id=\"sdfootnote1\">\n<p class=\"sdfootnote\"><a class=\"sdfootnotesym\" href=\"#sdfootnote1anc\" name=\"sdfootnote1sym\">1<\/a> <span style=\"color: #000000;\"><span style=\"font-size: medium;\"><span lang=\"fr-FR\">La structure absolue, Gallimard, 1965.<\/span><\/span><\/span><\/p>\n<\/div>\n","protected":false},"excerpt":{"rendered":"<p>(Extrait de la revue Autrement\u00a0: La science et ses doubles. No 82. Septembre 1986) Je vous laisse le soin de vous pr\u00e9senter aux lecteurs&#8230; Raymond Abellio. \u2013 Je vais avoir soixante-dix-huit ans. Ancien poly\u00adtechnicien, ancien ing\u00e9nieur des ponts et chauss\u00e9es, j&rsquo;ai d&rsquo;abord \u00e9t\u00e9, en politique, un militant r\u00e9vo\u00adlutionnaire. Une action complexe qui m&rsquo;a valu certains [&hellip;]<\/p>\n","protected":false},"author":1,"featured_media":17030,"comment_status":"closed","ping_status":"closed","sticky":false,"template":"","format":"standard","meta":{"footnotes":""},"categories":[129,5],"tags":[340,253,132],"class_list":["post-17029","post","type-post","status-publish","format-standard","has-post-thumbnail","hentry","category-r-abellio","category-interview","tag-esoterisme","tag-sicence-et-conscience","tag-structure-absolue"],"yoast_head":"<!-- This site is optimized with the Yoast SEO plugin v27.0 - https:\/\/yoast.com\/product\/yoast-seo-wordpress\/ -->\n<title>L&#039;\u00e9sot\u00e9risme d\u00e9crypt\u00e9 entretien avec Raymond Abellio - 3e mill\u00e9naire - Spiritualit\u00e9 - Connaissance de soi - Non-dualit\u00e9 - M\u00e9ditation<\/title>\n<meta name=\"robots\" content=\"index, follow, max-snippet:-1, max-image-preview:large, max-video-preview:-1\" \/>\n<link rel=\"canonical\" href=\"https:\/\/www.revue3emillenaire.com\/blog\/lesoterisme-decrypte-entretien-avec-raymond-abellio\/\" \/>\n<meta property=\"og:locale\" content=\"fr_FR\" \/>\n<meta property=\"og:type\" content=\"article\" \/>\n<meta property=\"og:title\" content=\"L&#039;\u00e9sot\u00e9risme d\u00e9crypt\u00e9 entretien avec Raymond Abellio - 3e mill\u00e9naire - Spiritualit\u00e9 - Connaissance de soi - Non-dualit\u00e9 - M\u00e9ditation\" \/>\n<meta property=\"og:description\" content=\"(Extrait de la revue Autrement\u00a0: La science et ses doubles. No 82. Septembre 1986) Je vous laisse le soin de vous pr\u00e9senter aux lecteurs&#8230; Raymond Abellio. \u2013 Je vais avoir soixante-dix-huit ans. Ancien poly\u00adtechnicien, ancien ing\u00e9nieur des ponts et chauss\u00e9es, j&rsquo;ai d&rsquo;abord \u00e9t\u00e9, en politique, un militant r\u00e9vo\u00adlutionnaire. Une action complexe qui m&rsquo;a valu certains [&hellip;]\" \/>\n<meta property=\"og:url\" content=\"https:\/\/www.revue3emillenaire.com\/blog\/lesoterisme-decrypte-entretien-avec-raymond-abellio\/\" \/>\n<meta property=\"og:site_name\" content=\"3e mill\u00e9naire - Spiritualit\u00e9 - Connaissance de soi - Non-dualit\u00e9 - M\u00e9ditation\" \/>\n<meta property=\"article:published_time\" content=\"2015-09-03T00:57:26+00:00\" \/>\n<meta property=\"og:image\" content=\"https:\/\/www.revue3emillenaire.com\/blog\/wp-content\/uploads\/2015\/09\/Abellio.jpg\" \/>\n\t<meta property=\"og:image:width\" content=\"132\" \/>\n\t<meta property=\"og:image:height\" content=\"159\" \/>\n\t<meta property=\"og:image:type\" content=\"image\/jpeg\" \/>\n<meta name=\"author\" content=\"3e mill\u00e9naire\" \/>\n<meta name=\"twitter:card\" content=\"summary_large_image\" \/>\n<meta name=\"twitter:label1\" content=\"\u00c9crit par\" \/>\n\t<meta name=\"twitter:data1\" content=\"3e mill\u00e9naire\" \/>\n\t<meta name=\"twitter:label2\" content=\"Dur\u00e9e de lecture estim\u00e9e\" \/>\n\t<meta name=\"twitter:data2\" content=\"12 minutes\" \/>\n<script type=\"application\/ld+json\" class=\"yoast-schema-graph\">{\"@context\":\"https:\/\/schema.org\",\"@graph\":[{\"@type\":\"Article\",\"@id\":\"https:\/\/www.revue3emillenaire.com\/blog\/lesoterisme-decrypte-entretien-avec-raymond-abellio\/#article\",\"isPartOf\":{\"@id\":\"https:\/\/www.revue3emillenaire.com\/blog\/lesoterisme-decrypte-entretien-avec-raymond-abellio\/\"},\"author\":{\"name\":\"3e mill\u00e9naire\",\"@id\":\"https:\/\/www.revue3emillenaire.com\/blog\/#\/schema\/person\/9a3a7cc4ccaa707f402d4394327106d5\"},\"headline\":\"L&rsquo;\u00e9sot\u00e9risme d\u00e9crypt\u00e9 entretien avec Raymond Abellio\",\"datePublished\":\"2015-09-03T00:57:26+00:00\",\"mainEntityOfPage\":{\"@id\":\"https:\/\/www.revue3emillenaire.com\/blog\/lesoterisme-decrypte-entretien-avec-raymond-abellio\/\"},\"wordCount\":2428,\"image\":{\"@id\":\"https:\/\/www.revue3emillenaire.com\/blog\/lesoterisme-decrypte-entretien-avec-raymond-abellio\/#primaryimage\"},\"thumbnailUrl\":\"https:\/\/www.revue3emillenaire.com\/blog\/wp-content\/uploads\/2015\/09\/Abellio.jpg\",\"keywords\":[\"\u00e9sot\u00e9risme\",\"sicence et conscience\",\"structure absolue\"],\"articleSection\":[\"Abellio Raymond\",\"Entretien\/Interview\"],\"inLanguage\":\"fr-FR\"},{\"@type\":\"WebPage\",\"@id\":\"https:\/\/www.revue3emillenaire.com\/blog\/lesoterisme-decrypte-entretien-avec-raymond-abellio\/\",\"url\":\"https:\/\/www.revue3emillenaire.com\/blog\/lesoterisme-decrypte-entretien-avec-raymond-abellio\/\",\"name\":\"L'\u00e9sot\u00e9risme d\u00e9crypt\u00e9 entretien avec Raymond Abellio - 3e mill\u00e9naire - Spiritualit\u00e9 - Connaissance de soi - Non-dualit\u00e9 - M\u00e9ditation\",\"isPartOf\":{\"@id\":\"https:\/\/www.revue3emillenaire.com\/blog\/#website\"},\"primaryImageOfPage\":{\"@id\":\"https:\/\/www.revue3emillenaire.com\/blog\/lesoterisme-decrypte-entretien-avec-raymond-abellio\/#primaryimage\"},\"image\":{\"@id\":\"https:\/\/www.revue3emillenaire.com\/blog\/lesoterisme-decrypte-entretien-avec-raymond-abellio\/#primaryimage\"},\"thumbnailUrl\":\"https:\/\/www.revue3emillenaire.com\/blog\/wp-content\/uploads\/2015\/09\/Abellio.jpg\",\"datePublished\":\"2015-09-03T00:57:26+00:00\",\"author\":{\"@id\":\"https:\/\/www.revue3emillenaire.com\/blog\/#\/schema\/person\/9a3a7cc4ccaa707f402d4394327106d5\"},\"breadcrumb\":{\"@id\":\"https:\/\/www.revue3emillenaire.com\/blog\/lesoterisme-decrypte-entretien-avec-raymond-abellio\/#breadcrumb\"},\"inLanguage\":\"fr-FR\",\"potentialAction\":[{\"@type\":\"ReadAction\",\"target\":[\"https:\/\/www.revue3emillenaire.com\/blog\/lesoterisme-decrypte-entretien-avec-raymond-abellio\/\"]}]},{\"@type\":\"ImageObject\",\"inLanguage\":\"fr-FR\",\"@id\":\"https:\/\/www.revue3emillenaire.com\/blog\/lesoterisme-decrypte-entretien-avec-raymond-abellio\/#primaryimage\",\"url\":\"https:\/\/www.revue3emillenaire.com\/blog\/wp-content\/uploads\/2015\/09\/Abellio.jpg\",\"contentUrl\":\"https:\/\/www.revue3emillenaire.com\/blog\/wp-content\/uploads\/2015\/09\/Abellio.jpg\",\"width\":132,\"height\":159},{\"@type\":\"BreadcrumbList\",\"@id\":\"https:\/\/www.revue3emillenaire.com\/blog\/lesoterisme-decrypte-entretien-avec-raymond-abellio\/#breadcrumb\",\"itemListElement\":[{\"@type\":\"ListItem\",\"position\":1,\"name\":\"Accueil\",\"item\":\"https:\/\/www.revue3emillenaire.com\/blog\/\"},{\"@type\":\"ListItem\",\"position\":2,\"name\":\"L&rsquo;\u00e9sot\u00e9risme d\u00e9crypt\u00e9 entretien avec Raymond Abellio\"}]},{\"@type\":\"WebSite\",\"@id\":\"https:\/\/www.revue3emillenaire.com\/blog\/#website\",\"url\":\"https:\/\/www.revue3emillenaire.com\/blog\/\",\"name\":\"3e mill\u00e9naire - Spiritualit\u00e9 - Connaissance de soi - Non-dualit\u00e9 - M\u00e9ditation\",\"description\":\"L&#039;Homme en devenir\",\"potentialAction\":[{\"@type\":\"SearchAction\",\"target\":{\"@type\":\"EntryPoint\",\"urlTemplate\":\"https:\/\/www.revue3emillenaire.com\/blog\/?s={search_term_string}\"},\"query-input\":{\"@type\":\"PropertyValueSpecification\",\"valueRequired\":true,\"valueName\":\"search_term_string\"}}],\"inLanguage\":\"fr-FR\"},{\"@type\":\"Person\",\"@id\":\"https:\/\/www.revue3emillenaire.com\/blog\/#\/schema\/person\/9a3a7cc4ccaa707f402d4394327106d5\",\"name\":\"3e mill\u00e9naire\",\"url\":\"https:\/\/www.revue3emillenaire.com\/blog\/author\/admin\/\"}]}<\/script>\n<!-- \/ Yoast SEO plugin. -->","yoast_head_json":{"title":"L'\u00e9sot\u00e9risme d\u00e9crypt\u00e9 entretien avec Raymond Abellio - 3e mill\u00e9naire - Spiritualit\u00e9 - Connaissance de soi - Non-dualit\u00e9 - M\u00e9ditation","robots":{"index":"index","follow":"follow","max-snippet":"max-snippet:-1","max-image-preview":"max-image-preview:large","max-video-preview":"max-video-preview:-1"},"canonical":"https:\/\/www.revue3emillenaire.com\/blog\/lesoterisme-decrypte-entretien-avec-raymond-abellio\/","og_locale":"fr_FR","og_type":"article","og_title":"L'\u00e9sot\u00e9risme d\u00e9crypt\u00e9 entretien avec Raymond Abellio - 3e mill\u00e9naire - Spiritualit\u00e9 - Connaissance de soi - Non-dualit\u00e9 - M\u00e9ditation","og_description":"(Extrait de la revue Autrement\u00a0: La science et ses doubles. No 82. Septembre 1986) Je vous laisse le soin de vous pr\u00e9senter aux lecteurs&#8230; Raymond Abellio. \u2013 Je vais avoir soixante-dix-huit ans. Ancien poly\u00adtechnicien, ancien ing\u00e9nieur des ponts et chauss\u00e9es, j&rsquo;ai d&rsquo;abord \u00e9t\u00e9, en politique, un militant r\u00e9vo\u00adlutionnaire. Une action complexe qui m&rsquo;a valu certains [&hellip;]","og_url":"https:\/\/www.revue3emillenaire.com\/blog\/lesoterisme-decrypte-entretien-avec-raymond-abellio\/","og_site_name":"3e mill\u00e9naire - Spiritualit\u00e9 - Connaissance de soi - Non-dualit\u00e9 - M\u00e9ditation","article_published_time":"2015-09-03T00:57:26+00:00","og_image":[{"width":132,"height":159,"url":"https:\/\/www.revue3emillenaire.com\/blog\/wp-content\/uploads\/2015\/09\/Abellio.jpg","type":"image\/jpeg"}],"author":"3e mill\u00e9naire","twitter_card":"summary_large_image","twitter_misc":{"\u00c9crit par":"3e mill\u00e9naire","Dur\u00e9e de lecture estim\u00e9e":"12 minutes"},"schema":{"@context":"https:\/\/schema.org","@graph":[{"@type":"Article","@id":"https:\/\/www.revue3emillenaire.com\/blog\/lesoterisme-decrypte-entretien-avec-raymond-abellio\/#article","isPartOf":{"@id":"https:\/\/www.revue3emillenaire.com\/blog\/lesoterisme-decrypte-entretien-avec-raymond-abellio\/"},"author":{"name":"3e mill\u00e9naire","@id":"https:\/\/www.revue3emillenaire.com\/blog\/#\/schema\/person\/9a3a7cc4ccaa707f402d4394327106d5"},"headline":"L&rsquo;\u00e9sot\u00e9risme d\u00e9crypt\u00e9 entretien avec Raymond Abellio","datePublished":"2015-09-03T00:57:26+00:00","mainEntityOfPage":{"@id":"https:\/\/www.revue3emillenaire.com\/blog\/lesoterisme-decrypte-entretien-avec-raymond-abellio\/"},"wordCount":2428,"image":{"@id":"https:\/\/www.revue3emillenaire.com\/blog\/lesoterisme-decrypte-entretien-avec-raymond-abellio\/#primaryimage"},"thumbnailUrl":"https:\/\/www.revue3emillenaire.com\/blog\/wp-content\/uploads\/2015\/09\/Abellio.jpg","keywords":["\u00e9sot\u00e9risme","sicence et conscience","structure absolue"],"articleSection":["Abellio Raymond","Entretien\/Interview"],"inLanguage":"fr-FR"},{"@type":"WebPage","@id":"https:\/\/www.revue3emillenaire.com\/blog\/lesoterisme-decrypte-entretien-avec-raymond-abellio\/","url":"https:\/\/www.revue3emillenaire.com\/blog\/lesoterisme-decrypte-entretien-avec-raymond-abellio\/","name":"L'\u00e9sot\u00e9risme d\u00e9crypt\u00e9 entretien avec Raymond Abellio - 3e mill\u00e9naire - Spiritualit\u00e9 - Connaissance de soi - Non-dualit\u00e9 - M\u00e9ditation","isPartOf":{"@id":"https:\/\/www.revue3emillenaire.com\/blog\/#website"},"primaryImageOfPage":{"@id":"https:\/\/www.revue3emillenaire.com\/blog\/lesoterisme-decrypte-entretien-avec-raymond-abellio\/#primaryimage"},"image":{"@id":"https:\/\/www.revue3emillenaire.com\/blog\/lesoterisme-decrypte-entretien-avec-raymond-abellio\/#primaryimage"},"thumbnailUrl":"https:\/\/www.revue3emillenaire.com\/blog\/wp-content\/uploads\/2015\/09\/Abellio.jpg","datePublished":"2015-09-03T00:57:26+00:00","author":{"@id":"https:\/\/www.revue3emillenaire.com\/blog\/#\/schema\/person\/9a3a7cc4ccaa707f402d4394327106d5"},"breadcrumb":{"@id":"https:\/\/www.revue3emillenaire.com\/blog\/lesoterisme-decrypte-entretien-avec-raymond-abellio\/#breadcrumb"},"inLanguage":"fr-FR","potentialAction":[{"@type":"ReadAction","target":["https:\/\/www.revue3emillenaire.com\/blog\/lesoterisme-decrypte-entretien-avec-raymond-abellio\/"]}]},{"@type":"ImageObject","inLanguage":"fr-FR","@id":"https:\/\/www.revue3emillenaire.com\/blog\/lesoterisme-decrypte-entretien-avec-raymond-abellio\/#primaryimage","url":"https:\/\/www.revue3emillenaire.com\/blog\/wp-content\/uploads\/2015\/09\/Abellio.jpg","contentUrl":"https:\/\/www.revue3emillenaire.com\/blog\/wp-content\/uploads\/2015\/09\/Abellio.jpg","width":132,"height":159},{"@type":"BreadcrumbList","@id":"https:\/\/www.revue3emillenaire.com\/blog\/lesoterisme-decrypte-entretien-avec-raymond-abellio\/#breadcrumb","itemListElement":[{"@type":"ListItem","position":1,"name":"Accueil","item":"https:\/\/www.revue3emillenaire.com\/blog\/"},{"@type":"ListItem","position":2,"name":"L&rsquo;\u00e9sot\u00e9risme d\u00e9crypt\u00e9 entretien avec Raymond Abellio"}]},{"@type":"WebSite","@id":"https:\/\/www.revue3emillenaire.com\/blog\/#website","url":"https:\/\/www.revue3emillenaire.com\/blog\/","name":"3e mill\u00e9naire - Spiritualit\u00e9 - Connaissance de soi - Non-dualit\u00e9 - M\u00e9ditation","description":"L&#039;Homme en devenir","potentialAction":[{"@type":"SearchAction","target":{"@type":"EntryPoint","urlTemplate":"https:\/\/www.revue3emillenaire.com\/blog\/?s={search_term_string}"},"query-input":{"@type":"PropertyValueSpecification","valueRequired":true,"valueName":"search_term_string"}}],"inLanguage":"fr-FR"},{"@type":"Person","@id":"https:\/\/www.revue3emillenaire.com\/blog\/#\/schema\/person\/9a3a7cc4ccaa707f402d4394327106d5","name":"3e mill\u00e9naire","url":"https:\/\/www.revue3emillenaire.com\/blog\/author\/admin\/"}]}},"_links":{"self":[{"href":"https:\/\/www.revue3emillenaire.com\/blog\/wp-json\/wp\/v2\/posts\/17029","targetHints":{"allow":["GET"]}}],"collection":[{"href":"https:\/\/www.revue3emillenaire.com\/blog\/wp-json\/wp\/v2\/posts"}],"about":[{"href":"https:\/\/www.revue3emillenaire.com\/blog\/wp-json\/wp\/v2\/types\/post"}],"author":[{"embeddable":true,"href":"https:\/\/www.revue3emillenaire.com\/blog\/wp-json\/wp\/v2\/users\/1"}],"replies":[{"embeddable":true,"href":"https:\/\/www.revue3emillenaire.com\/blog\/wp-json\/wp\/v2\/comments?post=17029"}],"version-history":[{"count":0,"href":"https:\/\/www.revue3emillenaire.com\/blog\/wp-json\/wp\/v2\/posts\/17029\/revisions"}],"wp:featuredmedia":[{"embeddable":true,"href":"https:\/\/www.revue3emillenaire.com\/blog\/wp-json\/wp\/v2\/media\/17030"}],"wp:attachment":[{"href":"https:\/\/www.revue3emillenaire.com\/blog\/wp-json\/wp\/v2\/media?parent=17029"}],"wp:term":[{"taxonomy":"category","embeddable":true,"href":"https:\/\/www.revue3emillenaire.com\/blog\/wp-json\/wp\/v2\/categories?post=17029"},{"taxonomy":"post_tag","embeddable":true,"href":"https:\/\/www.revue3emillenaire.com\/blog\/wp-json\/wp\/v2\/tags?post=17029"}],"curies":[{"name":"wp","href":"https:\/\/api.w.org\/{rel}","templated":true}]}}