{"id":17118,"date":"2015-11-12T03:22:57","date_gmt":"2015-11-12T02:22:57","guid":{"rendered":"http:\/\/www.revue3emillenaire.com\/blog\/?p=17118"},"modified":"2015-11-12T03:22:57","modified_gmt":"2015-11-12T02:22:57","slug":"mon-eveil-a-la-voyance-par-gustav-meyrink","status":"publish","type":"post","link":"https:\/\/www.revue3emillenaire.com\/blog\/mon-eveil-a-la-voyance-par-gustav-meyrink\/","title":{"rendered":"Mon \u00e9veil \u00e0 la voyance par Gustav Meyrink"},"content":{"rendered":"<p align=\"justify\"><span style=\"color: #000000;\"><span style=\"font-size: medium;\"><span lang=\"fr-FR\">(Revue Question De. No 56. Mars-Avril 1984)<\/span><\/span><\/span><\/p>\n<p align=\"justify\"><span style=\"color: #000000;\"><span style=\"font-size: medium;\"><span lang=\"fr-FR\"><br \/>\n<\/span><\/span><\/span><span style=\"color: #000000;\"><span style=\"font-size: medium;\"><span lang=\"fr-FR\">[Note de 1984] <\/span><\/span><\/span><span style=\"color: #000000;\"><span style=\"font-size: medium;\"><span lang=\"fr-FR\"><i><b>L\u2019\u0153uvre<\/b><\/i><\/span><\/span><\/span><span style=\"color: #000000;\"><span style=\"font-size: medium;\"><span lang=\"fr-FR\"><i><b> de <a href=\"https:\/\/fr.wikipedia.org\/wiki\/Gustav_Meyrink\" target=\"_blank\">Gustav Meyrink<\/a> n&rsquo;est pas encore totalement traduite en fran\u00e7ais. Si ces romans essentiels \u2014 \u00ab le Golem \u00bb, \u00ab l&rsquo;Ange \u00e0 la fen\u00eatre d&rsquo;Occident \u00bb, \u00ab le Visage vert \u00bb, \u00ab le Dominicain blanc \u00bb, \u00ab la Nuit de Walpurgis \u00bb permettent de se faire une juste i<\/b><\/i><\/span><\/span><\/span><span style=\"color: #000000;\"><span style=\"font-size: medium;\"><span lang=\"fr-FR\"><i><b>d<\/b><\/i><\/span><\/span><\/span><span style=\"color: #000000;\"><span style=\"font-size: medium;\"><span lang=\"fr-FR\"><i><b>\u00e9e du r\u00e9alisme fantastique de Meyrink, de nombreuses facettes de sa personnalit\u00e9 restaient encore <\/b><\/i><\/span><\/span><\/span><span style=\"color: #000000;\"><span style=\"font-size: medium;\"><span lang=\"fr-FR\"><i><b>\u00e0<\/b><\/i><\/span><\/span><\/span><span style=\"color: #000000;\"><span style=\"font-size: medium;\"><span lang=\"fr-FR\"><i><b> d\u00e9couvrir. C&rsquo;est en quoi le \u00ab Cahier de l&rsquo;Herne \u00bb r\u00e9cemment publi\u00e9, consacr\u00e9 \u00e0 Gustav Meyrink, est un \u00e9v\u00e9nement : plusieurs textes in\u00e9dits de l&rsquo;auteur, les lettres les plus r\u00e9v\u00e9latrices de sa correspondance les \u00e9tudes ou t\u00e9moignages de Julius Evola, Anne Richter, Mirc\u00e9a Eliade, Raymond Abellio (pour ne citer que quelques-u<\/b><\/i><\/span><\/span><\/span><span style=\"color: #000000;\"><span style=\"font-size: medium;\"><span lang=\"fr-FR\"><i><b>n<\/b><\/i><\/span><\/span><\/span><span style=\"color: #000000;\"><span style=\"font-size: medium;\"><span lang=\"fr-FR\"><i><b>s des quarante-deux collaborateurs de ce Cahier dirig\u00e9 par Yvonne Caroutch), un appareil critique et bibliographique parfaitement document\u00e9 permettent de mieux comprendre comment Meyrink a tent\u00e9 de d\u00e9couvrir l&rsquo;\u00ab autre c\u00f4t\u00e9 \u00bb, l&rsquo;autre dimension de l&rsquo;homme.<\/b><\/i><\/span><\/span><\/span><\/p>\n<p align=\"justify\"><i><b><span style=\"color: #000000;\"><span style=\"font-size: medium;\"><span lang=\"fr-FR\">Le texte que nous Publions ci-apr\u00e8s, intitul\u00e9 \u00ab Mon \u00e9veil \u00e0 la voyance \u00bb, est paru dans ce Cahier et nous remercions les \u00e9ditions de l&rsquo;Herne de leur aimable autorisation.<\/span><\/span><\/span><\/b><\/i><\/p>\n<p align=\"justify\"><span style=\"color: #000000;\"><span style=\"font-size: medium;\"><span lang=\"fr-FR\">On<\/span><\/span><\/span><span style=\"color: #000000;\"><span style=\"font-size: medium;\"><span lang=\"fr-FR\"> m&rsquo;a souvent demand\u00e9 comment j&rsquo;ai pu, d&rsquo;homme d&rsquo;affaires que j&rsquo;\u00e9tais, me transformer en \u00e9crivain du jour au lendemain. La premi\u00e8re impulsion fut la circonstance suivante au sanatorium Lehmann j&rsquo;avais fait la connaissance de l&rsquo;\u00e9crivain Oscar A.-H. Schmitz ; lorsque je lui racontai deux <\/span><\/span><\/span><span style=\"color: #000000;\"><span style=\"font-size: medium;\"><span lang=\"fr-FR\">ou<\/span><\/span><\/span><span style=\"color: #000000;\"><span style=\"font-size: medium;\"><span lang=\"fr-FR\"> trois <\/span><\/span><\/span><span style=\"color: #000000;\"><span style=\"font-size: medium;\"><span lang=\"fr-FR\">exp\u00e9riences<\/span><\/span><\/span><span style=\"color: #000000;\"><span style=\"font-size: medium;\"><span lang=\"fr-FR\"> remarquables qui m&rsquo;\u00e9taient arriv\u00e9es, il me dit \u00ab Pourquoi <\/span><\/span><\/span><span style=\"color: #000000;\"><span style=\"font-size: medium;\"><span lang=\"fr-FR\">n\u2019\u00e9crivez-vous<\/span><\/span><\/span><span style=\"color: #000000;\"><span style=\"font-size: medium;\"><span lang=\"fr-FR\"> pas cela ? \u00bb \u2013 \u00ab\u00a0Comment fait-on ? \u00bb de<\/span><\/span><\/span><span style=\"color: #000000;\"><span style=\"font-size: medium;\"><span lang=\"fr-FR\">m<\/span><\/span><\/span><span style=\"color: #000000;\"><span style=\"font-size: medium;\"><span lang=\"fr-FR\">andai-<\/span><\/span><\/span><span style=\"color: #000000;\"><span style=\"font-size: medium;\"><span lang=\"fr-FR\">je. <\/span><\/span><\/span><span style=\"color: #000000;\"><span style=\"font-size: medium;\"><span lang=\"fr-FR\">\u00ab\u00a0<\/span><\/span><\/span><span style=\"color: #000000;\"><span style=\"font-size: medium;\"><span lang=\"fr-FR\">\u00c9crivez<\/span><\/span><\/span><span style=\"color: #000000;\"><span style=\"font-size: medium;\"><span lang=\"fr-FR\"> donc tout simplement comme vous parlez \u00bb, r\u00e9pondit-il. Je me mis <\/span><\/span><\/span><span style=\"color: #000000;\"><span style=\"font-size: medium;\"><span lang=\"fr-FR\">a<\/span><\/span><\/span><span style=\"color: #000000;\"><span style=\"font-size: medium;\"><span lang=\"fr-FR\">u travail et composai la nouvelle \u00ab <\/span><\/span><\/span><span style=\"color: #000000;\"><span style=\"font-size: medium;\"><span lang=\"fr-FR\"><i>le Soldat br\u00fblant<\/i><\/span><\/span><\/span><span style=\"color: #000000;\"><span style=\"font-size: medium;\"><span lang=\"fr-FR\"> \u00bb, et l&rsquo;envoyai au Simplicissi<\/span><\/span><\/span><span style=\"color: #000000;\"><span style=\"font-size: medium;\"><span lang=\"fr-FR\">mu<\/span><\/span><\/span><span style=\"color: #000000;\"><span style=\"font-size: medium;\"><span lang=\"fr-FR\">s qui l&rsquo;accepta aussit\u00f4t. Depuis lors, tout ce que j&rsquo;ai \u00e9crit a \u00e9t\u00e9 imm\u00e9diatement publi\u00e9 soit par les revues, soit par les \u00e9diteurs.<\/span><\/span><\/span><\/p>\n<p align=\"justify\"><span style=\"color: #000000;\"><span style=\"font-size: medium;\"><span lang=\"fr-FR\"><b>Un jour, le ma\u00eetre de mon destin m&rsquo;assena un coup de fouet\u2026 <\/b><\/span><\/span><\/span><\/p>\n<p align=\"justify\"><span style=\"color: #000000;\"><span style=\"font-size: medium;\"><span lang=\"fr-FR\"><br \/>\nL&rsquo;impulsion i<\/span><\/span><\/span><span style=\"color: #000000;\"><span style=\"font-size: medium;\"><span lang=\"fr-FR\">n<\/span><\/span><\/span><span style=\"color: #000000;\"><span style=\"font-size: medium;\"><span lang=\"fr-FR\">t<\/span><\/span><\/span><span style=\"color: #000000;\"><span style=\"font-size: medium;\"><span lang=\"fr-FR\">e<\/span><\/span><\/span><span style=\"color: #000000;\"><span style=\"font-size: medium;\"><span lang=\"fr-FR\">rne qui \u00e9veilla et moi ce talent de conteur est infiniment<br \/>\nplus curieuse. Je veux la d\u00e9crire en d\u00e9tail, car elle m&rsquo;a amen\u00e9 <\/span><\/span><\/span><span style=\"color: #000000;\"><span style=\"font-size: medium;\"><span lang=\"fr-FR\">\u00e0<\/span><\/span><\/span><span style=\"color: #000000;\"><span style=\"font-size: medium;\"><span lang=\"fr-FR\"> cette conviction que tout talent sommeille en tout homme, mais il faut apprendre la m\u00e9thode qui permet de l&rsquo;\u00e9veiller. Quand on applique la m\u00e9thode inconsciemment, on ne peut d\u00e9velopper qu&rsquo;un don dont les premi\u00e8res manifestations existaient d\u00e9j\u00e0, de quelque mani\u00e8re, dans la prime jeunesse. Pour ma part, je n&rsquo;eus jamais dans mon enfance aucune inclination pour la litt\u00e9rature ou pour la po\u00e9sie, je lisais sans discrimi\u00adnation tout ce qui me tombait sous la main. Par la suite, mon amour de la lecture disparut compl\u00e8tement, et je consid\u00e9rai que le sens de la vie r\u00e9sidait dans les intrigues amoureuses, le jeu d&rsquo;\u00e9checs et le canotage. Le ma\u00eetre de mon destin, apparemment en grand souci \u00e0 mon sujet en pr\u00e9sence de tels d\u00e9buts, m&rsquo;assena un jour un coup de fouet si \u00e9ner\u00adgique que, \u00e0 la suite d&rsquo;un chagrin d&rsquo;amour et d&rsquo;autres causes d&rsquo;ordre sentimental, je d\u00e9cidai de mettre fin \u00e0 ma br\u00e8ve existence (j&rsquo;avais alors vingt-trois ans) en me faisant sauter la cervelle avec un revolver. Un fr\u00f4lement \u00e0 la porte de ma chambre de c\u00e9libataire interrompit mon geste : le destin, sous les esp\u00e8ces d&rsquo;un commis de librairie, me glissait une brochure sous la porte. S&rsquo;il y avait eu une bo\u00eete \u00e0 lettres \u00e0 l&rsquo;ext\u00e9\u00adrieur, il y a peu de chances que j&rsquo;eusse \u00e9t\u00e9 vivant aujourd&rsquo;hui. Je <\/span><\/span><\/span><span style=\"color: #000000;\"><span style=\"font-size: medium;\"><span lang=\"fr-FR\">ramassai<\/span><\/span><\/span><span style=\"color: #000000;\"><span style=\"font-size: medium;\"><span lang=\"fr-FR\"> la brochure et la feuilletai : spiritisme, histoires de revenants, sorcellerie ! Ce domaine, que je n&rsquo;avais connu jusqu&rsquo;\u00e0 ce jour que par ou\u00ef-dire, \u00e9veilla imm\u00e9diatement mon int\u00e9r\u00eat \u00e0 tel point que j&rsquo;enfermai le revolver dans le tiroir en vue d&rsquo;une occasion meilleure et que je d\u00e9cidai, au lieu de bannir d\u00e9finitivement de ma vue, comme l&rsquo;arme, mes trois intrigues sentimentales r\u00e9volues, de lancer avant tout l&#8217;embarcation de ma vie \u00e0 la d\u00e9couverte de ces r\u00e9gions inconnues dont la brochure \u00e9voquait une si large part. Je mis \u00e0 la mer. Une mer sans limites d&rsquo;ou\u00advrages sur l&rsquo;occultisme.<\/span><\/span><\/span><\/p>\n<p align=\"justify\"><b><span style=\"color: #000000;\"><span style=\"font-size: medium;\"><span lang=\"fr-FR\">J&rsquo;appris \u00e0 mes d\u00e9pens que l&rsquo;exp\u00e9rience vivante<\/span><\/span><\/span> <span style=\"color: #000000;\"><span style=\"font-size: medium;\"><span lang=\"fr-FR\">ne se trouve pas dans les livres morts&#8230;<\/span><\/span><\/span><\/b><\/p>\n<p align=\"justify\"><span style=\"color: #000000;\"><span style=\"font-size: medium;\"><span lang=\"fr-FR\">Au d\u00e9but les vagues se soulevaient \u00e0 des hauteurs terrifiantes : le destin sous les esp\u00e8ces du libraire me submergeait litt\u00e9ralement d&rsquo;ouvrages sp\u00e9cialis\u00e9s. Ce qui, au d\u00e9but, aurait pu \u00eatre consid\u00e9r\u00e9 comme de la curiosit\u00e9 ou comme un int\u00e9r\u00eat superficiel devint avec les ann\u00e9es un ardent besoin de savoir, une soif inextinguible qui me d\u00e9vorait ! Je fus longtemps en proie \u00e0 ce besoin fatal commun \u00e0 tous les hommes, et qui est de demander conseil \u00e0 d&rsquo;autres dans l&rsquo;illusion de s&rsquo;enrichir de leurs connaissances. Cela peut \u00eatre valable dans une certaine mesure dans le domaine des choses ext\u00e9rieures, mais \u00e9choue \u00e0 chaque fois qu&rsquo;il s&rsquo;agit de l&rsquo;\u00e9volution int\u00e9rieure de l&rsquo;\u00eatre humain. Ayant appris que l&rsquo;exp\u00e9rience vivante ne se trouve pas dans les livres morts, je me mis \u00e0 la recherche d&rsquo;hommes susceptibles de me donner quelque conseil. Le ma\u00eetre camoufl\u00e9 de mon destin prit l&rsquo;initiative de m&rsquo;en donner l&rsquo;occasion : il r\u00e9ussit \u00e0 me faire entrer en contact de la mani\u00e8re la plus curieuse avec des gens int\u00e9ressants, pour la plupart des \u00e9trangers, des Asiatiques, \u2014 car en Allemagne, qui aurait bien pu poss\u00e9der quelque exp\u00e9rience dans le domaine de l&rsquo;occultisme ? \u2014 des voyants, de vrais et de faux proph\u00e8tes, des extatiques et des m\u00e9diums. Des \u00ab Loges occultes \u00bb plus ou moins secr\u00e8tes, anciennes et nouvelles, me furent ouvertes. Et chaque fois au bout de quelques ann\u00e9es, je les quittais sans en avoir \u00e9t\u00e9 entam\u00e9, apr\u00e8s la m\u00eame exp\u00e9rience : rien ici non plus ! du temps perdu ! des redites sans rien de pr\u00e9cis ; des propos superficiels, un th\u00e9isme fanatique ! Et dans les cas les plus graves : l&rsquo;eau de rose d&rsquo;une pi\u00e9t\u00e9 qui\u00e9tiste !<\/span><\/span><\/span><\/p>\n<p align=\"justify\"><b><span style=\"color: #000000;\"><span style=\"font-size: medium;\"><span lang=\"fr-FR\">En Inde, je menai<\/span><\/span><\/span> <span style=\"color: #000000;\"><span style=\"font-size: medium;\"><span lang=\"fr-FR\">pendant trois mois une vie de fou&#8230;<\/span><\/span><\/span><\/b><\/p>\n<p align=\"justify\"><span style=\"color: #000000;\"><span style=\"font-size: medium;\"><span lang=\"fr-FR\">Enfin, je crus avoir trouv\u00e9 ce que j&rsquo;avais cherch\u00e9 si longtemps : une communaut\u00e9 d&rsquo;hommes, europ\u00e9ens et orientaux, dans l&rsquo;Inde centrale, qui pr\u00e9tendaient poss\u00e9der le v\u00e9ritable secret du yoga, cette m\u00e9thode asiatique remontant \u00e0 la plus haute antiquit\u00e9 qui d\u00e9couvre le seul che\u00admin permettant d&rsquo;acc\u00e9der aux degr\u00e9s qui se situent loin au-del\u00e0 du niveau de la faible, imparfaite et impuissante humanit\u00e9. Je fus admis, apr\u00e8s avoir r\u00e9pondu de mani\u00e8re apparemment satisfaisante \u00e0 des ques\u00adtions extr\u00eamement pertinentes d&rsquo;ordre m\u00e9taphysique et dont la solution relevait plus de l&rsquo;intuition que de la raison. Il est \u00e9crit entre autres dans mon certificat d&rsquo;admission : \u00ab il y a en vous le v\u00e9ritable esprit d&rsquo;un mystique. \u00bb Ensuite, je re\u00e7us toute une s\u00e9rie de conseils au sujet du \u00ab visage vert\u00a0\u00bb. <\/span><\/span><\/span><span style=\"color: #000000;\"><span style=\"font-size: medium;\"><span lang=\"fr-FR\">\u00c0<\/span><\/span><\/span><span style=\"color: #000000;\"><span style=\"font-size: medium;\"><span lang=\"fr-FR\"> partir de cette \u00e9poque je menai pendant trois mois une vie de fou, ne mangeant que des l\u00e9gumes, ne dormant pas plus de trois heures par nuit, \u00ab savourant \u00bb deux fois par jour deux cuiller\u00e9es \u00e0 soupe de gomme arabique dissoute dans un potage clair, \u2014 moyen particuli\u00e8rement efficace pour \u00e9veiller la voyance ! \u2014 M&rsquo;exer\u00e7ant minuit \u00e0 de douloureuses postures d&rsquo;Asana, les jambes crois\u00e9es, rete\u00adnant mon souffle au point que mon corps se couvrait d&rsquo;\u00e9cume et que je me d\u00e9battais contre une asphyxie mortelle.<\/span><\/span><\/span><\/p>\n<p align=\"justify\"><b><span style=\"color: #000000;\"><span style=\"font-size: medium;\"><span lang=\"fr-FR\">Je manquais, \u00e0 un degr\u00e9 surprenant,<\/span><\/span><\/span> <span style=\"color: #000000;\"><span style=\"font-size: medium;\"><span lang=\"fr-FR\">de la facult\u00e9 de penser par images&#8230;<\/span><\/span><\/span><\/b><\/p>\n<p align=\"justify\"><span style=\"color: #000000;\"><span style=\"font-size: medium;\"><span lang=\"fr-FR\">Par une nuit d&rsquo;hiver o\u00f9 la neige paraissait trop haute pour me per\u00admettre de remonter sur ma colline, je me trouvais assis au bord de la Moldau. J&rsquo;avais derri\u00e8re moi une vieille tour orn\u00e9e d&rsquo;une grosse horloge. J&rsquo;\u00e9tais la depuis quelques heures, grelottant malgr\u00e9 ma fourrure, fixant le ciel noir\u00e2tre et m&rsquo;effor\u00e7ant par tous les moyens d&rsquo;arriver \u00e0 ce que mes \u00ab fr\u00e8res \u00bb de l&rsquo;Inde appelaient dans leurs lettres la vision int\u00e9\u00adrieure. De nouveau tous mes efforts \u00e9taient vains. Jusqu&rsquo;\u00e0 ce jour-l\u00e0, et cela depuis ma plus tendre enfance, je manquais \u00e0 un degr\u00e9 surprenant de cette facult\u00e9 qui est accord\u00e9e \u00e0 bien des hommes de pouvoir se repr\u00e9senter, en fermant les yeux, une image ou un visage. Ainsi, il m&rsquo;aurait \u00e9t\u00e9 impossible de dire, par exemple, si telle ou telle personne de mes connaissances avait les yeux bleus, marrons ou gris, ou un nez droit ou aquilin. Autrement dit, j&rsquo;avais coutume de penser avec des mots et non par images. J&rsquo;avais d\u00e9cid\u00e9, ayant bien pr\u00e9sent\u00e9 \u00e0 la m\u00e9moire, pour autant que mes facult\u00e9s me le permettaient, l&rsquo;image du Bouddha Gautama, de ne pas quitter l&rsquo;endroit o\u00f9 j&rsquo;\u00e9tais assis avant d&rsquo;avoir r\u00e9alis\u00e9 f\u00fbt-ce le moindre petit progr\u00e8s.<\/span><\/span><\/span><\/p>\n<p align=\"justify\"><b><span style=\"color: #000000;\"><span style=\"font-size: medium;\"><span lang=\"fr-FR\">Soudain, je vis appara\u00eetre<\/span><\/span><\/span> <span style=\"color: #000000;\"><span style=\"font-size: medium;\"><span lang=\"fr-FR\">une horloge g\u00e9ante&#8230;<\/span><\/span><\/span><\/b><\/p>\n<p align=\"justify\"><span style=\"color: #000000;\"><span style=\"font-size: medium;\"><span lang=\"fr-FR\">Je devais bien \u00eatre l\u00e0 depuis au moins cinq heures lorsque subitement s&rsquo;imposa \u00e0 moi cette question tr\u00e8s humaine : quelle heure peut-il bien \u00eatre ? Et voil\u00e0 que, de la mani\u00e8re la plus curieuse, \u00e0 ce moment pr\u00e9cis o\u00f9 <\/span><\/span><\/span><span style=\"color: #000000;\"><span style=\"font-size: medium;\"><span lang=\"fr-FR\">j<\/span><\/span><\/span><span style=\"color: #000000;\"><span style=\"font-size: medium;\"><span lang=\"fr-FR\">e m&rsquo;arrachai \u00e0 ma torpeur, je vis <\/span><\/span><\/span><span style=\"color: #000000;\"><span style=\"font-size: medium;\"><span lang=\"fr-FR\">appara\u00eetre<\/span><\/span><\/span><span style=\"color: #000000;\"><span style=\"font-size: medium;\"><span lang=\"fr-FR\"> dans le ciel une horloge g\u00e9ante projetant une vive lumi\u00e8re, et cela avec une nettet\u00e9 que je n&rsquo;avais pas exp\u00e9riment\u00e9e dans ma vie lorsque j&rsquo;observais des objets r\u00e9els. Les aiguilles indiquaient deux heures moins douze. Je sentis nettement les battements de mon <\/span><\/span><\/span><span style=\"color: #000000;\"><span style=\"font-size: medium;\"><span lang=\"fr-FR\">c\u0153ur<\/span><\/span><\/span><span style=\"color: #000000;\"><span style=\"font-size: medium;\"><span lang=\"fr-FR\"> ralentir, et je crus que c&rsquo;\u00e9tait l\u00e0 une cons\u00e9\u00adquence de l&rsquo;\u00e9motion ressentie ; c&rsquo;\u00e9tait une erreur, comme je ne tardai pas \u00e0 m&rsquo;en apercevoir, et le ralentissement du pouls n&rsquo;\u00e9tait pas la cons\u00e9\u00adquence, <\/span><\/span><\/span><span style=\"color: #000000;\"><span style=\"font-size: medium;\"><span lang=\"fr-FR\">m<\/span><\/span><\/span><span style=\"color: #000000;\"><span style=\"font-size: medium;\"><span lang=\"fr-FR\">ais la cause de la vision ! J&rsquo;avais l&rsquo;impression extraordinaire<\/span><\/span><\/span> <span style=\"color: #000000;\"><span style=\"font-size: medium;\"><span lang=\"fr-FR\">qu&rsquo;une main retenait mon <\/span><\/span><\/span><span style=\"color: #000000;\"><span style=\"font-size: medium;\"><span lang=\"fr-FR\">c\u0153ur.<\/span><\/span><\/span><span style=\"color: #000000;\"><span style=\"font-size: medium;\"><span lang=\"fr-FR\"> Je me retournai po<\/span><\/span><\/span><span style=\"color: #000000;\"><span style=\"font-size: medium;\"><span lang=\"fr-FR\">u<\/span><\/span><\/span><span style=\"color: #000000;\"><span style=\"font-size: medium;\"><span lang=\"fr-FR\">r regarder derri\u00e8re moi l&rsquo;horloge r\u00e9elle de la tour. Elle marquait aussi deux heures moins douze. Il est exclu que j&rsquo;aie pu auparavant me retourner et avoir ainsi un certain point de rep\u00e8re quant \u00e0 l&rsquo;heure, car j&rsquo;\u00e9tais rest\u00e9 assis parfai\u00adtement immobile au bord du fleuve tout au long de ces cinq heures, ainsi qu&rsquo;il est strictement prescrit pour les exercices de concentration. J&rsquo;\u00e9tais heureux, \u00e0 part une l\u00e9g\u00e8re crainte qui s&rsquo;insinuait en moi : <\/span><\/span><\/span><span style=\"color: #000000;\"><span style=\"font-size: medium;\"><span lang=\"fr-FR\">l\u2019\u0153il <\/span><\/span><\/span><span style=\"color: #000000;\"><span style=\"font-size: medium;\"><span lang=\"fr-FR\">int\u00e9rieur resterait-il ouvert ?<\/span><\/span><\/span><\/p>\n<p align=\"justify\"><b><span style=\"color: #000000;\"><span style=\"font-size: medium;\"><span lang=\"fr-FR\">En ma\u00eetrisant les battements de mon <\/span><\/span><\/span><span style=\"color: #000000;\"><span style=\"font-size: medium;\"><span lang=\"fr-FR\">c\u0153ur<\/span><\/span><\/span><span style=\"color: #000000;\"><span style=\"font-size: medium;\"><span lang=\"fr-FR\">,<\/span><\/span><\/span> <span style=\"color: #000000;\"><span style=\"font-size: medium;\"><span lang=\"fr-FR\">j&rsquo;atteins un \u00e9tat d&rsquo;\u00e9veil anormal&#8230;<\/span><\/span><\/span><\/b><\/p>\n<p align=\"justify\"><span style=\"color: #000000;\"><span style=\"font-size: medium;\"><span lang=\"fr-FR\">Je repris mon exercice. Un moment le ciel demeura noir\u00e2tre et ferm\u00e9 comme auparavant. Subitement l&rsquo;id\u00e9e jaillit en moi d&rsquo;essayer de r\u00e9primer les battements de mon <\/span><\/span><\/span><span style=\"color: #000000;\"><span style=\"font-size: medium;\"><span lang=\"fr-FR\">c\u0153ur<\/span><\/span><\/span><span style=\"color: #000000;\"><span style=\"font-size: medium;\"><span lang=\"fr-FR\"> au point o\u00f9 ils avaient \u00e9t\u00e9 ralentis lors de la vision, ou m\u00eame, tr\u00e8s probablement, avant la vision. Ou plut\u00f4t, ce n&rsquo;\u00e9tait pas tellement une \u00ab id\u00e9e \u00bb qu&rsquo;une d\u00e9duction \u00e0 demi formul\u00e9e du sens d&rsquo;une phrase du Bouddha Gautama qui s&rsquo;\u00e9tait impos\u00e9e \u00e0 moi comme une suggestion \u00e9mise par une voix en moi : \u00ab\u00a0C&rsquo;est du c\u0153ur que viennent toutes choses, n\u00e9es du <\/span><\/span><\/span><span style=\"color: #000000;\"><span style=\"font-size: medium;\"><span lang=\"fr-FR\">c\u0153ur<\/span><\/span><\/span><span style=\"color: #000000;\"><span style=\"font-size: medium;\"><span lang=\"fr-FR\"> et au <\/span><\/span><\/span><span style=\"color: #000000;\"><span style=\"font-size: medium;\"><span lang=\"fr-FR\">c\u0153ur<\/span><\/span><\/span><span style=\"color: #000000;\"><span style=\"font-size: medium;\"><span lang=\"fr-FR\"> soumises&#8230; \u00bb Gr\u00e2ce aux exercices de yoga pratiqu\u00e9s jusqu&rsquo;alors j&rsquo;avais quelque id\u00e9e de la mani\u00e8re de m&rsquo;y prendre pour influer dans une certaine mesure sur les battements du <\/span><\/span><\/span><span style=\"color: #000000;\"><span style=\"font-size: medium;\"><span lang=\"fr-FR\">c\u0153ur.<\/span><\/span><\/span><span style=\"color: #000000;\"><span style=\"font-size: medium;\"><span lang=\"fr-FR\"> Ma tentative r\u00e9ussit. Pour la premi\u00e8re fois de ma vie. Imm\u00e9diatement je me trouvai dans un \u00e9tat qui m&rsquo;avait \u00e9t\u00e9 tota\u00adlement \u00e9tranger jusqu&rsquo;alors : l&rsquo;impression intense d&rsquo;un \u00e9tat d&rsquo;\u00e9veil anor\u00admal. En m\u00eame temps je vis s&rsquo;\u00e9loigner \u00e0 ma vue une portion circulaire du ciel nocturne, comme si une lanterne magique se mettait \u00e0 tourner. Comme si elle se d\u00e9tachait de l&rsquo;atmosph\u00e8re pour reculer jusqu&rsquo;\u00e0 des profondeurs de plus en plus lointaines, incommensurables, de l&rsquo;espace ; tout \u00e0 coup, il n&rsquo;y eut plus d&rsquo;arri\u00e8re-plan nulle part, et \u00e0 mon grand \u00e9tonnement je me rendis compte qu&rsquo;\u00e0 tout moment et constamment dans la vie nous sommes environn\u00e9s d&rsquo;arri\u00e8re-plans : le bleu d&rsquo;azur ou la brume du ciel, des murs sous quelque forme que ce soit, \u2014 et cela sans que nous nous en apercevions jamais !<\/span><\/span><\/span><\/p>\n<p align=\"justify\"><b><span style=\"color: #000000;\"><span style=\"font-size: medium;\"><span lang=\"fr-FR\">Je consid\u00e9rai les formes g\u00e9om\u00e9triques<\/span><\/span><\/span> <span style=\"color: #000000;\"><span style=\"font-size: medium;\"><span lang=\"fr-FR\">comme un apprentissage \u00e0 la voyance\u2026<\/span><\/span><\/span><\/b><\/p>\n<p align=\"justify\"><span style=\"color: #000000;\"><span style=\"font-size: medium;\"><span lang=\"fr-FR\">Dans cette trou\u00e9e circulaire qui venait de se former dans le ciel se trouvait une figure g\u00e9om\u00e9trique. Je ne la voyais pas comme on voit objets dans la vie courante, de face ou de profil : je la voyais de tous les c\u00f4t\u00e9s en m\u00eame temps, aussi extraordinaire que cela puisse <\/span><\/span><\/span><span style=\"color: #000000;\"><span style=\"font-size: medium;\"><span lang=\"fr-FR\">para\u00eetre<\/span><\/span><\/span><span style=\"color: #000000;\"><span style=\"font-size: medium;\"><span lang=\"fr-FR\"> ; comme si mon <\/span><\/span><\/span><span style=\"color: #000000;\"><span style=\"font-size: medium;\"><span lang=\"fr-FR\">\u0153il<\/span><\/span><\/span><span style=\"color: #000000;\"><span style=\"font-size: medium;\"><span lang=\"fr-FR\"> int\u00e9rieur, au lieu d&rsquo;une lentille, \u00e9tait pour ainsi dire un cercle tout autour de la vision. D&rsquo;o\u00f9 aussi cette impression nouvelle de l&rsquo;absence d&rsquo;arri\u00e8re-plan ! Cette Figure g\u00e9om\u00e9trique \u00e9tait le symbole de \u00ab in hoc signo vinces \u00bb, une croix dans un H. Je la regardai d&rsquo;un <\/span><\/span><\/span><span style=\"color: #000000;\"><span style=\"font-size: medium;\"><span lang=\"fr-FR\">c\u0153ur<\/span><\/span><\/span><span style=\"color: #000000;\"><span style=\"font-size: medium;\"><span lang=\"fr-FR\"> froid et sans <\/span><\/span><\/span><span style=\"color: #000000;\"><span style=\"font-size: medium;\"><span lang=\"fr-FR\">\u00e9<\/span><\/span><\/span><span style=\"color: #000000;\"><span style=\"font-size: medium;\"><span lang=\"fr-FR\">motion ; aucune trace en moi d&rsquo;exaltation ou de quoi que ce f\u00fbt de semblable. Ce qui est d&rsquo;ailleurs tout naturel, car je n&rsquo;avais gu\u00e8re alors de notion de l&rsquo;extase. Au bout d&rsquo;un moment <\/span><\/span><\/span><span style=\"color: #000000;\"><span style=\"font-size: medium;\"><span lang=\"fr-FR\">j<\/span><\/span><\/span><span style=\"color: #000000;\"><span style=\"font-size: medium;\"><span lang=\"fr-FR\">e vis appara\u00eetre d&rsquo;autres formes g\u00e9om\u00e9triques. Je les consid\u00e9rai comme un a b <\/span><\/span><\/span><span style=\"color: #000000;\"><span style=\"font-size: medium;\"><span lang=\"fr-FR\">c<\/span><\/span><\/span><span style=\"color: #000000;\"><span style=\"font-size: medium;\"><span lang=\"fr-FR\"> de l&rsquo;apprentissage \u00e0 la voyance. L&rsquo;acquisition permanente <\/span><\/span><\/span><span style=\"color: #000000;\"><span style=\"font-size: medium;\"><span lang=\"fr-FR\">q<\/span><\/span><\/span><span style=\"color: #000000;\"><span style=\"font-size: medium;\"><span lang=\"fr-FR\">ue je rempor\u00adtais en rentrant chez moi \u00e9tait de savoir de fa\u00e7on certaine comment m&rsquo;y prendre peur obtenir la vision int\u00e9rieure : <\/span><\/span><\/span><span style=\"color: #000000;\"><span style=\"font-size: medium;\"><span lang=\"fr-FR\">ralentir<\/span><\/span><\/span><span style=\"color: #000000;\"><span style=\"font-size: medium;\"><span lang=\"fr-FR\"> les battements du <\/span><\/span><\/span><span style=\"color: #000000;\"><span style=\"font-size: medium;\"><span lang=\"fr-FR\">c\u0153ur<\/span><\/span><\/span><span style=\"color: #000000;\"><span style=\"font-size: medium;\"><span lang=\"fr-FR\">, me mettre <\/span><\/span><\/span><span style=\"color: #000000;\"><span style=\"font-size: medium;\"><span lang=\"fr-FR\">d<\/span><\/span><\/span><span style=\"color: #000000;\"><span style=\"font-size: medium;\"><span lang=\"fr-FR\">ans un <\/span><\/span><\/span><span style=\"color: #000000;\"><span style=\"font-size: medium;\"><span lang=\"fr-FR\">\u00e9tat<\/span><\/span><\/span> <span style=\"color: #000000;\"><span style=\"font-size: medium;\"><span lang=\"fr-FR\">d\u2019\u00e9veil<\/span><\/span><\/span><span style=\"color: #000000;\"><span style=\"font-size: medium;\"><span lang=\"fr-FR\"> tr\u00e8s pouss\u00e9, regarder droit devant moi le plus loin possible pour r\u00e9aliser le parall\u00e9lisme des axes oculaires, etc. Mais tous ces moyens <\/span><\/span><\/span><span style=\"color: #000000;\"><span style=\"font-size: medium;\"><span lang=\"fr-FR\">n\u2019\u00e9taient<\/span><\/span><\/span><span style=\"color: #000000;\"><span style=\"font-size: medium;\"><span lang=\"fr-FR\"> nullement n\u00e9cessaires : bient\u00f4t je n&rsquo;eus qu&rsquo;\u00e0 \u00e9v<\/span><\/span><\/span><span style=\"color: #000000;\"><span style=\"font-size: medium;\"><span lang=\"fr-FR\">o<\/span><\/span><\/span><span style=\"color: #000000;\"><span style=\"font-size: medium;\"><span lang=\"fr-FR\">qu<\/span><\/span><\/span><span style=\"color: #000000;\"><span style=\"font-size: medium;\"><span lang=\"fr-FR\">e<\/span><\/span><\/span><span style=\"color: #000000;\"><span style=\"font-size: medium;\"><span lang=\"fr-FR\">r mon <\/span><\/span><\/span><span style=\"color: #000000;\"><span style=\"font-size: medium;\"><span lang=\"fr-FR\">exp\u00e9rience<\/span><\/span><\/span><span style=\"color: #000000;\"><span style=\"font-size: medium;\"><span lang=\"fr-FR\"> au bord de la Moldau pour<\/span><\/span><\/span> <span style=\"color: #000000;\"><span style=\"font-size: medium;\"><span lang=\"fr-FR\">voir les images se former de nouveau dans l&rsquo;espace devant mes yeux. Peu de temps apr\u00e8s, j&rsquo;eus aussi des visions en couleurs d&rsquo;une telle splen\u00addeur et d&rsquo;un tel \u00e9clat et anim\u00e9es d&rsquo;une telle vie qu&rsquo;elles m&rsquo;aid\u00e8rent \u00e0 traverser bien des heures difficiles de mon existence. Jamais lors de visions je ne tombai dans des r\u00eaveries eu autres \u00e9tats de conscience inf\u00e9rieurs \u00e0 l&rsquo;\u00e9tat normal de veille. Les visions dont il s&rsquo;agit ne d\u00e9pendent pas de notre libre arbitre ; elles apparaissent selon le bon plaisir d&rsquo;une volont\u00e9 qu&rsquo;il n&rsquo;est pas en notre pouvoir de manifester, bien que ce soit assur\u00e9ment notre volont\u00e9 et non point la manifestation d&rsquo;une puis\u00adsance ext\u00e9rieure, d&rsquo;un \u00ab Dieu \u00bb ou de quelque nom qu&rsquo;on l&rsquo;appelle\u2026<\/span><\/span><\/span><\/p>\n<p align=\"justify\"><span style=\"color: #000000;\"><span style=\"font-size: medium;\"><span lang=\"fr-FR\">C&rsquo;est cette facult\u00e9 de voyance qui fut la cause premi\u00e8re de mon activit\u00e9<\/span><\/span><\/span> <span style=\"color: #000000;\"><span style=\"font-size: medium;\"><span lang=\"fr-FR\">d&rsquo;\u00e9crivain ; <\/span><\/span><\/span><span style=\"color: #000000;\"><span style=\"font-size: medium;\"><span lang=\"fr-FR\">l&rsquo;impulsion<\/span><\/span><\/span><span style=\"color: #000000;\"><span style=\"font-size: medium;\"><span lang=\"fr-FR\"> ext\u00e9rieure mentionn\u00e9e au d\u00e9but de cet article ne fit que mettre en marche le mouvement d&rsquo;horlogerie remont\u00e9. Les id\u00e9es qui me pouss\u00e8rent \u00e0 \u00e9crire des histoires fantastiques furent toujours, au d\u00e9but, des images, des situations ou des personnages aper\u00e7us en vision, qui constitu\u00e8rent le noyau autour duquel je construisais mes nouvelles. Bref, j&rsquo;avais appris \u00e0 penser par images. Je puis mentionner en passant que tr\u00e8s souvent j&rsquo;ai eu des visions qui me donnaient symboliquement ou ouvertement des avertissements, des conseils ou des enseignements.<\/span><\/span><\/span><\/p>\n<p align=\"justify\"><span style=\"color: #000000;\"><span style=\"font-size: medium;\"><span lang=\"fr-FR\">Texte extrait de la revue Merlin, n\u00b0 3, de 1949. Verlag Langen-Muller, Munich, titre original <\/span><\/span><\/span><span style=\"color: #000000;\"><span style=\"font-size: medium;\"><span lang=\"fr-FR\"><i>Mein Erwachen a<\/i><\/span><\/span><\/span><span style=\"color: #000000;\"><span style=\"font-size: medium;\"><span lang=\"fr-FR\"><i>l<\/i><\/span><\/span><\/span><span style=\"color: #000000;\"><span style=\"font-size: medium;\"><span lang=\"fr-FR\"><i>s Medium<\/i><\/span><\/span><\/span><span style=\"color: #000000;\"><span style=\"font-size: medium;\"><span lang=\"fr-FR\">. Traduction A.-D. Sampieri.<\/span><\/span><\/span><\/p>\n","protected":false},"excerpt":{"rendered":"<p>Ayant appris que l&rsquo;exp\u00e9rience vivante ne se trouve pas dans les livres morts, je me mis \u00e0 la recherche d&rsquo;hommes susceptibles de me donner quelque conseil. Le ma\u00eetre camoufl\u00e9 de mon destin prit l&rsquo;initiative de m&rsquo;en donner l&rsquo;occasion : il r\u00e9ussit \u00e0 me faire entrer en contact de la mani\u00e8re la plus curieuse avec des gens int\u00e9ressants, pour la plupart des \u00e9trangers, des Asiatiques, \u2014 car en Allemagne, qui aurait bien pu poss\u00e9der quelque exp\u00e9rience dans le domaine de l&rsquo;occultisme ? \u2014 des voyants, de vrais et de faux proph\u00e8tes, des extatiques et des m\u00e9diums. Des \u00ab Loges occultes \u00bb plus ou moins secr\u00e8tes, anciennes et nouvelles, me furent ouvertes. Et chaque fois au bout de quelques ann\u00e9es, je les quittais sans en avoir \u00e9t\u00e9 entam\u00e9, apr\u00e8s la m\u00eame exp\u00e9rience : rien ici non plus ! du temps perdu ! &#8230;<\/p>\n","protected":false},"author":1,"featured_media":17119,"comment_status":"closed","ping_status":"closed","sticky":false,"template":"","format":"standard","meta":{"footnotes":""},"categories":[944],"tags":[],"class_list":["post-17118","post","type-post","status-publish","format-standard","has-post-thumbnail","hentry","category-temoignage"],"yoast_head":"<!-- This site is optimized with the Yoast SEO plugin v27.0 - https:\/\/yoast.com\/product\/yoast-seo-wordpress\/ -->\n<title>Mon \u00e9veil \u00e0 la voyance par Gustav Meyrink - 3e mill\u00e9naire - Spiritualit\u00e9 - Connaissance de soi - Non-dualit\u00e9 - M\u00e9ditation<\/title>\n<meta name=\"robots\" content=\"index, follow, max-snippet:-1, max-image-preview:large, max-video-preview:-1\" \/>\n<link rel=\"canonical\" href=\"https:\/\/www.revue3emillenaire.com\/blog\/mon-eveil-a-la-voyance-par-gustav-meyrink\/\" \/>\n<meta property=\"og:locale\" content=\"fr_FR\" \/>\n<meta property=\"og:type\" content=\"article\" \/>\n<meta property=\"og:title\" content=\"Mon \u00e9veil \u00e0 la voyance par Gustav Meyrink - 3e mill\u00e9naire - Spiritualit\u00e9 - Connaissance de soi - Non-dualit\u00e9 - M\u00e9ditation\" \/>\n<meta property=\"og:description\" content=\"Ayant appris que l&#039;exp\u00e9rience vivante ne se trouve pas dans les livres morts, je me mis \u00e0 la recherche d&#039;hommes susceptibles de me donner quelque conseil. Le ma\u00eetre camoufl\u00e9 de mon destin prit l&#039;initiative de m&#039;en donner l&#039;occasion : il r\u00e9ussit \u00e0 me faire entrer en contact de la mani\u00e8re la plus curieuse avec des gens int\u00e9ressants, pour la plupart des \u00e9trangers, des Asiatiques, \u2014 car en Allemagne, qui aurait bien pu poss\u00e9der quelque exp\u00e9rience dans le domaine de l&#039;occultisme ? \u2014 des voyants, de vrais et de faux proph\u00e8tes, des extatiques et des m\u00e9diums. Des \u00ab Loges occultes \u00bb plus ou moins secr\u00e8tes, anciennes et nouvelles, me furent ouvertes. Et chaque fois au bout de quelques ann\u00e9es, je les quittais sans en avoir \u00e9t\u00e9 entam\u00e9, apr\u00e8s la m\u00eame exp\u00e9rience : rien ici non plus ! du temps perdu ! ...\" \/>\n<meta property=\"og:url\" content=\"https:\/\/www.revue3emillenaire.com\/blog\/mon-eveil-a-la-voyance-par-gustav-meyrink\/\" \/>\n<meta property=\"og:site_name\" content=\"3e mill\u00e9naire - Spiritualit\u00e9 - Connaissance de soi - Non-dualit\u00e9 - M\u00e9ditation\" \/>\n<meta property=\"article:published_time\" content=\"2015-11-12T02:22:57+00:00\" \/>\n<meta property=\"og:image\" content=\"https:\/\/www.revue3emillenaire.com\/blog\/wp-content\/uploads\/2015\/11\/GMeyrink.jpg\" \/>\n\t<meta property=\"og:image:width\" content=\"184\" \/>\n\t<meta property=\"og:image:height\" content=\"267\" \/>\n\t<meta property=\"og:image:type\" content=\"image\/jpeg\" \/>\n<meta name=\"author\" content=\"3e mill\u00e9naire\" \/>\n<meta name=\"twitter:card\" content=\"summary_large_image\" \/>\n<meta name=\"twitter:label1\" content=\"\u00c9crit par\" \/>\n\t<meta name=\"twitter:data1\" content=\"3e mill\u00e9naire\" \/>\n\t<meta name=\"twitter:label2\" content=\"Dur\u00e9e de lecture estim\u00e9e\" \/>\n\t<meta name=\"twitter:data2\" content=\"13 minutes\" \/>\n<script type=\"application\/ld+json\" class=\"yoast-schema-graph\">{\"@context\":\"https:\/\/schema.org\",\"@graph\":[{\"@type\":\"Article\",\"@id\":\"https:\/\/www.revue3emillenaire.com\/blog\/mon-eveil-a-la-voyance-par-gustav-meyrink\/#article\",\"isPartOf\":{\"@id\":\"https:\/\/www.revue3emillenaire.com\/blog\/mon-eveil-a-la-voyance-par-gustav-meyrink\/\"},\"author\":{\"name\":\"3e mill\u00e9naire\",\"@id\":\"https:\/\/www.revue3emillenaire.com\/blog\/#\/schema\/person\/9a3a7cc4ccaa707f402d4394327106d5\"},\"headline\":\"Mon \u00e9veil \u00e0 la voyance par Gustav Meyrink\",\"datePublished\":\"2015-11-12T02:22:57+00:00\",\"mainEntityOfPage\":{\"@id\":\"https:\/\/www.revue3emillenaire.com\/blog\/mon-eveil-a-la-voyance-par-gustav-meyrink\/\"},\"wordCount\":2536,\"image\":{\"@id\":\"https:\/\/www.revue3emillenaire.com\/blog\/mon-eveil-a-la-voyance-par-gustav-meyrink\/#primaryimage\"},\"thumbnailUrl\":\"https:\/\/www.revue3emillenaire.com\/blog\/wp-content\/uploads\/2015\/11\/GMeyrink.jpg\",\"articleSection\":[\"T\u00e9moignage\"],\"inLanguage\":\"fr-FR\"},{\"@type\":\"WebPage\",\"@id\":\"https:\/\/www.revue3emillenaire.com\/blog\/mon-eveil-a-la-voyance-par-gustav-meyrink\/\",\"url\":\"https:\/\/www.revue3emillenaire.com\/blog\/mon-eveil-a-la-voyance-par-gustav-meyrink\/\",\"name\":\"Mon \u00e9veil \u00e0 la voyance par Gustav Meyrink - 3e mill\u00e9naire - Spiritualit\u00e9 - Connaissance de soi - Non-dualit\u00e9 - M\u00e9ditation\",\"isPartOf\":{\"@id\":\"https:\/\/www.revue3emillenaire.com\/blog\/#website\"},\"primaryImageOfPage\":{\"@id\":\"https:\/\/www.revue3emillenaire.com\/blog\/mon-eveil-a-la-voyance-par-gustav-meyrink\/#primaryimage\"},\"image\":{\"@id\":\"https:\/\/www.revue3emillenaire.com\/blog\/mon-eveil-a-la-voyance-par-gustav-meyrink\/#primaryimage\"},\"thumbnailUrl\":\"https:\/\/www.revue3emillenaire.com\/blog\/wp-content\/uploads\/2015\/11\/GMeyrink.jpg\",\"datePublished\":\"2015-11-12T02:22:57+00:00\",\"author\":{\"@id\":\"https:\/\/www.revue3emillenaire.com\/blog\/#\/schema\/person\/9a3a7cc4ccaa707f402d4394327106d5\"},\"breadcrumb\":{\"@id\":\"https:\/\/www.revue3emillenaire.com\/blog\/mon-eveil-a-la-voyance-par-gustav-meyrink\/#breadcrumb\"},\"inLanguage\":\"fr-FR\",\"potentialAction\":[{\"@type\":\"ReadAction\",\"target\":[\"https:\/\/www.revue3emillenaire.com\/blog\/mon-eveil-a-la-voyance-par-gustav-meyrink\/\"]}]},{\"@type\":\"ImageObject\",\"inLanguage\":\"fr-FR\",\"@id\":\"https:\/\/www.revue3emillenaire.com\/blog\/mon-eveil-a-la-voyance-par-gustav-meyrink\/#primaryimage\",\"url\":\"https:\/\/www.revue3emillenaire.com\/blog\/wp-content\/uploads\/2015\/11\/GMeyrink.jpg\",\"contentUrl\":\"https:\/\/www.revue3emillenaire.com\/blog\/wp-content\/uploads\/2015\/11\/GMeyrink.jpg\",\"width\":184,\"height\":267},{\"@type\":\"BreadcrumbList\",\"@id\":\"https:\/\/www.revue3emillenaire.com\/blog\/mon-eveil-a-la-voyance-par-gustav-meyrink\/#breadcrumb\",\"itemListElement\":[{\"@type\":\"ListItem\",\"position\":1,\"name\":\"Accueil\",\"item\":\"https:\/\/www.revue3emillenaire.com\/blog\/\"},{\"@type\":\"ListItem\",\"position\":2,\"name\":\"Mon \u00e9veil \u00e0 la voyance par Gustav Meyrink\"}]},{\"@type\":\"WebSite\",\"@id\":\"https:\/\/www.revue3emillenaire.com\/blog\/#website\",\"url\":\"https:\/\/www.revue3emillenaire.com\/blog\/\",\"name\":\"3e mill\u00e9naire - Spiritualit\u00e9 - Connaissance de soi - Non-dualit\u00e9 - M\u00e9ditation\",\"description\":\"L&#039;Homme en devenir\",\"potentialAction\":[{\"@type\":\"SearchAction\",\"target\":{\"@type\":\"EntryPoint\",\"urlTemplate\":\"https:\/\/www.revue3emillenaire.com\/blog\/?s={search_term_string}\"},\"query-input\":{\"@type\":\"PropertyValueSpecification\",\"valueRequired\":true,\"valueName\":\"search_term_string\"}}],\"inLanguage\":\"fr-FR\"},{\"@type\":\"Person\",\"@id\":\"https:\/\/www.revue3emillenaire.com\/blog\/#\/schema\/person\/9a3a7cc4ccaa707f402d4394327106d5\",\"name\":\"3e mill\u00e9naire\",\"url\":\"https:\/\/www.revue3emillenaire.com\/blog\/author\/admin\/\"}]}<\/script>\n<!-- \/ Yoast SEO plugin. -->","yoast_head_json":{"title":"Mon \u00e9veil \u00e0 la voyance par Gustav Meyrink - 3e mill\u00e9naire - Spiritualit\u00e9 - Connaissance de soi - Non-dualit\u00e9 - M\u00e9ditation","robots":{"index":"index","follow":"follow","max-snippet":"max-snippet:-1","max-image-preview":"max-image-preview:large","max-video-preview":"max-video-preview:-1"},"canonical":"https:\/\/www.revue3emillenaire.com\/blog\/mon-eveil-a-la-voyance-par-gustav-meyrink\/","og_locale":"fr_FR","og_type":"article","og_title":"Mon \u00e9veil \u00e0 la voyance par Gustav Meyrink - 3e mill\u00e9naire - Spiritualit\u00e9 - Connaissance de soi - Non-dualit\u00e9 - M\u00e9ditation","og_description":"Ayant appris que l'exp\u00e9rience vivante ne se trouve pas dans les livres morts, je me mis \u00e0 la recherche d'hommes susceptibles de me donner quelque conseil. Le ma\u00eetre camoufl\u00e9 de mon destin prit l'initiative de m'en donner l'occasion : il r\u00e9ussit \u00e0 me faire entrer en contact de la mani\u00e8re la plus curieuse avec des gens int\u00e9ressants, pour la plupart des \u00e9trangers, des Asiatiques, \u2014 car en Allemagne, qui aurait bien pu poss\u00e9der quelque exp\u00e9rience dans le domaine de l'occultisme ? \u2014 des voyants, de vrais et de faux proph\u00e8tes, des extatiques et des m\u00e9diums. Des \u00ab Loges occultes \u00bb plus ou moins secr\u00e8tes, anciennes et nouvelles, me furent ouvertes. Et chaque fois au bout de quelques ann\u00e9es, je les quittais sans en avoir \u00e9t\u00e9 entam\u00e9, apr\u00e8s la m\u00eame exp\u00e9rience : rien ici non plus ! du temps perdu ! ...","og_url":"https:\/\/www.revue3emillenaire.com\/blog\/mon-eveil-a-la-voyance-par-gustav-meyrink\/","og_site_name":"3e mill\u00e9naire - Spiritualit\u00e9 - Connaissance de soi - Non-dualit\u00e9 - M\u00e9ditation","article_published_time":"2015-11-12T02:22:57+00:00","og_image":[{"width":184,"height":267,"url":"https:\/\/www.revue3emillenaire.com\/blog\/wp-content\/uploads\/2015\/11\/GMeyrink.jpg","type":"image\/jpeg"}],"author":"3e mill\u00e9naire","twitter_card":"summary_large_image","twitter_misc":{"\u00c9crit par":"3e mill\u00e9naire","Dur\u00e9e de lecture estim\u00e9e":"13 minutes"},"schema":{"@context":"https:\/\/schema.org","@graph":[{"@type":"Article","@id":"https:\/\/www.revue3emillenaire.com\/blog\/mon-eveil-a-la-voyance-par-gustav-meyrink\/#article","isPartOf":{"@id":"https:\/\/www.revue3emillenaire.com\/blog\/mon-eveil-a-la-voyance-par-gustav-meyrink\/"},"author":{"name":"3e mill\u00e9naire","@id":"https:\/\/www.revue3emillenaire.com\/blog\/#\/schema\/person\/9a3a7cc4ccaa707f402d4394327106d5"},"headline":"Mon \u00e9veil \u00e0 la voyance par Gustav Meyrink","datePublished":"2015-11-12T02:22:57+00:00","mainEntityOfPage":{"@id":"https:\/\/www.revue3emillenaire.com\/blog\/mon-eveil-a-la-voyance-par-gustav-meyrink\/"},"wordCount":2536,"image":{"@id":"https:\/\/www.revue3emillenaire.com\/blog\/mon-eveil-a-la-voyance-par-gustav-meyrink\/#primaryimage"},"thumbnailUrl":"https:\/\/www.revue3emillenaire.com\/blog\/wp-content\/uploads\/2015\/11\/GMeyrink.jpg","articleSection":["T\u00e9moignage"],"inLanguage":"fr-FR"},{"@type":"WebPage","@id":"https:\/\/www.revue3emillenaire.com\/blog\/mon-eveil-a-la-voyance-par-gustav-meyrink\/","url":"https:\/\/www.revue3emillenaire.com\/blog\/mon-eveil-a-la-voyance-par-gustav-meyrink\/","name":"Mon \u00e9veil \u00e0 la voyance par Gustav Meyrink - 3e mill\u00e9naire - Spiritualit\u00e9 - Connaissance de soi - Non-dualit\u00e9 - M\u00e9ditation","isPartOf":{"@id":"https:\/\/www.revue3emillenaire.com\/blog\/#website"},"primaryImageOfPage":{"@id":"https:\/\/www.revue3emillenaire.com\/blog\/mon-eveil-a-la-voyance-par-gustav-meyrink\/#primaryimage"},"image":{"@id":"https:\/\/www.revue3emillenaire.com\/blog\/mon-eveil-a-la-voyance-par-gustav-meyrink\/#primaryimage"},"thumbnailUrl":"https:\/\/www.revue3emillenaire.com\/blog\/wp-content\/uploads\/2015\/11\/GMeyrink.jpg","datePublished":"2015-11-12T02:22:57+00:00","author":{"@id":"https:\/\/www.revue3emillenaire.com\/blog\/#\/schema\/person\/9a3a7cc4ccaa707f402d4394327106d5"},"breadcrumb":{"@id":"https:\/\/www.revue3emillenaire.com\/blog\/mon-eveil-a-la-voyance-par-gustav-meyrink\/#breadcrumb"},"inLanguage":"fr-FR","potentialAction":[{"@type":"ReadAction","target":["https:\/\/www.revue3emillenaire.com\/blog\/mon-eveil-a-la-voyance-par-gustav-meyrink\/"]}]},{"@type":"ImageObject","inLanguage":"fr-FR","@id":"https:\/\/www.revue3emillenaire.com\/blog\/mon-eveil-a-la-voyance-par-gustav-meyrink\/#primaryimage","url":"https:\/\/www.revue3emillenaire.com\/blog\/wp-content\/uploads\/2015\/11\/GMeyrink.jpg","contentUrl":"https:\/\/www.revue3emillenaire.com\/blog\/wp-content\/uploads\/2015\/11\/GMeyrink.jpg","width":184,"height":267},{"@type":"BreadcrumbList","@id":"https:\/\/www.revue3emillenaire.com\/blog\/mon-eveil-a-la-voyance-par-gustav-meyrink\/#breadcrumb","itemListElement":[{"@type":"ListItem","position":1,"name":"Accueil","item":"https:\/\/www.revue3emillenaire.com\/blog\/"},{"@type":"ListItem","position":2,"name":"Mon \u00e9veil \u00e0 la voyance par Gustav Meyrink"}]},{"@type":"WebSite","@id":"https:\/\/www.revue3emillenaire.com\/blog\/#website","url":"https:\/\/www.revue3emillenaire.com\/blog\/","name":"3e mill\u00e9naire - Spiritualit\u00e9 - Connaissance de soi - Non-dualit\u00e9 - M\u00e9ditation","description":"L&#039;Homme en devenir","potentialAction":[{"@type":"SearchAction","target":{"@type":"EntryPoint","urlTemplate":"https:\/\/www.revue3emillenaire.com\/blog\/?s={search_term_string}"},"query-input":{"@type":"PropertyValueSpecification","valueRequired":true,"valueName":"search_term_string"}}],"inLanguage":"fr-FR"},{"@type":"Person","@id":"https:\/\/www.revue3emillenaire.com\/blog\/#\/schema\/person\/9a3a7cc4ccaa707f402d4394327106d5","name":"3e mill\u00e9naire","url":"https:\/\/www.revue3emillenaire.com\/blog\/author\/admin\/"}]}},"_links":{"self":[{"href":"https:\/\/www.revue3emillenaire.com\/blog\/wp-json\/wp\/v2\/posts\/17118","targetHints":{"allow":["GET"]}}],"collection":[{"href":"https:\/\/www.revue3emillenaire.com\/blog\/wp-json\/wp\/v2\/posts"}],"about":[{"href":"https:\/\/www.revue3emillenaire.com\/blog\/wp-json\/wp\/v2\/types\/post"}],"author":[{"embeddable":true,"href":"https:\/\/www.revue3emillenaire.com\/blog\/wp-json\/wp\/v2\/users\/1"}],"replies":[{"embeddable":true,"href":"https:\/\/www.revue3emillenaire.com\/blog\/wp-json\/wp\/v2\/comments?post=17118"}],"version-history":[{"count":0,"href":"https:\/\/www.revue3emillenaire.com\/blog\/wp-json\/wp\/v2\/posts\/17118\/revisions"}],"wp:featuredmedia":[{"embeddable":true,"href":"https:\/\/www.revue3emillenaire.com\/blog\/wp-json\/wp\/v2\/media\/17119"}],"wp:attachment":[{"href":"https:\/\/www.revue3emillenaire.com\/blog\/wp-json\/wp\/v2\/media?parent=17118"}],"wp:term":[{"taxonomy":"category","embeddable":true,"href":"https:\/\/www.revue3emillenaire.com\/blog\/wp-json\/wp\/v2\/categories?post=17118"},{"taxonomy":"post_tag","embeddable":true,"href":"https:\/\/www.revue3emillenaire.com\/blog\/wp-json\/wp\/v2\/tags?post=17118"}],"curies":[{"name":"wp","href":"https:\/\/api.w.org\/{rel}","templated":true}]}}