{"id":17186,"date":"2016-04-10T23:55:29","date_gmt":"2016-04-10T22:55:29","guid":{"rendered":"http:\/\/www.revue3emillenaire.com\/blog\/?p=17186"},"modified":"2016-04-10T23:56:39","modified_gmt":"2016-04-10T22:56:39","slug":"la-voie-directe-par-jean-klein","status":"publish","type":"post","link":"https:\/\/www.revue3emillenaire.com\/blog\/la-voie-directe-par-jean-klein\/","title":{"rendered":"La voie directe par Jean Klein"},"content":{"rendered":"<p align=\"justify\"><span style=\"color: #000000;\"><span style=\"font-family: Times New Roman,serif;\"><span style=\"font-size: medium;\">(Revue \u00catre. No 1. 1992)<\/span><\/span><\/span><\/p>\n<p align=\"justify\"><span style=\"color: #000000;\"><span style=\"font-family: Times New Roman,serif;\"><span style=\"font-size: medium;\">Le titre est de 3<\/span><\/span><\/span><span style=\"color: #000000;\"><sup><span style=\"font-family: Times New Roman,serif;\"><span style=\"font-size: medium;\">e<\/span><\/span><\/sup><\/span><span style=\"color: #000000;\"><span style=\"font-family: Times New Roman,serif;\"><span style=\"font-size: medium;\"> Mill\u00e9naire<\/span><\/span><\/span><\/p>\n<p align=\"justify\"><i><b><span style=\"color: #000000;\"><span style=\"font-family: Times New Roman,serif;\"><span style=\"font-size: medium;\">L&rsquo;attitude juste consiste \u00e0 observer son corps et ses pen\u00ads\u00e9es avec le regard du scientifique dans son laboratoire, nous dites-vous. On s&rsquo;aper\u00e7oit tout d&rsquo;abord que le mental fonctionne sur plusieurs plans de mani\u00e8re dispers\u00e9e. C&rsquo;est donc par l&rsquo;arr\u00eat de cette dispersion qu&rsquo;il peut se concentrer sur un seul point. Nous constatons cependant qu&rsquo;une distanciation se produit par l&rsquo;intervention d&rsquo;une sorte d&rsquo;\u00e9nergie qui parait na\u00eetre et se manifester dans le corps. Elle occupe le devant de la sc\u00e8ne et les pens\u00e9es s&rsquo;estompent peu \u00e0 peu. Sommes-nous alors conduits \u00e0 la juste vision ? Quelle est cette \u00e9nergie ? Est-ce la compr\u00e9hension ?<\/span><\/span><\/span><\/b><\/i><\/p>\n<p align=\"justify\"><span style=\"color: #000000;\"><span style=\"font-family: Times New Roman,serif;\"><span style=\"font-size: medium;\">Avez-vous observ\u00e9 ce qui se passait dans votre cerveau, comment agissait la lucidit\u00e9 quand apr\u00e8s avoir maintes et maintes fois cherch\u00e9 \u00e0 comprendre, vous acc\u00e9dez brusquement \u00e0 la \u00ab v\u00e9ritable compr\u00e9hension \u00bb ?<\/span><\/span><\/span><\/p>\n<p align=\"justify\"><i><b><span style=\"color: #000000;\"><span style=\"font-family: Times New Roman,serif;\"><span style=\"font-size: medium;\">Quelque chose semble se modifier imperceptiblement dans l&rsquo;ensemble des perceptions ; quelque chose a chang\u00e9 dans le mode de fonctionnement du mental. Ce n&rsquo;est pas une jubilation intellectuelle. Est-ce ce dont vous parlez ?<\/span><\/span><\/span><\/b><\/i><\/p>\n<p align=\"justify\"><span style=\"color: #000000;\"><span style=\"font-family: Times New Roman,serif;\"><span style=\"font-size: medium;\">Je parle de ce qu&rsquo;on appelle la compr\u00e9hension. Lorsque vous dites \u00ab j&rsquo;ai vraiment compris \u00bb, vous visualisez encore g\u00e9om\u00e9triquement cette aperception. Laissez cette repr\u00e9senta\u00adtion g\u00e9om\u00e9trique se dissoudre compl\u00e8tement dans votre totalit\u00e9, dans votre silence et voyez ce qui se passe. Vous remar\u00adquerez un changement, une transmutation ; comme si des moules, des formes, des r\u00e9seaux \u00e9voluaient. Cette aperception se dissoudra enti\u00e8rement dans \u00ab \u00eatre compr\u00e9hension \u00bb, notre totalit\u00e9.<\/span><\/span><\/span><\/p>\n<p align=\"justify\"><i><b><span style=\"color: #000000;\"><span style=\"font-family: Times New Roman,serif;\"><span style=\"font-size: medium;\">On atteint donc un stade o\u00f9 la r\u00e9alit\u00e9 v\u00e9cue \u00e9limine la pens\u00e9e \u00ab j&rsquo;ai compris \u00bb ?<\/span><\/span><\/span><\/b><\/i><\/p>\n<p align=\"justify\"><span style=\"color: #000000;\"><span style=\"font-family: Times New Roman,serif;\"><span style=\"font-size: medium;\">Sur le plan mental, la transformation n&rsquo;est pas pleinement accomplie, tous les r\u00e9sidus de cette incompl\u00e9tude sont encore l\u00e0. Ce sont eux qui meurent totalement dans \u00ab \u00eatre compr\u00e9\u00adhension \u00bb. On le ressent tr\u00e8s fortement dans les deux h\u00e9mi\u00adsph\u00e8res du cerveau, aussi bien dans le droit que dans le gauche.<\/span><\/span><\/span><\/p>\n<p align=\"justify\"><i><b><span style=\"color: #000000;\"><span style=\"font-family: Times New Roman,serif;\"><span style=\"font-size: medium;\">Pourrait-on dire que cette \u00e9nergie est sensible et r\u00e9v\u00e9\u00adlatrice de notre ultime r\u00e9alit\u00e9 ?<\/span><\/span><\/span><\/b><\/i><\/p>\n<p align=\"justify\"><span style=\"color: #000000;\"><span style=\"font-family: Times New Roman,serif;\"><span style=\"font-size: medium;\">La vraie compr\u00e9hension est instantan\u00e9e. Elle n&rsquo;est pas de nature \u00e9nerg\u00e9tique mais ce qui en r\u00e9sulte est \u00e9nerg\u00e9tique : elle am\u00e8ne en effet une r\u00e9orchestration des \u00e9nergies dans notre corps. Mais tout cela doit rester un objet de votre observation, sans plus. Vous \u00eates l&rsquo;ultime sujet qui n&rsquo;a rien \u00e0 faire avec des \u00e9nergies !<\/span><\/span><\/span><\/p>\n<p align=\"justify\"><i><b><span style=\"color: #000000;\"><span style=\"font-family: Times New Roman,serif;\"><span style=\"font-size: medium;\">Cette conscience dont il est question ici ne s&rsquo;objective-t-elle pas \u00e0 certains moments ?<\/span><\/span><\/span><\/b><\/i><\/p>\n<p align=\"justify\"><span style=\"color: #000000;\"><span style=\"font-family: Times New Roman,serif;\"><span style=\"font-size: medium;\">C&rsquo;est absolument impossible. Le sujet ne s&rsquo;objective jamais. <\/span><\/span><\/span><\/p>\n<p align=\"justify\"><i><b><span style=\"color: #000000;\"><span style=\"font-family: Times New Roman,serif;\"><span style=\"font-size: medium;\">C&rsquo;est pourtant toute la sensorialit\u00e9 qui est r\u00e9orchestr\u00e9e ?<\/span><\/span><\/span><\/b><\/i><\/p>\n<p align=\"justify\"><span style=\"color: #000000;\"><span style=\"font-family: Times New Roman,serif;\"><span style=\"font-size: medium;\">Il est int\u00e9ressant d&rsquo;assister au jaillissement de ce \u00ab j&rsquo;ai vraiment compris \u00bb. Ceci est du reste tr\u00e8s bien exprim\u00e9 dans diverses langues; en fran\u00e7ais, par exemple, on dit \u00ab c&rsquo;est devenu clair en moi \u00bb. C&rsquo;est l&rsquo;appr\u00e9hension de notre nature profonde \u2013 et non pas celle des choses relatives \u2013 <\/span><\/span><\/span><span style=\"color: #000000;\"><span style=\"font-family: Times New Roman,serif;\"><span style=\"font-size: medium;\">q<\/span><\/span><\/span><span style=\"color: #000000;\"><span style=\"font-family: Times New Roman,serif;\"><span style=\"font-size: medium;\">ui nous lib\u00e8re<\/span><\/span><\/span> <span style=\"color: #000000;\"><span style=\"font-family: Times New Roman,serif;\"><span style=\"font-size: medium;\">du conflit.<\/span><\/span><\/span><\/p>\n<p align=\"justify\"><i><b><span style=\"color: #000000;\"><span style=\"font-family: Times New Roman,serif;\"><span style=\"font-size: medium;\">Est-il juste de pr\u00e9tendre que notre conscience a cr\u00e9\u00e9 le cerveau pour se manifester dans un espace-temps ? et qu&rsquo;en fait, c&rsquo;est l&rsquo;illusion d&rsquo;\u00eatre isol\u00e9 dans cet espace-temps qui pro\u00advoque notre probl\u00e8me, dans la mesure o\u00f9 nous croyons \u00eatre ainsi coup\u00e9s de notre source ?<\/span><\/span><\/span><\/b><\/i><\/p>\n<p align=\"justify\"><span style=\"color: #000000;\"><span style=\"font-family: Times New Roman,serif;\"><span style=\"font-size: medium;\">Il n&rsquo;y a que la conscience.<\/span><\/span><\/span><\/p>\n<p align=\"justify\"><span style=\"color: #000000;\"><span style=\"font-family: Times New Roman,serif;\"><span style=\"font-size: medium;\"><i><b>C&rsquo;est quand m\u00eame bien le fonctionnement c\u00e9r\u00e9bral qui cr\u00e9e l&rsquo;image, la repr\u00e9sentation.<\/b><\/i><\/span><\/span><\/span><\/p>\n<p align=\"justify\"><span style=\"color: #000000;\"><span style=\"font-family: Times New Roman,serif;\"><span style=\"font-size: medium;\">C&rsquo;est la conscience aussi. La transcendance et l&rsquo;imma\u00adnence sont une m\u00eame chose. C&rsquo;est uniquement le mental qui les distingue l&rsquo;une de l&rsquo;autre, comme il distingue le sujet de l&rsquo;objet. En v\u00e9rit\u00e9, le sujet est l&rsquo;objet et l&rsquo;objet est le sujet, la dualit\u00e9 n&rsquo;existe pas. C&rsquo;est tr\u00e8s compliqu\u00e9 \u00e0 saisir ! Il n&rsquo;y a pas l&rsquo;un et l&rsquo;autre, mais uniquement un.<\/span><\/span><\/span><\/p>\n<p align=\"justify\"><i><b><span style=\"color: #000000;\"><span style=\"font-family: Times New Roman,serif;\"><span style=\"font-size: medium;\">On peut le pressentir intellectuellement mais, pour le vivre, c&rsquo;est une autre histoire !<\/span><\/span><\/span><\/b><\/i><\/p>\n<p align=\"justify\"><span style=\"color: #000000;\"><span style=\"font-family: Times New Roman,serif;\"><span style=\"font-size: medium;\">C&rsquo;est vrai. Cela doit \u00ab entrer dans les os \u00bb. <\/span><\/span><\/span><\/p>\n<p align=\"justify\"><i><b><span style=\"color: #000000;\"><span style=\"font-family: Times New Roman,serif;\"><span style=\"font-size: medium;\">Le corps est-il conscience ? <\/span><\/span><\/span><\/b><\/i><\/p>\n<p align=\"justify\"><span style=\"color: #000000;\"><span style=\"font-family: Times New Roman,serif;\"><span style=\"font-size: medium;\">Parfaitement.<\/span><\/span><\/span><\/p>\n<p align=\"justify\"><i><b><span style=\"color: #000000;\"><span style=\"font-family: Times New Roman,serif;\"><span style=\"font-size: medium;\">Si j&rsquo;ai bien compris votre pens\u00e9e, le silence mental et le fait de s&rsquo;observer am\u00e8nent la dissolution de l&rsquo;ego qui nous coupe de la source de l&rsquo;\u00eatre, de l&rsquo;amour universel. C&rsquo;est une voie spirituelle. D&rsquo;autres personnes suivent une voie, disons plus religieuse, plus fraternelle, \u00e0 l&rsquo;\u00e9coute des autres. Que pensez-vous de ce cheminement ?<\/span><\/span><\/span><\/b><\/i><\/p>\n<p align=\"justify\"><span style=\"color: #000000;\"><span style=\"font-family: Times New Roman,serif;\"><span style=\"font-size: medium;\">Pendant un certain temps, cela peut \u00eatre tr\u00e8s important, tr\u00e8s utile pour certains. La d\u00e9marche purifiante proc\u00e8de par \u00e9liminations successives, elle implique toujours une relation sujet\/objet et par cons\u00e9quent, elle reste marqu\u00e9e par la dualit\u00e9.<\/span><\/span><\/span><\/p>\n<p align=\"justify\"><span style=\"color: #000000;\"><span style=\"font-family: Times New Roman,serif;\"><span style=\"font-size: medium;\">Lors m\u00eame qu&rsquo;on est parvenu \u00e0 la grande purification et qu&rsquo;il ne reste rien \u00e0 purifier, on court le risque que ce rien soit l&rsquo;envers en creux de tout ce qu&rsquo;on a \u00e9limin\u00e9, donc soit encore un objet. Ainsi est-on presque condamn\u00e9, en suivant cette voie, \u00e0 rester dans un \u00e9tat duel.<\/span><\/span><\/span><\/p>\n<p align=\"justify\"><span style=\"color: #000000;\"><span style=\"font-family: Times New Roman,serif;\"><span style=\"font-size: medium;\">Ici, il est question de la voie directe, elle ne passe pas par le mental. On se sert simplement de lui pour s&rsquo;apaiser et on vise directement le Soi.<\/span><\/span><\/span><\/p>\n<p align=\"justify\"><i><b><span style=\"color: #000000;\"><span style=\"font-family: Times New Roman,serif;\"><span style=\"font-size: medium;\">J&rsquo;ai bien compris ceci mais ceux qui ont l&rsquo;exp\u00e9rience<\/span><\/span><\/span> <span style=\"color: #000000;\"><span style=\"font-family: Times New Roman,serif;\"><span style=\"font-size: medium;\">d&rsquo;une grande bont\u00e9, d&rsquo;une grande \u00e9coute des autres \u2013 je pense par exemple \u00e0 m\u00e8re Marie-T\u00e9r\u00e9sa \u2013 disent que progressivement, ils arrivent \u00e0 se purifier int\u00e9rieurement et trouvent par une d\u00e9marche autre que la voie directe le chemin de l&rsquo;amour.<\/span><\/span><\/span><\/b><\/i><\/p>\n<p align=\"justify\"><span style=\"color: #000000;\"><span style=\"font-family: Times New Roman,serif;\"><span style=\"font-size: medium;\">Oui, je ne dis pas le contraire.<\/span><\/span><\/span><\/p>\n<p align=\"justify\"><span style=\"color: #000000;\"><span style=\"font-family: Times New Roman,serif;\"><span style=\"font-size: medium;\"><i><b>Finalement, ils d\u00e9bouchent aussi dans la non-dualit\u00e9. Du moins, ceux qui ont eu cette exp\u00e9rience le disent.<\/b><\/i><\/span><\/span><\/span><\/p>\n<p align=\"justify\"><span style=\"color: #000000;\"><span style=\"font-family: Times New Roman,serif;\"><span style=\"font-size: medium;\">je suis tout \u00e0 fait d&rsquo;accord. De mani\u00e8re g\u00e9n\u00e9rale pour\u00adquoi ne pas se servir d&rsquo;\u00e9l\u00e9ments de la dualit\u00e9 ? Seulement, en gardant toujours pr\u00e9sente en soi la confiance, l&rsquo;\u00e9vidence, la certitude de l&rsquo;arri\u00e8re-plan non-duel. Il n&rsquo;y a que l&rsquo;Un, uni\u00adquement lui et rien d&rsquo;autre.<\/span><\/span><\/span><\/p>\n<p align=\"justify\"><i><b><span style=\"color: #000000;\"><span style=\"font-family: Times New Roman,serif;\"><span style=\"font-size: medium;\">Vous avez sp\u00e9cifi\u00e9 un jour que \u00ab le corps se vit \u00bb. Com\u00adment ne pas \u00eatre affect\u00e9 par un \u00e9v\u00e9nement ext\u00e9rieur, r\u00e9p\u00e9titif, qui agit sur lui ?<\/span><\/span><\/span><\/b><\/i><\/p>\n<p align=\"justify\"><span style=\"color: #000000;\"><span style=\"font-family: Times New Roman,serif;\"><span style=\"font-size: medium;\">Lorsqu&rsquo;on d\u00e9molit une maison \u00e0 c\u00f4t\u00e9 de la v\u00f4tre, le corps r\u00e9agit, c&rsquo;est une r\u00e9flexe de survie biologique, une d\u00e9fense naturelle. Une r\u00e9action psychologique n&rsquo;a pas lieu d&rsquo;\u00eatre. Que d\u00e9fendre puisqu&rsquo;en r\u00e9alit\u00e9 la personne n&rsquo;est qu&rsquo;un leurre !<\/span><\/span><\/span><\/p>\n<p align=\"justify\"><i><b><span style=\"color: #000000;\"><span style=\"font-family: Times New Roman,serif;\"><span style=\"font-size: medium;\">Mais notre corps souffre, il s&rsquo;exprime !<\/span><\/span><\/span><\/b><\/i><\/p>\n<p align=\"justify\"><span style=\"color: #000000;\"><span style=\"font-family: Times New Roman,serif;\"><span style=\"font-size: medium;\">Oui, un tr\u00e8s grand bruit peut affecter votre organisme, c&rsquo;est incontestable. Vouloir alors vous s\u00e9parez de votre corps rel\u00e8ve du fakirisme et non pas de la spiritualit\u00e9. Il est normal qu&rsquo;il ait une r\u00e9action de protection devant un tr\u00e8s grand bruit.<\/span><\/span><\/span><\/p>\n<p align=\"justify\"><i><b><span style=\"color: #000000;\"><span style=\"font-family: Times New Roman,serif;\"><span style=\"font-size: medium;\">Devons-nous alors accepter ce bruit ?<\/span><\/span><\/span><\/b><\/i><\/p>\n<p align=\"justify\"><span style=\"color: #000000;\"><span style=\"font-family: Times New Roman,serif;\"><span style=\"font-size: medium;\">C&rsquo;est uniquement dans l&rsquo;acceptation que vous vivrez lib\u00e9r\u00e9 des r\u00e9actions <\/span><\/span><\/span><span style=\"color: #000000;\"><span style=\"font-family: Times New Roman,serif;\"><span style=\"font-size: medium;\">somatiques.<\/span><\/span><\/span><span style=\"color: #000000;\"><span style=\"font-family: Times New Roman,serif;\"><span style=\"font-size: medium;\"> Il vous arrive quelquefois, de faire abstraction du bruit : vous \u00eates par exemple, assis \u00e0 votre table de travail, compl\u00e8tement absorb\u00e9 dans vos pens\u00e9es, dans ce que vous \u00e9crivez. A ce moment-l\u00e0, vous n&rsquo;entendez pas le bruit provoqu\u00e9 par la maison en voie de destruction. Par la suite, si le bruit vous ram\u00e8ne \u00e0 la conscience physique, vous sentez tout votre organisme en d\u00e9fense, il se met \u00e0 trembler.<\/span><\/span><\/span><\/p>\n<p align=\"justify\"><i><b><span style=\"color: #000000;\"><span style=\"font-family: Times New Roman,serif;\"><span style=\"font-size: medium;\">Il est donc normal de faire cette constatation ? <\/span><\/span><\/span><\/b><\/i><\/p>\n<p align=\"justify\"><span style=\"color: #000000;\"><span style=\"font-family: Times New Roman,serif;\"><span style=\"font-size: medium;\">Oui, parfaitement.<\/span><\/span><\/span><\/p>\n<p align=\"justify\"><i><b><span style=\"color: #000000;\"><span style=\"font-family: Times New Roman,serif;\"><span style=\"font-size: medium;\">Je saisis mal la diff\u00e9rence entre acceptation et r\u00e9signation. Pourriez-vous m&rsquo;\u00e9clairer sur ce point ?<\/span><\/span><\/span><\/b><\/i><\/p>\n<p align=\"justify\"><span style=\"color: #000000;\"><span style=\"font-family: Times New Roman,serif;\"><span style=\"font-size: medium;\">L&rsquo;acceptation est un acte conscient, la r\u00e9signation est purement intellectuelle, c&rsquo;est le mental, c&rsquo;est-\u00e0-dire le moi, la personne qui se r\u00e9signe. L&rsquo;acceptation, c&rsquo;est notre totalit\u00e9, la<\/span><\/span><\/span><\/p>\n<p align=\"justify\"><span style=\"color: #000000;\"><span style=\"font-family: Times New Roman,serif;\"><span style=\"font-size: medium;\">conscience qui accepte \u2013 ce n&rsquo;est pas une attitude fataliste : on accepte les choses en vue de les comprendre, comme un scientifique. En tout cas, c&rsquo;est ainsi que je me l&rsquo;explique. La non-acceptation vous rend complice de la souffrance parce qu&rsquo;elle y contribue.<\/span><\/span><\/span><\/p>\n<p align=\"justify\"><i><b><span style=\"color: #000000;\"><span style=\"font-family: Times New Roman,serif;\"><span style=\"font-size: medium;\">N&rsquo;y a-t-il pas une intention dans l&rsquo;acceptation ?<\/span><\/span><\/span><\/b><\/i><\/p>\n<p align=\"justify\"><span style=\"color: #000000;\"><span style=\"font-family: Times New Roman,serif;\"><span style=\"font-size: medium;\">Plut\u00f4t un l\u00e2cher prise. Vous partez d\u00e9j\u00e0 d&rsquo;un terrain de d\u00e9fense, par votre question. Dans une v\u00e9ritable acceptation, aucune interf\u00e9rence psychologique n&rsquo;intervient.<\/span><\/span><\/span><\/p>\n<p align=\"justify\"><i><b><span style=\"color: #000000;\"><span style=\"font-family: Times New Roman,serif;\"><span style=\"font-size: medium;\">Qu&rsquo;est-ce qu&rsquo;une bonne question ?<\/span><\/span><\/span><\/b><\/i><\/p>\n<p align=\"justify\"><span style=\"color: #000000;\"><span style=\"font-family: Times New Roman,serif;\"><span style=\"font-size: medium;\">Celle qui rel\u00e8ve d&rsquo;une lecture, d&rsquo;une information de seconde main ou de croyances n&rsquo;en est pas une. Derri\u00e8re les interrogations, il y a en g\u00e9n\u00e9ral le moi qui veut se s\u00e9curiser. Lorsque vous exp\u00e9rimentez quelque chose du genre : \u00ab J&rsquo;ai peur \u00bb ou \u00ab je suis jaloux \u00bb, l&rsquo;exp\u00e9rience et l&rsquo;exp\u00e9rimentateur se manifestent. C&rsquo;est une interpellation v\u00e9cue.<\/span><\/span><\/span><\/p>\n<p align=\"justify\"><i><b><span style=\"color: #000000;\"><span style=\"font-family: Times New Roman,serif;\"><span style=\"font-size: medium;\">Les gens se mettent souvent \u00e0 rire au moment o\u00f9 je pose une question. Je ne cherche pourtant pas \u00e0 faire rire ! Est-ce l&rsquo;expression d&rsquo;une joie ou simplement un signe de nervosit\u00e9 ?<\/span><\/span><\/span><\/b><\/i><\/p>\n<p align=\"justify\"><span style=\"color: #000000;\"><span style=\"font-family: Times New Roman,serif;\"><span style=\"font-size: medium;\">Vous pensez probablement que c&rsquo;est une critique puisque vous \u00e9mettez ce doute. Sachez cohabiter avec ce qui vous inqui\u00e8te sans en \u00eatre troubl\u00e9, sans chercher d&rsquo;explication ; comme si vous regardiez une fleur jusqu&rsquo;\u00e0 son \u00e9panouissement.<\/span><\/span><\/span><\/p>\n<p align=\"justify\"><span style=\"color: #000000;\"><span style=\"font-family: Times New Roman,serif;\"><span style=\"font-size: medium;\">Vivre avec une question est un tr\u00e8s grand art, la r\u00e9ponse est d\u00e9j\u00e0 en elle, car elle pr\u00e9existe au dilemme qui se pose \u00e0 vous. C&rsquo;est dans cette attente qui ne s&rsquo;objective, ne se pense, ni ne se localise que vous r\u00e9alisez la r\u00e9ponse, l&rsquo;essence de vous-m\u00eame. Elle sait, elle sent ce qu&rsquo;elle attend. C&rsquo;est un moment merveilleux, compl\u00e8tement vacant. Personne n&rsquo;est pr\u00e9sent.<\/span><\/span><\/span><\/p>\n<p align=\"justify\"><span style=\"color: #000000;\"><span style=\"font-family: Times New Roman,serif;\"><span style=\"font-size: medium;\">Dans cette absence se trouve la pr\u00e9sence. Cette compr\u00e9hension nous vide compl\u00e8tement la t\u00eate. En termes religieux, nous pourrions dire : il reste uniquement le <\/span><\/span><\/span><span style=\"color: #000000;\"><span style=\"font-family: Times New Roman,serif;\"><span style=\"font-size: medium;\">c\u0153ur.<\/span><\/span><\/span><\/p>\n<p align=\"justify\"><i><b><span style=\"color: #000000;\"><span style=\"font-family: Times New Roman,serif;\"><span style=\"font-size: medium;\">Je voudrais revenir sur la notion de critique au sujet du rire. N&rsquo;y aurait-il pas dans ce rire, la compr\u00e9hension de <\/span><\/span><\/span><span style=\"color: #000000;\"><span style=\"font-family: Times New Roman,serif;\"><span style=\"font-size: medium;\">c\u0153ur<\/span><\/span><\/span><span style=\"color: #000000;\"><span style=\"font-family: Times New Roman,serif;\"><span style=\"font-size: medium;\"> de nos propres na\u00efvet\u00e9s, de nos propres erreurs et de nos propres \u00e9garements ?<\/span><\/span><\/span><\/b><\/i><\/p>\n<p align=\"justify\"><span style=\"color: #000000;\"><span style=\"font-family: Times New Roman,serif;\"><span style=\"font-size: medium;\">Ce n&rsquo;est pas un rire alors, c&rsquo;est un sourire.<\/span><\/span><\/span><\/p>\n<p align=\"justify\"><span style=\"color: #000000;\"><span style=\"font-family: Times New Roman,serif;\"><span style=\"font-size: medium;\">Ne cherchez pas \u00e0 vous rem\u00e9morer ce que nous venons d&rsquo;\u00e9laborer ensemble, le mental n&rsquo;est pas concern\u00e9. Maintenez cela vivant en vous-m\u00eame, contemplez-le. Oubliez la fleur et gardez son parfum.<\/span><\/span><\/span><\/p>\n","protected":false},"excerpt":{"rendered":"<p>(Revue \u00catre. No 1. 1992) Le titre est de 3e Mill\u00e9naire L&rsquo;attitude juste consiste \u00e0 observer son corps et ses pen\u00ads\u00e9es avec le regard du scientifique dans son laboratoire, nous dites-vous. On s&rsquo;aper\u00e7oit tout d&rsquo;abord que le mental fonctionne sur plusieurs plans de mani\u00e8re dispers\u00e9e. C&rsquo;est donc par l&rsquo;arr\u00eat de cette dispersion qu&rsquo;il peut se [&hellip;]<\/p>\n","protected":false},"author":2,"featured_media":12583,"comment_status":"closed","ping_status":"closed","sticky":false,"template":"","format":"standard","meta":{"footnotes":""},"categories":[5,231],"tags":[1318,1353,8,1354],"class_list":["post-17186","post","type-post","status-publish","format-standard","has-post-thumbnail","hentry","category-interview","category-j-klein","tag-acceptation","tag-aperception","tag-non-dualite","tag-resignation"],"yoast_head":"<!-- This site is optimized with the Yoast SEO plugin v27.0 - https:\/\/yoast.com\/product\/yoast-seo-wordpress\/ -->\n<title>La voie directe par Jean Klein - 3e mill\u00e9naire - Spiritualit\u00e9 - Connaissance de soi - Non-dualit\u00e9 - M\u00e9ditation<\/title>\n<meta name=\"robots\" content=\"index, follow, max-snippet:-1, max-image-preview:large, max-video-preview:-1\" \/>\n<link rel=\"canonical\" href=\"https:\/\/www.revue3emillenaire.com\/blog\/la-voie-directe-par-jean-klein\/\" \/>\n<meta property=\"og:locale\" content=\"fr_FR\" \/>\n<meta property=\"og:type\" content=\"article\" \/>\n<meta property=\"og:title\" content=\"La voie directe par Jean Klein - 3e mill\u00e9naire - Spiritualit\u00e9 - Connaissance de soi - Non-dualit\u00e9 - M\u00e9ditation\" \/>\n<meta property=\"og:description\" content=\"(Revue \u00catre. No 1. 1992) Le titre est de 3e Mill\u00e9naire L&rsquo;attitude juste consiste \u00e0 observer son corps et ses pen\u00ads\u00e9es avec le regard du scientifique dans son laboratoire, nous dites-vous. On s&rsquo;aper\u00e7oit tout d&rsquo;abord que le mental fonctionne sur plusieurs plans de mani\u00e8re dispers\u00e9e. C&rsquo;est donc par l&rsquo;arr\u00eat de cette dispersion qu&rsquo;il peut se [&hellip;]\" \/>\n<meta property=\"og:url\" content=\"https:\/\/www.revue3emillenaire.com\/blog\/la-voie-directe-par-jean-klein\/\" \/>\n<meta property=\"og:site_name\" content=\"3e mill\u00e9naire - Spiritualit\u00e9 - Connaissance de soi - Non-dualit\u00e9 - M\u00e9ditation\" \/>\n<meta property=\"article:published_time\" content=\"2016-04-10T22:55:29+00:00\" \/>\n<meta property=\"article:modified_time\" content=\"2016-04-10T22:56:39+00:00\" \/>\n<meta property=\"og:image\" content=\"https:\/\/www.revue3emillenaire.com\/blog\/wp-content\/uploads\/2012\/12\/jklein4.jpg\" \/>\n\t<meta property=\"og:image:width\" content=\"334\" \/>\n\t<meta property=\"og:image:height\" content=\"392\" \/>\n\t<meta property=\"og:image:type\" content=\"image\/jpeg\" \/>\n<meta name=\"author\" content=\"3e mill\u00e9naire\" \/>\n<meta name=\"twitter:card\" content=\"summary_large_image\" \/>\n<meta name=\"twitter:label1\" content=\"\u00c9crit par\" \/>\n\t<meta name=\"twitter:data1\" content=\"3e mill\u00e9naire\" \/>\n\t<meta name=\"twitter:label2\" content=\"Dur\u00e9e de lecture estim\u00e9e\" \/>\n\t<meta name=\"twitter:data2\" content=\"8 minutes\" \/>\n<script type=\"application\/ld+json\" class=\"yoast-schema-graph\">{\"@context\":\"https:\/\/schema.org\",\"@graph\":[{\"@type\":\"Article\",\"@id\":\"https:\/\/www.revue3emillenaire.com\/blog\/la-voie-directe-par-jean-klein\/#article\",\"isPartOf\":{\"@id\":\"https:\/\/www.revue3emillenaire.com\/blog\/la-voie-directe-par-jean-klein\/\"},\"author\":{\"name\":\"3e mill\u00e9naire\",\"@id\":\"https:\/\/www.revue3emillenaire.com\/blog\/#\/schema\/person\/b692dacff720a5344a6190bc714397eb\"},\"headline\":\"La voie directe par Jean Klein\",\"datePublished\":\"2016-04-10T22:55:29+00:00\",\"dateModified\":\"2016-04-10T22:56:39+00:00\",\"mainEntityOfPage\":{\"@id\":\"https:\/\/www.revue3emillenaire.com\/blog\/la-voie-directe-par-jean-klein\/\"},\"wordCount\":1622,\"image\":{\"@id\":\"https:\/\/www.revue3emillenaire.com\/blog\/la-voie-directe-par-jean-klein\/#primaryimage\"},\"thumbnailUrl\":\"https:\/\/www.revue3emillenaire.com\/blog\/wp-content\/uploads\/2012\/12\/jklein4.jpg\",\"keywords\":[\"Acceptation\",\"Aperception\",\"Non-dualit\u00e9\",\"R\u00e9signation\"],\"articleSection\":[\"Entretien\/Interview\",\"Klein Jean\"],\"inLanguage\":\"fr-FR\"},{\"@type\":\"WebPage\",\"@id\":\"https:\/\/www.revue3emillenaire.com\/blog\/la-voie-directe-par-jean-klein\/\",\"url\":\"https:\/\/www.revue3emillenaire.com\/blog\/la-voie-directe-par-jean-klein\/\",\"name\":\"La voie directe par Jean Klein - 3e mill\u00e9naire - Spiritualit\u00e9 - Connaissance de soi - Non-dualit\u00e9 - M\u00e9ditation\",\"isPartOf\":{\"@id\":\"https:\/\/www.revue3emillenaire.com\/blog\/#website\"},\"primaryImageOfPage\":{\"@id\":\"https:\/\/www.revue3emillenaire.com\/blog\/la-voie-directe-par-jean-klein\/#primaryimage\"},\"image\":{\"@id\":\"https:\/\/www.revue3emillenaire.com\/blog\/la-voie-directe-par-jean-klein\/#primaryimage\"},\"thumbnailUrl\":\"https:\/\/www.revue3emillenaire.com\/blog\/wp-content\/uploads\/2012\/12\/jklein4.jpg\",\"datePublished\":\"2016-04-10T22:55:29+00:00\",\"dateModified\":\"2016-04-10T22:56:39+00:00\",\"author\":{\"@id\":\"https:\/\/www.revue3emillenaire.com\/blog\/#\/schema\/person\/b692dacff720a5344a6190bc714397eb\"},\"breadcrumb\":{\"@id\":\"https:\/\/www.revue3emillenaire.com\/blog\/la-voie-directe-par-jean-klein\/#breadcrumb\"},\"inLanguage\":\"fr-FR\",\"potentialAction\":[{\"@type\":\"ReadAction\",\"target\":[\"https:\/\/www.revue3emillenaire.com\/blog\/la-voie-directe-par-jean-klein\/\"]}]},{\"@type\":\"ImageObject\",\"inLanguage\":\"fr-FR\",\"@id\":\"https:\/\/www.revue3emillenaire.com\/blog\/la-voie-directe-par-jean-klein\/#primaryimage\",\"url\":\"https:\/\/www.revue3emillenaire.com\/blog\/wp-content\/uploads\/2012\/12\/jklein4.jpg\",\"contentUrl\":\"https:\/\/www.revue3emillenaire.com\/blog\/wp-content\/uploads\/2012\/12\/jklein4.jpg\",\"width\":\"334\",\"height\":\"392\"},{\"@type\":\"BreadcrumbList\",\"@id\":\"https:\/\/www.revue3emillenaire.com\/blog\/la-voie-directe-par-jean-klein\/#breadcrumb\",\"itemListElement\":[{\"@type\":\"ListItem\",\"position\":1,\"name\":\"Accueil\",\"item\":\"https:\/\/www.revue3emillenaire.com\/blog\/\"},{\"@type\":\"ListItem\",\"position\":2,\"name\":\"La voie directe par Jean Klein\"}]},{\"@type\":\"WebSite\",\"@id\":\"https:\/\/www.revue3emillenaire.com\/blog\/#website\",\"url\":\"https:\/\/www.revue3emillenaire.com\/blog\/\",\"name\":\"3e mill\u00e9naire - Spiritualit\u00e9 - Connaissance de soi - Non-dualit\u00e9 - M\u00e9ditation\",\"description\":\"L&#039;Homme en devenir\",\"potentialAction\":[{\"@type\":\"SearchAction\",\"target\":{\"@type\":\"EntryPoint\",\"urlTemplate\":\"https:\/\/www.revue3emillenaire.com\/blog\/?s={search_term_string}\"},\"query-input\":{\"@type\":\"PropertyValueSpecification\",\"valueRequired\":true,\"valueName\":\"search_term_string\"}}],\"inLanguage\":\"fr-FR\"},{\"@type\":\"Person\",\"@id\":\"https:\/\/www.revue3emillenaire.com\/blog\/#\/schema\/person\/b692dacff720a5344a6190bc714397eb\",\"name\":\"3e mill\u00e9naire\",\"url\":\"https:\/\/www.revue3emillenaire.com\/blog\/author\/scoussa\/\"}]}<\/script>\n<!-- \/ Yoast SEO plugin. -->","yoast_head_json":{"title":"La voie directe par Jean Klein - 3e mill\u00e9naire - Spiritualit\u00e9 - Connaissance de soi - Non-dualit\u00e9 - M\u00e9ditation","robots":{"index":"index","follow":"follow","max-snippet":"max-snippet:-1","max-image-preview":"max-image-preview:large","max-video-preview":"max-video-preview:-1"},"canonical":"https:\/\/www.revue3emillenaire.com\/blog\/la-voie-directe-par-jean-klein\/","og_locale":"fr_FR","og_type":"article","og_title":"La voie directe par Jean Klein - 3e mill\u00e9naire - Spiritualit\u00e9 - Connaissance de soi - Non-dualit\u00e9 - M\u00e9ditation","og_description":"(Revue \u00catre. No 1. 1992) Le titre est de 3e Mill\u00e9naire L&rsquo;attitude juste consiste \u00e0 observer son corps et ses pen\u00ads\u00e9es avec le regard du scientifique dans son laboratoire, nous dites-vous. On s&rsquo;aper\u00e7oit tout d&rsquo;abord que le mental fonctionne sur plusieurs plans de mani\u00e8re dispers\u00e9e. C&rsquo;est donc par l&rsquo;arr\u00eat de cette dispersion qu&rsquo;il peut se [&hellip;]","og_url":"https:\/\/www.revue3emillenaire.com\/blog\/la-voie-directe-par-jean-klein\/","og_site_name":"3e mill\u00e9naire - Spiritualit\u00e9 - Connaissance de soi - Non-dualit\u00e9 - M\u00e9ditation","article_published_time":"2016-04-10T22:55:29+00:00","article_modified_time":"2016-04-10T22:56:39+00:00","og_image":[{"width":334,"height":392,"url":"https:\/\/www.revue3emillenaire.com\/blog\/wp-content\/uploads\/2012\/12\/jklein4.jpg","type":"image\/jpeg"}],"author":"3e mill\u00e9naire","twitter_card":"summary_large_image","twitter_misc":{"\u00c9crit par":"3e mill\u00e9naire","Dur\u00e9e de lecture estim\u00e9e":"8 minutes"},"schema":{"@context":"https:\/\/schema.org","@graph":[{"@type":"Article","@id":"https:\/\/www.revue3emillenaire.com\/blog\/la-voie-directe-par-jean-klein\/#article","isPartOf":{"@id":"https:\/\/www.revue3emillenaire.com\/blog\/la-voie-directe-par-jean-klein\/"},"author":{"name":"3e mill\u00e9naire","@id":"https:\/\/www.revue3emillenaire.com\/blog\/#\/schema\/person\/b692dacff720a5344a6190bc714397eb"},"headline":"La voie directe par Jean Klein","datePublished":"2016-04-10T22:55:29+00:00","dateModified":"2016-04-10T22:56:39+00:00","mainEntityOfPage":{"@id":"https:\/\/www.revue3emillenaire.com\/blog\/la-voie-directe-par-jean-klein\/"},"wordCount":1622,"image":{"@id":"https:\/\/www.revue3emillenaire.com\/blog\/la-voie-directe-par-jean-klein\/#primaryimage"},"thumbnailUrl":"https:\/\/www.revue3emillenaire.com\/blog\/wp-content\/uploads\/2012\/12\/jklein4.jpg","keywords":["Acceptation","Aperception","Non-dualit\u00e9","R\u00e9signation"],"articleSection":["Entretien\/Interview","Klein Jean"],"inLanguage":"fr-FR"},{"@type":"WebPage","@id":"https:\/\/www.revue3emillenaire.com\/blog\/la-voie-directe-par-jean-klein\/","url":"https:\/\/www.revue3emillenaire.com\/blog\/la-voie-directe-par-jean-klein\/","name":"La voie directe par Jean Klein - 3e mill\u00e9naire - Spiritualit\u00e9 - Connaissance de soi - Non-dualit\u00e9 - M\u00e9ditation","isPartOf":{"@id":"https:\/\/www.revue3emillenaire.com\/blog\/#website"},"primaryImageOfPage":{"@id":"https:\/\/www.revue3emillenaire.com\/blog\/la-voie-directe-par-jean-klein\/#primaryimage"},"image":{"@id":"https:\/\/www.revue3emillenaire.com\/blog\/la-voie-directe-par-jean-klein\/#primaryimage"},"thumbnailUrl":"https:\/\/www.revue3emillenaire.com\/blog\/wp-content\/uploads\/2012\/12\/jklein4.jpg","datePublished":"2016-04-10T22:55:29+00:00","dateModified":"2016-04-10T22:56:39+00:00","author":{"@id":"https:\/\/www.revue3emillenaire.com\/blog\/#\/schema\/person\/b692dacff720a5344a6190bc714397eb"},"breadcrumb":{"@id":"https:\/\/www.revue3emillenaire.com\/blog\/la-voie-directe-par-jean-klein\/#breadcrumb"},"inLanguage":"fr-FR","potentialAction":[{"@type":"ReadAction","target":["https:\/\/www.revue3emillenaire.com\/blog\/la-voie-directe-par-jean-klein\/"]}]},{"@type":"ImageObject","inLanguage":"fr-FR","@id":"https:\/\/www.revue3emillenaire.com\/blog\/la-voie-directe-par-jean-klein\/#primaryimage","url":"https:\/\/www.revue3emillenaire.com\/blog\/wp-content\/uploads\/2012\/12\/jklein4.jpg","contentUrl":"https:\/\/www.revue3emillenaire.com\/blog\/wp-content\/uploads\/2012\/12\/jklein4.jpg","width":"334","height":"392"},{"@type":"BreadcrumbList","@id":"https:\/\/www.revue3emillenaire.com\/blog\/la-voie-directe-par-jean-klein\/#breadcrumb","itemListElement":[{"@type":"ListItem","position":1,"name":"Accueil","item":"https:\/\/www.revue3emillenaire.com\/blog\/"},{"@type":"ListItem","position":2,"name":"La voie directe par Jean Klein"}]},{"@type":"WebSite","@id":"https:\/\/www.revue3emillenaire.com\/blog\/#website","url":"https:\/\/www.revue3emillenaire.com\/blog\/","name":"3e mill\u00e9naire - Spiritualit\u00e9 - Connaissance de soi - Non-dualit\u00e9 - M\u00e9ditation","description":"L&#039;Homme en devenir","potentialAction":[{"@type":"SearchAction","target":{"@type":"EntryPoint","urlTemplate":"https:\/\/www.revue3emillenaire.com\/blog\/?s={search_term_string}"},"query-input":{"@type":"PropertyValueSpecification","valueRequired":true,"valueName":"search_term_string"}}],"inLanguage":"fr-FR"},{"@type":"Person","@id":"https:\/\/www.revue3emillenaire.com\/blog\/#\/schema\/person\/b692dacff720a5344a6190bc714397eb","name":"3e mill\u00e9naire","url":"https:\/\/www.revue3emillenaire.com\/blog\/author\/scoussa\/"}]}},"_links":{"self":[{"href":"https:\/\/www.revue3emillenaire.com\/blog\/wp-json\/wp\/v2\/posts\/17186","targetHints":{"allow":["GET"]}}],"collection":[{"href":"https:\/\/www.revue3emillenaire.com\/blog\/wp-json\/wp\/v2\/posts"}],"about":[{"href":"https:\/\/www.revue3emillenaire.com\/blog\/wp-json\/wp\/v2\/types\/post"}],"author":[{"embeddable":true,"href":"https:\/\/www.revue3emillenaire.com\/blog\/wp-json\/wp\/v2\/users\/2"}],"replies":[{"embeddable":true,"href":"https:\/\/www.revue3emillenaire.com\/blog\/wp-json\/wp\/v2\/comments?post=17186"}],"version-history":[{"count":0,"href":"https:\/\/www.revue3emillenaire.com\/blog\/wp-json\/wp\/v2\/posts\/17186\/revisions"}],"wp:featuredmedia":[{"embeddable":true,"href":"https:\/\/www.revue3emillenaire.com\/blog\/wp-json\/wp\/v2\/media\/12583"}],"wp:attachment":[{"href":"https:\/\/www.revue3emillenaire.com\/blog\/wp-json\/wp\/v2\/media?parent=17186"}],"wp:term":[{"taxonomy":"category","embeddable":true,"href":"https:\/\/www.revue3emillenaire.com\/blog\/wp-json\/wp\/v2\/categories?post=17186"},{"taxonomy":"post_tag","embeddable":true,"href":"https:\/\/www.revue3emillenaire.com\/blog\/wp-json\/wp\/v2\/tags?post=17186"}],"curies":[{"name":"wp","href":"https:\/\/api.w.org\/{rel}","templated":true}]}}