{"id":17232,"date":"2016-05-26T22:59:13","date_gmt":"2016-05-26T21:59:13","guid":{"rendered":"http:\/\/www.revue3emillenaire.com\/blog\/?p=17232"},"modified":"2016-05-26T22:59:13","modified_gmt":"2016-05-26T21:59:13","slug":"misere-du-marxisme-richesse-de-soljenitsyne-par-dominique-fache","status":"publish","type":"post","link":"https:\/\/www.revue3emillenaire.com\/blog\/misere-du-marxisme-richesse-de-soljenitsyne-par-dominique-fache\/","title":{"rendered":"Mis\u00e8re du marxisme, richesse de Soljenitsyne par Dominique Fache"},"content":{"rendered":"<p align=\"justify\"><span style=\"color: #000000;\"><span style=\"font-size: medium;\"><span lang=\"fr-CA\">(Revue Question De. No 2. 1e trimestre 1974)<\/span><\/span><\/span><\/p>\n<p align=\"justify\"><span style=\"color: #000000;\"><span style=\"font-size: medium;\"><span lang=\"fr-CA\"><i><b>Les journaux, la radio, la t\u00e9l\u00e9vision nous ont toujours donn\u00e9 de <a href=\"https:\/\/fr.wikipedia.org\/wiki\/Alexandre_Soljenitsyne\">Soljenitsyne<\/a> <\/b><\/i><\/span><\/span><\/span><span style=\"color: #000000;\"><span style=\"font-size: medium;\"><span lang=\"fr-CA\"><i><b>(1918-2008) <\/b><\/i><\/span><\/span><\/span><span style=\"color: #000000;\"><span style=\"font-size: medium;\"><span lang=\"fr-CA\"><i><b>l\u2019image d&rsquo;un \u00e9crivain \u00ab engag\u00e9 \u00bb dans un combat id\u00e9ologique contre les abus de la soci\u00e9t\u00e9 sovi\u00e9tique. Or, cet aspect de Soljenitsyne est comme l&rsquo;arbre qui cache la for\u00eat. Son \u00eatre profond ne peut \u00eatre r\u00e9v\u00e9l\u00e9 que par une lecture attentive de son \u0153uvre. Alors appara\u00eet l&rsquo;homme traditionnel, l&rsquo;ami de Dieu et, comme en filigrane, le chr\u00e9tien orthodoxe qui, de sa ferveur, r\u00e9g\u00e9n\u00e8re la terre russe. Ainsi, le cri de Soljenitsyne monte non plus seulement comme un cri de r\u00e9volte contre la soci\u00e9t\u00e9, mais aussi comme un appel \u00e0 la r\u00e9surrection de l&rsquo;\u00e2me russe par-del\u00e0 l&rsquo;image du citoyen sovi\u00e9tique.<\/b><\/i><\/span><\/span><\/span><\/p>\n<p align=\"justify\"><span style=\"color: #000000;\"><span style=\"font-size: medium;\"><span lang=\"fr-CA\">La confusion la plus grande r\u00e8gne dans la litt\u00e9rature occidentale au sujet de Soljenitsyne ; on a vite fait de crier au g\u00e9nie, de parler d&rsquo;\u00ab \u00e2me russe \u00bb (quelle d\u00e9licieuse tarte \u00e0 la cr\u00e8me permettant d&rsquo;\u00e9viter d&rsquo;aborder les questions de fond), de souligner la ligne de Tolsto\u00ef et de Dosto\u00efevski. Selon ses convictions, on voit en Soljenitsyne soit un conservateur nationaliste, archa\u00efsant et orthodoxe, soit un d\u00e9fenseur de la l\u00e9galit\u00e9 socialiste, pr\u00eachant un retour au vrai l\u00e9ninisme en Russie, soit, franchement, un malade atteint de d\u00e9lire n\u00e9gativisant et de pessimisme ontologique (les fameuses lunettes noires et l&rsquo;\u00e9quilibre \u00e0 respecter entre aspects positifs et n\u00e9gatifs de la r\u00e9alit\u00e9), soit, enfin, la grande conscience spirituelle s\u00e9cr\u00e9t\u00e9e par l&rsquo;histoire russe du XXe si\u00e8cle.<\/span><\/span><\/span><\/p>\n<p align=\"justify\"><span style=\"color: #000000;\"><span style=\"font-size: medium;\"><span lang=\"fr-CA\"><b>Derri\u00e8re l&rsquo;homme public, l&rsquo;homme secret<\/b><\/span><\/span><\/span><\/p>\n<p align=\"justify\"><span style=\"color: #000000;\"><span style=\"font-size: medium;\"><span lang=\"fr-CA\">Qui \u00eates-vous M. Soljenitsyne ? Votre r\u00e9pugnance pour les journalistes et les interviews nous met dans l&#8217;embarras. Pourtant les journaux parlent de vous, sont pleins de vous, oserais-je m\u00eame dire. La d\u00e9fense des droits de l&rsquo;homme et de l&rsquo;\u00e9crivain, la d\u00e9nonciation des abus de la soci\u00e9t\u00e9 sovi\u00e9tique vous arrachent des protestations path\u00e9tiques dont la violence est \u00e0 la mesure des blessures et des humiliations qui vous ont \u00e9t\u00e9 inflig\u00e9es. Cela, c&rsquo;est le Soljenitsyne dont on parle, d&rsquo;autant plus qu&rsquo;il reste, volontairement ou par la force des choses, assez myst\u00e9rieux.<\/span><\/span><\/span><\/p>\n<p align=\"justify\"><span style=\"color: #000000;\"><span style=\"font-size: medium;\"><span lang=\"fr-CA\">Mais l&rsquo;homme profond et sa Weltanschauung sont souvent pass\u00e9s sous silence ; pourtant, c&rsquo;est la seule part du monde de Soljenitsyne \u00e0 laquelle nous pouvons vraiment acc\u00e9der. Deux phrases cl\u00e9s dans son entretien avec le journaliste tch\u00e9coslovaque Pavel Licko vont servir de point de d\u00e9part \u00e0 notre r\u00e9flexion sur <\/span><\/span><\/span><span style=\"color: #000000;\"><span style=\"font-size: medium;\"><span lang=\"fr-CA\">l\u2019\u0153uvre<\/span><\/span><\/span><span style=\"color: #000000;\"><span style=\"font-size: medium;\"><span lang=\"fr-CA\"> du grand \u00e9crivain russe. \u00ab L&rsquo;homme est un \u00eatre physiologique et spirituel avant d&rsquo;\u00eatre un membre de la soci\u00e9t\u00e9. \u00bb \u00ab De nos jours o\u00f9 <\/span><\/span><\/span><span style=\"color: #000000;\"><span style=\"font-size: medium;\"><span lang=\"fr-CA\">[<\/span><\/span><\/span><span style=\"color: #000000;\"><span style=\"font-size: medium;\"><span lang=\"fr-CA\">&#8230;] la religion a perdu de son influence dans le monde entier, l&rsquo;\u00e9crivain est charg\u00e9 d&rsquo;un lourd fardeau. Il doit occuper une place vide. \u00bb<\/span><\/span><\/span><\/p>\n<p align=\"justify\"><span style=\"color: #000000;\"><span style=\"font-size: medium;\"><span lang=\"fr-CA\">Expliquer en quoi <\/span><\/span><\/span><span style=\"color: #000000;\"><span style=\"font-size: medium;\"><span lang=\"fr-CA\">l\u2019\u0153uvre<\/span><\/span><\/span><span style=\"color: #000000;\"><span style=\"font-size: medium;\"><span lang=\"fr-CA\"> de Soljenitsyne d\u00e9veloppe une mystique de l&rsquo;homme et pourquoi sa cr\u00e9ation acquiert une valeur <\/span><\/span><\/span><span style=\"color: #000000;\"><span style=\"font-size: medium;\"><span lang=\"fr-CA\">transcendantale<\/span><\/span><\/span><span style=\"color: #000000;\"><span style=\"font-size: medium;\"><span lang=\"fr-CA\">, r\u00e9conciliant V\u00e9rit\u00e9 et Beaut\u00e9, semble \u00eatre la vraie question plut\u00f4t que de discourir sur le publiciste et de contribuer, par l\u00e0 m\u00eame, \u00e0 une pol\u00e9mique qui ressemble fort \u00e0 l&rsquo;arbre qui cache la for\u00eat.<\/span><\/span><\/span><\/p>\n<p align=\"justify\"><b><span style=\"color: #000000;\"><span style=\"font-size: medium;\"><span lang=\"fr-CA\">Le Mal r\u00e9v\u00e9lateur renvoie \u00e0 l&rsquo;essentiel<\/span><\/span><\/span><\/b><\/p>\n<p align=\"justify\"><span style=\"color: #000000;\"><span style=\"font-size: medium;\"><span lang=\"fr-CA\">L&rsquo;homme est au centre de la vision du monde de Soljenitsyne, non pas l&rsquo;homme en tant qu&rsquo;entit\u00e9 abstraite, \u00e9l\u00e9ment appel\u00e9 \u00e0 se combiner en communaut\u00e9, mais l&rsquo;homme en tant qu&rsquo;\u00eatre spirituel, irr\u00e9ductible, libre et unique. Dans l&rsquo;aseptisation niveleuse de la soci\u00e9t\u00e9 rationnelle, sa dimension v\u00e9ritable avait disparu et il avait pu prendre la r\u00e8gle de l&rsquo;\u00e9go\u00efsme rationnel pour le fondement de la vie. Le pr\u00e9cepte : \u00ab Faites toujours ce qui profite le plus \u00e0 votre parti \u00bb s&rsquo;appuie sur le caract\u00e8re passager des concepts de Justice et de Bont\u00e9. Mais la souffrance, qui n&rsquo;est autre que le Mal en action, ouvre les yeux et fait dispara\u00eetre de l&rsquo;horizon les fausses valeurs qui l&rsquo;avaient obscurci. Les romans de Soljenitsyne ont un caract\u00e8re \u00ab simple \u00bb (m\u00eame <\/span><\/span><\/span><span style=\"color: #000000;\"><span style=\"font-size: medium;\"><span lang=\"fr-CA\"><i>Ao\u00fbt 14<\/i><\/span><\/span><\/span><span style=\"color: #000000;\"><span style=\"font-size: medium;\"><span lang=\"fr-CA\">), dans ce sens qu&rsquo;ils sont d\u00e9barrass\u00e9s de l&rsquo;omnipr\u00e9sence du dogme et de ses miasmes, et que l&rsquo;homme s&rsquo;y retrouve confront\u00e9 aux questions essentielles.<\/span><\/span><\/span><\/p>\n<p align=\"justify\"><b><span style=\"color: #000000;\"><span style=\"font-size: medium;\"><span lang=\"fr-CA\">La souffrance a une fonction initiatique<\/span><\/span><\/span><\/b><\/p>\n<p align=\"justify\"><span style=\"color: #000000;\"><span style=\"font-size: medium;\"><span lang=\"fr-CA\">La vision de Soljenitsyne n&rsquo;est pas, comme on aurait pu le craindre et comme certains l&rsquo;ont dit, prisonni\u00e8re de l&rsquo;exp\u00e9rience carc\u00e9rale, et la perspective religieuse de son interrogation sur la libert\u00e9 n&rsquo;est pas un stigmate de ses souffrances. Mais elle n&rsquo;est pas non plus une qu\u00eate gratuite, d\u00e9sincarn\u00e9e et abstraite, proche de l&rsquo;esprit occidental, mais inconcevable pour un homme nourri de culture et de spiritualit\u00e9 russes.<\/span><\/span><\/span><\/p>\n<p align=\"justify\"><span style=\"color: #000000;\"><span style=\"font-size: medium;\"><span lang=\"fr-CA\">Le Mal joue le r\u00f4le que jouent, chez Dosto\u00efveski, le meurtre, la folie ou le suicide, \u00e0 savoir de mettre en contact, \u00e0 la faveur d&rsquo;une situation de crise, l&rsquo;homme avec les fins derni\u00e8res, de le r\u00e9v\u00e9ler \u00e0 sa r\u00e9alit\u00e9 profonde. Le cancer remplit cette m\u00eame fonction initiatique pour les personnages du Pavillon des canc\u00e9reux ; il est l&rsquo;heure de v\u00e9rit\u00e9 pour les individus, de m\u00eame que les souffrances caus\u00e9es par le stalinisme sont l&rsquo;heure de v\u00e9rit\u00e9 pour le peuple russe. D&rsquo;un premier niveau r\u00e9aliste d\u00e9crit comme tel, le cr\u00e9ateur fait jaillir une signification symbolique beaucoup plus riche. L&rsquo;art de Soljenitsyne est ici eschatologique.<\/span><\/span><\/span><\/p>\n<p align=\"justify\"><b><span style=\"color: #000000;\"><span style=\"font-size: medium;\"><span lang=\"fr-CA\">Sur les \u00e9paules du juste, le fardeau des p\u00e9ch\u00e9s<\/span><\/span><\/span><\/b><\/p>\n<p align=\"justify\"><span style=\"color: #000000;\"><span style=\"font-size: medium;\"><span lang=\"fr-CA\">Le d\u00e9nuement le plus total, le malheur et la souffrance rendent paradoxalement plus libre et plus vrai l&rsquo;homme tant il est nu et d\u00e9pouill\u00e9 de toute contingence. \u00ab Tu devrais comprendre sur le plan spirituel le r\u00f4le du Bien et du Mal dans la vie humaine. Il n&rsquo;y a pas de meilleur endroit pour le faire qu&rsquo;en prison \u00bb, dit Sologdine dans <\/span><\/span><\/span><span style=\"color: #000000;\"><span style=\"font-size: medium;\"><span lang=\"fr-CA\"><i>le Premier cercle<\/i><\/span><\/span><\/span><span style=\"color: #000000;\"><span style=\"font-size: medium;\"><span lang=\"fr-CA\">. Les masques tombent d&rsquo;eux-m\u00eames et, pour Pavel Roussanov, le dogme n&rsquo;est plus d&rsquo;aucune utilit\u00e9 devant la mort.<\/span><\/span><\/span><\/p>\n<p align=\"justify\"><span style=\"color: #000000;\"><span style=\"font-size: medium;\"><span lang=\"fr-CA\">Si la vision du Mal est, chez Dosto\u00efevski, plus m\u00e9taphysique et, chez Soljenitsyne, plus sociale et historique, ils s&rsquo;accordent cependant sur le r\u00f4le r\u00e9dempteur de la souffrance. Ce n&rsquo;est pas un hasard, car ils s&rsquo;abreuvent \u00e0 la m\u00eame source, celle de la tradition orthodoxe et de sa religion du Christ. Aucune teinte d&rsquo;orgueil dans cette vision christique de l&rsquo;homme ; Matriona n&rsquo;est-elle pas l&rsquo;\u00eatre le plus humble et l&rsquo;image de la r\u00e9signation la plus parfaite ? Et pourtant, \u00ab nous tous qui vivions \u00e0 ses c\u00f4t\u00e9s, n&rsquo;avions pas compris qu&rsquo;elle \u00e9tait ce juste dont on parle dans le proverbe et sans lequel il n&rsquo;est village qui tienne.<\/span><\/span><\/span><\/p>\n<p align=\"justify\"><span style=\"color: #000000;\"><span style=\"font-size: medium;\"><span lang=\"fr-CA\">Ni ville.<\/span><\/span><\/span><\/p>\n<p align=\"justify\"><span style=\"color: #000000;\"><span style=\"font-size: medium;\"><span lang=\"fr-CA\">Ni notre terre enti\u00e8re. \u00bb<\/span><\/span><\/span><\/p>\n<p align=\"justify\"><span style=\"color: #000000;\"><span style=\"font-size: medium;\"><span lang=\"fr-CA\">Soljenitsyne est tr\u00e8s sensible \u00e0 cette image du juste qui prend sur lui les p\u00e9ch\u00e9s des autres et les rach\u00e8te par son sacrifice. C&rsquo;est incontestablement un des aspects de son personnage qui, d&rsquo;un c\u00f4t\u00e9, bataille durement avec les autorit\u00e9s pour d\u00e9fendre les droits de l&rsquo;homme et de l&rsquo;\u00e9crivain, mais, de l&rsquo;autre, appara\u00eet comme J\u00e9sus de Nazareth face \u00e0 Pilate, seul et d\u00e9sarm\u00e9, prenant sur lui les p\u00e9ch\u00e9s de la Russie et de son histoire et pr\u00eat \u00e0 expier pour elle. \u00ab Un \u00e9crivain est le complice de tout le mal commis dans sa patrie ou par les siens \u00bb, dit-il fort clairement dans le discours pour le prix Nobel. Non que la Russie se d\u00e9robe ; elle expie elle-m\u00eame, apr\u00e8s les Tatares, les illusions mat\u00e9rialistes de l&rsquo;Occident progressiste. Le drame de la Russie est que le chemin de la V\u00e9rit\u00e9 passe in\u00e9luctablement pour elle par la souffrance. L&rsquo;Histoire n&rsquo;a de sens que dans la mesure o\u00f9 l&rsquo;homme y affirme sa dimension int\u00e9rieure. L&rsquo;homme, l&rsquo;artiste et la Russie sont unis dans la vision \u00ab\u00a0christocentrique \u00bb de Soljenitsyne.<\/span><\/span><\/span><\/p>\n<p align=\"justify\"><b><span style=\"color: #000000;\"><span style=\"font-size: medium;\"><span lang=\"fr-CA\">L&rsquo;homme libre transcende l&rsquo;Histoire<\/span><\/span><\/span><\/b><\/p>\n<p align=\"justify\"><span style=\"color: #000000;\"><span style=\"font-size: medium;\"><span lang=\"fr-CA\">Apr\u00e8s la r\u00e9f\u00e9rence \u00e0 Dosto\u00efevski pour la libert\u00e9, la r\u00e9f\u00e9rence \u00e0 Tolsto\u00ef s&rsquo;impose pour l&rsquo;Histoire. La philosophie marxiste, qui assoit sa vision de l&rsquo;Histoire sur la lutte des classes, s&rsquo;est r\u00e9v\u00e9l\u00e9e incapable (hormis Roy Medvedev <\/span><\/span><\/span><span style=\"color: #000000;\"><span style=\"font-size: medium;\"><span lang=\"fr-CA\">[<a class=\"sdfootnoteanc\" href=\"#sdfootnote1sym\" name=\"sdfootnote1anc\"><sup>1<\/sup><\/a>]<\/span><\/span><\/span><span style=\"color: #000000;\"><span style=\"font-size: medium;\"><span lang=\"fr-CA\"> interdit et pers\u00e9cut\u00e9 dans son propre pays) de rendre compte du stalinisme et du drame qu&rsquo;il a engendr\u00e9 dans le peuple russe.<\/span><\/span><\/span><\/p>\n<p align=\"justify\"><span style=\"color: #000000;\"><span style=\"font-size: medium;\"><span lang=\"fr-CA\">Soljenitsyne r\u00e9tablit l&rsquo;histoire russe dans sa dimension tragique et humaine ; il rend \u00e0 la Russie un patrimoine certes fort douloureux, mais qui appartient d\u00e9sormais \u00e0 sa conscience spirituelle et que les errements du dogme avaient vid\u00e9 de sa substance humaine. Avec la s\u00e9r\u00e9nit\u00e9 d&rsquo;une homme qui a v\u00e9cu dans sa chair cette histoire, Soljenitsyne en retire la preuve de la sup\u00e9riorit\u00e9 de l&rsquo;amour sur les autres cat\u00e9gories de l&rsquo;esprit humain. L&rsquo;exemple le plus \u00e9clatant en restera toujours pour lui la poign\u00e9e de main du g\u00e9n\u00e9ral Travkin, son commandant en chef en Prusse, alors qu&rsquo;en 1945 la police politique vient l&rsquo;arr\u00eater pour avoir, dans une correspondance priv\u00e9e, os\u00e9 critiquer les m\u00e9rites guerriers du g\u00e9nial P\u00e8re des peuples. Il consid\u00e8re toujours ce geste comme le plus courageux de toute la guerre. L&rsquo;Histoire se joue \u00e0 chaque instant sur le destin de chaque homme ; chaque individu a en soi une force qui transcende l&rsquo;Histoire. A ce moment, il n&rsquo;y a ni rapport de forces, ni production d&rsquo;acier, ni nombre de divisions, ni lutte de classes qui tiennent. La conscience de la responsabilit\u00e9 individuelle dans le destin de la Russie est tr\u00e8s forte, \u00e9videmment, chez Samsonov qui ne peut survivre \u00e0 la d\u00e9faite, chez Vorotyntsev, chez Nerjine et m\u00eame, malgr\u00e9 les apparences, chez Kostoglotov. Elle est tr\u00e8s forte \u00e9galement chez le d\u00e9tenu Soljenitsyne qui prend la d\u00e9cision h\u00e9ro\u00efque de quitter la charachka pour un camp de r\u00e9gime commun beaucoup plus dur. \u00ab Vendre son \u00e2me pour une gamelle de plus\u00a0\u00bb, voil\u00e0 qui e\u00fbt retir\u00e9 tout sens \u00e0 l&rsquo;\u00e9preuve.<\/span><\/span><\/span><\/p>\n<p align=\"justify\"><b><span style=\"color: #000000;\"><span style=\"font-size: medium;\"><span lang=\"fr-CA\">L&rsquo;imposture des \u00ab lendemains qui chantent \u00bb<\/span><\/span><\/span><\/b><\/p>\n<p align=\"justify\"><span style=\"color: #000000;\"><span style=\"font-size: medium;\"><span lang=\"fr-CA\">Si le sacrifice est accept\u00e9 et m\u00eame recherch\u00e9 par l&rsquo;individu (voil\u00e0 bien une id\u00e9e \u00e9trang\u00e8re \u00e0 celle de l&rsquo;int\u00e9r\u00eat raisonnable vant\u00e9e par Tchernychevski, un des p\u00e8res du mouvement r\u00e9volutionnaire et auteur pr\u00e9f\u00e9r\u00e9 de L\u00e9nine, dans son roman <\/span><\/span><\/span><span style=\"color: #000000;\"><span style=\"font-size: medium;\"><span lang=\"fr-CA\"><i>Que faire ?<\/i><\/span><\/span><\/span><span style=\"color: #000000;\"><span style=\"font-size: medium;\"><span lang=\"fr-CA\">) comme une gr\u00e2ce et une r\u00e9v\u00e9lation, Soljenitsyne s&rsquo;interroge dans une des <\/span><\/span><\/span><span style=\"color: #000000;\"><span style=\"font-size: medium;\"><span lang=\"fr-CA\"><i>Miniatures<\/i><\/span><\/span><\/span><span style=\"color: #000000;\"><span style=\"font-size: medium;\"><span lang=\"fr-CA\">, <\/span><\/span><\/span><span style=\"color: #000000;\"><span style=\"font-size: medium;\"><span lang=\"fr-CA\"><i>la Ville sur la Neva<\/i><\/span><\/span><\/span><span style=\"color: #000000;\"><span style=\"font-size: medium;\"><span lang=\"fr-CA\">, sur le sens cosmique de ce sacrifice : \u00ab C&rsquo;est terrible \u00e0 penser, mais alors toutes nos vies sacrifi\u00e9es, toutes nos vies boiteuses, et toutes ces explosions de nos d\u00e9saccords, les g\u00e9missements des fusill\u00e9s et les larmes des \u00e9pouses \u2014 est-ce que tout cela sera oubli\u00e9 tout \u00e0 fait ? est-ce que tout cela donnera la m\u00eame beaut\u00e9 \u00e9ternelle et achev\u00e9e ? \u00bb Le sacrifice est accept\u00e9 comme \u00e9l\u00e9ment participant \u00e0 la Beaut\u00e9 (krasota) \u00e9ternelle, m\u00eame si, devant l&rsquo;absurdit\u00e9 de la souffrance, le doute s&rsquo;insinue. Par contre, le sacrifice au nom de l&rsquo;avenir des g\u00e9n\u00e9rations futures et d&rsquo;une id\u00e9e du bonheur, abstraite et toujours repouss\u00e9e dans le lointain, est inacceptable. C&rsquo;est l&rsquo;imposture du progr\u00e8s qui sacrifie l&rsquo;homme \u00e0 une vision illusoire de l&rsquo;Histoire. Si on retire l&rsquo;id\u00e9e du perfectionnement spirituel, alors l&rsquo;Histoire devient priv\u00e9e de sens et tragiquement cruelle. Quand l&rsquo;Histoire se trompe, la v\u00e9rit\u00e9 appartient aux chr\u00e9tiens des catacombes. Et l&rsquo;Histoire s&rsquo;est tromp\u00e9e avec la Russie, semble vouloir dire Soljenitsyne.<\/span><\/span><\/span><\/p>\n<p align=\"justify\"><b><span style=\"color: #000000;\"><span style=\"font-size: medium;\"><span lang=\"fr-CA\">L&rsquo;harmonie spirituelle r\u00e9concilie l&rsquo;homme et la cr\u00e9ation<\/span><\/span><\/span><\/b><\/p>\n<p align=\"justify\"><span style=\"color: #000000;\"><span style=\"font-size: medium;\"><span lang=\"fr-CA\">L&rsquo;erreur tragique du stalinisme est d\u00e9nonc\u00e9e avec v\u00e9h\u00e9mence du point de vue de l&rsquo;\u00e9thique, une \u00e9thique qui, chez Soljenitsyne, est d&rsquo;essence plut\u00f4t la\u00efque, tr\u00e8s p\u00e9n\u00e9tr\u00e9e de la notion de V\u00e9rit\u00e9 (pravda), mot russe qui englobe \u00e0 la fois la v\u00e9rit\u00e9 et la justice. L&rsquo;esth\u00e9tique de Soljenitsyne prend, dans la trag\u00e9die de l&rsquo;homme et de l&rsquo;histoire russes, une tout autre valeur. De toute son <\/span><\/span><\/span><span style=\"color: #000000;\"><span style=\"font-size: medium;\"><span lang=\"fr-CA\">\u0153uvre<\/span><\/span><\/span><span style=\"color: #000000;\"><span style=\"font-size: medium;\"><span lang=\"fr-CA\"> sourd le sentiment que, malgr\u00e9 tous les malheurs et toutes les souffrances \u2014 et peut-\u00eatre gr\u00e2ce \u00e0 eux \u2014, une harmonie sup\u00e9rieure se d\u00e9gage du destin de l&rsquo;homme russe. Une harmonie qui n&rsquo;a rien \u00e0 voir avec celle \u00e9ternellement promise et repouss\u00e9e dans le futur de la soci\u00e9t\u00e9 id\u00e9ale, une harmonie spirituelle, int\u00e9rieure, qui r\u00e9concilie l&rsquo;homme avec la cr\u00e9ation. C&rsquo;est de cette m\u00eame harmonie dont parle Dosto\u00efevski par la bouche de Dimitri Karamazov : \u00ab La beaut\u00e9, c&rsquo;est une chose effrayante et terrible&#8230; L\u00e0 les rivages se joignent, les contradictions cohabitent&#8230; Ce qui para\u00eet infamie \u00e0 l&rsquo;esprit est v\u00e9ritable beaut\u00e9 <\/span><\/span><\/span><span style=\"color: #000000;\"><span style=\"font-size: medium;\"><span lang=\"fr-CA\">p<\/span><\/span><\/span><span style=\"color: #000000;\"><span style=\"font-size: medium;\"><span lang=\"fr-CA\">our le <\/span><\/span><\/span><span style=\"color: #000000;\"><span style=\"font-size: medium;\"><span lang=\"fr-CA\">c\u0153ur.<\/span><\/span><\/span><span style=\"color: #000000;\"><span style=\"font-size: medium;\"><span lang=\"fr-CA\"> \u00bb<\/span><\/span><\/span><\/p>\n<p align=\"justify\"><span style=\"color: #000000;\"><span style=\"font-size: medium;\"><span lang=\"fr-CA\">On retrouve \u00e9galement ce tragique d\u00e9doublement de l<\/span><\/span><\/span><span style=\"color: #000000;\"><span style=\"font-size: medium;\"><span lang=\"fr-CA\">a<\/span><\/span><\/span><span style=\"color: #000000;\"><span style=\"font-size: medium;\"><span lang=\"fr-CA\"> conscience esth\u00e9tique, tortur\u00e9e par le si\u00e8cle, mais l<\/span><\/span><\/span><span style=\"color: #000000;\"><span style=\"font-size: medium;\"><span lang=\"fr-CA\">e<\/span><\/span><\/span><span style=\"color: #000000;\"><span style=\"font-size: medium;\"><span lang=\"fr-CA\"> transcendant par l&rsquo;Art, dans le film de Tarkovski <\/span><\/span><\/span><span style=\"color: #000000;\"><span style=\"font-size: medium;\"><span lang=\"fr-CA\">[<a class=\"sdfootnoteanc\" href=\"#sdfootnote2sym\" name=\"sdfootnote2anc\"><sup>2<\/sup><\/a>]<\/span><\/span><\/span><span style=\"color: #000000;\"><span style=\"font-size: medium;\"><span lang=\"fr-CA\"> relatant la vie du peintre d&rsquo;ic\u00f4nes Andr\u00e9i Roubliov. <\/span><\/span><\/span><span style=\"color: #000000;\"><span style=\"font-size: medium;\"><span lang=\"fr-CA\">L\u2019ic\u00f4ne<\/span><\/span><\/span><span style=\"color: #000000;\"><span style=\"font-size: medium;\"><span lang=\"fr-CA\"> de la Trinit\u00e9, reflet d&rsquo;une harmonie sereine et mis\u00e9ricordieuse, jaillit du XVe si\u00e8cle, comble du chaos, de <\/span><\/span><\/span><span style=\"color: #000000;\"><span style=\"font-size: medium;\"><span lang=\"fr-CA\">la<\/span><\/span><\/span><span style=\"color: #000000;\"><span style=\"font-size: medium;\"><span lang=\"fr-CA\"> souffrance et de la cruaut\u00e9 illustr\u00e9s par l&rsquo;invasion d<\/span><\/span><\/span><span style=\"color: #000000;\"><span style=\"font-size: medium;\"><span lang=\"fr-CA\">e<\/span><\/span><\/span><span style=\"color: #000000;\"><span style=\"font-size: medium;\"><span lang=\"fr-CA\"> la horde tatare, comme le hosanna de la Russie. L&rsquo;ar<\/span><\/span><\/span><span style=\"color: #000000;\"><span style=\"font-size: medium;\"><span lang=\"fr-CA\">t<\/span><\/span><\/span><span style=\"color: #000000;\"><span style=\"font-size: medium;\"><span lang=\"fr-CA\">iste l&#8217;emporte sur l&rsquo;Histoire, la sublime en une beaut<\/span><\/span><\/span><span style=\"color: #000000;\"><span style=\"font-size: medium;\"><span lang=\"fr-CA\">\u00e9<\/span><\/span><\/span><span style=\"color: #000000;\"><span style=\"font-size: medium;\"><span lang=\"fr-CA\"> plus achev\u00e9e. Dans le film, les ic\u00f4nes, pour lesquelles seule est utilis\u00e9e la couleur, constituent l&rsquo;apoth\u00e9ose e<\/span><\/span><\/span><span style=\"color: #000000;\"><span style=\"font-size: medium;\"><span lang=\"fr-CA\">t<\/span><\/span><\/span><span style=\"color: #000000;\"><span style=\"font-size: medium;\"><span lang=\"fr-CA\"> le rachat de toutes les souffrances.<\/span><\/span><\/span><\/p>\n<p align=\"justify\"><b><span style=\"color: #000000;\"><span style=\"font-size: medium;\"><span lang=\"fr-CA\">La Beaut\u00e9 pour sauver du n\u00e9ant<\/span><\/span><\/span><\/b><\/p>\n<p align=\"justify\"><span style=\"color: #000000;\"><span style=\"font-size: medium;\"><span lang=\"fr-CA\">La red\u00e9couverte de la Beaut\u00e9 baptismale du monde, la r\u00e9invention de la gr\u00e2ce, l&rsquo;affirmation de la p\u00e9rennit\u00e9 et de la force de l&rsquo;image du Christ et de la culture chr\u00e9tienne sont au <\/span><\/span><\/span><span style=\"color: #000000;\"><span style=\"font-size: medium;\"><span lang=\"fr-CA\">c\u0153ur<\/span><\/span><\/span><span style=\"color: #000000;\"><span style=\"font-size: medium;\"><span lang=\"fr-CA\"> de l&rsquo;art de Soljenitsyne. La figure de Matriona est baign\u00e9e de la m\u00eame lumi\u00e8re apaisante et r\u00e9conciliatrice que l&rsquo;image de l&rsquo;ange du milieu (celui qui tend la main vers le calice) de la Trinit\u00e9. Avec Ivan Denissovitch et Kostoglotov <\/span><\/span><\/span><span style=\"color: #000000;\"><span style=\"font-size: medium;\"><span lang=\"fr-CA\">[<a class=\"sdfootnoteanc\" href=\"#sdfootnote3sym\" name=\"sdfootnote3anc\"><sup>3<\/sup><\/a>]<\/span><\/span><\/span><span style=\"color: #000000;\"><span style=\"font-size: medium;\"><span lang=\"fr-CA\"> (ou Nerjine <\/span><\/span><\/span><span style=\"color: #000000;\"><span style=\"font-size: medium;\"><span lang=\"fr-CA\">[<a class=\"sdfootnoteanc\" href=\"#sdfootnote4sym\" name=\"sdfootnote4anc\"><sup>4<\/sup><\/a>]<\/span><\/span><\/span><span style=\"color: #000000;\"><span style=\"font-size: medium;\"><span lang=\"fr-CA\">, ou Vorotyntsev <\/span><\/span><\/span><span style=\"color: #000000;\"><span style=\"font-size: medium;\"><span lang=\"fr-CA\">[<a class=\"sdfootnoteanc\" href=\"#sdfootnote5sym\" name=\"sdfootnote5anc\"><sup>5<\/sup><\/a>]<\/span><\/span><\/span><span style=\"color: #000000;\"><span style=\"font-size: medium;\"><span lang=\"fr-CA\">), n&rsquo;est-elle pas la trinit\u00e9 symbolique de l&rsquo;histoire russe du XXe si\u00e8cle ? Au-del\u00e0 de l&rsquo;angoisse et du pessimisme, s&rsquo;\u00e9claire la question pos\u00e9e dans le discours du prix Nobel : \u00ab\u00a0Un jour, Dosto\u00efevski a laiss\u00e9 tomber cette remarque \u00e9nigmatique : \u00ab\u00a0La Beaut\u00e9 sauvera le monde\u00a0\u00bb&#8230; Quand donc, au cours de l&rsquo;Histoire assoiff\u00e9e de sang, la Beaut\u00e9 a-t-elle sauv\u00e9 quelqu&rsquo;un de quoi que ce soit ? Et s&rsquo;\u00e9claire aussi la r\u00e9ponse : \u00ab Il y a une particularit\u00e9 dans l&rsquo;essence de la Beaut\u00e9 ainsi que dans la fonction de l&rsquo;Art : la force de persuasion de <\/span><\/span><\/span><span style=\"color: #000000;\"><span style=\"font-size: medium;\"><span lang=\"fr-CA\">l\u2019\u0153uvre<\/span><\/span><\/span><span style=\"color: #000000;\"><span style=\"font-size: medium;\"><span lang=\"fr-CA\"> d&rsquo;art v\u00e9ritable est totalement invincible et soumet m\u00eame un <\/span><\/span><\/span><span style=\"color: #000000;\"><span style=\"font-size: medium;\"><span lang=\"fr-CA\">c\u0153ur<\/span><\/span><\/span><span style=\"color: #000000;\"><span style=\"font-size: medium;\"><span lang=\"fr-CA\"> ennemi&#8230; Ce qu&rsquo;a \u00e9crit Dosto\u00efevski n&rsquo;est pas un lapsus, mais une proph\u00e9tie&#8230; Et alors l&rsquo;Art, la Litt\u00e9rature peuvent r\u00e9ellement aider le monde d&rsquo;aujourd&rsquo;hui. \u00bb<\/span><\/span><\/span><\/p>\n<p align=\"justify\"><span style=\"color: #000000;\"><span style=\"font-size: medium;\"><span lang=\"fr-CA\">La Beaut\u00e9 sauve de l&rsquo;essentiel, du n\u00e9ant. La Trinit\u00e9 de Roubliov, engendr\u00e9e par la souffrance de la Russie, donne un sens \u00e0 son sacrifice. Voici bien la v\u00e9ritable dimension de <\/span><\/span><\/span><span style=\"color: #000000;\"><span style=\"font-size: medium;\"><span lang=\"fr-CA\">l\u2019\u0153uvre<\/span><\/span><\/span><span style=\"color: #000000;\"><span style=\"font-size: medium;\"><span lang=\"fr-CA\"> de Soljenitsyne. Une telle vision d\u00e9passe les limites de la simple foi chr\u00e9tienne. La d\u00e9fense de l&rsquo;h\u00e9ritage chr\u00e9tien orthodoxe (voir les c\u00e9r\u00e9monies religieuses dans <\/span><\/span><\/span><span style=\"color: #000000;\"><span style=\"font-size: medium;\"><span lang=\"fr-CA\"><i>Ao\u00fbt 14 <\/i><\/span><\/span><\/span><span style=\"color: #000000;\"><span style=\"font-size: medium;\"><span lang=\"fr-CA\">ou le r\u00e9cit <\/span><\/span><\/span><span style=\"color: #000000;\"><span style=\"font-size: medium;\"><span lang=\"fr-CA\"><i>la Procession pascale<\/i><\/span><\/span><\/span><span style=\"color: #000000;\"><span style=\"font-size: medium;\"><span lang=\"fr-CA\">, ou m\u00eame la lettre au patriarche Pim\u00e8ne) et la r\u00e9habilitation de l&rsquo;histoire russe passent au second plan devant la d\u00e9couverte de la beaut\u00e9 spirituelle de l&rsquo;homme.<\/span><\/span><\/span><\/p>\n<p align=\"justify\"><b><span style=\"color: #000000;\"><span style=\"font-size: medium;\"><span lang=\"fr-CA\">La r\u00e9ponse au marxisme<\/span><\/span><\/span><\/b><\/p>\n<p align=\"justify\"><span style=\"color: #000000;\"><span style=\"font-size: medium;\"><span lang=\"fr-CA\">Comment ne pas terminer par la magnifique parabole de la Qu\u00eate du Graal qui est une des cl\u00e9s non seulement de la symbolique du Premier cercle, mais de toute <\/span><\/span><\/span><span style=\"color: #000000;\"><span style=\"font-size: medium;\"><span lang=\"fr-CA\">l\u2019\u0153uvre<\/span><\/span><\/span><span style=\"color: #000000;\"><span style=\"font-size: medium;\"><span lang=\"fr-CA\"> de Soljenitsyne ? Le dialogue de Nerjine et de Kondrachev : \u00ab\u00a0\u2014 L\u00e0-bas, ce n&rsquo;est pas seulement notre harmonie spirituelle, mais aussi les derniers vestiges de notre conscience qu&rsquo;ils exigent de nous en \u00e9change de deux cent cinquante grammes de pain noir&#8230;<\/span><\/span><\/span><\/p>\n<p align=\"justify\"><span style=\"color: #000000;\"><span style=\"font-size: medium;\"><span lang=\"fr-CA\">\u00ab\u00a0\u2014 &#8230; Aucun camp ne doit briser la beaut\u00e9 spirituelle d&rsquo;un homme.<\/span><\/span><\/span><\/p>\n<p align=\"justify\"><span style=\"color: #000000;\"><span style=\"font-size: medium;\"><span lang=\"fr-CA\">\u00ab\u00a0\u2014 Peut-\u00eatre qu&rsquo;il ne doit pas, mais il la brise&#8230;<\/span><\/span><\/span><\/p>\n<p align=\"justify\"><span style=\"color: #000000;\"><span style=\"font-size: medium;\"><span lang=\"fr-CA\">\u00ab\u00a0\u2014 Un \u00eatre humain poss\u00e8de depuis sa naissance une certaine essence&#8230; il a en lui une image de la Perfection qui, dans de rares moments, \u00e9merge soudain devant son regard spirituel. \u00bb<\/span><\/span><\/span><\/p>\n<p align=\"justify\"><span style=\"color: #000000;\"><span style=\"font-size: medium;\"><span lang=\"fr-CA\">Ce dialogue se termine par l&rsquo;image du chevalier arrivant devant le ch\u00e2teau du saint Graal.<\/span><\/span><\/span><\/p>\n<p align=\"justify\"><span style=\"color: #000000;\"><span style=\"font-size: medium;\"><span lang=\"fr-CA\">\u00ab\u00a0Mais ce n&rsquo;\u00e9tait pas l&rsquo;ab\u00eeme que regardait le cavalier. Stup\u00e9fait, il regardait au loin o\u00f9 une lumi\u00e8re d&rsquo;un or rougeoyant, venant peut-\u00eatre du soleil, brillait derri\u00e8re un ch\u00e2teau. Au sommet de la montagne [&#8230;], s&rsquo;\u00e9levant vers le ciel, aussi irr\u00e9el que si c&rsquo;\u00e9tait une construction de nuages, vibrant, vague et pourtant visible dans sa perfection qui n&rsquo;\u00e9tait pas de ce monde, se dressait le ch\u00e2teau aur\u00e9ol\u00e9 de violet du saint Graal. \u00bb<\/span><\/span><\/span><\/p>\n<p align=\"justify\"><span style=\"color: #000000;\"><span style=\"font-size: medium;\"><span lang=\"fr-CA\">Devant la mis\u00e8re de la philosophie marxiste qui ne peut opposer que la prison ou, solution plus conforme \u00e0 sa propre logique, l&rsquo;asile \u00e0 la libert\u00e9 et \u00e0 l&rsquo;exigence d&rsquo;absolu de l&rsquo;homme, la Qu\u00eate du Graal, avec toute sa force et sa richesse po\u00e9tique, symbolise ce moment d&rsquo;\u00e9ternit\u00e9 qu&rsquo;est la d\u00e9couverte religieuse de la Beaut\u00e9 du monde.<\/span><\/span><\/span><\/p>\n<p align=\"justify\"><span style=\"color: #000000;\"><span style=\"font-size: medium;\"><span lang=\"fr-CA\">Ainsi <\/span><\/span><\/span><span style=\"color: #000000;\"><span style=\"font-size: medium;\"><span lang=\"fr-CA\">l\u2019\u0153uvre<\/span><\/span><\/span><span style=\"color: #000000;\"><span style=\"font-size: medium;\"><span lang=\"fr-CA\"> de Soljenitsyne r\u00e9concilie l&rsquo;homme avec la transcendance dans et malgr\u00e9 l&rsquo;Histoire. La V\u00e9rit\u00e9 (pravda) et la Beaut\u00e9 (krasota), dans leur sens russe profond de v\u00e9rit\u00e9-justice et d&rsquo;harmonie spirituelle, se fondent pour ouvrir sur une v\u00e9ritable et salvatrice mystique de l&rsquo;homme.<\/span><\/span><\/span><\/p>\n<p align=\"justify\"><b><span style=\"color: #000000;\"><span style=\"font-size: medium;\"><span lang=\"fr-CA\">LIRE OU RELIRE&#8230;<\/span><\/span><\/span><\/b><\/p>\n<p align=\"justify\"><span style=\"color: #000000;\"><span style=\"font-size: medium;\"><span lang=\"fr-CA\">Quelques o<\/span><\/span><\/span><span style=\"color: #000000;\"><span style=\"font-size: medium;\"><span lang=\"fr-CA\">uvrages de Soljenitsyne en fran\u00e7ais :<\/span><\/span><\/span><span style=\"color: #000000;\"><span style=\"font-size: medium;\"><span lang=\"fr-CA\"><i> le Pavillon des canc\u00e9reux,<\/i><\/span><\/span><\/span> <span style=\"color: #000000;\"><span style=\"font-size: medium;\"><span lang=\"fr-CA\"><i>le Premier Cercle<\/i><\/span><\/span><\/span><span style=\"color: #000000;\"><span style=\"font-size: medium;\"><span lang=\"fr-CA\">, <\/span><\/span><\/span><span style=\"color: #000000;\"><span style=\"font-size: medium;\"><span lang=\"fr-CA\"><i>la Maison de Matriona<\/i><\/span><\/span><\/span><span style=\"color: #000000;\"><span style=\"font-size: medium;\"><span lang=\"fr-CA\"> (tous trois au Livre de poche) ; <\/span><\/span><\/span><span style=\"color: #000000;\"><span style=\"font-size: medium;\"><span lang=\"fr-CA\"><i>Une journ\u00e9e d&rsquo;Ivan Denissovitch<\/i><\/span><\/span><\/span><span style=\"color: #000000;\"><span style=\"font-size: medium;\"><span lang=\"fr-CA\"> (U.G.E., coll. \u00ab 10\/18 \u00bb) ; l<\/span><\/span><\/span><span style=\"color: #000000;\"><span style=\"font-size: medium;\"><span lang=\"fr-CA\"><i>es Droits de l&rsquo;\u00e9crivain et le discours du prix Nobel<\/i><\/span><\/span><\/span><span style=\"color: #000000;\"><span style=\"font-size: medium;\"><span lang=\"fr-CA\"> (Le Seuil) ; <\/span><\/span><\/span><span style=\"color: #000000;\"><span style=\"font-size: medium;\"><span lang=\"fr-CA\"><i>Miniatures<\/i><\/span><\/span><\/span><span style=\"color: #000000;\"><span style=\"font-size: medium;\"><span lang=\"fr-CA\">, l<\/span><\/span><\/span><span style=\"color: #000000;\"><span style=\"font-size: medium;\"><span lang=\"fr-CA\"><i>a Main droite<\/i><\/span><\/span><\/span><span style=\"color: #000000;\"><span style=\"font-size: medium;\"><span lang=\"fr-CA\">, <\/span><\/span><\/span><span style=\"color: #000000;\"><span style=\"font-size: medium;\"><span lang=\"fr-CA\"><i>la Procession de P\u00e2ques<\/i><\/span><\/span><\/span><span style=\"color: #000000;\"><span style=\"font-size: medium;\"><span lang=\"fr-CA\">, plus un dossier sur Soljenitsyne (Cahiers de L&rsquo;Herne) ; <\/span><\/span><\/span><span style=\"color: #000000;\"><span style=\"font-size: medium;\"><span lang=\"fr-CA\"><i>Ao\u00fbt 14 <\/i><\/span><\/span><\/span><span style=\"color: #000000;\"><span style=\"font-size: medium;\"><span lang=\"fr-CA\">(Le Seuil) ; <\/span><\/span><\/span><span style=\"color: #000000;\"><span style=\"font-size: medium;\"><span lang=\"fr-CA\"><i>le Cerf et la Putain <\/i><\/span><\/span><\/span><span style=\"color: #000000;\"><span style=\"font-size: medium;\"><span lang=\"fr-CA\">(Robert Laffont).<\/span><\/span><\/span><\/p>\n<p align=\"justify\"><span style=\"color: #000000;\"><span style=\"font-size: medium;\"><span lang=\"fr-CA\">Sur Soljenitsyne lui-m\u00eame, G. Lukacs : <\/span><\/span><\/span><span style=\"color: #000000;\"><span style=\"font-size: medium;\"><span lang=\"fr-CA\"><i>Soljenitsyne<\/i><\/span><\/span><\/span><span style=\"color: #000000;\"><span style=\"font-size: medium;\"><span lang=\"fr-CA\"> (Gallimard) ; P. Daix : <\/span><\/span><\/span><span style=\"color: #000000;\"><span style=\"font-size: medium;\"><span lang=\"fr-CA\"><i>Ce que je sais de Soljenitsyne<\/i><\/span><\/span><\/span><span style=\"color: #000000;\"><span style=\"font-size: medium;\"><span lang=\"fr-CA\"> (Le Seuil) ; A. Martin : <\/span><\/span><\/span><span style=\"color: #000000;\"><span style=\"font-size: medium;\"><span lang=\"fr-CA\"><i>Soljenitsyne, le croyant<\/i><\/span><\/span><\/span><span style=\"color: #000000;\"><span style=\"font-size: medium;\"><span lang=\"fr-CA\"> (Albatros) ; Burg et Feifer\u00a0: <\/span><\/span><\/span><span style=\"color: #000000;\"><span style=\"font-size: medium;\"><span lang=\"fr-CA\"><i>Soljenitsyne, sa vie<\/i><\/span><\/span><\/span><span style=\"color: #000000;\"><span style=\"font-size: medium;\"><span lang=\"fr-CA\"> (Robert Laffont). Voir aussi les dossiers du Monde (23 octobre 1970 et 2 juillet 1971), l&rsquo;interview avec A. Jacob (29 ao\u00fbt 1973), le Figaro du 19 octobre 1970 et le t\u00e9moignage de D. Panine (13 octobre 1973).<\/span><\/span><\/span><\/p>\n<p align=\"justify\"><span style=\"color: #000000;\"><span style=\"font-size: medium;\"><span lang=\"fr-CA\">Autour du sujet, on pourra lire : P. Evdokimov : <\/span><\/span><\/span><span style=\"color: #000000;\"><span style=\"font-size: medium;\"><span lang=\"fr-CA\"><i>le Christ dans la pens\u00e9e russe <\/i><\/span><\/span><\/span><span style=\"color: #000000;\"><span style=\"font-size: medium;\"><span lang=\"fr-CA\">(Ed. du Cerf) ; N. Berdiaev : <\/span><\/span><\/span><span style=\"color: #000000;\"><span style=\"font-size: medium;\"><span lang=\"fr-CA\"><i>l&rsquo;Id\u00e9e russe<\/i><\/span><\/span><\/span><span style=\"color: #000000;\"><span style=\"font-size: medium;\"><span lang=\"fr-CA\"> (Ma<\/span><\/span><\/span><span style=\"color: #000000;\"><span style=\"font-size: medium;\"><span lang=\"fr-CA\">m<\/span><\/span><\/span><span style=\"color: #000000;\"><span style=\"font-size: medium;\"><span lang=\"fr-CA\">e) ; P. Pascal : <\/span><\/span><\/span><span style=\"color: #000000;\"><span style=\"font-size: medium;\"><span lang=\"fr-CA\"><i>la Religion du peuple russe<\/i><\/span><\/span><\/span><span style=\"color: #000000;\"><span style=\"font-size: medium;\"><span lang=\"fr-CA\"> (Lausanne, l&rsquo;Age d&rsquo;Homme, coll. \u00ab Slavika\u00bb).<\/span><\/span><\/span><\/p>\n<p align=\"justify\">________________________________________________________________<\/p>\n<div id=\"sdfootnote1\">\n<p class=\"sdfootnote\" align=\"justify\"><a class=\"sdfootnotesym\" href=\"#sdfootnote1anc\" name=\"sdfootnote1sym\">1<\/a> <span style=\"color: #000000;\"><span style=\"font-size: medium;\"><span lang=\"fr-CA\">Roy Medvedev, historien, est l&rsquo;auteur de l&rsquo;ouvrage <\/span><\/span><\/span><span style=\"color: #000000;\"><span style=\"font-size: medium;\"><span lang=\"fr-CA\"><i>le Stalinisme<\/i><\/span><\/span><\/span><span style=\"color: #000000;\"><span style=\"font-size: medium;\"><span lang=\"fr-CA\">, traduit en fran\u00e7ais et publi\u00e9 aux \u00e9ditions du Seuil (1972). Avec son fr\u00e8re, le biologiste Jaur\u00e8s Medvedev, il a \u00e9crit : <\/span><\/span><\/span><span style=\"color: #000000;\"><span style=\"font-size: medium;\"><span lang=\"fr-CA\"><i>De la d\u00e9mocratie socialiste<\/i><\/span><\/span><\/span><span style=\"color: #000000;\"><span style=\"font-size: medium;\"><span lang=\"fr-CA\"> (Paris, Grasset. 1972), <\/span><\/span><\/span><span style=\"color: #000000;\"><span style=\"font-size: medium;\"><span lang=\"fr-CA\"><i>Un cas de folie<\/i><\/span><\/span><\/span><span style=\"color: #000000;\"><span style=\"font-size: medium;\"><span lang=\"fr-CA\"> (Paris, Julliard, 1972) et <\/span><\/span><\/span><span style=\"color: #000000;\"><span style=\"font-size: medium;\"><span lang=\"fr-CA\"><i>Savants sovi\u00e9tiques et Relations internationales<\/i><\/span><\/span><\/span><span style=\"color: #000000;\"><span style=\"font-size: medium;\"><span lang=\"fr-CA\"> (Paris, Julliard, 1973).<\/span><\/span><\/span><\/p>\n<\/div>\n<div id=\"sdfootnote2\">\n<p class=\"sdfootnote\" align=\"justify\"><a class=\"sdfootnotesym\" href=\"#sdfootnote2anc\" name=\"sdfootnote2sym\">2<\/a> <span style=\"color: #000000;\"><span style=\"font-size: medium;\"><span lang=\"fr-CA\">Andre\u00ef Tarkovski est le metteur en sc\u00e8ne du c\u00e9l\u00e8bre film <\/span><\/span><\/span><span style=\"color: #000000;\"><span style=\"font-size: medium;\"><span lang=\"fr-CA\"><i>Andrei Roubliov<\/i><\/span><\/span><\/span><span style=\"color: #000000;\"><span style=\"font-size: medium;\"><span lang=\"fr-CA\"> (1969) ainsi que de <\/span><\/span><\/span><span style=\"color: #000000;\"><span style=\"font-size: medium;\"><span lang=\"fr-CA\"><i>l&rsquo;Enfance d&rsquo;Ivan<\/i><\/span><\/span><\/span><span style=\"color: #000000;\"><span style=\"font-size: medium;\"><span lang=\"fr-CA\"> (1962) et de <\/span><\/span><\/span><span style=\"color: #000000;\"><span style=\"font-size: medium;\"><span lang=\"fr-CA\"><i>Solaris<\/i><\/span><\/span><\/span><span style=\"color: #000000;\"><span style=\"font-size: medium;\"><span lang=\"fr-CA\"> (pr\u00e9sent\u00e9 en France en 1973) d&rsquo;apr\u00e8s le roman de science-fiction de Stanislas Lem.<\/span><\/span><\/span><\/p>\n<\/div>\n<div id=\"sdfootnote3\">\n<p class=\"sdfootnote\"><a class=\"sdfootnotesym\" href=\"#sdfootnote3anc\" name=\"sdfootnote3sym\">3<\/a> <span style=\"color: #000000;\"><span style=\"font-size: medium;\"><span lang=\"fr-CA\">Kostoglotov, l&rsquo;un des personnages du <\/span><\/span><\/span><span style=\"color: #000000;\"><span style=\"font-size: medium;\"><span lang=\"fr-CA\"><i>Pavillon des canc\u00e9reux<\/i><\/span><\/span><\/span><span style=\"color: #000000;\"><span style=\"font-size: medium;\"><span lang=\"fr-CA\">.<\/span><\/span><\/span><\/p>\n<\/div>\n<div id=\"sdfootnote4\">\n<p class=\"sdfootnote\"><a class=\"sdfootnotesym\" href=\"#sdfootnote4anc\" name=\"sdfootnote4sym\">4<\/a> <span style=\"color: #000000;\"><span style=\"font-size: medium;\"><span lang=\"fr-CA\">Nerjine, h\u00e9ros principal du <\/span><\/span><\/span><span style=\"color: #000000;\"><span style=\"font-size: medium;\"><span lang=\"fr-CA\"><i>Premier Cercle<\/i><\/span><\/span><\/span><span style=\"color: #000000;\"><span style=\"font-size: medium;\"><span lang=\"fr-CA\">.<\/span><\/span><\/span><\/p>\n<\/div>\n<div id=\"sdfootnote5\">\n<p class=\"sdfootnote\"><a class=\"sdfootnotesym\" href=\"#sdfootnote5anc\" name=\"sdfootnote5sym\">5<\/a> <span style=\"color: #000000;\"><span style=\"font-size: medium;\"><span lang=\"fr-CA\">Vorotyntsev, le g\u00e9n\u00e9ral d&rsquo;<\/span><\/span><\/span><span style=\"color: #000000;\"><span style=\"font-size: medium;\"><span lang=\"fr-CA\"><i>Ao\u00fbt 14<\/i><\/span><\/span><\/span><span style=\"color: #000000;\"><span style=\"font-size: medium;\"><span lang=\"fr-CA\">.<\/span><\/span><\/span><\/p>\n<\/div>\n","protected":false},"excerpt":{"rendered":"<p>(Revue Question De. No 2. 1e trimestre 1974) Les journaux, la radio, la t\u00e9l\u00e9vision nous ont toujours donn\u00e9 de Soljenitsyne (1918-2008) l\u2019image d&rsquo;un \u00e9crivain \u00ab engag\u00e9 \u00bb dans un combat id\u00e9ologique contre les abus de la soci\u00e9t\u00e9 sovi\u00e9tique. Or, cet aspect de Soljenitsyne est comme l&rsquo;arbre qui cache la for\u00eat. Son \u00eatre profond ne peut [&hellip;]<\/p>\n","protected":false},"author":2,"featured_media":0,"comment_status":"closed","ping_status":"closed","sticky":false,"template":"","format":"standard","meta":{"footnotes":""},"categories":[1014],"tags":[],"class_list":["post-17232","post","type-post","status-publish","format-standard","hentry","category-essais"],"yoast_head":"<!-- This site is optimized with the Yoast SEO plugin v27.0 - https:\/\/yoast.com\/product\/yoast-seo-wordpress\/ -->\n<title>Mis\u00e8re du marxisme, richesse de Soljenitsyne par Dominique Fache - 3e mill\u00e9naire - Spiritualit\u00e9 - Connaissance de soi - Non-dualit\u00e9 - M\u00e9ditation<\/title>\n<meta name=\"robots\" content=\"index, follow, max-snippet:-1, max-image-preview:large, max-video-preview:-1\" \/>\n<link rel=\"canonical\" href=\"https:\/\/www.revue3emillenaire.com\/blog\/misere-du-marxisme-richesse-de-soljenitsyne-par-dominique-fache\/\" \/>\n<meta property=\"og:locale\" content=\"fr_FR\" \/>\n<meta property=\"og:type\" content=\"article\" \/>\n<meta property=\"og:title\" content=\"Mis\u00e8re du marxisme, richesse de Soljenitsyne par Dominique Fache - 3e mill\u00e9naire - Spiritualit\u00e9 - Connaissance de soi - Non-dualit\u00e9 - M\u00e9ditation\" \/>\n<meta property=\"og:description\" content=\"(Revue Question De. No 2. 1e trimestre 1974) Les journaux, la radio, la t\u00e9l\u00e9vision nous ont toujours donn\u00e9 de Soljenitsyne (1918-2008) l\u2019image d&rsquo;un \u00e9crivain \u00ab engag\u00e9 \u00bb dans un combat id\u00e9ologique contre les abus de la soci\u00e9t\u00e9 sovi\u00e9tique. Or, cet aspect de Soljenitsyne est comme l&rsquo;arbre qui cache la for\u00eat. Son \u00eatre profond ne peut [&hellip;]\" \/>\n<meta property=\"og:url\" content=\"https:\/\/www.revue3emillenaire.com\/blog\/misere-du-marxisme-richesse-de-soljenitsyne-par-dominique-fache\/\" \/>\n<meta property=\"og:site_name\" content=\"3e mill\u00e9naire - Spiritualit\u00e9 - Connaissance de soi - Non-dualit\u00e9 - M\u00e9ditation\" \/>\n<meta property=\"article:published_time\" content=\"2016-05-26T21:59:13+00:00\" \/>\n<meta name=\"author\" content=\"3e mill\u00e9naire\" \/>\n<meta name=\"twitter:card\" content=\"summary_large_image\" \/>\n<meta name=\"twitter:label1\" content=\"\u00c9crit par\" \/>\n\t<meta name=\"twitter:data1\" content=\"3e mill\u00e9naire\" \/>\n\t<meta name=\"twitter:label2\" content=\"Dur\u00e9e de lecture estim\u00e9e\" \/>\n\t<meta name=\"twitter:data2\" content=\"16 minutes\" \/>\n<script type=\"application\/ld+json\" class=\"yoast-schema-graph\">{\"@context\":\"https:\/\/schema.org\",\"@graph\":[{\"@type\":\"Article\",\"@id\":\"https:\/\/www.revue3emillenaire.com\/blog\/misere-du-marxisme-richesse-de-soljenitsyne-par-dominique-fache\/#article\",\"isPartOf\":{\"@id\":\"https:\/\/www.revue3emillenaire.com\/blog\/misere-du-marxisme-richesse-de-soljenitsyne-par-dominique-fache\/\"},\"author\":{\"name\":\"3e mill\u00e9naire\",\"@id\":\"https:\/\/www.revue3emillenaire.com\/blog\/#\/schema\/person\/b692dacff720a5344a6190bc714397eb\"},\"headline\":\"Mis\u00e8re du marxisme, richesse de Soljenitsyne par Dominique Fache\",\"datePublished\":\"2016-05-26T21:59:13+00:00\",\"mainEntityOfPage\":{\"@id\":\"https:\/\/www.revue3emillenaire.com\/blog\/misere-du-marxisme-richesse-de-soljenitsyne-par-dominique-fache\/\"},\"wordCount\":3177,\"articleSection\":[\"Essais\"],\"inLanguage\":\"fr-FR\"},{\"@type\":\"WebPage\",\"@id\":\"https:\/\/www.revue3emillenaire.com\/blog\/misere-du-marxisme-richesse-de-soljenitsyne-par-dominique-fache\/\",\"url\":\"https:\/\/www.revue3emillenaire.com\/blog\/misere-du-marxisme-richesse-de-soljenitsyne-par-dominique-fache\/\",\"name\":\"Mis\u00e8re du marxisme, richesse de Soljenitsyne par Dominique Fache - 3e mill\u00e9naire - Spiritualit\u00e9 - Connaissance de soi - Non-dualit\u00e9 - M\u00e9ditation\",\"isPartOf\":{\"@id\":\"https:\/\/www.revue3emillenaire.com\/blog\/#website\"},\"datePublished\":\"2016-05-26T21:59:13+00:00\",\"author\":{\"@id\":\"https:\/\/www.revue3emillenaire.com\/blog\/#\/schema\/person\/b692dacff720a5344a6190bc714397eb\"},\"breadcrumb\":{\"@id\":\"https:\/\/www.revue3emillenaire.com\/blog\/misere-du-marxisme-richesse-de-soljenitsyne-par-dominique-fache\/#breadcrumb\"},\"inLanguage\":\"fr-FR\",\"potentialAction\":[{\"@type\":\"ReadAction\",\"target\":[\"https:\/\/www.revue3emillenaire.com\/blog\/misere-du-marxisme-richesse-de-soljenitsyne-par-dominique-fache\/\"]}]},{\"@type\":\"BreadcrumbList\",\"@id\":\"https:\/\/www.revue3emillenaire.com\/blog\/misere-du-marxisme-richesse-de-soljenitsyne-par-dominique-fache\/#breadcrumb\",\"itemListElement\":[{\"@type\":\"ListItem\",\"position\":1,\"name\":\"Accueil\",\"item\":\"https:\/\/www.revue3emillenaire.com\/blog\/\"},{\"@type\":\"ListItem\",\"position\":2,\"name\":\"Mis\u00e8re du marxisme, richesse de Soljenitsyne par Dominique Fache\"}]},{\"@type\":\"WebSite\",\"@id\":\"https:\/\/www.revue3emillenaire.com\/blog\/#website\",\"url\":\"https:\/\/www.revue3emillenaire.com\/blog\/\",\"name\":\"3e mill\u00e9naire - Spiritualit\u00e9 - Connaissance de soi - Non-dualit\u00e9 - M\u00e9ditation\",\"description\":\"L&#039;Homme en devenir\",\"potentialAction\":[{\"@type\":\"SearchAction\",\"target\":{\"@type\":\"EntryPoint\",\"urlTemplate\":\"https:\/\/www.revue3emillenaire.com\/blog\/?s={search_term_string}\"},\"query-input\":{\"@type\":\"PropertyValueSpecification\",\"valueRequired\":true,\"valueName\":\"search_term_string\"}}],\"inLanguage\":\"fr-FR\"},{\"@type\":\"Person\",\"@id\":\"https:\/\/www.revue3emillenaire.com\/blog\/#\/schema\/person\/b692dacff720a5344a6190bc714397eb\",\"name\":\"3e mill\u00e9naire\",\"url\":\"https:\/\/www.revue3emillenaire.com\/blog\/author\/scoussa\/\"}]}<\/script>\n<!-- \/ Yoast SEO plugin. -->","yoast_head_json":{"title":"Mis\u00e8re du marxisme, richesse de Soljenitsyne par Dominique Fache - 3e mill\u00e9naire - Spiritualit\u00e9 - Connaissance de soi - Non-dualit\u00e9 - M\u00e9ditation","robots":{"index":"index","follow":"follow","max-snippet":"max-snippet:-1","max-image-preview":"max-image-preview:large","max-video-preview":"max-video-preview:-1"},"canonical":"https:\/\/www.revue3emillenaire.com\/blog\/misere-du-marxisme-richesse-de-soljenitsyne-par-dominique-fache\/","og_locale":"fr_FR","og_type":"article","og_title":"Mis\u00e8re du marxisme, richesse de Soljenitsyne par Dominique Fache - 3e mill\u00e9naire - Spiritualit\u00e9 - Connaissance de soi - Non-dualit\u00e9 - M\u00e9ditation","og_description":"(Revue Question De. No 2. 1e trimestre 1974) Les journaux, la radio, la t\u00e9l\u00e9vision nous ont toujours donn\u00e9 de Soljenitsyne (1918-2008) l\u2019image d&rsquo;un \u00e9crivain \u00ab engag\u00e9 \u00bb dans un combat id\u00e9ologique contre les abus de la soci\u00e9t\u00e9 sovi\u00e9tique. Or, cet aspect de Soljenitsyne est comme l&rsquo;arbre qui cache la for\u00eat. Son \u00eatre profond ne peut [&hellip;]","og_url":"https:\/\/www.revue3emillenaire.com\/blog\/misere-du-marxisme-richesse-de-soljenitsyne-par-dominique-fache\/","og_site_name":"3e mill\u00e9naire - Spiritualit\u00e9 - Connaissance de soi - Non-dualit\u00e9 - M\u00e9ditation","article_published_time":"2016-05-26T21:59:13+00:00","author":"3e mill\u00e9naire","twitter_card":"summary_large_image","twitter_misc":{"\u00c9crit par":"3e mill\u00e9naire","Dur\u00e9e de lecture estim\u00e9e":"16 minutes"},"schema":{"@context":"https:\/\/schema.org","@graph":[{"@type":"Article","@id":"https:\/\/www.revue3emillenaire.com\/blog\/misere-du-marxisme-richesse-de-soljenitsyne-par-dominique-fache\/#article","isPartOf":{"@id":"https:\/\/www.revue3emillenaire.com\/blog\/misere-du-marxisme-richesse-de-soljenitsyne-par-dominique-fache\/"},"author":{"name":"3e mill\u00e9naire","@id":"https:\/\/www.revue3emillenaire.com\/blog\/#\/schema\/person\/b692dacff720a5344a6190bc714397eb"},"headline":"Mis\u00e8re du marxisme, richesse de Soljenitsyne par Dominique Fache","datePublished":"2016-05-26T21:59:13+00:00","mainEntityOfPage":{"@id":"https:\/\/www.revue3emillenaire.com\/blog\/misere-du-marxisme-richesse-de-soljenitsyne-par-dominique-fache\/"},"wordCount":3177,"articleSection":["Essais"],"inLanguage":"fr-FR"},{"@type":"WebPage","@id":"https:\/\/www.revue3emillenaire.com\/blog\/misere-du-marxisme-richesse-de-soljenitsyne-par-dominique-fache\/","url":"https:\/\/www.revue3emillenaire.com\/blog\/misere-du-marxisme-richesse-de-soljenitsyne-par-dominique-fache\/","name":"Mis\u00e8re du marxisme, richesse de Soljenitsyne par Dominique Fache - 3e mill\u00e9naire - Spiritualit\u00e9 - Connaissance de soi - Non-dualit\u00e9 - M\u00e9ditation","isPartOf":{"@id":"https:\/\/www.revue3emillenaire.com\/blog\/#website"},"datePublished":"2016-05-26T21:59:13+00:00","author":{"@id":"https:\/\/www.revue3emillenaire.com\/blog\/#\/schema\/person\/b692dacff720a5344a6190bc714397eb"},"breadcrumb":{"@id":"https:\/\/www.revue3emillenaire.com\/blog\/misere-du-marxisme-richesse-de-soljenitsyne-par-dominique-fache\/#breadcrumb"},"inLanguage":"fr-FR","potentialAction":[{"@type":"ReadAction","target":["https:\/\/www.revue3emillenaire.com\/blog\/misere-du-marxisme-richesse-de-soljenitsyne-par-dominique-fache\/"]}]},{"@type":"BreadcrumbList","@id":"https:\/\/www.revue3emillenaire.com\/blog\/misere-du-marxisme-richesse-de-soljenitsyne-par-dominique-fache\/#breadcrumb","itemListElement":[{"@type":"ListItem","position":1,"name":"Accueil","item":"https:\/\/www.revue3emillenaire.com\/blog\/"},{"@type":"ListItem","position":2,"name":"Mis\u00e8re du marxisme, richesse de Soljenitsyne par Dominique Fache"}]},{"@type":"WebSite","@id":"https:\/\/www.revue3emillenaire.com\/blog\/#website","url":"https:\/\/www.revue3emillenaire.com\/blog\/","name":"3e mill\u00e9naire - Spiritualit\u00e9 - Connaissance de soi - Non-dualit\u00e9 - M\u00e9ditation","description":"L&#039;Homme en devenir","potentialAction":[{"@type":"SearchAction","target":{"@type":"EntryPoint","urlTemplate":"https:\/\/www.revue3emillenaire.com\/blog\/?s={search_term_string}"},"query-input":{"@type":"PropertyValueSpecification","valueRequired":true,"valueName":"search_term_string"}}],"inLanguage":"fr-FR"},{"@type":"Person","@id":"https:\/\/www.revue3emillenaire.com\/blog\/#\/schema\/person\/b692dacff720a5344a6190bc714397eb","name":"3e mill\u00e9naire","url":"https:\/\/www.revue3emillenaire.com\/blog\/author\/scoussa\/"}]}},"_links":{"self":[{"href":"https:\/\/www.revue3emillenaire.com\/blog\/wp-json\/wp\/v2\/posts\/17232","targetHints":{"allow":["GET"]}}],"collection":[{"href":"https:\/\/www.revue3emillenaire.com\/blog\/wp-json\/wp\/v2\/posts"}],"about":[{"href":"https:\/\/www.revue3emillenaire.com\/blog\/wp-json\/wp\/v2\/types\/post"}],"author":[{"embeddable":true,"href":"https:\/\/www.revue3emillenaire.com\/blog\/wp-json\/wp\/v2\/users\/2"}],"replies":[{"embeddable":true,"href":"https:\/\/www.revue3emillenaire.com\/blog\/wp-json\/wp\/v2\/comments?post=17232"}],"version-history":[{"count":0,"href":"https:\/\/www.revue3emillenaire.com\/blog\/wp-json\/wp\/v2\/posts\/17232\/revisions"}],"wp:attachment":[{"href":"https:\/\/www.revue3emillenaire.com\/blog\/wp-json\/wp\/v2\/media?parent=17232"}],"wp:term":[{"taxonomy":"category","embeddable":true,"href":"https:\/\/www.revue3emillenaire.com\/blog\/wp-json\/wp\/v2\/categories?post=17232"},{"taxonomy":"post_tag","embeddable":true,"href":"https:\/\/www.revue3emillenaire.com\/blog\/wp-json\/wp\/v2\/tags?post=17232"}],"curies":[{"name":"wp","href":"https:\/\/api.w.org\/{rel}","templated":true}]}}