{"id":17315,"date":"2016-10-21T03:08:00","date_gmt":"2016-10-21T02:08:00","guid":{"rendered":"http:\/\/www.revue3emillenaire.com\/blog\/?p=17315"},"modified":"2023-08-10T00:38:43","modified_gmt":"2023-08-09T23:38:43","slug":"relie-vimala-thakar","status":"publish","type":"post","link":"https:\/\/www.revue3emillenaire.com\/blog\/relie-vimala-thakar\/","title":{"rendered":"Reli\u00e9 au tout par Vimala Thakar"},"content":{"rendered":"<p style=\"text-align: justify;\">Ce ne sont pas des conf\u00e9rences publiques, ce sont des conversations priv\u00e9es avec des \u00e9tudiants de la vie. Ce sont des communications avec ces \u00e9tudiants de la vie qui ont entrepris une recherche religieuse, qui se sont s\u00e9rieusement engag\u00e9s, qui ont engag\u00e9 leur vie enti\u00e8re dans la recherche. La recherche de ce qu\u2019est la vie demande une participation de votre \u00eatre entier. A moins d\u2019\u00eatre pr\u00eat \u00e0 d\u00e9dier sa vie enti\u00e8re \u00e0 la v\u00e9rit\u00e9 telle qu\u2019elle est per\u00e7ue et comprise, la communication verbale se r\u00e9duira \u00e0 une gymnastique intellectuelle, ce sera un \u00e9change de mots vides, ne conduisant nulle part.<\/p>\n<p style=\"text-align: justify;\">Depuis des centaines et des centaines d\u2019ann\u00e9es, la race humaine semble s\u2019\u00eatre sentie un peu mal \u00e0 l\u2019aise avec la vie cosmique. Elle semble s\u2019\u00eatre sentie mal \u00e0 l\u2019aise avec le myst\u00e8re du Tout, avec le myst\u00e8re du Tout organique de la vie cosmique, parce que la race humaine ne peut pas analyser le Tout organique qui n\u2019est pas compos\u00e9 de parties ou de particules. Les particules physiques qui ont r\u00e9gn\u00e9 en ma\u00eetre dans la seconde moiti\u00e9 du XIX\u00e8me si\u00e8cle et la premi\u00e8re moiti\u00e9 du XX\u00e8me si\u00e8cle ont montr\u00e9 leurs limites. Dans l\u2019\u00eatret\u00e9 de la Vie, il n\u2019y a pas de parties ou de particules. Il y a un Tout minuscule, dynamique, organiquement inter-reli\u00e9. S\u00e9par\u00e9 de l\u2019interrelation, elles ne contiennent pas de signification, pas de vie. Si la vie avait \u00e9t\u00e9 une totalit\u00e9 compos\u00e9e, constitu\u00e9e de parties, la race humaine aurait pu analyser et diss\u00e9quer la totalit\u00e9 morceaux par morceaux. Mais la vie n\u2019est pas une totalit\u00e9 morte, la vie n\u2019est pas une totalit\u00e9 assembl\u00e9e. C\u2019est un Tout interreli\u00e9, dynamique, organique, et il y a un nombre incalculable de minuscules enti\u00e8ret\u00e9s dans l\u2019\u00eatret\u00e9 de la Vie.<\/p>\n<p style=\"text-align: justify;\">Comme l\u2019\u00eatret\u00e9, le Tout de la vie ne peut \u00eatre analys\u00e9, la race humaine se sent inconfortable. La race humaine aimerait se mettre en relation elle-m\u00eame avec la vie cosmique mais elle s\u2019est elle-m\u00eame conditionn\u00e9e \u00e0 se mettre en relation avec des choses qui sont en dehors d\u2019elle-m\u00eame, en premier lieu par la perception ; puis elle commence \u00e0 nommer et identifier ce qui a \u00e9t\u00e9 per\u00e7u. Nommer est sa propre fa\u00e7on de se mettre en relation avec la r\u00e9alit\u00e9 objective. Le processus de nommer, le processus d\u2019identifier est suivi par la d\u00e9finition, la description, l\u2019\u00e9valuation de ce qui est per\u00e7u. Quand la race humaine peut \u00e9mettre un jugement de valeur sur une perception, elle est capable de dire \u00ab je sais ce que c\u2019est \u00bb. Mais le Tout de la vie d\u00e9fie un tel jugement de valeur de la race humaine. Chaque d\u00e9couverte du physicien, du scientifique ou du biologiste pervertit le scientifique plus qu\u2019avant. Chaque morceau de connaissance cr\u00e9\u00e9 une nouvelle incrustation d\u2019ignorance parce que la race humaine s\u2019est conditionn\u00e9e elle-m\u00eame \u00e0 entrer en relation avec la r\u00e9alit\u00e9 objective en la divisant en : cause et effet, cr\u00e9ateur et cr\u00e9ation, commencement et fin. Et au grand \u00e9tonnement de la race humaine, la vie est sans commencement et appara\u00eet \u00eatre sans fin. C\u2019est un effet sans cause, c\u2019est une cr\u00e9ation libre de cr\u00e9ateur.<\/p>\n<p style=\"text-align: justify;\">Finalement, la race humaine reste perplexe parce qu\u2019elle ne peut pas mesurer le Tout. La troisi\u00e8me fa\u00e7on d\u2019\u00eatre en relation est de mesurer. Mesurer en termes d\u2019espace et de temps, mesurer en termes de d\u00e9finitions et de descriptions. La vie cosmique d\u00e9fie toutes vos mesures, donc la peur arrive. Rares sont les \u00eatres humains de passage sur cette plan\u00e8te depuis des si\u00e8cles, qui ont eu l\u2019\u00e9l\u00e9gance de l\u2019humilit\u00e9 pour admettre que la vie est inconnaissable.<\/p>\n<p style=\"text-align: justify;\">La vie ne peut \u00eatre divis\u00e9e entre le connu et l\u2019inconnu, elle ne peut \u00eatre captur\u00e9e dans la fragmentation des d\u00e9finitions et des descriptions, parce que des millions de descriptions d\u00e9passent ce qui a \u00e9t\u00e9 d\u00e9crit, restant indemnes et aussi vierges qu\u2019avant. La virginit\u00e9, le caract\u00e8re in\u00e9puisable, le dynamisme de la vie n\u2019ont \u00e9t\u00e9 captur\u00e9s dans aucune verbalisation, par aucune religion organis\u00e9e. L\u2019inconnu de la vie est appel\u00e9 myst\u00e8re et nous devons vivre avec ce myst\u00e8re de la vie et de la mort. Nous sommes n\u00e9s de cela comme les poissons sont n\u00e9s de l\u2019eau. Nous sommes dedans. Nous devons avancer en relation avec la vie cosmique, nous devons vivre dans et avec le myst\u00e8re, et retourner dedans au moment de l\u2019irr\u00e9versible d\u00e9part qu\u2019est la mort.<\/p>\n<p style=\"text-align: justify;\">Le seul chemin pour vous et moi, les h\u00e9ritiers de ce vaste magasin de savoir, d\u2019exp\u00e9riences, de philosophie etc., est de recevoir l\u2019information qui nous est donn\u00e9e par le pass\u00e9, d\u2019en peler chaque mot afin d\u2019assimiler le sens ou l\u2019indication donn\u00e9e par ce mot. La r\u00e9ception de l\u2019information n\u2019a pas besoin d\u2019\u00eatre convertie en savoir. Quand les mots sont pel\u00e9s, leur sens re\u00e7u et assimil\u00e9, ils finissent par \u00eatre convertis en conscience \u00e9veill\u00e9e, un nouveau contenu de la conscience. Le contenu de la conscience actuelle avec laquelle et \u00e0 travers laquelle nous vivons, c\u2019est le pass\u00e9 mort, parce que le savoir est mort. Le savoir n\u2019a pas de vie, il est st\u00e9rile. Et ce pass\u00e9 se propage de lui-m\u00eame dans le pr\u00e9sent et conditionne le futur. Afin de rompre ce cercle vicieux du pass\u00e9 se prolongeant de lui-m\u00eame \u00e0 travers votre corps, et \u00e9tablissant ainsi la garantie de sa continuit\u00e9 afin de mouler et de fa\u00e7onner le futur, nous devons nous attaquer aux fondations de notre conscience.<\/p>\n<p style=\"text-align: justify;\">Si ce point est clair, poursuivons notre aventure ensemble vers un autre point, dans la profondeur de la vie et volons dans l\u2019espace du vide.<\/p>\n<p style=\"text-align: justify;\">De m\u00eame que nous vivons dans le cosmos, en relation avec la vie cosmique, nous vivons aussi dans un monde fabriqu\u00e9 par les hommes. Jusqu\u2019\u00e0 maintenant, nous parlions de la vie cosmique qui n\u2019a pas \u00e9t\u00e9 cr\u00e9e par les hommes, non fa\u00e7onn\u00e9e par les pens\u00e9es des hommes, non touch\u00e9e par la main des hommes. Toutes vos civilisations et vos cultures n\u2019ont m\u00eame pas r\u00e9ussi \u00e0 toucher les franges de cette vie sacr\u00e9e. Ce qui s\u2019est cr\u00e9e de lui-m\u00eame, maintenu de lui-m\u00eame, qui est sans commencement et sans fin, est sacr\u00e9, et la race humaine, aujourd\u2019hui, a perdu la majest\u00e9 d\u2019\u00eatre consciente du sacr\u00e9 de la vie. C\u2019est l\u2019oubli du sacr\u00e9 de la vie qui est la source de la mis\u00e8re et de la souffrance, de la violence et des guerres. Mais ceci dit, nous devons vivre dans un monde fait par les hommes. Le Cosmos est l\u2019enclos dans lequel nous vivons. A l\u2019int\u00e9rieur du cosmos, la race humaine a construit nombre de structures. La vie Cosmique est une \u00eatret\u00e9 libre de model et de structure. Pas de mod\u00e8les, pas de structures, pas de cause, pas d\u2019autorit\u00e9, pas de contr\u00f4le, fabriqu\u00e9s par l\u2019homme. Le non mesurable, l\u2019innombrable, l\u2019innommable, l\u2019indescriptible vie cosmique n\u2019a pas de structure.<\/p>\n<p style=\"text-align: justify;\">Maintenant, la race humaine a construit des structures vari\u00e9es comme des enclos \u00e0 l\u2019int\u00e9rieur de l\u2019enclos de la vie cosmique. Si vous regardez le monde, le monde a des structures politiques, des nations, des souverainet\u00e9s et des gouvernements nationaux, c\u2019est une structure. Et vous avez construit une science appel\u00e9e science politique et science de l\u2019administration, qui varient selon que les \u00e9tats sont d\u00e9mocratiques, socialistes et communistes, et comme pour le jeu de hockey ou de tennis, vous avez m\u00eame form\u00e9 des r\u00e8gles et des r\u00e8glements que vous appelez des lois. Vous avez construit une autre structure qui s\u2019appelle une structure \u00e9conomique, encore avec ses lois ind\u00e9pendantes, ses r\u00e8gles, ses r\u00e8glements. Et vous avez continu\u00e9 plus loin en conditionnant le cerveau humain. Pour d\u00e9velopper des motivations pour la vie politique et la vie \u00e9conomique, vous avez cr\u00e9e une structure appel\u00e9e la religion. Les religions ont eu des structures qui sont rigides et ferm\u00e9es. Donc, il y a les structures religieuses, politiques, \u00e9conomiques et sociales. Nous devons vivre \u00e0 l\u2019int\u00e9rieur de ces structures car nous sommes n\u00e9s dans une soci\u00e9t\u00e9 et devons vivre dans cette soci\u00e9t\u00e9. Ici, l\u2019acquisition du savoir et le pouvoir de retenir appel\u00e9 m\u00e9moire ont un r\u00f4le \u00e0 jouer. Vous \u00e9tudiez les diff\u00e9rentes sciences et acqu\u00e9rez des informations, et avec votre g\u00e9nie qu\u2019est l\u2019\u00e9nergie cr\u00e9ative, vous d\u00e9couvrez les culs de sacs o\u00f9 l\u2019humanit\u00e9 s\u2019est embourb\u00e9e et explorez pour voir si vous pouvez trouver de nouveaux chemins, de nouvelles constructions.<\/p>\n<p style=\"text-align: justify;\">La crise structurelle d\u2019aujourd\u2019hui est une invitation \u00e0 d\u00e9molir les structures caduques et en construire de nouvelles dans le contexte que la science et la technologie ont cr\u00e9e. Donc ici, l\u2019exercice c\u00e9r\u00e9bral, intellectuel de l\u2019acquisition d\u2019informations et la m\u00e9morisation sont n\u00e9cessaires. S\u2019il vous pla\u00eet, voyez bien que le mot retenir, n\u2019est pas utilis\u00e9 dans le sens de s\u2019approprier, de poss\u00e9der. Le sens d\u2019appropriation et de possession du savoir m\u00e8ne \u00e0 la cr\u00e9ation de dogmes. Vous recevez l\u2019information, vous la retenez dans ce que vous appelez la m\u00e9moire, et quand vous commencez \u00e0 utiliser cette intelligence, il n\u2019y a pas de dogmes, pas de sectes parce que vous ne perdez jamais la vision du contexte dans lequel il a \u00e9t\u00e9 utilis\u00e9. Voyez-vous ?<\/p>\n<p style=\"text-align: justify;\">Ici, le savoir doit \u00eatre co-reli\u00e9 au contexte qui change chaque jour. Les rapports de force dans la vie \u00e9conomique et politique changent, pas seulement chaque jour mais peut-\u00eatre chaque heure maintenant. C\u2019est une immense vitesse avec laquelle nous allons. Donc une intelligence vive, une m\u00e9moire sensible et une certaine \u00e9nergie pour retenir les faits sont n\u00e9cessaires parce que vous coexisterez avec les ordinateurs, les cerveaux \u00e9lectroniques. Mais les\u00a0 \u00eatres\u00a0 humains\u00a0 ne doivent pas devenir les esclaves des t\u00e9l\u00e9phones et des ordinateurs. L\u2019\u00eatre humain est reli\u00e9 organiquement \u00e0 la vie cosmique et a un potentiel infini d\u2019\u00e9nergie cr\u00e9ative. Comme les rayons du soleil, nous sommes les rayons de la supr\u00eame intelligence. Il n\u2019y a pas d\u2019\u00eatre humain qui n\u2019ai de potentiel d\u2019intelligence en lui ou en elle, en m\u00eame temps que les conditionnements du savoir, de l\u2019exp\u00e9rience et de tout ce dont vous avez h\u00e9rit\u00e9.<\/p>\n<p style=\"text-align: justify;\">Votre savoir acquis est la premi\u00e8re partie de votre \u00e9ducation pour vous relier au monde et aux cultures fabriqu\u00e9es par l\u2019homme, mais dans ce processus est-il n\u00e9cessaire de cr\u00e9er une image de vous-m\u00eame en tant que connaisseur ? C\u2019est la seconde partie de votre \u00e9ducation : se relier sans cr\u00e9er d\u2019image.<\/p>\n<p style=\"text-align: justify;\">Vous avez vu la premi\u00e8re partie tr\u00e8s clairement, maintenant nous entrons dans la seconde partie, l\u00e0 o\u00f9 la race humaine a na\u00efvement cru que vous deviez d\u00e9velopper une personnalit\u00e9, que vous deviez devenir un docteur, un ing\u00e9nieur, un avocat. Vous cr\u00e9ez une entit\u00e9, une image d\u2019homme d\u2019affaire \u00e0 l\u2019int\u00e9rieur de vous et vous vous d\u00e9placez comme un homme d\u2019affaire, comme un scientifique, une entit\u00e9 cristallis\u00e9e.<\/p>\n<p style=\"text-align: justify;\">Il me semble que si le savoir peut \u00eatre retenu sans un sens d\u2019appartenance et de possession, aucune image de vous-m\u00eame ne se cr\u00e9e. Ainsi vous pourrez avoir connaissance de dix ou douze langues sans cr\u00e9er une image de vous-m\u00eame en tant que linguiste. C\u2019est un nouveau d\u00e9fi dans le champ de l\u2019\u00e9ducation. Sinon vous direz qu\u2019un homme d\u2019affaire doit\u00a0 avoir telles qualit\u00e9s, les politiciens doivent avoir telles caract\u00e9ristiques, et vous identifierez ces qualit\u00e9s, et vous direz que leur personnalit\u00e9 s\u2019est d\u00e9velopp\u00e9e. Pourquoi d\u00e9velopper une personnalit\u00e9 ? Pourquoi construire une identit\u00e9 ?<\/p>\n<p style=\"text-align: justify;\">Comme vous vivez dans une maison, vous devez vivre et vous aller dans des structures vari\u00e9es, les \u00e9coles, les usines, les bureaux, ce sont les structures dans lesquelles vous vivez. Vous ne devenez pas la maison parce que vous avez construit une maison, vous utilisez cet enclos pour satisfaire vos besoins, de la m\u00eame mani\u00e8re, vivre en soci\u00e9t\u00e9, partager la vie avec les autres demande des cadres structur\u00e9s.<\/p>\n<p style=\"text-align: justify;\">L\u2019acquisition de savoir, sa m\u00e9morisation et son utilisation afin de fonctionner en tant que membre de la soci\u00e9t\u00e9, tout cela n\u2019a pas besoin de nous mener \u00e0 la construction d\u2019une entit\u00e9, d\u2019une entit\u00e9 cristallis\u00e9e, statique, \u00e0 l\u2019int\u00e9rieur du corps comme connaisseur, comme celui qui sait. C\u2019est un r\u00f4le fonctionnel, pourquoi impliquer la psychologie l\u00e0 dedans ? Cette structure psychologique o\u00f9 l\u2019image fabriqu\u00e9e est devenue un mod\u00e8le de comportement, cette structure doit \u00eatre cass\u00e9e compl\u00e8tement. Si nous voulons casser le cercle vicieux du pass\u00e9 se prolongeant \u00e0 travers nous, le d\u00e9fi doit \u00eatre affront\u00e9. Le d\u00e9fi de l\u2019acquisition du savoir, de l\u2019exp\u00e9rience et du mouvement \u00e0 travers les relations sans cr\u00e9er d\u2019images. Parce qu\u2019une conscience libre d\u2019image, tout comme la conscience libre des pens\u00e9es, a une souplesse, elle n\u2019est pas encombr\u00e9e d\u2019opinions, d\u2019\u00e9valuation, de jugements de valeur. L\u2019innocence est un flot de conscience o\u00f9 il n\u2019y a pas d\u2019encombrement du tout. Le mouvement de la cr\u00e9ativit\u00e9 qui n\u2019est pas profan\u00e9 par les habitudes m\u00e9caniques et leurs mod\u00e8les, c\u2019est l\u2019innocence et l\u2019\u00e9l\u00e9gance.<\/p>\n<p style=\"text-align: justify;\">Une personne vivant dans ce monde fabriqu\u00e9 par l\u2019homme, agissant dans les structures fabriqu\u00e9es par l\u2019homme, a simultan\u00e9ment la responsabilit\u00e9 de se relier \u00e0 la vie cosmique et tous ses mouvements doivent \u00eatre harmonieux ?\u00a0 La responsabilit\u00e9 est de cr\u00e9er une harmonie \u00e0 l\u2019int\u00e9rieur de soi-m\u00eame et \u00e0 travers les relations pour cr\u00e9er une harmonie autour de soi. L\u2019harmonie est l\u2019essence de la paix.<\/p>\n<p style=\"text-align: justify;\">Chaque processus de devenir vous limite, il provoque le r\u00e9tr\u00e9cissement de votre \u00eatre. Donc l\u2019\u00e9ducation sans processus de devenir, l\u2019\u00e9ducation sans d\u00e9velopper des identit\u00e9s et des personnalit\u00e9s, retient l\u2019innocence du tout dans chacun, conserve l\u2019\u00e9l\u00e9gance du sacr\u00e9 en chacun. Il me semble possible de s\u2019\u00e9duquer soi-m\u00eame \u00e0 ce que la m\u00e9moire fonctionnelle du savoir que vous avez acquis ne devienne pas une g\u00eane dans le mouvement des relations humaines. Ce n\u2019est que lorsque vous avez une image de vous-m\u00eames que le mouvement des relations parmi les \u00eatres humains devient un probl\u00e8me. Vous savez que le savoir engourdit la sensibilit\u00e9 s\u2019il est poss\u00e9d\u00e9, et s\u2019il n\u2019y a plus aucune sensibilit\u00e9, on devient compartiment\u00e9. Un po\u00e8te peut \u00eatre tr\u00e8s sensible quand il utilise les mots mais sa sensibilit\u00e9 peut \u00eatre compartiment\u00e9e. Un artiste ou un musicien peut \u00e9mouvoir son public par sa sculpture ou par l\u2019expression de sa musique mais, passez quelques jours avec lui et vous trouverez que sa sensibilit\u00e9 ne s\u2019infiltre pas dans les autres couches de sa vie.<\/p>\n<p style=\"text-align: justify;\">A moins que nous ne trouvions un chemin d\u2019\u00e9ducation de nous-m\u00eame et des enfants, o\u00f9 cette occupation de construction d\u2019images (construction de votre propre image et construction d\u2019images des autres personnes) prenne fin ; \u00e0 moins que nous ne trouvions une fa\u00e7on de nous \u00e9duquer qui ne nous m\u00e8ne \u00e0 aucune construction d\u2019image, il n\u2019y aura de paix ni dans notre vie d\u2019individu ni dans celle de la famille humaine.<\/p>\n<p style=\"text-align: justify;\">Vous savez, nous sommes dans cette pi\u00e8ce travaillant au nom de toute la race humaine, vous et moi, parce que nous sommes le monde, nous contenons \u00e0 l\u2019int\u00e9rieur de nous-m\u00eames toutes les structures construites par la race humaine depuis l\u2019\u00e9ternit\u00e9.<\/p>\n<p style=\"text-align: justify;\">La religion est participation au Tout de la vie, tout le champ de l\u2019action et de vos pens\u00e9es, ce n\u2019est pas un simple exercice intellectuel. Les religions ont \u00e9t\u00e9 r\u00e9duites \u00e0 des r\u00e9seaux d\u2019esclavage et ne sont pas un terrain pour une libert\u00e9 inconditionnelle. Nous explorons ce qu\u2019est la libert\u00e9 inconditionnelle, ce qu\u2019est vivre.<\/p>\n<p style=\"text-align: justify;\"><em><span lang=\"fr-CA\">(Extrait de \u00caTRE ET DEVENIR par Vimala Thakar, Dialogues ayant eu lieu \u00e0 Dalhousie (Inde) durant l\u2019\u00e9t\u00e9 1989 Traduits par V\u00e9ronique Charroux et Patrick Delhumeau). Emprunt\u00e9 au <a href=\"http:\/\/www.vimalathakar.fr\/\" target=\"_blank\" rel=\"noopener\">site Fran\u00e7ais<\/a> consacr\u00e9 \u00e0 Vimala et son \u0153uvre<\/span><\/em><\/p>\n","protected":false},"excerpt":{"rendered":"<p>Ce ne sont pas des conf\u00e9rences publiques, ce sont des conversations priv\u00e9es avec des \u00e9tudiants de la vie. Ce sont des communications avec ces \u00e9tudiants de la vie qui ont entrepris une recherche religieuse, qui se sont s\u00e9rieusement engag\u00e9s, qui ont engag\u00e9 leur vie enti\u00e8re dans la recherche. La recherche de ce qu\u2019est la vie [&hellip;]<\/p>\n","protected":false},"author":2,"featured_media":17288,"comment_status":"closed","ping_status":"closed","sticky":false,"template":"","format":"standard","meta":{"footnotes":""},"categories":[1369],"tags":[],"class_list":["post-17315","post","type-post","status-publish","format-standard","has-post-thumbnail","hentry","category-thakar-vimala"],"yoast_head":"<!-- This site is optimized with the Yoast SEO plugin v27.0 - https:\/\/yoast.com\/product\/yoast-seo-wordpress\/ -->\n<title>Reli\u00e9 au tout par Vimala Thakar - 3e mill\u00e9naire - Spiritualit\u00e9 - Connaissance de soi - Non-dualit\u00e9 - M\u00e9ditation<\/title>\n<meta name=\"robots\" content=\"index, follow, max-snippet:-1, max-image-preview:large, max-video-preview:-1\" \/>\n<link rel=\"canonical\" href=\"https:\/\/www.revue3emillenaire.com\/blog\/relie-vimala-thakar\/\" \/>\n<meta property=\"og:locale\" content=\"fr_FR\" \/>\n<meta property=\"og:type\" content=\"article\" \/>\n<meta property=\"og:title\" content=\"Reli\u00e9 au tout par Vimala Thakar - 3e mill\u00e9naire - Spiritualit\u00e9 - Connaissance de soi - Non-dualit\u00e9 - M\u00e9ditation\" \/>\n<meta property=\"og:description\" content=\"Ce ne sont pas des conf\u00e9rences publiques, ce sont des conversations priv\u00e9es avec des \u00e9tudiants de la vie. Ce sont des communications avec ces \u00e9tudiants de la vie qui ont entrepris une recherche religieuse, qui se sont s\u00e9rieusement engag\u00e9s, qui ont engag\u00e9 leur vie enti\u00e8re dans la recherche. La recherche de ce qu\u2019est la vie [&hellip;]\" \/>\n<meta property=\"og:url\" content=\"https:\/\/www.revue3emillenaire.com\/blog\/relie-vimala-thakar\/\" \/>\n<meta property=\"og:site_name\" content=\"3e mill\u00e9naire - Spiritualit\u00e9 - Connaissance de soi - Non-dualit\u00e9 - M\u00e9ditation\" \/>\n<meta property=\"article:published_time\" content=\"2016-10-21T02:08:00+00:00\" \/>\n<meta property=\"article:modified_time\" content=\"2023-08-09T23:38:43+00:00\" \/>\n<meta property=\"og:image\" content=\"https:\/\/www.revue3emillenaire.com\/blog\/wp-content\/uploads\/2016\/09\/vimala-thakar.jpg\" \/>\n\t<meta property=\"og:image:width\" content=\"351\" \/>\n\t<meta property=\"og:image:height\" content=\"358\" \/>\n\t<meta property=\"og:image:type\" content=\"image\/jpeg\" \/>\n<meta name=\"author\" content=\"3e mill\u00e9naire\" \/>\n<meta name=\"twitter:card\" content=\"summary_large_image\" \/>\n<meta name=\"twitter:label1\" content=\"\u00c9crit par\" \/>\n\t<meta name=\"twitter:data1\" content=\"3e mill\u00e9naire\" \/>\n\t<meta name=\"twitter:label2\" content=\"Dur\u00e9e de lecture estim\u00e9e\" \/>\n\t<meta name=\"twitter:data2\" content=\"13 minutes\" \/>\n<script type=\"application\/ld+json\" class=\"yoast-schema-graph\">{\"@context\":\"https:\/\/schema.org\",\"@graph\":[{\"@type\":\"Article\",\"@id\":\"https:\/\/www.revue3emillenaire.com\/blog\/relie-vimala-thakar\/#article\",\"isPartOf\":{\"@id\":\"https:\/\/www.revue3emillenaire.com\/blog\/relie-vimala-thakar\/\"},\"author\":{\"name\":\"3e mill\u00e9naire\",\"@id\":\"https:\/\/www.revue3emillenaire.com\/blog\/#\/schema\/person\/b692dacff720a5344a6190bc714397eb\"},\"headline\":\"Reli\u00e9 au tout par Vimala Thakar\",\"datePublished\":\"2016-10-21T02:08:00+00:00\",\"dateModified\":\"2023-08-09T23:38:43+00:00\",\"mainEntityOfPage\":{\"@id\":\"https:\/\/www.revue3emillenaire.com\/blog\/relie-vimala-thakar\/\"},\"wordCount\":2842,\"image\":{\"@id\":\"https:\/\/www.revue3emillenaire.com\/blog\/relie-vimala-thakar\/#primaryimage\"},\"thumbnailUrl\":\"https:\/\/www.revue3emillenaire.com\/blog\/wp-content\/uploads\/2016\/09\/vimala-thakar.jpg\",\"articleSection\":[\"Thakar Vimala\"],\"inLanguage\":\"fr-FR\"},{\"@type\":\"WebPage\",\"@id\":\"https:\/\/www.revue3emillenaire.com\/blog\/relie-vimala-thakar\/\",\"url\":\"https:\/\/www.revue3emillenaire.com\/blog\/relie-vimala-thakar\/\",\"name\":\"Reli\u00e9 au tout par Vimala Thakar - 3e mill\u00e9naire - Spiritualit\u00e9 - Connaissance de soi - Non-dualit\u00e9 - M\u00e9ditation\",\"isPartOf\":{\"@id\":\"https:\/\/www.revue3emillenaire.com\/blog\/#website\"},\"primaryImageOfPage\":{\"@id\":\"https:\/\/www.revue3emillenaire.com\/blog\/relie-vimala-thakar\/#primaryimage\"},\"image\":{\"@id\":\"https:\/\/www.revue3emillenaire.com\/blog\/relie-vimala-thakar\/#primaryimage\"},\"thumbnailUrl\":\"https:\/\/www.revue3emillenaire.com\/blog\/wp-content\/uploads\/2016\/09\/vimala-thakar.jpg\",\"datePublished\":\"2016-10-21T02:08:00+00:00\",\"dateModified\":\"2023-08-09T23:38:43+00:00\",\"author\":{\"@id\":\"https:\/\/www.revue3emillenaire.com\/blog\/#\/schema\/person\/b692dacff720a5344a6190bc714397eb\"},\"breadcrumb\":{\"@id\":\"https:\/\/www.revue3emillenaire.com\/blog\/relie-vimala-thakar\/#breadcrumb\"},\"inLanguage\":\"fr-FR\",\"potentialAction\":[{\"@type\":\"ReadAction\",\"target\":[\"https:\/\/www.revue3emillenaire.com\/blog\/relie-vimala-thakar\/\"]}]},{\"@type\":\"ImageObject\",\"inLanguage\":\"fr-FR\",\"@id\":\"https:\/\/www.revue3emillenaire.com\/blog\/relie-vimala-thakar\/#primaryimage\",\"url\":\"https:\/\/www.revue3emillenaire.com\/blog\/wp-content\/uploads\/2016\/09\/vimala-thakar.jpg\",\"contentUrl\":\"https:\/\/www.revue3emillenaire.com\/blog\/wp-content\/uploads\/2016\/09\/vimala-thakar.jpg\",\"width\":351,\"height\":358},{\"@type\":\"BreadcrumbList\",\"@id\":\"https:\/\/www.revue3emillenaire.com\/blog\/relie-vimala-thakar\/#breadcrumb\",\"itemListElement\":[{\"@type\":\"ListItem\",\"position\":1,\"name\":\"Accueil\",\"item\":\"https:\/\/www.revue3emillenaire.com\/blog\/\"},{\"@type\":\"ListItem\",\"position\":2,\"name\":\"Reli\u00e9 au tout par Vimala Thakar\"}]},{\"@type\":\"WebSite\",\"@id\":\"https:\/\/www.revue3emillenaire.com\/blog\/#website\",\"url\":\"https:\/\/www.revue3emillenaire.com\/blog\/\",\"name\":\"3e mill\u00e9naire - Spiritualit\u00e9 - Connaissance de soi - Non-dualit\u00e9 - M\u00e9ditation\",\"description\":\"L&#039;Homme en devenir\",\"potentialAction\":[{\"@type\":\"SearchAction\",\"target\":{\"@type\":\"EntryPoint\",\"urlTemplate\":\"https:\/\/www.revue3emillenaire.com\/blog\/?s={search_term_string}\"},\"query-input\":{\"@type\":\"PropertyValueSpecification\",\"valueRequired\":true,\"valueName\":\"search_term_string\"}}],\"inLanguage\":\"fr-FR\"},{\"@type\":\"Person\",\"@id\":\"https:\/\/www.revue3emillenaire.com\/blog\/#\/schema\/person\/b692dacff720a5344a6190bc714397eb\",\"name\":\"3e mill\u00e9naire\",\"url\":\"https:\/\/www.revue3emillenaire.com\/blog\/author\/scoussa\/\"}]}<\/script>\n<!-- \/ Yoast SEO plugin. -->","yoast_head_json":{"title":"Reli\u00e9 au tout par Vimala Thakar - 3e mill\u00e9naire - Spiritualit\u00e9 - Connaissance de soi - Non-dualit\u00e9 - M\u00e9ditation","robots":{"index":"index","follow":"follow","max-snippet":"max-snippet:-1","max-image-preview":"max-image-preview:large","max-video-preview":"max-video-preview:-1"},"canonical":"https:\/\/www.revue3emillenaire.com\/blog\/relie-vimala-thakar\/","og_locale":"fr_FR","og_type":"article","og_title":"Reli\u00e9 au tout par Vimala Thakar - 3e mill\u00e9naire - Spiritualit\u00e9 - Connaissance de soi - Non-dualit\u00e9 - M\u00e9ditation","og_description":"Ce ne sont pas des conf\u00e9rences publiques, ce sont des conversations priv\u00e9es avec des \u00e9tudiants de la vie. Ce sont des communications avec ces \u00e9tudiants de la vie qui ont entrepris une recherche religieuse, qui se sont s\u00e9rieusement engag\u00e9s, qui ont engag\u00e9 leur vie enti\u00e8re dans la recherche. La recherche de ce qu\u2019est la vie [&hellip;]","og_url":"https:\/\/www.revue3emillenaire.com\/blog\/relie-vimala-thakar\/","og_site_name":"3e mill\u00e9naire - Spiritualit\u00e9 - Connaissance de soi - Non-dualit\u00e9 - M\u00e9ditation","article_published_time":"2016-10-21T02:08:00+00:00","article_modified_time":"2023-08-09T23:38:43+00:00","og_image":[{"width":351,"height":358,"url":"https:\/\/www.revue3emillenaire.com\/blog\/wp-content\/uploads\/2016\/09\/vimala-thakar.jpg","type":"image\/jpeg"}],"author":"3e mill\u00e9naire","twitter_card":"summary_large_image","twitter_misc":{"\u00c9crit par":"3e mill\u00e9naire","Dur\u00e9e de lecture estim\u00e9e":"13 minutes"},"schema":{"@context":"https:\/\/schema.org","@graph":[{"@type":"Article","@id":"https:\/\/www.revue3emillenaire.com\/blog\/relie-vimala-thakar\/#article","isPartOf":{"@id":"https:\/\/www.revue3emillenaire.com\/blog\/relie-vimala-thakar\/"},"author":{"name":"3e mill\u00e9naire","@id":"https:\/\/www.revue3emillenaire.com\/blog\/#\/schema\/person\/b692dacff720a5344a6190bc714397eb"},"headline":"Reli\u00e9 au tout par Vimala Thakar","datePublished":"2016-10-21T02:08:00+00:00","dateModified":"2023-08-09T23:38:43+00:00","mainEntityOfPage":{"@id":"https:\/\/www.revue3emillenaire.com\/blog\/relie-vimala-thakar\/"},"wordCount":2842,"image":{"@id":"https:\/\/www.revue3emillenaire.com\/blog\/relie-vimala-thakar\/#primaryimage"},"thumbnailUrl":"https:\/\/www.revue3emillenaire.com\/blog\/wp-content\/uploads\/2016\/09\/vimala-thakar.jpg","articleSection":["Thakar Vimala"],"inLanguage":"fr-FR"},{"@type":"WebPage","@id":"https:\/\/www.revue3emillenaire.com\/blog\/relie-vimala-thakar\/","url":"https:\/\/www.revue3emillenaire.com\/blog\/relie-vimala-thakar\/","name":"Reli\u00e9 au tout par Vimala Thakar - 3e mill\u00e9naire - Spiritualit\u00e9 - Connaissance de soi - Non-dualit\u00e9 - M\u00e9ditation","isPartOf":{"@id":"https:\/\/www.revue3emillenaire.com\/blog\/#website"},"primaryImageOfPage":{"@id":"https:\/\/www.revue3emillenaire.com\/blog\/relie-vimala-thakar\/#primaryimage"},"image":{"@id":"https:\/\/www.revue3emillenaire.com\/blog\/relie-vimala-thakar\/#primaryimage"},"thumbnailUrl":"https:\/\/www.revue3emillenaire.com\/blog\/wp-content\/uploads\/2016\/09\/vimala-thakar.jpg","datePublished":"2016-10-21T02:08:00+00:00","dateModified":"2023-08-09T23:38:43+00:00","author":{"@id":"https:\/\/www.revue3emillenaire.com\/blog\/#\/schema\/person\/b692dacff720a5344a6190bc714397eb"},"breadcrumb":{"@id":"https:\/\/www.revue3emillenaire.com\/blog\/relie-vimala-thakar\/#breadcrumb"},"inLanguage":"fr-FR","potentialAction":[{"@type":"ReadAction","target":["https:\/\/www.revue3emillenaire.com\/blog\/relie-vimala-thakar\/"]}]},{"@type":"ImageObject","inLanguage":"fr-FR","@id":"https:\/\/www.revue3emillenaire.com\/blog\/relie-vimala-thakar\/#primaryimage","url":"https:\/\/www.revue3emillenaire.com\/blog\/wp-content\/uploads\/2016\/09\/vimala-thakar.jpg","contentUrl":"https:\/\/www.revue3emillenaire.com\/blog\/wp-content\/uploads\/2016\/09\/vimala-thakar.jpg","width":351,"height":358},{"@type":"BreadcrumbList","@id":"https:\/\/www.revue3emillenaire.com\/blog\/relie-vimala-thakar\/#breadcrumb","itemListElement":[{"@type":"ListItem","position":1,"name":"Accueil","item":"https:\/\/www.revue3emillenaire.com\/blog\/"},{"@type":"ListItem","position":2,"name":"Reli\u00e9 au tout par Vimala Thakar"}]},{"@type":"WebSite","@id":"https:\/\/www.revue3emillenaire.com\/blog\/#website","url":"https:\/\/www.revue3emillenaire.com\/blog\/","name":"3e mill\u00e9naire - Spiritualit\u00e9 - Connaissance de soi - Non-dualit\u00e9 - M\u00e9ditation","description":"L&#039;Homme en devenir","potentialAction":[{"@type":"SearchAction","target":{"@type":"EntryPoint","urlTemplate":"https:\/\/www.revue3emillenaire.com\/blog\/?s={search_term_string}"},"query-input":{"@type":"PropertyValueSpecification","valueRequired":true,"valueName":"search_term_string"}}],"inLanguage":"fr-FR"},{"@type":"Person","@id":"https:\/\/www.revue3emillenaire.com\/blog\/#\/schema\/person\/b692dacff720a5344a6190bc714397eb","name":"3e mill\u00e9naire","url":"https:\/\/www.revue3emillenaire.com\/blog\/author\/scoussa\/"}]}},"_links":{"self":[{"href":"https:\/\/www.revue3emillenaire.com\/blog\/wp-json\/wp\/v2\/posts\/17315","targetHints":{"allow":["GET"]}}],"collection":[{"href":"https:\/\/www.revue3emillenaire.com\/blog\/wp-json\/wp\/v2\/posts"}],"about":[{"href":"https:\/\/www.revue3emillenaire.com\/blog\/wp-json\/wp\/v2\/types\/post"}],"author":[{"embeddable":true,"href":"https:\/\/www.revue3emillenaire.com\/blog\/wp-json\/wp\/v2\/users\/2"}],"replies":[{"embeddable":true,"href":"https:\/\/www.revue3emillenaire.com\/blog\/wp-json\/wp\/v2\/comments?post=17315"}],"version-history":[{"count":0,"href":"https:\/\/www.revue3emillenaire.com\/blog\/wp-json\/wp\/v2\/posts\/17315\/revisions"}],"wp:featuredmedia":[{"embeddable":true,"href":"https:\/\/www.revue3emillenaire.com\/blog\/wp-json\/wp\/v2\/media\/17288"}],"wp:attachment":[{"href":"https:\/\/www.revue3emillenaire.com\/blog\/wp-json\/wp\/v2\/media?parent=17315"}],"wp:term":[{"taxonomy":"category","embeddable":true,"href":"https:\/\/www.revue3emillenaire.com\/blog\/wp-json\/wp\/v2\/categories?post=17315"},{"taxonomy":"post_tag","embeddable":true,"href":"https:\/\/www.revue3emillenaire.com\/blog\/wp-json\/wp\/v2\/tags?post=17315"}],"curies":[{"name":"wp","href":"https:\/\/api.w.org\/{rel}","templated":true}]}}