{"id":17363,"date":"2017-01-14T00:56:17","date_gmt":"2017-01-13T23:56:17","guid":{"rendered":"http:\/\/www.revue3emillenaire.com\/blog\/?p=17363"},"modified":"2017-01-14T00:56:17","modified_gmt":"2017-01-13T23:56:17","slug":"francais-naiment-liberte-aime-michel","status":"publish","type":"post","link":"https:\/\/www.revue3emillenaire.com\/blog\/francais-naiment-liberte-aime-michel\/","title":{"rendered":"Les fran\u00e7ais n&rsquo;aiment que\u2026 la libert\u00e9 par Aim\u00e9 Michel"},"content":{"rendered":"<p align=\"justify\"><span style=\"color: #000000;\"><span style=\"font-size: medium;\">(Revue 3<\/span><\/span><span style=\"color: #000000;\"><sup><span style=\"font-size: medium;\">e<\/span><\/sup><\/span><span style=\"color: #000000;\"><span style=\"font-size: medium;\"> Mill\u00e9naire. Ancienne s\u00e9rie. No 15 Juillet-Ao\u00fbt 1984)<\/span><\/span><\/p>\n<p align=\"justify\"><i><b><span style=\"color: #000000;\"><span style=\"font-family: Times New Roman,serif;\"><span style=\"font-size: medium;\">2000 ans d&rsquo;histoire qui ont peu \u00e0 peu fait la France et soud\u00e9 un peuple. Vingt si\u00e8cles de guerres, de soubresauts, de convulsions, d&rsquo;apathie aussi ont constitu\u00e9 l&rsquo;essence m\u00eame d&rsquo;une population n\u00e9e d&rsquo;ethnies disparates. Ce qui soude ces hommes et ces femmes que l&rsquo;on appelle Fran\u00e7ais, c&rsquo;est un amour visc\u00e9ral de la libert\u00e9 (et non des libert\u00e9s). Cette particularit\u00e9 fondamentale, que de gouverne\u00adments ont n\u00e9glig\u00e9 d&rsquo;en tenir compte et l&rsquo;ont pay\u00e9 de leur disparition. Pour suivre ce destin qui les d\u00e9passe, les Fran\u00e7ais semblent n&rsquo;avoir qu&rsquo;un mot d&rsquo;ordre, qu&rsquo;une constante, qu&rsquo;un concept en commun : la Libert\u00e9.<\/span><\/span><\/span><\/b><\/i><\/p>\n<p align=\"justify\"><i><b><span style=\"color: #000000;\"><span style=\"font-family: Times New Roman,serif;\"><span style=\"font-size: medium;\">Il y a 20 si\u00e8cles Jules C\u00e9sar et Vercing\u00e9torix l&rsquo;avaient am\u00e8rement constat\u00e9<\/span><\/span><\/span><\/b><\/i><\/p>\n<p align=\"justify\"><span style=\"color: #000000;\"><span style=\"font-family: Times New Roman,serif;\"><span style=\"font-size: medium;\">Je<\/span><\/span><\/span><span style=\"color: #000000;\"><span style=\"font-family: Times New Roman,serif;\"><span style=\"font-size: medium;\"> lis sans excessif souci que les jeunes Fran\u00e7ais sont maintenant toujours aussi ignares en histoire qu&rsquo;au temps du lyc\u00e9e Papillon. Le temps du lyc\u00e9e Pa-Pa, c&rsquo;\u00e9tait le mien et je me rappelle fort bien que les adultes riaient plus fort que nous. Dame ! il fallait, parfois, nous expliquer\u00a0:<\/span><\/span><\/span><\/p>\n<p align=\"justify\"><i><span style=\"color: #000000;\"><span style=\"font-family: Times New Roman,serif;\"><span style=\"font-size: medium;\">Monsieur l&rsquo;Inspecteur<\/span><\/span><\/span><\/i><\/p>\n<p align=\"justify\"><i><span style=\"color: #000000;\"><span style=\"font-family: Times New Roman,serif;\"><span style=\"font-size: medium;\">Je sais tout \u00e7a par <\/span><\/span><\/span><span style=\"color: #000000;\"><span style=\"font-family: Times New Roman,serif;\"><span style=\"font-size: medium;\">c\u0153ur.<\/span><\/span><\/span><\/i><\/p>\n<p align=\"justify\"><span style=\"color: #000000;\"><span style=\"font-family: Times New Roman,serif;\"><span style=\"font-size: medium;\">Car si les jeunes Fran\u00e7ais sont par essence ignorants de leur pass\u00e9, il est juste de reconna\u00eetre que c&rsquo;est une tradition historique, que Louis XIV se croyait fils des Francs, et que les soldats de l&rsquo;An Deux ignoraient jusqu&rsquo;au nom de Vercing\u00e9torix, celui-l\u00e0, m\u00eame, Monsieur l&rsquo;Inspecteur, qui battit les Chinois un soir \u00e0 Roncevaux.<\/span><\/span><\/span><\/p>\n<p align=\"justify\"><span style=\"color: #000000;\"><span style=\"font-family: Times New Roman,serif;\"><span style=\"font-size: medium;\">Comme nous le rappelait r\u00e9cemment fort \u00e0 propos la presse espagnole, les Fran\u00e7ais sont arrogants, vantards, inconsid\u00e9r\u00e9s, fanfarons. C&rsquo;est vrai, en toute modestie, et nos voisins parlent d&rsquo;or. Tout Fran\u00e7ais voyageur rentrant au bercail est constern\u00e9 de retrouver sa propre image dans le gabelou qui le regarde de travers sur le seuil sacr\u00e9 de la Patrie. Churchill, qui aimait la France, se demanda avec effroi tout au long de la guerre ce qu&rsquo;elle pourrait encore inventer, la paix revenue, pour emb\u00eater le monde. De Gaulle d&rsquo;ailleurs \u00e9tait l\u00e0 pour entretenir ce souci.<\/span><\/span><\/span><\/p>\n<p align=\"justify\"><span style=\"color: #000000;\"><span style=\"font-family: Times New Roman,serif;\"><span style=\"font-size: medium;\">Bien. Tout cela est vrai, y compris le jugement fameux du m\u00eame de Gaulle sur ses compatriotes. Tout cela est vrai, mais il y a quand m\u00eame un myst\u00e8re de la France et des Fran\u00e7ais.<\/span><\/span><\/span><\/p>\n<p align=\"justify\"><b><span style=\"color: #000000;\"><span style=\"font-family: Times New Roman,serif;\"><span style=\"font-size: medium;\">La passion de diviser<\/span><\/span><\/span><\/b><\/p>\n<p align=\"justify\"><span style=\"color: #000000;\"><span style=\"font-family: Times New Roman,serif;\"><span style=\"font-size: medium;\">En l&rsquo;an 59 avant J.-C., C\u00e9sar se fait nommer gouverneur de la Gaule Cisalpine, enfourche son cheval et s&rsquo;en vient, d\u00e8s l&rsquo;ann\u00e9e suivante, batailler de ce c\u00f4t\u00e9-ci des Alpes. Je viens de relire, une fois de plus, le livre g\u00e9nial o\u00f9 il raconte sa conqu\u00eate. On ne cesse d&rsquo;y trouver des raisons d&rsquo;admirer cet homme extraordinaire. Surtout si l&rsquo;on prend garde de se rappeler qu&rsquo;il le dicta \u00e0 toute allure aussit\u00f4t Al\u00e9sia tomb\u00e9e, non point pour les lecteurs des mill\u00e9naires \u00e0 venir, mais en guise de manifeste \u00e9lectoral, pour impressionner le S\u00e9nat et pr\u00e9parer ses ambitions de l&rsquo;ann\u00e9e suivante.<\/span><\/span><\/span><\/p>\n<p align=\"justify\"><span style=\"color: #000000;\"><span style=\"font-family: Times New Roman,serif;\"><span style=\"font-size: medium;\">Les historiens ne manquent jamais de souligner combien il avait int\u00e9r\u00eat \u00e0 gonfler l&rsquo;affaire gauloise, le danger gaulois, les exploits de son arm\u00e9e. Les Gaulois ont \u00e9t\u00e9 ses ennemis, mais d&rsquo;un autre c\u00f4t\u00e9, il compte sur l&rsquo;ennemi conquis et ralli\u00e9 pour conqu\u00e9rir le pouvoir \u00e0 Rome.<\/span><\/span><\/span><\/p>\n<p align=\"justify\"><span style=\"color: #000000;\"><span style=\"font-family: Times New Roman,serif;\"><span style=\"font-size: medium;\">Bref, son pamphlet \u00e9lectoral est a priori tr\u00e8s suspect. Il faut s&rsquo;attendre \u00e0 y trouver n&rsquo;importe quoi. Si donc la v\u00e9rit\u00e9 s&rsquo;y reconna\u00eet, de quel prix, de quel poids doit-on l&rsquo;\u00e9valuer !<\/span><\/span><\/span><\/p>\n<p align=\"justify\"><span style=\"color: #000000;\"><span style=\"font-family: Times New Roman,serif;\"><span style=\"font-size: medium;\">Livre IV, chapitre 5 : \u00ab Les Gaulois sont versatiles dans leurs d\u00e9cisions, passionn\u00e9s de changement (&#8230;). Ils arr\u00eatent les voyageurs et les retiennent m\u00eame pour les faire bavarder, pour savoir ce qui se passe ailleurs, et ces rumeurs les passionnent tant qu&rsquo;ils sont pr\u00eats \u00e0 d\u00e9cider souvent n&rsquo;importe quoi, quitte \u00e0 s&rsquo;en repentir et \u00e0 changer d&rsquo;avis&#8230; \u00bb<\/span><\/span><\/span><\/p>\n<p align=\"justify\"><span style=\"color: #000000;\"><span style=\"font-family: Times New Roman,serif;\"><span style=\"font-size: medium;\">Livre III, chapitre 10 : \u00ab Ils ont la manie du changement, se laissent entra\u00eener dans les guerres avec la plus grande l\u00e9g\u00e8ret\u00e9 (&#8230;) et tous ont de nature l&rsquo;amour de la libert\u00e9 et l&rsquo;horreur de l&rsquo;esclavage&#8230; \u00bb<\/span><\/span><\/span><\/p>\n<p align=\"justify\"><span style=\"color: #000000;\"><span style=\"font-family: Times New Roman,serif;\"><span style=\"font-size: medium;\">Livre VI, chapitre 6 : \u00ab En Gaule, je ne dis pas seulement dans chaque province (patio), mais dans tous les cantons, dans les divisions de cantons, et m\u00eame dans les familles, il y a des partis oppos\u00e9s&#8230; \u00bb, (Suit un expos\u00e9 qui m\u00e9riterait bien une amusante ex\u00e9g\u00e8se, puis :) \u00ab le m\u00eame syst\u00e8me s&rsquo;applique \u00e0 l&rsquo;ensemble de la Gaule, o\u00f9 dans chaque province on est divis\u00e9 en deux partis \u00bb.<\/span><\/span><\/span><\/p>\n<p align=\"justify\"><span style=\"color: #000000;\"><span style=\"font-family: Times New Roman,serif;\"><span style=\"font-size: medium;\">Ah, ce r\u00e9gime des partis, cette passion de se diviser, comme leur chef le g\u00e9n\u00e9ral de Gaulle, je veux dire Vercing\u00e9torix, le leur reproche !<\/span><\/span><\/span><\/p>\n<p align=\"justify\"><span style=\"color: #000000;\"><span style=\"font-family: Times New Roman,serif;\"><span style=\"font-size: medium;\">Discours de Vercing\u00e9torix, livre VII, chapitre 29. Apr\u00e8s avoir expliqu\u00e9 que si les Romains avaient vaincu jusqu&rsquo;ici ce n&rsquo;\u00e9tait que gr\u00e2ce \u00e0 leur sup\u00e9riorit\u00e9 technique (cf. l&rsquo;Appel du 18 juin) : \u00ab Je vais m&rsquo;appliquer \u00e0 faire l&rsquo;unit\u00e9 avec les provinces qui ne se sont pas encore ralli\u00e9es \u00e0 la France Libre (pardon) au reste de la Gaule, car, unis, nous sommes invincibles \u00bb.<\/span><\/span><\/span><\/p>\n<p align=\"justify\"><span style=\"color: #000000;\"><span style=\"font-family: Times New Roman,serif;\"><span style=\"font-size: medium;\">Autre discours remarquable, celui qu&rsquo;Ambiorix, roi des <\/span><\/span><\/span><span style=\"color: #000000;\"><span style=\"font-family: Times New Roman,serif;\"><span style=\"font-size: medium;\">\u00c9burons<\/span><\/span><\/span><span style=\"color: #000000;\"><span style=\"font-family: Times New Roman,serif;\"><span style=\"font-size: medium;\"> (sur la rive gauche de la Meuse), tient \u00e0 une ambassade de C\u00e9sar : il lui explique que la nature m\u00eame de son pouvoir \u00ab est telle que le peuple n&rsquo;a pas moins d&rsquo;autorit\u00e9 sur lui que lui sur le peuple \u00bb. C\u00e9sar, du reste, consacre de nombreux chapitres \u00e0 expliquer pourquoi et comment il a \u00e9t\u00e9 oblig\u00e9 d&rsquo;exterminer int\u00e9gralement, hommes, femmes et enfants, ces maudits <\/span><\/span><\/span><span style=\"color: #000000;\"><span style=\"font-family: Times New Roman,serif;\"><span style=\"font-size: medium;\">\u00c9burons<\/span><\/span><\/span><span style=\"color: #000000;\"><span style=\"font-family: Times New Roman,serif;\"><span style=\"font-size: medium;\"> qui s&rsquo;obstinaient \u00e0 refuser l&rsquo;autorit\u00e9 romaine.<\/span><\/span><\/span><\/p>\n<p align=\"justify\"><b><span style=\"color: #000000;\"><span style=\"font-family: Times New Roman,serif;\"><span style=\"font-size: medium;\">La Gaule d\u00e9j\u00e0 coup\u00e9e en deux<\/span><\/span><\/span><\/b><\/p>\n<p align=\"justify\"><span style=\"color: #000000;\"><span style=\"font-family: Times New Roman,serif;\"><span style=\"font-size: medium;\">\u00c9voquerai-je encore les fameux chapitres 13 et suivants du Livre VI o\u00f9 est d\u00e9crite la soci\u00e9t\u00e9 gauloise ? Il n&rsquo;y a que \u00ab deux classes qui comptent \u00bb : les druides et les \u00ab chevaliers \u00bb. Druides et chevaliers, clerg\u00e9 et noblesse, rien \u00e0 voir avec la France moderne. Mais, en fait, quand on scrute au-del\u00e0 des mots pour voir le r\u00f4le social de ces \u00ab classes \u00bb, on voit d&rsquo;abord que les druides sont les \u00ab intellectuels \u00bb : sans doute coupent-il le fameux gui, etc., mais ils ont le monopole de l&rsquo;\u00e9ducation nationale, non seulement en enseignant mais en faisant l&rsquo;opinion, en <\/span><\/span><\/span><span style=\"color: #000000;\"><span style=\"font-family: Times New Roman,serif;\"><span style=\"font-size: medium;\">jugeant<\/span><\/span><\/span><span style=\"color: #000000;\"><span style=\"font-family: Times New Roman,serif;\"><span style=\"font-size: medium;\">, en disputant sur la nature des choses, les pays lointains, le temps (le temps qui passe), en \u00ab statuant dans presque toutes les contestations publiques ou priv\u00e9es \u00bb, en d\u00e9signant publiquement les gens comme il faut et les autres, en tenant des congr\u00e8s. Ce sont des fonctionnaires, ils ne paient pas d&rsquo;imp\u00f4ts, et \u00ab en g\u00e9n\u00e9ral \u00bb ne font pas la guerre.<\/span><\/span><\/span><\/p>\n<p align=\"justify\"><span style=\"color: #000000;\"><span style=\"font-family: Times New Roman,serif;\"><span style=\"font-size: medium;\">Les \u00ab chevaliers \u00bb ne se pr\u00eatent pas \u00e0 un parall\u00e8le aussi curieux, mais on peut dire que ce sont \u00ab les riches \u00bb, en se souvenant que la richesse dans la France actuelle n&rsquo;est plus la seule d\u00e9tention du capital. Disons-les \u00ab gros \u00bb. Ceux-l\u00e0 firent la guerre \u00e0 C\u00e9sar, furent vaincus \u00ab par la technique \u00bb, comme on peut s&rsquo;en rendre compte au Mus\u00e9e de Saint-Germain-en-Laye et se romanis\u00e8rent. Quant aux druides, il fallut, comme les <\/span><\/span><\/span><span style=\"color: #000000;\"><span style=\"font-family: Times New Roman,serif;\"><span style=\"font-size: medium;\">\u00c9burons<\/span><\/span><\/span><span style=\"color: #000000;\"><span style=\"font-family: Times New Roman,serif;\"><span style=\"font-size: medium;\">, les exterminer. Cela prit quand m\u00eame quelques si\u00e8cles.<\/span><\/span><\/span><\/p>\n<p align=\"justify\"><span style=\"color: #000000;\"><span style=\"font-family: Times New Roman,serif;\"><span style=\"font-size: medium;\">Cela lu, il n&rsquo;y a pas que C\u00e9sar. Sur certains points, nous en savons plus que C\u00e9sar sur les Gaulois. En particulier sur leur pass\u00e9. C\u00e9sar para\u00eet croire qu&rsquo;ils sont une race, nous savons qu&rsquo;il n&rsquo;en est rien. Du point de vue ethnique, ils \u00e9taient, au moment de Vercing\u00e9torix, un amalgame, un melting pot de peuples venus de l&rsquo;Est au cours des derniers mill\u00e9naires. Les Gaulois, en fait, c&rsquo;\u00e9tait les druides, c&rsquo;\u00e9tait une culture. Cette culture est tr\u00e8s post\u00e9rieure au peuplement de la Gaule. Les m\u00e9galithes de Bretagne existaient depuis des milliers d&rsquo;ann\u00e9es quand elle se r\u00e9pandit, venant peut-\u00eatre d&rsquo;Europe Centrale. Et il y a l\u00e0 un premier probl\u00e8me : si les Gaulois \u00e9taient une culture, comment se peut-il qu&rsquo;apr\u00e8s deux mille ans et plusieurs changements de langue, de religion, d&rsquo;ob\u00e9dience, tant de r\u00e9gimes politiques, tant d&rsquo;invasions, de r\u00e9volutions et de guerres, on trouve encore en de nombreux chapitres de C\u00e9sar le sentiment d&rsquo;une troublante familiarit\u00e9 ?<\/span><\/span><\/span><\/p>\n<p align=\"justify\"><b><span style=\"color: #000000;\"><span style=\"font-family: Times New Roman,serif;\"><span style=\"font-size: medium;\">Le buvard des invasions<\/span><\/span><\/span><\/b><\/p>\n<p align=\"justify\"><span style=\"color: #000000;\"><span style=\"font-family: Times New Roman,serif;\"><span style=\"font-size: medium;\">Je n&rsquo;en sais rien, je n&rsquo;ai jamais l\u00e0-dessus rien lu de convaincant, mais je vois bien ce qu&rsquo;est encore la France actuelle : une terre d&rsquo;asile, un endroit o\u00f9 tout le monde devient Fran\u00e7ais en quelques g\u00e9n\u00e9rations ou une seule, sans forc\u00e9ment perdre son identit\u00e9, o\u00f9 m\u00eame la plus illustre noblesse peut s&rsquo;appeler Poniatowski, Marc Donald, de Broglie, Turck\u00adheim, et cela depuis toujours. Les O&rsquo;Kelly-Farell, d&rsquo;origine irlandaise, remontent au XII<\/span><\/span><\/span><span style=\"color: #000000;\"><sup><span style=\"font-family: Times New Roman,serif;\"><span style=\"font-size: medium;\">e<\/span><\/span><\/sup><\/span><span style=\"color: #000000;\"><span style=\"font-family: Times New Roman,serif;\"><span style=\"font-size: medium;\"> si\u00e8cle. Les Reinach et Hirtzbach au d\u00e9but du XIII<\/span><\/span><\/span><span style=\"color: #000000;\"><sup><span style=\"font-family: Times New Roman,serif;\"><span style=\"font-size: medium;\">e<\/span><\/span><\/sup><\/span><span style=\"color: #000000;\"><span style=\"font-family: Times New Roman,serif;\"><span style=\"font-size: medium;\"> si\u00e8cle, les Schauenburg \u00e0 1276, les M\u00fchlenheim-Rechberg \u00e0 1337 (je puise cette surprenante \u00e9rudition dans le Quid), et l&rsquo;on trouve en France des descendants directs de Gengis Khan et des Empereurs de Byzance tellement bien recycl\u00e9s qu&rsquo;ils font comme vous et moi, du moins moi, partie de l&rsquo;obscure pi\u00e9taille.<\/span><\/span><\/span><\/p>\n<p align=\"justify\"><span style=\"color: #000000;\"><span style=\"font-family: Times New Roman,serif;\"><span style=\"font-size: medium;\">Le lecteur espagnol aura reconnu dans les lignes qui pr\u00e9c\u00e8dent l&rsquo;insupportable complaisance fran\u00e7aise. Eh oui. J&rsquo;\u00e9ponge donc mon front et je poursuis.<\/span><\/span><\/span><\/p>\n<p align=\"justify\"><span style=\"color: #000000;\"><span style=\"font-family: Times New Roman,serif;\"><span style=\"font-size: medium;\">Les Gaulois, dit C\u00e9sar, dit Lucain, dit Pausanias, \u00e9taient impitoyables et cruels. Malheur aux vaincus ! ricane Brennus en jetant son \u00e9p\u00e9e dans la balance. Ils avaient l&rsquo;habitude de ficeler leurs prisonniers dans de grands paniers d&rsquo;osier et de les regarder br\u00fbler. Ils aimaient, en guise d&rsquo;ornement, disposer des t\u00eates coup\u00e9es sur les piliers des portes. Et sur ce point, l&rsquo;arch\u00e9ologie confirme, voyez les piliers du portail d&rsquo;Entremont, le<\/span><\/span><\/span> <span style=\"color: #000000;\"><span style=\"font-family: Times New Roman,serif;\"><span style=\"font-size: medium;\">r\u00e9alisme des yeux et des l\u00e8vres en train de pourrir. Comme on voit que le sculpteur avait l&rsquo;habitude de ce spectacle, qu&rsquo;il le trouvait noble et joli, ainsi naturellement que tout le peuple et notamment les druides du lieu, ses probables clients ! Ah, n&rsquo;est-ce pas, l\u00e0 au moins on voit que le temps a pass\u00e9, que nous ne sommes plus ainsi.<\/span><\/span><\/span><\/p>\n<p align=\"justify\"><span style=\"color: #000000;\"><span style=\"font-family: Times New Roman,serif;\"><span style=\"font-size: medium;\">Soit. Cependant, j&rsquo;ai beau chercher dans les innombrables horreurs dont l&rsquo;Europe s&rsquo;est souill\u00e9e ces derniers si\u00e8cles, je trouve ais\u00e9ment pire que ces ostentatoires t\u00eates coup\u00e9es, mais je ne vois nulle part, sauf erreur, ces t\u00eates elles-m\u00eames, except\u00e9 dans la plus belle des R\u00e9volutions, la n\u00f4tre. \u00c7a ira, \u00e7a ira, Monsieur l&rsquo;Inspecteur. N&rsquo;est-il pas noble et joli, le geste de ce patriote inclinant vers Marie-Antoinette, au bout de sa pique, la t\u00eate fra\u00eechement coup\u00e9e de son amie de <\/span><\/span><\/span><span style=\"color: #000000;\"><span style=\"font-family: Times New Roman,serif;\"><span style=\"font-size: medium;\">c\u0153ur<\/span><\/span><\/span><span style=\"color: #000000;\"><span style=\"font-family: Times New Roman,serif;\"><span style=\"font-size: medium;\"> la princesse de Lamballe ? Lisez aussi le dernier livre de Michel Ragon sur la Vend\u00e9e, ou plus pr\u00e8s de nous, pendant la derni\u00e8re guerre, les hauts faits de la Milice fran\u00e7aise. Un de mes amis me rappelle parfois le soupir de soulagement qu&rsquo;il poussa quand, arr\u00eat\u00e9 par celle-ci, il fut transf\u00e9r\u00e9 \u00e0 la Gestapo allemande.<\/span><\/span><\/span><\/p>\n<p align=\"justify\"><span style=\"color: #000000;\"><span style=\"font-family: Times New Roman,serif;\"><span style=\"font-size: medium;\">Sommes-nous impitoyables et cruels ? Le plus fran\u00e7ais des id\u00e9olo\u00adgues, Voltaire, le croyait sans l&rsquo;avoir appris de ses yeux quand il pr\u00eachait pour la soci\u00e9t\u00e9 civilis\u00e9e, affirmant contre Rousseau que l&rsquo;homme na\u00eet b\u00eate et m\u00e9chant et que la soci\u00e9t\u00e9 seule lui enseigne un peu de vertu. Il exag\u00e9rait. L&rsquo;homme ne na\u00eet pas b\u00eate et m\u00e9chant. Mais la soci\u00e9t\u00e9 qui prosp\u00e9rait sur notre terre b\u00e9nie au temps d&rsquo;Entremont, plus de cent ans avant C\u00e9sar, nourrissait des fantasmes de sang qui ne sont pas encore bien effac\u00e9s au fond de nos \u00e2mes. Dieu merci, elle en nourrissait d&rsquo;autres aussi, plus pr\u00e9sentables.<\/span><\/span><\/span><\/p>\n<p align=\"justify\"><b><span style=\"color: #000000;\"><span style=\"font-family: Times New Roman,serif;\"><span style=\"font-size: medium;\">Jules C\u00e9sar avant de Gaulle<\/span><\/span><\/span><\/b><\/p>\n<p align=\"justify\"><span style=\"color: #000000;\"><span style=\"font-family: Times New Roman,serif;\"><span style=\"font-size: medium;\">Mais enfin, tout de m\u00eame, C\u00e9sar ne dit pas que les Gaulois \u00e9taient des veaux ?<\/span><\/span><\/span> <span style=\"color: #000000;\"><span style=\"font-family: Times New Roman,serif;\"><span style=\"font-size: medium;\">Si. Il le dit. Et m\u00eame il l&rsquo;explique, non sans d\u00e9lectation, cherchant peut-\u00eatre dans son beau latin, un mot aussi lapidaire et expressif que celui de de Gaulle. Il dit, livre VI, chapitre 13, que le peuple \u00ab n&rsquo;ose rien faire par lui-m\u00eame \u00bb, qu&rsquo;il \u00ab ne participe pas aux d\u00e9lib\u00e9rations \u00bb, quoiqu&rsquo;en maint autre passage il reconnaisse sa bravoure et son audace. Seulement, ils \u00ab manquent d&rsquo;obstination \u00bb (Livre VII, chapitre 20). On remarquera la contradiction apparente entre les propos d&rsquo;Ambiorix, cit\u00e9 plus haut, et l&rsquo;affirmation qu&rsquo;ils ne font rien par eux-m\u00eames. Si le pouvoir du chef \u00ab n&rsquo;est pas plus grand sur le peuple que celui du peuple sur lui \u00bb, on se demande comment C\u00e9sar peut penser ou feindre de penser que le peuple ne participe pas aux d\u00e9lib\u00e9rations. Il faut lire avec attention le discours et les aventures d&rsquo;Ambiorix pour comprendre, et alors on n&rsquo;est pas peu surpris. Ambiorix veut dire qu&rsquo;il ne peut \u00eatre tenu pour responsable des sottises commises par les siens car tout est toujours remis en question, ses concitoyens se reposent sur lui pour prendre les d\u00e9cisions, mais ces d\u00e9cisions sont aussit\u00f4t d\u00e9cri\u00e9es, oubli\u00e9es et abandonn\u00e9es pour n&rsquo;importe quelle lubie s&rsquo;il n&rsquo;est pas l\u00e0 pour garder la barre. Bref, ce que disait plus bri\u00e8vement de Gaulle, c&rsquo;est ce que C\u00e9sar essaie, mais sans se faire trop d&rsquo;illusions, de faire comprendre au grave S\u00e9nat romain. \u00ab Mais enfin, disaient les sujets d&rsquo;Ambiorix, qu&rsquo;attend le gouvernement pour faire ci et \u00e7a ? \u00bb Le gouvernement le faisait-il, aussit\u00f4t l&rsquo;on cherchait autre chose. \u00ab Ils ont la passion du changement \u00bb.<\/span><\/span><\/span><\/p>\n<p align=\"justify\"><span style=\"color: #000000;\"><span style=\"font-family: Times New Roman,serif;\"><span style=\"font-size: medium;\">\u00c9pongeons<\/span><\/span><\/span><span style=\"color: #000000;\"><span style=\"font-family: Times New Roman,serif;\"><span style=\"font-size: medium;\"> notre front.<\/span><\/span><\/span><\/p>\n<p align=\"justify\"><span style=\"color: #000000;\"><span style=\"font-family: Times New Roman,serif;\"><span style=\"font-size: medium;\">Mais du diable alors si j&rsquo;entrevois pourquoi nous avons travers\u00e9 ces deux mille ans d&rsquo;histoire mieux que notre conqu\u00e9rant romain, l&rsquo;assimilant sur place et apr\u00e8s lui les Francs, et depuis les Francs tous ceux qui ont bien voulu venir sur notre sol pour y go\u00fbter l&rsquo;ind\u00e9finissable paga\u00efe gauloise et nous aider \u00e0 l&rsquo;entretenir. Qu&rsquo;est-ce donc qu&rsquo;\u00eatre Fran\u00e7ais\u00a0<\/span><\/span><\/span><span style=\"color: #000000;\"><span style=\"font-family: Times New Roman,serif;\"><span style=\"font-size: medium;\">?<\/span><\/span><\/span><span style=\"color: #000000;\"><span style=\"font-family: Times New Roman,serif;\"><span style=\"font-size: medium;\"> \u00ab Ils sont versatiles \u00bb, disait C\u00e9sar : et voil\u00e0, il se trouve que non. Ils sont versatiles sur le court terme et increvables sur le long, tels sont les faits.<\/span><\/span><\/span><\/p>\n<p align=\"justify\"><b><span style=\"color: #000000;\"><span style=\"font-family: Times New Roman,serif;\"><span style=\"font-size: medium;\">Le 18 juin&#8230; 1429<\/span><\/span><\/span><\/b><\/p>\n<p align=\"justify\"><span style=\"color: #000000;\"><span style=\"font-family: Times New Roman,serif;\"><span style=\"font-size: medium;\">Je nie que la raison suffise \u00e0 expliquer une survie qui ne se per\u00e7oit pas \u00e0 l&rsquo;aune de la m\u00e9moire humaine et que nous ne soup\u00e7onnerions pas si les historiens de l&rsquo;antiquit\u00e9 n&rsquo;avaient d\u00e9crit nos anc\u00eatres, pr\u00e9cisons : nos anc\u00eatres spirituels ou culturels.<\/span><\/span><\/span><\/p>\n<p align=\"justify\"><span style=\"color: #000000;\"><span style=\"font-family: Times New Roman,serif;\"><span style=\"font-size: medium;\">Je nie que la raison y suffise parce que r\u00e9ellement, historiquement, le moment le plus sublime de cette histoire qui n&rsquo;est pas finie nous invite \u00e0 regarder plus loin.<\/span><\/span><\/span><\/p>\n<p align=\"justify\"><span style=\"color: #000000;\"><span style=\"font-family: Times New Roman,serif;\"><span style=\"font-size: medium;\">Ce moment unique dans notre histoire et peut-\u00eatre dans l&rsquo;histoire humaine est tr\u00e8s bref, il dure moins d&rsquo;un mois : de la bataille de Patay, le 18 juin 1429, au sacre de Charles VII, le 17 juillet.<\/span><\/span><\/span><\/p>\n<p align=\"justify\"><span style=\"color: #000000;\"><span style=\"font-family: Times New Roman,serif;\"><span style=\"font-size: medium;\">Patay, c&rsquo;est la premi\u00e8re victoire fran\u00e7aise en rase-campagne de la guerre de Cent-Ans, une petite bataille, \u00e0 peine une bousculade compar\u00e9e aux grandes boucheries modernes ou antiques. Seulement, cette petite arm\u00e9e, jusque-l\u00e0 en d\u00e9route est anim\u00e9e par une fille de dix-sept ans et sa victoire ne doit rien au hasard. Elle est le fruit d&rsquo;une tension morale infus\u00e9e \u00e0 tout un peuple par cette fille.<\/span><\/span><\/span><\/p>\n<p align=\"justify\"><span style=\"color: #000000;\"><span style=\"font-family: Times New Roman,serif;\"><span style=\"font-size: medium;\">Chaque ann\u00e9e ou presque para\u00eet en France un livre dont l&rsquo;auteur a enfin expliqu\u00e9 Jeanne d&rsquo;Arc. Comme dit R\u00e9gine Pernoud, c&rsquo;est, inlassa\u00adblement, \u00ab Jeanne devant les Cauchons \u00bb. C&rsquo;est une manie. Mais bon, admettons une explication, ou l&rsquo;autre. Restera toujours \u00e0 dire pourquoi et comment tout d&rsquo;un coup, d&rsquo;un bout \u00e0 l&rsquo;autre d&rsquo;un pays \u00e9puis\u00e9, saign\u00e9, r\u00e9sign\u00e9 \u00e0 tout, abreuv\u00e9 d&rsquo;\u00e9checs, la lev\u00e9e du si\u00e8ge d&rsquo;Orl\u00e9ans, le 29 avril de cette m\u00eame ann\u00e9e 1429, changea les esprits et fit passer sur eux le frisson de la v\u00e9rit\u00e9. Soudain, chacun sut ce qu&rsquo;il fallait faire. Michelet, dans le volume VI de son histoire, a su exprimer ce sentiment fugace et surhumain.<\/span><\/span><\/span><\/p>\n<ul>\n<li>\n<p align=\"justify\"><span style=\"color: #000000;\"> <span style=\"font-family: Times New Roman,serif;\"><span style=\"font-size: medium;\">L&rsquo;effet de la d\u00e9livrance d&rsquo;Orl\u00e9ans fut prodigieux. Tout le monde y reconnut une puissance surnaturelle (Michelet rapporte alors les discus\u00adsions qui s&rsquo;\u00e9lev\u00e8rent du c\u00f4t\u00e9 fran\u00e7ais sur ce qu&rsquo;il fallait faire : \u00ab aller \u00e0 Reims sacrer le roi \u00bb, dit Jeanne) .<\/span><\/span><\/span><\/p>\n<\/li>\n<li>\n<p align=\"justify\"><span style=\"color: #000000;\"> <span style=\"font-family: Times New Roman,serif;\"><span style=\"font-size: medium;\">La Pucelle \u00e9tait seule de cet avis, et cette folie \u00e9tait la sagesse m\u00eame. Les politiques, les fortes t\u00eates du Conseil, souriaient : ils voulaient qu&rsquo;on all\u00e2t lentement et s\u00fbrement, c&rsquo;est-\u00e0-dire qu&rsquo;on donn\u00e2t aux Anglais le temps de reprendre courage.<\/span><\/span><\/span><\/p>\n<\/li>\n<\/ul>\n<p align=\"justify\"><span style=\"color: #000000;\"><span style=\"font-family: Times New Roman,serif;\"><span style=\"font-size: medium;\">Jeanne l&#8217;emporte finalement, et c&rsquo;est Patay.<\/span><\/span><\/span><\/p>\n<ul>\n<li>\n<p align=\"justify\"><span style=\"color: #000000;\"> <span style=\"font-family: Times New Roman,serif;\"><span style=\"font-size: medium;\">Les politiques voulaient qu&rsquo;on rest\u00e2t encore sur la Loire&#8230; Ils eurent beau dire cette fois. Les voix timides ne pouvaient plus \u00eatre \u00e9cout\u00e9es. Chaque jour, affluaient des gens de toutes les provinces qui venaient au bruit des miracles de la Pucelle, ne croyant qu&rsquo;en elle et, comme elle, avaient h\u00e2te de mener le roi \u00e0 Reims. C&rsquo;\u00e9tait un irr\u00e9sistible \u00e9lan&#8230; L&rsquo;indolent roi lui-m\u00eame finit par se laisser soulever \u00e0 cette vague populaire, \u00e0 cette grande mar\u00e9e qui montait et qui poussait au nord. Roi, courtisans, politiques, enthousiastes, tous ensemble, de gr\u00e9 ou de force, les fois, les sages, ils partirent. Au d\u00e9part, ils \u00e9taient douze mille. Mais le long de la route, la masse allait grossissant. D&rsquo;autres venaient, et toujours d&rsquo;autres. Ceux qui n&rsquo;avaient pas d&rsquo;armure suivaient la sainte exp\u00e9dition en simples Jacques&#8230;<\/span><\/span><\/span><\/p>\n<\/li>\n<\/ul>\n<p align=\"justify\"><b><span style=\"color: #000000;\"><span style=\"font-family: Times New Roman,serif;\"><span style=\"font-size: medium;\">On ne nous fait pas le coup du miracle<\/span><\/span><\/span><\/b><\/p>\n<p align=\"justify\"><span style=\"color: #000000;\"><span style=\"font-family: Times New Roman,serif;\"><span style=\"font-size: medium;\">Quand je lis les textes de cette \u00e9poque, souvent modestes, tels que les \u00e9rudits les \u00e9tablissent, il me semble, oserai-je dire, que les si\u00e8cles s&rsquo;effacent et que le myst\u00e8re dont je parle ici m&rsquo;appara\u00eet comme le soleil entre deux nuages. Si je le dis ainsi tout bonnement au lieu de construire une phrase, de cafarde objectivit\u00e9, c&rsquo;est parce que les Fran\u00e7ais ont la t\u00eate dure, qu&rsquo;ils sont cyniques et douteurs, qu&rsquo;on ne leur fait pas le coup du miracle. C&rsquo;est donc seulement une foi personnelle que j&rsquo;exprime dans ces pages, certain, subjectivement tant qu&rsquo;on voudra, qu&rsquo;elle \u00e9clairera un jour notre vieux destin.<\/span><\/span><\/span><\/p>\n<p align=\"justify\"><span style=\"color: #000000;\"><span style=\"font-family: Times New Roman,serif;\"><span style=\"font-size: medium;\">Voici donc ce que je crois.<\/span><\/span><\/span><\/p>\n<p align=\"justify\"><span style=\"color: #000000;\"><span style=\"font-family: Times New Roman,serif;\"><span style=\"font-size: medium;\">Oui, les Fran\u00e7ais sont des veaux. Ils le sont d\u00e8s leur apparition dans l&rsquo;Histoire sous le nom qu&rsquo;ils ont perdu. Ils ne cessent depuis lors d&rsquo;en convaincre le monde et eux-m\u00eames. Mais ce peuple capricieux et incertain n&rsquo;a jamais cess\u00e9 non plus d&rsquo;accomplir une t\u00e2che. Cette t\u00e2che le d\u00e9passe. Il n&rsquo;en est pas digne. M\u00eame elle \u00e9chappe \u00e0 son entendement. Il n&rsquo;en a pas conscience. Et pourtant, \u00ab de gr\u00e9 ou de force \u00bb il l&rsquo;accomplit. \u00ab Ils n&rsquo;aiment que la libert\u00e9, dit C\u00e9sar, ils ont horreur de l&rsquo;esclavage \u00bb. Qu&rsquo;avons-nous fait pour cette libert\u00e9 ? Je n&rsquo;en sais rien. Mais du moins nous l&rsquo;avons gard\u00e9e. M\u00eame oppresseurs, nous l&rsquo;avons r\u00e9pandue. \u00ab Nous vous mettons \u00e0 la porte, me disait un Tunisien, parce que nous avons lu Montesquieu \u00bb. Que chantaient les insurg\u00e9s de Budapest ? La Marseillaise.<\/span><\/span><\/span><\/p>\n<p align=\"justify\"><span style=\"color: #000000;\"><span style=\"font-family: Times New Roman,serif;\"><span style=\"font-size: medium;\">Durant ces mois du printemps 1429, si vite pass\u00e9s, si lointains d\u00e9j\u00e0, mais immortels, la foule unanime \u00ab qui montait et poussait au nord \u00bb, vers le Sacre, allait se faire elle-m\u00eame sacrer en la personne de son d\u00e9bile roi.<\/span><\/span><\/span><\/p>\n<p align=\"justify\"><span style=\"color: #000000;\"><span style=\"font-family: Times New Roman,serif;\"><span style=\"font-size: medium;\">Le faible <\/span><\/span><\/span><span style=\"color: #000000;\"><span style=\"font-family: Times New Roman,serif;\"><span style=\"font-size: medium;\">Charles<\/span><\/span><\/span><span style=\"color: #000000;\"><span style=\"font-family: Times New Roman,serif;\"><span style=\"font-size: medium;\"> VII conduit \u00e0 Reims par une myst\u00e9rieuse et irr\u00e9sistible force, c&rsquo;est nous, c&rsquo;est nous-m\u00eames. Et la jeune fille h\u00e9ro\u00efque, incarnation de cette force, c&rsquo;est notre destin\u00e9e. Qui la comprend ? Pendant un bref instant, la France tout enti\u00e8re. Comme un dormeur enfonc\u00e9 dans sa nuit se r\u00e9veille et d\u00e9couvre qu&rsquo;il est, ainsi les Fran\u00e7ais pendant ces quelques mois s&rsquo;identifi\u00e8rent \u00e0 leur destin\u00e9e qu&rsquo;ils purent voir chevaucher dans son armure blanche.<\/span><\/span><\/span><\/p>\n<p align=\"justify\"><span style=\"color: #000000;\"><span style=\"font-family: Times New Roman,serif;\"><span style=\"font-size: medium;\">La blanche vision s&rsquo;est effac\u00e9e dans la fum\u00e9e d&rsquo;un b\u00fbcher. Et depuis ce jour parmi nous des voix se relaient monotonement pour nous persuader que nous avons r\u00eav\u00e9. Il faut que ces merveilles n&rsquo;aient pas eu lieu, il le faut pour l\u00e9gitimer nos d\u00e9faillances et nos manques. Cela aussi est pr\u00e9vu dans le mythe fondateur, mythe de sang vraiment vers\u00e9, de malheur h\u00e9ro\u00efquement affront\u00e9, mythe par son sens mais v\u00e9rit\u00e9 de douleur et de chair. En effet, ce n&rsquo;est pas l&rsquo;h\u00e9ro\u00efne qui fut sacr\u00e9e \u00e0 Reims, mais le faible roi, nous-m\u00eame en sa personne. Nous n&rsquo;\u00e9chapperons pas \u00e0 ce devoir trop lourd pour nous, et duquel depuis nous nous acquittons en maugr\u00e9ant, sinon \u00e0 <\/span><\/span><\/span><span style=\"color: #000000;\"><span style=\"font-family: Times New Roman,serif;\"><span style=\"font-size: medium;\">contrec\u0153ur<\/span><\/span><\/span><span style=\"color: #000000;\"><span style=\"font-family: Times New Roman,serif;\"><span style=\"font-size: medium;\"> mais bel et bien.<\/span><\/span><\/span><\/p>\n<p align=\"justify\"><span style=\"color: #000000;\"><span style=\"font-family: Times New Roman,serif;\"><span style=\"font-size: medium;\">J&rsquo;\u00e9cris cela, que du fond de mon \u00e2me je crois, et que pourtant je ne comprends pas. Si le Grand Artificier de l&rsquo;Histoire est intervenu dans la n\u00f4tre, s&rsquo;il l&rsquo;a remise au centre du monde au moment o\u00f9 elle allait s&rsquo;achever, je me demande bien pourquoi, consid\u00e9rant les si\u00e8cles ult\u00e9\u00adrieurs.<\/span><\/span><\/span><\/p>\n<p align=\"justify\"><span style=\"color: #000000;\"><span style=\"font-family: Times New Roman,serif;\"><span style=\"font-size: medium;\">Dans quel dessein nous a-t-il \u00e9pargn\u00e9 le sort des <\/span><\/span><\/span><span style=\"color: #000000;\"><span style=\"font-family: Times New Roman,serif;\"><span style=\"font-size: medium;\">\u00c9burons<\/span><\/span><\/span><span style=\"color: #000000;\"><span style=\"font-family: Times New Roman,serif;\"><span style=\"font-size: medium;\">, c&rsquo;est ce que je ne discerne pas.<\/span><\/span><\/span><\/p>\n<p align=\"justify\"><span style=\"color: #000000;\"><span style=\"font-family: Times New Roman,serif;\"><span style=\"font-size: medium;\">Quelle mouche l&rsquo;a piqu\u00e9, \u00e0 quel humour cosmique a-t-il puis\u00e9 pour choisir comme instrument de sa geste une fille en \u00e2ge de pr\u00e9parer le bac, lui accordant le g\u00e9nie, le courage et la gr\u00e2ce qui si souvent nous font d\u00e9faut ?<\/span><\/span><\/span><\/p>\n<p align=\"justify\"><span style=\"color: #000000;\"><span style=\"font-family: Times New Roman,serif;\"><span style=\"font-size: medium;\">Je cherche et ne comprends pas.<\/span><\/span><\/span><\/p>\n<p align=\"justify\"><span style=\"color: #000000;\"><span style=\"font-family: Times New Roman,serif;\"><span style=\"font-size: medium;\">Tout en m&rsquo;\u00e9merveillant de certaines chose peu croyables que nous avons faites depuis, en d\u00e9pit de nous et pas plus mal que d&rsquo;autres, je ne peux croire qu&rsquo;il fallait pour cela inventer la Pucelle et son fulgurant passage parmi nous.<\/span><\/span><\/span><\/p>\n<p align=\"justify\"><span style=\"color: #000000;\"><span style=\"font-family: Times New Roman,serif;\"><span style=\"font-size: medium;\">A moins que l&rsquo;Histoire de France n&rsquo;ait pas encore commenc\u00e9, que le but du Sacre nous attende encore \u00ab dans un temps, encore un temps et la moiti\u00e9 d&rsquo;un temps \u00bb.<\/span><\/span><\/span><\/p>\n<p align=\"justify\"><span style=\"color: #000000;\"><span style=\"font-family: Times New Roman,serif;\"><span style=\"font-size: medium;\">Nous qui ne croyons \u00e0 rien serions alors \u00e0 notre insu charg\u00e9s d&rsquo;un devoir proph\u00e9tique, humour supr\u00eame ? Pourquoi pas ?<\/span><\/span><\/span><\/p>\n<p align=\"justify\"><span style=\"color: #000000;\"><span style=\"font-family: Times New Roman,serif;\"><span style=\"font-size: medium;\">Il faut une vie d\u00e9j\u00e0 longue pour envisager cette folie, puis y reconna\u00eetre le souffle d&rsquo;une temp\u00eate que nos oreilles ne veulent pas entendre.<\/span><\/span><\/span><\/p>\n<p align=\"justify\"><span style=\"color: #000000;\"><span style=\"font-family: Times New Roman,serif;\"><span style=\"font-size: medium;\">Mais Dieu me garde de pr\u00eacher. Buvons plut\u00f4t ensemble, voulez-vous ? Les temps sont longs, le parti qui n&rsquo;est pas le mien fait tant de sottises que si l&rsquo;on ne se soigne pas, on risque de faire un ecz\u00e9ma. Je ne vous demande rien sur le parti que vous n&rsquo;aimez pas. Il ne peut gu\u00e8re \u00eatre meilleur. Sant\u00e9 !<\/span><\/span><\/span><\/p>\n","protected":false},"excerpt":{"rendered":"<p>(Revue 3e Mill\u00e9naire. Ancienne s\u00e9rie. No 15 Juillet-Ao\u00fbt 1984) 2000 ans d&rsquo;histoire qui ont peu \u00e0 peu fait la France et soud\u00e9 un peuple. Vingt si\u00e8cles de guerres, de soubresauts, de convulsions, d&rsquo;apathie aussi ont constitu\u00e9 l&rsquo;essence m\u00eame d&rsquo;une population n\u00e9e d&rsquo;ethnies disparates. Ce qui soude ces hommes et ces femmes que l&rsquo;on appelle Fran\u00e7ais, [&hellip;]<\/p>\n","protected":false},"author":2,"featured_media":12628,"comment_status":"closed","ping_status":"closed","sticky":false,"template":"","format":"standard","meta":{"footnotes":""},"categories":[534],"tags":[647],"class_list":["post-17363","post","type-post","status-publish","format-standard","has-post-thumbnail","hentry","category-michel-aime","tag-histoire"],"yoast_head":"<!-- This site is optimized with the Yoast SEO plugin v27.0 - https:\/\/yoast.com\/product\/yoast-seo-wordpress\/ -->\n<title>Les fran\u00e7ais n&#039;aiment que\u2026 la libert\u00e9 par Aim\u00e9 Michel - 3e mill\u00e9naire - Spiritualit\u00e9 - Connaissance de soi - Non-dualit\u00e9 - M\u00e9ditation<\/title>\n<meta name=\"robots\" content=\"index, follow, max-snippet:-1, max-image-preview:large, max-video-preview:-1\" \/>\n<link rel=\"canonical\" href=\"https:\/\/www.revue3emillenaire.com\/blog\/francais-naiment-liberte-aime-michel\/\" \/>\n<meta property=\"og:locale\" content=\"fr_FR\" \/>\n<meta property=\"og:type\" content=\"article\" \/>\n<meta property=\"og:title\" content=\"Les fran\u00e7ais n&#039;aiment que\u2026 la libert\u00e9 par Aim\u00e9 Michel - 3e mill\u00e9naire - Spiritualit\u00e9 - Connaissance de soi - Non-dualit\u00e9 - M\u00e9ditation\" \/>\n<meta property=\"og:description\" content=\"(Revue 3e Mill\u00e9naire. Ancienne s\u00e9rie. No 15 Juillet-Ao\u00fbt 1984) 2000 ans d&rsquo;histoire qui ont peu \u00e0 peu fait la France et soud\u00e9 un peuple. Vingt si\u00e8cles de guerres, de soubresauts, de convulsions, d&rsquo;apathie aussi ont constitu\u00e9 l&rsquo;essence m\u00eame d&rsquo;une population n\u00e9e d&rsquo;ethnies disparates. Ce qui soude ces hommes et ces femmes que l&rsquo;on appelle Fran\u00e7ais, [&hellip;]\" \/>\n<meta property=\"og:url\" content=\"https:\/\/www.revue3emillenaire.com\/blog\/francais-naiment-liberte-aime-michel\/\" \/>\n<meta property=\"og:site_name\" content=\"3e mill\u00e9naire - Spiritualit\u00e9 - Connaissance de soi - Non-dualit\u00e9 - M\u00e9ditation\" \/>\n<meta property=\"article:published_time\" content=\"2017-01-13T23:56:17+00:00\" \/>\n<meta property=\"og:image\" content=\"https:\/\/www.revue3emillenaire.com\/blog\/wp-content\/uploads\/2012\/12\/aime_michel_2.jpg\" \/>\n\t<meta property=\"og:image:width\" content=\"135\" \/>\n\t<meta property=\"og:image:height\" content=\"135\" \/>\n\t<meta property=\"og:image:type\" content=\"image\/jpeg\" \/>\n<meta name=\"author\" content=\"3e mill\u00e9naire\" \/>\n<meta name=\"twitter:card\" content=\"summary_large_image\" \/>\n<meta name=\"twitter:label1\" content=\"\u00c9crit par\" \/>\n\t<meta name=\"twitter:data1\" content=\"3e mill\u00e9naire\" \/>\n\t<meta name=\"twitter:label2\" content=\"Dur\u00e9e de lecture estim\u00e9e\" \/>\n\t<meta name=\"twitter:data2\" content=\"18 minutes\" \/>\n<script type=\"application\/ld+json\" class=\"yoast-schema-graph\">{\"@context\":\"https:\/\/schema.org\",\"@graph\":[{\"@type\":\"Article\",\"@id\":\"https:\/\/www.revue3emillenaire.com\/blog\/francais-naiment-liberte-aime-michel\/#article\",\"isPartOf\":{\"@id\":\"https:\/\/www.revue3emillenaire.com\/blog\/francais-naiment-liberte-aime-michel\/\"},\"author\":{\"name\":\"3e mill\u00e9naire\",\"@id\":\"https:\/\/www.revue3emillenaire.com\/blog\/#\/schema\/person\/b692dacff720a5344a6190bc714397eb\"},\"headline\":\"Les fran\u00e7ais n&rsquo;aiment que\u2026 la libert\u00e9 par Aim\u00e9 Michel\",\"datePublished\":\"2017-01-13T23:56:17+00:00\",\"mainEntityOfPage\":{\"@id\":\"https:\/\/www.revue3emillenaire.com\/blog\/francais-naiment-liberte-aime-michel\/\"},\"wordCount\":3666,\"image\":{\"@id\":\"https:\/\/www.revue3emillenaire.com\/blog\/francais-naiment-liberte-aime-michel\/#primaryimage\"},\"thumbnailUrl\":\"https:\/\/www.revue3emillenaire.com\/blog\/wp-content\/uploads\/2012\/12\/aime_michel_2.jpg\",\"keywords\":[\"Histoire\"],\"articleSection\":[\"Michel Aim\u00e9\"],\"inLanguage\":\"fr-FR\"},{\"@type\":\"WebPage\",\"@id\":\"https:\/\/www.revue3emillenaire.com\/blog\/francais-naiment-liberte-aime-michel\/\",\"url\":\"https:\/\/www.revue3emillenaire.com\/blog\/francais-naiment-liberte-aime-michel\/\",\"name\":\"Les fran\u00e7ais n'aiment que\u2026 la libert\u00e9 par Aim\u00e9 Michel - 3e mill\u00e9naire - Spiritualit\u00e9 - Connaissance de soi - Non-dualit\u00e9 - M\u00e9ditation\",\"isPartOf\":{\"@id\":\"https:\/\/www.revue3emillenaire.com\/blog\/#website\"},\"primaryImageOfPage\":{\"@id\":\"https:\/\/www.revue3emillenaire.com\/blog\/francais-naiment-liberte-aime-michel\/#primaryimage\"},\"image\":{\"@id\":\"https:\/\/www.revue3emillenaire.com\/blog\/francais-naiment-liberte-aime-michel\/#primaryimage\"},\"thumbnailUrl\":\"https:\/\/www.revue3emillenaire.com\/blog\/wp-content\/uploads\/2012\/12\/aime_michel_2.jpg\",\"datePublished\":\"2017-01-13T23:56:17+00:00\",\"author\":{\"@id\":\"https:\/\/www.revue3emillenaire.com\/blog\/#\/schema\/person\/b692dacff720a5344a6190bc714397eb\"},\"breadcrumb\":{\"@id\":\"https:\/\/www.revue3emillenaire.com\/blog\/francais-naiment-liberte-aime-michel\/#breadcrumb\"},\"inLanguage\":\"fr-FR\",\"potentialAction\":[{\"@type\":\"ReadAction\",\"target\":[\"https:\/\/www.revue3emillenaire.com\/blog\/francais-naiment-liberte-aime-michel\/\"]}]},{\"@type\":\"ImageObject\",\"inLanguage\":\"fr-FR\",\"@id\":\"https:\/\/www.revue3emillenaire.com\/blog\/francais-naiment-liberte-aime-michel\/#primaryimage\",\"url\":\"https:\/\/www.revue3emillenaire.com\/blog\/wp-content\/uploads\/2012\/12\/aime_michel_2.jpg\",\"contentUrl\":\"https:\/\/www.revue3emillenaire.com\/blog\/wp-content\/uploads\/2012\/12\/aime_michel_2.jpg\",\"width\":\"135\",\"height\":\"135\"},{\"@type\":\"BreadcrumbList\",\"@id\":\"https:\/\/www.revue3emillenaire.com\/blog\/francais-naiment-liberte-aime-michel\/#breadcrumb\",\"itemListElement\":[{\"@type\":\"ListItem\",\"position\":1,\"name\":\"Accueil\",\"item\":\"https:\/\/www.revue3emillenaire.com\/blog\/\"},{\"@type\":\"ListItem\",\"position\":2,\"name\":\"Les fran\u00e7ais n&rsquo;aiment que\u2026 la libert\u00e9 par Aim\u00e9 Michel\"}]},{\"@type\":\"WebSite\",\"@id\":\"https:\/\/www.revue3emillenaire.com\/blog\/#website\",\"url\":\"https:\/\/www.revue3emillenaire.com\/blog\/\",\"name\":\"3e mill\u00e9naire - Spiritualit\u00e9 - Connaissance de soi - Non-dualit\u00e9 - M\u00e9ditation\",\"description\":\"L&#039;Homme en devenir\",\"potentialAction\":[{\"@type\":\"SearchAction\",\"target\":{\"@type\":\"EntryPoint\",\"urlTemplate\":\"https:\/\/www.revue3emillenaire.com\/blog\/?s={search_term_string}\"},\"query-input\":{\"@type\":\"PropertyValueSpecification\",\"valueRequired\":true,\"valueName\":\"search_term_string\"}}],\"inLanguage\":\"fr-FR\"},{\"@type\":\"Person\",\"@id\":\"https:\/\/www.revue3emillenaire.com\/blog\/#\/schema\/person\/b692dacff720a5344a6190bc714397eb\",\"name\":\"3e mill\u00e9naire\",\"url\":\"https:\/\/www.revue3emillenaire.com\/blog\/author\/scoussa\/\"}]}<\/script>\n<!-- \/ Yoast SEO plugin. -->","yoast_head_json":{"title":"Les fran\u00e7ais n'aiment que\u2026 la libert\u00e9 par Aim\u00e9 Michel - 3e mill\u00e9naire - Spiritualit\u00e9 - Connaissance de soi - Non-dualit\u00e9 - M\u00e9ditation","robots":{"index":"index","follow":"follow","max-snippet":"max-snippet:-1","max-image-preview":"max-image-preview:large","max-video-preview":"max-video-preview:-1"},"canonical":"https:\/\/www.revue3emillenaire.com\/blog\/francais-naiment-liberte-aime-michel\/","og_locale":"fr_FR","og_type":"article","og_title":"Les fran\u00e7ais n'aiment que\u2026 la libert\u00e9 par Aim\u00e9 Michel - 3e mill\u00e9naire - Spiritualit\u00e9 - Connaissance de soi - Non-dualit\u00e9 - M\u00e9ditation","og_description":"(Revue 3e Mill\u00e9naire. Ancienne s\u00e9rie. No 15 Juillet-Ao\u00fbt 1984) 2000 ans d&rsquo;histoire qui ont peu \u00e0 peu fait la France et soud\u00e9 un peuple. Vingt si\u00e8cles de guerres, de soubresauts, de convulsions, d&rsquo;apathie aussi ont constitu\u00e9 l&rsquo;essence m\u00eame d&rsquo;une population n\u00e9e d&rsquo;ethnies disparates. Ce qui soude ces hommes et ces femmes que l&rsquo;on appelle Fran\u00e7ais, [&hellip;]","og_url":"https:\/\/www.revue3emillenaire.com\/blog\/francais-naiment-liberte-aime-michel\/","og_site_name":"3e mill\u00e9naire - Spiritualit\u00e9 - Connaissance de soi - Non-dualit\u00e9 - M\u00e9ditation","article_published_time":"2017-01-13T23:56:17+00:00","og_image":[{"width":135,"height":135,"url":"https:\/\/www.revue3emillenaire.com\/blog\/wp-content\/uploads\/2012\/12\/aime_michel_2.jpg","type":"image\/jpeg"}],"author":"3e mill\u00e9naire","twitter_card":"summary_large_image","twitter_misc":{"\u00c9crit par":"3e mill\u00e9naire","Dur\u00e9e de lecture estim\u00e9e":"18 minutes"},"schema":{"@context":"https:\/\/schema.org","@graph":[{"@type":"Article","@id":"https:\/\/www.revue3emillenaire.com\/blog\/francais-naiment-liberte-aime-michel\/#article","isPartOf":{"@id":"https:\/\/www.revue3emillenaire.com\/blog\/francais-naiment-liberte-aime-michel\/"},"author":{"name":"3e mill\u00e9naire","@id":"https:\/\/www.revue3emillenaire.com\/blog\/#\/schema\/person\/b692dacff720a5344a6190bc714397eb"},"headline":"Les fran\u00e7ais n&rsquo;aiment que\u2026 la libert\u00e9 par Aim\u00e9 Michel","datePublished":"2017-01-13T23:56:17+00:00","mainEntityOfPage":{"@id":"https:\/\/www.revue3emillenaire.com\/blog\/francais-naiment-liberte-aime-michel\/"},"wordCount":3666,"image":{"@id":"https:\/\/www.revue3emillenaire.com\/blog\/francais-naiment-liberte-aime-michel\/#primaryimage"},"thumbnailUrl":"https:\/\/www.revue3emillenaire.com\/blog\/wp-content\/uploads\/2012\/12\/aime_michel_2.jpg","keywords":["Histoire"],"articleSection":["Michel Aim\u00e9"],"inLanguage":"fr-FR"},{"@type":"WebPage","@id":"https:\/\/www.revue3emillenaire.com\/blog\/francais-naiment-liberte-aime-michel\/","url":"https:\/\/www.revue3emillenaire.com\/blog\/francais-naiment-liberte-aime-michel\/","name":"Les fran\u00e7ais n'aiment que\u2026 la libert\u00e9 par Aim\u00e9 Michel - 3e mill\u00e9naire - Spiritualit\u00e9 - Connaissance de soi - Non-dualit\u00e9 - M\u00e9ditation","isPartOf":{"@id":"https:\/\/www.revue3emillenaire.com\/blog\/#website"},"primaryImageOfPage":{"@id":"https:\/\/www.revue3emillenaire.com\/blog\/francais-naiment-liberte-aime-michel\/#primaryimage"},"image":{"@id":"https:\/\/www.revue3emillenaire.com\/blog\/francais-naiment-liberte-aime-michel\/#primaryimage"},"thumbnailUrl":"https:\/\/www.revue3emillenaire.com\/blog\/wp-content\/uploads\/2012\/12\/aime_michel_2.jpg","datePublished":"2017-01-13T23:56:17+00:00","author":{"@id":"https:\/\/www.revue3emillenaire.com\/blog\/#\/schema\/person\/b692dacff720a5344a6190bc714397eb"},"breadcrumb":{"@id":"https:\/\/www.revue3emillenaire.com\/blog\/francais-naiment-liberte-aime-michel\/#breadcrumb"},"inLanguage":"fr-FR","potentialAction":[{"@type":"ReadAction","target":["https:\/\/www.revue3emillenaire.com\/blog\/francais-naiment-liberte-aime-michel\/"]}]},{"@type":"ImageObject","inLanguage":"fr-FR","@id":"https:\/\/www.revue3emillenaire.com\/blog\/francais-naiment-liberte-aime-michel\/#primaryimage","url":"https:\/\/www.revue3emillenaire.com\/blog\/wp-content\/uploads\/2012\/12\/aime_michel_2.jpg","contentUrl":"https:\/\/www.revue3emillenaire.com\/blog\/wp-content\/uploads\/2012\/12\/aime_michel_2.jpg","width":"135","height":"135"},{"@type":"BreadcrumbList","@id":"https:\/\/www.revue3emillenaire.com\/blog\/francais-naiment-liberte-aime-michel\/#breadcrumb","itemListElement":[{"@type":"ListItem","position":1,"name":"Accueil","item":"https:\/\/www.revue3emillenaire.com\/blog\/"},{"@type":"ListItem","position":2,"name":"Les fran\u00e7ais n&rsquo;aiment que\u2026 la libert\u00e9 par Aim\u00e9 Michel"}]},{"@type":"WebSite","@id":"https:\/\/www.revue3emillenaire.com\/blog\/#website","url":"https:\/\/www.revue3emillenaire.com\/blog\/","name":"3e mill\u00e9naire - Spiritualit\u00e9 - Connaissance de soi - Non-dualit\u00e9 - M\u00e9ditation","description":"L&#039;Homme en devenir","potentialAction":[{"@type":"SearchAction","target":{"@type":"EntryPoint","urlTemplate":"https:\/\/www.revue3emillenaire.com\/blog\/?s={search_term_string}"},"query-input":{"@type":"PropertyValueSpecification","valueRequired":true,"valueName":"search_term_string"}}],"inLanguage":"fr-FR"},{"@type":"Person","@id":"https:\/\/www.revue3emillenaire.com\/blog\/#\/schema\/person\/b692dacff720a5344a6190bc714397eb","name":"3e mill\u00e9naire","url":"https:\/\/www.revue3emillenaire.com\/blog\/author\/scoussa\/"}]}},"_links":{"self":[{"href":"https:\/\/www.revue3emillenaire.com\/blog\/wp-json\/wp\/v2\/posts\/17363","targetHints":{"allow":["GET"]}}],"collection":[{"href":"https:\/\/www.revue3emillenaire.com\/blog\/wp-json\/wp\/v2\/posts"}],"about":[{"href":"https:\/\/www.revue3emillenaire.com\/blog\/wp-json\/wp\/v2\/types\/post"}],"author":[{"embeddable":true,"href":"https:\/\/www.revue3emillenaire.com\/blog\/wp-json\/wp\/v2\/users\/2"}],"replies":[{"embeddable":true,"href":"https:\/\/www.revue3emillenaire.com\/blog\/wp-json\/wp\/v2\/comments?post=17363"}],"version-history":[{"count":0,"href":"https:\/\/www.revue3emillenaire.com\/blog\/wp-json\/wp\/v2\/posts\/17363\/revisions"}],"wp:featuredmedia":[{"embeddable":true,"href":"https:\/\/www.revue3emillenaire.com\/blog\/wp-json\/wp\/v2\/media\/12628"}],"wp:attachment":[{"href":"https:\/\/www.revue3emillenaire.com\/blog\/wp-json\/wp\/v2\/media?parent=17363"}],"wp:term":[{"taxonomy":"category","embeddable":true,"href":"https:\/\/www.revue3emillenaire.com\/blog\/wp-json\/wp\/v2\/categories?post=17363"},{"taxonomy":"post_tag","embeddable":true,"href":"https:\/\/www.revue3emillenaire.com\/blog\/wp-json\/wp\/v2\/tags?post=17363"}],"curies":[{"name":"wp","href":"https:\/\/api.w.org\/{rel}","templated":true}]}}