{"id":17539,"date":"2017-07-02T02:10:52","date_gmt":"2017-07-02T01:10:52","guid":{"rendered":"http:\/\/www.revue3emillenaire.com\/blog\/?p=17539"},"modified":"2017-07-02T02:10:52","modified_gmt":"2017-07-02T01:10:52","slug":"fantomes-de-vivants-bilocation-andre-a-dumas","status":"publish","type":"post","link":"https:\/\/www.revue3emillenaire.com\/blog\/fantomes-de-vivants-bilocation-andre-a-dumas\/","title":{"rendered":"Fant\u00f4mes de vivants et \u00ab Bilocation \u00bb par Andr\u00e9 A. Dumas"},"content":{"rendered":"<p class=\"western\" style=\"text-align: left;\" align=\"center\"><span style=\"color: #000000;\"><span style=\"font-size: medium;\"><span lang=\"fr-FR\">(Extrait de La Science de l\u2019\u00c2me, 2e \u00e9dition. Dervy-Livres 1980)<\/span>\u00a0<\/span><\/span><\/p>\n<p class=\"western\" align=\"justify\"><span style=\"color: #000000;\"><span style=\"font-size: medium;\"><i>L&rsquo;action physique et psychique de l&rsquo;homme n&rsquo;est pas confin\u00e9e \u00e0 la p\u00e9riph\u00e9rie de son corps<\/i><\/span><\/span><span style=\"color: #000000;\"><span style=\"font-size: medium;\">.<\/span><\/span><\/p>\n<p class=\"western\" align=\"right\"><span style=\"color: #000000;\"><span style=\"font-size: medium;\">Alexandre AKSAKOF<\/span><\/span><\/p>\n<p class=\"western\" align=\"justify\"><span style=\"color: #000000;\"><span style=\"font-size: medium;\"><b>De la t\u00e9l\u00e9pathie \u00e0 la psychorragie<\/b><\/span><\/span><\/p>\n<p class=\"western\" align=\"justify\"><span style=\"color: #000000;\"><span style=\"font-size: medium;\">Analysant les cas d&rsquo;apparitions de personnes vivantes, co\u00efncidant avec quelque crise que ces personnes subissent \u00e0 distance, Myers (55, p. 218-219) notait que certains de ces faits \u00ab ne se laissent pas r\u00e9duire \u00e0 la conception de la t\u00e9l\u00e9pathie pure et simple, en admettant m\u00eame que cette conception ait re\u00e7u sa forme d\u00e9finitive \u00bb.<\/span><\/span><\/p>\n<p class=\"western\" align=\"justify\"><span style=\"color: #000000;\"><span style=\"font-size: medium;\">Quelquefois, en effet, l&rsquo;apparition est vue par plus d&rsquo;une personne \u00e0 la fois, r\u00e9sultat qui ne devrait pas se produire s&rsquo;il ne s&rsquo;agissait que d&rsquo;une transmission d&rsquo;impressions d&rsquo;un esprit a un autre.<\/span><\/span><\/p>\n<p class=\"western\" align=\"justify\"><span style=\"color: #000000;\"><span style=\"font-size: medium;\">Dans d&rsquo;autres cas, le percipient a eu l&rsquo;impression d&rsquo;avoir jou\u00e9 un r\u00f4le actif, c&rsquo;est-\u00e0-dire d&rsquo;avoir, de quelque mani\u00e8re, visit\u00e9 un lieu et not\u00e9 une sc\u00e8ne \u00e9loign\u00e9s, sans que l&rsquo;occupant de ce lieu ou l&rsquo;acteur de cette sc\u00e8ne ait une relation imm\u00e9diate avec le percipient.<\/span><\/span><\/p>\n<p class=\"western\" align=\"justify\"><span style=\"color: #000000;\"><span style=\"font-size: medium;\">Quelquefois, la \u00ab clairvoyance t\u00e9l\u00e9pathique \u00bb est r\u00e9ciproque : deux personnes s&rsquo;apparaissent l&rsquo;une \u00e0 l&rsquo;autre en m\u00eame temps, la sc\u00e8ne de leur rencontre \u00e9tant la m\u00eame dans la vision de chacune ou tout au moins, l&rsquo;exp\u00e9rience de l&rsquo;une et de l&rsquo;autre comportant des \u00e9l\u00e9ments communs.<\/span><\/span><\/p>\n<p class=\"western\" align=\"center\"><span style=\"color: #000000;\"><span style=\"font-size: medium;\">* *<\/span><\/span><\/p>\n<p class=\"western\" align=\"justify\"><span style=\"color: #000000;\"><span style=\"font-size: medium;\">Examinons, par exemple, le cas rapport\u00e9 par Mrs Beauchamp ins\u00e9r\u00e9 dans le Journal de la S.P.R., 4<\/span><\/span><span style=\"color: #000000;\"><sup><span style=\"font-size: medium;\">e<\/span><\/sup><\/span><span style=\"color: #000000;\"><span style=\"font-size: medium;\"> volume (pp. 280-290) et cit\u00e9 par Bozzano (101, pp. 25-26). Il s&rsquo;agit un petit chien hindou, r\u00e9pondant au nom de M\u00e9gatherium, qui dormait dans la chambre de la fille de la narratrice, \u00e0 l&rsquo;\u00e9tage au-dessous. Une nuit, Mrs. Beauchamp se r\u00e9veilla soudain en entendant autour de son lit le sautillement caract\u00e9ristique du petit Meg ; son mari, r\u00e9veill\u00e9 \u00e0 son tour, entendit aussi le m\u00eame bruit.<\/span><\/span><\/p>\n<p class=\"western\" align=\"justify\"><span style=\"color: #000000;\"><span style=\"font-size: medium;\">Ils allum\u00e8rent une bougie, ne trouv\u00e8rent rien, constat\u00e8rent que la porte \u00e9tait bien ferm\u00e9e et que le petit chien n&rsquo;avait pu ni entrer dans la chambre ni en ressortir. En fait, Meg, en remuant, s&rsquo;\u00e9tait enroul\u00e9 la courroie de son petit v\u00eatement autour du cou, et il s&rsquo;\u00e9tait presque \u00e9trangl\u00e9. D\u00e9livr\u00e9, il ne tarda pas \u00e0 se ranimer et \u00e0 se r\u00e9tablir.<\/span><\/span><\/p>\n<p class=\"western\" align=\"justify\"><span style=\"color: #000000;\"><span style=\"font-size: medium;\">Cette audition de bruits de pattes est consid\u00e9r\u00e9e par Bozzano comme une traduction symbolique, en l&rsquo;esprit des percipients, de l&rsquo;appel t\u00e9l\u00e9pathique de secours urgent \u00e9mis par le petit animal. Ce serait donc un ph\u00e9nom\u00e8ne subjectif. Toutefois, on peut remarquer que le sautillement a \u00e9t\u00e9 per\u00e7u par deux personnes la fois, et que, g\u00e9n\u00e9ralement, lorsque plusieurs personnes per\u00e7oivent un appel t\u00e9l\u00e9pathique, la forme symbolique sous laquelle il est per\u00e7u est diff\u00e9rente Pour chaque personne r\u00e9ceptrice : par exemple l&rsquo;une voit et n&rsquo;entend rien, l&rsquo;autre entend et ne voit rien, et une troisi\u00e8me peut avoir une impression vague, sans caract\u00e8re sensoriel. La perception par deux personnes \u00e0 la fois du bruit des pattes du chien autorise \u00e0 admettre le caract\u00e8re objectif du ph\u00e9nom\u00e8ne et \u00e0 soutenir que \u00ab quelque chose \u00bb de l&rsquo;animal \u00e9tait pr\u00e9sent ; il semble qu&rsquo;il y ait eu l\u00e0 un d\u00e9placement dynamique dans l&rsquo;espace, ce que Myers appelait la psychorragie, terme transform\u00e9 par le docteur Bret en \u00ab m\u00e9tapsychorraie \u00bb (146). Ce d\u00e9placement dynamique pourrait \u00eatre interpr\u00e9t\u00e9 \u00e0 l&rsquo;aide des notions acquises par 1&rsquo;\u00e9tude de la \u00ab substance invisible \u00bb et de sa subordination \u00e0 l&rsquo;activit\u00e9 mentale.<\/span><\/span><\/p>\n<p class=\"western\" align=\"center\"><span style=\"color: #000000;\"><span style=\"font-size: medium;\">* *<\/span><\/span><\/p>\n<p class=\"western\" align=\"justify\"><span style=\"color: #000000;\"><span style=\"font-size: medium;\">Le cas devenu classique de Mlle Sag\u00e9e est d\u00fb au t\u00e9moignage de la baronne Julie de G\u00fcldenstubbe. Aksakof (147) et Delanne (148) ont reproduit, d&rsquo;apr\u00e8s Dale Owen, l&rsquo;expos\u00e9 de ce cas, auquel Richet, du fait qu&rsquo;il n&rsquo;est appuy\u00e9 que par un seul t\u00e9moignage, n&rsquo;accordait aucune valeur, pas plus d&rsquo;ailleurs qu&rsquo;aux autres faits de ce genre, dits de \u00ab d\u00e9doublement \u00bb ou de \u00ab bilocation \u00bb.<\/span><\/span><\/p>\n<p class=\"western\" align=\"justify\"><span style=\"color: #000000;\"><span style=\"font-size: medium;\">Une institutrice, originaire de Dijon, Mlle Sag\u00e9e (ou Saget, d&rsquo;apr\u00e8s les recherches de Flammarion (150, p. 9) dans l&rsquo;\u00e9tat civil), qui enseigna en 1845 et 1846 au pensionnat de Neuwelcke, institut pour jeunes filles nobles, pr\u00e8s de Volmar, en Livonie, aurait donn\u00e9 lieu a d&rsquo;\u00e9tranges ph\u00e9nom\u00e8nes, constat\u00e9s pendant 18 mois. Alors qu&rsquo;elle \u00e9crivait au tableau noir, les \u00e9l\u00e8ves, parmi lesquelles se trouvaient Mlle de G\u00fcldenstubbe, auraient vu tout \u00e0 coup deux Sag\u00e9e, l&rsquo;une \u00e0 c\u00f4t\u00e9 de l&rsquo;autre ; l&rsquo;une \u00e9crivant effectivement avec un morceau de craie, l&rsquo;autre imitant les mouvements de la premi\u00e8re. Une autre fois, on la vit \u00e0 la fois cueillir des fleurs dans le jardin et se trouver dans un fauteuil, o\u00f9 elle apparut soudain. Mais, \u00e0 ce moment, dans le jardin, ses mouvements \u00e9taient plus lents et plus lourds. Deux \u00e9l\u00e8ves plus hardies auraient touch\u00e9 l&rsquo;apparition dans le fauteuil et auraient rencontr\u00e9 une r\u00e9sistance comparable \u00e0 celle qu&rsquo;offrirait un l\u00e9ger tissu de mousseline ou de cr\u00eape. Ces manifestations avaient lieu principalement \u00e0 des moments o\u00f9 elle \u00e9tait tr\u00e8s pr\u00e9occup\u00e9e ou tr\u00e8s appliqu\u00e9e \u00e0 sa t\u00e2che. Lorsqu&rsquo;elle re\u00e7ut son cong\u00e9, par suite de ces faits bizarres qui effrayaient \u00e9l\u00e8ves et parents, on apprit qu&rsquo;elle avait \u00e9t\u00e9, d\u00e9j\u00e0, de 16 \u00e0 32 ans, institutrice dans dix-huit \u00e9tablissements et que les m\u00eames ph\u00e9nom\u00e8nes avaient provoqu\u00e9 son renvoi.<\/span><\/span><\/p>\n<p class=\"western\" align=\"justify\"><span style=\"color: #000000;\"><span style=\"font-size: medium;\">Cette histoire de \u00ab double \u00bb est tr\u00e8s loin de pr\u00e9senter le m\u00eame degr\u00e9 de certitude qu&rsquo;une constatation exp\u00e9rimentale dans le laboratoire de l&rsquo;I.M.I. de Paris ou dans le National Laboratory for Psychical Research de Londres.<\/span><\/span><\/p>\n<p class=\"western\" align=\"justify\"><span style=\"color: #000000;\"><span style=\"font-size: medium;\">Il faut \u00eatre tr\u00e8s circonspect en ce domaine, sans refuser cependant de l&rsquo;\u00e9tudier.<\/span><\/span><\/p>\n<p class=\"western\" align=\"center\"><span style=\"color: #000000;\"><span style=\"font-size: medium;\">* *<\/span><\/span><\/p>\n<p class=\"western\" align=\"justify\"><span style=\"color: #000000;\"><span style=\"font-size: medium;\">Le cas Carne Raschse est appuy\u00e9 par le t\u00e9moignage de deux membres de la Chambre des Communes.<\/span><\/span><\/p>\n<p class=\"western\" align=\"justify\"><span style=\"color: #000000;\"><span style=\"font-size: medium;\">Quelque temps avant les vacances parlementaires de P\u00e2ques 1905, le major Sir Carne Raschse, d\u00e9put\u00e9 \u00e0 la Chambre des Communes, tomba malade ; il avait de l&rsquo;influenza, qui se compliqua de n\u00e9vrose, et son \u00e9tat devint assez grave pour l&#8217;emp\u00eacher de se rendre \u00e0 son poste, bien qu&rsquo;il f\u00fbt tr\u00e8s d\u00e9sireux d&rsquo;appuyer le gouvernement dans la derni\u00e8re s\u00e9ance pr\u00e9c\u00e9dant les vacances, qu&rsquo;il estimait tr\u00e8s importante.<\/span><\/span><\/p>\n<p class=\"western\" align=\"justify\"><span style=\"color: #000000;\"><span style=\"font-size: medium;\">Cependant, au cours du d\u00e9bat, les yeux de son ami Sir Gilbert Parker tomb\u00e8rent sur Sir Carne Raschse, assis pr\u00e8s de sa place habituelle. Il lui fit un signe amical, en lui disant, sachant qu&rsquo;il avait \u00e9t\u00e9 malade : \u00ab J&rsquo;esp\u00e8re que vous allez mieux. \u00bb Mais \u00e0 sa grande surprise, il ne fit aucun signe de r\u00e9ponse ; son visage \u00e9tait tr\u00e8s p\u00e2le, il \u00e9tait assis, tranquille et appuy\u00e9 sur une main ; l&rsquo;expression de sa figure \u00e9tait impassible et dure. Sir Gilbert Parker songea un instant \u00e0 ce qu\u2019il devait faire, mais lorsqu&rsquo;il se retourna vers son ami, il avait disparu. Il se mit aussit\u00f4t \u00e0 sa recherche, esp\u00e9rant le trouver dans le vestibule, mais en vain ; il interrogea les huissiers et les cochers, personne n&rsquo;avait vu Sir Carne Raschse.<\/span><\/span><\/p>\n<p class=\"western\" align=\"justify\"><span style=\"color: #000000;\"><span style=\"font-size: medium;\">Sir Gilbert Parker apprit que Sir Henry Meysey-Thompson l&rsquo;avait aussi cherch\u00e9 sans r\u00e9sultat, mais c&rsquo;\u00e9tait pour un motif parlementaire et il ne l&rsquo;avait pas vu ; il fut tr\u00e8s impressionn\u00e9 de ce que lui dit son coll\u00e8gue et prit note du jour et de l&rsquo;heure de la vision (<\/span><\/span><span style=\"color: #000000;\"><span style=\"font-size: medium;\"><i>Empire<\/i><\/span><\/span><span style=\"color: #000000;\"><span style=\"font-size: medium;\">, 14 mai 1905).<\/span><\/span><\/p>\n<p class=\"western\" align=\"justify\"><span style=\"color: #000000;\"><span style=\"font-size: medium;\">Un autre t\u00e9moignage a confirm\u00e9 celui de Sir Gilbert Parker : Sir Arthur Hayter a vu, lui aussi, Sir Carne Raschse et il a attir\u00e9 l&rsquo;attention de Sir Henry Bannerman sur la pr\u00e9sence de leur coll\u00e8gue <\/span><\/span><span style=\"color: #000000;\"><span style=\"font-size: medium;\"><i>(Daily News<\/i><\/span><\/span><span style=\"color: #000000;\"><span style=\"font-size: medium;\">, 17 mai 1905).<\/span><\/span><\/p>\n<p class=\"western\" align=\"justify\"><span style=\"color: #000000;\"><span style=\"font-size: medium;\">Celui-ci fut bien \u00e9tonn\u00e9, peu apr\u00e8s, de recevoir les compliments de ses deux amis qui le f\u00e9licitaient d&rsquo;\u00eatre encore en vie ; toute sa famille fut \u00e9pouvant\u00e9e par l&rsquo;histoire de son apparition. Quant \u00e0 lui, il fut convaincu d&rsquo;\u00eatre r\u00e9ellement apparu \u00e0 la Chambre des Communes, pr\u00e9occup\u00e9 qu&rsquo;il \u00e9tait par cette s\u00e9ance o\u00f9 il ne pouvait se rendre (<\/span><\/span><span style=\"color: #000000;\"><span style=\"font-size: medium;\"><i>A.S.P<\/i><\/span><\/span><span style=\"color: #000000;\"><span style=\"font-size: medium;\">., juin 1905 ; 150, pp. 54-55 ; 146, pp. 73-74).<\/span><\/span><\/p>\n<p class=\"western\" align=\"justify\"><span style=\"color: #000000;\"><span style=\"font-size: medium;\"><b>De la clairvoyance \u00e0 la bilocation<\/b><\/span><\/span><\/p>\n<p class=\"western\" align=\"justify\"><span style=\"color: #000000;\"><span style=\"font-size: medium;\">Jusqu&rsquo;ici, il s&rsquo;agit de formes que la conscience ne semble pas animer, et les individus \u00ab d\u00e9doubl\u00e9s \u00bb n&rsquo;ont pas \u00e9prouv\u00e9 de visions ou de r\u00eaves qui pourraient faire penser \u00e0 un d\u00e9placement, dans l&rsquo;espace, de la conscience et de \u00ab quelque chose \u00bb qui serait dou\u00e9, en quelque sorte, de propri\u00e9t\u00e9s sensorielles.<\/span><\/span><\/p>\n<p class=\"western\" align=\"justify\"><span style=\"color: #000000;\"><span style=\"font-size: medium;\">D&rsquo;autres faits viennent pr\u00e9cis\u00e9ment r\u00e9pondre \u00e0 cette hypoth\u00e8se.<\/span><\/span><\/p>\n<p class=\"western\" align=\"justify\"><span style=\"color: #000000;\"><span style=\"font-size: medium;\">On a souvent cit\u00e9 le cas classique de Goethe, se promenant en compagnie d&rsquo;un ami, sur la route de Weimar et apercevant son ami Fr\u00e9d\u00e9ric qu&rsquo;il croyait se trouver \u00e0 Francfort ; l&rsquo;illustre po\u00e8te s&rsquo;\u00e9tonna en riant : \u00ab Mais c&rsquo;est bien lui ! Fr\u00e9d\u00e9ric ! Toi ici \u00e0 Weimar ? Mais, mon cher, comme te voil\u00e0 fait ? Habill\u00e9 de ma robe de chambre.., avec mon bonnet de nuit.., avec mes pantoufles aux pieds, ici, sur la grande route ! \u00bb<\/span><\/span><\/p>\n<p class=\"western\" align=\"justify\"><span style=\"color: #000000;\"><span style=\"font-size: medium;\">Tandis que le compagnon de route de Goethe, qui ne voyait absolument rien, s&rsquo;\u00e9pouvantait, croyant le po\u00e8te subitement atteint de folie, Fr\u00e9d\u00e9ric disparut brusquement aux yeux de celui-ci, qui comprit qu&rsquo;il avait eu une vision et se demanda si son ami ne venait pas de mourir brusquement. Mais en rentrant chez lui, il trouva Fr\u00e9d\u00e9ric, en chair et en os, \u00e0 la maison.<\/span><\/span><\/p>\n<p class=\"western\" align=\"justify\"><span style=\"color: #000000;\"><span style=\"font-size: medium;\">Que s&rsquo;\u00e9tait-il pass\u00e9 ? Fr\u00e9d\u00e9ric \u00e9tait arriv\u00e9 au logis de Goethe tremp\u00e9 par la pluie et il s&rsquo;\u00e9tait rev\u00eatu des v\u00eatements secs du po\u00e8te ; puis il s&rsquo;\u00e9tait endormi dans un fauteuil ; il avait r\u00eave qu&rsquo;il allait \u00e0 la rencontre de Goethe et que celui-ci l&rsquo;avait interpell\u00e9 avec les paroles m\u00eames qu&rsquo;il avait r\u00e9ellement prononc\u00e9es.<\/span><\/span><\/p>\n<p class=\"western\" align=\"justify\"><span style=\"color: #000000;\"><span style=\"font-size: medium;\">C&rsquo;est avec quelque l\u00e9g\u00e8ret\u00e9, semble-t-il, que Flammarion a \u00e9mis l&rsquo;hypoth\u00e8se (150, p. 43) qu&rsquo;il s&rsquo;agit ici d&rsquo;une transmission d&rsquo;images par ondes psychiques entre deux cerveaux harmonieusement accord\u00e9s, l&rsquo;un remplissant le r\u00f4le d&rsquo;appareil \u00e9metteur d&rsquo;ondes et l&rsquo;autre de r\u00e9cepteur \u00bb, et que \u00ab le r\u00eave de l&rsquo;ami a pu se transmettre \u00e0 Goethe sous formes d&rsquo;ondes \u00e9th\u00e9r\u00e9es, lesquelles, en frappant le cerveau du po\u00e8te, ont reconstitu\u00e9 l&rsquo;image r\u00e9elle. \u00bb Car, si l&rsquo;on peut admettre, \u00e0 la rigueur, que la vision, avec ses particularit\u00e9s vestimentaires, a \u00e9t\u00e9 provoqu\u00e9e t\u00e9l\u00e9pathiquement par l&rsquo;\u00ab image de soi \u00bb de Fr\u00e9d\u00e9ric, il serait par contre tout \u00e0 fait d\u00e9raisonnable de soutenir que ce sont les paroles r\u00eav\u00e9es par celui-ci qui ont d\u00e9termin\u00e9 les paroles r\u00e9elles prononc\u00e9es par Goethe, alors que celles-ci ont \u00e9t\u00e9 pr\u00e9cis\u00e9ment provoqu\u00e9es par la vision et que ce sont elles qui, d&rsquo;une mani\u00e8re ou d&rsquo;une autre, ont d\u00e9termin\u00e9 la partie auditive du r\u00eave de Fr\u00e9d\u00e9ric.<\/span><\/span><\/p>\n<p class=\"western\" align=\"center\"><span style=\"color: #000000;\"><span style=\"font-size: medium;\">* *<\/span><\/span><\/p>\n<p class=\"western\" align=\"justify\"><span style=\"color: #000000;\"><span style=\"font-size: medium;\">Dans d&rsquo;autres ph\u00e9nom\u00e8nes, il semble y avoir eu d\u00e9placement conscientiel et sensoriel, mais sans apparition visible. C&rsquo;est le cas de l&rsquo;ing\u00e9nieur Cromwell Varley, membre de la Royal Society (10, p. 164). Au cours d&rsquo;\u00e9tudes sur la fa\u00efence, les vapeurs d&rsquo;acide fluorhydrique, qu&rsquo;il avait largement employ\u00e9, lui avaient caus\u00e9 des spasmes de la glotte. Il lui arrivait fr\u00e9quemment d&rsquo;\u00eatre r\u00e9veill\u00e9 par une attaque spasmodique. Il se soulageait en respirant de l&rsquo;\u00e9ther sulfurique, mais l&rsquo;odeur lui en \u00e9tait si d\u00e9sagr\u00e9able qu&rsquo;il adopta le chloroforme. Quand l&rsquo;insensibilit\u00e9 se produisait, il retombait sur le dos en laissant retomber l&rsquo;\u00e9ponge. Mais, une nuit, il retomba dans son lit en retenant l&rsquo;\u00e9ponge imbib\u00e9e, qui resta appliqu\u00e9e sur sa bouche.<\/span><\/span><\/p>\n<p class=\"western\" align=\"justify\"><span style=\"color: #000000;\"><span style=\"font-size: medium;\">Mme Varley, nourrissant son enfant malade, \u00e9tait dans la chambre au-dessus de la sienne. Au bout de quelques instants, il redevint conscient ; il se voyait lui-m\u00eame couch\u00e9 sur le dos, avec l&rsquo;\u00e9ponge sur la bouche, incapable de faire aucun mouvement. Il voyait aussi sa femme, en haut, et par sa volont\u00e9, il chercha \u00e0 faire p\u00e9n\u00e9trer en elle la notion du danger qu&rsquo;il courait. Elle se leva, comme sous le coup d&rsquo;une vive alarme, descendit et se h\u00e2ta d&rsquo;enlever l&rsquo;\u00e9ponge. Il s&rsquo;effor\u00e7a alors de lui sugg\u00e9rer de lui rappeler le lendemain matin la mani\u00e8re dont le fait s&rsquo;\u00e9tait produit, de mani\u00e8re \u00e0 provoquer en lui le souvenir de cette sc\u00e8ne.<\/span><\/span><\/p>\n<p class=\"western\" align=\"justify\"><span style=\"color: #000000;\"><span style=\"font-size: medium;\">Ernest Bozzano (149, p. 63) a reproduit un cas analogue, relat\u00e9 par l&rsquo;ing\u00e9nieur Joseph Costa dans son ouvrage <\/span><\/span><span style=\"color: #000000;\"><span style=\"font-size: medium;\"><i>Di la della Vita<\/i><\/span><\/span><span style=\"color: #000000;\"><span style=\"font-size: medium;\"> (<\/span><\/span><span style=\"color: #000000;\"><span style=\"font-size: medium;\"><i>L&rsquo;Au-del\u00e0 de la Vie<\/i><\/span><\/span><span style=\"color: #000000;\"><span style=\"font-size: medium;\">) : celui-ci, surmen\u00e9 par la pr\u00e9paration intense aux examens de la licence, se laissa tomber une nuit, \u00e9vanoui plut\u00f4t qu&rsquo;endormi, sur son lit, sans \u00e9teindre une lampe \u00e0 p\u00e9trole qui continuait de br\u00fbler sur la table de nuit. Un mouvement inconscient du bras, probablement, renversa entre la table et le lit la lampe qui ne s&rsquo;\u00e9teignit pas, mais fit une fum\u00e9e \u00e9paisse, remplissant la chambre d&rsquo;un nuage noir de gaz irrespirables. Il eut soudain la sensation nette et pr\u00e9cise de se trouver avec son seul \u00ab moi \u00bb pensant, au milieu de la chambre, compl\u00e8tement s\u00e9par\u00e9 du corps qu&rsquo;il voyait allong\u00e9 sur le lit, Il \u00e9prouvait d&rsquo;extraordinaires sensations de l\u00e9g\u00e8ret\u00e9 et de libert\u00e9, en m\u00eame temps qu&rsquo;une grande angoisse. Il tenta de soulever la lampe, puis d&rsquo;ouvrir la fen\u00eatre, mais en vain. Il ne parvenait pas non plus \u00e0 remuer, par la volont\u00e9, les membres de son corps gisant immobile. Il pensa alors \u00e0 sa m\u00e8re, qui dormait dans la chambre \u00e0 cot\u00e9, il la vit, \u00e0 travers le mur, descendre pr\u00e9cipitamment du lit, courir \u00e0 sa fen\u00eatre, l&rsquo;ouvrir, comme si elle ex\u00e9cutait la pens\u00e9e qu&rsquo;il avait eue avant de l&rsquo;appeler mentalement, puis sortir de la chambre, tourner dans le corridor et p\u00e9n\u00e9trer \u00e0 t\u00e2tons dans la chambre enfum\u00e9e. Il lui sembla que le contact de sa m\u00e8re fit rentrer son \u00ab moi \u00bb dans son corps, et il se r\u00e9veilla, la gorge s\u00e8che, des coups de marteau aux tempes, la respiration haletante, le c\u0153ur battant violemment dans <\/span><\/span><span style=\"color: #000000;\"><span style=\"font-size: medium;\">l<\/span><\/span><span style=\"color: #000000;\"><span style=\"font-size: medium;\">a poitrine.<\/span><\/span><\/p>\n<p class=\"western\" align=\"justify\"><span style=\"color: #000000;\"><span style=\"font-size: medium;\">Telle est la curieuse aventure \u00e9prouv\u00e9e par Costa, qui le d\u00e9termina \u00e0 s&rsquo;occuper des ph\u00e9nom\u00e8nes supranormaux, des exp\u00e9riences m\u00e9diumniques et du spiritisme, toutes choses qui \u00e9taient enti\u00e8rement \u00e9trang\u00e8res jusque-l\u00e0 \u00e0 cet esprit positif.<\/span><\/span><\/p>\n<p class=\"western\" align=\"justify\"><span style=\"color: #000000;\"><span style=\"font-size: medium;\">La m\u00e8re de Costa n&rsquo;a pas vu le \u00ab double \u00bb de son fils, pas plus que Mme Varley n&rsquo;a vu celui de son mari, mais toutes deux ont accompli des actes sauveteurs par suite d&rsquo;une action t\u00e9l\u00e9pathique, dont l&rsquo;origine \u00e9tait le \u00ab moi \u00bb de l&rsquo;accident\u00e9, \u00ab moi \u00bb qui, localis\u00e9 en dehors de l&rsquo;organisme, \u00e9tait en m\u00eame temps dou\u00e9 d&rsquo;une sensorialit\u00e9 \u00e9tendue lui permettant de voir ces actes sauveteurs.<\/span><\/span><\/p>\n<p class=\"western\" align=\"justify\"><span style=\"color: #000000;\"><span style=\"font-size: medium;\">Or, il y a une parent\u00e9 \u00e9vidente entre ces ph\u00e9nom\u00e8nes et celui de Fr\u00e9d\u00e9ric apparaissant \u00e0 Goethe, probablement aussi par une action t\u00e9l\u00e9pathique, mais de type visuel. De m\u00eame que Varley a vu sa femme, que Costa a vu sa m\u00e8re, agir conform\u00e9ment \u00e0 l&rsquo;action t\u00e9l\u00e9pathique exerc\u00e9e, de m\u00eame, Fr\u00e9d\u00e9ric a entendu les paroles prononc\u00e9es par Goethe prouvant la vision. Sous leur diversit\u00e9 apparente, ces ph\u00e9nom\u00e8nes sont de m\u00eame ordre.<\/span><\/span><\/p>\n<p class=\"western\" align=\"justify\"><span style=\"color: #000000;\"><span style=\"font-size: medium;\">J&rsquo;ai enregistr\u00e9 moi-m\u00eame un cas du m\u00eame ordre que celui de Goethe-Fr\u00e9d\u00e9ric et que Gurney aurait class\u00e9 dans le chapitre de la \u00ab T\u00e9l\u00e9pathie r\u00e9ciproque\u00a0\u00bb.<\/span><\/span><\/p>\n<p class=\"western\" align=\"justify\"><span style=\"color: #000000;\"><span style=\"font-size: medium;\">Le samedi 6 juillet 1940, imm\u00e9diatement apr\u00e8s l&rsquo;invasion et l&rsquo;armistice, une s\u00e9ance exp\u00e9rimentale de clairvoyance avait lieu au si\u00e8ge de l&rsquo;Union Spirite Fran\u00e7aise, \u00e0 Paris. Le sujet, Mme Dart\u00e8s, dit : \u00ab Il y a ici J&#8230; ! (elle donnait le nom de famille entier). Cela int\u00e9resse-t-il quelqu&rsquo;un ? \u00bb Elle r\u00e9p\u00e9ta sa question et comme personne ne r\u00e9pondait, ma m\u00e8re et moi, pensant \u00e0 notre ami L\u00e9on J&#8230;, qui avait \u00e9vacu\u00e9 Paris avec son unit\u00e9 le 13 juin et dont nous n&rsquo;avions \u00e9videmment aucune nouvelle, demand\u00e2mes : \u00ab Que dit-il ? \u00bb \u2014 \u00ab Il dit qu&rsquo;il va bien et va donner bient\u00f4t de ses nouvelles. \u00bb<\/span><\/span><\/p>\n<p class=\"western\" align=\"justify\"><span style=\"color: #000000;\"><span style=\"font-size: medium;\">Nous pens\u00e2mes qu&rsquo;il avait d\u00fb arriver quelque chose \u00e0 notre ami ; lorsque les communications postales avec la \u00ab zone libre \u00bb furent r\u00e9tablies, je re\u00e7us du Puy (Haute-Loire) une carte de L\u00e9on J&#8230; qui nous rassurait sur son sort. Je lui donnai imm\u00e9diatement des nouvelles en ajoutant cette simple question : \u00ab Que faisiez-vous le samedi 6 juillet, vers 15 h 30 ? \u00bb<\/span><\/span><\/p>\n<p class=\"western\" align=\"justify\"><span style=\"color: #000000;\"><span style=\"font-size: medium;\">C&rsquo;est seulement le 14 septembre, date de son retour Paris, qu&rsquo;il put m&rsquo;expliquer que, \u00e0 cette date, il \u00e9tait \u00e0 Ibos, dans les Hautes-Pyr\u00e9n\u00e9es. Il faisait la sieste, avec ses camarades, sur la paille d&rsquo;une \u00e9curie, et s&rsquo;\u00e9tait endormi, vers 15 heures, puis avait fait un r\u00eave, au cours duquel il se vit au si\u00e8ge du l&rsquo;U.S.F., dans une r\u00e9union habituelle : les auditeurs lui apparaissaient comme dans un brouillard ; il voyait tr\u00e8s nettement Mme Dart\u00e8s et n&rsquo;avait aucune conscience de la pr\u00e9sence de toute autre personne connue. Il se voyait l\u00e9g\u00e8rement pench\u00e9 et comme flottant au-dessus du sol. Mme Dart\u00e8s le regardait, lui semblait-il, et il lui dit : \u00ab C&rsquo;est moi, J\u2026 \u00bb, puis apr\u00e8s un moment : \u00ab Je vais bien et je vais vous donner de mes nouvelles bient\u00f4t. \u00bb<\/span><\/span><\/p>\n<p class=\"western\" align=\"justify\"><span style=\"color: #000000;\"><span style=\"font-size: medium;\">Puis ce r\u00eave fut suivi d&rsquo;un r\u00e9veil brutal, sans cause ext\u00e9rieure apparente, car tout \u00e9tait calme. Mais son corps \u00e9tait baign\u00e9 de sueur, au point qu&rsquo;il alla passer sa t\u00eate et son torse sous l&rsquo;eau fra\u00eeche de la pompe de la ferme.<\/span><\/span><\/p>\n<p class=\"western\" align=\"justify\"><span style=\"color: #000000;\"><span style=\"font-size: medium;\">L\u00e9on J&#8230; trouva ridicule ce r\u00eave et ne comprenait pas pourquoi il avait r\u00eav\u00e9 \u00e0 Mme Dart\u00e8s plut\u00f4t qu&rsquo;\u00e0 ma m\u00e8re ou \u00e0 moi, en raison de notre intimit\u00e9 beaucoup plus grande et avait d&rsquo;ailleurs, les jours pr\u00e9c\u00e9dents, song\u00e9 aux moyens de nous donner de ses nouvelles. De plus, il lui paraissait impossible qu&rsquo;une r\u00e9union p\u00fbt se tenir a Paris, aux premiers jours de l&rsquo;occupation allemande.<\/span><\/span><\/p>\n<p class=\"western\" align=\"center\"><span style=\"color: #000000;\"><span style=\"font-size: medium;\">* *<\/span><\/span><\/p>\n<p class=\"western\" align=\"justify\"><span style=\"color: #000000;\"><span style=\"font-size: medium;\">Voici un fait relat\u00e9 par une institutrice sovi\u00e9tique et recueilli par L.-L. Vassiliev (75, pp. 27-28) :<\/span><\/span><\/p>\n<p class=\"western\" align=\"justify\"><span style=\"color: #000000;\"><span style=\"font-size: medium;\">En automne 1942, mon mari se trouvait \u00e0 Chadrinsk, \u00e0 <\/span><\/span><span style=\"color: #000000;\"><span style=\"font-size: medium;\">l\u2019\u00c9cole<\/span><\/span><span style=\"color: #000000;\"><span style=\"font-size: medium;\"> militaire des Instructeurs Politiques. Je savais qu&rsquo;il serait envoy\u00e9 au front apr\u00e8s le mois de mai. Je travaillais alors au Comit\u00e9 des <\/span><\/span><span style=\"color: #000000;\"><span style=\"font-size: medium;\">\u00c9coles<\/span><\/span><span style=\"color: #000000;\"><span style=\"font-size: medium;\"> Primaires et Secondaires, en qualit\u00e9 de Pr\u00e9sidente. Une fois, au mois de mars, je suis rentr\u00e9e chez moi tr\u00e8s fatigu\u00e9e. J&rsquo;habitais tr\u00e8s loin du centre et je devais faire tout le trajet \u00e0 pied. Je me souviens de m&rsquo;\u00eatre assise dans un fauteuil de la salle \u00e0 manger et de m&rsquo;\u00eatre endormie aussit\u00f4t. Soudain, j&rsquo;ai eu une vision : je re\u00e7ois de mon mari un t\u00e9l\u00e9gramme ainsi libell\u00e9 : \u00ab Je pars aujourd&rsquo;hui pour Sverdlovsk \u2014 Partons pour le front \u2014 Je t&#8217;embrasse \u2014 Georges. \u00bb Je me levai brusquement mais pas de t\u00e9l\u00e9gramme ! Pourtant, j&rsquo;en avais eu la vision tr\u00e8s nette et j&rsquo;\u00e9tais persuad\u00e9e qu&rsquo;on devait me remettre ce t\u00e9l\u00e9gramme. Sans m\u00eame prendre le temps de manger, je me pr\u00e9cipitai en ville. Je fis les d\u00e9marches n\u00e9cessaires pour obtenir un laissez-passer disant que mon mari partait pour le front et qu&rsquo;il m&rsquo;avait envoy\u00e9 un t\u00e9l\u00e9gramme. Je pris le premier train pour Sverdlovsk, \u00e0 5 heures du matin. Ma fille, mari\u00e9e \u00e0 un agent du N.K.V.D., habitait cette ville. Arriv\u00e9e chez elle, je lui parlai du <\/span><\/span><span style=\"color: #000000;\"><span style=\"font-size: medium;\">t\u00e9l\u00e9gramme re\u00e7u en r\u00eave. <\/span><\/span><span style=\"color: #000000;\"><span style=\"font-size: medium;\">Mon billet de chemin de fer \u00e9tait valable pour aller jusqu&rsquo;\u00e0 Chadrinsk et je devais le faire composter \u00e0 la gare. Nous nous habill\u00e2mes, mais nous ne p\u00fbmes quitter la maison qu&rsquo;au bout d&rsquo;une heure. Nous restions l\u00e0 \u00e0 bavarder, nos pelisses sur le dos, attendant on ne sait quoi. Soudain, quelqu&rsquo;un s&rsquo;est mis \u00e0 tambouriner fortement \u00e0 la porte. Ma fille s&rsquo;est pr\u00e9cipit\u00e9e pour l&rsquo;ouvrir : mon mari se trouvait sur le seuil. \u00ab Maman est l\u00e0 ? \u00bb fut sa premi\u00e8re question. \u00ab Oui, elle est ici \u00bb, r\u00e9pondit Rita. \u00ab Je le savais ! \u00bb Il avait en effet \u00e9crit un t\u00e9l\u00e9gramme, mais ne l&rsquo;avait pas envoy\u00e9, bien qu&rsquo;il e\u00fbt essay\u00e9 plusieurs fois de le faire, se demandant si je pourrais le recevoir ou si cela ne servirait qu&rsquo;\u00e0 m&rsquo;inqui\u00e9ter davantage. J&rsquo;avais \u00ab re\u00e7u \u00bb ce t\u00e9l\u00e9gramme non envoy\u00e9. Le convoi militaire de mon mari s&rsquo;\u00e9tait arr\u00eat\u00e9 pour deux heures \u00e0 Sverdlovsk et je pus voyager avec mon mari pour le reconduire sur le front.<\/span><\/span><\/p>\n<p class=\"western\" align=\"justify\"><span style=\"color: #000000;\"><span style=\"font-size: medium;\">Tous les faits que je rapporte sont connus de tous les membres de ma famille. Mon fils, V.-G. Agu\u00e9nossov, directeur de <\/span><\/span><span style=\"color: #000000;\"><span style=\"font-size: medium;\">l\u2019\u00c9cole<\/span><\/span><span style=\"color: #000000;\"><span style=\"font-size: medium;\"> Secondaire n<\/span><\/span><span style=\"color: #000000;\"><sup><span style=\"font-size: medium;\">o<\/span><\/sup><\/span><span style=\"color: #000000;\"><span style=\"font-size: medium;\"> 32, se souvient des moindres d\u00e9tails de mes \u00e9tranges visions.<\/span><\/span><\/p>\n<p class=\"western\" align=\"right\"><span style=\"color: #000000;\"><span style=\"font-size: medium;\">Le 9 mai 1961,<\/span><\/span><\/p>\n<p class=\"western\" align=\"right\"><span style=\"color: #000000;\"><span style=\"font-size: medium;\">S. Agu\u00e9nossova.<\/span><\/span><\/p>\n<p class=\"western\" align=\"justify\"><span style=\"color: #000000;\"><span style=\"font-size: medium;\">Il est \u00e9vident, bien que ce fait puisse \u00eatre class\u00e9 sous la rubrique \u00ab T\u00e9l\u00e9pathie dans le r\u00eave \u00bb, qu&rsquo;il a une signification beaucoup plus importante : deux \u00eatres, li\u00e9s par un sentiment d&rsquo;amour mutuel, sont entr\u00e9s en communication, aussi bien et mieux sans doute que par t\u00e9l\u00e9<\/span><\/span><span style=\"color: #000000;\"><span style=\"font-size: medium;\">gr<\/span><\/span><span style=\"color: #000000;\"><span style=\"font-size: medium;\">am<\/span><\/span><span style=\"color: #000000;\"><span style=\"font-size: medium;\">m<\/span><\/span><span style=\"color: #000000;\"><span style=\"font-size: medium;\">es, et ont en fait pris rendez-vous et se sont <\/span><\/span><span style=\"color: #000000;\"><span style=\"font-size: medium;\">retrouv\u00e9s<\/span><\/span><span style=\"color: #000000;\"><span style=\"font-size: medium;\">. Tout s&rsquo;est pass\u00e9 comme si les contingences n&rsquo;avaient pas eu d&rsquo;importance d\u00e9cisive, et comme si un accord entre deux esprits avait r\u00e9gl\u00e9 cette rencontre, par des moyens nettement \u00ab extrasensoriels \u00bb.<\/span><\/span><\/p>\n<p class=\"western\" align=\"justify\"><b><span style=\"color: #000000;\"><span style=\"font-size: medium;\">Le cas W<\/span><\/span><span style=\"color: #000000;\"><span style=\"font-size: medium;\">i<\/span><\/span><span style=\"color: #000000;\"><span style=\"font-size: medium;\">lmot<\/span><\/span><\/b><\/p>\n<p class=\"western\" align=\"justify\"><span style=\"color: #000000;\"><span style=\"font-size: medium;\">Le fait qui va \u00eatre expos\u00e9 maintenant a \u00e9t\u00e9 soumis \u00e0 une s\u00e9v\u00e8re enqu\u00eate par le docteur Richard Hodgson et ses collaborateurs de la S.P.R. et publi\u00e9 avec les divers t\u00e9moignages recueillis, dans les <\/span><\/span><span style=\"color: #000000;\"><span style=\"font-size: medium;\"><i>Proceedings of the S.P.R<\/i><\/span><\/span><span style=\"color: #000000;\"><span style=\"font-size: medium;\">, (volume VII, 1891).<\/span><\/span><\/p>\n<p class=\"western\" align=\"justify\"><span style=\"color: #000000;\"><span style=\"font-size: medium;\">M. William J. Tait, fils d&rsquo;un clergyman anglais et biblioth\u00e9caire de l&rsquo;Associated Library, s&rsquo;\u00e9tait <\/span><\/span><span style=\"color: #000000;\"><span style=\"font-size: medium;\">embarqu\u00e9<\/span><\/span> <span style=\"color: #000000;\"><span style=\"font-size: medium;\">\u00e0<\/span><\/span><span style=\"color: #000000;\"><span style=\"font-size: medium;\"> Cork, en Irlande, le 2 octobre 1866, sur le paquebot City of Limerick, se rendant \u00e0 New York ; M. H.-R. Wilmot, industriel am\u00e9ricain, dont il avait fait connaissance au cours d&rsquo;un pr\u00e9c\u00e9dent voyage et avec lequel il avait nou\u00e9 des rapports cordiaux, occupait la m\u00eame cabine.<\/span><\/span><\/p>\n<p class=\"western\" align=\"justify\"><span style=\"color: #000000;\"><span style=\"font-size: medium;\">Le 10 octobre, vers 10 heures du soir, les deux voyageurs s&rsquo;\u00e9taient couch\u00e9s dans leur cabine, M. Wilmot dans la couchette inf\u00e9rieure, o\u00f9 il ne tarda pas \u00e0 s&rsquo;endormir, M. Tait, tout habill\u00e9, dans la couchette sup\u00e9rieure.<\/span><\/span><\/p>\n<p class=\"western\" align=\"justify\"><span style=\"color: #000000;\"><span style=\"font-size: medium;\">La temp\u00eate faisait rage depuis deux jours et secouait le navire ; aussi, M. Tait, peu habitu\u00e9 aux travers\u00e9es maritimes, ne parvenait pas \u00e0 fermer <\/span><\/span><span style=\"color: #000000;\"><span style=\"font-size: medium;\">l\u2019\u0153il<\/span><\/span><span style=\"color: #000000;\"><span style=\"font-size: medium;\"> ; la cabine \u00e9tait \u00e9clair\u00e9e par une bougie fix\u00e9e <\/span><\/span><span style=\"color: #000000;\"><span style=\"font-size: medium;\">\u00e0<\/span><\/span><span style=\"color: #000000;\"><span style=\"font-size: medium;\"> la paroi et entour\u00e9e d&rsquo;un tube de verre. Tout <\/span><\/span><span style=\"color: #000000;\"><span style=\"font-size: medium;\">\u00e0 <\/span><\/span><span style=\"color: #000000;\"><span style=\"font-size: medium;\">coup, en tournant les yeux, M. Tait vit \u00e0 son grand \u00e9tonnement une jeune dame, habill\u00e9e d<\/span><\/span><span style=\"color: #000000;\"><span style=\"font-size: medium;\">&lsquo;<\/span><\/span><span style=\"color: #000000;\"><span style=\"font-size: medium;\">un grand peignoir blanc, qui \u00e9tait entr\u00e9e l<\/span><\/span><span style=\"color: #000000;\"><span style=\"font-size: medium;\">\u00e0<\/span><\/span><span style=\"color: #000000;\"><span style=\"font-size: medium;\"> sans qu&rsquo;il compr\u00eet comment, puisque la porte \u00e9tait ferm\u00e9e, et qu&rsquo;on n&rsquo;aurait pu l&rsquo;ouvrir sans bruit. La jeune dame regardait M. Tait d&rsquo;un air embarrass\u00e9, puis elle sembla se d\u00e9cider tout \u00e0 coup, s&rsquo;avan\u00e7a vers la couchette inf\u00e9rieure o\u00f9 M. Wilmot \u00e9tait endormi, et d\u00e9posa un baiser sur le front.<\/span><\/span><\/p>\n<p class=\"western\" align=\"justify\"><span style=\"color: #000000;\"><span style=\"font-size: medium;\">M. Tait, de plus en plus \u00e9tonn\u00e9, fit un brusque mouvement pour se mettre sur son s\u00e9ant et, ce faisant, perdit de vue pendant une seconde la myst\u00e9rieuse visiteuse ; quand il tourna de nouveau le regard vers elle, il n&rsquo;y avait plus personne : elle ne pouvait pas \u00eatre sortie et pourtant elle n&rsquo;\u00e9tait plus l\u00e0 ! M. Tait se demanda tout d&rsquo;abord s&rsquo;il n&rsquo;avait pas <\/span><\/span><span style=\"color: #000000;\"><span style=\"font-size: medium;\">r\u00eav\u00e9<\/span><\/span><span style=\"color: #000000;\"><span style=\"font-size: medium;\"> et se convainquit, malgr\u00e9 tout, que pas un instant, il n&rsquo;avait pu se laisser aller au sommeil.<\/span><\/span><\/p>\n<p class=\"western\" align=\"justify\"><span style=\"color: #000000;\"><span style=\"font-size: medium;\">M. Wilmot s&rsquo;\u00e9tant r\u00e9veill\u00e9 en sursaut apr\u00e8s un violent coup de roulis, M. Tait, en riant, fit allusion aux jolies dames que son compagnon recevait pendant son sommeil.<\/span><\/span><\/p>\n<p class=\"western\" align=\"justify\"><span style=\"color: #000000;\"><span style=\"font-size: medium;\">M. Wilmot, un peu g\u00ean\u00e9, sourit, et demanda : \u00ab Ai-je parl\u00e9 en dormant ? Je viens de r\u00eaver que Mme Wilmot est venue me voir et qu&rsquo;elle m&rsquo;a embrass\u00e9. \u00bb<\/span><\/span><\/p>\n<p class=\"western\" align=\"justify\"><span style=\"color: #000000;\"><span style=\"font-size: medium;\">C&rsquo;est alors que M. Tait raconta \u00e0 son compagnon de voyage, la sc\u00e8ne dont il avait \u00e9t\u00e9 le t\u00e9moin stup\u00e9fi\u00e9. Il la rapporta aussi le lendemain matin \u00e0 plusieurs autres passagers, dont quelques-uns ont apport\u00e9 plus tard leur t\u00e9moignage \u00e0 l&rsquo;enqu\u00eate de la S.P.R.<\/span><\/span><\/p>\n<p class=\"western\" align=\"justify\"><span style=\"color: #000000;\"><span style=\"font-size: medium;\">Apr\u00e8s son d\u00e9barquement \u00e0 New York, M. Wilmot se rendit par le train chez lui, \u00e0 Watertown (Connecticut), o\u00f9 il retrouva sa femme et ses deux enfants.<\/span><\/span><\/p>\n<p class=\"western\" align=\"justify\"><span style=\"color: #000000;\"><span style=\"font-size: medium;\">Lorsqu&rsquo;ils furent seuls, une des premi\u00e8res questions que Mme Wilmot posa \u00e0 son mari fut celle-ci : \u00ab Avez-vous re\u00e7u ma visite, mardi dernier ? \u00bb<\/span><\/span><\/p>\n<p class=\"western\" align=\"justify\"><span style=\"color: #000000;\"><span style=\"font-size: medium;\">M. Wilmot fit l&rsquo;\u00e9tonn\u00e9, \u00e9luda sa r\u00e9ponse afin de ne pas influencer sa femme et amena habilement celle-ci \u00e0 exposer ce qui lui \u00e9tait arriv\u00e9.<\/span><\/span><\/p>\n<p class=\"western\" align=\"justify\"><span style=\"color: #000000;\"><span style=\"font-size: medium;\">Mme Wilmot lui raconta alors que, par suite de la violente temp\u00eate qui venait, d&rsquo;apr\u00e8s les journaux, de causer la perte de vapeur Afrika, elle avait \u00e9t\u00e9 tr\u00e8s anxieuse quant au sort du City of Limerick ; le soir du 10 octobre, se trouvant seule dans sa chambre, assise dans son fauteuil et habill\u00e9e de son peignoir blanc, il lui sembla qu&rsquo;elle allait chercher son mari\u00a0; apr\u00e8s avoir parcouru une vaste \u00e9tendue de mer en temp\u00eate, elle avisa enfin un vapeur bas, peint en noir, dans lequel elle p\u00e9n\u00e9tra : descendant sous le pont du navire, elle traversa le salon commun et entra dans la cabine de son mari. <\/span><\/span><span style=\"color: #000000;\"><span style=\"font-size: medium;\">\u00c0<\/span><\/span><span style=\"color: #000000;\"><span style=\"font-size: medium;\"> ce point de son r\u00e9cit, Mme Wilmot demanda : \u00ab Y a-t-il donc des cabines dont la couchette sup\u00e9rieure s&rsquo;\u00e9tend au-del\u00e0 de celle inf\u00e9rieure ? Un homme se tenait dans la couchette d&rsquo;en haut et me <\/span><\/span><span style=\"color: #000000;\"><span style=\"font-size: medium;\">regardait<\/span><\/span><span style=\"color: #000000;\"><span style=\"font-size: medium;\"> fixement ; j&rsquo;en ai \u00e9t\u00e9 troubl\u00e9e durant un petit moment ; mais ensuite j&rsquo;ai \u00e9t\u00e9 a votre oreiller et je vous ai embrass\u00e9, apr\u00e8s quoi je me suis retir\u00e9e. \u00bb<\/span><\/span><\/p>\n<p class=\"western\" align=\"justify\"><span style=\"color: #000000;\"><span style=\"font-size: medium;\">La description du navire par Mme Wilmot, quoique elle ne l&rsquo;e\u00fbt jamais vu, \u00e9tait correcte en tous points ; la couchette occup\u00e9e par M. Tait s&rsquo;\u00e9tendait exceptionnellement au-del\u00e0 de celle de M. Wilmot, la cabine qu&rsquo;ils occupaient \u00e9tant plac\u00e9e tout \u00e0 fait \u00e0 la poupe du navire, dont elle empruntait la forme courbe.<\/span><\/span><\/p>\n<p class=\"western\" align=\"justify\"><span style=\"color: #000000;\"><span style=\"font-size: medium;\">Il faut noter que, de son c\u00f4t\u00e9, Mme Wilmot avait parl\u00e9 de son \u00e9trange r\u00eave \u00e0 des personnes de son entourage dont le t\u00e9moignage fut aussi recueilli.<\/span><\/span><\/p>\n<p class=\"western\" align=\"justify\"><span style=\"color: #000000;\"><span style=\"font-size: medium;\">On a tent\u00e9 de r\u00e9duire ce cas, comme les autres du m\u00eame ordre, \u00e0 la t\u00e9l\u00e9pathie ; Mme Henry Sidgwick s&rsquo;effor\u00e7a, <\/span><\/span><span style=\"color: #000000;\"><span style=\"font-size: medium;\">\u00e0 <\/span><\/span><span style=\"color: #000000;\"><span style=\"font-size: medium;\">l&rsquo;\u00e9poque de sa publication, de l&rsquo;expliquer par une triple transmission mentale combin\u00e9e : une de Mme Wilmot \u00e0 son mari qui l&rsquo;aurait per\u00e7ue en r\u00eave ; une autre, de M. Wilmot \u00e0 sa femme, lui fournissant ainsi la connaissance de certains d\u00e9tails relatifs au navire et \u00e0 la cabine ; enfin, une transmission mentale de M. Wilmot \u00e0 M. Tait, provoquant chez celui-ci une hallucination t\u00e9l\u00e9pathique.<\/span><\/span><\/p>\n<p class=\"western\" align=\"justify\"><span style=\"color: #000000;\"><span style=\"font-size: medium;\">Cette explication, tr\u00e8s complexe, est artificielle, car elle suppose une parfaite coordination et une parfaite simultan\u00e9it\u00e9 de ces transmissions, l&rsquo;absence de toute d\u00e9formation, conditions qui, nous l&rsquo;avons vu, sont loin de correspondre aux modalit\u00e9s \u00e9tablies par l&rsquo;exp\u00e9rimentation en t\u00e9l\u00e9pathie. Et, malgr\u00e9 tout, cette th\u00e8se ne parvient pas \u00e0 expliquer comment Mme Wilmot a pu voir M. Tait la regarder fixement, ce qui correspondait bien \u00e0 la r\u00e9alit\u00e9.<\/span><\/span><\/p>\n<p class=\"western\" align=\"justify\"><b><span style=\"color: #000000;\"><span style=\"font-size: medium;\">Que conclure ?<\/span><\/span><\/b><\/p>\n<p class=\"western\" align=\"justify\"><span style=\"color: #000000;\"><span style=\"font-size: medium;\">Ren\u00e9 Sudre (74) repousse la <\/span><\/span><span style=\"color: #000000;\"><span style=\"font-size: medium;\">th\u00e9orie<\/span><\/span><span style=\"color: #000000;\"><span style=\"font-size: medium;\"> hallucinatoire des \u00ab fant\u00f4mes des vivants \u00bb,,qu&rsquo;il estime devoir \u00eatre class\u00e9s en g\u00e9n\u00e9ral parmi les <\/span><\/span><span style=\"color: #000000;\"><span style=\"font-size: medium;\">ph\u00e9nom\u00e8nes<\/span><\/span><span style=\"color: #000000;\"><span style=\"font-size: medium;\"> physiques, c&rsquo;est-\u00e0-dire comme projections id\u00e9oplastiques \u00e0 grandes distances. En fait, si les fant\u00f4mes de vivants ont un caract\u00e8re objectif, l&rsquo;id\u00e9oplastie y joue certainement un r\u00f4le, qui ne serait <\/span><\/span><span style=\"color: #000000;\"><span style=\"font-size: medium;\">qu\u2019une<\/span><\/span><span style=\"color: #000000;\"><span style=\"font-size: medium;\"> extension de celui que les faits r\u00e9v\u00e8lent dans les \u00ab <\/span><\/span><span style=\"color: #000000;\"><span style=\"font-size: medium;\">cr\u00e9ations<\/span><\/span><span style=\"color: #000000;\"><span style=\"font-size: medium;\"> mat\u00e9rialis\u00e9es de la pens\u00e9e \u00bb. Si chaque individu porte dans son subconscient une image de soi, celle-ci doit comporter notre apparence compl\u00e8te, c&rsquo;est-\u00e0-dire aussi l&rsquo;image de nos <\/span><\/span><span style=\"color: #000000;\"><span style=\"font-size: medium;\">v\u00eatements<\/span><\/span><span style=\"color: #000000;\"><span style=\"font-size: medium;\">, de sorte que, consid\u00e9r\u00e9s \u00ab de l&rsquo;ext\u00e9rieur \u00bb, les fant\u00f4mes de vivants peuvent \u00eatre interpr\u00e9t\u00e9s comme des projections id\u00e9oplastiques de l&rsquo;\u00ab image de soi \u00bb subconsciente.<\/span><\/span><\/p>\n<p class=\"western\" align=\"justify\"><span style=\"color: #000000;\"><span style=\"font-size: medium;\">Mais, si on les consid\u00e8re \u00ab de l&rsquo;int\u00e9rieur \u00bb, c&rsquo;est-\u00e0-dire si l&rsquo;on n&rsquo;oublie pas les perceptions t\u00e9l\u00e9sth\u00e9tiques qui en accompagnent un certain nombre, la solution n&rsquo;est pas si simple.<\/span><\/span><\/p>\n<p class=\"western\" align=\"justify\"><span style=\"color: #000000;\"><span style=\"font-size: medium;\">Comparons les cas pr\u00e9c\u00e9dents avec celui de l&rsquo;exploratrice Edith Archdale qui, \u00e9tendue dans un fauteuil et soumise \u00e0 l&rsquo;action du chloroforme, fit des r\u00e9flexions au dentiste et au m\u00e9decin sur la tenue des personnes passant dans la rue, avec des d\u00e9tails caract\u00e9ristiques qu&rsquo;ils ne purent v\u00e9rifier qu&rsquo;en se penchant au balcon (chapitre IV). Elle \u00e9prouva d&rsquo;ailleurs, <\/span><\/span><span style=\"color: #000000;\"><span style=\"font-size: medium;\">\u00e0 <\/span><\/span><span style=\"color: #000000;\"><span style=\"font-size: medium;\">cette occasion, des impressions de dilatation spirituelle rappelant celles de Costa, il lui semblait \u00ab poss\u00e9der des connaissances s&rsquo;\u00e9tendant \u00e0 des si\u00e8cles \u00bb. Ici, il n&rsquo;y a eu <\/span><\/span><span style=\"color: #000000;\"><span style=\"font-size: medium;\">q<\/span><\/span><span style=\"color: #000000;\"><span style=\"font-size: medium;\">ue t\u00e9l\u00e9sth\u00e9sie, c&rsquo;est-\u00e0-dire d\u00e9placement du \u00ab moi \u00bb et perception \u00e0 distance sans le secours de sens mat\u00e9riels, tandis que le \u00ab moi \u00bb ext\u00e9rioris\u00e9 de Varley, non seulement a vu sa femme <\/span><\/span><span style=\"color: #000000;\"><span style=\"font-size: medium;\">\u00e0 <\/span><\/span><span style=\"color: #000000;\"><span style=\"font-size: medium;\">l&rsquo;\u00e9tage sup\u00e9rieur mais aussi a exerc\u00e9 une action volontaire sur son esprit, et que l&rsquo;ing\u00e9nieur Costa, dans des conditions semblables, a exerc\u00e9 une action analogue sur sa m\u00e8re endormie.<\/span><\/span><\/p>\n<p class=\"western\" align=\"justify\"><span style=\"color: #000000;\"><span style=\"font-size: medium;\">Entre ces deux derniers faits, et, d&rsquo;une part, le r\u00eave de Fr\u00e9d\u00e9ric co\u00efncidant avec la vision de Goethe, d&rsquo;autre part, le cas de mon ami L\u00e9on J&#8230;, il y a, outre le d\u00e9placement du \u00ab moi \u00bb, un autre \u00e9l\u00e9ment commun, l&rsquo;action d&rsquo;une pens\u00e9e accompagn\u00e9e de la conscience de cette action : Fr\u00e9d\u00e9ric r\u00eave qu&rsquo;il va sur la route de Weimar au-devant de Goethe, qui le voit effectivement ; Varley et Costa projettent leur volont\u00e9 Pour que la femme de l&rsquo;un, la m\u00e8re de l&rsquo;autre, viennent respectivement \u00e0 leur secours ; celles-ci n&rsquo;ont rien vu, mais, dans l&rsquo;un et l&rsquo;autre cas, elles ont ob\u00e9i \u00e0 une impulsion soudaine, comme des somnambules ob\u00e9issent \u00e0 une suggestion mentale ; Mme Dart\u00e8s non plus, n&rsquo;a pas vu L\u00e9on J., mais elle a entendu son message.<\/span><\/span><\/p>\n<p class=\"western\" align=\"justify\"><span style=\"color: #000000;\"><span style=\"font-size: medium;\">On peut donc consid\u00e9rer la t\u00e9l\u00e9sth\u00e9sie du type du cas Archdale, c&rsquo;est-\u00e0-dire accompagn\u00e9e de l&rsquo;inertie du corps physique, comme une des premi\u00e8res phases de la m\u00e9tapsychorragie, comme le commencement de la formation d&rsquo;un \u00ab double \u00bb, phase consistant en l&rsquo;ext\u00e9riorisation hors de l&rsquo;organisme, de la conscience et des facult\u00e9s de perception, sans que la forme personnelle soit rendue visible.<\/span><\/span><\/p>\n<p class=\"western\" align=\"justify\"><span style=\"color: #000000;\"><span style=\"font-size: medium;\">Mais, s&rsquo;il est l\u00e9gitime de concevoir la t\u00e9l\u00e9sth\u00e9sie sous cet angle, la connaissance supranormale \u00e0 l&rsquo;\u00e9tat de veille, la \u00ab clai<\/span><\/span><span style=\"color: #000000;\"><span style=\"font-size: medium;\">r<\/span><\/span><span style=\"color: #000000;\"><span style=\"font-size: medium;\">voyance \u00bb, peut \u00eatre consid\u00e9r\u00e9e comme un degr\u00e9 encore moins accentu\u00e9 du m\u00eame ph\u00e9nom\u00e8ne fondamental, consistant dans le seul \u00e9largissement de l&rsquo;aire d&rsquo;activit\u00e9 des facult\u00e9s de perception, sans ext\u00e9riorisation du \u00ab moi \u00bb.<\/span><\/span><\/p>\n<p class=\"western\" align=\"justify\"><span style=\"color: #000000;\"><span style=\"font-size: medium;\">Nous sommes ainsi en pr\u00e9sence d&rsquo;une gamme compl\u00e8te, ou plut\u00f4t de deux gammes de ph\u00e9nom\u00e8nes se fondant en une seule : d&rsquo;une part, extension, au-del\u00e0 des possibilit\u00e9s corporelles, de 1<\/span><\/span><span style=\"color: #000000;\"><span style=\"font-size: medium;\">&lsquo;<\/span><\/span><span style=\"color: #000000;\"><span style=\"font-size: medium;\">activit\u00e9 des facult\u00e9s de perception, c&rsquo;est-\u00e0-dire du sens psychique (voir chapitre VI), sans d\u00e9placement de la conscience : c&rsquo;est la clai<\/span><\/span><span style=\"color: #000000;\"><span style=\"font-size: medium;\">r<\/span><\/span><span style=\"color: #000000;\"><span style=\"font-size: medium;\">voyance ; ext\u00e9riorisation du sens psychique avec d\u00e9placement et localisation du \u00ab moi \u00bb hors de l&rsquo;organisme physique endormi, sans manifestation fantasmale visible ou objective de quelque mani\u00e8re : c&rsquo;est la t\u00e9lesth\u00e9sie (cas Archdale) ; puis, ext\u00e9riorisation du \u00ab moi \u00bb et du sens psychique, sans manifestation fantasmale visible, mais accompagn\u00e9e d&rsquo;une action volontaire sur l&rsquo;esprit d&rsquo;un tiers (cas Varley et Costa).<\/span><\/span><\/p>\n<p class=\"western\" align=\"justify\"><span style=\"color: #000000;\"><span style=\"font-size: medium;\">D&rsquo;autre part, manifestations fantasmales, pr\u00e9sentant des modalit\u00e9s vari\u00e9es, mais sans extension et ext\u00e9riorisation concomitantes du sens psychique et de la conscience apparitions dites t\u00e9l\u00e9pathiques, \u00ab doubles \u00bb du type Sir Carne Raschse, per\u00e7us par plusieurs t\u00e9moins, doubles autoscopiques, o\u00f9 le sujet voit lui-m\u00eame sa propre image, vue aussi dans quelques cas par d&rsquo;autres t\u00e9moins.<\/span><\/span><\/p>\n<p class=\"western\" align=\"justify\"><span style=\"color: #000000;\"><span style=\"font-size: medium;\">Enfin, au sommet et au point de rencontre de ces deux s\u00e9ries de ph\u00e9nom\u00e8nes, nous trouvons les cas d\u00e9finis par un d\u00e9placement, une localisation du \u00ab moi \u00bb et du sens psychique hors de l&rsquo;organisme physique, avec manifestation d&rsquo;une forme fantasmale visible pour un (cas Goethe-Fr\u00e9d\u00e9ric) ou plusieurs t\u00e9moins, et agissante, avec souvenir de l&rsquo;action (cas Wilmot).<\/span><\/span><\/p>\n<p class=\"western\" align=\"center\"><span style=\"color: #000000;\"><span style=\"font-size: medium;\">* *<\/span><\/span><\/p>\n<p class=\"western\" align=\"justify\"><span style=\"color: #000000;\"><span style=\"font-size: medium;\">D&rsquo;autre part, la clairvoyance se manifeste \u00e0 l&rsquo;\u00e9tat de veille chez de nombreux sujets pour lesquels l&rsquo;exercice de cette facult\u00e9 n&rsquo;exige qu&rsquo;un certain \u00e9tat de passivit\u00e9, de calme mental ; et son \u00e9tude ne nous a pas amen\u00e9 \u00e0 conclure dans le sens d&rsquo;un d\u00e9placement spatia<\/span><\/span><span style=\"color: #000000;\"><span style=\"font-size: medium;\">l<\/span><\/span><span style=\"color: #000000;\"><span style=\"font-size: medium;\">, d&rsquo;une \u00ab ext\u00e9riorisation \u00bb, d&rsquo;une \u00ab sortie \u00bb, si faible soit<\/span><\/span><span style=\"color: #000000;\"><span style=\"font-size: medium;\">&#8211;<\/span><\/span><span style=\"color: #000000;\"><span style=\"font-size: medium;\">elle, de l&rsquo;esprit hors du corps, mais bien plut\u00f4t d&rsquo;une d\u00e9viation de l&rsquo;attention, d&rsquo;une orientation diff\u00e9rente des facult\u00e9s de perception.<\/span><\/span><\/p>\n<p class=\"western\" align=\"justify\"><span style=\"color: #000000;\"><span style=\"font-size: medium;\">La difficult\u00e9 de comprendre \u00e0 la fois les ph\u00e9nom\u00e8nes de <\/span><\/span><span style=\"color: #000000;\"><span style=\"font-size: medium;\">t\u00e9lesth\u00e9sie<\/span><\/span><span style=\"color: #000000;\"><span style=\"font-size: medium;\"> et les manifestations objectives de vivants \u00e0 distance, ne provient-elle pas de l&rsquo;antique conception de l&rsquo;esprit enferm<\/span><\/span><span style=\"color: #000000;\"><span style=\"font-size: medium;\">\u00e9<\/span><\/span><span style=\"color: #000000;\"><span style=\"font-size: medium;\"> dans le corps ? Ne devrait-on pas plut\u00f4t, au contraire, et la notion de subconscient collectif sugg\u00e9r\u00e9e par d&rsquo;autres faits nous y aide, consid\u00e9rer que la fraction d&rsquo;espace occup\u00e9e par le corps est minime en regard de celle qu&rsquo;occupe 1<\/span><\/span><span style=\"color: #000000;\"><span style=\"font-size: medium;\">&lsquo;<\/span><\/span><span style=\"color: #000000;\"><span style=\"font-size: medium;\">esprit ? Si l&rsquo;on se repr\u00e9sente le corps comme l&rsquo;expression mat\u00e9rielle d&rsquo;une fraction seulement d&rsquo;un \u00e9l\u00e9ment psycho-dynamique dont les possibilit\u00e9s perceptives et efficientes sont <\/span><\/span><span style=\"color: #000000;\"><span style=\"font-size: medium;\">s<\/span><\/span><span style=\"color: #000000;\"><span style=\"font-size: medium;\">patialement beaucoup plus \u00e9tendues, on peut \u00e9viter de faire appel aux conceptions et au langage de l&rsquo;homme pal\u00e9olithique que Myers d\u00e9plorait d&rsquo;\u00eatre oblig\u00e9 d&#8217;employer pour exposer et interpr\u00e9ter ces ph\u00e9nom\u00e8nes dits de psychorragie ou de \u00ab bilocation \u00bb. Myers ne pensait pas qu&rsquo;il y eut sortie, hors du corps, du principe entier de la vie, mais plut\u00f4t d&rsquo;un \u00e9l\u00e9ment psychique \u00ab d\u00e9finissable surtout par son pouvoir de produire dans une partie de l&rsquo;espace un fantasme perceptible par une ou plusieurs personnes \u00bb.<\/span><\/span><\/p>\n<p class=\"western\" align=\"justify\"><span style=\"color: #000000;\"><span style=\"font-size: medium;\">Il n&rsquo;y aurait pas, selon l&rsquo;hypoth\u00e8se que nous sugg\u00e8rent les faits, \u00ab sortie \u00bb spirituelle hors du corps, \u00e0 proprement parler, car il y a d\u00e9j\u00e0, tout autour de lui, \u00ab <\/span><\/span><span style=\"color: #000000;\"><span style=\"font-size: medium;\">pr\u00e9sence<\/span><\/span><span style=\"color: #000000;\"><span style=\"font-size: medium;\"> \u00bb spirituelle dans un espace tr\u00e8s \u00e9tendu. Il n&rsquo;y aurait que d\u00e9viation de l&rsquo;attention, extension de la perception, pour la m\u00e9tagnomie ; d\u00e9centralisation de l&rsquo;activit\u00e9 dynamique pour la bilocation.<\/span><\/span><\/p>\n<p class=\"western\" align=\"justify\"><b><span style=\"color: #000000;\"><span style=\"font-size: medium;\">L&rsquo;hypoth\u00e8se du \u00ab double \u00bb<\/span><\/span><\/b><\/p>\n<p class=\"western\" align=\"justify\"><span style=\"color: #000000;\"><span style=\"font-size: medium;\">Une des plus anciennes th\u00e9ories imagin\u00e9es pour expliquer les apparitions de vivants et de d\u00e9c\u00e9d\u00e9s, lesquelles ont \u00e9t\u00e9 not\u00e9es par l&rsquo;humanit\u00e9 d\u00e8s l&rsquo;aube de l&rsquo;histoire, probablement m\u00eame <\/span><\/span><span style=\"color: #000000;\"><span style=\"font-size: medium;\">\u00e0<\/span><\/span><span style=\"color: #000000;\"><span style=\"font-size: medium;\"> l&rsquo;\u00e9poque pr\u00e9historique, et constituent, de nos jours encore, une des bases des croyances spiritualistes des peuples sauvages (voir chapitre XVIII), est celle d&rsquo;un \u00ab double \u00e9th\u00e9r\u00e9 \u00bb qui s&rsquo;\u00e9chappe du corps, d&rsquo;une mani\u00e8re d\u00e9finitive au moment de la mort, et qui peut parfois se rendre visible.<\/span><\/span><\/p>\n<p class=\"western\" align=\"justify\"><span style=\"color: #000000;\"><span style=\"font-size: medium;\">Cette conception, qui a rev\u00eatu des formes diverses \u00e0 travers l&rsquo;histoire et suivant les peuples, se retrouve plus ou moins modernis\u00e9e, dans les th\u00e9ories de l&rsquo;occultisme, du spiritisme et de la th\u00e9osophie. La th\u00e9orie du double \u00ab fluidique \u00bb, corps astral des occultistes et des th\u00e9osophes, perisprit d&rsquo;Allan Kardec et des spirites latins, corps \u00e9th\u00e9rique des spirites anglo-saxons, s&rsquo;appuie sur un certain nombre d&rsquo;arguments d&rsquo;ordre psychologique, biologique et surtout m\u00e9tapsychique, en particulier sur les \u00ab fant\u00f4mes de vivants \u00bb et les ph\u00e9nom\u00e8nes de \u00ab bilocation \u00bb sur lesquels Gabriel Delanne et Ernest Bozzano ont publi\u00e9 d&rsquo;importantes \u00e9tudes (148, 149). Bozzano a rattach<\/span><\/span><span style=\"color: #000000;\"><span style=\"font-size: medium;\">\u00e9<\/span><\/span><span style=\"color: #000000;\"><span style=\"font-size: medium;\"> aux ph\u00e9nom\u00e8nes de bilocation les sensations d&rsquo;int\u00e9grit\u00e9 chez les amput\u00e9s, dont les membres absents leur font mal. On sait que ces faits auxquels le docteur Weir Mitchell, William James (76, pp. 27-42) et la doctoresse Pelletier ont consacr\u00e9 d&rsquo;int\u00e9ressantes enqu\u00eates, sont g\u00e9n\u00e9ralement expliqu\u00e9s par la th\u00e9orie des sensations p\u00e9riph\u00e9riques, selon laquelle les extr\u00e9mit\u00e9s coup\u00e9es des nerfs aboutissant au moignon seraient excit\u00e9es par divers \u00e9l\u00e9ments ext\u00e9rieurs, et cette excitation donnerait naissance \u00e0 l&rsquo;autre bout des nerfs, dans le cerveau, \u00e0 un ensemble de sensations qui feraient na\u00eetre l&rsquo;illusion que le membre amput\u00e9 est encore l\u00e0.<\/span><\/span><\/p>\n<p class=\"western\" align=\"justify\"><span style=\"color: #000000;\"><span style=\"font-size: medium;\">Beaucoup de chirurgiens partagent encore \u00ab cette opinion simpliste \u00bb, qui n&rsquo;est pas celle de Jean Lhermite (21, pp. 169-173) et de son collaborateur Susic (de Zagreb), car \u00ab Si le membre fant\u00f4me, \u00e9crit Lhermitte, \u00e9tait l&rsquo;expression d&rsquo;excitations p\u00e9riph\u00e9riques, comment pourrait-on expliquer que l&rsquo;amput\u00e9 \u00e9tablit parfaitement la discrimination des douleurs ou des sensations qu&rsquo;il per\u00e7oit dans son moignon d&rsquo;avec celles dont le membre fant\u00f4me est l&rsquo;origine ? \u00bb<\/span><\/span><\/p>\n<p class=\"western\" align=\"justify\"><span style=\"color: #000000;\"><span style=\"font-size: medium;\">Bozzano voit dans les sensations des amput\u00e9s un argument en faveur de la th\u00e9orie du \u00ab corps \u00e9th\u00e9rique \u00bb tandis que pour Lhermitte, elles sont dues au fait que chacun de nous poss\u00e8de \u00e0 l&rsquo;arri\u00e8re-plan de sa conscience une image tr\u00e8s complexe de sa propre personne physique, \u00e0 laquelle il faudrait rapporter aussi les ph\u00e9nom\u00e8nes, dits Hallucinations autoscopiques par le docteur Sollier.<\/span><\/span><\/p>\n<p class=\"western\" align=\"center\"><span style=\"color: #000000;\"><span style=\"font-size: medium;\">* *<\/span><\/span><\/p>\n<p class=\"western\" align=\"justify\"><span style=\"color: #000000;\"><span style=\"font-size: medium;\">\u00c0<\/span><\/span><span style=\"color: #000000;\"><span style=\"font-size: medium;\"> l&rsquo;appui de la th\u00e8se du \u00ab double \u00e9th\u00e9rique \u00bb on a invoqu\u00e9 certains faits d&rsquo;ordre photographique, mais ce qu&rsquo;on sait sur les possibilit\u00e9s de <\/span><\/span><span style=\"color: #000000;\"><span style=\"font-size: medium;\">l\u2019id\u00e9ographie<\/span><\/span><span style=\"color: #000000;\"><span style=\"font-size: medium;\"> rend tr\u00e8s faible tout argument base exclusivement sur des documents photographi<\/span><\/span><span style=\"color: #000000;\"><span style=\"font-size: medium;\">q<\/span><\/span><span style=\"color: #000000;\"><span style=\"font-size: medium;\">ues. On a aussi donn\u00e9 une certaine importance aux <\/span><\/span><span style=\"color: #000000;\"><span style=\"font-size: medium;\">exp\u00e9riences<\/span><\/span><span style=\"color: #000000;\"><span style=\"font-size: medium;\"> de d\u00e9doublement \u00bb de sujets magn\u00e9tis\u00e9s, r\u00e9alis\u00e9s par Hector Durville et par Lancelin. Mais, dans ces exp\u00e9riences, les diverses phases d&rsquo;ext\u00e9riorisation du \u00ab double \u00bb \u00e9taient d\u00e9crites par les sujets eux-m\u00eames, de sorte qu&rsquo;il y a de tr\u00e8s fortes pr\u00e9somptions pour que la suggestion inconsciente de leurs id\u00e9es th\u00e9oriques sur le \u00ab double \u00bb ait \u00e9t\u00e9 transmise \u00e0 leurs sujets par ces exp\u00e9rimentateurs, auxquels cas ceux-ci devaient n\u00e9cessairement trouver dans leurs exp\u00e9riences la confirmation de leurs vues ; pour les m\u00eames raisons, les exp\u00e9riences de De Rochas sur l&rsquo;\u00ab ext\u00e9riorisation de la sensibilit\u00e9 \u00bb n&rsquo;ont pas beaucoup plus de valeur.<\/span><\/span><\/p>\n<p class=\"western\" align=\"justify\"><span style=\"color: #000000;\"><span style=\"font-size: medium;\">Un autre moyen de d\u00e9monstration avait fait na\u00eetre beaucoup d&rsquo;espoir en 1934. Il s&rsquo;agissait des r\u00e9sultats <\/span><\/span><span style=\"color: #000000;\"><span style=\"font-size: medium;\">d\u2019exp\u00e9riences<\/span><\/span><span style=\"color: #000000;\"><span style=\"font-size: medium;\"> publi\u00e9es par l&rsquo;Am\u00e9ricain docteur R.-A. Watters qui, dans son livre <\/span><\/span><span style=\"color: #000000;\"><span style=\"font-size: medium;\"><i>The Intra-Atomic Quantity<\/i><\/span><\/span><span style=\"color: #000000;\"><span style=\"font-size: medium;\">, pr\u00e9tendait avoir r\u00e9ussi <\/span><\/span><span style=\"color: #000000;\"><span style=\"font-size: medium;\">\u00e0<\/span><\/span><span style=\"color: #000000;\"><span style=\"font-size: medium;\"> photographier le \u00ab corps \u00e9th\u00e9rique \u00bb <\/span><\/span><span style=\"color: #000000;\"><span style=\"font-size: medium;\">d<\/span><\/span><span style=\"color: #000000;\"><span style=\"font-size: medium;\">e grillons, souris et grenouilles, au moment de leur mort, au moyen de la Chambre Wilson servant <\/span><\/span><span style=\"color: #000000;\"><span style=\"font-size: medium;\">\u00e0<\/span><\/span><span style=\"color: #000000;\"><span style=\"font-size: medium;\"> observer et photographier les trajectoires des \u00e9lectrons et autres particules, au cours des exp\u00e9riences de d\u00e9sint\u00e9gration de la mati\u00e8re. Mais de nouvelles recherches effectu\u00e9es par le docteur Watters lui-m\u00eame, ont \u00e9tabli <\/span><\/span><span style=\"color: #000000;\"><span style=\"font-size: medium;\">q<\/span><\/span><span style=\"color: #000000;\"><span style=\"font-size: medium;\">ue le \u00ab corps \u00e9th\u00e9rique \u00bb n&rsquo;y est pour rien : le nuage observ<\/span><\/span><span style=\"color: #000000;\"><span style=\"font-size: medium;\">\u00e9<\/span><\/span><span style=\"color: #000000;\"><span style=\"font-size: medium;\">, diff\u00e9rent pour une grenouille ou une sauterelle, est produit par les gaz ionis\u00e9s d\u00e9gag\u00e9s du cadavre (H. Carrington, J. of A.S.P.R., nov. 1939) <\/span><\/span><span style=\"color: #000000;\"><span style=\"font-size: medium;\">[<a class=\"sdfootnoteanc\" href=\"#sdfootnote1sym\" name=\"sdfootnote1anc\"><sup>1<\/sup><\/a>]<\/span><\/span><span style=\"color: #000000;\"><span style=\"font-size: medium;\">.<\/span><\/span><\/p>\n<p class=\"western\" align=\"center\"><span style=\"color: #000000;\"><span style=\"font-size: medium;\">* *<\/span><\/span><\/p>\n<p class=\"western\" align=\"justify\"><span style=\"color: #000000;\"><span style=\"font-size: medium;\">Ce sont, jusqu&rsquo;\u00e0 pr\u00e9sent, les ph\u00e9nom\u00e8nes de mat\u00e9rialisation (voir chapitre XIV) qui constituent l&rsquo;argument le plus s\u00e9rieux et le plus important pour l&rsquo;hypoth\u00e8se d&rsquo;un organisme dynamique, d&rsquo;un syst\u00e8me anatomique de lignes de force, que je propose de nommer le psychor<\/span><\/span><span style=\"color: #000000;\"><span style=\"font-size: medium;\">g<\/span><\/span><span style=\"color: #000000;\"><span style=\"font-size: medium;\">anisme ; mais il faut se p\u00e9n\u00e9trer de cette id\u00e9e que ces probl\u00e8mes ne sont pas simples et que nous ne savons pas grand-chose. Si certains faits nous sugg\u00e8rent que la notion de \u00ab double \u00bb, de \u00ab corps \u00e9th\u00e9rique \u00bb, de \u00ab psychorganisme \u00bb correspond \u00e0 quelque r\u00e9alit\u00e9, on ne devra pas se dissimuler que celui-ci n&rsquo;est peut-\u00eatre, cependant, pas davantage ce qu&rsquo;il semble \u00eatre que la mati\u00e8re qui impressionne nos sens : de m\u00eame que le physicien contemporain est oblig\u00e9, par les th\u00e9ories de la m\u00e9canique ondulatoire, d&rsquo;essayer, sans y parvenir, de se repr\u00e9senter quelque chose qui serait <\/span><\/span><span style=\"color: #000000;\"><span style=\"font-size: medium;\">\u00e0<\/span><\/span><span style=\"color: #000000;\"><span style=\"font-size: medium;\"> la fois corpuscule et ondu<\/span><\/span><span style=\"color: #000000;\"><span style=\"font-size: medium;\">l<\/span><\/span><span style=\"color: #000000;\"><span style=\"font-size: medium;\">ation, de m\u00eame il faut s&rsquo;attendre, en approfondissant les probl\u00e8mes pos\u00e9s par les ph\u00e9nom\u00e8nes supranormaux, \u00e0 nous trouver devant des contradictions provenant de l&rsquo;incapacit\u00e9 humaine d&#8217;embrasser \u00e0 la fois tous les aspects de la r\u00e9alit\u00e9.<\/span><\/span><\/p>\n<p align=\"justify\">__________________________________________________________<\/p>\n<div id=\"sdfootnote1\">\n<p class=\"sdfootnote-western\" align=\"justify\"><a class=\"sdfootnotesym\" href=\"#sdfootnote1anc\" name=\"sdfootnote1sym\">1<\/a> <span style=\"color: #000000;\"><span style=\"font-size: medium;\">Cependant, les exp\u00e9riences photo-\u00e9lectroniques des chercheurs sovi\u00e9tiques S. et V. Kirlian, reprises par les investigateurs am\u00e9ricains, tendant \u00e0 \u00e9tablir l&rsquo;existence d&rsquo;un champ bio-\u00e9lectrique structurant chez les plantes et les animaux, ouvrent une nouvelle voie de recherches (voir chapitre XVII. Evolution biopsychique, \u00e9volution spirituelle, en note).<\/span><\/span><\/p>\n<\/div>\n","protected":false},"excerpt":{"rendered":"<p>(Extrait de La Science de l\u2019\u00c2me, 2e \u00e9dition. Dervy-Livres 1980)\u00a0 L&rsquo;action physique et psychique de l&rsquo;homme n&rsquo;est pas confin\u00e9e \u00e0 la p\u00e9riph\u00e9rie de son corps. Alexandre AKSAKOF De la t\u00e9l\u00e9pathie \u00e0 la psychorragie Analysant les cas d&rsquo;apparitions de personnes vivantes, co\u00efncidant avec quelque crise que ces personnes subissent \u00e0 distance, Myers (55, p. 218-219) notait [&hellip;]<\/p>\n","protected":false},"author":2,"featured_media":9322,"comment_status":"closed","ping_status":"closed","sticky":false,"template":"","format":"standard","meta":{"footnotes":""},"categories":[341,85],"tags":[],"class_list":["post-17539","post","type-post","status-publish","format-standard","has-post-thumbnail","hentry","category-a-dumas","category-parapsychologie"],"yoast_head":"<!-- This site is optimized with the Yoast SEO plugin v27.0 - https:\/\/yoast.com\/product\/yoast-seo-wordpress\/ -->\n<title>Fant\u00f4mes de vivants et \u00ab Bilocation \u00bb par Andr\u00e9 A. Dumas - 3e mill\u00e9naire - Spiritualit\u00e9 - Connaissance de soi - Non-dualit\u00e9 - M\u00e9ditation<\/title>\n<meta name=\"robots\" content=\"index, follow, max-snippet:-1, max-image-preview:large, max-video-preview:-1\" \/>\n<link rel=\"canonical\" href=\"https:\/\/www.revue3emillenaire.com\/blog\/fantomes-de-vivants-bilocation-andre-a-dumas\/\" \/>\n<meta property=\"og:locale\" content=\"fr_FR\" \/>\n<meta property=\"og:type\" content=\"article\" \/>\n<meta property=\"og:title\" content=\"Fant\u00f4mes de vivants et \u00ab Bilocation \u00bb par Andr\u00e9 A. Dumas - 3e mill\u00e9naire - Spiritualit\u00e9 - Connaissance de soi - Non-dualit\u00e9 - M\u00e9ditation\" \/>\n<meta property=\"og:description\" content=\"(Extrait de La Science de l\u2019\u00c2me, 2e \u00e9dition. Dervy-Livres 1980)\u00a0 L&rsquo;action physique et psychique de l&rsquo;homme n&rsquo;est pas confin\u00e9e \u00e0 la p\u00e9riph\u00e9rie de son corps. Alexandre AKSAKOF De la t\u00e9l\u00e9pathie \u00e0 la psychorragie Analysant les cas d&rsquo;apparitions de personnes vivantes, co\u00efncidant avec quelque crise que ces personnes subissent \u00e0 distance, Myers (55, p. 218-219) notait [&hellip;]\" \/>\n<meta property=\"og:url\" content=\"https:\/\/www.revue3emillenaire.com\/blog\/fantomes-de-vivants-bilocation-andre-a-dumas\/\" \/>\n<meta property=\"og:site_name\" content=\"3e mill\u00e9naire - Spiritualit\u00e9 - Connaissance de soi - Non-dualit\u00e9 - M\u00e9ditation\" \/>\n<meta property=\"article:published_time\" content=\"2017-07-02T01:10:52+00:00\" \/>\n<meta property=\"og:image\" content=\"https:\/\/www.revue3emillenaire.com\/blog\/wp-content\/uploads\/2011\/10\/Andr\u00e9-Dumas1-e1514130487739.jpg\" \/>\n\t<meta property=\"og:image:width\" content=\"200\" \/>\n\t<meta property=\"og:image:height\" content=\"245\" \/>\n\t<meta property=\"og:image:type\" content=\"image\/jpeg\" \/>\n<meta name=\"author\" content=\"3e mill\u00e9naire\" \/>\n<meta name=\"twitter:card\" content=\"summary_large_image\" \/>\n<meta name=\"twitter:label1\" content=\"\u00c9crit par\" \/>\n\t<meta name=\"twitter:data1\" content=\"3e mill\u00e9naire\" \/>\n\t<meta name=\"twitter:label2\" content=\"Dur\u00e9e de lecture estim\u00e9e\" \/>\n\t<meta name=\"twitter:data2\" content=\"33 minutes\" \/>\n<script type=\"application\/ld+json\" class=\"yoast-schema-graph\">{\"@context\":\"https:\/\/schema.org\",\"@graph\":[{\"@type\":\"Article\",\"@id\":\"https:\/\/www.revue3emillenaire.com\/blog\/fantomes-de-vivants-bilocation-andre-a-dumas\/#article\",\"isPartOf\":{\"@id\":\"https:\/\/www.revue3emillenaire.com\/blog\/fantomes-de-vivants-bilocation-andre-a-dumas\/\"},\"author\":{\"name\":\"3e mill\u00e9naire\",\"@id\":\"https:\/\/www.revue3emillenaire.com\/blog\/#\/schema\/person\/b692dacff720a5344a6190bc714397eb\"},\"headline\":\"Fant\u00f4mes de vivants et \u00ab Bilocation \u00bb par Andr\u00e9 A. Dumas\",\"datePublished\":\"2017-07-02T01:10:52+00:00\",\"mainEntityOfPage\":{\"@id\":\"https:\/\/www.revue3emillenaire.com\/blog\/fantomes-de-vivants-bilocation-andre-a-dumas\/\"},\"wordCount\":6683,\"image\":{\"@id\":\"https:\/\/www.revue3emillenaire.com\/blog\/fantomes-de-vivants-bilocation-andre-a-dumas\/#primaryimage\"},\"thumbnailUrl\":\"https:\/\/www.revue3emillenaire.com\/blog\/wp-content\/uploads\/2011\/10\/Andr\u00e9-Dumas1-e1514130487739.jpg\",\"articleSection\":[\"Dumas Andr\u00e9 A.\",\"Parapsychologie \/ Ph\u00e9nom\u00e8nes\"],\"inLanguage\":\"fr-FR\"},{\"@type\":\"WebPage\",\"@id\":\"https:\/\/www.revue3emillenaire.com\/blog\/fantomes-de-vivants-bilocation-andre-a-dumas\/\",\"url\":\"https:\/\/www.revue3emillenaire.com\/blog\/fantomes-de-vivants-bilocation-andre-a-dumas\/\",\"name\":\"Fant\u00f4mes de vivants et \u00ab Bilocation \u00bb par Andr\u00e9 A. Dumas - 3e mill\u00e9naire - Spiritualit\u00e9 - Connaissance de soi - Non-dualit\u00e9 - M\u00e9ditation\",\"isPartOf\":{\"@id\":\"https:\/\/www.revue3emillenaire.com\/blog\/#website\"},\"primaryImageOfPage\":{\"@id\":\"https:\/\/www.revue3emillenaire.com\/blog\/fantomes-de-vivants-bilocation-andre-a-dumas\/#primaryimage\"},\"image\":{\"@id\":\"https:\/\/www.revue3emillenaire.com\/blog\/fantomes-de-vivants-bilocation-andre-a-dumas\/#primaryimage\"},\"thumbnailUrl\":\"https:\/\/www.revue3emillenaire.com\/blog\/wp-content\/uploads\/2011\/10\/Andr\u00e9-Dumas1-e1514130487739.jpg\",\"datePublished\":\"2017-07-02T01:10:52+00:00\",\"author\":{\"@id\":\"https:\/\/www.revue3emillenaire.com\/blog\/#\/schema\/person\/b692dacff720a5344a6190bc714397eb\"},\"breadcrumb\":{\"@id\":\"https:\/\/www.revue3emillenaire.com\/blog\/fantomes-de-vivants-bilocation-andre-a-dumas\/#breadcrumb\"},\"inLanguage\":\"fr-FR\",\"potentialAction\":[{\"@type\":\"ReadAction\",\"target\":[\"https:\/\/www.revue3emillenaire.com\/blog\/fantomes-de-vivants-bilocation-andre-a-dumas\/\"]}]},{\"@type\":\"ImageObject\",\"inLanguage\":\"fr-FR\",\"@id\":\"https:\/\/www.revue3emillenaire.com\/blog\/fantomes-de-vivants-bilocation-andre-a-dumas\/#primaryimage\",\"url\":\"https:\/\/www.revue3emillenaire.com\/blog\/wp-content\/uploads\/2011\/10\/Andr\u00e9-Dumas1-e1514130487739.jpg\",\"contentUrl\":\"https:\/\/www.revue3emillenaire.com\/blog\/wp-content\/uploads\/2011\/10\/Andr\u00e9-Dumas1-e1514130487739.jpg\",\"width\":200,\"height\":245},{\"@type\":\"BreadcrumbList\",\"@id\":\"https:\/\/www.revue3emillenaire.com\/blog\/fantomes-de-vivants-bilocation-andre-a-dumas\/#breadcrumb\",\"itemListElement\":[{\"@type\":\"ListItem\",\"position\":1,\"name\":\"Accueil\",\"item\":\"https:\/\/www.revue3emillenaire.com\/blog\/\"},{\"@type\":\"ListItem\",\"position\":2,\"name\":\"Fant\u00f4mes de vivants et \u00ab Bilocation \u00bb par Andr\u00e9 A. Dumas\"}]},{\"@type\":\"WebSite\",\"@id\":\"https:\/\/www.revue3emillenaire.com\/blog\/#website\",\"url\":\"https:\/\/www.revue3emillenaire.com\/blog\/\",\"name\":\"3e mill\u00e9naire - Spiritualit\u00e9 - Connaissance de soi - Non-dualit\u00e9 - M\u00e9ditation\",\"description\":\"L&#039;Homme en devenir\",\"potentialAction\":[{\"@type\":\"SearchAction\",\"target\":{\"@type\":\"EntryPoint\",\"urlTemplate\":\"https:\/\/www.revue3emillenaire.com\/blog\/?s={search_term_string}\"},\"query-input\":{\"@type\":\"PropertyValueSpecification\",\"valueRequired\":true,\"valueName\":\"search_term_string\"}}],\"inLanguage\":\"fr-FR\"},{\"@type\":\"Person\",\"@id\":\"https:\/\/www.revue3emillenaire.com\/blog\/#\/schema\/person\/b692dacff720a5344a6190bc714397eb\",\"name\":\"3e mill\u00e9naire\",\"url\":\"https:\/\/www.revue3emillenaire.com\/blog\/author\/scoussa\/\"}]}<\/script>\n<!-- \/ Yoast SEO plugin. -->","yoast_head_json":{"title":"Fant\u00f4mes de vivants et \u00ab Bilocation \u00bb par Andr\u00e9 A. Dumas - 3e mill\u00e9naire - Spiritualit\u00e9 - Connaissance de soi - Non-dualit\u00e9 - M\u00e9ditation","robots":{"index":"index","follow":"follow","max-snippet":"max-snippet:-1","max-image-preview":"max-image-preview:large","max-video-preview":"max-video-preview:-1"},"canonical":"https:\/\/www.revue3emillenaire.com\/blog\/fantomes-de-vivants-bilocation-andre-a-dumas\/","og_locale":"fr_FR","og_type":"article","og_title":"Fant\u00f4mes de vivants et \u00ab Bilocation \u00bb par Andr\u00e9 A. Dumas - 3e mill\u00e9naire - Spiritualit\u00e9 - Connaissance de soi - Non-dualit\u00e9 - M\u00e9ditation","og_description":"(Extrait de La Science de l\u2019\u00c2me, 2e \u00e9dition. Dervy-Livres 1980)\u00a0 L&rsquo;action physique et psychique de l&rsquo;homme n&rsquo;est pas confin\u00e9e \u00e0 la p\u00e9riph\u00e9rie de son corps. Alexandre AKSAKOF De la t\u00e9l\u00e9pathie \u00e0 la psychorragie Analysant les cas d&rsquo;apparitions de personnes vivantes, co\u00efncidant avec quelque crise que ces personnes subissent \u00e0 distance, Myers (55, p. 218-219) notait [&hellip;]","og_url":"https:\/\/www.revue3emillenaire.com\/blog\/fantomes-de-vivants-bilocation-andre-a-dumas\/","og_site_name":"3e mill\u00e9naire - Spiritualit\u00e9 - Connaissance de soi - Non-dualit\u00e9 - M\u00e9ditation","article_published_time":"2017-07-02T01:10:52+00:00","og_image":[{"width":200,"height":245,"url":"https:\/\/www.revue3emillenaire.com\/blog\/wp-content\/uploads\/2011\/10\/Andr\u00e9-Dumas1-e1514130487739.jpg","type":"image\/jpeg"}],"author":"3e mill\u00e9naire","twitter_card":"summary_large_image","twitter_misc":{"\u00c9crit par":"3e mill\u00e9naire","Dur\u00e9e de lecture estim\u00e9e":"33 minutes"},"schema":{"@context":"https:\/\/schema.org","@graph":[{"@type":"Article","@id":"https:\/\/www.revue3emillenaire.com\/blog\/fantomes-de-vivants-bilocation-andre-a-dumas\/#article","isPartOf":{"@id":"https:\/\/www.revue3emillenaire.com\/blog\/fantomes-de-vivants-bilocation-andre-a-dumas\/"},"author":{"name":"3e mill\u00e9naire","@id":"https:\/\/www.revue3emillenaire.com\/blog\/#\/schema\/person\/b692dacff720a5344a6190bc714397eb"},"headline":"Fant\u00f4mes de vivants et \u00ab Bilocation \u00bb par Andr\u00e9 A. Dumas","datePublished":"2017-07-02T01:10:52+00:00","mainEntityOfPage":{"@id":"https:\/\/www.revue3emillenaire.com\/blog\/fantomes-de-vivants-bilocation-andre-a-dumas\/"},"wordCount":6683,"image":{"@id":"https:\/\/www.revue3emillenaire.com\/blog\/fantomes-de-vivants-bilocation-andre-a-dumas\/#primaryimage"},"thumbnailUrl":"https:\/\/www.revue3emillenaire.com\/blog\/wp-content\/uploads\/2011\/10\/Andr\u00e9-Dumas1-e1514130487739.jpg","articleSection":["Dumas Andr\u00e9 A.","Parapsychologie \/ Ph\u00e9nom\u00e8nes"],"inLanguage":"fr-FR"},{"@type":"WebPage","@id":"https:\/\/www.revue3emillenaire.com\/blog\/fantomes-de-vivants-bilocation-andre-a-dumas\/","url":"https:\/\/www.revue3emillenaire.com\/blog\/fantomes-de-vivants-bilocation-andre-a-dumas\/","name":"Fant\u00f4mes de vivants et \u00ab Bilocation \u00bb par Andr\u00e9 A. Dumas - 3e mill\u00e9naire - Spiritualit\u00e9 - Connaissance de soi - Non-dualit\u00e9 - M\u00e9ditation","isPartOf":{"@id":"https:\/\/www.revue3emillenaire.com\/blog\/#website"},"primaryImageOfPage":{"@id":"https:\/\/www.revue3emillenaire.com\/blog\/fantomes-de-vivants-bilocation-andre-a-dumas\/#primaryimage"},"image":{"@id":"https:\/\/www.revue3emillenaire.com\/blog\/fantomes-de-vivants-bilocation-andre-a-dumas\/#primaryimage"},"thumbnailUrl":"https:\/\/www.revue3emillenaire.com\/blog\/wp-content\/uploads\/2011\/10\/Andr\u00e9-Dumas1-e1514130487739.jpg","datePublished":"2017-07-02T01:10:52+00:00","author":{"@id":"https:\/\/www.revue3emillenaire.com\/blog\/#\/schema\/person\/b692dacff720a5344a6190bc714397eb"},"breadcrumb":{"@id":"https:\/\/www.revue3emillenaire.com\/blog\/fantomes-de-vivants-bilocation-andre-a-dumas\/#breadcrumb"},"inLanguage":"fr-FR","potentialAction":[{"@type":"ReadAction","target":["https:\/\/www.revue3emillenaire.com\/blog\/fantomes-de-vivants-bilocation-andre-a-dumas\/"]}]},{"@type":"ImageObject","inLanguage":"fr-FR","@id":"https:\/\/www.revue3emillenaire.com\/blog\/fantomes-de-vivants-bilocation-andre-a-dumas\/#primaryimage","url":"https:\/\/www.revue3emillenaire.com\/blog\/wp-content\/uploads\/2011\/10\/Andr\u00e9-Dumas1-e1514130487739.jpg","contentUrl":"https:\/\/www.revue3emillenaire.com\/blog\/wp-content\/uploads\/2011\/10\/Andr\u00e9-Dumas1-e1514130487739.jpg","width":200,"height":245},{"@type":"BreadcrumbList","@id":"https:\/\/www.revue3emillenaire.com\/blog\/fantomes-de-vivants-bilocation-andre-a-dumas\/#breadcrumb","itemListElement":[{"@type":"ListItem","position":1,"name":"Accueil","item":"https:\/\/www.revue3emillenaire.com\/blog\/"},{"@type":"ListItem","position":2,"name":"Fant\u00f4mes de vivants et \u00ab Bilocation \u00bb par Andr\u00e9 A. Dumas"}]},{"@type":"WebSite","@id":"https:\/\/www.revue3emillenaire.com\/blog\/#website","url":"https:\/\/www.revue3emillenaire.com\/blog\/","name":"3e mill\u00e9naire - Spiritualit\u00e9 - Connaissance de soi - Non-dualit\u00e9 - M\u00e9ditation","description":"L&#039;Homme en devenir","potentialAction":[{"@type":"SearchAction","target":{"@type":"EntryPoint","urlTemplate":"https:\/\/www.revue3emillenaire.com\/blog\/?s={search_term_string}"},"query-input":{"@type":"PropertyValueSpecification","valueRequired":true,"valueName":"search_term_string"}}],"inLanguage":"fr-FR"},{"@type":"Person","@id":"https:\/\/www.revue3emillenaire.com\/blog\/#\/schema\/person\/b692dacff720a5344a6190bc714397eb","name":"3e mill\u00e9naire","url":"https:\/\/www.revue3emillenaire.com\/blog\/author\/scoussa\/"}]}},"_links":{"self":[{"href":"https:\/\/www.revue3emillenaire.com\/blog\/wp-json\/wp\/v2\/posts\/17539","targetHints":{"allow":["GET"]}}],"collection":[{"href":"https:\/\/www.revue3emillenaire.com\/blog\/wp-json\/wp\/v2\/posts"}],"about":[{"href":"https:\/\/www.revue3emillenaire.com\/blog\/wp-json\/wp\/v2\/types\/post"}],"author":[{"embeddable":true,"href":"https:\/\/www.revue3emillenaire.com\/blog\/wp-json\/wp\/v2\/users\/2"}],"replies":[{"embeddable":true,"href":"https:\/\/www.revue3emillenaire.com\/blog\/wp-json\/wp\/v2\/comments?post=17539"}],"version-history":[{"count":0,"href":"https:\/\/www.revue3emillenaire.com\/blog\/wp-json\/wp\/v2\/posts\/17539\/revisions"}],"wp:featuredmedia":[{"embeddable":true,"href":"https:\/\/www.revue3emillenaire.com\/blog\/wp-json\/wp\/v2\/media\/9322"}],"wp:attachment":[{"href":"https:\/\/www.revue3emillenaire.com\/blog\/wp-json\/wp\/v2\/media?parent=17539"}],"wp:term":[{"taxonomy":"category","embeddable":true,"href":"https:\/\/www.revue3emillenaire.com\/blog\/wp-json\/wp\/v2\/categories?post=17539"},{"taxonomy":"post_tag","embeddable":true,"href":"https:\/\/www.revue3emillenaire.com\/blog\/wp-json\/wp\/v2\/tags?post=17539"}],"curies":[{"name":"wp","href":"https:\/\/api.w.org\/{rel}","templated":true}]}}