{"id":17603,"date":"2017-09-17T18:58:21","date_gmt":"2017-09-17T17:58:21","guid":{"rendered":"http:\/\/www.revue3emillenaire.com\/blog\/?p=17603"},"modified":"2017-09-17T18:58:21","modified_gmt":"2017-09-17T17:58:21","slug":"legerete-monde-dominique-casterman","status":"publish","type":"post","link":"https:\/\/www.revue3emillenaire.com\/blog\/legerete-monde-dominique-casterman\/","title":{"rendered":"La l\u00e9g\u00e8ret\u00e9 du monde par Dominique Casterman"},"content":{"rendered":"<p class=\"western\" align=\"justify\"><span style=\"font-size: medium;\">Nous le savons, tout est relation, le grand univers lui-m\u00eame n\u2019est pas un empilement de parties \u00e9l\u00e9mentaires s\u00e9par\u00e9es les unes des autres. Chaque chose en particulier d\u00e9coule des connexions multiples avec l\u2019ensemble et, bien entendu, nous participons de cette unit\u00e9. L\u2019univers en tant que totalit\u00e9 une peut \u00eatre consid\u00e9r\u00e9 comme un organisme vivant dont chaque entit\u00e9 distincte et apparemment s\u00e9par\u00e9e est une manifestation provisoire, comme la vague et l\u2019oc\u00e9an. L\u2019\u00eatre humain ressemble \u00e0 un navigateur dont la boussole est d\u00e9r\u00e9gl\u00e9e, il emprunte des chemins qui ne correspondent pas \u00e0 sa nature profonde. Cette notion de totalit\u00e9 une, en l\u2019absence de laquelle rien ne serait, est comme endormie dans la conscience des hommes, recouverte qu\u2019elle est par un soi imaginaire s\u00e9par\u00e9 complice d\u2019une ignorance fondamentale de l\u2019\u00eatre essentiel, c\u2019est-\u00e0-dire de l\u2019\u00e9ternelle conscience. Comme tout ph\u00e9nom\u00e8ne dans l\u2019univers, l\u2019\u00eatre humain est reli\u00e9, mais psychologiquement il se vit comme isol\u00e9, reclus qu\u2019il est dans une image de lui-m\u00eame s\u00e9par\u00e9e du monde.<\/span><\/p>\n<p class=\"western\" align=\"justify\"><span style=\"font-size: medium;\">La conscience v\u00e9cue de la \u2018\u2018condition non s\u00e9par\u00e9e\u2019\u2019 en fonction de l\u2019unit\u00e9 primordiale de <\/span><span style=\"font-size: medium;\"><i>ce qui est<\/i><\/span><span style=\"font-size: medium;\"> d\u2019instant en instant est la cause-effet de l\u2019effacement spontan\u00e9 de la croyance d\u2019\u00eatre une entit\u00e9 s\u00e9par\u00e9e, et de la vision directe que tout <\/span><span style=\"font-size: medium;\"><i>ce qui est <\/i><\/span><span style=\"font-size: medium;\">d\u00e9coule du fonctionnement spontan\u00e9 de la totalit\u00e9.<\/span><\/p>\n<p class=\"western\" align=\"justify\"><span style=\"font-size: medium;\">Nous ignorons g\u00e9n\u00e9ralement que l\u2019instant pr\u00e9sent est l\u2019innommable (\u00e9ternit\u00e9) m\u00e9taphysiquement ins\u00e9parable de l\u2019ultime conscience. Le pr\u00e9sent, comme la conscience, \u00e0 peine n\u00e9s, d\u00e9j\u00e0 ne sont plus, plus exactement ils se renouvellent d\u2019instant en instant comme une totalit\u00e9 sans faille. C\u2019est pour cette raison que nous pouvons \u00e9voquer la conscience pr\u00e9sence. C<\/span><span style=\"font-size: medium;\"><i>ela qui est,<\/i><\/span><span style=\"font-size: medium;\"> aussi nomm\u00e9, \u00e0 d\u00e9faut de mieux, la conscience pr\u00e9sence se manifeste dans le monde \u00e0 travers le temps, c\u2019est-\u00e0-dire la dur\u00e9e, et le <\/span><span style=\"font-size: medium;\"><i>monde objet<\/i><\/span><span style=\"font-size: medium;\">. Le temps, en tant que mode manifest\u00e9 du pr\u00e9sent intemporel, implique la notion de passage, de direction pass\u00e9-pr\u00e9sent-futur. Dans notre ignorance du pr\u00e9sent intemporel, nous sommes incapables de laisser au pass\u00e9 la discr\u00e9tion qui lui est propre, de laisser les choses du futur s\u2019occuper du futur, et de laisser au pr\u00e9sent son \u00e9ternelle jeunesse. Le monde, en tant que mode manifest\u00e9 de la conscience pr\u00e9sence, implique la notion d\u2019objets ext\u00e9rieurs se suffisant \u00e0 eux-m\u00eames. Dans notre ignorance, nous sommes incapables de voir que l\u2019existence et la connaissance du monde ext\u00e9rieur d\u00e9coule d\u2019une seule et m\u00eame r\u00e9alit\u00e9\u00a0: la conscience pr\u00e9sence. Nous naissons dans la lourdeur d\u2019un mat\u00e9rialisme jamais, ou tellement peu, remis en question. La profondeur des \u00eatres et des choses est, \u00e0 n\u2019en pas douter, d\u2019une somptueuse l\u00e9g\u00e8ret\u00e9 transparente, lumineuse et joyeuse\u2026<\/span><\/p>\n<p class=\"western\">\n","protected":false},"excerpt":{"rendered":"<p>Nous le savons, tout est relation, le grand univers lui-m\u00eame n\u2019est pas un empilement de parties \u00e9l\u00e9mentaires s\u00e9par\u00e9es les unes des autres. Chaque chose en particulier d\u00e9coule des connexions multiples avec l\u2019ensemble et, bien entendu, nous participons de cette unit\u00e9. L\u2019univers en tant que totalit\u00e9 une peut \u00eatre consid\u00e9r\u00e9 comme un organisme vivant dont chaque [&hellip;]<\/p>\n","protected":false},"author":2,"featured_media":17089,"comment_status":"closed","ping_status":"closed","sticky":false,"template":"","format":"standard","meta":{"footnotes":""},"categories":[800,294],"tags":[37,139,123],"class_list":["post-17603","post","type-post","status-publish","format-standard","has-post-thumbnail","hentry","category-casterman-dominique","category-inedit","tag-conscience","tag-presence","tag-unite"],"yoast_head":"<!-- This site is optimized with the Yoast SEO plugin v27.0 - https:\/\/yoast.com\/product\/yoast-seo-wordpress\/ -->\n<title>La l\u00e9g\u00e8ret\u00e9 du monde par Dominique Casterman - 3e mill\u00e9naire - Spiritualit\u00e9 - Connaissance de soi - Non-dualit\u00e9 - M\u00e9ditation<\/title>\n<meta name=\"robots\" content=\"index, follow, max-snippet:-1, max-image-preview:large, max-video-preview:-1\" \/>\n<link rel=\"canonical\" href=\"https:\/\/www.revue3emillenaire.com\/blog\/legerete-monde-dominique-casterman\/\" \/>\n<meta property=\"og:locale\" content=\"fr_FR\" \/>\n<meta property=\"og:type\" content=\"article\" \/>\n<meta property=\"og:title\" content=\"La l\u00e9g\u00e8ret\u00e9 du monde par Dominique Casterman - 3e mill\u00e9naire - Spiritualit\u00e9 - Connaissance de soi - Non-dualit\u00e9 - M\u00e9ditation\" \/>\n<meta property=\"og:description\" content=\"Nous le savons, tout est relation, le grand univers lui-m\u00eame n\u2019est pas un empilement de parties \u00e9l\u00e9mentaires s\u00e9par\u00e9es les unes des autres. Chaque chose en particulier d\u00e9coule des connexions multiples avec l\u2019ensemble et, bien entendu, nous participons de cette unit\u00e9. L\u2019univers en tant que totalit\u00e9 une peut \u00eatre consid\u00e9r\u00e9 comme un organisme vivant dont chaque [&hellip;]\" \/>\n<meta property=\"og:url\" content=\"https:\/\/www.revue3emillenaire.com\/blog\/legerete-monde-dominique-casterman\/\" \/>\n<meta property=\"og:site_name\" content=\"3e mill\u00e9naire - Spiritualit\u00e9 - Connaissance de soi - Non-dualit\u00e9 - M\u00e9ditation\" \/>\n<meta property=\"article:published_time\" content=\"2017-09-17T17:58:21+00:00\" \/>\n<meta property=\"og:image\" content=\"https:\/\/www.revue3emillenaire.com\/blog\/wp-content\/uploads\/2015\/10\/Dominique-Castermane-e1511834938356.jpg\" \/>\n\t<meta property=\"og:image:width\" content=\"200\" \/>\n\t<meta property=\"og:image:height\" content=\"237\" \/>\n\t<meta property=\"og:image:type\" content=\"image\/jpeg\" \/>\n<meta name=\"author\" content=\"3e mill\u00e9naire\" \/>\n<meta name=\"twitter:card\" content=\"summary_large_image\" \/>\n<meta name=\"twitter:label1\" content=\"\u00c9crit par\" \/>\n\t<meta name=\"twitter:data1\" content=\"3e mill\u00e9naire\" \/>\n\t<meta name=\"twitter:label2\" content=\"Dur\u00e9e de lecture estim\u00e9e\" \/>\n\t<meta name=\"twitter:data2\" content=\"2 minutes\" \/>\n<script type=\"application\/ld+json\" class=\"yoast-schema-graph\">{\"@context\":\"https:\/\/schema.org\",\"@graph\":[{\"@type\":\"Article\",\"@id\":\"https:\/\/www.revue3emillenaire.com\/blog\/legerete-monde-dominique-casterman\/#article\",\"isPartOf\":{\"@id\":\"https:\/\/www.revue3emillenaire.com\/blog\/legerete-monde-dominique-casterman\/\"},\"author\":{\"name\":\"3e mill\u00e9naire\",\"@id\":\"https:\/\/www.revue3emillenaire.com\/blog\/#\/schema\/person\/b692dacff720a5344a6190bc714397eb\"},\"headline\":\"La l\u00e9g\u00e8ret\u00e9 du monde par Dominique Casterman\",\"datePublished\":\"2017-09-17T17:58:21+00:00\",\"mainEntityOfPage\":{\"@id\":\"https:\/\/www.revue3emillenaire.com\/blog\/legerete-monde-dominique-casterman\/\"},\"wordCount\":507,\"image\":{\"@id\":\"https:\/\/www.revue3emillenaire.com\/blog\/legerete-monde-dominique-casterman\/#primaryimage\"},\"thumbnailUrl\":\"https:\/\/www.revue3emillenaire.com\/blog\/wp-content\/uploads\/2015\/10\/Dominique-Castermane-e1511834938356.jpg\",\"keywords\":[\"Conscience\",\"pr\u00e9sence\",\"Unit\u00e9\"],\"articleSection\":[\"Casterman Dominique\",\"In\u00e9dit\"],\"inLanguage\":\"fr-FR\"},{\"@type\":\"WebPage\",\"@id\":\"https:\/\/www.revue3emillenaire.com\/blog\/legerete-monde-dominique-casterman\/\",\"url\":\"https:\/\/www.revue3emillenaire.com\/blog\/legerete-monde-dominique-casterman\/\",\"name\":\"La l\u00e9g\u00e8ret\u00e9 du monde par Dominique Casterman - 3e mill\u00e9naire - Spiritualit\u00e9 - Connaissance de soi - Non-dualit\u00e9 - M\u00e9ditation\",\"isPartOf\":{\"@id\":\"https:\/\/www.revue3emillenaire.com\/blog\/#website\"},\"primaryImageOfPage\":{\"@id\":\"https:\/\/www.revue3emillenaire.com\/blog\/legerete-monde-dominique-casterman\/#primaryimage\"},\"image\":{\"@id\":\"https:\/\/www.revue3emillenaire.com\/blog\/legerete-monde-dominique-casterman\/#primaryimage\"},\"thumbnailUrl\":\"https:\/\/www.revue3emillenaire.com\/blog\/wp-content\/uploads\/2015\/10\/Dominique-Castermane-e1511834938356.jpg\",\"datePublished\":\"2017-09-17T17:58:21+00:00\",\"author\":{\"@id\":\"https:\/\/www.revue3emillenaire.com\/blog\/#\/schema\/person\/b692dacff720a5344a6190bc714397eb\"},\"breadcrumb\":{\"@id\":\"https:\/\/www.revue3emillenaire.com\/blog\/legerete-monde-dominique-casterman\/#breadcrumb\"},\"inLanguage\":\"fr-FR\",\"potentialAction\":[{\"@type\":\"ReadAction\",\"target\":[\"https:\/\/www.revue3emillenaire.com\/blog\/legerete-monde-dominique-casterman\/\"]}]},{\"@type\":\"ImageObject\",\"inLanguage\":\"fr-FR\",\"@id\":\"https:\/\/www.revue3emillenaire.com\/blog\/legerete-monde-dominique-casterman\/#primaryimage\",\"url\":\"https:\/\/www.revue3emillenaire.com\/blog\/wp-content\/uploads\/2015\/10\/Dominique-Castermane-e1511834938356.jpg\",\"contentUrl\":\"https:\/\/www.revue3emillenaire.com\/blog\/wp-content\/uploads\/2015\/10\/Dominique-Castermane-e1511834938356.jpg\",\"width\":200,\"height\":237},{\"@type\":\"BreadcrumbList\",\"@id\":\"https:\/\/www.revue3emillenaire.com\/blog\/legerete-monde-dominique-casterman\/#breadcrumb\",\"itemListElement\":[{\"@type\":\"ListItem\",\"position\":1,\"name\":\"Accueil\",\"item\":\"https:\/\/www.revue3emillenaire.com\/blog\/\"},{\"@type\":\"ListItem\",\"position\":2,\"name\":\"La l\u00e9g\u00e8ret\u00e9 du monde par Dominique Casterman\"}]},{\"@type\":\"WebSite\",\"@id\":\"https:\/\/www.revue3emillenaire.com\/blog\/#website\",\"url\":\"https:\/\/www.revue3emillenaire.com\/blog\/\",\"name\":\"3e mill\u00e9naire - Spiritualit\u00e9 - Connaissance de soi - Non-dualit\u00e9 - M\u00e9ditation\",\"description\":\"L&#039;Homme en devenir\",\"potentialAction\":[{\"@type\":\"SearchAction\",\"target\":{\"@type\":\"EntryPoint\",\"urlTemplate\":\"https:\/\/www.revue3emillenaire.com\/blog\/?s={search_term_string}\"},\"query-input\":{\"@type\":\"PropertyValueSpecification\",\"valueRequired\":true,\"valueName\":\"search_term_string\"}}],\"inLanguage\":\"fr-FR\"},{\"@type\":\"Person\",\"@id\":\"https:\/\/www.revue3emillenaire.com\/blog\/#\/schema\/person\/b692dacff720a5344a6190bc714397eb\",\"name\":\"3e mill\u00e9naire\",\"url\":\"https:\/\/www.revue3emillenaire.com\/blog\/author\/scoussa\/\"}]}<\/script>\n<!-- \/ Yoast SEO plugin. -->","yoast_head_json":{"title":"La l\u00e9g\u00e8ret\u00e9 du monde par Dominique Casterman - 3e mill\u00e9naire - Spiritualit\u00e9 - Connaissance de soi - Non-dualit\u00e9 - M\u00e9ditation","robots":{"index":"index","follow":"follow","max-snippet":"max-snippet:-1","max-image-preview":"max-image-preview:large","max-video-preview":"max-video-preview:-1"},"canonical":"https:\/\/www.revue3emillenaire.com\/blog\/legerete-monde-dominique-casterman\/","og_locale":"fr_FR","og_type":"article","og_title":"La l\u00e9g\u00e8ret\u00e9 du monde par Dominique Casterman - 3e mill\u00e9naire - Spiritualit\u00e9 - Connaissance de soi - Non-dualit\u00e9 - M\u00e9ditation","og_description":"Nous le savons, tout est relation, le grand univers lui-m\u00eame n\u2019est pas un empilement de parties \u00e9l\u00e9mentaires s\u00e9par\u00e9es les unes des autres. Chaque chose en particulier d\u00e9coule des connexions multiples avec l\u2019ensemble et, bien entendu, nous participons de cette unit\u00e9. L\u2019univers en tant que totalit\u00e9 une peut \u00eatre consid\u00e9r\u00e9 comme un organisme vivant dont chaque [&hellip;]","og_url":"https:\/\/www.revue3emillenaire.com\/blog\/legerete-monde-dominique-casterman\/","og_site_name":"3e mill\u00e9naire - Spiritualit\u00e9 - Connaissance de soi - Non-dualit\u00e9 - M\u00e9ditation","article_published_time":"2017-09-17T17:58:21+00:00","og_image":[{"width":200,"height":237,"url":"https:\/\/www.revue3emillenaire.com\/blog\/wp-content\/uploads\/2015\/10\/Dominique-Castermane-e1511834938356.jpg","type":"image\/jpeg"}],"author":"3e mill\u00e9naire","twitter_card":"summary_large_image","twitter_misc":{"\u00c9crit par":"3e mill\u00e9naire","Dur\u00e9e de lecture estim\u00e9e":"2 minutes"},"schema":{"@context":"https:\/\/schema.org","@graph":[{"@type":"Article","@id":"https:\/\/www.revue3emillenaire.com\/blog\/legerete-monde-dominique-casterman\/#article","isPartOf":{"@id":"https:\/\/www.revue3emillenaire.com\/blog\/legerete-monde-dominique-casterman\/"},"author":{"name":"3e mill\u00e9naire","@id":"https:\/\/www.revue3emillenaire.com\/blog\/#\/schema\/person\/b692dacff720a5344a6190bc714397eb"},"headline":"La l\u00e9g\u00e8ret\u00e9 du monde par Dominique Casterman","datePublished":"2017-09-17T17:58:21+00:00","mainEntityOfPage":{"@id":"https:\/\/www.revue3emillenaire.com\/blog\/legerete-monde-dominique-casterman\/"},"wordCount":507,"image":{"@id":"https:\/\/www.revue3emillenaire.com\/blog\/legerete-monde-dominique-casterman\/#primaryimage"},"thumbnailUrl":"https:\/\/www.revue3emillenaire.com\/blog\/wp-content\/uploads\/2015\/10\/Dominique-Castermane-e1511834938356.jpg","keywords":["Conscience","pr\u00e9sence","Unit\u00e9"],"articleSection":["Casterman Dominique","In\u00e9dit"],"inLanguage":"fr-FR"},{"@type":"WebPage","@id":"https:\/\/www.revue3emillenaire.com\/blog\/legerete-monde-dominique-casterman\/","url":"https:\/\/www.revue3emillenaire.com\/blog\/legerete-monde-dominique-casterman\/","name":"La l\u00e9g\u00e8ret\u00e9 du monde par Dominique Casterman - 3e mill\u00e9naire - Spiritualit\u00e9 - Connaissance de soi - Non-dualit\u00e9 - M\u00e9ditation","isPartOf":{"@id":"https:\/\/www.revue3emillenaire.com\/blog\/#website"},"primaryImageOfPage":{"@id":"https:\/\/www.revue3emillenaire.com\/blog\/legerete-monde-dominique-casterman\/#primaryimage"},"image":{"@id":"https:\/\/www.revue3emillenaire.com\/blog\/legerete-monde-dominique-casterman\/#primaryimage"},"thumbnailUrl":"https:\/\/www.revue3emillenaire.com\/blog\/wp-content\/uploads\/2015\/10\/Dominique-Castermane-e1511834938356.jpg","datePublished":"2017-09-17T17:58:21+00:00","author":{"@id":"https:\/\/www.revue3emillenaire.com\/blog\/#\/schema\/person\/b692dacff720a5344a6190bc714397eb"},"breadcrumb":{"@id":"https:\/\/www.revue3emillenaire.com\/blog\/legerete-monde-dominique-casterman\/#breadcrumb"},"inLanguage":"fr-FR","potentialAction":[{"@type":"ReadAction","target":["https:\/\/www.revue3emillenaire.com\/blog\/legerete-monde-dominique-casterman\/"]}]},{"@type":"ImageObject","inLanguage":"fr-FR","@id":"https:\/\/www.revue3emillenaire.com\/blog\/legerete-monde-dominique-casterman\/#primaryimage","url":"https:\/\/www.revue3emillenaire.com\/blog\/wp-content\/uploads\/2015\/10\/Dominique-Castermane-e1511834938356.jpg","contentUrl":"https:\/\/www.revue3emillenaire.com\/blog\/wp-content\/uploads\/2015\/10\/Dominique-Castermane-e1511834938356.jpg","width":200,"height":237},{"@type":"BreadcrumbList","@id":"https:\/\/www.revue3emillenaire.com\/blog\/legerete-monde-dominique-casterman\/#breadcrumb","itemListElement":[{"@type":"ListItem","position":1,"name":"Accueil","item":"https:\/\/www.revue3emillenaire.com\/blog\/"},{"@type":"ListItem","position":2,"name":"La l\u00e9g\u00e8ret\u00e9 du monde par Dominique Casterman"}]},{"@type":"WebSite","@id":"https:\/\/www.revue3emillenaire.com\/blog\/#website","url":"https:\/\/www.revue3emillenaire.com\/blog\/","name":"3e mill\u00e9naire - Spiritualit\u00e9 - Connaissance de soi - Non-dualit\u00e9 - M\u00e9ditation","description":"L&#039;Homme en devenir","potentialAction":[{"@type":"SearchAction","target":{"@type":"EntryPoint","urlTemplate":"https:\/\/www.revue3emillenaire.com\/blog\/?s={search_term_string}"},"query-input":{"@type":"PropertyValueSpecification","valueRequired":true,"valueName":"search_term_string"}}],"inLanguage":"fr-FR"},{"@type":"Person","@id":"https:\/\/www.revue3emillenaire.com\/blog\/#\/schema\/person\/b692dacff720a5344a6190bc714397eb","name":"3e mill\u00e9naire","url":"https:\/\/www.revue3emillenaire.com\/blog\/author\/scoussa\/"}]}},"_links":{"self":[{"href":"https:\/\/www.revue3emillenaire.com\/blog\/wp-json\/wp\/v2\/posts\/17603","targetHints":{"allow":["GET"]}}],"collection":[{"href":"https:\/\/www.revue3emillenaire.com\/blog\/wp-json\/wp\/v2\/posts"}],"about":[{"href":"https:\/\/www.revue3emillenaire.com\/blog\/wp-json\/wp\/v2\/types\/post"}],"author":[{"embeddable":true,"href":"https:\/\/www.revue3emillenaire.com\/blog\/wp-json\/wp\/v2\/users\/2"}],"replies":[{"embeddable":true,"href":"https:\/\/www.revue3emillenaire.com\/blog\/wp-json\/wp\/v2\/comments?post=17603"}],"version-history":[{"count":0,"href":"https:\/\/www.revue3emillenaire.com\/blog\/wp-json\/wp\/v2\/posts\/17603\/revisions"}],"wp:featuredmedia":[{"embeddable":true,"href":"https:\/\/www.revue3emillenaire.com\/blog\/wp-json\/wp\/v2\/media\/17089"}],"wp:attachment":[{"href":"https:\/\/www.revue3emillenaire.com\/blog\/wp-json\/wp\/v2\/media?parent=17603"}],"wp:term":[{"taxonomy":"category","embeddable":true,"href":"https:\/\/www.revue3emillenaire.com\/blog\/wp-json\/wp\/v2\/categories?post=17603"},{"taxonomy":"post_tag","embeddable":true,"href":"https:\/\/www.revue3emillenaire.com\/blog\/wp-json\/wp\/v2\/tags?post=17603"}],"curies":[{"name":"wp","href":"https:\/\/api.w.org\/{rel}","templated":true}]}}