{"id":17673,"date":"2017-12-17T14:48:58","date_gmt":"2017-12-17T13:48:58","guid":{"rendered":"http:\/\/www.revue3emillenaire.com\/blog\/?p=17673"},"modified":"2017-12-17T14:48:58","modified_gmt":"2017-12-17T13:48:58","slug":"hommage-a-leon-delpech","status":"publish","type":"post","link":"https:\/\/www.revue3emillenaire.com\/blog\/hommage-a-leon-delpech\/","title":{"rendered":"Hommage \u00e0 L\u00e9on Delpech"},"content":{"rendered":"<p style=\"text-align: justify;\"><span style=\"color: #000000;\"><span style=\"font-size: medium;\">(Revue Arkologie. No 2. F\u00e9vrier 1987)<\/span><\/span><\/p>\n<p style=\"text-align: justify;\"><span style=\"color: #000000;\"><span style=\"font-size: medium;\">Texte r\u00e9dig\u00e9 par son \u00e9pouse et sa fille<\/span><\/span><\/p>\n<p style=\"text-align: justify;\"><span style=\"color: #000000;\"><span style=\"font-size: medium;\">N\u00e9 \u00e0 Alger le 5 mars 1908. Brillantes \u00e9tudes universitai\u00adres \u00e0 Aix-en-Provence o\u00f9 il aura pour ma\u00eetres M. Blondel et J. Paliard avec lesquels il \u00e9tablira des rapports d&rsquo;amiti\u00e9 et d&rsquo;\u00e9changes intellectuels ; puis \u00e0 Paris o\u00f9 il suit les cours de Jean Baruzi, Brunschwieg, Lalande, Pierre Janet.<\/span><\/span><\/p>\n<p style=\"text-align: justify;\"><span style=\"color: #000000;\"><span style=\"font-size: medium;\">En 1934 il se marie \u00e0 Paris et un an plus tard na\u00eet une petite fille. En 1935 il devient professeur de philosophie : il se lie avec Albert Camus et Jean Grenier ; correspond avec Gaston Bachelard et se montre passionn\u00e9 par les travaux d&rsquo;Alexis Carrel.<\/span><\/span><\/p>\n<p style=\"text-align: justify;\"><span style=\"color: #000000;\"><span style=\"font-size: medium;\">D\u00e8s 1930 il avait fait la rencontre de l&rsquo;\u00e9crivain qui le fascinera le plus : Andr\u00e9 Malraux dont il deviendra l&rsquo;ami (ce dernier sera son t\u00e9moin de mariage). Il trouvera chez cet \u00e9crivain la dimension tragique de la Destin\u00e9e humaine : cette angoisse que connais\u00adsent tous les h\u00e9ros de la Condition humaine ainsi que le but de l&rsquo;action humaine : \u00ab\u00a0la volont\u00e9 de d\u00e9it\u00e9\u00a0\u00bb. Il retrouve cette philosophie du tragique qui l&rsquo;avait exalt\u00e9 dans les \u0153uvres de Dosto\u00efevski : \u00ab\u00a0les Fr\u00e8res Karamazov\u00a0\u00bb \u00e9tait pour lui un livre tr\u00e8s important. (La pens\u00e9e et la philosophie russe l&rsquo;ont toujours beaucoup int\u00e9ress\u00e9).<\/span><\/span><\/p>\n<p style=\"text-align: justify;\"><span style=\"color: #000000;\"><span style=\"font-size: medium;\">1943. Il devient Directeur du Cen\u00adtre d&rsquo;Orientation professionnelle de Toulon.<\/span><\/span><\/p>\n<p style=\"text-align: justify;\"><span style=\"color: #000000;\"><span style=\"font-size: medium;\">1947. Nomm\u00e9 Charg\u00e9 de cours aux Facult\u00e9s d&rsquo;Aix et Marseille. Il cr\u00e9e \u00e0 Toulon \u00ab\u00a0La Soci\u00e9t\u00e9 m\u00e9diterran\u00e9enne de philosophie\u00a0\u00bb.<\/span><\/span><\/p>\n<p style=\"text-align: justify;\"><span style=\"color: #000000;\"><span style=\"font-size: medium;\">1950. Nomm\u00e9 Assistant de Gaston Berger \u00e0 la Facult\u00e9 des Lettres d&rsquo;Aix.<\/span><\/span><\/p>\n<p style=\"text-align: justify;\"><span style=\"color: #000000;\"><span style=\"font-size: medium;\">En 1951 fait un rapport au Collo\u00adque international sur les Machines \u00e0 penser. \u00c9crira une s\u00e9rie d&rsquo;articles sur la Cybern\u00e9tique et se montrera pr\u00e9\u00adcurseur dans son champ d&rsquo;application \u00e0 la psychologie sociale.<\/span><\/span><\/p>\n<p style=\"text-align: justify;\"><span style=\"color: #000000;\"><span style=\"font-size: medium;\">En 1956 il est charg\u00e9 d&rsquo;enseigne\u00adment \u00e0 la Facult\u00e9 des Lettres d&rsquo;Alger (Psychologie-Sociologie).<\/span><\/span><\/p>\n<p style=\"text-align: justify;\"><span style=\"color: #000000;\"><span style=\"font-size: medium;\">1960. Cours sur C.G. Jung \u00e0 la radio d&rsquo;Alger. Durant la guerre il s&rsquo;\u00e9tait initi\u00e9 \u00e0 la psychanalyse avec le Professeur D. Lagache. Plus tard il devint l&rsquo;ami du Dr. Angelo Hesnard qui avait introduit la psychanalyse en France en 1931. Mais il s&rsquo;opposait \u00e0 Freud car il critiquait ses th\u00e9ories auxquelles il appliquait le terme de \u00ab\u00a0ter\u00adrorisme id\u00e9ologique pseudo-scien\u00adtif\u00efque\u00a0\u00bb.<\/span><\/span><\/p>\n<p style=\"text-align: justify;\"><span style=\"color: #000000;\"><span style=\"font-size: medium;\">1962. Charg\u00e9 d&rsquo;enseignement \u00e0 la Facult\u00e9 des Lettres de Caen.<\/span><\/span><\/p>\n<p style=\"text-align: justify;\"><span style=\"color: #000000;\"><span style=\"font-size: medium;\">1963. Il cr\u00e9e avec Abraham Moles la Soci\u00e9t\u00e9 fran\u00e7aise de Cybern\u00e9tique,<\/span><\/span><\/p>\n<p style=\"text-align: justify;\"><span style=\"color: #000000;\"><span style=\"font-size: medium;\">1965. S\u00e9rie de conf\u00e9rences au Col\u00adl\u00e8ge de France sur ta psychoth\u00e9rapie : il s&rsquo;int\u00e9resse particuli\u00e8rement aux tra\u00advaux de Robert Desoille sur la m\u00e9thode du \u00ab\u00a0R\u00eave \u00e9veill\u00e9 dirig\u00e9\u00a0\u00bb.<\/span><\/span><\/p>\n<p style=\"text-align: justify;\"><span style=\"color: #000000;\"><span style=\"font-size: medium;\">1968, I1 publie un grand article dans l&rsquo;Encyclop\u00e9die Universalis sur \u00ab\u00a0Cybern\u00e9tique et Art\u00a0\u00bb.<\/span><\/span><\/p>\n<p style=\"text-align: justify;\"><span style=\"color: #000000;\"><span style=\"font-size: medium;\">1968, Nomm\u00e9 Maitre-Assistant \u00e0 la Sorbonne (Paris VII) (Grade corres\u00adpondant \u00e0 celui de Ma\u00eetre de Conf\u00e9rence).<\/span><\/span><\/p>\n<p style=\"text-align: justify;\"><span style=\"color: #000000;\"><span style=\"font-size: medium;\">1972. Publie un livre : \u00ab\u00a0La Cybern\u00e9tique et ses th\u00e9oriciens\u00a0\u00bb chez Cas\u00adterman, qui constitue une analyse de l\u2019\u0153uvre des principaux sp\u00e9cialistes de cette science que l&rsquo;auteur connut en tant que pr\u00e9sident de la Soci\u00e9t\u00e9 de cybern\u00e9tique, tels Abraham Moles, Louis Couffignal, et P. Vendryes dont il fut l&rsquo;ami.<\/span><\/span><\/p>\n<p style=\"text-align: justify;\"><span style=\"color: #000000;\"><span style=\"font-size: medium;\">Collaborant \u00e0 diff\u00e9rentes revues (Revue des Deux-Mondes, les \u00c9tudes philosophiques&#8230;) il a orient\u00e9 ses recherches dans de nombreuses direc\u00adtions afin d&rsquo;avoir la vision la plus compl\u00e8te de l&rsquo;homme dans ses rap\u00adports avec lui-m\u00eame et avec l&rsquo;Univers. Parapsychologie, m\u00e9thode de psycho\u00adth\u00e9rapies, \u00c9sot\u00e9risme (articles desti\u00adn\u00e9s \u00e0 para\u00eetre dans un Dictionnaire d&rsquo;\u00e9sot\u00e9risme). Projet d&rsquo;\u00e9tablir une \u00ab\u00a0Anthropologie int\u00e9grale\u00a0\u00bb qui puisse aider \u00e0 cette connaissance. La notion de \u00ab\u00a0Personne\u00a0\u00bb ayant \u00e9t\u00e9 au centre de ses pr\u00e9occupations tout au long de sa vie. Pour lui l&rsquo;univers n&rsquo;est pas le Fait du \u00ab\u00a0hasard et de la n\u00e9cessit\u00e9\u00a0\u00bb au nom m\u00eame d&rsquo;arguments scientifiques l&rsquo;Univers a un sens et de m\u00eame il a un Cr\u00e9ateur.<\/span><\/span><\/p>\n<p style=\"text-align: justify;\"><span style=\"color: #000000;\"><span style=\"font-size: medium;\">Il poursuivra son travail de recher\u00adche jusqu&rsquo;au bout, la mort le frap\u00adpera brutalement le 29 ao\u00fbt 1986, \u00e0 sa table de travail.<\/span><\/span><\/p>\n<p style=\"text-align: justify;\"><span style=\"color: #000000;\"><span style=\"font-size: medium;\"><b>Compl\u00e9ments donn\u00e9s par la Fondation ARKALL<\/b><\/span><\/span><\/p>\n<p style=\"text-align: justify;\"><span style=\"color: #000000;\"><span style=\"font-size: medium;\">L.J. Delpech a rencontr\u00e9 la Fonda\u00adtion ARIC&rsquo;ALL en 1979. Son enthou\u00adsiasme pour les travaux remis par ses chercheurs a \u00e9t\u00e9 imm\u00e9diat &#8211; et il a adh\u00e9r\u00e9 rapidement aux id\u00e9es d\u00e9velop\u00adp\u00e9es (syst\u00e8mes non cart\u00e9siens &#8211; d\u00e9lo\u00adcalisation &#8211; notions de Global &#8211; Fuite des rep\u00e8res, etc&#8230;) et pr\u00e9sent\u00e9es pour la premi\u00e8re fois dans l&rsquo;important ouvrage de V, Rosgnilk \u00ab\u00a0l\u2019\u00c9mergence de l&rsquo;Enel ou l&rsquo;Immergence des Rep\u00e8res\u00a0\u00bb, D&rsquo;ailleurs L.J. Delpech a demand\u00e9 pr\u00e9facer cet ouvrage et il a fait un chapitre sur le Docteur Cal\u00adligaris qu&rsquo;il a bien connu au d\u00e9but de la guerre, en Italie. Les travaux d&rsquo;ARK&rsquo;ALL correspondaient exacte\u00adment \u00e0 ce qu&rsquo;il cherchait, car pas\u00adsionn\u00e9 de parapsychologie \u00e0 laquelle il s&rsquo;\u00e9tait int\u00e9ress\u00e9 jeune \u00e9tudiant, il avait senti et trouv\u00e9 dans l&rsquo;approche arkalienne, pour la premi\u00e8re fois, une coh\u00e9rence pour la parapsychologie, ce que ne pouvait donner l&rsquo;approche rationnelle et ses exp\u00e9riences avec statistiques,<\/span><\/span><\/p>\n<p style=\"text-align: justify;\"><span style=\"color: #000000;\"><span style=\"font-size: medium;\">Il a bien connu Gilbert Simondon, professeur honoraire \u00e0 la Sorbonne qui a d\u00e9velopp\u00e9 les notions d&rsquo;Objets Techniques et d&rsquo;Objets dit mainte\u00adnant \u00ab\u00a0Ph\u00e9nistes\u00a0\u00bb, et \u00e9galement Marc Beigbeder, auteur de l&rsquo;excellent ouvrage \u00ab\u00a0La Clart\u00e9 des Abysses ou Introduction \u00e0 la Parapsychologie\u00a0\u00bb, M. Beigbeder \u00e9galement membre d&rsquo;AR&rsquo;ALL. (M. Beigbeder a \u00e9crit en outre le \u00ab\u00a0Contre-Monod\u00a0\u00bb qui est une \u00e9tude pamphl\u00e9taire). De m\u00eame il rencontrait souvent Bernard Heuvel\u00admans, dont il \u00e9tait l&rsquo;ami depuis 30 ans, sp\u00e9cialiste mondial des b\u00eates dites \u00ab\u00a0ignor\u00e9es\u00a0\u00bb et le Fondateur de la cryptologie (celle-ci \u00e9tant la science qui les \u00e9tudie). La plupart du temps ces apparitions sont trait\u00e9es avec d\u00e9ri\u00adsion. Heuvelmans a essay\u00e9 d&rsquo;int\u00e9grer ces ph\u00e9nom\u00e8nes dans notre descrip\u00adtion scientifique du monde comme des \u00ab\u00a0cha\u00eenons manquants\u00a0\u00bb ou des \u00ab\u00a0oublis\u00a0\u00bb parmi les \u00eatres pr\u00e9histori\u00adques. Gr\u00e2ce aux concepts \u00e9labor\u00e9s par Ravatin ces \u00eatres incompr\u00e9hensi\u00adbles deviennent des localisations momentan\u00e9es ; ils peuvent \u00eatre par exemple des exhalaisons \u00ab\u00a0fractants\u00a0\u00bb ou encore autre chose dans des pers\u00adpectives de cet ordre. Il \u00e9tait ami \u00e0 vie de Raymond Abellio (Georges Soul\u00e9s) qui est mort trois jours avant lui.<\/span><\/span><\/p>\n<p style=\"text-align: justify;\"><span style=\"color: #000000;\"><span style=\"font-size: medium;\">L,J. Delpech a r\u00e9ussi \u00e0 cr\u00e9er et faire accepter de 1973 a 1976 le seul Enseignement de Parapsychologie Officiel d\u2019\u00c9tudes de Sciences Humai\u00adnes Cliniques de l&rsquo;Universit\u00e9 de Paris VII. L&rsquo;enseignement dura trois ans et fut supprim\u00e9 car de jeunes irrespon\u00adsables, profitant d&rsquo;une longue mala\u00addie qu&rsquo;eut le professeur Delpech \u00e0 cette \u00e9poque (double cataracte) cru\u00adrent astucieux d&rsquo;infiltrer des enseigne\u00adments occultes fantaisistes par la pr\u00e9\u00adsentation qu&rsquo;ils en avaient donn\u00e9, ce qui, \u00e0 juste titre, indisposa certains coll\u00e8gues de L. Delpech. Face et ces d\u00e9marches farfelues, il avait pris des distances en adressant un rapport au Pr\u00e9sident de l&rsquo;Unit\u00e9 d&rsquo;Enseignement et de la Recherche.<\/span><\/span><\/p>\n<p style=\"text-align: justify;\"><span style=\"color: #000000;\"><span style=\"font-size: medium;\">Il est regrettable qu&rsquo;Ambroise Roux, ancien P.D.G. de la C.G.E., n&rsquo;ait pas \u00e9t\u00e9 tenu plus au courant des activit\u00e9s de chercheurs comme L, Del\u00adpech ; il n&rsquo;aurait pas parl\u00e9 de la n\u00e9ga\u00adtion des cours de parapsychologie dans l&rsquo;Universit\u00e9 fran\u00e7aise.<\/span><\/span><\/p>\n<p style=\"text-align: justify;\"><span style=\"color: #000000;\"><span style=\"font-size: medium;\">L. Delpech reconnaissait le carac\u00adt\u00e8re et l&rsquo;\u00e9troitesse d&rsquo;esprit des cher\u00adcheurs dits universitaires ou du C.N.R.S. Il en parlait d&rsquo;autant mieux qu&rsquo;il citait son ami Gaston Berger d\u00e9c\u00e9d\u00e9 il y a environ 15 ans, ancien directeur de l&rsquo;Enseignement Sup\u00e9\u00adrieur, qui lui aussi avait bien jug\u00e9 la transformation acc\u00e9l\u00e9r\u00e9e de l&rsquo;esprit de chercheur en \u00ab\u00a0position bourgeoise s\u00e9curisante\u00a0\u00bb, pour beaucoup de gens de ces organismes.<\/span><\/span><\/p>\n<p style=\"text-align: justify;\"><span style=\"color: #000000;\"><span style=\"font-size: medium;\">Peut-\u00eatre son ouvrage et ses articles entrepris seront-ils termin\u00e9s et publi\u00e9s ?<\/span><\/span><\/p>\n","protected":false},"excerpt":{"rendered":"<p>(Revue Arkologie. No 2. F\u00e9vrier 1987) Texte r\u00e9dig\u00e9 par son \u00e9pouse et sa fille N\u00e9 \u00e0 Alger le 5 mars 1908. Brillantes \u00e9tudes universitai\u00adres \u00e0 Aix-en-Provence o\u00f9 il aura pour ma\u00eetres M. Blondel et J. Paliard avec lesquels il \u00e9tablira des rapports d&rsquo;amiti\u00e9 et d&rsquo;\u00e9changes intellectuels ; puis \u00e0 Paris o\u00f9 il suit les cours [&hellip;]<\/p>\n","protected":false},"author":2,"featured_media":9185,"comment_status":"closed","ping_status":"closed","sticky":false,"template":"","format":"standard","meta":{"footnotes":""},"categories":[725,558],"tags":[],"class_list":["post-17673","post","type-post","status-publish","format-standard","has-post-thumbnail","hentry","category-delpech-l-j","category-portrait"],"yoast_head":"<!-- This site is optimized with the Yoast SEO plugin v27.0 - https:\/\/yoast.com\/product\/yoast-seo-wordpress\/ -->\n<title>Hommage \u00e0 L\u00e9on Delpech - 3e mill\u00e9naire - Spiritualit\u00e9 - Connaissance de soi - Non-dualit\u00e9 - M\u00e9ditation<\/title>\n<meta name=\"robots\" content=\"index, follow, max-snippet:-1, max-image-preview:large, max-video-preview:-1\" \/>\n<link rel=\"canonical\" href=\"https:\/\/www.revue3emillenaire.com\/blog\/hommage-a-leon-delpech\/\" \/>\n<meta property=\"og:locale\" content=\"fr_FR\" \/>\n<meta property=\"og:type\" content=\"article\" \/>\n<meta property=\"og:title\" content=\"Hommage \u00e0 L\u00e9on Delpech - 3e mill\u00e9naire - Spiritualit\u00e9 - Connaissance de soi - Non-dualit\u00e9 - M\u00e9ditation\" \/>\n<meta property=\"og:description\" content=\"(Revue Arkologie. No 2. F\u00e9vrier 1987) Texte r\u00e9dig\u00e9 par son \u00e9pouse et sa fille N\u00e9 \u00e0 Alger le 5 mars 1908. Brillantes \u00e9tudes universitai\u00adres \u00e0 Aix-en-Provence o\u00f9 il aura pour ma\u00eetres M. Blondel et J. Paliard avec lesquels il \u00e9tablira des rapports d&rsquo;amiti\u00e9 et d&rsquo;\u00e9changes intellectuels ; puis \u00e0 Paris o\u00f9 il suit les cours [&hellip;]\" \/>\n<meta property=\"og:url\" content=\"https:\/\/www.revue3emillenaire.com\/blog\/hommage-a-leon-delpech\/\" \/>\n<meta property=\"og:site_name\" content=\"3e mill\u00e9naire - Spiritualit\u00e9 - Connaissance de soi - Non-dualit\u00e9 - M\u00e9ditation\" \/>\n<meta property=\"article:published_time\" content=\"2017-12-17T13:48:58+00:00\" \/>\n<meta property=\"og:image\" content=\"https:\/\/www.revue3emillenaire.com\/blog\/wp-content\/uploads\/2010\/10\/Delpech2-e1511562876636.jpg\" \/>\n\t<meta property=\"og:image:width\" content=\"200\" \/>\n\t<meta property=\"og:image:height\" content=\"245\" \/>\n\t<meta property=\"og:image:type\" content=\"image\/jpeg\" \/>\n<meta name=\"author\" content=\"3e mill\u00e9naire\" \/>\n<meta name=\"twitter:card\" content=\"summary_large_image\" \/>\n<meta name=\"twitter:label1\" content=\"\u00c9crit par\" \/>\n\t<meta name=\"twitter:data1\" content=\"3e mill\u00e9naire\" \/>\n\t<meta name=\"twitter:label2\" content=\"Dur\u00e9e de lecture estim\u00e9e\" \/>\n\t<meta name=\"twitter:data2\" content=\"6 minutes\" \/>\n<script type=\"application\/ld+json\" class=\"yoast-schema-graph\">{\"@context\":\"https:\/\/schema.org\",\"@graph\":[{\"@type\":\"Article\",\"@id\":\"https:\/\/www.revue3emillenaire.com\/blog\/hommage-a-leon-delpech\/#article\",\"isPartOf\":{\"@id\":\"https:\/\/www.revue3emillenaire.com\/blog\/hommage-a-leon-delpech\/\"},\"author\":{\"name\":\"3e mill\u00e9naire\",\"@id\":\"https:\/\/www.revue3emillenaire.com\/blog\/#\/schema\/person\/b692dacff720a5344a6190bc714397eb\"},\"headline\":\"Hommage \u00e0 L\u00e9on Delpech\",\"datePublished\":\"2017-12-17T13:48:58+00:00\",\"mainEntityOfPage\":{\"@id\":\"https:\/\/www.revue3emillenaire.com\/blog\/hommage-a-leon-delpech\/\"},\"wordCount\":1263,\"image\":{\"@id\":\"https:\/\/www.revue3emillenaire.com\/blog\/hommage-a-leon-delpech\/#primaryimage\"},\"thumbnailUrl\":\"https:\/\/www.revue3emillenaire.com\/blog\/wp-content\/uploads\/2010\/10\/Delpech2-e1511562876636.jpg\",\"articleSection\":[\"Delpech L.-J.\",\"Portrait\"],\"inLanguage\":\"fr-FR\"},{\"@type\":\"WebPage\",\"@id\":\"https:\/\/www.revue3emillenaire.com\/blog\/hommage-a-leon-delpech\/\",\"url\":\"https:\/\/www.revue3emillenaire.com\/blog\/hommage-a-leon-delpech\/\",\"name\":\"Hommage \u00e0 L\u00e9on Delpech - 3e mill\u00e9naire - Spiritualit\u00e9 - Connaissance de soi - Non-dualit\u00e9 - M\u00e9ditation\",\"isPartOf\":{\"@id\":\"https:\/\/www.revue3emillenaire.com\/blog\/#website\"},\"primaryImageOfPage\":{\"@id\":\"https:\/\/www.revue3emillenaire.com\/blog\/hommage-a-leon-delpech\/#primaryimage\"},\"image\":{\"@id\":\"https:\/\/www.revue3emillenaire.com\/blog\/hommage-a-leon-delpech\/#primaryimage\"},\"thumbnailUrl\":\"https:\/\/www.revue3emillenaire.com\/blog\/wp-content\/uploads\/2010\/10\/Delpech2-e1511562876636.jpg\",\"datePublished\":\"2017-12-17T13:48:58+00:00\",\"author\":{\"@id\":\"https:\/\/www.revue3emillenaire.com\/blog\/#\/schema\/person\/b692dacff720a5344a6190bc714397eb\"},\"breadcrumb\":{\"@id\":\"https:\/\/www.revue3emillenaire.com\/blog\/hommage-a-leon-delpech\/#breadcrumb\"},\"inLanguage\":\"fr-FR\",\"potentialAction\":[{\"@type\":\"ReadAction\",\"target\":[\"https:\/\/www.revue3emillenaire.com\/blog\/hommage-a-leon-delpech\/\"]}]},{\"@type\":\"ImageObject\",\"inLanguage\":\"fr-FR\",\"@id\":\"https:\/\/www.revue3emillenaire.com\/blog\/hommage-a-leon-delpech\/#primaryimage\",\"url\":\"https:\/\/www.revue3emillenaire.com\/blog\/wp-content\/uploads\/2010\/10\/Delpech2-e1511562876636.jpg\",\"contentUrl\":\"https:\/\/www.revue3emillenaire.com\/blog\/wp-content\/uploads\/2010\/10\/Delpech2-e1511562876636.jpg\",\"width\":200,\"height\":245,\"caption\":\"L.-J. Delpech (1908-1986)\"},{\"@type\":\"BreadcrumbList\",\"@id\":\"https:\/\/www.revue3emillenaire.com\/blog\/hommage-a-leon-delpech\/#breadcrumb\",\"itemListElement\":[{\"@type\":\"ListItem\",\"position\":1,\"name\":\"Accueil\",\"item\":\"https:\/\/www.revue3emillenaire.com\/blog\/\"},{\"@type\":\"ListItem\",\"position\":2,\"name\":\"Hommage \u00e0 L\u00e9on Delpech\"}]},{\"@type\":\"WebSite\",\"@id\":\"https:\/\/www.revue3emillenaire.com\/blog\/#website\",\"url\":\"https:\/\/www.revue3emillenaire.com\/blog\/\",\"name\":\"3e mill\u00e9naire - Spiritualit\u00e9 - Connaissance de soi - Non-dualit\u00e9 - M\u00e9ditation\",\"description\":\"L&#039;Homme en devenir\",\"potentialAction\":[{\"@type\":\"SearchAction\",\"target\":{\"@type\":\"EntryPoint\",\"urlTemplate\":\"https:\/\/www.revue3emillenaire.com\/blog\/?s={search_term_string}\"},\"query-input\":{\"@type\":\"PropertyValueSpecification\",\"valueRequired\":true,\"valueName\":\"search_term_string\"}}],\"inLanguage\":\"fr-FR\"},{\"@type\":\"Person\",\"@id\":\"https:\/\/www.revue3emillenaire.com\/blog\/#\/schema\/person\/b692dacff720a5344a6190bc714397eb\",\"name\":\"3e mill\u00e9naire\",\"url\":\"https:\/\/www.revue3emillenaire.com\/blog\/author\/scoussa\/\"}]}<\/script>\n<!-- \/ Yoast SEO plugin. -->","yoast_head_json":{"title":"Hommage \u00e0 L\u00e9on Delpech - 3e mill\u00e9naire - Spiritualit\u00e9 - Connaissance de soi - Non-dualit\u00e9 - M\u00e9ditation","robots":{"index":"index","follow":"follow","max-snippet":"max-snippet:-1","max-image-preview":"max-image-preview:large","max-video-preview":"max-video-preview:-1"},"canonical":"https:\/\/www.revue3emillenaire.com\/blog\/hommage-a-leon-delpech\/","og_locale":"fr_FR","og_type":"article","og_title":"Hommage \u00e0 L\u00e9on Delpech - 3e mill\u00e9naire - Spiritualit\u00e9 - Connaissance de soi - Non-dualit\u00e9 - M\u00e9ditation","og_description":"(Revue Arkologie. No 2. F\u00e9vrier 1987) Texte r\u00e9dig\u00e9 par son \u00e9pouse et sa fille N\u00e9 \u00e0 Alger le 5 mars 1908. Brillantes \u00e9tudes universitai\u00adres \u00e0 Aix-en-Provence o\u00f9 il aura pour ma\u00eetres M. Blondel et J. Paliard avec lesquels il \u00e9tablira des rapports d&rsquo;amiti\u00e9 et d&rsquo;\u00e9changes intellectuels ; puis \u00e0 Paris o\u00f9 il suit les cours [&hellip;]","og_url":"https:\/\/www.revue3emillenaire.com\/blog\/hommage-a-leon-delpech\/","og_site_name":"3e mill\u00e9naire - Spiritualit\u00e9 - Connaissance de soi - Non-dualit\u00e9 - M\u00e9ditation","article_published_time":"2017-12-17T13:48:58+00:00","og_image":[{"width":200,"height":245,"url":"https:\/\/www.revue3emillenaire.com\/blog\/wp-content\/uploads\/2010\/10\/Delpech2-e1511562876636.jpg","type":"image\/jpeg"}],"author":"3e mill\u00e9naire","twitter_card":"summary_large_image","twitter_misc":{"\u00c9crit par":"3e mill\u00e9naire","Dur\u00e9e de lecture estim\u00e9e":"6 minutes"},"schema":{"@context":"https:\/\/schema.org","@graph":[{"@type":"Article","@id":"https:\/\/www.revue3emillenaire.com\/blog\/hommage-a-leon-delpech\/#article","isPartOf":{"@id":"https:\/\/www.revue3emillenaire.com\/blog\/hommage-a-leon-delpech\/"},"author":{"name":"3e mill\u00e9naire","@id":"https:\/\/www.revue3emillenaire.com\/blog\/#\/schema\/person\/b692dacff720a5344a6190bc714397eb"},"headline":"Hommage \u00e0 L\u00e9on Delpech","datePublished":"2017-12-17T13:48:58+00:00","mainEntityOfPage":{"@id":"https:\/\/www.revue3emillenaire.com\/blog\/hommage-a-leon-delpech\/"},"wordCount":1263,"image":{"@id":"https:\/\/www.revue3emillenaire.com\/blog\/hommage-a-leon-delpech\/#primaryimage"},"thumbnailUrl":"https:\/\/www.revue3emillenaire.com\/blog\/wp-content\/uploads\/2010\/10\/Delpech2-e1511562876636.jpg","articleSection":["Delpech L.-J.","Portrait"],"inLanguage":"fr-FR"},{"@type":"WebPage","@id":"https:\/\/www.revue3emillenaire.com\/blog\/hommage-a-leon-delpech\/","url":"https:\/\/www.revue3emillenaire.com\/blog\/hommage-a-leon-delpech\/","name":"Hommage \u00e0 L\u00e9on Delpech - 3e mill\u00e9naire - Spiritualit\u00e9 - Connaissance de soi - Non-dualit\u00e9 - M\u00e9ditation","isPartOf":{"@id":"https:\/\/www.revue3emillenaire.com\/blog\/#website"},"primaryImageOfPage":{"@id":"https:\/\/www.revue3emillenaire.com\/blog\/hommage-a-leon-delpech\/#primaryimage"},"image":{"@id":"https:\/\/www.revue3emillenaire.com\/blog\/hommage-a-leon-delpech\/#primaryimage"},"thumbnailUrl":"https:\/\/www.revue3emillenaire.com\/blog\/wp-content\/uploads\/2010\/10\/Delpech2-e1511562876636.jpg","datePublished":"2017-12-17T13:48:58+00:00","author":{"@id":"https:\/\/www.revue3emillenaire.com\/blog\/#\/schema\/person\/b692dacff720a5344a6190bc714397eb"},"breadcrumb":{"@id":"https:\/\/www.revue3emillenaire.com\/blog\/hommage-a-leon-delpech\/#breadcrumb"},"inLanguage":"fr-FR","potentialAction":[{"@type":"ReadAction","target":["https:\/\/www.revue3emillenaire.com\/blog\/hommage-a-leon-delpech\/"]}]},{"@type":"ImageObject","inLanguage":"fr-FR","@id":"https:\/\/www.revue3emillenaire.com\/blog\/hommage-a-leon-delpech\/#primaryimage","url":"https:\/\/www.revue3emillenaire.com\/blog\/wp-content\/uploads\/2010\/10\/Delpech2-e1511562876636.jpg","contentUrl":"https:\/\/www.revue3emillenaire.com\/blog\/wp-content\/uploads\/2010\/10\/Delpech2-e1511562876636.jpg","width":200,"height":245,"caption":"L.-J. Delpech (1908-1986)"},{"@type":"BreadcrumbList","@id":"https:\/\/www.revue3emillenaire.com\/blog\/hommage-a-leon-delpech\/#breadcrumb","itemListElement":[{"@type":"ListItem","position":1,"name":"Accueil","item":"https:\/\/www.revue3emillenaire.com\/blog\/"},{"@type":"ListItem","position":2,"name":"Hommage \u00e0 L\u00e9on Delpech"}]},{"@type":"WebSite","@id":"https:\/\/www.revue3emillenaire.com\/blog\/#website","url":"https:\/\/www.revue3emillenaire.com\/blog\/","name":"3e mill\u00e9naire - Spiritualit\u00e9 - Connaissance de soi - Non-dualit\u00e9 - M\u00e9ditation","description":"L&#039;Homme en devenir","potentialAction":[{"@type":"SearchAction","target":{"@type":"EntryPoint","urlTemplate":"https:\/\/www.revue3emillenaire.com\/blog\/?s={search_term_string}"},"query-input":{"@type":"PropertyValueSpecification","valueRequired":true,"valueName":"search_term_string"}}],"inLanguage":"fr-FR"},{"@type":"Person","@id":"https:\/\/www.revue3emillenaire.com\/blog\/#\/schema\/person\/b692dacff720a5344a6190bc714397eb","name":"3e mill\u00e9naire","url":"https:\/\/www.revue3emillenaire.com\/blog\/author\/scoussa\/"}]}},"_links":{"self":[{"href":"https:\/\/www.revue3emillenaire.com\/blog\/wp-json\/wp\/v2\/posts\/17673","targetHints":{"allow":["GET"]}}],"collection":[{"href":"https:\/\/www.revue3emillenaire.com\/blog\/wp-json\/wp\/v2\/posts"}],"about":[{"href":"https:\/\/www.revue3emillenaire.com\/blog\/wp-json\/wp\/v2\/types\/post"}],"author":[{"embeddable":true,"href":"https:\/\/www.revue3emillenaire.com\/blog\/wp-json\/wp\/v2\/users\/2"}],"replies":[{"embeddable":true,"href":"https:\/\/www.revue3emillenaire.com\/blog\/wp-json\/wp\/v2\/comments?post=17673"}],"version-history":[{"count":0,"href":"https:\/\/www.revue3emillenaire.com\/blog\/wp-json\/wp\/v2\/posts\/17673\/revisions"}],"wp:featuredmedia":[{"embeddable":true,"href":"https:\/\/www.revue3emillenaire.com\/blog\/wp-json\/wp\/v2\/media\/9185"}],"wp:attachment":[{"href":"https:\/\/www.revue3emillenaire.com\/blog\/wp-json\/wp\/v2\/media?parent=17673"}],"wp:term":[{"taxonomy":"category","embeddable":true,"href":"https:\/\/www.revue3emillenaire.com\/blog\/wp-json\/wp\/v2\/categories?post=17673"},{"taxonomy":"post_tag","embeddable":true,"href":"https:\/\/www.revue3emillenaire.com\/blog\/wp-json\/wp\/v2\/tags?post=17673"}],"curies":[{"name":"wp","href":"https:\/\/api.w.org\/{rel}","templated":true}]}}