{"id":17710,"date":"2018-02-23T05:05:15","date_gmt":"2018-02-23T04:05:15","guid":{"rendered":"http:\/\/www.revue3emillenaire.com\/blog\/?p=17710"},"modified":"2018-02-23T05:05:15","modified_gmt":"2018-02-23T04:05:15","slug":"liris-lotus-henri-hartung","status":"publish","type":"post","link":"https:\/\/www.revue3emillenaire.com\/blog\/liris-lotus-henri-hartung\/","title":{"rendered":"L&rsquo;Iris &#038; le Lotus par Henri Hartung"},"content":{"rendered":"<p style=\"text-align: left;\" align=\"center\">(Extrait de L\u2019Iris et le Lotus 1985)<\/p>\n<p class=\"western\" align=\"center\"><span style=\"color: #000000;\"><span style=\"font-size: medium;\"><span lang=\"fr-FR\"><b>L&rsquo;Iris<\/b><\/span><\/span><\/span><\/p>\n<p class=\"western\" align=\"justify\"><span style=\"color: #000000;\"><span style=\"font-size: medium;\"><span lang=\"fr-FR\">Symbole du lien entre la terre et le ciel, entre les hommes et les dieux, cette fleur rev\u00eatue d&rsquo;un voile aux couleurs de l&rsquo;arc-en-ciel, repr\u00e9sente le travail effectu\u00e9 sur soi-m\u00eame pour retrouver dans l&rsquo;existence journali\u00e8re ce qui fait que toute personne est une image de Dieu. La Voie, n&rsquo;est-ce-pas d&rsquo;abord de vivre au mieux notre quotidien ?<\/span><\/span><\/span><\/p>\n<p class=\"western\" align=\"justify\"><span style=\"color: #000000;\"><span style=\"font-size: medium;\"><span lang=\"fr-FR\">Je ne me rends que trop bien compte, au moment d&rsquo;aborder ce chapitre, des pi\u00e8ges qui attendent tout m\u00e9morialiste : analyser des \u00e9v\u00e9nements anciens avec les outils dont je dispose aujourd&rsquo;hui ou embellir des comportements pass\u00e9s. Impossible d&rsquo;\u00e9viter compl\u00e8tement le premier de ces dangers. Quant au second, la r\u00e9alit\u00e9 des faits en limite malgr\u00e9 tout les effets.<\/span><\/span><\/span><\/p>\n<p class=\"western\" align=\"justify\"><span style=\"color: #000000;\"><span style=\"font-size: medium;\"><span lang=\"fr-FR\">De toute mani\u00e8re, mon propos n&rsquo;est pas ici de raconter ma vie, mais de d\u00e9gager de son d\u00e9roulement jusqu&rsquo;\u00e0 ce jour quelques \u00e9l\u00e9ments de r\u00e9flexion concernant mon, c&rsquo;est-\u00e0-dire un, cheminement spirituel au sein de la soci\u00e9t\u00e9 moderne, celle-ci \u00e9tant ce qu&rsquo;elle est.<\/span><\/span><\/span><\/p>\n<p class=\"western\" align=\"justify\"><span style=\"color: #000000;\"><span style=\"font-size: medium;\"><span lang=\"fr-FR\">Avec ce souci, sans doute trop abstrait et en tout cas tr\u00e8s intellectuel, de trouver des mots-clefs, j&rsquo;ai tendance \u00e0 le caract\u00e9riser par le concept d&rsquo;autonomie. Mais, bien s\u00fbr, j&rsquo;\u00e9cris cela aujourd&rsquo;hui.<\/span><\/span><\/span><\/p>\n<p class=\"western\" align=\"justify\"><span style=\"color: #000000;\"><span style=\"font-size: medium;\"><span lang=\"fr-FR\">\u00ab Droit de se gouverner par ses propres lois \u00bb ; \u00ab condition d&rsquo;une personne ou d&rsquo;une collectivit\u00e9 autonome, c&rsquo;est-\u00e0-dire qui d\u00e9termine elle-m\u00eame la loi \u00e0 laquelle elle se soumet \u00bb. Ainsi, que ce soit le dictionnaire Robert ou le vocabulaire de la philosophie de Lalande, les deux utilisent le mot \u00ab loi \u00bb pour d\u00e9finir ce que chacun de nous ressent instinctivement comme le symbole de sa libert\u00e9. Il me faudra du temps, beaucoup de temps, pour comprendre en profondeur pourquoi. Mais je ne suis pas certain, pas certain du tout, que c&rsquo;est dans le sens indiqu\u00e9 par les deux ouvrages mentionn\u00e9s !<\/span><\/span><\/span><\/p>\n<p class=\"western\" align=\"justify\"><span style=\"color: #000000;\"><span style=\"font-size: medium;\"><span lang=\"fr-FR\">Autonomie : du grec autos, soi-m\u00eame et nomos, loi. C&rsquo;est naturellement, sans forfanterie et, sauf en une occasion, sans tension particuli\u00e8re, qu&rsquo;en plusieurs circonstances de mon adolescence, je me retrouve solitaire, sur un chemin nullement pr\u00e9par\u00e9, c&rsquo;est le moins que je puisse en \u00e9crire, par mon milieu familial. J&#8217;embellirais ce constat en ajoutant que ce f\u00fbt \u00e0 la suite d&rsquo;une analyse approfondie et gr\u00e2ce \u00e0 une force de caract\u00e8re peu commune. Si cela a \u00e9t\u00e9 n\u00e9anmoins le cas, je n&rsquo;en garde aucun souvenir, ce qui me conduit \u00e0 \u00e9carter cette gratifiante hypoth\u00e8se. Non, c&rsquo;est tranquillement, sans heurt, que je me retrouve autonome par rapport aux crit\u00e8res pourtant pr\u00e9cis de la bourgeoisie protestante et militariste.<\/span><\/span><\/span><\/p>\n<p class=\"western\" align=\"justify\"><span style=\"color: #000000;\"><span style=\"font-size: medium;\"><span lang=\"fr-FR\">Sur le plan religieux, je distingue spontan\u00e9ment ce que j&rsquo;appelle maintenant le noyau et l&rsquo;\u00e9corce. C&rsquo;est-\u00e0-dire que l&rsquo;instruction religieuse ne retient pas mon attention, mais que je me trouve \u00e0 l&rsquo;\u00e9coute de toute personne dont j&rsquo;ai la confuse impression qu&rsquo;elle \u00ab est \u00bb comme une pr\u00e9sence d&rsquo;une r\u00e9alit\u00e9 autre. Cela correspond \u00e0 ma relation avec telle de mes tantes, mal consid\u00e9r\u00e9e par ma famille pour son mutisme paisible, ou tel pasteur. Mais c&rsquo;est un \u00e9change g\u00e9n\u00e9ralement silencieux, \u00e9loign\u00e9 de tout d\u00e9bat d&rsquo;id\u00e9es comme de tout engagement \u00e0 l&rsquo;int\u00e9rieur de la paroisse. Simplement j&rsquo;y suis attentif, je m&rsquo;y sens \u00e0 l&rsquo;aise et personne ne m&rsquo;en dit mot. Le protestantisme lib\u00e9ral n&rsquo;est pas sans avantages, en tout cas dans ce domaine.<\/span><\/span><\/span><\/p>\n<p class=\"western\" align=\"justify\"><span style=\"color: #000000;\"><span style=\"font-size: medium;\"><span lang=\"fr-FR\">La pr\u00e9paration de ma carri\u00e8re, comme on dit dans ce milieu qui \u00e9tait le mien, m\u00eame si je ne m&rsquo;en apercevais gu\u00e8re, occup\u00e9 \u00e0 jouer interminablement avec des voitures de course miniatures, est d&rsquo;abord plus ali\u00e9n\u00e9e \u00e0 l&rsquo;environnement familial. Ne devais-je pas \u00e0 mon grand-p\u00e8re et \u00e0 mon p\u00e8re, tous les deux officiers et qui plus est, g\u00e9n\u00e9raux, d&rsquo;entrer dans l&rsquo;arm\u00e9e au moment o\u00f9 la politique hitl\u00e9rienne la place au-devant de la sc\u00e8ne ? Et me voil\u00e0 pr\u00e9parant Saint Cyr. Le vocabulaire militaire, moins opaque que ne le fait imaginer sa r\u00e9putation, distingue les \u00ab brutes pompi\u00e8res \u00bb, la symbolique n&rsquo;est pas toujours sacr\u00e9e, et les \u00ab fines \u00bb. Cela, au niveau des \u00e9l\u00e8ves notamment de Saint Cyr. Plus tard ceux qui rel\u00e8vent de la premi\u00e8re d\u00e9finition deviennent des \u00ab fayots \u00bb, et les autres des \u00ab gentlemen\u00a0\u00bb. J&rsquo;ignore si ce sont \u00e0 mes mauvais r\u00e9sultats que je le dois ou \u00e0 ma certitude que cette pr\u00e9paration ne sert \u00e0 rien et que j&rsquo;ai autre chose \u00e0 faire, mais je me retrouve finement d&rsquo;un certain c\u00f4t\u00e9 pour y regarder, avec \u00e9tonnement, les travailleurs acharn\u00e9s effectu\u00e9 un travail impressionnant. Et c&rsquo;est paisiblement, malgr\u00e9 la temp\u00eate qui vient de s&rsquo;abattre sur la France, que j&rsquo;apprends l&rsquo;annulation du concours militaire et que je prends le chemin de l&rsquo;Universit\u00e9. L\u00e0 aussi, le lib\u00e9ralisme joint \u00e0 la gentillesse naturelle de mes parents, me rend un signal\u00e9 service, car c&rsquo;est avec stupeur qu&rsquo;ils apprennent ma d\u00e9cision. Il est vrai qu&rsquo;un g\u00e9n\u00e9ral fran\u00e7ais, pendant l&rsquo;\u00e9t\u00e9 1940, s&rsquo;il n&rsquo;\u00e9tait pas \u00e0 Londres, avait peu de choses \u00e0 redire.<\/span><\/span><\/span><\/p>\n<p class=\"western\" align=\"justify\"><span style=\"color: #000000;\"><span style=\"font-size: medium;\"><span lang=\"fr-FR\">Il s&rsquo;exprime malgr\u00e9 tout lorsque, non content de commencer des \u00e9tudes de lettres, j&rsquo;entre dans un groupe de r\u00e9sistance et vilipende \u00e0 longueur de repas l&rsquo;homme de Vichy. C&rsquo;en est trop et cela vaut \u00e0 ma famille de vivre une de ces sc\u00e8nes th\u00e9\u00e2trales de r\u00e9pudiation du mauvais fils qui, sans \u00eatre fr\u00e9quentes, ne se d\u00e9roulaient pas moins de temps en temps pendant ce triste hiver 1941. Tout-\u00e0-fait la \u00ab mal\u00e9diction paternelle \u00bb de Greuze !<\/span><\/span><\/span><\/p>\n<p class=\"western\" align=\"justify\"><span style=\"color: #000000;\"><span style=\"font-size: medium;\"><span lang=\"fr-FR\">Chr\u00e9tien de sensibilit\u00e9, mais non d&rsquo;institution, litt\u00e9raire un peu perdu en milieu militaire, r\u00e9sistant au sein d&rsquo;une famille conformiste, il manque une ultime diff\u00e9rence. Elle est arriv\u00e9e, mais cette fois-ci, comme la foudre, avec un livre de Ren\u00e9 Gu\u00e9non qui me pr\u00e9cipite de tous ces petits combats, y compris celui du maquis, vers le seul qui soit totalement digne d&rsquo;\u00eatre v\u00e9cu : la grande guerre sainte, celle que je m\u00e8ne contre moi-m\u00eame. Que reste-t-il de mon environnement culturel et religieux ?<\/span><\/span><\/span><\/p>\n<p class=\"western\" align=\"justify\"><span style=\"color: #000000;\"><span style=\"font-size: medium;\"><span lang=\"fr-FR\">Ce chemin de mon autonomie, si je le commence aussi naturellement c&rsquo;est bien \u00e0 ma m\u00e8re que je le dois. Elle avait l&rsquo;intuition qu&rsquo;une autre approche de l&rsquo;existence \u00e9tait possible, mais ne pouvait \u00e0 elle seule, \u00e9tant d&rsquo;une g\u00e9n\u00e9ration sans r\u00e9f\u00e9rence solide, trouver une Voie significative. Elle avait le sens de la rigueur sans aucun moralisme de fa\u00e7ade et le message de Gandhi l&rsquo;avait touch\u00e9e. Son influence \u00e9tait trop pr\u00e9gnante dans le milieu familial pour que je ne b\u00e9n\u00e9ficie pas, lors de mes \u00ab ruptures \u00bb successives, de son affection aussi profonde que protectrice. N&rsquo;avoir pu lui apporter le t\u00e9moignage du Maharshi, elle est morte pendant mon premier voyage en Extr\u00eame-Orient, reste pour moi un regret permanent. Mais elle l&rsquo;aura re\u00e7u autrement.<\/span><\/span><\/span><\/p>\n<p class=\"western\" align=\"justify\"><span style=\"color: #000000;\"><span style=\"font-size: medium;\"><span lang=\"fr-FR\">C&rsquo;est donc sans effort particulier que je reste fid\u00e8le \u00e0 cette intuition qui me conduit \u00e0 \u00e9viter toutes les tentations d&rsquo;un conservatisme religieux, culturel et politique. Je suis bien incapable, pendant toute cette p\u00e9riode de pr\u00e9paration, le premier \u00e2ge canonique hindou, brahmac\u00e2rin, ou \u00e9tat de l&rsquo;\u00e9tudiant, de pr\u00e9voir \u00e0 l&rsquo;avance ce que je dois accepter ou refuser. Simplement, j&rsquo;accepte ou je refuse. Je sors donc de cette \u00e9poque sans situation stable, seul objectif pourtant valable pour mon entourage, mais riche d&rsquo;un nombre impressionnant d&rsquo;exp\u00e9riences que je laisse p\u00e9n\u00e9trer en moi et d&rsquo;amiti\u00e9s aussi vari\u00e9es que formatrices. N&rsquo;ai-je pas de cette fa\u00e7on v\u00e9cu au mieux un apprentissage de cette r\u00e9alit\u00e9 autre que je devine derri\u00e8re les mots de Gu\u00e9non ? Je me suis \u00e9galement interrog\u00e9 sur le caract\u00e8re de mes rencontres et sur leur aspect humainement spectaculaire que n&rsquo;explique pas seul un moment exceptionnel de l&rsquo;histoire fran\u00e7aise. Je risque une explication sur ces relations souvent affectueuses et toujours authentiques avec des personnalit\u00e9s \u00e9minentes de cette soci\u00e9t\u00e9 que, par ailleurs, je rejetais par le simple fait de n&rsquo;y pas entrer. Voil\u00e0 justement mon interpr\u00e9tation : trop au fait du monde pour ne pas s&rsquo;apercevoir de mon d\u00e9sengagement total, parce qu&rsquo;int\u00e9rieur, vis-\u00e0-vis du jeu politique et social, ces hommes et ces femmes peuvent enfin \u00eatre eux-m\u00eames avec quelqu&rsquo;un qui ne les juge ni ne les menace. Le masque tombe, l&rsquo;autonomie rena\u00eet, l&rsquo;\u00e9change est imm\u00e9diatement vrai. Rien de cach\u00e9, pas de projet. Une v\u00e9ritable relation humaine invers\u00e9e par rapport \u00e0 celle v\u00e9cue dans le monde moderne. Est-ce cela un cheminement spirituel ? Je ne le pense pas, mais je sais, par contre, le prix de cette formation autrement r\u00e9elle que celle acquise dans les \u00e9coles. Je ne l&rsquo;oublierai pas quand mes enfants arriveront \u00e0 la fin de leur enfance, au d\u00e9but de leur adolescence. Comme je m&rsquo;en souviendrai au moment o\u00f9 s&rsquo;impose \u00e0 moi la n\u00e9cessit\u00e9 de comprendre les m\u00e9canismes de la soci\u00e9t\u00e9 afin de ne pas m&rsquo;\u00e9carter de celle-ci tout en m&rsquo;engageant sur une Voie spirituelle.<\/span><\/span><\/span><\/p>\n<p class=\"western\" align=\"justify\"><span style=\"color: #000000;\"><span style=\"font-size: medium;\"><span lang=\"fr-FR\">Mon entr\u00e9e dans le deuxi\u00e8me \u00e2ge canonique \u2013 grihastha ou \u00e9tat de chef de famille \u2013 ne s&rsquo;effectue pas, cette fois-ci, dans la tranquillit\u00e9. Coup sur coup, en effet, le message de Gu\u00e9non se concr\u00e9tise en des lieux et surtout en une personne.<\/span><\/span><\/span><\/p>\n<p class=\"western\" align=\"justify\"><span style=\"color: #000000;\"><span style=\"font-size: medium;\"><span lang=\"fr-FR\">Charg\u00e9 de mission par le gouvernement je me retrouve en Extr\u00eame-Orient. Je devais ni plus ni moins, \u00e0 vingt-quatre ans, pr\u00e9parer un rapport pour le g\u00e9n\u00e9ral de Gaulle sur \u00ab un certain Mao-Tse-Toung \u00bb. Il est vrai qu&rsquo;\u00e0 cette \u00e9poque de bouleversement total le Pr\u00e9sident du gouvernement provisoire de la R\u00e9publique fran\u00e7aise n&rsquo;avait pas beaucoup de choix et envoyait en Asie qui il trouvait, pourvu qu&rsquo;il soit volontaire, qu&rsquo;il distingue l&rsquo;Est de l&rsquo;Ouest et n&rsquo;ignore pas le mot, et le fait, r\u00e9sistance.<\/span><\/span><\/span><\/p>\n<p class=\"western\" align=\"justify\"><span style=\"color: #000000;\"><span style=\"font-size: medium;\"><span lang=\"fr-FR\">Et me voil\u00e0 projet\u00e9 dans cet univers \u00ab traditionnel \u00bb, dans cette Inde que je pourrais bient\u00f4t qualifier de patrie spirituelle si cette expression de patriotisme m\u00e9taphysique n&rsquo;\u00e9tait pas d\u00e9pourvue de sens. Me voil\u00e0 chevauchant les sentiers himalayens :<\/span><\/span><\/span><\/p>\n<p class=\"western\" align=\"justify\"><span style=\"color: #000000;\"><span style=\"font-size: medium;\"><span lang=\"fr-FR\">\u00ab J&rsquo;ai trop parl\u00e9, le Tibet sait se taire le Tibet sait marcher au-dessus de la terre. \u00bb<\/span><\/span><\/span><\/p>\n<p class=\"western\" align=\"justify\"><span style=\"color: #000000;\"><span style=\"font-size: medium;\"><span lang=\"fr-FR\">Me voil\u00e0 confront\u00e9 \u00e0 la force profonde du monde asiatique, secret, implacable, aussi extraordinairement compliqu\u00e9 que d&rsquo;une simplicit\u00e9 abyssale. Me voil\u00e0 en pr\u00e9sence de Ramana Maharshi.<\/span><\/span><\/span><\/p>\n<p class=\"western\" align=\"justify\"><span style=\"color: #000000;\"><span style=\"font-size: medium;\"><span lang=\"fr-FR\">Ce que je comprends encore mal aujourd&rsquo;hui, c&rsquo;est mon acceptation spontan\u00e9e de cette succession de s\u00e9ismes, commenc\u00e9e dans le Vercors et termin\u00e9e \u00e0 Tiruvannamalai. Est-ce parce que je suis autonome ? Mais par rapport \u00e0 qui ? \u00e0 quoi ? Certainement vis-\u00e0-vis d&rsquo;un cadre religieux impos\u00e9 de l&rsquo;ext\u00e9rieur, d&rsquo;une carri\u00e8re induite par ma position sociale et d&rsquo;un engagement politique inspir\u00e9 par les privil\u00e8ges, ou d&rsquo;ailleurs les inconv\u00e9nients, de mon milieu familial. Pour entendre, aujourd&rsquo;hui depuis si longtemps, un si grand nombre de personnes m&rsquo;exposer, par rapport au message traditionnel, leurs freins religieux, professionnels et familiaux, je me rends bien compte du privil\u00e8ge qui fut le mien, entre quinze et vingt-cinq ans, de les avoir ignor\u00e9s en grande partie. Mais je sais aussi, sinon \u00e0 quoi bon \u00e9crire tout cela, qu&rsquo;un point de vue autonome, je le qualifie parfois d&rsquo;adulte, se pr\u00e9pare, se travaille, s&rsquo;approfondit. La libert\u00e9 int\u00e9rieure peut toujours vous \u00eatre reprise, \u00e0 un moment o\u00f9 \u00e0 un autre et ce n&rsquo;est pas par hasard \u2013 mais qui ne sait qu&rsquo;il n&rsquo;existe pas ? \u2013 que les textes traditionnels insistent sur la notion d&rsquo;attention.<\/span><\/span><\/span><\/p>\n<p class=\"western\" align=\"justify\"><span style=\"color: #000000;\"><span style=\"font-size: medium;\"><span lang=\"fr-FR\">Au fond, et je ne suis pas s\u00fbr qu&rsquo;il y ait un enseignement plus d\u00e9cisif que celui-ci, tout \u2013 disons, presque tout \u2013 repose sur la place respective que chacun de nous donne au spirituel, au politique, au professionnel, au familial et \u00e0 bien d&rsquo;autres aspects encore. Il y a comme une organisation interne de notre personnalit\u00e9 qui se met en place en fonction de nos propres priorit\u00e9s. Je peux exprimer cela d&rsquo;une autre mani\u00e8re en pla\u00e7ant la pratique spirituelle \u00ab comme \u00bb vie quotidienne et non \u00ab dans \u00bb celle-ci. Cette premi\u00e8re formulation indique bien que la recherche int\u00e9rieure n&rsquo;est pas un am\u00e9nagement, \u00e0 la limite celui de notre emploi du temps, une activit\u00e9 parmi d&rsquo;autres. Elle est, le reste vient de surcro\u00eet. Pour certains, ce constat est une \u00e9vidence et tout, pour eux, se met en place naturellement. Pour d&rsquo;autres, c&rsquo;est moins simple. Aussi, me faut-il pr\u00e9ciser deux \u00e9l\u00e9ments dont l&rsquo;importance peut \u00eatre centrale.<\/span><\/span><\/span><\/p>\n<p class=\"western\" align=\"justify\"><span style=\"color: #000000;\"><span style=\"font-size: medium;\"><span lang=\"fr-FR\">D&rsquo;abord, celui que j&rsquo;\u00e9voque ici m\u00eame des \u00e2ges canoniques. L&rsquo;Eccl\u00e9siaste nous le rappelle\u00a0: \u00ab Il y a un temps pour tout \u00bb. Ces stades successifs de l&rsquo;existence explicitent la notion de jalonnements, sortes de points de rep\u00e8re plac\u00e9s le long de notre route, comme ils confirment celle de cheminement. Un \u00eatre humain se construit, comme une cath\u00e9drale, de la base au sommet, de la naissance \u00e0 la mort.<\/span><\/span><\/span><\/p>\n<p class=\"western\" align=\"justify\"><span style=\"color: #000000;\"><span style=\"font-size: medium;\"><span lang=\"fr-FR\">Je sais bien qu&rsquo;un grand nombre de saints et de sages n&rsquo;attendent pas leur vieillesse, et heureusement, pour se consacrer \u00e0 la pri\u00e8re et \u00e0 la m\u00e9ditation. Comme je n&rsquo;ignore par qu&rsquo;une quantit\u00e9 encore bien plus grande de gens, et malheureusement, ne s&rsquo;interrogent jamais sur Qui ils sont. Mais ces \u00e9tapes ainsi indiqu\u00e9es apparaissent n\u00e9anmoins comme un rappel destin\u00e9 \u00e0 ceux qui ne sont pas indiff\u00e9rents \u00e0 leur r\u00e9alit\u00e9 int\u00e9rieure. Attention !<\/span><\/span><\/span><\/p>\n<p class=\"western\" align=\"justify\"><span style=\"color: #000000;\"><span style=\"font-size: medium;\"><span lang=\"fr-FR\">Ensuite, un deuxi\u00e8me \u00e9l\u00e9ment : la vie spirituelle est destin\u00e9e aux femmes et aux hommes sains, vivant pleinement tout ce qu&rsquo;ils sont et non \u00e0 celles et \u00e0 ceux qui se forcent \u00e0 l&rsquo;asc\u00e8se et au silence. Ce qui importe, c&rsquo;est une juste vision de nos moyens propres. La sur\u00e9l\u00e9vation de nos possibilit\u00e9s, comme l&rsquo;ignorance de nos limites, est une forme claire d&rsquo;orgueil et celui-ci est, toujours et partout, porteur de toutes les excentricit\u00e9s et de tous les drames humains.<\/span><\/span><\/span><\/p>\n<p class=\"western\" align=\"justify\"><span style=\"color: #000000;\"><span style=\"font-size: medium;\"><span lang=\"fr-FR\">Cela n&rsquo;est pas sans signification profonde que le deuxi\u00e8me \u00e2ge canonique traditionnel soit celui de chef de famille et que sa caract\u00e9ristique propre soit l&rsquo;insertion \u2013 et la marque \u2013 dans la soci\u00e9t\u00e9. Au m\u00eame \u00e2ge, l&rsquo;un quitte sa famille ou sa profession pour vivre en asc\u00e8te et en moine, l&rsquo;autre abandonne une existence asc\u00e9tique pour fonder un foyer ou d\u00e9velopper une entreprise. Ce sont des impond\u00e9rables li\u00e9s \u00e0 l&rsquo;ind\u00e9finit\u00e9 des sensibilit\u00e9s humaines.<\/span><\/span><\/span><\/p>\n<p class=\"western\" align=\"justify\"><span style=\"color: #000000;\"><span style=\"font-size: medium;\"><span lang=\"fr-FR\">Ma progression, quant \u00e0 elle, respecte aussi scrupuleusement les indications spirituelles qu&rsquo;elle a n\u00e9glig\u00e9 les habitudes profanes. Ce deuxi\u00e8me \u00e2ge est pour moi celui de la famille et du travail dans la soci\u00e9t\u00e9. Mais l\u00e0 aussi, attention ! La vie en couple n\u00e9cessite un accord global s&rsquo;il pr\u00e9tend durer. C&rsquo;est se montrer inutilement prude que de ne pas respecter, et ne pas en \u00eatre heureux, un accord corporel. C&rsquo;est risquer des incompr\u00e9hensions continues que de ne pas s&rsquo;accorder sur le plan culturel au sens large de ce mot ou d&rsquo;assumer des diff\u00e9rences accentu\u00e9es de sensibilit\u00e9s. C&rsquo;est enfin se condamner \u00e0 terme \u00e0 une routine sexuelle et sentimentale que de ne pas partager le sens de la recherche int\u00e9rieure, de la pri\u00e8re commune et de la construction \u00e0 l&rsquo;Unit\u00e9 de notre \u00catre. Voil\u00e0 en termes p\u00e9dagogiques le raccourci d&rsquo;un grand amour !<\/span><\/span><\/span><\/p>\n<p class=\"western\" align=\"justify\"><span style=\"color: #000000;\"><span style=\"font-size: medium;\"><span lang=\"fr-FR\">Cette union de soi-m\u00eame, elle n&rsquo;a pas \u00e9t\u00e9 facile \u00e0 vivre sur le plan professionnel. Le choix du m\u00e9tier, cela a \u00e9t\u00e9 tout seul, naturellement, apr\u00e8s le bref projet de Saint-Cyr. Je suis comme ce livre, sans doute bien lourdement, en t\u00e9moigne, un enseignant. C&rsquo;est un m\u00e9tier comme un autre, pour ne pas \u00e9crire na\u00efvement que c&rsquo;est le plus beau de tous. Encore convient-il de ne jamais oublier que dans ce travail, comme dans n&rsquo;importe quelle activit\u00e9, il y a toujours deux mouvements en sens contraire \u00e0 respecter. En premier lieu \u00ab faire \u00bb, c&rsquo;est le leitmotiv de la soci\u00e9t\u00e9 moderne. Il faut construire, fabriquer, produire, cr\u00e9er, \u00e9tablir, instituer. \u00ab Que faites-vous dans la vie ? \u00bb Mouvement centrifuge s&rsquo;il en est qui se juge donc en dehors du centre puisqu&rsquo;il se dirige vers le dehors. D&rsquo;o\u00f9 l&rsquo;importance prioritaire, quand elle n&rsquo;est pas exclusive, des fruits de l&rsquo;\u0153uvre : le produit, la forme, le salaire, les signes ext\u00e9rieurs de la richesse.<\/span><\/span><\/span><\/p>\n<p class=\"western\" align=\"justify\"><span style=\"color: #000000;\"><span style=\"font-size: medium;\"><span lang=\"fr-FR\">En second lieu, \u00ab faisant, se faire \u00bb. C&rsquo;est-\u00e0-dire se construire, se fabriquer, se cr\u00e9er soi-m\u00eame. Il y a dans chaque parole, dans chaque geste ce qui part vers l&rsquo;autre, personne ou mati\u00e8re, et ce qui change celui ou celle qui prononce ce mot et accomplit ce mouvement. C&rsquo;est la raison pour laquelle, contrairement \u00e0 ce qui se passe de nos jours dans l&rsquo;univers professionnel, il est capital de ne pas dire n&rsquo;importe quoi, de ne pas \u00ab faire \u00bb n&rsquo;importe quoi.<\/span><\/span><\/span><\/p>\n<p class=\"western\" align=\"justify\"><span style=\"color: #000000;\"><span style=\"font-size: medium;\"><span lang=\"fr-FR\">Le danger actuel, mena\u00e7ant directement ce deuxi\u00e8me aspect du travail, est de toute \u00e9vidence l&rsquo;\u00e9conomisme. Celui-ci n&rsquo;est au fond que le reflet du mat\u00e9rialisme triomphant. Il entra\u00eene dans son sillage la souveraine domination du quantitatif et explique par l\u00e0 m\u00eame l&rsquo;\u00e9chec de toutes les tentatives de r\u00e9forme d&rsquo;un tel syst\u00e8me. Ce dernier ne se modifie pas, par insertion d&rsquo;un peu de qualitatif par-ci par-l\u00e0. Il dispara\u00eet ou il se d\u00e9veloppe. Profond\u00e9ment marqu\u00e9 par la doctrine traditionnelle, j&rsquo;imagine possible de r\u00e9former de l&rsquo;int\u00e9rieur la soci\u00e9t\u00e9 en g\u00e9n\u00e9ralisant une \u00ab autre \u00bb \u00e9ducation, que nous avons appel\u00e9 permanente, \u00e0 la fin de la Deuxi\u00e8me Guerre mondiale.<\/span><\/span><\/span><\/p>\n<p class=\"western\" align=\"justify\"><span style=\"color: #000000;\"><span style=\"font-size: medium;\"><span lang=\"fr-FR\">Pour ce faire, je cr\u00e9e \u00e0 Paris l&rsquo;Institut des sciences et techniques humaines, compl\u00e8tement ind\u00e9pendant, \u00ab autonome \u00bb, ce qui permet la mise en place de programmes originaux et d&rsquo;une p\u00e9dagogie ouverte. Je ne regrette nullement cette initiative. L&rsquo;illusion, et elle n&rsquo;est gu\u00e8re excusable compte tenu de ce qu&rsquo;est le message traditionnel qui inspire l&rsquo;ensemble de mon action, fut un attachement aux r\u00e9sultats qui ne pouvait que fausser, t\u00f4t ou tard, les objectifs. Comme faire, c&rsquo;est aussi se faire, si ce que j&rsquo;entreprends n&rsquo;est pas tout \u00e0 fait clair, c&rsquo;est moi qui devient confus, en me laissant notamment entra\u00eener par la r\u00e9ussite. La crispation s&rsquo;infiltre alors \u2013 image de l&rsquo;Institut et de son \u00ab Pr\u00e9sident \u00bb, tentation du pouvoir, place pr\u00e9gnante du budget \u2013 et il faut la secousse de mai 1968 pour remettre le jeu en ordre. Ce dernier mot est ici \u00e0 sa place, o\u00f9 il rejoint la loi \u00e9voqu\u00e9e par les deux d\u00e9finitions de l&rsquo;autonomie. Le symbolisme de l&rsquo;iris du lien entre le ciel et la terre, entre Dieu et les hommes, c&rsquo;est la double notion d&rsquo;ordre et de loi qu&rsquo;il contient. Chaque Tradition repose sur un ordre cosmique et dispense une loi destin\u00e9e \u00e0 ceux qui se savent, et se veulent, plus qu&rsquo;humains. Point de vue qui est tout le contraire d&rsquo;une \u00e9nonciation orgueilleuse puisqu&rsquo;il reconna\u00eet en l&rsquo;homme une pr\u00e9sence et une force d&rsquo;une autre nature que mentale et corporelle. Ce n&rsquo;est donc pas un \u00ab moi-je \u00bb pr\u00e9tentieux et centrifuge, mais une r\u00e9ponse au \u00ab Qui suis-je ? \u00bb modeste et centrip\u00e8te. Donc, dirig\u00e9 vers le centre, vers mon centre, et porteur d&rsquo;un ordre et d&rsquo;une loi qui ne sortent ni l&rsquo;un, ni l&rsquo;autre, d&rsquo;un cerveau humain.<\/span><\/span><\/span><\/p>\n<p class=\"western\" align=\"justify\"><span style=\"color: #000000;\"><span style=\"font-size: medium;\"><span lang=\"fr-FR\">Que faut-il donc \u00ab faire \u00bb ? Sauvegarder prioritairement cet ordre \u00e0 la fois interne et externe en ne s&rsquo;\u00e9loignant pas de son centre. <\/span><\/span><\/span><span style=\"color: #000000;\"><span style=\"font-size: medium;\"><span lang=\"fr-FR\">\u00catre<\/span><\/span><\/span><span style=\"color: #000000;\"><span style=\"font-size: medium;\"><span lang=\"fr-FR\"> centr\u00e9. Rester en harmonie avec la globalit\u00e9 de mon \u00eatre. \u00ab Faire \u00bb ce que je ne peux pas ne pas faire, mais sans projection et attachement aux cons\u00e9quences. Nous sommes bien \u00e9loign\u00e9s d&rsquo;un repli frileux dans un immobilisme de pseudo-prudence. Vivre pleinement mon m\u00e9tier, parce qu&rsquo;il me correspond, aussi totalement qu&rsquo;assumer ma relation de couple et mon r\u00f4le au sein de ma famille. Mais famille, couple, m\u00e9tier, ma nature humaine, n&rsquo;ont de sens que reli\u00e9s \u00e0 leur Principe, ma nature divine. Il n&rsquo;y a pas d&rsquo;explications satisfaisantes, encore moins d&rsquo;excuses, d&rsquo;ordre humain et circonstanciel. Ou alors en acceptant une humanit\u00e9 circonstancielle priv\u00e9e de tout lien avec l&rsquo;Universel.<\/span><\/span><\/span><\/p>\n<p class=\"western\" align=\"justify\"><span style=\"color: #000000;\"><span style=\"font-size: medium;\"><span lang=\"fr-FR\">Une illustration de ce n\u00e9cessaire centrage permettant de traverser la deuxi\u00e8me p\u00e9riode de notre existence humaine tout en se construisant sur le plan essentiel, est donn\u00e9e par la comparaison entre l&rsquo;autorit\u00e9 et le pouvoir. Rien n&rsquo;est plus pr\u00e9gnant que cette diff\u00e9rence car elle s&rsquo;impose v\u00e9ritablement dans tous les domaines, donc dans tous les m\u00e9tiers, et \u00e0 l&rsquo;ensemble des travailleurs, quelle que soit la place occup\u00e9e par eux sur leurs lieux de travail.<\/span><\/span><\/span><\/p>\n<p class=\"western\" align=\"justify\"><span style=\"color: #000000;\"><span style=\"font-size: medium;\"><span lang=\"fr-FR\">Avant m\u00eame de s&rsquo;interroger sur le sens respectif des deux mots autorit\u00e9 et pouvoir, la plupart d&rsquo;entre nous, comme marqu\u00e9s par un conditionnement qui vient de tr\u00e8s loin dans le temps, entendent \u00ab autoritaire \u00bb, et n&rsquo;aiment pas ce mot, ou \u00ab les \u00bb autorit\u00e9s, ce qui les entra\u00eene \u00e0 \u00e9voquer, instinctivement en quelque sorte, le pouvoir temporel. Et ils traduisent le plus souvent celui-ci comme \u00e9tant, de la part de ceux qui le d\u00e9tiennent, une possibilit\u00e9 de commander, d&rsquo;ordonner, de contraindre. L&rsquo;amalgame est ainsi fait spontan\u00e9ment entre autorit\u00e9 et pouvoir qui peuvent \u00eatre consid\u00e9r\u00e9s comme deux expressions synonymes. De plus, ce qu&rsquo;ils signifient n&rsquo;appelle gu\u00e8re l&rsquo;adh\u00e9sion.<\/span><\/span><\/span><\/p>\n<p class=\"western\" align=\"justify\"><span style=\"color: #000000;\"><span style=\"font-size: medium;\"><span lang=\"fr-FR\">Les dictionnaires, d&rsquo;ailleurs, confirment cette premi\u00e8re impression. \u00ab Autorit\u00e9 \u00bb, pour le petit Larousse, est une \u00ab puissance l\u00e9gitime \u00bb, pour le Robert le \u00ab droit de commander, le pouvoir (reconnu ou non) d&rsquo;imposer l&rsquo;ob\u00e9issance \u00bb. Quant au Littr\u00e9, dans son \u00ab Dictionnaire de la langue fran\u00e7aise \u00bb, il commence par confirmer, historiquement avec pr\u00e8s d&rsquo;un si\u00e8cle d&rsquo;avance&#8230;, Larousse et Robert en d\u00e9finissant l&rsquo;autorit\u00e9 comme \u00ab le pouvoir de se faire ob\u00e9ir \u00bb. Mais, dans un paragraphe utile pour notre r\u00e9flexion, il compare les deux mots qui sont tr\u00e8s voisins l&rsquo;un de l&rsquo;autre dans une partie de leur emploi ; et pouvoir monarchique, autorit\u00e9 monarchique disent quelque chose de tr\u00e8s analogue. Pourtant, comme autorit\u00e9 est ce qui autorise, et pouvoir ce qui peut, il y a toujours dans autorit\u00e9 une nuance d&rsquo;influence morale qui n&rsquo;est pas n\u00e9cessairement impliqu\u00e9e dans pouvoir. \u00bb<\/span><\/span><\/span><\/p>\n<p class=\"western\" align=\"justify\"><span style=\"color: #000000;\"><span style=\"font-size: medium;\"><span lang=\"fr-FR\">Mais, de m\u00eame que nous avons tendance \u00e0 assimiler autorit\u00e9 \u00e0 autoritaire et aux autorit\u00e9s, de m\u00eame nous sentons bien qu&rsquo;il y a aussi une diff\u00e9rence et que la notion d&rsquo;autorit\u00e9 est plus subtile, plus spirituelle que celle de pouvoir. Cette impression peut devenir r\u00e9alit\u00e9 si nous rapprochons autorit\u00e9 non plus du mot autoritaire mais de celui d&rsquo;auteur. Et ici, l&rsquo;\u00e9tymologie est formelle : auteur vient du latin auctor et autorit\u00e9, d&rsquo;auctoritas, l&rsquo;un et l&rsquo;autre auctor et auctoritas, \u00e9tant des substantifs du verbe augeo qui signifie \u00ab faire cro\u00eetre, accro\u00eetre, amplifier \u00bb.<\/span><\/span><\/span><\/p>\n<p class=\"western\" align=\"justify\"><span style=\"color: #000000;\"><span style=\"font-size: medium;\"><span lang=\"fr-FR\">Auctor est ainsi \u00ab celui qui fait cro\u00eetre, ou qui fais pousser \u00bb avant d&rsquo;\u00eatre devenu, dans la langue fran\u00e7aise moderne, celui qui \u00e9crit mais aussi donne la vie. Auctoritas est le fait d&rsquo;\u00eatre auteur. En grec, aux\u00f4 veut dire accro\u00eetre, augmenter et, d&rsquo;une fa\u00e7on g\u00e9n\u00e9rale, dans toutes les langues indo-europ\u00e9ennes la m\u00eame racine signifie la m\u00eame chose.<\/span><\/span><\/span><\/p>\n<p class=\"western\" align=\"justify\"><span style=\"color: #000000;\"><span style=\"font-size: medium;\"><span lang=\"fr-FR\">De la m\u00eame mani\u00e8re, pouvoir que nous avons per\u00e7u ci-dessus dans son sens autoritaire, a une autre signification. C&rsquo;est un mot venant du latin poter qui exprime \u00ab la modalit\u00e9 du possible \u00bb : se trouver en mesure de faire.<\/span><\/span><\/span><\/p>\n<p class=\"western\" align=\"justify\"><span style=\"color: #000000;\"><span style=\"font-size: medium;\"><span lang=\"fr-FR\">Certains me r\u00e9torqueront peut-\u00eatre qu&rsquo;il il est toujours r\u00e9alisable d&rsquo;obliger une personne \u00e0 s&rsquo;accro\u00eetre, contre son propre d\u00e9sir. Il est vrai, en tout cas il \u00e9tait vrai il n&rsquo;y pas si longtemps, que des parents peuvent dire, mais aussi des enseignants et des officiers, qu&rsquo;ils ont forc\u00e9 ceux et celles qui d\u00e9pendaient d&rsquo;eux \u00e0 devenir des adultes, des dipl\u00f4m\u00e9s et des h\u00e9ros.<\/span><\/span><\/span><\/p>\n<p class=\"western\" align=\"justify\"><span style=\"color: #000000;\"><span style=\"font-size: medium;\"><span lang=\"fr-FR\">S&rsquo;agit-il alors d&rsquo;une croissance dans le sens que nous donnons au verbe accro\u00eetre\u00a0? Pour ma part, j&rsquo;en doute. Mais cet exemple simple oblige \u00e0 pousser encore l&rsquo;analyse. Que signifie ma remarque pr\u00e9c\u00e9dente selon laquelle \u00ab la notion d&rsquo;autorit\u00e9 est plus subtile, plus spirituelle que celle de pouvoir \u00bb ? Ces deux mots \u00ab subtile \u00bb et \u00ab spirituelle \u00bb veulent dire que l&rsquo;effet de l&rsquo;autorit\u00e9 telle qu&rsquo;elle appara\u00eet ici n&rsquo;est ni opaque ni temporel. Celui et celle qui ont de l&rsquo;autorit\u00e9, et qui, justement ne sont pas autoritaires, informent, disent \u2013 mais aussi se disent, c&rsquo;est-\u00e0-dire s&rsquo;expliquent clairement sur eux \u2013 vivent en fonction de ce qu&rsquo;ils sont et, par l\u00e0 m\u00eame, donnent \u00e0 ceux qui comprennent, entendent et voient, la possibilit\u00e9 de changer. Donc, de s&rsquo;accro\u00eetre. Il n&rsquo;y a pas de transformation possible entre deux personnes, l&rsquo;une aidant l&rsquo;autre \u00e0 changer et r\u00e9ciproquement, sans v\u00e9rit\u00e9, sans attachement inconditionnel \u00e0 la situation r\u00e9elle. Dire ce qui est et, en disant, se faire. Ce qui se passe alors rel\u00e8ve de ce qu&rsquo;il est possible d&rsquo;appeler l&rsquo;influence. Mais l\u00e0 encore il y a deux mani\u00e8res de comprendre le mot. Le dictionnaire Robert, d&#8217;embl\u00e9e utilise les deux en \u00e9crivant qu&rsquo;influence veut dire \u00ab effet \u00bb et \u00ab pression \u00bb. Les psychologues sociaux distinguent les deux aspects en parlant successivement d&rsquo;\u00ab influence informationnelle \u00bb et d&rsquo;\u00ab influence normative \u00bb. Dans le premier cas, je retrouve le sens que j&rsquo;essayais de d\u00e9finir : l&rsquo;influence peut avoir un effet mais elle permet aussi qu&rsquo;il n&rsquo;y en ait pas : elle passe par une information, \u00e9ventuellement une proposition.<\/span><\/span><\/span><\/p>\n<p class=\"western\" align=\"justify\"><span style=\"color: #000000;\"><span style=\"font-size: medium;\"><span lang=\"fr-FR\">Si, par contre, elle devient pression ou norme, elle n&rsquo;est autre qu&rsquo;un pouvoir.<\/span><\/span><\/span><\/p>\n<p class=\"western\" align=\"justify\"><span style=\"color: #000000;\"><span style=\"font-size: medium;\"><span lang=\"fr-FR\">Je suis ainsi amen\u00e9 \u00e0 pr\u00e9ciser qu&rsquo;il y a influence \u2013 donc autorit\u00e9 \u2013 chaque fois qu&rsquo;aucune pression, d&rsquo;aucune sorte, comme la pression par la violence physique ou hi\u00e9rarchique ou morale, n&rsquo;existe.<\/span><\/span><\/span><\/p>\n<p class=\"western\" align=\"justify\"><span style=\"color: #000000;\"><span style=\"font-size: medium;\"><span lang=\"fr-FR\">Si je dispose de la force corporelle, d&rsquo;une situation institutionnelle dominante, d&rsquo;un raisonnement moralisateur, je ne peux avoir de l&rsquo;influence sur les autres que si je renonce, et renonce absolument, \u00e0 ces avantages physiques, sociaux et intellectuels.<\/span><\/span><\/span><\/p>\n<p class=\"western\" align=\"justify\"><span style=\"color: #000000;\"><span style=\"font-size: medium;\"><span lang=\"fr-FR\">Si ce n&rsquo;est pas le cas, j&rsquo;ai sur les autres un pouvoir.<\/span><\/span><\/span><\/p>\n<p class=\"western\" align=\"justify\"><span style=\"color: #000000;\"><span style=\"font-size: medium;\"><span lang=\"fr-FR\">Il n&rsquo;y a pas, en ce cas-l\u00e0, de juste milieu rassurant. Le probl\u00e8me pos\u00e9 est simple, la solution que chacun lui donne est claire.<\/span><\/span><\/span><\/p>\n<p class=\"western\" align=\"justify\"><span style=\"color: #000000;\"><span style=\"font-size: medium;\"><span lang=\"fr-FR\">Les diff\u00e9rentes conclusions que je tire, au cours des ann\u00e9es d&rsquo;engagements, de ces remarques me permettent de constater que nul n&rsquo;est \u00e0 l&rsquo;abri de d\u00e9rapage, passant, par exemple, de l&rsquo;autorit\u00e9 au pouvoir ou de l&rsquo;autonomie \u00e0 la d\u00e9pendance. Mais, en m\u00eame temps, nulle situation n&rsquo;est irr\u00e9vocablement ferm\u00e9e. Il y a dans tous les groupes, m\u00eame les plus hi\u00e9rarchis\u00e9s et enserr\u00e9s dans un carcan de pouvoir, des gens inconsistants, et d&rsquo;autres consistants. Que ceux-ci se r\u00e9f\u00e8rent ou non \u00e0 une Tradition sp\u00e9cifique n&rsquo;est pas n\u00e9cessaire, mais la consistance d&rsquo;un \u00eatre humain est toujours li\u00e9e \u00e0 la vision globale qu&rsquo;il a de lui-m\u00eame et du monde. A nouveau, \u00eatre centr\u00e9, se recentrer. Ainsi, que cela soit de la part de celui qui dirige \u2013 le chef, l&rsquo;administrateur, le commandant, le \u00ab sup\u00e9rieur \u00bb, le cadre \u2013 ou de celui qui ex\u00e9cute \u2013 l&rsquo;ex\u00e9cutant, l&rsquo;administr\u00e9, le command\u00e9, l&rsquo;\u00ab inf\u00e9rieur \u00bb, l&#8217;employ\u00e9 et ouvrier \u2013 ce qui compte c&rsquo;est l&rsquo;\u00e9tat int\u00e9rieur, le niveau de la conscience. La cons\u00e9quence touche ainsi l&rsquo;organisation du travail qui, abord\u00e9e en tant que telle, reste utile mais insuffisante, ce qui montre bien la fragilit\u00e9 de tout ce qui rel\u00e8ve du management. Tragique illusion des responsables politiques et \u00e9conomiques contemporains, parfois m\u00eame, aussi, religieux, qui misent sur une r\u00e9volution technologique et organisationnelle pour obtenir le bonheur et la paix. Il n&rsquo;y a pas d&rsquo;autre r\u00e9volution que spirituelle. Je quitte la petite guerre sainte pour la grande&#8230;<\/span><\/span><\/span><\/p>\n<p class=\"western\" align=\"justify\"><span style=\"color: #000000;\"><span style=\"font-size: medium;\"><span lang=\"fr-FR\">Nul ne devrait \u00eatre oblig\u00e9 d&rsquo;\u0153uvrer dans un domaine qui ne lui correspond pas, sous pr\u00e9texte de gagner sa vie. Enlever aux travailleurs la possibilit\u00e9 de comprendre vraiment la signification de cette phrase, tout en obligeant le plus grand nombre \u00e0 s&rsquo;agiter dans un univers assourdissant, \u00e0 respirer un air pollu\u00e9, \u00e0 toucher des mat\u00e9riaux sans noblesse et \u00e0 accomplir des gestes sans correspondance avec leur sensibilit\u00e9 propre, est bien la marque du caract\u00e8re anti-traditionnel de l&rsquo;\u00e9conomie moderne. Inutile de lire les descriptions de l&rsquo;\u00e2ge sombre, il suffit de regarder autour de soi.<\/span><\/span><\/span><\/p>\n<p class=\"western\" align=\"justify\"><span style=\"color: #000000;\"><span style=\"font-size: medium;\"><span lang=\"fr-FR\">Dans ce passage, si naturel par ailleurs, au travers de l&rsquo;\u00e2ge de l&rsquo;engagement au sein du monde, il est prudent, tout en le vivant pleinement, de se situer sans cesse par rapport aux \u00ab imp\u00e9ratifs \u00bb de la soci\u00e9t\u00e9 profane. Il est encore et malgr\u00e9 tout r\u00e9alisable de ne pas se couler dans le monde g\u00e9n\u00e9ral et de rester \u00e0 l&rsquo;\u00e9coute de sa voix int\u00e9rieure. C&rsquo;est, bien s\u00fbr, au d\u00e9triment d&rsquo;un certain nombre de facteurs qui sont, tout le probl\u00e8me est l\u00e0, les principaux crit\u00e8res de notre soci\u00e9t\u00e9 : la s\u00e9curit\u00e9, le haut salaire, le niveau hi\u00e9rarchique. Mais \u00e0 quoi conduisent ces derniers \u00e9l\u00e9ments, m\u00eame quand ils sont pleinement satisfaits ? Cela vaut la peine de se poser la question devant le malaise de ces nouveaux invalides que sont souvent les \u00ab gagneurs \u00bb modernes, sans parler de la g\u00e9n\u00e9ralisation des maladies de \u00ab civilisation \u00bb. Pourquoi, en mai 1968, les psychiatres se trouv\u00e8rent-ils brusquement sans client ? Pourquoi, pendant le mois de Ramadan, les m\u00e9decins alg\u00e9riens constatent-ils le m\u00eame ph\u00e9nom\u00e8ne ? En sens inverse, pourquoi, lors de l&rsquo;invasion du Liban en 1982, six cents soldats isra\u00e9liens ont-ils \u00e9t\u00e9 hospitalis\u00e9s pour troubles psychiatriques ?<\/span><\/span><\/span><\/p>\n<p class=\"western\" align=\"justify\"><span style=\"color: #000000;\"><span style=\"font-size: medium;\"><span lang=\"fr-FR\">Aucun ma\u00eetre traditionnel n&rsquo;obligera un seul de ses disciples \u00e0 abandonner une situation \u00e0 laquelle il tient. Mais, alors, lui demandera-t-il d&rsquo;\u00eatre parfaitement au clair sur ce que signifie pour lui son m\u00e9tier, le montant de son salaire, le type de ses relations avec ses coll\u00e8gues, sup\u00e9rieurs et subalternes. Et si, je rencontre ce cas chaque jour, le fond \u2013 je veux \u00e9voquer ici la finalit\u00e9 du travail \u2013 et la forme son organisation g\u00e9n\u00e9rale apparaissent comme des freins \u00e0 un cheminement spirituel, chacun reste libre de son choix. Je demande seulement l&rsquo;honn\u00eatet\u00e9 de l&rsquo;analyse car il est bien clair que la prise en compte de certains arguments, notamment mat\u00e9riels, ne saurait concerner un approfondissement int\u00e9rieur qui est d&rsquo;une autre nature. Si les premiers viennent freiner le second, le sens de ce fait est que l&rsquo;heure n&rsquo;est pas venue, ce qui peut rejoindre la notion des \u00e2ges canoniques. <\/span><\/span><\/span><\/p>\n<p class=\"western\" align=\"justify\"><span style=\"color: #000000;\"><span style=\"font-size: medium;\">Cependant, les am\u00e9nagements sont toujours redoutables et l&rsquo;homme est particuli\u00e8rement dou\u00e9 pour en inventer de nombreux. Comme s&rsquo;il \u00e9tait possible de \u00ab gagner \u00bb sur tous les tableaux. Je pense avoir suffisamment insist\u00e9 sur l&rsquo;unit\u00e9 n\u00e9cessaire de l&rsquo;\u00eatre humain et sur la sagesse consistant \u00e0 \u00eatre attentif \u00e0 soi-m\u00eame, dans un ici et maintenant permanent. Mais, parfois, l&rsquo;engrenage professionnel moderne interdit de consid\u00e9rer tel et tel travaux, m\u00eame tel et tel m\u00e9tiers, comme des supports de r\u00e9alisation. Ce sont dans des cas semblables que le choix s&rsquo;impose afin de sauvegarder certaines conditions abord\u00e9es dans ce chapitre. La metanoia, cette rupture de niveau, doit bien s&rsquo;effectuer un jour pour ceux qui sont concern\u00e9s par leur vie int\u00e9rieure.<\/span><\/span><\/p>\n<p class=\"western\" align=\"justify\"><span style=\"color: #000000;\"><span style=\"font-size: medium;\">Un autre aspect de la vie quotidienne, aspect qui touche, que nous le voulions ou non, chacun de nous, est la place de la politique et de l&rsquo;engagement au service de celle-ci. La r\u00e9ponse donn\u00e9e peut \u00e9galement, je veux dire peut comme dans les trois cas pr\u00e9c\u00e9dents, faciliter ou freiner notre cheminement spirituel. Je garde le souvenir marquant d&rsquo;une visite, le mot est beaucoup trop faible, d&rsquo;un ami roumain. Mais l&rsquo;expression ami est elle-m\u00eame impropre car je ne le connaissais pas ! Par un de ces temps d&rsquo;hiver qui, dans le Jura, peuvent prendre des allures de banquise, je distingue une voiture qui s&rsquo;arr\u00eate devant la maison fig\u00e9e dans la neige, la glace et le froid intense. Un homme v\u00eatu d&rsquo;un manteau l\u00e9ger, en descend et je lui ouvre la porte. Il me tend un petit paquet, me dit : \u00ab Un sage ne fait pas de politique \u00bb&#8230; et rejoint la voiture, tout en ajoutant qu&rsquo;il arrivait de Tiruvannamalai. L&rsquo;objet contenu dans le paquet est en laiton et repr\u00e9sente un Shiva Linga, symbole des symboles, pour l&rsquo;Hindouisme, au point que c&rsquo;est sa forme qui a \u00e9t\u00e9 donn\u00e9e au tombeau de Ramana Maharshi. La base, g\u00e9n\u00e9ralement enserr\u00e9e dans un socle, est assez large : la mati\u00e8re, le corps ; la partie m\u00e9diane est octogonale, comme un petit plateau : le mental, l&rsquo;\u00e2me ; la partie sup\u00e9rieure est cylindrique, elle est repr\u00e9sent\u00e9e par un \u0153uf, en jade, pos\u00e9 sur le plateau : l&rsquo;indiff\u00e9renci\u00e9, l&rsquo;Esprit. Le mot linga signifie \u00ab signe \u00bb. Il est aussi possible de voir dans la base une figuration de l&rsquo;organe g\u00e9nital f\u00e9minin et dans le haut l&rsquo;image du phallus, l&rsquo;ensemble symbolisant la procr\u00e9ation et le passage du Principe au manifest\u00e9. Le tombeau du sage, \u00e0 Tiruvannamalai, est ainsi comme le porteur du monde dont il assure la stabilit\u00e9.<\/span><\/span><\/p>\n<p class=\"western\" align=\"justify\"><span style=\"color: #000000;\"><span style=\"font-size: medium;\">Si j&rsquo;ajoute maintenant que je ne fais pas de politique, ce n&rsquo;est pas pour laisser entendre que je suis un sage ! Une premi\u00e8re fois, au lendemain de la lib\u00e9ration, je suis sollicit\u00e9 pour un poste, marchepied id\u00e9al pour une \u00ab carri\u00e8re \u00bb publique. Je m&rsquo;entends refuser et suis assez na\u00eff pour m&rsquo;\u00e9tonner de la mauvaise humeur de mon interlocuteur. Je le rencontre vingt ann\u00e9es plus tard. Il est Premier ministre et manifeste sa stupeur en me voyant : comment puis-je donc \u00eatre encore vivant sans faire de politique ! Une seconde fois, en 1958, une troisi\u00e8me apr\u00e8s mai 1968, la porte s&rsquo;ouvre pour un engagement public. Il ne m&rsquo;effleure pas de la franchir, m\u00eame si je reste attentif \u00e0 tout ce qui se passe et si, \u00e0 plusieurs reprises, je regrette de ne pouvoir agir directement \u00e0 l&rsquo;occasion de situations pr\u00e9cises. Mais je mets du temps \u00e0 comprendre que, dans le domaine public il est exceptionnel d&rsquo;intervenir&#8230; J&rsquo;ai ainsi trouv\u00e9 petit \u00e0 petit la place qu&rsquo;il me fallait donner \u00e0 chaque chose et, pour reprendre un article d\u00e9fini utilis\u00e9, je crois, en premier par G\u00e9rard Mendel, j&rsquo;ai toujours \u00e9t\u00e9 concern\u00e9 par \u00ab le \u00bb politique, jamais par \u00ab la \u00bb politique. Pour simplifier, je peux dire que celle-ci vous pr\u00e9cipite dans le monde du compromis, de l&rsquo;ambition personnelle, des combinaisons de tous ordres dans lesquelles ne subsistent plus jamais la totalit\u00e9 de notre \u00eatre. Au contraire, le politique, c&rsquo;est la possibilit\u00e9 donn\u00e9e \u00e0 l&rsquo;individu, d&rsquo;abord de prendre conscience de sa situation r\u00e9elle dans la soci\u00e9t\u00e9 et ensuite, se prenant en charge, d&rsquo;y apporter \u00ab ses \u00bb solutions et d&rsquo;entrer en n\u00e9gociation avec les autres personnes int\u00e9ress\u00e9es.<\/span><\/span><\/p>\n<p class=\"western\" align=\"justify\"><span style=\"color: #000000;\"><span style=\"font-size: medium;\">C&rsquo;est pourquoi je suis sensible \u00e0 une autogestion, c&rsquo;est-\u00e0-dire \u00e0 une organisation, la forme, au service d&rsquo;un objectif, le fond. Or celui-ci ne peut \u00eatre pour moi que la r\u00e9alisation globale de soi-m\u00eame et cela pour tous. Conscient des freins suppl\u00e9mentaires qu&rsquo;une soci\u00e9t\u00e9 hi\u00e9rarchique pose sur le chemin des gens, je m&rsquo;efforce d&rsquo;indiquer ce qui est, par rapport \u00e0 une existence autogestionnaire permettant \u00e0 tous de se comporter en adultes responsables. Cette seule d\u00e9finition montre bien que je ne fais pas de la politique, mais suis d&rsquo;une attention permanente \u00e0 la r\u00e9alit\u00e9 des positions de chacun dans les groupes o\u00f9 je vis et o\u00f9 je travaille. Une telle sensibilit\u00e9 me place d&rsquo;instinct \u00e0 gauche, parmi les socialistes, m\u00eame si ces deux mots n&rsquo;ont plus beaucoup de sens de nos jours. Une telle remarque est-elle en contradiction avec l&rsquo;ensemble de cet ouvrage ? C&rsquo;est ce que pense un journaliste qui, il y a peu de temps, me pose la question suivante : \u00ab Vous vous qualifiez de militant gu\u00e9nonien. D&rsquo;autre part vous \u00eates aussi socialiste. N&rsquo;est-ce pas contradictoire ? \u00bb<\/span><\/span><\/p>\n<p class=\"western\" align=\"justify\"><span style=\"color: #000000;\"><span style=\"font-size: medium;\">\u00c9videmment, \u00e9nonc\u00e9e ainsi cette interrogation est une provocation. Mais il est quand m\u00eame possible d&rsquo;y r\u00e9pondre \u00ab s\u00e9rieusement \u00bb. J&rsquo;ai parfois utilis\u00e9 le mot militant, pourtant je sais bien que, dans le domaine traditionnel, chacun se trouve, ou ne se trouve pas, sur une Voie. Il y chemine, il n&rsquo;y milite pas.<\/span><\/span><\/p>\n<p class=\"western\" align=\"justify\"><span style=\"color: #000000;\"><span style=\"font-size: medium;\">Ensuite, que signifie \u00ab gu\u00e9nonien \u00bb, alors m\u00eame qu&rsquo;en maintes circonstances, Gu\u00e9non a affirm\u00e9 le peu de cas qu&rsquo;il faisait de son individualit\u00e9 ? Ce que je peux \u00e9crire, c&rsquo;est ceci : par la lecture de l\u2019\u0153uvre de Gu\u00e9non, et \u00e0 la suite du privil\u00e8ge de relations directes avec lui, mon univers a \u00e9t\u00e9 chang\u00e9 et mon existence terrestre est devenue significative. Si c&rsquo;est cela \u00eatre gu\u00e9nonien, alors je le suis. Quant au socialiste, si sous ce vocable vous imaginez un militant, et peut-\u00eatre m\u00eame un activiste, d&rsquo;un parti politique, il est clair que cela ne me concerne pas. Et cela d&rsquo;autant plus que beaucoup de socialistes rejettent, et souvent avec violence, tout ce qui rel\u00e8ve du spirituel. Mais si vous notez que l&rsquo;adjectif socialiste d\u00e9rive de social et du latin socius, qui signifie l&rsquo;associ\u00e9, le compagnon, c&rsquo;est d\u00e9j\u00e0 tout autre chose. Il est m\u00eame possible d&rsquo;ajouter que le socialisme, en tant qu&rsquo;il se pr\u00e9sente d&rsquo;abord comme un mouvement de protestation contre un ordre \u00e9tabli \u00e0 pr\u00e9dominance financi\u00e8re et \u00e9conomique et, ensuite, comme une tentative d&rsquo;instauration d&rsquo;un \u00e2ge de justice et de fraternit\u00e9, ne fait que rejoindre les projets humains \u00e0 toutes les Traditions. La difficult\u00e9, et pour moi l&rsquo;explication de trop d&rsquo;\u00e9checs socialistes, consiste justement dans ce fait que leur espoir humain est coup\u00e9 de la r\u00e9alit\u00e9 spirituelle Mais un homme traditionnel peut tr\u00e8s bien \u00eatre socialiste, car il n&rsquo;y a aucune contradiction entre une certaine forme de justice sociale et les cycles eux-m\u00eames, dans la mesure o\u00f9, \u00e0 l&rsquo;int\u00e9rieur d&rsquo;un cycle, l&rsquo;\u00e9loignement du Principe originel, donc la distance grandissante entre l&rsquo;homme et sa r\u00e9alit\u00e9 spirituelle, ne s&rsquo;effectue jamais d&rsquo;une mani\u00e8re continue. Chacune et chacun de nous peut toujours \u2013 ici et maintenant \u2013 att\u00e9nuer, sinon supprimer, l&rsquo;enfer ambiant. Le pire n&rsquo;est jamais s\u00fbr. A travers un malheur, et il est vrai que la modernit\u00e9 en est un, il y a toujours une remont\u00e9e possible. C&rsquo;est bien le sens profond de la th\u00e9orie hindoue des avataras, ou manifestations divines qui se projettent d&rsquo;\u00e2ge en \u00e2ge, pour r\u00e9duire l&rsquo;\u00e9cart entre Dieu et les hommes. Que nous sommes loin de la politique politicienne qui, elle, dans son \u00e9tat actuel, ne peut que disperser, donc freiner, une femme ou un homme sur la Voie. Mais l&rsquo;attention aux vicissitudes existentielles et la contribution, chacun avec son g\u00e9nie propre, \u00e0 l&rsquo;harmonie sociale, rel\u00e8ve d&rsquo;un comportement normal. Et le cheminement spirituel n&rsquo;est pas anormal.<\/span><\/span><\/p>\n<p class=\"western\" align=\"justify\"><span style=\"color: #000000;\"><span style=\"font-size: medium;\">Il ne me para\u00eet gu\u00e8re souhaitable de conforter les passions li\u00e9es \u00e0 la double notion, droite, gauche, en politique. Si, pour moi, le travail ext\u00e9rieur, surtout \u00e9ducatif par suite de ma vocation, est centr\u00e9 sur une transformation de la soci\u00e9t\u00e9, c&rsquo;est en tant que celle-ci peut alors, en \u00e9tant moins hi\u00e9rarchis\u00e9e et plus fraternelle, aider le travail int\u00e9rieur de tous. Mais, m\u00eame dans ce cas, il convient de se montrer prudent vis-\u00e0-vis des tentations multiples suscit\u00e9es par le r\u00f4le \u00e0 jouer, l&rsquo;image \u00e0 donner, la place \u00e0 tenir. Si ces \u00e9l\u00e9ments ne sont pas \u00e9limin\u00e9s, l&rsquo;engagement, m\u00eame socialement significatif, ne sera d&rsquo;aucune aide sur le plan de la vie spirituelle, la droite et la gauche n&rsquo;y occupant alors aucune place. Comment conclure ? A tous ceux qui, \u00e0 gauche, s&rsquo;engagent sur la Voie, le danger qui les attend est de ne pas \u00eatre entendus quand ils parlent de vie int\u00e9rieure. Car une double d\u00e9viation est possible pour ces militants. D&rsquo;abord, bien s\u00fbr, d&rsquo;oublier la dimension sociale au b\u00e9n\u00e9fice de la gestion \u00e9conomique dans l&rsquo;euphorie m\u00eame factice de l&rsquo;exercice d&rsquo;un pouvoir. Ensuite, de limiter leurs efforts au domaine culturel qui, par rapport au spirituel, est aussi vain que l&rsquo;\u00e9conomique. L&rsquo;exemple des chr\u00e9tiens de gauche doit aider \u00e0 y voir clair sur ce plan. Depuis des d\u00e9cennies la d\u00e9fense simultan\u00e9e de sa foi et de son id\u00e9al social, est incomprise, comme si, par n\u00e9cessit\u00e9 politique, un chr\u00e9tien ne peut \u00eatre que de droite. Ce qui reste pour moi un myst\u00e8re puisque peu de ma\u00eetres spirituels ont \u00e9t\u00e9 plus s\u00e9v\u00e8res que le Christ vis-\u00e0-vis des conservateurs. Alors, un sage ne fait pas de politique.<\/span><\/span><\/p>\n<p class=\"western\" align=\"justify\"><span style=\"color: #000000;\"><span style=\"font-size: medium;\">A tous ceux qui, \u00e0 droite, s&rsquo;engagent sur la Voie, le danger qui les attend est de passer insensiblement de la d\u00e9fense de l\u2019\u0153cum\u00e9nisme authentique \u00e0 celle de l&rsquo;Occident ; de la notion d&rsquo;ordre cosmique \u00e0 celle d&rsquo;ordre social, donc policier ; de la notion de valeur \u00e0 celle de pouvoir. Il consiste aussi \u00e0 d\u00e9fendre un conservatisme r\u00e9actionnaire camouflant la sauvegarde de leurs privil\u00e8ges et la crainte d&rsquo;un changement r\u00e9el \u2013 qu&rsquo;est-ce pourtant qu&rsquo;un Christianisme sans m\u00e9tanoia ? \u2013 par le souci de d\u00e9fendre la tradition et de lutter contre les exc\u00e8s progressistes. Alors, un sage ne fait pas de politique.<\/span><\/span><\/p>\n<p class=\"western\" align=\"justify\"><span style=\"color: #000000;\"><span style=\"font-size: medium;\">Et me voici, dans un bouleversement qui me rappelle mon entr\u00e9e dans le deuxi\u00e8me \u00e2ge canonique, sortant sans pr\u00e9caution de celui-ci. Mai 1968. \u00ab Cours, camarade, le vieux monde est derri\u00e8re toi \u00bb. Le sourire de mai. L\u00e0, vraiment, le signe est trop voyant et je m&rsquo;entends d\u00e9missionner de mes fonctions. Les forces conjugu\u00e9es du monde cherchent \u00e0 me submerger. Parents, mais Sylvie vivant au m\u00eame niveau ce s\u00e9isme, nous sommes deux pour leur r\u00e9pondre, collaborateurs et n\u00e9anmoins amis, la presse elle-m\u00eame s&rsquo;en m\u00eale. Mais que peuvent ces pressions alors que le Maharshi sourit ? Le moment est venu et me voil\u00e0 au seuil de l&rsquo;\u00e9tat d&rsquo;anachor\u00e8te, v\u00e2naprasha, que les Hindous appellent aussi l&rsquo;\u00e2ge de la for\u00eat, le troisi\u00e8me.<\/span><\/span><\/p>\n<p class=\"western\" align=\"justify\"><span style=\"color: #000000;\"><span style=\"font-size: medium;\">Nadjm oud-Dine Bammate me fait remarquer avec humour que cette for\u00eat, notre nouveau lieu d&rsquo;habitation, vieille et grande demeure familiale du Haut Jura, \u00e0 la fronti\u00e8re franco-suisse, du c\u00f4t\u00e9 helv\u00e9tique, est sillonn\u00e9e par les T.E.E. Il dirait, aujourd&rsquo;hui, par les T.G.V.<\/span><\/span><\/p>\n<p class=\"western\" align=\"justify\"><span style=\"color: #000000;\"><span style=\"font-size: medium;\">Je n&rsquo;ai pas l&rsquo;impression que mon discours change beaucoup, mais le renvoi du monde sonne diff\u00e9remment. En dehors de toute institution, sans le plus modeste soutien \u00ab ext\u00e9rieur \u00bb, il me faut t\u00e9moigner, \u00e0 nouveau et toujours, dire ce qui est. Mais le rythme du temps est dor\u00e9navant marqu\u00e9 par des m\u00e9diations quotidiennes, partag\u00e9es avec un groupe d&rsquo;amis venus s&rsquo;installer aupr\u00e8s de notre maison. Ces longs moments de silence et d&rsquo;immobilit\u00e9 dissolvent aussi bien la critique virulente, qui permet \u00e0 beaucoup de condamner la forme, afin de n&rsquo;avoir pas \u00e0 se d\u00e9terminer sur le fond, que l&rsquo;acceptation mi\u00e8vre, qui masque souvent une certaine peur de l&rsquo;affrontement. Expliquer clairement, sans concession, sans ironie comme sans attente crisp\u00e9e d&rsquo;un r\u00e9sultat. Garder, garder pr\u00e9cieusement, le respect qu&rsquo;appelle toute personne, en \u00e9vitant ces jugements, ces pr\u00e9jug\u00e9s, ces susceptibilit\u00e9s qui obscurcissent notre entendement. Il n&rsquo;y a, finalement, d&rsquo;action porteuse de changement donc de n&rsquo;importe qu&rsquo;elle action dans n&rsquo;importe quel domaine, que si, d&rsquo;une part, elle est r\u00e9alis\u00e9e par quelqu&rsquo;un qui est int\u00e9rieurement en accord avec ce qu&rsquo;il dit et fait, donc qui agit en totale coh\u00e9rence avec ce qu&rsquo;il est ; et, d&rsquo;autre part, si elle est conduite en fonction de sa r\u00e9alit\u00e9 et non de son r\u00e9sultat. La lente maturation de l&rsquo;ensemble de ces \u00e9l\u00e9ments me conduit \u00e0 cheminer sur cette \u00e9tape de la \u00ab for\u00eat \u00bb. D&rsquo;abord sillonn\u00e9e de routes et de voies de chemin de fer, celle-ci devient vraiment une for\u00eat au milieu de laquelle je poursuis mon travail int\u00e9rieur qui, d&rsquo;important \u00e0 prioritaire, devient pour moi \u00ab la seule chose n\u00e9cessaire \u00bb. Y aura-t-il un quatri\u00e8me \u00e9tat, celui du sanny\u00e2sin qui abandonne tout pour se consacrer \u00e0 la vie int\u00e9rieure dans la solitude ? Je ne le sais pas, m\u00eame si je pressens qu&rsquo;\u00e0 un certain stade de la Voie, les mots n&rsquo;ont pas beaucoup plus de sens que la forme donn\u00e9e \u00e0 ce que nous faisons, tout au long de l&rsquo;\u00e9coulement du temps. Certes, ce monde ne cherche gu\u00e8re \u00e0 se faire regretter. Mais un vieux ma\u00eetre Zen m&rsquo;a un jour appris qu&rsquo;il \u00ab convient \u00bb de vivre quand il faut vivre et de mourir \u00ab seulement \u00bb quand il faut mourir. C&rsquo;est aussi une d\u00e9finition du Soufisme : \u00ab Faire ses cinq pri\u00e8res quotidiennes et attendre la mort \u00bb.<\/span><\/span><\/p>\n<p class=\"western\" align=\"center\"><span style=\"color: #000000;\"><span style=\"font-size: medium;\"><b>Le lotus<\/b><\/span><\/span><\/p>\n<p class=\"western\" align=\"right\"><span style=\"color: #000000;\"><span style=\"font-size: medium;\">\u00ab <\/span><\/span><span style=\"color: #000000;\"><span style=\"font-size: medium;\"><i>Comme un lotus pur, admirable,<\/i><\/span><\/span><\/p>\n<p class=\"western\" align=\"right\"><span style=\"color: #000000;\"><span style=\"font-size: medium;\"><i>Par les eaux n&rsquo;est pas souill\u00e9,Je ne suis pas<\/i><\/span><\/span><\/p>\n<p class=\"western\" align=\"right\"><span style=\"color: #000000;\"><span style=\"font-size: medium;\"><i>souill\u00e9 par le monde<\/i><\/span><\/span><span style=\"color: #000000;\"><span style=\"font-size: medium;\"> \u00bb.<\/span><\/span><\/p>\n<p class=\"western\" align=\"justify\"><span style=\"color: #000000;\"><span style=\"font-size: medium;\">Symbole de puret\u00e9 parce que s&rsquo;\u00e9panouissant \u00e0 la surface des eaux dormantes, sans \u00eatre souill\u00e9 par la boue des mar\u00e9cages, le lotus \u00e0 huit p\u00e9tales repr\u00e9sente la sagesse de l&rsquo;homme et l&rsquo;harmonie du cosmos. Je le vois, message tranquille et silencieux, dans sa beaut\u00e9 diaphane, me saluer lors de mon arriv\u00e9e \u00e0 l&rsquo;ashram du Maharshi. Il est partout, sans jamais se banaliser et un ami brahmane me dit que son bouton, puis sa fleur \u00e9panouie, enfin sa graine, les trois \u00e9tats de la fleur, sont \u00e0 ses yeux repr\u00e9sentations du pass\u00e9, du pr\u00e9sent, du futur. Ainsi, au-del\u00e0 des vicissitudes existentielles, la vie quotidienne se transforme-t-elle en un creuset o\u00f9 se forge notre r\u00e9alit\u00e9 ultime, celle de l&rsquo;Esprit.<\/span><\/span><\/p>\n<p class=\"western\" align=\"justify\"><span style=\"color: #000000;\"><span style=\"font-size: medium;\">\u00ab L&rsquo;adepte se met \u00e0 contempler la radieuse lumi\u00e8re qui recouvre ce lotus et il le voit recouvert par ce qui le recouvre \u2013 N\u00fbr a&rsquo;zam, la lumi\u00e8re grandiose \u2013 Ceci est l&rsquo;arbre de la purification \u2013 Shaj\u00e2rat al-tahur \u2013 dans lequel s&rsquo;obtient l&rsquo;agr\u00e9ment de Dieu \u00bb<\/span><\/span><\/p>\n<p class=\"western\" align=\"justify\"><span style=\"color: #000000;\"><span style=\"font-size: medium;\">Ainsi le lotus est-il c\u00e9l\u00e9br\u00e9 par l&rsquo;Extr\u00eame-Orient : \u00ab Anguttaranik\u00e2ya \u00bb, II, 39, et par l&rsquo;Occident : Ibn Arabi, \u00ab L&rsquo;Alchimie du bonheur parfait \u00bb II, 87. Ainsi s&rsquo;impose-t-il \u00e0 moi depuis des d\u00e9cennies comme le symbole d&rsquo;une Sagesse qui, je le sais, est r\u00e9elle.<\/span><\/span><\/p>\n<p class=\"western\" align=\"justify\"><span style=\"color: #000000;\"><span style=\"font-size: medium;\">C&rsquo;est d&rsquo;abord une crainte, diffuse et vagabonde ; puis la peur s&rsquo;installe, tenace et se transforme en angoisse qui s&rsquo;infiltre dans toutes les parties de l&rsquo;\u00eatre. Nul besoin d&rsquo;enqu\u00eates d&rsquo;opinion ou de sondages. C&rsquo;est le mal occidental par excellence ou, ce qui revient \u00e0 peu pr\u00e8s au m\u00eame, le mal moderne, dans la mesure o\u00f9 la mentalit\u00e9 de l&rsquo;Occident a envahi le monde entier. Mais que d&rsquo;\u00eelots encore pr\u00e9serv\u00e9s ! J&rsquo;\u00e9coute, comme lors de nos rencontres r\u00e9guli\u00e8res, la voix chaude de Karlfried Graf D\u00fcrckheim. V\u00e9ritable cheminement initiatique pour arriver jusqu&rsquo;\u00e0 lui, en longeant les gorges encaiss\u00e9es de la Wehra, modeste rivi\u00e8re aux eaux froides et transparentes qui, des hauteurs de la For\u00eat Noire, se dirige vers le Rhin o\u00f9 elle se jette en amont de B\u00e2le, pr\u00e8s de Bad S<\/span><\/span><span style=\"color: #000000;\"><span style=\"font-size: medium;\">\u00e4<\/span><\/span><span style=\"color: #000000;\"><span style=\"font-size: medium;\">ckingen. Puis c&rsquo;est la travers\u00e9e d&rsquo;un confortable village, cossu et sage, Todtmoos, domin\u00e9 par son \u00e9glise au clocher en oignon. Encore quelques kilom\u00e8tres et voici une bonne douzaine de grandes fermes au toit pentu qui descend presque jusqu&rsquo;au sol. J&rsquo;entre dans le Doctorhaus, tout est en bois, plafond bas, lumi\u00e8re tamis\u00e9e par les fen\u00eatres aux nombreux carreaux. Autant l&rsquo;entr\u00e9e est bruyante, avec le bruit lancinant du t\u00e9l\u00e9phone, des all\u00e9es et venues, des n\u00e9gociations difficiles autour d&rsquo;un unique et long agenda, autant le premier \u00e9tage, que l&rsquo;on atteint par un escalier proche de l&rsquo;\u00e9chelle, est calme et silencieux. Une photographie du Maharshi vous y accueille. Le bureau de Karlfried est plut\u00f4t sombre. De l&rsquo;encens y br\u00fble sans arr\u00eat et les meubles disparaissent sous les livres, lettres, objets multiples, toujours tr\u00e8s beaux. Au milieu de ceux-ci le nyo\u00ef-b\u00f4 du ma\u00eetre japonais Yuho-Seki. C&rsquo;est un b\u00e2ton court, noueux, \u00e0 la forme recourb\u00e9e, qui symbolise dans les temples Zen l&rsquo;autorit\u00e9 du roshi, le responsable. Sa transmission \u00e0 une autre personne a une valeur spirituelle rare. D\u00fcrckheim le sait et ne s&rsquo;en s\u00e9pare jamais. Je suis assis sur un grand fauteuil de bois, au dossier sur\u00e9lev\u00e9, juste en face de mon h\u00f4te. C&rsquo;est un rituel dont je ne me souviens pas du commencement. D\u00e8s mon arriv\u00e9e, et apr\u00e8s une tasse de caf\u00e9 agr\u00e9ment\u00e9e toujours d&rsquo;un excellent g\u00e2teau, nous restons en silence quelques minutes. Puis, nous r\u00e9pertorions les sujets que nous souhaitons aborder et un \u00e9change s&rsquo;\u00e9tablit soit \u00e0 trois, Sylvie, Karlfried et moi, soit \u00e0 deux. Nous essayons, ce jour-l\u00e0, de mieux comprendre l&rsquo;origine de cette angoisse. D\u00fcrckheim y voit trois \u00ab raisons \u00bb ext\u00e9rieures \u00e0 l&rsquo;homme : l&rsquo;\u00ab absurde \u00bb qui envahit notre existence, traverse nos m\u00e9tiers, p\u00e9n\u00e8tre chaque jour plus fortement les actions des hommes. La \u00ab solitude \u00bb d&rsquo;autant plus pr\u00e9gnante que notre univers est encombr\u00e9 d&rsquo;informations, de \u00ab relations \u00bb, d&rsquo;agitations. La \u00ab mort \u00bb \u00e0 laquelle chacun pense avec r\u00e9gularit\u00e9 car elle est, bien s\u00fbr, \u00ab sa \u00bb mort. Toute la sensibilit\u00e9 de Karlfried, celle d&rsquo;un psychologue allemand jungien d\u00e9couvrant le message traditionnel au Japon, avec le Zen, celle aujourd&rsquo;hui d&rsquo;un homme de quatre-vingt neuf ans, aveugle, d&rsquo;une force vitale qui vraiment vient d&rsquo;ailleurs et d&rsquo;un humour d\u00e9capant, transformateur. Toute cette sensibilit\u00e9, multipli\u00e9e par son approfondissement silencieux, aboutit \u00e0 ce message : \u00ab vous \u00eates ici-bas afin de pr\u00e9parer les conditions pour vivre l&rsquo;\u00e9veil d&rsquo;une nouvelle conscience. Elle seule peut vous faire d\u00e9passer cette peur de vous-m\u00eame et des autres. \u00bb Mais, en pragmatique paysan, ce qui est aussi une d\u00e9finition de la noblesse bavaroise \u00e0 laquelle il appartient, D\u00fcrckheim analyse pour ses interlocuteurs les moyens de s&rsquo;\u00e9veiller. Il en souligne quatre : la \u00ab grande nature \u00bb, celle que j&rsquo;appelle la nature vierge, qu&rsquo;il est toujours possible de retrouver, sans aller jusqu&rsquo;en Afrique ou en Asie, sur ces cr\u00eates aust\u00e8res du Jura o\u00f9 le manteau noir des sapins, tachet\u00e9, en automne, des couleurs \u00e9clatantes des feuilles caduques, se fond \u00e0 l&rsquo;horizon dans le bleu p\u00e2le du ciel et de la plaine. De muret de pierres, pos\u00e9es les unes sur les autres sans recherche sym\u00e9trique, en muret de pierres, le sentier, \u00e0 travers la mousse et le lichen conduit de la vieille ferme, au toit pr\u00e9serv\u00e9 en bardeaux, \u00e0 l&rsquo;infini.<\/span><\/span><\/p>\n<p class=\"western\" align=\"justify\"><span style=\"color: #000000;\"><span style=\"font-size: medium;\">L&rsquo;\u00ab \u00e9rotisme \u00bb qui, loin d&rsquo;\u00eatre ce que le dictionnaire qualifie de penchant excessif ou pathologique pour les choses sexuelles, repr\u00e9sente cette d\u00e9couverte charnelle et psychique d&rsquo;une unit\u00e9 de deux \u00eatres qui les d\u00e9passe l&rsquo;un et l&rsquo;autre sans en amoindrir la r\u00e9alit\u00e9. Ayant v\u00e9cu, comme tous ceux qui sont n\u00e9s au lendemain de la premi\u00e8re guerre mondiale, et l&rsquo;exc\u00e8s du puritanisme rigoriste et celui du laisser-faire g\u00e9n\u00e9ralis\u00e9, je note sans \u00e9tonnement le retour actuel de la jeunesse \u00e0 une attitude harmonieuse et r\u00e9serv\u00e9e vis-\u00e0-vis de ce dernier aspect. Mais tout cela, aurais-je pu le remarquer, si je ne l&rsquo;avais v\u00e9cu directement, dans une union qui ne diminue pas l&rsquo;importance de l&rsquo;exp\u00e9rience sexuelle, mais qui vit celle-ci dans une v\u00e9rit\u00e9 globale ?<\/span><\/span><\/p>\n<p class=\"western\" align=\"justify\"><span style=\"color: #000000;\"><span style=\"font-size: medium;\">L&rsquo;\u00ab art \u00bb, exercice, s&rsquo;il en est, de concentration suivi d&rsquo;\u00e9mergence de ce qui est le plus vrai au tr\u00e9fonds de la personne. Je comprends cette force en voyant peindre mon homonyme, Hans Hartung, toujours tragique et souriant, comme la condition humaine. Et je la d\u00e9couvre en m&rsquo;initiant \u00e0 la calligraphie traditionnelle musulmane et japonaise.<\/span><\/span><\/p>\n<p class=\"western\" align=\"justify\"><span style=\"color: #000000;\"><span style=\"font-size: medium;\">La \u00ab vie rituelle \u00bb lorsqu&rsquo;elle se d\u00e9veloppe en dehors de tout formalisme. J&rsquo;ai d\u00e9j\u00e0 soulign\u00e9 l&rsquo;importance de ce lien subtil entre l&rsquo;individu et le sacr\u00e9 au travers des rites traditionnels et de leur pratique \u00ab r\u00e9elle \u00bb.<\/span><\/span><\/p>\n<p class=\"western\" align=\"justify\"><span style=\"color: #000000;\"><span style=\"font-size: medium;\">En entendant D\u00fcrckheim, j&rsquo;imagine les comportements inverses \u00e0 ceux qu&rsquo;il pr\u00e9conise et qui sont si r\u00e9pandus qu&rsquo;ils ne paraissent m\u00eame plus r\u00e9pr\u00e9hensibles. L&rsquo;\u00ab existence quotidienne au sein d&rsquo;immenses cit\u00e9s urbaines \u00bb qui est le lot d&rsquo;un pourcentage chaque ann\u00e9e plus important de femmes et d&rsquo;hommes englu\u00e9s dans la modernit\u00e9. La question pos\u00e9e ici n&rsquo;est pas simple \u00e0 r\u00e9soudre. Mais elle est loin d&rsquo;\u00eatre insoluble. Je me souviens d&rsquo;un article de l&rsquo;Express, du mois de mars 1977, intitul\u00e9 \u00ab Des p\u00e2querettes pour M. Koene \u00bb. Les am\u00e9ricains d\u00e9couvrent alors que les citoyens des \u00c9tats-Unis ni hippies, ni yippies, ni drogu\u00e9s \u00ab sortent \u00bb de la soci\u00e9t\u00e9 et vivent autrement. Il y a ici, bien s\u00fbr, deux pi\u00e8ges qu&rsquo;il faut \u00e9viter : celui du d\u00e9part, avec tant de raisons pour ne pas le prendre, et celui de l&rsquo;arriv\u00e9e, qui peut tr\u00e8s bien prendre la forme d&rsquo;un changement qui reste ext\u00e9rieur \u00e0 ceux qui l&rsquo;effectuent. Sylvie et moi avons v\u00e9cu ce s\u00e9isme d&rsquo;un bouleversement total de notre vie quotidienne, au lendemain de mai 1968. Nous entendons parfois des remarques sur le fait que \u00ab nous \u00bb, nous pouvions nous \u00ab permettre \u00bb cela. Je veux bien mais, en fait, pourquoi \u00ab nous \u00bb ? Et pourquoi pas les autres ? Parce que nous avions de l&rsquo;argent ? Si tous les gens qui ont autant, et beaucoup plus que nous \u00e0 Paris prenaient la m\u00eame d\u00e9cision, il y aurait dans cette ville moins d&#8217;embouteillage. Parce que nous poss\u00e9dions une maison dans le Jura ? Si tous les propri\u00e9taires de r\u00e9sidences secondaires quittaient la capitale, les d\u00e9pouillements \u00e9lectoraux parisiens seraient beaucoup plus brefs. Parce que j&rsquo;exer\u00e7ais une profession lib\u00e9rale ? Si tous les parisiens relevant de cette cat\u00e9gorie sociale s&rsquo;installaient en province il n&rsquo;y aurait plus de \u00ab d\u00e9sert fran\u00e7ais \u00bb. En fait, une r\u00e9flexion approfondie sur son lieu d&rsquo;habitation, comme sur son agencement int\u00e9rieur, fait partie d&rsquo;un engagement sur la Voie et personne ne peut en faire l&rsquo;\u00e9conomie.<\/span><\/span><\/p>\n<p class=\"western\" align=\"justify\"><span style=\"color: #000000;\"><span style=\"font-size: medium;\">L&rsquo;\u00ab indiff\u00e9rence blas\u00e9e \u00bb comme la \u00ab pornographie \u00bb sont les tristes reflets actuels de l&rsquo;\u00e9rotisme. Ils sont sans lien possible avec une transformation profonde des individus car ils d\u00e9veloppent chez eux soit une sorte de l\u00e9thargie et un ennui paralysant, soit une excitation superficielle et oppressante. Je suis souvent frapp\u00e9 par l&rsquo;inutilit\u00e9 de cette agitation sexuelle qui n&rsquo;a plus rien d&rsquo;harmonieux et de serein. Cette sorte de lib\u00e9ration des exp\u00e9riences d\u00e9bouche inexorablement sur une mouvance porteuse \u00e0 son tour de fragilit\u00e9 et d&rsquo;incertitude. Construire \u00e0 deux n&rsquo;a rien \u00e0 voir avec le fait de se satisfaire mutuellement, physiquement ou affectivement, jusqu&rsquo;\u00e0 ce que l&rsquo;un des deux, ou tous les deux, changent d&rsquo;avis. Ce sont deux rencontres d&rsquo;une nature diff\u00e9rente, l&rsquo;une, dans la continuit\u00e9 du d\u00e9passement et de la v\u00e9ritable Unit\u00e9, support de r\u00e9alisation, l&rsquo;autre dans le provisoire et le maintien \u00e9gocentr\u00e9, support de distraction.<\/span><\/span><\/p>\n<p class=\"western\" align=\"justify\"><span style=\"color: #000000;\"><span style=\"font-size: medium;\">La \u00ab laideur \u00bb, dans la mesure o\u00f9 elle repr\u00e9sente le contraire de l&rsquo;art consid\u00e9r\u00e9 comme la recherche de la beaut\u00e9, enserre les individus comme les bras tentaculaires de la pieuvre. Disgr\u00e2ce de l&rsquo;art\u00e8re moderne, sans mat\u00e9riaux vivants, difformit\u00e9 du corps et du regard, mis\u00e8re de l&rsquo;appartement banalis\u00e9 et d\u00e9centr\u00e9. Ce n&rsquo;est pas se d\u00e9sint\u00e9resser du malheur de notre \u00e9poque que de souhaiter, pour la part dont chacun porte la responsabilit\u00e9, d&rsquo;apporter \u00e0 son entourage, donc \u00e0 soi-m\u00eame aussi, beaut\u00e9 et harmonie. J&rsquo;aime entendre M\u00e8re Teresa d\u00e9clarer : \u00ab Quoi que vous \u00e9criviez, si je peux vous donner un conseil, \u00e9crivez quelque chose de beau, afin que ceux qui vous lisent s&rsquo;\u00e9l\u00e8vent \u00bb.<\/span><\/span><\/p>\n<p class=\"western\" align=\"justify\"><span style=\"color: #000000;\"><span style=\"font-size: medium;\">L&rsquo;\u00ab existence profane \u00bb par son refus de toute sacralisation condamne ceux qui l&rsquo;acceptent \u00e0 une coupure objectivement dramatique avec l&rsquo;essentiel de leur r\u00e9alit\u00e9. Le myst\u00e8re et le sacr\u00e9 sont remplac\u00e9s par l&rsquo;humanisme, c&rsquo;est-\u00e0-dire par la reconnaissance de la seule nature humaine de la personne et par l&rsquo;abstraction de tout principe d&rsquo;ordre sup\u00e9rieur. C&rsquo;est bien l\u00e0 une des indications les plus pressantes de Gu\u00e9non : \u00ab Ne vous d\u00e9tournez pas du ciel sous pr\u00e9texte de conqu\u00e9rir la terre \u00bb.<\/span><\/span><\/p>\n<p class=\"western\" align=\"justify\"><span style=\"color: #000000;\"><span style=\"font-size: medium;\">Quatre lieux privil\u00e9gi\u00e9s pour vivre une exp\u00e9rience de l&rsquo;essentiel. Quatre tentations modernes de passer \u00e0 c\u00f4t\u00e9. Et la voix de D\u00fcrckheim s&rsquo;\u00e9l\u00e8ve \u00e0 nouveau : \u00ab Nous devons nous montrer attentifs \u00e0 rester toute la journ\u00e9e en contact avec cette petite voix au fond de nous-m\u00eames. C&rsquo;est si facile de se retrouver toujours de nouveau dans une mauvaise attitude. Or chaque situation est la meilleure des occasions de se remettre en contact. Surtout se souvenir de nos exp\u00e9riences, de ces moments o\u00f9 nous sommes l\u2019\u00catre essentiel. Je suis Cela. Je suis. \u00bb<\/span><\/span><\/p>\n<p class=\"western\" align=\"justify\"><span style=\"color: #000000;\"><span style=\"font-size: medium;\">Un autre jour, assis au milieu d&rsquo;un groupe d&rsquo;amis qui partagent avec lui m\u00e9ditation et r\u00e9flexions, il insiste sur l&rsquo;importance qu&rsquo;il attache \u00e0 la concentration sur un objet. Ce que les Hindous appellent le Yantra. \u00ab En ce qui concerne l&rsquo;image, envisageons un tableau et restons longtemps assis devant jusqu&rsquo;\u00e0 ce que, finalement le tableau n&rsquo;est plus le tableau qu&rsquo;on a vu au commencement, ce n&rsquo;est plus un objet, c&rsquo;est un \u00eatre, une r\u00e9alit\u00e9 diff\u00e9rente dans laquelle finalement on se rencontre soi-m\u00eame, d&rsquo;une fa\u00e7on nouvelle. Il n&rsquo;y a pas une pi\u00e8ce d&rsquo;art, autrement c&rsquo;est une cro\u00fbte, qui ne soit pas transparente \u00e0 la transcendance. Dans la mesure o\u00f9 vous entrez vraiment dedans et surtout avec le courage et du temps et de l&rsquo;\u00e9lan si vous vous penchez sur une image, il se passe des choses extraordinaires. Ce n&rsquo;est pas seulement un tableau qui s&rsquo;ouvre d&rsquo;une autre fa\u00e7on mais c&rsquo;est aussi le tronc d&rsquo;un arbre, une fleur. D\u00e8s que vous restez vraiment avec ce qui \u00ab vous envisage \u00bb cela nous conduit \u00e0 une profondeur que nous ne connaissons pas en passant, toujours seulement, comme \u00e7a. Tiens, une belle fleur, et nous nous en allons. Voil\u00e0, ne pas passer ; r\u00e9fl\u00e9chir, voir, entrer dans la rencontre, la rencontre avec soi-m\u00eame. Dans tout ce que nous voyons dans la journ\u00e9e, en chaque personne, nous nous rencontrons nous-m\u00eames. \u00bb<\/span><\/span><\/p>\n<p class=\"western\" align=\"justify\"><span style=\"color: #000000;\"><span style=\"font-size: medium;\">Un membre du groupe lui dit alors : \u00ab Donc ce n&rsquo;est pas ce qui est dans l\u2019\u0153uvre d&rsquo;art, mais sa propre profondeur qu&rsquo;on d\u00e9couvre dans l\u2019\u0153uvre d&rsquo;art. A la limite, cela pourrait \u00eatre une cro\u00fbte \u00bb. \u00ab Alors, nous nous rencontrerions en tant que cro\u00fbte \u00bb\u2026<\/span><\/span><\/p>\n<p class=\"western\" align=\"justify\"><span style=\"color: #000000;\"><span style=\"font-size: medium;\">Je dois, de toute \u00e9vidence, \u00e0 cet homme, une simplification de mon existence. Profond\u00e9ment impr\u00e9gn\u00e9 par l\u2019\u0153uvre de Ren\u00e9 Gu\u00e9non et subjugu\u00e9 par la pr\u00e9sence de Ramana Maharshi, j&rsquo;ai eu tendance, pendant des ann\u00e9es, \u00e0 vivre le spirituel dans une tension int\u00e9rieure et ext\u00e9rieure et dans une intellectualisation souvent plus sp\u00e9culative qu&rsquo;op\u00e9rative. De plus, j&rsquo;avais de la peine \u00e0 int\u00e9grer mon travail int\u00e9rieur \u00e0 mes activit\u00e9s ext\u00e9rieures et, bien s\u00fbr, r\u00e9ciproquement. Karlfried fut sur ce plan un r\u00e9conciliateur et, aujourd&rsquo;hui encore, j&rsquo;attends avec une s\u00e9r\u00e9nit\u00e9 exigeante, notre rendez-vous mensuel, et notre partage dans l&rsquo;immobilit\u00e9 silencieuse du Za-Zen.<\/span><\/span><\/p>\n<p class=\"western\" align=\"justify\"><span style=\"color: #000000;\"><span style=\"font-size: medium;\">Ce d\u00e9passement n\u00e9cessaire de l&rsquo;angoisse ne peut s&rsquo;effectuer que par la Connaissance. \u00ab Tant que l&rsquo;homme s&rsquo;identifie avec son ego, c&rsquo;est-\u00e0-dire tant qu&rsquo;il accepte, ou, ce qui revient au m\u00eame, n&rsquo;en discute pas les limitations, il se condamne \u00e0 la peur puisque celle-ci ne concerne que l&rsquo;ego. Peur de la mort, peur de l&rsquo;ins\u00e9curit\u00e9, peur des autres&#8230; \u00bb Georges Vallin s&rsquo;exprime \u00e0 la fois avec une mesure qui impressionne et une flamme int\u00e9rieure qui vous br\u00fble. Cet universitaire qui se permet de soutenir une th\u00e8se sur \u00ab la perspective m\u00e9taphysique \u00bb en se r\u00e9f\u00e9rant explicitement \u00e0 Ren\u00e9 Gu\u00e9non et au non-dualisme asiatique, a poursuivi jusqu&rsquo;\u00e0 sa mort, survenue pr\u00e9matur\u00e9ment en 1983, sa qu\u00eate de la V\u00e9rit\u00e9. Il savait et construisait avec Madeleine, sa femme et collaboratrice, un univers de recherche et de Connaissance. Universitaire, il garde de sa fonction l&rsquo;allure et le langage, ce qui ne facilite pas la lecture de ses livres, mais il travaille sous le portrait de Ramana Maharshi et ne cache pas ce qu&rsquo;il sait de la condition humaine et de sa finalit\u00e9 ultime. Position incommode au sein de cette institution aujourd&rsquo;hui beaucoup plus culturelle que spirituelle et r\u00e9solument rationaliste, humaniste dans le moins mauvais des cas. Il rencontre, souvent douloureusement, l&rsquo;incompr\u00e9hension de ses pairs et reste pour moi, au-del\u00e0 de sa mort physique le fr\u00e8re sur le chemin et l&rsquo;\u00e9tonnant d\u00e9cripteur des sujets les plus fondamentaux de l&rsquo;existence.<\/span><\/span><\/p>\n<p class=\"western\" align=\"justify\"><span style=\"color: #000000;\"><span style=\"font-size: medium;\">\u00ab L&rsquo;individuel doit n\u00e9cessairement \u00eatre d\u00e9truit \u00bb dit-il en soulignant chaque mot. Puis, se ravisant, il pr\u00e9cise \u00ab ou plut\u00f4t transform\u00e9 \u00bb, ce qui peut se traduire par changer d&rsquo;\u00e9tat. Ne craignant pas d&rsquo;expliquer la Tradition intemporelle avec des mots modernes, il parle volontiers de \u00ab d\u00e9construction car l\u2019\u00catre de l&rsquo;homme, qu&rsquo;il poss\u00e8de d&rsquo;une fa\u00e7on naturellement surnaturelle, ce n&rsquo;est pas seulement l&rsquo;homme \u00bb \u2013 que, justement, il doit d\u00e9construire \u2013 \u00ab mais l\u2019\u00catre \u00bb \u2013 qu&rsquo;il re-conna\u00eetra alors. Pour Vallin, l&rsquo;homme de l&rsquo;Occident, du soleil couchant, s&rsquo;efforce \u00e0 chaque instant d&rsquo;\u00ab exploser vers le dehors et vers le bas \u00bb alors que l&rsquo;oriental, l&rsquo;homme du lever du soleil, s&rsquo;\u00ab implose vers le dedans et vers le haut \u00bb. Autres mots, autre approche, mais m\u00eame direction que celle indiqu\u00e9e par D\u00fcrckheim. C&rsquo;est transmuer notre individualit\u00e9 en Personne, c&rsquo;est assumer les deux natures de l&rsquo;homme soudain r\u00e9unies dans l&rsquo;Unit\u00e9 de l\u2019\u00catre. Il importe prioritairement, Georges Vallin ne dit et n&rsquo;\u00e9crit \u00ab que \u00bb cela, de comprendre d&rsquo;abord ce qui se passe r\u00e9ellement sur le plan de la pens\u00e9e en ce point myst\u00e9rieux o\u00f9 le savoir, que nous appelons intellectuel, se fond en quelque sorte en une certitude dont la nature n&rsquo;est plus humaine mais Universelle. Il exprime ce processus de r\u00e9alisation avec une simplicit\u00e9 ontologique masqu\u00e9e parfois par un vocabulaire de sp\u00e9cialiste de la philosophie. Il sait r\u00e9unir en sa personne et avec son langage les hautes conceptions des Traditions non-dualistes et les \u00e9pisodes communs de l&rsquo;existence familiale. Son message, mais il n&rsquo;utilise jamais ce mot, du moins ce que je retiens de notre longue amiti\u00e9, reste cette exigence d&rsquo;une base conceptuelle solide sur laquelle chacun peut alors construire son propre op\u00e9ratif. Mais sans jamais \u00ab vouloir \u00bb plus que nous ne le pouvons. Il se m\u00e9fie trop de ces personnages d\u00e9s\u00e9quilibr\u00e9s entre le souvenir d&rsquo;une vision de l&rsquo;Absolu et un ancrage existentiel opaque. Sa vie est claire, \u00ab propre \u00bb et m\u00eame en solitaire, au sein de sa pr\u00e9cieuse cellule familiale, il s&rsquo;efforce, quand il en sort, de ne heurter personne. Comme le d\u00e9clare Jean Climaque, \u00ab Si tu vois dans ton guide, en tant qu&rsquo;homme, des d\u00e9fauts, ne t&rsquo;accroche pas \u00e0 cela ; suis ses pr\u00e9ceptes, car autrement tu n&rsquo;apprendra rien \u00bb.<\/span><\/span><\/p>\n<p class=\"western\" align=\"justify\"><span style=\"color: #000000;\"><span style=\"font-size: medium;\">Le premier souvenir que je garde de Julius Evola est notre accord sur ce que j&rsquo;appelle l&rsquo;Unit\u00e9 de l&rsquo;homme au-del\u00e0 des trois aspects de la personne et qu&rsquo;il qualifie, de son c\u00f4t\u00e9 de \u00ab tripartition de l&rsquo;\u00eatre humain et de tout ce qu&rsquo;elle peut donner comme base plausible et solide \u00bb. Cette angoisse existentielle, dont la disparition est en quelque sorte la marque d&rsquo;un destin spirituel, est li\u00e9e \u00e0 une d\u00e9sunion interne de l&rsquo;individu. Celui-ci doit donc se reconstruire ou, selon une autre terminologie, s&rsquo;\u00e9veiller. Alors, retrouvant le chemin de son origine, il r\u00e9cup\u00e8re en m\u00eame temps une s\u00e9r\u00e9nit\u00e9 et une harmonie dont la nature n&rsquo;est, justement, plus humaine. Ce message si typiquement traditionnel, m&rsquo;est ici confirm\u00e9 par une voix qui \u2013 diraient les Japonais adeptes du Zen \u2013 vient d&rsquo;au-del\u00e0 de la bouche. Un immeuble de pierres, massif, dans lequel je p\u00e9n\u00e8tre par une large vo\u00fbte. Le choix entre un large escalier, \u00e0 l&rsquo;apparence indestructible, et un ascenseur archa\u00efque dont il est difficile de comprendre comment, \u00e0 chaque \u00e9tage, il peut encore continuer \u00e0 s&rsquo;\u00e9lever. Dernier palier. Une gouvernante allemande, chaleureuse, volubile, m&rsquo;introduit dans un grand appartement, au plafond \u00e9lev\u00e9, moins clair que je ne l&rsquo;attendais. Par la fen\u00eatre, une vue qui pourrait, mais sans doute l&rsquo;a-t-elle \u00e9t\u00e9, servir de cadre \u00e0 un peintre ou \u00e0 un photographe. Au premier plan le clocher ajour\u00e9, rouge\u00e2tre, d&rsquo;une \u00e9glise et, se profilant derri\u00e8re, les contours de la colline du Gianicolo, dans une aur\u00e9ole \u00e9clatante, rouge au soleil couchant. Je l&rsquo;admire depuis le corso Vittorio Emmanuelle II, qui, par un clin d\u2019\u0153il de l&rsquo;histoire, permet de relier le Vatican au centre de la ville, par del\u00e0 le Tibre, et reste fascin\u00e9 par le spectacle. Mais il ne sert que de d\u00e9cor lointain \u00e0 la sc\u00e8ne qui est repr\u00e9sent\u00e9e par cet appartement romain o\u00f9 si\u00e8ge, hi\u00e9ratique, fig\u00e9 \u00e0 la fois par une int\u00e9riorit\u00e9 grave et une paralysie corporelle, Julius Evola. La destin\u00e9e veut que son ouvrage \u00ab <\/span><\/span><span style=\"color: #000000;\"><span style=\"font-size: medium;\"><i>Chevaucher le tigre<\/i><\/span><\/span><span style=\"color: #000000;\"><span style=\"font-size: medium;\"> \u00bb sorte \u00e0 la Colombe quelques mois apr\u00e8s mon livre \u00ab <\/span><\/span><span style=\"color: #000000;\"><span style=\"font-size: medium;\"><i>Unit\u00e9 de l&rsquo;homme<\/i><\/span><\/span><span style=\"color: #000000;\"><span style=\"font-size: medium;\"> \u00bb et, en m\u00eame temps que \u00ab <\/span><\/span><span style=\"color: #000000;\"><span style=\"font-size: medium;\"><i>Hara<\/i><\/span><\/span><span style=\"color: #000000;\"><span style=\"font-size: medium;\"> \u00bb, de D\u00fcrckheim. Par l&rsquo;\u00e9diteur, Jean de Foucauld, un authentique chercheur, d\u00e9sint\u00e9ress\u00e9 et lucide, j&rsquo;apprends que l&rsquo;auteur vit encore, dans la capitale italienne et qu&rsquo;il y a un moyen de le joindre et d&rsquo;\u00eatre, \u00e9ventuellement re\u00e7u. Malgr\u00e9 le \u00ab \u00e9ventuellement \u00bb, je suis la fili\u00e8re et me retrouve \u00ab assur\u00e9ment \u00bb en face de celui qui est alors pour moi, avant de lui adresser la parole, correspondant et ami de Gu\u00e9non, auteur d&rsquo;un travail exceptionnel \u00ab <\/span><\/span><span style=\"color: #000000;\"><span style=\"font-size: medium;\"><i>La doctrine de l&rsquo;\u00e9veil<\/i><\/span><\/span><span style=\"color: #000000;\"><span style=\"font-size: medium;\"> \u00bb. J&rsquo;ignore alors, en m&rsquo;asseyant \u00e0 c\u00f4t\u00e9 de lui, lors de notre premier entretien, qu&rsquo;il deviendra un ami, un ma\u00eetre malgr\u00e9 son hostilit\u00e9, \u00e0 vrai dire d&rsquo;autant plus forte qu&rsquo;elle \u00e9tait immobile, pour mes id\u00e9es \u00ab sociales \u00bb, bien \u00e9videmment d\u00e9cadentes et mis\u00e9rables ! Evola est terrifiant. Cela veut dire qu&rsquo;il terrifie ! mais aussi qu&rsquo;il permet cette rupture de niveau au-del\u00e0 de laquelle il n&rsquo;y a plus de terreur. Comme toujours, il faut traverser le fleuve, le traverser vraiment jusqu&rsquo;\u00e0 l&rsquo;autre rive. C&rsquo;est un \u00e9pisode que de d\u00e9couvrir \u00e0 ce moment-l\u00e0, en se retournant, qu&rsquo;il n&rsquo;existe pas. Mais si le processus n&rsquo;est pas men\u00e9 \u00e0 son terme, il est toujours l\u00e0, le fleuve, et pas tellement tranquille, pas tellement abordable.<\/span><\/span><\/p>\n<p class=\"western\" align=\"justify\"><span style=\"color: #000000;\"><span style=\"font-size: medium;\">Puis-je \u00e9crire que l\u00e0 r\u00e9side la contribution \u00e9volienne \u00e0 mon cheminement int\u00e9rieur ? Pour lui, une tension est n\u00e9cessaire pour se d\u00e9sengluer d&rsquo;une existence banale. A d&rsquo;autres \u00e9poques, la voie de la main droite, Brahm\u00e2, pouvait s&rsquo;offrir dans une ambiance g\u00e9n\u00e9rale favorable. Mais, aujourd&rsquo;hui, seule subsiste la voie de la main gauche, Shiva. Des situations exceptionnelles sont encore pr\u00e9sentes, appelant des solutions individuelles facilitant l&rsquo;\u00e9mergence de la nature profonde de l&rsquo;\u00eatre humain : chemin h\u00e9ro\u00efque et noble obligeant ceux qui s&rsquo;y engagent \u00e0 aller au-del\u00e0 d&rsquo;eux-m\u00eames et, en tout \u00e9tat de cause, au-del\u00e0 de la m\u00e9diocrit\u00e9 superficielle de la vie ordinaire moderne. D&rsquo;o\u00f9 les engagements successifs d&rsquo;Evola dans des ascensions tr\u00e8s difficiles en haute-montagne, dans des courses de vitesse, comme au sein d&rsquo;associations d&rsquo;inspiration chevaleresque, comme le groupe U<\/span><\/span><span style=\"color: #000000;\"><span style=\"font-size: medium;\">R<\/span><\/span><span style=\"color: #000000;\"><span style=\"font-size: medium;\">. Son objectif est d&rsquo;utiliser le bouleversement g\u00e9n\u00e9ral de l&rsquo;\u00e9poque, la d\u00e9cennie 1927-1937 et la deuxi\u00e8me guerre mondiale, pour r\u00e9habiliter certaines doctrines traditionnelles. \u00ab Le premier signe que le rayon est reli\u00e9 au Centre, donc que nous sommes vraiment engag\u00e9s, est le recul de l&rsquo;angoisse existentielle. Celle-ci est comme un mal de dents. Certes les Chr\u00e9tiens disent que le Saint est soumis \u00e0 la tentation. Cela peut aller et venir. Mais la peur est temporaire sinon le lien central n&rsquo;existe pas et la ferraille retombe quand le courant ne passe plus. Ce fut le cas du fascisme et du nazisme \u00bb.<\/span><\/span><\/p>\n<p class=\"western\" align=\"justify\"><span style=\"color: #000000;\"><span style=\"font-size: medium;\">Le d\u00e9bat est certes complexe et nos \u00e9changes portent souvent sur le pr\u00e9texte de l&rsquo;engagement porteur de transformation et sur le danger de s&rsquo;y laisser prendre. Puis-je travailler avec des hommes qui, par ailleurs, se livrent \u00e0 tous les exc\u00e8s sous pr\u00e9texte de ma lib\u00e9ration personnelle ? Non, r\u00e9pond Evola, et c&rsquo;est bien \u00e0 la fois pour avoir dit oui au principe de l&rsquo;action et non \u00e0 ses modalit\u00e9s, qu&rsquo;il se retrouve trait\u00e9 de fasciste par le plus grand nombre et de tra\u00eetre par les derniers fid\u00e8les des r\u00e9gimes totalitaires. Pas simple. Me situant d\u00e9lib\u00e9r\u00e9ment sur un plan apolitique, je comprends ce qu&rsquo;avec une patience \u00e9tonnante et un calme in-humain, il m&rsquo;explique pendant des heures : \u00ab par une action qui vous engage totalement, hors de toute routine m\u00e9canique s\u00e9curis\u00e9e, vous rentabilisez graduellement, par catharsis \u2013 mot grec signifiant purification, purgation \u2013 votre pens\u00e9e vagabonde. Concentration sur le sujet, attention permanente et gravit\u00e9 continue. Tout cela aboutit \u00e0 la suppression de la peur, et par le maintien ferme du sentiment de notre propre rectitude, et par d\u00e9tachement vis-\u00e0-vis des \u00e9carts de notre imagination \u00bb. Avec sa puissance habituelle, il me dit un jour, lui qui ne quittait jamais sa chambre, aux murs recouverts de tableaux surr\u00e9alistes dont il \u00e9tait l&rsquo;auteur c&rsquo;est en peignant, me dit-il, qu&rsquo;il a d\u00e9couvert le monde traditionnel \u2013 \u00ab Vous avez eu raison en mai 1968. Aujourd&rsquo;hui, c&rsquo;est la montagne qui vient voir le proph\u00e8te. \u00bb<\/span><\/span><\/p>\n<p class=\"western\" align=\"justify\"><span style=\"color: #000000;\"><span style=\"font-size: medium;\">L&rsquo;interrogation est claire, certains diraient provocante, sans doute par sa pertinence indiscutable : \u00ab Depuis au moins douze mille ans que nous pratiquons les interventions chirurgicales difficiles, n&rsquo;avons-nous pas cherch\u00e9 davantage \u00e0 perfectionner les \u00e9l\u00e9ments ext\u00e9rieurs de nos techniques, qu&rsquo;\u00e0 nous am\u00e9liorer nous-m\u00eames dans l&rsquo;unit\u00e9 du corps et de l&rsquo;esprit ? \u00bb L&rsquo;homme qui pose cette question est tout rond, pas tr\u00e8s grand, repr\u00e9sentation vivante du \u00ab laughing Buddha \u00bb, le Bouddha qui rit. Sa bonhomie qui attire spontan\u00e9ment l&rsquo;attention et l&rsquo;amiti\u00e9, cache une lucidit\u00e9 et une application dont aucune des deux ne trompe sur l&rsquo;engagement du personnage sur la Voie. Claude Durix est micro-chirurgien oculaire et il suffit de traverser avec lui les souks de Casablanca ou de T\u00e9tuan, au Maroc, pour comprendre ce que les Marocains lui doivent. Il se permet aussi d&rsquo;\u00eatre 3<\/span><\/span><span style=\"color: #000000;\"><sup><span style=\"font-size: medium;\">e<\/span><\/sup><\/span><span style=\"color: #000000;\"><span style=\"font-size: medium;\"> dan de Judo, 4<\/span><\/span><span style=\"color: #000000;\"><sup><span style=\"font-size: medium;\">e<\/span><\/sup><\/span><span style=\"color: #000000;\"><span style=\"font-size: medium;\"> dan de Kendo 2<\/span><\/span><span style=\"color: #000000;\"><sup><span style=\"font-size: medium;\">e<\/span><\/sup><\/span><span style=\"color: #000000;\"><span style=\"font-size: medium;\"> dan d&rsquo;Iaido et 2<\/span><\/span><span style=\"color: #000000;\"><sup><span style=\"font-size: medium;\">e<\/span><\/sup><\/span><span style=\"color: #000000;\"><span style=\"font-size: medium;\"> dan d&rsquo;Aikido sans oublier sa passion pour la calligraphie traditionnelle. Mais il est surtout un homme apparemment comme tout le monde cherchant \u00e0 s&rsquo;\u00ab am\u00e9liorer \u00bb de l&rsquo;int\u00e9rieur. Ce dernier mot est plut\u00f4t un constat qu&rsquo;un jugement. Chaque fois que, sur ma route, je rencontre des femmes et des hommes qui se sont engag\u00e9s sur une Voie parce que c&rsquo;\u00e9tait, pour eux, une aspiration indiscutable, chaque fois je vois leur vie se modifier.<\/span><\/span><\/p>\n<p class=\"western\" align=\"justify\"><span style=\"color: #000000;\"><span style=\"font-size: medium;\">Une double image s&rsquo;impose \u00e0 moi : celle du \u00ab grand \u00bb chirurgien, le \u00ab grand patron \u00bb au pouvoir sans partage, tel qu&rsquo;il a \u00e9t\u00e9 interpr\u00e9t\u00e9 au cin\u00e9ma par, je crois, Pierre Fresnay et celle de ce praticien fran\u00e7ais, immerg\u00e9 dans une modeste clinique install\u00e9e dans un appartement d&rsquo;un quartier populaire, \u00e0 Casablanca. Je ne peux juger le premier : il appartient \u00e0 un monde qui n&rsquo;est pas le mien. Mais je suis imm\u00e9diatement fr\u00e8re du second et ne suis pas \u00e9tonn\u00e9 qu&rsquo;il pr\u00e9pare ses op\u00e9rations en m\u00e9ditant et en demandant \u00e0 son \u00e9quipe, au premier rang de laquelle sa femme Suzanne occupe une place charni\u00e8re, de se r\u00e9\u00e9quilibrer par le silence et le contr\u00f4le de la respiration. D\u00e9monstration tranquille de la diff\u00e9rence entre la comp\u00e9tence et l&rsquo;art. Durix, qui a connu au Japon le ma\u00eetre potier Kawa\u00ef Kanjiro, me cite une remarque de lui : \u00ab La main m\u00e9dite et le pied pense \u00bb et il ajoute que bien au-del\u00e0 de la recherche d&rsquo;une comp\u00e9tence qui sert souvent plus la vanit\u00e9 de son possesseur que tout autre chose, \u00ab nous devons tendre \u00e0 r\u00e9aliser en nous ce qu&rsquo;en japonais on appelle Tatsu Jin \u00bb l&rsquo;homme accompli, le chirurgien accompli, le professeur accompli.<\/span><\/span><\/p>\n<p class=\"western\" align=\"justify\"><span style=\"color: #000000;\"><span style=\"font-size: medium;\">Une figure irr\u00e9guli\u00e8re, les yeux rieurs qui transpercent, un long corps, sec, qui se replie tranquillement pour prendre la position Za-Zen. Je salue le P\u00e8re j\u00e9suite Enomiya-Lassalle dont le nom symbolise un \u0153cum\u00e9nisme v\u00e9cu, bien au-del\u00e0 de toute n\u00e9gociation dogmatique. En ce dimanche de Pentec\u00f4te 1984, assis en lotus, le P\u00e8re c\u00e9l\u00e8bre la messe au milieu d&rsquo;une sesshin, cette retraite communautaire au cours de laquelle les participants pratiquent, de nombreuses heures chaque jour, Za-Zen. S\u00e9r\u00e9nit\u00e9 d&rsquo;une Connaissance qui n&rsquo;a plus rien de th\u00e9orique et d&rsquo;un Amour tellement vrai que tous ceux qui l&rsquo;approchent se sentent comme apais\u00e9s. Ici il n&rsquo;est nul besoin de discussions ou de lecture pour savoir imm\u00e9diatement que ce qui se passe rel\u00e8ve du sacr\u00e9.<\/span><\/span><\/p>\n<p class=\"western\" align=\"justify\"><span style=\"color: #000000;\"><span style=\"font-size: medium;\">La phrase tombe, sans la moindre tension : \u00ab Si le Christianisme pratiquait Za-Zen il n&rsquo;y aurait nul besoin de th\u00e9ologiens&#8230; \u00bb Cette pratique permet un \u00ab recentrage permanent et facilite votre disposition int\u00e9rieure : encore plus vers le dedans \u00bb. A une m\u00e9ditante lui demandant si elle pouvait prier pendant Za-Zen, il r\u00e9pond : \u00ab oui, mais vous pouvez aussi faire de votre Za-Zen une pri\u00e8re \u00bb.<\/span><\/span><\/p>\n<p class=\"western\" align=\"justify\"><span style=\"color: #000000;\"><span style=\"font-size: medium;\">La force de ce t\u00e9moignage remet bien des concepts \u00e0 leur place et permet de saisir in vivo la r\u00e9alit\u00e9 de la transformation int\u00e9rieure. Il est capital pour l&rsquo;Europe qu&rsquo;il soit donn\u00e9 par un homme d&rsquo;\u00e9glise, car l&rsquo;impr\u00e9gnation chr\u00e9tienne y est telle qu&rsquo;elle rend n\u00e9cessaire pour le moins une clarification vis-\u00e0-vis de cette Tradition. C&rsquo;est pourquoi je suis \u00e9galement touch\u00e9 par ce que dit et fait le p\u00e8re Jacques Breton. Sa transparence, jointe \u00e0 une modestie tellement naturelle que la d\u00e9signer ainsi la rel\u00e8gue au niveau d&rsquo;une qualit\u00e9 alors qu&rsquo;elle est tout ce qu&rsquo;il est, me touchent profond\u00e9ment. Son v\u00e9cu de l&rsquo;absorption dans le Vide et de sa foi chr\u00e9tienne est un t\u00e9moignage, donc une force, pour tous ceux, dont je suis, qui travaillent fraternellement avec lui. Je l&rsquo;\u00e9coute : \u00ab Partout o\u00f9 j&rsquo;allais mes sup\u00e9rieurs me disaient : mettez-vous en pr\u00e9sence de Dieu, mais personne, jamais ne me disait comment. Un jour, D<\/span><\/span><span style=\"color: #000000;\"><span style=\"font-size: medium;\">\u00fc<\/span><\/span><span style=\"color: #000000;\"><span style=\"font-size: medium;\">rckheim, que j&rsquo;avais eu envie de voir apr\u00e8s la lecture de l&rsquo;un de ses livres, m&rsquo;expliqua ce qu&rsquo;\u00e9tait Za-Zen. Je sais, aujourd&rsquo;hui, que c&rsquo;est un \u00e9change direct avec Dieu \u00bb. Enomiya Lassalle, Jacques Breton, l&rsquo;un et l&rsquo;autre, t\u00e9moins de cette Unit\u00e9 des Traditions v\u00e9cue par eux dans le cadre chr\u00e9tien, la pratique de Za-Zen et l&rsquo;identit\u00e9 spirituelle des hommes.<\/span><\/span><\/p>\n<p class=\"western\" align=\"justify\"><span style=\"color: #000000;\"><span style=\"font-size: medium;\">Certainement, s&rsquo;il est un privil\u00e8ge rare, c&rsquo;est celui de partager depuis plus de trois d\u00e9cennies des relations fraternelles suivies avec Nadjm oud-Dine Bammate. D&rsquo;abord, parce que sa pr\u00e9sence reste souvent cach\u00e9e, ensuite, quand elle ne l&rsquo;est pas, parce qu&rsquo;il rel\u00e8ve du miracle de savoir s&rsquo;il est \u00e0 la Mecque, \u00e0 Alger, au <\/span><\/span><span style=\"color: #000000;\"><span style=\"font-size: medium;\">c\u0153ur<\/span><\/span><span style=\"color: #000000;\"><span style=\"font-size: medium;\"> de la Chine, \u00e0 New-York ou \u00e0 Paris. Pour moi qui suis un voyageur, j&rsquo;ai conscience, quand je le rencontre, de mon comportement agressivement s\u00e9dentaire. Je partage avec Bammate cette b\u00e9n\u00e9diction d&rsquo;avoir vu Ramana Maharshi et connu, lui directement, moi \u00e0 travers une correspondance, Ren\u00e9 Gu\u00e9non. Mais surtout, nous en avons l&rsquo;un et l&rsquo;autre tir\u00e9 une cons\u00e9quence op\u00e9rative qui nous rapproche et, pour ma part, me conforte. Un livre ne suffirait pas \u00e0 narrer les circonstances de nos r\u00e9unions. Je suis ici, sans doute, \u00e0 la limite, peut-\u00eatre franchie d&rsquo;en avoir trop \u00e9crit. En d\u00e9finitive, rien n&rsquo;est plus dommageable que celui qui voit et entend et n&rsquo;en parle pas, sinon celui qui ne vit pas ce qu&rsquo;il dit. Pendant des ann\u00e9es, Bammate, l&rsquo;un des principaux responsables de l&rsquo;Unesco \u2014 le pouvoir international \u2013 et engag\u00e9 sur la Voie initiatique \u2013 l&rsquo;autorit\u00e9 spirituelle \u2013 t\u00e9moigne de la pr\u00e9\u00e9minence de celle-ci. Sa rigueur \u00ab exot\u00e9rique \u00bb, c&rsquo;est-\u00e0-dire son respect du rituel quotidien, les pri\u00e8res, et annuel, le ramadan, me montre bien la force d&rsquo;une structure traditionnelle. Il est conscient de la tentation des religions monoth\u00e9istes de recommander aux fid\u00e8les de se tourner vers l&rsquo;acte et non vers <\/span><\/span><span style=\"color: #000000;\"><span style=\"font-size: medium;\">l\u2019\u00catre.<\/span><\/span><span style=\"color: #000000;\"><span style=\"font-size: medium;\"> Mais si l&rsquo;action porte en elle l&rsquo;angoisse, son crit\u00e8re \u00e9tant, de nos jours, son r\u00e9sultat ext\u00e9rieur qui entra\u00eene la peur de l&rsquo;\u00e9chec, du jugement et de l&rsquo;effort, il reste la niyyah, l&rsquo;intention, sans laquelle l&rsquo;activit\u00e9 n&rsquo;est rien. Or, cet \u00e9tat d&rsquo;esprit peut se situer \u00e0 l&rsquo;abri de la crainte s&rsquo;il est centr\u00e9 sur l&rsquo;essentiel. Rentrant d&rsquo;Afghanistan, cette rencontre date de pr\u00e8s de vingt ann\u00e9es, il me raconte un \u00e9pisode de son voyage qui lui para\u00eet symbolique de cette niyyah. Sur une route \u00e9loign\u00e9e de toute ville, la courroie du ventilateur de sa voiture lou\u00e9e se casse. Il n&rsquo;y en a pas de rechange. Imperturbable, apr\u00e8s avoir fait sa pri\u00e8re sur la terre s\u00e8che, le chauffeur enl\u00e8ve son turban, le mouille avec un peu d&rsquo;eau qui. restait au fond d&rsquo;un r\u00e9cipient et le met \u00e0 la place de la pi\u00e8ce inutilisable. Le voyage se poursuit. \u00ab Le m\u00eame incident m&rsquo;est arriv\u00e9 dans le d\u00e9sert de la mort, en Californie, ce fut le d\u00e9sastre absolu et j&rsquo;ai manqu\u00e9 mourir de soif. le chauffeur repr\u00e9sentait la plus puissante soci\u00e9t\u00e9 de location automobile \u00bb. Et Bammate conclut : \u00ab Quelle que soit l&rsquo;action engag\u00e9e \u00e0 vous de l&rsquo;organiser, pas au sens du management, mais en lui donnant un organisme int\u00e9rieur, une authentification, par r\u00e9f\u00e9rence \u00e0 votre r\u00e9alit\u00e9 essentielle \u00bb.<\/span><\/span><\/p>\n<p class=\"western\" align=\"justify\"><span style=\"color: #000000;\"><span style=\"font-size: medium;\">Comme nous confrontons avec r\u00e9gularit\u00e9 nos cheminements respectifs, Nadjm souligne la notion de coh\u00e9rence par rapport \u00e0 chaque d\u00e9cision. \u00ab Ce qui est significatif, c&rsquo;est d&rsquo;agir en Bouddha, par une coupure cosmique au service d&rsquo;une \u00e9coute int\u00e9rieure, ou en Proph\u00e8te, gardant son statut afin de mieux dire, \u00e9crire, t\u00e9moigner. Mais jamais en homme du monde, habile \u00e0 se soumettre \u00e0 l&rsquo;attente ext\u00e9rieure \u00bb. Un roi philosophe d\u00e9couvre un jour un homme sur le toit de son palais.<\/span><\/span><\/p>\n<p class=\"western\" align=\"justify\"><span style=\"color: #000000;\">\u2013 <span style=\"font-size: medium;\">Que cherches-tu ?<\/span><\/span><\/p>\n<p class=\"western\" align=\"justify\"><span style=\"color: #000000;\">\u2013 <span style=\"font-size: medium;\">Mon chameau.<\/span><\/span><\/p>\n<p class=\"western\" align=\"justify\"><span style=\"color: #000000;\">\u2013 <span style=\"font-size: medium;\">Mais c&rsquo;est absurde.<\/span><\/span><\/p>\n<p class=\"western\" align=\"justify\"><span style=\"color: #000000;\">\u2013 <span style=\"font-size: medium;\">Pas plus que de chercher Dieu sur ton tr\u00f4ne.<\/span><\/span><\/p>\n<p class=\"western\" align=\"justify\"><span style=\"color: #000000;\"><span style=\"font-size: medium;\">Le seul travail \u00e0 la port\u00e9e humaine pour effacer l&rsquo;angoisse est cette investigation permanente sur soi-m\u00eame afin d&rsquo;\u00eatre son propre Centre. Encore et toujours l&rsquo;intention droite \u2013 cir\u00e2ta-1 mustaquim \u2013 illustr\u00e9e par cette phrase : \u00ab Quand on entre dans un Temple sans intention juste, on fait de ce temple un cabaret ; quand on entre dans un cabaret avec intention juste, on fait de ce cabaret un Temple \u00bb.<\/span><\/span><\/p>\n<p class=\"western\" align=\"justify\"><span style=\"color: #000000;\"><span style=\"font-size: medium;\">Janvier 1985: mort de Bammate. La nouvelle me frappe directement au c\u0153ur. Impression de flotter. C&rsquo;est lui qui, il y a quelques mois, m&rsquo;avait demand\u00e9 d&rsquo;\u00e9crire ce livre : \u00ab le moment de votre t\u00e9moignage est venu \u00bb. Nous avions, une fois de plus, \u00e9voqu\u00e9 la proximit\u00e9 de nos deux cheminements dans l&rsquo;Unit\u00e9 des points de vue traditionnels et Nadjm avait ajout\u00e9 : \u00ab Je pourrai \u00e9crire la pr\u00e9face \u00bb.<\/span><\/span><\/p>\n<p class=\"western\" align=\"justify\"><span style=\"color: #000000;\"><span style=\"font-size: medium;\">Nous avons peu de points existentiels communs : elle n&rsquo;est pas tr\u00e8s grande et je ne suis pas petit ; il faut qu&rsquo;elle soit bien fatigu\u00e9e pour \u00e9teindre avant minuit et moi particuli\u00e8rement en forme pour ne pas dormir \u00e0 dix heures du soir ; elle met souvent des mets \u00e9tranges dans nos assiettes et j&rsquo;ai beau invoqu\u00e9 St-Jacques qui conseille de manger tout ce que l&rsquo;on vous sert, c&rsquo;est parfois difficile ; elle est passionn\u00e9e de th\u00e9\u00e2tre, disons que je le suis moins ; elle oublie assez souvent ce qu&rsquo;elle avait envisag\u00e9 de faire alors que je fais facilement plus que pr\u00e9vu ; je suis sans patience mais j&rsquo;ignore les limites de la sienne ; elle d\u00e9cide au dernier moment un voyage que, pour ma part, je ne peux envisager que longuement pr\u00e9par\u00e9. Si je cesse ici cette \u00e9num\u00e9ration ce n&rsquo;est pas faute d&rsquo;\u00e9l\u00e9ments, mais elle est suffisante. Car, ce qui permet \u00e0 Sylvie et \u00e0 moi de vivre ensemble depuis bient\u00f4t trois d\u00e9cennies, c&rsquo;est notre accord imm\u00e9diat, profond et permanent sur l&rsquo;essentiel de notre vie, notre cheminement sur la Voie, et notre engagement tacite d&rsquo;\u00eatre prioritairement attentifs \u00e0 tout ce qui le concerne. Bien s\u00fbr, nous sommes heureux d&rsquo;\u00eatre ensemble, mais c&rsquo;est sous le regard du Maharshi que nous d\u00e9cidons, comme on dit, d&rsquo;unir nos destin\u00e9es. C&rsquo;est, de m\u00eame, avec l&rsquo;absolue priorit\u00e9 de leur vie int\u00e9rieure que nous avons entour\u00e9 In\u00e8s, Laurent et Isabelle d\u00e8s leur naissance. S&rsquo;il est un point important \u00e0 notre \u00e9poque, c&rsquo;est de mettre \u00e0 la disposition des enfants non pas tant des \u00ab \u00e9tudes \u00bb que les moyens de se construire une personnalit\u00e9 susceptible de faire face aux \u00e9v\u00e9nements qui les attendent. Nous savons, avant d&rsquo;avoir lu Khalil Gibran, que \u00ab nos enfants ne sont pas nos enfants, mais les fils et les filles de l&rsquo;appel de la Vie \u00e0 elle-m\u00eame \u00bb.<\/span><\/span><\/p>\n<p class=\"western\" align=\"justify\"><span style=\"color: #000000;\"><span style=\"font-size: medium;\">Avec la m\u00eame communion, nous nous entendons, \u00e0 la fin du mois de mai 1968, annoncer notre d\u00e9cision de rupture totale et imm\u00e9diate avec un monde qui nous avait d&rsquo;autant plus g\u00e2t\u00e9s qu&rsquo;il savait bien que c&rsquo;\u00e9tait le meilleur moyen de nous \u00e9touffer, lentement mais s\u00fbrement. A cet instant, comme aux grands moments de notre vie commune, la certitude nous habite que seule l&rsquo;\u00e9coute de notre voix int\u00e9rieure a un sens total et doit \u00eatre respect\u00e9e totalement. Se d\u00e9clenche alors, entre deux \u00eatres, une communion qui ne maintient rien en dehors d&rsquo;elle : ni l&rsquo;accord de deux corps, ni la sensibilit\u00e9 et la logique, ni la recherche int\u00e9rieure. Alors, vraiment, quelle importance si nous ne faisons pas notre valise \u00e0 la m\u00eame heure et si nous ne mangeons pas la m\u00eame nourriture ?<\/span><\/span><\/p>\n<p class=\"western\" align=\"justify\"><span style=\"color: #000000;\"><span style=\"font-size: medium;\">\u00ab Quand vous ferez le deux Un, &#8230;alors, vous irez dans le Royaume \u00bb.<\/span><\/span><\/p>\n<p class=\"western\" align=\"justify\"><span style=\"color: #000000;\"><span style=\"font-size: medium;\">En fait, tout a commenc\u00e9 un soir d&rsquo;avant-guerre lorsque, dans une r\u00e9union de quelques jeunes j&rsquo;\u00e9tais dans ma dix-septi\u00e8me ann\u00e9e \u2013 je m&rsquo;ennuyais joyeusement. Nous \u00e9tions chez de lointains mais sympathiques cousins. Soudain, la porte s&rsquo;ouvre et un homme \u00e2g\u00e9 \u00e0 mes yeux d&rsquo;alors car il devait avoir quarante cinq ans ! \u2013 entre, se dirige directement vers moi en tenant un livre \u00e0 la main : \u00ab Connaissez-vous Ren\u00e9 Gu\u00e9non ? \u00bb me demande-t-il. Entendant ma r\u00e9ponse n\u00e9gative, il me tend l&rsquo;ouvrage : \u00ab <\/span><\/span><span style=\"color: #000000;\"><span style=\"font-size: medium;\"><i>Introduction g\u00e9n\u00e9rale \u00e0 l&rsquo;\u00e9tude des doctrines hindoues<\/i><\/span><\/span><span style=\"color: #000000;\"><span style=\"font-size: medium;\"> \u00bb. Puis, sans un mot, il dispara\u00eet.<\/span><\/span><\/p>\n<p class=\"western\" align=\"justify\"><span style=\"color: #000000;\"><span style=\"font-size: medium;\">Lecture imm\u00e9diate, nocturne. Que s&rsquo;est-il pass\u00e9 ? Ai-je vraiment compris le message ? A cette derni\u00e8re question je r\u00e9ponds sans h\u00e9siter : \u00ab oui \u00bb, en tout cas, j&rsquo;ai compris que ce qu&rsquo;\u00e9crivait Gu\u00e9non n&rsquo;\u00e9tait pas de la m\u00eame nature que ces textes culturels ou m\u00eame philosophiques dont l&rsquo;\u00e9tude m&rsquo;\u00e9tait impos\u00e9e par l&rsquo;\u00e9cole. \u00ab Conna\u00eetre et \u00eatre ne sont au fond qu&rsquo;une seule et m\u00eame chose \u00bb aboutissant non pas \u00e0 une \u00ab th\u00e9orie \u00bb de la Connaissance, mais \u00e0 \u00ab la r\u00e9alisation m\u00e9taphysique \u00bb. Paradoxalement, pour un homme dont toute l&rsquo;\u0153uvre est \u00e9crite \u2013 vingt sept livres \u2013 Gu\u00e9non fait d\u00e9couvrir \u00e0 ses lecteurs qu&rsquo;il ne faut pas \u00ab lire \u00bb mais \u00ab \u00caTRE \u00bb.<\/span><\/span><\/p>\n<p class=\"western\" align=\"justify\"><span style=\"color: #000000;\"><span style=\"font-size: medium;\">Aujourd&rsquo;hui, dans la librairie la moins \u00ab dans le vent \u00bb la plupart des ouvrages de Gu\u00e9non sont expos\u00e9s, chaque libraire conna\u00eet son nom. Mais, au moment o\u00f9 je prends connaissance de l&rsquo;\u00ab <\/span><\/span><span style=\"color: #000000;\"><span style=\"font-size: medium;\"><i>Introduction<\/i><\/span><\/span><span style=\"color: #000000;\"><span style=\"font-size: medium;\"> \u00bb, ce n&rsquo;est pas le cas. La guerre sera bient\u00f4t d\u00e9clar\u00e9e, j&rsquo;\u00e9cris laborieusement sur un carnet quadrill\u00e9, des chapitres entiers, dans l&rsquo;impossibilit\u00e9 de trouver un exemplaire neuf. Mais l&rsquo;homme au livre, Olivier de Carfort, est l\u00e0 et, dor\u00e9navant, cela durera trente ans, il parle, il parle d&rsquo;abondance, mettant \u00e0 ma disposition sa connaissance exceptionnelle des sujets traditionnels. Il m&rsquo;ouvre g\u00e9n\u00e9reusement la porte des messagers de l&rsquo;Unique mais ce sont toujours \u2013 en tout cas \u00e0 une exception pr\u00e8s car il avait une vraie passion pour Cocteau\u2026 \u2013 les authentiques repr\u00e9sentants de ce que Georges Vallin qualifiera plus tard de \u00ab l&rsquo;id\u00e9ologie fondamentale de l&rsquo;Asie traditionnelle, telle qu&rsquo;elle transpara\u00eet dans les doctrines du V\u00e9d\u00e2nta non dualiste, du Tao\u00efsme, du Bouddhisme du Grand V\u00e9hicule \u00bb, auxquels j&rsquo;apprends qu&rsquo;il faut ajouter la Kabbale, le message chr\u00e9tien, le Soufisme.<\/span><\/span><\/p>\n<p class=\"western\" align=\"justify\"><span style=\"color: #000000;\"><span style=\"font-size: medium;\">L&rsquo;aventure, la grande, la vraie, commence pour moi et c&rsquo;est au moment o\u00f9 j&rsquo;assiste \u00e0, ou plut\u00f4t subis, mon premier bombardement, le 10 mai 1940, que je pressens qu&rsquo;il ne s&rsquo;agit l\u00e0 que d&rsquo;une \u00ab petite \u00bb guerre, la \u00ab grande \u00bb restant celle de mon combat int\u00e9rieur. En 1940 une telle subtilit\u00e9 n&rsquo;existe pas pour moi et il me faut traverser les angoisses de l&rsquo;occupation, de la r\u00e9sistance, de la lib\u00e9ration avec toujours sur moi, arme absolue, le carnet rempli de citations de Gu\u00e9non. J&rsquo;esp\u00e8re ne pas en \u00eatre aujourd&rsquo;hui un ancien combattant.<\/span><\/span><\/p>\n<p class=\"western\" align=\"justify\"><span style=\"color: #000000;\"><span style=\"font-size: medium;\">Comme souvent dans une situation semblable, j&rsquo;imagine qu&rsquo;il en est ainsi dans un Ashram et dans un couvent, je vis ce que je lis au travers de ma transformation personnelle, mais aussi au milieu d&rsquo;hommes et de femmes ayant choisi la m\u00eame Voie. Et en premier lieu, bien s\u00fbr, avec Ren\u00e9 Gu\u00e9non lui-m\u00eame qui, ayant su mon s\u00e9jour \u00e0 Tiruvannamalai, aupr\u00e8s de Sri Ramana Maharshi, se montrait int\u00e9ress\u00e9 par cette exp\u00e9rience. Je l&rsquo;apprends de l&rsquo;un de ceux qui en est le plus proche, Michel Valsan, et c&rsquo;est ainsi que commence entre nous une correspondance qui ne cessera qu&rsquo;\u00e0 sa mort physique. Tout ce livre est empreint de son influence et je ne saurais rien en dire d&rsquo;autre. Sinon que je suis s\u00fbr que ma tendance naturelle \u00e0 la fid\u00e9lit\u00e9 et \u00e0 la reconnaissance m&rsquo;a pr\u00e9serv\u00e9 de cette contestation souterraine et de cet individualisme pr\u00e9tentieux qui, au long des ann\u00e9es, a \u00e9loign\u00e9 de Ren\u00e9 Gu\u00e9non tant de personnes qui lui devaient l&rsquo;essentiel. Un livre ne suffirait pas pour narrer les \u00e9pisodes \u00ab gu\u00e9noniens \u00bb, \u00ab antigu\u00e9noniens \u00bb et \u00ab pseudo-gu\u00e9noniens \u00bb v\u00e9cus en presque cinquante ans ! Sans doute une des grandes b\u00e9n\u00e9dictions de mon existence est d&rsquo;avoir \u00ab su \u00bb imm\u00e9diatement, \u00e0 un niveau de mon \u00eatre non touch\u00e9 par la raison ou le sentiment, qui \u00e9tait Gu\u00e9non, le caract\u00e8re essentiel de son t\u00e9moignage comme la puret\u00e9 cristalline de sa personne. Cela m&rsquo;a donn\u00e9 une protection sacr\u00e9e face aux rationalisations cultiv\u00e9es de ses d\u00e9tracteurs, et de certains de ses \u00ab disciples \u00bb et aux bavures passionnelles de tous ceux qui le rejetaient. Et aujourd&rsquo;hui, le seul \u00ab r\u00e9sultat \u00bb qui compte, non redevable d&rsquo;une justice humaine, est l&rsquo;\u00e9tat int\u00e9rieur de ceux qui, \u00e0 un moment de leur vie, ont rencontr\u00e9 la personne ou l\u2019\u0153uvre de Ren\u00e9 Gu\u00e9non.<\/span><\/span><\/p>\n<p class=\"western\" align=\"justify\"><span style=\"color: #000000;\"><span style=\"font-size: medium;\">J&rsquo;ai consacr\u00e9 un livre \u00e0 Ramana Maharshi. \u00c9crivant cela, je pense m&rsquo;\u00e9viter une nouvelle \u00e9criture en renvoyant le lecteur \u00e0 mon ouvrage pr\u00e9c\u00e9dent. Mais je suis frapp\u00e9 par l&rsquo;absurdit\u00e9 et la pr\u00e9tention de cette phrase, m\u00eame si elle correspond \u00e0 une r\u00e9alit\u00e9 historique. J&rsquo;imagine un Bouddhiste m&rsquo;annon\u00e7ant avec solennit\u00e9 qu&rsquo;il a publi\u00e9 un ouvrage sur le premier patriarche Bodhidharma, ou sur le Bouddha. Serai-je tent\u00e9 de le lire ? &#8230;<\/span><\/span><\/p>\n<p class=\"western\" align=\"justify\"><span style=\"color: #000000;\"><span style=\"font-size: medium;\">Bhagavan Sri Ramana Maharshi est un homme r\u00e9alis\u00e9. Voil\u00e0, \u00e0 nouveau, ce mot d\u00e9cisif : r\u00e9alisation. Il est bien ici le message traditionnel central, re-annonc\u00e9 au monde occidental par Gu\u00e9non : l&rsquo;\u00eatre humain, en tant que tel peut atteindre \u00e0 la Connaissance ultime de lui-m\u00eame qui en fait un jivan-mukta, un \u00eatre d\u00e9livr\u00e9. Je me trouve en face de la \u00ab preuve \u00bb vivante chaque europ\u00e9en a un c\u00f4t\u00e9 Saint-Thomas, il a besoin de toucher et de voir de la pr\u00e9sence, d&rsquo;abord, et de la pr\u00e9\u00e9minence, ensuite, de la nature divine de l&rsquo;homme.<\/span><\/span><\/p>\n<p class=\"western\" align=\"justify\"><span style=\"color: #000000;\"><span style=\"font-size: medium;\">Il EST l\u00e0, d\u00e9sencombr\u00e9, LIBRE. Il ne devrait y avoir rien \u00e0 en dire d&rsquo;autre.<\/span><\/span><\/p>\n<p class=\"western\" align=\"justify\"><span style=\"color: #000000;\"><span style=\"font-size: medium;\">Oubliez le monde et regardez la soci\u00e9t\u00e9 qui vous entoure \u2013 longue expiration, inspiration venue d&rsquo;ailleurs \u2013 oubliez la soci\u00e9t\u00e9 et regardez les personnes qui la constituent \u2013 mouvement d&rsquo;attraction vers le Ciel et redescente vers la terre \u2013 oubliez les personnes et regardez l&rsquo;id\u00e9e que vous vous en faites \u2013 immobilit\u00e9 du corps et du mental \u2013 oubliez l&rsquo;id\u00e9e et vous comprendrez qui vous \u00eates \u2013 silence int\u00e9rieur.<\/span><\/span><\/p>\n","protected":false},"excerpt":{"rendered":"<p>(Extrait de L\u2019Iris et le Lotus 1985) L&rsquo;Iris Symbole du lien entre la terre et le ciel, entre les hommes et les dieux, cette fleur rev\u00eatue d&rsquo;un voile aux couleurs de l&rsquo;arc-en-ciel, repr\u00e9sente le travail effectu\u00e9 sur soi-m\u00eame pour retrouver dans l&rsquo;existence journali\u00e8re ce qui fait que toute personne est une image de Dieu. La [&hellip;]<\/p>\n","protected":false},"author":2,"featured_media":17468,"comment_status":"closed","ping_status":"closed","sticky":false,"template":"","format":"standard","meta":{"footnotes":""},"categories":[110,944],"tags":[1446,98,1445,1429,111,46,277,147],"class_list":["post-17710","post","type-post","status-publish","format-standard","has-post-thumbnail","hentry","category-h-hartung","category-temoignage","tag-cheminement-interieur","tag-durkheim","tag-engagement-spirituel","tag-guenon","tag-ramana","tag-silence","tag-tradition","tag-travail-sur-soi"],"yoast_head":"<!-- This site is optimized with the Yoast SEO plugin v27.0 - https:\/\/yoast.com\/product\/yoast-seo-wordpress\/ -->\n<title>L&#039;Iris &amp; le Lotus par Henri Hartung - 3e mill\u00e9naire - Spiritualit\u00e9 - Connaissance de soi - Non-dualit\u00e9 - M\u00e9ditation<\/title>\n<meta name=\"robots\" content=\"index, follow, max-snippet:-1, max-image-preview:large, max-video-preview:-1\" \/>\n<link rel=\"canonical\" href=\"https:\/\/www.revue3emillenaire.com\/blog\/liris-lotus-henri-hartung\/\" \/>\n<meta property=\"og:locale\" content=\"fr_FR\" \/>\n<meta property=\"og:type\" content=\"article\" \/>\n<meta property=\"og:title\" content=\"L&#039;Iris &amp; le Lotus par Henri Hartung - 3e mill\u00e9naire - Spiritualit\u00e9 - Connaissance de soi - Non-dualit\u00e9 - M\u00e9ditation\" \/>\n<meta property=\"og:description\" content=\"(Extrait de L\u2019Iris et le Lotus 1985) L&rsquo;Iris Symbole du lien entre la terre et le ciel, entre les hommes et les dieux, cette fleur rev\u00eatue d&rsquo;un voile aux couleurs de l&rsquo;arc-en-ciel, repr\u00e9sente le travail effectu\u00e9 sur soi-m\u00eame pour retrouver dans l&rsquo;existence journali\u00e8re ce qui fait que toute personne est une image de Dieu. La [&hellip;]\" \/>\n<meta property=\"og:url\" content=\"https:\/\/www.revue3emillenaire.com\/blog\/liris-lotus-henri-hartung\/\" \/>\n<meta property=\"og:site_name\" content=\"3e mill\u00e9naire - Spiritualit\u00e9 - Connaissance de soi - Non-dualit\u00e9 - M\u00e9ditation\" \/>\n<meta property=\"article:published_time\" content=\"2018-02-23T04:05:15+00:00\" \/>\n<meta property=\"og:image\" content=\"https:\/\/www.revue3emillenaire.com\/blog\/wp-content\/uploads\/2017\/03\/Henri-Hartung.jpeg\" \/>\n\t<meta property=\"og:image:width\" content=\"145\" \/>\n\t<meta property=\"og:image:height\" content=\"201\" \/>\n\t<meta property=\"og:image:type\" content=\"image\/jpeg\" \/>\n<meta name=\"author\" content=\"3e mill\u00e9naire\" \/>\n<meta name=\"twitter:card\" content=\"summary_large_image\" \/>\n<meta name=\"twitter:label1\" content=\"\u00c9crit par\" \/>\n\t<meta name=\"twitter:data1\" content=\"3e mill\u00e9naire\" \/>\n\t<meta name=\"twitter:label2\" content=\"Dur\u00e9e de lecture estim\u00e9e\" \/>\n\t<meta name=\"twitter:data2\" content=\"72 minutes\" \/>\n<script type=\"application\/ld+json\" class=\"yoast-schema-graph\">{\"@context\":\"https:\/\/schema.org\",\"@graph\":[{\"@type\":\"Article\",\"@id\":\"https:\/\/www.revue3emillenaire.com\/blog\/liris-lotus-henri-hartung\/#article\",\"isPartOf\":{\"@id\":\"https:\/\/www.revue3emillenaire.com\/blog\/liris-lotus-henri-hartung\/\"},\"author\":{\"name\":\"3e mill\u00e9naire\",\"@id\":\"https:\/\/www.revue3emillenaire.com\/blog\/#\/schema\/person\/b692dacff720a5344a6190bc714397eb\"},\"headline\":\"L&rsquo;Iris &#038; le Lotus par Henri Hartung\",\"datePublished\":\"2018-02-23T04:05:15+00:00\",\"mainEntityOfPage\":{\"@id\":\"https:\/\/www.revue3emillenaire.com\/blog\/liris-lotus-henri-hartung\/\"},\"wordCount\":14462,\"image\":{\"@id\":\"https:\/\/www.revue3emillenaire.com\/blog\/liris-lotus-henri-hartung\/#primaryimage\"},\"thumbnailUrl\":\"https:\/\/www.revue3emillenaire.com\/blog\/wp-content\/uploads\/2017\/03\/Henri-Hartung.jpeg\",\"keywords\":[\"Cheminement int\u00e9rieur\",\"Durkhe\u00efm\",\"Engagement spirituel\",\"Gu\u00e9non\",\"Ramana\",\"Silence\",\"Tradition\",\"Travail sur soi\"],\"articleSection\":[\"Hartung Henri\",\"T\u00e9moignage\"],\"inLanguage\":\"fr-FR\"},{\"@type\":\"WebPage\",\"@id\":\"https:\/\/www.revue3emillenaire.com\/blog\/liris-lotus-henri-hartung\/\",\"url\":\"https:\/\/www.revue3emillenaire.com\/blog\/liris-lotus-henri-hartung\/\",\"name\":\"L'Iris & le Lotus par Henri Hartung - 3e mill\u00e9naire - Spiritualit\u00e9 - Connaissance de soi - Non-dualit\u00e9 - M\u00e9ditation\",\"isPartOf\":{\"@id\":\"https:\/\/www.revue3emillenaire.com\/blog\/#website\"},\"primaryImageOfPage\":{\"@id\":\"https:\/\/www.revue3emillenaire.com\/blog\/liris-lotus-henri-hartung\/#primaryimage\"},\"image\":{\"@id\":\"https:\/\/www.revue3emillenaire.com\/blog\/liris-lotus-henri-hartung\/#primaryimage\"},\"thumbnailUrl\":\"https:\/\/www.revue3emillenaire.com\/blog\/wp-content\/uploads\/2017\/03\/Henri-Hartung.jpeg\",\"datePublished\":\"2018-02-23T04:05:15+00:00\",\"author\":{\"@id\":\"https:\/\/www.revue3emillenaire.com\/blog\/#\/schema\/person\/b692dacff720a5344a6190bc714397eb\"},\"breadcrumb\":{\"@id\":\"https:\/\/www.revue3emillenaire.com\/blog\/liris-lotus-henri-hartung\/#breadcrumb\"},\"inLanguage\":\"fr-FR\",\"potentialAction\":[{\"@type\":\"ReadAction\",\"target\":[\"https:\/\/www.revue3emillenaire.com\/blog\/liris-lotus-henri-hartung\/\"]}]},{\"@type\":\"ImageObject\",\"inLanguage\":\"fr-FR\",\"@id\":\"https:\/\/www.revue3emillenaire.com\/blog\/liris-lotus-henri-hartung\/#primaryimage\",\"url\":\"https:\/\/www.revue3emillenaire.com\/blog\/wp-content\/uploads\/2017\/03\/Henri-Hartung.jpeg\",\"contentUrl\":\"https:\/\/www.revue3emillenaire.com\/blog\/wp-content\/uploads\/2017\/03\/Henri-Hartung.jpeg\",\"width\":145,\"height\":201},{\"@type\":\"BreadcrumbList\",\"@id\":\"https:\/\/www.revue3emillenaire.com\/blog\/liris-lotus-henri-hartung\/#breadcrumb\",\"itemListElement\":[{\"@type\":\"ListItem\",\"position\":1,\"name\":\"Accueil\",\"item\":\"https:\/\/www.revue3emillenaire.com\/blog\/\"},{\"@type\":\"ListItem\",\"position\":2,\"name\":\"L&rsquo;Iris &#038; le Lotus par Henri Hartung\"}]},{\"@type\":\"WebSite\",\"@id\":\"https:\/\/www.revue3emillenaire.com\/blog\/#website\",\"url\":\"https:\/\/www.revue3emillenaire.com\/blog\/\",\"name\":\"3e mill\u00e9naire - Spiritualit\u00e9 - Connaissance de soi - Non-dualit\u00e9 - M\u00e9ditation\",\"description\":\"L&#039;Homme en devenir\",\"potentialAction\":[{\"@type\":\"SearchAction\",\"target\":{\"@type\":\"EntryPoint\",\"urlTemplate\":\"https:\/\/www.revue3emillenaire.com\/blog\/?s={search_term_string}\"},\"query-input\":{\"@type\":\"PropertyValueSpecification\",\"valueRequired\":true,\"valueName\":\"search_term_string\"}}],\"inLanguage\":\"fr-FR\"},{\"@type\":\"Person\",\"@id\":\"https:\/\/www.revue3emillenaire.com\/blog\/#\/schema\/person\/b692dacff720a5344a6190bc714397eb\",\"name\":\"3e mill\u00e9naire\",\"url\":\"https:\/\/www.revue3emillenaire.com\/blog\/author\/scoussa\/\"}]}<\/script>\n<!-- \/ Yoast SEO plugin. -->","yoast_head_json":{"title":"L'Iris & le Lotus par Henri Hartung - 3e mill\u00e9naire - Spiritualit\u00e9 - Connaissance de soi - Non-dualit\u00e9 - M\u00e9ditation","robots":{"index":"index","follow":"follow","max-snippet":"max-snippet:-1","max-image-preview":"max-image-preview:large","max-video-preview":"max-video-preview:-1"},"canonical":"https:\/\/www.revue3emillenaire.com\/blog\/liris-lotus-henri-hartung\/","og_locale":"fr_FR","og_type":"article","og_title":"L'Iris & le Lotus par Henri Hartung - 3e mill\u00e9naire - Spiritualit\u00e9 - Connaissance de soi - Non-dualit\u00e9 - M\u00e9ditation","og_description":"(Extrait de L\u2019Iris et le Lotus 1985) L&rsquo;Iris Symbole du lien entre la terre et le ciel, entre les hommes et les dieux, cette fleur rev\u00eatue d&rsquo;un voile aux couleurs de l&rsquo;arc-en-ciel, repr\u00e9sente le travail effectu\u00e9 sur soi-m\u00eame pour retrouver dans l&rsquo;existence journali\u00e8re ce qui fait que toute personne est une image de Dieu. La [&hellip;]","og_url":"https:\/\/www.revue3emillenaire.com\/blog\/liris-lotus-henri-hartung\/","og_site_name":"3e mill\u00e9naire - Spiritualit\u00e9 - Connaissance de soi - Non-dualit\u00e9 - M\u00e9ditation","article_published_time":"2018-02-23T04:05:15+00:00","og_image":[{"width":145,"height":201,"url":"https:\/\/www.revue3emillenaire.com\/blog\/wp-content\/uploads\/2017\/03\/Henri-Hartung.jpeg","type":"image\/jpeg"}],"author":"3e mill\u00e9naire","twitter_card":"summary_large_image","twitter_misc":{"\u00c9crit par":"3e mill\u00e9naire","Dur\u00e9e de lecture estim\u00e9e":"72 minutes"},"schema":{"@context":"https:\/\/schema.org","@graph":[{"@type":"Article","@id":"https:\/\/www.revue3emillenaire.com\/blog\/liris-lotus-henri-hartung\/#article","isPartOf":{"@id":"https:\/\/www.revue3emillenaire.com\/blog\/liris-lotus-henri-hartung\/"},"author":{"name":"3e mill\u00e9naire","@id":"https:\/\/www.revue3emillenaire.com\/blog\/#\/schema\/person\/b692dacff720a5344a6190bc714397eb"},"headline":"L&rsquo;Iris &#038; le Lotus par Henri Hartung","datePublished":"2018-02-23T04:05:15+00:00","mainEntityOfPage":{"@id":"https:\/\/www.revue3emillenaire.com\/blog\/liris-lotus-henri-hartung\/"},"wordCount":14462,"image":{"@id":"https:\/\/www.revue3emillenaire.com\/blog\/liris-lotus-henri-hartung\/#primaryimage"},"thumbnailUrl":"https:\/\/www.revue3emillenaire.com\/blog\/wp-content\/uploads\/2017\/03\/Henri-Hartung.jpeg","keywords":["Cheminement int\u00e9rieur","Durkhe\u00efm","Engagement spirituel","Gu\u00e9non","Ramana","Silence","Tradition","Travail sur soi"],"articleSection":["Hartung Henri","T\u00e9moignage"],"inLanguage":"fr-FR"},{"@type":"WebPage","@id":"https:\/\/www.revue3emillenaire.com\/blog\/liris-lotus-henri-hartung\/","url":"https:\/\/www.revue3emillenaire.com\/blog\/liris-lotus-henri-hartung\/","name":"L'Iris & le Lotus par Henri Hartung - 3e mill\u00e9naire - Spiritualit\u00e9 - Connaissance de soi - Non-dualit\u00e9 - M\u00e9ditation","isPartOf":{"@id":"https:\/\/www.revue3emillenaire.com\/blog\/#website"},"primaryImageOfPage":{"@id":"https:\/\/www.revue3emillenaire.com\/blog\/liris-lotus-henri-hartung\/#primaryimage"},"image":{"@id":"https:\/\/www.revue3emillenaire.com\/blog\/liris-lotus-henri-hartung\/#primaryimage"},"thumbnailUrl":"https:\/\/www.revue3emillenaire.com\/blog\/wp-content\/uploads\/2017\/03\/Henri-Hartung.jpeg","datePublished":"2018-02-23T04:05:15+00:00","author":{"@id":"https:\/\/www.revue3emillenaire.com\/blog\/#\/schema\/person\/b692dacff720a5344a6190bc714397eb"},"breadcrumb":{"@id":"https:\/\/www.revue3emillenaire.com\/blog\/liris-lotus-henri-hartung\/#breadcrumb"},"inLanguage":"fr-FR","potentialAction":[{"@type":"ReadAction","target":["https:\/\/www.revue3emillenaire.com\/blog\/liris-lotus-henri-hartung\/"]}]},{"@type":"ImageObject","inLanguage":"fr-FR","@id":"https:\/\/www.revue3emillenaire.com\/blog\/liris-lotus-henri-hartung\/#primaryimage","url":"https:\/\/www.revue3emillenaire.com\/blog\/wp-content\/uploads\/2017\/03\/Henri-Hartung.jpeg","contentUrl":"https:\/\/www.revue3emillenaire.com\/blog\/wp-content\/uploads\/2017\/03\/Henri-Hartung.jpeg","width":145,"height":201},{"@type":"BreadcrumbList","@id":"https:\/\/www.revue3emillenaire.com\/blog\/liris-lotus-henri-hartung\/#breadcrumb","itemListElement":[{"@type":"ListItem","position":1,"name":"Accueil","item":"https:\/\/www.revue3emillenaire.com\/blog\/"},{"@type":"ListItem","position":2,"name":"L&rsquo;Iris &#038; le Lotus par Henri Hartung"}]},{"@type":"WebSite","@id":"https:\/\/www.revue3emillenaire.com\/blog\/#website","url":"https:\/\/www.revue3emillenaire.com\/blog\/","name":"3e mill\u00e9naire - Spiritualit\u00e9 - Connaissance de soi - Non-dualit\u00e9 - M\u00e9ditation","description":"L&#039;Homme en devenir","potentialAction":[{"@type":"SearchAction","target":{"@type":"EntryPoint","urlTemplate":"https:\/\/www.revue3emillenaire.com\/blog\/?s={search_term_string}"},"query-input":{"@type":"PropertyValueSpecification","valueRequired":true,"valueName":"search_term_string"}}],"inLanguage":"fr-FR"},{"@type":"Person","@id":"https:\/\/www.revue3emillenaire.com\/blog\/#\/schema\/person\/b692dacff720a5344a6190bc714397eb","name":"3e mill\u00e9naire","url":"https:\/\/www.revue3emillenaire.com\/blog\/author\/scoussa\/"}]}},"_links":{"self":[{"href":"https:\/\/www.revue3emillenaire.com\/blog\/wp-json\/wp\/v2\/posts\/17710","targetHints":{"allow":["GET"]}}],"collection":[{"href":"https:\/\/www.revue3emillenaire.com\/blog\/wp-json\/wp\/v2\/posts"}],"about":[{"href":"https:\/\/www.revue3emillenaire.com\/blog\/wp-json\/wp\/v2\/types\/post"}],"author":[{"embeddable":true,"href":"https:\/\/www.revue3emillenaire.com\/blog\/wp-json\/wp\/v2\/users\/2"}],"replies":[{"embeddable":true,"href":"https:\/\/www.revue3emillenaire.com\/blog\/wp-json\/wp\/v2\/comments?post=17710"}],"version-history":[{"count":0,"href":"https:\/\/www.revue3emillenaire.com\/blog\/wp-json\/wp\/v2\/posts\/17710\/revisions"}],"wp:featuredmedia":[{"embeddable":true,"href":"https:\/\/www.revue3emillenaire.com\/blog\/wp-json\/wp\/v2\/media\/17468"}],"wp:attachment":[{"href":"https:\/\/www.revue3emillenaire.com\/blog\/wp-json\/wp\/v2\/media?parent=17710"}],"wp:term":[{"taxonomy":"category","embeddable":true,"href":"https:\/\/www.revue3emillenaire.com\/blog\/wp-json\/wp\/v2\/categories?post=17710"},{"taxonomy":"post_tag","embeddable":true,"href":"https:\/\/www.revue3emillenaire.com\/blog\/wp-json\/wp\/v2\/tags?post=17710"}],"curies":[{"name":"wp","href":"https:\/\/api.w.org\/{rel}","templated":true}]}}