{"id":17756,"date":"2018-05-18T03:09:29","date_gmt":"2018-05-18T02:09:29","guid":{"rendered":"http:\/\/www.revue3emillenaire.com\/blog\/?p=17756"},"modified":"2018-05-25T23:55:53","modified_gmt":"2018-05-25T22:55:53","slug":"le-zen-universel-qui-suis-je","status":"publish","type":"post","link":"https:\/\/www.revue3emillenaire.com\/blog\/le-zen-universel-qui-suis-je\/","title":{"rendered":"Le Zen Universel: Qui suis-je? (citations)"},"content":{"rendered":"<p class=\"western\" lang=\"en-US\" align=\"justify\"><span style=\"color: #000000;\"><span style=\"font-size: medium;\"><span lang=\"fr-CA\">\u00a0<\/span><\/span><\/span><\/p>\n<p class=\"western\" lang=\"en-US\" align=\"justify\"><span style=\"color: #000000;\"><span style=\"font-size: medium;\"><span lang=\"fr-CA\"> Voici les pens\u00e9es de tous les hommes, de tous les \u00e2ges et de tous les pays \u2014 ce ne sont pas seulement les miennes.<\/span><\/span><\/span><\/p>\n<p class=\"western\" lang=\"en-US\" align=\"justify\"><span style=\"color: #000000;\"><span style=\"font-size: medium;\"><span lang=\"fr-CA\"> Si elles ne sont pas les v\u00f4tres autant que les miennes, elles ne sont rien ou presque rien.<\/span><\/span><\/span><\/p>\n<p class=\"western\" lang=\"en-US\" align=\"justify\"><span style=\"color: #000000;\"><span style=\"font-size: medium;\"><span lang=\"fr-CA\"> Si elles n&rsquo;enferment pas toutes choses, elles ne sont presque rien.<\/span><\/span><\/span><\/p>\n<p class=\"western\" lang=\"en-US\" align=\"justify\"><span style=\"color: #000000;\"><span style=\"font-size: medium;\"><span lang=\"fr-CA\"> Si elles ne sont pas l&rsquo;\u00e9nigme et la solution de l&rsquo;\u00e9nigme, elles ne sont rien.<\/span><\/span><\/span><\/p>\n<p class=\"western\" lang=\"en-US\" align=\"justify\"><span style=\"color: #000000;\"><span style=\"font-size: medium;\"><span lang=\"fr-CA\"> Si elles ne sont pas aussi proches qu&rsquo;elles sont lointaines, elles ne sont rien.<\/span><\/span><\/span><\/p>\n<p class=\"western\" lang=\"en-US\" align=\"right\"><span style=\"color: #000000;\"><span style=\"font-size: medium;\"><span lang=\"fr-CA\">WALT WHITMAN, <\/span><\/span><\/span><span style=\"color: #000000;\"><span style=\"font-size: medium;\"><span lang=\"fr-CA\"><i>Feuilles d&rsquo;herbe<\/i><\/span><\/span><\/span><span style=\"color: #000000;\"><span style=\"font-size: medium;\"><span lang=\"fr-CA\">.<\/span><\/span><\/span><\/p>\n<p class=\"western\" lang=\"en-US\" align=\"justify\"><span style=\"color: #000000;\"><span style=\"font-size: medium;\"><span lang=\"fr-CA\">L&rsquo;enseignement du Zen consiste en un ensemble \u00e9prouv\u00e9 de connaissances et de pratiques, sp\u00e9cialement con\u00e7u pour provoquer un \u00e9tat d&rsquo;illumination de la conscience. L&rsquo;Occidental qui voudrait atteindre cet \u00e9veil spirituel par les moyens du zazen et du sanzen, du jodo et du kufu, du koan et du mondo, sera de toute \u00e9vidence oblig\u00e9 de r\u00e9viser profond\u00e9ment son orientation psychologique traditionnelle. Cela n&rsquo;implique pas pourtant que la \u00ab conscience \u00bb zen appartienne en propre \u00e0 un secteur g\u00e9ographique particulier de l&rsquo;Asie. Dans le monde entier des po\u00e8tes, des mystiques, des artistes et des philosophes ont partag\u00e9 et parfois exprim\u00e9 sur la nature de la R\u00e9alit\u00e9 des vues auxquelles le terme de \u00ab zen \u00bb, utilis\u00e9 comme un adjectif, est applicable. R. H. Blyth a \u00e9t\u00e9 l&rsquo;un des premiers \u00e0 mettre en lumi\u00e8re l&rsquo;universalit\u00e9 essentielle du Zen et des modes de perception qui lui sont propres.<\/span><\/span><\/span><\/p>\n<p class=\"western\" lang=\"en-US\" align=\"justify\"><span style=\"color: #000000;\"><span style=\"font-size: medium;\"><span lang=\"fr-CA\">Encourag\u00e9e par son exemple, j&rsquo;ai entrepris de choisir dans la litt\u00e9rature occidentale et orientale des exemples de ces mani\u00e8res de voir et de sentir proches de celles du Zen, en essayant autant que possible d&rsquo;\u00e9viter les dangers de citations d\u00e9tach\u00e9es de leur contexte.<\/span><\/span><\/span><\/p>\n<p class=\"western\" lang=\"en-US\" align=\"justify\"><span style=\"color: #000000;\"><span style=\"font-size: medium;\"><span lang=\"fr-CA\">J&rsquo;ai group\u00e9 ces \u00ab illustrations \u00bb en six cat\u00e9gories de mon choix, en suivant un ordre m\u00e9thodique, et en souhaitant que le lecteur veuille bien lui-m\u00eame suivre cet ordre.<\/span><\/span><\/span><\/p>\n<p class=\"western\" lang=\"en-US\" align=\"right\"><span style=\"color: #000000;\"><span style=\"font-size: medium;\"><span lang=\"fr-CA\">N. W. R.<\/span><\/span><\/span><\/p>\n<p class=\"western\" lang=\"en-US\" align=\"center\"><span style=\"color: #000000;\"><span style=\"font-size: medium;\"><span lang=\"fr-CA\"><b>QUI SUIS-JE?<\/b><\/span><\/span><\/span><\/p>\n<p class=\"western\" lang=\"en-US\" align=\"justify\"><span style=\"color: #000000;\"><span style=\"font-size: medium;\"><span lang=\"fr-CA\">\u00ab Je suis s\u00fbre que je ne suis pas Ada, car ses cheveux font de longues boucles, et les miens ne sont pas boucl\u00e9s du tout. Et je suis s\u00fbre de ne pas \u00eatre Mabel, car je sais toutes sortes de choses et elle, oh ! elle en sait si peu ! En outre, elle est elle et moi je suis moi et \u2014 oh ! que tout cela est donc compliqu\u00e9! \u00bb<\/span><\/span><\/span><\/p>\n<p class=\"western\" lang=\"en-US\" align=\"right\"><span style=\"color: #000000;\"><span style=\"font-size: medium;\"><span lang=\"fr-CA\">LEWIS CARROLL, <\/span><\/span><\/span><span style=\"color: #000000;\"><span style=\"font-size: medium;\"><span lang=\"fr-CA\"><i>Alice au Pays des Merveilles<\/i><\/span><\/span><\/span><span style=\"color: #000000;\"><span style=\"font-size: medium;\"><span lang=\"fr-CA\">.<\/span><\/span><\/span><\/p>\n<p class=\"western\" lang=\"en-US\" align=\"justify\"><span style=\"color: #000000;\"><span style=\"font-size: medium;\"><span lang=\"fr-CA\">Un homme a en lui plusieurs peaux, couvrant les profondeurs de son c\u0153ur. L&rsquo;homme sait beaucoup de choses, mais il ne se conna\u00eet pas lui-m\u00eame. Trente ou quarante \u00e9paisseurs de peau, aussi dures que celle du b\u0153uf ou de l&rsquo;ours, couvrent son \u00e2me. Plonge-toi en toi-m\u00eame et apprends-y \u00e0 te conna\u00eetre.<\/span><\/span><\/span><\/p>\n<p class=\"western\" lang=\"en-US\" align=\"right\"><span style=\"color: #000000;\"><span style=\"font-size: medium;\"><span lang=\"fr-CA\">MAITRE ECKHART.<\/span><\/span><\/span><\/p>\n<p class=\"western\" lang=\"en-US\" align=\"justify\"><span style=\"color: #000000;\"><span style=\"font-size: medium;\"><span lang=\"fr-CA\">Comme je montais l&rsquo;escalier<\/span><\/span><\/span><\/p>\n<p class=\"western\" lang=\"en-US\" align=\"justify\"><span style=\"color: #000000;\"><span style=\"font-size: medium;\"><span lang=\"fr-CA\">Je rencontrai un homme qui n&rsquo;\u00e9tait pas l\u00e0.<\/span><\/span><\/span><\/p>\n<p class=\"western\" lang=\"en-US\" align=\"justify\"><span style=\"color: #000000;\"><span style=\"font-size: medium;\"><span lang=\"fr-CA\">Aujourd&rsquo;hui non plus il n&rsquo;y \u00e9tait pas.<\/span><\/span><\/span><\/p>\n<p class=\"western\" lang=\"en-US\" align=\"justify\"><span style=\"color: #000000;\"><span style=\"font-size: medium;\"><span lang=\"fr-CA\">Fasse Dieu qu&rsquo;il soit parti !<\/span><\/span><\/span><\/p>\n<p class=\"western\" lang=\"en-US\" align=\"right\"><span style=\"color: #000000;\"><span style=\"font-size: medium;\"><span lang=\"fr-CA\">HUGUES MEARNS.<\/span><\/span><\/span><\/p>\n<p class=\"western\" lang=\"en-US\" align=\"justify\"><span style=\"color: #000000;\"><span style=\"font-size: medium;\"><span lang=\"fr-CA\">Au bruit de la cloche qui r\u00e9sonne dans la nuit silencieuse, je m&rsquo;\u00e9veille de mon r\u00eave dans ce monde de r\u00eave qui est le n\u00f4tre. En regardant le reflet de la lune dans l&rsquo;\u00e9tang, je vois, au-del\u00e0 de ma forme, ma vraie forme.<\/span><\/span><\/span><\/p>\n<p class=\"western\" lang=\"en-US\" align=\"right\"><span style=\"color: #000000;\"><span style=\"font-size: medium;\"><span lang=\"fr-CA\">KOJISHEI.<\/span><\/span><\/span><\/p>\n<p class=\"western\" lang=\"en-US\" align=\"justify\"><span style=\"color: #000000;\"><span style=\"font-size: medium;\"><span lang=\"fr-CA\">La r\u00e9volution psychologique, cr\u00e9atrice, o\u00f9 le moi n&rsquo;est pas en jeu, se produit seulement lorsque le penseur et la pens\u00e9e ne font qu&rsquo;un, lorsque est d\u00e9pass\u00e9e la dualit\u00e9 qui fait que le penseur contr\u00f4le la pens\u00e9e. \u00c0 mon avis, c&rsquo;est cette exp\u00e9rience seule qui lib\u00e8re l&rsquo;\u00e9nergie cr\u00e9atrice, laquelle, \u00e0 son tour, provoque une r\u00e9volution fondamentale \u2014 l&rsquo;\u00e9clatement du moi psychologique.<\/span><\/span><\/span><\/p>\n<p class=\"western\" lang=\"en-US\" align=\"right\"><span style=\"color: #000000;\"><span style=\"font-size: medium;\"><span lang=\"fr-CA\">KRISHNAMURTI, <\/span><\/span><\/span><span style=\"color: #000000;\"><span style=\"font-size: medium;\"><span lang=\"fr-CA\"><i>La premi\u00e8re et derni\u00e8re libert\u00e9<\/i><\/span><\/span><\/span><span style=\"color: #000000;\"><span style=\"font-size: medium;\"><span lang=\"fr-CA\">.<\/span><\/span><\/span><\/p>\n<p class=\"western\" lang=\"en-US\" align=\"justify\"><span style=\"color: #000000;\"><span style=\"font-size: medium;\"><span lang=\"fr-CA\">Zuigan, chaque jour, s&rsquo;appelait lui-m\u00eame : \u00ab Ma\u00eetre ! \u00bb<\/span><\/span><\/span><\/p>\n<p class=\"western\" lang=\"en-US\" align=\"justify\"><span style=\"color: #000000;\"><span style=\"font-size: medium;\"><span lang=\"fr-CA\">Et il se r\u00e9pondait : \u00ab Oui, je t&rsquo;\u00e9coute. \u00bb<\/span><\/span><\/span><\/p>\n<p class=\"western\" lang=\"en-US\" align=\"justify\"><span style=\"color: #000000;\"><span style=\"font-size: medium;\"><span lang=\"fr-CA\">Alors il disait : \u00ab Deviens sobre. \u00bb<\/span><\/span><\/span><\/p>\n<p class=\"western\" lang=\"en-US\" align=\"justify\"><span style=\"color: #000000;\"><span style=\"font-size: medium;\"><span lang=\"fr-CA\">Et il ajoutait \u00e0 nouveau : \u00ab Oui, Ma\u00eetre. \u00bb<\/span><\/span><\/span><\/p>\n<p class=\"western\" lang=\"en-US\" align=\"justify\"><span style=\"color: #000000;\"><span style=\"font-size: medium;\"><span lang=\"fr-CA\">Il ajoutait ensuite : \u00ab Ne te laisse pas abuser par les autres. \u00bb<\/span><\/span><\/span><\/p>\n<p class=\"western\" lang=\"en-US\" align=\"justify\"><span style=\"color: #000000;\"><span style=\"font-size: medium;\"><span lang=\"fr-CA\">Et il r\u00e9pondait : \u00ab Oui, Ma\u00eetre, oui. \u00bb<\/span><\/span><\/span><\/p>\n<p class=\"western\" lang=\"en-US\" align=\"justify\"><span style=\"color: #000000;\"><span style=\"font-size: medium;\"><span lang=\"fr-CA\">Commentaire de Mumon : Le vieux Zuigan se vend et s&rsquo;ach\u00e8te lui-m\u00eame. Il donne un spectacle de marionnettes o\u00f9 il porte un masque pour appeler : \u00ab Ma\u00eetre ! \u00bb et un autre pour r\u00e9pondre au ma\u00eetre. Un autre masque encore dit : \u00ab Sois sobre \u00bb et un autre encore : \u00ab Ne te laisse pas abuser. \u00bb Celui qui s&rsquo;en tient \u00e0 un seul de ces masques est dans l&rsquo;erreur, mais s&rsquo;il imite Zuigan, il deviendra rus\u00e9 comme le renard.<\/span><\/span><\/span><\/p>\n<p class=\"western\" lang=\"en-US\" align=\"justify\"><a name=\"_GoBack\"><\/a> <span style=\"color: #000000;\"><span style=\"font-size: medium;\"><span lang=\"fr-CA\">Certains disciples du Zen ne comprennent pas que l&rsquo;homme v\u00e9ritable est un masque,<\/span><\/span><\/span><\/p>\n<p class=\"western\" lang=\"en-US\" align=\"justify\"><span style=\"color: #000000;\"><span style=\"font-size: medium;\"><span lang=\"fr-CA\">Parce qu&rsquo;ils croient \u00e0 la r\u00e9alit\u00e9 du moi,<\/span><\/span><\/span><\/p>\n<p class=\"western\" lang=\"en-US\" align=\"justify\"><span style=\"color: #000000;\"><span style=\"font-size: medium;\"><span lang=\"fr-CA\">Le moi est le germe de la naissance et de la mort,<\/span><\/span><\/span><\/p>\n<p class=\"western\" lang=\"en-US\" align=\"justify\"><span style=\"color: #000000;\"><span style=\"font-size: medium;\"><span lang=\"fr-CA\">Et ce sont les idiots qui voient en lui l&rsquo;homme vrai.<\/span><\/span><\/span><\/p>\n<p class=\"western\" lang=\"en-US\" align=\"right\"><span style=\"color: #000000;\"><span style=\"font-size: medium;\"><span lang=\"fr-CA\">(<\/span><\/span><\/span><span style=\"color: #000000;\"><span style=\"font-size: medium;\"><span lang=\"fr-CA\"><i>La porte sans porte<\/i><\/span><\/span><\/span><span style=\"color: #000000;\"><span style=\"font-size: medium;\"><span lang=\"fr-CA\">.)<\/span><\/span><\/span><\/p>\n<p class=\"western\" lang=\"en-US\" align=\"justify\"><span style=\"color: #000000;\"><span style=\"font-size: medium;\"><span lang=\"fr-CA\">Entre l&rsquo;id\u00e9e et la r\u00e9alit\u00e9<\/span><\/span><\/span><\/p>\n<p class=\"western\" lang=\"en-US\" align=\"justify\"><span style=\"color: #000000;\"><span style=\"font-size: medium;\"><span lang=\"fr-CA\">Entre le mouvement et l&rsquo;acte <\/span><\/span><\/span><\/p>\n<p class=\"western\" lang=\"en-US\" align=\"justify\"><span style=\"color: #000000;\"><span style=\"font-size: medium;\"><span lang=\"fr-CA\">Tombe l&rsquo;Ombre.<\/span><\/span><\/span><\/p>\n<p class=\"western\" lang=\"en-US\" align=\"justify\"><span style=\"color: #000000;\">\u2026\u2026\u2026\u2026\u2026\u2026\u2026\u2026\u2026\u2026\u2026\u2026<\/span><\/p>\n<p class=\"western\" lang=\"en-US\" align=\"justify\"><span style=\"color: #000000;\"><span style=\"font-size: medium;\"><span lang=\"fr-CA\">Entre la conception et la cr\u00e9ation <\/span><\/span><\/span><\/p>\n<p class=\"western\" lang=\"en-US\" align=\"justify\"><span style=\"color: #000000;\"><span style=\"font-size: medium;\"><span lang=\"fr-CA\">Entre l&rsquo;\u00e9motion et la r\u00e9ponse <\/span><\/span><\/span><\/p>\n<p class=\"western\" lang=\"en-US\" align=\"justify\"><span style=\"color: #000000;\"><span style=\"font-size: medium;\"><span lang=\"fr-CA\">Tombe l&rsquo;Ombre.<\/span><\/span><\/span><\/p>\n<p class=\"western\" lang=\"en-US\" align=\"justify\"><span style=\"color: #000000;\">\u2026\u2026\u2026\u2026\u2026\u2026\u2026\u2026\u2026\u2026\u2026\u2026<\/span><\/p>\n<p class=\"western\" lang=\"en-US\" align=\"justify\"><span style=\"color: #000000;\"><span style=\"font-size: medium;\"><span lang=\"fr-CA\">Entre le d\u00e9sir et le spasme<\/span><\/span><\/span><\/p>\n<p class=\"western\" lang=\"en-US\" align=\"justify\"><span style=\"color: #000000;\"><span style=\"font-size: medium;\"><span lang=\"fr-CA\">Entre la puissance et l&rsquo;existence<\/span><\/span><\/span><\/p>\n<p class=\"western\" lang=\"en-US\" align=\"justify\"><span style=\"color: #000000;\"><span style=\"font-size: medium;\"><span lang=\"fr-CA\">Entre l&rsquo;essence et la chute<\/span><\/span><\/span><\/p>\n<p class=\"western\" lang=\"en-US\" align=\"justify\"><span style=\"color: #000000;\"><span style=\"font-size: medium;\"><span lang=\"fr-CA\">Tombe l&rsquo;Ombre.<\/span><\/span><\/span><\/p>\n<p class=\"western\" lang=\"en-US\" align=\"right\"><span style=\"color: #000000;\"><span style=\"font-size: medium;\"><span lang=\"fr-CA\">T. S. ELIOT, <\/span><\/span><\/span><span style=\"color: #000000;\"><span style=\"font-size: medium;\"><span lang=\"fr-CA\"><i>L&rsquo;Homme creux<\/i><\/span><\/span><\/span><span style=\"color: #000000;\"><span style=\"font-size: medium;\"><span lang=\"fr-CA\">.<\/span><\/span><\/span><\/p>\n<p class=\"western\" lang=\"en-US\" align=\"justify\"><span style=\"color: #000000;\"><span style=\"font-size: medium;\"><span lang=\"fr-CA\">Pour l&rsquo;alchimiste, il \u00e9tait \u00e9vident que le \u00ab centre \u00bb ou ce que nous appellerions le Soi ne r\u00e9side pas dans l&rsquo;ego mais hors de lui, en nous mais non dans notre esprit, \u00e9tant localis\u00e9 plut\u00f4t dans ce que nous sommes inconsciemment, le quid qui nous reste \u00e0 d\u00e9couvrir. Aujourd&rsquo;hui, nous l&rsquo;appellerions l&rsquo;inconscient, et nous faisons la distinction entre un inconscient personnel et un inconscient impersonnel o\u00f9 nous reconnaissons le symbole et l&rsquo;arch\u00e9type du Soi.<\/span><\/span><\/span><\/p>\n<p class=\"western\" lang=\"en-US\" align=\"right\"><span style=\"color: #000000;\"><span style=\"font-size: medium;\"><span lang=\"fr-CA\">C. C. JUNG, <\/span><\/span><\/span><span style=\"color: #000000;\"><span style=\"font-size: medium;\"><span lang=\"fr-CA\"><i>Aion<\/i><\/span><\/span><\/span><span style=\"color: #000000;\"><span style=\"font-size: medium;\"><span lang=\"fr-CA\">.<\/span><\/span><\/span><\/p>\n<p class=\"western\" lang=\"en-US\" align=\"justify\"><span style=\"color: #000000;\"><span style=\"font-size: medium;\"><span lang=\"fr-CA\">Chaque homme est multiple \u00e0 sa naissance et unique \u00e0 sa mort.<\/span><\/span><\/span><\/p>\n<p class=\"western\" lang=\"en-US\" align=\"right\"><span style=\"color: #000000;\"><span style=\"font-size: medium;\"><span lang=\"fr-CA\">MARTIN HEIDEGGER.<\/span><\/span><\/span><\/p>\n<p class=\"western\" lang=\"en-US\" align=\"justify\"><span style=\"color: #000000;\"><span style=\"font-size: medium;\"><span lang=\"fr-CA\">Je ne serai jamais seul,<\/span><\/span><\/span><\/p>\n<p class=\"western\" lang=\"en-US\" align=\"justify\"><span style=\"color: #000000;\"><span style=\"font-size: medium;\"><span lang=\"fr-CA\">si nombreux \u00e9tant ceux<\/span><\/span><\/span><\/p>\n<p class=\"western\" lang=\"en-US\" align=\"justify\"><span style=\"color: #000000;\"><span style=\"font-size: medium;\"><span lang=\"fr-CA\">qui se m\u00ealent \u00e0 ce Moi qui est moi.<\/span><\/span><\/span><\/p>\n<p class=\"western\" lang=\"en-US\" align=\"right\"><span style=\"color: #000000;\"><span style=\"font-size: medium;\"><span lang=\"fr-CA\">RAINER MARIA RILKE.<\/span><\/span><\/span><\/p>\n<p class=\"western\" lang=\"en-US\" align=\"justify\"><span style=\"color: #000000;\"><span style=\"font-size: medium;\"><span lang=\"fr-CA\">Je ris tout bas devant mon propre c\u00e9notaphe,<\/span><\/span><\/span><\/p>\n<p class=\"western\" lang=\"en-US\" align=\"justify\"><span style=\"color: #000000;\"><span style=\"font-size: medium;\"><span lang=\"fr-CA\">Et sortant des cavernes de la pluie,<\/span><\/span><\/span><\/p>\n<p class=\"western\" lang=\"en-US\" align=\"justify\"><span style=\"color: #000000;\"><span style=\"font-size: medium;\"><span lang=\"fr-CA\">Tel un enfant de la matrice ou un fant\u00f4me du tombeau,<\/span><\/span><\/span><\/p>\n<p class=\"western\" lang=\"en-US\" align=\"justify\"><span style=\"color: #000000;\"><span style=\"font-size: medium;\"><span lang=\"fr-CA\">Je me dresse et le d\u00e9truis \u00e0 nouveau.<\/span><\/span><\/span><\/p>\n<p class=\"western\" lang=\"en-US\" align=\"right\"><span style=\"color: #000000;\"><span style=\"font-size: medium;\"><span lang=\"fr-CA\">SHELLEY, <\/span><\/span><\/span><span style=\"color: #000000;\"><span style=\"font-size: medium;\"><span lang=\"fr-CA\"><i>Le Nuage<\/i><\/span><\/span><\/span><span style=\"color: #000000;\"><span style=\"font-size: medium;\"><span lang=\"fr-CA\">.<\/span><\/span><\/span><\/p>\n<p class=\"western\" lang=\"en-US\" align=\"justify\"><span style=\"color: #000000;\"><span style=\"font-size: medium;\"><span lang=\"fr-CA\">Une \u00e9toile me regarde et dit :<\/span><\/span><\/span><\/p>\n<p class=\"western\" lang=\"en-US\" align=\"justify\"><span style=\"color: #000000;\"><span style=\"font-size: medium;\"><span lang=\"fr-CA\">\u00ab Nous voici, toi et moi,<\/span><\/span><\/span><\/p>\n<p class=\"western\" lang=\"en-US\" align=\"justify\"><span style=\"color: #000000;\"><span style=\"font-size: medium;\"><span lang=\"fr-CA\">chacun \u00e0 notre place&#8230;<\/span><\/span><\/span><\/p>\n<p class=\"western\" lang=\"en-US\" align=\"justify\"><span style=\"color: #000000;\"><span style=\"font-size: medium;\"><span lang=\"fr-CA\">Que comptes-tu faire ? \u00bb<\/span><\/span><\/span><\/p>\n<p class=\"western\" lang=\"en-US\" align=\"justify\"><span style=\"color: #000000;\"><span style=\"font-size: medium;\"><span lang=\"fr-CA\">Je r\u00e9ponds : \u00ab Autant que je sache, <\/span><\/span><\/span><\/p>\n<p class=\"western\" lang=\"en-US\" align=\"justify\"><span style=\"color: #000000;\"><span style=\"font-size: medium;\"><span lang=\"fr-CA\">Attendre et laisser le Temps passer,<\/span><\/span><\/span><\/p>\n<p class=\"western\" lang=\"en-US\" align=\"justify\"><span style=\"color: #000000;\"><span style=\"font-size: medium;\"><span lang=\"fr-CA\">jusqu&rsquo;\u00e0 ce que vienne mon heure. \u00bb <\/span><\/span><\/span><\/p>\n<p class=\"western\" lang=\"en-US\" align=\"justify\"><span style=\"color: #000000;\"><span style=\"font-size: medium;\"><span lang=\"fr-CA\">\u00ab Moi aussi, dit l&rsquo;\u00e9toile, moi aussi&#8230; \u00bb<\/span><\/span><\/span><\/p>\n<p class=\"western\" lang=\"en-US\" align=\"right\"><span style=\"color: #000000;\"><span style=\"font-size: medium;\"><span lang=\"fr-CA\">THOMAS HARDY, <\/span><\/span><\/span><span style=\"color: #000000;\"><span style=\"font-size: medium;\"><span lang=\"fr-CA\"><i>Attente<\/i><\/span><\/span><\/span><span style=\"color: #000000;\"><span style=\"font-size: medium;\"><span lang=\"fr-CA\">.<\/span><\/span><\/span><\/p>\n<p class=\"western\" lang=\"en-US\" align=\"justify\"><span style=\"color: #000000;\"><span style=\"font-size: medium;\"><span lang=\"fr-CA\">Un jour, alors que notre Ma\u00eetre venait de mettre un terme \u00e0 la premi\u00e8re des r\u00e9unions quotidiennes au monast\u00e8re K&rsquo;ai-Yuan, pr\u00e8s de Hung-Chou, moi, P&rsquo;ei-Hsiu, je p\u00e9n\u00e9trai dans son enceinte. Interrogeant le moine de service sur une peinture murale que j&rsquo;avais remarqu\u00e9e, j&rsquo;appris de lui que c&rsquo;\u00e9tait le portrait d&rsquo;un moine c\u00e9l\u00e8bre.<\/span><\/span><\/span><\/p>\n<p class=\"western\" lang=\"en-US\" align=\"justify\"><span style=\"color: #000000;\">\u2014 <span style=\"font-size: medium;\"><span lang=\"fr-CA\">Vraiment ? dis-je. Je vois en effet son effigie, mais o\u00f9 est l&rsquo;homme lui-m\u00eame ?<\/span><\/span><\/span><\/p>\n<p class=\"western\" lang=\"en-US\" align=\"justify\"><span style=\"color: #000000;\"><span style=\"font-size: medium;\"><span lang=\"fr-CA\">Le moine ne me r\u00e9pondant pas, j&rsquo;ajoutai :<\/span><\/span><\/span><\/p>\n<p class=\"western\" lang=\"en-US\" align=\"justify\"><span style=\"color: #000000;\">\u2014 <span style=\"font-size: medium;\"><span lang=\"fr-CA\">Il y a certainement des moines zen dans ce temple ?<\/span><\/span><\/span><\/p>\n<p class=\"western\" lang=\"en-US\" align=\"justify\"><span style=\"color: #000000;\">\u2014 <span style=\"font-size: medium;\"><span lang=\"fr-CA\">Oui, me dit le moine. Il y en a un.<\/span><\/span><\/span><\/p>\n<p class=\"western\" lang=\"en-US\" align=\"justify\"><span style=\"color: #000000;\"><span style=\"font-size: medium;\"><span lang=\"fr-CA\">Apr\u00e8s cela, je demandai au Ma\u00eetre de me recevoir et lui rapportai cette conversation.<\/span><\/span><\/span><\/p>\n<p class=\"western\" lang=\"en-US\" align=\"justify\"><span style=\"color: #000000;\">\u2014 <span style=\"font-size: medium;\"><span lang=\"fr-CA\">P&rsquo;ei-Hsiu ! s&rsquo;\u00e9cria le Ma\u00eetre.<\/span><\/span><\/span><\/p>\n<p class=\"western\" lang=\"en-US\" align=\"justify\"><span style=\"color: #000000;\">\u2014 <span style=\"font-size: medium;\"><span lang=\"fr-CA\">Oui, Ma\u00eetre ? dis-je respectueusement.<\/span><\/span><\/span><\/p>\n<p class=\"western\" lang=\"en-US\" align=\"justify\"><span style=\"color: #000000;\">\u2014 <span style=\"font-size: medium;\"><span lang=\"fr-CA\">O\u00f9 es-tu, toi ?<\/span><\/span><\/span><\/p>\n<p class=\"western\" lang=\"en-US\" align=\"justify\"><span style=\"color: #000000;\"><span style=\"font-size: medium;\"><span lang=\"fr-CA\">Me rendant compte qu&rsquo;il n&rsquo;y avait pas de r\u00e9ponse possible \u00e0 une telle question, je m&#8217;empressai de demander \u00e0 notre Ma\u00eetre de regagner la salle et de poursuivre son sermon. <\/span><\/span><\/span><\/p>\n<p class=\"western\" lang=\"en-US\" align=\"right\"><span style=\"color: #000000;\"><span style=\"font-size: medium;\"><span lang=\"fr-CA\">(<\/span><\/span><\/span><span style=\"color: #000000;\"><span style=\"font-size: medium;\"><span lang=\"fr-CA\"><i>L&rsquo;enseignement de Huang-Po<\/i><\/span><\/span><\/span><span style=\"color: #000000;\"><span style=\"font-size: medium;\"><span lang=\"fr-CA\">.)<\/span><\/span><\/span><\/p>\n<p class=\"western\" lang=\"en-US\" align=\"justify\"><span style=\"color: #000000;\"><span style=\"font-size: medium;\"><span lang=\"fr-CA\">La mort de tout homme me diminue, parce que je fais partie de l&rsquo;humanit\u00e9.<\/span><\/span><\/span><\/p>\n<p class=\"western\" lang=\"en-US\" align=\"justify\"><span style=\"color: #000000;\"><span style=\"font-size: medium;\"><span lang=\"fr-CA\">Ne demande jamais pour qui sonne le glas : c&rsquo;est pour toi.<\/span><\/span><\/span><\/p>\n<p class=\"western\" lang=\"en-US\" align=\"right\"><span style=\"color: #000000;\"><span style=\"font-size: medium;\"><span lang=\"fr-CA\">JOHN DONNE, <\/span><\/span><\/span><span style=\"color: #000000;\"><span style=\"font-size: medium;\"><span lang=\"fr-CA\"><i>D\u00e9votions<\/i><\/span><\/span><\/span><span style=\"color: #000000;\"><span style=\"font-size: medium;\"><span lang=\"fr-CA\">, XVII.<\/span><\/span><\/span><\/p>\n<p class=\"western\" lang=\"en-US\" align=\"justify\"><span style=\"color: #000000;\"><span style=\"font-size: medium;\"><span lang=\"fr-CA\">Dieu n&rsquo;attend de toi qu&rsquo;une seule chose : que tu renonces \u00e0 toi-m\u00eame en tant que cr\u00e9ature et que tu laisses en toi la place \u00e0 Dieu.<\/span><\/span><\/span><\/p>\n<p class=\"western\" lang=\"en-US\" align=\"right\"><span style=\"color: #000000;\"><span style=\"font-size: medium;\"><span lang=\"fr-CA\">MA\u00ceTRE ECKHART.<\/span><\/span><\/span><\/p>\n<p class=\"western\" lang=\"en-US\" align=\"justify\"><span style=\"color: #000000;\"><span style=\"font-size: medium;\"><span lang=\"fr-CA\">Toute m\u00e9ditation est bas\u00e9e sur la conviction qu&rsquo;il nous suffit, pour nous \u00e9veiller de la longue illusion du moi, de reconna\u00eetre et d&rsquo;accepter la R\u00e9alit\u00e9, dont nous n&rsquo;avons jamais \u00e9t\u00e9 vraiment s\u00e9par\u00e9s. Ce faisant, nous cesserons de penser \u00e0 la V\u00e9rit\u00e9 pour la comprendre et la vivre. Nous aurons accompli le passage de la pens\u00e9e \u00e0 la connaissance, la transmutation de l&rsquo;attention en \u00ab non-pens\u00e9e\u00a0\u00bb.<\/span><\/span><\/span><\/p>\n<p class=\"western\" lang=\"en-US\" align=\"right\"><span style=\"color: #000000;\"><span style=\"font-size: medium;\"><span lang=\"fr-CA\">HUGH L&rsquo;ANSON FAUSSET, <\/span><\/span><\/span><span style=\"color: #000000;\"><span style=\"font-size: medium;\"><span lang=\"fr-CA\"><i>La flamme et la lumi\u00e8re<\/i><\/span><\/span><\/span><span style=\"color: #000000;\"><span style=\"font-size: medium;\"><span lang=\"fr-CA\">.<\/span><\/span><\/span><\/p>\n<p class=\"western\" lang=\"en-US\" align=\"justify\"><span style=\"color: #000000;\"><span style=\"font-size: medium;\"><span lang=\"fr-CA\">De m\u00eame que la Divinit\u00e9 n&rsquo;a pas de nom et que tout nom Lui est \u00e9tranger, de m\u00eame l&rsquo;\u00e2me \u2014 car elle est identique \u00e0 Dieu.<\/span><\/span><\/span><\/p>\n<p class=\"western\" lang=\"en-US\" align=\"right\"><span style=\"color: #000000;\"><span style=\"font-size: medium;\"><span lang=\"fr-CA\">MAITRE ECKHART.<\/span><\/span><\/span><\/p>\n<p class=\"western\" lang=\"en-US\" align=\"justify\"><span style=\"color: #000000;\"><span style=\"font-size: medium;\"><span lang=\"fr-CA\">La nature po\u00e9tique n&rsquo;a pas d&rsquo;existence propre, elle est tout et rien. Un po\u00e8te n&rsquo;a pas d&rsquo;identit\u00e9 ; il habite sans cesse un autre corps.<\/span><\/span><\/span><\/p>\n<p class=\"western\" lang=\"en-US\" align=\"right\"><span style=\"color: #000000;\"><span style=\"font-size: medium;\"><span lang=\"fr-CA\">JOHN KEATS.<\/span><\/span><\/span><\/p>\n<p class=\"western\" lang=\"en-US\" align=\"justify\"><span style=\"color: #000000;\"><span style=\"font-size: medium;\"><span lang=\"fr-CA\">Je me c\u00e9l\u00e8bre moi-m\u00eame<\/span><\/span><\/span><\/p>\n<p class=\"western\" lang=\"en-US\" align=\"justify\"><span style=\"color: #000000;\"><span style=\"font-size: medium;\"><span lang=\"fr-CA\">et ce que je dis de moi vaut pour vous<\/span><\/span><\/span><\/p>\n<p class=\"western\" lang=\"en-US\" align=\"justify\"><span style=\"color: #000000;\"><span style=\"font-size: medium;\"><span lang=\"fr-CA\">car chaque atome de moi est aussi bien \u00e0 vous.<\/span><\/span><\/span><\/p>\n<p class=\"western\" lang=\"en-US\" align=\"right\"><span style=\"color: #000000;\"><span style=\"font-size: medium;\"><span lang=\"fr-CA\">WALT WHITMAN, <\/span><\/span><\/span><span style=\"color: #000000;\"><span style=\"font-size: medium;\"><span lang=\"fr-CA\"><i>Feuilles d&rsquo;herbe<\/i><\/span><\/span><\/span><span style=\"color: #000000;\"><span style=\"font-size: medium;\"><span lang=\"fr-CA\">.<\/span><\/span><\/span><\/p>\n<p class=\"western\" lang=\"en-US\" align=\"justify\"><span style=\"color: #000000;\"><span style=\"font-size: medium;\"><span lang=\"fr-CA\">Toute r\u00e9alit\u00e9 est une activit\u00e9 \u00e0 laquelle je participe sans pouvoir me l&rsquo;approprier. O\u00f9 il n&rsquo;y a pas partage il n&rsquo;est pas de r\u00e9alit\u00e9.<\/span><\/span><\/span><\/p>\n<p class=\"western\" lang=\"en-US\" align=\"right\"><span style=\"color: #000000;\"><span style=\"font-size: medium;\"><span lang=\"fr-CA\">MARTIN BUBER.<\/span><\/span><\/span><\/p>\n<p class=\"western\" lang=\"en-US\" align=\"justify\"><span style=\"color: #000000;\"><span style=\"font-size: medium;\"><span lang=\"fr-CA\">Oserons-nous ouvrir nos portes aux sources de notre \u00eatre ? \u00c0 quoi servent la chair et les os ?<\/span><\/span><\/span><\/p>\n<p class=\"western\" lang=\"en-US\" align=\"right\"><span style=\"color: #000000;\"><span style=\"font-size: medium;\"><span lang=\"fr-CA\">PAUL REPS.<\/span><\/span><\/span><\/p>\n<p class=\"western\" lang=\"en-US\" align=\"justify\"><span style=\"color: #000000;\"><span style=\"font-size: medium;\"><span lang=\"fr-CA\">Si ton esprit est l&rsquo;objet du travail de ton esprit, <\/span><\/span><\/span><\/p>\n<p class=\"western\" lang=\"en-US\" align=\"justify\"><span style=\"color: #000000;\"><span style=\"font-size: medium;\"><span lang=\"fr-CA\">Comment \u00e9viteras-tu une immense confusion ?<\/span><\/span><\/span><\/p>\n<p class=\"western\" lang=\"en-US\" align=\"right\"><span style=\"color: #000000;\"><span style=\"font-size: medium;\"><span lang=\"fr-CA\">SENG-TS&rsquo;AN.<\/span><\/span><\/span><\/p>\n<p class=\"western\" lang=\"en-US\" align=\"justify\"><span style=\"color: #000000;\"><span style=\"font-size: medium;\"><span lang=\"fr-CA\">Si un homme veut \u00eatre assur\u00e9 de la route qu&rsquo;il suit, il lui faut fermer les yeux et marcher dans la nuit.<\/span><\/span><\/span><\/p>\n<p class=\"western\" lang=\"en-US\" align=\"right\"><span style=\"color: #000000;\"><span style=\"font-size: medium;\"><span lang=\"fr-CA\">ST JEAN DE LA CROIX, <\/span><\/span><\/span><span style=\"color: #000000;\"><span style=\"font-size: medium;\"><span lang=\"fr-CA\"><i>La nuit sombre de l&rsquo;\u00c2me<\/i><\/span><\/span><\/span><span style=\"color: #000000;\"><span style=\"font-size: medium;\"><span lang=\"fr-CA\">.<\/span><\/span><\/span><\/p>\n<p class=\"western\" lang=\"en-US\" align=\"justify\"><span style=\"color: #000000;\"><span style=\"font-size: medium;\"><span lang=\"fr-CA\">La naissance n&rsquo;est pas un acte, c&rsquo;est un processus. Le but de la vie est de na\u00eetre pleinement, mais sa trag\u00e9die est que la plupart d&rsquo;entre nous meurent avant d&rsquo;\u00eatre vraiment n\u00e9s. Vivre, c&rsquo;est na\u00eetre \u00e0 chaque instant. La mort se produit quand on cesse de na\u00eetre. Physiologiquement, notre syst\u00e8me cellulaire est en \u00e9tat de naissance continuelle ; mais psychologiquement, la plupart d&rsquo;entre nous cessent de na\u00eetre \u00e0 un certain point.<\/span><\/span><\/span><\/p>\n<p class=\"western\" lang=\"en-US\" align=\"right\"><span style=\"color: #000000;\"><span style=\"font-size: medium;\"><span lang=\"fr-CA\">ERICH FROMM, <\/span><\/span><\/span><span style=\"color: #000000;\"><span style=\"font-size: medium;\"><span lang=\"fr-CA\"><i>Bouddhisme zen et Psychanalyse<\/i><\/span><\/span><\/span><span style=\"color: #000000;\"><span style=\"font-size: medium;\"><span lang=\"fr-CA\">.<\/span><\/span><\/span><\/p>\n<p class=\"western\" lang=\"en-US\" align=\"justify\"><span style=\"color: #000000;\"><span style=\"font-size: medium;\"><span lang=\"fr-CA\">Comme le soulignent beaucoup de textes sacr\u00e9s de l&rsquo;Orient, la vraie naissance est malais\u00e9e \u00e0 atteindre. Les Ma\u00eetres thib\u00e9tains d\u00e9clarent : \u00ab Seul le sot gaspille la chance extraordinaire qu&rsquo;offre l&rsquo;atteinte de la naissance humaine. \u00bb<\/span><\/span><\/span><\/p>\n<p class=\"western\" lang=\"en-US\" align=\"right\"><span style=\"color: #000000;\"><span style=\"font-size: medium;\"><span lang=\"fr-CA\">W. Y. EVANS-WENTZ, Pr\u00e9face au <\/span><\/span><\/span><span style=\"color: #000000;\"><span style=\"font-size: medium;\"><span lang=\"fr-CA\"><i>Sutra de Diamant<\/i><\/span><\/span><\/span><span style=\"color: #000000;\"><span style=\"font-size: medium;\"><span lang=\"fr-CA\">.<\/span><\/span><\/span><\/p>\n<p class=\"western\" lang=\"en-US\" align=\"justify\"><span style=\"color: #000000;\"><span style=\"font-size: medium;\"><span lang=\"fr-CA\">Heidegger commence ses causeries aux \u00e9tudiants de Fribourg en leur parlant de la situation de l&rsquo;universit\u00e9 et des probl\u00e8mes de la vie contemporaine. La philosophie elle-m\u00eame, leur dit-il, commence avec notre souci de notre environnement imm\u00e9diat. \u00ab Qu&rsquo;est-ce que la philosophie ? C&rsquo;est philosopher. Et qu&rsquo;est-ce que philosopher ? C&rsquo;est transcender. \u00bb Qu&rsquo;est-ce que transcender ? C&rsquo;est prendre conscience de soi en tant qu&rsquo;homme \u00e0 la fois soumis aux contingences et ind\u00e9pendant d&rsquo;elles. C&rsquo;est aller directement \u00e0 l&rsquo;objet, dans l&rsquo;\u00e9clair de conscience que Platon compara\u00eet \u00e0 une \u00e9tincelle qui s&rsquo;enflamme. C&rsquo;est d\u00e9couvrir la signification de l&rsquo;\u00eatre en observant sa manifestation en soi-m\u00eame, lorsqu&rsquo;on travaille ou dans les diverses circonstances de la vie quotidienne.<\/span><\/span><\/span><\/p>\n<p class=\"western\" lang=\"en-US\" align=\"justify\"><span style=\"color: #000000;\"><span style=\"font-size: medium;\"><span lang=\"fr-CA\">Lorsque nous devenons conscients non point du bien ou du mal d&rsquo;un acte isol\u00e9, non point de la conscience elle-m\u00eame consid\u00e9r\u00e9e comme une force prudente nous \u00e9pargnant des ennuis, mais du s\u00e9rieux de la vie consid\u00e9r\u00e9e comme un tout, comme un ensemble de possibilit\u00e9s qu&rsquo;il convient de r\u00e9aliser \u00e0 temps et avant ma mort, alors nous atteignons \u00e0 l&rsquo;Existence. Seul le Soi qui existe dans la dur\u00e9e et qui associe le pass\u00e9 et l&rsquo;avenir dans l&rsquo;unit\u00e9 du pr\u00e9sent et de ses possibilit\u00e9s peut accomplir cela.<\/span><\/span><\/span><\/p>\n<p class=\"western\" lang=\"en-US\" align=\"right\"><span style=\"color: #000000;\"><span style=\"font-size: medium;\"><span lang=\"fr-CA\">JULIUS SEELYE BIXLER, <\/span><\/span><\/span><span style=\"color: #000000;\"><span style=\"font-size: medium;\"><span lang=\"fr-CA\"><i>Revue de Th\u00e9ologie de Harvard<\/i><\/span><\/span><\/span><span style=\"color: #000000;\"><span style=\"font-size: medium;\"><span lang=\"fr-CA\">.<\/span><\/span><\/span><\/p>\n<p class=\"western\" lang=\"en-US\" align=\"justify\"><span style=\"color: #000000;\"><span style=\"font-size: medium;\"><span lang=\"fr-CA\">Tout ce que nous sommes est le r\u00e9sultat de ce que nous avons pens\u00e9 cela est fond\u00e9 sur nos pens\u00e9es et fait d&rsquo;elles. Si un homme parle ou agit avec une mauvaise pens\u00e9e, la souffrance le suit comme la roue du chariot suit le sabot du b\u0153uf.<\/span><\/span><\/span><\/p>\n<p class=\"western\" lang=\"en-US\" align=\"justify\"><span style=\"color: #000000;\"><span style=\"font-size: medium;\"><span lang=\"fr-CA\">Tout ce que nous sommes est le r\u00e9sultat de ce que nous avons pens\u00e9 : cela est fond\u00e9 sur nos pens\u00e9es et fait d&rsquo;elles. Si un homme parle ou agit avec une pens\u00e9e pure, le bonheur le suit comme une ombre qui ne le quitte jamais. \u00bb<\/span><\/span><\/span><\/p>\n<p class=\"western\" lang=\"en-US\" align=\"right\"><span style=\"color: #000000;\"><span style=\"font-size: medium;\"><span lang=\"fr-CA\">(Dhammapada.)<\/span><\/span><\/span><\/p>\n<p class=\"western\" lang=\"en-US\" align=\"justify\"><span style=\"color: #000000;\"><span style=\"font-size: medium;\"><span lang=\"fr-CA\">Le Bouddha dit : \u00ab Pensez \u00e0 ceci : bien que chacun des quatre \u00e9l\u00e9ments dont est fait le corps ait un nom, aucun d&rsquo;entre eux ne constitue une partie de l&rsquo;\u00eatre v\u00e9ritable. En fait, celui-ci n&rsquo;a pas plus d&rsquo;existence qu&rsquo;un mirage. \u00bb<\/span><\/span><\/span><\/p>\n<p class=\"western\" lang=\"en-US\" align=\"right\"><span style=\"color: #000000;\"><span style=\"font-size: medium;\"><span lang=\"fr-CA\">(<\/span><\/span><\/span><span style=\"color: #000000;\"><span style=\"font-size: medium;\"><span lang=\"fr-CA\"><i>Sutra des Quarante-deux Sections<\/i><\/span><\/span><\/span><span style=\"color: #000000;\"><span style=\"font-size: medium;\"><span lang=\"fr-CA\">.)<\/span><\/span><\/span><\/p>\n<p class=\"western\" lang=\"en-US\" align=\"justify\"><span style=\"color: #000000;\"><span style=\"font-size: medium;\"><span lang=\"fr-CA\">L&rsquo;homme moderne, nous disait un philosophe hollandais, n&rsquo;est qu&rsquo;un barbare raffin\u00e9. Par \u00ab \u00eatre barbare \u00bb, nous entendons tout homme en qui les processus d&rsquo;avidit\u00e9 du moi et toutes les violences qui en d\u00e9coulent sont dans la pl\u00e9nitude de leur expression. Telles sont pr\u00e9cis\u00e9ment les qualit\u00e9s essentielles qui sont actives dans l&rsquo;individu, cet \u00e9l\u00e9ment constitutif du monde. Toutes nos structures sociales, religieuses, morales sont bas\u00e9es sur la r\u00e9alit\u00e9 du moi dont elles encouragent l&rsquo;expression dans tous les domaines. Tel est le drame fondamental de la civilisation dite \u00ab chr\u00e9tienne \u00bb. Consid\u00e9rant d\u00e8s le point de d\u00e9part la r\u00e9alit\u00e9 absolue du \u00ab moi \u00bb, il \u00e9tait in\u00e9vitable que celui-ci s&rsquo;affirme avec les caract\u00e8res de violence et de cruaut\u00e9 dont nous subissons tous les cons\u00e9quences, dans les drames actuels.<\/span><\/span><\/span><\/p>\n<p class=\"western\" lang=\"en-US\" align=\"justify\"><span style=\"color: #000000;\"><span style=\"font-size: medium;\"><span lang=\"fr-CA\">En opposition radicale \u00e0 ce qui pr\u00e9c\u00e8de, la notion de base essentielle du Bouddhisme est l&rsquo;impermanence du \u00ab moi \u00bb et de toutes choses.<\/span><\/span><\/span><\/p>\n<p class=\"western\" lang=\"en-US\" align=\"right\"><span style=\"color: #000000;\"><span style=\"font-size: medium;\"><span lang=\"fr-CA\">ROBERT LINSSEN, <\/span><\/span><\/span><span style=\"color: #000000;\"><span style=\"font-size: medium;\"><span lang=\"fr-CA\"><i>Essai sur le Bouddhisme en g\u00e9n\u00e9ral et le Zen en particulier<\/i><\/span><\/span><\/span><span style=\"color: #000000;\"><span style=\"font-size: medium;\"><span lang=\"fr-CA\">.<\/span><\/span><\/span><\/p>\n<p class=\"western\" lang=\"en-US\" align=\"justify\"><span style=\"color: #000000;\"><span style=\"font-size: medium;\"><span lang=\"fr-CA\">Bassui \u00e9crivit la lettre suivante \u00e0 un de ses disciples qui \u00e9tait sur le point de mourir : \u00ab L&rsquo;essence de ton esprit n&rsquo;est pas n\u00e9e ; elle ne mourra donc jamais. Elle n&rsquo;a pas d&rsquo;existence p\u00e9rissable. Ce n&rsquo;est pas une absence, un simple vide. Elle n&rsquo;a ni couleur ni forme, ne conna\u00eet ni le plaisir ni la souffrance.<\/span><\/span><\/span><\/p>\n<p class=\"western\" lang=\"en-US\" align=\"justify\"><span style=\"color: #000000;\"><span style=\"font-size: medium;\"><span lang=\"fr-CA\">\u00ab Je sais que tu es tr\u00e8s malade. Comme un bon disciple du Zen, tu affrontes la maladie sans que ta s\u00e9r\u00e9nit\u00e9 en soit affect\u00e9e. Peut-\u00eatre ne sais-tu pas exactement qui en souffre, mais pose-toi cette question : qu&rsquo;est-ce que l&rsquo;essence de l&rsquo;esprit ? Pense seulement \u00e0 cela et cela te suffira. Ne d\u00e9sire rien. Ta fin n&rsquo;en est pas une. Elle est un flocon de neige qui se dissout dans l&rsquo;air pur. \u00bb<\/span><\/span><\/span><\/p>\n<p class=\"western\" lang=\"en-US\" align=\"right\"><span style=\"color: #000000;\"><span style=\"font-size: medium;\"><span lang=\"fr-CA\">PAUL REPS.<\/span><\/span><\/span><\/p>\n<p class=\"western\" lang=\"en-US\" align=\"justify\"><span style=\"color: #000000;\"><span style=\"font-size: medium;\"><span lang=\"fr-CA\">Au centre de moi, en ce centre encore inconscient aujourd&rsquo;hui, r\u00e9side l&rsquo;homme primordial, uni au Principe de l&rsquo;Univers et par lui au tout de l&rsquo;Univers, se suffisant totalement, Un principiel, ni seul ni non seul, ni affirm\u00e9 ni ni\u00e9, en amont de tout dualisme. C&rsquo;est l&rsquo;\u00catre Primordial, sous-jacent \u00e0 tous les \u00ab \u00e9tats \u00bb \u00e9gotistes qui le recouvrent dans ma conscience actuelle.<\/span><\/span><\/span><\/p>\n<p class=\"western\" lang=\"en-US\" align=\"justify\"><span style=\"color: #000000;\"><span style=\"font-size: medium;\"><span lang=\"fr-CA\">Parce que je suis ignorant aujourd&rsquo;hui de ce que sont en r\u00e9alit\u00e9 mes \u00e9tats \u00e9gotistes, ces \u00e9tats constituent une sorte d&rsquo;\u00e9cran qui me s\u00e9pare de mon centre, de mon Moi R\u00e9el. Je suis inconscient de mon identit\u00e9 essentielle avec le Tout et je ne me consid\u00e8re qu&rsquo;en tant que distinct du reste de l&rsquo;Univers. L&rsquo;Ego, c&rsquo;est moi en tant que je me consid\u00e8re <\/span><\/span><\/span><span style=\"color: #000000;\"><span style=\"font-size: medium;\"><span lang=\"fr-CA\">c<\/span><\/span><\/span><span style=\"color: #000000;\"><span style=\"font-size: medium;\"><span lang=\"fr-CA\">omme distinct. L&rsquo;Ego est illusoire, puisque je ne suis pas en r\u00e9alit\u00e9 en tant que distinct ; et tous les \u00e9tats \u00e9gotistes sont \u00e9galement illusoires.<\/span><\/span><\/span><\/p>\n<p class=\"western\" lang=\"en-US\" align=\"right\"><span style=\"color: #000000;\"><span style=\"font-size: medium;\"><span lang=\"fr-CA\">HUBERT BENOIT, <\/span><\/span><\/span><span style=\"color: #000000;\"><span style=\"font-size: medium;\"><span lang=\"fr-CA\"><i>La Doctrine supr\u00eame selon la pens\u00e9e zen<\/i><\/span><\/span><\/span><span style=\"color: #000000;\"><span style=\"font-size: medium;\"><span lang=\"fr-CA\">.<\/span><\/span><\/span><\/p>\n<p class=\"western\" lang=\"en-US\" align=\"justify\"><span style=\"color: #000000;\"><span style=\"font-size: medium;\"><span lang=\"fr-CA\">J&rsquo;ai dit qu&rsquo;une question est pos\u00e9e \u00e0 l&rsquo;homme par le fait m\u00eame de son existence et que cette question na\u00eet de la contradiction qu&rsquo;il porte en lui : il est dans la nature et en m\u00eame temps il transcende la nature dans la mesure o\u00f9 il se conna\u00eet en tant qu&rsquo;\u00eatre vivant. Tout homme qui \u00e9coute cette question, qui s&rsquo;applique \u00e0 y r\u00e9pondre, non seulement par la pens\u00e9e, mais par la totalit\u00e9 de son \u00eatre, et qui voit dans cette tentative de r\u00e9ponse le but supr\u00eame de la vie, est un homme \u00ab religieux \u00bb. Tous les syst\u00e8mes qui essaient de donner, d&rsquo;enseigner et de transmettre cette r\u00e9ponse sont des \u00ab religions\u00a0\u00bb. En revanche, tout homme ou toute culture qui veulent rester sourds au probl\u00e8me existentiel sont irr\u00e9ligieux (&#8230;) Si souvent qu&rsquo;il \u00ab pense \u00bb \u00e0 Dieu ou qu&rsquo;il aille \u00e0 l&rsquo;\u00e9glise, quelle que soit son adh\u00e9sion aux id\u00e9es religieuses, s&rsquo;il reste sourd au probl\u00e8me essentiel, s&rsquo;il n&rsquo;y a pas de r\u00e9ponse, l&rsquo;homme pi\u00e9tine, il vit et meurt comme vivent et meurent les millions de choses qu&rsquo;il produit \u2014 parce qu&rsquo;il pense \u00e0 Dieu au lieu de s&rsquo;identifier \u00e0 Lui.<\/span><\/span><\/span><\/p>\n<p class=\"western\" lang=\"en-US\" align=\"right\"><span style=\"color: #000000;\"><span style=\"font-size: medium;\"><span lang=\"fr-CA\">ERICH FROMM, <\/span><\/span><\/span><span style=\"color: #000000;\"><span style=\"font-size: medium;\"><span lang=\"fr-CA\"><i>Bouddhisme zen et Psychanalyse<\/i><\/span><\/span><\/span><span style=\"color: #000000;\"><span style=\"font-size: medium;\"><span lang=\"fr-CA\">.<\/span><\/span><\/span><\/p>\n<p class=\"western\" lang=\"en-US\" align=\"justify\"><span style=\"color: #000000;\"><span style=\"font-size: medium;\"><span lang=\"fr-CA\">Quel est le prix de l&rsquo;Exp\u00e9rience ? Les hommes l&rsquo;ach\u00e8tent-ils avec une chanson \u2014 ou la Sagesse avec une danse dans la rue ? Non, l&rsquo;homme doit payer cela de tout ce qu&rsquo;il poss\u00e8de&#8230;<\/span><\/span><\/span><\/p>\n<p class=\"western\" lang=\"en-US\" align=\"right\"><span style=\"color: #000000;\"><span style=\"font-size: medium;\"><span lang=\"fr-CA\">WILLIAM BLAKE.<\/span><\/span><\/span><\/p>\n<p class=\"western\" lang=\"en-US\" align=\"justify\"><span style=\"color: #000000;\"><span style=\"font-size: medium;\"><span lang=\"fr-CA\">Sois l&rsquo;objet de ton \u00e9tude<\/span><\/span><\/span><\/p>\n<p class=\"western\" lang=\"en-US\" align=\"justify\"><span style=\"color: #000000;\"><span style=\"font-size: medium;\"><span lang=\"fr-CA\">Cela dont tu es partie<\/span><\/span><\/span><\/p>\n<p class=\"western\" lang=\"en-US\" align=\"justify\"><span style=\"color: #000000;\"><span style=\"font-size: medium;\"><span lang=\"fr-CA\">Et la conscience que tu en as,<\/span><\/span><\/span><\/p>\n<p class=\"western\" lang=\"en-US\" align=\"justify\"><span style=\"color: #000000;\"><span style=\"font-size: medium;\"><span lang=\"fr-CA\">C&rsquo;est cela que tu es en r\u00e9alit\u00e9.<\/span><\/span><\/span><\/p>\n<p class=\"western\" lang=\"en-US\" align=\"justify\"><span style=\"color: #000000;\"><span style=\"font-size: medium;\"><span lang=\"fr-CA\">Tout ce qui est hors de toi<\/span><\/span><\/span><\/p>\n<p class=\"western\" lang=\"en-US\" align=\"justify\"><span style=\"color: #000000;\"><span style=\"font-size: medium;\"><span lang=\"fr-CA\">Est aussi en toi.<\/span><\/span><\/span><\/p>\n<p class=\"western\" lang=\"en-US\" align=\"right\"><span style=\"color: #000000;\"><span style=\"font-size: medium;\"><span lang=\"fr-CA\">SOLOMON TRIMOSIN (<\/span><\/span><\/span><span style=\"color: #000000;\"><span style=\"font-size: medium;\"><span lang=\"fr-CA\">1<\/span><\/span><\/span><span style=\"color: #000000;\"><span style=\"font-size: medium;\"><span lang=\"fr-CA\">59<\/span><\/span><\/span><span style=\"color: #000000;\"><span style=\"font-size: medium;\"><span lang=\"fr-CA\">8<\/span><\/span><\/span><span style=\"color: #000000;\"><span style=\"font-size: medium;\"><span lang=\"fr-CA\">) (cit\u00e9 par C. G. Jung).<\/span><\/span><\/span><\/p>\n<p class=\"western\" lang=\"en-US\" align=\"justify\"><span style=\"color: #000000;\"><span style=\"font-size: medium;\"><span lang=\"fr-CA\">Regarde en toi : tu es le Bouddha.<\/span><\/span><\/span><\/p>\n<p class=\"western\" lang=\"en-US\" align=\"right\"><span style=\"color: #000000;\"><span style=\"font-size: medium;\"><span lang=\"fr-CA\">(Parole de Bouddha.)<\/span><\/span><\/span><\/p>\n<p class=\"western\" lang=\"en-US\" align=\"justify\"><span style=\"color: #000000;\"><span style=\"font-size: medium;\"><span lang=\"fr-CA\">Le Royaume des Cieux est en vous.<\/span><\/span><\/span><\/p>\n<p class=\"western\" lang=\"en-US\" align=\"right\"><span style=\"color: #000000;\"><span style=\"font-size: medium;\"><span lang=\"fr-CA\">(Parole du Christ.)<\/span><\/span><\/span><\/p>\n<p lang=\"en-US\" style=\"text-align: justify;\" align=\"right\"><span lang=\"fr-CA\">(Extrait de l\u2019anthologie\u00a0: Le monde du zen par Nancy Wilson Ross, Stock 1968)<\/span><\/p>\n","protected":false},"excerpt":{"rendered":"<p>\u00a0 Voici les pens\u00e9es de tous les hommes, de tous les \u00e2ges et de tous les pays \u2014 ce ne sont pas seulement les miennes. Si elles ne sont pas les v\u00f4tres autant que les miennes, elles ne sont rien ou presque rien. Si elles n&rsquo;enferment pas toutes choses, elles ne sont presque rien. Si [&hellip;]<\/p>\n","protected":false},"author":2,"featured_media":17471,"comment_status":"closed","ping_status":"closed","sticky":false,"template":"","format":"standard","meta":{"footnotes":""},"categories":[785],"tags":[11],"class_list":["post-17756","post","type-post","status-publish","format-standard","has-post-thumbnail","hentry","category-traditions","tag-zen"],"yoast_head":"<!-- This site is optimized with the Yoast SEO plugin v27.0 - https:\/\/yoast.com\/product\/yoast-seo-wordpress\/ -->\n<title>Le Zen Universel: Qui suis-je? (citations) - 3e mill\u00e9naire - Spiritualit\u00e9 - Connaissance de soi - Non-dualit\u00e9 - M\u00e9ditation<\/title>\n<meta name=\"robots\" content=\"index, follow, max-snippet:-1, max-image-preview:large, max-video-preview:-1\" \/>\n<link rel=\"canonical\" href=\"https:\/\/www.revue3emillenaire.com\/blog\/le-zen-universel-qui-suis-je\/\" \/>\n<meta property=\"og:locale\" content=\"fr_FR\" \/>\n<meta property=\"og:type\" content=\"article\" \/>\n<meta property=\"og:title\" content=\"Le Zen Universel: Qui suis-je? (citations) - 3e mill\u00e9naire - Spiritualit\u00e9 - Connaissance de soi - Non-dualit\u00e9 - M\u00e9ditation\" \/>\n<meta property=\"og:description\" content=\"\u00a0 Voici les pens\u00e9es de tous les hommes, de tous les \u00e2ges et de tous les pays \u2014 ce ne sont pas seulement les miennes. Si elles ne sont pas les v\u00f4tres autant que les miennes, elles ne sont rien ou presque rien. Si elles n&rsquo;enferment pas toutes choses, elles ne sont presque rien. Si [&hellip;]\" \/>\n<meta property=\"og:url\" content=\"https:\/\/www.revue3emillenaire.com\/blog\/le-zen-universel-qui-suis-je\/\" \/>\n<meta property=\"og:site_name\" content=\"3e mill\u00e9naire - Spiritualit\u00e9 - Connaissance de soi - Non-dualit\u00e9 - M\u00e9ditation\" \/>\n<meta property=\"article:published_time\" content=\"2018-05-18T02:09:29+00:00\" \/>\n<meta property=\"article:modified_time\" content=\"2018-05-25T22:55:53+00:00\" \/>\n<meta property=\"og:image\" content=\"https:\/\/www.revue3emillenaire.com\/blog\/wp-content\/uploads\/2017\/04\/nancywilsonross.jpg\" \/>\n\t<meta property=\"og:image:width\" content=\"164\" \/>\n\t<meta property=\"og:image:height\" content=\"212\" \/>\n\t<meta property=\"og:image:type\" content=\"image\/jpeg\" \/>\n<meta name=\"author\" content=\"3e mill\u00e9naire\" \/>\n<meta name=\"twitter:card\" content=\"summary_large_image\" \/>\n<meta name=\"twitter:label1\" content=\"\u00c9crit par\" \/>\n\t<meta name=\"twitter:data1\" content=\"3e mill\u00e9naire\" \/>\n\t<meta name=\"twitter:label2\" content=\"Dur\u00e9e de lecture estim\u00e9e\" \/>\n\t<meta name=\"twitter:data2\" content=\"14 minutes\" \/>\n<script type=\"application\/ld+json\" class=\"yoast-schema-graph\">{\"@context\":\"https:\/\/schema.org\",\"@graph\":[{\"@type\":\"Article\",\"@id\":\"https:\/\/www.revue3emillenaire.com\/blog\/le-zen-universel-qui-suis-je\/#article\",\"isPartOf\":{\"@id\":\"https:\/\/www.revue3emillenaire.com\/blog\/le-zen-universel-qui-suis-je\/\"},\"author\":{\"name\":\"3e mill\u00e9naire\",\"@id\":\"https:\/\/www.revue3emillenaire.com\/blog\/#\/schema\/person\/b692dacff720a5344a6190bc714397eb\"},\"headline\":\"Le Zen Universel: Qui suis-je? (citations)\",\"datePublished\":\"2018-05-18T02:09:29+00:00\",\"dateModified\":\"2018-05-25T22:55:53+00:00\",\"mainEntityOfPage\":{\"@id\":\"https:\/\/www.revue3emillenaire.com\/blog\/le-zen-universel-qui-suis-je\/\"},\"wordCount\":2807,\"image\":{\"@id\":\"https:\/\/www.revue3emillenaire.com\/blog\/le-zen-universel-qui-suis-je\/#primaryimage\"},\"thumbnailUrl\":\"https:\/\/www.revue3emillenaire.com\/blog\/wp-content\/uploads\/2017\/04\/nancywilsonross.jpg\",\"keywords\":[\"Zen\"],\"articleSection\":[\"Traditions\"],\"inLanguage\":\"fr-FR\"},{\"@type\":\"WebPage\",\"@id\":\"https:\/\/www.revue3emillenaire.com\/blog\/le-zen-universel-qui-suis-je\/\",\"url\":\"https:\/\/www.revue3emillenaire.com\/blog\/le-zen-universel-qui-suis-je\/\",\"name\":\"Le Zen Universel: Qui suis-je? (citations) - 3e mill\u00e9naire - Spiritualit\u00e9 - Connaissance de soi - Non-dualit\u00e9 - M\u00e9ditation\",\"isPartOf\":{\"@id\":\"https:\/\/www.revue3emillenaire.com\/blog\/#website\"},\"primaryImageOfPage\":{\"@id\":\"https:\/\/www.revue3emillenaire.com\/blog\/le-zen-universel-qui-suis-je\/#primaryimage\"},\"image\":{\"@id\":\"https:\/\/www.revue3emillenaire.com\/blog\/le-zen-universel-qui-suis-je\/#primaryimage\"},\"thumbnailUrl\":\"https:\/\/www.revue3emillenaire.com\/blog\/wp-content\/uploads\/2017\/04\/nancywilsonross.jpg\",\"datePublished\":\"2018-05-18T02:09:29+00:00\",\"dateModified\":\"2018-05-25T22:55:53+00:00\",\"author\":{\"@id\":\"https:\/\/www.revue3emillenaire.com\/blog\/#\/schema\/person\/b692dacff720a5344a6190bc714397eb\"},\"breadcrumb\":{\"@id\":\"https:\/\/www.revue3emillenaire.com\/blog\/le-zen-universel-qui-suis-je\/#breadcrumb\"},\"inLanguage\":\"fr-FR\",\"potentialAction\":[{\"@type\":\"ReadAction\",\"target\":[\"https:\/\/www.revue3emillenaire.com\/blog\/le-zen-universel-qui-suis-je\/\"]}]},{\"@type\":\"ImageObject\",\"inLanguage\":\"fr-FR\",\"@id\":\"https:\/\/www.revue3emillenaire.com\/blog\/le-zen-universel-qui-suis-je\/#primaryimage\",\"url\":\"https:\/\/www.revue3emillenaire.com\/blog\/wp-content\/uploads\/2017\/04\/nancywilsonross.jpg\",\"contentUrl\":\"https:\/\/www.revue3emillenaire.com\/blog\/wp-content\/uploads\/2017\/04\/nancywilsonross.jpg\",\"width\":164,\"height\":212},{\"@type\":\"BreadcrumbList\",\"@id\":\"https:\/\/www.revue3emillenaire.com\/blog\/le-zen-universel-qui-suis-je\/#breadcrumb\",\"itemListElement\":[{\"@type\":\"ListItem\",\"position\":1,\"name\":\"Accueil\",\"item\":\"https:\/\/www.revue3emillenaire.com\/blog\/\"},{\"@type\":\"ListItem\",\"position\":2,\"name\":\"Le Zen Universel: Qui suis-je? (citations)\"}]},{\"@type\":\"WebSite\",\"@id\":\"https:\/\/www.revue3emillenaire.com\/blog\/#website\",\"url\":\"https:\/\/www.revue3emillenaire.com\/blog\/\",\"name\":\"3e mill\u00e9naire - Spiritualit\u00e9 - Connaissance de soi - Non-dualit\u00e9 - M\u00e9ditation\",\"description\":\"L&#039;Homme en devenir\",\"potentialAction\":[{\"@type\":\"SearchAction\",\"target\":{\"@type\":\"EntryPoint\",\"urlTemplate\":\"https:\/\/www.revue3emillenaire.com\/blog\/?s={search_term_string}\"},\"query-input\":{\"@type\":\"PropertyValueSpecification\",\"valueRequired\":true,\"valueName\":\"search_term_string\"}}],\"inLanguage\":\"fr-FR\"},{\"@type\":\"Person\",\"@id\":\"https:\/\/www.revue3emillenaire.com\/blog\/#\/schema\/person\/b692dacff720a5344a6190bc714397eb\",\"name\":\"3e mill\u00e9naire\",\"url\":\"https:\/\/www.revue3emillenaire.com\/blog\/author\/scoussa\/\"}]}<\/script>\n<!-- \/ Yoast SEO plugin. -->","yoast_head_json":{"title":"Le Zen Universel: Qui suis-je? (citations) - 3e mill\u00e9naire - Spiritualit\u00e9 - Connaissance de soi - Non-dualit\u00e9 - M\u00e9ditation","robots":{"index":"index","follow":"follow","max-snippet":"max-snippet:-1","max-image-preview":"max-image-preview:large","max-video-preview":"max-video-preview:-1"},"canonical":"https:\/\/www.revue3emillenaire.com\/blog\/le-zen-universel-qui-suis-je\/","og_locale":"fr_FR","og_type":"article","og_title":"Le Zen Universel: Qui suis-je? (citations) - 3e mill\u00e9naire - Spiritualit\u00e9 - Connaissance de soi - Non-dualit\u00e9 - M\u00e9ditation","og_description":"\u00a0 Voici les pens\u00e9es de tous les hommes, de tous les \u00e2ges et de tous les pays \u2014 ce ne sont pas seulement les miennes. Si elles ne sont pas les v\u00f4tres autant que les miennes, elles ne sont rien ou presque rien. Si elles n&rsquo;enferment pas toutes choses, elles ne sont presque rien. Si [&hellip;]","og_url":"https:\/\/www.revue3emillenaire.com\/blog\/le-zen-universel-qui-suis-je\/","og_site_name":"3e mill\u00e9naire - Spiritualit\u00e9 - Connaissance de soi - Non-dualit\u00e9 - M\u00e9ditation","article_published_time":"2018-05-18T02:09:29+00:00","article_modified_time":"2018-05-25T22:55:53+00:00","og_image":[{"width":164,"height":212,"url":"https:\/\/www.revue3emillenaire.com\/blog\/wp-content\/uploads\/2017\/04\/nancywilsonross.jpg","type":"image\/jpeg"}],"author":"3e mill\u00e9naire","twitter_card":"summary_large_image","twitter_misc":{"\u00c9crit par":"3e mill\u00e9naire","Dur\u00e9e de lecture estim\u00e9e":"14 minutes"},"schema":{"@context":"https:\/\/schema.org","@graph":[{"@type":"Article","@id":"https:\/\/www.revue3emillenaire.com\/blog\/le-zen-universel-qui-suis-je\/#article","isPartOf":{"@id":"https:\/\/www.revue3emillenaire.com\/blog\/le-zen-universel-qui-suis-je\/"},"author":{"name":"3e mill\u00e9naire","@id":"https:\/\/www.revue3emillenaire.com\/blog\/#\/schema\/person\/b692dacff720a5344a6190bc714397eb"},"headline":"Le Zen Universel: Qui suis-je? (citations)","datePublished":"2018-05-18T02:09:29+00:00","dateModified":"2018-05-25T22:55:53+00:00","mainEntityOfPage":{"@id":"https:\/\/www.revue3emillenaire.com\/blog\/le-zen-universel-qui-suis-je\/"},"wordCount":2807,"image":{"@id":"https:\/\/www.revue3emillenaire.com\/blog\/le-zen-universel-qui-suis-je\/#primaryimage"},"thumbnailUrl":"https:\/\/www.revue3emillenaire.com\/blog\/wp-content\/uploads\/2017\/04\/nancywilsonross.jpg","keywords":["Zen"],"articleSection":["Traditions"],"inLanguage":"fr-FR"},{"@type":"WebPage","@id":"https:\/\/www.revue3emillenaire.com\/blog\/le-zen-universel-qui-suis-je\/","url":"https:\/\/www.revue3emillenaire.com\/blog\/le-zen-universel-qui-suis-je\/","name":"Le Zen Universel: Qui suis-je? (citations) - 3e mill\u00e9naire - Spiritualit\u00e9 - Connaissance de soi - Non-dualit\u00e9 - M\u00e9ditation","isPartOf":{"@id":"https:\/\/www.revue3emillenaire.com\/blog\/#website"},"primaryImageOfPage":{"@id":"https:\/\/www.revue3emillenaire.com\/blog\/le-zen-universel-qui-suis-je\/#primaryimage"},"image":{"@id":"https:\/\/www.revue3emillenaire.com\/blog\/le-zen-universel-qui-suis-je\/#primaryimage"},"thumbnailUrl":"https:\/\/www.revue3emillenaire.com\/blog\/wp-content\/uploads\/2017\/04\/nancywilsonross.jpg","datePublished":"2018-05-18T02:09:29+00:00","dateModified":"2018-05-25T22:55:53+00:00","author":{"@id":"https:\/\/www.revue3emillenaire.com\/blog\/#\/schema\/person\/b692dacff720a5344a6190bc714397eb"},"breadcrumb":{"@id":"https:\/\/www.revue3emillenaire.com\/blog\/le-zen-universel-qui-suis-je\/#breadcrumb"},"inLanguage":"fr-FR","potentialAction":[{"@type":"ReadAction","target":["https:\/\/www.revue3emillenaire.com\/blog\/le-zen-universel-qui-suis-je\/"]}]},{"@type":"ImageObject","inLanguage":"fr-FR","@id":"https:\/\/www.revue3emillenaire.com\/blog\/le-zen-universel-qui-suis-je\/#primaryimage","url":"https:\/\/www.revue3emillenaire.com\/blog\/wp-content\/uploads\/2017\/04\/nancywilsonross.jpg","contentUrl":"https:\/\/www.revue3emillenaire.com\/blog\/wp-content\/uploads\/2017\/04\/nancywilsonross.jpg","width":164,"height":212},{"@type":"BreadcrumbList","@id":"https:\/\/www.revue3emillenaire.com\/blog\/le-zen-universel-qui-suis-je\/#breadcrumb","itemListElement":[{"@type":"ListItem","position":1,"name":"Accueil","item":"https:\/\/www.revue3emillenaire.com\/blog\/"},{"@type":"ListItem","position":2,"name":"Le Zen Universel: Qui suis-je? (citations)"}]},{"@type":"WebSite","@id":"https:\/\/www.revue3emillenaire.com\/blog\/#website","url":"https:\/\/www.revue3emillenaire.com\/blog\/","name":"3e mill\u00e9naire - Spiritualit\u00e9 - Connaissance de soi - Non-dualit\u00e9 - M\u00e9ditation","description":"L&#039;Homme en devenir","potentialAction":[{"@type":"SearchAction","target":{"@type":"EntryPoint","urlTemplate":"https:\/\/www.revue3emillenaire.com\/blog\/?s={search_term_string}"},"query-input":{"@type":"PropertyValueSpecification","valueRequired":true,"valueName":"search_term_string"}}],"inLanguage":"fr-FR"},{"@type":"Person","@id":"https:\/\/www.revue3emillenaire.com\/blog\/#\/schema\/person\/b692dacff720a5344a6190bc714397eb","name":"3e mill\u00e9naire","url":"https:\/\/www.revue3emillenaire.com\/blog\/author\/scoussa\/"}]}},"_links":{"self":[{"href":"https:\/\/www.revue3emillenaire.com\/blog\/wp-json\/wp\/v2\/posts\/17756","targetHints":{"allow":["GET"]}}],"collection":[{"href":"https:\/\/www.revue3emillenaire.com\/blog\/wp-json\/wp\/v2\/posts"}],"about":[{"href":"https:\/\/www.revue3emillenaire.com\/blog\/wp-json\/wp\/v2\/types\/post"}],"author":[{"embeddable":true,"href":"https:\/\/www.revue3emillenaire.com\/blog\/wp-json\/wp\/v2\/users\/2"}],"replies":[{"embeddable":true,"href":"https:\/\/www.revue3emillenaire.com\/blog\/wp-json\/wp\/v2\/comments?post=17756"}],"version-history":[{"count":0,"href":"https:\/\/www.revue3emillenaire.com\/blog\/wp-json\/wp\/v2\/posts\/17756\/revisions"}],"wp:featuredmedia":[{"embeddable":true,"href":"https:\/\/www.revue3emillenaire.com\/blog\/wp-json\/wp\/v2\/media\/17471"}],"wp:attachment":[{"href":"https:\/\/www.revue3emillenaire.com\/blog\/wp-json\/wp\/v2\/media?parent=17756"}],"wp:term":[{"taxonomy":"category","embeddable":true,"href":"https:\/\/www.revue3emillenaire.com\/blog\/wp-json\/wp\/v2\/categories?post=17756"},{"taxonomy":"post_tag","embeddable":true,"href":"https:\/\/www.revue3emillenaire.com\/blog\/wp-json\/wp\/v2\/tags?post=17756"}],"curies":[{"name":"wp","href":"https:\/\/api.w.org\/{rel}","templated":true}]}}