{"id":17762,"date":"2018-05-24T01:11:55","date_gmt":"2018-05-24T00:11:55","guid":{"rendered":"http:\/\/www.revue3emillenaire.com\/blog\/?p=17762"},"modified":"2018-05-25T23:57:26","modified_gmt":"2018-05-25T22:57:26","slug":"le-zen-universel-letre-des-choses-quelques-citations","status":"publish","type":"post","link":"https:\/\/www.revue3emillenaire.com\/blog\/le-zen-universel-letre-des-choses-quelques-citations\/","title":{"rendered":"Le Zen Universel: L&rsquo;\u00catre des choses (citations)"},"content":{"rendered":"<p class=\"western\" align=\"justify\"><span style=\"color: #000000;\"><span style=\"font-size: medium;\"><span lang=\"fr-CA\">Comme le ciel est vide, Cela est sans limite,<\/span><\/span><\/span><\/p>\n<p class=\"western\" align=\"justify\"><span style=\"color: #000000;\"><span style=\"font-size: medium;\"><span lang=\"fr-CA\">pourtant Cela est ici, toujours profond et clair.<\/span><\/span><\/span><\/p>\n<p class=\"western\" align=\"justify\"><span style=\"color: #000000;\"><span style=\"font-size: medium;\"><span lang=\"fr-CA\">Lorsque tu cherches \u00e0 le conna\u00eetre, tu ne le vois point.<\/span><\/span><\/span><\/p>\n<p class=\"western\" align=\"justify\"><span style=\"color: #000000;\"><span style=\"font-size: medium;\"><span lang=\"fr-CA\">Tu ne peux t&rsquo;en saisir<\/span><\/span><\/span><\/p>\n<p class=\"western\" align=\"justify\"><span style=\"color: #000000;\"><span style=\"font-size: medium;\"><span lang=\"fr-CA\">mais tu peux le perdre.<\/span><\/span><\/span><\/p>\n<p class=\"western\" align=\"justify\"><span style=\"color: #000000;\"><span style=\"font-size: medium;\"><span lang=\"fr-CA\">Tu le poss\u00e8des sans pouvoir le poss\u00e9der.<\/span><\/span><\/span><\/p>\n<p class=\"western\" align=\"justify\"><span style=\"color: #000000;\"><span style=\"font-size: medium;\"><span lang=\"fr-CA\">Quand tu te tais, Cela parle,<\/span><\/span><\/span><\/p>\n<p class=\"western\" align=\"justify\"><span style=\"color: #000000;\"><span style=\"font-size: medium;\"><span lang=\"fr-CA\">quand tu parles, Cela se tait.<\/span><\/span><\/span><\/p>\n<p class=\"western\" align=\"justify\"><span style=\"color: #000000;\"><span style=\"font-size: medium;\"><span lang=\"fr-CA\">La grande porte est ouverte \u00e0 ceux qui veulent la franchir,<\/span><\/span><\/span><\/p>\n<p class=\"western\" align=\"justify\"><span style=\"color: #000000;\"><span style=\"font-size: medium;\"><span lang=\"fr-CA\">et aucune foule n&rsquo;obstrue le passage.<\/span><\/span><\/span><\/p>\n<p class=\"western\" align=\"right\"><span style=\"color: #000000;\"><span style=\"font-size: medium;\"><span lang=\"fr-CA\">(<\/span><\/span><\/span><span style=\"color: #000000;\"><span style=\"font-size: medium;\"><span lang=\"fr-CA\"><i>Cheng-tao Ke<\/i><\/span><\/span><\/span><span style=\"color: #000000;\"><span style=\"font-size: medium;\"><span lang=\"fr-CA\">.)<\/span><\/span><\/span><\/p>\n<p class=\"western\" align=\"justify\"><span style=\"color: #000000;\"><span style=\"font-size: medium;\"><span lang=\"fr-CA\">Un ignorant cherchait un feu, une lanterne \u00e0 la main.<\/span><\/span><\/span><\/p>\n<p class=\"western\" align=\"justify\"><span style=\"color: #000000;\"><span style=\"font-size: medium;\"><span lang=\"fr-CA\">S&rsquo;il avait su ce qu&rsquo;est le feu<\/span><\/span><\/span><\/p>\n<p class=\"western\" align=\"justify\"><span style=\"color: #000000;\"><span style=\"font-size: medium;\"><span lang=\"fr-CA\">Il e\u00fbt pu cuire son riz beaucoup plus vite.<\/span><\/span><\/span><\/p>\n<p class=\"western\" align=\"right\"><span style=\"color: #000000;\"><span style=\"font-size: medium;\"><span lang=\"fr-CA\">(<\/span><\/span><\/span><span style=\"color: #000000;\"><span style=\"font-size: medium;\"><span lang=\"fr-CA\"><i>La porte sans porte<\/i><\/span><\/span><\/span><span style=\"color: #000000;\"><span style=\"font-size: medium;\"><span lang=\"fr-CA\">.)<\/span><\/span><\/span><\/p>\n<p class=\"western\" align=\"justify\"><span style=\"color: #000000;\"><span style=\"font-size: medium;\"><span lang=\"fr-CA\">Tes yeux ne peuvent conna\u00eetre les choses qu&rsquo;en fonction de leurs dimensions, de leurs formes, de leur distance, de leur couleur ; tes oreilles ne connaissent le bruit, ton nez que les odeurs, ta bouche que les saveurs ; ton toucher ne conna\u00eet que le chaud ou le froid, la douceur ou la rugosit\u00e9. Or Dieu ni les choses invisibles n&rsquo;ont ces qualit\u00e9s-l\u00e0. Renonce donc \u00e0 te servir de tes sens et \u00e0 croire \u00e0 ce qu&rsquo;ils t&rsquo;enseignent.<\/span><\/span><\/span><\/p>\n<p class=\"western\" align=\"right\"><span style=\"color: #000000;\"><span style=\"font-size: medium;\"><span lang=\"fr-CA\">(<\/span><\/span><\/span><span style=\"color: #000000;\"><span style=\"font-size: medium;\"><span lang=\"fr-CA\"><i>Le Nuage de l&rsquo;Ignorance<\/i><\/span><\/span><\/span><span style=\"color: #000000;\"><span style=\"font-size: medium;\"><span lang=\"fr-CA\">.)<\/span><\/span><\/span><\/p>\n<p class=\"western\" align=\"justify\"><span style=\"color: #000000;\"><span style=\"font-size: medium;\"><span lang=\"fr-CA\">Avant qu&rsquo;un homme \u00e9tudie le Zen, les montagnes sont pour lui des montagnes et les eaux des eaux. Lorsqu&rsquo;il s&rsquo;initie \u00e0 la v\u00e9rit\u00e9 du Zen sous la conduite d&rsquo;un bon ma\u00eetre, pour lui les montagnes ne sont plus des montagnes ni les eaux des eaux. Mais ensuite lorsqu&rsquo;il est entr\u00e9 dans la demeure du repos, les montagnes sont de nouveau des montagnes et les eaux des eaux.<\/span><\/span><\/span><\/p>\n<p class=\"western\" align=\"right\"><span style=\"color: #000000;\"><span style=\"font-size: medium;\"><span lang=\"fr-CA\">CH&rsquo;ING YUAN.<\/span><\/span><\/span><\/p>\n<p class=\"western\" align=\"justify\"><span style=\"color: #000000;\"><span style=\"font-size: medium;\"><span lang=\"fr-CA\">Je vous en prie, ne cherchez rien derri\u00e8re les ph\u00e9nom\u00e8nes. Ils constituent leur propre le\u00e7on.<\/span><\/span><\/span><\/p>\n<p class=\"western\" align=\"right\"><span style=\"color: #000000;\"><span style=\"font-size: medium;\"><span lang=\"fr-CA\">GOETHE.<\/span><\/span><\/span><\/p>\n<p class=\"western\" align=\"justify\"><span style=\"color: #000000;\"><span style=\"font-size: medium;\"><span lang=\"fr-CA\">Une affirmation est zen uniquement quand elle est un acte en elle-m\u00eame et non une r\u00e9f\u00e9rence \u00e0 quelque chose qui s&rsquo;affirmerait par elle.<\/span><\/span><\/span><\/p>\n<p class=\"western\" align=\"right\"><span style=\"color: #000000;\"><span style=\"font-size: medium;\"><span lang=\"fr-CA\">D. T. SUZUKI.<\/span><\/span><\/span><\/p>\n<p class=\"western\" align=\"justify\"><span style=\"color: #000000;\"><span style=\"font-size: medium;\"><span lang=\"fr-CA\">Les oies sauvages ne font pas expr\u00e8s de projeter leur image sur l&rsquo;eau<\/span><\/span><\/span><\/p>\n<p class=\"western\" align=\"justify\"><span style=\"color: #000000;\"><span style=\"font-size: medium;\"><span lang=\"fr-CA\">Et ce n&rsquo;est pas expr\u00e8s que l&rsquo;eau la re\u00e7oit.<\/span><\/span><\/span><\/p>\n<p class=\"western\" align=\"right\"><span style=\"color: #000000;\"><span style=\"font-size: medium;\"><span lang=\"fr-CA\">(<\/span><\/span><\/span><span style=\"color: #000000;\"><span style=\"font-size: medium;\"><span lang=\"fr-CA\"><i>Zenrin-Kushu<\/i><\/span><\/span><\/span><span style=\"color: #000000;\"><span style=\"font-size: medium;\"><span lang=\"fr-CA\">.)<\/span><\/span><\/span><\/p>\n<p class=\"western\" align=\"justify\"><span style=\"color: #000000;\"><span style=\"font-size: medium;\"><span lang=\"fr-CA\">Comme les fleurs de pavot <\/span><\/span><\/span><\/p>\n<p class=\"western\" align=\"justify\"><span style=\"color: #000000;\"><span style=\"font-size: medium;\"><span lang=\"fr-CA\">tombent calmement !<\/span><\/span><\/span><\/p>\n<p class=\"western\" align=\"right\"><span style=\"color: #000000;\"><span style=\"font-size: medium;\"><span lang=\"fr-CA\">ETSUJIN.<\/span><\/span><\/span><\/p>\n<p class=\"western\" align=\"justify\"><span style=\"color: #000000;\"><span style=\"font-size: medium;\"><span lang=\"fr-CA\">Ouvrons-nous comme une fleur et comme elle soyons passifs et accueillants.<\/span><\/span><\/span><\/p>\n<p class=\"western\" align=\"right\"><span style=\"color: #000000;\"><span style=\"font-size: medium;\"><span lang=\"fr-CA\">JOHN KEATS.<\/span><\/span><\/span><\/p>\n<p class=\"western\" align=\"justify\"><span style=\"color: #000000;\">\u2014 <span style=\"font-size: medium;\"><span lang=\"fr-CA\">Toutes ces montagnes, tous ces fleuves et la Terre elle-m\u00eame, d&rsquo;o\u00f9 viennent-ils ? demandait un moine.<\/span><\/span><\/span><\/p>\n<p class=\"western\" align=\"justify\"><span style=\"color: #000000;\">\u2014 <span style=\"font-size: medium;\"><span lang=\"fr-CA\">Et d&rsquo;o\u00f9 vient ta question ? dit le Ma\u00eetre.<\/span><\/span><\/span><\/p>\n<p class=\"western\" align=\"right\"><span style=\"color: #000000;\"><span style=\"font-size: medium;\"><span lang=\"fr-CA\">(<\/span><\/span><\/span><span style=\"color: #000000;\"><span style=\"font-size: medium;\"><span lang=\"fr-CA\"><i>Mondo<\/i><\/span><\/span><\/span><span style=\"color: #000000;\"><span style=\"font-size: medium;\"><span lang=\"fr-CA\">.)<\/span><\/span><\/span><\/p>\n<p class=\"western\" align=\"justify\"><span style=\"color: #000000;\"><span style=\"font-size: medium;\"><span lang=\"fr-CA\">Les bois pourrissent et tombent<\/span><\/span><\/span><\/p>\n<p class=\"western\" align=\"justify\"><span style=\"color: #000000;\"><span style=\"font-size: medium;\"><span lang=\"fr-CA\">Les brouillards s&rsquo;\u00e9crasent sur le sol<\/span><\/span><\/span><\/p>\n<p class=\"western\" align=\"justify\"><span style=\"color: #000000;\"><span style=\"font-size: medium;\"><span lang=\"fr-CA\">L&rsquo;homme vient alors, laboure la terre et repose sous elle<\/span><\/span><\/span><\/p>\n<p class=\"western\" align=\"justify\"><span style=\"color: #000000;\"><span style=\"font-size: medium;\"><span lang=\"fr-CA\">Et apr\u00e8s plusieurs \u00e9t\u00e9 meurt le cygne.<\/span><\/span><\/span><\/p>\n<p class=\"western\" align=\"right\"><span style=\"color: #000000;\"><span style=\"font-size: medium;\"><span lang=\"fr-CA\">TENNYSON.<\/span><\/span><\/span><\/p>\n<p class=\"western\" align=\"justify\"><span style=\"color: #000000;\"><span style=\"font-size: medium;\"><span lang=\"fr-CA\">Les feuilles mortes tombent et s&rsquo;entassent <\/span><\/span><\/span><\/p>\n<p class=\"western\" align=\"justify\"><span style=\"color: #000000;\"><span style=\"font-size: medium;\"><span lang=\"fr-CA\">La pluie tombe sur la pluie tomb\u00e9e.<\/span><\/span><\/span><\/p>\n<p class=\"western\" align=\"right\"><span style=\"color: #000000;\"><span style=\"font-size: medium;\"><span lang=\"fr-CA\">GYODAI.<\/span><\/span><\/span><\/p>\n<p class=\"western\" align=\"justify\"><span style=\"color: #000000;\"><span style=\"font-size: medium;\"><span lang=\"fr-CA\">Comment faut-il chanter ?<\/span><\/span><\/span><\/p>\n<p class=\"western\" align=\"justify\"><span style=\"color: #000000;\"><span style=\"font-size: medium;\"><span lang=\"fr-CA\">La grenouille et l&rsquo;alouette<\/span><\/span><\/span><\/p>\n<p class=\"western\" align=\"justify\"><span style=\"color: #000000;\"><span style=\"font-size: medium;\"><span lang=\"fr-CA\">sont l\u00e0-dessus d&rsquo;un avis diff\u00e9rent.<\/span><\/span><\/span><\/p>\n<p class=\"western\" align=\"right\"><span style=\"color: #000000;\"><span style=\"font-size: medium;\"><span lang=\"fr-CA\">SHIKI.<\/span><\/span><\/span><\/p>\n<p class=\"western\" align=\"justify\"><span style=\"color: #000000;\"><span style=\"font-size: medium;\"><span lang=\"fr-CA\">Le vent qui souffle est seul \u00e0 pouvoir dire <\/span><\/span><\/span><\/p>\n<p class=\"western\" align=\"justify\"><span style=\"color: #000000;\"><span style=\"font-size: medium;\"><span lang=\"fr-CA\">si l&rsquo;arbre ou la feuille tombera le premier.<\/span><\/span><\/span><\/p>\n<p class=\"western\" align=\"right\"><span style=\"color: #000000;\"><span style=\"font-size: medium;\"><span lang=\"fr-CA\">SOSEKI.<\/span><\/span><\/span><\/p>\n<p class=\"western\" align=\"justify\"><span style=\"color: #000000;\"><span style=\"font-size: medium;\"><span lang=\"fr-CA\">On ne voit ni le ciel ni la terre <\/span><\/span><\/span><\/p>\n<p class=\"western\" align=\"justify\"><span style=\"color: #000000;\"><span style=\"font-size: medium;\"><span lang=\"fr-CA\">mais la neige continue \u00e0 tomber.<\/span><\/span><\/span><\/p>\n<p class=\"western\" align=\"right\"><span style=\"color: #000000;\"><span style=\"font-size: medium;\"><span lang=\"fr-CA\">HASHIN.<\/span><\/span><\/span><\/p>\n<p class=\"western\" align=\"justify\"><span style=\"color: #000000;\"><span style=\"font-size: medium;\"><span lang=\"fr-CA\">Lorsqu&rsquo;on demandait \u00e0 Joshu ce qu&rsquo;\u00e9tait le Tao (ou la v\u00e9rit\u00e9 du Zen), <\/span><\/span><\/span><span style=\"color: #000000;\"><span style=\"font-size: medium;\"><span lang=\"fr-CA\">i<\/span><\/span><\/span><span style=\"color: #000000;\"><span style=\"font-size: medium;\"><span lang=\"fr-CA\">l r\u00e9pondait :<\/span><\/span><\/span><\/p>\n<p class=\"western\" align=\"justify\"><span style=\"color: #000000;\">\u2014 <span style=\"font-size: medium;\"><span lang=\"fr-CA\">Ta vie de chaque jour, voil\u00e0 le Tao.<\/span><\/span><\/span><\/p>\n<p class=\"western\" align=\"justify\"><span style=\"color: #000000;\"><span style=\"font-size: medium;\"><span lang=\"fr-CA\">Un moine demanda \u00e0 Fuketsu :<\/span><\/span><\/span><\/p>\n<p class=\"western\" align=\"justify\"><span style=\"color: #000000;\">\u2014 <span style=\"font-size: medium;\"><span lang=\"fr-CA\">La parole et le silence appartiennent tous deux au monde du relatif et au monde de l&rsquo;absolu. Comment \u00e9chapper \u00e0 ces deux erreurs ? Fuketsu r\u00e9pliqua :<\/span><\/span><\/span><\/p>\n<p class=\"western\" align=\"justify\"><span style=\"color: #000000;\">\u2014 <span style=\"font-size: medium;\"><span lang=\"fr-CA\">Je pense \u00e0 Konan au mois de mars et aux perdrix qui caquettent parmi les fleurs odorantes.<\/span><\/span><\/span><\/p>\n<p class=\"western\" align=\"justify\"><span style=\"color: #000000;\"><span style=\"font-size: medium;\"><span lang=\"fr-CA\">Un moine demandait :<\/span><\/span><\/span><\/p>\n<p class=\"western\" align=\"justify\"><span style=\"color: #000000;\">\u2014 <span style=\"font-size: medium;\"><span lang=\"fr-CA\">Qu&rsquo;est-ce que le Bouddha ? <\/span><\/span><\/span><\/p>\n<p class=\"western\" align=\"justify\"><span style=\"color: #000000;\"><span style=\"font-size: medium;\"><span lang=\"fr-CA\">Le Ma\u00eetre r\u00e9pondit :<\/span><\/span><\/span><\/p>\n<p class=\"western\" align=\"justify\"><span style=\"color: #000000;\">\u2014 <span style=\"font-size: medium;\"><span lang=\"fr-CA\">Le Bouddha.<\/span><\/span><\/span><\/p>\n<p class=\"western\" align=\"justify\"><span style=\"color: #000000;\">\u2014 <span style=\"font-size: medium;\"><span lang=\"fr-CA\">Qu&rsquo;est-ce que le Tao ?<\/span><\/span><\/span><\/p>\n<p class=\"western\" align=\"justify\"><span style=\"color: #000000;\">\u2014 <span style=\"font-size: medium;\"><span lang=\"fr-CA\">Le Tao.<\/span><\/span><\/span><\/p>\n<p class=\"western\" align=\"justify\"><span style=\"color: #000000;\">\u2014 <span style=\"font-size: medium;\"><span lang=\"fr-CA\">Qu&rsquo;est-ce que le Zen ?<\/span><\/span><\/span><\/p>\n<p class=\"western\" align=\"justify\"><span style=\"color: #000000;\">\u2014 <span style=\"font-size: medium;\"><span lang=\"fr-CA\">Le Zen.<\/span><\/span><\/span><\/p>\n<p class=\"western\" align=\"justify\"><span style=\"color: #000000;\"><span style=\"font-size: medium;\"><span lang=\"fr-CA\">Le Ma\u00eetre parlait comme un perroquet ou un \u00e9cho \u2014 mais en fait, il n&rsquo;avait pas d&rsquo;autre moyen d&rsquo;\u00e9clairer l&rsquo;esprit du moine que celui-l\u00e0 affirmer que ce qui est, est \u2014 ce qui est la forme ultime du savoir.<\/span><\/span><\/span><\/p>\n<p class=\"western\" align=\"right\"><span style=\"color: #000000;\"><span style=\"font-size: medium;\"><span lang=\"fr-CA\">D. T. SUZUKI, <\/span><\/span><\/span><span style=\"color: #000000;\"><span style=\"font-size: medium;\"><span lang=\"fr-CA\"><i>Le Zen et la culture japonaise<\/i><\/span><\/span><\/span><span style=\"color: #000000;\"><span style=\"font-size: medium;\"><span lang=\"fr-CA\">.<\/span><\/span><\/span><\/p>\n<p class=\"western\" align=\"justify\"><span style=\"color: #000000;\"><span style=\"font-size: medium;\"><span lang=\"fr-CA\">Selon Aristote, une chose est par nature bonne ou mauvaise, mais le Bien et le Mal ne sont pas des caract\u00e9ristiques naturelles. Un pommier, un cheval, un lion sont par nature un pommier, un cheval, un lion ; un bon ou un mauvais pommier est toujours un pommier et un mauvais cheval ne devient pas pour autant un lion : telle est leur nature ; qu&rsquo;elle soit bonne ou mauvaise est une tout autre affaire.<\/span><\/span><\/span><\/p>\n<p class=\"western\" align=\"right\"><span style=\"color: #000000;\"><span style=\"font-size: medium;\"><span lang=\"fr-CA\">WILLIAM BLAKE.<\/span><\/span><\/span><\/p>\n<p class=\"western\" align=\"justify\"><span style=\"color: #000000;\"><span style=\"font-size: medium;\"><span lang=\"fr-CA\">Les hommes savent comment lire des livres imprim\u00e9s ; ils ne savent pas comment lire ceux qui ne sont pas imprim\u00e9s. Ils savent jouer de la harpe, mais non pas d&rsquo;une harpe sans cordes. S&rsquo;attachant \u00e0 ce qui est superficiel et non \u00e0 ce qui est profond, comment comprendraient-ils la musique ou la po\u00e9sie ?<\/span><\/span><\/span><\/p>\n<p class=\"western\" align=\"right\"><span style=\"color: #000000;\"><span style=\"font-size: medium;\"><span lang=\"fr-CA\">KOJISEI.<\/span><\/span><\/span><\/p>\n<p class=\"western\" align=\"justify\"><span style=\"color: #000000;\"><span style=\"font-size: medium;\"><span lang=\"fr-CA\">L&rsquo;Existence est, en fait, aussi proche de la po\u00e9sie que de la philosophie et beaucoup de sa saveur est perdue quand on la traduit en une prose laborieuse. Autrement dit, c&rsquo;est l&rsquo;amoindrir que de faire appel \u00e0 la v\u00e9rit\u00e9 objective et v\u00e9rifiable plut\u00f4t qu&rsquo;\u00e0 l&rsquo;exp\u00e9rience subjective dans ses aspects individuels. Dans la mesure o\u00f9 l&rsquo;on s&rsquo;int\u00e9resse \u00e0 ses formes universelles et communicables, celles-ci sont esth\u00e9tiques plut\u00f4t qu&rsquo;intellectuelles, et plus proches des vues de l&rsquo;imagination d&rsquo;un Schopenhauer ou d&rsquo;un Nietzsche que des id\u00e9es logiques d&rsquo;un Platon, par exemple. La chose se v\u00e9rifie m\u00eame dans le cas d&rsquo;un Heidegger, en d\u00e9pit du fait qu&rsquo;il a h\u00e9rit\u00e9 de son ma\u00eetre Husserl le go\u00fbt de la \u00ab\u00a0r\u00e9duction \u00bb aux id\u00e9es logiques qui rappelle la forme platonicienne. Chez Heidegger, la ph\u00e9nom\u00e9nologie, en devenant existentielle, s&rsquo;est \u00e9cart\u00e9e de l&rsquo;exp\u00e9rience logique pour se rapprocher de l&rsquo;exp\u00e9rience imaginative et \u00e9motionnelle. L&rsquo;existentialisme appara\u00eet ainsi comme une tentative, po\u00e9tique et philosophique de description de l&rsquo;exp\u00e9rience religieuse subjective, et comme tel il est \u00e9troitement li\u00e9 \u00e0 ses propres moyens d&rsquo;expression. Par son sens aigu de l&rsquo;Absolu et de son influence sur la vie humaine, Kierkegaard nous fait penser \u00e0 Francis Thompson. Jaspers est proche de Browning par son originalit\u00e9, son pouvoir d&rsquo;\u00e9motion et, disons-le, son objectivit\u00e9. Par le non-conformisme de son style, Heidegger peut quant \u00e0 lui \u00eatre compar\u00e9 \u00e0 Gertrude Stein : comme elle, il utilise des mots insolites dans un contexte familier ou des mots familiers dans un contexte insolite, pour nous lib\u00e9rer des cat\u00e9gories complaisamment accept\u00e9es.<\/span><\/span><\/span><\/p>\n<p class=\"western\" align=\"right\"><span style=\"color: #000000;\"><span style=\"font-size: medium;\"><span lang=\"fr-CA\">JULIUS SEELYE BIXLER, <\/span><\/span><\/span><span style=\"color: #000000;\"><span style=\"font-size: medium;\"><span lang=\"fr-CA\"><i>Revue th\u00e9ologique de Harvard<\/i><\/span><\/span><\/span><span style=\"color: #000000;\"><span style=\"font-size: medium;\"><span lang=\"fr-CA\">.<\/span><\/span><\/span><\/p>\n<p class=\"western\" align=\"justify\"><span style=\"color: #000000;\"><span style=\"font-size: medium;\"><span lang=\"fr-CA\">Une rose est une rose est une rose.<\/span><\/span><\/span><\/p>\n<p class=\"western\" align=\"right\"><span style=\"color: #000000;\"><span style=\"font-size: medium;\"><span lang=\"fr-CA\">GERTRUDE STEIN.<\/span><\/span><\/span><\/p>\n<p class=\"western\" align=\"justify\"><span style=\"color: #000000;\"><span style=\"font-size: medium;\"><span lang=\"fr-CA\">La mati\u00e8re est moins mat\u00e9rielle et l&rsquo;esprit moins spirituel qu&rsquo;on ne l&rsquo;admet g\u00e9n\u00e9ralement. La distinction habituellement faite entre physique et psychologie, esprit et mati\u00e8re, est m\u00e9taphysiquement ind\u00e9fendable.<\/span><\/span><\/span><\/p>\n<p class=\"western\" align=\"right\"><span style=\"color: #000000;\"><span style=\"font-size: medium;\"><span lang=\"fr-CA\">BERTRAND RUSSELL.<\/span><\/span><\/span><\/p>\n","protected":false},"excerpt":{"rendered":"<p>Comme le ciel est vide, Cela est sans limite, pourtant Cela est ici, toujours profond et clair. Lorsque tu cherches \u00e0 le conna\u00eetre, tu ne le vois point. Tu ne peux t&rsquo;en saisir mais tu peux le perdre. Tu le poss\u00e8des sans pouvoir le poss\u00e9der. Quand tu te tais, Cela parle, quand tu parles, Cela [&hellip;]<\/p>\n","protected":false},"author":2,"featured_media":16111,"comment_status":"closed","ping_status":"closed","sticky":false,"template":"","format":"standard","meta":{"footnotes":""},"categories":[785],"tags":[11],"class_list":["post-17762","post","type-post","status-publish","format-standard","has-post-thumbnail","hentry","category-traditions","tag-zen"],"yoast_head":"<!-- This site is optimized with the Yoast SEO plugin v27.0 - https:\/\/yoast.com\/product\/yoast-seo-wordpress\/ -->\n<title>Le Zen Universel: L&#039;\u00catre des choses (citations) - 3e mill\u00e9naire - Spiritualit\u00e9 - Connaissance de soi - Non-dualit\u00e9 - M\u00e9ditation<\/title>\n<meta name=\"robots\" content=\"index, follow, max-snippet:-1, max-image-preview:large, max-video-preview:-1\" \/>\n<link rel=\"canonical\" href=\"https:\/\/www.revue3emillenaire.com\/blog\/le-zen-universel-letre-des-choses-quelques-citations\/\" \/>\n<meta property=\"og:locale\" content=\"fr_FR\" \/>\n<meta property=\"og:type\" content=\"article\" \/>\n<meta property=\"og:title\" content=\"Le Zen Universel: L&#039;\u00catre des choses (citations) - 3e mill\u00e9naire - Spiritualit\u00e9 - Connaissance de soi - Non-dualit\u00e9 - M\u00e9ditation\" \/>\n<meta property=\"og:description\" content=\"Comme le ciel est vide, Cela est sans limite, pourtant Cela est ici, toujours profond et clair. Lorsque tu cherches \u00e0 le conna\u00eetre, tu ne le vois point. Tu ne peux t&rsquo;en saisir mais tu peux le perdre. Tu le poss\u00e8des sans pouvoir le poss\u00e9der. Quand tu te tais, Cela parle, quand tu parles, Cela [&hellip;]\" \/>\n<meta property=\"og:url\" content=\"https:\/\/www.revue3emillenaire.com\/blog\/le-zen-universel-letre-des-choses-quelques-citations\/\" \/>\n<meta property=\"og:site_name\" content=\"3e mill\u00e9naire - Spiritualit\u00e9 - Connaissance de soi - Non-dualit\u00e9 - M\u00e9ditation\" \/>\n<meta property=\"article:published_time\" content=\"2018-05-24T00:11:55+00:00\" \/>\n<meta property=\"article:modified_time\" content=\"2018-05-25T22:57:26+00:00\" \/>\n<meta property=\"og:image\" content=\"https:\/\/www.revue3emillenaire.com\/blog\/wp-content\/uploads\/2014\/05\/DTSuzuki.jpg\" \/>\n\t<meta property=\"og:image:width\" content=\"192\" \/>\n\t<meta property=\"og:image:height\" content=\"226\" \/>\n\t<meta property=\"og:image:type\" content=\"image\/jpeg\" \/>\n<meta name=\"author\" content=\"3e mill\u00e9naire\" \/>\n<meta name=\"twitter:card\" content=\"summary_large_image\" \/>\n<meta name=\"twitter:label1\" content=\"\u00c9crit par\" \/>\n\t<meta name=\"twitter:data1\" content=\"3e mill\u00e9naire\" \/>\n\t<meta name=\"twitter:label2\" content=\"Dur\u00e9e de lecture estim\u00e9e\" \/>\n\t<meta name=\"twitter:data2\" content=\"5 minutes\" \/>\n<script type=\"application\/ld+json\" class=\"yoast-schema-graph\">{\"@context\":\"https:\/\/schema.org\",\"@graph\":[{\"@type\":\"Article\",\"@id\":\"https:\/\/www.revue3emillenaire.com\/blog\/le-zen-universel-letre-des-choses-quelques-citations\/#article\",\"isPartOf\":{\"@id\":\"https:\/\/www.revue3emillenaire.com\/blog\/le-zen-universel-letre-des-choses-quelques-citations\/\"},\"author\":{\"name\":\"3e mill\u00e9naire\",\"@id\":\"https:\/\/www.revue3emillenaire.com\/blog\/#\/schema\/person\/b692dacff720a5344a6190bc714397eb\"},\"headline\":\"Le Zen Universel: L&rsquo;\u00catre des choses (citations)\",\"datePublished\":\"2018-05-24T00:11:55+00:00\",\"dateModified\":\"2018-05-25T22:57:26+00:00\",\"mainEntityOfPage\":{\"@id\":\"https:\/\/www.revue3emillenaire.com\/blog\/le-zen-universel-letre-des-choses-quelques-citations\/\"},\"wordCount\":1077,\"image\":{\"@id\":\"https:\/\/www.revue3emillenaire.com\/blog\/le-zen-universel-letre-des-choses-quelques-citations\/#primaryimage\"},\"thumbnailUrl\":\"https:\/\/www.revue3emillenaire.com\/blog\/wp-content\/uploads\/2014\/05\/DTSuzuki.jpg\",\"keywords\":[\"Zen\"],\"articleSection\":[\"Traditions\"],\"inLanguage\":\"fr-FR\"},{\"@type\":\"WebPage\",\"@id\":\"https:\/\/www.revue3emillenaire.com\/blog\/le-zen-universel-letre-des-choses-quelques-citations\/\",\"url\":\"https:\/\/www.revue3emillenaire.com\/blog\/le-zen-universel-letre-des-choses-quelques-citations\/\",\"name\":\"Le Zen Universel: L'\u00catre des choses (citations) - 3e mill\u00e9naire - Spiritualit\u00e9 - Connaissance de soi - Non-dualit\u00e9 - M\u00e9ditation\",\"isPartOf\":{\"@id\":\"https:\/\/www.revue3emillenaire.com\/blog\/#website\"},\"primaryImageOfPage\":{\"@id\":\"https:\/\/www.revue3emillenaire.com\/blog\/le-zen-universel-letre-des-choses-quelques-citations\/#primaryimage\"},\"image\":{\"@id\":\"https:\/\/www.revue3emillenaire.com\/blog\/le-zen-universel-letre-des-choses-quelques-citations\/#primaryimage\"},\"thumbnailUrl\":\"https:\/\/www.revue3emillenaire.com\/blog\/wp-content\/uploads\/2014\/05\/DTSuzuki.jpg\",\"datePublished\":\"2018-05-24T00:11:55+00:00\",\"dateModified\":\"2018-05-25T22:57:26+00:00\",\"author\":{\"@id\":\"https:\/\/www.revue3emillenaire.com\/blog\/#\/schema\/person\/b692dacff720a5344a6190bc714397eb\"},\"breadcrumb\":{\"@id\":\"https:\/\/www.revue3emillenaire.com\/blog\/le-zen-universel-letre-des-choses-quelques-citations\/#breadcrumb\"},\"inLanguage\":\"fr-FR\",\"potentialAction\":[{\"@type\":\"ReadAction\",\"target\":[\"https:\/\/www.revue3emillenaire.com\/blog\/le-zen-universel-letre-des-choses-quelques-citations\/\"]}]},{\"@type\":\"ImageObject\",\"inLanguage\":\"fr-FR\",\"@id\":\"https:\/\/www.revue3emillenaire.com\/blog\/le-zen-universel-letre-des-choses-quelques-citations\/#primaryimage\",\"url\":\"https:\/\/www.revue3emillenaire.com\/blog\/wp-content\/uploads\/2014\/05\/DTSuzuki.jpg\",\"contentUrl\":\"https:\/\/www.revue3emillenaire.com\/blog\/wp-content\/uploads\/2014\/05\/DTSuzuki.jpg\",\"width\":\"192\",\"height\":\"226\"},{\"@type\":\"BreadcrumbList\",\"@id\":\"https:\/\/www.revue3emillenaire.com\/blog\/le-zen-universel-letre-des-choses-quelques-citations\/#breadcrumb\",\"itemListElement\":[{\"@type\":\"ListItem\",\"position\":1,\"name\":\"Accueil\",\"item\":\"https:\/\/www.revue3emillenaire.com\/blog\/\"},{\"@type\":\"ListItem\",\"position\":2,\"name\":\"Le Zen Universel: L&rsquo;\u00catre des choses (citations)\"}]},{\"@type\":\"WebSite\",\"@id\":\"https:\/\/www.revue3emillenaire.com\/blog\/#website\",\"url\":\"https:\/\/www.revue3emillenaire.com\/blog\/\",\"name\":\"3e mill\u00e9naire - Spiritualit\u00e9 - Connaissance de soi - Non-dualit\u00e9 - M\u00e9ditation\",\"description\":\"L&#039;Homme en devenir\",\"potentialAction\":[{\"@type\":\"SearchAction\",\"target\":{\"@type\":\"EntryPoint\",\"urlTemplate\":\"https:\/\/www.revue3emillenaire.com\/blog\/?s={search_term_string}\"},\"query-input\":{\"@type\":\"PropertyValueSpecification\",\"valueRequired\":true,\"valueName\":\"search_term_string\"}}],\"inLanguage\":\"fr-FR\"},{\"@type\":\"Person\",\"@id\":\"https:\/\/www.revue3emillenaire.com\/blog\/#\/schema\/person\/b692dacff720a5344a6190bc714397eb\",\"name\":\"3e mill\u00e9naire\",\"url\":\"https:\/\/www.revue3emillenaire.com\/blog\/author\/scoussa\/\"}]}<\/script>\n<!-- \/ Yoast SEO plugin. -->","yoast_head_json":{"title":"Le Zen Universel: L'\u00catre des choses (citations) - 3e mill\u00e9naire - Spiritualit\u00e9 - Connaissance de soi - Non-dualit\u00e9 - M\u00e9ditation","robots":{"index":"index","follow":"follow","max-snippet":"max-snippet:-1","max-image-preview":"max-image-preview:large","max-video-preview":"max-video-preview:-1"},"canonical":"https:\/\/www.revue3emillenaire.com\/blog\/le-zen-universel-letre-des-choses-quelques-citations\/","og_locale":"fr_FR","og_type":"article","og_title":"Le Zen Universel: L'\u00catre des choses (citations) - 3e mill\u00e9naire - Spiritualit\u00e9 - Connaissance de soi - Non-dualit\u00e9 - M\u00e9ditation","og_description":"Comme le ciel est vide, Cela est sans limite, pourtant Cela est ici, toujours profond et clair. Lorsque tu cherches \u00e0 le conna\u00eetre, tu ne le vois point. Tu ne peux t&rsquo;en saisir mais tu peux le perdre. Tu le poss\u00e8des sans pouvoir le poss\u00e9der. Quand tu te tais, Cela parle, quand tu parles, Cela [&hellip;]","og_url":"https:\/\/www.revue3emillenaire.com\/blog\/le-zen-universel-letre-des-choses-quelques-citations\/","og_site_name":"3e mill\u00e9naire - Spiritualit\u00e9 - Connaissance de soi - Non-dualit\u00e9 - M\u00e9ditation","article_published_time":"2018-05-24T00:11:55+00:00","article_modified_time":"2018-05-25T22:57:26+00:00","og_image":[{"width":192,"height":226,"url":"https:\/\/www.revue3emillenaire.com\/blog\/wp-content\/uploads\/2014\/05\/DTSuzuki.jpg","type":"image\/jpeg"}],"author":"3e mill\u00e9naire","twitter_card":"summary_large_image","twitter_misc":{"\u00c9crit par":"3e mill\u00e9naire","Dur\u00e9e de lecture estim\u00e9e":"5 minutes"},"schema":{"@context":"https:\/\/schema.org","@graph":[{"@type":"Article","@id":"https:\/\/www.revue3emillenaire.com\/blog\/le-zen-universel-letre-des-choses-quelques-citations\/#article","isPartOf":{"@id":"https:\/\/www.revue3emillenaire.com\/blog\/le-zen-universel-letre-des-choses-quelques-citations\/"},"author":{"name":"3e mill\u00e9naire","@id":"https:\/\/www.revue3emillenaire.com\/blog\/#\/schema\/person\/b692dacff720a5344a6190bc714397eb"},"headline":"Le Zen Universel: L&rsquo;\u00catre des choses (citations)","datePublished":"2018-05-24T00:11:55+00:00","dateModified":"2018-05-25T22:57:26+00:00","mainEntityOfPage":{"@id":"https:\/\/www.revue3emillenaire.com\/blog\/le-zen-universel-letre-des-choses-quelques-citations\/"},"wordCount":1077,"image":{"@id":"https:\/\/www.revue3emillenaire.com\/blog\/le-zen-universel-letre-des-choses-quelques-citations\/#primaryimage"},"thumbnailUrl":"https:\/\/www.revue3emillenaire.com\/blog\/wp-content\/uploads\/2014\/05\/DTSuzuki.jpg","keywords":["Zen"],"articleSection":["Traditions"],"inLanguage":"fr-FR"},{"@type":"WebPage","@id":"https:\/\/www.revue3emillenaire.com\/blog\/le-zen-universel-letre-des-choses-quelques-citations\/","url":"https:\/\/www.revue3emillenaire.com\/blog\/le-zen-universel-letre-des-choses-quelques-citations\/","name":"Le Zen Universel: L'\u00catre des choses (citations) - 3e mill\u00e9naire - Spiritualit\u00e9 - Connaissance de soi - Non-dualit\u00e9 - M\u00e9ditation","isPartOf":{"@id":"https:\/\/www.revue3emillenaire.com\/blog\/#website"},"primaryImageOfPage":{"@id":"https:\/\/www.revue3emillenaire.com\/blog\/le-zen-universel-letre-des-choses-quelques-citations\/#primaryimage"},"image":{"@id":"https:\/\/www.revue3emillenaire.com\/blog\/le-zen-universel-letre-des-choses-quelques-citations\/#primaryimage"},"thumbnailUrl":"https:\/\/www.revue3emillenaire.com\/blog\/wp-content\/uploads\/2014\/05\/DTSuzuki.jpg","datePublished":"2018-05-24T00:11:55+00:00","dateModified":"2018-05-25T22:57:26+00:00","author":{"@id":"https:\/\/www.revue3emillenaire.com\/blog\/#\/schema\/person\/b692dacff720a5344a6190bc714397eb"},"breadcrumb":{"@id":"https:\/\/www.revue3emillenaire.com\/blog\/le-zen-universel-letre-des-choses-quelques-citations\/#breadcrumb"},"inLanguage":"fr-FR","potentialAction":[{"@type":"ReadAction","target":["https:\/\/www.revue3emillenaire.com\/blog\/le-zen-universel-letre-des-choses-quelques-citations\/"]}]},{"@type":"ImageObject","inLanguage":"fr-FR","@id":"https:\/\/www.revue3emillenaire.com\/blog\/le-zen-universel-letre-des-choses-quelques-citations\/#primaryimage","url":"https:\/\/www.revue3emillenaire.com\/blog\/wp-content\/uploads\/2014\/05\/DTSuzuki.jpg","contentUrl":"https:\/\/www.revue3emillenaire.com\/blog\/wp-content\/uploads\/2014\/05\/DTSuzuki.jpg","width":"192","height":"226"},{"@type":"BreadcrumbList","@id":"https:\/\/www.revue3emillenaire.com\/blog\/le-zen-universel-letre-des-choses-quelques-citations\/#breadcrumb","itemListElement":[{"@type":"ListItem","position":1,"name":"Accueil","item":"https:\/\/www.revue3emillenaire.com\/blog\/"},{"@type":"ListItem","position":2,"name":"Le Zen Universel: L&rsquo;\u00catre des choses (citations)"}]},{"@type":"WebSite","@id":"https:\/\/www.revue3emillenaire.com\/blog\/#website","url":"https:\/\/www.revue3emillenaire.com\/blog\/","name":"3e mill\u00e9naire - Spiritualit\u00e9 - Connaissance de soi - Non-dualit\u00e9 - M\u00e9ditation","description":"L&#039;Homme en devenir","potentialAction":[{"@type":"SearchAction","target":{"@type":"EntryPoint","urlTemplate":"https:\/\/www.revue3emillenaire.com\/blog\/?s={search_term_string}"},"query-input":{"@type":"PropertyValueSpecification","valueRequired":true,"valueName":"search_term_string"}}],"inLanguage":"fr-FR"},{"@type":"Person","@id":"https:\/\/www.revue3emillenaire.com\/blog\/#\/schema\/person\/b692dacff720a5344a6190bc714397eb","name":"3e mill\u00e9naire","url":"https:\/\/www.revue3emillenaire.com\/blog\/author\/scoussa\/"}]}},"_links":{"self":[{"href":"https:\/\/www.revue3emillenaire.com\/blog\/wp-json\/wp\/v2\/posts\/17762","targetHints":{"allow":["GET"]}}],"collection":[{"href":"https:\/\/www.revue3emillenaire.com\/blog\/wp-json\/wp\/v2\/posts"}],"about":[{"href":"https:\/\/www.revue3emillenaire.com\/blog\/wp-json\/wp\/v2\/types\/post"}],"author":[{"embeddable":true,"href":"https:\/\/www.revue3emillenaire.com\/blog\/wp-json\/wp\/v2\/users\/2"}],"replies":[{"embeddable":true,"href":"https:\/\/www.revue3emillenaire.com\/blog\/wp-json\/wp\/v2\/comments?post=17762"}],"version-history":[{"count":0,"href":"https:\/\/www.revue3emillenaire.com\/blog\/wp-json\/wp\/v2\/posts\/17762\/revisions"}],"wp:featuredmedia":[{"embeddable":true,"href":"https:\/\/www.revue3emillenaire.com\/blog\/wp-json\/wp\/v2\/media\/16111"}],"wp:attachment":[{"href":"https:\/\/www.revue3emillenaire.com\/blog\/wp-json\/wp\/v2\/media?parent=17762"}],"wp:term":[{"taxonomy":"category","embeddable":true,"href":"https:\/\/www.revue3emillenaire.com\/blog\/wp-json\/wp\/v2\/categories?post=17762"},{"taxonomy":"post_tag","embeddable":true,"href":"https:\/\/www.revue3emillenaire.com\/blog\/wp-json\/wp\/v2\/tags?post=17762"}],"curies":[{"name":"wp","href":"https:\/\/api.w.org\/{rel}","templated":true}]}}