{"id":17772,"date":"2018-05-31T02:33:57","date_gmt":"2018-05-31T01:33:57","guid":{"rendered":"http:\/\/www.revue3emillenaire.com\/blog\/?p=17772"},"modified":"2018-05-31T02:33:57","modified_gmt":"2018-05-31T01:33:57","slug":"notes-sur-la-liberte-spirituelle-par-robert-linssen","status":"publish","type":"post","link":"https:\/\/www.revue3emillenaire.com\/blog\/notes-sur-la-liberte-spirituelle-par-robert-linssen\/","title":{"rendered":"Notes sur la libert\u00e9 spirituelle par Robert Linssen"},"content":{"rendered":"<p align=\"justify\"><span style=\"color: #000000;\"><span style=\"font-size: medium;\"><span lang=\"fr-CA\"><em>Publi\u00e9 sous le nom de Ram Linssen<\/em><br \/>\n<\/span><\/span><\/span><\/p>\n<p align=\"justify\"><span style=\"color: #000000;\"><span style=\"font-size: medium;\"><span lang=\"fr-CA\">(Revue Spiritualit\u00e9. No 74-75-76-77. Mai &#8211; Septembre 1951)<\/span><\/span><\/span><\/p>\n<p align=\"justify\"><span style=\"color: #000000;\"><span style=\"font-size: medium;\"><span lang=\"fr-CA\">Krishnamurti aspire \u00e0 ce que nous nous lib\u00e9rions de nos cha\u00eenes, mais la plupart d&rsquo;entre nous ne sont m\u00eame pas conscients d&rsquo;\u00eatre encha\u00een\u00e9s. L\u00e0 est le drame.<\/span><\/span><\/span><\/p>\n<p align=\"justify\"><span style=\"color: #000000;\"><span style=\"font-size: medium;\"><span lang=\"fr-CA\">Par quoi sommes-nous emprisonn\u00e9s ? Par un instinct de conservation prodigieux qui exerce sur nous une magie toute puissante et d&rsquo;autant plus dangereuse que totalement insoup\u00e7onn\u00e9e. Aussi paradoxal que ce soit, nous sommes prisonniers de nous-m\u00eames.<\/span><\/span><\/span><\/p>\n<p align=\"justify\"><span style=\"color: #000000;\"><span style=\"font-size: medium;\"><span lang=\"fr-CA\">Nous sommes \u00ab agis \u00bb par une incessante soif de \u00ab devenir \u00bb qui conditionne nos pens\u00e9es, nos \u00e9motions et nos actes.<\/span><\/span><\/span><\/p>\n<p align=\"justify\"><span style=\"color: #000000;\"><span style=\"font-size: medium;\"><span lang=\"fr-CA\">Notre existence enti\u00e8re n&rsquo;est qu&rsquo;une chevauch\u00e9e vers le \u00ab devenir \u00bb. Nous sommes incapables de cueillir les richesses de l&rsquo;instant pr\u00e9sent.<\/span><\/span><\/span><\/p>\n<p align=\"justify\"><span style=\"color: #000000;\"><span style=\"font-size: medium;\"><span lang=\"fr-CA\">Ce n&rsquo;est certes pas l\u00e0 que s&rsquo;expriment les plus profondes raisons d&rsquo;\u00eatre de notre existence. Nous sommes faits pour vivre, vivre heureusement, en vivant int\u00e9gralement. Mais nous ne vivons pas. Nous passons \u00e0 c\u00f4t\u00e9 de la vie, quoiqu&rsquo;elle soit en nous.<\/span><\/span><\/span><\/p>\n<p align=\"justify\"><span style=\"color: #000000;\"><span style=\"font-size: medium;\"><span lang=\"fr-CA\">L&rsquo;essence m\u00eame de notre \u00ab moi \u00bb n&rsquo;est qu&rsquo;int\u00e9r\u00eat, recherche de sensations, mobiles d&rsquo;accroissement personnel, expansion dans le temps, soif de domination, recherche de la gloire et du prestige. C&rsquo;est pourquoi nous sommes des inquiets, des agit\u00e9s. Nous ne connaissons ni la d\u00e9tente, ni l&rsquo;apaisement.<\/span><\/span><\/span><\/p>\n<p align=\"justify\"><span style=\"color: #000000;\"><span style=\"font-size: medium;\"><span lang=\"fr-CA\">En vertu de l&rsquo;interaction du psychique et du physique, nos races d\u00e9cadentes sont ravag\u00e9es par les maladies. Car \u00e0 l&rsquo;intoxication physique se superpose l&rsquo;intoxication mentale.<\/span><\/span><\/span><\/p>\n<p align=\"justify\"><span style=\"color: #000000;\"><span style=\"font-size: medium;\"><span lang=\"fr-CA\">Le centre du processus du \u00ab moi \u00bb se situe sur le plan mental. La pens\u00e9e fut une aide. La pens\u00e9e est l&rsquo;entrave. Par l&rsquo;acte mental, nous nous imaginons \u00eatre des existants ind\u00e9pendants. L&rsquo;homme a mang\u00e9 \u00ab\u00a0le fruit de l&rsquo;arbre de la connaissance \u00bb. Ainsi est n\u00e9e l&rsquo;illusion de la conscience de \u00ab soi \u00bb; ainsi sont apparus tous les mirages, tous les r\u00eaves, tous les errements responsables de nos servitudes.<\/span><\/span><\/span><\/p>\n<p align=\"justify\"><span style=\"color: #000000;\"><span style=\"font-size: medium;\"><span lang=\"fr-CA\">Nous nous identifions \u00e0 notre corps et aux corps des autres, \u00e0 nos \u00e9motions et \u00e0 celles des autres, \u00e0 nos pens\u00e9es et \u00e0 celles des autres. Nous nous identifions \u00e0 notre milieu ext\u00e9rieur et int\u00e9rieur, \u00e0 notre maison, \u00e0 notre auto, \u00e0 nos possessions, \u00e0 notre pays, \u00e0 notre club.<\/span><\/span><\/span><\/p>\n<p align=\"justify\"><span style=\"color: #000000;\"><span style=\"font-size: medium;\"><span lang=\"fr-CA\">En r\u00e9sum\u00e9, nous subissons la toute-puissance d&rsquo;un processus d&rsquo;association psychologique qui conf\u00e8re \u00e0 notre \u00ab moi \u00bb le sentiment d&rsquo;une certaine importance, d&rsquo;une continuit\u00e9, d&rsquo;une r\u00e9alit\u00e9 indubitable.<\/span><\/span><\/span><\/p>\n<p align=\"justify\"><span style=\"color: #000000;\"><span style=\"font-size: medium;\"><span lang=\"fr-CA\">Nous adorons qu&rsquo;on nous consid\u00e8re comme un personnage important, exceptionnel, et nous respectons ceux qui, dans la soci\u00e9t\u00e9, prennent des masques et en imposent.<\/span><\/span><\/span><\/p>\n<p align=\"justify\"><span style=\"color: #000000;\"><span style=\"font-size: medium;\"><span lang=\"fr-CA\">Lorsque nous avons compris toute la vanit\u00e9, toute l&rsquo;absurdit\u00e9 de tels processus, lorsque nous avons intens\u00e9ment per\u00e7u et senti la st\u00e9rilit\u00e9 de nos avidit\u00e9s de \u00ab devenir \u00bb, de para\u00eetre, et les servitudes qui en d\u00e9coulent, nous sommes sur le point d&rsquo;\u00eatre libre.<\/span><\/span><\/span><\/p>\n<p align=\"justify\"><span style=\"color: #000000;\"><span style=\"font-size: medium;\"><span lang=\"fr-CA\">Nous avons conjugu\u00e9 les verbes \u00ab avoir \u00bb et \u00ab para\u00eetre \u00bb. Il nous faut conjuguer le verbe \u00eatre.<\/span><\/span><\/span><\/p>\n<p align=\"justify\"><span style=\"color: #000000;\"><span style=\"font-size: medium;\"><span lang=\"fr-CA\">Lorsque nous sommes capables de d\u00e9masquer, seconde apr\u00e8s seconde, les tentatives faites par notre \u00ab\u00a0moi \u00bb pour s&rsquo;associer continuellement aux \u00eatres et aux choses en vue d&rsquo;assurer le r\u00e8gne de sa continuit\u00e9 st\u00e9rile, la s\u00e9r\u00e9nit\u00e9 mentale et l&rsquo;apaisement int\u00e9rieur succ\u00e8dent aux p\u00e9riodes de tensions.<\/span><\/span><\/span><\/p>\n<p align=\"justify\"><span style=\"color: #000000;\"><span style=\"font-size: medium;\"><span lang=\"fr-CA\">Nous sommes continuellement \u00ab tendus \u00bb, crisp\u00e9s, tant psychologiquement que nerveusement, en vue d&rsquo;accomplir ce que nous concevons comme souhaitable de \u00ab devenir \u00bb. Reconnaissons que nous ne pouvons rester immobiles, que nous voulons toujours devenir quelque chose, toujours batailler en vue de conqu\u00e9rir, soit mat\u00e9riellement, soit moralement.<\/span><\/span><\/span><\/p>\n<p align=\"justify\"><span style=\"color: #000000;\"><span style=\"font-size: medium;\"><span lang=\"fr-CA\">D\u00e8s l&rsquo;instant o\u00f9 nous nous lib\u00e9rons de notre processus d&rsquo;auto-identification, nous acc\u00e9dons \u00e0 la paix int\u00e9rieure, \u00e0 la d\u00e9tente, au silence et surtout \u00e0 l&rsquo;Amour.<\/span><\/span><\/span><\/p>\n<p align=\"justify\"><span style=\"color: #000000;\"><span style=\"font-size: medium;\"><span lang=\"fr-CA\">Lorsque cesse l&rsquo;acte mental et ses \u00ab\u00a0tensions\u00a0\u00bb, le R\u00e9el \u00ab entre en existence \u00bb, nous dit Krishnamurti.<\/span><\/span><\/span><\/p>\n<p align=\"justify\"><span style=\"color: #000000;\"><span style=\"font-size: medium;\"><span lang=\"fr-CA\">En r\u00e9alit\u00e9, nous l&rsquo;avons toujours \u00e9t\u00e9, mais nous ne le savions pas. Il \u00e9tait tellement pr\u00e8s de nous, Il \u00e9tait \u00e0 tel point nous-m\u00eames en un certain sens et nous \u00e9tions tellement distraits que nous ne LE voyions pas. C&rsquo;est l&rsquo;acte mental, qui masquait \u00e0 nos yeux Sa pr\u00e9sence.<\/span><\/span><\/span><\/p>\n<p align=\"justify\"><span style=\"color: #000000;\"><span style=\"font-size: medium;\"><span lang=\"fr-CA\">Et lorsque nous L&rsquo;avons aper\u00e7u, nous sommes stup\u00e9faits de voir combien il \u00e9tait simple de LE voir et combien nous nous compliquions l&rsquo;existence par une foule de probl\u00e8mes issus de nos projections mentales.<\/span><\/span><\/span><\/p>\n<p align=\"justify\"><span style=\"color: #000000;\"><span style=\"font-size: medium;\"><span lang=\"fr-CA\">L&rsquo;exp\u00e9rience du R\u00e9el est intraduisible, inexprimable. Quoiqu&rsquo;en elle, toute dualit\u00e9 est abolie, le langage qui l&rsquo;exprime est une concession faite au monde des dualit\u00e9s.<\/span><\/span><\/span><\/p>\n<p align=\"justify\"><span style=\"color: #000000;\"><span style=\"font-size: medium;\"><span lang=\"fr-CA\">La R\u00e9alit\u00e9 est l\u00e0, o\u00f9 nous nous trouvons. Elle a toujours \u00e9t\u00e9 devant nous. Nous avons toujours \u00e9t\u00e9 en Elle. Nous avons toujours \u00e9t\u00e9 Elle. Mais une inattention magique fut responsable d&rsquo;un long exil qui ne dure cependant que ce que durent les r\u00eaves.<\/span><\/span><\/span><\/p>\n<p align=\"justify\"><span style=\"color: #000000;\"><span style=\"font-size: medium;\"><span lang=\"fr-CA\">L&rsquo;\u00c9tat d&rsquo;\u00catre se suffit \u00e0 Lui-m\u00eame. Il ne cherche pas \u00e0 s&rsquo;exprimer, car chaque mot est \u00e0 la fois un pi\u00e8ge et un mensonge.<\/span><\/span><\/span><\/p>\n<p align=\"justify\"><span style=\"color: #000000;\"><span style=\"font-size: medium;\"><span lang=\"fr-CA\">Descartes a dit : \u00ab\u00a0Je pense donc je \u00ab suis \u00bb&#8230; Ensuite des penseurs plus profonds se sont \u00e9cri\u00e9s : \u00ab Puisque lorsque \u00ab je pense, je suis \u00bb la pauvre chose limit\u00e9e, contradictoire que, je suis, je ne penserai plus \u00bb.<\/span><\/span><\/span><\/p>\n<p align=\"justify\"><span style=\"color: #000000;\"><span style=\"font-size: medium;\"><span lang=\"fr-CA\">Dans l&rsquo;exp\u00e9rience du R\u00e9el, nous disons : Je suis parce que je ne pense plus.<\/span><\/span><\/span><\/p>\n<p align=\"justify\"><span style=\"color: #000000;\"><span style=\"font-size: medium;\"><span lang=\"fr-CA\">La prise de conscience de l&rsquo;\u00catre dans sa totalit\u00e9 dispense le processus mental de ses cr\u00e9ations inutiles, de ses \u00ab superpositions \u00bb dangereuses.<\/span><\/span><\/span><\/p>\n<p align=\"justify\"><span style=\"color: #000000;\"><span style=\"font-size: medium;\"><span lang=\"fr-CA\">\u00ab Voir CE qui est \u00bb, comme le dit Krishnamurti, c&rsquo;est \u00caTRE lib\u00e9r\u00e9 de projections mentales.<\/span><\/span><\/span><\/p>\n<p align=\"justify\"><span style=\"color: #000000;\"><span style=\"font-size: medium;\"><span lang=\"fr-CA\">Nous sommes la R\u00e9alit\u00e9, \u00e0 la fois dans son apparence de surface et dans son essence d&rsquo;ultime profondeur. Nous sommes le monde, l&rsquo;univers entier, sans \u00eatre essentiellement de ce monde. Dans l&rsquo;\u00e9tat confusion d&rsquo;un r\u00eave collectif que nous avons \u00e0 dissiper quoique nous ne nous identifions plus \u00e0 lui.<\/span><\/span><\/span><\/p>\n<p align=\"justify\"><span style=\"color: #000000;\"><span style=\"font-size: medium;\"><span lang=\"fr-CA\">Rien n&rsquo;est plus simple que de voir ce qui est.<\/span><\/span><\/span><\/p>\n<p align=\"justify\"><span style=\"color: #000000;\"><span style=\"font-size: medium;\"><span lang=\"fr-CA\">Seconde apr\u00e8s seconde, nos m\u00e9moires psychologiques sont d\u00e9vor\u00e9es par la flamme claire d&rsquo;un pur amour qui est lucidit\u00e9. Nous sommes perp\u00e9tuellement disponibles au \u00ab renouveau int\u00e9gral \u00bb de chaque instant. L&rsquo;Amour nous rend absent \u00e0 nous-m\u00eames et nous immerge dans l&rsquo;\u00e9ternit\u00e9 insondable de chaque instant. L&rsquo;art supr\u00eame de la Vie nous d\u00e9livre de la mort, car vivre supr\u00eamement, c&rsquo;est mourir \u00e0 soi-m\u00eame \u00e0 chaque instant pour s&rsquo;int\u00e9grer \u00e0 l&rsquo;indicible richesse de l&rsquo;acte total et de la Pr\u00e9sence totale qui ne font qu&rsquo;UN.<\/span><\/span><\/span><\/p>\n<p align=\"justify\"><span style=\"color: #000000;\"><span style=\"font-size: medium;\"><span lang=\"fr-CA\">Dans les tentatives d&rsquo;expression de l&rsquo;indicible, chaque mot devient un pi\u00e8ge, car il correspond \u00e0 des valeurs fausses issues d&rsquo;un r\u00eave collectif.<\/span><\/span><\/span><\/p>\n<p align=\"justify\"><span style=\"color: #000000;\"><span style=\"font-size: medium;\"><span lang=\"fr-CA\">Dans le R\u00e9el, toute dualit\u00e9 est abolie.<\/span><\/span><\/span><\/p>\n<p align=\"justify\"><span style=\"color: #000000;\"><span style=\"font-size: medium;\"><span lang=\"fr-CA\">L&rsquo;Amour supr\u00eame est lucidit\u00e9. La lucidit\u00e9 supr\u00eame est Amour.<\/span><\/span><\/span><\/p>\n<p align=\"justify\"><span style=\"color: #000000;\"><span style=\"font-size: medium;\"><span lang=\"fr-CA\">Ne disons pas que le monde que nous voyons n&rsquo;est pas cela. Nous ne savons pas ce qu&rsquo;il est. Nous ne savons pas ce que nous sommes. Nous avons des yeux et ne voyons point. Mais nous pouvons voir ! Nous devons voir!<\/span><\/span><\/span><\/p>\n<p align=\"justify\"><span style=\"color: #000000;\"><span style=\"font-size: medium;\"><span lang=\"fr-CA\">Cette r\u00e9alisation est parfaitement accessible \u00e0 tous les hommes, \u00e0 toutes les femmes de tous les peuples de la terre, qui ont des yeux pour voir et veulent voir, qui ont des oreilles pour entendre et veulent \u00e9couter, qui ont un cerveau pour \u00eatre lucides et un c\u0153ur pour s&rsquo;ouvrir \u00e0 l&rsquo;\u00e9ternit\u00e9 de l&rsquo;Amour.<\/span><\/span><\/span><\/p>\n<p align=\"right\"><span style=\"color: #000000;\"><span style=\"font-size: medium;\"><span lang=\"fr-CA\">Ram LINSSEN. Bruxelles, I 7 septembre 1951.<\/span><\/span><\/span><\/p>\n","protected":false},"excerpt":{"rendered":"<p>Publi\u00e9 sous le nom de Ram Linssen (Revue Spiritualit\u00e9. No 74-75-76-77. Mai &#8211; Septembre 1951) Krishnamurti aspire \u00e0 ce que nous nous lib\u00e9rions de nos cha\u00eenes, mais la plupart d&rsquo;entre nous ne sont m\u00eame pas conscients d&rsquo;\u00eatre encha\u00een\u00e9s. L\u00e0 est le drame. Par quoi sommes-nous emprisonn\u00e9s ? Par un instinct de conservation prodigieux qui exerce [&hellip;]<\/p>\n","protected":false},"author":2,"featured_media":11878,"comment_status":"closed","ping_status":"closed","sticky":false,"template":"","format":"standard","meta":{"footnotes":""},"categories":[66],"tags":[],"class_list":["post-17772","post","type-post","status-publish","format-standard","has-post-thumbnail","hentry","category-r-linssen"],"yoast_head":"<!-- This site is optimized with the Yoast SEO plugin v27.0 - https:\/\/yoast.com\/product\/yoast-seo-wordpress\/ -->\n<title>Notes sur la libert\u00e9 spirituelle par Robert Linssen - 3e mill\u00e9naire - Spiritualit\u00e9 - Connaissance de soi - Non-dualit\u00e9 - M\u00e9ditation<\/title>\n<meta name=\"robots\" content=\"index, follow, max-snippet:-1, max-image-preview:large, max-video-preview:-1\" \/>\n<link rel=\"canonical\" href=\"https:\/\/www.revue3emillenaire.com\/blog\/notes-sur-la-liberte-spirituelle-par-robert-linssen\/\" \/>\n<meta property=\"og:locale\" content=\"fr_FR\" \/>\n<meta property=\"og:type\" content=\"article\" \/>\n<meta property=\"og:title\" content=\"Notes sur la libert\u00e9 spirituelle par Robert Linssen - 3e mill\u00e9naire - Spiritualit\u00e9 - Connaissance de soi - Non-dualit\u00e9 - M\u00e9ditation\" \/>\n<meta property=\"og:description\" content=\"Publi\u00e9 sous le nom de Ram Linssen (Revue Spiritualit\u00e9. No 74-75-76-77. Mai &#8211; Septembre 1951) Krishnamurti aspire \u00e0 ce que nous nous lib\u00e9rions de nos cha\u00eenes, mais la plupart d&rsquo;entre nous ne sont m\u00eame pas conscients d&rsquo;\u00eatre encha\u00een\u00e9s. L\u00e0 est le drame. Par quoi sommes-nous emprisonn\u00e9s ? Par un instinct de conservation prodigieux qui exerce [&hellip;]\" \/>\n<meta property=\"og:url\" content=\"https:\/\/www.revue3emillenaire.com\/blog\/notes-sur-la-liberte-spirituelle-par-robert-linssen\/\" \/>\n<meta property=\"og:site_name\" content=\"3e mill\u00e9naire - Spiritualit\u00e9 - Connaissance de soi - Non-dualit\u00e9 - M\u00e9ditation\" \/>\n<meta property=\"article:published_time\" content=\"2018-05-31T01:33:57+00:00\" \/>\n<meta property=\"og:image\" content=\"https:\/\/www.revue3emillenaire.com\/blog\/wp-content\/uploads\/2012\/08\/LinssenL-e1527472431197.jpg\" \/>\n\t<meta property=\"og:image:width\" content=\"300\" \/>\n\t<meta property=\"og:image:height\" content=\"296\" \/>\n\t<meta property=\"og:image:type\" content=\"image\/jpeg\" \/>\n<meta name=\"author\" content=\"3e mill\u00e9naire\" \/>\n<meta name=\"twitter:card\" content=\"summary_large_image\" \/>\n<meta name=\"twitter:label1\" content=\"\u00c9crit par\" \/>\n\t<meta name=\"twitter:data1\" content=\"3e mill\u00e9naire\" \/>\n\t<meta name=\"twitter:label2\" content=\"Dur\u00e9e de lecture estim\u00e9e\" \/>\n\t<meta name=\"twitter:data2\" content=\"6 minutes\" \/>\n<script type=\"application\/ld+json\" class=\"yoast-schema-graph\">{\"@context\":\"https:\/\/schema.org\",\"@graph\":[{\"@type\":\"Article\",\"@id\":\"https:\/\/www.revue3emillenaire.com\/blog\/notes-sur-la-liberte-spirituelle-par-robert-linssen\/#article\",\"isPartOf\":{\"@id\":\"https:\/\/www.revue3emillenaire.com\/blog\/notes-sur-la-liberte-spirituelle-par-robert-linssen\/\"},\"author\":{\"name\":\"3e mill\u00e9naire\",\"@id\":\"https:\/\/www.revue3emillenaire.com\/blog\/#\/schema\/person\/b692dacff720a5344a6190bc714397eb\"},\"headline\":\"Notes sur la libert\u00e9 spirituelle par Robert Linssen\",\"datePublished\":\"2018-05-31T01:33:57+00:00\",\"mainEntityOfPage\":{\"@id\":\"https:\/\/www.revue3emillenaire.com\/blog\/notes-sur-la-liberte-spirituelle-par-robert-linssen\/\"},\"wordCount\":1193,\"image\":{\"@id\":\"https:\/\/www.revue3emillenaire.com\/blog\/notes-sur-la-liberte-spirituelle-par-robert-linssen\/#primaryimage\"},\"thumbnailUrl\":\"https:\/\/www.revue3emillenaire.com\/blog\/wp-content\/uploads\/2012\/08\/LinssenL-e1527472431197.jpg\",\"articleSection\":[\"Linssen Robert\"],\"inLanguage\":\"fr-FR\"},{\"@type\":\"WebPage\",\"@id\":\"https:\/\/www.revue3emillenaire.com\/blog\/notes-sur-la-liberte-spirituelle-par-robert-linssen\/\",\"url\":\"https:\/\/www.revue3emillenaire.com\/blog\/notes-sur-la-liberte-spirituelle-par-robert-linssen\/\",\"name\":\"Notes sur la libert\u00e9 spirituelle par Robert Linssen - 3e mill\u00e9naire - Spiritualit\u00e9 - Connaissance de soi - Non-dualit\u00e9 - M\u00e9ditation\",\"isPartOf\":{\"@id\":\"https:\/\/www.revue3emillenaire.com\/blog\/#website\"},\"primaryImageOfPage\":{\"@id\":\"https:\/\/www.revue3emillenaire.com\/blog\/notes-sur-la-liberte-spirituelle-par-robert-linssen\/#primaryimage\"},\"image\":{\"@id\":\"https:\/\/www.revue3emillenaire.com\/blog\/notes-sur-la-liberte-spirituelle-par-robert-linssen\/#primaryimage\"},\"thumbnailUrl\":\"https:\/\/www.revue3emillenaire.com\/blog\/wp-content\/uploads\/2012\/08\/LinssenL-e1527472431197.jpg\",\"datePublished\":\"2018-05-31T01:33:57+00:00\",\"author\":{\"@id\":\"https:\/\/www.revue3emillenaire.com\/blog\/#\/schema\/person\/b692dacff720a5344a6190bc714397eb\"},\"breadcrumb\":{\"@id\":\"https:\/\/www.revue3emillenaire.com\/blog\/notes-sur-la-liberte-spirituelle-par-robert-linssen\/#breadcrumb\"},\"inLanguage\":\"fr-FR\",\"potentialAction\":[{\"@type\":\"ReadAction\",\"target\":[\"https:\/\/www.revue3emillenaire.com\/blog\/notes-sur-la-liberte-spirituelle-par-robert-linssen\/\"]}]},{\"@type\":\"ImageObject\",\"inLanguage\":\"fr-FR\",\"@id\":\"https:\/\/www.revue3emillenaire.com\/blog\/notes-sur-la-liberte-spirituelle-par-robert-linssen\/#primaryimage\",\"url\":\"https:\/\/www.revue3emillenaire.com\/blog\/wp-content\/uploads\/2012\/08\/LinssenL-e1527472431197.jpg\",\"contentUrl\":\"https:\/\/www.revue3emillenaire.com\/blog\/wp-content\/uploads\/2012\/08\/LinssenL-e1527472431197.jpg\",\"width\":300,\"height\":296},{\"@type\":\"BreadcrumbList\",\"@id\":\"https:\/\/www.revue3emillenaire.com\/blog\/notes-sur-la-liberte-spirituelle-par-robert-linssen\/#breadcrumb\",\"itemListElement\":[{\"@type\":\"ListItem\",\"position\":1,\"name\":\"Accueil\",\"item\":\"https:\/\/www.revue3emillenaire.com\/blog\/\"},{\"@type\":\"ListItem\",\"position\":2,\"name\":\"Notes sur la libert\u00e9 spirituelle par Robert Linssen\"}]},{\"@type\":\"WebSite\",\"@id\":\"https:\/\/www.revue3emillenaire.com\/blog\/#website\",\"url\":\"https:\/\/www.revue3emillenaire.com\/blog\/\",\"name\":\"3e mill\u00e9naire - Spiritualit\u00e9 - Connaissance de soi - Non-dualit\u00e9 - M\u00e9ditation\",\"description\":\"L&#039;Homme en devenir\",\"potentialAction\":[{\"@type\":\"SearchAction\",\"target\":{\"@type\":\"EntryPoint\",\"urlTemplate\":\"https:\/\/www.revue3emillenaire.com\/blog\/?s={search_term_string}\"},\"query-input\":{\"@type\":\"PropertyValueSpecification\",\"valueRequired\":true,\"valueName\":\"search_term_string\"}}],\"inLanguage\":\"fr-FR\"},{\"@type\":\"Person\",\"@id\":\"https:\/\/www.revue3emillenaire.com\/blog\/#\/schema\/person\/b692dacff720a5344a6190bc714397eb\",\"name\":\"3e mill\u00e9naire\",\"url\":\"https:\/\/www.revue3emillenaire.com\/blog\/author\/scoussa\/\"}]}<\/script>\n<!-- \/ Yoast SEO plugin. -->","yoast_head_json":{"title":"Notes sur la libert\u00e9 spirituelle par Robert Linssen - 3e mill\u00e9naire - Spiritualit\u00e9 - Connaissance de soi - Non-dualit\u00e9 - M\u00e9ditation","robots":{"index":"index","follow":"follow","max-snippet":"max-snippet:-1","max-image-preview":"max-image-preview:large","max-video-preview":"max-video-preview:-1"},"canonical":"https:\/\/www.revue3emillenaire.com\/blog\/notes-sur-la-liberte-spirituelle-par-robert-linssen\/","og_locale":"fr_FR","og_type":"article","og_title":"Notes sur la libert\u00e9 spirituelle par Robert Linssen - 3e mill\u00e9naire - Spiritualit\u00e9 - Connaissance de soi - Non-dualit\u00e9 - M\u00e9ditation","og_description":"Publi\u00e9 sous le nom de Ram Linssen (Revue Spiritualit\u00e9. No 74-75-76-77. Mai &#8211; Septembre 1951) Krishnamurti aspire \u00e0 ce que nous nous lib\u00e9rions de nos cha\u00eenes, mais la plupart d&rsquo;entre nous ne sont m\u00eame pas conscients d&rsquo;\u00eatre encha\u00een\u00e9s. L\u00e0 est le drame. Par quoi sommes-nous emprisonn\u00e9s ? Par un instinct de conservation prodigieux qui exerce [&hellip;]","og_url":"https:\/\/www.revue3emillenaire.com\/blog\/notes-sur-la-liberte-spirituelle-par-robert-linssen\/","og_site_name":"3e mill\u00e9naire - Spiritualit\u00e9 - Connaissance de soi - Non-dualit\u00e9 - M\u00e9ditation","article_published_time":"2018-05-31T01:33:57+00:00","og_image":[{"width":300,"height":296,"url":"https:\/\/www.revue3emillenaire.com\/blog\/wp-content\/uploads\/2012\/08\/LinssenL-e1527472431197.jpg","type":"image\/jpeg"}],"author":"3e mill\u00e9naire","twitter_card":"summary_large_image","twitter_misc":{"\u00c9crit par":"3e mill\u00e9naire","Dur\u00e9e de lecture estim\u00e9e":"6 minutes"},"schema":{"@context":"https:\/\/schema.org","@graph":[{"@type":"Article","@id":"https:\/\/www.revue3emillenaire.com\/blog\/notes-sur-la-liberte-spirituelle-par-robert-linssen\/#article","isPartOf":{"@id":"https:\/\/www.revue3emillenaire.com\/blog\/notes-sur-la-liberte-spirituelle-par-robert-linssen\/"},"author":{"name":"3e mill\u00e9naire","@id":"https:\/\/www.revue3emillenaire.com\/blog\/#\/schema\/person\/b692dacff720a5344a6190bc714397eb"},"headline":"Notes sur la libert\u00e9 spirituelle par Robert Linssen","datePublished":"2018-05-31T01:33:57+00:00","mainEntityOfPage":{"@id":"https:\/\/www.revue3emillenaire.com\/blog\/notes-sur-la-liberte-spirituelle-par-robert-linssen\/"},"wordCount":1193,"image":{"@id":"https:\/\/www.revue3emillenaire.com\/blog\/notes-sur-la-liberte-spirituelle-par-robert-linssen\/#primaryimage"},"thumbnailUrl":"https:\/\/www.revue3emillenaire.com\/blog\/wp-content\/uploads\/2012\/08\/LinssenL-e1527472431197.jpg","articleSection":["Linssen Robert"],"inLanguage":"fr-FR"},{"@type":"WebPage","@id":"https:\/\/www.revue3emillenaire.com\/blog\/notes-sur-la-liberte-spirituelle-par-robert-linssen\/","url":"https:\/\/www.revue3emillenaire.com\/blog\/notes-sur-la-liberte-spirituelle-par-robert-linssen\/","name":"Notes sur la libert\u00e9 spirituelle par Robert Linssen - 3e mill\u00e9naire - Spiritualit\u00e9 - Connaissance de soi - Non-dualit\u00e9 - M\u00e9ditation","isPartOf":{"@id":"https:\/\/www.revue3emillenaire.com\/blog\/#website"},"primaryImageOfPage":{"@id":"https:\/\/www.revue3emillenaire.com\/blog\/notes-sur-la-liberte-spirituelle-par-robert-linssen\/#primaryimage"},"image":{"@id":"https:\/\/www.revue3emillenaire.com\/blog\/notes-sur-la-liberte-spirituelle-par-robert-linssen\/#primaryimage"},"thumbnailUrl":"https:\/\/www.revue3emillenaire.com\/blog\/wp-content\/uploads\/2012\/08\/LinssenL-e1527472431197.jpg","datePublished":"2018-05-31T01:33:57+00:00","author":{"@id":"https:\/\/www.revue3emillenaire.com\/blog\/#\/schema\/person\/b692dacff720a5344a6190bc714397eb"},"breadcrumb":{"@id":"https:\/\/www.revue3emillenaire.com\/blog\/notes-sur-la-liberte-spirituelle-par-robert-linssen\/#breadcrumb"},"inLanguage":"fr-FR","potentialAction":[{"@type":"ReadAction","target":["https:\/\/www.revue3emillenaire.com\/blog\/notes-sur-la-liberte-spirituelle-par-robert-linssen\/"]}]},{"@type":"ImageObject","inLanguage":"fr-FR","@id":"https:\/\/www.revue3emillenaire.com\/blog\/notes-sur-la-liberte-spirituelle-par-robert-linssen\/#primaryimage","url":"https:\/\/www.revue3emillenaire.com\/blog\/wp-content\/uploads\/2012\/08\/LinssenL-e1527472431197.jpg","contentUrl":"https:\/\/www.revue3emillenaire.com\/blog\/wp-content\/uploads\/2012\/08\/LinssenL-e1527472431197.jpg","width":300,"height":296},{"@type":"BreadcrumbList","@id":"https:\/\/www.revue3emillenaire.com\/blog\/notes-sur-la-liberte-spirituelle-par-robert-linssen\/#breadcrumb","itemListElement":[{"@type":"ListItem","position":1,"name":"Accueil","item":"https:\/\/www.revue3emillenaire.com\/blog\/"},{"@type":"ListItem","position":2,"name":"Notes sur la libert\u00e9 spirituelle par Robert Linssen"}]},{"@type":"WebSite","@id":"https:\/\/www.revue3emillenaire.com\/blog\/#website","url":"https:\/\/www.revue3emillenaire.com\/blog\/","name":"3e mill\u00e9naire - Spiritualit\u00e9 - Connaissance de soi - Non-dualit\u00e9 - M\u00e9ditation","description":"L&#039;Homme en devenir","potentialAction":[{"@type":"SearchAction","target":{"@type":"EntryPoint","urlTemplate":"https:\/\/www.revue3emillenaire.com\/blog\/?s={search_term_string}"},"query-input":{"@type":"PropertyValueSpecification","valueRequired":true,"valueName":"search_term_string"}}],"inLanguage":"fr-FR"},{"@type":"Person","@id":"https:\/\/www.revue3emillenaire.com\/blog\/#\/schema\/person\/b692dacff720a5344a6190bc714397eb","name":"3e mill\u00e9naire","url":"https:\/\/www.revue3emillenaire.com\/blog\/author\/scoussa\/"}]}},"_links":{"self":[{"href":"https:\/\/www.revue3emillenaire.com\/blog\/wp-json\/wp\/v2\/posts\/17772","targetHints":{"allow":["GET"]}}],"collection":[{"href":"https:\/\/www.revue3emillenaire.com\/blog\/wp-json\/wp\/v2\/posts"}],"about":[{"href":"https:\/\/www.revue3emillenaire.com\/blog\/wp-json\/wp\/v2\/types\/post"}],"author":[{"embeddable":true,"href":"https:\/\/www.revue3emillenaire.com\/blog\/wp-json\/wp\/v2\/users\/2"}],"replies":[{"embeddable":true,"href":"https:\/\/www.revue3emillenaire.com\/blog\/wp-json\/wp\/v2\/comments?post=17772"}],"version-history":[{"count":0,"href":"https:\/\/www.revue3emillenaire.com\/blog\/wp-json\/wp\/v2\/posts\/17772\/revisions"}],"wp:featuredmedia":[{"embeddable":true,"href":"https:\/\/www.revue3emillenaire.com\/blog\/wp-json\/wp\/v2\/media\/11878"}],"wp:attachment":[{"href":"https:\/\/www.revue3emillenaire.com\/blog\/wp-json\/wp\/v2\/media?parent=17772"}],"wp:term":[{"taxonomy":"category","embeddable":true,"href":"https:\/\/www.revue3emillenaire.com\/blog\/wp-json\/wp\/v2\/categories?post=17772"},{"taxonomy":"post_tag","embeddable":true,"href":"https:\/\/www.revue3emillenaire.com\/blog\/wp-json\/wp\/v2\/tags?post=17772"}],"curies":[{"name":"wp","href":"https:\/\/api.w.org\/{rel}","templated":true}]}}