{"id":17774,"date":"2018-05-26T23:49:36","date_gmt":"2018-05-26T22:49:36","guid":{"rendered":"http:\/\/www.revue3emillenaire.com\/blog\/?p=17774"},"modified":"2018-05-28T03:53:40","modified_gmt":"2018-05-28T02:53:40","slug":"hommage-a-francine-fouere","status":"publish","type":"post","link":"https:\/\/www.revue3emillenaire.com\/blog\/hommage-a-francine-fouere\/","title":{"rendered":"Hommage \u00e0 Francine Fou\u00e9r\u00e9"},"content":{"rendered":"<p style=\"text-align: justify;\"><em><span style=\"color: #000000;\"><span style=\"font-size: medium;\">Francine Fou\u00e9r\u00e9 nous a quitt\u00e9 samedi 26 mai 2018 apr\u00e8s une longue maladie. Elle est rest\u00e9e jusqu&rsquo;\u00e0 la fin une personne des plus aimables avec une confiance rare dans la vie. Elle nous a toujours encourag\u00e9 \u00e0 publier les textes et livres de Ren\u00e9 Fou\u00e9r\u00e9 dans la revue et sur le blog. Femme humaniste et d\u00e9vou\u00e9e, avec Ren\u00e9, elle venait en aide \u00e0 tous ceux qui croisaient leur chemin&#8230;<\/span><\/span><\/em><\/p>\n<p style=\"text-align: justify;\"><em><span style=\"color: #000000;\"><span style=\"font-size: medium;\">Voici ce qu&rsquo;on peut lire sur la couverture de dos du livre Bienveillance qu&rsquo;elle a consacr\u00e9 aux \u00e9crits de Ren\u00e9:<\/span><\/span><\/em><\/p>\n<p align=\"justify\"><span style=\"color: #000000;\"><span style=\"font-family: Times New Roman, serif;\"><span style=\"font-size: medium;\">FRANCINE FOU\u00c9R\u00c9 (nom de jeune fille Roussy), n\u00e9e le 10 mars 1927 \u00e0 Marseille, d&rsquo;un p\u00e8re protestant c\u00e9venol et d&rsquo;une m\u00e8re r\u00e9moise, eut la chance de vivre dans une famille chaleureuse et unie de sept enfants (le num\u00e9ro 4) et de conna\u00eetre ses quatre grands-parents, dont le peintre champenois paysagiste Paul Bocquet soutenu par une charmante grand-m\u00e8re, excellente pianiste.<\/span><\/span><\/span><\/p>\n<p align=\"justify\"><span style=\"color: #000000;\"><span style=\"font-family: Times New Roman, serif;\"><span style=\"font-size: medium;\">Apr\u00e8s avoir suivi des cours de modelage et de sculpture aux Beaux-Arts de Marseille, ne voulant pas \u00eatre \u00e0 la charge de parents d\u00e9vou\u00e9s \u2014 ayant fait face courageusement aux difficult\u00e9s de la vie \u2014 elle d\u00e9cida de passer le concours d&rsquo;entr\u00e9e de l&rsquo;ENSEP (\u00c9cole Normale Sup\u00e9rieure d&rsquo;EPS) \u00e0 Chatenay-Malabry en 1951.<\/span><\/span><\/span><\/p>\n<p align=\"justify\"><span style=\"color: #000000;\"><span style=\"font-family: Times New Roman, serif;\"><span style=\"font-size: medium;\">En participant aux conf\u00e9rences du cercle d&rsquo;\u00e9tudes esth\u00e9tique Paul Val\u00e9ry, \u00e0 l&rsquo;amphith\u00e9\u00e2tre Richelieu \u00e0 la Sorbonne, elle fit la connaissance, en 1954, de Ren\u00e9 Fou\u00e9r\u00e9, breton d&rsquo;origine, qui lui fit partager toutes ses recherches, dans bien des domaines : que ce soit l&rsquo;enseignement de Krishnamurti, qu&rsquo;elle put \u00e9couter d\u00e8s 1956 \u00e0 Bruxelles, que ce soit l&rsquo;\u00e9tude de la Soucoupe Volante, o\u00f9 ils assum\u00e8rent de lourdes responsabilit\u00e9s dans la direction du GEPA et dans la parution de sa revue Ph\u00e9nom\u00e8nes Spatiaux.<\/span><\/span><\/span><\/p>\n<p align=\"justify\"><span style=\"color: #000000;\"><span style=\"font-family: Times New Roman, serif;\"><span style=\"font-size: medium;\">Tous ces sujets et bien d&rsquo;autres encore, ne faisaient pas partie des \u00ab\u00a0mati\u00e8res \u00e0 option\u00a0\u00bb, comme elle le disait aux nombreux proviseurs qui se succ\u00e9d\u00e8rent au lyc\u00e9e Rodin, \u00e0 Paris, lors de sa carri\u00e8re de professeur. \u00c0 sa retraite, elle re\u00e7ut la m\u00e9daille d&rsquo;argent de la Ville de Paris en 1987.<\/span><\/span><\/span><\/p>\n<p style=\"text-align: justify;\"><em><span style=\"color: #000000;\"><span style=\"font-size: medium;\">En hommage nous pr\u00e9sentons ici quelques uns de ses propres textes suivis d&rsquo;un hommage \u00e0 Ren\u00e9 Fou\u00e9r\u00e9 par Robert Linssen<\/span><\/span><\/em><\/p>\n<p style=\"text-align: center;\">***<\/p>\n<p align=\"center\"><span style=\"font-size: small;\"><span style=\"font-family: Times New Roman, serif;\"><span style=\"font-size: medium;\"><span lang=\"fr-FR\"><b>LA MORT, LA PROFONDEUR DE LA VIE<\/b><\/span><\/span><\/span><\/span><\/p>\n<p style=\"text-align: justify;\"><span style=\"color: #000000;\"><span style=\"font-size: medium;\"><span style=\"font-family: Times New Roman, serif;\"><span style=\"font-size: medium;\"><span lang=\"fr-FR\">\u00c9puis\u00e9e <\/span><\/span><\/span><span style=\"font-family: Times New Roman, serif;\"><span style=\"font-size: medium;\"><span lang=\"fr-FR\">par une douloureuse lutte contre la maladie de Parkinson, en d\u00e9pit de bons soins, Francine <\/span><\/span><\/span><span style=\"font-family: Times New Roman, serif;\"><span style=\"font-size: medium;\"><span lang=\"fr-FR\">FOU\u00c9R\u00c9-ROUSSY <\/span><\/span><\/span><span style=\"font-family: Times New Roman, serif;\"><span style=\"font-size: medium;\"><span lang=\"fr-FR\">est all\u00e9e se reposer aupr\u00e8s de son mari Ren\u00e9 <\/span><\/span><\/span><span style=\"font-family: Times New Roman, serif;\"><span style=\"font-size: medium;\"><span lang=\"fr-FR\">FOU\u00c9R\u00c9, <\/span><\/span><\/span><span style=\"font-family: Times New Roman, serif;\"><span style=\"font-size: medium;\"><span lang=\"fr-FR\">discr\u00e8tement et sans c\u00e9r\u00e9monie, au cimeti\u00e8re o\u00f9 il l&rsquo;attendait depuis le <\/span><\/span><\/span><span style=\"font-family: Times New Roman, serif;\"><span style=\"font-size: medium;\"><span lang=\"fr-FR\">15 <\/span><\/span><\/span><span style=\"font-family: Times New Roman, serif;\"><span style=\"font-size: medium;\"><span lang=\"fr-FR\">janvier <\/span><\/span><\/span><span style=\"font-family: Times New Roman, serif;\"><span style=\"font-size: medium;\"><span lang=\"fr-FR\">1990, <\/span><\/span><\/span><span style=\"font-family: Times New Roman, serif;\"><span style=\"font-size: medium;\"><span lang=\"fr-FR\">\u00e0. <\/span><\/span><\/span><span style=\"font-family: Times New Roman, serif;\"><span style=\"font-size: medium;\"><span lang=\"fr-FR\">Pleurtuit <\/span><\/span><\/span><span style=\"font-family: Times New Roman, serif;\"><span style=\"font-size: medium;\"><span lang=\"fr-FR\">son village natal jamais oubli\u00e9. Ren\u00e9 <\/span><\/span><\/span><span style=\"font-family: Times New Roman, serif;\"><span style=\"font-size: medium;\"><span lang=\"fr-FR\">Fou\u00e9r\u00e9, <\/span><\/span><\/span><span style=\"font-family: Times New Roman, serif;\"><span style=\"font-size: medium;\"><span lang=\"fr-FR\">toujours attentif \u00e0 ne pas s\u00e9parer la vie spirituelle de la vie ordinaire, un chercheur, auteur de la <\/span><\/span><\/span><span style=\"font-family: Times New Roman, serif;\"><span style=\"font-size: medium;\"><span lang=\"fr-FR\">\u00ab <\/span><\/span><\/span><em><span style=\"font-family: Times New Roman, serif;\"><span style=\"font-size: medium;\"><span lang=\"fr-FR\">R\u00e9volution du r\u00e9el, Krishnamurti <\/span><\/span><\/span><\/em><span style=\"font-family: Times New Roman, serif;\"><span style=\"font-size: medium;\"><span lang=\"fr-FR\">\u00bb, <\/span><\/span><\/span><span style=\"font-family: Times New Roman, serif;\"><span style=\"font-size: medium;\"><span lang=\"fr-FR\">et du coffret <\/span><\/span><\/span><span style=\"font-family: Times New Roman, serif;\"><span style=\"font-size: medium;\"><span lang=\"fr-FR\"> \u00ab <\/span><\/span><\/span><span style=\"font-family: Times New Roman, serif;\"><span style=\"font-size: medium;\"><span lang=\"fr-FR\"><em>Ph\u00e9nom\u00e8nes Spatiaux<\/em> (Revues du <\/span><\/span><\/span><span style=\"font-family: Times New Roman, serif;\"><span style=\"font-size: medium;\"><span lang=\"fr-FR\">GEPA) <\/span><\/span><\/span><em><span style=\"font-family: Times New Roman, serif;\"><span style=\"font-size: medium;\"><span lang=\"fr-FR\">Extraterrestres et Soucoupes Volantes <\/span><\/span><\/span><\/em><span style=\"font-family: Times New Roman, serif;\"><span style=\"font-size: medium;\"><span lang=\"fr-FR\">\u00bb, <\/span><\/span><\/span><span style=\"font-family: Times New Roman, serif;\"><span style=\"font-size: medium;\"><span lang=\"fr-FR\">Courrier du livre).<\/span><\/span><\/span><\/span><\/span><\/p>\n<p style=\"text-align: justify;\"><span style=\"color: #000000;\"><span style=\"font-size: medium;\"><span style=\"font-size: small;\"><span style=\"font-family: Times New Roman, serif;\"><span style=\"font-size: medium;\"><span lang=\"fr-FR\">\u00ab Notre cerveau, notre intelligence ne sont peut-\u00eatre pas structur\u00e9s pour comprendre ce ph\u00e9nom\u00e8ne <\/span><\/span><\/span><span style=\"font-family: Times New Roman, serif;\"><span style=\"font-size: medium;\"><span lang=\"fr-FR\">\u00bb.<\/span><\/span><\/span><\/span><\/span><\/span><\/p>\n<p style=\"text-align: justify;\"><span style=\"color: #000000;\"><span style=\"font-size: medium;\"><span style=\"font-size: small;\"><span style=\"font-family: Times New Roman, serif;\"><span style=\"font-size: medium;\"><span lang=\"fr-FR\"><i>\u00ab Quand quelqu&rsquo;un meurt, on ne peut rien lui reprocher, <\/i><\/span><\/span><\/span><span style=\"font-family: Times New Roman, serif;\"><span style=\"font-size: medium;\"><span lang=\"fr-FR\"><i><b>car la mort fait partie de la vie. <\/b><\/i><\/span><\/span><\/span><span style=\"font-family: Times New Roman, serif;\"><span style=\"font-size: medium;\"><span lang=\"fr-FR\">Mais <\/span><\/span><\/span><span style=\"font-family: Times New Roman, serif;\"><span style=\"font-size: medium;\"><span lang=\"fr-FR\"><i>ce qui est le plus douloureux <\/i><\/span><\/span><\/span><span style=\"font-family: Times New Roman, serif;\"><span style=\"font-size: medium;\"><span lang=\"fr-FR\"><i>\u00e0 <\/i><\/span><\/span><\/span><span style=\"font-family: Times New Roman, serif;\"><span style=\"font-size: medium;\"><span lang=\"fr-FR\"><i>vivre, ce sont les s\u00e9parations vivantes. <\/i><\/span><\/span><\/span><span style=\"font-family: Times New Roman, serif;\"><span style=\"font-size: medium;\"><span lang=\"fr-FR\"><i>\u00bb <\/i><\/span><\/span><\/span><span style=\"font-family: Times New Roman, serif;\"><span style=\"font-size: medium;\"><span lang=\"fr-FR\">(<em>Bienveillance<\/em>, page <\/span><\/span><\/span><span style=\"font-family: Times New Roman, serif;\"><span style=\"font-size: medium;\"><span lang=\"fr-FR\">77, <\/span><\/span><\/span><span style=\"font-family: Times New Roman, serif;\"><span style=\"font-size: medium;\"><span lang=\"fr-FR\">Ren\u00e9 <\/span><\/span><\/span><span style=\"font-family: Times New Roman, serif;\"><span style=\"font-size: medium;\"><span lang=\"fr-FR\">Fou\u00e9r\u00e9),<\/span><\/span><\/span><\/span><\/span><\/span><\/p>\n<p style=\"text-align: justify;\"><span style=\"color: #000000;\"><span style=\"font-size: medium;\"><span style=\"font-size: small;\"><span style=\"font-family: Times New Roman, serif;\"><span style=\"font-size: medium;\"><span lang=\"fr-FR\"><i>\u00ab Si tous les \u00eatres humains qui ont v\u00e9cu avant nous, g\u00e9n\u00e9rations apr\u00e8s g\u00e9n\u00e9rations, vivaient encore, combien ce serait terrible <\/i><\/span><\/span><\/span><span style=\"font-family: Times New Roman, serif;\"><span style=\"font-size: medium;\"><span lang=\"fr-FR\"><i>! \u00bb <\/i><\/span><\/span><\/span><span style=\"font-family: Times New Roman, serif;\"><span style=\"font-size: medium;\"><span lang=\"fr-FR\">(<em>Bienveillance<\/em>, page <\/span><\/span><\/span><span style=\"font-family: Times New Roman, serif;\"><span style=\"font-size: medium;\"><span lang=\"fr-FR\">68, <\/span><\/span><\/span><span style=\"font-family: Times New Roman, serif;\"><span style=\"font-size: medium;\"><span lang=\"fr-FR\"><b>La Feuille Morte <\/b><\/span><\/span><\/span><span style=\"font-family: Times New Roman, serif;\"><span style=\"font-size: medium;\"><span lang=\"fr-FR\">Krishnamurti,).<\/span><\/span><\/span><\/span><\/span><\/span><\/p>\n<p style=\"text-align: justify;\"><span style=\"color: #000000;\"><span style=\"font-size: medium;\"><span style=\"font-size: small;\"><span style=\"font-family: Times New Roman, serif;\"><span style=\"font-size: medium;\"><span lang=\"fr-FR\">Merci \u00e0 la Vie, <\/span><\/span><\/span><span style=\"font-family: Times New Roman, serif;\"><span style=\"font-size: medium;\"><span lang=\"fr-FR\">\u00e0 <\/span><\/span><\/span><span style=\"font-family: Times New Roman, serif;\"><span style=\"font-size: medium;\"><span lang=\"fr-FR\">la gentillesse de l&rsquo;entourage, de la famille, des amis, des inconnus et \u00e0 celle de Manfred.<\/span><\/span><\/span><\/span><\/span><\/span><\/p>\n<p style=\"text-align: center;\" align=\"justify\">***<\/p>\n<p style=\"text-align: center;\" align=\"justify\"><em><span style=\"font-size: small;\"><span style=\"color: #000000;\"><span style=\"font-family: Times New Roman, serif;\"><span style=\"font-size: medium;\"><span lang=\"fr-FR\">M\u00e9moire d&rsquo;Histoires, Histoires de m\u00e9moire&#8230;<\/span><\/span><\/span><\/span><\/span><\/em><\/p>\n<p style=\"text-align: center;\" align=\"justify\"><span style=\"font-size: small;\"><span style=\"color: #000000;\"><span style=\"font-family: Times New Roman, serif;\"><span style=\"font-size: medium;\"><span lang=\"en-FR\">\u00ab <\/span><\/span><\/span><\/span><span style=\"color: #000000;\"><span style=\"font-family: Times New Roman, serif;\"><span style=\"font-size: medium;\"><span lang=\"en-US\"><b>GRAND<\/b><\/span><\/span><\/span><\/span><span style=\"color: #000000;\"><span style=\"font-family: Times New Roman, serif;\"><span style=\"font-size: medium;\"><span lang=\"fr-FR\"><b>-P\u00c8RE <\/b><\/span><\/span><\/span><\/span><span style=\"color: #000000;\"><span style=\"font-family: Times New Roman, serif;\"><span style=\"font-size: medium;\"><span lang=\"en-US\"><b>A <\/b><\/span><\/span><\/span><\/span><span style=\"color: #000000;\"><span style=\"font-family: Times New Roman, serif;\"><span style=\"font-size: medium;\"><span lang=\"fr-FR\"><b>\u00c9T\u00c9 TR\u00c8S <\/b><\/span><\/span><\/span><\/span><span style=\"color: #000000;\"><span style=\"font-family: Times New Roman, serif;\"><span style=\"font-size: medium;\"><span lang=\"en-US\"><b>SAGE<\/b><\/span><\/span><\/span><\/span><span style=\"color: #000000;\"><span style=\"font-family: Times New Roman, serif;\"><span style=\"font-size: medium;\"><span lang=\"en-US\"> \u00bb <\/span><\/span><\/span><\/span><span style=\"color: #000000;\"><span style=\"font-family: Times New Roman, serif;\"><span style=\"font-size: medium;\"><span lang=\"en-US\">par Francine Fou\u00e9r\u00e9 <\/span><\/span><\/span><\/span><\/span><\/p>\n<p style=\"text-align: justify;\"><span style=\"color: #000000;\"><span style=\"font-size: medium;\"><span style=\"color: #000000;\"><span style=\"font-family: Times New Roman, serif;\"><span style=\"font-size: medium;\"><span lang=\"en-FR\">Paris, le 27 Octobre<\/span><\/span><\/span><\/span> <span style=\"color: #000000;\"><span style=\"font-family: Times New Roman, serif;\"><span style=\"font-size: medium;\"><span lang=\"en-US\">2008<\/span><\/span><\/span><\/span><\/span><\/span><\/p>\n<p style=\"text-align: justify;\"><span style=\"color: #000000;\"><span style=\"font-size: medium;\"><span style=\"color: #000000;\"><span style=\"font-family: Times New Roman, serif;\"><span style=\"font-size: medium;\"><span lang=\"fr-FR\">\u00ab Demain matin, je vais peindre et j&#8217;emm\u00e8ne la petite ! \u00bb<\/span><\/span><\/span><\/span><\/span><\/span><\/p>\n<p style=\"text-align: justify;\"><span style=\"color: #000000;\"><span style=\"font-size: medium;\"><span style=\"color: #000000;\"><span style=\"font-family: Times New Roman, serif;\"><span style=\"font-size: medium;\"><span lang=\"fr-FR\">La petite, c&rsquo;\u00e9tait moi, \u00e0 peu pr\u00e8s \u00e2g\u00e9e de 5 ans, commen\u00e7ant \u00e0 peine \u00e0 parler. (Personne, plus tard, n&rsquo;a su m&rsquo;expliquer la raison de cet handicap, ce qui m&rsquo;a fait redoubler la classe de 11<\/span><\/span><\/span><\/span><sup><span style=\"font-size: medium;\">\u00e8me<\/span><\/sup><span style=\"color: #000000;\"><span style=\"font-family: Times New Roman, serif;\"><span style=\"font-size: medium;\"><span lang=\"fr-FR\">).<\/span><\/span><\/span><\/span><\/span><\/span><\/p>\n<p style=\"text-align: justify;\"><span style=\"color: #000000;\"><span style=\"font-size: medium;\"><span style=\"color: #000000;\"><span style=\"font-family: Times New Roman, serif;\"><span style=\"font-size: medium;\"><span lang=\"fr-FR\">Le ch\u0153ur de famille : \u00ab Grand-p\u00e8re, il faut bien la surveiller ! \u00bb.<\/span><\/span><\/span><\/span><\/span><\/span><\/p>\n<p style=\"text-align: justify;\"><span style=\"color: #000000;\"><span style=\"font-size: medium;\"><span style=\"color: #000000;\"><span style=\"font-family: Times New Roman, serif;\"><span style=\"font-size: medium;\"><span lang=\"fr-FR\">\u00ab Petite, sois sage, tr\u00e8s ob\u00e9issante, etc, etc ! \u00bb.<\/span><\/span><\/span><\/span><\/span><\/span><\/p>\n<p style=\"text-align: justify;\"><span style=\"color: #000000;\"><span style=\"font-size: medium;\"><span style=\"color: #000000;\"><span style=\"font-family: Times New Roman, serif;\"><span style=\"font-size: medium;\"><span lang=\"fr-FR\">On m&rsquo;avait dit que ce vieux monsieur, \u00e0 la barbe blanche, \u00e9tait le papa de ma <\/span><\/span><\/span><\/span><span style=\"color: #000000;\"><span style=\"font-family: Times New Roman, serif;\"><span style=\"font-size: medium;\"><span lang=\"fr-FR\">maman, qu&rsquo;il peignait des paysages, qu&rsquo;il \u00e9tait venu avec une gentille grand-m\u00e8re, de<\/span><\/span><\/span><\/span><\/span><\/span><\/p>\n<p style=\"text-align: justify;\"><span style=\"color: #000000;\"><span style=\"font-size: medium;\"><span style=\"color: #000000;\"><span style=\"font-family: Times New Roman, serif;\"><span style=\"font-size: medium;\"><span lang=\"fr-FR\">Reims aux Lecques (Var), o\u00f9 nous passions les vacances.<\/span><\/span><\/span><\/span><\/span><\/span><\/p>\n<p style=\"text-align: justify;\"><span style=\"color: #000000;\"><span style=\"font-size: medium;\"><span style=\"color: #000000;\"><span style=\"font-family: Times New Roman, serif;\"><span style=\"font-size: medium;\"><span lang=\"fr-FR\">Par une chaude matin\u00e9e, nous partons, grand-p\u00e8re avec son chevalet et moi sa <\/span><\/span><\/span><\/span><span style=\"color: #000000;\"><span style=\"font-family: Times New Roman, serif;\"><span style=\"font-size: medium;\"><span lang=\"fr-FR\">boite \u00e0 peinture qu&rsquo;il me confie.<\/span><\/span><\/span><\/span><\/span><\/span><\/p>\n<p style=\"text-align: justify;\"><span style=\"color: #000000;\"><span style=\"font-size: medium;\"><span style=\"color: #000000;\"><span style=\"font-family: Times New Roman, serif;\"><span style=\"font-size: medium;\"><span lang=\"fr-FR\">Grand-p\u00e8re me l\u00e2chait de temps en temps ma menotte pour cadrer avec ses deux <\/span><\/span><\/span><\/span><span style=\"color: #000000;\"><span style=\"font-family: Times New Roman, serif;\"><span style=\"font-size: medium;\"><span lang=\"fr-FR\">mains, devant ses yeux, des coins de paysage, marmottant :<\/span><\/span><\/span><\/span><\/span><\/span><\/p>\n<p style=\"text-align: justify;\"><span style=\"color: #000000;\"><span style=\"font-size: medium;\"><span style=\"color: #000000;\"><span style=\"font-family: Times New Roman, serif;\"><span style=\"font-size: medium;\"><span lang=\"fr-FR\">\u00ab Quelle belle lumi\u00e8re ! \u00bb \u00ab Quel \u00e9clairage ! \u00bb<\/span><\/span><\/span><\/span><\/span><\/span><\/p>\n<p style=\"text-align: justify;\"><span style=\"color: #000000;\"><span style=\"font-size: medium;\"><span style=\"color: #000000;\"><span style=\"font-family: Times New Roman, serif;\"><span style=\"font-size: medium;\"><span lang=\"fr-FR\">Enfin, il s&rsquo;arr\u00eata \u00e0 l&rsquo;ombre des cypr\u00e8s odorants, installa son chevalet et tout content se mit \u00e0 \u00e9taler des couleurs sur une toile blanche.<\/span><\/span><\/span><\/span><\/span><\/span><\/p>\n<p style=\"text-align: justify;\"><span style=\"color: #000000;\"><span style=\"font-size: medium;\"><span style=\"color: #000000;\"><span style=\"font-family: Times New Roman, serif;\"><span style=\"font-size: medium;\"><span lang=\"fr-FR\">Tr\u00e8s intrigu\u00e9e, j&rsquo;observais.<\/span><\/span><\/span><\/span><\/span><\/span><\/p>\n<p style=\"text-align: justify;\"><span style=\"color: #000000;\"><span style=\"font-size: medium;\"><span style=\"color: #000000;\"><span style=\"font-family: Times New Roman, serif;\"><span style=\"font-size: medium;\"><span lang=\"fr-FR\">Ce grand-p\u00e8re, tout \u00e0 son occupation, me fichait une paix royale. Il se d\u00e9gageait de lui quelque chose d&rsquo;\u00e9tonnant.<\/span><\/span><\/span><\/span><\/span><\/span><\/p>\n<p style=\"text-align: justify;\"><span style=\"color: #000000;\"><span style=\"font-size: medium;\"><span style=\"color: #000000;\"><span style=\"font-family: Times New Roman, serif;\"><span style=\"font-size: medium;\"><span lang=\"fr-FR\">Silencieuse (et pour cause&#8230;), tranquille, j&rsquo;\u00e9coutais le chant strident des cigales. Je regardais mon grand-p\u00e8re, \u00e9vitant de le d\u00e9ranger, sans avoir besoin de bouger. <\/span><\/span><\/span><\/span><span style=\"color: #000000;\"><span style=\"font-family: Times New Roman, serif;\"><span style=\"font-size: medium;\"><span lang=\"fr-FR\">Tout d&rsquo;un coup, de curieux et nouveaux sentiments, que je ne pouvais pas nommer \u00e0 <\/span><\/span><\/span><\/span><span style=\"color: #000000;\"><span style=\"font-family: Times New Roman, serif;\"><span style=\"font-size: medium;\"><span lang=\"fr-FR\">l&rsquo;\u00e9poque surgissent. C&rsquo;\u00e9tait moi qui surveillais attentivement ce vieux monsieur, si heureux et accapar\u00e9 par sa t\u00e2che.<\/span><\/span><\/span><\/span><\/span><\/span><\/p>\n<p style=\"text-align: justify;\"><span style=\"color: #000000;\"><span style=\"font-size: medium;\"><span style=\"color: #000000;\"><span style=\"font-family: Times New Roman, serif;\"><span style=\"font-size: medium;\"><span lang=\"fr-FR\">Cette responsabilit\u00e9 me marqua profond\u00e9ment. Cette m\u00eame impression me revint en m\u00e9moire lorsque mon mari, Ren\u00e9 Fou\u00e9r\u00e9, r\u00e9fl\u00e9chissait, \u00e9crivait, consultait ses dictionnaires pour trouver le mot juste, avec, lui aussi, cette m\u00eame expression de <\/span><\/span><\/span><\/span><span style=\"color: #000000;\"><span style=\"font-family: Times New Roman, serif;\"><span style=\"font-size: medium;\"><span lang=\"fr-FR\">bonheur intense.<\/span><\/span><\/span><\/span><\/span><\/span><\/p>\n<p style=\"text-align: justify;\"><span style=\"color: #000000;\"><span style=\"font-size: medium;\"><span style=\"color: #000000;\"><span style=\"font-family: Times New Roman, serif;\"><span style=\"font-size: medium;\"><span lang=\"fr-FR\">Exp\u00e9rience \u00e9tonnante \u00e9prouv\u00e9e par une petite fille qui en a gard\u00e9 le souvenir toute<\/span><\/span><\/span><\/span><\/span><\/span><\/p>\n<p style=\"text-align: justify;\"><span style=\"color: #000000;\"><span style=\"font-size: medium;\"><span style=\"color: #000000;\"><span style=\"font-family: Times New Roman, serif;\"><span style=\"font-size: medium;\"><span lang=\"fr-FR\">sa vie.<\/span><\/span><\/span><\/span><\/span><\/span><\/p>\n<p style=\"text-align: justify;\"><span style=\"color: #000000;\"><span style=\"font-size: medium;\"><span style=\"color: #000000;\"><span style=\"font-family: Times New Roman, serif;\"><span style=\"font-size: medium;\"><span lang=\"fr-FR\">La toile termin\u00e9e, \u00e0 notre retour assez tard, la famille, inqui\u00e8te, se pr\u00e9cipite : \u00ab Alors, grand-p\u00e8re, la petite a-t-elle \u00e9t\u00e9 sage ? \u00bb<\/span><\/span><\/span><\/span><\/span><\/span><\/p>\n<p style=\"text-align: justify;\"><span style=\"color: #000000;\"><span style=\"font-size: medium;\"><span style=\"color: #000000;\"><span style=\"font-family: Times New Roman, serif;\"><span style=\"font-size: medium;\"><span lang=\"fr-FR\">Le cher grand-p\u00e8re, encore impr\u00e9gn\u00e9 par sa peinture, se gratte la t\u00eate, perplexe, me <\/span><\/span><\/span><\/span><span style=\"color: #000000;\"><span style=\"font-family: Times New Roman, serif;\"><span style=\"font-size: medium;\"><span lang=\"fr-FR\">regarde, interrogatif, avec un tendre sourire.<\/span><\/span><\/span><\/span><\/span><\/span><\/p>\n<p style=\"text-align: justify;\"><span style=\"color: #000000;\"><span style=\"font-size: medium;\"><span style=\"color: #000000;\"><span style=\"font-family: Times New Roman, serif;\"><span style=\"font-size: medium;\"><span lang=\"fr-FR\">Et moi, un peu complice, remplie de cette nouvelle et profonde affection pour ce <\/span><\/span><\/span><\/span><span style=\"color: #000000;\"><span style=\"font-family: Times New Roman, serif;\"><span style=\"font-size: medium;\"><span lang=\"fr-FR\">grand-p\u00e8re, je suis arriv\u00e9e \u00e0 articuler : \u00ab Grand-p\u00e8re a \u00e9t\u00e9 tr\u00e8s sage ! \u00bb. <\/span><\/span><\/span><\/span><\/span><\/span><\/p>\n<p style=\"text-align: justify;\"><span style=\"color: #000000;\"><span style=\"font-size: medium;\"><span style=\"color: #000000;\"><span style=\"font-family: Times New Roman, serif;\"><span style=\"font-size: medium;\"><span lang=\"fr-FR\">PS : Cette page est d\u00e9di\u00e9e \u00e0 ma s\u0153ur \u00c9lisabeth Laget qui m&rsquo;avait, depuis longtemps, demand\u00e9 de mettre par \u00e9crit cet \u00e9pisode. Avant de nous quitter le 21 juillet 2008, elle a rendu, au cours de sa vie, avec talent et v\u00e9n\u00e9ration, un \u00e9mouvant hommage \u00e0 l\u2019\u0153uvre de ce grand-p\u00e8re Paul Bocquet (1868-1947), peintre paysagiste champenois.<\/span><\/span><\/span><\/span><\/span><\/span><\/p>\n<p style=\"text-align: center;\" align=\"justify\">***<\/p>\n<p style=\"text-align: center;\" align=\"justify\"><span style=\"font-size: small;\"><span style=\"font-family: Times New Roman, serif;\"><span style=\"font-size: medium;\"><span lang=\"fr-FR\"><b>MUTISME INCOMPR\u00c9HENSIBLE DE CES INQUI\u00c9TANTS VISITEURS<\/b><\/span><\/span><\/span><\/span><\/p>\n<p style=\"text-align: justify;\"><span style=\"color: #000000;\"><span style=\"font-size: medium;\">&lt; <span style=\"font-family: Times New Roman, serif;\"><span lang=\"fr-FR\">Pourquoi as-tu- choisi cet endroit pour camper ? Il n&rsquo;y a rien \u00e0 voir ! Qu&rsquo;une voie ferr\u00e9e !<\/span><\/span><\/span><\/span><\/p>\n<p style=\"text-align: justify;\"><span style=\"color: #000000;\"><span style=\"font-size: medium;\">&lt; <span style=\"font-family: Times New Roman, serif;\"><span lang=\"fr-FR\">C&rsquo;est la plainte qu&rsquo;une gentille \u00e9pouse adressait \u00e0 son mari.<\/span><\/span><\/span><\/span><\/p>\n<p style=\"text-align: justify;\"><span style=\"color: #000000;\"><span style=\"font-size: medium;\">&lt; <span style=\"font-family: Times New Roman, serif;\"><span lang=\"fr-FR\">Passionn\u00e9 par les soucoupes volantes, voulant enqu\u00eater \u00e0 Quarouble, il l&rsquo;avait persuad\u00e9e que c&rsquo;\u00e9tait un coin id\u00e9al&#8230;<\/span><\/span><\/span><\/span><\/p>\n<p style=\"text-align: justify;\"><span style=\"color: #000000;\"><span style=\"font-size: medium;\">&lt; <span style=\"font-family: Times New Roman, serif;\"><span lang=\"fr-FR\">Quarouble. Une voie ferr\u00e9e. Un rayon lumineux.<\/span><\/span><\/span><\/span><\/p>\n<p style=\"text-align: justify;\"><span style=\"color: #000000;\"><span style=\"font-size: medium;\">&lt; <span style=\"font-family: Times New Roman, serif;\"><span lang=\"fr-FR\">Cet amusant \u00e9pisode de 1954 m&rsquo;est revenu en m\u00e9moire, en lisant dans \u00ab Science et Inexpliqu\u00e9 \u00bb n\u00b0 16, l&rsquo;entretien de Pascal Issoulet avec Marius Dewilde, en 1990, sur son observation du 10 septembre 1954.<\/span><\/span><\/span><\/span><\/p>\n<p style=\"text-align: justify;\"><span style=\"color: #000000;\"><span style=\"font-size: medium;\">&lt; <span style=\"font-family: Times New Roman, serif;\"><span lang=\"fr-FR\">Quand Marius Dewilde vit les deux petits \u00eatres : <\/span><\/span><\/span><span style=\"font-family: Times New Roman, serif;\"><span style=\"font-size: medium;\"><span lang=\"fr-FR\">\u00ab Il me passe une id\u00e9e par la t\u00eate : si ce sont des extraterrestres, je vais m&rsquo;en choper un et je vais l&rsquo;assommer. Pan ! Juste au moment o\u00f9 je pense \u00e7a, pfft, un faisceau lumineux vient sur la droite d&rsquo;une \u00ab chose \u00bb pos\u00e9e sur la voie ferr\u00e9e. Le rayon me paralyse ! Mon cerveau marchait encore \u00bb.<\/span><\/span><\/span><\/span><\/p>\n<p style=\"text-align: justify;\"><span style=\"color: #000000;\"><span style=\"font-size: medium;\">&lt; <span style=\"font-family: Times New Roman, serif;\"><span lang=\"fr-FR\">Je me suis rappel\u00e9, alors, ce que Maurice Masse m&rsquo;a dit lors de son observation du 1er juillet 1965, d&rsquo;un engin stationn\u00e9 dans son champ de lavande et de deux petits \u00eatres \u00e0 c\u00f4t\u00e9 : \u00ab Ils \u00e9taient petits et m&rsquo;arrivaient \u00e0 peine \u00e0 la ceinture. Je vais les attraper et les \u00ab estourbir \u00bb. Oui, \u00e0 peine il pense \u00e7a, qu&rsquo;un des petits \u00eatres braque un tube dans sa direction et un faisceau lumineux l&rsquo;immobilise sur place. Mais il pouvait voir et respirer \u00bb.<\/span><\/span><\/span><\/span><\/p>\n<p style=\"text-align: justify;\"><span style=\"color: #000000;\"><span style=\"font-size: medium;\">&lt; <span style=\"font-family: Times New Roman, serif;\"><span lang=\"fr-FR\">Il m&rsquo;a encore r\u00e9p\u00e9t\u00e9 la m\u00eame chose quand nous nous sommes revus en 1990, \u00e0 Valensole.<\/span><\/span><\/span><\/span><\/p>\n<p style=\"text-align: justify;\"><span style=\"color: #000000;\"><span style=\"font-size: medium;\">&lt; <span style=\"font-family: Times New Roman, serif;\"><span lang=\"fr-FR\">Ce qui est frappant dans ces deux t\u00e9moignages terrestres, c&rsquo;est comme si les pens\u00e9es \u00e9taient per\u00e7ues, comme si notre cerveau \u00e9tait perm\u00e9able.<\/span><\/span><\/span><\/span><\/p>\n<p style=\"text-align: justify;\"><span style=\"color: #000000;\"><span style=\"font-size: medium;\">&lt; <span style=\"font-family: Times New Roman, serif;\"><span lang=\"fr-FR\">Dans le ciel, lors de l&rsquo;observation de T\u00e9h\u00e9ran (Iran), du 9 septembre 1976, chaque fois que le chasseur \u00ab Phantom \u00bb s&rsquo;approchait de l&rsquo;OVNI, tout l&rsquo;appareillage \u00e9lectronique du poursuivant tombait en panne.<\/span><\/span><\/span><\/span><\/p>\n<p style=\"text-align: justify;\"><span style=\"color: #000000;\"><span style=\"font-size: medium;\">&lt; <span style=\"font-family: Times New Roman, serif;\"><span lang=\"fr-FR\">Re\u00e7us \u00e0 l&rsquo;ambassade d&rsquo;Iran, l&rsquo;ambassadeur ne nous a pas cach\u00e9 que l&rsquo;URSS et l&rsquo;USA s&rsquo;\u00e9taient vivement int\u00e9ress\u00e9s \u00e0 cette poursuite.<\/span><\/span><\/span><\/span><\/p>\n<p style=\"text-align: justify;\"><span style=\"color: #000000;\"><span style=\"font-size: medium;\">&lt; <span style=\"font-family: Times New Roman, serif;\"><span lang=\"fr-FR\">Ces trois cas ont \u00e9t\u00e9 choisis, parmi tant d&rsquo;autres, les deux premiers aux \u00ab armes de lumi\u00e8re \u00bb, comme disait Ren\u00e9 Fou\u00e9r\u00e9, et celle dans le ciel, car elle montre bien la puissance fantastique sup\u00e9rieure \u00e0 la n\u00f4tre de ces visiteurs.<\/span><\/span><\/span><\/span><\/p>\n<p style=\"text-align: justify;\"><span style=\"color: #000000;\"><span style=\"font-size: medium;\">&lt; <span style=\"font-family: Times New Roman, serif;\"><span lang=\"fr-FR\">C&rsquo;est \u00e9tonnant ce qui se passe dans une vie.<\/span><\/span><\/span><\/span><\/p>\n<p style=\"text-align: justify;\"><span style=\"color: #000000;\"><span style=\"font-size: medium;\">&lt; <span style=\"font-family: Times New Roman, serif;\"><span lang=\"fr-FR\">En classe de Math\u00e9lem, on nous apprenait que l&rsquo;atome \u00e9tait ins\u00e9cable. Peu apr\u00e8s, le 5 ao\u00fbt 1945, l&rsquo;horreur d&rsquo;Hiroshima \u00e9clata.<\/span><\/span><\/span><\/span><\/p>\n<p style=\"text-align: justify;\"><span style=\"color: #000000;\"><span style=\"font-size: medium;\">&lt; <span style=\"font-family: Times New Roman, serif;\"><span lang=\"fr-FR\">On croyait que le globe terrestre se promenait solitaire dans un univers serein. Et depuis quelques ann\u00e9es, des visites insolites et des poursuites dans le ciel bousculent notre tranquillit\u00e9.<\/span><\/span><\/span><\/span><\/p>\n<p style=\"text-align: justify;\"><span style=\"color: #000000;\"><span style=\"font-size: medium;\">&lt; <span style=\"font-family: Times New Roman, serif;\"><span lang=\"fr-FR\">Je n&rsquo;ai aucun titre, sauf celui d&rsquo;avoir suivi cette affaire depuis 1954, par des rencontres avec des chercheurs, des t\u00e9moins et tout le travail avec mon mari Ren\u00e9 Fou\u00e9r\u00e9, dans le cadre du GEPA et de la revue \u00ab Ph\u00e9nom\u00e8nes Spatiaux \u00bb.<\/span><\/span><\/span><\/span><\/p>\n<p style=\"text-align: justify;\"><span style=\"color: #000000;\"><span style=\"font-size: medium;\">&lt; <span style=\"font-family: Times New Roman, serif;\"><span lang=\"fr-FR\">A la fin de ma vie, ayant conscience de la valeur historique de cette recherche, toutes les publications du GEPA ont \u00e9t\u00e9 r\u00e9\u00e9dit\u00e9es dans un coffret \u00ab Ph\u00e9nom\u00e8nes <\/span><\/span><\/span><span style=\"font-family: Times New Roman, serif;\"><span style=\"font-size: medium;\"><span lang=\"fr-FR\">Spatiaux \u00bb.<\/span><\/span><\/span><\/span><\/p>\n<p align=\"center\"><span style=\"font-size: small;\"><span style=\"font-family: Times New Roman, serif;\"><span style=\"font-size: medium;\"><span lang=\"fr-FR\">***<\/span><\/span><\/span><\/span><\/p>\n<p style=\"text-align: justify;\"><span style=\"color: #000000;\"><span style=\"font-size: medium;\"><span style=\"font-family: Times New Roman, serif;\"><span style=\"font-size: medium;\"><span lang=\"fr-FR\">\u00ab Si les \u00ab soucoupes volantes \u00bb sont bien des machines spatiales venues d&rsquo;ailleurs, et pilot\u00e9es ou t\u00e9l\u00e9guid\u00e9es par des repr\u00e9sentants intelligents d&rsquo;une ou de plusieurs races extraterrestres techniciennes, le probl\u00e8me que leur pr\u00e9sence et leurs \u00e9volutions posent n&rsquo;est pas simplement un probl\u00e8me intellectuel passionnant, r\u00e9serv\u00e9 \u00e0 des esprits savants et curieux, c&rsquo;est un probl\u00e8me qui int\u00e9resse, qu&rsquo;elle en soit ou non consciente, toute l&rsquo;humanit\u00e9 \u00bb.<\/span><\/span><\/span><\/span><\/span><\/p>\n<p style=\"text-align: justify;\"><span style=\"color: #000000;\"><span style=\"font-size: medium;\"><span style=\"font-family: Times New Roman, serif;\"><span style=\"font-size: medium;\"><span lang=\"fr-FR\">Ce sage propos, \u00e9crit par Ren\u00e9 Fou\u00e9r\u00e9, est extrait de la pr\u00e9face de l&rsquo;ouvrage du Docteur James E. Mc. Donald, professeur de m\u00e9t\u00e9orologie, <\/span><\/span><\/span><span style=\"font-family: Times New Roman, serif;\"><span style=\"font-size: medium;\"><span lang=\"fr-FR\"><b>\u00ab <\/b><\/span><\/span><\/span><span style=\"font-family: Times New Roman, serif;\"><span style=\"font-size: medium;\"><span lang=\"fr-FR\"><i><b>Objets Volants Non Identifi\u00e9s, le plus grand probl\u00e8me scientifique de notre temps ?<\/b><\/i><\/span><\/span><\/span><span style=\"font-family: Times New Roman, serif;\"><span style=\"font-size: medium;\"><span lang=\"fr-FR\"><b> \u00bb. <\/b><\/span><\/span><\/span><span style=\"font-family: Times New Roman, serif;\"><span style=\"font-size: medium;\"><span lang=\"fr-FR\">Num\u00e9ro sp\u00e9cial de la revue \u00ab Ph\u00e9nom\u00e8nes Spatiaux \u00bb, 1968.<\/span><\/span><\/span><\/span><\/span><\/p>\n<p style=\"text-align: justify;\"><span style=\"color: #000000;\"><span style=\"font-size: medium;\"><span style=\"font-family: Times New Roman, serif;\"><span style=\"font-size: medium;\"><span lang=\"fr-FR\">Le G\u00e9n\u00e9ral Max Chassin, homme remarquable, pr\u00e9sidant notre groupement, nous apporta tout son cr\u00e9dit. \u00ab Il se passe quelque chose! On l&rsquo;\u00e9tudie ! \u00bb. Attitude lucide et courageuse.<\/span><\/span><\/span><\/span><\/span><\/p>\n<p style=\"text-align: justify;\"><span style=\"color: #000000;\"><span style=\"font-size: medium;\"><span style=\"font-family: Times New Roman, serif;\"><span style=\"font-size: medium;\"><span lang=\"fr-FR\">Bien d&rsquo;autres militaires nous encourag\u00e8rent dans notre recherche : le G\u00e9n\u00e9ral Guy Dotte-Charvy, le Capitaine Kervendal, le Lieutenant-Colonel Alexis, etc&#8230;<\/span><\/span><\/span><\/span><\/span><\/p>\n<p style=\"text-align: justify;\"><span style=\"color: #000000;\"><span style=\"font-size: medium;\"><span style=\"font-family: Times New Roman, serif;\"><span style=\"font-size: medium;\"><span lang=\"fr-FR\">Dans \u00ab Forces a\u00e9riennes fran\u00e7aises \u00bb, fond\u00e9e par le G\u00e9n\u00e9ral Chassin, l&rsquo;\u00e9crivain Georges Marey d\u00e9crit bien l&rsquo;atmosph\u00e8re de l&rsquo;\u00e9poque.<\/span><\/span><\/span><\/span><\/span><\/p>\n<p style=\"text-align: justify;\"><span style=\"color: #000000;\"><span style=\"font-size: medium;\"><span style=\"font-family: Times New Roman, serif;\"><span style=\"font-size: medium;\"><span lang=\"fr-FR\">La presse a jou\u00e9 un grand r\u00f4le dans l&rsquo;information, en bien et en mal.<\/span><\/span><\/span><\/span><\/span><\/p>\n<p style=\"text-align: justify;\"><span style=\"color: #000000;\"><span style=\"font-size: medium;\"><span style=\"font-family: Times New Roman, serif;\"><span style=\"font-size: medium;\"><span lang=\"fr-FR\">Notre ami Robert Roussel, journaliste et \u00e9crivain, a fait un tableau vivant sur les r\u00e9actions de l&rsquo;arm\u00e9e et de la presse dans ses livres et des articles publi\u00e9s dans \u00ab <\/span><\/span><\/span><span style=\"font-family: Times New Roman, serif;\"><span style=\"font-size: medium;\"><span lang=\"fr-FR\"><i>P\u00eale-m\u00eale sur les soucoupes volantes<\/i><\/span><\/span><\/span><span style=\"font-family: Times New Roman, serif;\"><span style=\"font-size: medium;\"><span lang=\"fr-FR\"> \u00bb.<\/span><\/span><\/span><\/span><\/span><\/p>\n<p style=\"text-align: justify;\"><span style=\"color: #000000;\"><span style=\"font-size: medium;\"><span style=\"font-family: Times New Roman, serif;\"><span style=\"font-size: medium;\"><span lang=\"fr-FR\">Dans ce m\u00eame ouvrage, on retrouve l&rsquo;analyse pleine d&rsquo;humour d&rsquo;Isabelle Stengers, philosophe et historienne des Sciences, sur les scientifiques qui ont du mal \u00e0 \u00e9tudier un ph\u00e9nom\u00e8ne non reproductible.<\/span><\/span><\/span><\/span><\/span><\/p>\n<p style=\"text-align: justify;\"><span style=\"color: #000000;\"><span style=\"font-size: medium;\"><span style=\"font-family: Times New Roman, serif;\"><span style=\"font-size: medium;\"><span lang=\"fr-FR\">Jean-Pierre Rospars, Docteur \u00e8s-sciences en neurobiologie et directeur de recherches, dans \u00ab <\/span><\/span><\/span><span style=\"font-family: Times New Roman, serif;\"><span style=\"font-size: medium;\"><span lang=\"fr-FR\"><i>Un \u00e9chec de la science<\/i><\/span><\/span><\/span><span style=\"font-family: Times New Roman, serif;\"><span style=\"font-size: medium;\"><span lang=\"fr-FR\"> \u00bb montre bien la difficult\u00e9 de cette \u00e9tude. Tous les scientifiques n&rsquo;\u00e9taient pas contre, loin de l\u00e0.<\/span><\/span><\/span><\/span><\/span><\/p>\n<p style=\"text-align: justify;\"><span style=\"color: #000000;\"><span style=\"font-size: medium;\"><span style=\"font-family: Times New Roman, serif;\"><span style=\"font-size: medium;\"><span lang=\"fr-FR\">Dans son \u00e9mouvant testament, intitul\u00e9 : \u00ab <\/span><\/span><\/span><span style=\"font-family: Times New Roman, serif;\"><span style=\"font-size: medium;\"><span lang=\"fr-FR\"><i>Science et R\u00e9alit\u00e9 des Ovnis<\/i><\/span><\/span><\/span><span style=\"font-family: Times New Roman, serif;\"><span style=\"font-size: medium;\"><span lang=\"fr-FR\"> \u00bb, Christian Perrin de Brichambaut, Ing\u00e9nieur G\u00e9n\u00e9ral Honoraire de la m\u00e9t\u00e9orologie, reconnaissait un ph\u00e9nom\u00e8ne non terrestre.<\/span><\/span><\/span><\/span><\/span><\/p>\n<p style=\"text-align: justify;\"><span style=\"color: #000000;\"><span style=\"font-size: medium;\"><span style=\"font-family: Times New Roman, serif;\"><span style=\"font-size: medium;\"><span lang=\"fr-FR\">Je me rappelle notre visite au laboratoire du physicien Yves Rocard, tr\u00e8s intrigu\u00e9 par l&rsquo;observation d&rsquo;une lumi\u00e8re traversant les murs : \u00ab Je mets tout mon laboratoire \u00e0 votre disposition. Mais que dois-je faire ? \u00bb. Le probl\u00e8me est l\u00e0.<\/span><\/span><\/span><\/span><\/span><\/p>\n<p style=\"text-align: justify;\"><span style=\"color: #000000;\"><span style=\"font-size: medium;\"><span style=\"font-family: Times New Roman, serif;\"><span style=\"font-size: medium;\"><span lang=\"fr-FR\">Je laisse de c\u00f4t\u00e9 les \u00ab Contre \u00bb. <\/span><\/span><\/span><span style=\"font-family: Times New Roman, serif;\"><span style=\"font-size: medium;\"><span lang=\"fr-FR\">La plupart sont mal inform\u00e9s.<\/span><\/span><\/span><\/span><\/span><\/p>\n<p style=\"text-align: justify;\"><span style=\"color: #000000;\"><span style=\"font-size: medium;\"><span style=\"font-family: Times New Roman, serif;\"><span style=\"font-size: medium;\"><span lang=\"fr-FR\">Je repense au G\u00e9n\u00e9ral Lehr, lors d&rsquo;une r\u00e9union publique sur les soucoupes volantes, m&rsquo;avoir dit, avec une extr\u00eame courtoisie : Ah Madame, si j&rsquo;avais lu les revues \u00ab Ph\u00e9nom\u00e8nes Spatiaux \u00bb, je n&rsquo;aurais jamais pu \u00e9crire le \u00ab contre \u00bb.<\/span><\/span><\/span><\/span><\/span><\/p>\n<p style=\"text-align: justify;\"><span style=\"color: #000000;\"><span style=\"font-size: medium;\"><span style=\"font-family: Times New Roman, serif;\"><span style=\"font-size: medium;\"><span lang=\"fr-FR\">Nous ne sommes pas all\u00e9s \u00e0 Cergy Pontoise, ayant appris que les t\u00e9moins se faisaient payer fort cher. Or, jamais, au cours de nos nombreuses enqu\u00eates, aucun t\u00e9moin ne demandait un sou. On les sentait plut\u00f4t inquiets de ce qui leur \u00e9tait arriv\u00e9, cherchant \u00e0 comprendre. (Si l&rsquo;on peut dire, les faux Ufos sont <\/span><\/span><\/span><span style=\"font-family: Times New Roman, serif;\"><span style=\"font-size: medium;\"><span lang=\"fr-FR\">une<\/span><\/span><\/span><b> <\/b><span style=\"font-family: Times New Roman, serif;\"><span style=\"font-size: medium;\"><span lang=\"fr-FR\">preuve de l&rsquo;existence des vrais &#8230;).<\/span><\/span><\/span><\/span><\/span><\/p>\n<p style=\"text-align: justify;\"><span style=\"color: #000000;\"><span style=\"font-size: medium;\"><span style=\"font-family: Times New Roman, serif;\"><span style=\"font-size: medium;\"><span lang=\"fr-FR\">Je ne discute <\/span><\/span><\/span><span style=\"font-family: Times New Roman, serif;\"><span style=\"font-size: medium;\"><span lang=\"fr-FR\">pas non plus le programme Seti. <\/span><\/span><\/span><span style=\"font-family: Times New Roman, serif;\"><span style=\"font-size: medium;\"><span lang=\"fr-FR\">Rien <\/span><\/span><\/span><span style=\"font-family: Times New Roman, serif;\"><span style=\"font-size: medium;\"><span lang=\"fr-FR\">de tangible <\/span><\/span><\/span><span style=\"font-family: Times New Roman, serif;\"><span style=\"font-size: medium;\"><span lang=\"fr-FR\">depuis <\/span><\/span><\/span><span style=\"font-family: Times New Roman, serif;\"><span style=\"font-size: medium;\"><span lang=\"fr-FR\">50 <\/span><\/span><\/span><span style=\"font-family: Times New Roman, serif;\"><span style=\"font-size: medium;\"><span lang=\"fr-FR\">ans.<\/span><\/span><\/span><\/span><\/span><\/p>\n<p style=\"text-align: justify;\"><span style=\"color: #000000;\"><span style=\"font-size: medium;\"><span style=\"font-family: Times New Roman, serif;\"><span style=\"font-size: medium;\"><span lang=\"fr-FR\">A Albert Ducroq, <\/span><\/span><\/span><span style=\"font-family: Times New Roman, serif;\"><span style=\"font-size: medium;\"><span lang=\"fr-FR\">pr\u00e9sentant ce projet <\/span><\/span><\/span><span style=\"font-family: Times New Roman, serif;\"><span style=\"font-size: medium;\"><span lang=\"fr-FR\">au salon du Bourget, \u00e0 la fin de son expos\u00e9 <\/span><\/span><\/span><span style=\"font-family: Times New Roman, serif;\"><span style=\"font-size: medium;\"><span lang=\"fr-FR\">je lui ai dit que je pr\u00e9f\u00e9rais remettre directement <\/span><\/span><\/span><span style=\"font-family: Times New Roman, serif;\"><span style=\"font-size: medium;\"><span lang=\"fr-FR\">le message de la main \u00e0 la main <\/span><\/span><\/span><span style=\"font-family: Times New Roman, serif;\"><span style=\"font-size: medium;\"><span lang=\"fr-FR\">aux visiteurs.<\/span><\/span><\/span><\/span><\/span><\/p>\n<p align=\"center\"><span style=\"font-size: small;\"><span style=\"font-family: Times New Roman, serif;\"><span style=\"font-size: medium;\"><span lang=\"fr-FR\">***<\/span><\/span><\/span><\/span><\/p>\n<p style=\"text-align: justify;\"><span style=\"color: #000000;\"><span style=\"font-size: medium;\"><span style=\"font-family: Times New Roman, serif;\"><span style=\"font-size: medium;\"><span lang=\"fr-FR\">En fait, le seul mat\u00e9riel dont on dispose pour \u00e9tudier ces engins et ces personnages, ce sont les observations. On peut remercier tous les t\u00e9moins courageux pour leurs d\u00e9positions, ceux qui les \u00e9cout\u00e8rent, sans moquerie, pour les transmettre, et les enqu\u00eateurs enthousiastes (comme celui de Quarouble&#8230;).<\/span><\/span><\/span><\/span><\/span><\/p>\n<p style=\"text-align: justify;\"><span style=\"color: #000000;\"><span style=\"font-size: medium;\"><span style=\"font-family: Times New Roman, serif;\"><span style=\"font-size: medium;\"><span lang=\"fr-FR\">Par peur tout court, ou par peur aussi du ridicule, combien de cas n&rsquo;ont pas vu le jour. De nombreux pilotes, pour \u00e9viter des ennuis dans leur carri\u00e8re, ne parl\u00e8rent qu&rsquo;a leur retraite. Ce ne sont pas les seuls. <\/span><\/span><\/span><span style=\"font-family: Times New Roman, serif;\"><span style=\"font-size: medium;\"><span lang=\"fr-FR\">Les politiques aussi pr\u00e9f\u00e8rent le silence.<\/span><\/span><\/span><\/span><\/span><\/p>\n<p style=\"text-align: justify;\"><span style=\"color: #000000;\"><span style=\"font-size: medium;\"><span style=\"font-family: Times New Roman, serif;\"><span style=\"font-size: medium;\"><span lang=\"fr-FR\">Churchill avait mis un veto pour 50 ans sur une \u00e9tonnante observation anglaise qui vient d&rsquo;\u00eatre d\u00e9classifi\u00e9e.<\/span><\/span><\/span><\/span><\/span><\/p>\n<p style=\"text-align: justify;\"><span style=\"color: #000000;\"><span style=\"font-size: medium;\"><span style=\"font-family: Times New Roman, serif;\"><span style=\"font-size: medium;\"><span lang=\"fr-FR\">Peur, indiff\u00e9rence.<\/span><\/span><\/span><\/span><\/span><\/p>\n<p style=\"text-align: justify;\"><span style=\"color: #000000;\"><span style=\"font-size: medium;\"><span style=\"font-family: Times New Roman, serif;\"><span style=\"font-size: medium;\"><span lang=\"fr-FR\">L&rsquo;ami Michel Moutet cite ce propos d\u00e9sabus\u00e9 de Jean-Pierre Petit Directeur de Recherche, \u00e9crit en 1991: \u00ab Il m&rsquo;arrive souvent de songer que, si un escadron de soucoupes volantes survolait la place de la Concorde, en pleine heure d&#8217;embouteillage, le ph\u00e9nom\u00e8ne ne laisserait que quelques traces fugaces dans la presse et s&rsquo;en irait vite dans les poubelles de l&rsquo;oubli \u00bb.<\/span><\/span><\/span><\/span><\/span><\/p>\n<p style=\"text-align: justify;\"><span style=\"color: #000000;\"><span style=\"font-size: medium;\"><span style=\"font-family: Times New Roman, serif;\"><span style=\"font-size: medium;\"><span lang=\"fr-FR\">Les observations sont un fait et devraient amener une prise de conscience.<\/span><\/span><\/span><\/span><\/span><\/p>\n<p style=\"text-align: justify;\"><span style=\"color: #000000;\"><span style=\"font-size: medium;\"><span style=\"font-family: Times New Roman, serif;\"><span style=\"font-size: medium;\"><span lang=\"fr-FR\">Ces manifestations n&rsquo;\u00e9tant pas de nature terrestre, que d&rsquo;hypoth\u00e8ses furent \u00e9chafaud\u00e9es<\/span><\/span><\/span><\/span><\/span><\/p>\n<p style=\"text-align: justify;\"><span style=\"color: #000000;\"><span style=\"font-size: medium;\"><span style=\"font-family: Times New Roman, serif;\"><span style=\"font-size: medium;\"><span lang=\"fr-FR\">Michel Granger, un \u00ab scientifique fort\u00e9en \u00bb, sugg\u00e8re l&rsquo;existence d&rsquo;\u00ab une sonde extraterrestre pr\u00e8s de la terre \u00bb.<\/span><\/span><\/span><\/span><\/span><\/p>\n<p style=\"text-align: justify;\"><span style=\"color: #000000;\"><span style=\"font-size: medium;\"><span style=\"font-family: Times New Roman, serif;\"><span style=\"font-size: medium;\"><span lang=\"fr-FR\">Pierre Lagrange, sociologue, pose la question.: \u00ab les extraterrestres sont-ils seuls dans l&rsquo;univers ? \u00bb.<\/span><\/span><\/span><\/span><\/span><\/p>\n<p style=\"text-align: justify;\"><span style=\"color: #000000;\"><span style=\"font-size: medium;\"><span style=\"font-family: Times New Roman, serif;\"><span style=\"font-size: medium;\"><span lang=\"fr-FR\">Ren\u00e9 Fou\u00e9r\u00e9, dans son article : <\/span><\/span><\/span><span style=\"font-family: Times New Roman, serif;\"><span style=\"font-size: medium;\"><span lang=\"fr-FR\"><i>des revenants du futur ?<\/i><\/span><\/span><\/span><span style=\"font-family: Times New Roman, serif;\"><span style=\"font-size: medium;\"><span lang=\"fr-FR\"> (P.S. n\u00b08, juin 1966), fait part de ses r\u00e9flexions : \u00ab les ma\u00eetres des Soucoupes Volantes ne seraient pas extra\u00adterrestres, mais des terrestres extra-temporels \u00bb.<\/span><\/span><\/span><\/span><\/span><\/p>\n<p style=\"text-align: justify;\"><span style=\"color: #000000;\"><span style=\"font-size: medium;\"><span style=\"font-family: Times New Roman, serif;\"><span style=\"font-size: medium;\"><span lang=\"fr-FR\">Des mondes parall\u00e8les ? comme le pensent l&rsquo;ami Henri Chaloupek, Jean Bastide et bien d&rsquo;autres.<\/span><\/span><\/span><\/span><\/span><\/p>\n<p style=\"text-align: justify;\"><span style=\"color: #000000;\"><span style=\"font-size: medium;\"><span style=\"font-family: Times New Roman, serif;\"><span style=\"font-size: medium;\"><span lang=\"fr-FR\">Comment expliquer cette aventure de Monsieur et Madame Desplantes, lors d&rsquo;une excursion botanique, \u00e0 Flavigny-sur- Ozerain en C\u00f4te d&rsquo;Or en 1954 : \u00ab Soudain, une \u00e9norme masse cubique de fer, avec un bruit de d\u00e9raillement, s&rsquo;immobilise \u00e0 3 m\u00e8tres de la t\u00eate de Monsieur Desplantes, et dispara\u00eet sans bruit \u00bb. Apr\u00e8s tout, les erreurs de pilotage peuvent se produire ailleurs&#8230;<\/span><\/span><\/span><\/span><\/span><\/p>\n<p style=\"text-align: justify;\"><span style=\"color: #000000;\"><span style=\"font-size: medium;\"><span style=\"font-family: Times New Roman, serif;\"><span style=\"font-size: medium;\"><span lang=\"fr-FR\">Ce qui est le plus inqui\u00e9tant et le plus grave, c&rsquo;est l&rsquo;ignorance de leurs intentons, de leurs motivations.<\/span><\/span><\/span><\/span><\/span><\/p>\n<p style=\"text-align: justify;\"><span style=\"color: #000000;\"><span style=\"font-size: medium;\"><span style=\"font-family: Times New Roman, serif;\"><span style=\"font-size: medium;\"><span lang=\"fr-FR\">Comme me l&rsquo;avait souvent confi\u00e9 mon mari Ren\u00e9 Fou\u00e9r\u00e9, ce ph\u00e9nom\u00e8ne a toujours exist\u00e9 depuis la nuit des temps, et <\/span><\/span><\/span><span style=\"font-family: Times New Roman, serif;\"><span style=\"font-size: medium;\"><span lang=\"fr-FR\"><b>que la r\u00e9ponse ne peut pas \u00eatre trouv\u00e9e par nous.<\/b><\/span><\/span><\/span><\/span><\/span><\/p>\n<p style=\"text-align: justify;\"><span style=\"color: #000000;\"><span style=\"font-size: medium;\"><span style=\"font-family: Times New Roman, serif;\"><span style=\"font-size: medium;\"><span lang=\"fr-FR\">Depuis des ann\u00e9es, tous les chercheurs, scientifiques ou simples curieux, font face \u00e0 un mur infranchissable, et eux seuls, ces personnages \u00e9tranges, inconnus, peuvent ouvrir la porte.<\/span><\/span><\/span><\/span><\/span><\/p>\n<p style=\"text-align: justify;\"><span style=\"color: #000000;\"><span style=\"font-size: medium;\"><span style=\"font-family: Times New Roman, serif;\"><span style=\"font-size: medium;\"><span lang=\"fr-FR\">Une attente angoissante, irritante, devant ce <\/span><\/span><\/span><span style=\"font-family: Times New Roman, serif;\"><span style=\"font-size: medium;\"><span lang=\"fr-FR\"><b>mutisme incompr\u00e9hensible et myst\u00e9rieux.<\/b><\/span><\/span><\/span><\/span><\/span><\/p>\n<p style=\"text-align: justify;\"><span style=\"color: #000000;\"><span style=\"font-size: medium;\"><span style=\"font-family: Times New Roman, serif;\"><span style=\"font-size: medium;\"><span lang=\"fr-FR\">Mais comme disait Ren\u00e9 Fou\u00e9r\u00e9 : <\/span><\/span><\/span><span style=\"font-family: Times New Roman, serif;\"><span style=\"font-size: medium;\"><span lang=\"fr-FR\"><b>\u00ab Notre cerveau, notre intelligence, ne sont peut-\u00eatre pas structur\u00e9s pour comprendre ce ph\u00e9nom\u00e8ne \u00bb.<\/b><\/span><\/span><\/span><\/span><\/span><\/p>\n<p style=\"text-align: right;\" align=\"justify\"><span style=\"font-family: Times New Roman, serif;\"><span style=\"font-size: medium;\"><span lang=\"en-US\">Francine Fou\u00e9r\u00e9 10 12 10<\/span><\/span><\/span><\/p>\n<p style=\"text-align: center;\" align=\"justify\">***<\/p>\n<p style=\"text-align: justify;\"><em><span style=\"color: #000000;\"><span style=\"font-size: medium;\"><b>D\u00e9c\u00e8s de Ren\u00e9 fou\u00e9r\u00e9 par Robert Linssen<\/b><\/span><\/span><\/em><\/p>\n<p style=\"text-align: justify;\"><em><span style=\"color: #000000;\"><span style=\"font-size: medium;\">(Revue \u00catre Libre. N<sup>o<\/sup> 319. Mai 1990)<\/span><\/span><\/em><\/p>\n<figure id=\"attachment_7465\" aria-describedby=\"caption-attachment-7465\" style=\"width: 300px\" class=\"wp-caption aligncenter\"><a href=\"http:\/\/www.revue3emillenaire.com\/blog\/wp-content\/uploads\/2009\/07\/WWW-Ren\u00e9-Fou\u00e9r\u00e9-Robert-Linssen-Francine-Fou\u00e9r\u00e9-Natacha-\u00e9pouse-de-WWW-Douglas-Harding-e1527422796808.jpg\"><img loading=\"lazy\" decoding=\"async\" class=\"size-medium wp-image-7465\" src=\"http:\/\/www.revue3emillenaire.com\/blog\/wp-content\/uploads\/2009\/07\/WWW-Ren\u00e9-Fou\u00e9r\u00e9-Robert-Linssen-Francine-Fou\u00e9r\u00e9-Natacha-\u00e9pouse-de-WWW-Douglas-Harding-300x194.jpg\" alt=\"\" width=\"300\" height=\"194\" \/><\/a><figcaption id=\"caption-attachment-7465\" class=\"wp-caption-text\">WWW, Ren\u00e9 Fou\u00e9r\u00e9, Robert Linssen, Francine Fou\u00e9r\u00e9, Natacha (l&rsquo;\u00e9pouse de WWW), Douglas Harding<\/figcaption><\/figure>\n<p style=\"text-align: justify;\"><em><span style=\"color: #000000;\"><span style=\"font-size: medium;\">Notre grand ami et collaborateur Ren\u00e9 Fou\u00e9r\u00e9 nous a quitt\u00e9 physiquement le 14 janvier 1990. C&rsquo;est en 1933, au camp d&rsquo;Ommen que j&rsquo;ai fait la connaissance de Ren\u00e9 lors des conf\u00e9rences de Krishnamurti. Nous nous sommes imm\u00e9diatement li\u00e9s par une communion totale d&rsquo;id\u00e9es, communion qui n&rsquo;a cess\u00e9 de grandir et de s&rsquo;approfondir au cours de ces cinquante-sept ann\u00e9es de collaboration, d&rsquo;\u00e9changes, de lettres, d&rsquo;articles, de conf\u00e9rences.<\/span><\/span><\/em><\/p>\n<p style=\"text-align: justify;\"><em><span style=\"color: #000000;\"><span style=\"font-size: medium;\">J&rsquo;ai rarement rencontr\u00e9 un \u00eatre aussi simple, aussi rayon\u00adnant d&rsquo;enthousiasme, d&rsquo;affection, aussi honn\u00eate, aussi d\u00e9sint\u00e9\u00adress\u00e9. Sa modestie \u00e9tait \u00e9mouvante pour ceux qui connaissaient son savoir encyclop\u00e9dique. Son talent d&rsquo;\u00e9crivain \u00e9tait incontes\u00adtable : clair, direct, capable d&rsquo;appr\u00e9hender les sujets d&rsquo;ordre psy\u00adchologique, mystique et scientifique avec une vision p\u00e9n\u00e9trante. Celle-ci \u00e9tait \u00e9clair\u00e9e autant par la qualit\u00e9 permanente de son amour que par la p\u00e9n\u00e9tration exceptionnelle de sa pens\u00e9e acces\u00adsible de fa\u00e7on \u00e9gale aux informations scientifiques les plus ardues ainsi qu&rsquo;au sommet de la vision mystique supra-mentale.<\/span><\/span><\/em><\/p>\n<p style=\"text-align: justify;\"><em><span style=\"color: #000000;\"><span style=\"font-size: medium;\">Le livre que Ren\u00e9 Fou\u00e9r\u00e9 a consacr\u00e9 \u00e0 Krishnamurti est un chef-d\u2019\u0153uvre monumental, tant dans la forme que dans le fond. Je trouve que chaque phrase des \u0153uvres de Fou\u00e9r\u00e9 est un r\u00e9gal par la perfection qu&rsquo;elle atteint dans sa forme. Pas un mot n&rsquo;est inutile.<\/span><\/span><\/em><\/p>\n<p style=\"text-align: justify;\"><em><span style=\"color: #000000;\"><span style=\"font-size: medium;\">Notre admiration et notre enthousiasme pour Krishnamurti \u00e9tait tr\u00e8s semblable et d\u00e9nu\u00e9 de tout sentimentalisme ou roman\u00adtisme aveugle. Cinquante-sept ann\u00e9es d&rsquo;une grande amiti\u00e9 \u00e0 un niveau aussi \u00e9lev\u00e9 permettent d&rsquo;entrevoir la s\u00e9paration in\u00e9vi\u00adtable, r\u00e9sultant de l&rsquo;impermanence corporelle, \u00e0 la lumi\u00e8re des richesses spirituelles int\u00e9rieures qui sont indestructibles.<\/span><\/span><\/em><\/p>\n<p style=\"text-align: justify;\"><em><span style=\"color: #000000;\"><span style=\"font-size: medium;\">Ren\u00e9 a touch\u00e9 la Source mais il \u00e9tait d&rsquo;une telle modestie que tr\u00e8s peu s&rsquo;en sont rendus compte. Il est la Source et plus vivant que jamais dans tous nos c\u0153urs. Je ne te dis pas adieu, Ren\u00e9, car tu es plus que jamais dans mon c\u0153ur et dans le c\u0153ur de tous ceux qui t&rsquo;ont connu. Mes pens\u00e9es et les pens\u00e9es de tous tes amis vont vers Francine, ta compagne admirable, vers laquelle vont tout notre amour, toute notre admiration, tout notre respect.<\/span><\/span><\/em><\/p>\n","protected":false},"excerpt":{"rendered":"<p>Francine Fou\u00e9r\u00e9 nous a quitt\u00e9 samedi 26 mai 2018 apr\u00e8s une longue maladie. Elle est rest\u00e9e jusqu&rsquo;\u00e0 la fin une personne des plus aimables avec une confiance rare dans la vie. Elle nous a toujours encourag\u00e9 \u00e0 publier les textes et livres de Ren\u00e9 Fou\u00e9r\u00e9 dans la revue et sur le blog. Femme humaniste et [&hellip;]<\/p>\n","protected":false},"author":2,"featured_media":17779,"comment_status":"closed","ping_status":"closed","sticky":false,"template":"","format":"standard","meta":{"footnotes":""},"categories":[61,66],"tags":[],"class_list":["post-17774","post","type-post","status-publish","format-standard","has-post-thumbnail","hentry","category-r-fouere","category-r-linssen"],"yoast_head":"<!-- This site is optimized with the Yoast SEO plugin v27.0 - https:\/\/yoast.com\/product\/yoast-seo-wordpress\/ -->\n<title>Hommage \u00e0 Francine Fou\u00e9r\u00e9 - 3e mill\u00e9naire - Spiritualit\u00e9 - Connaissance de soi - Non-dualit\u00e9 - M\u00e9ditation<\/title>\n<meta name=\"robots\" content=\"index, follow, max-snippet:-1, max-image-preview:large, max-video-preview:-1\" \/>\n<link rel=\"canonical\" href=\"https:\/\/www.revue3emillenaire.com\/blog\/hommage-a-francine-fouere\/\" \/>\n<meta property=\"og:locale\" content=\"fr_FR\" \/>\n<meta property=\"og:type\" content=\"article\" \/>\n<meta property=\"og:title\" content=\"Hommage \u00e0 Francine Fou\u00e9r\u00e9 - 3e mill\u00e9naire - Spiritualit\u00e9 - Connaissance de soi - Non-dualit\u00e9 - M\u00e9ditation\" \/>\n<meta property=\"og:description\" content=\"Francine Fou\u00e9r\u00e9 nous a quitt\u00e9 samedi 26 mai 2018 apr\u00e8s une longue maladie. Elle est rest\u00e9e jusqu&rsquo;\u00e0 la fin une personne des plus aimables avec une confiance rare dans la vie. Elle nous a toujours encourag\u00e9 \u00e0 publier les textes et livres de Ren\u00e9 Fou\u00e9r\u00e9 dans la revue et sur le blog. Femme humaniste et [&hellip;]\" \/>\n<meta property=\"og:url\" content=\"https:\/\/www.revue3emillenaire.com\/blog\/hommage-a-francine-fouere\/\" \/>\n<meta property=\"og:site_name\" content=\"3e mill\u00e9naire - Spiritualit\u00e9 - Connaissance de soi - Non-dualit\u00e9 - M\u00e9ditation\" \/>\n<meta property=\"article:published_time\" content=\"2018-05-26T22:49:36+00:00\" \/>\n<meta property=\"article:modified_time\" content=\"2018-05-28T02:53:40+00:00\" \/>\n<meta property=\"og:image\" content=\"https:\/\/www.revue3emillenaire.com\/blog\/wp-content\/uploads\/2018\/05\/Ren\u00e9-francine-fouere.jpg\" \/>\n\t<meta property=\"og:image:width\" content=\"232\" \/>\n\t<meta property=\"og:image:height\" content=\"294\" \/>\n\t<meta property=\"og:image:type\" content=\"image\/jpeg\" \/>\n<meta name=\"author\" content=\"3e mill\u00e9naire\" \/>\n<meta name=\"twitter:card\" content=\"summary_large_image\" \/>\n<meta name=\"twitter:label1\" content=\"\u00c9crit par\" \/>\n\t<meta name=\"twitter:data1\" content=\"3e mill\u00e9naire\" \/>\n\t<meta name=\"twitter:label2\" content=\"Dur\u00e9e de lecture estim\u00e9e\" \/>\n\t<meta name=\"twitter:data2\" content=\"15 minutes\" \/>\n<script type=\"application\/ld+json\" class=\"yoast-schema-graph\">{\"@context\":\"https:\/\/schema.org\",\"@graph\":[{\"@type\":\"Article\",\"@id\":\"https:\/\/www.revue3emillenaire.com\/blog\/hommage-a-francine-fouere\/#article\",\"isPartOf\":{\"@id\":\"https:\/\/www.revue3emillenaire.com\/blog\/hommage-a-francine-fouere\/\"},\"author\":{\"name\":\"3e mill\u00e9naire\",\"@id\":\"https:\/\/www.revue3emillenaire.com\/blog\/#\/schema\/person\/b692dacff720a5344a6190bc714397eb\"},\"headline\":\"Hommage \u00e0 Francine Fou\u00e9r\u00e9\",\"datePublished\":\"2018-05-26T22:49:36+00:00\",\"dateModified\":\"2018-05-28T02:53:40+00:00\",\"mainEntityOfPage\":{\"@id\":\"https:\/\/www.revue3emillenaire.com\/blog\/hommage-a-francine-fouere\/\"},\"wordCount\":3013,\"image\":{\"@id\":\"https:\/\/www.revue3emillenaire.com\/blog\/hommage-a-francine-fouere\/#primaryimage\"},\"thumbnailUrl\":\"https:\/\/www.revue3emillenaire.com\/blog\/wp-content\/uploads\/2018\/05\/Ren\u00e9-francine-fouere.jpg\",\"articleSection\":[\"Fou\u00e9r\u00e9 Ren\u00e9\",\"Linssen Robert\"],\"inLanguage\":\"fr-FR\"},{\"@type\":\"WebPage\",\"@id\":\"https:\/\/www.revue3emillenaire.com\/blog\/hommage-a-francine-fouere\/\",\"url\":\"https:\/\/www.revue3emillenaire.com\/blog\/hommage-a-francine-fouere\/\",\"name\":\"Hommage \u00e0 Francine Fou\u00e9r\u00e9 - 3e mill\u00e9naire - Spiritualit\u00e9 - Connaissance de soi - Non-dualit\u00e9 - M\u00e9ditation\",\"isPartOf\":{\"@id\":\"https:\/\/www.revue3emillenaire.com\/blog\/#website\"},\"primaryImageOfPage\":{\"@id\":\"https:\/\/www.revue3emillenaire.com\/blog\/hommage-a-francine-fouere\/#primaryimage\"},\"image\":{\"@id\":\"https:\/\/www.revue3emillenaire.com\/blog\/hommage-a-francine-fouere\/#primaryimage\"},\"thumbnailUrl\":\"https:\/\/www.revue3emillenaire.com\/blog\/wp-content\/uploads\/2018\/05\/Ren\u00e9-francine-fouere.jpg\",\"datePublished\":\"2018-05-26T22:49:36+00:00\",\"dateModified\":\"2018-05-28T02:53:40+00:00\",\"author\":{\"@id\":\"https:\/\/www.revue3emillenaire.com\/blog\/#\/schema\/person\/b692dacff720a5344a6190bc714397eb\"},\"breadcrumb\":{\"@id\":\"https:\/\/www.revue3emillenaire.com\/blog\/hommage-a-francine-fouere\/#breadcrumb\"},\"inLanguage\":\"fr-FR\",\"potentialAction\":[{\"@type\":\"ReadAction\",\"target\":[\"https:\/\/www.revue3emillenaire.com\/blog\/hommage-a-francine-fouere\/\"]}]},{\"@type\":\"ImageObject\",\"inLanguage\":\"fr-FR\",\"@id\":\"https:\/\/www.revue3emillenaire.com\/blog\/hommage-a-francine-fouere\/#primaryimage\",\"url\":\"https:\/\/www.revue3emillenaire.com\/blog\/wp-content\/uploads\/2018\/05\/Ren\u00e9-francine-fouere.jpg\",\"contentUrl\":\"https:\/\/www.revue3emillenaire.com\/blog\/wp-content\/uploads\/2018\/05\/Ren\u00e9-francine-fouere.jpg\",\"width\":232,\"height\":294},{\"@type\":\"BreadcrumbList\",\"@id\":\"https:\/\/www.revue3emillenaire.com\/blog\/hommage-a-francine-fouere\/#breadcrumb\",\"itemListElement\":[{\"@type\":\"ListItem\",\"position\":1,\"name\":\"Accueil\",\"item\":\"https:\/\/www.revue3emillenaire.com\/blog\/\"},{\"@type\":\"ListItem\",\"position\":2,\"name\":\"Hommage \u00e0 Francine Fou\u00e9r\u00e9\"}]},{\"@type\":\"WebSite\",\"@id\":\"https:\/\/www.revue3emillenaire.com\/blog\/#website\",\"url\":\"https:\/\/www.revue3emillenaire.com\/blog\/\",\"name\":\"3e mill\u00e9naire - Spiritualit\u00e9 - Connaissance de soi - Non-dualit\u00e9 - M\u00e9ditation\",\"description\":\"L&#039;Homme en devenir\",\"potentialAction\":[{\"@type\":\"SearchAction\",\"target\":{\"@type\":\"EntryPoint\",\"urlTemplate\":\"https:\/\/www.revue3emillenaire.com\/blog\/?s={search_term_string}\"},\"query-input\":{\"@type\":\"PropertyValueSpecification\",\"valueRequired\":true,\"valueName\":\"search_term_string\"}}],\"inLanguage\":\"fr-FR\"},{\"@type\":\"Person\",\"@id\":\"https:\/\/www.revue3emillenaire.com\/blog\/#\/schema\/person\/b692dacff720a5344a6190bc714397eb\",\"name\":\"3e mill\u00e9naire\",\"url\":\"https:\/\/www.revue3emillenaire.com\/blog\/author\/scoussa\/\"}]}<\/script>\n<!-- \/ Yoast SEO plugin. -->","yoast_head_json":{"title":"Hommage \u00e0 Francine Fou\u00e9r\u00e9 - 3e mill\u00e9naire - Spiritualit\u00e9 - Connaissance de soi - Non-dualit\u00e9 - M\u00e9ditation","robots":{"index":"index","follow":"follow","max-snippet":"max-snippet:-1","max-image-preview":"max-image-preview:large","max-video-preview":"max-video-preview:-1"},"canonical":"https:\/\/www.revue3emillenaire.com\/blog\/hommage-a-francine-fouere\/","og_locale":"fr_FR","og_type":"article","og_title":"Hommage \u00e0 Francine Fou\u00e9r\u00e9 - 3e mill\u00e9naire - Spiritualit\u00e9 - Connaissance de soi - Non-dualit\u00e9 - M\u00e9ditation","og_description":"Francine Fou\u00e9r\u00e9 nous a quitt\u00e9 samedi 26 mai 2018 apr\u00e8s une longue maladie. Elle est rest\u00e9e jusqu&rsquo;\u00e0 la fin une personne des plus aimables avec une confiance rare dans la vie. Elle nous a toujours encourag\u00e9 \u00e0 publier les textes et livres de Ren\u00e9 Fou\u00e9r\u00e9 dans la revue et sur le blog. Femme humaniste et [&hellip;]","og_url":"https:\/\/www.revue3emillenaire.com\/blog\/hommage-a-francine-fouere\/","og_site_name":"3e mill\u00e9naire - Spiritualit\u00e9 - Connaissance de soi - Non-dualit\u00e9 - M\u00e9ditation","article_published_time":"2018-05-26T22:49:36+00:00","article_modified_time":"2018-05-28T02:53:40+00:00","og_image":[{"width":232,"height":294,"url":"https:\/\/www.revue3emillenaire.com\/blog\/wp-content\/uploads\/2018\/05\/Ren\u00e9-francine-fouere.jpg","type":"image\/jpeg"}],"author":"3e mill\u00e9naire","twitter_card":"summary_large_image","twitter_misc":{"\u00c9crit par":"3e mill\u00e9naire","Dur\u00e9e de lecture estim\u00e9e":"15 minutes"},"schema":{"@context":"https:\/\/schema.org","@graph":[{"@type":"Article","@id":"https:\/\/www.revue3emillenaire.com\/blog\/hommage-a-francine-fouere\/#article","isPartOf":{"@id":"https:\/\/www.revue3emillenaire.com\/blog\/hommage-a-francine-fouere\/"},"author":{"name":"3e mill\u00e9naire","@id":"https:\/\/www.revue3emillenaire.com\/blog\/#\/schema\/person\/b692dacff720a5344a6190bc714397eb"},"headline":"Hommage \u00e0 Francine Fou\u00e9r\u00e9","datePublished":"2018-05-26T22:49:36+00:00","dateModified":"2018-05-28T02:53:40+00:00","mainEntityOfPage":{"@id":"https:\/\/www.revue3emillenaire.com\/blog\/hommage-a-francine-fouere\/"},"wordCount":3013,"image":{"@id":"https:\/\/www.revue3emillenaire.com\/blog\/hommage-a-francine-fouere\/#primaryimage"},"thumbnailUrl":"https:\/\/www.revue3emillenaire.com\/blog\/wp-content\/uploads\/2018\/05\/Ren\u00e9-francine-fouere.jpg","articleSection":["Fou\u00e9r\u00e9 Ren\u00e9","Linssen Robert"],"inLanguage":"fr-FR"},{"@type":"WebPage","@id":"https:\/\/www.revue3emillenaire.com\/blog\/hommage-a-francine-fouere\/","url":"https:\/\/www.revue3emillenaire.com\/blog\/hommage-a-francine-fouere\/","name":"Hommage \u00e0 Francine Fou\u00e9r\u00e9 - 3e mill\u00e9naire - Spiritualit\u00e9 - Connaissance de soi - Non-dualit\u00e9 - M\u00e9ditation","isPartOf":{"@id":"https:\/\/www.revue3emillenaire.com\/blog\/#website"},"primaryImageOfPage":{"@id":"https:\/\/www.revue3emillenaire.com\/blog\/hommage-a-francine-fouere\/#primaryimage"},"image":{"@id":"https:\/\/www.revue3emillenaire.com\/blog\/hommage-a-francine-fouere\/#primaryimage"},"thumbnailUrl":"https:\/\/www.revue3emillenaire.com\/blog\/wp-content\/uploads\/2018\/05\/Ren\u00e9-francine-fouere.jpg","datePublished":"2018-05-26T22:49:36+00:00","dateModified":"2018-05-28T02:53:40+00:00","author":{"@id":"https:\/\/www.revue3emillenaire.com\/blog\/#\/schema\/person\/b692dacff720a5344a6190bc714397eb"},"breadcrumb":{"@id":"https:\/\/www.revue3emillenaire.com\/blog\/hommage-a-francine-fouere\/#breadcrumb"},"inLanguage":"fr-FR","potentialAction":[{"@type":"ReadAction","target":["https:\/\/www.revue3emillenaire.com\/blog\/hommage-a-francine-fouere\/"]}]},{"@type":"ImageObject","inLanguage":"fr-FR","@id":"https:\/\/www.revue3emillenaire.com\/blog\/hommage-a-francine-fouere\/#primaryimage","url":"https:\/\/www.revue3emillenaire.com\/blog\/wp-content\/uploads\/2018\/05\/Ren\u00e9-francine-fouere.jpg","contentUrl":"https:\/\/www.revue3emillenaire.com\/blog\/wp-content\/uploads\/2018\/05\/Ren\u00e9-francine-fouere.jpg","width":232,"height":294},{"@type":"BreadcrumbList","@id":"https:\/\/www.revue3emillenaire.com\/blog\/hommage-a-francine-fouere\/#breadcrumb","itemListElement":[{"@type":"ListItem","position":1,"name":"Accueil","item":"https:\/\/www.revue3emillenaire.com\/blog\/"},{"@type":"ListItem","position":2,"name":"Hommage \u00e0 Francine Fou\u00e9r\u00e9"}]},{"@type":"WebSite","@id":"https:\/\/www.revue3emillenaire.com\/blog\/#website","url":"https:\/\/www.revue3emillenaire.com\/blog\/","name":"3e mill\u00e9naire - Spiritualit\u00e9 - Connaissance de soi - Non-dualit\u00e9 - M\u00e9ditation","description":"L&#039;Homme en devenir","potentialAction":[{"@type":"SearchAction","target":{"@type":"EntryPoint","urlTemplate":"https:\/\/www.revue3emillenaire.com\/blog\/?s={search_term_string}"},"query-input":{"@type":"PropertyValueSpecification","valueRequired":true,"valueName":"search_term_string"}}],"inLanguage":"fr-FR"},{"@type":"Person","@id":"https:\/\/www.revue3emillenaire.com\/blog\/#\/schema\/person\/b692dacff720a5344a6190bc714397eb","name":"3e mill\u00e9naire","url":"https:\/\/www.revue3emillenaire.com\/blog\/author\/scoussa\/"}]}},"_links":{"self":[{"href":"https:\/\/www.revue3emillenaire.com\/blog\/wp-json\/wp\/v2\/posts\/17774","targetHints":{"allow":["GET"]}}],"collection":[{"href":"https:\/\/www.revue3emillenaire.com\/blog\/wp-json\/wp\/v2\/posts"}],"about":[{"href":"https:\/\/www.revue3emillenaire.com\/blog\/wp-json\/wp\/v2\/types\/post"}],"author":[{"embeddable":true,"href":"https:\/\/www.revue3emillenaire.com\/blog\/wp-json\/wp\/v2\/users\/2"}],"replies":[{"embeddable":true,"href":"https:\/\/www.revue3emillenaire.com\/blog\/wp-json\/wp\/v2\/comments?post=17774"}],"version-history":[{"count":0,"href":"https:\/\/www.revue3emillenaire.com\/blog\/wp-json\/wp\/v2\/posts\/17774\/revisions"}],"wp:featuredmedia":[{"embeddable":true,"href":"https:\/\/www.revue3emillenaire.com\/blog\/wp-json\/wp\/v2\/media\/17779"}],"wp:attachment":[{"href":"https:\/\/www.revue3emillenaire.com\/blog\/wp-json\/wp\/v2\/media?parent=17774"}],"wp:term":[{"taxonomy":"category","embeddable":true,"href":"https:\/\/www.revue3emillenaire.com\/blog\/wp-json\/wp\/v2\/categories?post=17774"},{"taxonomy":"post_tag","embeddable":true,"href":"https:\/\/www.revue3emillenaire.com\/blog\/wp-json\/wp\/v2\/tags?post=17774"}],"curies":[{"name":"wp","href":"https:\/\/api.w.org\/{rel}","templated":true}]}}