{"id":17874,"date":"2018-10-21T13:14:46","date_gmt":"2018-10-21T12:14:46","guid":{"rendered":"https:\/\/www.revue3emillenaire.com\/blog\/?p=17874"},"modified":"2018-10-21T13:14:46","modified_gmt":"2018-10-21T12:14:46","slug":"la-reflexotherapie-endo-nasale-par-eric-prat","status":"publish","type":"post","link":"https:\/\/www.revue3emillenaire.com\/blog\/la-reflexotherapie-endo-nasale-par-eric-prat\/","title":{"rendered":"La r\u00e9flexoth\u00e9rapie endo-nasale par Eric Prat"},"content":{"rendered":"<p align=\"justify\"><span style=\"color: #000000;\"><span style=\"font-size: medium;\"><span lang=\"fr-CA\">(Revue Le chant de la licorne. N<\/span><\/span><\/span><span style=\"color: #000000;\"><sup><span style=\"font-size: medium;\"><span lang=\"fr-CA\">o<\/span><\/span><\/sup><\/span><span style=\"color: #000000;\"><span style=\"font-size: medium;\"><span lang=\"fr-CA\"> 24. 1988)<\/span><\/span><\/span><\/p>\n<p align=\"justify\"><span style=\"color: #000000;\"><span style=\"font-size: medium;\"><span lang=\"fr-FR\"><i><b>Il para\u00eet surprenant de rechercher un effet th\u00e9rapeutique par des attouchements \u00e0 l&rsquo;int\u00e9rieur du nez. Pourtant, selon l&rsquo;adage traditionnel bien connu \u00abt out est dans tout \u00bb, les r\u00e9flexoth\u00e9rapeutes se proposent d&rsquo;intervenir sur toutes les projections holographiques que peut offrir le corps humain. Comme des th\u00e9rapies plus connues (auriculoth\u00e9rapie, iridologie, r\u00e9flexoth\u00e9rapie plantaire&#8230;), la naso-sympathicoth\u00e9rapie, ou r\u00e9flexoth\u00e9rapie endo-nasale, permet une r\u00e9\u00e9quilibration \u00e9nerg\u00e9tique efficiente de l&rsquo;organisme.<\/b><\/i><\/span><\/span><\/span><\/p>\n<p align=\"justify\"><span style=\"color: #000000;\"><span style=\"font-size: medium;\"><span lang=\"fr-FR\"><b>Une histoire mouvement\u00e9e<\/b><\/span><\/span><\/span><\/p>\n<p align=\"justify\"><span style=\"color: #000000;\"><span style=\"font-size: medium;\"><span lang=\"fr-FR\">Les origines de cette prati\u00adque tr\u00e8s ancienne sont probable\u00adment multiples et l&rsquo;on sait qu&rsquo;Hip\u00adpocrate, entre autre, soignait le hoquet et l&rsquo;asthme par des attou\u00adchements nasaux \u00e0 l&rsquo;aide de plu\u00admes. Apr\u00e8s une longue p\u00e9riode d&rsquo;occultation, la r\u00e9flexoth\u00e9rapie endo-nasale refait jour au d\u00e9but du si\u00e8cle par la pratique de plu\u00adsieurs m\u00e9decins gyn\u00e9cologues (Mac Kensie, Fliess) qui remar\u00adquent de tr\u00e8s bons r\u00e9sultats dans leur discipline, notamment sur les am\u00e9norrh\u00e9es, par des attouche\u00adments ou caut\u00e9risations \u00e0 l&rsquo;int\u00e9\u00adrieur du nez. Bonnier, un oto-rhi\u00adno-laryngologiste, est en 1910 le premier \u00e0 \u00e9tablir une cartographie des fosses nasales o\u00f9 il situe dif\u00adf\u00e9rents points de concentration des terminaisons nerveuses, qui r\u00e9alisent ainsi une v\u00e9ritable pro\u00adjection miniature de l&rsquo;organisme (somatotopie). Il baptise sa m\u00e9\u00adthode la centroth\u00e9rapie. G\u00eanant l&rsquo;ordre m\u00e9dical officiel, il conna\u00eet malheureusement le sort de nom\u00adbreux novateurs: tous les livres de la derni\u00e8re \u00e9dition sont br\u00fbl\u00e9s. N\u00e9anmoins, avec la premi\u00e8re grande vague des m\u00e9decines al\u00adternatives dans l&rsquo;Europe de l&rsquo;en\u00adtre-deux guerres, chiropraxie, acupuncture, hom\u00e9opathie&#8230; et r\u00e9flexoth\u00e9rapie endo-nasale con\u00adnaissent un certain essor. Apr\u00e8s une p\u00e9riode d&rsquo;oubli relatif, elle est actuellement beaucoup plus prati\u00adqu\u00e9e par diff\u00e9rents th\u00e9rapeutes (ost\u00e9opathes, acupuncteurs, na\u00adturopathes&#8230;) que par les doc\u00adteurs en m\u00e9decine, qui refusent encore, pour la majorit\u00e9 d&rsquo;entre-eux, d&rsquo;accorder un cr\u00e9dit scientifi\u00adque \u00e0 ce type de pratique. Cela n&#8217;emp\u00eache pas de nombreux au\u00adteurs de codifier de plus en plus pr\u00e9cis\u00e9ment cette discipline (Bontemps, Ridon, Bonneton, Bobin&#8230;).<\/span><\/span><\/span><\/p>\n<p align=\"justify\"><span style=\"color: #000000;\"><span style=\"font-size: medium;\"><span lang=\"fr-FR\"><b>Un traitement surprenant<\/b><\/span><\/span><\/span><\/p>\n<p align=\"justify\"><span style=\"color: #000000;\"><span style=\"font-size: medium;\"><span lang=\"fr-FR\">Une premi\u00e8re s\u00e9ance chez un nasosympathicoth\u00e9rapeute peut para\u00eetre impressionnante. Le praticien va, en effet, intro\u00adduire \u00e0 l&rsquo;int\u00e9rieur du nez un long stylet pour y p\u00e9n\u00e9trer, dans cer\u00adtains cas jusqu&rsquo;\u00e0 10 cm, profon\u00addeur normale des fosses nasales. Le stylet, dont l&rsquo;extr\u00e9mit\u00e9 est ar\u00adrondie, est utilis\u00e9 pour effectuer de petites pressions sur certaines r\u00e9gions de la muqueuse nasale. Il n&rsquo;y a donc pas de piq\u00fbre comme avec une aiguille et la technique n&rsquo;est jamais douloureuse, m\u00eame si une zone r\u00e9flexe devient l\u00e9g\u00e8re\u00adment plus sensible \u00e0 l&rsquo;attouche\u00adment quand l&rsquo;organe correspon\u00addant est perturb\u00e9. Une s\u00e9ance courte comprend deux \u00e0 trois tou\u00adches effectu\u00e9es avec de fins sty\u00adlets, auparavant st\u00e9rilis\u00e9s, ou encore des \u00e9couvillons \u00e9gale\u00adment st\u00e9riles, dont l&rsquo;extr\u00e9mit\u00e9 sera alors impr\u00e9gn\u00e9e d&rsquo;essences aromatiques de plantes. Le traite\u00adment ne se fait qu&rsquo;apr\u00e8s et en fonction d&rsquo;un examen neurov\u00e9g\u00e9\u00adtatif pr\u00e9cis. Beaucoup de th\u00e9ra\u00adpeutes utilisent cette approche en compl\u00e9ment \u00e0 une autre th\u00e9ra\u00adpeutique de base (hom\u00e9opathie, th\u00e9rapies manuelles&#8230;), pour une meilleure r\u00e9\u00e9quilibration \u00e9nerg\u00e9\u00adtique du patient.<\/span><\/span><\/span><\/p>\n<p align=\"justify\"><b><span style=\"color: #000000;\"><span style=\"font-size: medium;\"><span lang=\"fr-FR\">De nombreuses indications<\/span><\/span><\/span><\/b><\/p>\n<p align=\"justify\"><span style=\"color: #000000;\"><span style=\"font-size: medium;\"><span lang=\"fr-FR\">Par l&rsquo;interm\u00e9diaire des projections du syst\u00e8me neurov\u00e9\u00adg\u00e9tatif sympathique, dont le r\u00f4le est fondamental pour l&rsquo;\u00e9quilibre physiologique de l&rsquo;organisme, et du nerf olfactif en connexion \u00e9troite avec des centres nerveux et glandulaires cl\u00e9s (rhinenc\u00e9\u00adphale, hypophyse&#8230;), le clavier endo-nasal offre un vaste champ d&rsquo;action th\u00e9rapeutique. Sur le plan \u00e9nerg\u00e9tique, il faut d&rsquo;ailleurs rap\u00adpeler que, dans la conception ayurv\u00e9dique, l&rsquo;assimilation du prana (\u00e9nergie vitale) se r\u00e9alise essentiellement par les deux nari\u00adnes, d&rsquo;o\u00f9 partent deux nadis (ca\u00adnaux \u00e9nerg\u00e9tiques), ida et pingala, dont la topographie se superpose aux deux cha\u00eenes sympathiques lat\u00e9rovert\u00e9brales.<\/span><\/span><\/span><\/p>\n<p align=\"justify\"><span style=\"color: #000000;\"><span style=\"font-size: medium;\"><span lang=\"fr-FR\">L&rsquo;indication majeure de la nasosympathicoth\u00e9rapie con\u00adcerne tous les d\u00e9r\u00e8glements fai\u00adsant suite \u00e0 des stress: anxi\u00e9t\u00e9, insomnie, fatigue chronique, spasmophilie, troubles fonctionnels digestifs et gyn\u00e9cologiques&#8230; Des gu\u00e9risons ou am\u00e9liorations constantes sont observ\u00e9es dans les cas de sinusite, migraine et n\u00e9vralgie faciale. Asthme et rhume des foins sont \u00e9galement une bonne indication de cette ap\u00adproche. Signalons enfin les r\u00e9sul\u00adtats tr\u00e8s performants de la naso sympathicoth\u00e9rapie dans les trai\u00adtements antitabac (90% de suc\u00adc\u00e8s, complets et durables pour notre propre exp\u00e9rience).<\/span><\/span><\/span><\/p>\n<p align=\"justify\"><span style=\"color: #000000;\"><span style=\"font-size: medium;\"><span lang=\"fr-FR\">Encore mal connue, la r\u00e9flexoth\u00e9rapie endo-nasale de\u00admande certainement plus de recul afin d&rsquo;en juger pr\u00e9cis\u00e9ment toute la port\u00e9e. Sans constituer un sys\u00adt\u00e8me m\u00e9dical \u00e0 part enti\u00e8re, elle s&rsquo;inclut cependant d\u00e9j\u00e0 dans la pratique de nombreux th\u00e9rapeu\u00adtes o\u00f9 elle constitue un atout ma\u00adjeur pour la r\u00e9\u00e9quilibration des maladies fonctionnelles. Nous ne pouvons que regretter, comme pour l&rsquo;ensemble des autres r\u00e9flexoth\u00e9rapies, que la nasosympathicoth\u00e9rapie ne soit pas mieux int\u00e9gr\u00e9e dans l&rsquo;\u00e9ventail des soins m\u00e9dicaux officiels, pour un meilleur soulagement des souf\u00adfrances du patient.<\/span><\/span><\/span><\/p>\n","protected":false},"excerpt":{"rendered":"<p>(Revue Le chant de la licorne. No 24. 1988) Il para\u00eet surprenant de rechercher un effet th\u00e9rapeutique par des attouchements \u00e0 l&rsquo;int\u00e9rieur du nez. Pourtant, selon l&rsquo;adage traditionnel bien connu \u00abt out est dans tout \u00bb, les r\u00e9flexoth\u00e9rapeutes se proposent d&rsquo;intervenir sur toutes les projections holographiques que peut offrir le corps humain. Comme des th\u00e9rapies [&hellip;]<\/p>\n","protected":false},"author":2,"featured_media":0,"comment_status":"closed","ping_status":"closed","sticky":false,"template":"","format":"standard","meta":{"footnotes":""},"categories":[887],"tags":[],"class_list":["post-17874","post","type-post","status-publish","format-standard","hentry","category-therapies-alternatives"],"yoast_head":"<!-- This site is optimized with the Yoast SEO plugin v27.0 - https:\/\/yoast.com\/product\/yoast-seo-wordpress\/ -->\n<title>La r\u00e9flexoth\u00e9rapie endo-nasale par Eric Prat - 3e mill\u00e9naire - Spiritualit\u00e9 - Connaissance de soi - Non-dualit\u00e9 - M\u00e9ditation<\/title>\n<meta name=\"robots\" content=\"index, follow, max-snippet:-1, max-image-preview:large, max-video-preview:-1\" \/>\n<link rel=\"canonical\" href=\"https:\/\/www.revue3emillenaire.com\/blog\/la-reflexotherapie-endo-nasale-par-eric-prat\/\" \/>\n<meta property=\"og:locale\" content=\"fr_FR\" \/>\n<meta property=\"og:type\" content=\"article\" \/>\n<meta property=\"og:title\" content=\"La r\u00e9flexoth\u00e9rapie endo-nasale par Eric Prat - 3e mill\u00e9naire - Spiritualit\u00e9 - Connaissance de soi - Non-dualit\u00e9 - M\u00e9ditation\" \/>\n<meta property=\"og:description\" content=\"(Revue Le chant de la licorne. No 24. 1988) Il para\u00eet surprenant de rechercher un effet th\u00e9rapeutique par des attouchements \u00e0 l&rsquo;int\u00e9rieur du nez. Pourtant, selon l&rsquo;adage traditionnel bien connu \u00abt out est dans tout \u00bb, les r\u00e9flexoth\u00e9rapeutes se proposent d&rsquo;intervenir sur toutes les projections holographiques que peut offrir le corps humain. Comme des th\u00e9rapies [&hellip;]\" \/>\n<meta property=\"og:url\" content=\"https:\/\/www.revue3emillenaire.com\/blog\/la-reflexotherapie-endo-nasale-par-eric-prat\/\" \/>\n<meta property=\"og:site_name\" content=\"3e mill\u00e9naire - Spiritualit\u00e9 - Connaissance de soi - Non-dualit\u00e9 - M\u00e9ditation\" \/>\n<meta property=\"article:published_time\" content=\"2018-10-21T12:14:46+00:00\" \/>\n<meta name=\"author\" content=\"3e mill\u00e9naire\" \/>\n<meta name=\"twitter:card\" content=\"summary_large_image\" \/>\n<meta name=\"twitter:label1\" content=\"\u00c9crit par\" \/>\n\t<meta name=\"twitter:data1\" content=\"3e mill\u00e9naire\" \/>\n\t<meta name=\"twitter:label2\" content=\"Dur\u00e9e de lecture estim\u00e9e\" \/>\n\t<meta name=\"twitter:data2\" content=\"4 minutes\" \/>\n<script type=\"application\/ld+json\" class=\"yoast-schema-graph\">{\"@context\":\"https:\/\/schema.org\",\"@graph\":[{\"@type\":\"Article\",\"@id\":\"https:\/\/www.revue3emillenaire.com\/blog\/la-reflexotherapie-endo-nasale-par-eric-prat\/#article\",\"isPartOf\":{\"@id\":\"https:\/\/www.revue3emillenaire.com\/blog\/la-reflexotherapie-endo-nasale-par-eric-prat\/\"},\"author\":{\"name\":\"3e mill\u00e9naire\",\"@id\":\"https:\/\/www.revue3emillenaire.com\/blog\/#\/schema\/person\/b692dacff720a5344a6190bc714397eb\"},\"headline\":\"La r\u00e9flexoth\u00e9rapie endo-nasale par Eric Prat\",\"datePublished\":\"2018-10-21T12:14:46+00:00\",\"mainEntityOfPage\":{\"@id\":\"https:\/\/www.revue3emillenaire.com\/blog\/la-reflexotherapie-endo-nasale-par-eric-prat\/\"},\"wordCount\":880,\"articleSection\":[\"Th\u00e9rapies &amp; Approches Alternatives\"],\"inLanguage\":\"fr-FR\"},{\"@type\":\"WebPage\",\"@id\":\"https:\/\/www.revue3emillenaire.com\/blog\/la-reflexotherapie-endo-nasale-par-eric-prat\/\",\"url\":\"https:\/\/www.revue3emillenaire.com\/blog\/la-reflexotherapie-endo-nasale-par-eric-prat\/\",\"name\":\"La r\u00e9flexoth\u00e9rapie endo-nasale par Eric Prat - 3e mill\u00e9naire - Spiritualit\u00e9 - Connaissance de soi - Non-dualit\u00e9 - M\u00e9ditation\",\"isPartOf\":{\"@id\":\"https:\/\/www.revue3emillenaire.com\/blog\/#website\"},\"datePublished\":\"2018-10-21T12:14:46+00:00\",\"author\":{\"@id\":\"https:\/\/www.revue3emillenaire.com\/blog\/#\/schema\/person\/b692dacff720a5344a6190bc714397eb\"},\"breadcrumb\":{\"@id\":\"https:\/\/www.revue3emillenaire.com\/blog\/la-reflexotherapie-endo-nasale-par-eric-prat\/#breadcrumb\"},\"inLanguage\":\"fr-FR\",\"potentialAction\":[{\"@type\":\"ReadAction\",\"target\":[\"https:\/\/www.revue3emillenaire.com\/blog\/la-reflexotherapie-endo-nasale-par-eric-prat\/\"]}]},{\"@type\":\"BreadcrumbList\",\"@id\":\"https:\/\/www.revue3emillenaire.com\/blog\/la-reflexotherapie-endo-nasale-par-eric-prat\/#breadcrumb\",\"itemListElement\":[{\"@type\":\"ListItem\",\"position\":1,\"name\":\"Accueil\",\"item\":\"https:\/\/www.revue3emillenaire.com\/blog\/\"},{\"@type\":\"ListItem\",\"position\":2,\"name\":\"La r\u00e9flexoth\u00e9rapie endo-nasale par Eric Prat\"}]},{\"@type\":\"WebSite\",\"@id\":\"https:\/\/www.revue3emillenaire.com\/blog\/#website\",\"url\":\"https:\/\/www.revue3emillenaire.com\/blog\/\",\"name\":\"3e mill\u00e9naire - Spiritualit\u00e9 - Connaissance de soi - Non-dualit\u00e9 - M\u00e9ditation\",\"description\":\"L&#039;Homme en devenir\",\"potentialAction\":[{\"@type\":\"SearchAction\",\"target\":{\"@type\":\"EntryPoint\",\"urlTemplate\":\"https:\/\/www.revue3emillenaire.com\/blog\/?s={search_term_string}\"},\"query-input\":{\"@type\":\"PropertyValueSpecification\",\"valueRequired\":true,\"valueName\":\"search_term_string\"}}],\"inLanguage\":\"fr-FR\"},{\"@type\":\"Person\",\"@id\":\"https:\/\/www.revue3emillenaire.com\/blog\/#\/schema\/person\/b692dacff720a5344a6190bc714397eb\",\"name\":\"3e mill\u00e9naire\",\"url\":\"https:\/\/www.revue3emillenaire.com\/blog\/author\/scoussa\/\"}]}<\/script>\n<!-- \/ Yoast SEO plugin. -->","yoast_head_json":{"title":"La r\u00e9flexoth\u00e9rapie endo-nasale par Eric Prat - 3e mill\u00e9naire - Spiritualit\u00e9 - Connaissance de soi - Non-dualit\u00e9 - M\u00e9ditation","robots":{"index":"index","follow":"follow","max-snippet":"max-snippet:-1","max-image-preview":"max-image-preview:large","max-video-preview":"max-video-preview:-1"},"canonical":"https:\/\/www.revue3emillenaire.com\/blog\/la-reflexotherapie-endo-nasale-par-eric-prat\/","og_locale":"fr_FR","og_type":"article","og_title":"La r\u00e9flexoth\u00e9rapie endo-nasale par Eric Prat - 3e mill\u00e9naire - Spiritualit\u00e9 - Connaissance de soi - Non-dualit\u00e9 - M\u00e9ditation","og_description":"(Revue Le chant de la licorne. No 24. 1988) Il para\u00eet surprenant de rechercher un effet th\u00e9rapeutique par des attouchements \u00e0 l&rsquo;int\u00e9rieur du nez. Pourtant, selon l&rsquo;adage traditionnel bien connu \u00abt out est dans tout \u00bb, les r\u00e9flexoth\u00e9rapeutes se proposent d&rsquo;intervenir sur toutes les projections holographiques que peut offrir le corps humain. Comme des th\u00e9rapies [&hellip;]","og_url":"https:\/\/www.revue3emillenaire.com\/blog\/la-reflexotherapie-endo-nasale-par-eric-prat\/","og_site_name":"3e mill\u00e9naire - Spiritualit\u00e9 - Connaissance de soi - Non-dualit\u00e9 - M\u00e9ditation","article_published_time":"2018-10-21T12:14:46+00:00","author":"3e mill\u00e9naire","twitter_card":"summary_large_image","twitter_misc":{"\u00c9crit par":"3e mill\u00e9naire","Dur\u00e9e de lecture estim\u00e9e":"4 minutes"},"schema":{"@context":"https:\/\/schema.org","@graph":[{"@type":"Article","@id":"https:\/\/www.revue3emillenaire.com\/blog\/la-reflexotherapie-endo-nasale-par-eric-prat\/#article","isPartOf":{"@id":"https:\/\/www.revue3emillenaire.com\/blog\/la-reflexotherapie-endo-nasale-par-eric-prat\/"},"author":{"name":"3e mill\u00e9naire","@id":"https:\/\/www.revue3emillenaire.com\/blog\/#\/schema\/person\/b692dacff720a5344a6190bc714397eb"},"headline":"La r\u00e9flexoth\u00e9rapie endo-nasale par Eric Prat","datePublished":"2018-10-21T12:14:46+00:00","mainEntityOfPage":{"@id":"https:\/\/www.revue3emillenaire.com\/blog\/la-reflexotherapie-endo-nasale-par-eric-prat\/"},"wordCount":880,"articleSection":["Th\u00e9rapies &amp; Approches Alternatives"],"inLanguage":"fr-FR"},{"@type":"WebPage","@id":"https:\/\/www.revue3emillenaire.com\/blog\/la-reflexotherapie-endo-nasale-par-eric-prat\/","url":"https:\/\/www.revue3emillenaire.com\/blog\/la-reflexotherapie-endo-nasale-par-eric-prat\/","name":"La r\u00e9flexoth\u00e9rapie endo-nasale par Eric Prat - 3e mill\u00e9naire - Spiritualit\u00e9 - Connaissance de soi - Non-dualit\u00e9 - M\u00e9ditation","isPartOf":{"@id":"https:\/\/www.revue3emillenaire.com\/blog\/#website"},"datePublished":"2018-10-21T12:14:46+00:00","author":{"@id":"https:\/\/www.revue3emillenaire.com\/blog\/#\/schema\/person\/b692dacff720a5344a6190bc714397eb"},"breadcrumb":{"@id":"https:\/\/www.revue3emillenaire.com\/blog\/la-reflexotherapie-endo-nasale-par-eric-prat\/#breadcrumb"},"inLanguage":"fr-FR","potentialAction":[{"@type":"ReadAction","target":["https:\/\/www.revue3emillenaire.com\/blog\/la-reflexotherapie-endo-nasale-par-eric-prat\/"]}]},{"@type":"BreadcrumbList","@id":"https:\/\/www.revue3emillenaire.com\/blog\/la-reflexotherapie-endo-nasale-par-eric-prat\/#breadcrumb","itemListElement":[{"@type":"ListItem","position":1,"name":"Accueil","item":"https:\/\/www.revue3emillenaire.com\/blog\/"},{"@type":"ListItem","position":2,"name":"La r\u00e9flexoth\u00e9rapie endo-nasale par Eric Prat"}]},{"@type":"WebSite","@id":"https:\/\/www.revue3emillenaire.com\/blog\/#website","url":"https:\/\/www.revue3emillenaire.com\/blog\/","name":"3e mill\u00e9naire - Spiritualit\u00e9 - Connaissance de soi - Non-dualit\u00e9 - M\u00e9ditation","description":"L&#039;Homme en devenir","potentialAction":[{"@type":"SearchAction","target":{"@type":"EntryPoint","urlTemplate":"https:\/\/www.revue3emillenaire.com\/blog\/?s={search_term_string}"},"query-input":{"@type":"PropertyValueSpecification","valueRequired":true,"valueName":"search_term_string"}}],"inLanguage":"fr-FR"},{"@type":"Person","@id":"https:\/\/www.revue3emillenaire.com\/blog\/#\/schema\/person\/b692dacff720a5344a6190bc714397eb","name":"3e mill\u00e9naire","url":"https:\/\/www.revue3emillenaire.com\/blog\/author\/scoussa\/"}]}},"_links":{"self":[{"href":"https:\/\/www.revue3emillenaire.com\/blog\/wp-json\/wp\/v2\/posts\/17874","targetHints":{"allow":["GET"]}}],"collection":[{"href":"https:\/\/www.revue3emillenaire.com\/blog\/wp-json\/wp\/v2\/posts"}],"about":[{"href":"https:\/\/www.revue3emillenaire.com\/blog\/wp-json\/wp\/v2\/types\/post"}],"author":[{"embeddable":true,"href":"https:\/\/www.revue3emillenaire.com\/blog\/wp-json\/wp\/v2\/users\/2"}],"replies":[{"embeddable":true,"href":"https:\/\/www.revue3emillenaire.com\/blog\/wp-json\/wp\/v2\/comments?post=17874"}],"version-history":[{"count":0,"href":"https:\/\/www.revue3emillenaire.com\/blog\/wp-json\/wp\/v2\/posts\/17874\/revisions"}],"wp:attachment":[{"href":"https:\/\/www.revue3emillenaire.com\/blog\/wp-json\/wp\/v2\/media?parent=17874"}],"wp:term":[{"taxonomy":"category","embeddable":true,"href":"https:\/\/www.revue3emillenaire.com\/blog\/wp-json\/wp\/v2\/categories?post=17874"},{"taxonomy":"post_tag","embeddable":true,"href":"https:\/\/www.revue3emillenaire.com\/blog\/wp-json\/wp\/v2\/tags?post=17874"}],"curies":[{"name":"wp","href":"https:\/\/api.w.org\/{rel}","templated":true}]}}