{"id":17998,"date":"2019-04-25T01:07:33","date_gmt":"2019-04-25T00:07:33","guid":{"rendered":"https:\/\/www.revue3emillenaire.com\/blog\/?p=17998"},"modified":"2019-04-25T01:07:33","modified_gmt":"2019-04-25T00:07:33","slug":"zen-et-vie-quotidienne-par-roland-rech","status":"publish","type":"post","link":"https:\/\/www.revue3emillenaire.com\/blog\/zen-et-vie-quotidienne-par-roland-rech\/","title":{"rendered":"Zen et vie quotidienne par Roland Rech"},"content":{"rendered":"<p class=\"western\" align=\"justify\"><span style=\"color: #000000;\"><span style=\"font-size: medium;\"><span lang=\"fr-CA\">Si vous d\u00e9sirez vraiment r\u00e9aliser ce qu&rsquo;est le zen, ne vous contentez pas de lire cet article. Prenez plut\u00f4t un coussin de 20 \u00e0 30 cm d&rsquo;\u00e9paisseur, placez-le \u00e0 un m\u00e8tre du mur de votre chambre et asseyez-vous dessus en vous tournant face au mur. Croisez les jambes devant vous de fa\u00e7on que vos genoux pressent le sol, le mieux \u00e9tant de placer le pied droit sur la cuisse gauche, le pied gauche \u00e9tant ramen\u00e9 contre le coussin. Vous pouvez aussi placer le pied gauche sur la cuisse droite. Mettez ensuite votre main gauche sur votre main droite, paumes tourn\u00e9es vers le haut, les pouces horizontaux se touchent en formant avec les index un bel ovale. Le tranchant des mains est plac\u00e9 contre le bas ventre. \u00c0 partir de l\u00e0, redressez la colonne vert\u00e9brale et tendez la nuque comme si vous vouliez pousser le ciel avec la t\u00eate. Rentrez le menton. Le nez doit \u00eatre \u00e0 la verticale du nombril, les oreilles \u00e0 la verticale des \u00e9paules, et votre regard est pos\u00e9 \u00e0 un m\u00e8tre devant vous sur le sol. Dans cette posture respirez calmement par le nez en vous concentrant sur l&rsquo;expiration, qui doit \u00eatre lente, profonde, imperceptible. \u00c0 la fin de l&rsquo;expiration, inspirez rapidement sans rester poumons vides, puis expirez de nouveau.<\/span><\/span><\/span><\/p>\n<p class=\"western\" align=\"justify\"><span style=\"color: #000000;\"><span style=\"font-size: medium;\"><span lang=\"fr-CA\">Restez ainsi calmement assis, sans penser \u00e0 rien de sp\u00e9cial. Contentez-vous d&rsquo;observer votre posture et de la corriger, d&rsquo;observer votre respiration en d\u00e9tendant bien le plexus solaire et en allongeant progressivement l&rsquo;expiration. Ne cherchez pas \u00e0 faire le vide dans votre esprit, n&rsquo;entretenez aucune pens\u00e9e consciente, observez simplement ce qui appara\u00eet et dispara\u00eet d&rsquo;instant en instant. Ne soyez d\u00e9rang\u00e9 par rien. Laissez passer vos pens\u00e9es et soyez aussi immobile qu&rsquo;une montagne.<\/span><\/span><\/span><\/p>\n<p class=\"western\" align=\"justify\"><span style=\"color: #000000;\"><span style=\"font-size: medium;\"><span lang=\"fr-CA\">La pratique que vous venez d&rsquo;exp\u00e9rimenter c&rsquo;est zazen. Ma\u00eetre Deshimaru qui l&rsquo;introduisit en Europe en 1967 ne cessa d&rsquo;enseigner pendant quinze ans que le zen c&rsquo;est seulement zazen. Il ne fit jamais une conf\u00e9rence sans montrer longuement la posture et inviter les auditeurs \u00e0 pratiquer. Beaucoup l&rsquo;ont suivi, et pratiquent quotidiennement zazen. Bien que cette pratique vienne d&rsquo;Orient, elle n&rsquo;a rien d&rsquo;exotique. Zazen vise directement le c\u0153ur de l&rsquo;homme. Lorsque l&rsquo;on fait zazen, il n&rsquo;y a ni notion d&rsquo;Orient, ni d&rsquo;Occident, ni d&rsquo;int\u00e9rieur, ni d&rsquo;ext\u00e9rieur. Il y a seulement un corps et un esprit assis en zazen.<\/span><\/span><\/span><\/p>\n<p class=\"western\" align=\"justify\"><span style=\"color: #000000;\"><span style=\"font-size: medium;\"><span lang=\"fr-CA\">\u00c0 l&rsquo;heure actuelle, beaucoup de gens vivent comme des fant\u00f4mes flottant \u00e0 la d\u00e9rive, \u00e0 la surface de l&rsquo;existence. Pratiquer zazen, c&rsquo;est retrouver ses v\u00e9ritables racines, p\u00e9n\u00e9trer la r\u00e9alit\u00e9 de notre vie. C&rsquo;est comme rentrer \u00e0 la maison apr\u00e8s avoir err\u00e9 longtemps sur des terres \u00e9trang\u00e8res. Celui qui pratique zazen devient intime avec lui-m\u00eame, intime avec les autres pratiquants, intime avec tout l&rsquo;Univers. Intime, c&rsquo;est-\u00e0-dire sans s\u00e9paration, sans opposition ; intime, c&rsquo;est-\u00e0-dire comme \u00ab l&rsquo;eau et le poisson, le ciel et l&rsquo;oiseau \u00bb ; intime, c&rsquo;est comme une m\u00e8re avec son enfant.<\/span><\/span><\/span><\/p>\n<p class=\"western\" align=\"justify\"><span style=\"color: #000000;\"><span style=\"font-size: medium;\"><span lang=\"fr-CA\">Parfois, quand on dit que le zen se confond avec le zazen, certains sont d\u00e9\u00e7us. Ils disent, c&rsquo;est seulement \u00e7a ? Oui. C&rsquo;est comme un voleur entrant dans une pi\u00e8ce vide. Il n&rsquo;y a rien \u00e0 voler. Le r\u00e9aliser est une v\u00e9ritable r\u00e9volution int\u00e9rieure. On peut abandonner cet esprit de profit qui nous pousse \u00e0 courir sans cesse d&rsquo;un objet \u00e0 l&rsquo;autre. Le zazen n&rsquo;est pas une forme d&rsquo;asc\u00e9tisme. Mais il faut se demander finalement : quel est le vrai bonheur de notre vie ? Est-ce courir sans tr\u00eave ni r\u00e9pit apr\u00e8s les richesses, le succ\u00e8s, les honneurs, le plaisir, le satori ? Bien s\u00fbr, \u00eatre priv\u00e9 de ce qu&rsquo;on aime, devoir supporter ce qu&rsquo;on d\u00e9teste est cause de souffrance. Mais il suffit de s&rsquo;observer un peu soi-m\u00eame et d&rsquo;observer les autres autour de soi pour se rendre compte que, m\u00eame au cas o\u00f9 l&rsquo;on obtient une chose, on en veut bient\u00f4t une autre, comme si le v\u00e9ritable objet de notre d\u00e9sir, la vraie satisfaction, nous \u00e9chappait sans cesse. Pratiquer zazen, c&rsquo;est arr\u00eater ce mouvement, stopper cette course folle, r\u00e9aliser le demi-tour qui tourne notre regard vers l&rsquo;int\u00e9rieur. Apprendre \u00e0 se conna\u00eetre soi-m\u00eame : conna\u00eetre son propre corps et l&rsquo;habiter pleinement. Ne pas l&rsquo;utiliser comme un objet ou une machine.<\/span><\/span><\/span><\/p>\n<p class=\"western\" align=\"justify\"><span style=\"color: #000000;\"><span style=\"font-size: medium;\"><span lang=\"fr-CA\">En zazen, on r\u00e9alise que le corps et l&rsquo;esprit sont unit\u00e9. Les mouvements de notre esprit, nos \u00e9motions et nos actions pass\u00e9es laissent une trace dans nos muscles. Le destin ne se refl\u00e8te pas seulement sur le visage, mais aussi dans la posture du dos, de la nuque et de la t\u00eate. Tous les conflits psychologiques et les tensions s&rsquo;impriment dans les muscles et les tendons et cr\u00e9ent toutes sortes de tensions dans le corps. Ces tensions cr\u00e9ent de la fatigue, brisent l&rsquo;\u00e9lan vital et absorbent l&rsquo;\u00e9nergie de l&rsquo;\u00eatre humain. Nombreux sont ceux qui se r\u00e9veillent fatigu\u00e9s d\u00e8s le matin, car m\u00eame pendant leur sommeil ils n&rsquo;ont pu se d\u00e9tendre. Pratiquer zazen, c&rsquo;est prendre conscience de ces tensions et les rel\u00e2cher. Cela revient \u00e0 repasser une \u00e9toffe chiffonn\u00e9e.<\/span><\/span><\/span><\/p>\n<p class=\"western\" align=\"justify\"><span style=\"color: #000000;\"><span style=\"font-size: medium;\"><span lang=\"fr-CA\">Zazen permet de retrouver la condition normale du corps et de l&rsquo;esprit, \u00e0 travers une posture forte et \u00e9quilibr\u00e9e et une respiration profonde o\u00f9 les poumons se vident compl\u00e8tement. La plupart des gens ne savent pas expirer. Ce verbe connote la mort. Quand on est tr\u00e8s attach\u00e9 \u00e0 la vie et qu&rsquo;on a peur de mourir, on reste poumons pleins, comme accroch\u00e9 \u00e0 une bou\u00e9e de peur de couler. Mais cette attitude conduit \u00e0 une v\u00e9ritable auto-asphyxie.<\/span><\/span><\/span><\/p>\n<p class=\"western\" align=\"justify\"><span style=\"color: #000000;\"><span style=\"font-size: medium;\"><span lang=\"fr-CA\">Pour pouvoir inspirer pleinement, il faut commencer par vider ses poumons jusqu&rsquo;au fond, sans y laisser stagner le gaz carbonique qui empoisonne le sang et cr\u00e9e de la fatigue. La respiration du zazen redonne une grande \u00e9nergie qui se concentre dans le bas ventre, le centre vital du corps, tandis que les centres sup\u00e9rieurs de l&rsquo;intellect et des \u00e9motions se calment.<\/span><\/span><\/span><\/p>\n<p class=\"western\" align=\"justify\"><span style=\"color: #000000;\"><span style=\"font-size: medium;\"><span lang=\"fr-CA\">Les \u00e9tudes neurophysiologiques faites sur les pratiquants ont montr\u00e9 pendant zazen que le cerveau intellectuel et analytique, le cerveau de la volont\u00e9 consciente (cerveau frontal et cerveau gauche), se calment, et que, par contre, le cerveau droit et le cerveau profond, si\u00e8ges de l&rsquo;intuition et de la r\u00e9gulation du syst\u00e8me nerveux autonome, sont activ\u00e9s.<\/span><\/span><\/span><\/p>\n<p class=\"western\" align=\"justify\"><span style=\"color: #000000;\"><span style=\"font-size: medium;\"><span lang=\"fr-CA\">Si un choc se produit, le cerveau revient tr\u00e8s vite \u00e0 son rythme propre au zazen (alpha lent), ce qui montre que l&rsquo;effet du stress est tout \u00e0 fait r\u00e9duit.<\/span><\/span><\/span><\/p>\n<p class=\"western\" align=\"justify\"><span style=\"color: #000000;\"><span style=\"font-size: medium;\"><span lang=\"fr-CA\">Ces \u00e9tudes confirment ce que les pratiquants de zazen savent par leur propre exp\u00e9rience. Le zazen r\u00e9\u00e9quilibre le corps et l&rsquo;esprit. Il fait place \u00e0 un fonctionnement bien oubli\u00e9 \u00e0 l&rsquo;heure actuelle : la pens\u00e9e par le corps tout entier, la pens\u00e9e inconsciente. Cette expression para\u00eet paradoxale. La pens\u00e9e inconsciente est l&rsquo;art essentiel du zazen : c&rsquo;est la conscience hishiryo. Ma\u00eetre Yakusan faisait zazen quand un disciple lui demanda : \u00ab Ma\u00eetre, \u00e0 quoi pensez-vous assis aussi fermement qu&rsquo;un roc ? \u00bb Yakusan r\u00e9pondit : \u00ab Je pense du tr\u00e9fonds de la non-pens\u00e9e. \u00bb Le disciple demanda : \u00ab\u00a0Comment faites-vous ? \u00bb Yakusan r\u00e9pondit : Hishiryo\u00a0\u00bb.<\/span><\/span><\/span><\/p>\n<p class=\"western\" align=\"justify\"><span style=\"color: #000000;\"><span style=\"font-size: medium;\"><span lang=\"fr-CA\">Hishiryo signifie au-del\u00e0 de la pens\u00e9e consciente. C&rsquo;est une attitude attentive de l&rsquo;esprit non orient\u00e9e par un but, ne poursuivant aucune pens\u00e9e, ne s&rsquo;attachant pas non plus \u00e0 la non-pens\u00e9e. C&rsquo;est un \u00e9tat de grande vigilance, o\u00f9 l&rsquo;on peut s&rsquo;observer soi-m\u00eame profond\u00e9ment. Mais ce n&rsquo;est pas seulement observer son ego. L&rsquo;ego, le moi dans le Zen, doit \u00eatre d\u00e9pass\u00e9. Il est constitu\u00e9 par l&rsquo;accumulation de notre karma, c&rsquo;est-\u00e0-dire l&rsquo;accumulation de nos pens\u00e9es, paroles et actions pass\u00e9es. Il n&rsquo;est autre qu&rsquo;une fausse identification \u00e0 ces images que nous nous sommes faites de nous-m\u00eame et que nous envoient les autres. Vivre seulement au niveau de son ego, c&rsquo;est \u00eatre prisonnier de ces images. S&rsquo;identifier \u00e0 ce que nous ne sommes pas mais que nous croyons ou d\u00e9sirons \u00eatre, est cause de souffrance pour soi et pour les autres. C&rsquo;est l&rsquo;illusion, l&rsquo;\u00e9tat d&rsquo;ignorance, que l&rsquo;on appelle mu myo dans le Zen. C&rsquo;est la source de l&rsquo;\u00e9go\u00efsme qui nous emprisonne. En zazen, on peut r\u00e9aliser que si ces images dans le miroir sont une partie de nous-m\u00eame, nous ne sommes pas ces images. Le sujet qui fait zazen se situe dans une dimension bien au-del\u00e0 du petit ego limit\u00e9. Zazen n&rsquo;est pas seulement \u00e9tudier cet ego, c&rsquo;est l&rsquo;abandonner, abandonner les images qui passent devant le miroir et \u00eatre en unit\u00e9 avec le cosmos, suivre l&rsquo;ordre cosmique.<\/span><\/span><\/span><\/p>\n<p class=\"western\" align=\"justify\"><span style=\"color: #000000;\"><span style=\"font-size: medium;\"><span lang=\"fr-CA\">Cette exp\u00e9rience, source de vraie libert\u00e9, revient \u00e0 couper la racine, r\u00e9aliser que notre ego comme l&rsquo;univers entier sont sans substance propre. Sans substance, veut dire interd\u00e9pendant. La perception de cette interd\u00e9pendance cr\u00e9e un sentiment de solidarit\u00e9 compl\u00e8te avec tous les \u00eatres.<\/span><\/span><\/span><\/p>\n<p class=\"western\" align=\"justify\"><span style=\"color: #000000;\"><span style=\"font-size: medium;\"><span lang=\"fr-CA\">L&rsquo;\u00eatre humain n&rsquo;est pas seulement inscrit dans le karma du langage et de la culture, il est aussi en unit\u00e9 avec la grande nature. Chacune des sciences humaines ou physiques observe l&rsquo;homme sous un angle particulier. Mais la somme de toutes ces visions ne reconstituera jamais un homme vivant, car la vie d&rsquo;un \u00eatre humain est finalement au-del\u00e0 de toutes les analyses possibles, cet au-del\u00e0 c&rsquo;est la vie, et c&rsquo;est le Zen.<\/span><\/span><\/span><\/p>\n<p class=\"western\" align=\"justify\"><span style=\"color: #000000;\"><span style=\"font-size: medium;\"><span lang=\"fr-CA\">Rimbaud voulait changer la vie. D&rsquo;autres aussi. Mais comment faire ? Dans quelle direction aller ? Qu&rsquo;on le veuille ou non, de toute fa\u00e7on la vie est changement incessant = c&rsquo;est mujo, l&rsquo;impermanence.<\/span><\/span><\/span><\/p>\n<p class=\"western\" align=\"justify\"><span style=\"color: #000000;\"><span style=\"font-size: medium;\"><span lang=\"fr-CA\">Pour beaucoup cela est cause de souffrance car on ne peut rien garder d\u00e9finitivement. Vie et mort se succ\u00e8dent. Comment r\u00e9soudre ce probl\u00e8me ? Le Zen n&rsquo;est pas une id\u00e9ologie. Il ne propose pas de r\u00e9ponses, de dogmes. Il est une voie, un cheminement o\u00f9 l&rsquo;on se concentre d&rsquo;instant en instant sur chaque action. Dans l&rsquo;instant concentr\u00e9 sur la posture de zazen, mais aussi sur chaque acte de la vie quotidienne toute opposition dispara\u00eet : chaque chose existe absolument telle qu&rsquo;elle est. Si on se concentre sur chaque instant la vie devient r\u00e9elle et pleine. Si on abandonne tout attachement au pass\u00e9 et au futur, on peut se mouvoir librement. Mais \u00ab bien qu&rsquo;il en soit ainsi les fleurs tombent m\u00eame si on les aime et les regrette, et la mauvaise herbe pousse m\u00eame si on la d\u00e9teste \u00bb. Cette expression de Ma\u00eetre Dogen ne signifie pas seulement qu&rsquo;il est inutile de s&rsquo;attacher au satori ou de vouloir couper ses illusions. Car finalement nos sentiments d&rsquo;amour et de haine sont aussi la voie du Bouddha. Embrassant toutes les oppositions, la pratique de zazen fonde une v\u00e9ritable compassion, bien plus importante que toute pens\u00e9e au sujet du bouddhisme ou du Zen.<\/span><\/span><\/span><\/p>\n<p class=\"western\" align=\"justify\"><span style=\"color: #000000;\"><span style=\"font-size: medium;\"><span lang=\"fr-CA\">Un jour, deux moines voyageaient en bateau. Une forte temp\u00eate fit chavirer le navire. Le plus jeune des moines put s&rsquo;agripper \u00e0 une planche tandis que son a\u00een\u00e9 \u00e9tait sur le point de se noyer. Avant de couler, celui-ci dit au plus jeune : \u00ab As-tu compris l&rsquo;essence du Zen ? \u00bb Le jeune moine sans mot dire lui lan\u00e7a sa planche. Il avait vraiment r\u00e9alis\u00e9 inconsciemment l&rsquo;esprit mushotoku, le non-\u00e9go\u00efsme, l&rsquo;essence du Zen. Le conte dit que le dieu de la mer, impressionn\u00e9, suscita une grande vague qui ramena les deux moines sur le rivage.<\/span><\/span><\/span><\/p>\n<p class=\"western\" align=\"justify\"><span style=\"color: #000000;\"><span style=\"font-size: medium;\"><span lang=\"fr-CA\">La pratique du Zen remonte au Bouddha Shakyamuni. Prince d&rsquo;un royaume du sud de l&rsquo;Inde, il v\u00e9cut il y a environ 2 500 ans. Il avait pass\u00e9 toute son enfance comme un r\u00eave : ses parents l&rsquo;avaient enferm\u00e9 dans un ch\u00e2teau o\u00f9 tous les plaisirs lui \u00e9taient procur\u00e9s et les souffrances \u00e9vit\u00e9es. Ils lui avaient organis\u00e9 cette prison dor\u00e9e de peur que confront\u00e9 \u00e0 la souffrance, \u00e0 la maladie, \u00e0 la vieillesse et \u00e0 la mort, il ne d\u00e9cide de renoncer au monde et de devenir moine. Pourtant, c&rsquo;est ce qu&rsquo;il fit apr\u00e8s \u00eatre sorti pour la premi\u00e8re fois de son ch\u00e2teau et avoir rencontr\u00e9 ces r\u00e9alit\u00e9s de l&rsquo;existence humaine qu&rsquo;il avait ignor\u00e9es jusqu&rsquo;alors. Il d\u00e9cida de rechercher la voie et de tenter de r\u00e9soudre le probl\u00e8me de la vie et de la mort, pas seulement pour lui-m\u00eame, mais pour tous les \u00eatres sensibles. Les exercices de yoga entour\u00e9s des pratiques asc\u00e9tiques indiennes de l&rsquo;\u00e9poque le conduisirent seulement au bord de la mort et du d\u00e9sespoir, et c&rsquo;est finalement assis en zazen sous l&rsquo;arbre de la Bodhi qu&rsquo;il put r\u00e9aliser l&rsquo;\u00e9veil. C&rsquo;est \u00e0 partir de cette exp\u00e9rience de l&rsquo;\u00e9veil r\u00e9alis\u00e9 dans la posture de zazen qu&rsquo;il enseigna pendant pr\u00e8s de cinquante ans. Tous les nombreux sutras du bouddhisme sont seulement issu de cette source unique : zazen. Beaucoup l&rsquo;ont oubli\u00e9.<\/span><\/span><\/span><\/p>\n<p class=\"western\" align=\"justify\"><span style=\"color: #000000;\"><span style=\"font-size: medium;\"><span lang=\"fr-CA\">Le zen est un retour \u00e0 cette source. On peut dire que le Zen, zazen, est le bouddhisme avant le bouddhisme : l&rsquo;exp\u00e9rience de l&rsquo;\u00e9veil avant qu&rsquo;elle se transforme en dogme, en \u00ab isme \u00bb. C&rsquo;est l&rsquo;exp\u00e9rience vivante du v\u00e9ritable esprit religieux avant toute formalisation dans le cadre des religions institutionnalis\u00e9es.<\/span><\/span><\/span><\/p>\n<p class=\"western\" align=\"justify\"><span style=\"color: #000000;\"><span style=\"font-size: medium;\"><span lang=\"fr-CA\">Ce point de vue est une v\u00e9ritable r\u00e9volution int\u00e9rieure qui permet de vivre \u00ab autrement \u00bb. Autrement, c&rsquo;est l&rsquo;esprit du Zen, mushotoku, sans objet, sans recherche de profit. Si l&rsquo;on ne recherche rien, on peut tout obtenir. Ma\u00eetre Deshimaru disait toujours que si on garde le poing ferm\u00e9 on ne peut rien obtenir, tandis que si l&rsquo;on ouvre la main, on peut tout recevoir.<\/span><\/span><\/span><\/p>\n<p class=\"western\" align=\"justify\"><span style=\"color: #000000;\"><span style=\"font-size: medium;\"><span lang=\"fr-CA\">Le Zen n&rsquo;est pas une mystique. Il n&rsquo;a rien de myst\u00e9rieux ou de cach\u00e9. Tout se r\u00e9v\u00e8le dans la pratique quotidienne. Il ne recommande pas de se retirer du monde, mais au contraire de pratiquer avec les autres et d&rsquo;\u00eatre actif dans le monde de travail. \u00c0 l&rsquo;heure o\u00f9 les Occidentaux s&rsquo;interrogent sur le succ\u00e8s \u00e9conomique japonais il est important de rappeler que l&rsquo;esprit du Zen impr\u00e8gne profond\u00e9ment cette soci\u00e9t\u00e9, son syst\u00e8me de valeurs et son syst\u00e8me \u00e9ducatif.<\/span><\/span><\/span><\/p>\n<p class=\"western\" align=\"justify\"><span style=\"color: #000000;\"><span style=\"font-size: medium;\"><span lang=\"fr-CA\">En Occident, on s&rsquo;imagine souvent que l&rsquo;int\u00e9r\u00eat g\u00e9n\u00e9ral r\u00e9sulte d&rsquo;une combinaison des \u00e9go\u00efsmes individuels. Le lib\u00e9ralisme repose sur ce principe. Certes l&rsquo;\u00e9go\u00efsme est temp\u00e9r\u00e9 par les lois qui visent \u00e0 en limiter les exc\u00e8s, mais l&rsquo;\u00e9go\u00efsme en soi est consid\u00e9r\u00e9 comme une valeur positive. Or il est facile de d\u00e9montrer que c&rsquo;est l\u00e0 une erreur fondamentale non seulement pour l&rsquo;individu qui ne peut r\u00e9aliser le vrai bonheur et la vraie libert\u00e9 tant qu&rsquo;il est attach\u00e9 \u00e0 son ego, mais aussi pour les organisations \u00e9conomiques. Par exemple dans une entreprise, un directeur qui est concentr\u00e9 avant tout sur sa carri\u00e8re voudra obtenir des r\u00e9sultats rapides et sacrifiera la recherche et les investissements \u00e0 long terme. Une fois promus, ses successeurs s&rsquo;apercevront que l&rsquo;avenir a \u00e9t\u00e9 compromis et qu&rsquo;il est trop tard pour redresser la situation. R\u00e9sultat : fermeture d&rsquo;usine et ch\u00f4mage. Ce n&rsquo;est qu&rsquo;un petit exemple.<\/span><\/span><\/span><\/p>\n<p class=\"western\" align=\"justify\"><span style=\"color: #000000;\"><span style=\"font-size: medium;\"><span lang=\"fr-CA\">On conna\u00eet aussi ces \u00ab jeunes lions \u00bb appr\u00e9ci\u00e9s pour leurs exhibitions que l&rsquo;on croyait conformes \u00e0 l&rsquo;int\u00e9r\u00eat de la soci\u00e9t\u00e9. Leur \u00e9gocentrisme morbide a t\u00f4t fait de d\u00e9mobiliser une \u00e9quipe de collaborateurs et de d\u00e9motiver tous ceux qui ne veulent pas travailler pour le succ\u00e8s d&rsquo;une personne concentr\u00e9e seulement sur elle-m\u00eame.<\/span><\/span><\/span><\/p>\n<p class=\"western\" align=\"justify\"><span style=\"color: #000000;\"><span style=\"font-size: medium;\"><span lang=\"fr-CA\">L&rsquo;esprit du Zen qui influence la vie \u00e9conomique japonaise privil\u00e9gie l&rsquo;inverse : l&rsquo;amour du travail pour le travail bien fait, la concentration sur la t\u00e2che \u00e0 accomplir au mieux, le r\u00e9sultat \u00e9tant donn\u00e9 de surcro\u00eet, sans \u00eatre fi\u00e9vreusement recherch\u00e9.<\/span><\/span><\/span><\/p>\n<p class=\"western\" align=\"justify\"><span style=\"color: #000000;\"><span style=\"font-size: medium;\"><span lang=\"fr-CA\">C&rsquo;est l&rsquo;esprit d&rsquo;abn\u00e9gation, abandonner son \u00e9go\u00efsme pour la t\u00e2che collective que s&rsquo;est assign\u00e9e le groupe humain o\u00f9 chacun au lieu de tirer la couverture \u00e0 soi contribue avec joie \u00e0 la r\u00e9ussite collective. Cet esprit impr\u00e8gne profond\u00e9ment une institution que l&rsquo;on voit maintenant appara\u00eetre en Occident : les cercles de qualit\u00e9, o\u00f9 \u00e0 travers une concertation hors syst\u00e8me hi\u00e9rarchique pour l&rsquo;am\u00e9lioration de la qualit\u00e9 des produits, c&rsquo;est la qualit\u00e9 de la vie elle-m\u00eame qui en b\u00e9n\u00e9ficie. Ceci implique un esprit \u00e9veill\u00e9 \u00e0 la r\u00e9alit\u00e9 de mujo, l&rsquo;impermanence et l&rsquo;interd\u00e9pendance de toutes choses. S&rsquo;\u00e9veiller \u00e0 cet esprit c&rsquo;est \u00e9viter de s&rsquo;enfermer dans des illusions scl\u00e9rosantes et parfois mortelles. C&rsquo;est d\u00e9velopper un esprit de cr\u00e9ativit\u00e9 et d&rsquo;adaptation tr\u00e8s rapide. La pratique de zazen d\u00e9veloppe l&rsquo;intuition et le courage, la non-peur. C&rsquo;est pourquoi, elle fut adopt\u00e9e avec enthousiasme par les samoura\u00efs.<\/span><\/span><\/span><\/p>\n<p class=\"western\" align=\"justify\"><span style=\"color: #000000;\"><span style=\"font-size: medium;\"><span lang=\"fr-CA\">La soci\u00e9t\u00e9 actuelle ne pourra progresser que si un nombre croissant d&rsquo;individus r\u00e9alisent ces vertus qui ne sont pas r\u00e9serv\u00e9es \u00e0 une \u00e9lite chevaleresque. Rappellons que samoura\u00ef vient d&rsquo;un mot qui veut dire \u00ab savoir \u00bb et qu&rsquo;on trouve le m\u00eame esprit dans une pratique essentielle du Zen : le samu, travail manuel effectu\u00e9 comme un service rendu \u00e0 la collectivit\u00e9. C&rsquo;est ce travail que les moines effectuent dans les dojos et les temples Zen. Si l&rsquo;esprit de samu pouvait p\u00e9n\u00e9trer notre soci\u00e9t\u00e9 et en faire une soci\u00e9t\u00e9 de service, on voit bien quel progr\u00e8s la vie sociale en retirerait. Quoi qu&rsquo;il en soit, l&rsquo;homme ne pourra surmonter les difficult\u00e9s \u00e9conomiques actuelles qu&rsquo;en r\u00e9volutionnant sa fa\u00e7on de penser et d&rsquo;agir, dans le sens d&rsquo;une r\u00e9duction de l&rsquo;\u00e9go\u00efsme et d&rsquo;un d\u00e9veloppement de l&rsquo;esprit de solidarit\u00e9, que ce soit dans les petits groupes, les nations, ou \u00e0 l&rsquo;\u00e9chelle internationale.<\/span><\/span><\/span><\/p>\n<p class=\"western\" align=\"justify\"><span style=\"color: #000000;\"><span style=\"font-size: medium;\"><span lang=\"fr-CA\">La pratique du samu constitue aussi une revalorisation du travail manuel et de la dignit\u00e9 de ceux qui l&rsquo;effectuent. Dans le Zen, il n&rsquo;y a pas d&rsquo;opposition entre noble et vulgaire. La vie quotidienne est la vraie Voie de Bouddha.<\/span><\/span><\/span><\/p>\n<p class=\"western\" align=\"justify\"><span style=\"color: #000000;\"><span style=\"font-size: medium;\"><span lang=\"fr-CA\">Le Zen n&rsquo;est pas un moralisme. Mais il n&rsquo;est ni immoral ni amoral. La pratique de zazen permet de retrouver en soi la source des vrais pr\u00e9ceptes. Dans un monde o\u00f9 la foi religieuse a d\u00e9clin\u00e9, les hommes ne savent plus sur quoi s&rsquo;appuyer. Ils ont perdu la caution de l&rsquo;absolu r\u00e9v\u00e9l\u00e9. Nietzsche avait annonc\u00e9 cette crise de nihilisme avec la \u00ab mort de Dieu \u00bb. La pratique de zazen nous r\u00e9v\u00e8le que ce qui est mort, c&rsquo;est seulement une certaine id\u00e9e de Dieu qu&rsquo;il ne faut pas confondre avec la r\u00e9alit\u00e9 de la nature de Dieu ou de Bouddha en l&rsquo;homme et dans tout le cosmos. A travers la pratique de zazen, les valeurs qui donnent un sens \u00e0 la vie humaine se retrouvent fond\u00e9es par l&rsquo;exp\u00e9rience du corps et de l&rsquo;esprit.<\/span><\/span><\/span><\/p>\n<p class=\"western\" align=\"justify\"><span style=\"color: #000000;\"><span style=\"font-size: medium;\"><span lang=\"fr-CA\">Par exemple ne pas tuer, ne signifie pas seulement ne pas retirer la vie \u00e0 qui que ce soit, mais c&rsquo;est aussi continuer la vie de Bouddha, de Dieu ; ne pas tuer Bouddha ou Dieu, continuer \u00e0 l&rsquo;actualiser en pratiquant zazen. Ainsi la nature profonde de l&rsquo;\u00eatre humain se trouve r\u00e9alis\u00e9e.<\/span><\/span><\/span><\/p>\n<p class=\"western\" align=\"justify\"><span style=\"color: #000000;\"><span style=\"font-size: medium;\"><span lang=\"fr-CA\">Ne pas voler, c&rsquo;est aussi ne pas prendre ce qui ne vous appartient pas en propre. Mais qu&rsquo;est-ce qui vous appartient en propre ? Nous arrivons sur cette terre et ne pouvons rien emporter dans notre tombe. Entre ces deux trous par o\u00f9 passe toute vie humaine, on perd souvent son temps \u00e0 accumuler des objets, mat\u00e9riels ou autres comme pour inlassablement combler un vide insondable. Le Zen renverse cette attitude&#8230; Pendant zazen, l&rsquo;esprit et les objets sont un. Il n&rsquo;y a rien \u00e0 suivre, rien \u00e0 voler, rien \u00e0 rejeter non plus. Aussi la porte du satori est-elle largement ouverte pour celui qui fait zazen. Ne pas convoiter, avoir peu de d\u00e9sirs. On a vu que le v\u00e9ritable objet du d\u00e9sir \u00e9chappe sans cesse. En zazen, les d\u00e9sirs diminuent car le v\u00e9ritable d\u00e9sir, le plus haut d\u00e9sir spirituel se r\u00e9alise : trouver la vraie paix int\u00e9rieure et l&rsquo;unit\u00e9 avec tout le cosmos, Dieu ou Bouddha. La perception de notre solidarit\u00e9 avec l&rsquo;univers est le v\u00e9ritable fondement spirituel d&rsquo;une v\u00e9ritable \u00e9cologie.<\/span><\/span><\/span><\/p>\n<p class=\"western\" align=\"justify\"><span style=\"color: #000000;\"><span style=\"font-size: medium;\"><span lang=\"fr-CA\">La pratique de zazen r\u00e9duit l&rsquo;\u00e9tat de frustration et d&rsquo;agressivit\u00e9 cause de la violence croissante dans le monde actuel. L&rsquo;esprit de compassion augmente. Le bodhisattva, pratiquant zazen, comprend la souffrance de tous les \u00eatres sensibles et il aide \u00e0 la r\u00e9soudre. Mais le Zen n&rsquo;est pas une simple th\u00e9rapie, car la souffrance humaine n&rsquo;est pas un trop ou trop peu de quelque chose \u00e0 retirer ou ajouter.<\/span><\/span><\/span><\/p>\n<p class=\"western\" align=\"justify\"><span style=\"color: #000000;\"><span style=\"font-size: medium;\"><span lang=\"fr-CA\">Ce dont il s&rsquo;agit, c&rsquo;est d&rsquo;une v\u00e9ritable r\u00e9volution int\u00e9rieure, de la pratique d&rsquo;une voie o\u00f9 la pratique elle-m\u00eame constitue le sens de la vie, car \u00e0 travers elle s&rsquo;actualise la plus haute dimension de l&rsquo;existence humaine.<\/span><\/span><\/span><\/p>\n<p class=\"western\" align=\"justify\"><span style=\"color: #000000;\"><span style=\"font-size: medium;\"><span lang=\"fr-CA\">(<\/span><\/span><\/span><em><span style=\"color: #000000;\"><span style=\"font-size: medium;\"><span lang=\"fr-CA\">L&rsquo;orient Int\u00e9rieur<\/span><\/span><\/span><\/em><span style=\"color: #000000;\"><span style=\"font-size: medium;\"><span lang=\"fr-CA\">. Collectif. Autrement 1985)<\/span><\/span><\/span><\/p>\n","protected":false},"excerpt":{"rendered":"<p>Si vous d\u00e9sirez vraiment r\u00e9aliser ce qu&rsquo;est le zen, ne vous contentez pas de lire cet article. Prenez plut\u00f4t un coussin de 20 \u00e0 30 cm d&rsquo;\u00e9paisseur, placez-le \u00e0 un m\u00e8tre du mur de votre chambre et asseyez-vous dessus en vous tournant face au mur. Croisez les jambes devant vous de fa\u00e7on que vos genoux [&hellip;]<\/p>\n","protected":false},"author":2,"featured_media":17052,"comment_status":"closed","ping_status":"closed","sticky":false,"template":"","format":"standard","meta":{"footnotes":""},"categories":[1476,785],"tags":[1163],"class_list":["post-17998","post","type-post","status-publish","format-standard","has-post-thumbnail","hentry","category-rech-roland","category-traditions","tag-zazen"],"yoast_head":"<!-- This site is optimized with the Yoast SEO plugin v27.0 - https:\/\/yoast.com\/product\/yoast-seo-wordpress\/ -->\n<title>Zen et vie quotidienne par Roland Rech - 3e mill\u00e9naire - Spiritualit\u00e9 - Connaissance de soi - Non-dualit\u00e9 - M\u00e9ditation<\/title>\n<meta name=\"robots\" content=\"index, follow, max-snippet:-1, max-image-preview:large, max-video-preview:-1\" \/>\n<link rel=\"canonical\" href=\"https:\/\/www.revue3emillenaire.com\/blog\/zen-et-vie-quotidienne-par-roland-rech\/\" \/>\n<meta property=\"og:locale\" content=\"fr_FR\" \/>\n<meta property=\"og:type\" content=\"article\" \/>\n<meta property=\"og:title\" content=\"Zen et vie quotidienne par Roland Rech - 3e mill\u00e9naire - Spiritualit\u00e9 - Connaissance de soi - Non-dualit\u00e9 - M\u00e9ditation\" \/>\n<meta property=\"og:description\" content=\"Si vous d\u00e9sirez vraiment r\u00e9aliser ce qu&rsquo;est le zen, ne vous contentez pas de lire cet article. Prenez plut\u00f4t un coussin de 20 \u00e0 30 cm d&rsquo;\u00e9paisseur, placez-le \u00e0 un m\u00e8tre du mur de votre chambre et asseyez-vous dessus en vous tournant face au mur. Croisez les jambes devant vous de fa\u00e7on que vos genoux [&hellip;]\" \/>\n<meta property=\"og:url\" content=\"https:\/\/www.revue3emillenaire.com\/blog\/zen-et-vie-quotidienne-par-roland-rech\/\" \/>\n<meta property=\"og:site_name\" content=\"3e mill\u00e9naire - Spiritualit\u00e9 - Connaissance de soi - Non-dualit\u00e9 - M\u00e9ditation\" \/>\n<meta property=\"article:published_time\" content=\"2019-04-25T00:07:33+00:00\" \/>\n<meta property=\"og:image\" content=\"https:\/\/www.revue3emillenaire.com\/blog\/wp-content\/uploads\/2015\/09\/rolandrech.jpg\" \/>\n\t<meta property=\"og:image:width\" content=\"198\" \/>\n\t<meta property=\"og:image:height\" content=\"240\" \/>\n\t<meta property=\"og:image:type\" content=\"image\/jpeg\" \/>\n<meta name=\"author\" content=\"3e mill\u00e9naire\" \/>\n<meta name=\"twitter:card\" content=\"summary_large_image\" \/>\n<meta name=\"twitter:label1\" content=\"\u00c9crit par\" \/>\n\t<meta name=\"twitter:data1\" content=\"3e mill\u00e9naire\" \/>\n\t<meta name=\"twitter:label2\" content=\"Dur\u00e9e de lecture estim\u00e9e\" \/>\n\t<meta name=\"twitter:data2\" content=\"17 minutes\" \/>\n<script type=\"application\/ld+json\" class=\"yoast-schema-graph\">{\"@context\":\"https:\/\/schema.org\",\"@graph\":[{\"@type\":\"Article\",\"@id\":\"https:\/\/www.revue3emillenaire.com\/blog\/zen-et-vie-quotidienne-par-roland-rech\/#article\",\"isPartOf\":{\"@id\":\"https:\/\/www.revue3emillenaire.com\/blog\/zen-et-vie-quotidienne-par-roland-rech\/\"},\"author\":{\"name\":\"3e mill\u00e9naire\",\"@id\":\"https:\/\/www.revue3emillenaire.com\/blog\/#\/schema\/person\/b692dacff720a5344a6190bc714397eb\"},\"headline\":\"Zen et vie quotidienne par Roland Rech\",\"datePublished\":\"2019-04-25T00:07:33+00:00\",\"mainEntityOfPage\":{\"@id\":\"https:\/\/www.revue3emillenaire.com\/blog\/zen-et-vie-quotidienne-par-roland-rech\/\"},\"wordCount\":3433,\"image\":{\"@id\":\"https:\/\/www.revue3emillenaire.com\/blog\/zen-et-vie-quotidienne-par-roland-rech\/#primaryimage\"},\"thumbnailUrl\":\"https:\/\/www.revue3emillenaire.com\/blog\/wp-content\/uploads\/2015\/09\/rolandrech.jpg\",\"keywords\":[\"Zazen\"],\"articleSection\":[\"Rech Roland\",\"Traditions\"],\"inLanguage\":\"fr-FR\"},{\"@type\":\"WebPage\",\"@id\":\"https:\/\/www.revue3emillenaire.com\/blog\/zen-et-vie-quotidienne-par-roland-rech\/\",\"url\":\"https:\/\/www.revue3emillenaire.com\/blog\/zen-et-vie-quotidienne-par-roland-rech\/\",\"name\":\"Zen et vie quotidienne par Roland Rech - 3e mill\u00e9naire - Spiritualit\u00e9 - Connaissance de soi - Non-dualit\u00e9 - M\u00e9ditation\",\"isPartOf\":{\"@id\":\"https:\/\/www.revue3emillenaire.com\/blog\/#website\"},\"primaryImageOfPage\":{\"@id\":\"https:\/\/www.revue3emillenaire.com\/blog\/zen-et-vie-quotidienne-par-roland-rech\/#primaryimage\"},\"image\":{\"@id\":\"https:\/\/www.revue3emillenaire.com\/blog\/zen-et-vie-quotidienne-par-roland-rech\/#primaryimage\"},\"thumbnailUrl\":\"https:\/\/www.revue3emillenaire.com\/blog\/wp-content\/uploads\/2015\/09\/rolandrech.jpg\",\"datePublished\":\"2019-04-25T00:07:33+00:00\",\"author\":{\"@id\":\"https:\/\/www.revue3emillenaire.com\/blog\/#\/schema\/person\/b692dacff720a5344a6190bc714397eb\"},\"breadcrumb\":{\"@id\":\"https:\/\/www.revue3emillenaire.com\/blog\/zen-et-vie-quotidienne-par-roland-rech\/#breadcrumb\"},\"inLanguage\":\"fr-FR\",\"potentialAction\":[{\"@type\":\"ReadAction\",\"target\":[\"https:\/\/www.revue3emillenaire.com\/blog\/zen-et-vie-quotidienne-par-roland-rech\/\"]}]},{\"@type\":\"ImageObject\",\"inLanguage\":\"fr-FR\",\"@id\":\"https:\/\/www.revue3emillenaire.com\/blog\/zen-et-vie-quotidienne-par-roland-rech\/#primaryimage\",\"url\":\"https:\/\/www.revue3emillenaire.com\/blog\/wp-content\/uploads\/2015\/09\/rolandrech.jpg\",\"contentUrl\":\"https:\/\/www.revue3emillenaire.com\/blog\/wp-content\/uploads\/2015\/09\/rolandrech.jpg\",\"width\":198,\"height\":240},{\"@type\":\"BreadcrumbList\",\"@id\":\"https:\/\/www.revue3emillenaire.com\/blog\/zen-et-vie-quotidienne-par-roland-rech\/#breadcrumb\",\"itemListElement\":[{\"@type\":\"ListItem\",\"position\":1,\"name\":\"Accueil\",\"item\":\"https:\/\/www.revue3emillenaire.com\/blog\/\"},{\"@type\":\"ListItem\",\"position\":2,\"name\":\"Zen et vie quotidienne par Roland Rech\"}]},{\"@type\":\"WebSite\",\"@id\":\"https:\/\/www.revue3emillenaire.com\/blog\/#website\",\"url\":\"https:\/\/www.revue3emillenaire.com\/blog\/\",\"name\":\"3e mill\u00e9naire - Spiritualit\u00e9 - Connaissance de soi - Non-dualit\u00e9 - M\u00e9ditation\",\"description\":\"L&#039;Homme en devenir\",\"potentialAction\":[{\"@type\":\"SearchAction\",\"target\":{\"@type\":\"EntryPoint\",\"urlTemplate\":\"https:\/\/www.revue3emillenaire.com\/blog\/?s={search_term_string}\"},\"query-input\":{\"@type\":\"PropertyValueSpecification\",\"valueRequired\":true,\"valueName\":\"search_term_string\"}}],\"inLanguage\":\"fr-FR\"},{\"@type\":\"Person\",\"@id\":\"https:\/\/www.revue3emillenaire.com\/blog\/#\/schema\/person\/b692dacff720a5344a6190bc714397eb\",\"name\":\"3e mill\u00e9naire\",\"url\":\"https:\/\/www.revue3emillenaire.com\/blog\/author\/scoussa\/\"}]}<\/script>\n<!-- \/ Yoast SEO plugin. -->","yoast_head_json":{"title":"Zen et vie quotidienne par Roland Rech - 3e mill\u00e9naire - Spiritualit\u00e9 - Connaissance de soi - Non-dualit\u00e9 - M\u00e9ditation","robots":{"index":"index","follow":"follow","max-snippet":"max-snippet:-1","max-image-preview":"max-image-preview:large","max-video-preview":"max-video-preview:-1"},"canonical":"https:\/\/www.revue3emillenaire.com\/blog\/zen-et-vie-quotidienne-par-roland-rech\/","og_locale":"fr_FR","og_type":"article","og_title":"Zen et vie quotidienne par Roland Rech - 3e mill\u00e9naire - Spiritualit\u00e9 - Connaissance de soi - Non-dualit\u00e9 - M\u00e9ditation","og_description":"Si vous d\u00e9sirez vraiment r\u00e9aliser ce qu&rsquo;est le zen, ne vous contentez pas de lire cet article. Prenez plut\u00f4t un coussin de 20 \u00e0 30 cm d&rsquo;\u00e9paisseur, placez-le \u00e0 un m\u00e8tre du mur de votre chambre et asseyez-vous dessus en vous tournant face au mur. Croisez les jambes devant vous de fa\u00e7on que vos genoux [&hellip;]","og_url":"https:\/\/www.revue3emillenaire.com\/blog\/zen-et-vie-quotidienne-par-roland-rech\/","og_site_name":"3e mill\u00e9naire - Spiritualit\u00e9 - Connaissance de soi - Non-dualit\u00e9 - M\u00e9ditation","article_published_time":"2019-04-25T00:07:33+00:00","og_image":[{"width":198,"height":240,"url":"https:\/\/www.revue3emillenaire.com\/blog\/wp-content\/uploads\/2015\/09\/rolandrech.jpg","type":"image\/jpeg"}],"author":"3e mill\u00e9naire","twitter_card":"summary_large_image","twitter_misc":{"\u00c9crit par":"3e mill\u00e9naire","Dur\u00e9e de lecture estim\u00e9e":"17 minutes"},"schema":{"@context":"https:\/\/schema.org","@graph":[{"@type":"Article","@id":"https:\/\/www.revue3emillenaire.com\/blog\/zen-et-vie-quotidienne-par-roland-rech\/#article","isPartOf":{"@id":"https:\/\/www.revue3emillenaire.com\/blog\/zen-et-vie-quotidienne-par-roland-rech\/"},"author":{"name":"3e mill\u00e9naire","@id":"https:\/\/www.revue3emillenaire.com\/blog\/#\/schema\/person\/b692dacff720a5344a6190bc714397eb"},"headline":"Zen et vie quotidienne par Roland Rech","datePublished":"2019-04-25T00:07:33+00:00","mainEntityOfPage":{"@id":"https:\/\/www.revue3emillenaire.com\/blog\/zen-et-vie-quotidienne-par-roland-rech\/"},"wordCount":3433,"image":{"@id":"https:\/\/www.revue3emillenaire.com\/blog\/zen-et-vie-quotidienne-par-roland-rech\/#primaryimage"},"thumbnailUrl":"https:\/\/www.revue3emillenaire.com\/blog\/wp-content\/uploads\/2015\/09\/rolandrech.jpg","keywords":["Zazen"],"articleSection":["Rech Roland","Traditions"],"inLanguage":"fr-FR"},{"@type":"WebPage","@id":"https:\/\/www.revue3emillenaire.com\/blog\/zen-et-vie-quotidienne-par-roland-rech\/","url":"https:\/\/www.revue3emillenaire.com\/blog\/zen-et-vie-quotidienne-par-roland-rech\/","name":"Zen et vie quotidienne par Roland Rech - 3e mill\u00e9naire - Spiritualit\u00e9 - Connaissance de soi - Non-dualit\u00e9 - M\u00e9ditation","isPartOf":{"@id":"https:\/\/www.revue3emillenaire.com\/blog\/#website"},"primaryImageOfPage":{"@id":"https:\/\/www.revue3emillenaire.com\/blog\/zen-et-vie-quotidienne-par-roland-rech\/#primaryimage"},"image":{"@id":"https:\/\/www.revue3emillenaire.com\/blog\/zen-et-vie-quotidienne-par-roland-rech\/#primaryimage"},"thumbnailUrl":"https:\/\/www.revue3emillenaire.com\/blog\/wp-content\/uploads\/2015\/09\/rolandrech.jpg","datePublished":"2019-04-25T00:07:33+00:00","author":{"@id":"https:\/\/www.revue3emillenaire.com\/blog\/#\/schema\/person\/b692dacff720a5344a6190bc714397eb"},"breadcrumb":{"@id":"https:\/\/www.revue3emillenaire.com\/blog\/zen-et-vie-quotidienne-par-roland-rech\/#breadcrumb"},"inLanguage":"fr-FR","potentialAction":[{"@type":"ReadAction","target":["https:\/\/www.revue3emillenaire.com\/blog\/zen-et-vie-quotidienne-par-roland-rech\/"]}]},{"@type":"ImageObject","inLanguage":"fr-FR","@id":"https:\/\/www.revue3emillenaire.com\/blog\/zen-et-vie-quotidienne-par-roland-rech\/#primaryimage","url":"https:\/\/www.revue3emillenaire.com\/blog\/wp-content\/uploads\/2015\/09\/rolandrech.jpg","contentUrl":"https:\/\/www.revue3emillenaire.com\/blog\/wp-content\/uploads\/2015\/09\/rolandrech.jpg","width":198,"height":240},{"@type":"BreadcrumbList","@id":"https:\/\/www.revue3emillenaire.com\/blog\/zen-et-vie-quotidienne-par-roland-rech\/#breadcrumb","itemListElement":[{"@type":"ListItem","position":1,"name":"Accueil","item":"https:\/\/www.revue3emillenaire.com\/blog\/"},{"@type":"ListItem","position":2,"name":"Zen et vie quotidienne par Roland Rech"}]},{"@type":"WebSite","@id":"https:\/\/www.revue3emillenaire.com\/blog\/#website","url":"https:\/\/www.revue3emillenaire.com\/blog\/","name":"3e mill\u00e9naire - Spiritualit\u00e9 - Connaissance de soi - Non-dualit\u00e9 - M\u00e9ditation","description":"L&#039;Homme en devenir","potentialAction":[{"@type":"SearchAction","target":{"@type":"EntryPoint","urlTemplate":"https:\/\/www.revue3emillenaire.com\/blog\/?s={search_term_string}"},"query-input":{"@type":"PropertyValueSpecification","valueRequired":true,"valueName":"search_term_string"}}],"inLanguage":"fr-FR"},{"@type":"Person","@id":"https:\/\/www.revue3emillenaire.com\/blog\/#\/schema\/person\/b692dacff720a5344a6190bc714397eb","name":"3e mill\u00e9naire","url":"https:\/\/www.revue3emillenaire.com\/blog\/author\/scoussa\/"}]}},"_links":{"self":[{"href":"https:\/\/www.revue3emillenaire.com\/blog\/wp-json\/wp\/v2\/posts\/17998","targetHints":{"allow":["GET"]}}],"collection":[{"href":"https:\/\/www.revue3emillenaire.com\/blog\/wp-json\/wp\/v2\/posts"}],"about":[{"href":"https:\/\/www.revue3emillenaire.com\/blog\/wp-json\/wp\/v2\/types\/post"}],"author":[{"embeddable":true,"href":"https:\/\/www.revue3emillenaire.com\/blog\/wp-json\/wp\/v2\/users\/2"}],"replies":[{"embeddable":true,"href":"https:\/\/www.revue3emillenaire.com\/blog\/wp-json\/wp\/v2\/comments?post=17998"}],"version-history":[{"count":0,"href":"https:\/\/www.revue3emillenaire.com\/blog\/wp-json\/wp\/v2\/posts\/17998\/revisions"}],"wp:featuredmedia":[{"embeddable":true,"href":"https:\/\/www.revue3emillenaire.com\/blog\/wp-json\/wp\/v2\/media\/17052"}],"wp:attachment":[{"href":"https:\/\/www.revue3emillenaire.com\/blog\/wp-json\/wp\/v2\/media?parent=17998"}],"wp:term":[{"taxonomy":"category","embeddable":true,"href":"https:\/\/www.revue3emillenaire.com\/blog\/wp-json\/wp\/v2\/categories?post=17998"},{"taxonomy":"post_tag","embeddable":true,"href":"https:\/\/www.revue3emillenaire.com\/blog\/wp-json\/wp\/v2\/tags?post=17998"}],"curies":[{"name":"wp","href":"https:\/\/api.w.org\/{rel}","templated":true}]}}