{"id":18029,"date":"2019-06-28T02:03:24","date_gmt":"2019-06-28T01:03:24","guid":{"rendered":"https:\/\/www.revue3emillenaire.com\/blog\/?p=18029"},"modified":"2019-06-28T02:03:24","modified_gmt":"2019-06-28T01:03:24","slug":"conscience-universelle-et-principe-unitaire-par-dominique-casterman","status":"publish","type":"post","link":"https:\/\/www.revue3emillenaire.com\/blog\/conscience-universelle-et-principe-unitaire-par-dominique-casterman\/","title":{"rendered":"Conscience universelle et principe unitaire par Dominique Casterman"},"content":{"rendered":"<p>(Chapitre 15 du livre L\u2019envers de la raison 1989)<\/p>\n<p style=\"text-align: justify;\"><span style=\"color: #000000;\"><span style=\"font-size: medium;\">Nous pensons qu\u2019il y a deux formes fondamentalement diff\u00e9rentes de croyances quant \u00e0 la r\u00e9action mentale qu&rsquo;elles engendrent selon que nous adh\u00e9rons \u00e0 l&rsquo;une d&rsquo;elles.<\/span><\/span><\/p>\n<p style=\"text-align: justify;\"><span style=\"color: #000000;\"><span style=\"font-size: medium;\">D&rsquo;une part, nous constatons l&rsquo;existence d&rsquo;une multitude de croyances qui affaiblissent la vitalit\u00e9 naturelle de l&rsquo;esprit dans une sorte de complaisance religieuse, philosophique, morale&#8230; Elles n&rsquo;impliquent aucune r\u00e9alisation consciente et v\u00e9cue puisqu&rsquo;elles constituent par elles-m\u00eames une finalit\u00e9 en d\u00e9nouant illusoirement nos incertitudes int\u00e9rieures en CERTITUDES imaginaires.<\/span><\/span><\/p>\n<p style=\"text-align: justify;\"><span style=\"color: #000000;\"><span style=\"font-size: medium;\">D&rsquo;autre part, il y a la \u00ab croyance postulat \u00bb qui, pour se r\u00e9aliser effectivement dans notre vie quotidienne, doit \u00eatre reli\u00e9e \u00e0 un travail int\u00e9rieur fond\u00e9 sur la vigilance de l&rsquo;instant. C\u2019est-\u00e0-dire une attention optimale de notre intelligence ayant pour objectif de \u00ab vider \u00bb l&rsquo;esprit de toutes les certitudes imaginaires, de nos fausses identifications et d\u2019aboutir \u00ab au silence mental \u00bb. Ce \u00ab non-faire \u00bb mental actualise en nous une conscience fondamentalement nouvelle, en r\u00e9sonance authentique avec \u00ab ce qui est \u00bb, ind\u00e9pendamment de toutes formes de pr\u00e9jug\u00e9s et de compositions intellectuelles fig\u00e9es.<\/span><\/span><\/p>\n<p style=\"text-align: justify;\"><span style=\"color: #000000;\"><span style=\"font-size: medium;\">En \u00e9crivant ces lignes nous exprimons notre foi en l&rsquo;existence d&rsquo;un principe universel actualisable concr\u00e8tement dans notre conscience (passage de la \u00ab croyance postulat \u00bb \u00e0 la r\u00e9alit\u00e9 v\u00e9cue) ; nous pensons que cette actualisation concr\u00e8te est inh\u00e9rente \u00e0 l&rsquo;ultime croyance qui consiste \u00e0 admettre (et puis \u00e0 accepter) qu&rsquo;il n&rsquo;y a r\u00e9ellement rien \u00e0 croire, que la r\u00e9alit\u00e9 ne peut vraiment s&rsquo;inscrire consciemment dans le v\u00e9cu de l&rsquo;existence que dans la foul\u00e9e de \u00ab l&rsquo;Inimaginable \u00bb, de \u00ab l&rsquo;Ind\u00e9finissable \u00bb, de \u00ab l&rsquo;Indescriptible \u00bb transcendant nos conceptions traditionnelles et duelles de bien et de mal, de vie et de mort, de dieu et de diable, etc. Alors, comment imaginer quelque chose qui n&rsquo;est ni \u00ab dieu \u00bb ni \u00ab diable \u00bb mais qui en est, \u00e0 la fois et en m\u00eame temps, le principe immanent et transcendant. Comment, sinon en excluant \u00e0 ce niveau pr\u00e9cis l&rsquo;imaginaire \u2013 qui fut une aide dans la formation du postulat mais une entrave pour sa r\u00e9alisation v\u00e9cue \u2013, en comprenant une fois pour toutes que ce \u00ab quelque chose \u00bb de fondamental est fonci\u00e8rement inaccessible au processus de notre pens\u00e9e.<\/span><\/span><\/p>\n<p style=\"text-align: justify;\"><span style=\"color: #000000;\"><span style=\"font-size: medium;\">Uniquement un esprit \u00ab vide \u00bb de toutes croyances, de toutes pens\u00e9es ayant pour th\u00e8me le r\u00e9el peut s&rsquo;\u00e9veiller spontan\u00e9ment \u00e0 l&rsquo;\u00eatre de tous et de toutes choses. Admettre qu&rsquo;il n&rsquo;y a rien \u00e0 croire implique n\u00e9cessairement le seul travail intellectuel de d\u00e9blayage que nous puissions faire dans le cadre d&rsquo;une possibilit\u00e9 d&rsquo;\u00e9veil spirituel.<\/span><\/span><\/p>\n<p style=\"text-align: justify;\"><span style=\"color: #000000;\"><span style=\"font-size: medium;\">\u00ab <i><b>La mission supr\u00eame de la pens\u00e9e consiste, provisoirement, \u00e0 prendre conscience de ses limites, pour se laisser d\u00e9passer par une vision globale d&rsquo;un niveau sup\u00e9rieur &#8230;<\/b><\/i> \u00bb (R. Linssen)<\/span><\/span><\/p>\n<p style=\"text-align: justify;\"><span style=\"color: #000000;\"><span style=\"font-size: medium;\">Quand l&rsquo;homme transcende la dualit\u00e9 corps-esprit pr\u00e9sente dans la dysharmonie parfois palpable de sa raison et de son affectivit\u00e9, il retrouve enfin la libert\u00e9 de la \u00ab condition non s\u00e9par\u00e9e \u00bb, la libert\u00e9 d&rsquo;\u00eatre r\u00e9ellement lui-m\u00eame \u2013 c\u2019est-\u00e0-dire libre du sentiment d\u2019\u00eatre une entit\u00e9 s\u00e9par\u00e9e \u2013 en chaque instant de son existence. Co\u00efncider parfaitement avec soi-m\u00eame, c&rsquo;est aussi co\u00efncider parfaitement avec toute chose et cela en vertu de l&rsquo;unicit\u00e9 originelle de la multiplicit\u00e9.<\/span><\/span><\/p>\n<p style=\"text-align: justify;\"><span style=\"color: #000000;\"><span style=\"font-size: medium;\">La conscience v\u00e9cue de la \u00ab condition non s\u00e9par\u00e9e \u00bb en fonction de l\u2019origine noum\u00e9nale de toute chose, et manifestant sa pr\u00e9sence dans l&rsquo;univers par le caract\u00e8re indissoluble et compl\u00e9mentaire de ses parties apparemment s\u00e9par\u00e9es, est la cause-effet de l&rsquo;extinction du processus du moi, extinction qui nous solidarise \u00e0 la totalit\u00e9 de l&rsquo;univers et \u00e0 son principe unitaire. En d\u2019autres termes : <b>L&rsquo;ultime r\u00e9alit\u00e9 des \u00eatres et des choses se manifeste existentiellement dans l&rsquo;indivisibilit\u00e9 de l&rsquo;univers envisag\u00e9 comme un tout organique ou chacune des parties est solidaire de toutes les autres. La prise de conscience de cette solidarit\u00e9 indissoluble implique probablement et en m\u00eame temps la conscience v\u00e9cue de la nature profonde de l&rsquo;homme et de l&rsquo;univers. Nous touchons ici l&rsquo;Inexplicable : le silence mental s&rsquo;impose, il est \u00e0 la fois lib\u00e9rateur et r\u00e9v\u00e9lateur.<\/b><\/span><\/span><\/p>\n<p style=\"text-align: justify;\"><span style=\"color: #000000;\"><span style=\"font-size: medium;\">Il est \u00e9tonnant de constater avec quelle acuit\u00e9 intellectuelle nous pouvons prendre conscience de l&rsquo;absurdit\u00e9 de certains de nos comportements sans pour autant changer effectivement.<\/span><\/span><\/p>\n<p style=\"text-align: justify;\"><span style=\"color: #000000;\"><span style=\"font-size: medium;\">D&rsquo;une part, la raison d\u00e9montre irr\u00e9futablement le caract\u00e8re erron\u00e9 de certaines de nos r\u00e9actions face \u00e0 l&rsquo;\u00e9v\u00e9nement et, d&rsquo;autre part, nous sommes dans l&rsquo;incapacit\u00e9 de changer effectivement dans le v\u00e9cu quotidien en percevant globalement l&rsquo;\u00e9v\u00e9nement \u00e0 travers notre r\u00e9alit\u00e9 psycho-physique.<\/span><\/span><\/p>\n<p style=\"text-align: justify;\"><span style=\"color: #000000;\"><span style=\"font-size: medium;\">D&rsquo;o\u00f9 vient cette difficult\u00e9 de faire co\u00efncider parfaitement les \u00e9vidences intellectuelles et l&rsquo;attitude juste de l\u2019\u00eatre humain qui, harmonisant toutes les puissances de son \u00eatre, met sur la m\u00eame longueur d&rsquo;onde \u00e0 la fois sa raison et son affectivit\u00e9. C\u2019est pr\u00e9cis\u00e9ment le caract\u00e8re fragmentaire de notre personne qui fait d\u00e9faut. Dans notre situation habituelle, nous percevons les \u00e9v\u00e9nements en fonction d&rsquo;une affectivit\u00e9 et d&rsquo;une raison qui se contrecarrent mutuellement. Mais d\u00e8s que le mental cesse enfin de cr\u00e9er et de recr\u00e9er ind\u00e9finiment une image int\u00e9rioris\u00e9e de nous-m\u00eames nous cessons alors de ch\u00e9rir un moi illusoire pour adh\u00e9rer \u00e0 l&rsquo;unit\u00e9 originelle de l&rsquo;\u00eatre, en nous s&rsquo;\u00e9veille la \u00ab Conscience- Pr\u00e9sence \u00bb.<\/span><\/span><\/p>\n<p style=\"text-align: justify;\"><span style=\"color: #000000;\"><span style=\"font-size: medium;\">L&rsquo;\u00eatre humain \u00ab r\u00e9alis\u00e9 \u00bb situe ses perceptions premi\u00e8res en amont de ses r\u00e9actions physiques, affectives et mentales. Il est d\u00e9termin\u00e9 par une conscience d\u00e9gag\u00e9e du processus d\u2019identification psychologique ; ses caract\u00e8res affectifs et rationnels se subordonnent \u00e0 la \u00ab Conscience-Pr\u00e9sence \u00bb qui englobe et domine les deux p\u00f4les relatifs (affectif et intellectuel), et s\u2019ajustent au mieux \u00e0 \u00ab ce qui est \u00bb : c\u2019est l\u2019action de l\u2019\u00ab intelligence ind\u00e9pendante \u00bb en nous ou de l\u2019\u00ab individuation \u00bb, c\u2019est-\u00e0-dire la r\u00e9alisation de notre \u00ab unicit\u00e9 individuelle \u00bb.<\/span><\/span><\/p>\n<p style=\"text-align: justify;\"><span style=\"color: #000000;\"><span style=\"font-size: medium;\">L\u2019\u00e9tat pr\u00e9c\u00e9dent \u00e9tait marqu\u00e9 par la rupture affectivit\u00e9-raison, ayant pour seul point de r\u00e9f\u00e9rence une sensibilit\u00e9 affective et une posture intellectuelle disjointes. Par la prise de conscience de l&rsquo;unit\u00e9 sous-jacente, nous rencontrons la possibilit\u00e9 de r\u00e9concilier toutes les puissances de l\u2019\u00eatre devant le monde per\u00e7u dans son unit\u00e9 de principe et de structure ; nous sommes consciences du centre unique et principiel de la pluralit\u00e9 infinie des mondes et de notre monde dont, d\u00e9sormais, nous appr\u00e9hendons l\u2019unit\u00e9 fondamentale avec le \u00ab Tout-existant \u00bb.<\/span><\/span><\/p>\n<p style=\"text-align: justify;\"><span style=\"color: #000000;\"><span style=\"font-size: medium;\">L&rsquo;av\u00e8nement de l\u2019\u00ab \u00eatre nouveau \u00bb, sa naissance, est inh\u00e9rent \u00e0 la mort du \u00ab moi \u00bb en tant qu&rsquo;entit\u00e9 s\u00e9par\u00e9e. Cette mutation psychologique, si elle est bien pr\u00e9c\u00e9d\u00e9e par un long travail pr\u00e9paratoire ne peut, en fonction de sa nature m\u00eame, que s&rsquo;actualiser brusquement dans une forme de pr\u00e9sence totale ; le travail int\u00e9rieur pr\u00e9c\u00e8de la \u00ab r\u00e9alisation totale \u00bb sans en \u00eatre pour autant la cause premi\u00e8re. <b>L&rsquo;\u00e9veil \u00e0 l&rsquo;\u00ab ultime r\u00e9alit\u00e9 \u00bb ne peut se r\u00e9aliser que lorsque tout travail cesse d\u00e9finitivement. L\u2019\u00ab ultime r\u00e9alit\u00e9 \u00bb n\u2019\u00e9tant rien d\u2019autre que l\u2019\u00ab ultime compr\u00e9hension \u00bb qu\u2019il n\u2019y a aucune s\u00e9paration entre le Soi et le monde ph\u00e9nom\u00e9nal, pas qu\u2019il n\u2019y a de d\u00e9sunion entre une chose particuli\u00e8re et la Totalit\u00e9 Une<\/b>.<\/span><\/span><\/p>\n<p style=\"text-align: justify;\"><span style=\"color: #000000;\"><span style=\"font-size: medium;\">Il faut comprendre que tout travail int\u00e9rieur habituel laisse supposer un r\u00e9sultat. Psychologiquement, nous sommes dans l&rsquo;attente d&rsquo;une r\u00e9alisation prochaine qui nous emprisonne dans les mailles du temps, d&rsquo;un temps qui est l&rsquo;exclusivit\u00e9 de l\u2019\u00eatre pensant. En fait nous vivons dans l&rsquo;attente de devenir quelque chose d&rsquo;autre que ce que nous sommes. Mais la r\u00e9alit\u00e9 est intemporelle, elle ne peut r\u00e9sulter de l&rsquo;attente de quelque chose. La r\u00e9alisation compl\u00e8te de soi est donc une forme d&rsquo;adh\u00e9rence peu ordinaire \u00e0 l&rsquo;instant pr\u00e9sent. Plus ou moins libre, plus ou moins soi-m\u00eame n&rsquo;existe pas car dans le domaine de la pure compr\u00e9hension, il n&rsquo;y a pas de demi-mesure, pas de marchandage possible. Le seul instant qui est r\u00e9ellement, c&rsquo;est le moment pr\u00e9sent au sein duquel nous sommes toujours proches de l\u2019unit\u00e9 fondamentale, mais victime d&rsquo;une ignorance compl\u00e8te, nous vivons dans l\u2019illusion du \u00ab moi \u00bb, dans la dualit\u00e9 \u00eatre-para\u00eetre qui est compens\u00e9e par l&rsquo;adoration d&rsquo;une image de soi en tant que distinct. La v\u00e9rit\u00e9 ne se construit pas, elle est en absolue ind\u00e9pendance, il n&rsquo;y a dans ce domaine rien \u00e0 faire, l&rsquo;approche est indirecte et n\u00e9gative dans le sens d&rsquo;un d\u00e9tachement progressif par rapport \u00e0 nos repr\u00e9sentations mentales car la partie ne peut saisir le tout. Aucune d\u00e9marche intellectuelle ne conduit \u00e0 la v\u00e9rit\u00e9 profonde des \u00eatres et des choses, elle ne peut fonci\u00e8rement pas \u00eatre un r\u00e9sultat, elle nous envahit quand nous nous perdons totalement dans l&rsquo;instant pr\u00e9sent.<\/span><\/span><\/p>\n<p style=\"text-align: justify;\"><span style=\"color: #000000;\"><span style=\"font-size: medium;\">\u00ab &#8230; <i>Si en la cherchant ailleurs nous ne trouvons pas de r\u00e9ponse \u00e0 l&rsquo;\u00e9nigme que le monde para\u00eet nous poser, si personne d&rsquo;autre ne peut nous la donner, c&rsquo;est sans doute parce que, \u00e0 notre insu, elle se trouve en nous-m\u00eames, masqu\u00e9e ou d\u00e9form\u00e9e par l&rsquo;illusion de notre s\u00e9paration d&rsquo;avec le monde, d&rsquo;avec autrui<\/i>. \u00bb (R. Fou\u00e9r\u00e9)<\/span><\/span><\/p>\n<p style=\"text-align: justify;\"><span style=\"color: #000000;\"><span style=\"font-size: medium;\">\u00ab <i>La v\u00e9rit\u00e9 est un pays sans chemin<\/i> \u00bb (Krishnamurti)<\/span><\/span><\/p>\n<p style=\"text-align: justify;\"><span style=\"color: #000000;\"><span style=\"font-size: medium;\">Dans un monde d&rsquo;insensibilit\u00e9 organique et affective, le chaud, le froid, la joie, la peine, etc., n&rsquo;existeraient pas. En fait, seul existe un mouvement g\u00e9n\u00e9ral de la mati\u00e8re qui, en se donnant \u00e0 nos sens divers et les territoires c\u00e9r\u00e9braux correspondants, prend une forme particuli\u00e8re que nous appelons, suivant les cas, lumi\u00e8re, chaleur, musique, etc., et que nous jugeons positivement ou n\u00e9gativement. La mati\u00e8re poss\u00e8de des potentialit\u00e9s infinies qui pour s&rsquo;actualiser singuli\u00e8rement doivent n\u00e9cessairement interf\u00e9rer avec un appareil r\u00e9cepteur. C&rsquo;est de la sorte que le rayonnement \u00e9lectromagn\u00e9tique devient lumi\u00e8re dans un monde de voyants; les vibrations de mol\u00e9cules d&rsquo;air deviennent des sons dans le monde des entendants; l&rsquo;intensit\u00e9 des mouvements mol\u00e9culaires devient sensation de chaud ou de froid dans le monde de la sensibilit\u00e9 tactile\u2026 Il s&rsquo;\u00e9tablit entre le monde et nous des contacts relationnels engendrant des perceptions partiellement ad\u00e9quates. Nous parlons de perceptions partielles parce que sujet et objet ne combinent que leur p\u00e9riph\u00e9rie respective. Mais perceptions relativement ad\u00e9quates puisque nous constatons qu&rsquo;il y a entre le monde et nous une relative possibilit\u00e9 d&rsquo;existence commune et des r\u00e9sonances particuli\u00e8res impliquant que les donn\u00e9es issues de nos perceptions sont utilisables dans le v\u00e9cu quotidien. Nous sommes consciemment connect\u00e9s aux autres et au monde par les caract\u00e8res superficiels des uns et des autres ; et nous sommes spontan\u00e9ment incapables d\u2019appr\u00e9hender de mani\u00e8re holistique, et surtout en toute conscience, l\u2019intimit\u00e9 et la simplicit\u00e9 de nos relations avec la totalit\u00e9 de \u00ab ce qui est \u00bb. Sans l\u2019ultime compr\u00e9hension il est impossible d\u2019entrevoir l\u2019unit\u00e9 fondamentale de tout ce qui existe, et de voir que l\u2019Essence des \u00eatres et des choses, de ces infinies diff\u00e9rences qui peuplent les mondes, est pure \u00ab Conscience-Pr\u00e9sence \u00bb.<\/span><\/span><\/p>\n","protected":false},"excerpt":{"rendered":"<p>(Chapitre 15 du livre L\u2019envers de la raison 1989) Nous pensons qu\u2019il y a deux formes fondamentalement diff\u00e9rentes de croyances quant \u00e0 la r\u00e9action mentale qu&rsquo;elles engendrent selon que nous adh\u00e9rons \u00e0 l&rsquo;une d&rsquo;elles. D&rsquo;une part, nous constatons l&rsquo;existence d&rsquo;une multitude de croyances qui affaiblissent la vitalit\u00e9 naturelle de l&rsquo;esprit dans une sorte de complaisance [&hellip;]<\/p>\n","protected":false},"author":2,"featured_media":17089,"comment_status":"closed","ping_status":"closed","sticky":false,"template":"","format":"standard","meta":{"footnotes":""},"categories":[800],"tags":[],"class_list":["post-18029","post","type-post","status-publish","format-standard","has-post-thumbnail","hentry","category-casterman-dominique"],"yoast_head":"<!-- This site is optimized with the Yoast SEO plugin v27.0 - https:\/\/yoast.com\/product\/yoast-seo-wordpress\/ -->\n<title>Conscience universelle et principe unitaire par Dominique Casterman - 3e mill\u00e9naire - Spiritualit\u00e9 - Connaissance de soi - Non-dualit\u00e9 - M\u00e9ditation<\/title>\n<meta name=\"robots\" content=\"index, follow, max-snippet:-1, max-image-preview:large, max-video-preview:-1\" \/>\n<link rel=\"canonical\" href=\"https:\/\/www.revue3emillenaire.com\/blog\/conscience-universelle-et-principe-unitaire-par-dominique-casterman\/\" \/>\n<meta property=\"og:locale\" content=\"fr_FR\" \/>\n<meta property=\"og:type\" content=\"article\" \/>\n<meta property=\"og:title\" content=\"Conscience universelle et principe unitaire par Dominique Casterman - 3e mill\u00e9naire - Spiritualit\u00e9 - Connaissance de soi - Non-dualit\u00e9 - M\u00e9ditation\" \/>\n<meta property=\"og:description\" content=\"(Chapitre 15 du livre L\u2019envers de la raison 1989) Nous pensons qu\u2019il y a deux formes fondamentalement diff\u00e9rentes de croyances quant \u00e0 la r\u00e9action mentale qu&rsquo;elles engendrent selon que nous adh\u00e9rons \u00e0 l&rsquo;une d&rsquo;elles. D&rsquo;une part, nous constatons l&rsquo;existence d&rsquo;une multitude de croyances qui affaiblissent la vitalit\u00e9 naturelle de l&rsquo;esprit dans une sorte de complaisance [&hellip;]\" \/>\n<meta property=\"og:url\" content=\"https:\/\/www.revue3emillenaire.com\/blog\/conscience-universelle-et-principe-unitaire-par-dominique-casterman\/\" \/>\n<meta property=\"og:site_name\" content=\"3e mill\u00e9naire - Spiritualit\u00e9 - Connaissance de soi - Non-dualit\u00e9 - M\u00e9ditation\" \/>\n<meta property=\"article:published_time\" content=\"2019-06-28T01:03:24+00:00\" \/>\n<meta property=\"og:image\" content=\"https:\/\/www.revue3emillenaire.com\/blog\/wp-content\/uploads\/2015\/10\/Dominique-Castermane-e1511834938356.jpg\" \/>\n\t<meta property=\"og:image:width\" content=\"200\" \/>\n\t<meta property=\"og:image:height\" content=\"237\" \/>\n\t<meta property=\"og:image:type\" content=\"image\/jpeg\" \/>\n<meta name=\"author\" content=\"3e mill\u00e9naire\" \/>\n<meta name=\"twitter:card\" content=\"summary_large_image\" \/>\n<meta name=\"twitter:label1\" content=\"\u00c9crit par\" \/>\n\t<meta name=\"twitter:data1\" content=\"3e mill\u00e9naire\" \/>\n\t<meta name=\"twitter:label2\" content=\"Dur\u00e9e de lecture estim\u00e9e\" \/>\n\t<meta name=\"twitter:data2\" content=\"9 minutes\" \/>\n<script type=\"application\/ld+json\" class=\"yoast-schema-graph\">{\"@context\":\"https:\/\/schema.org\",\"@graph\":[{\"@type\":\"Article\",\"@id\":\"https:\/\/www.revue3emillenaire.com\/blog\/conscience-universelle-et-principe-unitaire-par-dominique-casterman\/#article\",\"isPartOf\":{\"@id\":\"https:\/\/www.revue3emillenaire.com\/blog\/conscience-universelle-et-principe-unitaire-par-dominique-casterman\/\"},\"author\":{\"name\":\"3e mill\u00e9naire\",\"@id\":\"https:\/\/www.revue3emillenaire.com\/blog\/#\/schema\/person\/b692dacff720a5344a6190bc714397eb\"},\"headline\":\"Conscience universelle et principe unitaire par Dominique Casterman\",\"datePublished\":\"2019-06-28T01:03:24+00:00\",\"mainEntityOfPage\":{\"@id\":\"https:\/\/www.revue3emillenaire.com\/blog\/conscience-universelle-et-principe-unitaire-par-dominique-casterman\/\"},\"wordCount\":1858,\"image\":{\"@id\":\"https:\/\/www.revue3emillenaire.com\/blog\/conscience-universelle-et-principe-unitaire-par-dominique-casterman\/#primaryimage\"},\"thumbnailUrl\":\"https:\/\/www.revue3emillenaire.com\/blog\/wp-content\/uploads\/2015\/10\/Dominique-Castermane-e1511834938356.jpg\",\"articleSection\":[\"Casterman Dominique\"],\"inLanguage\":\"fr-FR\"},{\"@type\":\"WebPage\",\"@id\":\"https:\/\/www.revue3emillenaire.com\/blog\/conscience-universelle-et-principe-unitaire-par-dominique-casterman\/\",\"url\":\"https:\/\/www.revue3emillenaire.com\/blog\/conscience-universelle-et-principe-unitaire-par-dominique-casterman\/\",\"name\":\"Conscience universelle et principe unitaire par Dominique Casterman - 3e mill\u00e9naire - Spiritualit\u00e9 - Connaissance de soi - Non-dualit\u00e9 - M\u00e9ditation\",\"isPartOf\":{\"@id\":\"https:\/\/www.revue3emillenaire.com\/blog\/#website\"},\"primaryImageOfPage\":{\"@id\":\"https:\/\/www.revue3emillenaire.com\/blog\/conscience-universelle-et-principe-unitaire-par-dominique-casterman\/#primaryimage\"},\"image\":{\"@id\":\"https:\/\/www.revue3emillenaire.com\/blog\/conscience-universelle-et-principe-unitaire-par-dominique-casterman\/#primaryimage\"},\"thumbnailUrl\":\"https:\/\/www.revue3emillenaire.com\/blog\/wp-content\/uploads\/2015\/10\/Dominique-Castermane-e1511834938356.jpg\",\"datePublished\":\"2019-06-28T01:03:24+00:00\",\"author\":{\"@id\":\"https:\/\/www.revue3emillenaire.com\/blog\/#\/schema\/person\/b692dacff720a5344a6190bc714397eb\"},\"breadcrumb\":{\"@id\":\"https:\/\/www.revue3emillenaire.com\/blog\/conscience-universelle-et-principe-unitaire-par-dominique-casterman\/#breadcrumb\"},\"inLanguage\":\"fr-FR\",\"potentialAction\":[{\"@type\":\"ReadAction\",\"target\":[\"https:\/\/www.revue3emillenaire.com\/blog\/conscience-universelle-et-principe-unitaire-par-dominique-casterman\/\"]}]},{\"@type\":\"ImageObject\",\"inLanguage\":\"fr-FR\",\"@id\":\"https:\/\/www.revue3emillenaire.com\/blog\/conscience-universelle-et-principe-unitaire-par-dominique-casterman\/#primaryimage\",\"url\":\"https:\/\/www.revue3emillenaire.com\/blog\/wp-content\/uploads\/2015\/10\/Dominique-Castermane-e1511834938356.jpg\",\"contentUrl\":\"https:\/\/www.revue3emillenaire.com\/blog\/wp-content\/uploads\/2015\/10\/Dominique-Castermane-e1511834938356.jpg\",\"width\":200,\"height\":237},{\"@type\":\"BreadcrumbList\",\"@id\":\"https:\/\/www.revue3emillenaire.com\/blog\/conscience-universelle-et-principe-unitaire-par-dominique-casterman\/#breadcrumb\",\"itemListElement\":[{\"@type\":\"ListItem\",\"position\":1,\"name\":\"Accueil\",\"item\":\"https:\/\/www.revue3emillenaire.com\/blog\/\"},{\"@type\":\"ListItem\",\"position\":2,\"name\":\"Conscience universelle et principe unitaire par Dominique Casterman\"}]},{\"@type\":\"WebSite\",\"@id\":\"https:\/\/www.revue3emillenaire.com\/blog\/#website\",\"url\":\"https:\/\/www.revue3emillenaire.com\/blog\/\",\"name\":\"3e mill\u00e9naire - Spiritualit\u00e9 - Connaissance de soi - Non-dualit\u00e9 - M\u00e9ditation\",\"description\":\"L&#039;Homme en devenir\",\"potentialAction\":[{\"@type\":\"SearchAction\",\"target\":{\"@type\":\"EntryPoint\",\"urlTemplate\":\"https:\/\/www.revue3emillenaire.com\/blog\/?s={search_term_string}\"},\"query-input\":{\"@type\":\"PropertyValueSpecification\",\"valueRequired\":true,\"valueName\":\"search_term_string\"}}],\"inLanguage\":\"fr-FR\"},{\"@type\":\"Person\",\"@id\":\"https:\/\/www.revue3emillenaire.com\/blog\/#\/schema\/person\/b692dacff720a5344a6190bc714397eb\",\"name\":\"3e mill\u00e9naire\",\"url\":\"https:\/\/www.revue3emillenaire.com\/blog\/author\/scoussa\/\"}]}<\/script>\n<!-- \/ Yoast SEO plugin. -->","yoast_head_json":{"title":"Conscience universelle et principe unitaire par Dominique Casterman - 3e mill\u00e9naire - Spiritualit\u00e9 - Connaissance de soi - Non-dualit\u00e9 - M\u00e9ditation","robots":{"index":"index","follow":"follow","max-snippet":"max-snippet:-1","max-image-preview":"max-image-preview:large","max-video-preview":"max-video-preview:-1"},"canonical":"https:\/\/www.revue3emillenaire.com\/blog\/conscience-universelle-et-principe-unitaire-par-dominique-casterman\/","og_locale":"fr_FR","og_type":"article","og_title":"Conscience universelle et principe unitaire par Dominique Casterman - 3e mill\u00e9naire - Spiritualit\u00e9 - Connaissance de soi - Non-dualit\u00e9 - M\u00e9ditation","og_description":"(Chapitre 15 du livre L\u2019envers de la raison 1989) Nous pensons qu\u2019il y a deux formes fondamentalement diff\u00e9rentes de croyances quant \u00e0 la r\u00e9action mentale qu&rsquo;elles engendrent selon que nous adh\u00e9rons \u00e0 l&rsquo;une d&rsquo;elles. D&rsquo;une part, nous constatons l&rsquo;existence d&rsquo;une multitude de croyances qui affaiblissent la vitalit\u00e9 naturelle de l&rsquo;esprit dans une sorte de complaisance [&hellip;]","og_url":"https:\/\/www.revue3emillenaire.com\/blog\/conscience-universelle-et-principe-unitaire-par-dominique-casterman\/","og_site_name":"3e mill\u00e9naire - Spiritualit\u00e9 - Connaissance de soi - Non-dualit\u00e9 - M\u00e9ditation","article_published_time":"2019-06-28T01:03:24+00:00","og_image":[{"width":200,"height":237,"url":"https:\/\/www.revue3emillenaire.com\/blog\/wp-content\/uploads\/2015\/10\/Dominique-Castermane-e1511834938356.jpg","type":"image\/jpeg"}],"author":"3e mill\u00e9naire","twitter_card":"summary_large_image","twitter_misc":{"\u00c9crit par":"3e mill\u00e9naire","Dur\u00e9e de lecture estim\u00e9e":"9 minutes"},"schema":{"@context":"https:\/\/schema.org","@graph":[{"@type":"Article","@id":"https:\/\/www.revue3emillenaire.com\/blog\/conscience-universelle-et-principe-unitaire-par-dominique-casterman\/#article","isPartOf":{"@id":"https:\/\/www.revue3emillenaire.com\/blog\/conscience-universelle-et-principe-unitaire-par-dominique-casterman\/"},"author":{"name":"3e mill\u00e9naire","@id":"https:\/\/www.revue3emillenaire.com\/blog\/#\/schema\/person\/b692dacff720a5344a6190bc714397eb"},"headline":"Conscience universelle et principe unitaire par Dominique Casterman","datePublished":"2019-06-28T01:03:24+00:00","mainEntityOfPage":{"@id":"https:\/\/www.revue3emillenaire.com\/blog\/conscience-universelle-et-principe-unitaire-par-dominique-casterman\/"},"wordCount":1858,"image":{"@id":"https:\/\/www.revue3emillenaire.com\/blog\/conscience-universelle-et-principe-unitaire-par-dominique-casterman\/#primaryimage"},"thumbnailUrl":"https:\/\/www.revue3emillenaire.com\/blog\/wp-content\/uploads\/2015\/10\/Dominique-Castermane-e1511834938356.jpg","articleSection":["Casterman Dominique"],"inLanguage":"fr-FR"},{"@type":"WebPage","@id":"https:\/\/www.revue3emillenaire.com\/blog\/conscience-universelle-et-principe-unitaire-par-dominique-casterman\/","url":"https:\/\/www.revue3emillenaire.com\/blog\/conscience-universelle-et-principe-unitaire-par-dominique-casterman\/","name":"Conscience universelle et principe unitaire par Dominique Casterman - 3e mill\u00e9naire - Spiritualit\u00e9 - Connaissance de soi - Non-dualit\u00e9 - M\u00e9ditation","isPartOf":{"@id":"https:\/\/www.revue3emillenaire.com\/blog\/#website"},"primaryImageOfPage":{"@id":"https:\/\/www.revue3emillenaire.com\/blog\/conscience-universelle-et-principe-unitaire-par-dominique-casterman\/#primaryimage"},"image":{"@id":"https:\/\/www.revue3emillenaire.com\/blog\/conscience-universelle-et-principe-unitaire-par-dominique-casterman\/#primaryimage"},"thumbnailUrl":"https:\/\/www.revue3emillenaire.com\/blog\/wp-content\/uploads\/2015\/10\/Dominique-Castermane-e1511834938356.jpg","datePublished":"2019-06-28T01:03:24+00:00","author":{"@id":"https:\/\/www.revue3emillenaire.com\/blog\/#\/schema\/person\/b692dacff720a5344a6190bc714397eb"},"breadcrumb":{"@id":"https:\/\/www.revue3emillenaire.com\/blog\/conscience-universelle-et-principe-unitaire-par-dominique-casterman\/#breadcrumb"},"inLanguage":"fr-FR","potentialAction":[{"@type":"ReadAction","target":["https:\/\/www.revue3emillenaire.com\/blog\/conscience-universelle-et-principe-unitaire-par-dominique-casterman\/"]}]},{"@type":"ImageObject","inLanguage":"fr-FR","@id":"https:\/\/www.revue3emillenaire.com\/blog\/conscience-universelle-et-principe-unitaire-par-dominique-casterman\/#primaryimage","url":"https:\/\/www.revue3emillenaire.com\/blog\/wp-content\/uploads\/2015\/10\/Dominique-Castermane-e1511834938356.jpg","contentUrl":"https:\/\/www.revue3emillenaire.com\/blog\/wp-content\/uploads\/2015\/10\/Dominique-Castermane-e1511834938356.jpg","width":200,"height":237},{"@type":"BreadcrumbList","@id":"https:\/\/www.revue3emillenaire.com\/blog\/conscience-universelle-et-principe-unitaire-par-dominique-casterman\/#breadcrumb","itemListElement":[{"@type":"ListItem","position":1,"name":"Accueil","item":"https:\/\/www.revue3emillenaire.com\/blog\/"},{"@type":"ListItem","position":2,"name":"Conscience universelle et principe unitaire par Dominique Casterman"}]},{"@type":"WebSite","@id":"https:\/\/www.revue3emillenaire.com\/blog\/#website","url":"https:\/\/www.revue3emillenaire.com\/blog\/","name":"3e mill\u00e9naire - Spiritualit\u00e9 - Connaissance de soi - Non-dualit\u00e9 - M\u00e9ditation","description":"L&#039;Homme en devenir","potentialAction":[{"@type":"SearchAction","target":{"@type":"EntryPoint","urlTemplate":"https:\/\/www.revue3emillenaire.com\/blog\/?s={search_term_string}"},"query-input":{"@type":"PropertyValueSpecification","valueRequired":true,"valueName":"search_term_string"}}],"inLanguage":"fr-FR"},{"@type":"Person","@id":"https:\/\/www.revue3emillenaire.com\/blog\/#\/schema\/person\/b692dacff720a5344a6190bc714397eb","name":"3e mill\u00e9naire","url":"https:\/\/www.revue3emillenaire.com\/blog\/author\/scoussa\/"}]}},"_links":{"self":[{"href":"https:\/\/www.revue3emillenaire.com\/blog\/wp-json\/wp\/v2\/posts\/18029","targetHints":{"allow":["GET"]}}],"collection":[{"href":"https:\/\/www.revue3emillenaire.com\/blog\/wp-json\/wp\/v2\/posts"}],"about":[{"href":"https:\/\/www.revue3emillenaire.com\/blog\/wp-json\/wp\/v2\/types\/post"}],"author":[{"embeddable":true,"href":"https:\/\/www.revue3emillenaire.com\/blog\/wp-json\/wp\/v2\/users\/2"}],"replies":[{"embeddable":true,"href":"https:\/\/www.revue3emillenaire.com\/blog\/wp-json\/wp\/v2\/comments?post=18029"}],"version-history":[{"count":0,"href":"https:\/\/www.revue3emillenaire.com\/blog\/wp-json\/wp\/v2\/posts\/18029\/revisions"}],"wp:featuredmedia":[{"embeddable":true,"href":"https:\/\/www.revue3emillenaire.com\/blog\/wp-json\/wp\/v2\/media\/17089"}],"wp:attachment":[{"href":"https:\/\/www.revue3emillenaire.com\/blog\/wp-json\/wp\/v2\/media?parent=18029"}],"wp:term":[{"taxonomy":"category","embeddable":true,"href":"https:\/\/www.revue3emillenaire.com\/blog\/wp-json\/wp\/v2\/categories?post=18029"},{"taxonomy":"post_tag","embeddable":true,"href":"https:\/\/www.revue3emillenaire.com\/blog\/wp-json\/wp\/v2\/tags?post=18029"}],"curies":[{"name":"wp","href":"https:\/\/api.w.org\/{rel}","templated":true}]}}