{"id":18085,"date":"2019-10-04T03:56:20","date_gmt":"2019-10-04T02:56:20","guid":{"rendered":"https:\/\/www.revue3emillenaire.com\/blog\/?p=18085"},"modified":"2019-10-04T03:58:00","modified_gmt":"2019-10-04T02:58:00","slug":"un-pont-entre-la-sagesse-orientale-et-la-science-moderne-entretien-entre-swami-satyananda-et-basarab-nicolescu","status":"publish","type":"post","link":"https:\/\/www.revue3emillenaire.com\/blog\/un-pont-entre-la-sagesse-orientale-et-la-science-moderne-entretien-entre-swami-satyananda-et-basarab-nicolescu\/","title":{"rendered":"Un pont entre la sagesse orientale et la science moderne. Entretien Swami Satyananda et Basarab Nicolescu"},"content":{"rendered":"<p align=\"justify\"><span style=\"color: #000000;\"><span style=\"font-size: medium;\"><span lang=\"fr-CA\">(Revue 3<\/span><\/span><\/span><span style=\"color: #000000;\"><sup><span style=\"font-size: medium;\"><span lang=\"fr-CA\">e<\/span><\/span><\/sup><\/span><span style=\"color: #000000;\"><span style=\"font-size: medium;\"><span lang=\"fr-CA\"> Mill\u00e9naire. Ancienne s\u00e9rie. No 17. Nov-D\u00e9c 1984)<\/span><\/span><\/span><\/p>\n<p align=\"justify\"><span style=\"color: #000000;\"><span style=\"font-size: medium;\"><span lang=\"fr-CA\"><i><b>La rencontre de deux types de pens\u00e9es qui pourraient constituer un dialogue de sourds si le swami d&rsquo;Orient ne connaissait pas tr\u00e8s bien la science d&rsquo;Occident et si le physicien n&rsquo;\u00e9tait lui-m\u00eame tr\u00e8s au fait de la sagesse orientale. Entre Swami Satyananda (1923-2009) et Basarab Nicolescu la communication s&rsquo;est tout de suite \u00e9tablie et la richesse propre aux deux civilisations s&rsquo;exprimer et s&rsquo;interf\u00e9conder. <\/b><\/i><\/span><\/span><\/span><span style=\"color: #000000;\"><span style=\"font-size: medium;\"><span lang=\"fr-CA\"><i><b>Merci \u00e0 <\/b><\/i><\/span><\/span><\/span><span style=\"color: #000000;\"><span style=\"font-size: medium;\"><span lang=\"fr-CA\"><i><b>Micheline Flak qui a non seulement organis\u00e9 cette rencontre mais qui s&rsquo;est aussi donn\u00e9 la peine de la traduire pour nous en fran\u00e7ais (l&rsquo;entretien s&rsquo;est d\u00e9roul\u00e9 en anglais). Rappelons bri\u00e8vement que Swami Satyananda est tout \u00e0 la fois un homme de science et un ma\u00eetre spirituel. Il a fond\u00e9 il y a quelques ann\u00e9es la Bihar School of Yoga et son livre Yoga Nidra est paru en France aux \u00e9ditions Satyanan dashram traduit par Micheline Flak. Quant \u00e0 Basarab Nicolescu, c&rsquo;est un physicien th\u00e9oricien (CNRS) bien connu des lecteurs. B. Nicolescu continue a \u00e9largir et approfondir sa r\u00e9flexion \u00e0 travers ses nombreux \u00e9crits et les activit\u00e9s du <\/b><\/i><\/span><\/span><\/span><a href=\"https:\/\/ciret-transdisciplinarity.org\/index.php\" target=\"_blank\" rel=\"noopener noreferrer\"><span style=\"color: #000000;\"><span style=\"font-size: medium;\"><span lang=\"fr-CA\"><b>Centre International de Recherches et \u00e9tudes Transdisciplinaires <\/b><\/span><\/span><\/span><\/a><\/p>\n<p align=\"justify\"><span style=\"color: #000000;\"><span style=\"font-size: medium;\"><span lang=\"fr-CA\"><i><b>\u00a0<\/b><\/i><\/span><\/span><\/span><\/p>\n<p align=\"center\"><span style=\"color: #000000;\"><span style=\"font-size: medium;\"><span lang=\"fr-CA\">***<\/span><\/span><\/span><\/p>\n<p align=\"justify\"><span style=\"color: #000000;\"><span style=\"font-size: medium;\"><span lang=\"fr-CA\"><b>1<\/b><\/span><\/span><\/span><span style=\"color: #000000;\"><sup><span style=\"font-size: medium;\"><span lang=\"fr-CA\"><b>re<\/b><\/span><\/span><\/sup><\/span><span style=\"color: #000000;\"><span style=\"font-size: medium;\"><span lang=\"fr-CA\"><b> PARTIE : NATURE, \u00c9NERGIE ET VIE INT\u00c9RIEURE<\/b><\/span><\/span><\/span><\/p>\n<p align=\"justify\"><span style=\"color: #000000;\"><span style=\"font-size: medium;\"><span lang=\"fr-CA\"><b>Basarab Nicolescu<\/b><\/span><\/span><\/span><span style=\"color: #000000;\"><span style=\"font-size: medium;\"><span lang=\"fr-CA\">. \u2014 Je commencerai par une br\u00e8ve question. Vous \u00eates bien conscient, je le sais, que de nombreux chercheurs dans le pass\u00e9 ont r\u00e9fl\u00e9chi, comme vous, \u00e0 la n\u00e9cessit\u00e9 de jeter un pont entre l&rsquo;Orient et l&rsquo;Occident. Il s&rsquo;agit essentiellement de faire se rejoindre deux modes de connaissance dont la rencontre est n\u00e9cessaire pour que quelque chose de nouveau \u00e9merge. Il semble qu&rsquo;il y ait un \u00e9chec sur ce point surtout sur le plan social et je ne vois pas qu&rsquo;il y ait de grand progr\u00e8s dans la mesure o\u00f9 l&rsquo;Occident m\u00e8ne une vie fragmentaire de plus en plus vou\u00e9e \u00e0 l&rsquo;automatisation et \u00e0 la m\u00e9canisation, tandis que l&rsquo;Orient subit de plus en plus l&rsquo;influence du mode de vie occidental. Donc ma premi\u00e8re question sera : Quel caract\u00e8re sp\u00e9cifique devra prendre cette rencontre Orient-Occident \u00e0 l&rsquo;\u00e9poque o\u00f9 nous vivons ? Si toutefois elle est n\u00e9cessaire ?<\/span><\/span><\/span><\/p>\n<p align=\"justify\"><span style=\"color: #000000;\"><span style=\"font-size: medium;\"><span lang=\"fr-CA\"><b>Swami Satyananda<\/b><\/span><\/span><\/span><span style=\"color: #000000;\"><span style=\"font-size: medium;\"><span lang=\"fr-CA\">. \u2014 Je pense que la r\u00e9union de deux cultures et de deux civilisations ne doit pas commencer \u00e0 partir d&rsquo;une base ou d&rsquo;une impulsion qui soit seulement sociale, \u00e9conomique ou politique. Il lui faut une fondation plus profonde qui touche au domaine de la philosophie et de certaines valeurs non-empiriques. Ceci parce que la soci\u00e9t\u00e9, la politique, bref la civilisation ne sont qu&rsquo;un reflet des aspirations profondes de l&rsquo;\u00eatre humain et c&rsquo;est pourquoi m\u00eame si beaucoup de travail s&rsquo;est fait et se fait, on en a retir\u00e9 jusqu&rsquo;ici peu d&rsquo;avantages. C&rsquo;est que l&rsquo;Orient en g\u00e9n\u00e9ral et l&rsquo;Inde en particulier n&rsquo;ont pas accompli ces retrouvailles avec l&rsquo;Occident \u2014 ce qu&rsquo;on peut appeler \u00ab une heureuse rencontre \u00bb \u2014 ne serait-ce que \u00ab la \u00bb rencontre sur une base philosophique ou spirituelle. L&rsquo;Inde de son c\u00f4t\u00e9 a essay\u00e9 de comprendre le fondement th\u00e9ologique des religions, la place de la technologie et de la science et elle a \u00e9tudi\u00e9 la philosophie mat\u00e9rialiste qui a d\u00e9but\u00e9 avec les philosophes grecs comme D\u00e9mocrite. Elle a essay\u00e9 de comprendre cela et d&rsquo;une mani\u00e8re ou d&rsquo;une autre, elle l&rsquo;a accept\u00e9. Les philosophes grecs avaient affirm\u00e9 que seul ce qui est objectif et tangible existait et que rien de ce qui \u00e9tait subjectif n&rsquo;avait de valeur. L&rsquo;Inde a accept\u00e9 ce point de vue et l&rsquo;a inclus dans sa philosophie. C&rsquo;est un aspect de la philosophie de la pens\u00e9e indienne qu&rsquo;on appelle Carv\u00e2ka.<\/span><\/span><\/span><\/p>\n<p align=\"justify\"><span style=\"color: #000000;\"><span style=\"font-size: medium;\"><span lang=\"fr-CA\">Mais en Occident, depuis environ trente ou quarante ans, quelque chose est survenu : c&rsquo;est l&rsquo;\u00e9mergence du Tantra et du Yoga comme m\u00e9thodes d&rsquo;investigation des structures de l&rsquo;univers tel que le voyaient les penseurs de l&rsquo;Inde. Ce qui \u00e9tait du domaine de la contemplation est devenu objet d&rsquo;analyse, de r\u00e9flexion et s&rsquo;est fait plus ou moins accepter. Ce que la pens\u00e9e indienne appelle cosmologie est reconnu comme tr\u00e8s proche du mode de pens\u00e9e scientifique. La science moderne et la pens\u00e9e indienne me semblent s&rsquo;\u00eatre rapproch\u00e9es. C&rsquo;est un fait.<\/span><\/span><\/span><\/p>\n<p align=\"justify\"><span style=\"color: #000000;\"><span style=\"font-size: medium;\"><span lang=\"fr-CA\"><b>B.N.<\/b><\/span><\/span><\/span><span style=\"color: #000000;\"><span style=\"font-size: medium;\"><span lang=\"fr-CA\"> \u2014 Pour vous c&rsquo;est donc un fait nouveau.<\/span><\/span><\/span><\/p>\n<p align=\"justify\"><span style=\"color: #000000;\"><span style=\"font-size: medium;\"><span lang=\"fr-CA\"><b>Sw.S<\/b><\/span><\/span><\/span><span style=\"color: #000000;\"><span style=\"font-size: medium;\"><span lang=\"fr-CA\">. \u2014 Oui, c&rsquo;est devenu un fait depuis une trentaine d&rsquo;ann\u00e9es. Une nouvelle optique s&rsquo;est forg\u00e9e et de nombreux chercheurs occidentaux essayent de sonder \u00e0 travers la tradition tantrique, la philosophie du Samkhya, la tradition yogique et la tradition v\u00e9dique, la structure, le dessin de l&rsquo;univers, la nature de la conscience. On se demande si la conscience fait partie du cerveau ou si elle est en dehors de lui ou s&rsquo;il existe quelque chose d&rsquo;autre que moi-m\u00eame, si c&rsquo;est ma propre image qui parle de la perception holographique de l&rsquo;homme total. L&rsquo;homme est-il complet, homog\u00e8ne, ou peut-on le scinder en deux ? Ces questions et bien d&rsquo;autres m&rsquo;am\u00e8nent \u00e0 penser que la science devra intervenir d&rsquo;une mani\u00e8re capitale. La th\u00e9ologie a \u00e9chou\u00e9, la religion a \u00e9chou\u00e9. Je ne pense pas qu&rsquo;il y ait un point de rencontre, en Occident du moins, entre la science et les religions. Mais l&rsquo;Inde peut englober l&rsquo;approche th\u00e9ologique. Toutes les approches de ce genre elle les accepte \u00e0 cent pour cent, mais le syst\u00e8me th\u00e9ologique occidental quant \u00e0 lui, n&rsquo;est pas pr\u00e9par\u00e9 \u00e0 accepter la th\u00e9ologie indienne. Il y a in\u00e9galit\u00e9 des deux c\u00f4t\u00e9s. Nous indiens, nous sommes pr\u00e9par\u00e9s : l&rsquo;acceptation de tous les substrats religieux fait partie de notre discipline th\u00e9ologique. J&rsquo;ai lu beaucoup de livres sur ce th\u00e8me en particulier L&rsquo;\u0152il de Shiva d&rsquo;Amaury de Riencourt (Inter\u00e9ditions, Paris, 1980). Le th\u00e8me de cet ouvrage traite des rapports entre la philosophie indienne et la science.<\/span><\/span><\/span><\/p>\n<p align=\"justify\"><span style=\"color: #000000;\"><span style=\"font-size: medium;\"><span lang=\"fr-CA\"><b>B.N<\/b><\/span><\/span><\/span><span style=\"color: #000000;\"><span style=\"font-size: medium;\"><span lang=\"fr-CA\">. \u2014 J&rsquo;aimerais vous poser une question qui clarifie un peu ce sujet de la rencontre entre la Science et la Tradition. Quel est le r\u00f4le jou\u00e9 dans l&rsquo;histoire par la Tradition occidentale ? En d&rsquo;autres termes, peut-on importer les id\u00e9es orientales sans d\u00e9formations ? Nous avons en Occident une tr\u00e8s riche tradition, par exemple l&rsquo;astrologie, la kabbale, l&rsquo;alchimie, le christianisme \u00e9sot\u00e9rique. Comment va se comporter l&rsquo;Occident face \u00e0 une tradition qui vient de l&rsquo;Orient ? Je suis bien d&rsquo;accord avec vous que la science et le mode oriental de pens\u00e9e ont des points de rencontre. Mais cela suffit-il ? Quel r\u00f4le va pouvoir jouer l&rsquo;Orient dans le processus dont nous parlons ?<\/span><\/span><\/span><\/p>\n<p align=\"justify\"><span style=\"color: #000000;\"><span style=\"font-size: medium;\"><span lang=\"fr-CA\"><b>Sw.S<\/b><\/span><\/span><\/span><span style=\"color: #000000;\"><span style=\"font-size: medium;\"><span lang=\"fr-CA\">. \u2014 Selon moi, l&rsquo;Orient a toujours mis l&rsquo;accent sur l&rsquo;exp\u00e9rience concr\u00e8te et intime \u00e0 des niveaux psychiques, supra-psychiques ou \u00e9sot\u00e9riques. Il n&rsquo;a mis que tr\u00e8s peu l&rsquo;accent sur les explications intellectuelles. Je veux dire qu&rsquo;il n&rsquo;a gu\u00e8re insist\u00e9 sur la th\u00e9orie de la connaissance ou l&rsquo;\u00e9pist\u00e9mologie comme cela se voit dans la philosophie occidentale. En Inde, l&rsquo;\u00e9pist\u00e9mologie n&rsquo;a jamais \u00e9t\u00e9 aussi d\u00e9velopp\u00e9e parce que, chez nous, l&rsquo;exp\u00e9rience passe avant l&rsquo;explication. On vit d&rsquo;abord quelque chose et ensuite on s&rsquo;efforce de l&rsquo;expliquer. Ici, on donne d&rsquo;abord des explications d\u00e9taill\u00e9es et ensuite on s&rsquo;efforce d&rsquo;en faire l&rsquo;exp\u00e9rience. Le probl\u00e8me est d&rsquo;importance non pas en ce qui concerne la valeur compar\u00e9e de l&rsquo;exp\u00e9rience par rapport \u00e0 l&rsquo;explication. Le probl\u00e8me vient \u00e0 partir du moment o\u00f9 l&rsquo;explication fait obstacle, \u00e0 partir du moment o\u00f9 la d\u00e9finition intellectuelle (l&rsquo;explication) devient une cat\u00e9gorie qui s&rsquo;interpose entre le mental et l&rsquo;essor que ce mental veut prendre.<\/span><\/span><\/span><\/p>\n<p align=\"justify\"><span style=\"color: #000000;\"><span style=\"font-size: medium;\"><span lang=\"fr-CA\"><b>B.N.<\/b><\/span><\/span><\/span><span style=\"color: #000000;\"><span style=\"font-size: medium;\"><span lang=\"fr-CA\"> \u2014 Fascination du mental !<\/span><\/span><\/span><\/p>\n<p align=\"justify\"><span style=\"color: #000000;\"><span style=\"font-size: medium;\"><span lang=\"fr-CA\"><b>Sw.S.<\/b><\/span><\/span><\/span><span style=\"color: #000000;\"><span style=\"font-size: medium;\"><span lang=\"fr-CA\"> \u2014 Par exemple, nous tentons de capter le son sous la forme de vibrations, sous la forme d&rsquo;un \u00e9tat de particules, au moment o\u00f9 il se manifeste \u00e0 la mani\u00e8re des quanta. Nous essayons d&rsquo;\u00e9prouver le son \u00e0 l&rsquo;int\u00e9rieur de nous.<\/span><\/span><\/span><\/p>\n<p align=\"justify\"><span style=\"color: #000000;\"><span style=\"font-size: medium;\"><span lang=\"fr-CA\"><b>B.N<\/b><\/span><\/span><\/span><span style=\"color: #000000;\"><span style=\"font-size: medium;\"><span lang=\"fr-CA\">. \u2014 La vibration, vous voulez dire.<\/span><\/span><\/span><\/p>\n<p align=\"justify\"><span style=\"color: #000000;\"><span style=\"font-size: medium;\"><span lang=\"fr-CA\"><b>Sw.S<\/b><\/span><\/span><\/span><span style=\"color: #000000;\"><span style=\"font-size: medium;\"><span lang=\"fr-CA\">. \u2014 Oui. En partant d&rsquo;un certain point nous essayons de la vivre, d&rsquo;\u00e9prouver ses fr\u00e9quences, basses fr\u00e9quences, hautes fr\u00e9quences, etc. Nous ne trouvons aucune barri\u00e8re parce que nous n&rsquo;avons pas encore \u00e9mis d&rsquo;explications.<\/span><\/span><\/span><\/p>\n<p align=\"justify\"><span style=\"color: #000000;\"><span style=\"font-size: medium;\"><span lang=\"fr-CA\"><b>B.N<\/b><\/span><\/span><\/span><span style=\"color: #000000;\"><span style=\"font-size: medium;\"><span lang=\"fr-CA\">. \u2014 Elles viennent apr\u00e8s coup.<\/span><\/span><\/span><\/p>\n<p align=\"justify\"><span style=\"color: #000000;\"><span style=\"font-size: medium;\"><span lang=\"fr-CA\"><b>Sw.S.<\/b><\/span><\/span><\/span><span style=\"color: #000000;\"><span style=\"font-size: medium;\"><span lang=\"fr-CA\"> \u2014 Oui. Une fois l&rsquo;exp\u00e9rience termin\u00e9e nous nous asseyons, et nous d\u00e9crivons notre v\u00e9cu. C&rsquo;est \u00e0 partir de l\u00e0 que les philosophes \u00e9criront la th\u00e9orie de la connaissance si c&rsquo;est possible. L&rsquo;Orient a toujours insist\u00e9 sur la valeur primordiale de l&rsquo;exp\u00e9rience intime et le caract\u00e8re second de la th\u00e9orie et de l&rsquo;\u00e9pist\u00e9mologie, ce qui n&#8217;emp\u00eache pas l&rsquo;\u00e9pist\u00e9mologie d&rsquo;y \u00eatre \u00e9labor\u00e9e et complexe. Ce qui manque \u00e0 l&rsquo;Occident, c&rsquo;est cette exp\u00e9rience v\u00e9cue comme pr\u00e9alable \u00e0 tout le reste.<\/span><\/span><\/span><\/p>\n<p align=\"justify\"><span style=\"color: #000000;\"><span style=\"font-size: medium;\"><span lang=\"fr-CA\"><b>B.N.<\/b><\/span><\/span><\/span><span style=\"color: #000000;\"><span style=\"font-size: medium;\"><span lang=\"fr-CA\"> \u2014 J&rsquo;ai \u00e9t\u00e9 intrigu\u00e9 lorsque dans votre livre <\/span><\/span><\/span><span style=\"color: #000000;\"><span style=\"font-size: medium;\"><span lang=\"fr-CA\"><i>M\u00e9ditations Tantriques<\/i><\/span><\/span><\/span><span style=\"color: #000000;\"><span style=\"font-size: medium;\"><span lang=\"fr-CA\"> vous dites que le mouvement de la science am\u00e8ne beaucoup de gens \u00e0 suivre la voie spirituelle. J&rsquo;aimerais que vous pr\u00e9cisiez ce point, car sur le plan de l&rsquo;exp\u00e9rience on rencontre un premier paradoxe. On a vu de remarquables chercheurs scientifiques, souvent les meilleurs, qui sur le plan de l&rsquo;\u00eatre se r\u00e9v\u00e9laient tout \u00e0 fait m\u00e9diocres, qui n&rsquo;avaient aucune exp\u00e9rience int\u00e9rieure ; cela ne les emp\u00eachait pas de faire des d\u00e9couvertes de la plus grande importance.<\/span><\/span><\/span><\/p>\n<p align=\"justify\"><span style=\"color: #000000;\"><span style=\"font-size: medium;\"><span lang=\"fr-CA\">Notre structure mentale notre mani\u00e8re d&rsquo;approcher la r\u00e9alit\u00e9 scientifique \u2014 nous d\u00e9tourne en quelque sorte de l&rsquo;exp\u00e9rience personnelle subjective, que nous accusons m\u00eame d&rsquo;\u00eatre anti-scientifique. Pour nous, l&rsquo;exp\u00e9rience scientifique doit \u00eatre reproductible. Autrement dit l&rsquo;\u00eatre n&rsquo;est pas reconnu comme valeur, on le consid\u00e8re plut\u00f4t comme un \u00e9cran qui g\u00eane la connaissance scientifique. Alors nous voyons surgir un premier obstacle dans la construction de ce pont entre l&rsquo;Orient et l&rsquo;Occident. Comment amener l&rsquo;exp\u00e9rience (v\u00e9cue) \u00e0 coop\u00e9rer avec ce qu&rsquo;on appelle l&rsquo;exp\u00e9rimentation scientifique et arriver \u00e0 convaincre les chercheurs de l&rsquo;importance de cette rencontre entre l&rsquo;objectif et le subjectif ?<\/span><\/span><\/span><\/p>\n<p align=\"justify\"><span style=\"color: #000000;\"><span style=\"font-size: medium;\"><span lang=\"fr-CA\"><b>Sw.S<\/b><\/span><\/span><\/span><span style=\"color: #000000;\"><span style=\"font-size: medium;\"><span lang=\"fr-CA\">. \u2014 Tout r\u00e9cemment, on a mis en lumi\u00e8re le r\u00f4le que joue la conscience de l&rsquo;observateur dans l&rsquo;exp\u00e9rimentation ou m\u00eame dans la perception. Cette conscience modifie la nature des perceptions, la nature de l&rsquo;objet observ\u00e9 et donc influence l&rsquo;exp\u00e9rimentation. C&rsquo;est cette conscience qui est importante. M\u00eame si on ne l&rsquo;accepte pas, m\u00eame si on ne veut pas la faire intervenir dans le domaine de la science (pour l&rsquo;instant), il nous faut d\u00e9velopper cette conscience et cela de telle sorte qu&rsquo;elle ne modifie pas l&rsquo;objet, qu&rsquo;elle ne modifie pas la qualit\u00e9 de l&rsquo;exp\u00e9rimentation. Il ne faut pas que dans l&rsquo;exp\u00e9rimentation la conscience du chercheur, de l&rsquo;observateur, du scientifique, devienne le facteur d\u00e9cisif. Sans aucun doute la conscience doit \u00e9voluer et c&rsquo;est l\u00e0 que les pratiques de yoga s&rsquo;imposent. Voil\u00e0 pour le premier point.<\/span><\/span><\/span><\/p>\n<p align=\"justify\"><span style=\"color: #000000;\"><span style=\"font-size: medium;\"><span lang=\"fr-CA\">Passons au second. Selon mon opinion, si l&rsquo;exp\u00e9rience passe en premier, le scientifique peut vraiment travailler dans le domaine objectif. Ou bien vous continuez \u00e0 exp\u00e9rimenter dans le domaine objectif et vous arrivez \u00e0 une conclusion, ou bien vous arrivez \u00e0 une conclusion d&rsquo;abord et vous faites la v\u00e9rification exp\u00e9rimentale ensuite.<\/span><\/span><\/span><\/p>\n<p align=\"justify\"><span style=\"color: #000000;\"><span style=\"font-size: medium;\"><span lang=\"fr-CA\"><b>B.N.<\/b><\/span><\/span><\/span><span style=\"color: #000000;\"><span style=\"font-size: medium;\"><span lang=\"fr-CA\"> \u2014 Clarifions ce point. Nous parlons d&rsquo;exp\u00e9rience scientifique en Occident pour tester la nature : comment elle est constitu\u00e9e, comment elle s&rsquo;exprime. Cette merveilleuse machine qu&rsquo;est la nature on va l&rsquo;explorer avec des instruments, simples prolongations de nos organes sensoriels, instruments dont nous pensons qu&rsquo;ils sont adapt\u00e9s \u00e0 une connaissance objective.<\/span><\/span><\/span><\/p>\n<p align=\"justify\"><span style=\"color: #000000;\"><span style=\"font-size: medium;\"><span lang=\"fr-CA\"><b>Sw.S<\/b><\/span><\/span><\/span><span style=\"color: #000000;\"><span style=\"font-size: medium;\"><span lang=\"fr-CA\">. \u2014 D&rsquo;accord.<\/span><\/span><\/span><\/p>\n<p align=\"justify\"><span style=\"color: #000000;\"><span style=\"font-size: medium;\"><span lang=\"fr-CA\"><b>B.N<\/b><\/span><\/span><\/span><span style=\"color: #000000;\"><span style=\"font-size: medium;\"><span lang=\"fr-CA\">. \u2014 Mais nous ne reconnaissons jamais nos sentiments, nos perceptions, comme des sortes d&rsquo;instruments. Le seul instrument que nous acceptions comme tel est notre cerveau. Le cerveau nous l&rsquo;acceptons comme \u00e9tant un instrument de connaissance. Alors vous le voyez, il y a d\u00e9j\u00e0 une barri\u00e8re dans la compr\u00e9hension du mot \u00ab exp\u00e9rience \u00bb.<\/span><\/span><\/span><\/p>\n<p align=\"justify\"><span style=\"color: #000000;\"><span style=\"font-size: medium;\"><span lang=\"fr-CA\"><b>Sw.S<\/b><\/span><\/span><\/span><span style=\"color: #000000;\"><span style=\"font-size: medium;\"><span lang=\"fr-CA\">. \u2014 Tout \u00e0 fait. Je crois que ce que la science a fait jusqu&rsquo;ici sous la forme de l&rsquo;exp\u00e9rimentation qui prolonge les capacit\u00e9s sensorielles de l&rsquo;homme, repr\u00e9sente sans contredit une base s\u00fbre. Il nous fait \u00ab faire avec \u00bb. Nous ne pouvons-nous inscrire en faux contre cette d\u00e9marche. Elle a permis de rendre les choses plus accessibles et possibles au plus grand nombre. Tout le monde ne peut pas faire d&rsquo;exp\u00e9rimentations. Un seul en fait ou quelques-uns. Mais ces chercheurs tirent des conclusions g\u00e9n\u00e9rales valables pour tous. On ne peut remettre en question l&rsquo;approche objective de la nature, l&rsquo;approche objective de la philosophie. L&rsquo;approche objective de n&rsquo;importe quel processus est une n\u00e9cessit\u00e9. M\u00eame jadis lorsque le syst\u00e8me de l&rsquo;Ayurveda [<a class=\"sdfootnoteanc\" href=\"#sdfootnote1sym\" name=\"sdfootnote1anc\"><sup>1<\/sup><\/a>] pr\u00e9valait, on pratiquait la biologie, la chimie, la pharmacie et les scientifiques de l&rsquo;\u00e9poque ne n\u00e9gligeaient pas de mettre en parall\u00e8le l&rsquo;exp\u00e9rience int\u00e9rieure et l&rsquo;exp\u00e9rimentation. Il nous faut rapprocher la vision int\u00e9rieure de la science et les amener pour ainsi dire \u00e0 se rejoindre. Il faut r\u00e9concilier deux mentalit\u00e9s. Y arriver est essentiel.<\/span><\/span><\/span><\/p>\n<p align=\"justify\"><span style=\"color: #000000;\"><span style=\"font-size: medium;\"><span lang=\"fr-CA\"><b>B.N.<\/b><\/span><\/span><\/span><span style=\"color: #000000;\"><span style=\"font-size: medium;\"><span lang=\"fr-CA\"> \u2014 Vous voulez dire que c&rsquo;est l\u00e0 la condition pour que naisse quelque chose de neuf ? Ou que quelque chose d&rsquo;ancien renaisse ?<\/span><\/span><\/span><\/p>\n<p align=\"justify\"><span style=\"color: #000000;\"><span style=\"font-size: medium;\"><span lang=\"fr-CA\"><b>Sw.S<\/b><\/span><\/span><\/span><span style=\"color: #000000;\"><span style=\"font-size: medium;\"><span lang=\"fr-CA\">. \u2014 C&rsquo;est la condition de bien des choses ! Le rapprochement dont nous parlons aura pour effet d&rsquo;adoucir les divergences, parce qu&rsquo;il faudra pour le bien de l&rsquo;humanit\u00e9, pour le bien de la future g\u00e9n\u00e9ration que les divergences s&rsquo;amenuisent. Qu&rsquo;elles soient d&rsquo;ordre philosophique, social, \u00e9conomique, politique, religieux, il faudra qu&rsquo;elles diminuent de mani\u00e8re \u00e0 ce que la r\u00e9alit\u00e9 de l&rsquo;unit\u00e9 se fasse sentir plus que les diff\u00e9rences. Ceci est le premier point.<\/span><\/span><\/span><\/p>\n<p align=\"justify\"><span style=\"color: #000000;\"><span style=\"font-size: medium;\"><span lang=\"fr-CA\">Le second concerne la cr\u00e9ation d&rsquo;un terrain d&rsquo;entente. Par exemple quand deux id\u00e9ologies sont mises en contact sur la base d&rsquo;une atmosph\u00e8re de compr\u00e9hension mutuelle, moi je peux accepter ce qu&rsquo;il y a de meilleur en vous et vous ce qu&rsquo;il y a de meilleur en moi. \u00c0 ce moment on arrive \u00e0 une nouvelle conclusion. Parce que vous vous avez votre conclusion, moi, j&rsquo;ai la mienne. S&rsquo;il existe une volont\u00e9 mutuelle de comprendre le point de vue de l&rsquo;autre, alors on peut arriver peut-\u00eatre \u00e0 une troisi\u00e8me conclusion, toute neuve.<\/span><\/span><\/span><\/p>\n<p align=\"justify\"><span style=\"color: #000000;\"><span style=\"font-size: medium;\"><span lang=\"fr-CA\">Je crois que cela est crucial pour l&rsquo;avenir de l&rsquo;humanit\u00e9. Je vois dans le monde tellement de haines politiques et religieuses&#8230;<\/span><\/span><\/span><\/p>\n<p align=\"justify\"><span style=\"color: #000000;\"><span style=\"font-size: medium;\"><span lang=\"fr-CA\"><b>B.N<\/b><\/span><\/span><\/span><span style=\"color: #000000;\"><span style=\"font-size: medium;\"><span lang=\"fr-CA\">. \u2014 Tout le monde les voit, c&rsquo;est s\u00fbr, mais personne n&rsquo;y peut rien.<\/span><\/span><\/span><\/p>\n<p align=\"justify\"><span style=\"color: #000000;\"><span style=\"font-size: medium;\"><span lang=\"fr-CA\"><b>Sw.S<\/b><\/span><\/span><\/span><span style=\"color: #000000;\"><span style=\"font-size: medium;\"><span lang=\"fr-CA\">. \u2014 On n&rsquo;y peut rien, parce qu&rsquo;on essaye de r\u00e9sorber les plaies superficiellement.<\/span><\/span><\/span><\/p>\n<p align=\"justify\"><span style=\"color: #000000;\"><span style=\"font-size: medium;\"><span lang=\"fr-CA\"><b>B.N.<\/b><\/span><\/span><\/span><span style=\"color: #000000;\"><span style=\"font-size: medium;\"><span lang=\"fr-CA\"> \u2014 En partant des diff\u00e9rences sans faire intervenir une communaut\u00e9 de vues et de vies.<\/span><\/span><\/span><\/p>\n<p align=\"justify\"><span style=\"color: #000000;\"><span style=\"font-size: medium;\"><span lang=\"fr-CA\"><b>Sw.S<\/b><\/span><\/span><\/span><span style=\"color: #000000;\"><span style=\"font-size: medium;\"><span lang=\"fr-CA\">. \u2014 Les diff\u00e9rences sont en surface, certes.<\/span><\/span><\/span><\/p>\n<p align=\"justify\"><span style=\"color: #000000;\"><span style=\"font-size: medium;\"><span lang=\"fr-CA\"><b>B.N<\/b><\/span><\/span><\/span><span style=\"color: #000000;\"><span style=\"font-size: medium;\"><span lang=\"fr-CA\">. \u2014 Suivons cette id\u00e9e. Vous avez prononc\u00e9 le mot de \u00ab mati\u00e8re \u00bb et je pense que ce concept est essentiel pour comprendre les diff\u00e9rences et les possibilit\u00e9s d&rsquo;un syst\u00e8me de valeurs commun.<\/span><\/span><\/span><\/p>\n<p align=\"justify\"><span style=\"color: #000000;\"><span style=\"font-size: medium;\"><span lang=\"fr-CA\">Quelle est votre vision de la mati\u00e8re ? Ce concept de mati\u00e8re n&rsquo;est plus le m\u00eame qu&rsquo;autrefois. La mati\u00e8re n&rsquo;est plus substance. Pour nous la mati\u00e8re est devenue \u00e9nergie-mati\u00e8re.<\/span><\/span><\/span><\/p>\n<p align=\"justify\"><span style=\"color: #000000;\"><span style=\"font-size: medium;\"><span lang=\"fr-CA\"><b>Sw.S<\/b><\/span><\/span><\/span><span style=\"color: #000000;\"><span style=\"font-size: medium;\"><span lang=\"fr-CA\">. \u2014 Je le sais bien.<\/span><\/span><\/span><\/p>\n<p align=\"justify\"><span style=\"color: #000000;\"><span style=\"font-size: medium;\"><span lang=\"fr-CA\"><b>B.N<\/b><\/span><\/span><\/span><span style=\"color: #000000;\"><span style=\"font-size: medium;\"><span lang=\"fr-CA\">. \u2014 Vous avez fait allusion au principe d&rsquo;Heisenberg quand vous disiez que, dans une certaine mesure, l&rsquo;observateur et la chose observ\u00e9e ne font qu&rsquo;un. Il y a une vision quantique de la r\u00e9alit\u00e9, mais elle n&rsquo;est pas tr\u00e8s connue.<\/span><\/span><\/span><\/p>\n<p align=\"justify\"><span style=\"color: #000000;\"><span style=\"font-size: medium;\"><span lang=\"fr-CA\">Nous acceptons les cons\u00e9quences pratiques de nos exp\u00e9riences mais pas vraiment ce qu&rsquo;il y a derri\u00e8re. Il y a une mauvaise interpr\u00e9tation, un malentendu concernant l&rsquo;implication de la vision quantique du monde. L&rsquo;implication concerne diff\u00e9rents niveaux de la mati\u00e8re, du monde. Vous semblez dans vos ouvrages affirmer la m\u00eame chose. Il serait int\u00e9ressant d&rsquo;en discuter ici.<\/span><\/span><\/span><\/p>\n<p align=\"justify\"><span style=\"color: #000000;\"><span style=\"font-size: medium;\"><span lang=\"fr-CA\"><b>Sw.S<\/b><\/span><\/span><\/span><span style=\"color: #000000;\"><span style=\"font-size: medium;\"><span lang=\"fr-CA\">. \u2014 Vous voyez que dans la philosophie du Samkhya et dans la vision du Yoga en g\u00e9n\u00e9ral, on met en avant le couple Conscience-Energie.<\/span><\/span><\/span><\/p>\n<p align=\"justify\"><span style=\"color: #000000;\"><span style=\"font-size: medium;\"><span lang=\"fr-CA\">La conscience a nom Purusha et la nature s&rsquo;appelle Prakriti, ce qui veut dire Nature avec un N majuscule et c&rsquo;est elle qui est mati\u00e8re. Or Prakriti se pr\u00e9sente sous deux esp\u00e8ces. L&rsquo;une est la forme empirique des choses manifest\u00e9es et la seconde c&rsquo;est ce qui est inh\u00e9rent \u00e0 la manifestation, cette autre forme subtile qu&rsquo;on appelle \u00e9nergie. Les Indiens l&rsquo;appellent Shakti. Shakti signifie \u00e9nergie. Parfois ils l&rsquo;appellent la Prakriti inh\u00e9rente. C&rsquo;est la nature inh\u00e9rente \u00e0 la Nature. Donc il existe deux formes : l&rsquo;une qui est tout l&rsquo;univers, le monde global de la cr\u00e9ation, les \u00e9l\u00e9ments, tout ce qui repr\u00e9sente la forme grossi\u00e8re de la mati\u00e8re. Mais derri\u00e8re cette forme grossi\u00e8re, se trouve le principe inh\u00e9rent de Shakti \u2014 tout le r\u00e9seau de la Shakti. Et ce principe inh\u00e9rent qu&rsquo;est la Shakti a ses propres lois. Ces lois sont secr\u00e8tes \u2014 ce sont justement ces lois que les chercheurs comme vous dans la physique subnucl\u00e9aire sont entrain de d\u00e9couvrir. Ces lois concernent le comportement souvent bizarre, la structure, la qualit\u00e9, la quantit\u00e9, la d\u00e9termination ou l&rsquo;ind\u00e9termination, tout ce que vous avez remarqu\u00e9 dans ce principe intelligent qu&rsquo;on appelle la Shakti. Mais la conscience dont nous parlons \u2014 le Purusha \u2014 c&rsquo;est quelque chose d&rsquo;autre.<\/span><\/span><\/span><\/p>\n<p align=\"justify\"><span style=\"color: #000000;\"><span style=\"font-size: medium;\"><span lang=\"fr-CA\"><b>B.N<\/b><\/span><\/span><\/span><span style=\"color: #000000;\"><span style=\"font-size: medium;\"><span lang=\"fr-CA\">. \u2014 Parfait. Mais expliquez-moi ce que vous voulez dire dans <\/span><\/span><\/span><span style=\"color: #000000;\"><span style=\"font-size: medium;\"><span lang=\"fr-CA\"><i>M\u00e9ditations Tantriques<\/i><\/span><\/span><\/span><span style=\"color: #000000;\"><span style=\"font-size: medium;\"><span lang=\"fr-CA\"> lorsque vous \u00e9crivez que \u00ab selon le yoga, les cellules de notre corps ont une conscience \u00bb. C&rsquo;est une phrase qui m&rsquo;a intrigu\u00e9 parce que si tout est dou\u00e9 de conscience, quel est le r\u00f4le sp\u00e9cifique de l&rsquo;homme ? Vous avez dit que la conscience est quelque chose de plus haut. Or, si la conscience dont vous parlez se situe \u00e0 tous les niveaux de la mati\u00e8re, au niveau des particules, des cellules, quel est le sens des \u00ab niveaux \u00bb ?<\/span><\/span><\/span><\/p>\n<p align=\"justify\"><span style=\"color: #000000;\"><span style=\"font-size: medium;\"><span lang=\"fr-CA\"><b>Sw.S.<\/b><\/span><\/span><\/span><span style=\"color: #000000;\"><span style=\"font-size: medium;\"><span lang=\"fr-CA\"> \u2014 Ce mot particulier de conscience que j&#8217;emploie dans mon livre <\/span><\/span><\/span><span style=\"color: #000000;\"><span style=\"font-size: medium;\"><span lang=\"fr-CA\"><i>M\u00e9ditations Tantriques<\/i><\/span><\/span><\/span><span style=\"color: #000000;\"><span style=\"font-size: medium;\"><span lang=\"fr-CA\"> d\u00e9signe un principe intelligent. Il ne s&rsquo;agit pas de Conscience avec un C majuscule. Il n&rsquo;y a probl\u00e8me qu&rsquo;au niveau du vocabulaire.<\/span><\/span><\/span><\/p>\n<p align=\"justify\"><span style=\"color: #000000;\"><span style=\"font-size: medium;\"><span lang=\"fr-CA\"><b>B.N<\/b><\/span><\/span><\/span><span style=\"color: #000000;\"><span style=\"font-size: medium;\"><span lang=\"fr-CA\">. \u2014 Je comprends. En rapport avec ceci, vous disiez dans le m\u00eame ouvrage que la m\u00e9ditation peut servir la recherche sur l&rsquo;ADN. Que voulez-vous dire ? Pouvons-nous vraiment entrer en contact, par notre exp\u00e9rience de l&rsquo;\u00e9nergie, avec ces cellules ? Notre corps comporte un nombre tr\u00e8s consid\u00e9rable de cellules, de particules qui ont leurs lois particuli\u00e8res. Plus nous plongeons dans cet univers de cellules, plus nous d\u00e9couvrons \u2014physiquement \u2014 des lois sp\u00e9cifiques et paradoxales qui concernent l&rsquo;infiniment petit, des lois qui sont absolument diff\u00e9rentes, aux antipodes, de ce que nous voyons \u00e0 notre niveau ordinaire.<\/span><\/span><\/span><\/p>\n<p align=\"justify\"><span style=\"color: #000000;\"><span style=\"font-size: medium;\"><span lang=\"fr-CA\">Alors, j&rsquo;aimerais savoir quelle aide la m\u00e9ditation peut nous apporter pour les comprendre. Nous aidera-t-elle \u00e0 passer de l&rsquo;\u00e9chelle du corps dense \u00e0 ce niveau vibratoire qui est celui des cellules ?<\/span><\/span><\/span><\/p>\n<p align=\"justify\"><span style=\"color: #000000;\"><span style=\"font-size: medium;\"><span lang=\"fr-CA\"><b>Sw.S<\/b><\/span><\/span><\/span><span style=\"color: #000000;\"><span style=\"font-size: medium;\"><span lang=\"fr-CA\">. \u2014 Lorsque la m\u00e9ditation authentique a lieu, la conscience devient tr\u00e8s subtile et le foss\u00e9 qui existe entre le temps et l&rsquo;espace diminue. \u00c0 ce moment-l\u00e0, quel que soit l&rsquo;objet \u2014 m\u00eame une particule \u2014 sur lequel vous fixez votre conscience, celle-ci l&rsquo;agrandit. Je veux dire qu&rsquo;elle amplifie, qu&rsquo;elle en fait un agrandissement pour le mental. Utilisons le mot \u00ab mental \u00bb pour plus de commodit\u00e9. Votre mental devient un microscope. Il devient d&rsquo;une efficacit\u00e9 \u00e9tonnante. Il atteint alors \u00e0 une telle excellence qu&rsquo;il n&rsquo;est plus entrav\u00e9 par les limitations des sens ext\u00e9rieurs.<\/span><\/span><\/span><\/p>\n<p align=\"justify\"><span style=\"color: #000000;\"><span style=\"font-size: medium;\"><span lang=\"fr-CA\"><b>B.N.<\/b><\/span><\/span><\/span><span style=\"color: #000000;\"><span style=\"font-size: medium;\"><span lang=\"fr-CA\"> \u2014 C&rsquo;est ce que vous appelez \u00ab le retrait des sens \u00bb.<\/span><\/span><\/span><\/p>\n<p align=\"justify\"><span style=\"color: #000000;\"><span style=\"font-size: medium;\"><span lang=\"fr-CA\"><b>Sw.S.<\/b><\/span><\/span><\/span><span style=\"color: #000000;\"><span style=\"font-size: medium;\"><span lang=\"fr-CA\"> \u2014 Plus encore. \u00c0 ce moment-l\u00e0, la connaissance que je peux avoir ne d\u00e9pend plus du tout des sens. D&rsquo;habitude, si les sens ne coop\u00e8rent pas avec le mental, je ne peux rien conna\u00eetre. Quand je m&rsquo;int\u00e9riorise, je puis penser avec mon mental. \u00c0 ce niveau ordinaire mon mental poss\u00e8de des barri\u00e8res, des limitations, sans aucun doute. Mais au moment de la v\u00e9ritable m\u00e9ditation, la limitation du mental s&rsquo;efface parce que mon mental ne fonctionne pas dans le vaste champ du temps et de l&rsquo;espace. Il fonctionne dans un champ spatio-temporel restreint, au point que peut-\u00eatre ils se rejoignent. Si un \u00e9tat de ce genre survient, quel que soit l&rsquo;objet sur lequel se porte votre conscience, elle l&rsquo;\u00e9largit. C&rsquo;est le premier point.<\/span><\/span><\/span><\/p>\n<p align=\"justify\"><span style=\"color: #000000;\"><span style=\"font-size: medium;\"><span lang=\"fr-CA\">Le second point est le suivant : dans ce corps physique, il existe certains centres et chacun de ces centres est en relation avec des zones particuli\u00e8res. Si vous arrivez \u00e0 fixer votre mental sur l&rsquo;un de ces centres, vous pouvez augmenter le courant \u00e9nerg\u00e9tique, appelez-le influx d&rsquo;\u00e9nergie ou ce que vous voulez mais il y a augmentation de puissance. Lorsque la visualisation devient forte, elle peut produire un effet ext\u00e9rieur, un effet perceptible sur le corps. C&rsquo;est ce qu&rsquo;a constat\u00e9 le Dr. Ainslee Meares et aussi le Dr. Carl Simonton [<a class=\"sdfootnoteanc\" href=\"#sdfootnote2sym\" name=\"sdfootnote2anc\"><sup>2<\/sup><\/a>]. Ils l&rsquo;ont v\u00e9rifi\u00e9. Par le processus de la visualisation, ils ont influenc\u00e9 le comportement des globules blancs. Cette exp\u00e9rience a \u00e9t\u00e9 faite en Australie par le Dr. Meares et \u00e0 l&rsquo;Universit\u00e9 de Stanford aux USA par le Dr. Simonton. Ces m\u00e9decins demandent \u00e0 leurs patients de visualiser les globules blancs attaquant les cellules canc\u00e9reuses et j&rsquo;ajoute que les patients qui \u00e9taient soign\u00e9s ainsi n&rsquo;\u00e9taient pas des yogis.<\/span><\/span><\/span><\/p>\n<p align=\"justify\"><span style=\"color: #000000;\"><span style=\"font-size: medium;\"><span lang=\"fr-CA\"><b>B.N.<\/b><\/span><\/span><\/span><span style=\"color: #000000;\"><span style=\"font-size: medium;\"><span lang=\"fr-CA\"> \u2014 Quelle est la nature de cette \u00e9nergie ? Pourriez-vous dire que tout ce qui existe est mati\u00e8re-\u00e9nergie ? Alors, tout serait mat\u00e9riel. Cette \u00e9nergie qui habite nos cellules est-elle aussi mat\u00e9rielle ?<\/span><\/span><\/span><\/p>\n<p align=\"justify\"><span style=\"color: #000000;\"><span style=\"font-size: medium;\"><span lang=\"fr-CA\"><b>Sw.S. <\/b><\/span><\/span><\/span><span style=\"color: #000000;\"><span style=\"font-size: medium;\"><span lang=\"fr-CA\">\u2014 Il y a en Inde, voyez-vous, deux \u00e9coles distinctes de philosophie, je veux \u00e9coles deux \u2014 parmi d&rsquo;autres.<\/span><\/span><\/span><\/p>\n<p align=\"justify\"><span style=\"color: #000000;\"><span style=\"font-size: medium;\"><span lang=\"fr-CA\">L&rsquo;une de ces philosophies est dualiste, l&rsquo;autre est moniste. Les monistes affirment l&rsquo;existence d&rsquo;une conscience absolue \u00e0 partir de laquelle tout se manifeste. C&rsquo;est ma philosophie de base, je veux dire celle qui m&rsquo;a \u00e9t\u00e9 inculqu\u00e9e, mais je n&rsquo;y crois pas. Ma pens\u00e9e, autant que je puisse le savoir, est dualiste. Je crois que ce qu&rsquo;on appelle la Conscience (avec une majuscule) et la Mati\u00e8re, le Purusha et la Prakriti, l&rsquo;Esprit et la Mati\u00e8re si vous voulez, sont co-\u00e9ternels mais jamais confondus. La mati\u00e8re peut atteindre \u00e0 des niveaux de subtilit\u00e9s diff\u00e9rents, se manifester comme pure \u00e9nergie \u2014 serait-ce sous la forme d&rsquo;une pens\u00e9e, d&rsquo;un savoir, d&rsquo;une exp\u00e9rience, ou peut-\u00eatre d&rsquo;une onde ou pourquoi pas d&rsquo;une id\u00e9e qu&rsquo;on pourrait transmettre \u00e0 6000 km d&rsquo;ici, elle peut atteindre des fr\u00e9quences vari\u00e9es, mais ce ne seront pas des fr\u00e9quences spirituelles. Celles-ci sont d&rsquo;un autre ordre.<\/span><\/span><\/span><\/p>\n<p align=\"justify\"><span style=\"color: #000000;\"><span style=\"font-size: medium;\"><span lang=\"fr-CA\"><b>B.N. <\/b><\/span><\/span><\/span><span style=\"color: #000000;\"><span style=\"font-size: medium;\"><span lang=\"fr-CA\">\u2014 Les deux plans ne communiquent-ils pas ?<\/span><\/span><\/span><\/p>\n<p align=\"justify\"><span style=\"color: #000000;\"><span style=\"font-size: medium;\"><span lang=\"fr-CA\"><b>Sw.S. <\/b><\/span><\/span><\/span><span style=\"color: #000000;\"><span style=\"font-size: medium;\"><span lang=\"fr-CA\">\u2014 Il existe une certaine communication dans le champ du manifest\u00e9, mais quand vous plongez dans les profondeurs de la m\u00e9ditation pure, la communication cesse. Sur le plan ordinaire il y a communication. C&rsquo;est pourquoi l&rsquo;exp\u00e9rience est rendue possible, ainsi que la diversit\u00e9 des connaissances les permutations, les combinaisons entre la Prakriti et le Purusha (la Mati\u00e8re et l&rsquo;Esprit) ont lieu ici. Mais lorsque vous entrez en samadhi, en m\u00e9ditation profonde, v\u00e9ritablement transcendantale, ils sont s\u00e9par\u00e9s, compl\u00e8tement s\u00e9par\u00e9s.<\/span><\/span><\/span><\/p>\n<p align=\"justify\"><span style=\"color: #000000;\"><span style=\"font-size: medium;\"><span lang=\"fr-CA\"><b>2<\/b><\/span><\/span><\/span><span style=\"color: #000000;\"><sup><span style=\"font-size: medium;\"><span lang=\"fr-CA\"><b>e<\/b><\/span><\/span><\/sup><\/span><span style=\"color: #000000;\"><span style=\"font-size: medium;\"><span lang=\"fr-CA\"><b> PARTIE: EXP\u00c9RIENCE INT\u00c9RIEURE ET \u00c9VOLUTION<\/b><\/span><\/span><\/span><\/p>\n<p align=\"justify\"><span style=\"color: #000000;\"><span style=\"font-size: medium;\"><span lang=\"fr-CA\"><b>B.N.<\/b><\/span><\/span><\/span><span style=\"color: #000000;\"><span style=\"font-size: medium;\"><span lang=\"fr-CA\"> \u2014 Dans <\/span><\/span><\/span><span style=\"color: #000000;\"><span style=\"font-size: medium;\"><span lang=\"fr-CA\"><i>M\u00e9ditations Tantriques<\/i><\/span><\/span><\/span><span style=\"color: #000000;\"><span style=\"font-size: medium;\"><span lang=\"fr-CA\"> vous parlez de diff\u00e9rents niveaux du corps, quatre ou cinq je crois. Certains sont pr\u00e9sent\u00e9s comme tr\u00e8s tangibles. On peut y avoir acc\u00e8s par divers mouvements \u00e9nerg\u00e9tiques. Par exemple notre second corps est-il accessible \u00e0 l&rsquo;exp\u00e9rimentation scientifique ?<\/span><\/span><\/span><\/p>\n<p align=\"justify\"><span style=\"color: #000000;\"><span style=\"font-size: medium;\"><span lang=\"fr-CA\"><b>Sw.S<\/b><\/span><\/span><\/span><span style=\"color: #000000;\"><span style=\"font-size: medium;\"><span lang=\"fr-CA\">. \u2014 Bien s\u00fbr ! Le corps pranique nous est devenu accessible. Je peux vous citer les r\u00e9sultats du professeur japonais Hiroshi Mitoyama qui est conf\u00e9rencier \u00e0 l&rsquo;universit\u00e9 de Tokyo. Il est shinto\u00efste de religion et sp\u00e9cialis\u00e9 dans l&rsquo;acupuncture. Il a mont\u00e9 un laboratoire tr\u00e8s bien \u00e9quip\u00e9 que je suis all\u00e9 voir, parce que je suis en train d&rsquo;en monter un du m\u00eame type en Inde.<\/span><\/span><\/span><\/p>\n<p align=\"justify\"><span style=\"color: #000000;\"><span style=\"font-size: medium;\"><span lang=\"fr-CA\">Il a \u00e9crit de nombreux ouvrages en japonais et en anglais aussi \u2014 sur les r\u00e9sultats obtenus. Il a invent\u00e9 une machine qu&rsquo;il a appel\u00e9 \u00ab chakra machine \u00bb. De m\u00eame que vous avez des machines pour enregistrer les ondes c\u00e9r\u00e9brales EEG, lui enregistre les ondes des chakras. Il enregistre sur photographies et en vid\u00e9o les courants praniques. L&rsquo;exp\u00e9rimentation se fait de la fa\u00e7on suivante : dans une pi\u00e8ce absolument noire, un homme ou une femme m\u00e9dite sur un centre particulier, par exemple Muladhara Chakra [<a class=\"sdfootnoteanc\" href=\"#sdfootnote3sym\" name=\"sdfootnote3anc\"><sup>3<\/sup><\/a>], et par une concentration intense y fixe le mental, tandis que la cam\u00e9ra enregistre. Et elle a enregistr\u00e9 des \u00e9tincelles lumineuses qui vont et viennent, \u00e9clatent \u00e7\u00e0 et l\u00e0 dans le corps pranique. Il reste encore beaucoup de recherches \u00e0 faire, la science n&rsquo;est jamais arriv\u00e9e au terme, mais ici un nouveau ph\u00e9nom\u00e8ne a \u00e9t\u00e9 d\u00e9montr\u00e9 qui n&rsquo;est pas sans lien avec la photographie Kirlian.<\/span><\/span><\/span><\/p>\n<p align=\"justify\"><span style=\"color: #000000;\"><span style=\"font-size: medium;\"><span lang=\"fr-CA\"><b>B.N<\/b><\/span><\/span><\/span><span style=\"color: #000000;\"><span style=\"font-size: medium;\"><span lang=\"fr-CA\">. \u2014 Que l&rsquo;on conna\u00eet depuis longtemps. On a m\u00eame \u00e9mis des r\u00e9serves \u00e0 son encontre et une pol\u00e9mique a eu lieu \u00e0 propos de l&rsquo;effet Kirlian.<\/span><\/span><\/span><\/p>\n<p align=\"justify\"><span style=\"color: #000000;\"><span style=\"font-size: medium;\"><span lang=\"fr-CA\"><b>Sw.S<\/b><\/span><\/span><\/span><span style=\"color: #000000;\"><span style=\"font-size: medium;\"><span lang=\"fr-CA\">. \u2014 Mais la question a \u00e9t\u00e9 abondamment travaill\u00e9e. J&rsquo;y ai particip\u00e9 moi-m\u00eame. Un jour, j&rsquo;ai pris la photo Kirlian d&rsquo;une personne. Elle n&rsquo;avait pas d&rsquo;aura et au bout de quelques jours cette personne est morte. Ce qui veut dire que ses \u00e9nergies praniques avaient reflu\u00e9. Sa force vitale \u00e9tait \u00e0 z\u00e9ro.<\/span><\/span><\/span><\/p>\n<p align=\"justify\"><span style=\"color: #000000;\"><span style=\"font-size: medium;\"><span lang=\"fr-CA\">Je suis certain qu&rsquo;il existe une dimension de l&rsquo;\u00e9nergie vitale qu&rsquo;on peut amener au niveau de l&rsquo;investigation scientifique.<\/span><\/span><\/span><\/p>\n<p align=\"justify\"><span style=\"color: #000000;\"><span style=\"font-size: medium;\"><span lang=\"fr-CA\">Ce n&rsquo;est pas tout. On sait maintenant que la respiration exerce des effets au niveau des h\u00e9misph\u00e8res c\u00e9r\u00e9braux par l&rsquo;effet d&rsquo;impulsions \u00e9lectromagn\u00e9tiques. Nous n&rsquo;en sommes qu&rsquo;aux balbutiements et pourtant l&rsquo;homme a toujours respir\u00e9. J&rsquo;ai lu r\u00e9cemment un livre o\u00f9 l&rsquo;auteur qui est un chercheur scientifique dit que toutes les heures, il y a une temp\u00eate dans le cerveau [<a class=\"sdfootnoteanc\" href=\"#sdfootnote4sym\" name=\"sdfootnote4anc\"><sup>4<\/sup><\/a>]. On peut dire que le corps pranique est maintenant entr\u00e9 dans le champ de l&rsquo;exploration scientifique.<\/span><\/span><\/span><\/p>\n<p align=\"justify\"><span style=\"color: #000000;\"><span style=\"font-size: medium;\"><span lang=\"fr-CA\"><b>B.N<\/b><\/span><\/span><\/span><span style=\"color: #000000;\"><span style=\"font-size: medium;\"><span lang=\"fr-CA\">. \u2014 Cette \u00ab chakra machine \u00bb semble \u00eatre tr\u00e8s int\u00e9ressante. Si elle est vraiment efficace sur le plan scientifique, ce sera le meilleur argument pour convaincre les gens de l&rsquo;existence de plans subtils de la mati\u00e8re. Il faudra que ce genre d&rsquo;exp\u00e9rimentation se r\u00e9pande et soit r\u00e9p\u00e9t\u00e9 par d&rsquo;autres groupes ailleurs.<\/span><\/span><\/span><\/p>\n<p align=\"justify\"><span style=\"color: #000000;\"><span style=\"font-size: medium;\"><span lang=\"fr-CA\"><b>Sw.S<\/b><\/span><\/span><\/span><span style=\"color: #000000;\"><span style=\"font-size: medium;\"><span lang=\"fr-CA\">. \u2014 Oui, le professeur Motoyama voyage beaucoup dans le monde et il a \u00e9crit des livres sur la question.<\/span><\/span><\/span><\/p>\n<p align=\"justify\"><span style=\"color: #000000;\"><span style=\"font-size: medium;\"><span lang=\"fr-CA\"><b>B.N<\/b><\/span><\/span><\/span><span style=\"color: #000000;\"><span style=\"font-size: medium;\"><span lang=\"fr-CA\">. \u2014 Il faudra qu&rsquo;il ne soit pas le seul \u00e0 le dire !<\/span><\/span><\/span><\/p>\n<p align=\"justify\"><span style=\"color: #000000;\"><span style=\"font-size: medium;\"><span lang=\"fr-CA\"><b>Sw.S<\/b><\/span><\/span><\/span><span style=\"color: #000000;\"><span style=\"font-size: medium;\"><span lang=\"fr-CA\">. \u2014 Oui, bien s\u00fbr. \u00c0 ce propos, je crois qu&rsquo;on a publi\u00e9 r\u00e9cemment aux Etats-Unis un livre sur la m\u00e9ditation. C&rsquo;est un ouvrage collectif qui fait \u00e9tat des recherches de trois ou quatre cents m\u00e9decins. Elles d\u00e9crivent les effets de la m\u00e9ditation sur diff\u00e9rents aspects de la mati\u00e8re. C&rsquo;est une sorte de livre de r\u00e9f\u00e9rence tr\u00e8s technique. Je le poss\u00e8de dans ma biblioth\u00e8que en Inde. Mais c&rsquo;est un \u00e9norme travail que de le lire en entier.<\/span><\/span><\/span><\/p>\n<p align=\"justify\"><span style=\"color: #000000;\"><span style=\"font-size: medium;\"><span lang=\"fr-CA\"><b>B.N<\/b><\/span><\/span><\/span><span style=\"color: #000000;\"><span style=\"font-size: medium;\"><span lang=\"fr-CA\">. \u2014 \u00c0 ce propos, vous parlez beaucoup de la richesse du cerveau humain, de son potentiel inutilis\u00e9 \u00e0 ce jour. Pensez-vous que, dans la m\u00e9ditation, le cerveau soit seul concern\u00e9, activ\u00e9 ? Croyez-vous qu&rsquo;il y ait dans le corps d&rsquo;autres cerveaux \u00bb que le cerveau ordinaire ?<\/span><\/span><\/span><\/p>\n<p align=\"justify\"><span style=\"color: #000000;\"><span style=\"font-size: medium;\"><span lang=\"fr-CA\"><b>Sw.S<\/b><\/span><\/span><\/span><span style=\"color: #000000;\"><span style=\"font-size: medium;\"><span lang=\"fr-CA\">. \u2014 Ce cerveau-ci \u00e0 un certain niveau est reli\u00e9 au cerveau universel \u2014 le facteur universel. Le cerveau individuel n&rsquo;existe pas. Il n&rsquo;est individuel qu&rsquo;\u00e0 un certain niveau et il a ses limites. Mais vient un moment o\u00f9 l&rsquo;on peut transcender ses fonctions externes et le brancher sur ce qu&rsquo;on appelle le cerveau universel, ou cerveau cosmique. Un certain nombre de livres ont \u00e9t\u00e9 \u00e9crits sur ce sujet comme <\/span><\/span><\/span><span style=\"color: #000000;\"><span style=\"font-size: medium;\"><span lang=\"fr-CA\"><i>Fantastiques Recherches psychiques derri\u00e8re le rideau de fer<\/i><\/span><\/span><\/span><span style=\"color: #000000;\"><span style=\"font-size: medium;\"><span lang=\"fr-CA\"> (Laffont) et les livres de Marilyn Ferguson. Il semble que jusqu&rsquo;\u00e0 un certain niveau j&rsquo;aie un cerveau individuel et vous aussi de m\u00eame et nous sommes deux unit\u00e9s distinctes sur le plan dense, mat\u00e9riel. Mais au bout d&rsquo;un certain temps, lorsqu&rsquo;une certaine couche de mati\u00e8re a \u00e9t\u00e9 \u00f4t\u00e9e du mental, du cerveau, alors on peut aller plus loin, modifier son champ exp\u00e9rimental. \u00c0 ce moment-l\u00e0, on se relie, on se branche&#8230;<\/span><\/span><\/span><\/p>\n<p align=\"justify\"><span style=\"color: #000000;\"><span style=\"font-size: medium;\"><span lang=\"fr-CA\"><b>B.N<\/b><\/span><\/span><\/span><span style=\"color: #000000;\"><span style=\"font-size: medium;\"><span lang=\"fr-CA\">. \u2014 C&rsquo;est une sorte d&rsquo;ins\u00e9parabilit\u00e9 comme la loi qu&rsquo;on rencontre dans la physique quantique \u2014 une \u00ab non-s\u00e9parabilit\u00e9 c\u00e9r\u00e9brale \u00bb. Mais comment ce cerveau cosmique est-il reli\u00e9 \u00e0 ce qu&rsquo;on appelle la Conscience ? Est-il reli\u00e9 \u00e0 une Conscience cosmique ?<\/span><\/span><\/span><\/p>\n<p align=\"justify\"><span style=\"color: #000000;\"><span style=\"font-size: medium;\"><span lang=\"fr-CA\"><b>Sw.S<\/b><\/span><\/span><\/span><span style=\"color: #000000;\"><span style=\"font-size: medium;\"><span lang=\"fr-CA\">. \u2014 Non, ils sont distincts. Ce cerveau universel ou mental universel appartient au domaine de la Prakriti, au domaine de la mati\u00e8re. Ils travaillent de concert. Donc tout se passe d&rsquo;une mani\u00e8re logique, math\u00e9matique. Mais si vous entrez en samadhi, dans un \u00e9tat transcendant, ils se s\u00e9parent. Mati\u00e8re et Conscience se scindent. Ce qui n&rsquo;est pas le cas maintenant, ils sont unis ce qui est la condition pour que la perception ait lieu. Telle est la philosophie de base du Yoga. Lorsque l&rsquo;esprit et la mati\u00e8re sont r\u00e9unis il y a perception, cr\u00e9ation, activit\u00e9, tout ce qu&rsquo;on veut mais quand le processus de leur s\u00e9paration s&rsquo;accomplit d&rsquo;\u00e9tape en \u00e9tape cela se nomme Connaissance.<\/span><\/span><\/span><\/p>\n<p align=\"justify\"><span style=\"color: #000000;\"><span style=\"font-size: medium;\"><span lang=\"fr-CA\"><b>B.N<\/b><\/span><\/span><\/span><span style=\"color: #000000;\"><span style=\"font-size: medium;\"><span lang=\"fr-CA\">. \u2014 J&rsquo;aimerais revenir sur ce concept de Conscience. Vous avez dit pr\u00e9c\u00e9demment qu&rsquo;elle est quelque chose de fondamentalement diff\u00e9rent, qui est au-del\u00e0 des mots, qui \u00e9lude toute description. Maintenant, vous dites que Mati\u00e8re et Conscience se rejoignent ?<\/span><\/span><\/span><\/p>\n<p align=\"justify\"><span style=\"color: #000000;\"><span style=\"font-size: medium;\"><span lang=\"fr-CA\"><b>Sw.S<\/b><\/span><\/span><\/span><span style=\"color: #000000;\"><span style=\"font-size: medium;\"><span lang=\"fr-CA\">. \u2014 Il y a Mati\u00e8re et il y a Conscience. Elles sont ensemble. La nature de la Prakriti utilise \u2014 disons-le par commodit\u00e9 \u2014 l&rsquo;Esprit et ils sont ensemble. Alors la perception a lieu. Je ne peux rien vous dire de ce sujet extraordinairement difficile qu&rsquo;est la Conscience. Parce que je parle du point de vue de votre philosophie.<\/span><\/span><\/span><\/p>\n<p align=\"justify\"><span style=\"color: #000000;\"><span style=\"font-size: medium;\"><span lang=\"fr-CA\">Ce que nous savons de la Mati\u00e8re, nous le savons jusqu&rsquo;\u00e0 un certain point. Nous ignorons probablement ses niveaux les plus subtils. On peut imaginer qu&rsquo;\u00e0 l&rsquo;avenir on puisse atteindre un point o\u00f9 la Mati\u00e8re et l&rsquo;\u00e9nergie seront \u00e9limin\u00e9es et o\u00f9 l&rsquo;on ne parlera plus que de Conscience, qui sait ?<\/span><\/span><\/span><\/p>\n<p align=\"justify\"><span style=\"color: #000000;\"><span style=\"font-size: medium;\"><span lang=\"fr-CA\"><b>B.N<\/b><\/span><\/span><\/span><span style=\"color: #000000;\"><span style=\"font-size: medium;\"><span lang=\"fr-CA\">. \u2014 Oui, mais j&rsquo;aimerais en venir \u00e0 une question tr\u00e8s pratique concernant l&rsquo;existence d&rsquo;autres \u00ab cerveaux \u00bb en nous. Vous dites dans vos ouvrages que, d&rsquo;une certaine mani\u00e8re, nous sommes en friche, par exemple sur le plan \u00e9motionnel et que nous avons en revanche surd\u00e9velopp\u00e9 notre intellect. Est-ce que, selon vous, les \u00e9motions et les sentiments sont le r\u00e9sultat de notre cerveau ?<\/span><\/span><\/span><\/p>\n<p align=\"justify\"><span style=\"color: #000000;\"><span style=\"font-size: medium;\"><span lang=\"fr-CA\"><b>Sw.S.<\/b><\/span><\/span><\/span><span style=\"color: #000000;\"><span style=\"font-size: medium;\"><span lang=\"fr-CA\"> \u2014 Oui, bien s\u00fbr. Nous disons qu&rsquo;une partie, une certaine partie de notre cerveau <\/span><\/span><\/span><span style=\"color: #000000;\"><span style=\"font-size: medium;\"><span lang=\"fr-CA\">fonctionne et se trouve reli\u00e9e notre existence empirique. Et<\/span><\/span><\/span><b> <\/b><span style=\"color: #000000;\"><span style=\"font-size: medium;\"><span lang=\"fr-CA\">cette r\u00e9gion particuli\u00e8re de notre cerveau, qui donc se manifeste, serait responsable de toute la somme de savoir que nous avons acquise \u00e0 ce jour.<\/span><\/span><\/span><\/p>\n<p align=\"justify\"><span style=\"color: #000000;\"><span style=\"font-size: medium;\"><span lang=\"fr-CA\">Mais il existe d&rsquo;autres r\u00e9gions du cerveau, d&rsquo;autres zones ou d&rsquo;autres profondeurs du cerveau qui ne sont pas encore mises en \u0153uvre, qui n&rsquo;ont pas encore eu l&rsquo;occasion de se manifester. On pourrait dire qu&rsquo;il est dans son enfance. Comme un enfant, il a atteint un certain niveau de son \u00e9volution, un certain \u00e9tat de manifestation mais il n&rsquo;a pas encore atteint le niveau ou l&rsquo;\u00e9tat de manifestation qui est l&rsquo;\u00e9tat d&rsquo;adulte que je suis. Il lui faudra encore quarante ou soixante ans de croissance. Jusque-l\u00e0, il contient toutes les possibilit\u00e9s et les potentialit\u00e9s. Elles lui sont inh\u00e9rentes, comme elles le sont chez un enfant de huit ou dix ans. De la m\u00eame mani\u00e8re, le cerveau doit se d\u00e9velopper. Je ne dirai pas que d&rsquo;autres cerveaux sont en germe dans notre cerveau actuel, je pr\u00e9f\u00e8re dire qu&rsquo;il existe d&rsquo;autres dimensions, d&rsquo;autres zones du cerveau qui comportent plusieurs milliards de cellules \u00e0 exploiter.<\/span><\/span><\/span><\/p>\n<p align=\"justify\"><span style=\"color: #000000;\"><span style=\"font-size: medium;\"><span lang=\"fr-CA\"><b>B.N.<\/b><\/span><\/span><\/span><span style=\"color: #000000;\"><span style=\"font-size: medium;\"><span lang=\"fr-CA\"> \u2014 Vous disiez un peu plus t\u00f4t le r\u00f4le important que joue la perception de l&rsquo;espace-temps dans l&rsquo;exp\u00e9rience de la m\u00e9ditation. Or si nous expliquons par le biais des mots ce qui se passe vraiment \u00e0 ce moment-l\u00e0, pouvons-nous dire que nous faisons l&rsquo;exp\u00e9rience d&rsquo;une forme diff\u00e9rente du temps, une qualit\u00e9 de temps sans relation avec celle de notre exp\u00e9rience habituelle, la dur\u00e9e continue. Pouvons-nous dire que dans la m\u00e9ditation, nous avons acc\u00e8s \u00e0 un temps discontinu ?<\/span><\/span><\/span><\/p>\n<p align=\"justify\"><span style=\"color: #000000;\"><span style=\"font-size: medium;\"><span lang=\"fr-CA\"><b>Sw.S<\/b><\/span><\/span><\/span><span style=\"color: #000000;\"><span style=\"font-size: medium;\"><span lang=\"fr-CA\">. \u2014 Vous avez raison.<\/span><\/span><\/span><\/p>\n<p align=\"justify\"><span style=\"color: #000000;\"><span style=\"font-size: medium;\"><span lang=\"fr-CA\"><b>B.N<\/b><\/span><\/span><\/span><span style=\"color: #000000;\"><span style=\"font-size: medium;\"><span lang=\"fr-CA\">. \u2014 Pouvons-nous affirmer cela ?<\/span><\/span><\/span><\/p>\n<p align=\"justify\"><span style=\"color: #000000;\"><span style=\"font-size: medium;\"><span lang=\"fr-CA\"><b>Sw.S<\/b><\/span><\/span><\/span><span style=\"color: #000000;\"><span style=\"font-size: medium;\"><span lang=\"fr-CA\">. \u2014 Oui, lorsque nous m\u00e9ditons en profondeur le processus de dur\u00e9e continue arrive \u00e0 s&rsquo;arr\u00eater du moins momentan\u00e9ment. Ceci a \u00e9t\u00e9 exp\u00e9riment\u00e9. Prenez par exemple Isaac Bentov, un auteur am\u00e9ricain qui est mort d&rsquo;accident, il y a quelques ann\u00e9es. Je le connaissais bien. Il a \u00e9crit un livre intitul\u00e9 <\/span><\/span><\/span><span style=\"color: #000000;\"><span style=\"font-size: medium;\"><span lang=\"fr-CA\"><i>Striking the Wild Pendulum<\/i><\/span><\/span><\/span><span style=\"color: #000000;\"><span style=\"font-size: medium;\"><span lang=\"fr-CA\">, un ouvrage de science-fiction, o\u00f9 il dit que lorsque la m\u00e9ditation a lieu, vient un moment o\u00f9 le temps s&rsquo;arr\u00eate.<\/span><\/span><\/span><\/p>\n<p align=\"justify\"><span style=\"color: #000000;\"><span style=\"font-size: medium;\"><span lang=\"fr-CA\"><b>B.N.<\/b><\/span><\/span><\/span><span style=\"color: #000000;\"><span style=\"font-size: medium;\"><span lang=\"fr-CA\"> \u2014 Nous pouvons en d\u00e9duire alors que notre sensation du temps continu est une sorte de cr\u00e9ation mentale. Si je ne me trompe, je l&rsquo;ai lu dans vos ouvrages.<\/span><\/span><\/span><\/p>\n<p align=\"justify\"><span style=\"color: #000000;\"><span style=\"font-size: medium;\"><span lang=\"fr-CA\"><b>Sw.S<\/b><\/span><\/span><\/span><span style=\"color: #000000;\"><span style=\"font-size: medium;\"><span lang=\"fr-CA\">. \u2014 Le temps, l&rsquo;espace, l&rsquo;objet sont des cat\u00e9gories du mental. Je n&rsquo;affirme l\u00e0 rien qui ne soit accept\u00e9 par vos coll\u00e8gues physiciens.<\/span><\/span><\/span><\/p>\n<p align=\"justify\"><span style=\"color: #000000;\"><span style=\"font-size: medium;\"><span lang=\"fr-CA\"><b>B.N<\/b><\/span><\/span><\/span><span style=\"color: #000000;\"><span style=\"font-size: medium;\"><span lang=\"fr-CA\">. \u2014 Pas tout \u00e0 fait. Il n&rsquo;y a qu&rsquo;une minorit\u00e9 de physiciens qui acceptent cette id\u00e9e. Il est vrai que la communaut\u00e9 scientifique se pose des questions sur la nature du temps et de l&rsquo;espace, mais sans nier l&rsquo;existence objective de ces cat\u00e9gories. Tout en constatant, c&rsquo;est un fait, que les diff\u00e9rences entre la mati\u00e8re et l&rsquo;\u00e9nergie, le temps et l&rsquo;espace s&rsquo;amenuisent, les physiciens n&rsquo;en sont pas encore \u00e0 affirmer que le temps et l&rsquo;espace sont des cr\u00e9ations mentales.<\/span><\/span><\/span><\/p>\n<p align=\"justify\"><span style=\"color: #000000;\"><span style=\"font-size: medium;\"><span lang=\"fr-CA\"><b>Sw.S<\/b><\/span><\/span><\/span><span style=\"color: #000000;\"><span style=\"font-size: medium;\"><span lang=\"fr-CA\">. \u2014 Le mental peut-il fonctionner sans le temps et l&rsquo;espace ?<\/span><\/span><\/span><\/p>\n<p align=\"justify\"><span style=\"color: #000000;\"><span style=\"font-size: medium;\"><span lang=\"fr-CA\"><b>B.N<\/b><\/span><\/span><\/span><span style=\"color: #000000;\"><span style=\"font-size: medium;\"><span lang=\"fr-CA\">. \u2014 Le monde peut-il fonctionner sans le temps et l&rsquo;espace ? (Rires)<\/span><\/span><\/span><\/p>\n<p align=\"justify\"><span style=\"color: #000000;\"><span style=\"font-size: medium;\"><span lang=\"fr-CA\"><b>Sw.S.<\/b><\/span><\/span><\/span><span style=\"color: #000000;\"><span style=\"font-size: medium;\"><span lang=\"fr-CA\"> \u2014 Bon, d&rsquo;accord !<\/span><\/span><\/span><\/p>\n<p align=\"justify\"><span style=\"color: #000000;\"><span style=\"font-size: medium;\"><span lang=\"fr-CA\"><b>B.N.<\/b><\/span><\/span><\/span><span style=\"color: #000000;\"><span style=\"font-size: medium;\"><span lang=\"fr-CA\"> \u2014 Donc, pour rendre possible l&rsquo;exp\u00e9rimentation scientifique nous avons besoin des cat\u00e9gories afin de pouvoir d\u00e9crire les r\u00e9sultats. Pour parvenir \u00e0 un minimum d&rsquo;objectivit\u00e9, nous devons dire qu&rsquo;il existe une structure spatio-temporelle, m\u00eame si ce concept devient de plus en plus sophistiqu\u00e9. Nous ne pouvons pas davantage s\u00e9parer la mati\u00e8re de l&rsquo;\u00e9nergie mais nous ne disons pas que c&rsquo;est un effet du mental.<\/span><\/span><\/span><\/p>\n<p align=\"justify\"><span style=\"color: #000000;\"><span style=\"font-size: medium;\"><span lang=\"fr-CA\"><b>Sw.S.<\/b><\/span><\/span><\/span><span style=\"color: #000000;\"><span style=\"font-size: medium;\"><span lang=\"fr-CA\"> \u2014 D&rsquo;accord, alors je changerai le mot de cr\u00e9ation et je dirai que le concept du temps et de l&rsquo;espace est reli\u00e9 au mental. Tant que le mental est l\u00e0, l&rsquo;espace-temps subsiste. Si l&rsquo;un tombe, l&rsquo;autre en fait autant.<\/span><\/span><\/span><\/p>\n<p align=\"justify\"><span style=\"color: #000000;\"><span style=\"font-size: medium;\"><span lang=\"fr-CA\"><b>B.N<\/b><\/span><\/span><\/span><span style=\"color: #000000;\"><span style=\"font-size: medium;\"><span lang=\"fr-CA\">. \u2014 Dans <\/span><\/span><\/span><span style=\"color: #000000;\"><span style=\"font-size: medium;\"><span lang=\"fr-CA\"><i>Yoga Nidra<\/i><\/span><\/span><\/span><span style=\"color: #000000;\"><span style=\"font-size: medium;\"><span lang=\"fr-CA\"> [<a class=\"sdfootnoteanc\" href=\"#sdfootnote5sym\" name=\"sdfootnote5anc\"><sup>5<\/sup><\/a>], particuli\u00e8rement dans l&rsquo;exercice dit de la \u00ab rotation de la conscience \u00bb est-ce que cette perception de l&rsquo;espace-temps se trouve modifi\u00e9e ? Je vous pose cette question parce que dans votre description de cette technique, vous semblez associer la perception de l&rsquo;espace-temps aux tensions corporelles. Comment nos tensions sont-elles reli\u00e9es \u00e0 notre vision de l&rsquo;espace et du temps ?<\/span><\/span><\/span><\/p>\n<p align=\"justify\"><span style=\"color: #000000;\"><span style=\"font-size: medium;\"><span lang=\"fr-CA\"><b>Sw.S.<\/b><\/span><\/span><\/span><span style=\"color: #000000;\"><span style=\"font-size: medium;\"><span lang=\"fr-CA\"> \u2014 Vous voyez, lorsque vous essayez de diminuer l&rsquo;effet gravitationnel de tension, si vous pouvez r\u00e9tr\u00e9cir l&rsquo;\u00e9tendue du mental pour un moment, en pratiquant ce qu&rsquo;on appelle la concentration dynamique ou la concentration mobile, \u00e0 ce moment-l\u00e0 le courant d&rsquo;\u00e9nergie du corps s&rsquo;\u00e9coule librement. Et alors cette \u00e9nergie vous traverse sans \u00eatre arr\u00eat\u00e9e, ce qui est le cas dans Yoga Nidra. Mais dans l&rsquo;\u00e9tat de tension, l&rsquo;\u00e9nergie est obstru\u00e9e par le mental, par les sentiments et les \u00e9motions qui sont sous l&#8217;emprise du temps et de l&rsquo;espace. Or pour un moment, cette emprise se rel\u00e2che et en cons\u00e9quence le mental cesse de devenir un obstacle. Il livre passage \u00e0 ce courant d&rsquo;\u00e9nergie qui circule \u00e0 nouveau spontan\u00e9ment. Car la travers\u00e9e du corps physique est naturelle au courant d&rsquo;\u00e9nergie. C&rsquo;est le blocage, l&rsquo;obstruction qui ne l&rsquo;est pas. Donc quand la libre circulation d&rsquo;\u00e9nergie est r\u00e9tablie gr\u00e2ce \u00e0 la diminution du contr\u00f4le du mental dans les zones o\u00f9 son intervention cr\u00e9e les tensions, \u00e0 partir du moment o\u00f9 il n&rsquo;intervient plus, les tensions s&rsquo;effacent. C&rsquo;est donc l\u00e0 qu&rsquo;intervient la relation du temps et de l&rsquo;espace avec le mental et en rapport avec la spontan\u00e9it\u00e9 du courant d&rsquo;\u00e9nergie.<\/span><\/span><\/span><\/p>\n<p align=\"justify\"><span style=\"color: #000000;\"><span style=\"font-size: medium;\"><span lang=\"fr-CA\"><b>B.N<\/b><\/span><\/span><\/span><span style=\"color: #000000;\"><span style=\"font-size: medium;\"><span lang=\"fr-CA\">. \u2014 Revenons si vous le voulez bien \u00e0 cette notion tr\u00e8s importante qu&rsquo;il nous faut red\u00e9couvrir : l&rsquo;exp\u00e9rience. Le r\u00f4le que nous jouons nous-m\u00eames dans la connaissance. Comment ferons-nous passer cette notion dans le public ? Si nous en restons \u00e0 un discours th\u00e9orique, les gens n&rsquo;y comprendront rien. C&rsquo;est un fait que la compr\u00e9hension de cette id\u00e9e de l&rsquo;exp\u00e9rience int\u00e9rieure ne peut qu&rsquo;\u00eatre une exp\u00e9rience v\u00e9cue, pas un discours. Donc comment arriverons-nous \u00e0 faire passer cette notion de la valeur de l&rsquo;exp\u00e9rience ?<\/span><\/span><\/span><\/p>\n<p align=\"justify\"><span style=\"color: #000000;\"><span style=\"font-size: medium;\"><span lang=\"fr-CA\"><b>Sw.S<\/b><\/span><\/span><\/span><span style=\"color: #000000;\"><span style=\"font-size: medium;\"><span lang=\"fr-CA\">. \u2014 D&rsquo;abord, dites aux gens que dans le processus d&rsquo;\u00e9volution qui m\u00e8ne de l&rsquo;animal \u00e0 l&rsquo;homme, il y a un cha\u00eenon manquant. L&rsquo;animal ne s&rsquo;est pas mis un jour \u00e0 devenir humain. Entre les deux existe un saut, un cha\u00eenon manquant qui a trait justement \u00e0 la vision int\u00e9rieure et cette vision int\u00e9rieure \u00e0 un moment s&rsquo;est projet\u00e9e dans l&rsquo;un des centres psychiques. Ces centres sont en relation avec les exp\u00e9riences int\u00e9rieures. Le point focal de l&rsquo;exp\u00e9rience se situe au sommet du corps, au milieu du cerveau.<\/span><\/span><\/span><\/p>\n<p align=\"justify\"><span style=\"color: #000000;\"><span style=\"font-size: medium;\"><span lang=\"fr-CA\">Chaque centre psychique \u2014 ou chakra \u2014 donne la cl\u00e9 d&rsquo;une exp\u00e9rience psychique particuli\u00e8re. Cependant, une exp\u00e9rience psychique n&rsquo;est pas une exp\u00e9rience d\u00e9finitive. Je veux dire que ce n&rsquo;est pas une exp\u00e9rience r\u00e9elle : c&rsquo;est le premier pas d&rsquo;un enfant. Un b\u00e9b\u00e9 commence par ramper par terre, il essaye de se relever et retombe, puis il se met \u00e0 marcher \u00e0 grand-peine et lentement. De la m\u00eame mani\u00e8re, les capacit\u00e9s mentales d&rsquo;une personne sautent dans les zones psychiques d&rsquo;abord et elles exercent l\u00e0 une sorte d&rsquo;activit\u00e9 pr\u00e9liminaire. On voit alors des lumi\u00e8res, on entend des sons, ceci ou cela. Rien de plus. Le b\u00e9b\u00e9 spirituel en est aux essais pour se tenir debout et avancer. Ainsi les exp\u00e9riences psychiques s&rsquo;amplifient. Elles deviennent de plus en plus pr\u00e9cises et significatives. Elles se rattachent au monde ext\u00e9rieur et au monde int\u00e9rieur dans un rapport logique. Je dirai donc au gens de pratiquer d&rsquo;abord le hatha yoga \u2014 c&rsquo;est la base \u2014 afin de purifier les trajets nerveux le plus possible. Ensuite, le pranayama afin que le courant c\u00e9r\u00e9bral puisse stimuler certaines activit\u00e9s inh\u00e9rentes. Enfin, la concentration sur les chakras. On commencera par un chakra o\u00f9 les exp\u00e9riences soient ais\u00e9es, faciles \u00e0 affronter, \u00e0 voir et puis on passe aux autres par degr\u00e9s. En temps voulu, on aura d&rsquo;autres exp\u00e9riences, des exp\u00e9riences vari\u00e9es, de celles qu&rsquo;ont les artistes, les peintres, les musiciens ou les politiciens. \u00c7a peut arriver ! Ils ont une vision claire, tr\u00e8s nette.<\/span><\/span><\/span><\/p>\n<p align=\"justify\"><span style=\"color: #000000;\"><span style=\"font-size: medium;\"><span lang=\"fr-CA\"><b>B.N<\/b><\/span><\/span><\/span><span style=\"color: #000000;\"><span style=\"font-size: medium;\"><span lang=\"fr-CA\">. \u2014 Mais ils l&rsquo;oublient tr\u00e8s vite !<\/span><\/span><\/span><\/p>\n<p align=\"justify\"><span style=\"color: #000000;\"><span style=\"font-size: medium;\"><span lang=\"fr-CA\"><b>Sw.S<\/b><\/span><\/span><\/span><span style=\"color: #000000;\"><span style=\"font-size: medium;\"><span lang=\"fr-CA\">. \u2014 Pas les artistes ! Oui c&rsquo;est vrai qu&rsquo;au d\u00e9but on oublie, on \u00ab voit \u00bb et puis on prend du recul. On a su, ou vu. Mais on en perd le souvenir. Cependant, peu \u00e0 peu, gr\u00e2ce \u00e0 une pratique constante, l&rsquo;exp\u00e9rience int\u00e9rieure (\u00e9vitons l&rsquo;adjectif \u00ab psychique \u00bb) l&rsquo;exp\u00e9rience int\u00e9rieure est ramen\u00e9e en surface c&rsquo;est-\u00e0-dire ramen\u00e9e au plan de la conscience claire. Quelquefois on a la capacit\u00e9 de mettre \u00e7a sur papier. Je connais quelques cas de musiciens, de peintres et de politiciens qui ont de brillantes inspirations, des \u00ab flashes \u00bb et qui voient les choses sous formes d&rsquo;images, de formes, de visions qui leur arrivent. Dans certains cas c&rsquo;est spontan\u00e9, mais moi je parle de pratiques.<\/span><\/span><\/span><\/p>\n<p align=\"justify\"><span style=\"color: #000000;\"><span style=\"font-size: medium;\"><span lang=\"fr-CA\"><b>B.N.<\/b><\/span><\/span><\/span><span style=\"color: #000000;\"><span style=\"font-size: medium;\"><span lang=\"fr-CA\"> \u2014 Oui. J&rsquo;aimerais maintenant vous demander comment vous envisagez \u00e0 notre \u00e9poque le processus de l&rsquo;\u00e9volution. Je veux parler de l&rsquo;\u00e9volution de l&rsquo;homme de nos jours. Ce processus est-il au point mort au niveau individuel ou bien ces pratiques, ces visions d&rsquo;un ordre sup\u00e9rieur sont-elles un stimulant capable de susciter un bond \u00e9volutionnaire vers quelque chose dont nous n&rsquo;avons m\u00eame pas l&rsquo;id\u00e9e ?<\/span><\/span><\/span><\/p>\n<p align=\"justify\"><span style=\"color: #000000;\"><span style=\"font-size: medium;\"><span lang=\"fr-CA\"><b>Sw.S<\/b><\/span><\/span><\/span><span style=\"color: #000000;\"><span style=\"font-size: medium;\"><span lang=\"fr-CA\">. \u2014 En ce qui concerne l&rsquo;\u00e9volution naturelle au sens o\u00f9 Darwin l&rsquo;entendait, mon point de vue, puisque vous me le demandez, c&rsquo;est qu&rsquo;elle est arriv\u00e9e \u00e0 une pause. Je ne crois pas que nous allons devenir des mutants \u00e0 un bras ou \u00e0 six bras, \u00e0 trois ou quatre yeux. Il se peut que nous devenions plus petits ou plus grands de taille, plus gros ou plus maigres, plus ou moins chevelus ou poilus, mais quelles que soient les modifications, que nous soyons plus adroits ou plus maladroits physiquement, l\u00e0 n&rsquo;est pas la question. Je crois qu&rsquo;avec l&rsquo;aboutissement de l&rsquo;\u00e9volution du corps humain \u00e0 son terme, l&rsquo;\u00e9volution mentale va prendre le pas et devenir d\u00e9sormais un facteur de grande port\u00e9e. Nous n&rsquo;appellerons pas cela \u00ab \u00e9volution naturelle \u00bb, nous appellerons cela \u00ab \u00e9volution mentale int\u00e9rieure \u00bb. Ce mental, que vous le preniez pour une partie du cerveau \u2014 ce qui est une bonne hypoth\u00e8se de d\u00e9part \u2014 ou que vous le preniez pour une force qui a son si\u00e8ge dans le cerveau ou encore que vous le consid\u00e9riez comme une expression de l&rsquo;\u00e9nergie universelle qui est en vous, ce mental est destin\u00e9 \u00e0 cro\u00eetre. Je crois que lors de ce processus d&rsquo;\u00e9volution il y a un foss\u00e9 \u2014 que nous appelons un cha\u00eenon manquant \u2014 qui se situe entre le point o\u00f9 l&rsquo;homme a termin\u00e9 son \u00e9volution naturelle et le point o\u00f9 il entame son essor spirituel. Et nous essayons de combler ce foss\u00e9, de forger ce cha\u00eenon manquant en d\u00e9veloppant l&rsquo;action pr\u00e9liminaire, les le\u00e7ons pr\u00e9liminaires, les activit\u00e9s mentales de d\u00e9part en suscitant des visions int\u00e9rieures. Je les consid\u00e8re comme de simples pr\u00e9alables. L&rsquo;enfant en est \u00e0 la maternelle.<\/span><\/span><\/span><\/p>\n<p align=\"justify\"><span style=\"color: #000000;\"><span style=\"font-size: medium;\"><span lang=\"fr-CA\">C&rsquo;est un pas pour tester les capacit\u00e9s mentales pr\u00e9liminaires, les premiers exploits qui seront suivis de ce que Aldous Huxley, Annie Besant, Aurobindo croyaient \u00eatre l&rsquo;homme apr\u00e8s l&rsquo;homme. Pour ma part j&rsquo;utilise le mot \u00ab \u00e9volution \u00bb, pas le mot descente.<\/span><\/span><\/span><\/p>\n<p align=\"justify\"><span style=\"color: #000000;\"><span style=\"font-size: medium;\"><span lang=\"fr-CA\"><b>B.N<\/b><\/span><\/span><\/span><span style=\"color: #000000;\"><span style=\"font-size: medium;\"><span lang=\"fr-CA\">. \u2014 Je comprends votre id\u00e9e mais, comme nous le disions au d\u00e9but de cet entretien, si nous regardons autour de nous, nous voyons la haine, la passion, l&rsquo;agression, pire \u2014la lutte et encore la lutte tout le temps, \u00e0 tous niveaux. Alors o\u00f9 est l&rsquo;\u00e9volution ? Quelle est la chance de survie de notre civilisation ? Quel r\u00f4le jouera l&rsquo;\u00e9volution spirituelle dans cette perspective ?<\/span><\/span><\/span><\/p>\n<p align=\"justify\"><span style=\"color: #000000;\"><span style=\"font-size: medium;\"><span lang=\"fr-CA\"><b>Sw.S<\/b><\/span><\/span><\/span><span style=\"color: #000000;\"><span style=\"font-size: medium;\"><span lang=\"fr-CA\">. \u2014 Je ne r\u00e9pondrai pas \u00e0 cette question en tant que proph\u00e8te.<\/span><\/span><\/span><\/p>\n<p align=\"justify\"><span style=\"color: #000000;\"><span style=\"font-size: medium;\"><span lang=\"fr-CA\"><b>B.N.<\/b><\/span><\/span><\/span><span style=\"color: #000000;\"><span style=\"font-size: medium;\"><span lang=\"fr-CA\"> \u2014 Ce sera une derni\u00e8re question.<\/span><\/span><\/span><\/p>\n<p align=\"justify\"><span style=\"color: #000000;\"><span style=\"font-size: medium;\"><span lang=\"fr-CA\"><b>Sw.S<\/b><\/span><\/span><\/span><span style=\"color: #000000;\"><span style=\"font-size: medium;\"><span lang=\"fr-CA\">. \u2014 Donc, je veux \u00eatre tr\u00e8s clair et ne pas vous r\u00e9pondre en proph\u00e8te ; mais j&rsquo;ai une sorte de compr\u00e9hension bas\u00e9e sur l&rsquo;histoire. J&rsquo;ai beaucoup lu l&rsquo;histoire des temps modernes, l&rsquo;histoire mythique, et l&rsquo;histoire de l&rsquo;Inde, de la Gr\u00e8ce, de la Chine. De plus j&rsquo;ai depuis quarante ans rencontr\u00e9 une foule de gens sous toutes les latitudes. Je puis vous dire une chose, une seule. Il se produira un l\u00e9ger changement \u2014 pas un grand chambardement ! et ce l\u00e9ger changement se manifestera sous les esp\u00e8ces d&rsquo;un effet gr\u00e2ce auquel le mental humain se modifiera. Il reviendra sur ses bases. Ce l\u00e9ger changement le forcera \u00e0 une remise en question de ses motifs, de ses valeurs, de ses id\u00e9ologies et m\u00eame de ses religions. \u00c0 partir de l\u00e0, il mettra en place de nouvelles structures de civilisation. Cela commencera lentement, je ne dirai pas sur le cimeti\u00e8re de l&rsquo;humanit\u00e9 \u2014 cela je ne le vois pas \u2014 mais je dirai sur les d\u00e9bris de l&rsquo;humanit\u00e9. Pour l&rsquo;instant, nous ne sommes pas pr\u00eats \u00e0 y penser sauf quelques-uns ici et l\u00e0. Cependant personne ne saurait prendre l&rsquo;initiative. Le temps n&rsquo;en est pas venu. On ne peut prendre d&rsquo;initiative \u00e0 moins que n&rsquo;arrive le l\u00e9ger changement en question. Et selon moi, je suis un penseur optimiste, ce l\u00e9ger changement est absolument indispensable.<\/span><\/span><\/span><\/p>\n<p align=\"justify\"><span style=\"color: #000000;\"><span style=\"font-size: medium;\"><span lang=\"fr-CA\">Les Indiens, je parle de la masse paysanne, celle qui vit dans les villages, (je ne parle pas des politiciens) croient en une chose : il ont un proverbe qui dit en gros qu&rsquo;\u00ab on apprend gr\u00e2ce aux b\u00eatises qu&rsquo;on fait \u00bb. Ce qu&rsquo;un homme pense \u00eatre bien, il continuera \u00e0 le faire jusqu&rsquo;\u00e0 ce qu&rsquo;il re\u00e7oive un coup de cela m\u00eame qu&rsquo;il pensait \u00eatre bien. Il faut que l&rsquo;humanit\u00e9 re\u00e7oive une bonne le\u00e7on. Elle le devra \u00e0 un processus naturel et \u00e0 ce moment-l\u00e0, une nouvelle structure philosophique, intellectuelle \u00e9mergera \u2014 et c&rsquo;est sur cette fondation qu&rsquo;une nouvelle soci\u00e9t\u00e9 na\u00eetra. Voil\u00e0 ce que je crois.<\/span><\/span><\/span><\/p>\n<p align=\"justify\"><span style=\"color: #000000;\"><span style=\"font-size: medium;\"><span lang=\"fr-CA\"><b>B.N<\/b><\/span><\/span><\/span><span style=\"color: #000000;\"><span style=\"font-size: medium;\"><span lang=\"fr-CA\">. \u2014 Notre entretien s&rsquo;est d\u00e9roul\u00e9 d&rsquo;une mani\u00e8re quelque peu injuste, parce que je n&rsquo;ai pas cess\u00e9 de vous poser des questions. Vous m&rsquo;avez r\u00e9pondu ce dont je vous remercie beaucoup comme tous ceux qui vous liront, parce que vous vous exprimez dans un langage directement accessible \u00e0 chacun. C&rsquo;est tr\u00e8s important. Mais vous, avez-vous des questions \u00e0 me poser ?<\/span><\/span><\/span><\/p>\n<p align=\"justify\"><span style=\"color: #000000;\"><span style=\"font-size: medium;\"><span lang=\"fr-CA\"><b>Sw.S.<\/b><\/span><\/span><\/span><span style=\"color: #000000;\"><span style=\"font-size: medium;\"><span lang=\"fr-CA\"> \u2014 J&rsquo;en ai une seule. En tant que scientifique et membre bien inform\u00e9 de la soci\u00e9t\u00e9 occidentale, pensez-vous que l&rsquo;Occident va continuer \u00e0 pratiquer le Yoga ? C&rsquo;est ma seule question.<\/span><\/span><\/span><\/p>\n<p align=\"justify\"><span style=\"color: #000000;\"><span style=\"font-size: medium;\"><span lang=\"fr-CA\"><b>B.N.<\/b><\/span><\/span><\/span><span style=\"color: #000000;\"><span style=\"font-size: medium;\"><span lang=\"fr-CA\"> \u2014 Je crois que oui, sous une forme ou sous une autre. Je suis convaincu que la science va jouer un tr\u00e8s grand r\u00f4le en s&rsquo;effor\u00e7ant de montrer des voies nouvelles. Par elle-m\u00eame, la science ne peut pas \u00eatre une sagesse, mais lorsque la science s&rsquo;allie \u00e0 la sagesse, elle m\u00e8ne \u00e0 quelque chose de neuf. La science se substitue aujourd&rsquo;hui \u00e0 la religion, mais c&rsquo;est une fausse religion, pas une vraie. Sous une forme ou une autre, il faudra que l&rsquo;homme mette en \u0153uvre sa vie int\u00e9rieure, de mani\u00e8re \u00e0 ne pas devenir l&rsquo;esclave de son environnement, des circonstances et des faits ext\u00e9rieurs. Sans quoi, il va sombrer en tant qu&rsquo;\u00eatre humain.<\/span><\/span><\/span><\/p>\n<p align=\"justify\"><span style=\"color: #000000;\"><span style=\"font-size: medium;\"><span lang=\"fr-CA\">J&rsquo;\u00e9prouve comme une sorte de mutilation, si je demeure seulement sur le plan mental. Il faut que j&rsquo;acc\u00e8de \u00e0 l&rsquo;exp\u00e9rience int\u00e9rieure. Sinon je suis dans l&rsquo;\u00e9tat de quelqu&rsquo;un qui vit ses fantasmes, qui se cr\u00e9e des fant\u00f4mes. Et l&rsquo;on sait o\u00f9 m\u00e8nent les fant\u00f4mes dans le monde ext\u00e9rieur. Alors, en toute sinc\u00e9rit\u00e9, je vous r\u00e9ponds que, sous une forme ou une autre, les gens devront pratiquer une discipline et exp\u00e9rimenter des techniques. En ce sens, il me semble \u00e9vident que le Yoga va \u00eatre d&rsquo;une grande aide. A une condition \u2014 c&rsquo;est qu&rsquo;il soit reli\u00e9 \u00e0 notre langage et \u00e0 notre mani\u00e8re de voir les choses et en ce sens je dois dire que j&rsquo;appr\u00e9cie beaucoup vos livres et votre description des techniques du Yoga Nidra. Je terminerai en disant que la chose la plus merveilleuse est le fait que les lois universelles n&rsquo;appartiennent pas plus \u00e0 l&rsquo;Orient qu&rsquo;\u00e0 l&rsquo;Occident.<\/span><\/span><\/span><\/p>\n<p align=\"justify\"><span style=\"color: #000000;\"><span style=\"font-size: medium;\"><span lang=\"fr-CA\"><b>Sw.S.<\/b><\/span><\/span><\/span><span style=\"color: #000000;\"><span style=\"font-size: medium;\"><span lang=\"fr-CA\"> \u2014 Parfait ! Merci beaucoup.<\/span><\/span><\/span><\/p>\n<p align=\"justify\">_____________________________________________________<\/p>\n<div id=\"sdfootnote1\">\n<p align=\"justify\"><a class=\"sdfootnotesym\" href=\"#sdfootnote1anc\" name=\"sdfootnote1sym\">1<\/a> <span style=\"color: #000000;\"><span style=\"font-size: medium;\"><span lang=\"fr-CA\">M\u00e9decine traditionnelle de l&rsquo;Inde, bas\u00e9e sur l&rsquo;enseignement des Vedas, utilisant des mantras, des massages, des plantes et des min\u00e9raux.<\/span><\/span><\/span><\/p>\n<\/div>\n<div id=\"sdfootnote2\">\n<p align=\"justify\"><a class=\"sdfootnotesym\" href=\"#sdfootnote2anc\" name=\"sdfootnote2sym\">2<\/a> <span style=\"color: #000000;\"><span style=\"font-size: medium;\"><span lang=\"fr-CA\"><i>Gu\u00e9rir envers et contre tout<\/i><\/span><\/span><\/span><span style=\"color: #000000;\"><span style=\"font-size: medium;\"><span lang=\"fr-CA\">, Ed. \u00c9pi, Paris, 1983.<\/span><\/span><\/span><\/p>\n<\/div>\n<div id=\"sdfootnote3\">\n<p class=\"sdfootnote\"><a class=\"sdfootnotesym\" href=\"#sdfootnote3anc\" name=\"sdfootnote3sym\">3<\/a> <span style=\"color: #000000;\"><span style=\"font-size: medium;\"><span lang=\"fr-CA\">\u00c0 la base du tronc. On appelle ce chakra \u00ab centre &#8211; racine \u00bb.<\/span><\/span><\/span><\/p>\n<\/div>\n<div id=\"sdfootnote4\">\n<p align=\"justify\"><a class=\"sdfootnotesym\" href=\"#sdfootnote4anc\" name=\"sdfootnote4sym\">4<\/a> <span style=\"color: #000000;\"><span style=\"font-size: medium;\"><span lang=\"fr-CA\">Ceci se r\u00e9f\u00e8re aux recherches qui sont faites actuellement dans le domaine m\u00e9dical sur l&rsquo;alternance d&rsquo;activit\u00e9 des deux h\u00e9misph\u00e8res c\u00e9r\u00e9braux.<\/span><\/span><\/span><\/p>\n<\/div>\n<div id=\"sdfootnote5\">\n<p align=\"justify\"><a class=\"sdfootnotesym\" href=\"#sdfootnote5anc\" name=\"sdfootnote5sym\">5<\/a> <span style=\"color: #000000;\"><span style=\"font-size: medium;\"><span lang=\"fr-CA\"><i>Yoga Nidra &#8211; Apprenez \u00e0 dormir<\/i><\/span><\/span><\/span><span style=\"color: #000000;\"><span style=\"font-size: medium;\"><span lang=\"fr-CA\">, Diffusion Dervy, Paris, 1980.<\/span><\/span><\/span><\/p>\n<\/div>\n","protected":false},"excerpt":{"rendered":"<p>(Revue 3e Mill\u00e9naire. Ancienne s\u00e9rie. No 17. Nov-D\u00e9c 1984) La rencontre de deux types de pens\u00e9es qui pourraient constituer un dialogue de sourds si le swami d&rsquo;Orient ne connaissait pas tr\u00e8s bien la science d&rsquo;Occident et si le physicien n&rsquo;\u00e9tait lui-m\u00eame tr\u00e8s au fait de la sagesse orientale. Entre Swami Satyananda (1923-2009) et Basarab Nicolescu [&hellip;]<\/p>\n","protected":false},"author":2,"featured_media":18086,"comment_status":"closed","ping_status":"closed","sticky":false,"template":"","format":"standard","meta":{"footnotes":""},"categories":[5,416,545],"tags":[],"class_list":["post-18085","post","type-post","status-publish","format-standard","has-post-thumbnail","hentry","category-interview","category-b-nicolescu","category-swami-satyananda-sarasvati"],"yoast_head":"<!-- This site is optimized with the Yoast SEO plugin v27.0 - https:\/\/yoast.com\/product\/yoast-seo-wordpress\/ -->\n<title>Un pont entre la sagesse orientale et la science moderne. Entretien Swami Satyananda et Basarab Nicolescu - 3e mill\u00e9naire - Spiritualit\u00e9 - Connaissance de soi - Non-dualit\u00e9 - M\u00e9ditation<\/title>\n<meta name=\"robots\" content=\"index, follow, max-snippet:-1, max-image-preview:large, max-video-preview:-1\" \/>\n<link rel=\"canonical\" href=\"https:\/\/www.revue3emillenaire.com\/blog\/un-pont-entre-la-sagesse-orientale-et-la-science-moderne-entretien-entre-swami-satyananda-et-basarab-nicolescu\/\" \/>\n<meta property=\"og:locale\" content=\"fr_FR\" \/>\n<meta property=\"og:type\" content=\"article\" \/>\n<meta property=\"og:title\" content=\"Un pont entre la sagesse orientale et la science moderne. Entretien Swami Satyananda et Basarab Nicolescu - 3e mill\u00e9naire - Spiritualit\u00e9 - Connaissance de soi - Non-dualit\u00e9 - M\u00e9ditation\" \/>\n<meta property=\"og:description\" content=\"(Revue 3e Mill\u00e9naire. Ancienne s\u00e9rie. No 17. Nov-D\u00e9c 1984) La rencontre de deux types de pens\u00e9es qui pourraient constituer un dialogue de sourds si le swami d&rsquo;Orient ne connaissait pas tr\u00e8s bien la science d&rsquo;Occident et si le physicien n&rsquo;\u00e9tait lui-m\u00eame tr\u00e8s au fait de la sagesse orientale. Entre Swami Satyananda (1923-2009) et Basarab Nicolescu [&hellip;]\" \/>\n<meta property=\"og:url\" content=\"https:\/\/www.revue3emillenaire.com\/blog\/un-pont-entre-la-sagesse-orientale-et-la-science-moderne-entretien-entre-swami-satyananda-et-basarab-nicolescu\/\" \/>\n<meta property=\"og:site_name\" content=\"3e mill\u00e9naire - Spiritualit\u00e9 - Connaissance de soi - Non-dualit\u00e9 - M\u00e9ditation\" \/>\n<meta property=\"article:published_time\" content=\"2019-10-04T02:56:20+00:00\" \/>\n<meta property=\"article:modified_time\" content=\"2019-10-04T02:58:00+00:00\" \/>\n<meta property=\"og:image\" content=\"https:\/\/www.revue3emillenaire.com\/blog\/wp-content\/uploads\/2019\/09\/Basarab-Nicolescu.jpg\" \/>\n\t<meta property=\"og:image:width\" content=\"208\" \/>\n\t<meta property=\"og:image:height\" content=\"206\" \/>\n\t<meta property=\"og:image:type\" content=\"image\/jpeg\" \/>\n<meta name=\"author\" content=\"3e mill\u00e9naire\" \/>\n<meta name=\"twitter:card\" content=\"summary_large_image\" \/>\n<meta name=\"twitter:label1\" content=\"\u00c9crit par\" \/>\n\t<meta name=\"twitter:data1\" content=\"3e mill\u00e9naire\" \/>\n\t<meta name=\"twitter:label2\" content=\"Dur\u00e9e de lecture estim\u00e9e\" \/>\n\t<meta name=\"twitter:data2\" content=\"39 minutes\" \/>\n<script type=\"application\/ld+json\" class=\"yoast-schema-graph\">{\"@context\":\"https:\/\/schema.org\",\"@graph\":[{\"@type\":\"Article\",\"@id\":\"https:\/\/www.revue3emillenaire.com\/blog\/un-pont-entre-la-sagesse-orientale-et-la-science-moderne-entretien-entre-swami-satyananda-et-basarab-nicolescu\/#article\",\"isPartOf\":{\"@id\":\"https:\/\/www.revue3emillenaire.com\/blog\/un-pont-entre-la-sagesse-orientale-et-la-science-moderne-entretien-entre-swami-satyananda-et-basarab-nicolescu\/\"},\"author\":{\"name\":\"3e mill\u00e9naire\",\"@id\":\"https:\/\/www.revue3emillenaire.com\/blog\/#\/schema\/person\/b692dacff720a5344a6190bc714397eb\"},\"headline\":\"Un pont entre la sagesse orientale et la science moderne. Entretien Swami Satyananda et Basarab Nicolescu\",\"datePublished\":\"2019-10-04T02:56:20+00:00\",\"dateModified\":\"2019-10-04T02:58:00+00:00\",\"mainEntityOfPage\":{\"@id\":\"https:\/\/www.revue3emillenaire.com\/blog\/un-pont-entre-la-sagesse-orientale-et-la-science-moderne-entretien-entre-swami-satyananda-et-basarab-nicolescu\/\"},\"wordCount\":7857,\"image\":{\"@id\":\"https:\/\/www.revue3emillenaire.com\/blog\/un-pont-entre-la-sagesse-orientale-et-la-science-moderne-entretien-entre-swami-satyananda-et-basarab-nicolescu\/#primaryimage\"},\"thumbnailUrl\":\"https:\/\/www.revue3emillenaire.com\/blog\/wp-content\/uploads\/2019\/09\/Basarab-Nicolescu.jpg\",\"articleSection\":[\"Entretien\/Interview\",\"Nicolescu Basarab\",\"Swami Satyananda Sarasvati\"],\"inLanguage\":\"fr-FR\"},{\"@type\":\"WebPage\",\"@id\":\"https:\/\/www.revue3emillenaire.com\/blog\/un-pont-entre-la-sagesse-orientale-et-la-science-moderne-entretien-entre-swami-satyananda-et-basarab-nicolescu\/\",\"url\":\"https:\/\/www.revue3emillenaire.com\/blog\/un-pont-entre-la-sagesse-orientale-et-la-science-moderne-entretien-entre-swami-satyananda-et-basarab-nicolescu\/\",\"name\":\"Un pont entre la sagesse orientale et la science moderne. Entretien Swami Satyananda et Basarab Nicolescu - 3e mill\u00e9naire - Spiritualit\u00e9 - Connaissance de soi - Non-dualit\u00e9 - M\u00e9ditation\",\"isPartOf\":{\"@id\":\"https:\/\/www.revue3emillenaire.com\/blog\/#website\"},\"primaryImageOfPage\":{\"@id\":\"https:\/\/www.revue3emillenaire.com\/blog\/un-pont-entre-la-sagesse-orientale-et-la-science-moderne-entretien-entre-swami-satyananda-et-basarab-nicolescu\/#primaryimage\"},\"image\":{\"@id\":\"https:\/\/www.revue3emillenaire.com\/blog\/un-pont-entre-la-sagesse-orientale-et-la-science-moderne-entretien-entre-swami-satyananda-et-basarab-nicolescu\/#primaryimage\"},\"thumbnailUrl\":\"https:\/\/www.revue3emillenaire.com\/blog\/wp-content\/uploads\/2019\/09\/Basarab-Nicolescu.jpg\",\"datePublished\":\"2019-10-04T02:56:20+00:00\",\"dateModified\":\"2019-10-04T02:58:00+00:00\",\"author\":{\"@id\":\"https:\/\/www.revue3emillenaire.com\/blog\/#\/schema\/person\/b692dacff720a5344a6190bc714397eb\"},\"breadcrumb\":{\"@id\":\"https:\/\/www.revue3emillenaire.com\/blog\/un-pont-entre-la-sagesse-orientale-et-la-science-moderne-entretien-entre-swami-satyananda-et-basarab-nicolescu\/#breadcrumb\"},\"inLanguage\":\"fr-FR\",\"potentialAction\":[{\"@type\":\"ReadAction\",\"target\":[\"https:\/\/www.revue3emillenaire.com\/blog\/un-pont-entre-la-sagesse-orientale-et-la-science-moderne-entretien-entre-swami-satyananda-et-basarab-nicolescu\/\"]}]},{\"@type\":\"ImageObject\",\"inLanguage\":\"fr-FR\",\"@id\":\"https:\/\/www.revue3emillenaire.com\/blog\/un-pont-entre-la-sagesse-orientale-et-la-science-moderne-entretien-entre-swami-satyananda-et-basarab-nicolescu\/#primaryimage\",\"url\":\"https:\/\/www.revue3emillenaire.com\/blog\/wp-content\/uploads\/2019\/09\/Basarab-Nicolescu.jpg\",\"contentUrl\":\"https:\/\/www.revue3emillenaire.com\/blog\/wp-content\/uploads\/2019\/09\/Basarab-Nicolescu.jpg\",\"width\":208,\"height\":206},{\"@type\":\"BreadcrumbList\",\"@id\":\"https:\/\/www.revue3emillenaire.com\/blog\/un-pont-entre-la-sagesse-orientale-et-la-science-moderne-entretien-entre-swami-satyananda-et-basarab-nicolescu\/#breadcrumb\",\"itemListElement\":[{\"@type\":\"ListItem\",\"position\":1,\"name\":\"Accueil\",\"item\":\"https:\/\/www.revue3emillenaire.com\/blog\/\"},{\"@type\":\"ListItem\",\"position\":2,\"name\":\"Un pont entre la sagesse orientale et la science moderne. Entretien Swami Satyananda et Basarab Nicolescu\"}]},{\"@type\":\"WebSite\",\"@id\":\"https:\/\/www.revue3emillenaire.com\/blog\/#website\",\"url\":\"https:\/\/www.revue3emillenaire.com\/blog\/\",\"name\":\"3e mill\u00e9naire - Spiritualit\u00e9 - Connaissance de soi - Non-dualit\u00e9 - M\u00e9ditation\",\"description\":\"L&#039;Homme en devenir\",\"potentialAction\":[{\"@type\":\"SearchAction\",\"target\":{\"@type\":\"EntryPoint\",\"urlTemplate\":\"https:\/\/www.revue3emillenaire.com\/blog\/?s={search_term_string}\"},\"query-input\":{\"@type\":\"PropertyValueSpecification\",\"valueRequired\":true,\"valueName\":\"search_term_string\"}}],\"inLanguage\":\"fr-FR\"},{\"@type\":\"Person\",\"@id\":\"https:\/\/www.revue3emillenaire.com\/blog\/#\/schema\/person\/b692dacff720a5344a6190bc714397eb\",\"name\":\"3e mill\u00e9naire\",\"url\":\"https:\/\/www.revue3emillenaire.com\/blog\/author\/scoussa\/\"}]}<\/script>\n<!-- \/ Yoast SEO plugin. -->","yoast_head_json":{"title":"Un pont entre la sagesse orientale et la science moderne. Entretien Swami Satyananda et Basarab Nicolescu - 3e mill\u00e9naire - Spiritualit\u00e9 - Connaissance de soi - Non-dualit\u00e9 - M\u00e9ditation","robots":{"index":"index","follow":"follow","max-snippet":"max-snippet:-1","max-image-preview":"max-image-preview:large","max-video-preview":"max-video-preview:-1"},"canonical":"https:\/\/www.revue3emillenaire.com\/blog\/un-pont-entre-la-sagesse-orientale-et-la-science-moderne-entretien-entre-swami-satyananda-et-basarab-nicolescu\/","og_locale":"fr_FR","og_type":"article","og_title":"Un pont entre la sagesse orientale et la science moderne. Entretien Swami Satyananda et Basarab Nicolescu - 3e mill\u00e9naire - Spiritualit\u00e9 - Connaissance de soi - Non-dualit\u00e9 - M\u00e9ditation","og_description":"(Revue 3e Mill\u00e9naire. Ancienne s\u00e9rie. No 17. Nov-D\u00e9c 1984) La rencontre de deux types de pens\u00e9es qui pourraient constituer un dialogue de sourds si le swami d&rsquo;Orient ne connaissait pas tr\u00e8s bien la science d&rsquo;Occident et si le physicien n&rsquo;\u00e9tait lui-m\u00eame tr\u00e8s au fait de la sagesse orientale. Entre Swami Satyananda (1923-2009) et Basarab Nicolescu [&hellip;]","og_url":"https:\/\/www.revue3emillenaire.com\/blog\/un-pont-entre-la-sagesse-orientale-et-la-science-moderne-entretien-entre-swami-satyananda-et-basarab-nicolescu\/","og_site_name":"3e mill\u00e9naire - Spiritualit\u00e9 - Connaissance de soi - Non-dualit\u00e9 - M\u00e9ditation","article_published_time":"2019-10-04T02:56:20+00:00","article_modified_time":"2019-10-04T02:58:00+00:00","og_image":[{"width":208,"height":206,"url":"https:\/\/www.revue3emillenaire.com\/blog\/wp-content\/uploads\/2019\/09\/Basarab-Nicolescu.jpg","type":"image\/jpeg"}],"author":"3e mill\u00e9naire","twitter_card":"summary_large_image","twitter_misc":{"\u00c9crit par":"3e mill\u00e9naire","Dur\u00e9e de lecture estim\u00e9e":"39 minutes"},"schema":{"@context":"https:\/\/schema.org","@graph":[{"@type":"Article","@id":"https:\/\/www.revue3emillenaire.com\/blog\/un-pont-entre-la-sagesse-orientale-et-la-science-moderne-entretien-entre-swami-satyananda-et-basarab-nicolescu\/#article","isPartOf":{"@id":"https:\/\/www.revue3emillenaire.com\/blog\/un-pont-entre-la-sagesse-orientale-et-la-science-moderne-entretien-entre-swami-satyananda-et-basarab-nicolescu\/"},"author":{"name":"3e mill\u00e9naire","@id":"https:\/\/www.revue3emillenaire.com\/blog\/#\/schema\/person\/b692dacff720a5344a6190bc714397eb"},"headline":"Un pont entre la sagesse orientale et la science moderne. Entretien Swami Satyananda et Basarab Nicolescu","datePublished":"2019-10-04T02:56:20+00:00","dateModified":"2019-10-04T02:58:00+00:00","mainEntityOfPage":{"@id":"https:\/\/www.revue3emillenaire.com\/blog\/un-pont-entre-la-sagesse-orientale-et-la-science-moderne-entretien-entre-swami-satyananda-et-basarab-nicolescu\/"},"wordCount":7857,"image":{"@id":"https:\/\/www.revue3emillenaire.com\/blog\/un-pont-entre-la-sagesse-orientale-et-la-science-moderne-entretien-entre-swami-satyananda-et-basarab-nicolescu\/#primaryimage"},"thumbnailUrl":"https:\/\/www.revue3emillenaire.com\/blog\/wp-content\/uploads\/2019\/09\/Basarab-Nicolescu.jpg","articleSection":["Entretien\/Interview","Nicolescu Basarab","Swami Satyananda Sarasvati"],"inLanguage":"fr-FR"},{"@type":"WebPage","@id":"https:\/\/www.revue3emillenaire.com\/blog\/un-pont-entre-la-sagesse-orientale-et-la-science-moderne-entretien-entre-swami-satyananda-et-basarab-nicolescu\/","url":"https:\/\/www.revue3emillenaire.com\/blog\/un-pont-entre-la-sagesse-orientale-et-la-science-moderne-entretien-entre-swami-satyananda-et-basarab-nicolescu\/","name":"Un pont entre la sagesse orientale et la science moderne. Entretien Swami Satyananda et Basarab Nicolescu - 3e mill\u00e9naire - Spiritualit\u00e9 - Connaissance de soi - Non-dualit\u00e9 - M\u00e9ditation","isPartOf":{"@id":"https:\/\/www.revue3emillenaire.com\/blog\/#website"},"primaryImageOfPage":{"@id":"https:\/\/www.revue3emillenaire.com\/blog\/un-pont-entre-la-sagesse-orientale-et-la-science-moderne-entretien-entre-swami-satyananda-et-basarab-nicolescu\/#primaryimage"},"image":{"@id":"https:\/\/www.revue3emillenaire.com\/blog\/un-pont-entre-la-sagesse-orientale-et-la-science-moderne-entretien-entre-swami-satyananda-et-basarab-nicolescu\/#primaryimage"},"thumbnailUrl":"https:\/\/www.revue3emillenaire.com\/blog\/wp-content\/uploads\/2019\/09\/Basarab-Nicolescu.jpg","datePublished":"2019-10-04T02:56:20+00:00","dateModified":"2019-10-04T02:58:00+00:00","author":{"@id":"https:\/\/www.revue3emillenaire.com\/blog\/#\/schema\/person\/b692dacff720a5344a6190bc714397eb"},"breadcrumb":{"@id":"https:\/\/www.revue3emillenaire.com\/blog\/un-pont-entre-la-sagesse-orientale-et-la-science-moderne-entretien-entre-swami-satyananda-et-basarab-nicolescu\/#breadcrumb"},"inLanguage":"fr-FR","potentialAction":[{"@type":"ReadAction","target":["https:\/\/www.revue3emillenaire.com\/blog\/un-pont-entre-la-sagesse-orientale-et-la-science-moderne-entretien-entre-swami-satyananda-et-basarab-nicolescu\/"]}]},{"@type":"ImageObject","inLanguage":"fr-FR","@id":"https:\/\/www.revue3emillenaire.com\/blog\/un-pont-entre-la-sagesse-orientale-et-la-science-moderne-entretien-entre-swami-satyananda-et-basarab-nicolescu\/#primaryimage","url":"https:\/\/www.revue3emillenaire.com\/blog\/wp-content\/uploads\/2019\/09\/Basarab-Nicolescu.jpg","contentUrl":"https:\/\/www.revue3emillenaire.com\/blog\/wp-content\/uploads\/2019\/09\/Basarab-Nicolescu.jpg","width":208,"height":206},{"@type":"BreadcrumbList","@id":"https:\/\/www.revue3emillenaire.com\/blog\/un-pont-entre-la-sagesse-orientale-et-la-science-moderne-entretien-entre-swami-satyananda-et-basarab-nicolescu\/#breadcrumb","itemListElement":[{"@type":"ListItem","position":1,"name":"Accueil","item":"https:\/\/www.revue3emillenaire.com\/blog\/"},{"@type":"ListItem","position":2,"name":"Un pont entre la sagesse orientale et la science moderne. Entretien Swami Satyananda et Basarab Nicolescu"}]},{"@type":"WebSite","@id":"https:\/\/www.revue3emillenaire.com\/blog\/#website","url":"https:\/\/www.revue3emillenaire.com\/blog\/","name":"3e mill\u00e9naire - Spiritualit\u00e9 - Connaissance de soi - Non-dualit\u00e9 - M\u00e9ditation","description":"L&#039;Homme en devenir","potentialAction":[{"@type":"SearchAction","target":{"@type":"EntryPoint","urlTemplate":"https:\/\/www.revue3emillenaire.com\/blog\/?s={search_term_string}"},"query-input":{"@type":"PropertyValueSpecification","valueRequired":true,"valueName":"search_term_string"}}],"inLanguage":"fr-FR"},{"@type":"Person","@id":"https:\/\/www.revue3emillenaire.com\/blog\/#\/schema\/person\/b692dacff720a5344a6190bc714397eb","name":"3e mill\u00e9naire","url":"https:\/\/www.revue3emillenaire.com\/blog\/author\/scoussa\/"}]}},"_links":{"self":[{"href":"https:\/\/www.revue3emillenaire.com\/blog\/wp-json\/wp\/v2\/posts\/18085","targetHints":{"allow":["GET"]}}],"collection":[{"href":"https:\/\/www.revue3emillenaire.com\/blog\/wp-json\/wp\/v2\/posts"}],"about":[{"href":"https:\/\/www.revue3emillenaire.com\/blog\/wp-json\/wp\/v2\/types\/post"}],"author":[{"embeddable":true,"href":"https:\/\/www.revue3emillenaire.com\/blog\/wp-json\/wp\/v2\/users\/2"}],"replies":[{"embeddable":true,"href":"https:\/\/www.revue3emillenaire.com\/blog\/wp-json\/wp\/v2\/comments?post=18085"}],"version-history":[{"count":0,"href":"https:\/\/www.revue3emillenaire.com\/blog\/wp-json\/wp\/v2\/posts\/18085\/revisions"}],"wp:featuredmedia":[{"embeddable":true,"href":"https:\/\/www.revue3emillenaire.com\/blog\/wp-json\/wp\/v2\/media\/18086"}],"wp:attachment":[{"href":"https:\/\/www.revue3emillenaire.com\/blog\/wp-json\/wp\/v2\/media?parent=18085"}],"wp:term":[{"taxonomy":"category","embeddable":true,"href":"https:\/\/www.revue3emillenaire.com\/blog\/wp-json\/wp\/v2\/categories?post=18085"},{"taxonomy":"post_tag","embeddable":true,"href":"https:\/\/www.revue3emillenaire.com\/blog\/wp-json\/wp\/v2\/tags?post=18085"}],"curies":[{"name":"wp","href":"https:\/\/api.w.org\/{rel}","templated":true}]}}