{"id":18135,"date":"2019-12-27T19:04:38","date_gmt":"2019-12-27T18:04:38","guid":{"rendered":"https:\/\/www.revue3emillenaire.com\/blog\/?p=18135"},"modified":"2019-12-27T19:04:38","modified_gmt":"2019-12-27T18:04:38","slug":"la-venue-du-troisieme-millenaire-un-examen-critique-de-la-notion-de-temps-par-robert-powell","status":"publish","type":"post","link":"https:\/\/www.revue3emillenaire.com\/blog\/la-venue-du-troisieme-millenaire-un-examen-critique-de-la-notion-de-temps-par-robert-powell\/","title":{"rendered":"La venue du troisi\u00e8me mill\u00e9naire &#8211; Un examen critique de la notion de temps par Robert Powell"},"content":{"rendered":"<p style=\"text-align: justify;\"><span style=\"color: #000000;\"><span style=\"font-size: medium;\"><span style=\"color: #000000;\"><i>Traduction libre<\/i><\/span><\/span><\/span><\/p>\n<p style=\"text-align: justify;\"><span style=\"color: #000000;\"><span style=\"font-size: medium;\"><span style=\"color: #000000;\">Pour l\u2019auteur, la signification de l&rsquo;av\u00e8nement imminent du troisi\u00e8me mill\u00e9naire r\u00e9side dans l&rsquo;occasion qu&rsquo;il offre de r\u00e9fl\u00e9chir sur l&rsquo;insignifiance totale de l&rsquo;av\u00e8nement du troisi\u00e8me mill\u00e9naire et l&rsquo;extr\u00eame superficialit\u00e9 dans laquelle nous fonctionnons. Nos vies sont totalement encombr\u00e9es d&rsquo;insignifiants, tant nous avons perdu l&rsquo;art de vivre dans l&rsquo;essentiel. Quoi de plus insignifiant pour notre bien-\u00eatre que la position du calendrier ? Et quel calendrier choisirons-nous ? Qu&rsquo;en est-il du calendrier chinois, musulman et juif ? Suis-je cens\u00e9 croire en la num\u00e9rologie ? Et s&rsquo;il y a quelque chose d&rsquo;important dans le troisi\u00e8me mill\u00e9naire, quel changement fondamental devrait alors se produire \u00e0 la fin de 1999, \u00e0 l\u2019entr\u00e9e du prochain mill\u00e9naire ? Ou mes chiffres sont-ils tous faux et aurais-je d\u00fb choisir les ann\u00e9es 2000 et 2001 pour d\u00e9finir la transition du deuxi\u00e8me au troisi\u00e8me mill\u00e9naire ?<\/span><\/span><\/span><\/p>\n<p style=\"text-align: justify;\"><span style=\"color: #000000;\"><span style=\"font-size: medium;\"><span style=\"color: #000000;\">Cette attitude s&rsquo;apparente \u00e0 la \u00ab pens\u00e9e par d\u00e9cennies \u00bb de plus en plus populaire, \u00e0 la mani\u00e8re dont nous attribuons une puissance magique \u00e0 des p\u00e9riodes de dix ans, comme si les d\u00e9cennies elles-m\u00eames pouvaient exercer un certain contr\u00f4le sur les affaires de l&rsquo;homme. Les ann\u00e9es cinquante, soixante, soixante-dix, etc. sont cens\u00e9es avoir apport\u00e9 avec elles un certain climat de changement social, une vision diff\u00e9rente de la vie. Si l&rsquo;on reproche \u00e0 la d\u00e9cennie actuelle d&rsquo;\u00eatre insatisfaisante, il ne reste plus qu&rsquo;\u00e0 attendre la suivante. Et si l&rsquo;on entreprend une d\u00e9cennie, comme on vient juste de le faire, c&rsquo;est dommage ; alors on n&rsquo;a pas de chance et il faut \u00eatre patient pour que la d\u00e9cennie change. Ainsi, l&rsquo;homme en l&rsquo;absence d&rsquo;une r\u00e9elle compr\u00e9hension de lui-m\u00eame reste emp\u00eatr\u00e9e dans toutes sortes de jeux de chiffres, qui ne sont rien de plus que de la pure superstition.<\/span><\/span><\/span><\/p>\n<p style=\"text-align: justify;\"><span style=\"color: #000000;\"><span style=\"font-size: medium;\"><span style=\"color: #000000;\">Qu&rsquo;entendons-nous par \u00ab changement \u00bb ? Pour moi, tout changement est un d\u00e9lire. Seules les choses irr\u00e9elles changent. Le r\u00e9el est ce qui ne change jamais et qui, seul, peut donc \u00eatre consid\u00e9r\u00e9 comme ayant une identit\u00e9. Nous pensons en termes de changement, parce que notre pens\u00e9e est impr\u00e9gn\u00e9e de la notion de temps. C&rsquo;est pourquoi m\u00eame la pens\u00e9e la plus profonde est fondamentalement superficielle, car elle est bas\u00e9e sur la notion d\u2019une progression. Mais cette progression n&rsquo;est que conceptuelle, elle n\u2019est pas r\u00e9elle. Les Fran\u00e7ais disent : \u00ab Plus \u00e7a change, plus c&rsquo;est la m\u00eame chose \u00bb, mais m\u00eame ce dicton est bas\u00e9 sur une notion temporelle. Je fais allusion \u00e0 quelque chose de beaucoup plus fondamental, qui devrait \u00eatre explor\u00e9 en profondeur car cette notion m\u00eame d\u00e9tient une cl\u00e9 puissante pour la d\u00e9couverte de soi. Et s&rsquo;il existe un chemin direct vers la r\u00e9alisation de soi, c&rsquo;est peut-\u00eatre la compr\u00e9hension de cette question.<\/span><\/span><\/span><\/p>\n<p style=\"text-align: justify;\"><span style=\"color: #000000;\"><span style=\"font-size: medium;\"><span style=\"color: #000000;\">Nous parlons du pass\u00e9 et de l&rsquo;avenir, mais o\u00f9 sont-ils ? Que sont-ils ? Quelqu&rsquo;un peut-il produire un \u00e9chantillon du pass\u00e9 ou de l&rsquo;avenir ? Quelqu&rsquo;un a-t-il d\u00e9j\u00e0 \u00e9t\u00e9 capable de faire quelque chose au pass\u00e9, de \u00ab d\u00e9faire \u00bb le pass\u00e9 ? Si l&rsquo;on pense ainsi, on le fait dans le pr\u00e9sent et au pr\u00e9sent. Quelqu&rsquo;un a-t-il d\u00e9j\u00e0 \u00e9t\u00e9 capable de manipuler l&rsquo;avenir ? Si c&rsquo;est ce que l&rsquo;on pense, alors il faut y r\u00e9fl\u00e9chir \u00e0 deux fois, car c&rsquo;est ce que l&rsquo;on fait dans le pr\u00e9sent. Nous ne pouvons jamais \u00e9chapper au moment pr\u00e9sent ; c&rsquo;est tout ce qui est. Le pass\u00e9 n&rsquo;est qu&rsquo;un type d&rsquo;image, un souvenir, et l&rsquo;avenir est un autre type d&rsquo;\u00ab imagerie \u00bb ou d&rsquo;imagination, tous deux produits par la pens\u00e9e. Le moment pr\u00e9sent est tout ce qui existe, et il est intemporel et sans limite. En quoi consiste ce moment intemporel ? Rien d&rsquo;autre que la Conscience ; pas la conscience de quelque chose mais la pure Conscience, ce qu\u2019on r\u00e9f\u00e8re aussi comme l\u2019\u00e9tat de \u00ab Je Suis \u00bb. C&rsquo;est le seul \u00e9tat que l&rsquo;on peut \u00e0 juste titre revendiquer comme \u00e9tant le sien. Tout autre \u00e9tat \u2013 je suis \u00ab ceci \u00bb ou \u00ab cela \u00bb \u2013 introduit un concept, une pens\u00e9e, et est donc discutable. Toute autre chose que l&rsquo;on \u00ab poss\u00e8de \u00bb est bas\u00e9e sur cette qualit\u00e9 de Conscience, car sans elle, il ne peut y avoir aucune connaissance de la propri\u00e9t\u00e9 ou de quoi que ce soit.<\/span><\/span><\/span><\/p>\n<p style=\"text-align: justify;\"><span style=\"color: #000000;\"><span style=\"font-size: medium;\"><span style=\"color: #000000;\">J. Krishnamurti a d\u00e9clar\u00e9 qu&rsquo;il existe un temps chronologique et un temps psychologique et que pour lui seul le premier existe. Ma position est plus extr\u00eame ; c&rsquo;est que m\u00eame le temps chronologique n&rsquo;existe pas \u2013 une v\u00e9rit\u00e9 qui a \u00e9t\u00e9 tenue par tous les ma\u00eetres de l\u2019advaita. Il n&rsquo;y a rien d&rsquo;autre que le moment pr\u00e9sent, et ce n&rsquo;est pas simplement que l&rsquo;homme est toujours dans le pr\u00e9sent, il est vraiment le moment pr\u00e9sent ; il est pure Pr\u00e9sence ou Conscience et tout ce qui a jamais exist\u00e9. C&rsquo;est pourquoi Sri Nisargadattta Maharaj a pu d\u00e9clarer : \u00ab Personne n&rsquo;existait avant moi. \u00bb (dans \u00ab <\/span><span style=\"color: #000000;\"><i>L\u2019Ultime<\/i><\/span> <span style=\"color: #000000;\"><i>Gu\u00e9rison<\/i><\/span><span style=\"color: #000000;\"> \u00bb). <\/span><\/span><\/span><\/p>\n<p style=\"text-align: justify;\"><span style=\"color: #000000;\"><span style=\"font-size: medium;\"><span style=\"color: #000000;\">C&rsquo;est ce clivage de l&rsquo;indivisible qui s&rsquo;est av\u00e9r\u00e9 si d\u00e9sastreux, car il conduit \u00e0 la naissance d&rsquo;une entit\u00e9 imaginaire, le \u00ab moi \u00bb, qui d\u00e9clenche le souci permanent de son bien-\u00eatre avec la fuite d&rsquo;\u00e9nergie qui l&rsquo;accompagne. Tout ceci est le jeu de Maya. En r\u00e9alit\u00e9, il n&rsquo;y a ni naissance ni mort ; il n&rsquo;y a que la Conscience. Ni le corps ni l&rsquo;esprit n&rsquo;existent r\u00e9ellement, si ce n&rsquo;est qu&rsquo;en tant que composites d&rsquo;impressions sensorielles \u2013 superpositions sur cette Conscience. Tout comme un film est projet\u00e9 comme un jeu de lumi\u00e8re et d&rsquo;ombre sur un \u00e9cran vierge, ainsi toute la r\u00e9alit\u00e9 manifest\u00e9e vient sur la Conscience en tant que pure apparence pendant les \u00e9tats de r\u00e9veil et de r\u00eave. Dans l&rsquo;\u00e9tat de sommeil profond, Maya est tenue en suspens : le projecteur est \u00e9teint.<\/span><\/span><\/span><\/p>\n<p style=\"text-align: justify;\"><span style=\"color: #000000;\"><span style=\"font-size: medium;\"><span style=\"color: #000000;\">L&rsquo;affirmation que le temps n&rsquo;existe pas vraiment signifie-t-elle que je devrais jeter ma montre et mon calendrier ? Bien s\u00fbr que non, \u00e0 moins que je ne d\u00e9cide de renoncer. Je ne pourrais plus fonctionner dans une soci\u00e9t\u00e9 qui vit selon ces crit\u00e8res. Mais cela ne signifie pas n\u00e9cessairement que ces derni\u00e8res sont r\u00e9elles et pas seulement empiriques. En ce qui concerne le mental, le temps est r\u00e9el, mais, dans ce domaine, le mental n&rsquo;est pas l&rsquo;arbitre final. Au contraire, puisque l&rsquo;esprit lui-m\u00eame est de la nature du temps conceptuel \u2013 il est n\u00e9 de l&rsquo;identification de la conscience avec un corps et un nom particuliers \u2013 tout ce qu&rsquo;il per\u00e7oit est entach\u00e9 de ces limitations.<\/span><\/span><\/span><\/p>\n<p style=\"text-align: justify;\"><span style=\"color: #000000;\"><span style=\"font-size: medium;\"><span style=\"color: #000000;\">C&rsquo;est l\u00e0 que se trouve \u00e0 la fois un indice du malheur de l&rsquo;homme et de sa lib\u00e9ration possible. En vivant dans une dimension temporelle irr\u00e9elle, \u00e0 chaque instant de son existence, il y a alors une certaine attente par rapport \u00e0 l&rsquo;instant suivant : cela provoque une diminution de notre attention au moment pr\u00e9sent puisque la pens\u00e9e esp\u00e8re que l&rsquo;instant suivant sera meilleur ou craint qu&rsquo;il soit pire. Ou si nous nous ennuyons, nous attendons le moment suivant pour que quelque chose \u00ab se produise \u00bb et soulage notre ennui. Toujours tourn\u00e9 vers l&rsquo;\u00ab avenir \u00bb, l&rsquo;homme a beaucoup de mal \u00e0 vivre dans la pl\u00e9nitude de ce qui est ; ainsi, une qualit\u00e9 particuli\u00e8re est apport\u00e9e dans la conscience, qui est v\u00e9cue comme le \u00ab flux du temps \u00bb et \u00e0 un niveau plus profond, comme l&rsquo;\u00e9nergie du \u00ab devenir \u00bb, qui est la graine de toute mis\u00e8re (<\/span><span style=\"color: #000000;\"><i>samsara<\/i><\/span><span style=\"color: #000000;\">). Nous sommes constamment sous l&#8217;emprise du d\u00e9sir \u2013 un d\u00e9sir de changement de notre condition \u2013 et nous ne sommes donc jamais libres. Ce n&rsquo;est que dans de rares moments, dans l\u2019intervalle entre (la satisfaction de) d\u00e9sirs cons\u00e9cutifs et dans l&rsquo;\u00e9tat de sommeil profond, quand il y a l&rsquo;\u00catre pur ou la Pr\u00e9sence sans aucune activit\u00e9 mentale, que nous avons un avant-go\u00fbt de l&rsquo;\u00e9tat de f\u00e9licit\u00e9 qui est notre vraie nature. Il n&rsquo;y a aucune notion de changement et l&rsquo;esprit est totalement immobile : rien n&rsquo;existe dans ce silence, si ce n&rsquo;est l&rsquo;\u00e9tat de pure conscience avec sa b\u00e9atitude inh\u00e9rente (<\/span><span style=\"color: #000000;\"><i>ananda<\/i><\/span><span style=\"color: #000000;\">).<\/span><\/span><\/span><\/p>\n<p style=\"text-align: justify;\"><span style=\"color: #000000;\"><span style=\"font-size: medium;\"><span style=\"color: #000000;\">Peut-\u00eatre pourrions-nous voir maintenant pourquoi les pratiques spirituelles qui comprennent un effort conscient pour se d\u00e9barrasser du <\/span><span style=\"color: #000000;\"><i>samsara<\/i><\/span><span style=\"color: #000000;\">, sont contre-productives car elles emp\u00eachent l&rsquo;esprit d&rsquo;\u00eatre immobile et demandent plus de temps ? Paradoxalement, on peut donc affirmer que la pratique la plus difficile est de s&rsquo;abstenir de toute pratique ! L&rsquo;id\u00e9e m\u00eame que nous sommes en \u00e9tat de servitude produit imm\u00e9diatement l\u2019impulsion \u00e0 s&rsquo;en lib\u00e9rer, mais ce mouvement m\u00eame vers la libert\u00e9 projet\u00e9e est la servitude, parce que c&rsquo;est encore une fuite du Pr\u00e9sent qui fait encore partie de notre \u00ab devenir \u00bb habituel. Ce qu&rsquo;il faut donc, c&rsquo;est la perception qu&rsquo;il n&rsquo;y a pas d&rsquo;esclavage, que nous sommes libres ici et maintenant. Ainsi, la voie directe est de persuader l&rsquo;esprit qu&rsquo;il peut se d\u00e9tendre totalement, ce qui n&rsquo;est qu&rsquo;une autre fa\u00e7on d&rsquo;affirmer la n\u00e9cessit\u00e9 de son abandon total. Cela conduit \u00e0 un \u00e9tat qui combine les meilleures caract\u00e9ristiques du sommeil et de l&rsquo;\u00e9tat de veille ; Ramana Maharshi l&rsquo;a appel\u00e9 <\/span><span style=\"color: #000000;\"><i>jagrat-sushupti<\/i><\/span><span style=\"color: #000000;\"> ou sommeil \u00e9veill\u00e9. On peut aussi l&rsquo;appeler l&rsquo;\u00e9veil sans sommeil, l&rsquo;aboutissement d&rsquo;une conscience parfaite et d&rsquo;une immobilit\u00e9 parfaite.<\/span><\/span><\/span><\/p>\n","protected":false},"excerpt":{"rendered":"<p>Traduction libre Pour l\u2019auteur, la signification de l&rsquo;av\u00e8nement imminent du troisi\u00e8me mill\u00e9naire r\u00e9side dans l&rsquo;occasion qu&rsquo;il offre de r\u00e9fl\u00e9chir sur l&rsquo;insignifiance totale de l&rsquo;av\u00e8nement du troisi\u00e8me mill\u00e9naire et l&rsquo;extr\u00eame superficialit\u00e9 dans laquelle nous fonctionnons. Nos vies sont totalement encombr\u00e9es d&rsquo;insignifiants, tant nous avons perdu l&rsquo;art de vivre dans l&rsquo;essentiel. Quoi de plus insignifiant pour notre [&hellip;]<\/p>\n","protected":false},"author":2,"featured_media":8936,"comment_status":"closed","ping_status":"closed","sticky":false,"template":"","format":"standard","meta":{"footnotes":""},"categories":[288],"tags":[8],"class_list":["post-18135","post","type-post","status-publish","format-standard","has-post-thumbnail","hentry","category-r-powell","tag-non-dualite"],"yoast_head":"<!-- This site is optimized with the Yoast SEO plugin v27.0 - https:\/\/yoast.com\/product\/yoast-seo-wordpress\/ -->\n<title>La venue du troisi\u00e8me mill\u00e9naire - Un examen critique de la notion de temps par Robert Powell - 3e mill\u00e9naire - Spiritualit\u00e9 - Connaissance de soi - Non-dualit\u00e9 - M\u00e9ditation<\/title>\n<meta name=\"robots\" content=\"index, follow, max-snippet:-1, max-image-preview:large, max-video-preview:-1\" \/>\n<link rel=\"canonical\" href=\"https:\/\/www.revue3emillenaire.com\/blog\/la-venue-du-troisieme-millenaire-un-examen-critique-de-la-notion-de-temps-par-robert-powell\/\" \/>\n<meta property=\"og:locale\" content=\"fr_FR\" \/>\n<meta property=\"og:type\" content=\"article\" \/>\n<meta property=\"og:title\" content=\"La venue du troisi\u00e8me mill\u00e9naire - Un examen critique de la notion de temps par Robert Powell - 3e mill\u00e9naire - Spiritualit\u00e9 - Connaissance de soi - Non-dualit\u00e9 - M\u00e9ditation\" \/>\n<meta property=\"og:description\" content=\"Traduction libre Pour l\u2019auteur, la signification de l&rsquo;av\u00e8nement imminent du troisi\u00e8me mill\u00e9naire r\u00e9side dans l&rsquo;occasion qu&rsquo;il offre de r\u00e9fl\u00e9chir sur l&rsquo;insignifiance totale de l&rsquo;av\u00e8nement du troisi\u00e8me mill\u00e9naire et l&rsquo;extr\u00eame superficialit\u00e9 dans laquelle nous fonctionnons. Nos vies sont totalement encombr\u00e9es d&rsquo;insignifiants, tant nous avons perdu l&rsquo;art de vivre dans l&rsquo;essentiel. Quoi de plus insignifiant pour notre [&hellip;]\" \/>\n<meta property=\"og:url\" content=\"https:\/\/www.revue3emillenaire.com\/blog\/la-venue-du-troisieme-millenaire-un-examen-critique-de-la-notion-de-temps-par-robert-powell\/\" \/>\n<meta property=\"og:site_name\" content=\"3e mill\u00e9naire - Spiritualit\u00e9 - Connaissance de soi - Non-dualit\u00e9 - M\u00e9ditation\" \/>\n<meta property=\"article:published_time\" content=\"2019-12-27T18:04:38+00:00\" \/>\n<meta property=\"og:image\" content=\"https:\/\/www.revue3emillenaire.com\/blog\/wp-content\/uploads\/2011\/09\/Rober-Powell.jpg\" \/>\n\t<meta property=\"og:image:width\" content=\"137\" \/>\n\t<meta property=\"og:image:height\" content=\"181\" \/>\n\t<meta property=\"og:image:type\" content=\"image\/jpeg\" \/>\n<meta name=\"author\" content=\"3e mill\u00e9naire\" \/>\n<meta name=\"twitter:card\" content=\"summary_large_image\" \/>\n<meta name=\"twitter:label1\" content=\"\u00c9crit par\" \/>\n\t<meta name=\"twitter:data1\" content=\"3e mill\u00e9naire\" \/>\n\t<meta name=\"twitter:label2\" content=\"Dur\u00e9e de lecture estim\u00e9e\" \/>\n\t<meta name=\"twitter:data2\" content=\"8 minutes\" \/>\n<script type=\"application\/ld+json\" class=\"yoast-schema-graph\">{\"@context\":\"https:\/\/schema.org\",\"@graph\":[{\"@type\":\"Article\",\"@id\":\"https:\/\/www.revue3emillenaire.com\/blog\/la-venue-du-troisieme-millenaire-un-examen-critique-de-la-notion-de-temps-par-robert-powell\/#article\",\"isPartOf\":{\"@id\":\"https:\/\/www.revue3emillenaire.com\/blog\/la-venue-du-troisieme-millenaire-un-examen-critique-de-la-notion-de-temps-par-robert-powell\/\"},\"author\":{\"name\":\"3e mill\u00e9naire\",\"@id\":\"https:\/\/www.revue3emillenaire.com\/blog\/#\/schema\/person\/b692dacff720a5344a6190bc714397eb\"},\"headline\":\"La venue du troisi\u00e8me mill\u00e9naire &#8211; Un examen critique de la notion de temps par Robert Powell\",\"datePublished\":\"2019-12-27T18:04:38+00:00\",\"mainEntityOfPage\":{\"@id\":\"https:\/\/www.revue3emillenaire.com\/blog\/la-venue-du-troisieme-millenaire-un-examen-critique-de-la-notion-de-temps-par-robert-powell\/\"},\"wordCount\":1571,\"image\":{\"@id\":\"https:\/\/www.revue3emillenaire.com\/blog\/la-venue-du-troisieme-millenaire-un-examen-critique-de-la-notion-de-temps-par-robert-powell\/#primaryimage\"},\"thumbnailUrl\":\"https:\/\/www.revue3emillenaire.com\/blog\/wp-content\/uploads\/2011\/09\/Rober-Powell.jpg\",\"keywords\":[\"Non-dualit\u00e9\"],\"articleSection\":[\"Powell Robert\"],\"inLanguage\":\"fr-FR\"},{\"@type\":\"WebPage\",\"@id\":\"https:\/\/www.revue3emillenaire.com\/blog\/la-venue-du-troisieme-millenaire-un-examen-critique-de-la-notion-de-temps-par-robert-powell\/\",\"url\":\"https:\/\/www.revue3emillenaire.com\/blog\/la-venue-du-troisieme-millenaire-un-examen-critique-de-la-notion-de-temps-par-robert-powell\/\",\"name\":\"La venue du troisi\u00e8me mill\u00e9naire - Un examen critique de la notion de temps par Robert Powell - 3e mill\u00e9naire - Spiritualit\u00e9 - Connaissance de soi - Non-dualit\u00e9 - M\u00e9ditation\",\"isPartOf\":{\"@id\":\"https:\/\/www.revue3emillenaire.com\/blog\/#website\"},\"primaryImageOfPage\":{\"@id\":\"https:\/\/www.revue3emillenaire.com\/blog\/la-venue-du-troisieme-millenaire-un-examen-critique-de-la-notion-de-temps-par-robert-powell\/#primaryimage\"},\"image\":{\"@id\":\"https:\/\/www.revue3emillenaire.com\/blog\/la-venue-du-troisieme-millenaire-un-examen-critique-de-la-notion-de-temps-par-robert-powell\/#primaryimage\"},\"thumbnailUrl\":\"https:\/\/www.revue3emillenaire.com\/blog\/wp-content\/uploads\/2011\/09\/Rober-Powell.jpg\",\"datePublished\":\"2019-12-27T18:04:38+00:00\",\"author\":{\"@id\":\"https:\/\/www.revue3emillenaire.com\/blog\/#\/schema\/person\/b692dacff720a5344a6190bc714397eb\"},\"breadcrumb\":{\"@id\":\"https:\/\/www.revue3emillenaire.com\/blog\/la-venue-du-troisieme-millenaire-un-examen-critique-de-la-notion-de-temps-par-robert-powell\/#breadcrumb\"},\"inLanguage\":\"fr-FR\",\"potentialAction\":[{\"@type\":\"ReadAction\",\"target\":[\"https:\/\/www.revue3emillenaire.com\/blog\/la-venue-du-troisieme-millenaire-un-examen-critique-de-la-notion-de-temps-par-robert-powell\/\"]}]},{\"@type\":\"ImageObject\",\"inLanguage\":\"fr-FR\",\"@id\":\"https:\/\/www.revue3emillenaire.com\/blog\/la-venue-du-troisieme-millenaire-un-examen-critique-de-la-notion-de-temps-par-robert-powell\/#primaryimage\",\"url\":\"https:\/\/www.revue3emillenaire.com\/blog\/wp-content\/uploads\/2011\/09\/Rober-Powell.jpg\",\"contentUrl\":\"https:\/\/www.revue3emillenaire.com\/blog\/wp-content\/uploads\/2011\/09\/Rober-Powell.jpg\",\"width\":\"137\",\"height\":\"181\",\"caption\":\"Robert Powell\"},{\"@type\":\"BreadcrumbList\",\"@id\":\"https:\/\/www.revue3emillenaire.com\/blog\/la-venue-du-troisieme-millenaire-un-examen-critique-de-la-notion-de-temps-par-robert-powell\/#breadcrumb\",\"itemListElement\":[{\"@type\":\"ListItem\",\"position\":1,\"name\":\"Accueil\",\"item\":\"https:\/\/www.revue3emillenaire.com\/blog\/\"},{\"@type\":\"ListItem\",\"position\":2,\"name\":\"La venue du troisi\u00e8me mill\u00e9naire &#8211; Un examen critique de la notion de temps par Robert Powell\"}]},{\"@type\":\"WebSite\",\"@id\":\"https:\/\/www.revue3emillenaire.com\/blog\/#website\",\"url\":\"https:\/\/www.revue3emillenaire.com\/blog\/\",\"name\":\"3e mill\u00e9naire - Spiritualit\u00e9 - Connaissance de soi - Non-dualit\u00e9 - M\u00e9ditation\",\"description\":\"L&#039;Homme en devenir\",\"potentialAction\":[{\"@type\":\"SearchAction\",\"target\":{\"@type\":\"EntryPoint\",\"urlTemplate\":\"https:\/\/www.revue3emillenaire.com\/blog\/?s={search_term_string}\"},\"query-input\":{\"@type\":\"PropertyValueSpecification\",\"valueRequired\":true,\"valueName\":\"search_term_string\"}}],\"inLanguage\":\"fr-FR\"},{\"@type\":\"Person\",\"@id\":\"https:\/\/www.revue3emillenaire.com\/blog\/#\/schema\/person\/b692dacff720a5344a6190bc714397eb\",\"name\":\"3e mill\u00e9naire\",\"url\":\"https:\/\/www.revue3emillenaire.com\/blog\/author\/scoussa\/\"}]}<\/script>\n<!-- \/ Yoast SEO plugin. -->","yoast_head_json":{"title":"La venue du troisi\u00e8me mill\u00e9naire - Un examen critique de la notion de temps par Robert Powell - 3e mill\u00e9naire - Spiritualit\u00e9 - Connaissance de soi - Non-dualit\u00e9 - M\u00e9ditation","robots":{"index":"index","follow":"follow","max-snippet":"max-snippet:-1","max-image-preview":"max-image-preview:large","max-video-preview":"max-video-preview:-1"},"canonical":"https:\/\/www.revue3emillenaire.com\/blog\/la-venue-du-troisieme-millenaire-un-examen-critique-de-la-notion-de-temps-par-robert-powell\/","og_locale":"fr_FR","og_type":"article","og_title":"La venue du troisi\u00e8me mill\u00e9naire - Un examen critique de la notion de temps par Robert Powell - 3e mill\u00e9naire - Spiritualit\u00e9 - Connaissance de soi - Non-dualit\u00e9 - M\u00e9ditation","og_description":"Traduction libre Pour l\u2019auteur, la signification de l&rsquo;av\u00e8nement imminent du troisi\u00e8me mill\u00e9naire r\u00e9side dans l&rsquo;occasion qu&rsquo;il offre de r\u00e9fl\u00e9chir sur l&rsquo;insignifiance totale de l&rsquo;av\u00e8nement du troisi\u00e8me mill\u00e9naire et l&rsquo;extr\u00eame superficialit\u00e9 dans laquelle nous fonctionnons. Nos vies sont totalement encombr\u00e9es d&rsquo;insignifiants, tant nous avons perdu l&rsquo;art de vivre dans l&rsquo;essentiel. Quoi de plus insignifiant pour notre [&hellip;]","og_url":"https:\/\/www.revue3emillenaire.com\/blog\/la-venue-du-troisieme-millenaire-un-examen-critique-de-la-notion-de-temps-par-robert-powell\/","og_site_name":"3e mill\u00e9naire - Spiritualit\u00e9 - Connaissance de soi - Non-dualit\u00e9 - M\u00e9ditation","article_published_time":"2019-12-27T18:04:38+00:00","og_image":[{"width":137,"height":181,"url":"https:\/\/www.revue3emillenaire.com\/blog\/wp-content\/uploads\/2011\/09\/Rober-Powell.jpg","type":"image\/jpeg"}],"author":"3e mill\u00e9naire","twitter_card":"summary_large_image","twitter_misc":{"\u00c9crit par":"3e mill\u00e9naire","Dur\u00e9e de lecture estim\u00e9e":"8 minutes"},"schema":{"@context":"https:\/\/schema.org","@graph":[{"@type":"Article","@id":"https:\/\/www.revue3emillenaire.com\/blog\/la-venue-du-troisieme-millenaire-un-examen-critique-de-la-notion-de-temps-par-robert-powell\/#article","isPartOf":{"@id":"https:\/\/www.revue3emillenaire.com\/blog\/la-venue-du-troisieme-millenaire-un-examen-critique-de-la-notion-de-temps-par-robert-powell\/"},"author":{"name":"3e mill\u00e9naire","@id":"https:\/\/www.revue3emillenaire.com\/blog\/#\/schema\/person\/b692dacff720a5344a6190bc714397eb"},"headline":"La venue du troisi\u00e8me mill\u00e9naire &#8211; Un examen critique de la notion de temps par Robert Powell","datePublished":"2019-12-27T18:04:38+00:00","mainEntityOfPage":{"@id":"https:\/\/www.revue3emillenaire.com\/blog\/la-venue-du-troisieme-millenaire-un-examen-critique-de-la-notion-de-temps-par-robert-powell\/"},"wordCount":1571,"image":{"@id":"https:\/\/www.revue3emillenaire.com\/blog\/la-venue-du-troisieme-millenaire-un-examen-critique-de-la-notion-de-temps-par-robert-powell\/#primaryimage"},"thumbnailUrl":"https:\/\/www.revue3emillenaire.com\/blog\/wp-content\/uploads\/2011\/09\/Rober-Powell.jpg","keywords":["Non-dualit\u00e9"],"articleSection":["Powell Robert"],"inLanguage":"fr-FR"},{"@type":"WebPage","@id":"https:\/\/www.revue3emillenaire.com\/blog\/la-venue-du-troisieme-millenaire-un-examen-critique-de-la-notion-de-temps-par-robert-powell\/","url":"https:\/\/www.revue3emillenaire.com\/blog\/la-venue-du-troisieme-millenaire-un-examen-critique-de-la-notion-de-temps-par-robert-powell\/","name":"La venue du troisi\u00e8me mill\u00e9naire - Un examen critique de la notion de temps par Robert Powell - 3e mill\u00e9naire - Spiritualit\u00e9 - Connaissance de soi - Non-dualit\u00e9 - M\u00e9ditation","isPartOf":{"@id":"https:\/\/www.revue3emillenaire.com\/blog\/#website"},"primaryImageOfPage":{"@id":"https:\/\/www.revue3emillenaire.com\/blog\/la-venue-du-troisieme-millenaire-un-examen-critique-de-la-notion-de-temps-par-robert-powell\/#primaryimage"},"image":{"@id":"https:\/\/www.revue3emillenaire.com\/blog\/la-venue-du-troisieme-millenaire-un-examen-critique-de-la-notion-de-temps-par-robert-powell\/#primaryimage"},"thumbnailUrl":"https:\/\/www.revue3emillenaire.com\/blog\/wp-content\/uploads\/2011\/09\/Rober-Powell.jpg","datePublished":"2019-12-27T18:04:38+00:00","author":{"@id":"https:\/\/www.revue3emillenaire.com\/blog\/#\/schema\/person\/b692dacff720a5344a6190bc714397eb"},"breadcrumb":{"@id":"https:\/\/www.revue3emillenaire.com\/blog\/la-venue-du-troisieme-millenaire-un-examen-critique-de-la-notion-de-temps-par-robert-powell\/#breadcrumb"},"inLanguage":"fr-FR","potentialAction":[{"@type":"ReadAction","target":["https:\/\/www.revue3emillenaire.com\/blog\/la-venue-du-troisieme-millenaire-un-examen-critique-de-la-notion-de-temps-par-robert-powell\/"]}]},{"@type":"ImageObject","inLanguage":"fr-FR","@id":"https:\/\/www.revue3emillenaire.com\/blog\/la-venue-du-troisieme-millenaire-un-examen-critique-de-la-notion-de-temps-par-robert-powell\/#primaryimage","url":"https:\/\/www.revue3emillenaire.com\/blog\/wp-content\/uploads\/2011\/09\/Rober-Powell.jpg","contentUrl":"https:\/\/www.revue3emillenaire.com\/blog\/wp-content\/uploads\/2011\/09\/Rober-Powell.jpg","width":"137","height":"181","caption":"Robert Powell"},{"@type":"BreadcrumbList","@id":"https:\/\/www.revue3emillenaire.com\/blog\/la-venue-du-troisieme-millenaire-un-examen-critique-de-la-notion-de-temps-par-robert-powell\/#breadcrumb","itemListElement":[{"@type":"ListItem","position":1,"name":"Accueil","item":"https:\/\/www.revue3emillenaire.com\/blog\/"},{"@type":"ListItem","position":2,"name":"La venue du troisi\u00e8me mill\u00e9naire &#8211; Un examen critique de la notion de temps par Robert Powell"}]},{"@type":"WebSite","@id":"https:\/\/www.revue3emillenaire.com\/blog\/#website","url":"https:\/\/www.revue3emillenaire.com\/blog\/","name":"3e mill\u00e9naire - Spiritualit\u00e9 - Connaissance de soi - Non-dualit\u00e9 - M\u00e9ditation","description":"L&#039;Homme en devenir","potentialAction":[{"@type":"SearchAction","target":{"@type":"EntryPoint","urlTemplate":"https:\/\/www.revue3emillenaire.com\/blog\/?s={search_term_string}"},"query-input":{"@type":"PropertyValueSpecification","valueRequired":true,"valueName":"search_term_string"}}],"inLanguage":"fr-FR"},{"@type":"Person","@id":"https:\/\/www.revue3emillenaire.com\/blog\/#\/schema\/person\/b692dacff720a5344a6190bc714397eb","name":"3e mill\u00e9naire","url":"https:\/\/www.revue3emillenaire.com\/blog\/author\/scoussa\/"}]}},"_links":{"self":[{"href":"https:\/\/www.revue3emillenaire.com\/blog\/wp-json\/wp\/v2\/posts\/18135","targetHints":{"allow":["GET"]}}],"collection":[{"href":"https:\/\/www.revue3emillenaire.com\/blog\/wp-json\/wp\/v2\/posts"}],"about":[{"href":"https:\/\/www.revue3emillenaire.com\/blog\/wp-json\/wp\/v2\/types\/post"}],"author":[{"embeddable":true,"href":"https:\/\/www.revue3emillenaire.com\/blog\/wp-json\/wp\/v2\/users\/2"}],"replies":[{"embeddable":true,"href":"https:\/\/www.revue3emillenaire.com\/blog\/wp-json\/wp\/v2\/comments?post=18135"}],"version-history":[{"count":0,"href":"https:\/\/www.revue3emillenaire.com\/blog\/wp-json\/wp\/v2\/posts\/18135\/revisions"}],"wp:featuredmedia":[{"embeddable":true,"href":"https:\/\/www.revue3emillenaire.com\/blog\/wp-json\/wp\/v2\/media\/8936"}],"wp:attachment":[{"href":"https:\/\/www.revue3emillenaire.com\/blog\/wp-json\/wp\/v2\/media?parent=18135"}],"wp:term":[{"taxonomy":"category","embeddable":true,"href":"https:\/\/www.revue3emillenaire.com\/blog\/wp-json\/wp\/v2\/categories?post=18135"},{"taxonomy":"post_tag","embeddable":true,"href":"https:\/\/www.revue3emillenaire.com\/blog\/wp-json\/wp\/v2\/tags?post=18135"}],"curies":[{"name":"wp","href":"https:\/\/api.w.org\/{rel}","templated":true}]}}