{"id":18190,"date":"2020-04-12T18:15:25","date_gmt":"2020-04-12T17:15:25","guid":{"rendered":"https:\/\/www.revue3emillenaire.com\/blog\/?p=18190"},"modified":"2020-04-12T18:15:25","modified_gmt":"2020-04-12T17:15:25","slug":"message-collectif-en-ce-temps-de-crise-par-dominique-schmidt","status":"publish","type":"post","link":"https:\/\/www.revue3emillenaire.com\/blog\/message-collectif-en-ce-temps-de-crise-par-dominique-schmidt\/","title":{"rendered":"Message collectif en ce temps de crise par Dominique Schmidt"},"content":{"rendered":"<p class=\"western\" align=\"justify\"><span style=\"color: #000000;\"><span style=\"font-size: medium;\">Aujourd\u2019hui notre mode de vie a chang\u00e9.\u00a0L\u2019homme est touch\u00e9 \u00e0 la racine de son \u00eatre. Les r\u00e9cents cataclysmes dont il est en grande partie la cause menacent son confort, le fondement de son existence. Il est le plus grand pr\u00e9dateur non seulement de son environnement mais de son prochain qu\u2019il est pr\u00eat \u00e0 exploiter pour arriver \u00e0 ses fins, \u00e0 ses propres ambitions. C\u2019est l\u00e0, dans la d\u00e9tresse des \u00e9v\u00e9nements, que la plupart d\u2019entre nous nous \u00e9crions qu\u2019il faut changer les choses, mais ce que nous entendons par changement, c\u2019est prendre des mesures ext\u00e9rieures, \u00e9cologiques ou politiques, pour prot\u00e9ger ou am\u00e9liorer notre environnement. On fait appel \u00e0 la coop\u00e9ration lorsque ses propres int\u00e9r\u00eats sont en p\u00e9ril. Quelques nobles que soient nos intentions, nous ne nous apercevons pas que c\u2019est l\u2019homme lui-m\u00eame, dans son ego, qui doit changer radicalement. Ce n\u2019est pas qu\u2019il ne faille pas agir et am\u00e9liorer notre environnement, mais la modification de l\u2019ext\u00e9rieur sans rem\u00e9dier \u00e0 la cause int\u00e9rieure, l\u2019ego, ne peut \u00eatre que de courte dur\u00e9e, sinon les probl\u00e8mes ressurgissent toujours sous de nouvelles formes. L\u2019urgence du changement de notre mode de vie destructeur de la plan\u00e8te est \u00e9vidente, mais cette prise de conscience est-elle suffisante sans aller encore plus profond\u00e9ment en nous-m\u00eames dans une connaissance de soi qui r\u00e9v\u00e8le les vrais mobiles de nos actions\u00a0?<\/span><\/span><\/p>\n<p class=\"western\" align=\"justify\"><span style=\"color: #000000;\">\u00a0<\/span><\/p>\n<p class=\"western\" align=\"justify\"><span style=\"color: #000000;\"><span style=\"font-size: medium;\">Aujourd\u2019hui l\u2019homme fait face \u00e0 une situation encore plus critique avec le virus Covid-19, la disparition d\u2019une partie de l\u2019humanit\u00e9, c\u2019est-\u00e0-dire potentiellement chacun de nous et nos proches.\u00a0<\/span><\/span><\/p>\n<p class=\"western\" align=\"justify\"><span style=\"color: #000000;\">\u00a0<\/span><\/p>\n<p class=\"western\" align=\"justify\"><span style=\"color: #000000;\"><span style=\"font-size: medium;\">\u00ab\u00a0<\/span><\/span><span style=\"color: #000000;\"><span style=\"font-size: medium;\"><i>L\u2019Ego \u00e9tait une aide, l\u2019Ego est l\u2019entrave\u00a0<\/i><\/span><\/span><span style=\"color: #000000;\"><span style=\"font-size: medium;\">\u00bb.\u00a0<\/span><\/span><\/p>\n<p class=\"western\" align=\"justify\"><span style=\"color: #000000;\">\u00a0<\/span><\/p>\n<p class=\"western\" align=\"justify\"><span style=\"color: #000000;\"><span style=\"font-size: medium;\">Ces mots de Sri Aurobindo devraient plus que jamais r\u00e9sonner dans notre \u00eatre et \u00e9veiller en nous une r\u00e9volte int\u00e9rieure envers nous-m\u00eames, notre propre ego. Depuis l\u2019apparition du coronavirus on re\u00e7oit des mails faisant \u00e9tat d\u2019une prise de conscience collective de l\u2019abus de notre mode de vie tout superficiel, qui n\u2019est pas plus \u00e9lev\u00e9 que la recherche animale de confort et de bien-\u00eatre routinier engourdi dans la mati\u00e8re, ne vivant que pour les objets de commodit\u00e9 et les plaisirs ou sensations \u00e9ph\u00e9m\u00e8res. Ces mails disent \u2018Arr\u00eatons cette existence futile, sans sens, qui construit un avenir avec les mat\u00e9riaux de l\u2019avidit\u00e9, de la cupidit\u00e9 dans un pr\u00e9sent o\u00f9 personne n\u2019est vraiment satisfait, \u00e9veillons-nous \u00e0 des valeurs de solidarit\u00e9, d\u2019amour, d\u2019amiti\u00e9.\u2019 Mais l\u2019ego en est-il capable\u00a0? et ses id\u00e9aux ne sont-ils pas des id\u00e9es r\u00e9actionnelles t\u00e9moignant de ce qu\u2019il est vraiment\u00a0: un \u00eatre craintif, ambitieux, imbu de lui-m\u00eame, qui, lorsqu\u2019il est menac\u00e9, dans sa vie toute superficielle, change de camp, \u00e9cologique ou spirituel, critiquant ses prochains de ce qui en fait, inconsciemment, le ronge lui-m\u00eame\u00a0?<\/span><\/span><\/p>\n<p class=\"western\" align=\"justify\"><span style=\"color: #000000;\">\u00a0<\/span><\/p>\n<p class=\"western\" align=\"justify\"><span style=\"color: #000000;\"><span style=\"font-size: medium;\">Ce mouvement de peur visc\u00e9rale et de r\u00e9volte collective qui demande \u00e0 chacun de prier (et non d\u2019incriminer les autres en les montrant du doigt), de m\u00e9diter collectivement, sera-t-il suffisant pour changer la face du monde\u00a0? Demain, quand la gu\u00e9rison sera assur\u00e9e, la plupart d\u2019entre nous ne retomberons-nous pas dans le m\u00eame train-train quotidien d\u2019inertie dans une vie routini\u00e8re toute subconsciente berc\u00e9e au rythme de sensations sans \u00e2me, gouvern\u00e9e par la s\u00e9curit\u00e9 stupide donn\u00e9e par quelques biens mat\u00e9riels, comme l\u2019\u00e2ne avec sa carotte, dans la r\u00e9duction totale de notre potentiel infini\u00a0? Est-ce cela vivre\u00a0? mourir pour quelques plaisirs qui finissent toujours en poison\u00a0? La s\u00e9curit\u00e9 tant pr\u00f4n\u00e9e par la soci\u00e9t\u00e9 qui conditionne nos actes pour un futur de la terre promise o\u00f9 chacun sacrifie son existence et son pr\u00e9sent, existe-t-elle vraiment\u00a0? Le futur n\u2019est-il pas plut\u00f4t dans le maintenant\u00a0? Vivre pleinement dans le pr\u00e9sent n\u2019est-ce pas la garantie de demain\u00a0? Mais le probl\u00e8me, c\u2019est que l\u2019ego est incapable de vivre pleinement car il est programm\u00e9 par le temps\u00a0; son pr\u00e9sent, produit du pass\u00e9, est tout tendu vers l\u2019avenir ou bien il n\u2019est que rel\u00e2chement de tensions par le sexe, l\u2019alcool, la cigarette, caus\u00e9es par le stress d\u2019une existence insens\u00e9e\u00a0; son bonheur est toujours dans l\u2019anticipation d\u2019un demain\u00a0: quand il obtiendra cette maison, cette voiture, ce mari, ce titre, cette richesse, puis finalement la retraite. Son pr\u00e9sent r\u00e9el est inexistant, tout abruti qu\u2019il est dans sa marche vers le devenir, vers ce qu\u2019il va obtenir ou une fuite utopique. Le futur n\u2019est en fait qu\u2019une id\u00e9e qui se passe toujours dans le pr\u00e9sent.\u00a0Vivre vraiment, c\u2019est vivre dans l\u2019\u00e9panouissement de notre potentiel qui ne r\u00e9side pas dans l\u2019ego mais dans notre \u00eatre spirituel qu\u2019il nous faut urgemment d\u00e9couvrir au tr\u00e9fonds de nous-m\u00eame d\u00e8s aujourd\u2019hui. Lui seul est capable d\u2019une vraie vie car il est en consonance avec la vie du tout auquel il se sent intimement uni, en symbiose avec la fleur, l\u2019arbre, l\u2019enfant, le vieillard, avec tout ce qui existe. Cette coexistence de la vie et de ses expressions resplendit dans le seul pr\u00e9sent que les sages appellent le pr\u00e9sent \u00e9ternel car il est tiss\u00e9 des fibres des vraies valeurs d\u2019amour universel, de bont\u00e9 et de beaut\u00e9 qu\u2019il nous est urgent d\u2019incarner.<\/span><\/span><\/p>\n<p class=\"western\" align=\"justify\"><span style=\"color: #000000;\">\u00a0<\/span><\/p>\n<p class=\"western\" align=\"justify\"><span style=\"color: #000000;\"><span style=\"font-size: medium;\">Ce retrait impos\u00e9 par le virus porteur de mort doit \u00eatre vu comme un divin message qui, pour arr\u00eater la folie par laquelle chacun de nous se d\u00e9truit et la plan\u00e8te avec, nous oblige \u00e0 poser un regard sur nous-m\u00eames et notre existence. Profitons de ce confinement, de cette solitude impos\u00e9e par les \u00e9v\u00e9nements et transformons cette situation n\u00e9gative en une opportunit\u00e9 et au lieu de subir les circonstances mettons-les \u00e0 notre faveur et faisons ainsi de ce confinement une retraite spirituelle afin de trouver notre \u00eatre vrai, s\u2019il existe en nous quelle que chose qui n\u2019est pas l\u2019ego. Les aspirants \u00e0 la sagesse quittaient le monde pour un temps, l\u2019agitation et la vanit\u00e9 des hommes, pour se recueillir dans une grotte, un ashram, un monast\u00e8re et ainsi s\u2019adonnaient c\u0153ur et \u00e2me \u00e0 la recherche de leur \u00eatre profond et de la r\u00e9alit\u00e9 ultime. En effet, l\u2019ego est avant tout agit\u00e9 par ses peurs conscientes et inconscientes, par son besoin de s\u00e9curit\u00e9, ses d\u00e9sirs inassouvis, ses impulsions, sa soif de sensations et de plaisirs. Il ne peut dans la vie courante rester en place, toujours affair\u00e9 pour une chose ou une autre. La danse collective devant les fen\u00eatres et la musique \u00e0 haut-parleur, certes dissipent la solitude, mais en m\u00eame temps gardent notre ego dans l\u2019agitation. Vu comme un lieu de recueillement, un lieu sacr\u00e9, le chez soi du confinement devient un centre de vraie m\u00e9ditation et non un lieu de sociabilit\u00e9 ou de distraction. Pour l\u2019ego cette contrainte de ne pas bouger est une v\u00e9ritable torture. Pourtant, si nous prenons conscience que tous les conflits du monde, au sein de la soci\u00e9t\u00e9, de la famille et du couple sont provoqu\u00e9s collectivement et individuellement par l\u2019ego, et sont, inconsciemment, dus au conditionnement et \u00e0 notre ignorance atavique, alors nous pouvons percevoir que mettre ce drogu\u00e9, cet intoxiqu\u00e9 du mat\u00e9rialisme, poss\u00e9d\u00e9 par ses possessions, envo\u00fbt\u00e9 par ses d\u00e9sirs, en quarantaine pour le d\u00e9sintoxiquer de ses avidit\u00e9s insatiables, o\u00f9 les choses, l\u2019argent, sont plus importants que les \u00eatres, est une n\u00e9cessit\u00e9 bienveillante.\u00a0<\/span><\/span><\/p>\n<p class=\"western\" align=\"justify\"><span style=\"color: #000000;\">\u00a0<\/span><\/p>\n<p class=\"western\" align=\"justify\"><span style=\"color: #000000;\"><span style=\"font-size: medium;\">Si vous n\u2019opposez pas de r\u00e9sistance \u00e0 l\u2019adversit\u00e9 pr\u00e9sente, vous verrez qu\u2019un calme surprenant va advenir en vous, pr\u00e9curseur d\u2019une nouvelle conscience de nature universelle et d\u2019amour. L\u2019ego est d\u00e9pass\u00e9 et per\u00e7u maintenant comme un usurpateur de son vrai moi qui est solidaire de tout ce qui existe\u00a0: le mal caus\u00e9 \u00e0 un tiers est une souffrance ressentie en soi.<\/span><\/span><\/p>\n<p class=\"western\" align=\"justify\"><span style=\"color: #000000;\">\u00a0<\/span><\/p>\n<p class=\"western\" align=\"justify\"><span style=\"color: #000000;\">\u00a0<span style=\"font-size: medium;\">Soyons unis et cr\u00e9ons ensemble dans le d\u00e9passement de notre ego un nouveau monde dont l\u2019amour et la cr\u00e9ativit\u00e9 seront les mat\u00e9riaux naturels. D\u00e8s que la crise sera finie ne retournons pas dans nos vieux chemins, nos vieux sch\u00e9mas\u00a0: ils sont p\u00e9rim\u00e9s et ont caus\u00e9 assez de tort.\u00a0<\/span><\/span><\/p>\n<p class=\"western\" align=\"justify\"><span style=\"color: #000000;\">\u00a0<\/span><\/p>\n<p class=\"western\" align=\"justify\"><span style=\"color: #000000;\">\u2018\u2019<\/span><span style=\"color: #000000;\"><span style=\"font-size: medium;\"><i>L\u2019ego \u00e9tait une aide<\/i><\/span><\/span><span style=\"color: #000000;\"><span style=\"font-size: medium;\">\u2019\u2019 car pendant longtemps la conscience a \u00e9volu\u00e9 dans l\u2019inconscience, la subconscience et l\u2019ignorance. Il \u00e9tait donc n\u00e9cessaire de d\u00e9velopper et d\u2019affirmer son ego pour sortir du troupeau, qui \u00e9touffe toute expression personnelle. \u2018\u2019<\/span><\/span><span style=\"color: #000000;\"><span style=\"font-size: medium;\"><i>L\u2019ego est maintenant l\u2019entrave<\/i><\/span><\/span><span style=\"color: #000000;\"><span style=\"font-size: medium;\">\u2019\u2019 car de nos jours, son affirmation est compl\u00e8te. Chacun, en voulant \u00eatre quelqu\u2019un et r\u00e9ussir, a march\u00e9 sur les pieds des autres, tout en se d\u00e9truisant lui-m\u00eame et d\u00e9truisant son environnement, m\u00eame dans sa r\u00e9ussite. L\u2019ego est donc une entrave pour l\u2019av\u00e8nement d\u2019une nouvelle conscience pleinement \u00e9veill\u00e9e. Il doit, en cons\u00e9quence, \u00eatre d\u00e9pass\u00e9. C\u2019est ce que Krishnamurti appelle la mort psychologique, la fin de l\u2019ego.<\/span><\/span><\/p>\n<p class=\"western\" align=\"justify\"><span style=\"color: #000000;\">\u00a0<\/span><\/p>\n<p class=\"western\" align=\"justify\"><span style=\"color: #000000;\"><span style=\"font-size: medium;\">Aujourd\u2019hui, c\u2019est l\u2019heure de le d\u00e9passer, non en se conformant \u00e0 une id\u00e9e, ou en cr\u00e9ant une id\u00e9ologie de l\u2019au-del\u00e0 de l\u2019ego, mais par sa propre compr\u00e9hension de la n\u00e9cessit\u00e9 de le faire, car c\u2019est aller vers la v\u00e9rit\u00e9, l\u00e0 o\u00f9 il n\u2019y a plus de faux probl\u00e8mes mais seulement l\u2019aventure vers l\u2019infini qui est une action \u00e0 la fois individuelle et universelle. L\u2019homme, la femme, nouveaux ne vivent plus pour eux-m\u00eames ou leur famille ou pour une secte ou un parti politique, mais pour l\u2019humanit\u00e9 enti\u00e8re sans les fronti\u00e8res impos\u00e9es par l\u2019ego qui, par peur et avarice, divisent le monde.<\/span><\/span><\/p>\n<p class=\"western\" align=\"justify\"><span style=\"color: #000000;\">\u00a0<\/span><\/p>\n<p class=\"western\" align=\"justify\"><span style=\"color: #000000;\"><span style=\"font-size: medium;\">Partagez ce message si vous sentez l\u2019importance de son contenu.<\/span><\/span><\/p>\n<p class=\"western\" align=\"justify\"><span style=\"color: #000000;\">\u00a0<\/span><\/p>\n<p class=\"western\" align=\"justify\"><span style=\"color: #000000;\"><span style=\"font-size: medium;\">Dominique Schmidt, auteur des livres\u00a0<\/span><\/span><span style=\"color: #000000;\"><span style=\"font-size: medium;\"><i>Le Nouvel Home selon Sri Aurobindo et Krishnamurti<\/i><\/span><\/span><span style=\"color: #000000;\"><span style=\"font-size: medium;\">,<\/span><\/span> <span style=\"color: #000000;\"><span style=\"font-size: medium;\"><i>La R\u00e9volution de la Conscience<\/i><\/span><\/span><span style=\"color: #000000;\"><span style=\"font-size: medium;\">, <\/span><\/span><span style=\"color: #000000;\"><span style=\"font-size: medium;\"><i>Dialogue sur les \u00c9crits In\u00e9dits de Krishnamurti<\/i><\/span><\/span><span style=\"color: #000000;\"><span style=\"font-size: medium;\">, <\/span><\/span><span style=\"color: #000000;\"><span style=\"font-size: medium;\"><i>Le Myst\u00e8re Autour de Krishnamurti<\/i><\/span><\/span><span style=\"color: #000000;\"><span style=\"font-size: medium;\">, <\/span><\/span><span style=\"color: #000000;\"><span style=\"font-size: medium;\"><i>Siddh\u00e2rtha Aujourd\u2019hui &#8211; La Grande Aventure Initiatique<\/i><\/span><\/span><span style=\"color: #000000;\"><span style=\"font-size: medium;\">, <\/span><\/span><span style=\"color: #000000;\"><span style=\"font-size: medium;\"><i>Krishnamurti- Sexe, Ombre et V\u00e9rit\u00e9<\/i><\/span><\/span><span style=\"color: #000000;\"><span style=\"font-size: medium;\"> et de nombreux articles publi\u00e9s dans la Revue du <\/span><\/span><span style=\"color: #000000;\"><span style=\"font-size: medium;\"><i>3<\/i><\/span><\/span><span style=\"color: #000000;\"><sup><span style=\"font-size: medium;\"><i>\u00e8me<\/i><\/span><\/sup><\/span><span style=\"color: #000000;\"><span style=\"font-size: medium;\"><i>\u00a0mill\u00e9naire<\/i><\/span><\/span><span style=\"color: #000000;\"><span style=\"font-size: medium;\">.\u00a0<\/span><\/span><\/p>\n<p class=\"western\" align=\"justify\"><a href=\"http:\/\/www.dominique-schmidt.fr\/\" target=\"_blank\" rel=\"noopener noreferrer\"><span style=\"color: #000000;\"><span style=\"font-size: medium;\">www.dominique-schmidt.fr<\/span><\/span><\/a><\/p>\n","protected":false},"excerpt":{"rendered":"<p>Aujourd\u2019hui notre mode de vie a chang\u00e9.\u00a0L\u2019homme est touch\u00e9 \u00e0 la racine de son \u00eatre. Les r\u00e9cents cataclysmes dont il est en grande partie la cause menacent son confort, le fondement de son existence. Il est le plus grand pr\u00e9dateur non seulement de son environnement mais de son prochain qu\u2019il est pr\u00eat \u00e0 exploiter pour [&hellip;]<\/p>\n","protected":false},"author":2,"featured_media":17085,"comment_status":"closed","ping_status":"closed","sticky":false,"template":"","format":"standard","meta":{"footnotes":""},"categories":[1328],"tags":[],"class_list":["post-18190","post","type-post","status-publish","format-standard","has-post-thumbnail","hentry","category-dominique-schmidt"],"yoast_head":"<!-- This site is optimized with the Yoast SEO plugin v27.0 - https:\/\/yoast.com\/product\/yoast-seo-wordpress\/ -->\n<title>Message collectif en ce temps de crise par Dominique Schmidt - 3e mill\u00e9naire - Spiritualit\u00e9 - Connaissance de soi - Non-dualit\u00e9 - M\u00e9ditation<\/title>\n<meta name=\"robots\" content=\"index, follow, max-snippet:-1, max-image-preview:large, max-video-preview:-1\" \/>\n<link rel=\"canonical\" href=\"https:\/\/www.revue3emillenaire.com\/blog\/message-collectif-en-ce-temps-de-crise-par-dominique-schmidt\/\" \/>\n<meta property=\"og:locale\" content=\"fr_FR\" \/>\n<meta property=\"og:type\" content=\"article\" \/>\n<meta property=\"og:title\" content=\"Message collectif en ce temps de crise par Dominique Schmidt - 3e mill\u00e9naire - Spiritualit\u00e9 - Connaissance de soi - Non-dualit\u00e9 - M\u00e9ditation\" \/>\n<meta property=\"og:description\" content=\"Aujourd\u2019hui notre mode de vie a chang\u00e9.\u00a0L\u2019homme est touch\u00e9 \u00e0 la racine de son \u00eatre. Les r\u00e9cents cataclysmes dont il est en grande partie la cause menacent son confort, le fondement de son existence. Il est le plus grand pr\u00e9dateur non seulement de son environnement mais de son prochain qu\u2019il est pr\u00eat \u00e0 exploiter pour [&hellip;]\" \/>\n<meta property=\"og:url\" content=\"https:\/\/www.revue3emillenaire.com\/blog\/message-collectif-en-ce-temps-de-crise-par-dominique-schmidt\/\" \/>\n<meta property=\"og:site_name\" content=\"3e mill\u00e9naire - Spiritualit\u00e9 - Connaissance de soi - Non-dualit\u00e9 - M\u00e9ditation\" \/>\n<meta property=\"article:published_time\" content=\"2020-04-12T17:15:25+00:00\" \/>\n<meta property=\"og:image\" content=\"https:\/\/www.revue3emillenaire.com\/blog\/wp-content\/uploads\/2015\/10\/Dominique-Schmidt.jpg\" \/>\n\t<meta property=\"og:image:width\" content=\"244\" \/>\n\t<meta property=\"og:image:height\" content=\"287\" \/>\n\t<meta property=\"og:image:type\" content=\"image\/jpeg\" \/>\n<meta name=\"author\" content=\"3e mill\u00e9naire\" \/>\n<meta name=\"twitter:card\" content=\"summary_large_image\" \/>\n<meta name=\"twitter:label1\" content=\"\u00c9crit par\" \/>\n\t<meta name=\"twitter:data1\" content=\"3e mill\u00e9naire\" \/>\n\t<meta name=\"twitter:label2\" content=\"Dur\u00e9e de lecture estim\u00e9e\" \/>\n\t<meta name=\"twitter:data2\" content=\"9 minutes\" \/>\n<script type=\"application\/ld+json\" class=\"yoast-schema-graph\">{\"@context\":\"https:\/\/schema.org\",\"@graph\":[{\"@type\":\"Article\",\"@id\":\"https:\/\/www.revue3emillenaire.com\/blog\/message-collectif-en-ce-temps-de-crise-par-dominique-schmidt\/#article\",\"isPartOf\":{\"@id\":\"https:\/\/www.revue3emillenaire.com\/blog\/message-collectif-en-ce-temps-de-crise-par-dominique-schmidt\/\"},\"author\":{\"name\":\"3e mill\u00e9naire\",\"@id\":\"https:\/\/www.revue3emillenaire.com\/blog\/#\/schema\/person\/b692dacff720a5344a6190bc714397eb\"},\"headline\":\"Message collectif en ce temps de crise par Dominique Schmidt\",\"datePublished\":\"2020-04-12T17:15:25+00:00\",\"mainEntityOfPage\":{\"@id\":\"https:\/\/www.revue3emillenaire.com\/blog\/message-collectif-en-ce-temps-de-crise-par-dominique-schmidt\/\"},\"wordCount\":1765,\"image\":{\"@id\":\"https:\/\/www.revue3emillenaire.com\/blog\/message-collectif-en-ce-temps-de-crise-par-dominique-schmidt\/#primaryimage\"},\"thumbnailUrl\":\"https:\/\/www.revue3emillenaire.com\/blog\/wp-content\/uploads\/2015\/10\/Dominique-Schmidt.jpg\",\"articleSection\":[\"Dominique Schmidt\"],\"inLanguage\":\"fr-FR\"},{\"@type\":\"WebPage\",\"@id\":\"https:\/\/www.revue3emillenaire.com\/blog\/message-collectif-en-ce-temps-de-crise-par-dominique-schmidt\/\",\"url\":\"https:\/\/www.revue3emillenaire.com\/blog\/message-collectif-en-ce-temps-de-crise-par-dominique-schmidt\/\",\"name\":\"Message collectif en ce temps de crise par Dominique Schmidt - 3e mill\u00e9naire - Spiritualit\u00e9 - Connaissance de soi - Non-dualit\u00e9 - M\u00e9ditation\",\"isPartOf\":{\"@id\":\"https:\/\/www.revue3emillenaire.com\/blog\/#website\"},\"primaryImageOfPage\":{\"@id\":\"https:\/\/www.revue3emillenaire.com\/blog\/message-collectif-en-ce-temps-de-crise-par-dominique-schmidt\/#primaryimage\"},\"image\":{\"@id\":\"https:\/\/www.revue3emillenaire.com\/blog\/message-collectif-en-ce-temps-de-crise-par-dominique-schmidt\/#primaryimage\"},\"thumbnailUrl\":\"https:\/\/www.revue3emillenaire.com\/blog\/wp-content\/uploads\/2015\/10\/Dominique-Schmidt.jpg\",\"datePublished\":\"2020-04-12T17:15:25+00:00\",\"author\":{\"@id\":\"https:\/\/www.revue3emillenaire.com\/blog\/#\/schema\/person\/b692dacff720a5344a6190bc714397eb\"},\"breadcrumb\":{\"@id\":\"https:\/\/www.revue3emillenaire.com\/blog\/message-collectif-en-ce-temps-de-crise-par-dominique-schmidt\/#breadcrumb\"},\"inLanguage\":\"fr-FR\",\"potentialAction\":[{\"@type\":\"ReadAction\",\"target\":[\"https:\/\/www.revue3emillenaire.com\/blog\/message-collectif-en-ce-temps-de-crise-par-dominique-schmidt\/\"]}]},{\"@type\":\"ImageObject\",\"inLanguage\":\"fr-FR\",\"@id\":\"https:\/\/www.revue3emillenaire.com\/blog\/message-collectif-en-ce-temps-de-crise-par-dominique-schmidt\/#primaryimage\",\"url\":\"https:\/\/www.revue3emillenaire.com\/blog\/wp-content\/uploads\/2015\/10\/Dominique-Schmidt.jpg\",\"contentUrl\":\"https:\/\/www.revue3emillenaire.com\/blog\/wp-content\/uploads\/2015\/10\/Dominique-Schmidt.jpg\",\"width\":244,\"height\":287},{\"@type\":\"BreadcrumbList\",\"@id\":\"https:\/\/www.revue3emillenaire.com\/blog\/message-collectif-en-ce-temps-de-crise-par-dominique-schmidt\/#breadcrumb\",\"itemListElement\":[{\"@type\":\"ListItem\",\"position\":1,\"name\":\"Accueil\",\"item\":\"https:\/\/www.revue3emillenaire.com\/blog\/\"},{\"@type\":\"ListItem\",\"position\":2,\"name\":\"Message collectif en ce temps de crise par Dominique Schmidt\"}]},{\"@type\":\"WebSite\",\"@id\":\"https:\/\/www.revue3emillenaire.com\/blog\/#website\",\"url\":\"https:\/\/www.revue3emillenaire.com\/blog\/\",\"name\":\"3e mill\u00e9naire - Spiritualit\u00e9 - Connaissance de soi - Non-dualit\u00e9 - M\u00e9ditation\",\"description\":\"L&#039;Homme en devenir\",\"potentialAction\":[{\"@type\":\"SearchAction\",\"target\":{\"@type\":\"EntryPoint\",\"urlTemplate\":\"https:\/\/www.revue3emillenaire.com\/blog\/?s={search_term_string}\"},\"query-input\":{\"@type\":\"PropertyValueSpecification\",\"valueRequired\":true,\"valueName\":\"search_term_string\"}}],\"inLanguage\":\"fr-FR\"},{\"@type\":\"Person\",\"@id\":\"https:\/\/www.revue3emillenaire.com\/blog\/#\/schema\/person\/b692dacff720a5344a6190bc714397eb\",\"name\":\"3e mill\u00e9naire\",\"url\":\"https:\/\/www.revue3emillenaire.com\/blog\/author\/scoussa\/\"}]}<\/script>\n<!-- \/ Yoast SEO plugin. -->","yoast_head_json":{"title":"Message collectif en ce temps de crise par Dominique Schmidt - 3e mill\u00e9naire - Spiritualit\u00e9 - Connaissance de soi - Non-dualit\u00e9 - M\u00e9ditation","robots":{"index":"index","follow":"follow","max-snippet":"max-snippet:-1","max-image-preview":"max-image-preview:large","max-video-preview":"max-video-preview:-1"},"canonical":"https:\/\/www.revue3emillenaire.com\/blog\/message-collectif-en-ce-temps-de-crise-par-dominique-schmidt\/","og_locale":"fr_FR","og_type":"article","og_title":"Message collectif en ce temps de crise par Dominique Schmidt - 3e mill\u00e9naire - Spiritualit\u00e9 - Connaissance de soi - Non-dualit\u00e9 - M\u00e9ditation","og_description":"Aujourd\u2019hui notre mode de vie a chang\u00e9.\u00a0L\u2019homme est touch\u00e9 \u00e0 la racine de son \u00eatre. Les r\u00e9cents cataclysmes dont il est en grande partie la cause menacent son confort, le fondement de son existence. Il est le plus grand pr\u00e9dateur non seulement de son environnement mais de son prochain qu\u2019il est pr\u00eat \u00e0 exploiter pour [&hellip;]","og_url":"https:\/\/www.revue3emillenaire.com\/blog\/message-collectif-en-ce-temps-de-crise-par-dominique-schmidt\/","og_site_name":"3e mill\u00e9naire - Spiritualit\u00e9 - Connaissance de soi - Non-dualit\u00e9 - M\u00e9ditation","article_published_time":"2020-04-12T17:15:25+00:00","og_image":[{"width":244,"height":287,"url":"https:\/\/www.revue3emillenaire.com\/blog\/wp-content\/uploads\/2015\/10\/Dominique-Schmidt.jpg","type":"image\/jpeg"}],"author":"3e mill\u00e9naire","twitter_card":"summary_large_image","twitter_misc":{"\u00c9crit par":"3e mill\u00e9naire","Dur\u00e9e de lecture estim\u00e9e":"9 minutes"},"schema":{"@context":"https:\/\/schema.org","@graph":[{"@type":"Article","@id":"https:\/\/www.revue3emillenaire.com\/blog\/message-collectif-en-ce-temps-de-crise-par-dominique-schmidt\/#article","isPartOf":{"@id":"https:\/\/www.revue3emillenaire.com\/blog\/message-collectif-en-ce-temps-de-crise-par-dominique-schmidt\/"},"author":{"name":"3e mill\u00e9naire","@id":"https:\/\/www.revue3emillenaire.com\/blog\/#\/schema\/person\/b692dacff720a5344a6190bc714397eb"},"headline":"Message collectif en ce temps de crise par Dominique Schmidt","datePublished":"2020-04-12T17:15:25+00:00","mainEntityOfPage":{"@id":"https:\/\/www.revue3emillenaire.com\/blog\/message-collectif-en-ce-temps-de-crise-par-dominique-schmidt\/"},"wordCount":1765,"image":{"@id":"https:\/\/www.revue3emillenaire.com\/blog\/message-collectif-en-ce-temps-de-crise-par-dominique-schmidt\/#primaryimage"},"thumbnailUrl":"https:\/\/www.revue3emillenaire.com\/blog\/wp-content\/uploads\/2015\/10\/Dominique-Schmidt.jpg","articleSection":["Dominique Schmidt"],"inLanguage":"fr-FR"},{"@type":"WebPage","@id":"https:\/\/www.revue3emillenaire.com\/blog\/message-collectif-en-ce-temps-de-crise-par-dominique-schmidt\/","url":"https:\/\/www.revue3emillenaire.com\/blog\/message-collectif-en-ce-temps-de-crise-par-dominique-schmidt\/","name":"Message collectif en ce temps de crise par Dominique Schmidt - 3e mill\u00e9naire - Spiritualit\u00e9 - Connaissance de soi - Non-dualit\u00e9 - M\u00e9ditation","isPartOf":{"@id":"https:\/\/www.revue3emillenaire.com\/blog\/#website"},"primaryImageOfPage":{"@id":"https:\/\/www.revue3emillenaire.com\/blog\/message-collectif-en-ce-temps-de-crise-par-dominique-schmidt\/#primaryimage"},"image":{"@id":"https:\/\/www.revue3emillenaire.com\/blog\/message-collectif-en-ce-temps-de-crise-par-dominique-schmidt\/#primaryimage"},"thumbnailUrl":"https:\/\/www.revue3emillenaire.com\/blog\/wp-content\/uploads\/2015\/10\/Dominique-Schmidt.jpg","datePublished":"2020-04-12T17:15:25+00:00","author":{"@id":"https:\/\/www.revue3emillenaire.com\/blog\/#\/schema\/person\/b692dacff720a5344a6190bc714397eb"},"breadcrumb":{"@id":"https:\/\/www.revue3emillenaire.com\/blog\/message-collectif-en-ce-temps-de-crise-par-dominique-schmidt\/#breadcrumb"},"inLanguage":"fr-FR","potentialAction":[{"@type":"ReadAction","target":["https:\/\/www.revue3emillenaire.com\/blog\/message-collectif-en-ce-temps-de-crise-par-dominique-schmidt\/"]}]},{"@type":"ImageObject","inLanguage":"fr-FR","@id":"https:\/\/www.revue3emillenaire.com\/blog\/message-collectif-en-ce-temps-de-crise-par-dominique-schmidt\/#primaryimage","url":"https:\/\/www.revue3emillenaire.com\/blog\/wp-content\/uploads\/2015\/10\/Dominique-Schmidt.jpg","contentUrl":"https:\/\/www.revue3emillenaire.com\/blog\/wp-content\/uploads\/2015\/10\/Dominique-Schmidt.jpg","width":244,"height":287},{"@type":"BreadcrumbList","@id":"https:\/\/www.revue3emillenaire.com\/blog\/message-collectif-en-ce-temps-de-crise-par-dominique-schmidt\/#breadcrumb","itemListElement":[{"@type":"ListItem","position":1,"name":"Accueil","item":"https:\/\/www.revue3emillenaire.com\/blog\/"},{"@type":"ListItem","position":2,"name":"Message collectif en ce temps de crise par Dominique Schmidt"}]},{"@type":"WebSite","@id":"https:\/\/www.revue3emillenaire.com\/blog\/#website","url":"https:\/\/www.revue3emillenaire.com\/blog\/","name":"3e mill\u00e9naire - Spiritualit\u00e9 - Connaissance de soi - Non-dualit\u00e9 - M\u00e9ditation","description":"L&#039;Homme en devenir","potentialAction":[{"@type":"SearchAction","target":{"@type":"EntryPoint","urlTemplate":"https:\/\/www.revue3emillenaire.com\/blog\/?s={search_term_string}"},"query-input":{"@type":"PropertyValueSpecification","valueRequired":true,"valueName":"search_term_string"}}],"inLanguage":"fr-FR"},{"@type":"Person","@id":"https:\/\/www.revue3emillenaire.com\/blog\/#\/schema\/person\/b692dacff720a5344a6190bc714397eb","name":"3e mill\u00e9naire","url":"https:\/\/www.revue3emillenaire.com\/blog\/author\/scoussa\/"}]}},"_links":{"self":[{"href":"https:\/\/www.revue3emillenaire.com\/blog\/wp-json\/wp\/v2\/posts\/18190","targetHints":{"allow":["GET"]}}],"collection":[{"href":"https:\/\/www.revue3emillenaire.com\/blog\/wp-json\/wp\/v2\/posts"}],"about":[{"href":"https:\/\/www.revue3emillenaire.com\/blog\/wp-json\/wp\/v2\/types\/post"}],"author":[{"embeddable":true,"href":"https:\/\/www.revue3emillenaire.com\/blog\/wp-json\/wp\/v2\/users\/2"}],"replies":[{"embeddable":true,"href":"https:\/\/www.revue3emillenaire.com\/blog\/wp-json\/wp\/v2\/comments?post=18190"}],"version-history":[{"count":0,"href":"https:\/\/www.revue3emillenaire.com\/blog\/wp-json\/wp\/v2\/posts\/18190\/revisions"}],"wp:featuredmedia":[{"embeddable":true,"href":"https:\/\/www.revue3emillenaire.com\/blog\/wp-json\/wp\/v2\/media\/17085"}],"wp:attachment":[{"href":"https:\/\/www.revue3emillenaire.com\/blog\/wp-json\/wp\/v2\/media?parent=18190"}],"wp:term":[{"taxonomy":"category","embeddable":true,"href":"https:\/\/www.revue3emillenaire.com\/blog\/wp-json\/wp\/v2\/categories?post=18190"},{"taxonomy":"post_tag","embeddable":true,"href":"https:\/\/www.revue3emillenaire.com\/blog\/wp-json\/wp\/v2\/tags?post=18190"}],"curies":[{"name":"wp","href":"https:\/\/api.w.org\/{rel}","templated":true}]}}