{"id":18218,"date":"2020-06-13T16:31:09","date_gmt":"2020-06-13T15:31:09","guid":{"rendered":"https:\/\/www.revue3emillenaire.com\/blog\/?p=18218"},"modified":"2020-06-13T16:31:09","modified_gmt":"2020-06-13T15:31:09","slug":"perspectivisme-spirituel-andrographie-et-probleme-de-la-liberte-par-leon-delpech","status":"publish","type":"post","link":"https:\/\/www.revue3emillenaire.com\/blog\/perspectivisme-spirituel-andrographie-et-probleme-de-la-liberte-par-leon-delpech\/","title":{"rendered":"Perspectivisme spirituel, andrographie et probl\u00e8me de la libert\u00e9 par L\u00e9on Delpech"},"content":{"rendered":"<p class=\"western\" align=\"justify\"><span style=\"color: #000000;\"><span style=\"font-size: medium;\"><span lang=\"fr-FR\"><strong><em>La recherche d&rsquo;une vision int\u00e9grale plurivoque au milieu du 20e si\u00e8cle<\/em><\/strong><\/span><\/span><\/span><\/p>\n<p class=\"western\" align=\"justify\"><a name=\"__UnoMark__6425_1967223788\"><\/a><\/p>\n<p class=\"western\" align=\"justify\"><span style=\"color: #000000;\"><span style=\"font-size: medium;\"><span lang=\"fr-FR\">Le probl\u00e8me de la libert\u00e9 r\u00e9alise un des probl\u00e8mes fonda\u00admentaux de l&rsquo;homme. Il se situe \u00e0 la limite psychologie-m\u00e9ta\u00adphysique, et sa situation implique une hypoth\u00e8se sur les relations du moi et du non-moi.<\/span><\/span><\/span><\/p>\n<p class=\"western\" align=\"justify\"><a name=\"__UnoMark__6427_1967223788\"><\/a> <span style=\"color: #000000;\"><span style=\"font-size: medium;\"><span lang=\"fr-FR\">Par sa position m\u00eame, cette question suppose une double analyse de l&rsquo;homme, et du cosmos. Or, la r\u00e9flexion humaine a eu tendance jusqu&rsquo;ici \u00e0 faire porter son effort sur les\u00b7 sciences cosmologiques, beaucoup plus que sur les sciences noologiques. Celles-ci sont, en beaucoup de cas, des disciplines r\u00e9centes ayant \u00e0 peine une centaine d&rsquo;ann\u00e9es d&rsquo;existence, comme la psychiatrie, l&rsquo;ethnographie, la psychologie exp\u00e9rimentale, etc&#8230; ; aussi n&rsquo;est-il pas \u00e9tonnant qu&rsquo;elles aient progress\u00e9 en ordre dispers\u00e9 et qu&rsquo;au\u00adcune tentative unitaire semblable \u00e0 la th\u00e9orie de la relativit\u00e9 n&rsquo;ait \u00e9t\u00e9 r\u00e9alis\u00e9e, ni m\u00eame esquiss\u00e9e ? C&rsquo;est ce qu&rsquo;avait profon\u00add\u00e9ment remarqu\u00e9 A. Carrel, qui voit comme hase d&rsquo;une connais\u00adsance int\u00e9grale de l&rsquo;homme, les disciplines suivantes : \u00ab la chimie, l&rsquo;anatomie, la psychologie, la pathologie, la m\u00e9decine, la p\u00e9dagogie, l&rsquo;esth\u00e9tique, l&rsquo;\u00e9conomie politique et sociale, la morale et la religion\u00a0\u00bb (<\/span><\/span><\/span><span style=\"color: #000000;\"><span style=\"font-size: medium;\"><span lang=\"fr-FR\"><i>L&rsquo;homme cet Inconnu<\/i><\/span><\/span><\/span><span style=\"color: #000000;\"><span style=\"font-size: medium;\"><span lang=\"fr-FR\">). N. Pende arrive aux m\u00eames conclusions dans sa <\/span><\/span><\/span><span style=\"color: #000000;\"><span style=\"font-size: medium;\"><span lang=\"fr-FR\"><i>Science moderne de la Person\u00adnalit\u00e9 humaine<\/i><\/span><\/span><\/span><span style=\"color: #000000;\"><span style=\"font-size: medium;\"><span lang=\"fr-FR\">, 1947.<\/span><\/span><\/span><\/p>\n<p class=\"western\" align=\"justify\"><a name=\"__UnoMark__6428_1967223788\"><\/a><a name=\"__UnoMark__6429_1967223788\"><\/a> <span style=\"color: #000000;\"><span style=\"font-size: medium;\"><span lang=\"fr-FR\">Si nous nous pla\u00e7ons au point de vue historique, nous voyons qu&rsquo;une conception synth\u00e9tique de l&rsquo;homme dans ses relations<\/span><\/span><\/span> <span style=\"color: #000000;\"><span style=\"font-size: medium;\"><span lang=\"fr-FR\">avec l&rsquo;Univers a \u00e9t\u00e9 seulement r\u00e9alis\u00e9e en Occident, avec la m\u00e9taphysique d&rsquo;Aristote, d&rsquo;une part, et la th\u00e9orie des temp\u00e9\u00adraments d&rsquo;Hippocrate, d&rsquo;autre part ; en Orient, plus pr\u00e9ci\u00ads\u00e9ment, en Chine, avec la Yangologie.<\/span><\/span><\/span><\/p>\n<p class=\"western\" align=\"justify\"><a name=\"__UnoMark__6430_1967223788\"><\/a><a name=\"__DdeLink__6943_1967223788\"><\/a> <span style=\"color: #000000;\"><span style=\"font-size: medium;\"><span lang=\"fr-FR\">La renaissance et l&rsquo;\u00e9closion de la science moderne (Galil\u00e9e) ont s\u00e9par\u00e9 l&rsquo;homme de l&rsquo;Univers. Le cart\u00e9sianisme a cr\u00e9\u00e9 \u00e0 l&rsquo;int\u00e9rieur de l&rsquo;homme le dualisme corps-esprit, avec toutes ses cons\u00e9quences n\u00e9fastes. Il a fallu plusieurs si\u00e8cles pour que nous retrouvions l&rsquo;unit\u00e9 de l&rsquo;homme. C&rsquo;est Kant un des premiers qui a r\u00e9alis\u00e9 l&rsquo;id\u00e9e d&rsquo;une anthropologie pragmatiste oppos\u00e9e \u00e0 l&rsquo;an\u00adthropologie physique. M. Scheler a repris la tradition anthropologique sur le plan philosophique. Du c\u00f4t\u00e9 scientifique, la conception d&rsquo;une science synth\u00e9tique de l&rsquo;homme s&rsquo;est fait peu \u00e0 peu jour. Au XIX<\/span><\/span><\/span><span style=\"color: #000000;\"><sup><span style=\"font-size: medium;\"><span lang=\"fr-FR\">e<\/span><\/span><\/sup><\/span><span style=\"color: #000000;\"><span style=\"font-size: medium;\"><span lang=\"fr-FR\"> si\u00e8cle, avec les ouvrages de F. Hoefer et G. Le Bon, au XX<\/span><\/span><\/span><span style=\"color: #000000;\"><sup><span style=\"font-size: medium;\"><span lang=\"fr-FR\">e<\/span><\/span><\/sup><\/span><span style=\"color: #000000;\"><span style=\"font-size: medium;\"><span lang=\"fr-FR\"> si\u00e8cle, on peut retenir Coutrot, <\/span><\/span><\/span><span style=\"color: #000000;\"><span style=\"font-size: medium;\"><span lang=\"fr-FR\"><i>De quoi vivre<\/i><\/span><\/span><\/span><span style=\"color: #000000;\"><span style=\"font-size: medium;\"><span lang=\"fr-FR\">, 1935, et F. M\u00e9n\u00e9trier, <\/span><\/span><\/span><span style=\"color: #000000;\"><span style=\"font-size: medium;\"><span lang=\"fr-FR\"><i>L&rsquo;espoir de l&rsquo;Ab\u00eeme<\/i><\/span><\/span><\/span><span style=\"color: #000000;\"><span style=\"font-size: medium;\"><span lang=\"fr-FR\">, 1946. En m\u00eame temps qu&rsquo;apparaissait l&rsquo;id\u00e9e d&rsquo;une science synth\u00e9tique de l&rsquo;homme, le d\u00e9veloppement des sciences cosmologiques con\u00adduisait l&rsquo;\u00e9pist\u00e9mologie \u00e0 r\u00e9former sa conception de l&rsquo;Univers. \u00ab Si l&rsquo;on veut suivre une activit\u00e9 de pens\u00e9e r\u00e9elle, il faut en arriver \u00e0 une ontologie distribu\u00e9e sur deux ou plusieurs niveaux d&rsquo;\u00eatres\u00a0\u00bb (Bachelard). Il en est de m\u00eame en esth\u00e9tique, et P. Cour\u00adthion n&rsquo;a pas craint de d\u00e9clarer aux Entretiens de Gen\u00e8ve, \u00e0 propos du conflit art figuratif et art non figuratif : \u00ab Il y a aujourd&rsquo;hui plusieurs peintres comme Lapicque, qui conjuguent, dans un m\u00eame tableau, les deux langages, les deux \u00e9critures : \u00ab C&rsquo;est la Libert\u00e9 \u00a0\u00bb. De m\u00eame, sur le plan du roman, on trouve un simultan\u00e9isme qui va de Faulkner \u00e0 Dos Passos et \u00e0 Sartre. Dans le th\u00e9\u00e2tre, m\u00eame point de vue multivalent, chez Piran\u00addello ou O&rsquo;Neill.<\/span><\/span><\/span><\/p>\n<p class=\"western\" align=\"justify\"><a name=\"__UnoMark__6431_1967223788\"><\/a> <span style=\"color: #000000;\"><span style=\"font-size: medium;\"><span lang=\"fr-FR\">Peu \u00e0 peu se dessine une nouvelle mani\u00e8re d&rsquo;envisager le r\u00e9el, qui n&rsquo;est plus consid\u00e9r\u00e9 comme univoque, mais comme plurivoque. Cette conception s&rsquo;est fait jour surtout dans l&rsquo;\u00e9vo\u00adlution de la physique contemporaine depuis cinquante ans.<\/span><\/span><\/span><\/p>\n<p class=\"western\" align=\"justify\"><a name=\"__UnoMark__6432_1967223788\"><\/a><a name=\"__UnoMark__6433_1967223788\"><\/a> <span style=\"color: #000000;\"><span style=\"font-size: medium;\"><span lang=\"fr-FR\">1. Apr\u00e8s la d\u00e9monstration par H. Poincar\u00e9, en 1901, du th\u00e9or\u00e8me indiquant que \u00ab\u00a0 si un ph\u00e9nom\u00e8ne comporte une explication m\u00e9canique compl\u00e8te, il en comportera une infinit\u00e9 d&rsquo;autres, qui rendront bien compte de toutes les particularit\u00e9s r\u00e9v\u00e9l\u00e9es par l&rsquo;exp\u00e9rience\u00a0\u00bb.<\/span><\/span><\/span><\/p>\n<p class=\"western\" align=\"justify\"><a name=\"__UnoMark__6434_1967223788\"><\/a> <span style=\"color: #000000;\"><span style=\"font-size: medium;\"><span lang=\"fr-FR\">2. La notion de compl\u00e9mentarit\u00e9 de Bohr, bas\u00e9e sur la m\u00e9canique ondulatoire, admet deux modes de description, pour rendre compte du r\u00e9el.<\/span><\/span><\/span><\/p>\n<p class=\"western\" align=\"justify\"><a name=\"__UnoMark__6435_1967223788\"><\/a> <span style=\"color: #000000;\"><span style=\"font-size: medium;\"><span lang=\"fr-FR\">3. Enfin, le principe de subjectivit\u00e9 de Mariani, 1937, ram\u00e8ne les \u00ab lois \u00e0 des op\u00e9rations effectu\u00e9es par les observateurs\u00a0\u00bb.<\/span><\/span><\/span><\/p>\n<p class=\"western\" align=\"justify\"><a name=\"__UnoMark__6436_1967223788\"><\/a> <span style=\"color: #000000;\"><span style=\"font-size: medium;\"><span lang=\"fr-FR\">En d\u00e9veloppant ces id\u00e9es, G. Bachelard est amen\u00e9 \u00e0 conce\u00advoir un perspectivisme philosophique. \u00ab Un concept suffit en effet pour disperser les philosophies, pour montrer que les philo\u00adsophies partielles se posaient sur un seul aspect et n&rsquo;\u00e9clairait qu&rsquo;une face du concept.\u00a0\u00bb<\/span><\/span><\/span><\/p>\n<p class=\"western\" align=\"justify\"><a name=\"__UnoMark__6437_1967223788\"><\/a> <span style=\"color: #000000;\"><span style=\"font-size: medium;\"><span lang=\"fr-FR\">On est conduit \u00e0 la notion de profil \u00e9pist\u00e9mologique. Il s&rsquo;agit de l&rsquo;importance accord\u00e9e, par un penseur, \u00e0 une notion dans les diverses syst\u00e9matisations, voire conduites, comme l&rsquo;a montr\u00e9 Bachelard, qui pr\u00e9conise \u00ab une analyse philosophique spectrale, qui d\u00e9terminerait avec pr\u00e9cision, comment les diverses philosophies r\u00e9agissent au niveau d&rsquo;une connaissance objective particuli\u00e8re\u00a0\u00bb et conclut : \u00ab une connaissance particuli\u00e8re peut bien s&rsquo;exposer dans une philosophie particuli\u00e8re, elle ne peut se fonder sur une philosophie unique. Son progr\u00e8s implique des aspects philosophiques vari\u00e9s\u00a0\u00bb.<\/span><\/span><\/span><\/p>\n<p class=\"western\" align=\"justify\"><a name=\"__UnoMark__6438_1967223788\"><\/a><a name=\"__UnoMark__6439_1967223788\"><\/a> <span style=\"color: #000000;\"><span style=\"font-size: medium;\"><span lang=\"fr-FR\">On arrive ainsi \u00e0 la notion de monographie scientifique<\/span><\/span><\/span> <span style=\"color: #000000;\"><span style=\"font-size: medium;\"><span lang=\"fr-FR\">\u00e9tablie pour chaque concept fondamental de la science, comme de la philosophie. Ces monographies auront comme base l&rsquo;his\u00adtoire de la notion dans les diverses syst\u00e9matisations possibles o\u00f9 elle entre. On peut l&rsquo;envisager aussi, dans des philosophies appartenant \u00e0 des cycles culturels diff\u00e9rents, comme l&rsquo;ont fait Spengler et P. Masson-Oursel. La psychanalyse des concepts de base en \u00e9limine les \u00e9l\u00e9ments anthropologiques. Enfin, une p\u00e9dagogie sup\u00e9rieure comme celle de Korzybski permettrait \u00e0 l&rsquo;esprit de concevoir le r\u00e9el sur divers plans et \u00e0 ne pas s&rsquo;en tenir \u00e0 une vue unilat\u00e9rale, mais y substituer un pluralisme unitaire.<\/span><\/span><\/span><\/p>\n<p class=\"western\" align=\"justify\"><a name=\"__UnoMark__6440_1967223788\"><\/a><a name=\"__UnoMark__6441_1967223788\"><\/a><a name=\"__UnoMark__6442_1967223788\"><\/a><a name=\"__UnoMark__6443_1967223788\"><\/a> <span style=\"color: #000000;\"><span style=\"font-size: medium;\"><span lang=\"fr-FR\">Si nous prenons le concept de la libert\u00e9, on peut examiner sa<\/span><\/span><\/span> <span style=\"color: #000000;\"><span style=\"font-size: medium;\"><span lang=\"fr-FR\">place dans les Weltanschauungen suivantes, pour l&rsquo;Occident\u00a0\u00bb\u00a0: 1. r\u00e9alisme sociologique (primitif) ; 2. rationalisme des essences (Aristote et Scolastiques) ; 3. rationalisme du Juge\u00adment (Descartes) ; 4. criticisme (Kant) ; 5. traditionalisme (Lamennais, de Bonald) ; 6. spiritualisme \u00e9clectique (Maine de Biran) ; 7. mat\u00e9rialisme historique (K. Marx) ; 8. m\u00e9taphysique postkantienne (Fichte, Schelling) ; 9. id\u00e9alisme r\u00e9flexif (Renouvier, Lachelier) ; 10. \u00e9piph\u00e9nom\u00e9nisme (Maudsley) ; 11. prag\u00admatisme de W. James ; 12. bergsonisme (Le Roy, Wilbois) ; 13. existentialisme (Sartre, Chestov) ; 14. le n\u00e9o-r\u00e9alisme anglo\u00adam\u00e9ricain, etc &#8230;<\/span><\/span><\/span><\/p>\n<p class=\"western\" align=\"justify\"><a name=\"__UnoMark__6444_1967223788\"><\/a> <span style=\"color: #000000;\"><span style=\"font-size: medium;\"><span lang=\"fr-FR\">On devra tenir compte : 1. de l&rsquo;intensit\u00e9 de la notion ; 2. de sa force explicative.<\/span><\/span><\/span><\/p>\n<p class=\"western\" align=\"justify\"><a name=\"__UnoMark__6445_1967223788\"><\/a> <span style=\"color: #000000;\"><span style=\"font-size: medium;\"><span lang=\"fr-FR\">Si, au lieu de se placer en face du penseur qui donnera lui-m\u00eame son profil, on se place en face de l&rsquo;\u0153uvre que l&rsquo;on consi\u00add\u00e8re comme un philosoph\u00e8me, suivant le terme h\u00e9g\u00e9lien, une m\u00e9thode d&rsquo;analyse peut \u00eatre employ\u00e9e, celle que les psychana\u00adlystes de la pens\u00e9e po\u00e9tique ont mise en \u0153uvre: Ch. Baudouin, Bachelard, Michaud; elle consisterait \u00e0 dresser une statistique, non des images, mais des concepts, voire des th\u00e8mes sur une notion donn\u00e9e. Pour certains penseurs, dont un lexique a \u00e9t\u00e9 \u00e9tabli (Aristote, Hegel), le travail est presque fait.<\/span><\/span><\/span><\/p>\n<p class=\"western\" align=\"justify\"><a name=\"__UnoMark__6446_1967223788\"><\/a><a name=\"__UnoMark__6447_1967223788\"><\/a><a name=\"__UnoMark__6448_1967223788\"><\/a><a name=\"__UnoMark__6449_1967223788\"><\/a><a name=\"__UnoMark__6450_1967223788\"><\/a><a name=\"__UnoMark__6451_1967223788\"><\/a><a name=\"__UnoMark__6452_1967223788\"><\/a><a name=\"__UnoMark__6453_1967223788\"><\/a> <span style=\"color: #000000;\"><span style=\"font-size: medium;\"><span lang=\"fr-FR\">Une recherche convergente a \u00e9t\u00e9 effectu\u00e9e par Sorokine qui, dans sa dynamique sociale et culturelle (New-York, 1937), a constitu\u00e9 des index num\u00e9riques de diff\u00e9rents auteurs et \u00e9crits de chaque p\u00e9riode, les a class\u00e9s en cat\u00e9gories pour pouvoir \u00e9tablir l&rsquo;influence des diff\u00e9rents syst\u00e8mes de pens\u00e9e. L&rsquo;homme dont la synth\u00e8se constitue l&rsquo;andrographie, l&rsquo;homme, facteur humain, est en effet un \u00e9l\u00e9ment d\u00e9cisif dans toute connaissance. Aussi peut-on dire que l&rsquo;\u00e9tude andrographique est n\u00e9cessaire et pr\u00e9alable pour aborder tous les plans de r\u00e9alit\u00e9. Nous sommes donc conduits \u00e0 un nouveau dispositif de prospection : le profil androgrammique qui nous donnera l&rsquo;importance du probl\u00e8me dans les sciences de l&rsquo;homme. Pour ce qui est de la libert\u00e9 : 1. sur le plan physique, libert\u00e9 et conservation de l&rsquo;\u00e9nergie (cf. St. Venant, Boussinesq, D. Mercier, etc&#8230;) ; 2. sur le plan physiologique : a) existence d&rsquo;un r\u00e9flexe de libert\u00e9 (Pavlov) b) existence d&rsquo;un pouvoir d&rsquo;inhibition et de choix dans la forma\u00adtion des habitudes (Lef\u00e8vre) ; 3. sur le plan pathologique, la chronaxie vestibulaire est modifi\u00e9e dans le cas de l&rsquo;hyst\u00e9rie, elle<\/span><\/span><\/span> <span style=\"color: #000000;\"><span style=\"font-size: medium;\"><span lang=\"fr-FR\">ne l&rsquo;est pas en cas de simulation (G. Bourguignon) ; 4. sur le plan linguistique, L. Webert a montr\u00e9 le r\u00f4le du langage et des croyances magiques dans le d\u00e9veloppement de l&rsquo;id\u00e9e de libert\u00e9 ; 5. sur le plan p\u00e9dagogique, Th. Brosse a r\u00e9v\u00e9l\u00e9 que les Yoguis pouvaient agir consciemment sur leurs muscles lisses ; 6. sur le plan psychanalytique, dans les\u00b7 rapports entre les pulsions et le sur-moi (Szondi) ; 7. sur le plan psychologique, les analyses de Descartes, Spinoza, Maine de Biran, etc&#8230; jusqu&rsquo;\u00e0 Nabert et Mottier ; 8. sur le plan social, la lutte \u00e0 travers l&rsquo;histoire de la libert\u00e9 bas\u00e9e sur l&rsquo;id\u00e9e de la valeur de l&rsquo;homme (Lord Acton) ; 9. sur le plan \u00e9conomique, dans la lutte de l&rsquo;homme contre les forces \u00e9conomiques (cf. romans de Malraux, \u0153uvres de H. de<\/span><\/span><\/span> <span style=\"color: #000000;\"><span style=\"font-size: medium;\"><span lang=\"fr-FR\">Man) ; 10. sur le plan esth\u00e9tique qui oscille entre la cr\u00e9ation voyance des surr\u00e9alistes comme A. Breton, \u00e0 la cr\u00e9ation tech\u00adnique de P. Val\u00e9ry, et Pius Servi en ; 11. sur le plan m\u00e9tapsy\u00adchique : l&rsquo;opposition clairvoyance-libert\u00e9 : cf. J.-B. Rhine, L. Vivante, G. Calligaris ; 12. sur le plan m\u00e9taphysique, Des\u00adcartes, Leibniz, Kant, etc&#8230; ; 13. sur le plan religieux : a) sur le plan primitif, une tradition du n\u00e9o-lithique voit dans la recherche de l&rsquo;extase un effort pour \u00e9chapper \u00e0 l&rsquo;espace-temps (cf. Gordon) ; on retrouve ce point de vue, en Orient, avec la libert\u00e9-perfection, par laquelle le Sage \u00e9chappe aux d\u00e9termi\u00adnismes \u00ab Sartori\u00a0\u00bb du bouddhisme Zen, par exemple; b) dans le catholicisme, la lutte bann\u00e9sienne-moliniste sur la science moyenne et plus tard lutte jans\u00e9niste-j\u00e9suite sur la gr\u00e2ce. Nous r\u00e9alisons ainsi sur cette question un profil andrographique. \u00c0 l&rsquo;int\u00e9rieur m\u00eame de la psychologie, un profil \u00e9pist\u00e9mologique est possible.<\/span><\/span><\/span><\/p>\n<p class=\"western\" align=\"justify\"><a name=\"__UnoMark__6454_1967223788\"><\/a><a name=\"__UnoMark__6455_1967223788\"><\/a> <span style=\"color: #000000;\"><span style=\"font-size: medium;\"><span lang=\"fr-FR\">Mais nous sommes encore en pr\u00e9sence d&rsquo;une r\u00e9alit\u00e9 trop fluide. Il s&rsquo;agit de serrer la question. En effet : \u00ab la v\u00e9ritable ph\u00e9nom\u00e9nologie scientifique est essentiellement une ph\u00e9no\u00adm\u00e9no-technie\u00a0\u00bb (Bachelard) et nous devons passer du profil<\/span><\/span><\/span> <span style=\"color: #000000;\"><span style=\"font-size: medium;\"><span lang=\"fr-FR\">androgrammique au profil androtechnique qui sera constitu\u00e9 sur chaque plan pour le nombre d&rsquo;exp\u00e9riences positives en faveur du concept d\u00e9termin\u00e9. Nous aurons ainsi une courbe de la r\u00e9alit\u00e9 du ph\u00e9nom\u00e8ne. Tenant compte : a) de son \u00e9chelle, car chaque ph\u00e9nom\u00e8ne est d\u00e9termin\u00e9 par elle (Ch.-E. Guye); b) de son expression : c&rsquo;est l\u00e0 qu&rsquo;une terminologie stricte est n\u00e9cessaire dans chaque science et en particulier dans les sciences de l&rsquo;homme. Une correspondance entre ces diff\u00e9rents langages devra \u00eatre \u00e9tablie.<\/span><\/span><\/span><\/p>\n<p class=\"western\" align=\"justify\"><a name=\"__UnoMark__6456_1967223788\"><\/a> <span style=\"color: #000000;\"><span style=\"font-size: medium;\"><span lang=\"fr-FR\">Nous arrivons ainsi \u00e0 avoir sur chaque probl\u00e8me m\u00e9taphy\u00adsique une monographie qui nous donne : 1. le profil \u00e9pist\u00e9mologique ; 2. le profil andrographique ; 3. le profil androtechnique.<\/span><\/span><\/span><\/p>\n<p class=\"western\" align=\"justify\"><a name=\"__UnoMark__6457_1967223788\"><\/a> <span style=\"color: #000000;\"><span style=\"font-size: medium;\"><span lang=\"fr-FR\">Pour r\u00e9aliser ces t\u00e2ches, un travail d&rsquo;\u00e9quipe est n\u00e9cessaire. D&rsquo;o\u00f9 la n\u00e9cessit\u00e9 d&rsquo;un Centre International d&rsquo;Andrographie qui coordonne dans des archives tous les documents relatifs aux sciences de l&rsquo;homme. Les \u00e9tapes constructives seraient : 1. un androgramme type, c&rsquo;est-\u00e0-dire un profil psycho-physio\u00adlogique comprenant les donn\u00e9es morphologiques, physiologi\u00adques, psychologiques, etc&#8230; , concernant le sujet donn\u00e9 ; 2. des vocabulaires sp\u00e9cifiques pour chaque science ; 3. une encyclo\u00adp\u00e9die r\u00e9alise l&rsquo;unit\u00e9 analogique entre ces vocabulaires ; 4. des monographies androgrammiques et androtechniques sur toutes les grandes notions scientifiques et philosophiques ; 5. des enqu\u00eates sur les grandes fonctions de la pens\u00e9e o\u00f9 on comparera les androgrammes des cr\u00e9ateurs avec les profils \u00e9pist\u00e9molo\u00adgiques de leur cr\u00e9ation, car il n&rsquo;y a pas forc\u00e9ment correspon\u00addance, mais quelquefois antagonisme, comme l&rsquo;a montr\u00e9 Lalo \u00e0 propos des cr\u00e9ations artistiques.<\/span><\/span><\/span><\/p>\n<p class=\"western\" align=\"justify\"><a name=\"__UnoMark__6458_1967223788\"><\/a><\/p>\n<p class=\"western\" align=\"justify\"><a name=\"__UnoMark__6459_1967223788\"><\/a> <span style=\"color: #000000;\"><span style=\"font-size: medium;\"><span lang=\"fr-FR\">Le philosophe entre en jeu, en rattachant les diff\u00e9rents aspects d&rsquo;une notion \u00e0 son exp\u00e9rience interne, puis \u00e0 l&rsquo;homme (humanisme) ou \u00e0 un absolu (Dieu ou cosmos), voire aux triples invariants : le moi, le Monde et Dieu, selon une m\u00e9taphysique de participation analogu\u00e9e. Mais, sans entrer dans ce domaine, il faut noter que l&rsquo;andrographie n&rsquo;est en aucune mani\u00e8re une dialectique d&rsquo;aplatissement qui r\u00e9duirait la philosophie \u00e0 je ne sais quelle anthropologie. Au contraire, elle pr\u00e9pare une base solide aux r\u00e9flexions du philosophe dont la pens\u00e9e se r\u00e9alise pleinement dans une m\u00e9ditation solitaire.<\/span><\/span><\/span><\/p>\n<p class=\"western\" align=\"justify\"><a name=\"__UnoMark__6460_1967223788\"><\/a><\/p>\n<p class=\"western\" align=\"right\"><a name=\"__UnoMark__6461_1967223788\"><\/a> <span style=\"color: #000000;\"><span style=\"font-size: medium;\"><span lang=\"fr-FR\">L\u00e9on DELPECH<\/span><\/span><\/span><\/p>\n<p class=\"western\" align=\"right\"><a name=\"__UnoMark__6462_1967223788\"><\/a><\/p>\n<p class=\"western\" align=\"justify\"><a name=\"__UnoMark__6463_1967223788\"><\/a> <span style=\"color: #000000;\"><span style=\"font-size: medium;\"><span lang=\"fr-FR\"><i>Publi\u00e9 dans Le langage. Actes du IV<\/i><\/span><\/span><\/span><span style=\"color: #000000;\"><sup><span style=\"font-size: medium;\"><span lang=\"fr-FR\"><i>e<\/i><\/span><\/span><\/sup><\/span><span style=\"color: #000000;\"><span style=\"font-size: medium;\"><span lang=\"fr-FR\"><i> Congr\u00e8s des Soci\u00e9t\u00e9s de philosophie de langue fran\u00e7aise VIII (Libert\u00e9, science et logique), 325-331, 1949.<\/i><\/span><\/span><\/span><\/p>\n","protected":false},"excerpt":{"rendered":"<p>La recherche d&rsquo;une vision int\u00e9grale plurivoque au milieu du 20e si\u00e8cle Le probl\u00e8me de la libert\u00e9 r\u00e9alise un des probl\u00e8mes fonda\u00admentaux de l&rsquo;homme. Il se situe \u00e0 la limite psychologie-m\u00e9ta\u00adphysique, et sa situation implique une hypoth\u00e8se sur les relations du moi et du non-moi. Par sa position m\u00eame, cette question suppose une double analyse de [&hellip;]<\/p>\n","protected":false},"author":2,"featured_media":9181,"comment_status":"closed","ping_status":"closed","sticky":false,"template":"","format":"standard","meta":{"footnotes":""},"categories":[725],"tags":[],"class_list":["post-18218","post","type-post","status-publish","format-standard","has-post-thumbnail","hentry","category-delpech-l-j"],"yoast_head":"<!-- This site is optimized with the Yoast SEO plugin v27.0 - https:\/\/yoast.com\/product\/yoast-seo-wordpress\/ -->\n<title>Perspectivisme spirituel, andrographie et probl\u00e8me de la libert\u00e9 par L\u00e9on Delpech - 3e mill\u00e9naire - Spiritualit\u00e9 - Connaissance de soi - Non-dualit\u00e9 - M\u00e9ditation<\/title>\n<meta name=\"robots\" content=\"index, follow, max-snippet:-1, max-image-preview:large, max-video-preview:-1\" \/>\n<link rel=\"canonical\" href=\"https:\/\/www.revue3emillenaire.com\/blog\/perspectivisme-spirituel-andrographie-et-probleme-de-la-liberte-par-leon-delpech\/\" \/>\n<meta property=\"og:locale\" content=\"fr_FR\" \/>\n<meta property=\"og:type\" content=\"article\" \/>\n<meta property=\"og:title\" content=\"Perspectivisme spirituel, andrographie et probl\u00e8me de la libert\u00e9 par L\u00e9on Delpech - 3e mill\u00e9naire - Spiritualit\u00e9 - Connaissance de soi - Non-dualit\u00e9 - M\u00e9ditation\" \/>\n<meta property=\"og:description\" content=\"La recherche d&rsquo;une vision int\u00e9grale plurivoque au milieu du 20e si\u00e8cle Le probl\u00e8me de la libert\u00e9 r\u00e9alise un des probl\u00e8mes fonda\u00admentaux de l&rsquo;homme. Il se situe \u00e0 la limite psychologie-m\u00e9ta\u00adphysique, et sa situation implique une hypoth\u00e8se sur les relations du moi et du non-moi. Par sa position m\u00eame, cette question suppose une double analyse de [&hellip;]\" \/>\n<meta property=\"og:url\" content=\"https:\/\/www.revue3emillenaire.com\/blog\/perspectivisme-spirituel-andrographie-et-probleme-de-la-liberte-par-leon-delpech\/\" \/>\n<meta property=\"og:site_name\" content=\"3e mill\u00e9naire - Spiritualit\u00e9 - Connaissance de soi - Non-dualit\u00e9 - M\u00e9ditation\" \/>\n<meta property=\"article:published_time\" content=\"2020-06-13T15:31:09+00:00\" \/>\n<meta property=\"og:image\" content=\"https:\/\/www.revue3emillenaire.com\/blog\/wp-content\/uploads\/2011\/02\/Delpech1-e1511315217625.jpg\" \/>\n\t<meta property=\"og:image:width\" content=\"264\" \/>\n\t<meta property=\"og:image:height\" content=\"298\" \/>\n\t<meta property=\"og:image:type\" content=\"image\/jpeg\" \/>\n<meta name=\"author\" content=\"3e mill\u00e9naire\" \/>\n<meta name=\"twitter:card\" content=\"summary_large_image\" \/>\n<meta name=\"twitter:label1\" content=\"\u00c9crit par\" \/>\n\t<meta name=\"twitter:data1\" content=\"3e mill\u00e9naire\" \/>\n\t<meta name=\"twitter:label2\" content=\"Dur\u00e9e de lecture estim\u00e9e\" \/>\n\t<meta name=\"twitter:data2\" content=\"10 minutes\" \/>\n<script type=\"application\/ld+json\" class=\"yoast-schema-graph\">{\"@context\":\"https:\/\/schema.org\",\"@graph\":[{\"@type\":\"Article\",\"@id\":\"https:\/\/www.revue3emillenaire.com\/blog\/perspectivisme-spirituel-andrographie-et-probleme-de-la-liberte-par-leon-delpech\/#article\",\"isPartOf\":{\"@id\":\"https:\/\/www.revue3emillenaire.com\/blog\/perspectivisme-spirituel-andrographie-et-probleme-de-la-liberte-par-leon-delpech\/\"},\"author\":{\"name\":\"3e mill\u00e9naire\",\"@id\":\"https:\/\/www.revue3emillenaire.com\/blog\/#\/schema\/person\/b692dacff720a5344a6190bc714397eb\"},\"headline\":\"Perspectivisme spirituel, andrographie et probl\u00e8me de la libert\u00e9 par L\u00e9on Delpech\",\"datePublished\":\"2020-06-13T15:31:09+00:00\",\"mainEntityOfPage\":{\"@id\":\"https:\/\/www.revue3emillenaire.com\/blog\/perspectivisme-spirituel-andrographie-et-probleme-de-la-liberte-par-leon-delpech\/\"},\"wordCount\":2042,\"image\":{\"@id\":\"https:\/\/www.revue3emillenaire.com\/blog\/perspectivisme-spirituel-andrographie-et-probleme-de-la-liberte-par-leon-delpech\/#primaryimage\"},\"thumbnailUrl\":\"https:\/\/www.revue3emillenaire.com\/blog\/wp-content\/uploads\/2011\/02\/Delpech1-e1511315217625.jpg\",\"articleSection\":[\"Delpech L.-J.\"],\"inLanguage\":\"fr-FR\"},{\"@type\":\"WebPage\",\"@id\":\"https:\/\/www.revue3emillenaire.com\/blog\/perspectivisme-spirituel-andrographie-et-probleme-de-la-liberte-par-leon-delpech\/\",\"url\":\"https:\/\/www.revue3emillenaire.com\/blog\/perspectivisme-spirituel-andrographie-et-probleme-de-la-liberte-par-leon-delpech\/\",\"name\":\"Perspectivisme spirituel, andrographie et probl\u00e8me de la libert\u00e9 par L\u00e9on Delpech - 3e mill\u00e9naire - Spiritualit\u00e9 - Connaissance de soi - Non-dualit\u00e9 - M\u00e9ditation\",\"isPartOf\":{\"@id\":\"https:\/\/www.revue3emillenaire.com\/blog\/#website\"},\"primaryImageOfPage\":{\"@id\":\"https:\/\/www.revue3emillenaire.com\/blog\/perspectivisme-spirituel-andrographie-et-probleme-de-la-liberte-par-leon-delpech\/#primaryimage\"},\"image\":{\"@id\":\"https:\/\/www.revue3emillenaire.com\/blog\/perspectivisme-spirituel-andrographie-et-probleme-de-la-liberte-par-leon-delpech\/#primaryimage\"},\"thumbnailUrl\":\"https:\/\/www.revue3emillenaire.com\/blog\/wp-content\/uploads\/2011\/02\/Delpech1-e1511315217625.jpg\",\"datePublished\":\"2020-06-13T15:31:09+00:00\",\"author\":{\"@id\":\"https:\/\/www.revue3emillenaire.com\/blog\/#\/schema\/person\/b692dacff720a5344a6190bc714397eb\"},\"breadcrumb\":{\"@id\":\"https:\/\/www.revue3emillenaire.com\/blog\/perspectivisme-spirituel-andrographie-et-probleme-de-la-liberte-par-leon-delpech\/#breadcrumb\"},\"inLanguage\":\"fr-FR\",\"potentialAction\":[{\"@type\":\"ReadAction\",\"target\":[\"https:\/\/www.revue3emillenaire.com\/blog\/perspectivisme-spirituel-andrographie-et-probleme-de-la-liberte-par-leon-delpech\/\"]}]},{\"@type\":\"ImageObject\",\"inLanguage\":\"fr-FR\",\"@id\":\"https:\/\/www.revue3emillenaire.com\/blog\/perspectivisme-spirituel-andrographie-et-probleme-de-la-liberte-par-leon-delpech\/#primaryimage\",\"url\":\"https:\/\/www.revue3emillenaire.com\/blog\/wp-content\/uploads\/2011\/02\/Delpech1-e1511315217625.jpg\",\"contentUrl\":\"https:\/\/www.revue3emillenaire.com\/blog\/wp-content\/uploads\/2011\/02\/Delpech1-e1511315217625.jpg\",\"width\":264,\"height\":298,\"caption\":\"L.-J. Delpech (1908-1986)\"},{\"@type\":\"BreadcrumbList\",\"@id\":\"https:\/\/www.revue3emillenaire.com\/blog\/perspectivisme-spirituel-andrographie-et-probleme-de-la-liberte-par-leon-delpech\/#breadcrumb\",\"itemListElement\":[{\"@type\":\"ListItem\",\"position\":1,\"name\":\"Accueil\",\"item\":\"https:\/\/www.revue3emillenaire.com\/blog\/\"},{\"@type\":\"ListItem\",\"position\":2,\"name\":\"Perspectivisme spirituel, andrographie et probl\u00e8me de la libert\u00e9 par L\u00e9on Delpech\"}]},{\"@type\":\"WebSite\",\"@id\":\"https:\/\/www.revue3emillenaire.com\/blog\/#website\",\"url\":\"https:\/\/www.revue3emillenaire.com\/blog\/\",\"name\":\"3e mill\u00e9naire - Spiritualit\u00e9 - Connaissance de soi - Non-dualit\u00e9 - M\u00e9ditation\",\"description\":\"L&#039;Homme en devenir\",\"potentialAction\":[{\"@type\":\"SearchAction\",\"target\":{\"@type\":\"EntryPoint\",\"urlTemplate\":\"https:\/\/www.revue3emillenaire.com\/blog\/?s={search_term_string}\"},\"query-input\":{\"@type\":\"PropertyValueSpecification\",\"valueRequired\":true,\"valueName\":\"search_term_string\"}}],\"inLanguage\":\"fr-FR\"},{\"@type\":\"Person\",\"@id\":\"https:\/\/www.revue3emillenaire.com\/blog\/#\/schema\/person\/b692dacff720a5344a6190bc714397eb\",\"name\":\"3e mill\u00e9naire\",\"url\":\"https:\/\/www.revue3emillenaire.com\/blog\/author\/scoussa\/\"}]}<\/script>\n<!-- \/ Yoast SEO plugin. -->","yoast_head_json":{"title":"Perspectivisme spirituel, andrographie et probl\u00e8me de la libert\u00e9 par L\u00e9on Delpech - 3e mill\u00e9naire - Spiritualit\u00e9 - Connaissance de soi - Non-dualit\u00e9 - M\u00e9ditation","robots":{"index":"index","follow":"follow","max-snippet":"max-snippet:-1","max-image-preview":"max-image-preview:large","max-video-preview":"max-video-preview:-1"},"canonical":"https:\/\/www.revue3emillenaire.com\/blog\/perspectivisme-spirituel-andrographie-et-probleme-de-la-liberte-par-leon-delpech\/","og_locale":"fr_FR","og_type":"article","og_title":"Perspectivisme spirituel, andrographie et probl\u00e8me de la libert\u00e9 par L\u00e9on Delpech - 3e mill\u00e9naire - Spiritualit\u00e9 - Connaissance de soi - Non-dualit\u00e9 - M\u00e9ditation","og_description":"La recherche d&rsquo;une vision int\u00e9grale plurivoque au milieu du 20e si\u00e8cle Le probl\u00e8me de la libert\u00e9 r\u00e9alise un des probl\u00e8mes fonda\u00admentaux de l&rsquo;homme. Il se situe \u00e0 la limite psychologie-m\u00e9ta\u00adphysique, et sa situation implique une hypoth\u00e8se sur les relations du moi et du non-moi. Par sa position m\u00eame, cette question suppose une double analyse de [&hellip;]","og_url":"https:\/\/www.revue3emillenaire.com\/blog\/perspectivisme-spirituel-andrographie-et-probleme-de-la-liberte-par-leon-delpech\/","og_site_name":"3e mill\u00e9naire - Spiritualit\u00e9 - Connaissance de soi - Non-dualit\u00e9 - M\u00e9ditation","article_published_time":"2020-06-13T15:31:09+00:00","og_image":[{"width":264,"height":298,"url":"https:\/\/www.revue3emillenaire.com\/blog\/wp-content\/uploads\/2011\/02\/Delpech1-e1511315217625.jpg","type":"image\/jpeg"}],"author":"3e mill\u00e9naire","twitter_card":"summary_large_image","twitter_misc":{"\u00c9crit par":"3e mill\u00e9naire","Dur\u00e9e de lecture estim\u00e9e":"10 minutes"},"schema":{"@context":"https:\/\/schema.org","@graph":[{"@type":"Article","@id":"https:\/\/www.revue3emillenaire.com\/blog\/perspectivisme-spirituel-andrographie-et-probleme-de-la-liberte-par-leon-delpech\/#article","isPartOf":{"@id":"https:\/\/www.revue3emillenaire.com\/blog\/perspectivisme-spirituel-andrographie-et-probleme-de-la-liberte-par-leon-delpech\/"},"author":{"name":"3e mill\u00e9naire","@id":"https:\/\/www.revue3emillenaire.com\/blog\/#\/schema\/person\/b692dacff720a5344a6190bc714397eb"},"headline":"Perspectivisme spirituel, andrographie et probl\u00e8me de la libert\u00e9 par L\u00e9on Delpech","datePublished":"2020-06-13T15:31:09+00:00","mainEntityOfPage":{"@id":"https:\/\/www.revue3emillenaire.com\/blog\/perspectivisme-spirituel-andrographie-et-probleme-de-la-liberte-par-leon-delpech\/"},"wordCount":2042,"image":{"@id":"https:\/\/www.revue3emillenaire.com\/blog\/perspectivisme-spirituel-andrographie-et-probleme-de-la-liberte-par-leon-delpech\/#primaryimage"},"thumbnailUrl":"https:\/\/www.revue3emillenaire.com\/blog\/wp-content\/uploads\/2011\/02\/Delpech1-e1511315217625.jpg","articleSection":["Delpech L.-J."],"inLanguage":"fr-FR"},{"@type":"WebPage","@id":"https:\/\/www.revue3emillenaire.com\/blog\/perspectivisme-spirituel-andrographie-et-probleme-de-la-liberte-par-leon-delpech\/","url":"https:\/\/www.revue3emillenaire.com\/blog\/perspectivisme-spirituel-andrographie-et-probleme-de-la-liberte-par-leon-delpech\/","name":"Perspectivisme spirituel, andrographie et probl\u00e8me de la libert\u00e9 par L\u00e9on Delpech - 3e mill\u00e9naire - Spiritualit\u00e9 - Connaissance de soi - Non-dualit\u00e9 - M\u00e9ditation","isPartOf":{"@id":"https:\/\/www.revue3emillenaire.com\/blog\/#website"},"primaryImageOfPage":{"@id":"https:\/\/www.revue3emillenaire.com\/blog\/perspectivisme-spirituel-andrographie-et-probleme-de-la-liberte-par-leon-delpech\/#primaryimage"},"image":{"@id":"https:\/\/www.revue3emillenaire.com\/blog\/perspectivisme-spirituel-andrographie-et-probleme-de-la-liberte-par-leon-delpech\/#primaryimage"},"thumbnailUrl":"https:\/\/www.revue3emillenaire.com\/blog\/wp-content\/uploads\/2011\/02\/Delpech1-e1511315217625.jpg","datePublished":"2020-06-13T15:31:09+00:00","author":{"@id":"https:\/\/www.revue3emillenaire.com\/blog\/#\/schema\/person\/b692dacff720a5344a6190bc714397eb"},"breadcrumb":{"@id":"https:\/\/www.revue3emillenaire.com\/blog\/perspectivisme-spirituel-andrographie-et-probleme-de-la-liberte-par-leon-delpech\/#breadcrumb"},"inLanguage":"fr-FR","potentialAction":[{"@type":"ReadAction","target":["https:\/\/www.revue3emillenaire.com\/blog\/perspectivisme-spirituel-andrographie-et-probleme-de-la-liberte-par-leon-delpech\/"]}]},{"@type":"ImageObject","inLanguage":"fr-FR","@id":"https:\/\/www.revue3emillenaire.com\/blog\/perspectivisme-spirituel-andrographie-et-probleme-de-la-liberte-par-leon-delpech\/#primaryimage","url":"https:\/\/www.revue3emillenaire.com\/blog\/wp-content\/uploads\/2011\/02\/Delpech1-e1511315217625.jpg","contentUrl":"https:\/\/www.revue3emillenaire.com\/blog\/wp-content\/uploads\/2011\/02\/Delpech1-e1511315217625.jpg","width":264,"height":298,"caption":"L.-J. Delpech (1908-1986)"},{"@type":"BreadcrumbList","@id":"https:\/\/www.revue3emillenaire.com\/blog\/perspectivisme-spirituel-andrographie-et-probleme-de-la-liberte-par-leon-delpech\/#breadcrumb","itemListElement":[{"@type":"ListItem","position":1,"name":"Accueil","item":"https:\/\/www.revue3emillenaire.com\/blog\/"},{"@type":"ListItem","position":2,"name":"Perspectivisme spirituel, andrographie et probl\u00e8me de la libert\u00e9 par L\u00e9on Delpech"}]},{"@type":"WebSite","@id":"https:\/\/www.revue3emillenaire.com\/blog\/#website","url":"https:\/\/www.revue3emillenaire.com\/blog\/","name":"3e mill\u00e9naire - Spiritualit\u00e9 - Connaissance de soi - Non-dualit\u00e9 - M\u00e9ditation","description":"L&#039;Homme en devenir","potentialAction":[{"@type":"SearchAction","target":{"@type":"EntryPoint","urlTemplate":"https:\/\/www.revue3emillenaire.com\/blog\/?s={search_term_string}"},"query-input":{"@type":"PropertyValueSpecification","valueRequired":true,"valueName":"search_term_string"}}],"inLanguage":"fr-FR"},{"@type":"Person","@id":"https:\/\/www.revue3emillenaire.com\/blog\/#\/schema\/person\/b692dacff720a5344a6190bc714397eb","name":"3e mill\u00e9naire","url":"https:\/\/www.revue3emillenaire.com\/blog\/author\/scoussa\/"}]}},"_links":{"self":[{"href":"https:\/\/www.revue3emillenaire.com\/blog\/wp-json\/wp\/v2\/posts\/18218","targetHints":{"allow":["GET"]}}],"collection":[{"href":"https:\/\/www.revue3emillenaire.com\/blog\/wp-json\/wp\/v2\/posts"}],"about":[{"href":"https:\/\/www.revue3emillenaire.com\/blog\/wp-json\/wp\/v2\/types\/post"}],"author":[{"embeddable":true,"href":"https:\/\/www.revue3emillenaire.com\/blog\/wp-json\/wp\/v2\/users\/2"}],"replies":[{"embeddable":true,"href":"https:\/\/www.revue3emillenaire.com\/blog\/wp-json\/wp\/v2\/comments?post=18218"}],"version-history":[{"count":0,"href":"https:\/\/www.revue3emillenaire.com\/blog\/wp-json\/wp\/v2\/posts\/18218\/revisions"}],"wp:featuredmedia":[{"embeddable":true,"href":"https:\/\/www.revue3emillenaire.com\/blog\/wp-json\/wp\/v2\/media\/9181"}],"wp:attachment":[{"href":"https:\/\/www.revue3emillenaire.com\/blog\/wp-json\/wp\/v2\/media?parent=18218"}],"wp:term":[{"taxonomy":"category","embeddable":true,"href":"https:\/\/www.revue3emillenaire.com\/blog\/wp-json\/wp\/v2\/categories?post=18218"},{"taxonomy":"post_tag","embeddable":true,"href":"https:\/\/www.revue3emillenaire.com\/blog\/wp-json\/wp\/v2\/tags?post=18218"}],"curies":[{"name":"wp","href":"https:\/\/api.w.org\/{rel}","templated":true}]}}