{"id":18223,"date":"2020-06-13T16:31:34","date_gmt":"2020-06-13T15:31:34","guid":{"rendered":"https:\/\/www.revue3emillenaire.com\/blog\/?p=18223"},"modified":"2020-06-13T16:31:34","modified_gmt":"2020-06-13T15:31:34","slug":"savoir-peut-etre-connu-par-wolter-a-keers","status":"publish","type":"post","link":"https:\/\/www.revue3emillenaire.com\/blog\/savoir-peut-etre-connu-par-wolter-a-keers\/","title":{"rendered":"Savoir peut \u00eatre connu par Wolter A. Keers"},"content":{"rendered":"<p style=\"text-align: justify;\"><span style=\"color: #000000;\"><span style=\"font-size: medium;\"><i>Traduction Libre<\/i><\/span><\/span><\/p>\n<p style=\"text-align: justify;\"><span style=\"color: #000000;\"><span style=\"font-size: medium;\">Si nous passons en revue tout ce qui a \u00e9t\u00e9 couvert lors de nos r\u00e9unions de la derni\u00e8re ann\u00e9e de travail, nous pouvons le r\u00e9sumer en une phrase : il nous a \u00e9t\u00e9 d\u00e9montr\u00e9 de nombreuses fa\u00e7ons qu&rsquo;\u00eatre en esclavage est une illusion.<\/span><\/span><\/p>\n<p style=\"text-align: justify;\"><span style=\"color: #000000;\"><span style=\"font-size: medium;\">Nous nous demandons tr\u00e8s rarement qui est r\u00e9ellement en recherche lorsque nous partons \u00e0 la recherche de l&rsquo;amour, de la libert\u00e9, du bonheur ou de tout autre nom que nous choisissons de lui donner. Nous remettons en question toutes sortes de pens\u00e9es et de sentiments qui surgissent en nous, mais certaines choses fondamentales nous semblent si \u00e9videntes, et sont tellement communes dans notre culture occidentale, qu&rsquo;il ne nous vient jamais, ou presque, \u00e0 l&rsquo;esprit de les remettre en question.<\/span><\/span><\/p>\n<p style=\"text-align: justify;\"><span style=\"color: #000000;\"><span style=\"font-size: medium;\"> Quoi que nous soyons, nous admettons volontiers que nous ne nous connaissons pas nous-m\u00eames, nous ne doutons jamais que nous sommes n\u00e9s autrefois, que nous avons un certain r\u00f4le dans la soci\u00e9t\u00e9 et qu&rsquo;un jour nous devrons dispara\u00eetre de cette terre. Presque tous ceux qui se lancent dans cette qu\u00eate partent de la conviction qu&rsquo;ils sont un corps, plus un esprit, plus peut-\u00eatre une \u00ab \u00e2me \u00bb, quelle que soit cette derni\u00e8re. Nous fondons notre vie sur cette conviction, sur ce sentiment profond que : \u00ab Je suis un corps, plus ceci et cela \u00bb.<\/span><\/span><\/p>\n<p style=\"text-align: justify;\"><span style=\"color: #000000;\"><span style=\"font-size: medium;\">En m\u00eame temps, nous sommes m\u00e9contents ; nous sommes rarement heureux, et quand nous le sommes, c&rsquo;est g\u00e9n\u00e9ralement pour une courte p\u00e9riode. Nous connaissons des moments \u2013 par exemple lorsque nous sommes amoureux (ce qui signifie litt\u00e9ralement dispara\u00eetre dans l&rsquo;amour) \u2013 de quelque chose comme une grandeur cosmique. Mais les heures et les jours o\u00f9 nous ressentons une vague nostalgie d&rsquo;un \u00eatre complet et illimit\u00e9 que l&rsquo;on appelle amour ou bonheur sont beaucoup plus fr\u00e9quents.<\/span><\/span><\/p>\n<p style=\"text-align: justify;\"><span style=\"color: #000000;\"><span style=\"font-size: medium;\"> Nous faisons rarement le lien entre notre conviction fondamentale d\u2019\u00eatre plus qu\u2019un corps, et le d\u00e9sir d&rsquo;un \u00ab paradis perdu \u00bb. Lors de notre recherche sur le <i>Yoga Advaita<\/i>, tous les pieds sous nos chaises ont \u00e9t\u00e9 lentement mais s\u00fbrement sci\u00e9es. Il nous est apparu clairement que nous ne sommes pas un corps, ni le corps de l&rsquo;\u00e9tat de veille, ni le corps de l&rsquo;\u00e9tat de sommeil. Nous ne sommes pas non plus une personnalit\u00e9, qui n&rsquo;est rien d&rsquo;autre qu&rsquo;une repr\u00e9sentation que nous faisons de nous-m\u00eames \u00e0 certains moments. Il a \u00e9t\u00e9 d\u00e9montr\u00e9 que nous ne sommes pas des \u00eatres li\u00e9s ou limit\u00e9s par le temps, l&rsquo;espace ou les origines, qui ne sont que des fa\u00e7ons de penser. Nous voyons aussi, par exemple, que le temps est une fa\u00e7on de regarder, plut\u00f4t que d&rsquo;\u00eatre un ph\u00e9nom\u00e8ne dans le temps.<\/span><\/span><\/p>\n<p style=\"text-align: justify;\"><span style=\"color: #000000;\"><span style=\"font-size: medium;\"> Et enfin, apr\u00e8s avoir v\u00e9rifi\u00e9 un certain nombre d&rsquo;arguments, nous ne pouvons qu&rsquo;arriver \u00e0 la conclusion que tout ce que nous savons ou pouvons savoir, appara\u00eet dans la conscience que nous sommes (non que nous ayons). Les impressions sensorielles (que nous appelons \u00ab le monde \u00bb), y compris le corps, n&rsquo;existent pour chacun de nous que lorsqu&rsquo;elles apparaissent dans la conscience, et c&rsquo;est tout ce que nous pouvons savoir, n&rsquo;importe o\u00f9 et n\u2019importe quand. Il en va de m\u00eame pour nos pens\u00e9es et nos sentiments, ainsi que pour les \u00e9tats d&rsquo;\u00e9veil et de r\u00eave. Tout ce que nous savons n&rsquo;est que ce qui est per\u00e7u lorsqu&rsquo;il appara\u00eet dans notre conscience. Nous pourrions dire que nous ne connaissons que les mouvements dans la conscience. Nous sommes donc confront\u00e9s au simple fait que nous devons d&rsquo;abord \u00eatre pr\u00e9sents en tant que conscience, en tant que clart\u00e9, avant qu&rsquo;un mouvement puisse avoir lieu en nous. En examinant ce fait, il devient de plus en plus clair que nous sommes l&rsquo;\u00e9l\u00e9ment conscient dans chaque mouvement, le rayon de lumi\u00e8re dans chaque pens\u00e9e, dans chaque sentiment, dans chaque perception sensorielle \u2013 en bref, la signification de l&rsquo;expression \u00ab Je suis la lumi\u00e8re du monde \u00bb devient soudainement claire. C&rsquo;est vrai pour chaque \u00eatre, pas seulement pour celui qui donne des mots \u00e0 cette v\u00e9rit\u00e9. D\u00e8s que \u00e7a nous p\u00e9n\u00e8tre que nous sommes ainsi le mat\u00e9riau de base \u00e0 partir duquel tous les \u00ab mouvements \u00bb sont faits, alors l&rsquo;<i>insight<\/i> que ce que nous appelons le monde d\u00e9pend aussi de notre Pr\u00e9sence Claire pour que son apparition se fasse jour en nous, tout comme il y a des vagues que lorsqu&rsquo;il y a la mer, et que le vent ne peut souffler que s&rsquo;il y a de l&rsquo;air.<\/span><\/span><\/p>\n<p style=\"text-align: justify;\"><span style=\"color: #000000;\"><span style=\"font-size: medium;\"> Mais, s&rsquo;il est vrai que toutes les choses d\u00e9pendent de nous pour leur existence, il s&rsquo;ensuit que rien ne peut nous lier. S&rsquo;il n&rsquo;y a rien dans le \u00ab dehors \u00bb, le c\u00f4t\u00e9 o\u00f9 les choses sont per\u00e7ues, qui puisse me lier, peut-il alors y avoir dans le \u00ab dedans \u00bb, le c\u00f4t\u00e9 de l&rsquo;observateur, un \u00ab je \u00bb li\u00e9 qui me tyrannise ? Apr\u00e8s tout, c&rsquo;est juste pour un tel \u00ab je \u00bb que nous recherchons le bonheur, l&rsquo;amour ou la libert\u00e9 ! Notre enqu\u00eate montre de plus en plus clairement que tout ce que nous avons pris pour \u00ab moi \u00bb n&rsquo;est ni plus ni moins qu&rsquo;un spectacle en constante \u00e9volution. Si nous parlons d&rsquo;un \u00ab je \u00bb tyrannique, li\u00e9 ou effray\u00e9, il ne s&rsquo;agit que de spectacles diff\u00e9rents, mais nous sautons sans cesse dans le spectacle avec nos deux pieds et le vivons comme si c&rsquo;\u00e9tait ce que nous sommes. Mais le regard critique nous permet de voir clairement que nous ne pouvons pas \u00eatre un spectacle qui n&rsquo;appara\u00eet qu&rsquo;une fois de temps en temps, et que nous ne pouvons pas \u00eatre un r\u00e9flexe qui se produit occasionnellement, comme c&rsquo;est le cas apr\u00e8s une pens\u00e9e ou un mouvement du corps lorsque nous affirmons automatiquement qu&rsquo;un \u00ab je \u00bb a pens\u00e9 cette pens\u00e9e ou fait ce mouvement. Celui qui voit que le \u00ab je \u00bb est lui-m\u00eame une sorte de pens\u00e9e, n&rsquo;a aucun mal \u00e0 comprendre que la pens\u00e9e num\u00e9ro deux ne peut pas avoir pens\u00e9 la pens\u00e9e num\u00e9ro un, et qu&rsquo;en fait la pens\u00e9e num\u00e9ro un ne peut se produire que lorsque la pens\u00e9e num\u00e9ro deux n&rsquo;est nulle part.<\/span><\/span><\/p>\n<p style=\"text-align: justify;\"><span style=\"color: #000000;\"><span style=\"font-size: medium;\"> Ainsi, il devient de plus en plus clair que toutes les apparences, les spectacles ou les r\u00e9flexes, que nous avons appel\u00e9s \u00ab je \u00bb, sont en fait, tout comme les chaises et les tables, des choses que nous percevons. Ces \u00ab je \u00bb ne sont rien d&rsquo;autre que des spectacles fantasm\u00e9s \u2013 une broderie continue sur ce que nos parents nous ont dit il y a longtemps quand ils ont dit que nous \u00e9tions un petit gar\u00e7on ou une petite fille, doux ou mauvais, intelligent ou muet, etc. Mais, une broderie est une chose, un mouvement dans la conscience, et une chose n&rsquo;est ni libre ni li\u00e9e ; la libert\u00e9 et l&rsquo;asservissement ne s&rsquo;appliquent pas aux choses mais aux circonstances. Une chaise n&rsquo;est ni libre quand elle est dans le bois, ni en servitude quand elle est dans le placard.<\/span><\/span><\/p>\n<p style=\"text-align: justify;\"><span style=\"color: #000000;\"><span style=\"font-size: medium;\"> Ce spectacle que nous appelons \u00ab je \u00bb \u00e0 certains moments est ni libre ni en servitude, il appara\u00eet pendant quelques moments puis dispara\u00eet. Il suffit d&rsquo;un coup de t\u00e9l\u00e9phone pour que chaque spectacle \u00ab je \u00bb disparaisse. Que reste-t-il alors de la servitude ? Seulement le spectacle d&rsquo;un \u00ab je \u00bb dans certaines circonstances. Ce n&rsquo;est que si nous nous imaginons un \u00ab je \u00bb menott\u00e9 qu&rsquo;il y a servitude, mais seulement en imagination. Parce qu&rsquo;en r\u00e9alit\u00e9, nous ne sommes pas un spectacle, et chaque \u00ab moi en esclavage \u00bb est un spectacle. En d&rsquo;autres termes, notre seul probl\u00e8me est de croire au spectacle d&rsquo;un \u00ab je \u00bb en servitude. \u00ab En v\u00e9rit\u00e9, une personne est ce qu&rsquo;elle pense \u00bb, a dit le vieux gourou Ashtavakra, \u00ab s&rsquo;il pense qu&rsquo;il est en esclavage, il se sent comme esclave ; s&rsquo;il pense qu&rsquo;il est lib\u00e9r\u00e9, il se sent comme libre \u00bb. Quiconque voit que tout ce qui se trouve \u00ab \u00e0 l&rsquo;ext\u00e9rieur et \u00e0 l&rsquo;int\u00e9rieur \u00bb (pour citer Lin Tsi) d\u00e9pend de notre conscience ne peut pas \u00e9viter la r\u00e9v\u00e9lation qui illumine tout en un \u00e9clair, que nulle part ailleurs que dans l&rsquo;imagination il n&rsquo;y a de place pour l&rsquo;esclavage ; que nous sommes la libert\u00e9 elle-m\u00eame, m\u00eame si nous croyons en un esclavage fantasm\u00e9. Nous sommes la libert\u00e9, que nous le sachions ou non, que nous le voulions ou non, il n&rsquo;y a rien \u00e0 changer.<\/span><\/span><\/p>\n<p style=\"text-align: justify;\"><span style=\"color: #000000;\"><span style=\"font-size: medium;\"> Il n&rsquo;y a donc rien \u00e0 trouver et rien \u00e0 atteindre. Au bout du chemin, nous d\u00e9couvrons qu&rsquo;aucun chemin n&rsquo;\u00e9tait n\u00e9cessaire ou m\u00eame possible. Les lunettes que nous cherchions \u00e9taient sur l&rsquo;ar\u00eate de notre nez d\u00e8s le d\u00e9but. Le chapelet de perles que nous imaginions perdu a toujours \u00e9t\u00e9 suspendu \u00e0 notre cou.<\/span><\/span><\/p>\n<p style=\"text-align: justify;\">\n<p style=\"text-align: justify;\"><span style=\"color: #000000;\"><span style=\"font-size: medium;\"> <i>(extrait de \u00ab Yoga Advaita \u00bb, juin 1978).<\/i><\/span><\/span><\/p>\n","protected":false},"excerpt":{"rendered":"<p>Traduction Libre Si nous passons en revue tout ce qui a \u00e9t\u00e9 couvert lors de nos r\u00e9unions de la derni\u00e8re ann\u00e9e de travail, nous pouvons le r\u00e9sumer en une phrase : il nous a \u00e9t\u00e9 d\u00e9montr\u00e9 de nombreuses fa\u00e7ons qu&rsquo;\u00eatre en esclavage est une illusion. Nous nous demandons tr\u00e8s rarement qui est r\u00e9ellement en recherche [&hellip;]<\/p>\n","protected":false},"author":2,"featured_media":12322,"comment_status":"closed","ping_status":"closed","sticky":false,"template":"","format":"standard","meta":{"footnotes":""},"categories":[1137],"tags":[8],"class_list":["post-18223","post","type-post","status-publish","format-standard","has-post-thumbnail","hentry","category-keers-wolter-a","tag-non-dualite"],"yoast_head":"<!-- This site is optimized with the Yoast SEO plugin v27.0 - https:\/\/yoast.com\/product\/yoast-seo-wordpress\/ -->\n<title>Savoir peut \u00eatre connu par Wolter A. Keers - 3e mill\u00e9naire - Spiritualit\u00e9 - Connaissance de soi - Non-dualit\u00e9 - M\u00e9ditation<\/title>\n<meta name=\"robots\" content=\"index, follow, max-snippet:-1, max-image-preview:large, max-video-preview:-1\" \/>\n<link rel=\"canonical\" href=\"https:\/\/www.revue3emillenaire.com\/blog\/savoir-peut-etre-connu-par-wolter-a-keers\/\" \/>\n<meta property=\"og:locale\" content=\"fr_FR\" \/>\n<meta property=\"og:type\" content=\"article\" \/>\n<meta property=\"og:title\" content=\"Savoir peut \u00eatre connu par Wolter A. Keers - 3e mill\u00e9naire - Spiritualit\u00e9 - Connaissance de soi - Non-dualit\u00e9 - M\u00e9ditation\" \/>\n<meta property=\"og:description\" content=\"Traduction Libre Si nous passons en revue tout ce qui a \u00e9t\u00e9 couvert lors de nos r\u00e9unions de la derni\u00e8re ann\u00e9e de travail, nous pouvons le r\u00e9sumer en une phrase : il nous a \u00e9t\u00e9 d\u00e9montr\u00e9 de nombreuses fa\u00e7ons qu&rsquo;\u00eatre en esclavage est une illusion. Nous nous demandons tr\u00e8s rarement qui est r\u00e9ellement en recherche [&hellip;]\" \/>\n<meta property=\"og:url\" content=\"https:\/\/www.revue3emillenaire.com\/blog\/savoir-peut-etre-connu-par-wolter-a-keers\/\" \/>\n<meta property=\"og:site_name\" content=\"3e mill\u00e9naire - Spiritualit\u00e9 - Connaissance de soi - Non-dualit\u00e9 - M\u00e9ditation\" \/>\n<meta property=\"article:published_time\" content=\"2020-06-13T15:31:34+00:00\" \/>\n<meta property=\"og:image\" content=\"https:\/\/www.revue3emillenaire.com\/blog\/wp-content\/uploads\/2012\/10\/Wkeers.jpg\" \/>\n\t<meta property=\"og:image:width\" content=\"196\" \/>\n\t<meta property=\"og:image:height\" content=\"278\" \/>\n\t<meta property=\"og:image:type\" content=\"image\/jpeg\" \/>\n<meta name=\"author\" content=\"3e mill\u00e9naire\" \/>\n<meta name=\"twitter:card\" content=\"summary_large_image\" \/>\n<meta name=\"twitter:label1\" content=\"\u00c9crit par\" \/>\n\t<meta name=\"twitter:data1\" content=\"3e mill\u00e9naire\" \/>\n\t<meta name=\"twitter:label2\" content=\"Dur\u00e9e de lecture estim\u00e9e\" \/>\n\t<meta name=\"twitter:data2\" content=\"7 minutes\" \/>\n<script type=\"application\/ld+json\" class=\"yoast-schema-graph\">{\"@context\":\"https:\/\/schema.org\",\"@graph\":[{\"@type\":\"Article\",\"@id\":\"https:\/\/www.revue3emillenaire.com\/blog\/savoir-peut-etre-connu-par-wolter-a-keers\/#article\",\"isPartOf\":{\"@id\":\"https:\/\/www.revue3emillenaire.com\/blog\/savoir-peut-etre-connu-par-wolter-a-keers\/\"},\"author\":{\"name\":\"3e mill\u00e9naire\",\"@id\":\"https:\/\/www.revue3emillenaire.com\/blog\/#\/schema\/person\/b692dacff720a5344a6190bc714397eb\"},\"headline\":\"Savoir peut \u00eatre connu par Wolter A. Keers\",\"datePublished\":\"2020-06-13T15:31:34+00:00\",\"mainEntityOfPage\":{\"@id\":\"https:\/\/www.revue3emillenaire.com\/blog\/savoir-peut-etre-connu-par-wolter-a-keers\/\"},\"wordCount\":1481,\"image\":{\"@id\":\"https:\/\/www.revue3emillenaire.com\/blog\/savoir-peut-etre-connu-par-wolter-a-keers\/#primaryimage\"},\"thumbnailUrl\":\"https:\/\/www.revue3emillenaire.com\/blog\/wp-content\/uploads\/2012\/10\/Wkeers.jpg\",\"keywords\":[\"Non-dualit\u00e9\"],\"articleSection\":[\"Keers Wolter A.\"],\"inLanguage\":\"fr-FR\"},{\"@type\":\"WebPage\",\"@id\":\"https:\/\/www.revue3emillenaire.com\/blog\/savoir-peut-etre-connu-par-wolter-a-keers\/\",\"url\":\"https:\/\/www.revue3emillenaire.com\/blog\/savoir-peut-etre-connu-par-wolter-a-keers\/\",\"name\":\"Savoir peut \u00eatre connu par Wolter A. Keers - 3e mill\u00e9naire - Spiritualit\u00e9 - Connaissance de soi - Non-dualit\u00e9 - M\u00e9ditation\",\"isPartOf\":{\"@id\":\"https:\/\/www.revue3emillenaire.com\/blog\/#website\"},\"primaryImageOfPage\":{\"@id\":\"https:\/\/www.revue3emillenaire.com\/blog\/savoir-peut-etre-connu-par-wolter-a-keers\/#primaryimage\"},\"image\":{\"@id\":\"https:\/\/www.revue3emillenaire.com\/blog\/savoir-peut-etre-connu-par-wolter-a-keers\/#primaryimage\"},\"thumbnailUrl\":\"https:\/\/www.revue3emillenaire.com\/blog\/wp-content\/uploads\/2012\/10\/Wkeers.jpg\",\"datePublished\":\"2020-06-13T15:31:34+00:00\",\"author\":{\"@id\":\"https:\/\/www.revue3emillenaire.com\/blog\/#\/schema\/person\/b692dacff720a5344a6190bc714397eb\"},\"breadcrumb\":{\"@id\":\"https:\/\/www.revue3emillenaire.com\/blog\/savoir-peut-etre-connu-par-wolter-a-keers\/#breadcrumb\"},\"inLanguage\":\"fr-FR\",\"potentialAction\":[{\"@type\":\"ReadAction\",\"target\":[\"https:\/\/www.revue3emillenaire.com\/blog\/savoir-peut-etre-connu-par-wolter-a-keers\/\"]}]},{\"@type\":\"ImageObject\",\"inLanguage\":\"fr-FR\",\"@id\":\"https:\/\/www.revue3emillenaire.com\/blog\/savoir-peut-etre-connu-par-wolter-a-keers\/#primaryimage\",\"url\":\"https:\/\/www.revue3emillenaire.com\/blog\/wp-content\/uploads\/2012\/10\/Wkeers.jpg\",\"contentUrl\":\"https:\/\/www.revue3emillenaire.com\/blog\/wp-content\/uploads\/2012\/10\/Wkeers.jpg\",\"width\":\"196\",\"height\":\"278\"},{\"@type\":\"BreadcrumbList\",\"@id\":\"https:\/\/www.revue3emillenaire.com\/blog\/savoir-peut-etre-connu-par-wolter-a-keers\/#breadcrumb\",\"itemListElement\":[{\"@type\":\"ListItem\",\"position\":1,\"name\":\"Accueil\",\"item\":\"https:\/\/www.revue3emillenaire.com\/blog\/\"},{\"@type\":\"ListItem\",\"position\":2,\"name\":\"Savoir peut \u00eatre connu par Wolter A. Keers\"}]},{\"@type\":\"WebSite\",\"@id\":\"https:\/\/www.revue3emillenaire.com\/blog\/#website\",\"url\":\"https:\/\/www.revue3emillenaire.com\/blog\/\",\"name\":\"3e mill\u00e9naire - Spiritualit\u00e9 - Connaissance de soi - Non-dualit\u00e9 - M\u00e9ditation\",\"description\":\"L&#039;Homme en devenir\",\"potentialAction\":[{\"@type\":\"SearchAction\",\"target\":{\"@type\":\"EntryPoint\",\"urlTemplate\":\"https:\/\/www.revue3emillenaire.com\/blog\/?s={search_term_string}\"},\"query-input\":{\"@type\":\"PropertyValueSpecification\",\"valueRequired\":true,\"valueName\":\"search_term_string\"}}],\"inLanguage\":\"fr-FR\"},{\"@type\":\"Person\",\"@id\":\"https:\/\/www.revue3emillenaire.com\/blog\/#\/schema\/person\/b692dacff720a5344a6190bc714397eb\",\"name\":\"3e mill\u00e9naire\",\"url\":\"https:\/\/www.revue3emillenaire.com\/blog\/author\/scoussa\/\"}]}<\/script>\n<!-- \/ Yoast SEO plugin. -->","yoast_head_json":{"title":"Savoir peut \u00eatre connu par Wolter A. Keers - 3e mill\u00e9naire - Spiritualit\u00e9 - Connaissance de soi - Non-dualit\u00e9 - M\u00e9ditation","robots":{"index":"index","follow":"follow","max-snippet":"max-snippet:-1","max-image-preview":"max-image-preview:large","max-video-preview":"max-video-preview:-1"},"canonical":"https:\/\/www.revue3emillenaire.com\/blog\/savoir-peut-etre-connu-par-wolter-a-keers\/","og_locale":"fr_FR","og_type":"article","og_title":"Savoir peut \u00eatre connu par Wolter A. Keers - 3e mill\u00e9naire - Spiritualit\u00e9 - Connaissance de soi - Non-dualit\u00e9 - M\u00e9ditation","og_description":"Traduction Libre Si nous passons en revue tout ce qui a \u00e9t\u00e9 couvert lors de nos r\u00e9unions de la derni\u00e8re ann\u00e9e de travail, nous pouvons le r\u00e9sumer en une phrase : il nous a \u00e9t\u00e9 d\u00e9montr\u00e9 de nombreuses fa\u00e7ons qu&rsquo;\u00eatre en esclavage est une illusion. Nous nous demandons tr\u00e8s rarement qui est r\u00e9ellement en recherche [&hellip;]","og_url":"https:\/\/www.revue3emillenaire.com\/blog\/savoir-peut-etre-connu-par-wolter-a-keers\/","og_site_name":"3e mill\u00e9naire - Spiritualit\u00e9 - Connaissance de soi - Non-dualit\u00e9 - M\u00e9ditation","article_published_time":"2020-06-13T15:31:34+00:00","og_image":[{"width":196,"height":278,"url":"https:\/\/www.revue3emillenaire.com\/blog\/wp-content\/uploads\/2012\/10\/Wkeers.jpg","type":"image\/jpeg"}],"author":"3e mill\u00e9naire","twitter_card":"summary_large_image","twitter_misc":{"\u00c9crit par":"3e mill\u00e9naire","Dur\u00e9e de lecture estim\u00e9e":"7 minutes"},"schema":{"@context":"https:\/\/schema.org","@graph":[{"@type":"Article","@id":"https:\/\/www.revue3emillenaire.com\/blog\/savoir-peut-etre-connu-par-wolter-a-keers\/#article","isPartOf":{"@id":"https:\/\/www.revue3emillenaire.com\/blog\/savoir-peut-etre-connu-par-wolter-a-keers\/"},"author":{"name":"3e mill\u00e9naire","@id":"https:\/\/www.revue3emillenaire.com\/blog\/#\/schema\/person\/b692dacff720a5344a6190bc714397eb"},"headline":"Savoir peut \u00eatre connu par Wolter A. Keers","datePublished":"2020-06-13T15:31:34+00:00","mainEntityOfPage":{"@id":"https:\/\/www.revue3emillenaire.com\/blog\/savoir-peut-etre-connu-par-wolter-a-keers\/"},"wordCount":1481,"image":{"@id":"https:\/\/www.revue3emillenaire.com\/blog\/savoir-peut-etre-connu-par-wolter-a-keers\/#primaryimage"},"thumbnailUrl":"https:\/\/www.revue3emillenaire.com\/blog\/wp-content\/uploads\/2012\/10\/Wkeers.jpg","keywords":["Non-dualit\u00e9"],"articleSection":["Keers Wolter A."],"inLanguage":"fr-FR"},{"@type":"WebPage","@id":"https:\/\/www.revue3emillenaire.com\/blog\/savoir-peut-etre-connu-par-wolter-a-keers\/","url":"https:\/\/www.revue3emillenaire.com\/blog\/savoir-peut-etre-connu-par-wolter-a-keers\/","name":"Savoir peut \u00eatre connu par Wolter A. Keers - 3e mill\u00e9naire - Spiritualit\u00e9 - Connaissance de soi - Non-dualit\u00e9 - M\u00e9ditation","isPartOf":{"@id":"https:\/\/www.revue3emillenaire.com\/blog\/#website"},"primaryImageOfPage":{"@id":"https:\/\/www.revue3emillenaire.com\/blog\/savoir-peut-etre-connu-par-wolter-a-keers\/#primaryimage"},"image":{"@id":"https:\/\/www.revue3emillenaire.com\/blog\/savoir-peut-etre-connu-par-wolter-a-keers\/#primaryimage"},"thumbnailUrl":"https:\/\/www.revue3emillenaire.com\/blog\/wp-content\/uploads\/2012\/10\/Wkeers.jpg","datePublished":"2020-06-13T15:31:34+00:00","author":{"@id":"https:\/\/www.revue3emillenaire.com\/blog\/#\/schema\/person\/b692dacff720a5344a6190bc714397eb"},"breadcrumb":{"@id":"https:\/\/www.revue3emillenaire.com\/blog\/savoir-peut-etre-connu-par-wolter-a-keers\/#breadcrumb"},"inLanguage":"fr-FR","potentialAction":[{"@type":"ReadAction","target":["https:\/\/www.revue3emillenaire.com\/blog\/savoir-peut-etre-connu-par-wolter-a-keers\/"]}]},{"@type":"ImageObject","inLanguage":"fr-FR","@id":"https:\/\/www.revue3emillenaire.com\/blog\/savoir-peut-etre-connu-par-wolter-a-keers\/#primaryimage","url":"https:\/\/www.revue3emillenaire.com\/blog\/wp-content\/uploads\/2012\/10\/Wkeers.jpg","contentUrl":"https:\/\/www.revue3emillenaire.com\/blog\/wp-content\/uploads\/2012\/10\/Wkeers.jpg","width":"196","height":"278"},{"@type":"BreadcrumbList","@id":"https:\/\/www.revue3emillenaire.com\/blog\/savoir-peut-etre-connu-par-wolter-a-keers\/#breadcrumb","itemListElement":[{"@type":"ListItem","position":1,"name":"Accueil","item":"https:\/\/www.revue3emillenaire.com\/blog\/"},{"@type":"ListItem","position":2,"name":"Savoir peut \u00eatre connu par Wolter A. Keers"}]},{"@type":"WebSite","@id":"https:\/\/www.revue3emillenaire.com\/blog\/#website","url":"https:\/\/www.revue3emillenaire.com\/blog\/","name":"3e mill\u00e9naire - Spiritualit\u00e9 - Connaissance de soi - Non-dualit\u00e9 - M\u00e9ditation","description":"L&#039;Homme en devenir","potentialAction":[{"@type":"SearchAction","target":{"@type":"EntryPoint","urlTemplate":"https:\/\/www.revue3emillenaire.com\/blog\/?s={search_term_string}"},"query-input":{"@type":"PropertyValueSpecification","valueRequired":true,"valueName":"search_term_string"}}],"inLanguage":"fr-FR"},{"@type":"Person","@id":"https:\/\/www.revue3emillenaire.com\/blog\/#\/schema\/person\/b692dacff720a5344a6190bc714397eb","name":"3e mill\u00e9naire","url":"https:\/\/www.revue3emillenaire.com\/blog\/author\/scoussa\/"}]}},"_links":{"self":[{"href":"https:\/\/www.revue3emillenaire.com\/blog\/wp-json\/wp\/v2\/posts\/18223","targetHints":{"allow":["GET"]}}],"collection":[{"href":"https:\/\/www.revue3emillenaire.com\/blog\/wp-json\/wp\/v2\/posts"}],"about":[{"href":"https:\/\/www.revue3emillenaire.com\/blog\/wp-json\/wp\/v2\/types\/post"}],"author":[{"embeddable":true,"href":"https:\/\/www.revue3emillenaire.com\/blog\/wp-json\/wp\/v2\/users\/2"}],"replies":[{"embeddable":true,"href":"https:\/\/www.revue3emillenaire.com\/blog\/wp-json\/wp\/v2\/comments?post=18223"}],"version-history":[{"count":0,"href":"https:\/\/www.revue3emillenaire.com\/blog\/wp-json\/wp\/v2\/posts\/18223\/revisions"}],"wp:featuredmedia":[{"embeddable":true,"href":"https:\/\/www.revue3emillenaire.com\/blog\/wp-json\/wp\/v2\/media\/12322"}],"wp:attachment":[{"href":"https:\/\/www.revue3emillenaire.com\/blog\/wp-json\/wp\/v2\/media?parent=18223"}],"wp:term":[{"taxonomy":"category","embeddable":true,"href":"https:\/\/www.revue3emillenaire.com\/blog\/wp-json\/wp\/v2\/categories?post=18223"},{"taxonomy":"post_tag","embeddable":true,"href":"https:\/\/www.revue3emillenaire.com\/blog\/wp-json\/wp\/v2\/tags?post=18223"}],"curies":[{"name":"wp","href":"https:\/\/api.w.org\/{rel}","templated":true}]}}