{"id":18279,"date":"2020-10-26T21:33:44","date_gmt":"2020-10-26T20:33:44","guid":{"rendered":"https:\/\/www.revue3emillenaire.com\/blog\/?p=18279"},"modified":"2020-10-26T21:37:20","modified_gmt":"2020-10-26T20:37:20","slug":"la-liberte-est-au-commencement-par-paul-pujol","status":"publish","type":"post","link":"https:\/\/www.revue3emillenaire.com\/blog\/la-liberte-est-au-commencement-par-paul-pujol\/","title":{"rendered":"La libert\u00e9 est au commencement par Paul Pujol"},"content":{"rendered":"<p align=\"justify\"><span style=\"color: #000000;\"><span style=\"font-size: medium;\">Il y un grand paradoxe dans la recherche de la libert\u00e9 spirituelle, la plupart des personnes pensent qu\u2019il y a un long parcourt \u00e0 faire, qu\u2019il faut beaucoup de temps d\u2019\u00e9tude, d\u2019ann\u00e9es de recherche et d\u2019enqu\u00eate.<\/span><\/span><\/p>\n<p align=\"justify\"><span style=\"color: #000000;\"><span style=\"font-size: medium;\">Mais je vois que cela est incorrect, totalement incorrecte, la libert\u00e9 est au commencement, pas \u00e0 la fin. La fin n\u2019existe pas, sauf dans notre esprit, c\u2019est un temps int\u00e9rieur qui s\u2019exprime en tant que volont\u00e9 de r\u00e9alisation. C\u2019est une ambition qui vit dans un temps psychologique imaginaire.<\/span><\/span><\/p>\n<p align=\"justify\"><span style=\"color: #000000;\"><span style=\"font-size: medium;\">Demain, ou apr\u00e8s-demain je serais libre, ce faisant on repousse l\u2019aspect vital de la libert\u00e9 et son urgence.<\/span><\/span><\/p>\n<p align=\"justify\"><span style=\"color: #000000;\"><span style=\"font-size: medium;\">\u00a0<\/span><\/span><\/p>\n<p align=\"justify\"><span style=\"color: #000000;\"><span style=\"font-size: medium;\">Seul ce qui existe dans le pr\u00e9sent compte et est r\u00e9el. Suis-je libre, suis-je conditionn\u00e9\u00a0? Ces questions primordiales, exigent une r\u00e9ponse imm\u00e9diate, une vision direct de ce que nous sommes.<\/span><\/span><\/p>\n<p align=\"justify\"><span style=\"color: #000000;\"><span style=\"font-size: medium;\">Suis-je conditionn\u00e9\u00a0? Oui assur\u00e9ment, c\u2019est l\u00e0 un fait, non pas une id\u00e9e ou une th\u00e9orie. Je suis conditionn\u00e9 par mon environnement, par la culture, la politique, la religion, par l\u2019espace et le temps dans le quel je vis.<\/span><\/span><\/p>\n<p align=\"justify\"><span style=\"color: #000000;\"><span style=\"font-size: medium;\">Dans cette vision claire, il n\u2019y a aucune tristesse, aucune fuite devant cette r\u00e9alit\u00e9, si on regarde de tr\u00e8s pr\u00e9s, on est totalement silencieux, et l\u2019esprit est totalement immobile. Il n\u2019y a aucune pens\u00e9e qui demande comment ne plus \u00eatre conditionn\u00e9, le\u00a0<i>non conditionnement<\/i>\u00a0n\u2019est qu\u2019une id\u00e9e, un processus imaginaire qui nous \u00e9loigne du simple fait, \u00ab\u00a0je vis dans le conditionnement\u00a0\u00bb.<\/span><\/span><\/p>\n<p align=\"justify\"><span style=\"color: #000000;\"><span style=\"font-size: medium;\">\u00a0<\/span><\/span><\/p>\n<p align=\"justify\"><span style=\"color: #000000;\"><span style=\"font-size: medium;\">Quand on voit vraiment ce que cela est, que nous vivons par les id\u00e9es des autres, par l\u2019influence de la soci\u00e9t\u00e9, de nos lectures, de nos amis, de notre famille. Nous voyons que nous ne sommes que le jouet de multiples influences et tendances contradictoires. Comme un bateau ivre sans gouvernail, pouss\u00e9 de-ci del\u00e0 par les vents temp\u00e9tueux de l\u2019existence. Je mange, je fume, je bois, et je me comporte avec les autres, sans aucune conscience de mes actes et de leur motivations.<\/span><\/span><\/p>\n<p align=\"justify\"><span style=\"color: #000000;\"><span style=\"font-size: medium;\">Dans les faits, je n\u2019ai aucune conscience de la mani\u00e8re dont je vis.<\/span><\/span><\/p>\n<p align=\"justify\"><span style=\"color: #000000;\"><span style=\"font-size: medium;\">Si on voit cela tr\u00e8s clairement, on ne peut l\u2019accepter, le tol\u00e9rer, et donc on refuse cet \u00e9tat l\u00e9thargique d\u2019inconscience. On ne demande pas comment puis-je m\u2019en sortir\u00a0? On en sort par l\u2019acuit\u00e9 de cette\u00a0 vision p\u00e9n\u00e9trante qui est action.<\/span><\/span><\/p>\n<p align=\"justify\"><span style=\"color: #000000;\"><span style=\"font-size: medium;\">D\u2019un seul coup on est en dehors du conditionnement, la libert\u00e9 et l\u00e0, pure et vibrante.<\/span><\/span><\/p>\n<p align=\"justify\"><span style=\"color: #000000;\"><span style=\"font-size: medium;\">\u00a0<\/span><\/span><\/p>\n<p align=\"justify\"><span style=\"color: #000000;\"><span style=\"font-size: medium;\">Oui, la libert\u00e9 est au commencement, pas \u00e0 la fin, il n\u2019y a pas de fin. Il y a plus de quarante ans, un tout jeune homme a d\u00e9couvert cela, c\u2019est \u00e0 partir de cette libert\u00e9 que le v\u00e9ritable voyage commence.<\/span><\/span><\/p>\n<p align=\"justify\"><span style=\"color: #000000;\"><span style=\"font-size: medium;\">Le voyageur doit \u00eatre libre, sans bagages, alors il peut aller aux confins m\u00eame de l\u2019univers.<\/span><\/span><\/p>\n<p align=\"justify\"><span style=\"color: #000000;\"><span style=\"font-size: medium;\">Ce mouvement de m\u00e9ditation va m\u00eame au-del\u00e0 de l\u2019univers, entrevoyant l\u2019origine de tout ce qui est, origine qui elle-m\u00eame n\u2019a jamais eu aucun commencement, ni d\u00e9but\u2026<\/span><\/span><\/p>\n<p align=\"justify\"><span style=\"color: #000000;\"><span style=\"font-size: medium;\">\u00a0<\/span><\/span><\/p>\n<p class=\"western\" align=\"right\"><span style=\"color: #000000;\"><span style=\"font-size: medium;\">Paul Pujol<\/span><\/span><\/p>\n<p align=\"justify\"><span style=\"color: #000000;\"><span style=\"font-size: medium;\">Texte emprunt\u00e9 au <u><a class=\"western\" href=\"http:\/\/www.paul-pujol.net\/\" target=\"_blank\" rel=\"noopener noreferrer\">site de l\u2019auteur<\/a><\/u><\/span><\/span><\/p>\n","protected":false},"excerpt":{"rendered":"<p>Il y un grand paradoxe dans la recherche de la libert\u00e9 spirituelle, la plupart des personnes pensent qu\u2019il y a un long parcourt \u00e0 faire, qu\u2019il faut beaucoup de temps d\u2019\u00e9tude, d\u2019ann\u00e9es de recherche et d\u2019enqu\u00eate. Mais je vois que cela est incorrect, totalement incorrecte, la libert\u00e9 est au commencement, pas \u00e0 la fin. La [&hellip;]<\/p>\n","protected":false},"author":2,"featured_media":18280,"comment_status":"closed","ping_status":"closed","sticky":false,"template":"","format":"standard","meta":{"footnotes":""},"categories":[1502],"tags":[147],"class_list":["post-18279","post","type-post","status-publish","format-standard","has-post-thumbnail","hentry","category-pujol-paul","tag-travail-sur-soi"],"yoast_head":"<!-- This site is optimized with the Yoast SEO plugin v27.0 - https:\/\/yoast.com\/product\/yoast-seo-wordpress\/ -->\n<title>La libert\u00e9 est au commencement par Paul Pujol - 3e mill\u00e9naire - Spiritualit\u00e9 - Connaissance de soi - Non-dualit\u00e9 - M\u00e9ditation<\/title>\n<meta name=\"robots\" content=\"index, follow, max-snippet:-1, max-image-preview:large, max-video-preview:-1\" \/>\n<link rel=\"canonical\" href=\"https:\/\/www.revue3emillenaire.com\/blog\/la-liberte-est-au-commencement-par-paul-pujol\/\" \/>\n<meta property=\"og:locale\" content=\"fr_FR\" \/>\n<meta property=\"og:type\" content=\"article\" \/>\n<meta property=\"og:title\" content=\"La libert\u00e9 est au commencement par Paul Pujol - 3e mill\u00e9naire - Spiritualit\u00e9 - Connaissance de soi - Non-dualit\u00e9 - M\u00e9ditation\" \/>\n<meta property=\"og:description\" content=\"Il y un grand paradoxe dans la recherche de la libert\u00e9 spirituelle, la plupart des personnes pensent qu\u2019il y a un long parcourt \u00e0 faire, qu\u2019il faut beaucoup de temps d\u2019\u00e9tude, d\u2019ann\u00e9es de recherche et d\u2019enqu\u00eate. Mais je vois que cela est incorrect, totalement incorrecte, la libert\u00e9 est au commencement, pas \u00e0 la fin. La [&hellip;]\" \/>\n<meta property=\"og:url\" content=\"https:\/\/www.revue3emillenaire.com\/blog\/la-liberte-est-au-commencement-par-paul-pujol\/\" \/>\n<meta property=\"og:site_name\" content=\"3e mill\u00e9naire - Spiritualit\u00e9 - Connaissance de soi - Non-dualit\u00e9 - M\u00e9ditation\" \/>\n<meta property=\"article:published_time\" content=\"2020-10-26T20:33:44+00:00\" \/>\n<meta property=\"article:modified_time\" content=\"2020-10-26T20:37:20+00:00\" \/>\n<meta property=\"og:image\" content=\"https:\/\/www.revue3emillenaire.com\/blog\/wp-content\/uploads\/2020\/10\/Paul-Pujol.jpg\" \/>\n\t<meta property=\"og:image:width\" content=\"132\" \/>\n\t<meta property=\"og:image:height\" content=\"180\" \/>\n\t<meta property=\"og:image:type\" content=\"image\/jpeg\" \/>\n<meta name=\"author\" content=\"3e mill\u00e9naire\" \/>\n<meta name=\"twitter:card\" content=\"summary_large_image\" \/>\n<meta name=\"twitter:label1\" content=\"\u00c9crit par\" \/>\n\t<meta name=\"twitter:data1\" content=\"3e mill\u00e9naire\" \/>\n\t<meta name=\"twitter:label2\" content=\"Dur\u00e9e de lecture estim\u00e9e\" \/>\n\t<meta name=\"twitter:data2\" content=\"3 minutes\" \/>\n<script type=\"application\/ld+json\" class=\"yoast-schema-graph\">{\"@context\":\"https:\/\/schema.org\",\"@graph\":[{\"@type\":\"Article\",\"@id\":\"https:\/\/www.revue3emillenaire.com\/blog\/la-liberte-est-au-commencement-par-paul-pujol\/#article\",\"isPartOf\":{\"@id\":\"https:\/\/www.revue3emillenaire.com\/blog\/la-liberte-est-au-commencement-par-paul-pujol\/\"},\"author\":{\"name\":\"3e mill\u00e9naire\",\"@id\":\"https:\/\/www.revue3emillenaire.com\/blog\/#\/schema\/person\/b692dacff720a5344a6190bc714397eb\"},\"headline\":\"La libert\u00e9 est au commencement par Paul Pujol\",\"datePublished\":\"2020-10-26T20:33:44+00:00\",\"dateModified\":\"2020-10-26T20:37:20+00:00\",\"mainEntityOfPage\":{\"@id\":\"https:\/\/www.revue3emillenaire.com\/blog\/la-liberte-est-au-commencement-par-paul-pujol\/\"},\"wordCount\":543,\"image\":{\"@id\":\"https:\/\/www.revue3emillenaire.com\/blog\/la-liberte-est-au-commencement-par-paul-pujol\/#primaryimage\"},\"thumbnailUrl\":\"https:\/\/www.revue3emillenaire.com\/blog\/wp-content\/uploads\/2020\/10\/Paul-Pujol.jpg\",\"keywords\":[\"Travail sur soi\"],\"articleSection\":[\"Pujol Paul\"],\"inLanguage\":\"fr-FR\"},{\"@type\":\"WebPage\",\"@id\":\"https:\/\/www.revue3emillenaire.com\/blog\/la-liberte-est-au-commencement-par-paul-pujol\/\",\"url\":\"https:\/\/www.revue3emillenaire.com\/blog\/la-liberte-est-au-commencement-par-paul-pujol\/\",\"name\":\"La libert\u00e9 est au commencement par Paul Pujol - 3e mill\u00e9naire - Spiritualit\u00e9 - Connaissance de soi - Non-dualit\u00e9 - M\u00e9ditation\",\"isPartOf\":{\"@id\":\"https:\/\/www.revue3emillenaire.com\/blog\/#website\"},\"primaryImageOfPage\":{\"@id\":\"https:\/\/www.revue3emillenaire.com\/blog\/la-liberte-est-au-commencement-par-paul-pujol\/#primaryimage\"},\"image\":{\"@id\":\"https:\/\/www.revue3emillenaire.com\/blog\/la-liberte-est-au-commencement-par-paul-pujol\/#primaryimage\"},\"thumbnailUrl\":\"https:\/\/www.revue3emillenaire.com\/blog\/wp-content\/uploads\/2020\/10\/Paul-Pujol.jpg\",\"datePublished\":\"2020-10-26T20:33:44+00:00\",\"dateModified\":\"2020-10-26T20:37:20+00:00\",\"author\":{\"@id\":\"https:\/\/www.revue3emillenaire.com\/blog\/#\/schema\/person\/b692dacff720a5344a6190bc714397eb\"},\"breadcrumb\":{\"@id\":\"https:\/\/www.revue3emillenaire.com\/blog\/la-liberte-est-au-commencement-par-paul-pujol\/#breadcrumb\"},\"inLanguage\":\"fr-FR\",\"potentialAction\":[{\"@type\":\"ReadAction\",\"target\":[\"https:\/\/www.revue3emillenaire.com\/blog\/la-liberte-est-au-commencement-par-paul-pujol\/\"]}]},{\"@type\":\"ImageObject\",\"inLanguage\":\"fr-FR\",\"@id\":\"https:\/\/www.revue3emillenaire.com\/blog\/la-liberte-est-au-commencement-par-paul-pujol\/#primaryimage\",\"url\":\"https:\/\/www.revue3emillenaire.com\/blog\/wp-content\/uploads\/2020\/10\/Paul-Pujol.jpg\",\"contentUrl\":\"https:\/\/www.revue3emillenaire.com\/blog\/wp-content\/uploads\/2020\/10\/Paul-Pujol.jpg\",\"width\":132,\"height\":180},{\"@type\":\"BreadcrumbList\",\"@id\":\"https:\/\/www.revue3emillenaire.com\/blog\/la-liberte-est-au-commencement-par-paul-pujol\/#breadcrumb\",\"itemListElement\":[{\"@type\":\"ListItem\",\"position\":1,\"name\":\"Accueil\",\"item\":\"https:\/\/www.revue3emillenaire.com\/blog\/\"},{\"@type\":\"ListItem\",\"position\":2,\"name\":\"La libert\u00e9 est au commencement par Paul Pujol\"}]},{\"@type\":\"WebSite\",\"@id\":\"https:\/\/www.revue3emillenaire.com\/blog\/#website\",\"url\":\"https:\/\/www.revue3emillenaire.com\/blog\/\",\"name\":\"3e mill\u00e9naire - Spiritualit\u00e9 - Connaissance de soi - Non-dualit\u00e9 - M\u00e9ditation\",\"description\":\"L&#039;Homme en devenir\",\"potentialAction\":[{\"@type\":\"SearchAction\",\"target\":{\"@type\":\"EntryPoint\",\"urlTemplate\":\"https:\/\/www.revue3emillenaire.com\/blog\/?s={search_term_string}\"},\"query-input\":{\"@type\":\"PropertyValueSpecification\",\"valueRequired\":true,\"valueName\":\"search_term_string\"}}],\"inLanguage\":\"fr-FR\"},{\"@type\":\"Person\",\"@id\":\"https:\/\/www.revue3emillenaire.com\/blog\/#\/schema\/person\/b692dacff720a5344a6190bc714397eb\",\"name\":\"3e mill\u00e9naire\",\"url\":\"https:\/\/www.revue3emillenaire.com\/blog\/author\/scoussa\/\"}]}<\/script>\n<!-- \/ Yoast SEO plugin. -->","yoast_head_json":{"title":"La libert\u00e9 est au commencement par Paul Pujol - 3e mill\u00e9naire - Spiritualit\u00e9 - Connaissance de soi - Non-dualit\u00e9 - M\u00e9ditation","robots":{"index":"index","follow":"follow","max-snippet":"max-snippet:-1","max-image-preview":"max-image-preview:large","max-video-preview":"max-video-preview:-1"},"canonical":"https:\/\/www.revue3emillenaire.com\/blog\/la-liberte-est-au-commencement-par-paul-pujol\/","og_locale":"fr_FR","og_type":"article","og_title":"La libert\u00e9 est au commencement par Paul Pujol - 3e mill\u00e9naire - Spiritualit\u00e9 - Connaissance de soi - Non-dualit\u00e9 - M\u00e9ditation","og_description":"Il y un grand paradoxe dans la recherche de la libert\u00e9 spirituelle, la plupart des personnes pensent qu\u2019il y a un long parcourt \u00e0 faire, qu\u2019il faut beaucoup de temps d\u2019\u00e9tude, d\u2019ann\u00e9es de recherche et d\u2019enqu\u00eate. Mais je vois que cela est incorrect, totalement incorrecte, la libert\u00e9 est au commencement, pas \u00e0 la fin. La [&hellip;]","og_url":"https:\/\/www.revue3emillenaire.com\/blog\/la-liberte-est-au-commencement-par-paul-pujol\/","og_site_name":"3e mill\u00e9naire - Spiritualit\u00e9 - Connaissance de soi - Non-dualit\u00e9 - M\u00e9ditation","article_published_time":"2020-10-26T20:33:44+00:00","article_modified_time":"2020-10-26T20:37:20+00:00","og_image":[{"width":132,"height":180,"url":"https:\/\/www.revue3emillenaire.com\/blog\/wp-content\/uploads\/2020\/10\/Paul-Pujol.jpg","type":"image\/jpeg"}],"author":"3e mill\u00e9naire","twitter_card":"summary_large_image","twitter_misc":{"\u00c9crit par":"3e mill\u00e9naire","Dur\u00e9e de lecture estim\u00e9e":"3 minutes"},"schema":{"@context":"https:\/\/schema.org","@graph":[{"@type":"Article","@id":"https:\/\/www.revue3emillenaire.com\/blog\/la-liberte-est-au-commencement-par-paul-pujol\/#article","isPartOf":{"@id":"https:\/\/www.revue3emillenaire.com\/blog\/la-liberte-est-au-commencement-par-paul-pujol\/"},"author":{"name":"3e mill\u00e9naire","@id":"https:\/\/www.revue3emillenaire.com\/blog\/#\/schema\/person\/b692dacff720a5344a6190bc714397eb"},"headline":"La libert\u00e9 est au commencement par Paul Pujol","datePublished":"2020-10-26T20:33:44+00:00","dateModified":"2020-10-26T20:37:20+00:00","mainEntityOfPage":{"@id":"https:\/\/www.revue3emillenaire.com\/blog\/la-liberte-est-au-commencement-par-paul-pujol\/"},"wordCount":543,"image":{"@id":"https:\/\/www.revue3emillenaire.com\/blog\/la-liberte-est-au-commencement-par-paul-pujol\/#primaryimage"},"thumbnailUrl":"https:\/\/www.revue3emillenaire.com\/blog\/wp-content\/uploads\/2020\/10\/Paul-Pujol.jpg","keywords":["Travail sur soi"],"articleSection":["Pujol Paul"],"inLanguage":"fr-FR"},{"@type":"WebPage","@id":"https:\/\/www.revue3emillenaire.com\/blog\/la-liberte-est-au-commencement-par-paul-pujol\/","url":"https:\/\/www.revue3emillenaire.com\/blog\/la-liberte-est-au-commencement-par-paul-pujol\/","name":"La libert\u00e9 est au commencement par Paul Pujol - 3e mill\u00e9naire - Spiritualit\u00e9 - Connaissance de soi - Non-dualit\u00e9 - M\u00e9ditation","isPartOf":{"@id":"https:\/\/www.revue3emillenaire.com\/blog\/#website"},"primaryImageOfPage":{"@id":"https:\/\/www.revue3emillenaire.com\/blog\/la-liberte-est-au-commencement-par-paul-pujol\/#primaryimage"},"image":{"@id":"https:\/\/www.revue3emillenaire.com\/blog\/la-liberte-est-au-commencement-par-paul-pujol\/#primaryimage"},"thumbnailUrl":"https:\/\/www.revue3emillenaire.com\/blog\/wp-content\/uploads\/2020\/10\/Paul-Pujol.jpg","datePublished":"2020-10-26T20:33:44+00:00","dateModified":"2020-10-26T20:37:20+00:00","author":{"@id":"https:\/\/www.revue3emillenaire.com\/blog\/#\/schema\/person\/b692dacff720a5344a6190bc714397eb"},"breadcrumb":{"@id":"https:\/\/www.revue3emillenaire.com\/blog\/la-liberte-est-au-commencement-par-paul-pujol\/#breadcrumb"},"inLanguage":"fr-FR","potentialAction":[{"@type":"ReadAction","target":["https:\/\/www.revue3emillenaire.com\/blog\/la-liberte-est-au-commencement-par-paul-pujol\/"]}]},{"@type":"ImageObject","inLanguage":"fr-FR","@id":"https:\/\/www.revue3emillenaire.com\/blog\/la-liberte-est-au-commencement-par-paul-pujol\/#primaryimage","url":"https:\/\/www.revue3emillenaire.com\/blog\/wp-content\/uploads\/2020\/10\/Paul-Pujol.jpg","contentUrl":"https:\/\/www.revue3emillenaire.com\/blog\/wp-content\/uploads\/2020\/10\/Paul-Pujol.jpg","width":132,"height":180},{"@type":"BreadcrumbList","@id":"https:\/\/www.revue3emillenaire.com\/blog\/la-liberte-est-au-commencement-par-paul-pujol\/#breadcrumb","itemListElement":[{"@type":"ListItem","position":1,"name":"Accueil","item":"https:\/\/www.revue3emillenaire.com\/blog\/"},{"@type":"ListItem","position":2,"name":"La libert\u00e9 est au commencement par Paul Pujol"}]},{"@type":"WebSite","@id":"https:\/\/www.revue3emillenaire.com\/blog\/#website","url":"https:\/\/www.revue3emillenaire.com\/blog\/","name":"3e mill\u00e9naire - Spiritualit\u00e9 - Connaissance de soi - Non-dualit\u00e9 - M\u00e9ditation","description":"L&#039;Homme en devenir","potentialAction":[{"@type":"SearchAction","target":{"@type":"EntryPoint","urlTemplate":"https:\/\/www.revue3emillenaire.com\/blog\/?s={search_term_string}"},"query-input":{"@type":"PropertyValueSpecification","valueRequired":true,"valueName":"search_term_string"}}],"inLanguage":"fr-FR"},{"@type":"Person","@id":"https:\/\/www.revue3emillenaire.com\/blog\/#\/schema\/person\/b692dacff720a5344a6190bc714397eb","name":"3e mill\u00e9naire","url":"https:\/\/www.revue3emillenaire.com\/blog\/author\/scoussa\/"}]}},"_links":{"self":[{"href":"https:\/\/www.revue3emillenaire.com\/blog\/wp-json\/wp\/v2\/posts\/18279","targetHints":{"allow":["GET"]}}],"collection":[{"href":"https:\/\/www.revue3emillenaire.com\/blog\/wp-json\/wp\/v2\/posts"}],"about":[{"href":"https:\/\/www.revue3emillenaire.com\/blog\/wp-json\/wp\/v2\/types\/post"}],"author":[{"embeddable":true,"href":"https:\/\/www.revue3emillenaire.com\/blog\/wp-json\/wp\/v2\/users\/2"}],"replies":[{"embeddable":true,"href":"https:\/\/www.revue3emillenaire.com\/blog\/wp-json\/wp\/v2\/comments?post=18279"}],"version-history":[{"count":0,"href":"https:\/\/www.revue3emillenaire.com\/blog\/wp-json\/wp\/v2\/posts\/18279\/revisions"}],"wp:featuredmedia":[{"embeddable":true,"href":"https:\/\/www.revue3emillenaire.com\/blog\/wp-json\/wp\/v2\/media\/18280"}],"wp:attachment":[{"href":"https:\/\/www.revue3emillenaire.com\/blog\/wp-json\/wp\/v2\/media?parent=18279"}],"wp:term":[{"taxonomy":"category","embeddable":true,"href":"https:\/\/www.revue3emillenaire.com\/blog\/wp-json\/wp\/v2\/categories?post=18279"},{"taxonomy":"post_tag","embeddable":true,"href":"https:\/\/www.revue3emillenaire.com\/blog\/wp-json\/wp\/v2\/tags?post=18279"}],"curies":[{"name":"wp","href":"https:\/\/api.w.org\/{rel}","templated":true}]}}