{"id":183,"date":"2008-11-20T00:00:00","date_gmt":"2008-11-20T00:00:00","guid":{"rendered":"http:\/\/www.revue3emillenaire.com\/blog\/?p=183"},"modified":"2010-01-08T15:48:45","modified_gmt":"2010-01-08T14:48:45","slug":"le-sens-mystique-de-la-fte-par-robert-linssen","status":"publish","type":"post","link":"https:\/\/www.revue3emillenaire.com\/blog\/le-sens-mystique-de-la-fte-par-robert-linssen\/","title":{"rendered":"Le sens mystique de la &laquo; F&ecirc;te &raquo; par Robert Linssen"},"content":{"rendered":"<p style=\"text-align: justify;\">(Revue \u00catre Libre, Num\u00e9ro 272, Juillet-Septembre 1977)<\/p>\n<p style=\"text-align: justify;\">Il semble paradoxal d&rsquo;\u00e9voquer actuellement quoi que ce soit qui soit en rapport avec la joie ou la f\u00eate. Le monde semble en effet traverser une p\u00e9riode de crise de plus en plus profonde, tant moralement que religieusement, socialement et politiquement.<\/p>\n<p style=\"text-align: justify;\">Chaque jour nous apporte la r\u00e9v\u00e9lation que quelques crimes odieux, des enl\u00e8vements, des hold-up, des tortures inflig\u00e9es \u00e0 des adversaires politiques. Nous sommes l\u00e0 tr\u00e8s souvent des t\u00e9moins, pleins de bonne volont\u00e9 mais incapables de r\u00e9soudre pratiquement, dans l&rsquo;imm\u00e9diat, les probl\u00e8mes urgents qui se pr\u00e9sentent.<\/p>\n<p style=\"text-align: justify;\">Cependant, il existe une vision des choses tr\u00e8s diff\u00e9rente de celle que nous venons d&rsquo;\u00e9voquer.<\/p>\n<p style=\"text-align: justify;\">Un sens des valeurs, tout autre, pr\u00e9side au comportement du mystique, \u00e0 son sens de l&rsquo;action. Il ne s&rsquo;\u00e9vade pas du monde.<\/p>\n<p style=\"text-align: justify;\">Par mystique, ici nous n&rsquo;entendons pas le r\u00eaveur prisonnier de ses propres cr\u00e9ations mentales ou de celles sugg\u00e9r\u00e9es par un syst\u00e8me organis\u00e9.<\/p>\n<p style=\"text-align: justify;\">Il s&rsquo;agit plut\u00f4t de l&rsquo;\u00eatre qui a pris pleinement conscience de la nature v\u00e9ritable des choses et de sa propre nature. Dans cette perspective, il s&rsquo;est d\u00e9gag\u00e9 de ce que les sympathisants de la \u00ab Gnose de Princeton \u00bb appellent \u00ab l&rsquo;aspect surfaciel des choses \u00bb.<\/p>\n<p style=\"text-align: justify;\">Celui-ci n&rsquo;est pas n\u00e9glig\u00e9. Il ne s&rsquo;agit pas d&rsquo;une fuite mais d&rsquo;une optique globale situant les faits quotidiens ext\u00e9rieurs \u00e0 la juste place qu&rsquo;ils occupent par rapport \u00e0 une R\u00e9alit\u00e9 int\u00e9rieure unique. Cette \u00ab base \u00bb constitue la toile de fond essentielle sur laquelle se profilent tous les \u00e9v\u00e9nements ext\u00e9rieurs. De ce fait, ceux-ci, sans \u00eatre ni\u00e9s, occupent une place intervenant \u00e0 titre second et d\u00e9riv\u00e9.<\/p>\n<p style=\"text-align: justify;\">Il nous est maintenant plus ais\u00e9 de parler du sens mystique de la f\u00eate.<\/p>\n<p style=\"text-align: justify;\">Celui-ci est tr\u00e8s diff\u00e9rent sinon oppos\u00e9 au climat familier qu&rsquo;\u00e9voque ce terme pour la plupart.<\/p>\n<p style=\"text-align: justify;\">Il semble que, dans l&rsquo;Antiquit\u00e9, on attribuait \u00e0 la f\u00eate le sens d&rsquo;une solennit\u00e9 religieuse comm\u00e9morative. La pleine lune de mai en Orient chez les bouddhistes, la f\u00eate de P\u00e2ques, de Pentec\u00f4te, de l&rsquo;Ascension chez les chr\u00e9tiens.<\/p>\n<p style=\"text-align: justify;\">Nous f\u00eatons en g\u00e9n\u00e9ral des \u00e9v\u00e9nements que nous consid\u00e9rons heureux et b\u00e9n\u00e9fiques.<\/p>\n<p style=\"text-align: justify;\">On f\u00eate le gain d&rsquo;un proc\u00e8s retentissant ou la victoire d&rsquo;une guerre, quelles que soient les atrocit\u00e9s commises. On f\u00eate un anniversaire, une naissance, un mariage et tr\u00e8s souvent les f\u00eates s&rsquo;accompagnent de la plupart des plaisirs qui nous sont chers et d\u00e9g\u00e9n\u00e8rent en sc\u00e8nes de d\u00e9bauche.<\/p>\n<p style=\"text-align: justify;\">Les ma\u00eetres spirituels consid\u00e8rent qu&rsquo;une f\u00eate v\u00e9ritable ne peut exister sans la r\u00e9alisation d&rsquo;un bonheur int\u00e9rieur authentique.<\/p>\n<p style=\"text-align: justify;\">Pour le mystique, qu&rsquo;il soit chr\u00e9tien ou bouddhiste ou tao\u00efste, la joie v\u00e9ritable n&rsquo;est r\u00e9alis\u00e9e que dans l&rsquo;\u00e9tat de libert\u00e9 int\u00e9rieure o\u00f9 se r\u00e9v\u00e8le la pl\u00e9nitude de l&rsquo;Amour.<\/p>\n<p style=\"text-align: justify;\">Comment l&rsquo;homme prisonnier des limitations et des servitudes de son \u00e9go\u00efsme pourrait-il conna\u00eetre la joie v\u00e9ritable qui ne se r\u00e9v\u00e8le que dans le don et le d\u00e9passement de soi ?<\/p>\n<p style=\"text-align: justify;\">Lorsqu&rsquo;un noy\u00e9 est arrach\u00e9 aux profondeurs des flots par le courage ou l&rsquo;h\u00e9ro\u00efsme d&rsquo;un sauveteur, il est normal d&rsquo;exprimer sa joie et son enthousiasme. S&rsquo;il succombe \u00e0 l&rsquo;asphyxie, nous en sommes profond\u00e9ment afflig\u00e9s.<\/p>\n<p style=\"text-align: justify;\">Pour les Initi\u00e9s ou les \u00ab Sages \u00bb, qu&rsquo;ils soient d&rsquo;Orient ou d&rsquo;Occident, l&rsquo;homme dit \u00ab normal \u00bb ou \u00ab moyen \u00bb est dans la situation d\u2019un noy\u00e9: Il est priv\u00e9 de son oxyg\u00e8ne sur les plans psychologiques et spirituels. Cet oxyg\u00e8ne n&rsquo;est autre que le sens d&rsquo;un Amour que r\u00e9v\u00e8le la d\u00e9couverte du lien profond qui unit l&rsquo;immense vari\u00e9t\u00e9 des \u00eatres et des choses dans une seule et m\u00eame essence de Pure Lumi\u00e8re.<\/p>\n<p style=\"text-align: justify;\">C&rsquo;est \u00e0 ce niveau, et \u00e0 ce niveau seulement, que le Sage vit la grande f\u00eate : celle qui n&rsquo;a ni commencement ni fin. L\u00e0 se situe la source de joie inalt\u00e9rable : celle de l&rsquo;immersion du fini humain dans l&rsquo;infini divin.<\/p>\n<p style=\"text-align: justify;\">Cette fusion r\u00e9v\u00e8le le sommet de l&rsquo;Amour dans un \u00e9tat d&rsquo;\u00eatre qui est plus qu&rsquo;une joie ou un bonheur fugitif, tels que nous les connaissons g\u00e9n\u00e9ralement. Ce sommet est une extase, Il est \u00e9tat d&rsquo;adoration o\u00f9 se r\u00e9v\u00e8le une joie b\u00e9atifique sans cesse renouvel\u00e9e d&rsquo;une communion qu&rsquo;aucune limitation \u00e9go\u00efste ne vient plus ternir.<\/p>\n<p style=\"text-align: justify;\">Au c\u0153ur des t\u00e9n\u00e8bres ext\u00e9rieures se r\u00e9v\u00e8le alors la lumi\u00e8re int\u00e9rieure, omnipr\u00e9sente, omnip\u00e9n\u00e9trante, la Lumi\u00e8re divine que les anciens ma\u00eetres indiens du V\u00e9danta appelaient Sat-Chit-Ananda.<\/p>\n<p style=\"text-align: justify;\">Sat \u00e9voque l&rsquo;Etre, l&rsquo;Etre pur d\u00e9passant tous les devenirs. Il \u00e9voque \u00e9galement pour nous la conjugaison du verbe \u00ab Etre \u00bb alors que nous ne vivons qu&rsquo;au niveau des verbes \u00ab avoir \u00bb, \u00ab avoir toujours plus \u00bb et para\u00eetre.<\/p>\n<p style=\"text-align: justify;\">Chit : \u00e9voque l&rsquo;existence d&rsquo;un niveau de conscience cosmique omnipr\u00e9sent, libre, cr\u00e9atrice.<\/p>\n<p style=\"text-align: justify;\">Ananda : \u00e9voque un sommet de f\u00e9licit\u00e9, l&rsquo;\u00e9tat du supr\u00eame Amour.<\/p>\n<p style=\"text-align: justify;\">L&rsquo;\u00e9volution r\u00e9cente des sciences tend de plus en plus \u00e0 mettre en \u00e9vidence l&rsquo;existence d&rsquo;une unit\u00e9 de profondeur sous-jacente \u00e0 la multiplicit\u00e9 innombrable des \u00eatres et des choses \u00ab en surface \u00bb.<\/p>\n<p style=\"text-align: justify;\">Telle est \u00e9galement la conclusion des savants du \u00ab Groupe de Princeton \u00bb. Le monde familier o\u00f9 se poursuit notre existence est l&rsquo;envers d&rsquo;un \u00ab Endroit \u00bb fondamental. L&rsquo;essence \u00e9nerg\u00e9tique universelle et unique qui forme cet \u00ab Endroit \u00bb est la base du monde. Cette base est \u2014 selon les savants de Princeton \u2014 une conscience cosmique. L&rsquo;\u0153uvre du professeur Ruyer de l&rsquo;Universit\u00e9 de Nancy, intitul\u00e9e \u00ab La Gnose de Princeton \u00bb est \u00e9loquente \u00e0 cet \u00e9gard.<\/p>\n<p style=\"text-align: justify;\">Le P\u00e8re Teilhard de Chardin \u00e9voque fr\u00e9quemment le m\u00eame climat d&rsquo;une unit\u00e9 spirituelle et mat\u00e9rielle de l&rsquo;Univers dans son \u0153uvre fondamentale, le ph\u00e9nom\u00e8ne humain. Il consid\u00e8re que l&rsquo;Univers \u00ab <em>n&rsquo;est une r\u00e9alit\u00e9 que dans sa Totalit\u00e9 et que chaque atome a pour volume l&rsquo;univers entier <\/em>\u00bb en vertu dune interfusion et d&rsquo;une interd\u00e9pendance constante.<\/p>\n<p style=\"text-align: justify;\">Pour les Sages et mystiques, la f\u00eate la plus belle, la plus irrempla\u00e7able consiste en l&rsquo;exp\u00e9rience v\u00e9cue de cette unit\u00e9 et de cette interfusion.<\/p>\n<p style=\"text-align: justify;\">Il serait inexact d&rsquo;en conclure que les \u00ab Eveill\u00e9s \u00bb d\u00e9tournent leur regard du monde ext\u00e9rieur et se r\u00e9fugient dans un superbe isolement.<\/p>\n<p style=\"text-align: justify;\">Cette attitude se rencontre parfois chez certains mystiques indiens niant de fa\u00e7on absolue l&rsquo;existence du monde ext\u00e9rieur et poursuivant toute une existence dans un ravissement extatique. Un tel climat est s\u00e9v\u00e8rement d\u00e9savou\u00e9 par les Ma\u00eetres spirituels.<\/p>\n<p style=\"text-align: justify;\">Ainsi que l&rsquo;exprime Shri Aurobindo dans ses commentaires de l&rsquo;Isha Upanishad : \u00ab l<em>&lsquo;Homme est dans un corps pour se r\u00e9aliser par l&rsquo;action. Il doit installer les richesses de l&rsquo;esprit dans la mati\u00e8re et par la mati\u00e8re \u00bb. C&rsquo;est dans la mati\u00e8re, \u00ab cette supr\u00eame n\u00e9gation du divin \u00bb, <\/em>que la supr\u00eame affirmation du divin doit surgir, en l&rsquo;homme et par l&rsquo;homme.<\/p>\n<p style=\"text-align: justify;\">L&rsquo;homme qui vit r\u00e9ellement l&rsquo;intense et silencieuse f\u00eate int\u00e9rieure qui est adoration ne se retire pas du monde. Il ne ferme pas les yeux devant les souffrances humaines. Au contraire. En un certain sens, il est le monde. Il est \u00ab au monde \u00bb comme le dirait Rimbaud. Il est l\u00e0, pr\u00e9sent au Pr\u00e9sent mais tout en \u00e9tant dans le monde ext\u00e9rieur, il voit et il vit la R\u00e9alit\u00e9 int\u00e9rieure des profondeurs. Cette R\u00e9alit\u00e9 occupe pour lui une place de priorit\u00e9. Il est donc libre de l&rsquo;identification et peut aider parce que son c\u0153ur d\u00e9borde d&rsquo;Amour.<\/p>\n<p style=\"text-align: justify;\">Pour aider v\u00e9ritablement le monde, il faut \u00eatre riche, riche de la seule richesse. Cette richesse n&rsquo;atteint la pl\u00e9nitude de son rayonnement que dans un \u00e9tat d&rsquo;Amour qui n&rsquo;est terni par aucun conflit, aucune souffrance, aucune identification aux apparences ext\u00e9rieures tout en les voyant bien en face. Mais celles-ci sont vues \u00e0 leur juste mesure et elles sont situ\u00e9es \u00e0 la juste place qu&rsquo;elle occupe dans un Univers aux multiples dimensions baignant lui-m\u00eame dans d&rsquo;autres Univers parall\u00e8les qui en forment la base et l&rsquo;essence unique.<\/p>\n<p style=\"text-align: justify;\">Dans cette vision constante, vivante et toujours renouvel\u00e9e se situe, pour les mystiques de tous les temps la Grande F\u00eate.<\/p>\n<p style=\"text-align: justify;\">Ils ne jettent pas un discr\u00e9dit hautain et syst\u00e9matique sur les manifestations profanes de la f\u00eate parce qu&rsquo;ils ont un sens infini de la compassion. Cependant ils savent fort bien que l&rsquo;impermanence fondamentale de toutes les formes mat\u00e9rielles, de tous les \u00ab agr\u00e9gats d&rsquo;\u00e9l\u00e9ments \u00bb donne aux plaisirs tant recherch\u00e9s un caract\u00e8re \u00e9vanescent dont il faut prendre conscience en d\u00e9pit de ce qu&rsquo;ils ont de s\u00e9ducteur.<\/p>\n<p style=\"text-align: justify;\">En r\u00e9sum\u00e9, pour les mystiques d&rsquo;Orient ou d&rsquo;Occident, la Grande F\u00eate est ici et maintenant. Elle est un \u00e9tat d&rsquo;adoration d&rsquo;une indicible f\u00e9licit\u00e9 dans lequel l&rsquo;adorateur et l&rsquo;ador\u00e9 sont une seule et m\u00eame chose : l&rsquo;essence m\u00eame de la Vie \u00e0 la fois humaine et divine.<\/p>\n<p style=\"text-align: justify;\">Ce niveau se trouve atteint par les adeptes des formes les plus d\u00e9pouill\u00e9es du mysticisme.<\/p>\n<p style=\"text-align: justify;\">L&rsquo;\u00e9vocation la plus \u00e9mouvante de ce climat se trouve exprim\u00e9e par Krishnamurti dans un fragment de son ouvrage \u00ab Au seuil du silence \u00bb (p. 210).<\/p>\n<p style=\"text-align: justify;\">Nous y trouvons l&rsquo;expression de la plus haute f\u00e9licit\u00e9, seule capable de r\u00e9soudre ad\u00e9quatement les probl\u00e8mes si nombreux qui se posent dans notre \u00e9tat g\u00e9n\u00e9ral de conditionnement.<\/p>\n<p style=\"text-align: justify;\">\u00ab <em>La perception sans parole, autrement dit sans pens\u00e9e, est un ph\u00e9nom\u00e8ne des plus \u00e9tranges. Cette perception est beaucoup plus ac\u00e9r\u00e9e, non seulement dans le cerveau mais dans tous nos sens. Elle n&rsquo;est pas une particularit\u00e9 fragmentaire du mental ni une manifestation des \u00e9motions. On peut lui donner le nom de perception totale: elle fait partie de la m\u00e9ditation. Percevoir, sans qu&rsquo;existe le sujet percevant dans la m\u00e9ditation, c&rsquo;est communier avec toute la hauteur et la profondeur de l&rsquo;immensit\u00e9 (&#8230;). La m\u00e9ditation peut exister alors que les yeux sont ouverts et que l&rsquo;on est entour\u00e9 d&rsquo;objets de toute sorte. Mais ces objets sont sans importance aucune (&#8230;). Dans cette m\u00e9ditation, il y a le mouvement de la plus grande extase, laquelle est sans aucun rapport avec le plaisir. C&rsquo;est cette extase qui donne aux yeux, au cerveau et au c\u0153ur une qualit\u00e9 d&rsquo;innocence&#8230; Elle ouvre la porte \u00e0 ce que l&rsquo;on ne peut ni mesurer, ni calculer.<\/em> \u00bb<\/p>\n<p style=\"text-align: justify;\">Nous nous trouvons bien \u00e9loign\u00e9s du sens que l&rsquo;homme moyen, dit \u00ab normal \u00bb, donne \u00e0 la f\u00eate&#8230;<\/p>\n<p style=\"text-align: justify;\">Lorsque celui-ci rencontre un Sage v\u00e9ritable, il le trouve triste. Ainsi que l&rsquo;exprime admirablement le professeur Nil Hahoutof, le Sage n&rsquo;est pas triste. Il est grave.<\/p>\n<p style=\"text-align: justify;\">Il est grave, mais il sait sourire car il a le sens de l&rsquo;humour et ne se prend pas au s\u00e9rieux.<\/p>\n<p style=\"padding-left: 390px; text-align: justify;\">R. LINSSEN.<\/p>\n","protected":false},"excerpt":{"rendered":"<p>Il semble paradoxal d&rsquo;\u00e9voquer actuellement quoi que ce soit qui soit en rapport avec la joie ou la f\u00eate. Le monde semble en effet traverser une p\u00e9riode de crise de plus en plus profonde, tant moralement que religieusement, socialement et politiquement.<\/p>\n","protected":false},"author":1,"featured_media":0,"comment_status":"open","ping_status":"open","sticky":false,"template":"","format":"standard","meta":{"footnotes":""},"categories":[66],"tags":[],"class_list":["post-183","post","type-post","status-publish","format-standard","hentry","category-r-linssen"],"yoast_head":"<!-- This site is optimized with the Yoast SEO plugin v27.0 - https:\/\/yoast.com\/product\/yoast-seo-wordpress\/ -->\n<title>Le sens mystique de la &laquo; F&ecirc;te &raquo; par Robert Linssen - 3e mill\u00e9naire - Spiritualit\u00e9 - Connaissance de soi - Non-dualit\u00e9 - M\u00e9ditation<\/title>\n<meta name=\"robots\" content=\"index, follow, max-snippet:-1, max-image-preview:large, max-video-preview:-1\" \/>\n<link rel=\"canonical\" href=\"https:\/\/www.revue3emillenaire.com\/blog\/le-sens-mystique-de-la-fte-par-robert-linssen\/\" \/>\n<meta property=\"og:locale\" content=\"fr_FR\" \/>\n<meta property=\"og:type\" content=\"article\" \/>\n<meta property=\"og:title\" content=\"Le sens mystique de la &laquo; F&ecirc;te &raquo; par Robert Linssen - 3e mill\u00e9naire - Spiritualit\u00e9 - Connaissance de soi - Non-dualit\u00e9 - M\u00e9ditation\" \/>\n<meta property=\"og:description\" content=\"Il semble paradoxal d&#039;\u00e9voquer actuellement quoi que ce soit qui soit en rapport avec la joie ou la f\u00eate. Le monde semble en effet traverser une p\u00e9riode de crise de plus en plus profonde, tant moralement que religieusement, socialement et politiquement.\" \/>\n<meta property=\"og:url\" content=\"https:\/\/www.revue3emillenaire.com\/blog\/le-sens-mystique-de-la-fte-par-robert-linssen\/\" \/>\n<meta property=\"og:site_name\" content=\"3e mill\u00e9naire - Spiritualit\u00e9 - Connaissance de soi - Non-dualit\u00e9 - M\u00e9ditation\" \/>\n<meta property=\"article:published_time\" content=\"2008-11-20T00:00:00+00:00\" \/>\n<meta property=\"article:modified_time\" content=\"2010-01-08T14:48:45+00:00\" \/>\n<meta name=\"author\" content=\"3e mill\u00e9naire\" \/>\n<meta name=\"twitter:card\" content=\"summary_large_image\" \/>\n<meta name=\"twitter:label1\" content=\"\u00c9crit par\" \/>\n\t<meta name=\"twitter:data1\" content=\"3e mill\u00e9naire\" \/>\n\t<meta name=\"twitter:label2\" content=\"Dur\u00e9e de lecture estim\u00e9e\" \/>\n\t<meta name=\"twitter:data2\" content=\"9 minutes\" \/>\n<script type=\"application\/ld+json\" class=\"yoast-schema-graph\">{\"@context\":\"https:\/\/schema.org\",\"@graph\":[{\"@type\":\"Article\",\"@id\":\"https:\/\/www.revue3emillenaire.com\/blog\/le-sens-mystique-de-la-fte-par-robert-linssen\/#article\",\"isPartOf\":{\"@id\":\"https:\/\/www.revue3emillenaire.com\/blog\/le-sens-mystique-de-la-fte-par-robert-linssen\/\"},\"author\":{\"name\":\"3e mill\u00e9naire\",\"@id\":\"https:\/\/www.revue3emillenaire.com\/blog\/#\/schema\/person\/9a3a7cc4ccaa707f402d4394327106d5\"},\"headline\":\"Le sens mystique de la &laquo; F&ecirc;te &raquo; par Robert Linssen\",\"datePublished\":\"2008-11-20T00:00:00+00:00\",\"dateModified\":\"2010-01-08T14:48:45+00:00\",\"mainEntityOfPage\":{\"@id\":\"https:\/\/www.revue3emillenaire.com\/blog\/le-sens-mystique-de-la-fte-par-robert-linssen\/\"},\"wordCount\":1831,\"commentCount\":0,\"articleSection\":[\"Linssen Robert\"],\"inLanguage\":\"fr-FR\",\"potentialAction\":[{\"@type\":\"CommentAction\",\"name\":\"Comment\",\"target\":[\"https:\/\/www.revue3emillenaire.com\/blog\/le-sens-mystique-de-la-fte-par-robert-linssen\/#respond\"]}]},{\"@type\":\"WebPage\",\"@id\":\"https:\/\/www.revue3emillenaire.com\/blog\/le-sens-mystique-de-la-fte-par-robert-linssen\/\",\"url\":\"https:\/\/www.revue3emillenaire.com\/blog\/le-sens-mystique-de-la-fte-par-robert-linssen\/\",\"name\":\"Le sens mystique de la &laquo; F&ecirc;te &raquo; par Robert Linssen - 3e mill\u00e9naire - Spiritualit\u00e9 - Connaissance de soi - Non-dualit\u00e9 - M\u00e9ditation\",\"isPartOf\":{\"@id\":\"https:\/\/www.revue3emillenaire.com\/blog\/#website\"},\"datePublished\":\"2008-11-20T00:00:00+00:00\",\"dateModified\":\"2010-01-08T14:48:45+00:00\",\"author\":{\"@id\":\"https:\/\/www.revue3emillenaire.com\/blog\/#\/schema\/person\/9a3a7cc4ccaa707f402d4394327106d5\"},\"breadcrumb\":{\"@id\":\"https:\/\/www.revue3emillenaire.com\/blog\/le-sens-mystique-de-la-fte-par-robert-linssen\/#breadcrumb\"},\"inLanguage\":\"fr-FR\",\"potentialAction\":[{\"@type\":\"ReadAction\",\"target\":[\"https:\/\/www.revue3emillenaire.com\/blog\/le-sens-mystique-de-la-fte-par-robert-linssen\/\"]}]},{\"@type\":\"BreadcrumbList\",\"@id\":\"https:\/\/www.revue3emillenaire.com\/blog\/le-sens-mystique-de-la-fte-par-robert-linssen\/#breadcrumb\",\"itemListElement\":[{\"@type\":\"ListItem\",\"position\":1,\"name\":\"Accueil\",\"item\":\"https:\/\/www.revue3emillenaire.com\/blog\/\"},{\"@type\":\"ListItem\",\"position\":2,\"name\":\"Le sens mystique de la &laquo; F&ecirc;te &raquo; par Robert Linssen\"}]},{\"@type\":\"WebSite\",\"@id\":\"https:\/\/www.revue3emillenaire.com\/blog\/#website\",\"url\":\"https:\/\/www.revue3emillenaire.com\/blog\/\",\"name\":\"3e mill\u00e9naire - Spiritualit\u00e9 - Connaissance de soi - Non-dualit\u00e9 - M\u00e9ditation\",\"description\":\"L&#039;Homme en devenir\",\"potentialAction\":[{\"@type\":\"SearchAction\",\"target\":{\"@type\":\"EntryPoint\",\"urlTemplate\":\"https:\/\/www.revue3emillenaire.com\/blog\/?s={search_term_string}\"},\"query-input\":{\"@type\":\"PropertyValueSpecification\",\"valueRequired\":true,\"valueName\":\"search_term_string\"}}],\"inLanguage\":\"fr-FR\"},{\"@type\":\"Person\",\"@id\":\"https:\/\/www.revue3emillenaire.com\/blog\/#\/schema\/person\/9a3a7cc4ccaa707f402d4394327106d5\",\"name\":\"3e mill\u00e9naire\",\"url\":\"https:\/\/www.revue3emillenaire.com\/blog\/author\/admin\/\"}]}<\/script>\n<!-- \/ Yoast SEO plugin. -->","yoast_head_json":{"title":"Le sens mystique de la &laquo; F&ecirc;te &raquo; par Robert Linssen - 3e mill\u00e9naire - Spiritualit\u00e9 - Connaissance de soi - Non-dualit\u00e9 - M\u00e9ditation","robots":{"index":"index","follow":"follow","max-snippet":"max-snippet:-1","max-image-preview":"max-image-preview:large","max-video-preview":"max-video-preview:-1"},"canonical":"https:\/\/www.revue3emillenaire.com\/blog\/le-sens-mystique-de-la-fte-par-robert-linssen\/","og_locale":"fr_FR","og_type":"article","og_title":"Le sens mystique de la &laquo; F&ecirc;te &raquo; par Robert Linssen - 3e mill\u00e9naire - Spiritualit\u00e9 - Connaissance de soi - Non-dualit\u00e9 - M\u00e9ditation","og_description":"Il semble paradoxal d'\u00e9voquer actuellement quoi que ce soit qui soit en rapport avec la joie ou la f\u00eate. Le monde semble en effet traverser une p\u00e9riode de crise de plus en plus profonde, tant moralement que religieusement, socialement et politiquement.","og_url":"https:\/\/www.revue3emillenaire.com\/blog\/le-sens-mystique-de-la-fte-par-robert-linssen\/","og_site_name":"3e mill\u00e9naire - Spiritualit\u00e9 - Connaissance de soi - Non-dualit\u00e9 - M\u00e9ditation","article_published_time":"2008-11-20T00:00:00+00:00","article_modified_time":"2010-01-08T14:48:45+00:00","author":"3e mill\u00e9naire","twitter_card":"summary_large_image","twitter_misc":{"\u00c9crit par":"3e mill\u00e9naire","Dur\u00e9e de lecture estim\u00e9e":"9 minutes"},"schema":{"@context":"https:\/\/schema.org","@graph":[{"@type":"Article","@id":"https:\/\/www.revue3emillenaire.com\/blog\/le-sens-mystique-de-la-fte-par-robert-linssen\/#article","isPartOf":{"@id":"https:\/\/www.revue3emillenaire.com\/blog\/le-sens-mystique-de-la-fte-par-robert-linssen\/"},"author":{"name":"3e mill\u00e9naire","@id":"https:\/\/www.revue3emillenaire.com\/blog\/#\/schema\/person\/9a3a7cc4ccaa707f402d4394327106d5"},"headline":"Le sens mystique de la &laquo; F&ecirc;te &raquo; par Robert Linssen","datePublished":"2008-11-20T00:00:00+00:00","dateModified":"2010-01-08T14:48:45+00:00","mainEntityOfPage":{"@id":"https:\/\/www.revue3emillenaire.com\/blog\/le-sens-mystique-de-la-fte-par-robert-linssen\/"},"wordCount":1831,"commentCount":0,"articleSection":["Linssen Robert"],"inLanguage":"fr-FR","potentialAction":[{"@type":"CommentAction","name":"Comment","target":["https:\/\/www.revue3emillenaire.com\/blog\/le-sens-mystique-de-la-fte-par-robert-linssen\/#respond"]}]},{"@type":"WebPage","@id":"https:\/\/www.revue3emillenaire.com\/blog\/le-sens-mystique-de-la-fte-par-robert-linssen\/","url":"https:\/\/www.revue3emillenaire.com\/blog\/le-sens-mystique-de-la-fte-par-robert-linssen\/","name":"Le sens mystique de la &laquo; F&ecirc;te &raquo; par Robert Linssen - 3e mill\u00e9naire - Spiritualit\u00e9 - Connaissance de soi - Non-dualit\u00e9 - M\u00e9ditation","isPartOf":{"@id":"https:\/\/www.revue3emillenaire.com\/blog\/#website"},"datePublished":"2008-11-20T00:00:00+00:00","dateModified":"2010-01-08T14:48:45+00:00","author":{"@id":"https:\/\/www.revue3emillenaire.com\/blog\/#\/schema\/person\/9a3a7cc4ccaa707f402d4394327106d5"},"breadcrumb":{"@id":"https:\/\/www.revue3emillenaire.com\/blog\/le-sens-mystique-de-la-fte-par-robert-linssen\/#breadcrumb"},"inLanguage":"fr-FR","potentialAction":[{"@type":"ReadAction","target":["https:\/\/www.revue3emillenaire.com\/blog\/le-sens-mystique-de-la-fte-par-robert-linssen\/"]}]},{"@type":"BreadcrumbList","@id":"https:\/\/www.revue3emillenaire.com\/blog\/le-sens-mystique-de-la-fte-par-robert-linssen\/#breadcrumb","itemListElement":[{"@type":"ListItem","position":1,"name":"Accueil","item":"https:\/\/www.revue3emillenaire.com\/blog\/"},{"@type":"ListItem","position":2,"name":"Le sens mystique de la &laquo; F&ecirc;te &raquo; par Robert Linssen"}]},{"@type":"WebSite","@id":"https:\/\/www.revue3emillenaire.com\/blog\/#website","url":"https:\/\/www.revue3emillenaire.com\/blog\/","name":"3e mill\u00e9naire - Spiritualit\u00e9 - Connaissance de soi - Non-dualit\u00e9 - M\u00e9ditation","description":"L&#039;Homme en devenir","potentialAction":[{"@type":"SearchAction","target":{"@type":"EntryPoint","urlTemplate":"https:\/\/www.revue3emillenaire.com\/blog\/?s={search_term_string}"},"query-input":{"@type":"PropertyValueSpecification","valueRequired":true,"valueName":"search_term_string"}}],"inLanguage":"fr-FR"},{"@type":"Person","@id":"https:\/\/www.revue3emillenaire.com\/blog\/#\/schema\/person\/9a3a7cc4ccaa707f402d4394327106d5","name":"3e mill\u00e9naire","url":"https:\/\/www.revue3emillenaire.com\/blog\/author\/admin\/"}]}},"_links":{"self":[{"href":"https:\/\/www.revue3emillenaire.com\/blog\/wp-json\/wp\/v2\/posts\/183","targetHints":{"allow":["GET"]}}],"collection":[{"href":"https:\/\/www.revue3emillenaire.com\/blog\/wp-json\/wp\/v2\/posts"}],"about":[{"href":"https:\/\/www.revue3emillenaire.com\/blog\/wp-json\/wp\/v2\/types\/post"}],"author":[{"embeddable":true,"href":"https:\/\/www.revue3emillenaire.com\/blog\/wp-json\/wp\/v2\/users\/1"}],"replies":[{"embeddable":true,"href":"https:\/\/www.revue3emillenaire.com\/blog\/wp-json\/wp\/v2\/comments?post=183"}],"version-history":[{"count":0,"href":"https:\/\/www.revue3emillenaire.com\/blog\/wp-json\/wp\/v2\/posts\/183\/revisions"}],"wp:attachment":[{"href":"https:\/\/www.revue3emillenaire.com\/blog\/wp-json\/wp\/v2\/media?parent=183"}],"wp:term":[{"taxonomy":"category","embeddable":true,"href":"https:\/\/www.revue3emillenaire.com\/blog\/wp-json\/wp\/v2\/categories?post=183"},{"taxonomy":"post_tag","embeddable":true,"href":"https:\/\/www.revue3emillenaire.com\/blog\/wp-json\/wp\/v2\/tags?post=183"}],"curies":[{"name":"wp","href":"https:\/\/api.w.org\/{rel}","templated":true}]}}