{"id":18313,"date":"2021-01-19T16:59:14","date_gmt":"2021-01-19T15:59:14","guid":{"rendered":"https:\/\/www.revue3emillenaire.com\/blog\/?p=18313"},"modified":"2021-01-19T16:59:14","modified_gmt":"2021-01-19T15:59:14","slug":"les-cathares-de-montsegur-par-michel-cabaret","status":"publish","type":"post","link":"https:\/\/www.revue3emillenaire.com\/blog\/les-cathares-de-montsegur-par-michel-cabaret\/","title":{"rendered":"Les cathares de Monts\u00e9gur par Michel Cabaret"},"content":{"rendered":"<p align=\"justify\"><span style=\"color: #000000;\"><span style=\"font-size: medium;\">(Revue 3<\/span><\/span><span style=\"color: #000000;\"><sup><span style=\"font-size: medium;\">e<\/span><\/sup><\/span><span style=\"color: #000000;\"><span style=\"font-size: medium;\"> Mill\u00e9naire. Ancienne s\u00e9rie. N<\/span><\/span><span style=\"color: #000000;\"><sup><span style=\"font-size: medium;\">o<\/span><\/sup><\/span><span style=\"color: #000000;\"><span style=\"font-size: medium;\"> 17. Novembre\/D\u00e9cembre 1984)<\/span><\/span><\/p>\n<p align=\"justify\"><span style=\"color: #000000;\"><span style=\"font-size: medium;\"><i><b>Michel Cabaret <\/b><\/i><\/span><\/span><span style=\"color: #000000;\"><span style=\"font-size: medium;\"><i><b>\u00e9tait<\/b><\/i><\/span><\/span><span style=\"color: #000000;\"><span style=\"font-size: medium;\"><i><b> un responsable syndical. Rien a priori ne le pr\u00e9disposait, dans le cadre de ses activit\u00e9s professionnelles, \u00e0 se passionner pour la pens\u00e9e cathare. Rien jusqu&rsquo;au jour o\u00f9 il d\u00e9cida de passer ses vacances pr\u00e8s de ce haut lieu d&rsquo;un peuple martyris\u00e9. Dans ce d\u00e9cor grandiose il a, comme beaucoup de visiteurs avant lui, ressenti l&#8217;emprise profonde et la puret\u00e9 d&rsquo;une pens\u00e9e que l&rsquo;on avait cru pouvoir faire dispara\u00eetre dans les flammes des b\u00fbchers. Aujourd&rsquo;hui, Michel Cabaret r\u00e9fl\u00e9chit sur notre soci\u00e9t\u00e9 \u00e0 la lumi\u00e8re toujours pr\u00e9sente des cathares dont la pens\u00e9e, riche de possibilit\u00e9s cr\u00e9atives, s&rsquo;oppose aux totalitarismes, dont la principale fonction est l&rsquo;asservissement de l&rsquo;homme.<\/b><\/i><\/span><\/span><\/p>\n<p align=\"center\"><span style=\"color: #000000;\"><span style=\"font-size: medium;\">***<\/span><\/span><\/p>\n<p align=\"justify\"><span style=\"color: #000000;\"><span style=\"font-size: medium;\"><b>Une histoire ou se m\u00ealent \u00e9v\u00e9nements, spiritualit\u00e9 et soci\u00e9t\u00e9<\/b><\/span><\/span><\/p>\n<p align=\"justify\"><span style=\"color: #000000;\"><span style=\"font-size: medium;\">A l&rsquo;issue d&rsquo;un si\u00e8ge long de pr\u00e8s d&rsquo;un an, les arm\u00e9es des seigneurs du Nord l&#8217;emportent sur un millier d&rsquo;hommes et de femmes r\u00e9fugi\u00e9s sur un piton rocheux du Comt\u00e9 de Foix. Vaine r\u00e9sistance qui vaudra aux fid\u00e8les Cathares <\/span><\/span><span style=\"color: #000000;\"><span style=\"font-size: medium;\">[<a class=\"sdfootnoteanc\" href=\"#sdfootnote1sym\" name=\"sdfootnote1anc\"><sup>1<\/sup><\/a>] <\/span><\/span><span style=\"color: #000000;\"><span style=\"font-size: medium;\">le b\u00fbcher inquisiteur.<\/span><\/span><\/p>\n<p align=\"justify\"><span style=\"color: #000000;\"><span style=\"font-size: medium;\">Il y a cependant 15 ans que les forces du. Comte de Toulouse, Raymond VII, ont cess\u00e9 toute r\u00e9sistance et que, par la signature du Trait\u00e9 de Paris en 1229, all\u00e9geance a \u00e9t\u00e9 faite \u00e0 la Couronne de France mettant ainsi fin \u00e0 une \u00e9pop\u00e9e qui aura cristallis\u00e9 pendant plus de deux si\u00e8cles une critique radicale de l&rsquo;id\u00e9ologie catholique romaine et les m\u00e9contente<\/span><\/span><span style=\"color: #000000;\"><span style=\"font-size: medium;\">m<\/span><\/span><span style=\"color: #000000;\"><span style=\"font-size: medium;\">ents politiques et sociaux du Languedoc.<\/span><\/span><\/p>\n<p align=\"justify\"><span style=\"color: #000000;\"><span style=\"font-size: medium;\">L&rsquo;\u00e2me de cette \u00e9pop\u00e9e issue de plusieurs courants en provenance notamment du nord de l&rsquo;Italie et du centre de l&rsquo;Europe entend restaurer la puret\u00e9 originelle du christianisme. Elle pose ainsi l&rsquo;existence du Mal constat\u00e9 dans l&rsquo;Univers entier peupl\u00e9 de cr\u00e9atures vaines, corruptibles et perverties et dont l&rsquo;origine ne peut \u00eatre imput\u00e9e \u00e0 Dieu.<\/span><\/span><\/p>\n<p align=\"justify\"><span style=\"color: #000000;\"><span style=\"font-size: medium;\">C&rsquo;est le Catharisme ou Dualisme Radical.<\/span><\/span><\/p>\n<p align=\"justify\"><span style=\"color: #000000;\"><span style=\"font-size: medium;\">En effet, et en d\u00e9pit des exactions territoriales permises aux Crois\u00e9s par le Pape Innocent III au d\u00e9but du 12e si\u00e8cle, le Catharisme trouve sa motivation historique \u2013 et donc l&rsquo;image du Mal \u2013 dans le faste des abb\u00e9s cisterciens ressenti comme une insulte face \u00e0 la mis\u00e8re des campagnes. Tandis que le Clerg\u00e9 et ses pontifes se laissent corrompre dans et par le si\u00e8cle, les \u00ab Parfaits \u00bb <\/span><\/span><span style=\"color: #000000;\"><span style=\"font-size: medium;\">[<a class=\"sdfootnoteanc\" href=\"#sdfootnote2sym\" name=\"sdfootnote2anc\"><sup>2<\/sup><\/a>]<\/span><\/span><span style=\"color: #000000;\"><span style=\"font-size: medium;\"> vivent un id\u00e9al de pauvret\u00e9 inconciliable avec le f\u00e9odalisme et la royaut\u00e9 encore chancelante dans la mesure o\u00f9 leur \u00ab art de vivre \u00bb ne laisse aucune prise aux valeurs mercantiles sur lesquelles commence \u00e0 s&rsquo;\u00e9difier la Soci\u00e9t\u00e9 centralis\u00e9e des temps pr\u00e9-capitalistes. Au-del\u00e0, les Cathares int\u00e8grent et revendiquent le principe m\u00eame de la libert\u00e9 de la cr\u00e9ation, libert\u00e9 m\u00e9taphysique a priori que l&rsquo;homme peut incarner dans sa vie quotidienne s&rsquo;il parvient \u00e0 ma\u00eetriser et relativiser les repr\u00e9sentations r\u00e9ifiantes\/rassurantes qu&rsquo;il engendre lui-m\u00eame ou que tente de lui imposer tel ou tel pouvoir de nature politico-religieuse pour le dominer, \u00e0 l&rsquo;instar de la nature dans laquelle il vit.<\/span><\/span><\/p>\n<p align=\"justify\"><b><span style=\"color: #000000;\"><span style=\"font-size: medium;\">La cr\u00e9ation<\/span><\/span><\/b><\/p>\n<p align=\"justify\"><span style=\"color: #000000;\"><span style=\"font-size: medium;\">Il est trop \u00e9vident, que la d\u00e9marche cathare ne s&rsquo;est pas exprim\u00e9e en ces termes. L&rsquo;Univers th\u00e9ologique, mod\u00e8le dominant du 13<\/span><\/span><span style=\"color: #000000;\"><sup><span style=\"font-size: medium;\">e<\/span><\/sup><\/span> <span style=\"color: #000000;\"><span style=\"font-size: medium;\">si\u00e8cle, imposait une cr\u00e9ation ex-nihilo, \u0153uvre divine distincte de son cr\u00e9ateur mais n\u00e9anmoins soumise \u00e0 ses lois transcendantes afin qu&rsquo;en vertu de la r\u00e8gle des contradictoires absolus Dieu soit \u00e0 l&rsquo;abri de tout n\u00e9ant et non alt\u00e9r\u00e9 par les imperfections et d\u00e9viations mal\u00e9fiques dont ladite cr\u00e9ation est le th\u00e9\u00e2tre quotidien.<\/span><\/span><\/p>\n<p align=\"justify\"><span style=\"color: #000000;\"><span style=\"font-size: medium;\">Les th\u00e9ologiens devaient donc faire appel \u00e0 la notion de \u00ab libre arbitre \u00bb d\u00e9volue de toute \u00e9ternit\u00e9 aux cr\u00e9atures mais que n\u00e9anmoins elles d\u00e9voient \u00e0 des fins strictement humaines \u00e0 tel point d&rsquo;ailleurs que deux si\u00e8cles plus tard, un homme comme C\u00e9sar Borgia pourra esp\u00e9rer occuper la charge pontificale dans les conditions historiques que l&rsquo;on sait.<\/span><\/span><\/p>\n<p align=\"justify\"><span style=\"color: #000000;\"><span style=\"font-size: medium;\">En cons\u00e9quence, la n\u00e9cessit\u00e9 de sauvegarder la puret\u00e9 originelle du Tout puissant et corr\u00e9lativement la primaut\u00e9 de pouvoir s\u00e9culier de l\u2019\u00c9glise n\u00e9cessit\u00e9 tant th\u00e9orique que justificative des exactions dont les Cathares seront victimes \u2013 va se traduire par la lecture du verset 1-3 de l&rsquo;\u00c9vangile de Jean selon laquelle : \u00ab <\/span><\/span><span style=\"color: #000000;\"><span style=\"font-size: medium;\"><i>Tout fut par Lui et sans Lui rien ne fut<\/i><\/span><\/span><span style=\"color: #000000;\"><span style=\"font-size: medium;\">. \u00bb<\/span><\/span><\/p>\n<p align=\"justify\"><b><span style=\"color: #000000;\"><span style=\"font-size: medium;\">Le principe du n\u00e9ant<\/span><\/span><\/b><\/p>\n<p align=\"justify\"><span style=\"color: #000000;\"><span style=\"font-size: medium;\">Les Cathares vont avoir de ce m\u00eame verset une lecture radicalement diff\u00e9rente qui ne remet pas en cause la cr\u00e9ation divine et son cr\u00e9ateur mais qui leur adjoint un co-principe cr\u00e9ateur de nature ontologiquement diff\u00e9renci\u00e9e. Cette lecture \u2013 qui en d\u00e9finitive sera jug\u00e9e comme h\u00e9r\u00e9tique \u2013 r\u00e9sulte de la tentative d&rsquo;\u00e9lucidation d&rsquo;une constatation empirique issue du monde \u00ab du m\u00e9lange \u00bb dans lequel se d\u00e9roule et se d\u00e9ploie l&rsquo;existence des cr\u00e9atures et qui manifeste deux mani\u00e8res d&rsquo;\u00eatre en opposition irr\u00e9ductible. Deux mondes, celui de la lumi\u00e8re et celui des t\u00e9n\u00e8bres que les Cathares formaliseront ainsi concr\u00e8tement dans la traduction du Nouveau Testament en langue proven\u00e7ale appel\u00e9e \u00e9galement : Bible de Lyon.<\/span><\/span><\/p>\n<p align=\"justify\"><span style=\"color: #000000;\"><span style=\"font-size: medium;\">\u00ab <\/span><\/span><span style=\"color: #000000;\"><span style=\"font-size: medium;\"><i>Toutes choses ont \u00e9t\u00e9 faites par Lui et sans Lui a \u00e9t\u00e9 fait le N\u00e9ant. \u00bb <\/i><\/span><\/span><span style=\"color: #000000;\"><span style=\"font-size: medium;\">ou encore<\/span><\/span><span style=\"color: #000000;\"><span style=\"font-size: medium;\"><i> \u00ab Sans Lui a \u00e9t\u00e9 fait le Rien<\/i><\/span><\/span><span style=\"color: #000000;\"><span style=\"font-size: medium;\">. \u00bb<\/span><\/span><\/p>\n<p align=\"justify\"><span style=\"color: #000000;\"><span style=\"font-size: medium;\">Ce N\u00e9ant, ce Rien est ainsi \u00ab existenci\u00e9 \u00bb en tant que projection ph\u00e9nom\u00e9nale d&rsquo;une entit\u00e9 \u00e9ternelle et corr\u00e9lative au Dieu bon mais totalement distincte de lui par la simple \u00e9vidence selon laquelle. ce Dieu bon ne peut avoir cr\u00e9\u00e9 de sa propre substance des cr\u00e9atures capables d&rsquo;engendrer le Mal, m\u00eame par libre arbitre. O\u00f9 le prendrait-il en effet ce Mal ? A partir de quelle essence puisque permettre sa manifestation, m\u00eame seconde en vertu d&rsquo;une nature qu&rsquo;il leur a attribu\u00e9e, reviendrait \u00e0 postuler du cr\u00e9ateur qu&rsquo;il est le v\u00e9ritable auteur de ce Mal, car pour lui \u00ab le permettre c&rsquo;est le vouloir \u00bb.<\/span><\/span><\/p>\n<p align=\"justify\"><span style=\"color: #000000;\"><span style=\"font-size: medium;\">Jean de Lugio le pr\u00e9cise d&rsquo;ailleurs parfaitement clairement dans le livre des <\/span><\/span><span style=\"color: #000000;\"><span style=\"font-size: medium;\"><i>Deux Principes <\/i><\/span><\/span><span style=\"color: #000000;\"><span style=\"font-size: medium;\">(1240) lorsqu&rsquo;il \u00e9crit en substance : \u00ab Jamais le Mal n&rsquo;aurait pu spontan\u00e9ment proc\u00e9der du choix de la cr\u00e9ature du Dieu bon, consid\u00e9r\u00e9e comme telle, s&rsquo;il n&rsquo;y avait pas eu une cause du Mal ant\u00e9rieure \u00e0 elle qui p\u00fbt la corrompre et incliner son choix. \u00bb<\/span><\/span><\/p>\n<p align=\"justify\"><span style=\"color: #000000;\"><span style=\"font-size: medium;\">Il est exact que ce Mal absolu, ce N\u00e9ant, ce Rien est quelque peu \u00e9quivoque dans l&rsquo;usage qu&rsquo;en font les Cathares \u00e0 la suite d&rsquo;ailleurs des augustiniens qui y voyaient une d\u00e9gradation de l\u2019\u00catre sous l&rsquo;influence de l&rsquo;orgueil n\u00e9gateur. N&rsquo;en demeure pas moins signifi\u00e9e la cr\u00e9ation en tant que processus \u00e9volutif et actualisateur de formes multiples auxquelles l&rsquo;homme participe, non comme mod\u00e8le achev\u00e9 dans un monde d\u00e9termin\u00e9, mais comme passage oblig\u00e9 d&rsquo;une pl\u00e9nitude qui se cherche au travers de plans de conscience de plus en plus \u00e9labor\u00e9s, affin\u00e9s, multirelationnels et somme toute cr\u00e9ateurs.<\/span><\/span><\/p>\n<p align=\"justify\"><b><span style=\"color: #000000;\"><span style=\"font-size: medium;\">Et aujourd&rsquo;hui ?<\/span><\/span><\/b><\/p>\n<p align=\"justify\"><span style=\"color: #000000;\"><span style=\"font-size: medium;\">Quel int\u00e9r\u00eat cette tentative repr\u00e9sente-t-elle pour les hommes d&rsquo;aujourd&rsquo;hui ? Ind\u00e9pendamment du ph\u00e9nom\u00e8ne historique, les Cathares repr\u00e9sentent-ils un sursaut ou une continuit\u00e9 dans le refus de la pens\u00e9e de se laisser assujettir \u00e0 un mode de fonctionnement \u00ab identitaire-ensembliste \u00bb au sens o\u00f9 l&rsquo;entend Corn\u00e9lius Castoriadis ? <\/span><\/span><span style=\"color: #000000;\"><span style=\"font-size: medium;\">[<a class=\"sdfootnoteanc\" href=\"#sdfootnote3sym\" name=\"sdfootnote3anc\"><sup>3<\/sup><\/a>]<\/span><\/span><\/p>\n<p align=\"justify\"><span style=\"color: #000000;\"><span style=\"font-size: medium;\">Il me semble que la seconde hypoth\u00e8se doive pr\u00e9valoir encore que, face \u00e0 une pens\u00e9e exclusivement rationalisante, ces sursauts puissent appara\u00eetre comme \u00e9piph\u00e9nom\u00e9naux. Certes la pens\u00e9e cathare est la continuation du dualisme de Manes <\/span><\/span><span style=\"color: #000000;\"><span style=\"font-size: medium;\">[<a class=\"sdfootnoteanc\" href=\"#sdfootnote4sym\" name=\"sdfootnote4anc\"><sup>4<\/sup><\/a>]<\/span><\/span><span style=\"color: #000000;\"><span style=\"font-size: medium;\">, elle pr\u00e9sente des analogies certaines avec les traditions indiennes et pr\u00e9-colombiennes, mais sa sp\u00e9cificit\u00e9 n&rsquo;est pas dans ces corr\u00e9lations trans-historiques.<\/span><\/span><\/p>\n<p align=\"justify\"><span style=\"color: #000000;\"><span style=\"font-size: medium;\">La pens\u00e9e cathare se d\u00e9ploie dans un monde europ\u00e9en fortement marqu\u00e9 par une pr\u00e9tention moniste <\/span><\/span><span style=\"color: #000000;\"><span style=\"font-size: medium;\">[<a class=\"sdfootnoteanc\" href=\"#sdfootnote5sym\" name=\"sdfootnote5anc\"><sup>5<\/sup><\/a>]<\/span><\/span><span style=\"color: #000000;\"><span style=\"font-size: medium;\"> et en cons\u00e9quence r\u00e9ductrice \u00e0 l&rsquo;utilit\u00e9 pragmatique de l&rsquo;Univers ainsi qu&rsquo;\u00e0 l&rsquo;unicit\u00e9 de son origine. Elle heurte ainsi de plein fouet non seulement la conception faustienne de l&rsquo;\u00e9poque \u2013 avant la lettre \u2013 mais \u00e9galement le devenir historique de la pens\u00e9e occidentale que les d\u00e9marches respectives de Newton et de Kant expliciteront parfaiteme<\/span><\/span><span style=\"color: #000000;\"><span style=\"font-size: medium;\">n<\/span><\/span><span style=\"color: #000000;\"><span style=\"font-size: medium;\">t quelques si\u00e8cles plus tard.<\/span><\/span><\/p>\n<p align=\"justify\"><span style=\"color: #000000;\"><span style=\"font-size: medium;\">De fait, Newton et sa force gravitationnelle, au nom d&rsquo;une r\u00e9alit\u00e9 objectivement descriptible, vont servir de caution \u00e0 un monde de trajectoires, monde clos o\u00f9 le d\u00e9terminisme-roi r\u00e9gente la cr\u00e9ation et exclut l&rsquo;homme en tant que cr\u00e9ateur de valeurs par lesquelles il vit ; de la m\u00eame mani\u00e8re, bien que centr\u00e9e sur l&rsquo;homme cette fois, Kant r\u00e9serve au sujet transcendantal \u00ab a priori \u00bb la seule facult\u00e9 de signification en imposant \u00e0 la nature un sch\u00e9ma distinctif radical entre \u00ab l&rsquo;en-soi \u00bb des ph\u00e9nom\u00e8nes et les ph\u00e9nom\u00e8nes eux-m\u00eames dans une tentative, l\u00e0 encore unifiante de la science centr\u00e9e sur le sujet qui impose son langage au monde.<\/span><\/span><\/p>\n<p align=\"justify\"><span style=\"color: #000000;\"><span style=\"font-size: medium;\">Il est symptomatique de constater avec quelle fougue la science classique a privil\u00e9gi\u00e9 ce type de rapport unique de suj\u00e9tion \u00e0 la nature, \u00e9tranger au contexte historique et totalement soumis aux processus math\u00e9matisables. Ce rapport d&rsquo;essence r\u00e9v\u00e9l\u00e9e se substitue \u00e0 la cr\u00e9ation transcendante et de par sa structure identique occulte la nature complexe d&rsquo;une pens\u00e9e duelle r\u00e9tive par d\u00e9finition \u00e0 tout carcan r\u00e9ducteur.<\/span><\/span><\/p>\n<p align=\"justify\"><span style=\"color: #000000;\"><span style=\"font-size: medium;\">C&rsquo;est pr\u00e9cis\u00e9ment ce qui fait l&rsquo;actualit\u00e9 du catharisme en ce qu&rsquo;il brise nos certitudes les plus ancr\u00e9es et nous conduit \u00e0 la tol\u00e9rance par l&rsquo;affirmation d&rsquo;une nature infinie, multiple et complexe.<\/span><\/span><\/p>\n<p align=\"justify\"><span style=\"color: #000000;\"><span style=\"font-size: medium;\">La pauvret\u00e9 ext\u00e9rieure des Cathares manifeste, non pas un jugement n\u00e9gatif sur la r\u00e9alit\u00e9 du monde, mais une volont\u00e9 de ressourcement au jaillissement perp\u00e9tuel de la vie, \u00e0 l&rsquo;intuition cr\u00e9atrice, \u00e0 l&rsquo;accord spontan\u00e9 du Cosmos en toutes ses parties, \u00e0 l&rsquo;innocence int\u00e9rieure que l&rsquo;attachement forcen\u00e9 de l&rsquo;homme \u00e0 l&rsquo;ext\u00e9riorit\u00e9 des choses a scl\u00e9ros\u00e9e et annihil\u00e9e. Elle repr\u00e9sente l&rsquo;exaltation et le retour aux valeurs essentiellement f\u00e9minines d&rsquo;\u00e9quilibre, d&rsquo;abn\u00e9gation, de perp\u00e9tuation et de maintien de l&rsquo;existence physique et spirituelle dans une osmose m\u00e2le\/femelle rejet\u00e9e cependant par le d\u00e9veloppement des forces productives comme inutile ou pour le moins inefficace.<\/span><\/span><\/p>\n<p align=\"justify\"><span style=\"color: #000000;\"><span style=\"font-size: medium;\">Il<\/span><\/span><span style=\"color: #000000;\"><span style=\"font-size: medium;\"> est certes \u00e9vident que le XIII<\/span><\/span><span style=\"color: #000000;\"><sup><span style=\"font-size: medium;\">e<\/span><\/sup><\/span><span style=\"color: #000000;\"><span style=\"font-size: medium;\"> si\u00e8cle ne pouvait tol\u00e9rer pareille \u00ab h\u00e9r\u00e9sie \u00bb au moment o\u00f9 Philippe Auguste et ses successeurs tentaient l&rsquo;unification du territoire, aid\u00e9s en cela \u2013 mais pour des raisons diff\u00e9rentes \u2013 par l&rsquo;inquisition organis\u00e9e par le Pape Gr\u00e9goire IX en 1233.<\/span><\/span><\/p>\n<p align=\"justify\"><span style=\"color: #000000;\"><span style=\"font-size: medium;\">Il en est de m\u00eame aujourd&rsquo;hui. Le droit \u00e0 la diff\u00e9rence clam\u00e9 \u00e0 toutes les tribunes sert plus souvent d&rsquo;argument politique que de fondement \u00e0 la mise en \u0153uvre r\u00e9elle de communaut\u00e9s humaines construites dans le respect des droits fondamentaux des groupes ou ethnies \u00e0 s&rsquo;organiser et \u00e0 vivre selon leur choix, traditionnel ou autre.<\/span><\/span><\/p>\n<p align=\"justify\"><span style=\"color: #000000;\"><span style=\"font-size: medium;\">Le mod\u00e8le dominant n&rsquo;est plus th\u00e9ologique mais \u00e9conomique et pour \u00eatre subtil n&rsquo;en est pas moins brutal. Soumises et \u00e9cartel\u00e9es par la politique des blocs, les Nations se replient sur elles-m\u00eames ou \u00ab inventent \u00bb un retour aux sources peu diff\u00e9rent et encore plus contraignant par la soumission totale et enti\u00e8re \u00e0 un petit \u00ab p\u00e8re du peuple \u00bb, un f\u00fchrer ou un quelconque ayatollah quand une bureaucratie envahissante et tentaculaire ne suffit plus.<\/span><\/span><\/p>\n<p align=\"justify\"><span style=\"color: #000000;\"><span style=\"font-size: medium;\">Sursaut de la pens\u00e9e certes mais d&rsquo;une pens\u00e9e qui se r\u00e9v\u00e8le riche de potentialit\u00e9s cr\u00e9atives face aux totalitarismes doctrinaires dont la principale fonction est l&rsquo;asservissement des hommes et leur soumission \u00e0 une loi unique suppos\u00e9e les d\u00e9passer.<\/span><\/span><\/p>\n<p align=\"justify\"><span style=\"color: #000000;\"><span style=\"font-size: medium;\">Sursaut qui d\u00e9montre existentiellement la libert\u00e9 fonci\u00e8re de l&rsquo;individu par l&rsquo;affirmation d&rsquo;un v\u00e9cu contradictoriel et l&rsquo;infinitude des \u00ab possibles \u00bb qu&rsquo;affirme la physique quantique au travers, notamment, des relations d&rsquo;ind\u00e9termination <\/span><\/span><span style=\"color: #000000;\"><span style=\"font-size: medium;\">[<a class=\"sdfootnoteanc\" href=\"#sdfootnote6sym\" name=\"sdfootnote6anc\"><sup>6<\/sup><\/a>]<\/span><\/span><span style=\"color: #000000;\"><span style=\"font-size: medium;\"> d&rsquo;Heisenberg et de La th\u00e9orie des Mondes Divergents <\/span><\/span><span style=\"color: #000000;\"><span style=\"font-size: medium;\">[<a class=\"sdfootnoteanc\" href=\"#sdfootnote7sym\" name=\"sdfootnote7anc\"><sup>7<\/sup><\/a>]<\/span><\/span><span style=\"color: #000000;\"><span style=\"font-size: medium;\">.<\/span><\/span><\/p>\n<p align=\"justify\"><span style=\"color: #000000;\"><span style=\"font-size: medium;\">Il n&rsquo;est que de constater avec quelle hargne les hommes politiques responsables nient la moindre parcelle d&rsquo;autonomie quand elle ne se cantonne pas dans les limites du discours culturel. Les exemples contemporains abondent en ce sens. Qu&rsquo;il s&rsquo;agisse des Basques, des Kurdes ou des Indiens d&rsquo;Am\u00e9rique du Nord, chacun doit rentrer ou rester dans le moule forg\u00e9 par le mod\u00e8le productiviste dominant. A la moindre contestation l&rsquo;h\u00e9r\u00e9sie, m\u00eame si elle n&rsquo;est plus nomm\u00e9e en tant que telle, pointe son nez et vient conforter \u2013 par le fait m\u00eame qu&rsquo;elle le nie \u2013 l&rsquo;esprit de syst\u00e8me dans ce qu&rsquo;il a engendr\u00e9 de moyens r\u00e9pressifs pour assurer sa p\u00e9rennit\u00e9. On l&rsquo;appelle alors \u00ab l&rsquo;int\u00e9grit\u00e9 territoriale \u00bb.<\/span><\/span><\/p>\n<p align=\"justify\"><span style=\"color: #000000;\"><span style=\"font-size: medium;\">Les Cathares ont d\u00e9montr\u00e9 dans les faits, \u00e0 condition de les assumer jusqu&rsquo;\u00e0 leur terme, que le renoncement \u00e0 soi-m\u00eame, la d\u00e9valorisation des possessions ext\u00e9rieures quelquefois cependant n\u00e9cessaires, le non-asservissement au r\u00e9sultat des actions et pens\u00e9es peuvent \u00eatre la r\u00e9ponse \u00e0 la fixit\u00e9 pathologique de la pens\u00e9e qu&rsquo;engendre sa propre soumission \u00e0 l&rsquo;intellect rationalisateur.<\/span><\/span><\/p>\n<p align=\"justify\"><span style=\"color: #000000;\"><span style=\"font-size: medium;\">Ces qualit\u00e9s repr\u00e9sentent l&rsquo;expression d&rsquo;une pluralit\u00e9 infinie et fondamentale de choix qui ne sont plus simplement \u00e9lucubration de philosophes mais paradigme scientifique d&rsquo;une synth\u00e8se jamais achev\u00e9e, par l&rsquo;\u00e9mergence d&rsquo;une unit\u00e9\/pluralit\u00e9 fonctionnelle du monde \u00e9clair\u00e9e par l&rsquo;homme et sa conscience d&rsquo;\u00eatre dans une relation fondatrice, par del\u00e0 l&rsquo;espace-temps, d&rsquo;une r\u00e9alit\u00e9 incommensurable, inconnaissable et cependant \u00ab Nature Propre \u00bb selon le Zen des 10 000 choses que peut saisir notre intelligence.<\/span><\/span><\/p>\n<p align=\"justify\"><span style=\"color: #000000;\"><span style=\"font-size: medium;\">Le XXI<\/span><\/span><span style=\"color: #000000;\"><sup><span style=\"font-size: medium;\">e<\/span><\/sup><\/span><span style=\"color: #000000;\"><span style=\"font-size: medium;\"> si\u00e8cle sera \u00ab m\u00e9taphysique ou ne sera pas \u00bb selon Malraux. Il suffit d&rsquo;attendre. D&rsquo;attendre et d&rsquo;agir, d&rsquo;approfondir la vie et de s&rsquo;approfondir en elle et avec elle. Les Chevaliers cathares ont fray\u00e9 le chemin, par del\u00e0 les si\u00e8cles, ils nous montrent la voie de la lib\u00e9ration et de la mort du \u00ab vieil homme \u00bb.<\/span><\/span><\/p>\n<p align=\"justify\">_____________________________________________<\/p>\n<div id=\"sdfootnote1\">\n<p align=\"justify\"><a class=\"sdfootnotesym\" href=\"#sdfootnote1anc\" name=\"sdfootnote1sym\">1<\/a><span style=\"color: #000000;\"><span style=\"font-size: medium;\"> Du grec katharos : pur, sans souillure.<\/span><\/span><\/p>\n<\/div>\n<div id=\"sdfootnote2\">\n<p align=\"justify\"><a class=\"sdfootnotesym\" href=\"#sdfootnote2anc\" name=\"sdfootnote2sym\">2<\/a><span style=\"color: #000000;\"><span style=\"font-size: medium;\"> En Albigeois \u00ab Bons Hommes \u00bb \u2014 parfaits chr\u00e9tiens.<\/span><\/span><\/p>\n<\/div>\n<div id=\"sdfootnote3\">\n<p align=\"justify\"><a class=\"sdfootnotesym\" href=\"#sdfootnote3anc\" name=\"sdfootnote3sym\">3<\/a><span style=\"color: #000000;\"><span style=\"font-size: medium;\"> Apr\u00e8s des \u00e9tudes de droit et de philosophie en Gr\u00e8ce o\u00f9 il est n\u00e9 en 1922, Castoriadis milite au PC et adh\u00e8re ensuite au mouvement trotskiste. En France, il entreprend la publication de <\/span><\/span><span style=\"color: #000000;\"><span style=\"font-size: medium;\"><i>Socialisme et barbarie<\/i><\/span><\/span><span style=\"color: #000000;\"><span style=\"font-size: medium;\">. Le projet r\u00e9volutionnaire implique le d\u00e9passement de la raison institu\u00e9e pour laquelle, depuis Aristote, \u00catre a toujours signifi\u00e9 \u00ab \u00catre d\u00e9termin\u00e9 \u00bb sur le mode de l&rsquo;identique (tiers exclus) et de l&rsquo;ensemble (au sens collectif). L&rsquo;Histoire doit donc \u00eatre cr\u00e9ation et l&rsquo;imaginaire institue le social Historique. (cf. l&rsquo;Institution imaginaire de la Soci\u00e9t\u00e9).<\/span><\/span><\/p>\n<\/div>\n<div id=\"sdfootnote4\">\n<p align=\"justify\"><a class=\"sdfootnotesym\" href=\"#sdfootnote4anc\" name=\"sdfootnote4sym\">4<\/a><span style=\"color: #000000;\"><span style=\"font-size: medium;\"> Fondation du manich\u00e9isme, religion n\u00e9e en Perse au III<\/span><\/span><span style=\"color: #000000;\"><sup><span style=\"font-size: medium;\">e<\/span><\/sup><\/span><span style=\"color: #000000;\"><span style=\"font-size: medium;\"> si\u00e8cle apr\u00e8s J.-C. et d\u00e9finie par la doctrine des deux principes (\u00e2me-esprit-lumi\u00e8re s&rsquo;opposant \u00e0 corps-mati\u00e8re-t\u00e9n\u00e8bres). La victoire de la lumi\u00e8re ne se produira qu&rsquo;\u00e0 la s\u00e9paration totale des deux principes.<\/span><\/span><\/p>\n<\/div>\n<div id=\"sdfootnote5\">\n<p align=\"justify\"><a class=\"sdfootnotesym\" href=\"#sdfootnote5anc\" name=\"sdfootnote5sym\">5<\/a><span style=\"color: #000000;\"><span style=\"font-size: medium;\"> Doctrine qui r\u00e9duit le monde, sa cr\u00e9ation, son devenir \u00e0 un seul principe.<\/span><\/span><\/p>\n<\/div>\n<div id=\"sdfootnote6\">\n<p align=\"justify\"><a class=\"sdfootnotesym\" href=\"#sdfootnote6anc\" name=\"sdfootnote6sym\">6<\/a><span style=\"color: #000000;\"><span style=\"font-size: medium;\"> La d\u00e9couverte d&rsquo;Heisenberg implique qu&rsquo;il existe des limites au-del\u00e0 desquelles il est impossible de mesurer pr\u00e9cis\u00e9ment, au m\u00eame instant, les ph\u00e9nom\u00e8nes naturels. On ne peut en effet conna\u00eetre \u00e0 la fois, et la position et la vitesse ou quantit\u00e9 de mouvements d&rsquo;une particule, ce qui entra\u00eene l&rsquo;impossibilit\u00e9 de lui appliquer les crit\u00e8res \u00ab d\u00e9terministes \u00bb qui situent un objet ordinaire dans un cadre pr\u00e9cis de relations causales et fig\u00e9es.<\/span><\/span><\/p>\n<\/div>\n<div id=\"sdfootnote7\">\n<p align=\"justify\"><a class=\"sdfootnotesym\" href=\"#sdfootnote7anc\" name=\"sdfootnote7sym\">7<\/a><span style=\"color: #000000;\"><span style=\"font-size: medium;\"> Lorsqu&rsquo;une mesure est effectu\u00e9e sur un syst\u00e8me donn\u00e9 \u00ab repr\u00e9sent\u00e9 \u00bb par une fonction d&rsquo;onde elle-m\u00eame compos\u00e9e de coordonn\u00e9es spatiales et temporelles, se produit l&rsquo;effondrement de ladite fonction au moment pr\u00e9cis o\u00f9 s&rsquo;actualise l&rsquo;objet de la mesure (Interpr\u00e9tation de Copenhague). La th\u00e9orie des Mondes Divergents (Everett, Wheeler, Graham) nie l&rsquo;effondrement de la fonction et soutient que l&rsquo;\u00e9quation d&rsquo;onde de Schr\u00f6dinger engendre l&rsquo;actualisation incessante de branches diff\u00e9rentes de la r\u00e9alit\u00e9 inaccessibles les unes aux autres et qui n&rsquo;en continuent pas moins \u00e0 se diviser ind\u00e9pendamment de la mesure.<\/span><\/span><\/p>\n<\/div>\n","protected":false},"excerpt":{"rendered":"<p>(Revue 3e Mill\u00e9naire. Ancienne s\u00e9rie. No 17. Novembre\/D\u00e9cembre 1984) Michel Cabaret \u00e9tait un responsable syndical. Rien a priori ne le pr\u00e9disposait, dans le cadre de ses activit\u00e9s professionnelles, \u00e0 se passionner pour la pens\u00e9e cathare. Rien jusqu&rsquo;au jour o\u00f9 il d\u00e9cida de passer ses vacances pr\u00e8s de ce haut lieu d&rsquo;un peuple martyris\u00e9. Dans ce [&hellip;]<\/p>\n","protected":false},"author":2,"featured_media":18314,"comment_status":"closed","ping_status":"closed","sticky":false,"template":"","format":"standard","meta":{"footnotes":""},"categories":[1014],"tags":[],"class_list":["post-18313","post","type-post","status-publish","format-standard","has-post-thumbnail","hentry","category-essais"],"yoast_head":"<!-- This site is optimized with the Yoast SEO plugin v27.0 - https:\/\/yoast.com\/product\/yoast-seo-wordpress\/ -->\n<title>Les cathares de Monts\u00e9gur par Michel Cabaret - 3e mill\u00e9naire - Spiritualit\u00e9 - Connaissance de soi - Non-dualit\u00e9 - M\u00e9ditation<\/title>\n<meta name=\"robots\" content=\"index, follow, max-snippet:-1, max-image-preview:large, max-video-preview:-1\" \/>\n<link rel=\"canonical\" href=\"https:\/\/www.revue3emillenaire.com\/blog\/les-cathares-de-montsegur-par-michel-cabaret\/\" \/>\n<meta property=\"og:locale\" content=\"fr_FR\" \/>\n<meta property=\"og:type\" content=\"article\" \/>\n<meta property=\"og:title\" content=\"Les cathares de Monts\u00e9gur par Michel Cabaret - 3e mill\u00e9naire - Spiritualit\u00e9 - Connaissance de soi - Non-dualit\u00e9 - M\u00e9ditation\" \/>\n<meta property=\"og:description\" content=\"(Revue 3e Mill\u00e9naire. Ancienne s\u00e9rie. No 17. Novembre\/D\u00e9cembre 1984) Michel Cabaret \u00e9tait un responsable syndical. Rien a priori ne le pr\u00e9disposait, dans le cadre de ses activit\u00e9s professionnelles, \u00e0 se passionner pour la pens\u00e9e cathare. Rien jusqu&rsquo;au jour o\u00f9 il d\u00e9cida de passer ses vacances pr\u00e8s de ce haut lieu d&rsquo;un peuple martyris\u00e9. Dans ce [&hellip;]\" \/>\n<meta property=\"og:url\" content=\"https:\/\/www.revue3emillenaire.com\/blog\/les-cathares-de-montsegur-par-michel-cabaret\/\" \/>\n<meta property=\"og:site_name\" content=\"3e mill\u00e9naire - Spiritualit\u00e9 - Connaissance de soi - Non-dualit\u00e9 - M\u00e9ditation\" \/>\n<meta property=\"article:published_time\" content=\"2021-01-19T15:59:14+00:00\" \/>\n<meta property=\"og:image\" content=\"https:\/\/www.revue3emillenaire.com\/blog\/wp-content\/uploads\/2021\/01\/3e-Mill\u00e9naire.png\" \/>\n\t<meta property=\"og:image:width\" content=\"365\" \/>\n\t<meta property=\"og:image:height\" content=\"122\" \/>\n\t<meta property=\"og:image:type\" content=\"image\/png\" \/>\n<meta name=\"author\" content=\"3e mill\u00e9naire\" \/>\n<meta name=\"twitter:card\" content=\"summary_large_image\" \/>\n<meta name=\"twitter:label1\" content=\"\u00c9crit par\" \/>\n\t<meta name=\"twitter:data1\" content=\"3e mill\u00e9naire\" \/>\n\t<meta name=\"twitter:label2\" content=\"Dur\u00e9e de lecture estim\u00e9e\" \/>\n\t<meta name=\"twitter:data2\" content=\"13 minutes\" \/>\n<script type=\"application\/ld+json\" class=\"yoast-schema-graph\">{\"@context\":\"https:\/\/schema.org\",\"@graph\":[{\"@type\":\"Article\",\"@id\":\"https:\/\/www.revue3emillenaire.com\/blog\/les-cathares-de-montsegur-par-michel-cabaret\/#article\",\"isPartOf\":{\"@id\":\"https:\/\/www.revue3emillenaire.com\/blog\/les-cathares-de-montsegur-par-michel-cabaret\/\"},\"author\":{\"name\":\"3e mill\u00e9naire\",\"@id\":\"https:\/\/www.revue3emillenaire.com\/blog\/#\/schema\/person\/b692dacff720a5344a6190bc714397eb\"},\"headline\":\"Les cathares de Monts\u00e9gur par Michel Cabaret\",\"datePublished\":\"2021-01-19T15:59:14+00:00\",\"mainEntityOfPage\":{\"@id\":\"https:\/\/www.revue3emillenaire.com\/blog\/les-cathares-de-montsegur-par-michel-cabaret\/\"},\"wordCount\":2634,\"image\":{\"@id\":\"https:\/\/www.revue3emillenaire.com\/blog\/les-cathares-de-montsegur-par-michel-cabaret\/#primaryimage\"},\"thumbnailUrl\":\"https:\/\/www.revue3emillenaire.com\/blog\/wp-content\/uploads\/2021\/01\/3e-Mill\u00e9naire.png\",\"articleSection\":[\"Essais\"],\"inLanguage\":\"fr-FR\"},{\"@type\":\"WebPage\",\"@id\":\"https:\/\/www.revue3emillenaire.com\/blog\/les-cathares-de-montsegur-par-michel-cabaret\/\",\"url\":\"https:\/\/www.revue3emillenaire.com\/blog\/les-cathares-de-montsegur-par-michel-cabaret\/\",\"name\":\"Les cathares de Monts\u00e9gur par Michel Cabaret - 3e mill\u00e9naire - Spiritualit\u00e9 - Connaissance de soi - Non-dualit\u00e9 - M\u00e9ditation\",\"isPartOf\":{\"@id\":\"https:\/\/www.revue3emillenaire.com\/blog\/#website\"},\"primaryImageOfPage\":{\"@id\":\"https:\/\/www.revue3emillenaire.com\/blog\/les-cathares-de-montsegur-par-michel-cabaret\/#primaryimage\"},\"image\":{\"@id\":\"https:\/\/www.revue3emillenaire.com\/blog\/les-cathares-de-montsegur-par-michel-cabaret\/#primaryimage\"},\"thumbnailUrl\":\"https:\/\/www.revue3emillenaire.com\/blog\/wp-content\/uploads\/2021\/01\/3e-Mill\u00e9naire.png\",\"datePublished\":\"2021-01-19T15:59:14+00:00\",\"author\":{\"@id\":\"https:\/\/www.revue3emillenaire.com\/blog\/#\/schema\/person\/b692dacff720a5344a6190bc714397eb\"},\"breadcrumb\":{\"@id\":\"https:\/\/www.revue3emillenaire.com\/blog\/les-cathares-de-montsegur-par-michel-cabaret\/#breadcrumb\"},\"inLanguage\":\"fr-FR\",\"potentialAction\":[{\"@type\":\"ReadAction\",\"target\":[\"https:\/\/www.revue3emillenaire.com\/blog\/les-cathares-de-montsegur-par-michel-cabaret\/\"]}]},{\"@type\":\"ImageObject\",\"inLanguage\":\"fr-FR\",\"@id\":\"https:\/\/www.revue3emillenaire.com\/blog\/les-cathares-de-montsegur-par-michel-cabaret\/#primaryimage\",\"url\":\"https:\/\/www.revue3emillenaire.com\/blog\/wp-content\/uploads\/2021\/01\/3e-Mill\u00e9naire.png\",\"contentUrl\":\"https:\/\/www.revue3emillenaire.com\/blog\/wp-content\/uploads\/2021\/01\/3e-Mill\u00e9naire.png\",\"width\":365,\"height\":122},{\"@type\":\"BreadcrumbList\",\"@id\":\"https:\/\/www.revue3emillenaire.com\/blog\/les-cathares-de-montsegur-par-michel-cabaret\/#breadcrumb\",\"itemListElement\":[{\"@type\":\"ListItem\",\"position\":1,\"name\":\"Accueil\",\"item\":\"https:\/\/www.revue3emillenaire.com\/blog\/\"},{\"@type\":\"ListItem\",\"position\":2,\"name\":\"Les cathares de Monts\u00e9gur par Michel Cabaret\"}]},{\"@type\":\"WebSite\",\"@id\":\"https:\/\/www.revue3emillenaire.com\/blog\/#website\",\"url\":\"https:\/\/www.revue3emillenaire.com\/blog\/\",\"name\":\"3e mill\u00e9naire - Spiritualit\u00e9 - Connaissance de soi - Non-dualit\u00e9 - M\u00e9ditation\",\"description\":\"L&#039;Homme en devenir\",\"potentialAction\":[{\"@type\":\"SearchAction\",\"target\":{\"@type\":\"EntryPoint\",\"urlTemplate\":\"https:\/\/www.revue3emillenaire.com\/blog\/?s={search_term_string}\"},\"query-input\":{\"@type\":\"PropertyValueSpecification\",\"valueRequired\":true,\"valueName\":\"search_term_string\"}}],\"inLanguage\":\"fr-FR\"},{\"@type\":\"Person\",\"@id\":\"https:\/\/www.revue3emillenaire.com\/blog\/#\/schema\/person\/b692dacff720a5344a6190bc714397eb\",\"name\":\"3e mill\u00e9naire\",\"url\":\"https:\/\/www.revue3emillenaire.com\/blog\/author\/scoussa\/\"}]}<\/script>\n<!-- \/ Yoast SEO plugin. -->","yoast_head_json":{"title":"Les cathares de Monts\u00e9gur par Michel Cabaret - 3e mill\u00e9naire - Spiritualit\u00e9 - Connaissance de soi - Non-dualit\u00e9 - M\u00e9ditation","robots":{"index":"index","follow":"follow","max-snippet":"max-snippet:-1","max-image-preview":"max-image-preview:large","max-video-preview":"max-video-preview:-1"},"canonical":"https:\/\/www.revue3emillenaire.com\/blog\/les-cathares-de-montsegur-par-michel-cabaret\/","og_locale":"fr_FR","og_type":"article","og_title":"Les cathares de Monts\u00e9gur par Michel Cabaret - 3e mill\u00e9naire - Spiritualit\u00e9 - Connaissance de soi - Non-dualit\u00e9 - M\u00e9ditation","og_description":"(Revue 3e Mill\u00e9naire. Ancienne s\u00e9rie. No 17. Novembre\/D\u00e9cembre 1984) Michel Cabaret \u00e9tait un responsable syndical. Rien a priori ne le pr\u00e9disposait, dans le cadre de ses activit\u00e9s professionnelles, \u00e0 se passionner pour la pens\u00e9e cathare. Rien jusqu&rsquo;au jour o\u00f9 il d\u00e9cida de passer ses vacances pr\u00e8s de ce haut lieu d&rsquo;un peuple martyris\u00e9. Dans ce [&hellip;]","og_url":"https:\/\/www.revue3emillenaire.com\/blog\/les-cathares-de-montsegur-par-michel-cabaret\/","og_site_name":"3e mill\u00e9naire - Spiritualit\u00e9 - Connaissance de soi - Non-dualit\u00e9 - M\u00e9ditation","article_published_time":"2021-01-19T15:59:14+00:00","og_image":[{"width":365,"height":122,"url":"https:\/\/www.revue3emillenaire.com\/blog\/wp-content\/uploads\/2021\/01\/3e-Mill\u00e9naire.png","type":"image\/png"}],"author":"3e mill\u00e9naire","twitter_card":"summary_large_image","twitter_misc":{"\u00c9crit par":"3e mill\u00e9naire","Dur\u00e9e de lecture estim\u00e9e":"13 minutes"},"schema":{"@context":"https:\/\/schema.org","@graph":[{"@type":"Article","@id":"https:\/\/www.revue3emillenaire.com\/blog\/les-cathares-de-montsegur-par-michel-cabaret\/#article","isPartOf":{"@id":"https:\/\/www.revue3emillenaire.com\/blog\/les-cathares-de-montsegur-par-michel-cabaret\/"},"author":{"name":"3e mill\u00e9naire","@id":"https:\/\/www.revue3emillenaire.com\/blog\/#\/schema\/person\/b692dacff720a5344a6190bc714397eb"},"headline":"Les cathares de Monts\u00e9gur par Michel Cabaret","datePublished":"2021-01-19T15:59:14+00:00","mainEntityOfPage":{"@id":"https:\/\/www.revue3emillenaire.com\/blog\/les-cathares-de-montsegur-par-michel-cabaret\/"},"wordCount":2634,"image":{"@id":"https:\/\/www.revue3emillenaire.com\/blog\/les-cathares-de-montsegur-par-michel-cabaret\/#primaryimage"},"thumbnailUrl":"https:\/\/www.revue3emillenaire.com\/blog\/wp-content\/uploads\/2021\/01\/3e-Mill\u00e9naire.png","articleSection":["Essais"],"inLanguage":"fr-FR"},{"@type":"WebPage","@id":"https:\/\/www.revue3emillenaire.com\/blog\/les-cathares-de-montsegur-par-michel-cabaret\/","url":"https:\/\/www.revue3emillenaire.com\/blog\/les-cathares-de-montsegur-par-michel-cabaret\/","name":"Les cathares de Monts\u00e9gur par Michel Cabaret - 3e mill\u00e9naire - Spiritualit\u00e9 - Connaissance de soi - Non-dualit\u00e9 - M\u00e9ditation","isPartOf":{"@id":"https:\/\/www.revue3emillenaire.com\/blog\/#website"},"primaryImageOfPage":{"@id":"https:\/\/www.revue3emillenaire.com\/blog\/les-cathares-de-montsegur-par-michel-cabaret\/#primaryimage"},"image":{"@id":"https:\/\/www.revue3emillenaire.com\/blog\/les-cathares-de-montsegur-par-michel-cabaret\/#primaryimage"},"thumbnailUrl":"https:\/\/www.revue3emillenaire.com\/blog\/wp-content\/uploads\/2021\/01\/3e-Mill\u00e9naire.png","datePublished":"2021-01-19T15:59:14+00:00","author":{"@id":"https:\/\/www.revue3emillenaire.com\/blog\/#\/schema\/person\/b692dacff720a5344a6190bc714397eb"},"breadcrumb":{"@id":"https:\/\/www.revue3emillenaire.com\/blog\/les-cathares-de-montsegur-par-michel-cabaret\/#breadcrumb"},"inLanguage":"fr-FR","potentialAction":[{"@type":"ReadAction","target":["https:\/\/www.revue3emillenaire.com\/blog\/les-cathares-de-montsegur-par-michel-cabaret\/"]}]},{"@type":"ImageObject","inLanguage":"fr-FR","@id":"https:\/\/www.revue3emillenaire.com\/blog\/les-cathares-de-montsegur-par-michel-cabaret\/#primaryimage","url":"https:\/\/www.revue3emillenaire.com\/blog\/wp-content\/uploads\/2021\/01\/3e-Mill\u00e9naire.png","contentUrl":"https:\/\/www.revue3emillenaire.com\/blog\/wp-content\/uploads\/2021\/01\/3e-Mill\u00e9naire.png","width":365,"height":122},{"@type":"BreadcrumbList","@id":"https:\/\/www.revue3emillenaire.com\/blog\/les-cathares-de-montsegur-par-michel-cabaret\/#breadcrumb","itemListElement":[{"@type":"ListItem","position":1,"name":"Accueil","item":"https:\/\/www.revue3emillenaire.com\/blog\/"},{"@type":"ListItem","position":2,"name":"Les cathares de Monts\u00e9gur par Michel Cabaret"}]},{"@type":"WebSite","@id":"https:\/\/www.revue3emillenaire.com\/blog\/#website","url":"https:\/\/www.revue3emillenaire.com\/blog\/","name":"3e mill\u00e9naire - Spiritualit\u00e9 - Connaissance de soi - Non-dualit\u00e9 - M\u00e9ditation","description":"L&#039;Homme en devenir","potentialAction":[{"@type":"SearchAction","target":{"@type":"EntryPoint","urlTemplate":"https:\/\/www.revue3emillenaire.com\/blog\/?s={search_term_string}"},"query-input":{"@type":"PropertyValueSpecification","valueRequired":true,"valueName":"search_term_string"}}],"inLanguage":"fr-FR"},{"@type":"Person","@id":"https:\/\/www.revue3emillenaire.com\/blog\/#\/schema\/person\/b692dacff720a5344a6190bc714397eb","name":"3e mill\u00e9naire","url":"https:\/\/www.revue3emillenaire.com\/blog\/author\/scoussa\/"}]}},"_links":{"self":[{"href":"https:\/\/www.revue3emillenaire.com\/blog\/wp-json\/wp\/v2\/posts\/18313","targetHints":{"allow":["GET"]}}],"collection":[{"href":"https:\/\/www.revue3emillenaire.com\/blog\/wp-json\/wp\/v2\/posts"}],"about":[{"href":"https:\/\/www.revue3emillenaire.com\/blog\/wp-json\/wp\/v2\/types\/post"}],"author":[{"embeddable":true,"href":"https:\/\/www.revue3emillenaire.com\/blog\/wp-json\/wp\/v2\/users\/2"}],"replies":[{"embeddable":true,"href":"https:\/\/www.revue3emillenaire.com\/blog\/wp-json\/wp\/v2\/comments?post=18313"}],"version-history":[{"count":0,"href":"https:\/\/www.revue3emillenaire.com\/blog\/wp-json\/wp\/v2\/posts\/18313\/revisions"}],"wp:featuredmedia":[{"embeddable":true,"href":"https:\/\/www.revue3emillenaire.com\/blog\/wp-json\/wp\/v2\/media\/18314"}],"wp:attachment":[{"href":"https:\/\/www.revue3emillenaire.com\/blog\/wp-json\/wp\/v2\/media?parent=18313"}],"wp:term":[{"taxonomy":"category","embeddable":true,"href":"https:\/\/www.revue3emillenaire.com\/blog\/wp-json\/wp\/v2\/categories?post=18313"},{"taxonomy":"post_tag","embeddable":true,"href":"https:\/\/www.revue3emillenaire.com\/blog\/wp-json\/wp\/v2\/tags?post=18313"}],"curies":[{"name":"wp","href":"https:\/\/api.w.org\/{rel}","templated":true}]}}