{"id":18315,"date":"2021-01-22T22:47:04","date_gmt":"2021-01-22T21:47:04","guid":{"rendered":"https:\/\/www.revue3emillenaire.com\/blog\/?p=18315"},"modified":"2024-07-01T12:27:32","modified_gmt":"2024-07-01T11:27:32","slug":"david-bohm-les-limites-de-la-pensee-une-conversation-avec-michael-mendizza","status":"publish","type":"post","link":"https:\/\/www.revue3emillenaire.com\/blog\/david-bohm-les-limites-de-la-pensee-une-conversation-avec-michael-mendizza\/","title":{"rendered":"David Bohm \u2013 Les limites de la pens\u00e9e. Une conversation avec Michael Mendizza"},"content":{"rendered":"<p align=\"justify\"><span style=\"color: #000000;\"><span style=\"font-size: medium;\"><i>Traduction libre<\/i><\/span><\/span><\/p>\n<p align=\"justify\"><span style=\"color: #000000;\"><span style=\"font-size: medium;\"><i>Alors que nous nous pr\u00e9cipitons dans le 21<\/i><sup><i>e<\/i><\/sup><i> si\u00e8cle, l&rsquo;impact de l&rsquo;information et de la technologie va changer nos vies de fa\u00e7on spectaculaire. Pour appliquer correctement nos connaissances actuelles et futures, nous devons d&rsquo;abord explorer notre fa\u00e7on de penser, non pas en termes de son contenu mais plut\u00f4t dans la totalit\u00e9 du domaine de la pens\u00e9e humaine en tant que syst\u00e8me unifi\u00e9, qui s&rsquo;\u00e9tend dans le monde entier. Nous devons voir clairement comment la pens\u00e9e nous affecte physiquement, comment elle modifie nos perceptions et comment elle change le monde dans lequel nous vivons.<\/i><\/span><\/span><\/p>\n<p align=\"justify\"><span style=\"color: #000000;\"><span style=\"font-size: medium;\"><i>Le professeur David Bohm, \u00e9minent physicien th\u00e9oricien et visionnaire, s&rsquo;int\u00e9ressait profond\u00e9ment et passionn\u00e9ment aux relations entre l&rsquo;esprit et la mati\u00e8re. Le Dr Bohm sugg\u00e8re que la majorit\u00e9 de nos pens\u00e9es personnelles sont en fait collectives\u00a0; elles ont \u00e9volu\u00e9 en un r\u00e9seau complexe de r\u00e9flexes automatiques. Plut\u00f4t que de contr\u00f4ler nos pens\u00e9es, Bohm pense que se sont ces r\u00e9flexes qui nous dirigent et guident de mani\u00e8re de plus en plus dangereuse. Le professeur Bohm affirme clairement que l&rsquo;ordre naturel de l&rsquo;esprit, et son intelligence cr\u00e9atrice, a \u00e9t\u00e9 perturb\u00e9 ou endommag\u00e9 par notre mauvaise utilisation de la m\u00e9moire, ce qui entra\u00eene une perte dramatique d&rsquo;authenticit\u00e9, de libert\u00e9 et de comportement v\u00e9ritablement intelligent.<\/i><\/span><\/span><\/p>\n<p align=\"justify\"><span style=\"color: #000000;\"><span style=\"font-size: medium;\"><i>J&rsquo;ai eu le grand privil\u00e8ge de rencontrer David et Sara<\/i><i>l<\/i><i> Bohm en 1978, alors que je faisais un documentaire sur la vie de Krishnamurti. Chaque ann\u00e9e, nous nous rencontrions pour examiner comment les id\u00e9es de David et de Krishnamurti pouvaient avoir un impact sur les parents, les enfants et l&rsquo;\u00e9ducation. Ce qui suit est extrait de notre derni\u00e8re rencontre, une interview film\u00e9e dans laquelle David d\u00e9crit avec une grande clart\u00e9 le d\u00e9fi que nous devons relever pour apporter un changement profond en nous-m\u00eames, en nos enfants et dans notre culture.<\/i><\/span><\/span><\/p>\n<p align=\"center\">***<\/p>\n<p align=\"justify\"><span style=\"color: #000000;\"><span style=\"font-size: medium;\"><b>David, vous avez pass\u00e9 de nombreuses ann\u00e9es \u00e0 explorer le monde de la physique th\u00e9orique, mais aussi la nature de l&rsquo;intelligence et de la conscience humaine. Ces derni\u00e8res ann\u00e9es, vous avez d\u00e9crit la pens\u00e9e comme un vaste syst\u00e8me, fonctionnant en chacun de nous et dans le monde que nous avons cr\u00e9\u00e9 par notre utilisation de la pens\u00e9e. Plut\u00f4t qu&rsquo;une chose de la plus haute importance, vous sugg\u00e9rez que la grande majorit\u00e9 de notre pens\u00e9e est en fait un ensemble de r\u00e9flexes qui fonctionnent automatiquement et m\u00e9caniquement. Vous sugg\u00e9rez \u00e9galement que la pens\u00e9e s&rsquo;est s\u00e9par\u00e9e artificiellement et incorrectement du corps physique et de nos \u00e9motions. C&rsquo;est peut-\u00eatre un bon point de d\u00e9part.<\/b><\/span><\/span><\/p>\n<p align=\"justify\"><span style=\"color: #000000;\"><span style=\"font-size: medium;\">La pens\u00e9e n&rsquo;est pas s\u00e9par\u00e9e de la perception. En fait, la pens\u00e9e n&rsquo;est pas non plus s\u00e9par\u00e9e du sentiment, car elle peut induire des sentiments. La pens\u00e9e que quelqu&rsquo;un m&rsquo;a maltrait\u00e9 peut provoquer de la col\u00e8re ou alors les pens\u00e9es peuvent provoquer des sentiments \u00e0 partir de la m\u00e9moire. Pour mieux comprendre cela, nous devons faire une distinction entre r\u00e9fl\u00e9chir et la pens\u00e9e. La pens\u00e9e est le participe pass\u00e9 de quelque chose qui a \u00e9t\u00e9 fait. La r\u00e9flexion se d\u00e9roule en ce moment m\u00eame.<\/span><\/span><\/p>\n<p align=\"justify\"><span style=\"color: #000000;\"><span style=\"font-size: medium;\">Nous avons tendance \u00e0 penser que les sentiments sont toujours actifs parce que le mot sentir est actif, mais nous pourrions imaginer le mot ressenti, introduire le mot ressenti et dire qu&rsquo;en plus de la r\u00e9flexion et de la pens\u00e9e, il y a des sentiments et des ressentis. Nous avons des sentiments directs, lorsqu\u2019on voit ou vit quelque chose.<\/span><\/span><\/p>\n<p align=\"justify\"><span style=\"color: #000000;\"><span style=\"font-size: medium;\">Ensuite, il y a les sentiments qui viennent de la m\u00e9moire. Mais ces sentiments ne sont pas vus forc\u00e9ment comme venant de la m\u00e9moire. Ils sont en fait v\u00e9cus comme des sentiments directs, tout comme nos repr\u00e9sentations sont v\u00e9cues comme une perception directe. Cette confusion est tr\u00e8s grave car elle nous conduira \u00e0 essayer de traiter nos projections et nos repr\u00e9sentations comme si elles \u00e9taient r\u00e9elles.<\/span><\/span><\/p>\n<p align=\"justify\"><span style=\"color: #000000;\"><span style=\"font-size: medium;\"><b>Il semble que cette confusion vienne lorsque nous ne remarquons pas qu&rsquo;une \u00e9motion ou un sentiment ne provient pas de l&rsquo;exp\u00e9rience actuelle, mais plut\u00f4t de ce que nous avons ressenti dans le pass\u00e9. La source est vraiment dans notre m\u00e9moire.<\/b><\/span><\/span><\/p>\n<p align=\"justify\"><span style=\"color: #000000;\"><span style=\"font-size: medium;\">La pens\u00e9e est l&rsquo;activit\u00e9 du pass\u00e9 et du pr\u00e9sent. La pens\u00e9e est le pass\u00e9. Nous pouvons comprendre la pens\u00e9e comme un r\u00e9flexe conditionn\u00e9. Nous pourrions prendre l&rsquo;exemple de Pavlov et de son chien. Le chien a un r\u00e9flexe naturel. Quand il voit de la nourriture, il salive quand il a faim. Si vous faites sonner une cloche plusieurs fois \u00e0 chaque fois qu&rsquo;il voit de la nourriture, il salivera alors lorsque vous la ferez sonner. Peut-\u00eatre que le fait de sonner la cloche est associ\u00e9 au souvenir de la perception de la nourriture et qu&rsquo;ensuite la salivation se produit. Il finit par sauter l&rsquo;\u00e9tape de la perception de la nourriture et vous aurez alors un r\u00e9flexe conditionn\u00e9. Je dis que la pens\u00e9e fonctionne comme un r\u00e9flexe conditionn\u00e9. Quand vous pensez \u00e0 quelque chose, cela laisse une trace dans la m\u00e9moire et cette trace r\u00e9agit en fonction de la situation par notre association.<\/span><\/span><\/p>\n<p align=\"justify\"><span style=\"color: #000000;\"><span style=\"font-size: medium;\"><b>La pens\u00e9e est-elle toujours le pass\u00e9 qui se projette dans le pr\u00e9sent et est-ce ce que vous appelez un r\u00e9flexe ?<\/b><\/span><\/span><\/p>\n<p align=\"justify\"><span style=\"color: #000000;\"><span style=\"font-size: medium;\">Oui, mais elle change constamment car chaque exp\u00e9rience entre dans le pass\u00e9. Tout ce que vous apprenez va dans le pass\u00e9 et devient de la pens\u00e9e. \u00c0 mesure que le r\u00e9flexe devient de plus en plus automatique, il devient de plus en plus de la pens\u00e9e et de moins en moins intelligent, de moins en moins adapt\u00e9 \u00e0 la situation particuli\u00e8re. Nous avons tendance \u00e0 nous rabattre sur les r\u00e9flexes automatiques.<\/span><\/span><\/p>\n<p align=\"justify\"><span style=\"color: #000000;\"><span style=\"font-size: medium;\"><b>Pour saisir ce que vous dites, il faut distinguer entre une perception directe et l&rsquo;activit\u00e9 m\u00e9canique de nos pens\u00e9es.<\/b><\/span><\/span><\/p>\n<p align=\"justify\"><span style=\"color: #000000;\"><span style=\"font-size: medium;\">Pour l&rsquo;instant, je dirais que la perception est la capacit\u00e9 \u00e0 percevoir quelque chose de nouveau, qui n&rsquo;est pas contenu dans la m\u00e9moire. La perception la plus \u00e9l\u00e9mentaire est la perception sensorielle. Vous pouvez voir o\u00f9 se trouvent les choses, bien que la m\u00e9moire entre dans l&rsquo;organisation de cette perception, il doit y avoir quelque chose qui n&rsquo;est pas seulement de la m\u00e9moire.<\/span><\/span><\/p>\n<p align=\"justify\"><span style=\"color: #000000;\"><span style=\"font-size: medium;\"><b>Quand nous ouvrons les yeux et que nous voyons quelque chose \u2013 c&rsquo;est un aspect de ce que vous appelez la perception des sens ?<\/b><\/span><\/span><\/p>\n<p align=\"justify\"><span style=\"color: #000000;\"><span style=\"font-size: medium;\">Tr\u00e8s souvent, les gens regardent si automatiquement qu&rsquo;ils ne remarquent presque rien. Il n&rsquo;y a essentiellement aucune perception ou tr\u00e8s peu. Plus on y pr\u00eate attention, plus la qualit\u00e9 de la perception augmente. Mais la pens\u00e9e est plus que cela. La pens\u00e9e introduit les sentiments et les ressentis. \u00c0 partir d&rsquo;une pens\u00e9e, il peut y avoir une association qui donne lieu \u00e0 un ressenti et qui peut \u00e0 son tour donner lieu \u00e0 plus de pens\u00e9e ce qui peut affecter la perception.<\/span><\/span><\/p>\n<p align=\"justify\"><span style=\"color: #000000;\"><span style=\"font-size: medium;\"><b>Nous avons donc notre perception sensorielle directe et aussi des sentiments pass\u00e9s ou ce que vous appelez des ressentis et ils semblent se combiner d&rsquo;une mani\u00e8re ou d&rsquo;une autre pour nous donner cette impression de r\u00e9alit\u00e9. Il y a aussi ce que nous appelons l&rsquo;intellect, qui joue \u00e9galement un r\u00f4le.<\/b><\/span><\/span><\/p>\n<p align=\"justify\"><span style=\"color: #000000;\"><span style=\"font-size: medium;\">Appeler, uniquement, la partie intellectuelle, la pens\u00e9e, n\u2019est pas ad\u00e9quat. Les sentiments qui viennent sont associ\u00e9s au m\u00eame processus et en font \u00e9galement partie. Tout ce qui est la r\u00e9ponse de la m\u00e9moire doit \u00eatre mis ensemble et appel\u00e9 par un seul nom et la pens\u00e9e est le meilleur et le plus caract\u00e9ristique des noms.<\/span><\/span><\/p>\n<p align=\"justify\"><span style=\"color: #000000;\"><span style=\"font-size: medium;\"><b>Vous d\u00e9crivez comment ces sch\u00e9mas physiques, \u00e9motionnels et intellectuels se superposent en couches de m\u00e9moire et qui se r\u00e9p\u00e8tent ensuite.<\/b><\/span><\/span><\/p>\n<p align=\"justify\"><span style=\"color: #000000;\"><span style=\"font-size: medium;\">Nous avons besoin de sch\u00e9mas r\u00e9p\u00e9titifs, mais la question est de savoir si ces sch\u00e9mas r\u00e9p\u00e9titifs seront dominant ou s&rsquo;il y a autre chose de plus intelligent qui s\u2019y m\u00ealerait. Il est clair que le sch\u00e9ma r\u00e9p\u00e9titif n&rsquo;a pas d&rsquo;intelligence. Sa capacit\u00e9 d&rsquo;adaptation \u00e0 de nouvelles circonstances est limit\u00e9e. Les gens ont compar\u00e9 ce sch\u00e9ma \u00e0 un programme informatique. Je pense que ce n&rsquo;est pas une bonne comparaison. Un programme est quelque chose qui a \u00e9t\u00e9 \u00e9tabli au pr\u00e9alable, quelqu&rsquo;un l&rsquo;a con\u00e7u\u00a0; mais ces r\u00e9flexes conditionn\u00e9s sont fa\u00e7onn\u00e9s par l&rsquo;exp\u00e9rience. Ils ne sont pas pr\u00e9programm\u00e9s. Personne ne les a mis en place.<\/span><\/span><\/p>\n<p align=\"justify\"><span style=\"color: #000000;\"><span style=\"font-size: medium;\"><b>Ces habitudes ou r\u00e9flexes deviennent tr\u00e8s puissants et pourtant tr\u00e8s subtils. Pouvez-vous d\u00e9crire comment ils se d\u00e9veloppent dans le syst\u00e8me ?<\/b><\/span><\/span><\/p>\n<p align=\"justify\"><span style=\"color: #000000;\"><span style=\"font-size: medium;\">Par exemple, si vous avez une \u00e9motion de col\u00e8re, celle-ci est induite par la pens\u00e9e. Si quelqu&rsquo;un vous fait attendre pendant quelques heures et que, soudain, il arrive, vous serez plus en col\u00e8re en pensant qu&rsquo;il vous a maltrait\u00e9, qu&rsquo;il n&rsquo;a aucun respect pour vous et qu&rsquo;il vous fait perdre votre temps. En pensant ainsi, vous pouvez d\u00e9velopper des sentiments de col\u00e8re tr\u00e8s puissants, l&rsquo;adr\u00e9naline peut s&rsquo;accumuler ainsi que toute la neurochimie. Mais s&rsquo;il donne une excuse juste, \u00e7a dispara\u00eet soudainement, n&rsquo;est-ce pas ? S&rsquo;il ne donne pas de bonne excuse ou si c&rsquo;est une fausse excuse, la situation empire.<\/span><\/span><\/p>\n<p align=\"justify\"><span style=\"color: #000000;\"><span style=\"font-size: medium;\">De m\u00eame, penser \u00e0 des choses agr\u00e9ables ou qui vous plaisent, peut induire des sentiments et un \u00e9tat chimique. Et vous pouvez induire la peur par la pens\u00e9e, en pensant \u00e0 des choses dangereuses. Ainsi, les pens\u00e9es et les \u00e9motions ne sont pas s\u00e9par\u00e9es\u00a0; la tension dans le corps, qui fait \u00e9galement partie du processus, ne l&rsquo;est pas non plus.<\/span><\/span><\/p>\n<p align=\"justify\"><span style=\"color: #000000;\"><span style=\"font-size: medium;\"><b>Des \u00e9tudes ont montr\u00e9 que ce que nous appelons les pens\u00e9es, les \u00e9motions et les sensations physiques surviennent toutes dans notre perception comme une exp\u00e9rience unifi\u00e9e. C&rsquo;est notre langage qui les fragmente en diff\u00e9rentes cat\u00e9gories.<\/b><\/span><\/span><\/p>\n<p align=\"justify\"><span style=\"color: #000000;\"><span style=\"font-size: medium;\">La pens\u00e9e va beaucoup plus loin que cela parce que tout ce que nous voyons dans le monde entier, dans toute notre soci\u00e9t\u00e9, a \u00e9t\u00e9 d\u2019abord pens\u00e9. Leurs formes et leurs fonctions ont \u00e9t\u00e9 d\u00e9termin\u00e9es par la pens\u00e9e. Les maisons, les villes, les usines, les fermes, les avions etc. sont profond\u00e9ment influenc\u00e9s par la pens\u00e9e. Ils sont en fait un prolongement de la pens\u00e9e.<\/span><\/span><\/p>\n<p align=\"justify\"><span style=\"color: #000000;\"><span style=\"font-size: medium;\">Tous nos syst\u00e8mes d&rsquo;organisation de la soci\u00e9t\u00e9 sont un prolongement de la pens\u00e9e. Il n&rsquo;y a pratiquement rien dans le monde que nous voyons ou exp\u00e9rimentons qui ne soit une organisation de la pens\u00e9e. Tout cela fait donc partie du syst\u00e8me. Il n&rsquo;y a qu&rsquo;un seul syst\u00e8me. Il ne s&rsquo;arr\u00eate pas \u00e0 l&rsquo;int\u00e9rieur d&rsquo;un \u00eatre humain. Il va d&rsquo;une personne \u00e0 une autre, \u00e0 travers la soci\u00e9t\u00e9, \u00e0 travers l&rsquo;histoire, partout dans le monde entier. Le probl\u00e8me \u00e9cologique est le r\u00e9sultat de la fa\u00e7on dont nous avons pens\u00e9 le monde, et c&rsquo;est quelque chose que nous pouvons exploiter ind\u00e9finiment et auquel nous pensons continuellement.<\/span><\/span><\/p>\n<p align=\"justify\"><span style=\"color: #000000;\"><span style=\"font-size: medium;\">Tout les sch\u00e9mas semblent se r\u00e9p\u00e9ter \u00e0 l&rsquo;int\u00e9rieur de chacun de nous, il y a, \u00e9galement, une r\u00e9p\u00e9tition correspondante de nos sch\u00e9mas ext\u00e9rieurs. Il semble que les jeunes d&rsquo;aujourd&rsquo;hui interagissent davantage avec l&rsquo;information et la technologie qu&rsquo;avec les autres ou la nature, et je pense que cela peut aggraver ces r\u00e9flexes que vous d\u00e9criviez.<\/span><\/span><\/p>\n<p align=\"justify\"><span style=\"color: #000000;\"><span style=\"font-size: medium;\">L&rsquo;ordinateur et l&rsquo;information peuvent cr\u00e9er une r\u00e9alit\u00e9. Mais ils ne font que r\u00e9p\u00e9ter ce qui a toujours \u00e9t\u00e9 construit par la pens\u00e9e de mani\u00e8re plus profonde et plus g\u00e9n\u00e9rale. C\u2019est, comme vous le dites, est assez dangereux, car nous avons tendance \u00e0 traiter cela comme une r\u00e9alit\u00e9 ind\u00e9pendante. C&rsquo;est l\u00e0 que se situe le probl\u00e8me du syst\u00e8me de pens\u00e9e. Il affecte la r\u00e9alit\u00e9. Il cr\u00e9e un certain type de r\u00e9alit\u00e9 et ensuite il perd le fil presque volontairement pour dire qu\u2019il s\u2019agit d\u2019une r\u00e9alit\u00e9 ind\u00e9pendante.<\/span><\/span><\/p>\n<p align=\"justify\"><span style=\"color: #000000;\"><span style=\"font-size: medium;\">Ensuite, il cr\u00e9e des probl\u00e8mes et dit qu&rsquo;il s&rsquo;agit de probl\u00e8mes ind\u00e9pendants. Et pendant que vous essayez de r\u00e9soudre ces probl\u00e8mes, vous continuer \u00e0 cr\u00e9er le probl\u00e8me. C&rsquo;est le probl\u00e8me fondamental de notre processus de pens\u00e9e. Il ne distingue pas la partie de la r\u00e9alit\u00e9 qui est cr\u00e9\u00e9e par la pens\u00e9e et celle qui est ind\u00e9pendante de la pens\u00e9e, ni les parties qui sont un m\u00e9lange des deux.<\/span><\/span><\/p>\n<p align=\"justify\"><span style=\"color: #000000;\"><span style=\"font-size: medium;\"><b>Comment la pens\u00e9e cr\u00e9e-t-elle cette impression de r\u00e9alit\u00e9 ind\u00e9pendante ?<\/b><\/span><\/span><\/p>\n<p align=\"justify\"><span style=\"color: #000000;\"><span style=\"font-size: medium;\">La pens\u00e9e cr\u00e9e une r\u00e9alit\u00e9 virtuelle et contribue \u00e9galement \u00e0 une authentique r\u00e9alit\u00e9, la vraie r\u00e9alit\u00e9. Elle cr\u00e9e clairement une r\u00e9alit\u00e9 virtuelle dans la mesure o\u00f9 vous voyez des choses qui sont caract\u00e9ris\u00e9es ou projet\u00e9es. Vous les vivez comme si elles provenaient de quelque chose d&rsquo;ind\u00e9pendant. L&rsquo;arc-en-ciel \u00e9tant un exemple assez simple ou aussi l&rsquo;ennemi, l&rsquo;ennemi ha\u00efssable, l&#8217;empire du mal et ainsi de suite.<\/span><\/span><\/p>\n<p align=\"justify\"><span style=\"color: #000000;\"><span style=\"font-size: medium;\">Vous faites l\u2019exp\u00e9rience de vos propres \u00e9motions en tant que cette r\u00e9alit\u00e9 virtuelle, qui semble \u00eatre un ensemble ind\u00e9pendant d&rsquo;\u00e9motions. Mais il y a aussi une v\u00e9ritable perturbation continuelle. La chimie est tr\u00e8s similaire \u00e0 ce que serait une \u00e9motion ne s\u2019originant pas principalement dans la pens\u00e9e. En voyant un coucher de soleil, ou en voyant quelque chose de beau par exemple, vous \u00e9prouverez une certaine sensation qui n&rsquo;est peut-\u00eatre pas seulement un souvenir. Mais si \u00e7a se r\u00e9p\u00e8te plusieurs fois, \u00e7a va ressortir de votre m\u00e9moire pour se projeter sur la chose que vous voyez. C\u2019est tr\u00e8s similaire \u00e0 la r\u00e9alit\u00e9 virtuelle. Dans la r\u00e9alit\u00e9 virtuelle de l&rsquo;ordinateur, vous n&rsquo;avez rien \u00e0 projeter, en dehors de l&rsquo;information. Toute cette information est exp\u00e9riment\u00e9e comme si elle \u00e9tait l\u00e0.<\/span><\/span><\/p>\n<p align=\"justify\"><span style=\"color: #000000;\"><span style=\"font-size: medium;\">En outre, la pens\u00e9e affecte consid\u00e9rablement la v\u00e9ritable r\u00e9alit\u00e9. La pens\u00e9e a cr\u00e9\u00e9 les b\u00e2timents, les usines, les fermes, les gouvernements, les douanes, la pollution et aussi toutes les bonnes et mauvaises choses, les probl\u00e8mes \u00e9cologiques&#8230; Elle a am\u00e9lior\u00e9 notre sant\u00e9 sur le plan m\u00e9dical. Elle a produit toutes sortes de d\u00e9couvertes scientifiques et techniques qui ont chang\u00e9 la face de la terre, et en principe elle pourrait encore, \u00e0 une \u00e9chelle plus large, faire beaucoup plus de changement dans le syst\u00e8me solaire ou ailleurs dans l&rsquo;univers.<\/span><\/span><\/p>\n<p align=\"justify\"><span style=\"color: #000000;\"><span style=\"font-size: medium;\">Ainsi, la pens\u00e9e affecte la r\u00e9alit\u00e9 tout en cr\u00e9ant une r\u00e9alit\u00e9 virtuelle. L&rsquo;important n&rsquo;est pas de savoir si elle est virtuelle ou r\u00e9elle, mais si nous faisons la distinction entre les effets qui proviennent ind\u00e9pendamment de la pens\u00e9e et ceux qui ont \u00e9t\u00e9 produits, au moins en partie, par la pens\u00e9e. Nous devons en tenir compte. Or, la pens\u00e9e ne le fait pas. Elle n&rsquo;a jamais \u00e9volu\u00e9 dans ce sens. C&rsquo;est l\u00e0 son erreur fondamentale.<\/span><\/span><\/p>\n<p align=\"justify\"><span style=\"color: #000000;\"><span style=\"font-size: medium;\"><b>Il semble que notre capacit\u00e9 \u00e0 distinguer entre les perceptions g\u00e9n\u00e9r\u00e9es par la pens\u00e9e et celles qui proviennent de mani\u00e8re ind\u00e9pendante devienne de plus en plus difficile, maintenant que la technologie ajoute un plus grand pouvoir \u00e0 l&rsquo;information en g\u00e9n\u00e9ral.<\/b><\/span><\/span><\/p>\n<p align=\"justify\"><span style=\"color: #000000;\"><span style=\"font-size: medium;\">Si nous parlons d&rsquo;information, nous devons \u00e9galement parler de d\u00e9sinformation. Une quantit\u00e9 \u00e9norme d&rsquo;informations est de la d\u00e9sinformation, ce qui rend les choses confuses et aggrave la situation. Notre \u00e9norme capacit\u00e9 \u00e0 propager l&rsquo;information et \u00e0 la diffuser dans le monde entier est \u00e9galement la capacit\u00e9 \u00e0 propager la d\u00e9sinformation. Ces informations deviennent de la pens\u00e9e et cette pens\u00e9e devient dynamiquement active comme un r\u00e9flexe, surtout lorsqu&rsquo;elles sont r\u00e9p\u00e9t\u00e9es et que les gens cessent d&rsquo;y penser lorsqu&rsquo;elles se produisent, elles sont, tout simplement, accept\u00e9es.<\/span><\/span><\/p>\n<p align=\"justify\"><span style=\"color: #000000;\"><span style=\"font-size: medium;\">Le principe de la publicit\u00e9 n&rsquo;est pas de pr\u00e9senter un ensemble d&rsquo;arguments rationnels qui justifie votre achat, mais de dire plut\u00f4t n&rsquo;importe quoi. Si vous r\u00e9p\u00e9tez le nom suffisamment de fois, vous aurez automatiquement un r\u00e9flexe et penserez \u00e0 cet objet au moment de l&rsquo;achat. Vous pouvez donc avoir un programme qui n&rsquo;a rien \u00e0 voir avec l&rsquo;objet et qui est tout aussi bon, sinon meilleur, que celui qui en a.<\/span><\/span><\/p>\n<p align=\"justify\"><span style=\"color: #000000;\"><span style=\"font-size: medium;\">Les annonceurs savent depuis longtemps \u00e0 propos de la pens\u00e9e comme r\u00e9flexe et ils s\u2019en sont servis. Mais \u00e7a devient incontr\u00f4lable car tout le monde, y compris les annonceurs, fonctionne par r\u00e9flexe. Vous pourriez demander : pourquoi font-ils cela ? Parce que toute la soci\u00e9t\u00e9 a rendu n\u00e9cessaire de gagner sa vie d&rsquo;une certaine mani\u00e8re et ils ont progressivement adopt\u00e9 les r\u00e9flexes comme le nourrisson. Cela inclut le d\u00e9sir de le faire, l&rsquo;envie de le faire, l&rsquo;intention de le faire. Ces r\u00e9flexes deviennent vous-m\u00eame. Vous avez un r\u00e9flexe d&rsquo;intention. Mais vous avez aussi un autre r\u00e9flexe qui dit que c&rsquo;\u00e9tait un libre choix. Si c&rsquo;\u00e9tait un libre choix, il ne serait pas n\u00e9 de la pens\u00e9e ou du pass\u00e9. Nous ne nous rendons pas compte que la pens\u00e9e est un syst\u00e8me. Nous ne r\u00e9alisons pas jusqu\u2019o\u00f9 \u00e7a m\u00e8ne. Nous utilisons simplement ce syst\u00e8me, qui fonctionne dans un certain domaine.<\/span><\/span><\/p>\n<p align=\"justify\"><span style=\"color: #000000;\"><span style=\"font-size: medium;\">Nous ne remarquons pas qu&rsquo;il y a un domaine o\u00f9 ce n&rsquo;est pas ad\u00e9quat. Au moins, la pens\u00e9e n&rsquo;est pas ad\u00e9quate pour traiter les probl\u00e8mes qu\u2019elle cr\u00e9e elle-m\u00eame. La majorit\u00e9 de nos probl\u00e8mes s\u00e9rieux est produite, actuellement, par la pens\u00e9e. C&rsquo;est pourquoi la pens\u00e9e par elle-m\u00eame, en y incluant l&rsquo;information et la technologie, ne peut jamais les r\u00e9soudre.<\/span><\/span><\/p>\n<p align=\"justify\"><span style=\"color: #000000;\"><span style=\"font-size: medium;\"><b>Il semble y avoir un espoir implicite que nous soyons capables de trouver une solution aux probl\u00e8mes que nous avons cr\u00e9\u00e9s ou que la science et la technologie puissent r\u00e9soudre les probl\u00e8mes qu&rsquo;elles ont cr\u00e9\u00e9s. Sugg\u00e9rez-vous que cet espoir est peut-\u00eatre faux ou m\u00eame une illusion ?<\/b><\/span><\/span><\/p>\n<p align=\"justify\"><span style=\"color: #000000;\"><span style=\"font-size: medium;\">Disons que nous avons une nation. Les nations ont \u00e9t\u00e9 produites par la pens\u00e9e. Elles ne naissent pas naturellement. Si vous passez d&rsquo;un pays \u00e0 l&rsquo;autre, il n&rsquo;y a pas de grand changement \u00e0 la fronti\u00e8re. La fronti\u00e8re est une abstraction. M\u00eame si vous y faites une cl\u00f4ture, c&rsquo;est le r\u00e9sultat d&rsquo;une abstraction. Mais maintenant, vous dites qu&rsquo;il y a une grande diff\u00e9rence entre la population des deux c\u00f4t\u00e9s. Ils peuvent commencer \u00e0 parler diff\u00e9remment et \u00e0 se comporter diff\u00e9remment et cela cr\u00e9e tout un ensemble de r\u00e9flexes diff\u00e9rents qui, selon eux, les distinguent. \u00c0 l&rsquo;int\u00e9rieur du pays, ils disent que nous sommes tous unis, mais nous ignorons le fait que nous ne le sommes pas. Il y a autant de d\u00e9sunion \u00e0 l&rsquo;int\u00e9rieur du pays qu&rsquo;entre les pays. Donc, la pens\u00e9e commet deux erreurs. Elle fait une fausse division et une fausse unit\u00e9 bas\u00e9es sur des mauvaises abstractions. Le fait est qu\u2019on a attribu\u00e9 \u00e0 cette nation une grande valeur. Elle est tr\u00e8s importante et beaucoup de choses en d\u00e9pendent maintenant. Les gens disent que si cette nation est attaqu\u00e9e, c&rsquo;est comme si j&rsquo;\u00e9tais attaqu\u00e9. Donc la pens\u00e9e est identifi\u00e9e \u00e0 vous-m\u00eame.<\/span><\/span><\/p>\n<p align=\"justify\"><span style=\"color: #000000;\"><span style=\"font-size: medium;\"><b>Dans <\/b><i><b>Science, Ordre et Cr\u00e9ativit\u00e9 <\/b><\/i><b>(paru, en fran\u00e7ais, sous le titre <\/b><span style=\"color: #111111;\"><i><b>La Conscience et l&rsquo;Univers<\/b><\/i><\/span><span style=\"color: #111111;\"><span style=\"font-size: large;\"><b>)<\/b><\/span><\/span><b>, vous avez d\u00e9crit comment la pens\u00e9e joue faux avec elle-m\u00eame, ce qui, je suppose, est ce que vous entendez par l\u2019auto-illusion ou l\u2019aveuglement.<\/b><\/span><\/span><\/p>\n<p align=\"justify\"><span style=\"color: #000000;\"><span style=\"font-size: medium;\">La racine du mot \u00ab\u00a0faux\u00a0\u00bb est simplement fallacieux, et je distinguerais entre ce qui est faux et ce qui est incorrect. Une pens\u00e9e ou une id\u00e9e peut \u00eatre correcte ou incorrecte selon la fa\u00e7on dont elle correspond \u00e0 la r\u00e9alit\u00e9. Un processus de pens\u00e9e faux est celui qui vise \u00e0 tromper. C&rsquo;est tr\u00e8s diff\u00e9rent, n&rsquo;est-ce pas ? Une chose peut \u00eatre correcte mais fausse. L&rsquo;information peut \u00eatre correcte en apparence, mais au sens large elle est destin\u00e9e \u00e0 tromper.<\/span><\/span><\/p>\n<p align=\"justify\"><span style=\"color: #000000;\"><span style=\"font-size: medium;\"><b>C&rsquo;est donc l&rsquo;intention qui compte ?<\/b><\/span><\/span><\/p>\n<p align=\"justify\"><span style=\"color: #000000;\"><span style=\"font-size: medium;\">C&rsquo;est l&rsquo;intention, mais cela conduit aussi \u00e0 des distorsions plus subtiles en dehors du champ particulier de l&rsquo;abstraction. Elle conduit \u00e0 des perceptions qui sont fausses et \u00e0 des intentions qui sont fausses. Par exemple, nous avons la censure, qui rel\u00e8ve de d\u00e9partements gouvernementaux sp\u00e9ciaux, visant \u00e0 donner de fausses informations pour que les gens se donnent bonne conscience \u00e0 propos de leur pays. Cela est accept\u00e9.<\/span><\/span><\/p>\n<p align=\"justify\"><span style=\"color: #000000;\"><span style=\"font-size: medium;\"><b>Mais la pens\u00e9e le fait aussi.<\/b><\/span><\/span><\/p>\n<p align=\"justify\"><span style=\"color: #000000;\"><span style=\"font-size: medium;\">Je dis que c&rsquo;est la pens\u00e9e qui le fait. La censure, c&rsquo;est la pens\u00e9e. Le d\u00e9partement gouvernemental est la pens\u00e9. Tout le syst\u00e8me gouvernemental est le r\u00e9flexe automatique de la pens\u00e9e. J&rsquo;essaie de dire que la pens\u00e9e fonctionne comme un syst\u00e8me. La pens\u00e9e pense qu&rsquo;il y a des gens pour la contr\u00f4ler, mais en fait, elle contr\u00f4le les gens qui sont cens\u00e9s la contr\u00f4ler. Elle les force et leur dit de d\u00e9fendre les pens\u00e9es qui ont une grande valeur.<\/span><\/span><\/p>\n<p align=\"justify\"><span style=\"color: #000000;\"><span style=\"font-size: medium;\"><b>Nous devons donc comprendre vraiment que la pens\u00e9e fonctionne comme un seul syst\u00e8me, dans toutes ses manifestations, en nous et dans le monde.<\/b><\/span><\/span><\/p>\n<p align=\"justify\"><span style=\"color: #000000;\"><span style=\"font-size: medium;\">Et ce n&rsquo;est pas quelque chose que quelqu&rsquo;un contr\u00f4le directement. C&rsquo;est int\u00e9gr\u00e9. Elle cr\u00e9e l\u2019intention, le sentiment et l\u2019objectif. Par exemple, on expose les gens \u00e0 des chansons sur leur pays \u2013 toutes sortes de choses sur leur pays depuis leur enfance. Ils d\u00e9veloppent des r\u00e9flexes et ils ont automatiquement tous les sentiments associ\u00e9s \u00e0 ces r\u00e9flexes. Si quelqu&rsquo;un dit quelque chose qui donne une mauvaise image du pays, ils ressentent automatiquement des sentiments d&rsquo;hostilit\u00e9 et veulent le r\u00e9primer. Ainsi, vous avez la pens\u00e9 qui est auto-trompeuse et il est clair qu&rsquo;aucune information ne pourra faire face \u00e0 une telle auto-tromperie, car cette information entrera soudainement dans le syst\u00e8me auto-trompeur.<\/span><\/span><\/p>\n<p align=\"justify\"><span style=\"color: #000000;\"><span style=\"font-size: medium;\"><b>Peut-on passer de ce mod\u00e8le national \u00e0 l&rsquo;individu ?<\/b><\/span><\/span><\/p>\n<p align=\"justify\"><span style=\"color: #000000;\"><span style=\"font-size: medium;\">Oui, l&rsquo;individu et le mod\u00e8le national et social sont essentiellement un seul et m\u00eame syst\u00e8me. Mais individuellement, nous devons avoir une id\u00e9e qui nous repr\u00e9sente nous-m\u00eames. La question est de savoir comment nous nous repr\u00e9sentons nous-m\u00eames.<\/span><\/span><\/p>\n<p align=\"justify\"><span style=\"color: #000000;\"><span style=\"font-size: medium;\">Vous avez peut-\u00eatre des sch\u00e9mas, vous avez des noms qui nous symbolisent et des descriptions qui nous repr\u00e9sentent, mais int\u00e9rieurement nous avons des images et des sentiments qui nous repr\u00e9sentent. Les sentiments peuvent \u00eatre des repr\u00e9sentations plut\u00f4t que des sentiments directs. Pour repr\u00e9senter un personnage, un acteur utilise des sentiments qui sont presque impossibles \u00e0 distinguer des sentiments directs juste. Nous utilisons ces repr\u00e9sentations \u00e0 l&rsquo;int\u00e9rieur pour nous repr\u00e9senter nous-m\u00eames mais nous en perdons le fil. Nous commen\u00e7ons \u00e0 jouer notre personnage, mais pas d\u00e9lib\u00e9r\u00e9ment.<\/span><\/span><\/p>\n<p align=\"justify\"><span style=\"color: #000000;\"><span style=\"font-size: medium;\">L&rsquo;acteur sait ce qu&rsquo;il fait, mais pas nous. Il y a toutes sortes de choses que nous appelons l&rsquo;image de soi, qui est ce genre de repr\u00e9sentation. Il y a toutes sortes de qualit\u00e9s attribu\u00e9es au moi par d&rsquo;autres personnes, par votre exp\u00e9rience, par ce que vous voudrez \u00eatre et ainsi de suite. Vous le vivez comme si c&rsquo;\u00e9tait ainsi ou comme si \u00e7a devait \u00eatre ainsi. Vous faites l&rsquo;exp\u00e9rience de l\u2019image de soi.<\/span><\/span><\/p>\n<p align=\"justify\"><span style=\"color: #000000;\"><span style=\"font-size: medium;\"><b>Que signifie vraiment le mot \u00ab\u00a0soi\u00a0\u00bb ?<\/b><\/span><\/span><\/p>\n<p align=\"justify\"><span style=\"color: #000000;\"><span style=\"font-size: medium;\">Le mot \u00ab\u00a0self (soi ou moi)\u00a0\u00bb a une racine. L&rsquo;un de ses sens fondamentaux est quintessence, la chose, son vrai soi. Il y avait quatre essences dans les temps anciens, comme les quatre \u00e9l\u00e9ments, et puis ils ont pris une cinqui\u00e8me essence, la quintessence, qui \u00e9tait l&rsquo;essence de toute essence, et l&rsquo;ont appel\u00e9e le Moi (ou le Soi). Nous disons donc que le moi est mon \u00eatre le plus essentiel. Nous avons trois mots qui expriment le moi. Ils sont en fait, comme disent les enfants, \u00ab\u00a0me, myself and I<span style=\"font-family: Arial, serif;\"> (<\/span>moi, moi-m\u00eame et ma personne)\u00a0\u00bb. \u00ab\u00a0Moi\u00a0\u00bb est le soi en tant qu&rsquo;objet et \u00ab\u00a0ma personne\u00a0\u00bb est le soi en tant que sujet. Ma personne (I) est le soi actif, qui est cens\u00e9 \u00eatre celui qui r\u00e9fl\u00e9chit, qui fait les choix, qui a des d\u00e9sirs et des pulsions et qui a le pouvoir. Il est plein de puissance et de gloire. Il est essentiellement semblable \u00e0 Dieu.<\/span><\/span><\/p>\n<p align=\"justify\"><span style=\"color: #000000;\"><span style=\"font-size: medium;\">Moi est le soi \u00e0 qui les choses arrivent. Tout arrive \u00e0 moi. Ce soi est limit\u00e9. Mais le moi repr\u00e9sent\u00e9 par la personne (I) est, en principe, illimit\u00e9. Le grand Je suis. Un enfant doit commencer \u00e0 se consid\u00e9rer comme le grand Je suis, car il se voit comme le centre de l&rsquo;univers d&rsquo;o\u00f9 d\u00e9coule toute action. Ensuite, il apprend de la soci\u00e9t\u00e9 qu&rsquo;il n&rsquo;est que le petit moi. Ils disent : \u00ab\u00a0Qui pensez-vous \u00eatre ?\u00a0\u00bb \u00ab\u00a0Le grand Je suis.\u00a0\u00bb Cela fait partie du processus de conditionnement par lequel la notion de soi se construit.<\/span><\/span><\/p>\n<p align=\"justify\"><span style=\"color: #000000;\"><span style=\"font-size: medium;\">Or, ce moi, s&rsquo;il \u00e9tait la quintessence, aurait manifestement une valeur et une importance \u00e9normes. L\u2019enti\u00e8ret\u00e9 de son contenu est ce qu&rsquo;on pense ou dit de lui ainsi que tous ces r\u00e9flexes. Si vous avez de mauvais r\u00e9flexes, cela va perturber chimiquement et physiquement tout le syst\u00e8me. Le corps lui-m\u00eame va exiger que cette perturbation cesse. Il y a une pression qui pousse ces r\u00e9flexes \u00e0 rechercher d&rsquo;autres r\u00e9flexes qui produiront un meilleur \u00e9tat du corps. Par cons\u00e9quent, la pens\u00e9e n&rsquo;est pas utilis\u00e9e par le principe de r\u00e9alit\u00e9, guid\u00e9e par une repr\u00e9sentation correcte de la r\u00e9alit\u00e9, mais plut\u00f4t par le principe de plaisir, le principe de plaisir-douleur, pour \u00e9viter la douleur et en faire un \u00e9tat plus agr\u00e9able, qui est chimiquement plus harmonieux. Il y a une tendance intrins\u00e8que \u00e0 s&rsquo;aveugler dans ce processus de pens\u00e9e qui n\u2019a pas d&rsquo;intelligence. C&rsquo;est juste un syst\u00e8me de r\u00e9flexes.<\/span><\/span><\/p>\n<p align=\"justify\"><span style=\"color: #000000;\"><span style=\"font-size: medium;\"><b>Comment pouvez-vous dire que l&rsquo;image que nous avons de nous-m\u00eames n&rsquo;est pas intelligente ?<\/b><\/span><\/span><\/p>\n<p align=\"justify\"><span style=\"color: #000000;\"><span style=\"font-size: medium;\">Il y en a peut-\u00eatre eu au d\u00e9part, mais une fois qu&rsquo;on en arrive aux r\u00e9flexes, il n&rsquo;y a plus d&rsquo;intelligence. Une id\u00e9e intelligente, une fois qu&rsquo;elle s&rsquo;appuie sur des r\u00e9flexes, elle n&rsquo;est plus intelligente. Tout ce qui est pr\u00e9sent dans la r\u00e9flexion finira par devenir de la pens\u00e9e.<\/span><\/span><\/p>\n<p align=\"justify\"><span style=\"color: #000000;\"><span style=\"font-size: medium;\">Vous avez peut-\u00eatre une id\u00e9e intelligente en r\u00e9fl\u00e9chissant, mais elle devient de la pens\u00e9e, alors il n&rsquo;y a pas d&rsquo;intelligence particuli\u00e8re en elle. Il faut quelque chose d\u2019au-del\u00e0 pour voir si les abstractions sont pertinentes et valables.<\/span><\/span><\/p>\n<p align=\"justify\"><span style=\"color: #000000;\"><span style=\"font-size: medium;\"><b>Pouvez-vous me donner un exemple ?<\/b><\/span><\/span><\/p>\n<p align=\"justify\"><span style=\"color: #000000;\"><span style=\"font-size: medium;\">Disons qu&rsquo;il faut une certaine perception au-del\u00e0 de la pens\u00e9e pour voir si l&rsquo;ensemble est coh\u00e9rent ou non, si \u00e7a se tient. Par exemple, \u00e7a peut \u00eatre incoh\u00e9rent s&rsquo;il y a contradiction, s&rsquo;il y a conflit ou confusion. Si vous obtenez des r\u00e9sultats que vous n&rsquo;avez pas l&rsquo;intention d\u2019avoir ou que vous n\u2019en voulez pas, c&rsquo;est un signe d&rsquo;incoh\u00e9rence, et ces r\u00e9flexes doivent d&rsquo;une mani\u00e8re ou d&rsquo;une autre \u00eatre stopp\u00e9s et examin\u00e9s.<\/span><\/span><\/p>\n<p align=\"justify\"><span style=\"color: #000000;\"><span style=\"font-size: medium;\"><b>Il semble que nous soyons enferm\u00e9s dans un syst\u00e8me clos qui emp\u00eache cette qualit\u00e9 de perception.<\/b><\/span><\/span><\/p>\n<p align=\"justify\"><span style=\"color: #000000;\"><span style=\"font-size: medium;\">Le syst\u00e8me est peut-\u00eatre ouvert, mais le syst\u00e8me de la pens\u00e9e, tel qu&rsquo;il s&rsquo;est d\u00e9velopp\u00e9, tend \u00e0 rejeter la perception des \u00e9vidences qui remettraient en question des notions fondamentales sur le soi, ou sur tout ce \u00e0 quoi le soi est identifi\u00e9, comme la famille, l&rsquo;argent, le pays, etc. Il rejette ou se d\u00e9fend contre la perception de l&rsquo;incoh\u00e9rence.<\/span><\/span><\/p>\n<p align=\"justify\"><span style=\"color: #000000;\"><span style=\"font-size: medium;\"><b>Il semble que cette auto-illusion ou aveuglement est in\u00e9vitable, ou y a-t-il une issue ?<\/b><\/span><\/span><\/p>\n<p align=\"justify\"><span style=\"color: #000000;\"><span style=\"font-size: medium;\">C&rsquo;est ainsi que la pens\u00e9e a \u00e9volu\u00e9. Je ne dis pas que c&rsquo;est absolument n\u00e9cessaire. La fa\u00e7on dont la pens\u00e9e a \u00e9volu\u00e9 depuis les tout premiers temps de la civilisation jusqu&rsquo;\u00e0 aujourd&rsquo;hui, a eu tendance \u00e0 construire cette caract\u00e9ristique.<\/span><\/span><\/p>\n<p align=\"justify\"><span style=\"color: #000000;\"><span style=\"font-size: medium;\"><b>Pouvons-nous examiner comment le syst\u00e8me de la pens\u00e9e a ainsi \u00e9volu\u00e9 ?<\/b><\/span><\/span><\/p>\n<p align=\"justify\"><span style=\"color: #000000;\"><span style=\"font-size: medium;\">Dans les soci\u00e9t\u00e9s tr\u00e8s anciennes, du type chasseurs-cueilleurs ne comptant qu&rsquo;un petit nombre de personnes, la pens\u00e9e \u00e9tait tr\u00e8s simple. On pouvait probablement suivre la plupart des fa\u00e7ons dont la pens\u00e9e affectait les choses. M\u00eame \u00e0 cette \u00e9poque, dans certaines tribus, le mot \u00ab\u00a0\u00eatre humain\u00a0\u00bb \u00e9tait utilis\u00e9 aussi dans le sens de \u00ab\u00a0membre de la tribu\u00a0\u00bb. Ainsi, lorsqu&rsquo;ils voyaient quelqu&rsquo;un d&rsquo;autre, ils n&rsquo;avaient ni mot, ni pens\u00e9e pour le sp\u00e9cifier, et ils le pla\u00e7aient, automatiquement, dans une autre cat\u00e9gorie. Alors, les fondations devenaient probl\u00e9matiques. Ce n&rsquo;\u00e9tait pas si s\u00e9rieux \u00e0 l&rsquo;\u00e9poque. Mais lorsque la pens\u00e9e s\u2019est de plus en plus d\u00e9velopp\u00e9e avec encore plus de personnes, de plus grandes unit\u00e9s et aussi de plus en plus de technologie, il devenait plus difficile de suivre ce qui venait de la pens\u00e9e et ce qui n&rsquo;en provenait pas, surtout autour du soi qui a des \u00e9motions si puissantes. La pens\u00e9e est trop puissante.<\/span><\/span><\/p>\n<p align=\"justify\"><span style=\"color: #000000;\"><span style=\"font-size: medium;\"><b>O\u00f9 en sommes-nous aujourd&rsquo;hui ?<\/b><\/span><\/span><\/p>\n<p align=\"justify\"><span style=\"color: #000000;\"><span style=\"font-size: medium;\">Oui. Avec la croissance de la civilisation, je pense que le probl\u00e8me est devenu de plus en plus difficile, de sorte qu&rsquo;il n&rsquo;est plus viable. L&rsquo;autre point est que la technologie nous donne de plus en plus de pouvoir. Nous avons de plus en plus besoin d&rsquo;une pens\u00e9e coh\u00e9rente.<\/span><\/span><\/p>\n<p align=\"justify\"><span style=\"color: #000000;\"><span style=\"font-size: medium;\">Elle est de plus en plus dangereuse lorsqu&rsquo;elle est incoh\u00e9rente, et pourtant, il y a une tendance de plus en plus forte \u00e0 rendre nos pens\u00e9es incoh\u00e9rentes. La t\u00e9l\u00e9vision, comme vous l&rsquo;avez expliqu\u00e9, nous conditionne avec toutes sortes de pens\u00e9es et de sentiments incoh\u00e9rents et d\u00e9nu\u00e9s de sens qui nous affectent de mani\u00e8re al\u00e9atoire.<\/span><\/span><\/p>\n<p align=\"justify\"><span style=\"color: #000000;\"><span style=\"font-size: medium;\"><b>Tous les sentiments et impressions qui sont constamment recycl\u00e9s n\u00e9cessitent \u00e9videmment beaucoup d&rsquo;attention, et c\u2019est cette attention dont nous avons besoin pour mettre r\u00e9ellement de l&rsquo;ordre dans notre vie.<\/b><\/span><\/span><\/p>\n<p align=\"justify\"><span style=\"color: #000000;\"><span style=\"font-size: medium;\">Tout d&rsquo;abord, nous avons dit que la pens\u00e9e introduit des divisions entre les nations et elle introduit \u00e9galement des divisions entre les individus. Elle dit qu&rsquo;il y a une division nette, que les individus sont s\u00e9par\u00e9s et limit\u00e9s par la peau et en fait c&rsquo;est ainsi que nous nous sentons. Si, en fait, on ne s&rsquo;arr\u00eatent pas \u00e0 notre peau mais que la pens\u00e9e le voit ainsi, nous nous verrons de cette fa\u00e7on et agirons en cons\u00e9quence\u00a0; des probl\u00e8mes seront cr\u00e9\u00e9s que notre pens\u00e9e essaiera alors de r\u00e9soudre de mani\u00e8re ind\u00e9pendante. Il s&rsquo;ensuit une confusion de plus en plus grande. Une pens\u00e9e confuse et incoh\u00e9rente conduit \u00e0 des \u00e9motions confuses et incoh\u00e9rentes, \u00e0 une chimie confuse et \u00e0 une panne du cerveau. On pourrait dire qu&rsquo;elle cr\u00e9e dans les synapses, toutes sortes de combinaisons inappropri\u00e9es de substances chimiques. C&rsquo;est ce que j&rsquo;aimerais appeler le smog \u00e9lectrochimique. Le cerveau est dans cet \u00e9tat et il est de plus en plus confus et se d\u00e9compose.<\/span><\/span><\/p>\n<p align=\"justify\"><span style=\"color: #000000;\"><span style=\"font-size: medium;\">Nous avons besoin d&rsquo;une qualit\u00e9, que j&rsquo;appelle la proprioception, une v\u00e9ritable perception-de-soi. On dirait que dans le corps c\u2019est int\u00e9gr\u00e9. Si vous bougez votre main, vous savez que vous la bougez. Votre intention ou votre impulsion de bouger est pr\u00e9sente en m\u00eame temps que le mouvement. Vous pouvez faire la diff\u00e9rence entre bouger votre main et la laisser tomber par la gravit\u00e9. Si vous ne pouviez pas faire cette diff\u00e9rence, vous ne survivriez pas.<\/span><\/span><\/p>\n<p align=\"justify\"><span style=\"color: #000000;\"><span style=\"font-size: medium;\">Il y a eu le cas d&rsquo;une femme, je crois qu&rsquo;Oliver Sacks l&rsquo;a signal\u00e9, qui a perdu cette proprioception et s&rsquo;est soudainement r\u00e9veill\u00e9e sans elle. Nous avons besoin de la proprioception juste pour pouvoir nous asseoir. La personne \u00e9tait totalement invalide, mais elle a progressivement appris \u00e0 remplacer la proprioception par la vision, de sorte qu&rsquo;en regardant attentivement, elle a finalement pu s&rsquo;en sortir.<\/span><\/span><\/p>\n<p align=\"justify\"><span style=\"color: #000000;\"><span style=\"font-size: medium;\">Il y avait aussi le cas d&rsquo;une femme que nous connaissons qui aurait eu un AVC au milieu de la nuit. Lorsqu\u2019on a allum\u00e9 la lumi\u00e8re, on l&rsquo;a vue se frapper elle-m\u00eame, puis elle s&rsquo;est arr\u00eat\u00e9e. Ses nerfs sensoriels ont \u00e9t\u00e9 d\u00e9truits, mais ses nerfs moteurs fonctionnaient. Elle a boug\u00e9 sa main et ne savait pas qu&rsquo;elle la bougeait. Elle s&rsquo;est cogn\u00e9 le front et le cerveau a suppos\u00e9 que quelqu&rsquo;un d&rsquo;autre la frappait, alors elle s&rsquo;est battue contre cette personne. Plus elle se battait, plus \u00e7a frappait.<\/span><\/span><\/p>\n<p align=\"justify\"><span style=\"color: #000000;\"><span style=\"font-size: medium;\">Mais d\u00e8s que la lumi\u00e8re a \u00e9t\u00e9 allum\u00e9e, la proprioception a \u00e9t\u00e9 r\u00e9tablie. Il y a donc deux choses, une, c&rsquo;est que le corps poss\u00e8de une proprioception int\u00e9gr\u00e9e, et deux, que m\u00eame si elle ne fonctionne pas, elle pourrait \u00eatre remplac\u00e9e par un autre sens.<\/span><\/span><\/p>\n<p align=\"justify\"><span style=\"color: #000000;\"><span style=\"font-size: medium;\"><b>Pouvons-nous aller plus loin ?<\/b><\/span><\/span><\/p>\n<p align=\"justify\"><span style=\"color: #000000;\"><span style=\"font-size: medium;\">Oui, appliquons-cela \u00e0 la pens\u00e9e. La pens\u00e9e ne poss\u00e8de apparemment pas cette proprioception. Nous faisons des choses et toutes sortes de choses se produisent, des \u00e9motions se produisent et nous ne voyons pas que c\u2019est notre pens\u00e9e qui les a produites. Les nations sont b\u00e2ties. Toute la soci\u00e9t\u00e9 est produite. Des cons\u00e9quences sans fin en r\u00e9sultent et la pens\u00e9e les prend comme \u00e9tant ind\u00e9pendantes d\u2019elle. C&rsquo;est une abstraction inappropri\u00e9e. Puis, plus tard, elle fait la mauvaise abstraction de l&rsquo;unit\u00e9 afin de compenser. Cela continue encore et encore.<\/span><\/span><\/p>\n<p align=\"justify\"><span style=\"color: #000000;\"><span style=\"font-size: medium;\">La question est de savoir pourquoi la pens\u00e9e n\u2019est pas proprioceptive. Cela fait aussi partie du processus corporel. C&rsquo;est un ensemble de r\u00e9flexes plus subtils. Il n&rsquo;y avait aucune raison pour que \u00e7a se d\u00e9veloppe de mani\u00e8re proprioceptive. Notre fa\u00e7on de penser n&rsquo;est pas int\u00e9gr\u00e9e \u00e0 notre structure g\u00e9n\u00e9tique. C\u2019\u00e9tait ouvert \u00e0 la culture. En fait, la pens\u00e9e, comme nous la connaissons, ne serait gu\u00e8re possible sans la culture.<\/span><\/span><\/p>\n<p align=\"justify\"><span style=\"color: #000000;\"><span style=\"font-size: medium;\"><b>Je ne comprends pas. La pens\u00e9e telle que nous la connaissons ne serait pas possible sans la culture ?<\/b><\/span><\/span><\/p>\n<p align=\"justify\"><span style=\"color: #000000;\"><span style=\"font-size: medium;\">La plupart de nos pens\u00e9es sont bas\u00e9es sur la langue et la langue vient d\u2019une structure socioculturelle. Les degr\u00e9s d&rsquo;abstraction les plus \u00e9lev\u00e9s ne peuvent \u00eatre produits que socialement. Les id\u00e9es telles que\u00a0: tous, toujours, jamais, \u00e0 jamais, sont des pens\u00e9es tr\u00e8s puissantes.<\/span><\/span><\/p>\n<p align=\"justify\"><span style=\"color: #000000;\"><span style=\"font-size: medium;\"><b>Peut-on d\u00e9velopper cette id\u00e9e que la pens\u00e9e et le langage sont \u00e9troitement li\u00e9s ?<\/b><\/span><\/span><\/p>\n<p align=\"justify\"><span style=\"color: #000000;\"><span style=\"font-size: medium;\">Il y a \u00e9videmment une sorte de r\u00e9flexion pr\u00e9-verbale, comme je l&rsquo;ai dit, et que l&rsquo;enfant apprend de diverses mani\u00e8res, par imitation et par certains types de raisonnement. Mais le langage n\u2019est produit que lorsque les gens se parlent. Ils doivent \u00e9tablir des repr\u00e9sentations et des symboles communs. Le symbole repr\u00e9sente la chose et poss\u00e8de aussi une \u00e9norme flexibilit\u00e9, une relation entre les deux. Cela ne peut se produire que dans l&rsquo;acte m\u00eame d&rsquo;utiliser le langage.<\/span><\/span><\/p>\n<p align=\"justify\"><span style=\"color: #000000;\"><span style=\"font-size: medium;\">En fait, les premi\u00e8res pens\u00e9es peuvent \u00eatre bas\u00e9es sur des images, des images simples qui pourraient constituer une sorte de langage plus priv\u00e9 et plus personnel, mais ensuite elles sont ratach\u00e9es aux mots et finalement les mots les remplacent la plupart du temps.<\/span><\/span><\/p>\n<p align=\"justify\"><span style=\"color: #000000;\"><span style=\"font-size: medium;\"><b>Nous parlions de la proprioception et de la possibilit\u00e9 de d\u00e9velopper cette m\u00eame vigilance avec le mouvement de nos pens\u00e9es. Mais je ne comprends toujours pas pourquoi nous ne l&rsquo;avons pas d\u00e9j\u00e0 d\u00e9velopp\u00e9e puisque nous l&rsquo;avons dans notre corps.<\/b><\/span><\/span><\/p>\n<p align=\"justify\"><span style=\"color: #000000;\"><span style=\"font-size: medium;\">La pens\u00e9e est la r\u00e9ponse de la m\u00e9moire, que ce soit la m\u00e9moire de l&rsquo;intellect ou la m\u00e9moire des \u00e9motions, la m\u00e9moire des \u00e9tats physiques, la m\u00e9moire de cette soci\u00e9t\u00e9, la langue, votre pays, vous-m\u00eame, tout cela est dans le m\u00eame bouillon. Tout est connect\u00e9. La m\u00e9moire est la seule chose dont vous n&rsquo;\u00eates pas conscient, voyez-vous, la m\u00e9moire actuelle. Vous n&rsquo;\u00eates conscient que de ses r\u00e9actions.<\/span><\/span><\/p>\n<p align=\"justify\"><span style=\"color: #000000;\"><span style=\"font-size: medium;\">Il y a un lien dont vous ne pouvez pas \u00eatre directement conscient. M\u00eame s\u2019il y a, probablement, un moyen de relier ensemble intelligemment les centres \u00e9motionnels et intellectuels, une fois qu&rsquo;ils sont dans ce bouillon, il n&rsquo;y a plus aucun moyen pour les relier clairement. Supposons qu&rsquo;une \u00e9motion inad\u00e9quate vienne de la m\u00e9moire et que le centre intellectuel dise que c&rsquo;est une \u00e9motion inad\u00e9quate et envoie un message au centre \u00e9motionnel, mais ce dernier ne l\u2019a pas produit. \u00c7a s\u2019embrouille et on se demande \u00ab\u00a0que dois-je faire ?\u00a0\u00bb Et cela va aussi dans la m\u00e9moire.<\/span><\/span><\/p>\n<p align=\"justify\"><span style=\"color: #000000;\"><span style=\"font-size: medium;\"><b>Alors, \u00e7a devient un peu bord\u00e9lique l\u00e0-dedans.<\/b><\/span><\/span><\/p>\n<p align=\"justify\"><span style=\"color: #000000;\"><span style=\"font-size: medium;\">En gros, on pourrait dire que le cerveau humain n&rsquo;a pas de structure g\u00e9n\u00e9tique qui permette \u00e0 la r\u00e9ponse de la m\u00e9moire d&rsquo;\u00eatre consciente d&rsquo;elle-m\u00eame. En fait, vous pouvez voir \u00e0 quel point il serait difficile d&rsquo;obtenir une telle structure g\u00e9n\u00e9tique. Si nous n&rsquo;utilisons pas beaucoup de m\u00e9moire, alors tout va bien, mais lorsque nous construisons des niveaux d&rsquo;abstraction tr\u00e8s complexes en fonction de la m\u00e9moire, \u00e9motionnellement et physiquement et de toute autre mani\u00e8re, alors nous cr\u00e9ons un probl\u00e8me.<\/span><\/span><\/p>\n<p align=\"justify\"><span style=\"color: #000000;\"><span style=\"font-size: medium;\">Je dis que plus la civilisation se d\u00e9veloppe, plus elle produit des tensions dans le syst\u00e8me. \u00c0 moins que nous trouvions un moyen d&rsquo;y rem\u00e9dier, \u00e7a va s&rsquo;effondrer, comme c&rsquo;est d\u00e9j\u00e0 le cas. Comment pouvons-nous obtenir une proprioception des r\u00e9ponses de la m\u00e9moire ? Il peut m\u00eame y avoir une certaine proprioception int\u00e9gr\u00e9e entre toutes les \u00e9motions et les pens\u00e9es dans le corps ou bien vous pourriez l&rsquo;apprendre, mais la m\u00e9moire est le probl\u00e8me. Pouvons-nous \u00e9tablir un moyen de remplacer, non pas remplacer, mais tout comme cette femme lorsque sa proprioception a \u00e9chou\u00e9, elle a pu utiliser sa vision. Y a-t-il quelque chose que nous pouvons utiliser \u00e0 la place ?<\/span><\/span><\/p>\n<p align=\"justify\"><span style=\"color: #000000;\"><span style=\"font-size: medium;\">La question est de savoir comment allons-nous consid\u00e9rer la r\u00e9ponse de la m\u00e9moire comme un reflet du processus de pens\u00e9e. Nous devons \u00eatre conscients de l&rsquo;intention de penser ou de l&rsquo;impulsion de penser et de son lien. Si une impulsion est pr\u00e9sente, vous pouvez sentir son lien avec le r\u00e9sultat d&rsquo;une mani\u00e8re non verbale.<\/span><\/span><\/p>\n<p align=\"justify\"><span style=\"color: #000000;\"><span style=\"font-size: medium;\">C&rsquo;est comme essayer d&rsquo;utiliser un miroir. Si vous avez un miroir et que vous voulez vous raser et que vous consid\u00e9rez l&rsquo;image dans le miroir comme la r\u00e9alit\u00e9, alors vous essayerez de raser l&rsquo;image. Imm\u00e9diatement, l&rsquo;incoh\u00e9rence vous conduirait \u00e0 arr\u00eater. Vous devez apprendre \u00e0 vous raser mais cela demande un certain apprentissage car tout ce que vous voyez dans l&rsquo;image doit \u00eatre traduit en un mouvement relatif au corps et ce n&rsquo;est pas automatique. Vous apprenez de mani\u00e8re non verbale que lorsque vous voulez raser une certaine partie du visage, vous vous dirigez par l&rsquo;image en d\u00e9pla\u00e7ant votre main vers le visage.<\/span><\/span><\/p>\n<p align=\"justify\"><span style=\"color: #000000;\"><span style=\"font-size: medium;\">Le point est que si une \u00e9motion est inappropri\u00e9e, il ne sert \u00e0 rien de diriger l&rsquo;attention vers le centre \u00e9motionnel, qui n&rsquo;est qu&rsquo;une image de la m\u00e9moire. La r\u00e9ponse doit \u00eatre dirig\u00e9e vers le processus de pens\u00e9e lui-m\u00eame.<\/span><\/span><\/p>\n<p align=\"justify\"><span style=\"color: #000000;\"><span style=\"font-size: medium;\"><b>Alors comment sortir de ce ravissement ?<\/b><\/span><\/span><\/p>\n<p align=\"justify\"><span style=\"color: #000000;\"><span style=\"font-size: medium;\">Je sugg\u00e8re que si nous sommes plus attentifs et devenons conscients de l&rsquo;acte de penser, de la pens\u00e9e elle-m\u00eame, d&rsquo;abord intentionnellement en trouvant les mots qui expriment votre pens\u00e9e, non pas pour le plaisir de les penser mais dans l\u2019int\u00e9r\u00eat de faire bouger la chose, en traitant cela comme si c\u2019est une machine et en y allant lentement.<\/span><\/span><\/p>\n<p align=\"justify\"><span style=\"color: #000000;\"><span style=\"font-size: medium;\"><b>Il semble que c&rsquo;est quelque chose que les enfants pourraient apprendre assez facilement si les adultes \u00e9taient capables de le d\u00e9velopper d&rsquo;abord en eux-m\u00eames.<\/b><\/span><\/span><\/p>\n<p align=\"justify\"><span style=\"color: #000000;\"><span style=\"font-size: medium;\">Je pense qu&rsquo;ils le pourraient. Vous avez d\u00e9j\u00e0 dit une fois que les adultes doivent faire cela en premier. Je pense qu&rsquo;une fois que les adultes l&rsquo;auront fait, les enfants trouveront cela tr\u00e8s facile parce qu&rsquo;ils ne sont pas beaucoup conditionn\u00e9s. Toute la fa\u00e7on dont nous utilisons la pens\u00e9e va \u00e0 l\u2019encontre de cela parce qu\u2019implicitement \u00e7a vous dit de ne pas vous pr\u00e9occuper du processus de la pens\u00e9e car la pens\u00e9e ne fait rien d&rsquo;autre que de vous donner l\u2019information ; donc, elle n&rsquo;a pas besoin d&rsquo;\u00eatre examin\u00e9e.<\/span><\/span><\/p>\n<p align=\"justify\"><span style=\"color: #000000;\"><span style=\"font-size: medium;\">C&rsquo;est une forme \u00e9l\u00e9mentaire de jeu libre. Progressivement, vous apprenez le bon mouvement. \u00c0 ce stade, \u00e7a s&rsquo;apprend progressivement et devient un ensemble de r\u00e9flexes, puis vous \u00eates capable de vous raser sans avoir \u00e0 beaucoup r\u00e9fl\u00e9chir ou \u00e0 beaucoup observer. C&rsquo;est un cas tr\u00e8s simple de cet \u00e9l\u00e9ment de jeu libre et d&rsquo;apprentissage. Votre esprit doit \u00eatre en train d&rsquo;explorer telle ou telle voie, tout en \u00e9tant conscient de l&rsquo;impulsion ou de l&rsquo;intention de bouger et du r\u00e9sultat. Le but de l&rsquo;op\u00e9ration n&rsquo;est pas d&rsquo;obtenir un r\u00e9sultat souhait\u00e9 mais d&rsquo;apprendre, c&rsquo;est \u00e7a la diff\u00e9rence. Il ne s&rsquo;agit pas d&rsquo;un jeu oisif pour ainsi dire.<\/span><\/span><\/p>\n<p align=\"justify\"><span style=\"color: #000000;\"><span style=\"font-size: medium;\"><b>Le jeu oisif existe-t-il ?<\/b><\/span><\/span><\/p>\n<p align=\"justify\"><span style=\"color: #000000;\"><span style=\"font-size: medium;\">Il n&rsquo;y en a pas, mais les gens ont cela \u00e0 l&rsquo;esprit quand ils pensent que ce n&rsquo;est pas s\u00e9rieux.<\/span><\/span><\/p>\n<p align=\"justify\"><span style=\"color: #000000;\"><span style=\"font-size: medium;\"><b>Le but du jeu est donc d&rsquo;apprendre ?<\/b><\/span><\/span><\/p>\n<p align=\"justify\"><span style=\"color: #000000;\"><span style=\"font-size: medium;\">Oui. La proprioception d\u00e9pend d&rsquo;une attitude d&rsquo;apprentissage, d&rsquo;une prise de conscience de l&rsquo;impulsion de bouger et des r\u00e9sultats renvoy\u00e9s en m\u00eame temps, sans avoir \u00e0 y r\u00e9fl\u00e9chir. Dans la proprioception, vous n&rsquo;avez pas conscience d&rsquo;un observateur distinct qui observe. La conscience est l\u00e0 sans penser qu&rsquo;il y a un moi qui observe. Une fois que vous commencez \u00e0 penser \u00e0 un moi qui apprend, vous avez introduit une division. Vous avez introduit cette confusion entre le r\u00e9sultat de la pens\u00e9e et le processus de la pens\u00e9e. Par cons\u00e9quent, vous n&rsquo;\u00eates pas capable d&rsquo;apprendre parce que vous ne pouvez pas garder coh\u00e9rent ce qui est une r\u00e9alit\u00e9 ind\u00e9pendante et ce qui ne l&rsquo;est pas.<\/span><\/span><\/p>\n<p align=\"justify\"><span style=\"color: #000000;\"><span style=\"font-size: medium;\">Si vous envisagez d&rsquo;apprendre \u00e0 utiliser le miroir, vous avez besoin de l&rsquo;\u00e9l\u00e9ment de jeu libre pour commencer. Je pense que c&rsquo;est le genre de chose qui serait dans la situation d&rsquo;apprentissage de l&rsquo;enfant. Si vous avez un jeu libre, vous ne pouvez rien en tirer \u00e0 moins d&rsquo;\u00eatre conscient que le jeu est n\u00e9 en vous, dans votre intention ou dans votre impulsion. Cela vous permet d&rsquo;\u00e9tablir un feed-back dans lequel vous pouvez apprendre. L&rsquo;apprentissage au-del\u00e0 de la r\u00e9p\u00e9tition, au-del\u00e0 de la programmation ou du conditionnement doit toujours impliquer cela.<\/span><\/span><\/p>\n<p align=\"justify\"><span style=\"color: #000000;\"><span style=\"font-size: medium;\"><b>Je pense que les gens veulent vraiment entrer dans cet \u00e9tat de jeu cr\u00e9atif ou imaginatif, mais ils ont du mal \u00e0 le faire. <\/b><\/span><\/span><\/p>\n<p align=\"justify\"><span style=\"color: #000000;\"><span style=\"font-size: medium;\">Je dirais plut\u00f4t que les gens sont conditionn\u00e9s \u00e0 rester dans le syst\u00e8me des r\u00e9flexes r\u00e9p\u00e9titifs. Le syst\u00e8me de r\u00e9flexes, comme je l&rsquo;ai expliqu\u00e9, a d\u00e9j\u00e0 tendance \u00e0 se d\u00e9fendre et \u00e0 vous y maintenir. Il comporte certaines r\u00e9compenses, certains plaisirs et un sentiment de s\u00e9curit\u00e9. La premi\u00e8re intention de s&rsquo;en sortir cr\u00e9e un sentiment d&rsquo;ins\u00e9curit\u00e9 dans le syst\u00e8me des r\u00e9flexes, de sorte que le syst\u00e8me des r\u00e9flexes commence \u00e0 se d\u00e9fendre contre le libre jeu cr\u00e9atif.<\/span><\/span><\/p>\n<p align=\"justify\"><span style=\"color: #000000;\"><span style=\"font-size: medium;\">I<b>l y a donc cette d\u00e9fense, mais il semble que si les enfants d\u00e9veloppent cette qualit\u00e9, ils doivent \u00eatre entour\u00e9s d&rsquo;adultes qui comprennent et encouragent ce sens du jeu.<\/b><\/span><\/span><\/p>\n<p align=\"justify\"><span style=\"color: #000000;\"><span style=\"font-size: medium;\">Oui, il s&rsquo;ensuit que ce jeu libre doit \u00eatre encourag\u00e9 et que des situations doivent \u00eatre cr\u00e9\u00e9es l\u00e0 o\u00f9 c&rsquo;est possible, plut\u00f4t que l&rsquo;autre type de situation o\u00f9 l&rsquo;enfant est encourag\u00e9 \u00e0 \u00eatre r\u00e9p\u00e9titif et m\u00e9canique. La question des r\u00e9compenses et des punitions est cruciale. Si l&rsquo;enfant est r\u00e9compens\u00e9 pour avoir produit un r\u00e9sultat souhait\u00e9, cela le jettera automatiquement dans le syst\u00e8me des r\u00e9flexes. Cela lui procure une tr\u00e8s puissante pression \u00e9motionnelle pour continuer dans cette voie. Tout ce syst\u00e8me de r\u00e9compenses va jeter les enfants dans le syst\u00e8me m\u00e9canique des r\u00e9flexes. Si l&rsquo;enfant participe au jeu libre et cr\u00e9atif, c&rsquo;est cela sa propre r\u00e9compense. Il n&rsquo;a pas besoin qu&rsquo;on lui dise sp\u00e9cialement \u00ab\u00a0tu es tr\u00e8s bon, tu es meilleur que quelqu&rsquo;un d&rsquo;autre\u00a0\u00bb ou qu&rsquo;on lui donne des r\u00e9compenses.<\/span><\/span><\/p>\n<p align=\"justify\"><span style=\"color: #000000;\"><span style=\"font-size: medium;\"><b>J&rsquo;esp\u00e8re que vous pensez que cet espace de jeu est utile. Je pense que c&rsquo;est vraiment une question cruciale non seulement pour la petite enfance, mais aussi pour l&rsquo;industrie, la science et l&rsquo;\u00e9ducation.<\/b><\/span><\/span><\/p>\n<p align=\"justify\"><span style=\"color: #000000;\"><span style=\"font-size: medium;\">Il faut avoir ce libre jeu cr\u00e9atif pour \u00e9tablir la proprioception. Et pour la porter plus loin dans d&rsquo;autres domaines, il faut faire appel \u00e0 l&rsquo;imagination.<\/span><\/span><\/p>\n<p align=\"justify\"><span style=\"color: #000000;\"><span style=\"font-size: medium;\">Le po\u00e8te Coleridge d\u00e9finit plusieurs types d&rsquo;imagination. Il appelle la perception <i>l&rsquo;imagination primaire<\/i>. Il n&rsquo;y a pas de diff\u00e9rence fondamentale entre la fa\u00e7on dont nous percevons une chose et la fa\u00e7on dont nous l&rsquo;imaginons librement. La fa\u00e7on dont nous voyons le monde entier a \u00e9t\u00e9 cr\u00e9\u00e9e par l\u2019activit\u00e9 du cerveau. Le type d&rsquo;illusions qui sont possibles le montre. Dans la perception de quelque chose d&rsquo;inconnu, nous devons \u00eatre libres de le ressentir, de la m\u00eame fa\u00e7on qu\u2019apprendre \u00e0 utiliser le miroir.<\/span><\/span><\/p>\n<p align=\"justify\"><span style=\"color: #000000;\"><span style=\"font-size: medium;\">Puis Coleridge dit qu&rsquo;il y a une <i>imagination secondaire<\/i>. C&rsquo;est la cr\u00e9ation de formes qui n&rsquo;ont jamais exist\u00e9, qui ne proviennent pas de la perception des choses mais plut\u00f4t c\u2019est la cr\u00e9ation de nouvelles formes qui peuvent ensuite vous guider pour les trouver ou les produire.<\/span><\/span><\/p>\n<p align=\"justify\"><span style=\"color: #000000;\"><span style=\"font-size: medium;\">Puis il a \u00e9tabli une troisi\u00e8me qualit\u00e9 d&rsquo;imagination, qu&rsquo;il a appel\u00e9e <i>fantaisie <\/i>ou <i>fantastique (fancy, fantasy)<\/i>, qui repose sur le r\u00e9flexe de la m\u00e9moire. Elle produit \u00e9galement le m\u00eame type de perception et d&rsquo;images que les deux autres, mais elle les produit \u00e0 partir de la m\u00e9moire. La fantaisie peut produire un sens de la r\u00e9alit\u00e9 comme dans <i>La vie secr\u00e8te de Walter Mitty<\/i>. Le sens de la r\u00e9alit\u00e9 est \u00e9tabli lorsque vous avez quelque chose, qui est fantasm\u00e9 comme \u00e9tant stable et r\u00e9sistant au changement, comme si c\u2019est juste l\u00e0. D&rsquo;une certaine mani\u00e8re, l&rsquo;imagination est centrale. Pour voir quelque chose que vous n&rsquo;avez jamais vu auparavant, vous avez besoin d&rsquo;une sorte de jeu cr\u00e9atif.<\/span><\/span><\/p>\n<p align=\"justify\"><span style=\"color: #000000;\"><span style=\"font-size: medium;\"><b>Les premi\u00e8res ann\u00e9es d&rsquo;un enfant semblent remplies de cette exploration ludique, avec la joie d&rsquo;apprendre et de d\u00e9couvrir. Je pense qu&rsquo;il est important de trouver des moyens d&rsquo;encourager cela au-del\u00e0 de la petite enfance.<\/b><\/span><\/span><\/p>\n<p align=\"justify\"><span style=\"color: #000000;\"><span style=\"font-size: medium;\">Le premier point est de ne pas le d\u00e9courager. Nous avons cet \u00e9norme syst\u00e8me, qui est toujours d\u00e9courageant. Le syst\u00e8me de la pens\u00e9e tel qu\u2019il s\u2019est d\u00e9velopp\u00e9, est tr\u00e8s d\u00e9courageant pour l&rsquo;imagination. Deuxi\u00e8mement, nous devons donner un encouragement positif.<\/span><\/span><\/p>\n<p align=\"justify\"><span style=\"color: #000000;\"><span style=\"font-size: medium;\"><b>Vous avez souvent dit que nous devons encourager cette capacit\u00e9 cr\u00e9ative afin de r\u00e9soudre les probl\u00e8mes monumentaux auxquels nous sommes confront\u00e9s. Comment y parvenir ?<\/b><\/span><\/span><\/p>\n<p align=\"justify\"><span style=\"color: #000000;\"><span style=\"font-size: medium;\">La conscience primaire vient de la fa\u00e7on dont les gens vivent tout le temps. Si nous vivons selon des formules et des r\u00e9flexes, c&rsquo;est ce que l&rsquo;enfant apprendra. Il est tout \u00e0 fait naturel qu&rsquo;un enfant qui utilise le processus cr\u00e9atif en tirera profit. Si c&rsquo;est ce que font les adultes autour de l&rsquo;enfant, c&rsquo;est ce que l&rsquo;enfant apprendra. Comme vous le disiez, les relations de l&rsquo;enfant avec ses parents et avec sa m\u00e8re sont un point tr\u00e8s crucial, le lien, la proprioception sensible, qui est d\u00e9truite en traitant l&rsquo;enfant comme quelque chose de manipulable. Je pense que c&rsquo;est la premi\u00e8re \u00e9tape.<\/span><\/span><\/p>\n<p align=\"justify\"><span style=\"color: #000000;\"><span style=\"font-size: medium;\"><b>Un exemple que vous avez utilis\u00e9 pour illustrer comment le jeu cr\u00e9atif est \u00e9cras\u00e9, \u00e9tait une \u00e9tude impliquant des chimpanz\u00e9s et de la peinture.<\/b><\/span><\/span><\/p>\n<p align=\"justify\"><span style=\"color: #000000;\"><span style=\"font-size: medium;\"><a name=\"_GoBack\"><\/a> Oui. Desmond Morris a un jour montr\u00e9 dans une \u00e9mission t\u00e9l\u00e9vis\u00e9e ce qui arrivait \u00e0 des chimpanz\u00e9s. Ces chimpanz\u00e9s ont re\u00e7u de la peinture et des toiles et ils ont commenc\u00e9 \u00e0 peindre des motifs abstraits avec un certain \u00e9quilibre. Ils \u00e9taient fascin\u00e9s par cela et ne pouvaient pas s&rsquo;arr\u00eater. C&rsquo;\u00e9tait plus int\u00e9ressant que toute autre chose et ils s&rsquo;y adonnaient sans fin. Ils avaient l&rsquo;air tr\u00e8s \u00e9veill\u00e9s et ressemblaient \u00e0 des enfants faisant la m\u00eame chose. Puis ils ont commenc\u00e9 \u00e0 r\u00e9compenser les chimpanz\u00e9s qui produisaient de bonnes peintures et bient\u00f4t la qualit\u00e9 du travail a baiss\u00e9. Ils n&rsquo;\u00e9taient int\u00e9ress\u00e9s que par la r\u00e9compense. La peinture \u00e9tait n\u00e9glig\u00e9e.<\/span><\/span><\/p>\n<p align=\"justify\"><span style=\"color: #000000;\"><span style=\"font-size: medium;\">Puis tout s&rsquo;est arr\u00eat\u00e9. Avec les \u00eatres humains, cela ne va peut-\u00eatre pas aussi loin. Si vous \u00e9tablissez une situation o\u00f9 la r\u00e9compense est le point principal, alors vous allez entrer dans les r\u00e9flexes. Ils vont garder l&rsquo;esprit sur la r\u00e9compense et essayer de trouver un syst\u00e8me de r\u00e9flexes qui permet d&rsquo;obtenir la r\u00e9compense infailliblement.<\/span><\/span><\/p>\n<p align=\"justify\"><span style=\"color: #000000;\"><span style=\"font-size: medium;\"><b>Revenons \u00e0 l&rsquo;imagination et d\u00e9finissons la comme la capacit\u00e9 de l&rsquo;esprit \u00e0 cr\u00e9er des images mentales.<\/b><\/span><\/span><\/p>\n<p align=\"justify\"><span style=\"color: #000000;\"><span style=\"font-size: medium;\">Et m\u00eame faire plus, pour cr\u00e9er des images dans la sensation, ainsi que dans la vision ou dans le son, ou pour cr\u00e9er quelque chose qui est similaire \u00e0 ce qui pourrait \u00eatre per\u00e7u, puisque c&rsquo;est le m\u00eame processus. Image sugg\u00e8rent imitation \u2013 c\u2019est de la m\u00eame racine. Dans un certain sens, c&rsquo;est inad\u00e9quat. La capacit\u00e9 de l&rsquo;esprit \u00e0 percevoir de mani\u00e8re cr\u00e9ative des choses qui ont \u00e9t\u00e9 vues et celles qui n&rsquo;ont pas \u00e9t\u00e9 vues.<\/span><\/span><\/p>\n<p align=\"justify\"><span style=\"color: #000000;\"><span style=\"font-size: medium;\"><b>L&rsquo;acte m\u00eame de perception implique ce libre jeu cr\u00e9atif de l&rsquo;imagination.<\/b><\/span><\/span><\/p>\n<p align=\"justify\"><span style=\"color: #000000;\"><span style=\"font-size: medium;\">Je dirais que cette perception imaginative est tout d&rsquo;abord sensible \u00e0 l&rsquo;\u00e9chec de la coh\u00e9rence. Elle ne tient pas \u00e0 ce qui est incoh\u00e9rent. La pens\u00e9e tient trop longtemps, elle la d\u00e9fend. L&rsquo;imagination ne d\u00e9fend pas ce qui est incoh\u00e9rent, donc elle poursuit son chemin. Si elle trouve quelque chose qui n&rsquo;est pas coh\u00e9rent, elle laisse tomber et tente autre chose. C&rsquo;est peut-\u00eatre aussi la bonne attitude scientifique, mais les scientifiques sont limit\u00e9s dans leur capacit\u00e9 \u00e0 suivre cela. C&rsquo;est une caract\u00e9ristique essentielle de l&rsquo;intelligence. La capacit\u00e9, \u00e0 travers le jeu, est de d\u00e9couvrir de nouvelles relations, de nouvelles structures, qui seront coh\u00e9rentes, en fin de compte, parce qu&rsquo;elles sont bas\u00e9es sur la capacit\u00e9 \u00e0 d\u00e9tecter l&rsquo;incoh\u00e9rence et donc ce qui subsiste est coh\u00e9rent.<\/span><\/span><\/p>\n<p align=\"justify\"><span style=\"color: #000000;\"><span style=\"font-size: medium;\"><b>Vous avez d\u00e9crit la perception directe que les gens ont lorsqu&rsquo;un accord est frapp\u00e9 au piano, comment l&rsquo;harmonie du son semble r\u00e9sonner avec une structure interne inn\u00e9e, qui nous attire. Je pense que l&rsquo;inverse est \u00e9galement vrai, que nous sommes repouss\u00e9s par la discorde.<\/b><\/span><\/span><\/p>\n<p align=\"justify\"><span style=\"color: #000000;\"><span style=\"font-size: medium;\">Oui, ou alors simplement en utilisant des mots, qu&rsquo;ils aient un sens ou non. Le mot \u00ab\u00a0signification\u00a0\u00bb a trois significations : signification, valeur et but. Non seulement ils signifient quelque chose de coh\u00e9rent, mais ils peuvent aussi \u00eatre per\u00e7us comme ayant une grande valeur et g\u00e9n\u00e9rer des intentions et des impulsions fortes. Tout cela va de pair.<\/span><\/span><\/p>\n<p align=\"justify\"><span style=\"color: #000000;\"><span style=\"font-size: medium;\">Ce n&rsquo;est pas seulement le contenu de l&rsquo;imagination. Ils sont tous li\u00e9s entre eux. Le mot intelligence a comme racine <i>interlegere<\/i>. <i>Inter<\/i> signifie entre et <i>legere<\/i> pourrait signifier lire ou choisir ou cueillir. Si vous l&rsquo;interpr\u00e9tez comme signifiant, lire entre les lignes, cela peut aider \u00e0 comprendre. Les r\u00e9flexes vous permettent de lire ce qui se trouve sur les lignes, mais lorsque vous lisez entre les lignes, vous devez avoir une certaine qualit\u00e9 de libert\u00e9 et d&rsquo;imagination. L&rsquo;intelligence doit \u00eatre de cette nature.<\/span><\/span><\/p>\n<p align=\"justify\"><span style=\"color: #000000;\"><span style=\"font-size: medium;\"><b>Maintenant, vous r\u00e9unissez l&rsquo;intelligence et l&rsquo;imagination cr\u00e9ative. Je pense que nous devrions d\u00e9velopper cela davantage.<\/b><\/span><\/span><\/p>\n<p align=\"justify\"><span style=\"color: #000000;\"><span style=\"font-size: medium;\">Je veux \u00e9galement faire une distinction entre l&rsquo;intelligence et l&rsquo;intellect. L&rsquo;intellect est le participe pass\u00e9 d\u2019<i>interleger<\/i>. C&rsquo;est ce qui a \u00e9t\u00e9 lu. C&rsquo;est plus ou moins la m\u00eame chose que la pens\u00e9e, une pens\u00e9e tr\u00e8s organis\u00e9e visant la logique et la coh\u00e9rence, etc. et c&rsquo;est plus ou moins le niveau auquel un ordinateur pourrait fonctionner. Un ordinateur peut reproduire tout ce que l&rsquo;intellect peut faire, mais il ne reproduira pas l&rsquo;imagination cr\u00e9ative et l&rsquo;intelligence. Nous pouvons facilement voir comment l&rsquo;imagination apportera l&rsquo;harmonie, l&rsquo;ordre, la beaut\u00e9 et un sentiment de coh\u00e9rence, mais pourquoi devrais-je y m\u00ealer l&rsquo;intelligence ?<\/span><\/span><\/p>\n<p align=\"justify\"><span style=\"color: #000000;\"><span style=\"font-size: medium;\">C&rsquo;est une question de raison. Le mot raison est bas\u00e9 sur le mot latin <i>ratio<\/i> et vous pouvez voir que ratio est une qualit\u00e9 de base que vous devez percevoir. Ratio est aussi bien qualitatif que quantitatif. Tout comme deux objets sont li\u00e9s dans la r\u00e9alit\u00e9, ils le sont aussi dans la pens\u00e9e. C&rsquo;est un ratio qualitatif et il est \u00e9tendu au ratio quantitatif. Ce ratio, une fois appris, devint une partie du syst\u00e8me de r\u00e9flexes. Ce sont des r\u00e9flexes tr\u00e8s organis\u00e9s qui visent la coh\u00e9rence. Aucun ratio ne peut \u00eatre coh\u00e9rent, quel que soit la place o\u00f9 il est appliqu\u00e9, parce que de nouvelles situations surviennent o\u00f9 il n&rsquo;est pas pertinent, o\u00f9 les abstractions utilis\u00e9es ne sont pas appropri\u00e9es.<\/span><\/span><\/p>\n<p align=\"justify\"><span style=\"color: #000000;\"><span style=\"font-size: medium;\">C\u2019est le tableau. Dire que l&rsquo;intellect n&rsquo;est que le r\u00e9sidu de l&rsquo;intelligence perceptive. Le point majeur est l&rsquo;intelligence et non l&rsquo;intellect. Mais \u00e0 l&rsquo;heure actuelle, on a tendance \u00e0 dire que le r\u00e9sultat est le point majeur.<\/span><\/span><\/p>\n<p align=\"justify\"><span style=\"color: #000000;\"><span style=\"font-size: medium;\"><b>Vous avez laiss\u00e9 entendre \u00e0 bien des \u00e9gards que le cerveau qui peut inclure l&rsquo;esprit est litt\u00e9ralement infini. Comment pouvez-vous dire cela ?<\/b><\/span><\/span><\/p>\n<p align=\"justify\"><span style=\"color: #000000;\"><span style=\"font-size: medium;\">Tout ce que nous disons sur la structure de la mati\u00e8re est une abstraction. Nous pouvons faire une abstraction de ce tableau. Il semble avoir une forme assez \u00e9trange, mais nous savons que c&rsquo;est en fait un rectangle. Il semble plus compliqu\u00e9 lorsqu&rsquo;il est projet\u00e9 sur l&rsquo;\u0153il. Il change toujours quand on se d\u00e9place autour de lui. Ensuite vous dites que c&rsquo;est vraiment un rectangle. Mais si vous regardez plus attentivement, \u00e0 travers la physique, vous dites que c&rsquo;est constitu\u00e9 d&rsquo;atomes et que c&rsquo;est surtout un espace vide avec une sorte d&rsquo;abstraction nuageuse. Ensuite, m\u00eame les atomes qui \u00e9taient suppos\u00e9s \u00eatre indivisibles sont eux-m\u00eames constitu\u00e9s de plus petits \u00e9l\u00e9ments, qui \u00e0 leur tour sont pour la plupart des espaces vides, et cela se transforme en quarks, en champs et en bien d&rsquo;autres choses. Au moins, l&rsquo;exp\u00e9rience jusqu&rsquo;\u00e0 pr\u00e9sent a montr\u00e9 que vous ne trouverez pas de structure ultime, bien qu&rsquo;on en cherche une maintenant.<\/span><\/span><\/p>\n<p align=\"justify\"><span style=\"color: #000000;\"><span style=\"font-size: medium;\">De nombreux physiciens croient qu&rsquo;ils vont trouver ce qu&rsquo;ils appellent <i>la Th\u00e9orie du Tout<\/i>. Je voudrais sugg\u00e9rer qu&rsquo;il n&rsquo;y a pas de limite \u00e0 la subtilit\u00e9 de la structure possible de la mati\u00e8re. Elle pourrait s&rsquo;estomper dans ce que nous appelons l&rsquo;esprit. Ce n&rsquo;est qu&rsquo;une hypoth\u00e8se de dire que le cerveau est limit\u00e9.<\/span><\/span><\/p>\n<p align=\"justify\"><span style=\"color: #000000;\"><span style=\"font-size: medium;\">Si vous examinez l\u2019\u00e9vidence g\u00e9n\u00e9rale, vous verrez qu&rsquo;il n&rsquo;y a pas de base pour cela et qu&rsquo;il serait pr\u00e9f\u00e9rable de dire qu&rsquo;il n&rsquo;est pas limit\u00e9. C&rsquo;est une meilleure hypoth\u00e8se. Au moins, elle reste ouverte. Sinon, \u00e7a fermerait tout le syst\u00e8me, ce qui serait l&rsquo;un des facteurs qui le transformerait en un ensemble de r\u00e9flexes.<\/span><\/span><\/p>\n<p align=\"justify\"><span style=\"color: #000000;\"><span style=\"font-size: medium;\"><b>Il semble que tout notre syst\u00e8me \u00e9ducatif est bas\u00e9 sur un faux mod\u00e8le de cette intelligence cr\u00e9ative dont nous avons parl\u00e9 ?<\/b><\/span><\/span><\/p>\n<p align=\"justify\"><span style=\"color: #000000;\"><span style=\"font-size: medium;\">Le premier point est de r\u00e9aliser que l&rsquo;intellect n&rsquo;est pas l&rsquo;intelligence. Les r\u00e8gles de la logique formelle ne sont pas les m\u00eames que celles de l&rsquo;intelligence. Elles sont le produit d&rsquo;une intelligence qui s&rsquo;est cristallis\u00e9e. Vous voyez qu&rsquo;il existe une intelligence perceptive et une intelligence qui s&rsquo;est cristallis\u00e9e en tant qu&rsquo;intellect. Nous devons dire que lorsque les gens ont une nouvelle id\u00e9e, ils trouvent de nouvelles cat\u00e9gories de raison, de nouvelles relations, de nouveaux ratios qui, je pense, doivent \u00eatre per\u00e7us. Nous devons comprendre la notion de ratio de perception. Je pense que toutes les grandes d\u00e9couvertes ont \u00e9t\u00e9 de cette nature.<\/span><\/span><\/p>\n<p align=\"justify\"><span style=\"color: #000000;\"><span style=\"font-size: medium;\">Je dirais que l\u2019intelligence est fondamentalement une facult\u00e9, la m\u00eame dans tous les domaines. Ce n\u2019est pas seulement l&rsquo;intellect, mais aussi l&rsquo;art, la perception, l&rsquo;action et elle agit de mani\u00e8re cr\u00e9ative par le biais d\u2019un libre jeu. Cette intelligence cr\u00e9ative doit impr\u00e9gner la vie en g\u00e9n\u00e9ral, tandis que l&rsquo;intellect doit ressortir comme un cas particulier. Nous en avons besoin dans certains cas. L&rsquo;intelligence devrait pouvoir utiliser l&rsquo;intellect, mais \u00e7a ne fonctionne pas dans l&rsquo;autre sens. L&rsquo;intellect ne peut pas contr\u00f4ler et utiliser l&rsquo;intelligence. Cette intelligence est pr\u00e9sente autant dans le travail de l&rsquo;artiste que dans celui du scientifique ou de la personne qui \u00e9crit un livre ou met en place une industrie pratique. Quoi que vous fassiez, nous avons besoin de cette intelligence. Elle a une origine universelle, qui se ramifie dans diff\u00e9rents domaines. Ce n&rsquo;est que dans la mesure o\u00f9 vous appliquez l&rsquo;intellect que vous obtiendrez cette ramification. L&rsquo;intellect cr\u00e9e les divisions, qui peuvent avoir une certaine pertinence jusqu&rsquo;\u00e0 un certain point. Mais m\u00eame alors, dans ces divisions, l&rsquo;intelligence doit \u00eatre le mouvement principal, qui utilise les structures de l&rsquo;intellect.<\/span><\/span><\/p>\n<p align=\"center\">***<\/p>\n<p align=\"justify\"><span style=\"color: #000000;\"><span style=\"font-size: medium;\"><i>C&rsquo;est avec le plus grand respect et la plus grande affection que je remercie David et Sara<\/i><i>l<\/i><i> Bohm pour leur inspiration, leur insight et le soutien qu&rsquo;ils nous ont apport\u00e9 au fil des ans. L&rsquo;exemple qu&rsquo;ils ont partag\u00e9, \u00e0 travers leur vie, leur compr\u00e9hension et leur compassion, continue \u00e0 r\u00e9sonner dans notre vision de Touch the Future.<\/i><\/span><\/span><\/p>\n","protected":false},"excerpt":{"rendered":"<p>Traduction libre Alors que nous nous pr\u00e9cipitons dans le 21e si\u00e8cle, l&rsquo;impact de l&rsquo;information et de la technologie va changer nos vies de fa\u00e7on spectaculaire. Pour appliquer correctement nos connaissances actuelles et futures, nous devons d&rsquo;abord explorer notre fa\u00e7on de penser, non pas en termes de son contenu mais plut\u00f4t dans la totalit\u00e9 du domaine [&hellip;]<\/p>\n","protected":false},"author":2,"featured_media":17240,"comment_status":"closed","ping_status":"closed","sticky":false,"template":"","format":"standard","meta":{"footnotes":""},"categories":[439,5,1934],"tags":[136,104,1507],"class_list":["post-18315","post","type-post","status-publish","format-standard","has-post-thumbnail","hentry","category-david-bohm","category-interview","category-mendizza-michael","tag-connaissance-de-soi","tag-pensee","tag-proprioception"],"yoast_head":"<!-- This site is optimized with the Yoast SEO plugin v27.0 - https:\/\/yoast.com\/product\/yoast-seo-wordpress\/ -->\n<title>David Bohm \u2013 Les limites de la pens\u00e9e. Une conversation avec Michael Mendizza - 3e mill\u00e9naire - Spiritualit\u00e9 - Connaissance de soi - Non-dualit\u00e9 - M\u00e9ditation<\/title>\n<meta name=\"robots\" content=\"index, follow, max-snippet:-1, max-image-preview:large, max-video-preview:-1\" \/>\n<link rel=\"canonical\" href=\"https:\/\/www.revue3emillenaire.com\/blog\/david-bohm-les-limites-de-la-pensee-une-conversation-avec-michael-mendizza\/\" \/>\n<meta property=\"og:locale\" content=\"fr_FR\" \/>\n<meta property=\"og:type\" content=\"article\" \/>\n<meta property=\"og:title\" content=\"David Bohm \u2013 Les limites de la pens\u00e9e. Une conversation avec Michael Mendizza - 3e mill\u00e9naire - Spiritualit\u00e9 - Connaissance de soi - Non-dualit\u00e9 - M\u00e9ditation\" \/>\n<meta property=\"og:description\" content=\"Traduction libre Alors que nous nous pr\u00e9cipitons dans le 21e si\u00e8cle, l&rsquo;impact de l&rsquo;information et de la technologie va changer nos vies de fa\u00e7on spectaculaire. Pour appliquer correctement nos connaissances actuelles et futures, nous devons d&rsquo;abord explorer notre fa\u00e7on de penser, non pas en termes de son contenu mais plut\u00f4t dans la totalit\u00e9 du domaine [&hellip;]\" \/>\n<meta property=\"og:url\" content=\"https:\/\/www.revue3emillenaire.com\/blog\/david-bohm-les-limites-de-la-pensee-une-conversation-avec-michael-mendizza\/\" \/>\n<meta property=\"og:site_name\" content=\"3e mill\u00e9naire - Spiritualit\u00e9 - Connaissance de soi - Non-dualit\u00e9 - M\u00e9ditation\" \/>\n<meta property=\"article:published_time\" content=\"2021-01-22T21:47:04+00:00\" \/>\n<meta property=\"article:modified_time\" content=\"2024-07-01T11:27:32+00:00\" \/>\n<meta property=\"og:image\" content=\"https:\/\/www.revue3emillenaire.com\/blog\/wp-content\/uploads\/2016\/06\/david_bohm.jpg\" \/>\n\t<meta property=\"og:image:width\" content=\"121\" \/>\n\t<meta property=\"og:image:height\" content=\"148\" \/>\n\t<meta property=\"og:image:type\" content=\"image\/jpeg\" \/>\n<meta name=\"author\" content=\"3e mill\u00e9naire\" \/>\n<meta name=\"twitter:card\" content=\"summary_large_image\" \/>\n<meta name=\"twitter:label1\" content=\"\u00c9crit par\" \/>\n\t<meta name=\"twitter:data1\" content=\"3e mill\u00e9naire\" \/>\n\t<meta name=\"twitter:label2\" content=\"Dur\u00e9e de lecture estim\u00e9e\" \/>\n\t<meta name=\"twitter:data2\" content=\"45 minutes\" \/>\n<script type=\"application\/ld+json\" class=\"yoast-schema-graph\">{\"@context\":\"https:\/\/schema.org\",\"@graph\":[{\"@type\":\"Article\",\"@id\":\"https:\/\/www.revue3emillenaire.com\/blog\/david-bohm-les-limites-de-la-pensee-une-conversation-avec-michael-mendizza\/#article\",\"isPartOf\":{\"@id\":\"https:\/\/www.revue3emillenaire.com\/blog\/david-bohm-les-limites-de-la-pensee-une-conversation-avec-michael-mendizza\/\"},\"author\":{\"name\":\"3e mill\u00e9naire\",\"@id\":\"https:\/\/www.revue3emillenaire.com\/blog\/#\/schema\/person\/b692dacff720a5344a6190bc714397eb\"},\"headline\":\"David Bohm \u2013 Les limites de la pens\u00e9e. Une conversation avec Michael Mendizza\",\"datePublished\":\"2021-01-22T21:47:04+00:00\",\"dateModified\":\"2024-07-01T11:27:32+00:00\",\"mainEntityOfPage\":{\"@id\":\"https:\/\/www.revue3emillenaire.com\/blog\/david-bohm-les-limites-de-la-pensee-une-conversation-avec-michael-mendizza\/\"},\"wordCount\":9650,\"image\":{\"@id\":\"https:\/\/www.revue3emillenaire.com\/blog\/david-bohm-les-limites-de-la-pensee-une-conversation-avec-michael-mendizza\/#primaryimage\"},\"thumbnailUrl\":\"https:\/\/www.revue3emillenaire.com\/blog\/wp-content\/uploads\/2016\/06\/david_bohm.jpg\",\"keywords\":[\"connaissance de soi\",\"Pens\u00e9e\",\"Proprioception\"],\"articleSection\":[\"Bohm David\",\"Entretien\/Interview\",\"Mendizza Michael\"],\"inLanguage\":\"fr-FR\"},{\"@type\":\"WebPage\",\"@id\":\"https:\/\/www.revue3emillenaire.com\/blog\/david-bohm-les-limites-de-la-pensee-une-conversation-avec-michael-mendizza\/\",\"url\":\"https:\/\/www.revue3emillenaire.com\/blog\/david-bohm-les-limites-de-la-pensee-une-conversation-avec-michael-mendizza\/\",\"name\":\"David Bohm \u2013 Les limites de la pens\u00e9e. Une conversation avec Michael Mendizza - 3e mill\u00e9naire - Spiritualit\u00e9 - Connaissance de soi - Non-dualit\u00e9 - M\u00e9ditation\",\"isPartOf\":{\"@id\":\"https:\/\/www.revue3emillenaire.com\/blog\/#website\"},\"primaryImageOfPage\":{\"@id\":\"https:\/\/www.revue3emillenaire.com\/blog\/david-bohm-les-limites-de-la-pensee-une-conversation-avec-michael-mendizza\/#primaryimage\"},\"image\":{\"@id\":\"https:\/\/www.revue3emillenaire.com\/blog\/david-bohm-les-limites-de-la-pensee-une-conversation-avec-michael-mendizza\/#primaryimage\"},\"thumbnailUrl\":\"https:\/\/www.revue3emillenaire.com\/blog\/wp-content\/uploads\/2016\/06\/david_bohm.jpg\",\"datePublished\":\"2021-01-22T21:47:04+00:00\",\"dateModified\":\"2024-07-01T11:27:32+00:00\",\"author\":{\"@id\":\"https:\/\/www.revue3emillenaire.com\/blog\/#\/schema\/person\/b692dacff720a5344a6190bc714397eb\"},\"breadcrumb\":{\"@id\":\"https:\/\/www.revue3emillenaire.com\/blog\/david-bohm-les-limites-de-la-pensee-une-conversation-avec-michael-mendizza\/#breadcrumb\"},\"inLanguage\":\"fr-FR\",\"potentialAction\":[{\"@type\":\"ReadAction\",\"target\":[\"https:\/\/www.revue3emillenaire.com\/blog\/david-bohm-les-limites-de-la-pensee-une-conversation-avec-michael-mendizza\/\"]}]},{\"@type\":\"ImageObject\",\"inLanguage\":\"fr-FR\",\"@id\":\"https:\/\/www.revue3emillenaire.com\/blog\/david-bohm-les-limites-de-la-pensee-une-conversation-avec-michael-mendizza\/#primaryimage\",\"url\":\"https:\/\/www.revue3emillenaire.com\/blog\/wp-content\/uploads\/2016\/06\/david_bohm.jpg\",\"contentUrl\":\"https:\/\/www.revue3emillenaire.com\/blog\/wp-content\/uploads\/2016\/06\/david_bohm.jpg\",\"width\":121,\"height\":148},{\"@type\":\"BreadcrumbList\",\"@id\":\"https:\/\/www.revue3emillenaire.com\/blog\/david-bohm-les-limites-de-la-pensee-une-conversation-avec-michael-mendizza\/#breadcrumb\",\"itemListElement\":[{\"@type\":\"ListItem\",\"position\":1,\"name\":\"Accueil\",\"item\":\"https:\/\/www.revue3emillenaire.com\/blog\/\"},{\"@type\":\"ListItem\",\"position\":2,\"name\":\"David Bohm \u2013 Les limites de la pens\u00e9e. Une conversation avec Michael Mendizza\"}]},{\"@type\":\"WebSite\",\"@id\":\"https:\/\/www.revue3emillenaire.com\/blog\/#website\",\"url\":\"https:\/\/www.revue3emillenaire.com\/blog\/\",\"name\":\"3e mill\u00e9naire - Spiritualit\u00e9 - Connaissance de soi - Non-dualit\u00e9 - M\u00e9ditation\",\"description\":\"L&#039;Homme en devenir\",\"potentialAction\":[{\"@type\":\"SearchAction\",\"target\":{\"@type\":\"EntryPoint\",\"urlTemplate\":\"https:\/\/www.revue3emillenaire.com\/blog\/?s={search_term_string}\"},\"query-input\":{\"@type\":\"PropertyValueSpecification\",\"valueRequired\":true,\"valueName\":\"search_term_string\"}}],\"inLanguage\":\"fr-FR\"},{\"@type\":\"Person\",\"@id\":\"https:\/\/www.revue3emillenaire.com\/blog\/#\/schema\/person\/b692dacff720a5344a6190bc714397eb\",\"name\":\"3e mill\u00e9naire\",\"url\":\"https:\/\/www.revue3emillenaire.com\/blog\/author\/scoussa\/\"}]}<\/script>\n<!-- \/ Yoast SEO plugin. -->","yoast_head_json":{"title":"David Bohm \u2013 Les limites de la pens\u00e9e. Une conversation avec Michael Mendizza - 3e mill\u00e9naire - Spiritualit\u00e9 - Connaissance de soi - Non-dualit\u00e9 - M\u00e9ditation","robots":{"index":"index","follow":"follow","max-snippet":"max-snippet:-1","max-image-preview":"max-image-preview:large","max-video-preview":"max-video-preview:-1"},"canonical":"https:\/\/www.revue3emillenaire.com\/blog\/david-bohm-les-limites-de-la-pensee-une-conversation-avec-michael-mendizza\/","og_locale":"fr_FR","og_type":"article","og_title":"David Bohm \u2013 Les limites de la pens\u00e9e. Une conversation avec Michael Mendizza - 3e mill\u00e9naire - Spiritualit\u00e9 - Connaissance de soi - Non-dualit\u00e9 - M\u00e9ditation","og_description":"Traduction libre Alors que nous nous pr\u00e9cipitons dans le 21e si\u00e8cle, l&rsquo;impact de l&rsquo;information et de la technologie va changer nos vies de fa\u00e7on spectaculaire. Pour appliquer correctement nos connaissances actuelles et futures, nous devons d&rsquo;abord explorer notre fa\u00e7on de penser, non pas en termes de son contenu mais plut\u00f4t dans la totalit\u00e9 du domaine [&hellip;]","og_url":"https:\/\/www.revue3emillenaire.com\/blog\/david-bohm-les-limites-de-la-pensee-une-conversation-avec-michael-mendizza\/","og_site_name":"3e mill\u00e9naire - Spiritualit\u00e9 - Connaissance de soi - Non-dualit\u00e9 - M\u00e9ditation","article_published_time":"2021-01-22T21:47:04+00:00","article_modified_time":"2024-07-01T11:27:32+00:00","og_image":[{"width":121,"height":148,"url":"https:\/\/www.revue3emillenaire.com\/blog\/wp-content\/uploads\/2016\/06\/david_bohm.jpg","type":"image\/jpeg"}],"author":"3e mill\u00e9naire","twitter_card":"summary_large_image","twitter_misc":{"\u00c9crit par":"3e mill\u00e9naire","Dur\u00e9e de lecture estim\u00e9e":"45 minutes"},"schema":{"@context":"https:\/\/schema.org","@graph":[{"@type":"Article","@id":"https:\/\/www.revue3emillenaire.com\/blog\/david-bohm-les-limites-de-la-pensee-une-conversation-avec-michael-mendizza\/#article","isPartOf":{"@id":"https:\/\/www.revue3emillenaire.com\/blog\/david-bohm-les-limites-de-la-pensee-une-conversation-avec-michael-mendizza\/"},"author":{"name":"3e mill\u00e9naire","@id":"https:\/\/www.revue3emillenaire.com\/blog\/#\/schema\/person\/b692dacff720a5344a6190bc714397eb"},"headline":"David Bohm \u2013 Les limites de la pens\u00e9e. Une conversation avec Michael Mendizza","datePublished":"2021-01-22T21:47:04+00:00","dateModified":"2024-07-01T11:27:32+00:00","mainEntityOfPage":{"@id":"https:\/\/www.revue3emillenaire.com\/blog\/david-bohm-les-limites-de-la-pensee-une-conversation-avec-michael-mendizza\/"},"wordCount":9650,"image":{"@id":"https:\/\/www.revue3emillenaire.com\/blog\/david-bohm-les-limites-de-la-pensee-une-conversation-avec-michael-mendizza\/#primaryimage"},"thumbnailUrl":"https:\/\/www.revue3emillenaire.com\/blog\/wp-content\/uploads\/2016\/06\/david_bohm.jpg","keywords":["connaissance de soi","Pens\u00e9e","Proprioception"],"articleSection":["Bohm David","Entretien\/Interview","Mendizza Michael"],"inLanguage":"fr-FR"},{"@type":"WebPage","@id":"https:\/\/www.revue3emillenaire.com\/blog\/david-bohm-les-limites-de-la-pensee-une-conversation-avec-michael-mendizza\/","url":"https:\/\/www.revue3emillenaire.com\/blog\/david-bohm-les-limites-de-la-pensee-une-conversation-avec-michael-mendizza\/","name":"David Bohm \u2013 Les limites de la pens\u00e9e. Une conversation avec Michael Mendizza - 3e mill\u00e9naire - Spiritualit\u00e9 - Connaissance de soi - Non-dualit\u00e9 - M\u00e9ditation","isPartOf":{"@id":"https:\/\/www.revue3emillenaire.com\/blog\/#website"},"primaryImageOfPage":{"@id":"https:\/\/www.revue3emillenaire.com\/blog\/david-bohm-les-limites-de-la-pensee-une-conversation-avec-michael-mendizza\/#primaryimage"},"image":{"@id":"https:\/\/www.revue3emillenaire.com\/blog\/david-bohm-les-limites-de-la-pensee-une-conversation-avec-michael-mendizza\/#primaryimage"},"thumbnailUrl":"https:\/\/www.revue3emillenaire.com\/blog\/wp-content\/uploads\/2016\/06\/david_bohm.jpg","datePublished":"2021-01-22T21:47:04+00:00","dateModified":"2024-07-01T11:27:32+00:00","author":{"@id":"https:\/\/www.revue3emillenaire.com\/blog\/#\/schema\/person\/b692dacff720a5344a6190bc714397eb"},"breadcrumb":{"@id":"https:\/\/www.revue3emillenaire.com\/blog\/david-bohm-les-limites-de-la-pensee-une-conversation-avec-michael-mendizza\/#breadcrumb"},"inLanguage":"fr-FR","potentialAction":[{"@type":"ReadAction","target":["https:\/\/www.revue3emillenaire.com\/blog\/david-bohm-les-limites-de-la-pensee-une-conversation-avec-michael-mendizza\/"]}]},{"@type":"ImageObject","inLanguage":"fr-FR","@id":"https:\/\/www.revue3emillenaire.com\/blog\/david-bohm-les-limites-de-la-pensee-une-conversation-avec-michael-mendizza\/#primaryimage","url":"https:\/\/www.revue3emillenaire.com\/blog\/wp-content\/uploads\/2016\/06\/david_bohm.jpg","contentUrl":"https:\/\/www.revue3emillenaire.com\/blog\/wp-content\/uploads\/2016\/06\/david_bohm.jpg","width":121,"height":148},{"@type":"BreadcrumbList","@id":"https:\/\/www.revue3emillenaire.com\/blog\/david-bohm-les-limites-de-la-pensee-une-conversation-avec-michael-mendizza\/#breadcrumb","itemListElement":[{"@type":"ListItem","position":1,"name":"Accueil","item":"https:\/\/www.revue3emillenaire.com\/blog\/"},{"@type":"ListItem","position":2,"name":"David Bohm \u2013 Les limites de la pens\u00e9e. Une conversation avec Michael Mendizza"}]},{"@type":"WebSite","@id":"https:\/\/www.revue3emillenaire.com\/blog\/#website","url":"https:\/\/www.revue3emillenaire.com\/blog\/","name":"3e mill\u00e9naire - Spiritualit\u00e9 - Connaissance de soi - Non-dualit\u00e9 - M\u00e9ditation","description":"L&#039;Homme en devenir","potentialAction":[{"@type":"SearchAction","target":{"@type":"EntryPoint","urlTemplate":"https:\/\/www.revue3emillenaire.com\/blog\/?s={search_term_string}"},"query-input":{"@type":"PropertyValueSpecification","valueRequired":true,"valueName":"search_term_string"}}],"inLanguage":"fr-FR"},{"@type":"Person","@id":"https:\/\/www.revue3emillenaire.com\/blog\/#\/schema\/person\/b692dacff720a5344a6190bc714397eb","name":"3e mill\u00e9naire","url":"https:\/\/www.revue3emillenaire.com\/blog\/author\/scoussa\/"}]}},"_links":{"self":[{"href":"https:\/\/www.revue3emillenaire.com\/blog\/wp-json\/wp\/v2\/posts\/18315","targetHints":{"allow":["GET"]}}],"collection":[{"href":"https:\/\/www.revue3emillenaire.com\/blog\/wp-json\/wp\/v2\/posts"}],"about":[{"href":"https:\/\/www.revue3emillenaire.com\/blog\/wp-json\/wp\/v2\/types\/post"}],"author":[{"embeddable":true,"href":"https:\/\/www.revue3emillenaire.com\/blog\/wp-json\/wp\/v2\/users\/2"}],"replies":[{"embeddable":true,"href":"https:\/\/www.revue3emillenaire.com\/blog\/wp-json\/wp\/v2\/comments?post=18315"}],"version-history":[{"count":0,"href":"https:\/\/www.revue3emillenaire.com\/blog\/wp-json\/wp\/v2\/posts\/18315\/revisions"}],"wp:featuredmedia":[{"embeddable":true,"href":"https:\/\/www.revue3emillenaire.com\/blog\/wp-json\/wp\/v2\/media\/17240"}],"wp:attachment":[{"href":"https:\/\/www.revue3emillenaire.com\/blog\/wp-json\/wp\/v2\/media?parent=18315"}],"wp:term":[{"taxonomy":"category","embeddable":true,"href":"https:\/\/www.revue3emillenaire.com\/blog\/wp-json\/wp\/v2\/categories?post=18315"},{"taxonomy":"post_tag","embeddable":true,"href":"https:\/\/www.revue3emillenaire.com\/blog\/wp-json\/wp\/v2\/tags?post=18315"}],"curies":[{"name":"wp","href":"https:\/\/api.w.org\/{rel}","templated":true}]}}