{"id":18317,"date":"2021-02-05T00:57:57","date_gmt":"2021-02-04T23:57:57","guid":{"rendered":"https:\/\/www.revue3emillenaire.com\/blog\/?p=18317"},"modified":"2021-02-05T00:57:57","modified_gmt":"2021-02-04T23:57:57","slug":"sur-les-chemins-de-lagrobioculture-par-victor-michon","status":"publish","type":"post","link":"https:\/\/www.revue3emillenaire.com\/blog\/sur-les-chemins-de-lagrobioculture-par-victor-michon\/","title":{"rendered":"Sur les chemins de l&rsquo;agrobioculture par Victor Michon"},"content":{"rendered":"<p class=\"western\" align=\"justify\"><span style=\"color: #000000;\"><span style=\"font-size: medium;\"><span lang=\"fr-FR\">Revue 3<\/span><\/span><\/span><span style=\"color: #000000;\"><sup><span style=\"font-size: medium;\"><span lang=\"fr-FR\">e<\/span><\/span><\/sup><\/span><span style=\"color: #000000;\"><span style=\"font-size: medium;\"><span lang=\"fr-FR\"> Mill\u00e9naire. Ancienne s\u00e9rie. N<\/span><\/span><\/span><span style=\"color: #000000;\"><sup><span style=\"font-size: medium;\"><span lang=\"fr-FR\">o<\/span><\/span><\/sup><\/span><span style=\"color: #000000;\"><span style=\"font-size: medium;\"><span lang=\"fr-FR\"> 17. Novembre\/D\u00e9cembre 1984)<\/span><\/span><\/span><\/p>\n<p class=\"western\" align=\"justify\"><span style=\"color: #000000;\"><span style=\"font-size: medium;\"><span lang=\"fr-FR\"><i><b>L\u2019agriculture biodynamique est la r\u00e9ponse concr\u00e8te et pratique \u00e0 l&rsquo;explication m\u00e9dicale, scientifique et traditionnelle de l&rsquo;importance consid\u00e9rable des \u00e9nergies que l&rsquo;homme (et les b\u00eates) doivent puiser dans leur alimentation. Dans notre soci\u00e9t\u00e9 superm\u00e9canis\u00e9e, domin\u00e9e par la science chimique et asphyxi\u00e9e par les servitudes du profit et des r\u00e9sultats quantitatifs, cette d\u00e9marche de l&rsquo;agriculture biodynamique est une voie vers le qualitatif, un retour aux sources, une remise en question de tout ce qui se fait en agriculture conventionnelle. Par elle aussi, l&rsquo;homme retrouve sa vraie place au sein de la nature et reprend conscience de son appartenance au cosmos. L&rsquo;enseignement prodigu\u00e9 pour exercer le m\u00e9tier d&rsquo;agriculteur biodynamique est donc \u00e9labor\u00e9 sur plusieurs niveaux : le physique, l&rsquo;\u00e9th\u00e9rique et le spirituel. Entre cet agriculteur et sa terre, se recr\u00e9e le lien bris\u00e9 par le seul mat\u00e9rialisme ; c&rsquo;est une osmose d&rsquo;amour et de respect mutuel, osmose porteuse des plus riches promesses d&rsquo;avenir.Si ce que nous mangeons nous forme et nous informe, il est urgent de changer de m\u00e9thodes d&rsquo;agriculture et de ne plus se priver des bienfaits de la biodynamie.<\/b><\/i><\/span><\/span><\/span><\/p>\n<p class=\"western\" align=\"justify\"><span style=\"color: #000000;\"><span style=\"font-size: medium;\"><span lang=\"fr-FR\"><b>Victor Michon agriculteur et biodynamicien raconte quel fut son chemin et les difficult\u00e9s qu&rsquo;il a rencontr\u00e9es dans ce domaine difficile \u00e0 ma\u00eetriser. Il nous apprend \u00e9galement quelle fut sa lutte avec l&rsquo;Administration et les services de l&rsquo;Institut national de la recherche agronomique quand il a d\u00e9cid\u00e9 de fonder son \u00e9cole d&rsquo;agriculture biodynamique dont l&rsquo;enseignement s&rsquo;\u00e9cartait \u00e9videmment des sentiers officiels.<\/b><\/span><\/span><\/span><\/p>\n<p class=\"western\" align=\"justify\"><span style=\"color: #000000;\"><span style=\"font-size: medium;\"><span lang=\"fr-FR\"><i>D\u00e9couverte, en captivit\u00e9, de Rudolf Steiner \u2022 Premiers chocs et r\u00e9v\u00e9lation de mon appartenance au monde v\u00e9g\u00e9tal \u2022 La fin de la solitude \u2022 Premiers pas vers l&rsquo;agro-biodynamique \u2022 La constitution du domaine et le projet d&rsquo;\u00eelots de survie \u2022 Heurts avec les incoh\u00e9rences de l&rsquo;INRA \u2022 Un grand projet la cr\u00e9ation prochaine d&rsquo;un Institut International de Biodynamie.<\/i><\/span><\/span><\/span><\/p>\n<p class=\"western\" align=\"justify\"><span style=\"color: #000000;\"><span style=\"font-size: medium;\"><span lang=\"fr-FR\">Citadin de naissance et de famille, mes rapports avec la nature durant mon enfance et ma jeunesse rest\u00e8rent tr\u00e8s superficiels. \u00c9colier ou \u00e9tudiant, je ne me suis jamais senti reli\u00e9 aux v\u00e9g\u00e9taux ni aux animaux. La d\u00e9couverte de la mer et du vent reste li\u00e9e dans mes souvenirs \u00e0 celle des chars \u00e0 voile des plages du Nord et \u00e0 la griserie de la vitesse ; la d\u00e9couverte de la montagne et des for\u00eats \u00e0 celle des premi\u00e8res promenades en bicyclette ou en automobile\u2026<\/span><\/span><\/span><\/p>\n<p class=\"western\" align=\"justify\"><span style=\"color: #000000;\"><span style=\"font-size: medium;\"><span lang=\"fr-FR\">Plus tard j&rsquo;ai travers\u00e9 avec attention presque toute l&rsquo;Europe, mais toujours en train, ne m&rsquo;arr\u00eatant que dans les villes pour des contacts d&rsquo;homme \u00e0 homme avec des artistes ou des \u00e9conomistes. Je ne me souviens des paysages agrestes d\u00e9couverts sur ces parcours que comme d&rsquo;harmonieux tableaux aux couleurs gaies ou tristes, abstractions int\u00e9rieures g\u00e9n\u00e9ratrices de r\u00eaves \u00e9vanescents.<\/span><\/span><\/span><\/p>\n<p class=\"western\" align=\"justify\"><span style=\"color: #000000;\"><span style=\"font-size: medium;\"><span lang=\"fr-FR\">Il m&rsquo;a fallu la guerre et la captivit\u00e9 en Allemagne pour m&rsquo;\u00e9veiller aux forces telluriques et cosmiques qui r\u00e9gissent \u00e0 quatre-vingt pour cent \u2013 je le sais maintenant \u2013 toutes les formes de vie terrestre. Je ferai gr\u00e2ce aux lecteurs. des p\u00e9rip\u00e9ties qui amen\u00e8rent un \u00e9l\u00e8ve-officier sursitaire \u00e0 se trouver prisonnier dans un stalag de Bavi\u00e8re apr\u00e8s un an de dr\u00f4le de guerre ; le fait est qu&rsquo;arriv\u00e9 l\u00e0, mon id\u00e9e fixe motiv\u00e9e surtout par la dysenterie et la faim, fut de vouloir participer \u00e0 \u00ab la moisson de quarante \u00bb dans une ferme allemande : elle m&rsquo;offrait la chance de retrouver nourriture et sant\u00e9 et d&rsquo;\u00e9chapper \u00e0 la vie concentrationnaire d&rsquo;un camp de quatre-vingt mille hommes.<\/span><\/span><\/span><\/p>\n<p class=\"western\" align=\"justify\"><span style=\"color: #000000;\"><span style=\"font-size: medium;\"><span lang=\"fr-FR\">Avec dix paysans authentiques de vingt \u00e0 quarante ans, je fus affect\u00e9 d\u00e8s le mois de juin dans un petit commando situ\u00e9 \u00e0 Seebruck-a-Chimsee, au bord du lac du m\u00eame nom, non loin du Starnberg et des for\u00eats de Louis II le romantique. Notre gardien \u00e9tait un jeune pasteur protestant. Le chef civil indig\u00e8ne, sans doute le meilleur nazi du village, e\u00fbt t\u00f4t fait d&rsquo;appr\u00e9cier le peu de valeur de mon concours aux travaux manuels&#8230;<\/span><\/span><\/span><\/p>\n<p class=\"western\" align=\"justify\"><span style=\"color: #000000;\"><span style=\"font-size: medium;\"><span lang=\"fr-FR\"><b>D\u00e9couverte de Rudolf Steiner<\/b><\/span><\/span><\/span><\/p>\n<p class=\"western\" align=\"justify\"><span style=\"color: #000000;\"><span style=\"font-size: medium;\"><span lang=\"fr-FR\">Apr\u00e8s quelques jours d&rsquo;essai dans sa propre entreprise de charpente pour terminer le baraquement qui devait nous abriter, il envoya les plus dou\u00e9s chez ses proches amis paysans et me fit affecter \u2013 moi, l&rsquo;intellectuel incapable \u2013 chez son ennemi, l&rsquo;ancien bourgmestre social-d\u00e9mocrate dont la ferme \u00e9tait \u00e9loign\u00e9e du centre de la cit\u00e9 d&rsquo;environ trois kilom\u00e8tres.<\/span><\/span><\/span><\/p>\n<p class=\"western\" align=\"justify\"><span style=\"color: #000000;\"><span style=\"font-size: medium;\"><span lang=\"fr-FR\">L&rsquo;accueil fut plut\u00f4t froid. Je n&rsquo;\u00e9tais pas un cadeau pour ce vieillard ! et parfaitement incapable de remplacer son fils a\u00een\u00e9, mobilis\u00e9 dans la Wehrmacht ; mais je balbutiais l&rsquo;allemand et sa bru et sa femme tr\u00e8s courageuses, tout en m&rsquo;aidant \u00e0 me refortifier, m&rsquo;apprirent rapidement \u00e0 rendre quelques services&#8230; et \u00e0 les d\u00e9fendre contre les entreprises sournoises d&rsquo;un petit neveu de seize ans, membre de la Hitlerjugend du pays en pension chez elles. En un mois je fus adopt\u00e9. Les le\u00e7ons d&rsquo;allemand, que j&rsquo;\u00e9changeais contre des le\u00e7ons de fran\u00e7ais avec mon gardien que je retrouvais chaque jour pour la soir\u00e9e et pour la nuit, me permirent d&rsquo;\u00e9tablir un dialogue avec le chef de famille, ancien combattant bless\u00e9 de la guerre de 14-18 qui lui avait laiss\u00e9 une claudication de la jambe gauche, traditionnaliste mais d\u00e9j\u00e0 europ\u00e9en, paysan cultiv\u00e9 comme on en rencontre peu en France, grand lecteur de livres d&rsquo;histoire, ouvert au progr\u00e8s scientifique et donnant l&rsquo;exemple d&rsquo;une vie laborieuse, pieuse et r\u00e9fl\u00e9chie.<\/span><\/span><\/span><\/p>\n<p class=\"western\" align=\"justify\"><span style=\"color: #000000;\"><span style=\"font-size: medium;\"><span lang=\"fr-FR\">C&rsquo;est lui qui me pr\u00eata \u2013 discr\u00e8tement parce qu&rsquo;elles \u00e9taient interdites \u2013 les \u0153uvres de Rudolf Steiner, fondateur de la biodynamie, et qui en dix mois, sans se d\u00e9partir d&rsquo;une attitude digne et tr\u00e8s r\u00e9serv\u00e9e, transforma, sans s&rsquo;en apercevoir, ma vie et mon avenir.<\/span><\/span><\/span><\/p>\n<p class=\"western\" align=\"justify\"><span style=\"color: #000000;\"><span style=\"font-size: medium;\"><span lang=\"fr-FR\"><b>Le grand choc en un \u00e9clair<\/b><\/span><\/span><\/span><\/p>\n<p class=\"western\" align=\"justify\"><span style=\"color: #000000;\"><span style=\"font-size: medium;\"><span lang=\"fr-FR\">L&rsquo;\u00e9v\u00e9nement eut lieu au d\u00e9but de l&rsquo;automne. Les travaux collectifs des foins et de la moisson avaient occup\u00e9 tout l&rsquo;\u00e9t\u00e9. A partir de septembre et apr\u00e8s y avoir \u00e9t\u00e9 initi\u00e9, je passais mes journ\u00e9es \u00e0 travailler seul, soit au bord du lac \u00e0 couper des roseaux pour les liti\u00e8res d&rsquo;hiver, soit dans les for\u00eats, ramassant les bois morts pour le chauffage et les feuilles mortes destin\u00e9es \u00e0 enrichir le compost des fumiers et lisiers de la ferme. Merveilleux moments de solitude et d&rsquo;intense vie int\u00e9rieure qui me pr\u00e9par\u00e8rent \u00e0 une prise de conscience qui eut lieu brusquement un jour o\u00f9, comme \u00e0 la lumi\u00e8re d&rsquo;un \u00e9clair, je ressentis le monde v\u00e9g\u00e9tal qui m&rsquo;entourait comme mon propre monde, peupl\u00e9 d&rsquo;\u00eatres visibles et invisibles dont je percevais imm\u00e9diatement les pulsations et partageais la vie.<\/span><\/span><\/span><\/p>\n<p class=\"western\" align=\"justify\"><span style=\"color: #000000;\"><span style=\"font-size: medium;\"><span lang=\"fr-FR\">Sensations nouvelles, sentiments nouveaux se succ\u00e9d\u00e8rent jours et nuits jusqu&rsquo;\u00e0 la fin de l&rsquo;automne 1940, renouvelant ma pens\u00e9e dans ses fondements, en changeant m\u00eame le fonctionnement. Joies et douleurs, inqui\u00e9tude ou paix int\u00e9rieure, r\u00e9pulsions ou d\u00e9sirs se trouvaient nourris de nouveaux courants substanciels. Je sentis pour la premi\u00e8re fois mon esprit d\u00e9livr\u00e9 de la dictature de la logique, soulev\u00e9 par des forces d&rsquo;amour et de conscience jamais ressenties, disponible \u00e0 de nouveaux \u00e9changes au-del\u00e0 du rationnel.<\/span><\/span><\/span><\/p>\n<p class=\"western\" align=\"justify\"><span style=\"color: #000000;\"><span style=\"font-size: medium;\"><span lang=\"fr-FR\">Le besoin de toujours acqu\u00e9rir commen\u00e7ait \u00e0 faire place en moi au besoin de donner : ma solitude int\u00e9rieure avait pris d\u00e9finitivement fin et j&rsquo;avais d\u00e9couvert les chemins de l&rsquo;imagination qui m\u00e8nent \u00e0 l&rsquo;inspiration et \u00e0 l&rsquo;intuition.<\/span><\/span><\/span><\/p>\n<p class=\"western\" align=\"justify\"><span style=\"color: #000000;\"><span style=\"font-size: medium;\"><span lang=\"fr-FR\">Vingt ans (j&rsquo;en avais vingt-sept) de construction logique et rationnelle s&rsquo;\u00e9croulaient comme le mur d&rsquo;une prison. Quelle que soit la conjoncture, mes lendemains devaient chanter !<\/span><\/span><\/span><\/p>\n<p class=\"western\" align=\"justify\"><span style=\"color: #000000;\"><span style=\"font-size: medium;\"><span lang=\"fr-FR\">Lorsque, la paix recouvr\u00e9e apr\u00e8s quatre ans de p\u00e9rip\u00e9ties \u2013 \u00e9vasion, r\u00e9sistance, maquis, d\u00e9mobilisation \u2013 et les agitations de l&rsquo;apr\u00e8s-guerre, j&rsquo;ai pu, vers 1950, faire le bilan de cette p\u00e9riode de notre histoire dont nous n&rsquo;avions pas fini de subir les cons\u00e9quences, j&rsquo;ai pris conscience que cette transfiguration int\u00e9rieure ressentie en Bavi\u00e8re avait chang\u00e9 pour moi la signification m\u00eame de la vie. Il \u00e9tait temps de concr\u00e9tiser les le\u00e7ons de cette aventure.<\/span><\/span><\/span><\/p>\n<p class=\"western\" align=\"justify\"><span style=\"color: #000000;\"><span style=\"font-size: medium;\"><span lang=\"fr-FR\"><b>Cr\u00e9er des \u00eelots exemplaires de r\u00e9flexion<\/b><\/span><\/span><\/span><\/p>\n<p class=\"western\" align=\"justify\"><span style=\"color: #000000;\"><span style=\"font-size: medium;\"><span lang=\"fr-FR\">Nous vivions dans un monde durablement troubl\u00e9, o\u00f9 les m\u00e9diocres allaient, comme toujours dans ce cas, prendre leur revanche. La culture et la civilisation dont j&rsquo;avais moi-m\u00eame b\u00e9n\u00e9fici\u00e9 dans mon enfance, o\u00f9 la part de l&rsquo;esprit et de la cr\u00e9ation personnelle \u00e9tait encore tr\u00e8s grande, \u00e9taient gravement menac\u00e9s par la supr\u00e9matie d\u00e9j\u00e0 partout r\u00e9gnante des int\u00e9r\u00eats \u00e9conomiques et financiers. Le climat de guerre froide install\u00e9 sur tout l&rsquo;Occident paralyserait encore longtemps la plan\u00e9tarisation de la politique mondiale qui seule pourrait faire na\u00eetre une paix durable pour tous les hommes.<\/span><\/span><\/span><\/p>\n<p class=\"western\" align=\"justify\"><span style=\"color: #000000;\"><span style=\"font-size: medium;\"><span lang=\"fr-FR\">La jeunesse sartrienne commen\u00e7ait \u00e0 mener une existence sans vie\u2026<\/span><\/span><\/span><\/p>\n<p class=\"western\" align=\"justify\"><span style=\"color: #000000;\"><span style=\"font-size: medium;\"><span lang=\"fr-FR\">Pour lutter contre toutes ces forces de mort il fallait donc, comme les moines b\u00e2tisseurs du Moyen-Age, cr\u00e9er des \u00eelots exemplaires de r\u00e9flexion et d&rsquo;action organis\u00e9s en autarcie stable et naturelle, garantissant \u00e0 chacun nourriture et sant\u00e9 et par l\u00e0-m\u00eame disponibilit\u00e9 au monde et libert\u00e9 d&rsquo;esprit.<\/span><\/span><\/span><\/p>\n<p class=\"western\" align=\"justify\"><span style=\"color: #000000;\"><span style=\"font-size: medium;\"><span lang=\"fr-FR\">L\u00e0 pourrait s&rsquo;\u00e9laborer et s&rsquo;exp\u00e9rimenter une nouvelle discipline \u00e0 la fois scientifique et spirituelle : une \u00ab biodynamique \u00bb, capable de mobiliser les \u00e9nergies de consciences latentes dans tous les r\u00e8gnes terrestres pour leur rendre leur rythme assomptionnel.<\/span><\/span><\/span><\/p>\n<p class=\"western\" align=\"justify\"><span style=\"color: #000000;\"><span style=\"font-size: medium;\"><span lang=\"fr-FR\">L&rsquo;agriculture biodynamique de Rudolf Steiner existait d\u00e9j\u00e0, au moins th\u00e9oriquement, dans notre pays. La prospective venait de na\u00eetre et Gaston Berger la d\u00e9finissait : \u00ab La recherche d&rsquo;une attitude pour l&rsquo;action, qui tienne compte de l&rsquo;avenir, en fonction de l&rsquo;homme. \u00bb<\/span><\/span><\/span><\/p>\n<p class=\"western\" align=\"justify\"><span style=\"color: #000000;\"><span style=\"font-size: medium;\"><span lang=\"fr-FR\">Il fallait oser.<\/span><\/span><\/span><\/p>\n<p class=\"western\" align=\"justify\"><span style=\"color: #000000;\"><span style=\"font-size: medium;\"><span lang=\"fr-FR\"><b>Effets pervers des intelligences non prospectives<\/b><\/span><\/span><\/span><\/p>\n<p class=\"western\" align=\"justify\"><span style=\"color: #000000;\"><span style=\"font-size: medium;\"><span lang=\"fr-FR\">En 1959 le march\u00e9 des terres commen\u00e7ait \u00e0 s&rsquo;effondrer suite aux effets pratiques du rapport Armand-Rueff de 1958. Qui a lu ce rapport dont on a tant parl\u00e9 ? Heureusement pour la m\u00e9moire de ses illustres auteurs qui \u00e9taient par ailleurs des hommes de grande vertu, presque personne n&rsquo;en a pris connaissance. Mais tout le monde en a entendu parler comme d&rsquo;une panac\u00e9e miraculeuse ouvrant les portes de l&rsquo;\u00e2ge d&rsquo;or. Ses recommandations furent effectivement suivies par nos gouvernements : pour assurer l&rsquo;expansion \u00e9conomique et la puissance industrielle de la France, il fallait maintenir les prix agricoles au-dessous des prix industriels et pour diriger la main-d&rsquo;oeuvre rurale vers l&rsquo;industrie il fallait la cantonner dans \u00ab un niveau de vie sensiblement inf\u00e9rieur aux autres cat\u00e9gories de travailleurs \u00bb (sic)\u2026<\/span><\/span><\/span><\/p>\n<p class=\"western\" align=\"justify\"><span style=\"color: #000000;\"><span style=\"font-size: medium;\"><span lang=\"fr-FR\">Voici comment des intelligences non prospectives peuvent en toute bonne foi acc\u00e9l\u00e9rer une d\u00e9cadence.<\/span><\/span><\/span><\/p>\n<p class=\"western\" align=\"justify\"><span style=\"color: #000000;\"><span style=\"font-size: medium;\"><span lang=\"fr-FR\">Notre m\u00e9nage pour sa part \u00e9tait pr\u00eat aux plus lourds sacrifices pour r\u00e9aliser nos projets. Le Lyonnais, patrie de ma femme, pr\u00e9sentait un choix consid\u00e9rable de propri\u00e9t\u00e9s \u00e0 l&rsquo;abandon. Nous y avons facilement trouv\u00e9 un petit vigneronnage en colline entour\u00e9 de terres et de bois abandonn\u00e9s aux forces de la nature depuis trois ou quatre ans par un jovial vieillard en retraite : dix-sept hectares en friches et une habitation en ruine. C&rsquo;\u00e9tait \u00e0 notre port\u00e9e. Nous avons pu inaugurer la nouvelle maison familiale r\u00e9nov\u00e9e \u00e0 la No\u00ebl 1960.<\/span><\/span><\/span><\/p>\n<p class=\"western\" align=\"justify\"><span style=\"color: #000000;\"><span style=\"font-size: medium;\"><span lang=\"fr-FR\">C&rsquo;\u00e9tait un premier bastion, mais trop \u00e9troit pour une exp\u00e9rience biodynamique valable, qui implique la pluralit\u00e9 des disciplines agricoles avec un \u00e9levage ad\u00e9quat pour produire les engrais compost\u00e9s. L&rsquo;ancien cuvage \u00e9tait devenu salle \u00e0 manger, l&rsquo;\u00e9curie salle de jeux et la grange bureau biblioth\u00e8que. Nous ne pouvions planter qu&rsquo;un verger et un potager. Ce fut fait. D\u00e8s cette premi\u00e8re installation, sans d\u00e9marche ni recherche, les propri\u00e9taires voisins vinrent successivement nous proposer leurs terres qu&rsquo;ils avaient ou voulaient quitter. En quatre ans nous \u00e9tions en mesure d&rsquo;organiser une exp\u00e9rience biodynamique authentique sur une centaine d&rsquo;hectares, moiti\u00e9 en bois et taillis, moiti\u00e9 en landes, terres et prairies&#8230; Terres tr\u00e8s pauvres, pentes \u00e0 40 %, c&rsquo;est-\u00e0-dire difficiles \u00e0 travailler.<\/span><\/span><\/span><\/p>\n<p class=\"western\" align=\"justify\"><span style=\"color: #000000;\"><span style=\"font-size: medium;\"><span lang=\"fr-FR\">L&rsquo;exp\u00e9rience pouvait \u00eatre exemplaire.<\/span><\/span><\/span><\/p>\n<p class=\"western\" align=\"justify\"><span style=\"color: #000000;\"><span style=\"font-size: medium;\"><span lang=\"fr-FR\"><b>11 ans : un cycle solaire d&rsquo;\u00e9preuves<\/b><\/span><\/span><\/span><\/p>\n<p class=\"western\" align=\"justify\"><span style=\"color: #000000;\"><span style=\"font-size: medium;\"><span lang=\"fr-FR\">Avec les prodigieuses satisfactions que peut donner un amour familial unissant trois g\u00e9n\u00e9rations et confort\u00e9 par son extension aux animaux et \u00e0 la terre, nos joies furent aussi celles des difficult\u00e9s surmont\u00e9es.<\/span><\/span><\/span><\/p>\n<p class=\"western\" align=\"justify\"><span style=\"color: #000000;\"><span style=\"font-size: medium;\"><span lang=\"fr-FR\">Mais nous avons tr\u00e8s vite appris qu&rsquo;il fallait aussi parfois savoir attendre et se taire. Je ne raconterai jamais les trahisons, les mesquineries, les d\u00e9robades qui r\u00e9pondirent \u00e0 notre confiance na\u00efve et notre inexp\u00e9rience du milieu rural. Durant onze ans \u2013 un cycle solaire \u2013 les \u00e9preuves se succ\u00e9d\u00e8rent all\u00e9grement. Les biodynamiciens fran\u00e7ais que nous consultions, tr\u00e8s comp\u00e9tents en mara\u00eechage et en arboriculture, connaissaient mal l&rsquo;\u00e9levage et ignoraient la vigne. Ils ignoraient \u00e9galement l&rsquo;art de la gestion et la loi de rentabilit\u00e9 qui doivent r\u00e9gir toute entreprise qui veut durer. Parall\u00e8lement la main-d&rsquo;oeuvre r\u00e9gionale ne pouvait pas m\u00eame concevoir que quatre-vingt pour cent de la vie v\u00e9g\u00e9tale \u2013 comme la vie animale et humaine \u2013 d\u00e9pendait des forces cosmiques que nous leur proposions de catalyser avec quelques grammes de \u00ab pr\u00e9parations venant de l&rsquo;\u00e9tranger \u00bb et pas seulement des substances \u2013 NPK ! \u2013 dont on nourrit le sol. A notre grand \u00e9tonnement nos jeunes paysans ignoraient m\u00eame la d\u00e9finition et le r\u00f4le de l&rsquo;humus\u2026<\/span><\/span><\/span><\/p>\n<p class=\"western\" align=\"justify\"><span style=\"color: #000000;\"><span style=\"font-size: medium;\"><span lang=\"fr-FR\">M\u00eame en nous relayant sur place, nous \u00e9tions absents plus de la moiti\u00e9 du temps. Il nous a donc fallu nous borner \u00e0 utiliser la m\u00e9thode de culture dite biologique \u2013 utilisant exclusivement des engrais organiques \u2013 pour vivifier nos terrains. Nous \u00e9tions condamn\u00e9s \u00e0 faire confiance, \u00e0 fermer les yeux sur l&rsquo;organisation du travail, \u00e0 tol\u00e9rer ceci&#8230; \u00e0 tol\u00e9rer cela&#8230; Il y eut beaucoup de stations \u00e0 notre chemin de croix\u2026<\/span><\/span><\/span><\/p>\n<p class=\"western\" align=\"justify\"><span style=\"color: #000000;\"><span style=\"font-size: medium;\"><span lang=\"fr-FR\">A l&rsquo;\u00e9vidence nous ne pourrions r\u00e9aliser notre projet, ni m\u00eame en pr\u00e9parer convenablement les assises sans rester \u00e0 demeure sur place et prendre nous-m\u00eames avec nos enfants la responsabilit\u00e9 et l&rsquo;organisation du travail de la terre.<\/span><\/span><\/span><\/p>\n<p class=\"western\" align=\"justify\"><span style=\"color: #000000;\"><span style=\"font-size: medium;\"><span lang=\"fr-FR\"><b>l974: objectif atteint et d\u00e9veloppements<\/b><\/span><\/span><\/span><\/p>\n<p class=\"western\" align=\"justify\"><span style=\"color: #000000;\"><span style=\"font-size: medium;\"><span lang=\"fr-FR\">Notre deuxi\u00e8me cycle solaire qui commen\u00e7ait en 1970 fut inaugur\u00e9 par la d\u00e9cision de ma femme de quitter d\u00e9finitivement Paris et les affaires pour devenir fermi\u00e8re \u00e0 Malleval. L&rsquo;exp\u00e9rience biodynamique authentique commen\u00e7ait. Le Centre d&rsquo;\u00c9tudes et de Recherches Biodynamiques \u00bb naissait en m\u00eame temps avec le concours d&rsquo;amis agronomes, chimistes (chimie biologique et chimie mol\u00e9culaire), biophysiciens, g\u00e9ophysiciens, professeurs, membres du CNRS ou conseillers d&rsquo;entreprises qui trouvaient chez nous un terrain d&rsquo;exp\u00e9rimentation pour leurs propres travaux (effets des courants oscillants, effets Kirlian, r\u00e9sultats compar\u00e9s des produits des diff\u00e9rentes m\u00e9thodes d&rsquo;agriculture, etc.). Des \u00e9tudiants stagiaires, souvent issus des milieux urbains et universitaires, se succ\u00e9d\u00e8rent en permanence.<\/span><\/span><\/span><\/p>\n<p class=\"western\" align=\"justify\"><span style=\"color: #000000;\"><span style=\"font-size: medium;\"><span lang=\"fr-FR\">En 1972, la rentabilit\u00e9 \u00e9tait acquise et la stricte m\u00e9thode biodynamique appliqu\u00e9e. En 1974, l&rsquo;autarcie \u00e9tait compl\u00e8te. En 1977, les \u00ab Compagnons B\u00e2tisseurs \u00bb venaient nous aider \u00e0 sauvegarder les vieux b\u00e2timents qui mena\u00e7aient ruine et que nous destinions \u00e0 la future Abbaye-Ecole o\u00f9 pourrait \u00eatre enseign\u00e9e un jour la \u00ab Biodynamique \u00bb nouvelle science qui, apr\u00e8s l&rsquo;agriculture pourrait appliquer ses lois \u00e0 l&rsquo;architecture et \u00e0 la prospective du XXI<\/span><\/span><\/span><span style=\"color: #000000;\"><sup><span style=\"font-size: medium;\"><span lang=\"fr-FR\">e<\/span><\/span><\/sup><\/span><span style=\"color: #000000;\"><span style=\"font-size: medium;\"><span lang=\"fr-FR\"> si\u00e8cle.<\/span><\/span><\/span><\/p>\n<p class=\"western\" align=\"justify\"><span style=\"color: #000000;\"><span style=\"font-size: medium;\"><span lang=\"fr-FR\"><b>L&rsquo;indiff\u00e9rence de la France<\/b><\/span><\/span><\/span><\/p>\n<p class=\"western\" align=\"justify\"><span style=\"color: #000000;\"><span style=\"font-size: medium;\"><span lang=\"fr-FR\">Depuis 1925, l&rsquo;agriculture biodynamique a son \u00e9cole-m\u00e8re : l&rsquo;Institut du Goetheanum de Dornach en Suisse, fond\u00e9 par Rudolf Steiner lui-m\u00eame et dont les propositions ont \u00e9t\u00e9 depuis exp\u00e9riment\u00e9es et mises en pratique par des chercheurs de niveau et de qualification universitaire. Les publications de cet Institut se montent aujourd&rsquo;hui \u00e0 plusieurs centaines de titres. Malheureusement les traductions fran\u00e7aises en sont jusqu&rsquo;\u00e0 maintenant rares, faute d&rsquo;int\u00e9r\u00eat&#8230; et de subventions. Daniel Simonnot, pionnier de l&rsquo;agriculture biodynamique en Europe, qui aujourd&rsquo;hui dispense b\u00e9n\u00e9volement son savoir aux jeunes \u00e9tudiants de notre Ecole a \u00e9t\u00e9 le premier traducteur de ses Conf\u00e9rences aux agriculteurs. Il les commente quelques pages plus loin dans ce num\u00e9ro.<\/span><\/span><\/span><\/p>\n<p class=\"western\" align=\"justify\"><span style=\"color: #000000;\"><span style=\"font-size: medium;\"><span lang=\"fr-FR\">A la m\u00eame \u00e9poque, Georges Clarke, attach\u00e9 agricole aupr\u00e8s du Vice-Roi des Indes, puis son successeur Albert Howard, provoquaient la fondation de la premi\u00e8re \u00e9cole anglaise. Howard a publi\u00e9 en 1940 un livre intitul\u00e9 \u00ab <\/span><\/span><\/span><span style=\"color: #000000;\"><span style=\"font-size: medium;\"><span lang=\"fr-FR\"><i>Testament Agricole<\/i><\/span><\/span><\/span><span style=\"color: #000000;\"><span style=\"font-size: medium;\"><span lang=\"fr-FR\"> \u00bb o\u00f9 il relate son exp\u00e9rience aux Indes, \u00e0 l&rsquo;Institut d&rsquo;Indore de 1931 \u00e0 1940. Les techniques de compostage et de fumure organique y sont d\u00e9velopp\u00e9es \u00e0 l&rsquo;\u00e9chelle industrielle et la notion de fertilit\u00e9 est soigneusement discut\u00e9e et critiqu\u00e9e.<\/span><\/span><\/span><\/p>\n<p class=\"western\" align=\"justify\"><span style=\"color: #000000;\"><span style=\"font-size: medium;\"><span lang=\"fr-FR\"><b>La biodynamie dans le monde<\/b><\/span><\/span><\/span><\/p>\n<p class=\"western\" align=\"justify\"><span style=\"color: #000000;\"><span style=\"font-size: medium;\"><span lang=\"fr-FR\">Pfeiffer, ing\u00e9nieur agronome allemand, disciple direct de R. Steiner fonda d\u00e8s 1927 un institut de biodynamie \u00e0 Spring Valley, Massachusett aux Etats-Unis d&rsquo;Am\u00e9rique. Les \u00e9coles de m\u00eame type s&rsquo;y multiplient parall\u00e8lement au d\u00e9veloppement des \u00ab Organics Farmers \u00bb et plusieurs universit\u00e9s ont cr\u00e9\u00e9 \u00ab en extension \u00bb des centres d&rsquo;\u00e9tudes et de recherches, tel que celui de Milwaukee dans le Wisconsin, o\u00f9 l&rsquo;esprit scientifique n&rsquo;a pas peur de se marier avec la Connaissance.<\/span><\/span><\/span><\/p>\n<p class=\"western\" align=\"justify\"><span style=\"color: #000000;\"><span style=\"font-size: medium;\"><span lang=\"fr-FR\">Maintenant, partout dans les pays germaniques, scandinaves, anglo-saxons, les m\u00e9thodes biologiques et particuli\u00e8rement la biodynamie sont des disciplines autonomes normalement reconnues dont les th\u00e9oriciens et les praticiens sont accept\u00e9s par leurs pairs, m\u00eame s&rsquo;ils restent minoritaires.<\/span><\/span><\/span><\/p>\n<p class=\"western\" align=\"justify\"><span style=\"color: #000000;\"><span style=\"font-size: medium;\"><span lang=\"fr-FR\">Du 21 au 23 mars 1982 un colloque international a eu lieu \u00e0 Upsala en Su\u00e8de pris en charge par l&rsquo;Universit\u00e9 agricole su\u00e9doise sur le th\u00e8me : Comparaison des syst\u00e8mes agricoles. Ce congr\u00e8s a \u00e9labor\u00e9 des recommandations pour les m\u00e9thodologies de comparaison entre syst\u00e8mes conventionnels et biologiques, bases essentielles pour la validit\u00e9 des r\u00e9sultats.<\/span><\/span><\/span><\/p>\n<p class=\"western\" align=\"justify\"><span style=\"color: #000000;\"><span style=\"font-size: medium;\"><span lang=\"fr-FR\">Au Danemark la premi\u00e8re \u00e9cole d&rsquo;agrobiologie s&rsquo;est ouverte le 9 octobre 1982 avec un programme d&rsquo;enseignement conforme aux directives officielles qui s&rsquo;articule parall\u00e8lement sur les m\u00e9thodes conventionnelles et les m\u00e9thodes biologiques.<\/span><\/span><\/span><\/p>\n<p class=\"western\" align=\"justify\"><span style=\"color: #000000;\"><span style=\"font-size: medium;\"><span lang=\"fr-FR\">Nous avons ouvert la premi\u00e8re \u00e9cole fran\u00e7aise d&rsquo;agrobiologie \u00e0 Beaujeu en 1983. Les b\u00e2timents inaugur\u00e9s le 19 mars purent recevoir officiellement des \u00e9l\u00e8ves se pr\u00e9parant au BEPA \u00e0 la rentr\u00e9e d&rsquo;octobre.<\/span><\/span><\/span><\/p>\n<p class=\"western\" align=\"justify\"><span style=\"color: #000000;\"><span style=\"font-size: medium;\"><span lang=\"fr-FR\">Parall\u00e8lement au programme conventionnel ils re\u00e7oivent, en internat, des cours de biologie v\u00e9g\u00e9tale et animale accompagn\u00e9s d&rsquo;une initiation \u00e0 l&rsquo;esprit de la biodynamie.<\/span><\/span><\/span><\/p>\n<p class=\"western\" align=\"justify\"><span style=\"color: #000000;\"><span style=\"font-size: medium;\"><span lang=\"fr-FR\">Nous n&rsquo;avons pas pu obtenir l&rsquo;officialisation d&rsquo;un certificat de sp\u00e9cialisation en Biodynamie pour les ing\u00e9nieurs, conseillers agricoles, dipl\u00f4m\u00e9s BTS ou agriculteurs exploitants ayant au moins deux ans de pratique responsable que nous recevons \u00e9galement en internat par sessions de quatre mois et demi, comportant 450 heures d&rsquo;enseignement th\u00e9orique et pratique de la m\u00e9thode biodynamique. Ce n&rsquo;est ni l&rsquo;administration, ni l&rsquo;enseignement agricole qui en sont la cause.<\/span><\/span><\/span><\/p>\n<p class=\"western\" align=\"justify\"><span style=\"color: #000000;\"><span style=\"font-size: medium;\"><span lang=\"fr-FR\"><b>L&rsquo;INRA reste oppos\u00e9e<\/b><\/span><\/span><\/span><\/p>\n<p class=\"western\" align=\"justify\"><span style=\"color: #000000;\"><span style=\"font-size: medium;\"><span lang=\"fr-FR\">L&rsquo;administration gouvernementale, depuis 1980, a reconnu l&rsquo;existence l\u00e9gale de l&rsquo;agrobiologie avec laquelle elle s&rsquo;efforce de normaliser ses rapports. L&rsquo;enseignement agricole est aujourd&rsquo;hui assez clairvoyant sur les r\u00e9sultats et l&rsquo;avenir des diff\u00e9rentes m\u00e9thodes et de plus en plus nombreux sont les professeurs qui consid\u00e8rent la biodynamie comme une alternative possible. C&rsquo;est l&rsquo;Institut national de la recherche agronomique qui rejette formellement tout ce qui choque son esprit mat\u00e9rialiste et scientiste et veut maintenir dans la marginalit\u00e9 tout ce qui s&rsquo;apparente \u00e0 l&rsquo;agrobiologie. Or, son accord est pour l&rsquo;instant d\u00e9terminant pour l&rsquo;agr\u00e9ment de toute initiative p\u00e9dagogique ou scientifique dans ce domaine.<\/span><\/span><\/span><\/p>\n<p class=\"western\" align=\"justify\"><span style=\"color: #000000;\"><span style=\"font-size: medium;\"><span lang=\"fr-FR\">Il nous appartiendra d&rsquo;en \u00e9tudier les raisons.<\/span><\/span><\/span><\/p>\n<p class=\"western\" align=\"justify\"><span style=\"color: #000000;\"><span style=\"font-size: medium;\"><span lang=\"fr-FR\">En dehors de toutes les consid\u00e9rations humanitaires qui nous animent et sur le seul plan \u00e9conomique qui semble \u00eatre sa pr\u00e9occupation exclusive \u2013 mais au profit de qui ? \u2013 o\u00f9 en est l&rsquo;agriculture de l&rsquo;INRA, dite \u00ab de progr\u00e8s \u00bb ? Si elle \u00e9tait dans une situation florissante et exempte de probl\u00e8mes, on comprendrait le rejet de toute alternative. \u00c7a ne semble pas le cas. Sa recherche, sa technique et son \u00e9conomie sont inspir\u00e9es par des conceptions incompatibles entre elles et dont les cons\u00e9quences sont incoh\u00e9rentes.<\/span><\/span><\/span><\/p>\n<p class=\"western\" align=\"justify\"><span style=\"color: #000000;\"><span style=\"font-size: medium;\"><span lang=\"fr-FR\">Sa recherche est, d&rsquo;un c\u00f4t\u00e9 g\u00e9n\u00e9ratrice de productivisme et de gros exc\u00e9dents (bl\u00e9, beurre)\u00a0; d&rsquo;un autre, son exclusivisme nous condamne \u00e0 une d\u00e9pendance vivri\u00e8re inqui\u00e9tante pour les animaux et les hommes : nous importons 90 % de nos besoins en prot\u00e9ines \u2013 90 % en viande de lapin \u2014 90 % en noisettes \u2014 90 % en plantes condimentaires et m\u00e9dicinales \u2013 80 % en miel \u2014 90 % en ch\u00e2taignes, etc. Nous n&rsquo;importions presque rien de tout cela, sans en manquer, il y a trente ans.<\/span><\/span><\/span><\/p>\n<p class=\"western\" align=\"justify\"><span style=\"color: #000000;\"><span style=\"font-size: medium;\"><span lang=\"fr-FR\">Sa technique, par ses investissements croissants en machinisme et en produits chimiques de fertilisation, entra\u00eene des prix de revient \u00e0 la production qu&rsquo;on ne peut pas r\u00e9duire. La dette actuelle de l&rsquo;agriculture fran\u00e7aise vis-\u00e0-vis du seul Cr\u00e9dit Agricole est sup\u00e9rieure \u00e0 la valeur du capital foncier du pays TOUT ENTIER.<\/span><\/span><\/span><\/p>\n<p class=\"western\" align=\"justify\"><span style=\"color: #000000;\"><span style=\"font-size: medium;\"><span lang=\"fr-FR\">Son \u00e9conomie est incapable soit de r\u00e9duire les exc\u00e9dents, soit de leur trouver une r\u00e9mun\u00e9ration, soit de les \u00e9couler en direction du tiers monde qui meurt de faim.<\/span><\/span><\/span><\/p>\n<p class=\"western\" align=\"justify\"><span style=\"color: #000000;\"><span style=\"font-size: medium;\"><span lang=\"fr-FR\">On est abasourdi de tant de d\u00e9raison de la part d&rsquo;autorit\u00e9s qui \u00e9cartent toute alternative au nom de la raison. On reste interdit quand on pense que cet organisme devenu grand censeur de toute initiative dans le domaine agraire a le monopole de la recherche poursuivie par quelque sept mille \u00e0 huit mille ing\u00e9nieurs agronomes et le monopole des moyens financiers de recherches (18 \u00e0 19 milliards par an).<\/span><\/span><\/span><\/p>\n<p class=\"western\" align=\"justify\"><span style=\"color: #000000;\"><span style=\"font-size: medium;\"><span lang=\"fr-FR\">Voil\u00e0 les consid\u00e9rations qui peuvent laisser r\u00eaveurs les contribuables fran\u00e7ais sur les triomphes de leur p\u00e9trole vert&#8230; Sans aucun doute des r\u00e9formes s&rsquo;imposent. Nous sommes de ceux qui font confiance \u00e0 l&rsquo;avenir.<\/span><\/span><\/span><\/p>\n<p class=\"western\" align=\"justify\"><span style=\"color: #000000;\"><span style=\"font-size: medium;\"><span lang=\"fr-FR\">La jeunesse, qui repr\u00e9sente cet avenir, a, gr\u00e2ce aux organisations \u00e9cologiques nationales et internationales, trouv\u00e9 le chemin de notre petite Ecole. En un an nous avons re\u00e7u des \u00e9l\u00e8ves de sept nationalit\u00e9s europ\u00e9ennes et un Africain. Nous pouvons esp\u00e9rer que deux \u00e9coles semblables s&rsquo;ouvriront bient\u00f4t. Il en faudrait une par r\u00e9gion fran\u00e7aise.<\/span><\/span><\/span><\/p>\n<p class=\"western\" align=\"justify\"><span style=\"color: #000000;\"><span style=\"font-size: medium;\"><span lang=\"fr-FR\">En ce qui nous concerne, press\u00e9 par l&rsquo;\u00e2ge et les circonstances, aid\u00e9 par les scientifiques et les penseurs d\u00e9sint\u00e9ress\u00e9s qui nous accompagnent depuis plus de dix ans, nous n&rsquo;envisageons pas moins que de donner naissance \u00e0 un \u00ab Institut international de biodynamique \u00bb qui ajoutera \u00e0 l&rsquo;agriculture figurant d\u00e9j\u00e0 au programme l&rsquo;architecture et la prospective dont a besoin notre monde en mutation. Il faut oser !<\/span><\/span><\/span><\/p>\n<p class=\"western\" align=\"justify\"><span style=\"color: #000000;\"><span style=\"font-size: medium;\"><span lang=\"fr-FR\">P.S. Bien que depuis quelque cinquante ans je n&rsquo;aie cess\u00e9 de d\u00e9fendre mes sentiments, mes go\u00fbts et mes convictions dans des journaux et des revues, je ne suis pas \u00e9crivain et j&rsquo;ai l&rsquo;habitude de partager ma signature avec celle de Cercles que j&rsquo;anime, dont je partage la pens\u00e9e et souvent le verbe, ou de me servir d&rsquo;un nomen rattach\u00e9 \u00e0 une famille spirituelle. Toute la partie documentaire de cet article est directement tir\u00e9e des enqu\u00eates accomplies par des membres du CERB et de leurs rapports. Mais j&rsquo;ai volontiers d\u00e9f\u00e9r\u00e9 \u00e0 la demande du directeur de la revue du 3e mill\u00e9naire en signant de mon patronyme cet article assorti de quelques confidences personnelles.<\/span><\/span><\/span><\/p>\n<p class=\"western\" align=\"right\"><span style=\"color: #000000;\"><span style=\"font-size: medium;\"><span lang=\"fr-FR\">V.M.<\/span><\/span><\/span><\/p>\n","protected":false},"excerpt":{"rendered":"<p>Revue 3e Mill\u00e9naire. Ancienne s\u00e9rie. No 17. Novembre\/D\u00e9cembre 1984) L\u2019agriculture biodynamique est la r\u00e9ponse concr\u00e8te et pratique \u00e0 l&rsquo;explication m\u00e9dicale, scientifique et traditionnelle de l&rsquo;importance consid\u00e9rable des \u00e9nergies que l&rsquo;homme (et les b\u00eates) doivent puiser dans leur alimentation. Dans notre soci\u00e9t\u00e9 superm\u00e9canis\u00e9e, domin\u00e9e par la science chimique et asphyxi\u00e9e par les servitudes du profit et [&hellip;]<\/p>\n","protected":false},"author":2,"featured_media":18318,"comment_status":"closed","ping_status":"closed","sticky":false,"template":"","format":"standard","meta":{"footnotes":""},"categories":[1014],"tags":[1508],"class_list":["post-18317","post","type-post","status-publish","format-standard","has-post-thumbnail","hentry","category-essais","tag-biodynamique"],"yoast_head":"<!-- This site is optimized with the Yoast SEO plugin v27.0 - https:\/\/yoast.com\/product\/yoast-seo-wordpress\/ -->\n<title>Sur les chemins de l&#039;agrobioculture par Victor Michon - 3e mill\u00e9naire - Spiritualit\u00e9 - Connaissance de soi - Non-dualit\u00e9 - M\u00e9ditation<\/title>\n<meta name=\"robots\" content=\"index, follow, max-snippet:-1, max-image-preview:large, max-video-preview:-1\" \/>\n<link rel=\"canonical\" href=\"https:\/\/www.revue3emillenaire.com\/blog\/sur-les-chemins-de-lagrobioculture-par-victor-michon\/\" \/>\n<meta property=\"og:locale\" content=\"fr_FR\" \/>\n<meta property=\"og:type\" content=\"article\" \/>\n<meta property=\"og:title\" content=\"Sur les chemins de l&#039;agrobioculture par Victor Michon - 3e mill\u00e9naire - Spiritualit\u00e9 - Connaissance de soi - Non-dualit\u00e9 - M\u00e9ditation\" \/>\n<meta property=\"og:description\" content=\"Revue 3e Mill\u00e9naire. Ancienne s\u00e9rie. No 17. Novembre\/D\u00e9cembre 1984) L\u2019agriculture biodynamique est la r\u00e9ponse concr\u00e8te et pratique \u00e0 l&rsquo;explication m\u00e9dicale, scientifique et traditionnelle de l&rsquo;importance consid\u00e9rable des \u00e9nergies que l&rsquo;homme (et les b\u00eates) doivent puiser dans leur alimentation. Dans notre soci\u00e9t\u00e9 superm\u00e9canis\u00e9e, domin\u00e9e par la science chimique et asphyxi\u00e9e par les servitudes du profit et [&hellip;]\" \/>\n<meta property=\"og:url\" content=\"https:\/\/www.revue3emillenaire.com\/blog\/sur-les-chemins-de-lagrobioculture-par-victor-michon\/\" \/>\n<meta property=\"og:site_name\" content=\"3e mill\u00e9naire - Spiritualit\u00e9 - Connaissance de soi - Non-dualit\u00e9 - M\u00e9ditation\" \/>\n<meta property=\"article:published_time\" content=\"2021-02-04T23:57:57+00:00\" \/>\n<meta property=\"og:image\" content=\"https:\/\/www.revue3emillenaire.com\/blog\/wp-content\/uploads\/2021\/02\/Victor-Michon.jpg\" \/>\n\t<meta property=\"og:image:width\" content=\"230\" \/>\n\t<meta property=\"og:image:height\" content=\"305\" \/>\n\t<meta property=\"og:image:type\" content=\"image\/jpeg\" \/>\n<meta name=\"author\" content=\"3e mill\u00e9naire\" \/>\n<meta name=\"twitter:card\" content=\"summary_large_image\" \/>\n<meta name=\"twitter:label1\" content=\"\u00c9crit par\" \/>\n\t<meta name=\"twitter:data1\" content=\"3e mill\u00e9naire\" \/>\n\t<meta name=\"twitter:label2\" content=\"Dur\u00e9e de lecture estim\u00e9e\" \/>\n\t<meta name=\"twitter:data2\" content=\"19 minutes\" \/>\n<script type=\"application\/ld+json\" class=\"yoast-schema-graph\">{\"@context\":\"https:\/\/schema.org\",\"@graph\":[{\"@type\":\"Article\",\"@id\":\"https:\/\/www.revue3emillenaire.com\/blog\/sur-les-chemins-de-lagrobioculture-par-victor-michon\/#article\",\"isPartOf\":{\"@id\":\"https:\/\/www.revue3emillenaire.com\/blog\/sur-les-chemins-de-lagrobioculture-par-victor-michon\/\"},\"author\":{\"name\":\"3e mill\u00e9naire\",\"@id\":\"https:\/\/www.revue3emillenaire.com\/blog\/#\/schema\/person\/b692dacff720a5344a6190bc714397eb\"},\"headline\":\"Sur les chemins de l&rsquo;agrobioculture par Victor Michon\",\"datePublished\":\"2021-02-04T23:57:57+00:00\",\"mainEntityOfPage\":{\"@id\":\"https:\/\/www.revue3emillenaire.com\/blog\/sur-les-chemins-de-lagrobioculture-par-victor-michon\/\"},\"wordCount\":3773,\"image\":{\"@id\":\"https:\/\/www.revue3emillenaire.com\/blog\/sur-les-chemins-de-lagrobioculture-par-victor-michon\/#primaryimage\"},\"thumbnailUrl\":\"https:\/\/www.revue3emillenaire.com\/blog\/wp-content\/uploads\/2021\/02\/Victor-Michon.jpg\",\"keywords\":[\"Biodynamique\"],\"articleSection\":[\"Essais\"],\"inLanguage\":\"fr-FR\"},{\"@type\":\"WebPage\",\"@id\":\"https:\/\/www.revue3emillenaire.com\/blog\/sur-les-chemins-de-lagrobioculture-par-victor-michon\/\",\"url\":\"https:\/\/www.revue3emillenaire.com\/blog\/sur-les-chemins-de-lagrobioculture-par-victor-michon\/\",\"name\":\"Sur les chemins de l'agrobioculture par Victor Michon - 3e mill\u00e9naire - Spiritualit\u00e9 - Connaissance de soi - Non-dualit\u00e9 - M\u00e9ditation\",\"isPartOf\":{\"@id\":\"https:\/\/www.revue3emillenaire.com\/blog\/#website\"},\"primaryImageOfPage\":{\"@id\":\"https:\/\/www.revue3emillenaire.com\/blog\/sur-les-chemins-de-lagrobioculture-par-victor-michon\/#primaryimage\"},\"image\":{\"@id\":\"https:\/\/www.revue3emillenaire.com\/blog\/sur-les-chemins-de-lagrobioculture-par-victor-michon\/#primaryimage\"},\"thumbnailUrl\":\"https:\/\/www.revue3emillenaire.com\/blog\/wp-content\/uploads\/2021\/02\/Victor-Michon.jpg\",\"datePublished\":\"2021-02-04T23:57:57+00:00\",\"author\":{\"@id\":\"https:\/\/www.revue3emillenaire.com\/blog\/#\/schema\/person\/b692dacff720a5344a6190bc714397eb\"},\"breadcrumb\":{\"@id\":\"https:\/\/www.revue3emillenaire.com\/blog\/sur-les-chemins-de-lagrobioculture-par-victor-michon\/#breadcrumb\"},\"inLanguage\":\"fr-FR\",\"potentialAction\":[{\"@type\":\"ReadAction\",\"target\":[\"https:\/\/www.revue3emillenaire.com\/blog\/sur-les-chemins-de-lagrobioculture-par-victor-michon\/\"]}]},{\"@type\":\"ImageObject\",\"inLanguage\":\"fr-FR\",\"@id\":\"https:\/\/www.revue3emillenaire.com\/blog\/sur-les-chemins-de-lagrobioculture-par-victor-michon\/#primaryimage\",\"url\":\"https:\/\/www.revue3emillenaire.com\/blog\/wp-content\/uploads\/2021\/02\/Victor-Michon.jpg\",\"contentUrl\":\"https:\/\/www.revue3emillenaire.com\/blog\/wp-content\/uploads\/2021\/02\/Victor-Michon.jpg\",\"width\":230,\"height\":305},{\"@type\":\"BreadcrumbList\",\"@id\":\"https:\/\/www.revue3emillenaire.com\/blog\/sur-les-chemins-de-lagrobioculture-par-victor-michon\/#breadcrumb\",\"itemListElement\":[{\"@type\":\"ListItem\",\"position\":1,\"name\":\"Accueil\",\"item\":\"https:\/\/www.revue3emillenaire.com\/blog\/\"},{\"@type\":\"ListItem\",\"position\":2,\"name\":\"Sur les chemins de l&rsquo;agrobioculture par Victor Michon\"}]},{\"@type\":\"WebSite\",\"@id\":\"https:\/\/www.revue3emillenaire.com\/blog\/#website\",\"url\":\"https:\/\/www.revue3emillenaire.com\/blog\/\",\"name\":\"3e mill\u00e9naire - Spiritualit\u00e9 - Connaissance de soi - Non-dualit\u00e9 - M\u00e9ditation\",\"description\":\"L&#039;Homme en devenir\",\"potentialAction\":[{\"@type\":\"SearchAction\",\"target\":{\"@type\":\"EntryPoint\",\"urlTemplate\":\"https:\/\/www.revue3emillenaire.com\/blog\/?s={search_term_string}\"},\"query-input\":{\"@type\":\"PropertyValueSpecification\",\"valueRequired\":true,\"valueName\":\"search_term_string\"}}],\"inLanguage\":\"fr-FR\"},{\"@type\":\"Person\",\"@id\":\"https:\/\/www.revue3emillenaire.com\/blog\/#\/schema\/person\/b692dacff720a5344a6190bc714397eb\",\"name\":\"3e mill\u00e9naire\",\"url\":\"https:\/\/www.revue3emillenaire.com\/blog\/author\/scoussa\/\"}]}<\/script>\n<!-- \/ Yoast SEO plugin. -->","yoast_head_json":{"title":"Sur les chemins de l'agrobioculture par Victor Michon - 3e mill\u00e9naire - Spiritualit\u00e9 - Connaissance de soi - Non-dualit\u00e9 - M\u00e9ditation","robots":{"index":"index","follow":"follow","max-snippet":"max-snippet:-1","max-image-preview":"max-image-preview:large","max-video-preview":"max-video-preview:-1"},"canonical":"https:\/\/www.revue3emillenaire.com\/blog\/sur-les-chemins-de-lagrobioculture-par-victor-michon\/","og_locale":"fr_FR","og_type":"article","og_title":"Sur les chemins de l'agrobioculture par Victor Michon - 3e mill\u00e9naire - Spiritualit\u00e9 - Connaissance de soi - Non-dualit\u00e9 - M\u00e9ditation","og_description":"Revue 3e Mill\u00e9naire. Ancienne s\u00e9rie. No 17. Novembre\/D\u00e9cembre 1984) L\u2019agriculture biodynamique est la r\u00e9ponse concr\u00e8te et pratique \u00e0 l&rsquo;explication m\u00e9dicale, scientifique et traditionnelle de l&rsquo;importance consid\u00e9rable des \u00e9nergies que l&rsquo;homme (et les b\u00eates) doivent puiser dans leur alimentation. Dans notre soci\u00e9t\u00e9 superm\u00e9canis\u00e9e, domin\u00e9e par la science chimique et asphyxi\u00e9e par les servitudes du profit et [&hellip;]","og_url":"https:\/\/www.revue3emillenaire.com\/blog\/sur-les-chemins-de-lagrobioculture-par-victor-michon\/","og_site_name":"3e mill\u00e9naire - Spiritualit\u00e9 - Connaissance de soi - Non-dualit\u00e9 - M\u00e9ditation","article_published_time":"2021-02-04T23:57:57+00:00","og_image":[{"width":230,"height":305,"url":"https:\/\/www.revue3emillenaire.com\/blog\/wp-content\/uploads\/2021\/02\/Victor-Michon.jpg","type":"image\/jpeg"}],"author":"3e mill\u00e9naire","twitter_card":"summary_large_image","twitter_misc":{"\u00c9crit par":"3e mill\u00e9naire","Dur\u00e9e de lecture estim\u00e9e":"19 minutes"},"schema":{"@context":"https:\/\/schema.org","@graph":[{"@type":"Article","@id":"https:\/\/www.revue3emillenaire.com\/blog\/sur-les-chemins-de-lagrobioculture-par-victor-michon\/#article","isPartOf":{"@id":"https:\/\/www.revue3emillenaire.com\/blog\/sur-les-chemins-de-lagrobioculture-par-victor-michon\/"},"author":{"name":"3e mill\u00e9naire","@id":"https:\/\/www.revue3emillenaire.com\/blog\/#\/schema\/person\/b692dacff720a5344a6190bc714397eb"},"headline":"Sur les chemins de l&rsquo;agrobioculture par Victor Michon","datePublished":"2021-02-04T23:57:57+00:00","mainEntityOfPage":{"@id":"https:\/\/www.revue3emillenaire.com\/blog\/sur-les-chemins-de-lagrobioculture-par-victor-michon\/"},"wordCount":3773,"image":{"@id":"https:\/\/www.revue3emillenaire.com\/blog\/sur-les-chemins-de-lagrobioculture-par-victor-michon\/#primaryimage"},"thumbnailUrl":"https:\/\/www.revue3emillenaire.com\/blog\/wp-content\/uploads\/2021\/02\/Victor-Michon.jpg","keywords":["Biodynamique"],"articleSection":["Essais"],"inLanguage":"fr-FR"},{"@type":"WebPage","@id":"https:\/\/www.revue3emillenaire.com\/blog\/sur-les-chemins-de-lagrobioculture-par-victor-michon\/","url":"https:\/\/www.revue3emillenaire.com\/blog\/sur-les-chemins-de-lagrobioculture-par-victor-michon\/","name":"Sur les chemins de l'agrobioculture par Victor Michon - 3e mill\u00e9naire - Spiritualit\u00e9 - Connaissance de soi - Non-dualit\u00e9 - M\u00e9ditation","isPartOf":{"@id":"https:\/\/www.revue3emillenaire.com\/blog\/#website"},"primaryImageOfPage":{"@id":"https:\/\/www.revue3emillenaire.com\/blog\/sur-les-chemins-de-lagrobioculture-par-victor-michon\/#primaryimage"},"image":{"@id":"https:\/\/www.revue3emillenaire.com\/blog\/sur-les-chemins-de-lagrobioculture-par-victor-michon\/#primaryimage"},"thumbnailUrl":"https:\/\/www.revue3emillenaire.com\/blog\/wp-content\/uploads\/2021\/02\/Victor-Michon.jpg","datePublished":"2021-02-04T23:57:57+00:00","author":{"@id":"https:\/\/www.revue3emillenaire.com\/blog\/#\/schema\/person\/b692dacff720a5344a6190bc714397eb"},"breadcrumb":{"@id":"https:\/\/www.revue3emillenaire.com\/blog\/sur-les-chemins-de-lagrobioculture-par-victor-michon\/#breadcrumb"},"inLanguage":"fr-FR","potentialAction":[{"@type":"ReadAction","target":["https:\/\/www.revue3emillenaire.com\/blog\/sur-les-chemins-de-lagrobioculture-par-victor-michon\/"]}]},{"@type":"ImageObject","inLanguage":"fr-FR","@id":"https:\/\/www.revue3emillenaire.com\/blog\/sur-les-chemins-de-lagrobioculture-par-victor-michon\/#primaryimage","url":"https:\/\/www.revue3emillenaire.com\/blog\/wp-content\/uploads\/2021\/02\/Victor-Michon.jpg","contentUrl":"https:\/\/www.revue3emillenaire.com\/blog\/wp-content\/uploads\/2021\/02\/Victor-Michon.jpg","width":230,"height":305},{"@type":"BreadcrumbList","@id":"https:\/\/www.revue3emillenaire.com\/blog\/sur-les-chemins-de-lagrobioculture-par-victor-michon\/#breadcrumb","itemListElement":[{"@type":"ListItem","position":1,"name":"Accueil","item":"https:\/\/www.revue3emillenaire.com\/blog\/"},{"@type":"ListItem","position":2,"name":"Sur les chemins de l&rsquo;agrobioculture par Victor Michon"}]},{"@type":"WebSite","@id":"https:\/\/www.revue3emillenaire.com\/blog\/#website","url":"https:\/\/www.revue3emillenaire.com\/blog\/","name":"3e mill\u00e9naire - Spiritualit\u00e9 - Connaissance de soi - Non-dualit\u00e9 - M\u00e9ditation","description":"L&#039;Homme en devenir","potentialAction":[{"@type":"SearchAction","target":{"@type":"EntryPoint","urlTemplate":"https:\/\/www.revue3emillenaire.com\/blog\/?s={search_term_string}"},"query-input":{"@type":"PropertyValueSpecification","valueRequired":true,"valueName":"search_term_string"}}],"inLanguage":"fr-FR"},{"@type":"Person","@id":"https:\/\/www.revue3emillenaire.com\/blog\/#\/schema\/person\/b692dacff720a5344a6190bc714397eb","name":"3e mill\u00e9naire","url":"https:\/\/www.revue3emillenaire.com\/blog\/author\/scoussa\/"}]}},"_links":{"self":[{"href":"https:\/\/www.revue3emillenaire.com\/blog\/wp-json\/wp\/v2\/posts\/18317","targetHints":{"allow":["GET"]}}],"collection":[{"href":"https:\/\/www.revue3emillenaire.com\/blog\/wp-json\/wp\/v2\/posts"}],"about":[{"href":"https:\/\/www.revue3emillenaire.com\/blog\/wp-json\/wp\/v2\/types\/post"}],"author":[{"embeddable":true,"href":"https:\/\/www.revue3emillenaire.com\/blog\/wp-json\/wp\/v2\/users\/2"}],"replies":[{"embeddable":true,"href":"https:\/\/www.revue3emillenaire.com\/blog\/wp-json\/wp\/v2\/comments?post=18317"}],"version-history":[{"count":0,"href":"https:\/\/www.revue3emillenaire.com\/blog\/wp-json\/wp\/v2\/posts\/18317\/revisions"}],"wp:featuredmedia":[{"embeddable":true,"href":"https:\/\/www.revue3emillenaire.com\/blog\/wp-json\/wp\/v2\/media\/18318"}],"wp:attachment":[{"href":"https:\/\/www.revue3emillenaire.com\/blog\/wp-json\/wp\/v2\/media?parent=18317"}],"wp:term":[{"taxonomy":"category","embeddable":true,"href":"https:\/\/www.revue3emillenaire.com\/blog\/wp-json\/wp\/v2\/categories?post=18317"},{"taxonomy":"post_tag","embeddable":true,"href":"https:\/\/www.revue3emillenaire.com\/blog\/wp-json\/wp\/v2\/tags?post=18317"}],"curies":[{"name":"wp","href":"https:\/\/api.w.org\/{rel}","templated":true}]}}