{"id":18330,"date":"2021-02-10T17:30:05","date_gmt":"2021-02-10T16:30:05","guid":{"rendered":"https:\/\/www.revue3emillenaire.com\/blog\/?p=18330"},"modified":"2021-02-10T17:30:05","modified_gmt":"2021-02-10T16:30:05","slug":"lorigine-inattendue-de-la-matiere-par-bernardo-kastrup","status":"publish","type":"post","link":"https:\/\/www.revue3emillenaire.com\/blog\/lorigine-inattendue-de-la-matiere-par-bernardo-kastrup\/","title":{"rendered":"L&rsquo;origine inattendue de la mati\u00e8re par Bernardo Kastrup"},"content":{"rendered":"<p align=\"justify\"><span style=\"color: #000000;\"><span style=\"font-size: medium;\"><i>Traduction libre<\/i><\/span><\/span><\/p>\n<p align=\"justify\"><span style=\"color: #000000;\"><span style=\"font-size: medium;\"><span style=\"color: #000000;\"><span style=\"font-size: medium;\"><i><b>Le monde ext\u00e9rieur est constitu\u00e9 d&rsquo;\u00e9tats transpersonnels empiriques (experiential)<\/b><\/i><\/span><\/span><\/span><\/span><\/p>\n<p align=\"justify\"><span style=\"color: #000000;\"><span style=\"font-size: medium;\"><span style=\"color: #000000;\"><span style=\"font-size: medium;\">Le probl\u00e8me ardu ou difficile de la conscience n&rsquo;est pas un probl\u00e8me qui doit \u00eatre r\u00e9solu, car il n&rsquo;existe pas dans un sens objectif. Il s&rsquo;agit simplement d&rsquo;une contradiction interne du raisonnement qui sous-tend la m\u00e9taphysique mat\u00e9rialiste, un court-circuit conceptuel qui survient lorsque nous essayons de comprendre logiquement les implications de la conception mat\u00e9rialiste de la mati\u00e8re. Il n&rsquo;y a pas de d\u00e9fi h\u00e9ro\u00efque \u00e0 relever ici, mais simplement un signe embarrassant que nos hypoth\u00e8ses les plus fondamentales sur la nature de la r\u00e9alit\u00e9 sont totalement fausses.<\/span><\/span><\/span><\/span><\/p>\n<p align=\"justify\"><span style=\"color: #000000;\"><span style=\"font-size: medium;\"><span style=\"color: #000000;\"><span style=\"font-size: medium;\">Comme nous tous, les m\u00e9taphysiciens mat\u00e9rialistes partent du contenu de leur propre conscience, comme les exp\u00e9riences perceptuelles. Tout ce qu&rsquo;ils connaissent directement, ce sont les couleurs, les saveurs et les tons qu&rsquo;ils per\u00e7oivent. Mais pour expliquer pourquoi le monde ext\u00e9rieur dans lequel nous vivons ne r\u00e9pond pas \u00e0 nos d\u00e9sirs et \u00e0 nos fantasmes int\u00e9rieurs, les mat\u00e9rialistes postulent consciemment que le monde est constitu\u00e9 d&rsquo;un m\u00e9dium ext\u00e9rieur et ind\u00e9pendant de la conscience, \u00e0 savoir la mati\u00e8re. En tant que telle, la mati\u00e8re est une abstraction explicative provisoire, une cr\u00e9ation conceptuelle de la conscience raisonnante. Nous ne pouvons jamais nous familiariser directement avec la mati\u00e8re, car tout ce que nous connaissons du monde, ce sont nos perceptions conscientes.<\/span><\/span><\/span><\/span><\/p>\n<p align=\"justify\"><span style=\"color: #000000;\"><span style=\"font-size: medium;\"><span style=\"color: #000000;\"><span style=\"font-size: medium;\">Apr\u00e8s avoir produit la mati\u00e8re, les mat\u00e9rialistes posent alors que leur conscience \u2013 l\u00e0 o\u00f9 la mati\u00e8re est con\u00e7ue au d\u00e9part \u2013 doit \u00eatre r\u00e9ductible \u00e0 la mati\u00e8re, c&rsquo;est-\u00e0-dire \u00e0 une des abstractions de la conscience elle-m\u00eame. C&rsquo;est une contradiction dans les termes, en particulier \u00e0 cause de la fa\u00e7on dont les mat\u00e9rialistes d\u00e9finissent la mati\u00e8re.<\/span><\/span><\/span><\/span><\/p>\n<p align=\"justify\"><span style=\"color: #000000;\"><span style=\"font-size: medium;\"><span style=\"color: #000000;\"><span style=\"font-size: medium;\">En effet, dans le cadre du mat\u00e9rialisme dominant, la mati\u00e8re est d\u00e9finie en termes purement quantitatifs\u00a0: valeurs mesurables de la masse, de la charge \u00e9lectrique, de l&rsquo;impulsion, de la position, de la fr\u00e9quence, de l&rsquo;amplitude, etc. Une fois que ces valeurs num\u00e9riques sont d\u00e9termin\u00e9es \u2013 que ce soit par mesure directe ou par inf\u00e9rence \u2013 elles disent ostensiblement tout ce qu&rsquo;il y a \u00e0 dire sur la mati\u00e8re ; il ne reste plus rien d&rsquo;autre. Il n&rsquo;y a rien sur la mati\u00e8re qui ne soit saisi par une liste de nombres. Par cons\u00e9quent, dans le cadre du mat\u00e9rialisme, la mati\u00e8re \u2013 par d\u00e9finition \u2013 n&rsquo;a que des propri\u00e9t\u00e9s quantitatives.<\/span><\/span><\/span><\/span><\/p>\n<p align=\"justify\"><span style=\"color: #000000;\"><span style=\"font-size: medium;\"><span style=\"color: #000000;\"><span style=\"font-size: medium;\">D&rsquo;o\u00f9 vient cette id\u00e9e d&rsquo;utiliser des quantit\u00e9s pour d\u00e9finir le monde ? Ce n&rsquo;est pas difficile \u00e0 voir : les quantit\u00e9s sont tr\u00e8s utiles pour d\u00e9crire les diff\u00e9rences relatives des contenus de la perception. Par exemple, la diff\u00e9rence relative entre le rouge et le bleu peut \u00eatre d\u00e9crite de fa\u00e7on compacte par des valeurs de fr\u00e9quence : le bleu a une fr\u00e9quence plus \u00e9lev\u00e9e que le rouge, nous pouvons donc quantifier la diff\u00e9rence visuelle entre les deux couleurs en soustrayant une fr\u00e9quence de l&rsquo;autre. Mais les valeurs de fr\u00e9quence ne peuvent pas d\u00e9crire une couleur de mani\u00e8re absolue : si vous dites \u00e0 une personne aveugle de naissance que le rouge est une vibration de champ \u00e9lectromagn\u00e9tique d&rsquo;environ 430 THz, la personne n&rsquo;aura toujours aucune id\u00e9e de ce que l&rsquo;on ressent en voyant le rouge. Les quantit\u00e9s sont utiles pour d\u00e9crire les diff\u00e9rences relatives entre des qualit\u00e9s d\u00e9j\u00e0 connues par exp\u00e9rience, mais elles passent compl\u00e8tement \u00e0 c\u00f4t\u00e9 des qualit\u00e9s elles-m\u00eames.<\/span><\/span><\/span><\/span><\/p>\n<p align=\"justify\"><span style=\"color: #000000;\"><span style=\"font-size: medium;\"><span style=\"color: #000000;\"><span style=\"font-size: medium;\">Et c&rsquo;est l\u00e0 que le mat\u00e9rialisme commet sa premi\u00e8re erreur fatale : il remplace le monde qualitatif des couleurs, des tons et des saveurs \u2013 le seul monde ext\u00e9rieur que nous connaissions directement \u2013 par une description purement quantitative qui, structurellement, ne parvient \u00e0 saisir aucune qualit\u00e9. Il confond l&rsquo;utilit\u00e9 des quantit\u00e9s avec la d\u00e9termination des diff\u00e9rences relatives entre les qualit\u00e9s pour \u2013 absurdement \u2013 quelque chose qui peut remplacer les qualit\u00e9s elles-m\u00eames.<\/span><\/span><\/span><\/span><\/p>\n<p align=\"justify\"><span style=\"color: #000000;\"><span style=\"font-size: medium;\"><span style=\"color: #000000;\"><span style=\"font-size: medium;\">Ensuite, le mat\u00e9rialisme tente de d\u00e9duire le contenu de la conscience \u00e0 partir de la mati\u00e8re de notre cerveau. En d&rsquo;autres termes, il tente de r\u00e9cup\u00e9rer les qualit\u00e9s de l&rsquo;exp\u00e9rience \u00e0 partir de simples quantit\u00e9s qui, par d\u00e9finition d\u00e9lib\u00e9r\u00e9e, omettent tout ce qui a trait aux qualit\u00e9s en premier lieu. La nature contre-productive de cette man\u0153uvre est \u00e9vidente d\u00e8s que l&rsquo;on comprend la magie que le mat\u00e9rialisme dominant tente d&rsquo;op\u00e9rer. C&rsquo;est pr\u00e9cis\u00e9ment la raison pour laquelle le probl\u00e8me difficile n&rsquo;est pas seulement difficile, mais impossible par construction. Pourtant, au lieu de s&rsquo;en rendre compte, on se perd dans la confusion conceptuelle et on esp\u00e8re, un jour, l&#8217;emporter h\u00e9ro\u00efquement sur le probl\u00e8me difficile. Ce serait une histoire inspirante de d\u00e9termination humaine si elle n&rsquo;\u00e9tait pas aussi ridicule et embarrassante.<\/span><\/span><\/span><\/span><\/p>\n<p align=\"justify\"><span style=\"color: #000000;\"><span style=\"font-size: medium;\"><span style=\"color: #000000;\"><span style=\"font-size: medium;\">En r\u00e9sum\u00e9, les mat\u00e9rialistes fantasment de l&rsquo;int\u00e9rieur de leur conscience sur un monde de mati\u00e8re pr\u00e9tendument ext\u00e9rieur \u00e0 la conscience. Pour commencer, ce monde imagin\u00e9 est, par d\u00e9finition, incommensurable avec les qualit\u00e9s de l&rsquo;exp\u00e9rience consciente. Puis, dans un majestueux exploit de masochisme conceptuel, les mat\u00e9rialistes s&rsquo;efforcent de r\u00e9duire le contenu de la conscience \u00e0 un contenu aussi abstrait&#8230; enfin, le contenu de la conscience. C&rsquo;est l&rsquo;arri\u00e8re-plan tragicomique du probl\u00e8me difficile ; un probl\u00e8me qui n&rsquo;a pas besoin d&rsquo;\u00eatre r\u00e9solu autant qu&rsquo;il est vu dans toute sa glorieuse contradiction contre-productive.<\/span><\/span><\/span><\/span><\/p>\n<p align=\"justify\"><span style=\"color: #000000;\"><span style=\"font-size: medium;\"><span style=\"color: #000000;\"><span style=\"font-size: medium;\">\u00ab\u00a0Mais quelle est l&rsquo;alternative ?\u00a0\u00bb Je vous entends demander. Si la mati\u00e8re est un concept contre-productif, comment expliquer le fait que nous semblons tous habiter un monde ext\u00e9rieur commun, dont les dynamismes sont clairement ind\u00e9pendants de notre propre vie int\u00e9rieure consciente ?<\/span><\/span><\/span><\/span><\/p>\n<p align=\"justify\"><span style=\"color: #000000;\"><span style=\"font-size: medium;\"><span style=\"color: #000000;\"><span style=\"font-size: medium;\">Tout d&rsquo;abord, reconnaissons imm\u00e9diatement l&rsquo;\u00e9vidence empirique : il existe un monde au-del\u00e0 et ind\u00e9pendant de notre conscience individuelle ; un monde que nous habitons tous. Et, h\u00e9las, nous ne pouvons clairement pas changer le fonctionnement de ce monde par un simple acte de volont\u00e9 consciente individuelle. Mais pour le reconna\u00eetre, il n&rsquo;est pas n\u00e9cessaire d&rsquo;avoir la notion faillible de la mati\u00e8re en dehors de la conscience. Il faut seulement une conscience transpersonnelle dans laquelle nos consciences individuelles sont immerg\u00e9es.<\/span><\/span><\/span><\/span><\/p>\n<p align=\"justify\"><span style=\"color: #000000;\"><span style=\"font-size: medium;\"><span style=\"color: #000000;\"><span style=\"font-size: medium;\">En effet, je soutiens que le monde ext\u00e9rieur est lui-m\u00eame constitu\u00e9 d&rsquo;\u00e9tats transpersonnels exp\u00e9rientiels qui se pr\u00e9sentent simplement \u00e0 nous sous la forme que nous appelons \u00ab\u00a0mati\u00e8re\u00a0\u00bb. En tant que telle, la \u00ab\u00a0mati\u00e8re\u00a0\u00bb n&rsquo;est que l&rsquo;apparence extrins\u00e8que \u2013 l&rsquo;image \u2013 de l&rsquo;exp\u00e9rience int\u00e9rieure ; et rien de plus. Dans le cas des \u00eatres vivants, la \u00ab\u00a0mati\u00e8re\u00a0\u00bb qui constitue leur corps est l&rsquo;apparence extrins\u00e8que de leurs \u00e9tats exp\u00e9rientiels individuels (c&rsquo;est la raison pour laquelle des sch\u00e9mas mesurables d&rsquo;activit\u00e9 c\u00e9r\u00e9brale sont en corr\u00e9lation avec l&rsquo;exp\u00e9rience int\u00e9rieure). Dans le cas de l&rsquo;univers inanim\u00e9, en revanche, la \u00ab\u00a0mati\u00e8re\u00a0\u00bb est l&rsquo;aspect extrins\u00e8que des \u00e9tats transpersonnels exp\u00e9rientiels.<\/span><\/span><\/span><\/span><\/p>\n<p align=\"justify\"><span style=\"color: #000000;\"><span style=\"font-size: medium;\"><span style=\"color: #000000;\"><span style=\"font-size: medium;\">Cette hypoth\u00e8se contourne compl\u00e8tement le probl\u00e8me difficile, car elle n&rsquo;exige pas de r\u00e9duire les qualit\u00e9s \u00e0 de simples quantit\u00e9s ; elle exige seulement de r\u00e9duire certaines qualit\u00e9s \u00e0 d&rsquo;autres : les couleurs, les tons et les saveurs qui apparaissent sur notre \u00e9cran de perception sont modul\u00e9es par des \u00e9tats exp\u00e9rientiels endog\u00e8nes \u2013 tels que les pens\u00e9es et les sentiments instinctifs \u2013 qui sous-tendent l&rsquo;univers inanim\u00e9 qui nous entoure. Cette modulation entre diff\u00e9rents types de qualit\u00e9s se produit chaque jour dans notre propre conscience : nos pens\u00e9es modulent r\u00e9guli\u00e8rement nos \u00e9motions, et vice-versa, bien que les pens\u00e9es et les \u00e9motions soient qualitativement tr\u00e8s diff\u00e9rentes.<\/span><\/span><\/span><\/span><\/p>\n<p align=\"justify\"><span style=\"color: #000000;\"><span style=\"font-size: medium;\"><span style=\"color: #000000;\"><span style=\"font-size: medium;\">Je suis tout \u00e0 fait conscient que ce que je sugg\u00e8re ci-dessus soul\u00e8ve de nombreuses questions, mais il est impossible d&rsquo;y r\u00e9pondre dans un court essai comme celui-ci. En effet, j&rsquo;ai pass\u00e9 plus d&rsquo;une d\u00e9cennie \u00e0 essayer de donner \u00e0 ces questions un traitement appropri\u00e9, ce qui a n\u00e9cessit\u00e9 les nombreux livres et articles. Ici, en plus de pr\u00e9ciser que le probl\u00e8me difficile n&rsquo;est qu&rsquo;une contradiction interne d&rsquo;un syst\u00e8me de pens\u00e9e en faillite, je voulais juste faire une allusion \u00e0 la fa\u00e7on dont il peut \u00eatre contourn\u00e9 si l&rsquo;on&#8230; eh bien, r\u00e9fl\u00e9chit bien.<\/span><\/span><\/span><\/span><\/p>\n<p align=\"justify\"><span style=\"color: #000000;\"><span style=\"font-size: medium;\"><span style=\"color: #000000;\"><span style=\"font-size: medium;\"><i>Bernardo Kastrup, Informaticien et philosophe n\u00e9erlandais, a publi\u00e9 des r\u00e9flexions th\u00e9oriques fondamentales sur le probl\u00e8me de la mati\u00e8re et de l\u2019esprit.<\/i><\/span><\/span><\/span><\/span><\/p>\n","protected":false},"excerpt":{"rendered":"<p>Traduction libre Le monde ext\u00e9rieur est constitu\u00e9 d&rsquo;\u00e9tats transpersonnels empiriques (experiential) Le probl\u00e8me ardu ou difficile de la conscience n&rsquo;est pas un probl\u00e8me qui doit \u00eatre r\u00e9solu, car il n&rsquo;existe pas dans un sens objectif. Il s&rsquo;agit simplement d&rsquo;une contradiction interne du raisonnement qui sous-tend la m\u00e9taphysique mat\u00e9rialiste, un court-circuit conceptuel qui survient lorsque nous [&hellip;]<\/p>\n","protected":false},"author":2,"featured_media":18255,"comment_status":"closed","ping_status":"closed","sticky":false,"template":"","format":"standard","meta":{"footnotes":""},"categories":[1492],"tags":[298,1515],"class_list":["post-18330","post","type-post","status-publish","format-standard","has-post-thumbnail","hentry","category-bernardo-kastrup","tag-materialisme","tag-metaphysique"],"yoast_head":"<!-- This site is optimized with the Yoast SEO plugin v27.0 - https:\/\/yoast.com\/product\/yoast-seo-wordpress\/ -->\n<title>L&#039;origine inattendue de la mati\u00e8re par Bernardo Kastrup - 3e mill\u00e9naire - Spiritualit\u00e9 - Connaissance de soi - Non-dualit\u00e9 - M\u00e9ditation<\/title>\n<meta name=\"robots\" content=\"index, follow, max-snippet:-1, max-image-preview:large, max-video-preview:-1\" \/>\n<link rel=\"canonical\" href=\"https:\/\/www.revue3emillenaire.com\/blog\/lorigine-inattendue-de-la-matiere-par-bernardo-kastrup\/\" \/>\n<meta property=\"og:locale\" content=\"fr_FR\" \/>\n<meta property=\"og:type\" content=\"article\" \/>\n<meta property=\"og:title\" content=\"L&#039;origine inattendue de la mati\u00e8re par Bernardo Kastrup - 3e mill\u00e9naire - Spiritualit\u00e9 - Connaissance de soi - Non-dualit\u00e9 - M\u00e9ditation\" \/>\n<meta property=\"og:description\" content=\"Traduction libre Le monde ext\u00e9rieur est constitu\u00e9 d&rsquo;\u00e9tats transpersonnels empiriques (experiential) Le probl\u00e8me ardu ou difficile de la conscience n&rsquo;est pas un probl\u00e8me qui doit \u00eatre r\u00e9solu, car il n&rsquo;existe pas dans un sens objectif. Il s&rsquo;agit simplement d&rsquo;une contradiction interne du raisonnement qui sous-tend la m\u00e9taphysique mat\u00e9rialiste, un court-circuit conceptuel qui survient lorsque nous [&hellip;]\" \/>\n<meta property=\"og:url\" content=\"https:\/\/www.revue3emillenaire.com\/blog\/lorigine-inattendue-de-la-matiere-par-bernardo-kastrup\/\" \/>\n<meta property=\"og:site_name\" content=\"3e mill\u00e9naire - Spiritualit\u00e9 - Connaissance de soi - Non-dualit\u00e9 - M\u00e9ditation\" \/>\n<meta property=\"article:published_time\" content=\"2021-02-10T16:30:05+00:00\" \/>\n<meta property=\"og:image\" content=\"https:\/\/www.revue3emillenaire.com\/blog\/wp-content\/uploads\/2020\/09\/Bernardo-Kastrup.jpg\" \/>\n\t<meta property=\"og:image:width\" content=\"176\" \/>\n\t<meta property=\"og:image:height\" content=\"180\" \/>\n\t<meta property=\"og:image:type\" content=\"image\/jpeg\" \/>\n<meta name=\"author\" content=\"3e mill\u00e9naire\" \/>\n<meta name=\"twitter:card\" content=\"summary_large_image\" \/>\n<meta name=\"twitter:label1\" content=\"\u00c9crit par\" \/>\n\t<meta name=\"twitter:data1\" content=\"3e mill\u00e9naire\" \/>\n\t<meta name=\"twitter:label2\" content=\"Dur\u00e9e de lecture estim\u00e9e\" \/>\n\t<meta name=\"twitter:data2\" content=\"7 minutes\" \/>\n<script type=\"application\/ld+json\" class=\"yoast-schema-graph\">{\"@context\":\"https:\/\/schema.org\",\"@graph\":[{\"@type\":\"Article\",\"@id\":\"https:\/\/www.revue3emillenaire.com\/blog\/lorigine-inattendue-de-la-matiere-par-bernardo-kastrup\/#article\",\"isPartOf\":{\"@id\":\"https:\/\/www.revue3emillenaire.com\/blog\/lorigine-inattendue-de-la-matiere-par-bernardo-kastrup\/\"},\"author\":{\"name\":\"3e mill\u00e9naire\",\"@id\":\"https:\/\/www.revue3emillenaire.com\/blog\/#\/schema\/person\/b692dacff720a5344a6190bc714397eb\"},\"headline\":\"L&rsquo;origine inattendue de la mati\u00e8re par Bernardo Kastrup\",\"datePublished\":\"2021-02-10T16:30:05+00:00\",\"mainEntityOfPage\":{\"@id\":\"https:\/\/www.revue3emillenaire.com\/blog\/lorigine-inattendue-de-la-matiere-par-bernardo-kastrup\/\"},\"wordCount\":1438,\"image\":{\"@id\":\"https:\/\/www.revue3emillenaire.com\/blog\/lorigine-inattendue-de-la-matiere-par-bernardo-kastrup\/#primaryimage\"},\"thumbnailUrl\":\"https:\/\/www.revue3emillenaire.com\/blog\/wp-content\/uploads\/2020\/09\/Bernardo-Kastrup.jpg\",\"keywords\":[\"mat\u00e9rialisme\",\"m\u00e9taphysique\"],\"articleSection\":[\"Kastrup Bernardo\"],\"inLanguage\":\"fr-FR\"},{\"@type\":\"WebPage\",\"@id\":\"https:\/\/www.revue3emillenaire.com\/blog\/lorigine-inattendue-de-la-matiere-par-bernardo-kastrup\/\",\"url\":\"https:\/\/www.revue3emillenaire.com\/blog\/lorigine-inattendue-de-la-matiere-par-bernardo-kastrup\/\",\"name\":\"L'origine inattendue de la mati\u00e8re par Bernardo Kastrup - 3e mill\u00e9naire - Spiritualit\u00e9 - Connaissance de soi - Non-dualit\u00e9 - M\u00e9ditation\",\"isPartOf\":{\"@id\":\"https:\/\/www.revue3emillenaire.com\/blog\/#website\"},\"primaryImageOfPage\":{\"@id\":\"https:\/\/www.revue3emillenaire.com\/blog\/lorigine-inattendue-de-la-matiere-par-bernardo-kastrup\/#primaryimage\"},\"image\":{\"@id\":\"https:\/\/www.revue3emillenaire.com\/blog\/lorigine-inattendue-de-la-matiere-par-bernardo-kastrup\/#primaryimage\"},\"thumbnailUrl\":\"https:\/\/www.revue3emillenaire.com\/blog\/wp-content\/uploads\/2020\/09\/Bernardo-Kastrup.jpg\",\"datePublished\":\"2021-02-10T16:30:05+00:00\",\"author\":{\"@id\":\"https:\/\/www.revue3emillenaire.com\/blog\/#\/schema\/person\/b692dacff720a5344a6190bc714397eb\"},\"breadcrumb\":{\"@id\":\"https:\/\/www.revue3emillenaire.com\/blog\/lorigine-inattendue-de-la-matiere-par-bernardo-kastrup\/#breadcrumb\"},\"inLanguage\":\"fr-FR\",\"potentialAction\":[{\"@type\":\"ReadAction\",\"target\":[\"https:\/\/www.revue3emillenaire.com\/blog\/lorigine-inattendue-de-la-matiere-par-bernardo-kastrup\/\"]}]},{\"@type\":\"ImageObject\",\"inLanguage\":\"fr-FR\",\"@id\":\"https:\/\/www.revue3emillenaire.com\/blog\/lorigine-inattendue-de-la-matiere-par-bernardo-kastrup\/#primaryimage\",\"url\":\"https:\/\/www.revue3emillenaire.com\/blog\/wp-content\/uploads\/2020\/09\/Bernardo-Kastrup.jpg\",\"contentUrl\":\"https:\/\/www.revue3emillenaire.com\/blog\/wp-content\/uploads\/2020\/09\/Bernardo-Kastrup.jpg\",\"width\":176,\"height\":180},{\"@type\":\"BreadcrumbList\",\"@id\":\"https:\/\/www.revue3emillenaire.com\/blog\/lorigine-inattendue-de-la-matiere-par-bernardo-kastrup\/#breadcrumb\",\"itemListElement\":[{\"@type\":\"ListItem\",\"position\":1,\"name\":\"Accueil\",\"item\":\"https:\/\/www.revue3emillenaire.com\/blog\/\"},{\"@type\":\"ListItem\",\"position\":2,\"name\":\"L&rsquo;origine inattendue de la mati\u00e8re par Bernardo Kastrup\"}]},{\"@type\":\"WebSite\",\"@id\":\"https:\/\/www.revue3emillenaire.com\/blog\/#website\",\"url\":\"https:\/\/www.revue3emillenaire.com\/blog\/\",\"name\":\"3e mill\u00e9naire - Spiritualit\u00e9 - Connaissance de soi - Non-dualit\u00e9 - M\u00e9ditation\",\"description\":\"L&#039;Homme en devenir\",\"potentialAction\":[{\"@type\":\"SearchAction\",\"target\":{\"@type\":\"EntryPoint\",\"urlTemplate\":\"https:\/\/www.revue3emillenaire.com\/blog\/?s={search_term_string}\"},\"query-input\":{\"@type\":\"PropertyValueSpecification\",\"valueRequired\":true,\"valueName\":\"search_term_string\"}}],\"inLanguage\":\"fr-FR\"},{\"@type\":\"Person\",\"@id\":\"https:\/\/www.revue3emillenaire.com\/blog\/#\/schema\/person\/b692dacff720a5344a6190bc714397eb\",\"name\":\"3e mill\u00e9naire\",\"url\":\"https:\/\/www.revue3emillenaire.com\/blog\/author\/scoussa\/\"}]}<\/script>\n<!-- \/ Yoast SEO plugin. -->","yoast_head_json":{"title":"L'origine inattendue de la mati\u00e8re par Bernardo Kastrup - 3e mill\u00e9naire - Spiritualit\u00e9 - Connaissance de soi - Non-dualit\u00e9 - M\u00e9ditation","robots":{"index":"index","follow":"follow","max-snippet":"max-snippet:-1","max-image-preview":"max-image-preview:large","max-video-preview":"max-video-preview:-1"},"canonical":"https:\/\/www.revue3emillenaire.com\/blog\/lorigine-inattendue-de-la-matiere-par-bernardo-kastrup\/","og_locale":"fr_FR","og_type":"article","og_title":"L'origine inattendue de la mati\u00e8re par Bernardo Kastrup - 3e mill\u00e9naire - Spiritualit\u00e9 - Connaissance de soi - Non-dualit\u00e9 - M\u00e9ditation","og_description":"Traduction libre Le monde ext\u00e9rieur est constitu\u00e9 d&rsquo;\u00e9tats transpersonnels empiriques (experiential) Le probl\u00e8me ardu ou difficile de la conscience n&rsquo;est pas un probl\u00e8me qui doit \u00eatre r\u00e9solu, car il n&rsquo;existe pas dans un sens objectif. Il s&rsquo;agit simplement d&rsquo;une contradiction interne du raisonnement qui sous-tend la m\u00e9taphysique mat\u00e9rialiste, un court-circuit conceptuel qui survient lorsque nous [&hellip;]","og_url":"https:\/\/www.revue3emillenaire.com\/blog\/lorigine-inattendue-de-la-matiere-par-bernardo-kastrup\/","og_site_name":"3e mill\u00e9naire - Spiritualit\u00e9 - Connaissance de soi - Non-dualit\u00e9 - M\u00e9ditation","article_published_time":"2021-02-10T16:30:05+00:00","og_image":[{"width":176,"height":180,"url":"https:\/\/www.revue3emillenaire.com\/blog\/wp-content\/uploads\/2020\/09\/Bernardo-Kastrup.jpg","type":"image\/jpeg"}],"author":"3e mill\u00e9naire","twitter_card":"summary_large_image","twitter_misc":{"\u00c9crit par":"3e mill\u00e9naire","Dur\u00e9e de lecture estim\u00e9e":"7 minutes"},"schema":{"@context":"https:\/\/schema.org","@graph":[{"@type":"Article","@id":"https:\/\/www.revue3emillenaire.com\/blog\/lorigine-inattendue-de-la-matiere-par-bernardo-kastrup\/#article","isPartOf":{"@id":"https:\/\/www.revue3emillenaire.com\/blog\/lorigine-inattendue-de-la-matiere-par-bernardo-kastrup\/"},"author":{"name":"3e mill\u00e9naire","@id":"https:\/\/www.revue3emillenaire.com\/blog\/#\/schema\/person\/b692dacff720a5344a6190bc714397eb"},"headline":"L&rsquo;origine inattendue de la mati\u00e8re par Bernardo Kastrup","datePublished":"2021-02-10T16:30:05+00:00","mainEntityOfPage":{"@id":"https:\/\/www.revue3emillenaire.com\/blog\/lorigine-inattendue-de-la-matiere-par-bernardo-kastrup\/"},"wordCount":1438,"image":{"@id":"https:\/\/www.revue3emillenaire.com\/blog\/lorigine-inattendue-de-la-matiere-par-bernardo-kastrup\/#primaryimage"},"thumbnailUrl":"https:\/\/www.revue3emillenaire.com\/blog\/wp-content\/uploads\/2020\/09\/Bernardo-Kastrup.jpg","keywords":["mat\u00e9rialisme","m\u00e9taphysique"],"articleSection":["Kastrup Bernardo"],"inLanguage":"fr-FR"},{"@type":"WebPage","@id":"https:\/\/www.revue3emillenaire.com\/blog\/lorigine-inattendue-de-la-matiere-par-bernardo-kastrup\/","url":"https:\/\/www.revue3emillenaire.com\/blog\/lorigine-inattendue-de-la-matiere-par-bernardo-kastrup\/","name":"L'origine inattendue de la mati\u00e8re par Bernardo Kastrup - 3e mill\u00e9naire - Spiritualit\u00e9 - Connaissance de soi - Non-dualit\u00e9 - M\u00e9ditation","isPartOf":{"@id":"https:\/\/www.revue3emillenaire.com\/blog\/#website"},"primaryImageOfPage":{"@id":"https:\/\/www.revue3emillenaire.com\/blog\/lorigine-inattendue-de-la-matiere-par-bernardo-kastrup\/#primaryimage"},"image":{"@id":"https:\/\/www.revue3emillenaire.com\/blog\/lorigine-inattendue-de-la-matiere-par-bernardo-kastrup\/#primaryimage"},"thumbnailUrl":"https:\/\/www.revue3emillenaire.com\/blog\/wp-content\/uploads\/2020\/09\/Bernardo-Kastrup.jpg","datePublished":"2021-02-10T16:30:05+00:00","author":{"@id":"https:\/\/www.revue3emillenaire.com\/blog\/#\/schema\/person\/b692dacff720a5344a6190bc714397eb"},"breadcrumb":{"@id":"https:\/\/www.revue3emillenaire.com\/blog\/lorigine-inattendue-de-la-matiere-par-bernardo-kastrup\/#breadcrumb"},"inLanguage":"fr-FR","potentialAction":[{"@type":"ReadAction","target":["https:\/\/www.revue3emillenaire.com\/blog\/lorigine-inattendue-de-la-matiere-par-bernardo-kastrup\/"]}]},{"@type":"ImageObject","inLanguage":"fr-FR","@id":"https:\/\/www.revue3emillenaire.com\/blog\/lorigine-inattendue-de-la-matiere-par-bernardo-kastrup\/#primaryimage","url":"https:\/\/www.revue3emillenaire.com\/blog\/wp-content\/uploads\/2020\/09\/Bernardo-Kastrup.jpg","contentUrl":"https:\/\/www.revue3emillenaire.com\/blog\/wp-content\/uploads\/2020\/09\/Bernardo-Kastrup.jpg","width":176,"height":180},{"@type":"BreadcrumbList","@id":"https:\/\/www.revue3emillenaire.com\/blog\/lorigine-inattendue-de-la-matiere-par-bernardo-kastrup\/#breadcrumb","itemListElement":[{"@type":"ListItem","position":1,"name":"Accueil","item":"https:\/\/www.revue3emillenaire.com\/blog\/"},{"@type":"ListItem","position":2,"name":"L&rsquo;origine inattendue de la mati\u00e8re par Bernardo Kastrup"}]},{"@type":"WebSite","@id":"https:\/\/www.revue3emillenaire.com\/blog\/#website","url":"https:\/\/www.revue3emillenaire.com\/blog\/","name":"3e mill\u00e9naire - Spiritualit\u00e9 - Connaissance de soi - Non-dualit\u00e9 - M\u00e9ditation","description":"L&#039;Homme en devenir","potentialAction":[{"@type":"SearchAction","target":{"@type":"EntryPoint","urlTemplate":"https:\/\/www.revue3emillenaire.com\/blog\/?s={search_term_string}"},"query-input":{"@type":"PropertyValueSpecification","valueRequired":true,"valueName":"search_term_string"}}],"inLanguage":"fr-FR"},{"@type":"Person","@id":"https:\/\/www.revue3emillenaire.com\/blog\/#\/schema\/person\/b692dacff720a5344a6190bc714397eb","name":"3e mill\u00e9naire","url":"https:\/\/www.revue3emillenaire.com\/blog\/author\/scoussa\/"}]}},"_links":{"self":[{"href":"https:\/\/www.revue3emillenaire.com\/blog\/wp-json\/wp\/v2\/posts\/18330","targetHints":{"allow":["GET"]}}],"collection":[{"href":"https:\/\/www.revue3emillenaire.com\/blog\/wp-json\/wp\/v2\/posts"}],"about":[{"href":"https:\/\/www.revue3emillenaire.com\/blog\/wp-json\/wp\/v2\/types\/post"}],"author":[{"embeddable":true,"href":"https:\/\/www.revue3emillenaire.com\/blog\/wp-json\/wp\/v2\/users\/2"}],"replies":[{"embeddable":true,"href":"https:\/\/www.revue3emillenaire.com\/blog\/wp-json\/wp\/v2\/comments?post=18330"}],"version-history":[{"count":0,"href":"https:\/\/www.revue3emillenaire.com\/blog\/wp-json\/wp\/v2\/posts\/18330\/revisions"}],"wp:featuredmedia":[{"embeddable":true,"href":"https:\/\/www.revue3emillenaire.com\/blog\/wp-json\/wp\/v2\/media\/18255"}],"wp:attachment":[{"href":"https:\/\/www.revue3emillenaire.com\/blog\/wp-json\/wp\/v2\/media?parent=18330"}],"wp:term":[{"taxonomy":"category","embeddable":true,"href":"https:\/\/www.revue3emillenaire.com\/blog\/wp-json\/wp\/v2\/categories?post=18330"},{"taxonomy":"post_tag","embeddable":true,"href":"https:\/\/www.revue3emillenaire.com\/blog\/wp-json\/wp\/v2\/tags?post=18330"}],"curies":[{"name":"wp","href":"https:\/\/api.w.org\/{rel}","templated":true}]}}