{"id":18369,"date":"2021-04-10T23:54:31","date_gmt":"2021-04-10T22:54:31","guid":{"rendered":"https:\/\/www.revue3emillenaire.com\/blog\/?p=18369"},"modified":"2021-04-10T23:54:31","modified_gmt":"2021-04-10T22:54:31","slug":"comment-realiser-le-je-suis-entretien-avec-jean-klein","status":"publish","type":"post","link":"https:\/\/www.revue3emillenaire.com\/blog\/comment-realiser-le-je-suis-entretien-avec-jean-klein\/","title":{"rendered":"Comment r\u00e9aliser le Je suis\u00a0? Entretien avec Jean Klein"},"content":{"rendered":"<p align=\"justify\"><span style=\"color: #000000;\"><span style=\"font-size: medium;\"><i>Entretien trouv\u00e9 sur Internet et traduit librement<\/i><\/span><\/span><\/p>\n<p align=\"justify\"><span style=\"color: #000000;\"><span style=\"font-size: medium;\"><i><b>Voici une interview de Jean Klein datant du d\u00e9but des ann\u00e9es 1990, qui a \u00e9t\u00e9 publi\u00e9e, \u00e0 ma connaissance, uniquement dans un petit journal spirituel de Seattle.<\/b><\/i><\/span><\/span><\/p>\n<p align=\"center\">***<\/p>\n<p align=\"justify\"><span style=\"color: #000000;\"><span style=\"font-size: medium;\"><b>Q. Vous parlez souvent du \u00ab\u00a0Je suis\u00a0\u00bb, le silence au-del\u00e0 de la pens\u00e9e. Par quels moyens peut-on atteindre cet \u00e9tat, et pourquoi vaut-il la peine de le rechercher ?<\/b><\/span><\/span><\/p>\n<p align=\"justify\"><span style=\"color: #000000;\"><span style=\"font-size: medium;\">Jean Klein : C&rsquo;est \u00ab\u00a0atteint\u00a0\u00bb, comme vous dites, lorsque vous voyez qu&rsquo;il n&rsquo;y a rien \u00e0 atteindre. Ce que vous \u00eates fondamentalement n&rsquo;est pas un objet \u00e0 atteindre. Dans chaque atteinte, nous trouvons des objets. Ce que vous \u00eates est le sujet ultime, la conscience sans objet, le sujet de tous les objets possibles. Il n&rsquo;y a rien \u00e0 rechercher. Un jour, vous verrez peut-\u00eatre que celui qui cherche est celui qui est cherch\u00e9 ; celui qui cherche est ce qu&rsquo;il cherche. Ce n&rsquo;est qu&rsquo;un esprit ambitieux qui cherche d\u00e9sesp\u00e9r\u00e9ment autour de lui dans l&rsquo;ignorance. Un esprit clair et innocent est toujours ouvert, constamment disponible \u00e0 la gr\u00e2ce.<\/span><\/span><\/p>\n<p align=\"justify\"><span style=\"color: #000000;\"><span style=\"font-size: medium;\"><b>Q. Mais dans vos causeries et vos livres, vous utilisez l&rsquo;expression \u00ab\u00a0chercheur de v\u00e9rit\u00e9\u00a0\u00bb, donc il doit y avoir une certaine forme de recherche.<\/b><\/span><\/span><\/p>\n<p align=\"justify\"><span style=\"color: #000000;\"><span style=\"font-size: medium;\">JK : Notre d\u00e9sir profond est d&rsquo;\u00eatre et ce d\u00e9sir vient de l&rsquo;\u00eatre, lui-m\u00eame. Lorsque vous donnez tout votre amour, toute votre intelligence et tout votre s\u00e9rieux \u00e0 ce d\u00e9sir, cela vous am\u00e8ne \u00e0 ce que vous d\u00e9sirez le plus : l&rsquo;absence de d\u00e9sir. Le d\u00e9sir est l&rsquo;ombre qui, si vous la suivez, vous am\u00e8ne \u00e0 sa substance. Mais vous devez lui donner tout votre amour, sinon vous ne conserverez que l&rsquo;ombre du d\u00e9sir. Un vrai chercheur de v\u00e9rit\u00e9 est pouss\u00e9 par la V\u00e9rit\u00e9 elle-m\u00eame. L&rsquo;\u00e9lan vient de la V\u00e9rit\u00e9. Toute autre r\u00e9alisation <span style=\"color: #000000;\">appartient \u00e0 l&rsquo;esprit, aux id\u00e9es, aux aspirations.<\/span><\/span><\/span><\/p>\n<p align=\"justify\"><span style=\"color: #000000;\"><span style=\"font-size: medium;\"><span style=\"color: #000000;\"><b>Q. De nombreux ma\u00eetres de la pens\u00e9e orientale semblent appeler \u00e0 renoncer \u00e0 tout d\u00e9sir et \u00e0 toute ambition. Mais pour que le monde fonctionne, que des b\u00e2timents soient construits, que des r\u00e9coltes soient faites, que des d\u00e9couvertes soient faites, il faut que quelqu&rsquo;un ait une vision, un plan et la volont\u00e9 de transformer cette vision en r\u00e9alit\u00e9. Et il semblerait qu&rsquo;il en soit de m\u00eame en ce qui concerne la croissance personnelle ou spirituelle. Le d\u00e9sir et l&rsquo;ambition ne sont-ils pas n\u00e9cessaires dans une certaine mesure ?<\/b><\/span><\/span><\/span><\/p>\n<p align=\"justify\"><span style=\"color: #000000;\"><span style=\"font-size: medium;\"><span style=\"color: #000000;\">\u00a0<\/span><\/span><\/span><\/p>\n<p align=\"justify\"><span style=\"color: #000000;\"><span style=\"font-size: medium;\"><span style=\"color: #000000;\">JK : Il n&rsquo;y a rien de mal au d\u00e9sir, mais il doit \u00eatre clair, \u00eatre pass\u00e9 par la discrimination. Un esprit ambitieux est un esprit aveugle. Seul un esprit clair et inform\u00e9 est ouvert \u00e0 l&rsquo;ultime. C&rsquo;est une fausse notion que pour fonctionner efficacement<\/span> et harmonieusement, nous avons besoin d&rsquo;ambition, d&rsquo;objectifs et ainsi de suite. Le fonctionnement ad\u00e9quat d\u00e9coule des faits de la situation elle-m\u00eame. Ce n&rsquo;est pas nous qui trouvons la solution, mais la situation qui offre sa solution. L&rsquo;important est donc de se familiariser pleinement avec les faits, les circonstances r\u00e9elles, et vous ne pouvez pas voir les faits lorsque vous vivez d&rsquo;un point de vue personnel et fragmentaire. En regardant une situation sans jugement ni id\u00e9es pr\u00e9con\u00e7ues, la situation est libre de se d\u00e9ployer. Vous ne pouvez pas imposer une vision parce que la personne n&rsquo;en a pas. Vous devez attendre que la vision vienne \u00e0 vous. Cette attente sans attente est notre vraie nature, l&rsquo;ouverture, o\u00f9 il n&rsquo;y a plus le sens d\u2019\u00eatre l\u2019acteur (doership).<\/span><\/span><\/p>\n<p align=\"justify\"><span style=\"color: #000000;\"><span style=\"font-size: medium;\"><b>Q. N&rsquo;est-ce pas un \u00e9tat passif ?<\/b><\/span><\/span><\/p>\n<p align=\"justify\"><span style=\"color: #000000;\"><span style=\"font-size: medium;\">JK : Pas du tout. On agit toujours, mais il n\u2019y a plus de \u00ab faiseur \u00bb. Vous n&rsquo;\u00eates passif que par le fait que vous n&rsquo;imposez pas les vieux sch\u00e9mas, les id\u00e9es, les opinions, les jugements, en bref, vous-m\u00eame. Lorsque le \u00ab\u00a0vous\u00a0\u00bb est absent, ce qui reste est une pr\u00e9sence alerte. Dans cette pr\u00e9sence alerte, tout se produit.<\/span><\/span><\/p>\n<p align=\"justify\"><span style=\"color: #000000;\"><span style=\"font-size: medium;\"><b>Q. L&rsquo;Advaita insiste sur l&rsquo;unit\u00e9 du sujet et de l&rsquo;objet, de celui qui per\u00e7oit et du per\u00e7u. En essayant de comprendre ce concept, on se retrouve face \u00e0 la question : Qui suis-je ? Car si moi et le monde sont identiques, l&rsquo;individu n&rsquo;existe pas. N&rsquo;est-ce pas ? C&rsquo;est une pens\u00e9e terrifiante.<\/b><\/span><\/span><\/p>\n<p align=\"justify\"><span style=\"color: #000000;\"><span style=\"font-size: medium;\">JK : Terrifiant pour qui ? Bien s\u00fbr, essayer de \u00ab\u00a0comprendre le concept\u00a0\u00bb de l&rsquo;Unit\u00e9, c&rsquo;est faire fausse route, car l&rsquo;Unit\u00e9 du sujet et de l&rsquo;objet n&rsquo;est pas un concept \u00e0 comprendre, c&rsquo;est une r\u00e9alit\u00e9 \u00e0 \u00ab\u00a0sentir\u00a0\u00bb, un Oc\u00e9an dans lequel il faut plonger, et dans lequel le plongeur et les concepts disparaissent. Pour \u00ab\u00a0plonger dans l&rsquo;oc\u00e9an\u00a0\u00bb, il ne faut pas essayer de comprendre quoi que ce soit&#8230;<\/span><\/span><\/p>\n<p align=\"justify\"><span style=\"color: #000000;\"><span style=\"font-size: medium;\"><b>Q. On a parfois l&rsquo;impression que la vie est une pi\u00e8ce de th\u00e9\u00e2tre qui se d\u00e9roule et que nous sommes comme le public qui regarde la repr\u00e9sentation. L&rsquo;id\u00e9e d&rsquo;effort semble alors inutile. Ce sentiment a-t-il une quelconque validit\u00e9 ?<\/b><\/span><\/span><\/p>\n<p align=\"justify\"><span style=\"color: #000000;\"><span style=\"font-size: medium;\">JK : Oui. N&rsquo;interf\u00e9rez pas avec la pi\u00e8ce et ne cr\u00e9ez pas de relation psychologique avec les \u00e9v\u00e9nements. Restez un admirateur silencieux. Ne vous prenez pas pour un \u00ab faiseur \u00bb, laissez faire. Lorsque vous intervenez en tant qu&rsquo;acteur, vous interrompez l&rsquo;action.<\/span><\/span><\/p>\n<p align=\"justify\"><span style=\"color: #000000;\"><span style=\"font-size: medium;\"><b>Q. Existe-t-il un moment o\u00f9 l&rsquo;illumination frappe et o\u00f9 l&rsquo;on est chang\u00e9 pour toujours, ou cela se d\u00e9veloppe-t-il progressivement ? L&rsquo;id\u00e9e m\u00eame d&rsquo;illumination ou d&rsquo;\u00e9veil est-elle fausse ?<\/b><\/span><\/span><\/p>\n<p align=\"justify\"><span style=\"color: #000000;\"><span style=\"font-size: medium;\">JK : Demandez-vous d&rsquo;abord qui est l\u00e0 pour \u00eatre attach\u00e9 ou pour \u00eatre lib\u00e9r\u00e9 ? Qui est l\u00e0 pour \u00eatre illumin\u00e9\u00a0? L&rsquo;\u00e9veil est seulement quand vous voyez qu&rsquo;il n&rsquo;y a personne \u00e0 illuminer. Lorsque vous voyez que vous \u00eates l&rsquo;absence totale, c&rsquo;est le moment le plus frappant de votre vie. \u00c0 ce moment-l\u00e0, vous \u00eates la pr\u00e9sence ultime, mais pas la pr\u00e9sence en tant qu&rsquo;objet. Cet <i>insight<\/i> est instantan\u00e9 mais ses cons\u00e9quences sont dans l&rsquo;espace et le temps.<\/span><\/span><\/p>\n<p align=\"justify\"><span style=\"color: #000000;\"><span style=\"font-size: medium;\"><b>Q. Voulez-vous dire que l&rsquo;int\u00e9gration de l&rsquo;<\/b><i><b>insight<\/b><\/i><b> sur le plan psychosomatique se fait dans l&rsquo;espace et le temps ?<\/b><\/span><\/span><\/p>\n<p align=\"justify\"><span style=\"color: #000000;\"><span style=\"font-size: medium;\">JK : Oui. Parce que nous vivons dans l&rsquo;espace et le temps. Toutes les apparences sont dans l&rsquo;espace et le temps, mais l&rsquo;<i>insight<\/i> soudain de notre absence est hors de l&rsquo;espace et du temps. Donc, d\u00e9couvrez ce qui ne change jamais en vous, ce qui est intemporel en vous.<\/span><\/span><\/p>\n<p align=\"justify\"><span style=\"color: #000000;\"><span style=\"font-size: medium;\"><b>Q. L&rsquo;<\/b><i><b>insight<\/b><\/i><b> est-il permanent ou le conditionnement revient-il ?<\/b><\/span><\/span><\/p>\n<p align=\"justify\"><span style=\"color: #000000;\"><span style=\"font-size: medium;\">JK : L&rsquo;intuition est pour toujours, mais il est important qu\u2019il soit \u00e9tablie \u00e0 tous les niveaux de l&rsquo;existence. Apr\u00e8s l&rsquo;<i>insight<\/i>, la vie continue, mais maintenant chaque circonstance est une indication de l&rsquo;ultime. Vous voyez tr\u00e8s clairement vos conditionnements endocrinien, culturel, linguistique et ainsi de suite, mais vous n&rsquo;\u00eates plus li\u00e9 \u00e0 eux. Vous les affrontez depuis l&rsquo;ultime et ils pointent vers l&rsquo;ultime.<\/span><\/span><\/p>\n<p align=\"justify\"><span style=\"color: #000000;\"><span style=\"font-size: medium;\"><b>Q. Le chercheur s\u00e9rieux est-il, en fin de compte, mieux loti que la personne qui est b\u00e9atement ignorante des questions spirituelles ?<\/b><\/span><\/span><\/p>\n<p align=\"justify\"><span style=\"color: #000000;\"><span style=\"font-size: medium;\">JK : Le soi est toujours pr\u00e9sent. La seule diff\u00e9rence est que l&rsquo;un l&rsquo;ignore et l&rsquo;autre l&rsquo;est. Ce que nous sommes fondamentalement nous attend. Il n&rsquo;y a aucun effort \u00e0 faire pour atteindre notre vraie nature. Nous ne pouvons jamais aller vers elle, nous pouvons seulement \u00eatre disponibles pour elle, pris par elle. C&rsquo;est ce qui est le plus proche de nous. \u00ab\u00a0La solution\/voie se d\u00e9ploie \u00e0 partir de la situation elle-m\u00eame\u00a0\u00bb \u2013 \u00ab\u00a0ce qui est\u00a0\u00bb. Il n&rsquo;y a pas le moyen d&rsquo;\u00eatre immobile ; \u00catre l\u2019Immobilit\u00e9 est le moyen. Oui \u2013 la voie est l&rsquo;origine de la situation, sans origine, le d\u00e9roulement de la situation, sans d\u00e9roulement, la r\u00e9solution et la lib\u00e9ration de la situation, sans \u00eatre r\u00e9solue \u2013 et n&rsquo;est donc pas attach\u00e9e au d\u00e9but, \u00e0 la situation ou \u00e0 la r\u00e9solution &#8230; La voie est sans voie &#8230; la tranquilit\u00e9.<\/span><\/span><\/p>\n<p align=\"justify\"><span style=\"color: #000000;\"><span style=\"font-size: medium;\"><b>Q. L&rsquo;Advaita insiste sur l&rsquo;unit\u00e9 du sujet et de l&rsquo;objet, de celui qui per\u00e7oit et du per\u00e7u. En essayant de comprendre ce concept, on se retrouve face \u00e0 la question : <\/b><i><b>Qui suis-je<\/b><\/i><b> ? Car si moi et le monde sont identiques, l&rsquo;individu n&rsquo;existe pas. N&rsquo;est-ce pas ? C&rsquo;est une pens\u00e9e terrifiante.<\/b><\/span><\/span><\/p>\n<p align=\"center\"><a name=\"_GoBack\"><\/a> ***<\/p>\n<p align=\"justify\"><span style=\"color: #000000;\"><span style=\"font-size: medium;\"><i>Comme le dit Jean Klein : \u00ab\u00a0Rester un admirateur silencieux\u00a0\u00bb de nos mondes int\u00e9rieur et ext\u00e9rieur, sans s&rsquo;identifier \u00e0 aucun c\u00f4t\u00e9. L&rsquo;admirateur silencieux est aussi un concept, un symbole utile, une astuce de ma\u00eetre qui peut aider \u00e0 se d\u00e9barrasser d&rsquo;un point de vue erron\u00e9. Un ancien philosophe grec a \u00e9crit : \u00ab\u00a0Dieu est un cercle, dont le centre est partout et la circonf\u00e9rence nulle part\u00a0\u00bb. Le centre partout est un \u00ab\u00a0nouveau point de vue\u00a0\u00bb, pas de dehors, pas de dedans, un seul monde.<\/i><\/span><\/span><\/p>\n","protected":false},"excerpt":{"rendered":"<p>Entretien trouv\u00e9 sur Internet et traduit librement Voici une interview de Jean Klein datant du d\u00e9but des ann\u00e9es 1990, qui a \u00e9t\u00e9 publi\u00e9e, \u00e0 ma connaissance, uniquement dans un petit journal spirituel de Seattle. *** Q. Vous parlez souvent du \u00ab\u00a0Je suis\u00a0\u00bb, le silence au-del\u00e0 de la pens\u00e9e. Par quels moyens peut-on atteindre cet \u00e9tat, [&hellip;]<\/p>\n","protected":false},"author":2,"featured_media":12583,"comment_status":"closed","ping_status":"closed","sticky":false,"template":"","format":"standard","meta":{"footnotes":""},"categories":[5,231],"tags":[8],"class_list":["post-18369","post","type-post","status-publish","format-standard","has-post-thumbnail","hentry","category-interview","category-j-klein","tag-non-dualite"],"yoast_head":"<!-- This site is optimized with the Yoast SEO plugin v27.0 - https:\/\/yoast.com\/product\/yoast-seo-wordpress\/ -->\n<title>Comment r\u00e9aliser le Je suis\u00a0? Entretien avec Jean Klein - 3e mill\u00e9naire - Spiritualit\u00e9 - Connaissance de soi - Non-dualit\u00e9 - M\u00e9ditation<\/title>\n<meta name=\"robots\" content=\"index, follow, max-snippet:-1, max-image-preview:large, max-video-preview:-1\" \/>\n<link rel=\"canonical\" href=\"https:\/\/www.revue3emillenaire.com\/blog\/comment-realiser-le-je-suis-entretien-avec-jean-klein\/\" \/>\n<meta property=\"og:locale\" content=\"fr_FR\" \/>\n<meta property=\"og:type\" content=\"article\" \/>\n<meta property=\"og:title\" content=\"Comment r\u00e9aliser le Je suis\u00a0? Entretien avec Jean Klein - 3e mill\u00e9naire - Spiritualit\u00e9 - Connaissance de soi - Non-dualit\u00e9 - M\u00e9ditation\" \/>\n<meta property=\"og:description\" content=\"Entretien trouv\u00e9 sur Internet et traduit librement Voici une interview de Jean Klein datant du d\u00e9but des ann\u00e9es 1990, qui a \u00e9t\u00e9 publi\u00e9e, \u00e0 ma connaissance, uniquement dans un petit journal spirituel de Seattle. *** Q. Vous parlez souvent du \u00ab\u00a0Je suis\u00a0\u00bb, le silence au-del\u00e0 de la pens\u00e9e. Par quels moyens peut-on atteindre cet \u00e9tat, [&hellip;]\" \/>\n<meta property=\"og:url\" content=\"https:\/\/www.revue3emillenaire.com\/blog\/comment-realiser-le-je-suis-entretien-avec-jean-klein\/\" \/>\n<meta property=\"og:site_name\" content=\"3e mill\u00e9naire - Spiritualit\u00e9 - Connaissance de soi - Non-dualit\u00e9 - M\u00e9ditation\" \/>\n<meta property=\"article:published_time\" content=\"2021-04-10T22:54:31+00:00\" \/>\n<meta property=\"og:image\" content=\"https:\/\/www.revue3emillenaire.com\/blog\/wp-content\/uploads\/2012\/12\/jklein4.jpg\" \/>\n\t<meta property=\"og:image:width\" content=\"334\" \/>\n\t<meta property=\"og:image:height\" content=\"392\" \/>\n\t<meta property=\"og:image:type\" content=\"image\/jpeg\" \/>\n<meta name=\"author\" content=\"3e mill\u00e9naire\" \/>\n<meta name=\"twitter:card\" content=\"summary_large_image\" \/>\n<meta name=\"twitter:label1\" content=\"\u00c9crit par\" \/>\n\t<meta name=\"twitter:data1\" content=\"3e mill\u00e9naire\" \/>\n\t<meta name=\"twitter:label2\" content=\"Dur\u00e9e de lecture estim\u00e9e\" \/>\n\t<meta name=\"twitter:data2\" content=\"7 minutes\" \/>\n<script type=\"application\/ld+json\" class=\"yoast-schema-graph\">{\"@context\":\"https:\/\/schema.org\",\"@graph\":[{\"@type\":\"Article\",\"@id\":\"https:\/\/www.revue3emillenaire.com\/blog\/comment-realiser-le-je-suis-entretien-avec-jean-klein\/#article\",\"isPartOf\":{\"@id\":\"https:\/\/www.revue3emillenaire.com\/blog\/comment-realiser-le-je-suis-entretien-avec-jean-klein\/\"},\"author\":{\"name\":\"3e mill\u00e9naire\",\"@id\":\"https:\/\/www.revue3emillenaire.com\/blog\/#\/schema\/person\/b692dacff720a5344a6190bc714397eb\"},\"headline\":\"Comment r\u00e9aliser le Je suis\u00a0? Entretien avec Jean Klein\",\"datePublished\":\"2021-04-10T22:54:31+00:00\",\"mainEntityOfPage\":{\"@id\":\"https:\/\/www.revue3emillenaire.com\/blog\/comment-realiser-le-je-suis-entretien-avec-jean-klein\/\"},\"wordCount\":1424,\"image\":{\"@id\":\"https:\/\/www.revue3emillenaire.com\/blog\/comment-realiser-le-je-suis-entretien-avec-jean-klein\/#primaryimage\"},\"thumbnailUrl\":\"https:\/\/www.revue3emillenaire.com\/blog\/wp-content\/uploads\/2012\/12\/jklein4.jpg\",\"keywords\":[\"Non-dualit\u00e9\"],\"articleSection\":[\"Entretien\/Interview\",\"Klein Jean\"],\"inLanguage\":\"fr-FR\"},{\"@type\":\"WebPage\",\"@id\":\"https:\/\/www.revue3emillenaire.com\/blog\/comment-realiser-le-je-suis-entretien-avec-jean-klein\/\",\"url\":\"https:\/\/www.revue3emillenaire.com\/blog\/comment-realiser-le-je-suis-entretien-avec-jean-klein\/\",\"name\":\"Comment r\u00e9aliser le Je suis\u00a0? Entretien avec Jean Klein - 3e mill\u00e9naire - Spiritualit\u00e9 - Connaissance de soi - Non-dualit\u00e9 - M\u00e9ditation\",\"isPartOf\":{\"@id\":\"https:\/\/www.revue3emillenaire.com\/blog\/#website\"},\"primaryImageOfPage\":{\"@id\":\"https:\/\/www.revue3emillenaire.com\/blog\/comment-realiser-le-je-suis-entretien-avec-jean-klein\/#primaryimage\"},\"image\":{\"@id\":\"https:\/\/www.revue3emillenaire.com\/blog\/comment-realiser-le-je-suis-entretien-avec-jean-klein\/#primaryimage\"},\"thumbnailUrl\":\"https:\/\/www.revue3emillenaire.com\/blog\/wp-content\/uploads\/2012\/12\/jklein4.jpg\",\"datePublished\":\"2021-04-10T22:54:31+00:00\",\"author\":{\"@id\":\"https:\/\/www.revue3emillenaire.com\/blog\/#\/schema\/person\/b692dacff720a5344a6190bc714397eb\"},\"breadcrumb\":{\"@id\":\"https:\/\/www.revue3emillenaire.com\/blog\/comment-realiser-le-je-suis-entretien-avec-jean-klein\/#breadcrumb\"},\"inLanguage\":\"fr-FR\",\"potentialAction\":[{\"@type\":\"ReadAction\",\"target\":[\"https:\/\/www.revue3emillenaire.com\/blog\/comment-realiser-le-je-suis-entretien-avec-jean-klein\/\"]}]},{\"@type\":\"ImageObject\",\"inLanguage\":\"fr-FR\",\"@id\":\"https:\/\/www.revue3emillenaire.com\/blog\/comment-realiser-le-je-suis-entretien-avec-jean-klein\/#primaryimage\",\"url\":\"https:\/\/www.revue3emillenaire.com\/blog\/wp-content\/uploads\/2012\/12\/jklein4.jpg\",\"contentUrl\":\"https:\/\/www.revue3emillenaire.com\/blog\/wp-content\/uploads\/2012\/12\/jklein4.jpg\",\"width\":\"334\",\"height\":\"392\"},{\"@type\":\"BreadcrumbList\",\"@id\":\"https:\/\/www.revue3emillenaire.com\/blog\/comment-realiser-le-je-suis-entretien-avec-jean-klein\/#breadcrumb\",\"itemListElement\":[{\"@type\":\"ListItem\",\"position\":1,\"name\":\"Accueil\",\"item\":\"https:\/\/www.revue3emillenaire.com\/blog\/\"},{\"@type\":\"ListItem\",\"position\":2,\"name\":\"Comment r\u00e9aliser le Je suis\u00a0? Entretien avec Jean Klein\"}]},{\"@type\":\"WebSite\",\"@id\":\"https:\/\/www.revue3emillenaire.com\/blog\/#website\",\"url\":\"https:\/\/www.revue3emillenaire.com\/blog\/\",\"name\":\"3e mill\u00e9naire - Spiritualit\u00e9 - Connaissance de soi - Non-dualit\u00e9 - M\u00e9ditation\",\"description\":\"L&#039;Homme en devenir\",\"potentialAction\":[{\"@type\":\"SearchAction\",\"target\":{\"@type\":\"EntryPoint\",\"urlTemplate\":\"https:\/\/www.revue3emillenaire.com\/blog\/?s={search_term_string}\"},\"query-input\":{\"@type\":\"PropertyValueSpecification\",\"valueRequired\":true,\"valueName\":\"search_term_string\"}}],\"inLanguage\":\"fr-FR\"},{\"@type\":\"Person\",\"@id\":\"https:\/\/www.revue3emillenaire.com\/blog\/#\/schema\/person\/b692dacff720a5344a6190bc714397eb\",\"name\":\"3e mill\u00e9naire\",\"url\":\"https:\/\/www.revue3emillenaire.com\/blog\/author\/scoussa\/\"}]}<\/script>\n<!-- \/ Yoast SEO plugin. -->","yoast_head_json":{"title":"Comment r\u00e9aliser le Je suis\u00a0? Entretien avec Jean Klein - 3e mill\u00e9naire - Spiritualit\u00e9 - Connaissance de soi - Non-dualit\u00e9 - M\u00e9ditation","robots":{"index":"index","follow":"follow","max-snippet":"max-snippet:-1","max-image-preview":"max-image-preview:large","max-video-preview":"max-video-preview:-1"},"canonical":"https:\/\/www.revue3emillenaire.com\/blog\/comment-realiser-le-je-suis-entretien-avec-jean-klein\/","og_locale":"fr_FR","og_type":"article","og_title":"Comment r\u00e9aliser le Je suis\u00a0? Entretien avec Jean Klein - 3e mill\u00e9naire - Spiritualit\u00e9 - Connaissance de soi - Non-dualit\u00e9 - M\u00e9ditation","og_description":"Entretien trouv\u00e9 sur Internet et traduit librement Voici une interview de Jean Klein datant du d\u00e9but des ann\u00e9es 1990, qui a \u00e9t\u00e9 publi\u00e9e, \u00e0 ma connaissance, uniquement dans un petit journal spirituel de Seattle. *** Q. Vous parlez souvent du \u00ab\u00a0Je suis\u00a0\u00bb, le silence au-del\u00e0 de la pens\u00e9e. Par quels moyens peut-on atteindre cet \u00e9tat, [&hellip;]","og_url":"https:\/\/www.revue3emillenaire.com\/blog\/comment-realiser-le-je-suis-entretien-avec-jean-klein\/","og_site_name":"3e mill\u00e9naire - Spiritualit\u00e9 - Connaissance de soi - Non-dualit\u00e9 - M\u00e9ditation","article_published_time":"2021-04-10T22:54:31+00:00","og_image":[{"width":334,"height":392,"url":"https:\/\/www.revue3emillenaire.com\/blog\/wp-content\/uploads\/2012\/12\/jklein4.jpg","type":"image\/jpeg"}],"author":"3e mill\u00e9naire","twitter_card":"summary_large_image","twitter_misc":{"\u00c9crit par":"3e mill\u00e9naire","Dur\u00e9e de lecture estim\u00e9e":"7 minutes"},"schema":{"@context":"https:\/\/schema.org","@graph":[{"@type":"Article","@id":"https:\/\/www.revue3emillenaire.com\/blog\/comment-realiser-le-je-suis-entretien-avec-jean-klein\/#article","isPartOf":{"@id":"https:\/\/www.revue3emillenaire.com\/blog\/comment-realiser-le-je-suis-entretien-avec-jean-klein\/"},"author":{"name":"3e mill\u00e9naire","@id":"https:\/\/www.revue3emillenaire.com\/blog\/#\/schema\/person\/b692dacff720a5344a6190bc714397eb"},"headline":"Comment r\u00e9aliser le Je suis\u00a0? Entretien avec Jean Klein","datePublished":"2021-04-10T22:54:31+00:00","mainEntityOfPage":{"@id":"https:\/\/www.revue3emillenaire.com\/blog\/comment-realiser-le-je-suis-entretien-avec-jean-klein\/"},"wordCount":1424,"image":{"@id":"https:\/\/www.revue3emillenaire.com\/blog\/comment-realiser-le-je-suis-entretien-avec-jean-klein\/#primaryimage"},"thumbnailUrl":"https:\/\/www.revue3emillenaire.com\/blog\/wp-content\/uploads\/2012\/12\/jklein4.jpg","keywords":["Non-dualit\u00e9"],"articleSection":["Entretien\/Interview","Klein Jean"],"inLanguage":"fr-FR"},{"@type":"WebPage","@id":"https:\/\/www.revue3emillenaire.com\/blog\/comment-realiser-le-je-suis-entretien-avec-jean-klein\/","url":"https:\/\/www.revue3emillenaire.com\/blog\/comment-realiser-le-je-suis-entretien-avec-jean-klein\/","name":"Comment r\u00e9aliser le Je suis\u00a0? Entretien avec Jean Klein - 3e mill\u00e9naire - Spiritualit\u00e9 - Connaissance de soi - Non-dualit\u00e9 - M\u00e9ditation","isPartOf":{"@id":"https:\/\/www.revue3emillenaire.com\/blog\/#website"},"primaryImageOfPage":{"@id":"https:\/\/www.revue3emillenaire.com\/blog\/comment-realiser-le-je-suis-entretien-avec-jean-klein\/#primaryimage"},"image":{"@id":"https:\/\/www.revue3emillenaire.com\/blog\/comment-realiser-le-je-suis-entretien-avec-jean-klein\/#primaryimage"},"thumbnailUrl":"https:\/\/www.revue3emillenaire.com\/blog\/wp-content\/uploads\/2012\/12\/jklein4.jpg","datePublished":"2021-04-10T22:54:31+00:00","author":{"@id":"https:\/\/www.revue3emillenaire.com\/blog\/#\/schema\/person\/b692dacff720a5344a6190bc714397eb"},"breadcrumb":{"@id":"https:\/\/www.revue3emillenaire.com\/blog\/comment-realiser-le-je-suis-entretien-avec-jean-klein\/#breadcrumb"},"inLanguage":"fr-FR","potentialAction":[{"@type":"ReadAction","target":["https:\/\/www.revue3emillenaire.com\/blog\/comment-realiser-le-je-suis-entretien-avec-jean-klein\/"]}]},{"@type":"ImageObject","inLanguage":"fr-FR","@id":"https:\/\/www.revue3emillenaire.com\/blog\/comment-realiser-le-je-suis-entretien-avec-jean-klein\/#primaryimage","url":"https:\/\/www.revue3emillenaire.com\/blog\/wp-content\/uploads\/2012\/12\/jklein4.jpg","contentUrl":"https:\/\/www.revue3emillenaire.com\/blog\/wp-content\/uploads\/2012\/12\/jklein4.jpg","width":"334","height":"392"},{"@type":"BreadcrumbList","@id":"https:\/\/www.revue3emillenaire.com\/blog\/comment-realiser-le-je-suis-entretien-avec-jean-klein\/#breadcrumb","itemListElement":[{"@type":"ListItem","position":1,"name":"Accueil","item":"https:\/\/www.revue3emillenaire.com\/blog\/"},{"@type":"ListItem","position":2,"name":"Comment r\u00e9aliser le Je suis\u00a0? Entretien avec Jean Klein"}]},{"@type":"WebSite","@id":"https:\/\/www.revue3emillenaire.com\/blog\/#website","url":"https:\/\/www.revue3emillenaire.com\/blog\/","name":"3e mill\u00e9naire - Spiritualit\u00e9 - Connaissance de soi - Non-dualit\u00e9 - M\u00e9ditation","description":"L&#039;Homme en devenir","potentialAction":[{"@type":"SearchAction","target":{"@type":"EntryPoint","urlTemplate":"https:\/\/www.revue3emillenaire.com\/blog\/?s={search_term_string}"},"query-input":{"@type":"PropertyValueSpecification","valueRequired":true,"valueName":"search_term_string"}}],"inLanguage":"fr-FR"},{"@type":"Person","@id":"https:\/\/www.revue3emillenaire.com\/blog\/#\/schema\/person\/b692dacff720a5344a6190bc714397eb","name":"3e mill\u00e9naire","url":"https:\/\/www.revue3emillenaire.com\/blog\/author\/scoussa\/"}]}},"_links":{"self":[{"href":"https:\/\/www.revue3emillenaire.com\/blog\/wp-json\/wp\/v2\/posts\/18369","targetHints":{"allow":["GET"]}}],"collection":[{"href":"https:\/\/www.revue3emillenaire.com\/blog\/wp-json\/wp\/v2\/posts"}],"about":[{"href":"https:\/\/www.revue3emillenaire.com\/blog\/wp-json\/wp\/v2\/types\/post"}],"author":[{"embeddable":true,"href":"https:\/\/www.revue3emillenaire.com\/blog\/wp-json\/wp\/v2\/users\/2"}],"replies":[{"embeddable":true,"href":"https:\/\/www.revue3emillenaire.com\/blog\/wp-json\/wp\/v2\/comments?post=18369"}],"version-history":[{"count":0,"href":"https:\/\/www.revue3emillenaire.com\/blog\/wp-json\/wp\/v2\/posts\/18369\/revisions"}],"wp:featuredmedia":[{"embeddable":true,"href":"https:\/\/www.revue3emillenaire.com\/blog\/wp-json\/wp\/v2\/media\/12583"}],"wp:attachment":[{"href":"https:\/\/www.revue3emillenaire.com\/blog\/wp-json\/wp\/v2\/media?parent=18369"}],"wp:term":[{"taxonomy":"category","embeddable":true,"href":"https:\/\/www.revue3emillenaire.com\/blog\/wp-json\/wp\/v2\/categories?post=18369"},{"taxonomy":"post_tag","embeddable":true,"href":"https:\/\/www.revue3emillenaire.com\/blog\/wp-json\/wp\/v2\/tags?post=18369"}],"curies":[{"name":"wp","href":"https:\/\/api.w.org\/{rel}","templated":true}]}}