{"id":18384,"date":"2021-04-08T23:49:29","date_gmt":"2021-04-08T22:49:29","guid":{"rendered":"https:\/\/www.revue3emillenaire.com\/blog\/?p=18384"},"modified":"2021-04-08T23:49:29","modified_gmt":"2021-04-08T22:49:29","slug":"le-lapin-dans-le-chapeau-par-wolter-keers","status":"publish","type":"post","link":"https:\/\/www.revue3emillenaire.com\/blog\/le-lapin-dans-le-chapeau-par-wolter-keers\/","title":{"rendered":"Le lapin dans le chapeau par Wolter Keers"},"content":{"rendered":"<p align=\"justify\"><span style=\"color: #000000;\"><span style=\"font-size: medium;\"><i>Traduction libre<\/i><\/span><\/span><\/p>\n<p align=\"justify\"><span style=\"color: #000000;\"><span style=\"font-size: medium;\">Que voit et ressent une personne \u00e9veill\u00e9e ?<\/span><\/span><\/p>\n<p align=\"justify\"><span style=\"color: #000000;\"><span style=\"font-size: medium;\">Bien que la r\u00e9ponse \u00e0 cette question soit extr\u00eamement simple, elle est en m\u00eame temps totalement incompr\u00e9hensible. L&rsquo;\u00e9veill\u00e9 ressent tout et rien. Pourquoi la r\u00e9ponse est-elle incompr\u00e9hensible ? Parce que celui qui a pos\u00e9 la question a cach\u00e9 \u00ab\u00a0le lapin de sa personnalit\u00e9\u00a0\u00bb dans le chapeau de l&rsquo;\u00e9veill\u00e9, le voyant, qu&rsquo;il le veuille ou non, comme un autre personnage. L&rsquo;extension de la personnalit\u00e9 de celui qui pose la question est la personnalit\u00e9 qu&rsquo;il projette sur l&rsquo;\u00e9veill\u00e9. Il n&rsquo;existe pas de \u00ab\u00a0personne ou personnalit\u00e9 \u00e9veill\u00e9e\u00a0\u00bb.<\/span><\/span><\/p>\n<p align=\"justify\"><span style=\"color: #000000;\"><span style=\"font-size: medium;\">Tant que l&rsquo;on se voit comme une personnalit\u00e9, c&rsquo;est-\u00e0-dire comme un point de vue, tout le monde appara\u00eet comme une personnalit\u00e9 (y compris le \u00ab\u00a0plus grand\u00a0\u00bb \u00e9veill\u00e9 en face de lui). Le questionneur voit un monsieur ou une madame, parce qu&rsquo;il se voit lui-m\u00eame comme un monsieur ou une madame. Et en plus, il voit un monsieur avec toutes sortes de caract\u00e9ristiques. Certains des \u00ab\u00a0hommes ou femmes \u00e9veill\u00e9s\u00a0\u00bb rayonnent de saintet\u00e9 et la personnalit\u00e9 est alors imm\u00e9diatement pr\u00eate \u00e0 dire qu&rsquo;il s&rsquo;agit d&rsquo;un cas d&rsquo;or 24 carats. Mais d&rsquo;autres, que l&rsquo;on appelle aussi \u00ab\u00a0\u00e9veill\u00e9s\u00a0\u00bb, semblent \u00eatre de mauvaise humeur, irritables ou afflig\u00e9s de toutes sortes de choses. Une telle personne ne peut pas \u00eatre \u00e9clair\u00e9e&#8230;<\/span><\/span><\/p>\n<p align=\"justify\"><span style=\"color: #000000;\"><span style=\"font-size: medium;\">En fait, il n&rsquo;y a aucun crit\u00e8re qui s&rsquo;applique. Il n&rsquo;y a pas de comportement \u00e0 partir duquel on peut d\u00e9duire si quelqu&rsquo;un est \u00e9veill\u00e9 ou non. Il y a des gens dont on dit \u2013 et dont les \u00ab\u00a0\u00e9veill\u00e9s reconnus\u00a0\u00bb disent qu&rsquo;ils sont \u00e9veill\u00e9s \u2013 qu&rsquo;ils se comportent comme l&rsquo;idiot du village. Qui peut comprendre que quelqu&rsquo;un qui peut se mettre en col\u00e8re, s&rsquo;inqui\u00e9ter, etc. soit n\u00e9anmoins \u00ab\u00a0un \u00e9veill\u00e9\u00a0\u00bb ?<\/span><\/span><\/p>\n<p align=\"justify\"><span style=\"color: #000000;\"><span style=\"font-size: medium;\">Dans un certain sens, l&rsquo;\u00e9veill\u00e9 n&rsquo;est \u00e9veill\u00e9 que du seul point de vue impersonnel. Il est le bonheur lui-m\u00eame, mais pas ce que la personnalit\u00e9 appelle le bonheur. La personnalit\u00e9 parle de bonheur lorsqu&rsquo;une certaine \u00e9motion profonde appara\u00eet. L&rsquo;\u00e9veill\u00e9 est ce dont l&rsquo;\u00e9motion est faite, o\u00f9 elle surgit, et o\u00f9 elle se dissout \u00e0 nouveau comme la glace dans l&rsquo;eau sans laisser de trace derri\u00e8re elle. Ce qu&rsquo;il appelle \u00ab\u00a0bonheur\u00a0\u00bb est toujours pr\u00e9sent \u00e0 l&rsquo;arri\u00e8re-plan de tout, y compris pour le mouvement des sentiments, y compris la rage, l&rsquo;inqui\u00e9tude et d&rsquo;autres choses. Il sait qu&rsquo;il n&rsquo;est limit\u00e9 par aucun \u00e9tat d&rsquo;esprit. Il est comme l&rsquo;inspecteur des prisons indiennes dont Shri Krishna Menon a racont\u00e9 : \u00ab\u00a0Parfois, l&rsquo;inspecteur devait se rendre dans un poste de police \u00e9loign\u00e9 o\u00f9 il n&rsquo;y avait peut-\u00eatre pas d&rsquo;h\u00f4tel. Alors, il dormait dans une cellule, tout comme le voleur dans la cellule voisine. Ainsi, au moins en apparence, il n&rsquo;y avait aucune diff\u00e9rence entre l&rsquo;inspecteur et le voleur emprisonn\u00e9. Mais si l&rsquo;on examine la situation de plus pr\u00e8s, il y a un monde de diff\u00e9rence : le prisonnier doit rester dans sa cellule, qu&rsquo;il le veuille ou non. L&rsquo;inspecteur peut sortir quand il le souhaite.\u00a0\u00bb<\/span><\/span><\/p>\n<p align=\"justify\"><span style=\"color: #000000;\"><span style=\"font-size: medium;\">Vu de l&rsquo;ext\u00e9rieur, c&rsquo;est la position de l&rsquo;\u00e9veill\u00e9. Il y a peut-\u00eatre une apparence qui se pr\u00e9sente comme une personnalit\u00e9 avec toutes sortes de d\u00e9sirs et d&rsquo;aversions, mais l&rsquo;\u00e9veill\u00e9 peut, \u00e0 tout moment, sortir de sa cellule. Cela est possible \u00e0 partir du moment o\u00f9 il a vu la situation telle qu&rsquo;elle est en r\u00e9alit\u00e9 : \u00e0 partir du moment o\u00f9 il voit de tout son \u00eatre que toutes ces choses qu&rsquo;il ressentait jusqu&rsquo;alors comme \u00ab\u00a0je\u00a0\u00bb ne sont ni plus ni moins que des apparences fugaces, car cela ne peut \u00eatre vu que depuis un \u00ab\u00a0poste d&rsquo;observation\u00a0\u00bb situ\u00e9 en dehors de la personnalit\u00e9, en dehors du cadre du corps, des sens, de la pens\u00e9e et du sentiment. Et \u00ab\u00a0hors de la cage\u00a0\u00bb, on n&rsquo;est pas quelqu&rsquo;un qui est maintenant libre, mais la libert\u00e9 elle-m\u00eame. Et c&rsquo;est ce que les anciennes traditions appellent \u00ab\u00a0\u00eatre \u00e9veill\u00e9\u00a0\u00bb.<\/span><\/span><\/p>\n<p align=\"justify\"><span style=\"color: #000000;\"><span style=\"font-size: medium;\"><i><b>Question : Quand je vous entends parler, je peux parfaitement suivre en th\u00e9orie, et je crois que je comprends. Mais je trouve qu&rsquo;il est extr\u00eamement difficile d&rsquo;appliquer tout cela dans ma vie quotidienne. Pouvez-vous nous donner un rem\u00e8de ? Que doit-on faire dans certaines situations ?<\/b><\/i><\/span><\/span><\/p>\n<p align=\"justify\"><span style=\"color: #000000;\"><span style=\"font-size: medium;\">W.K. : Au cours des derni\u00e8res ann\u00e9es, nous avons d\u00e9couvert \u00e0 plusieurs reprises que l&rsquo;id\u00e9e d&rsquo;\u00eatre quelqu&rsquo;un qui fait toutes sortes de choses n&rsquo;est rien d&rsquo;autre qu&rsquo;une projection. En fait, un tel \u00ab\u00a0quelqu&rsquo;un\u00a0\u00bb, une telle personne active n&rsquo;existe pas. Cette personne n&rsquo;est qu&rsquo;une imagination. Votre question est bas\u00e9e sur l&rsquo;hypoth\u00e8se que vous avez fait toutes sortes de choses dans votre vie, mais vous n&rsquo;avez jamais rien fait. Apr\u00e8s la fin d&rsquo;une action ou d&rsquo;une pens\u00e9e, d&rsquo;un sentiment ou d&rsquo;une perception sensorielle, un \u00ab\u00a0je\u00a0\u00bb se projette \u00e0 la fin, comme une sorte de queue. Pendant l&rsquo;\u00e9coute, il n&rsquo;y avait pas de \u00ab\u00a0je\u00a0\u00bb. Mais, \u00e0 la fin de l&rsquo;histoire, un \u00ab\u00a0je\u00a0\u00bb qui a entendu l&rsquo;histoire, est fabriqu\u00e9.<\/span><\/span><\/p>\n<p align=\"justify\"><span style=\"color: #000000;\"><span style=\"font-size: medium;\">Comment un moi, qui n&rsquo;existe pas du tout, peut-il entendre une histoire ? Le \u00ab\u00a0je\u00a0\u00bb n&rsquo;est rien d&rsquo;autre qu&rsquo;une invention. Ce \u00ab\u00a0je\u00a0\u00bb n&rsquo;existe pas et vous n&rsquo;avez jamais rien fait dans votre vie. Les choses se font toutes seules. Vous \u00eates le t\u00e9moin des mouvements du corps, \u00e9galement du mouvement de ce que vous appelez \u00ab\u00a0votre volont\u00e9\u00a0\u00bb et qui pr\u00e9c\u00e8de \u00e9ventuellement une action. Vous \u00eates, que vous le vouliez ou non, et sans aucun effort, le t\u00e9moin de pens\u00e9es et de sentiments fugaces. Et vous \u00eates \u2013 et c&rsquo;est la chose la plus importante \u00e0 voir \u2013 \u00e9galement toujours t\u00e9moin de cette pens\u00e9e-Je que vous collez comme une queue derri\u00e8re une pens\u00e9e, un sentiment, une perception ou une action. La pens\u00e9e-Je n&rsquo;est qu&rsquo;une pens\u00e9e, semblable \u00e0 la pens\u00e9e d&rsquo;un neveu ou d&rsquo;une ni\u00e8ce, ou de la tour Eiffel. C&rsquo;est une casserole dans une rang\u00e9e de casseroles sur une \u00e9tag\u00e8re de cuisine. Vous n&rsquo;\u00eates pas plus la seule \u00ab\u00a0casserole-Je\u00a0\u00bb que les autres grandes et petites casseroles.<\/span><\/span><\/p>\n<p align=\"justify\"><span style=\"color: #000000;\"><span style=\"font-size: medium;\">Il n&rsquo;y a donc aucun moyen d&rsquo;agir dans la vie quotidienne. La seule chose \u00e0 faire est de voir exactement cela. Il n&rsquo;y a personne qui se comporte de telle ou telle fa\u00e7on. Vous n&rsquo;avez jamais rien fait et la seule chose qui doit se produire pour \u00eatre consciemment la libert\u00e9 que vous avez toujours \u00e9t\u00e9, c&rsquo;est de retirer la projection-du-Je des activit\u00e9s, du corps, des sens, de la pens\u00e9e et du sentiment.<\/span><\/span><\/p>\n<p align=\"justify\"><span style=\"color: #000000;\"><span style=\"font-size: medium;\"><i><b>Question : Ainsi, un \u00e9veill\u00e9 se voit comme quelqu&rsquo;un qui n&rsquo;est pas actif, m\u00eame si les autres le voient comme quelqu&rsquo;un d&rsquo;actif ?<\/b><\/i><\/span><\/span><\/p>\n<p align=\"justify\"><span style=\"color: #000000;\"><span style=\"font-size: medium;\">W.K. : Oui, exactement. Pour le dire encore plus pr\u00e9cis\u00e9ment : pour ce que vous appelez \u00ab\u00a0un \u00e9veill\u00e9\u00a0\u00bb, il est compl\u00e8tement \u00e9vident qu&rsquo;\u00ab\u00a0il\u00a0\u00bb n&rsquo;est pas quelqu&rsquo;un d&rsquo;actif ; l&rsquo;id\u00e9e ne lui vient jamais qu&rsquo;il puisse \u00eatre quelqu&rsquo;un d&rsquo;actif. M\u00eame s&rsquo;il dit : \u00ab\u00a0Maintenant, je vais cirer mes chaussures\u00a0\u00bb, il n&rsquo;y a en lui aucune id\u00e9e ni aucun sentiment qu&rsquo;il est quelqu&rsquo;un qui va faire quelque chose.<\/span><\/span><\/p>\n<p align=\"justify\"><span style=\"color: #000000;\"><span style=\"font-size: medium;\">La difficult\u00e9 reste que celui qui rencontre quelqu&rsquo;un, voit toujours l&rsquo;autre \u00e0 son propre niveau. Je me souviens tr\u00e8s bien que c&rsquo;\u00e9tait une \u00e9nigme pour moi de voir Ramana Maharshi manger. J&rsquo;\u00e9tais convaincu qu&rsquo;il \u00e9tait \u00e9veill\u00e9, mais comment \u00e9tait-il possible qu&rsquo;il mange, qu&rsquo;il dorme et qu&rsquo;il marche, je ne pouvais pas comprendre. C&rsquo;est parce qu&rsquo;\u00e0 cette \u00e9poque, je m&rsquo;identifiais \u00e0 un corps et \u00e0 une action. Dans mon cas, il y avait un sentiment-Je apr\u00e8s avoir cir\u00e9 mes chaussures ou avant, et apr\u00e8s avoir mang\u00e9 et fait d&rsquo;autres activit\u00e9s. Par cons\u00e9quent, je voyais la projection des choses sur \u00ab\u00a0mon\u00a0\u00bb corps \u00e9galement projet\u00e9 sur \u00ab\u00a0ses\u00a0\u00bb actions et ainsi de suite.<\/span><\/span><\/p>\n<p align=\"justify\"><span style=\"color: #000000;\"><span style=\"font-size: medium;\">Il y a peu de temps, je parlais avec quelqu&rsquo;un pour qui j&rsquo;\u00e9prouve des sentiments tr\u00e8s chaleureux ; il m&rsquo;a soudain demand\u00e9 : \u00ab\u00a0Alors, es-tu heureux ?\u00a0\u00bb J&rsquo;ai eu le courage de r\u00e9pondre \u00ab\u00a0oui\u00a0\u00bb, et mon ami s&rsquo;est \u00e9cri\u00e9, en tapant de la main sur la table : \u00ab\u00a0Non !\u00a0\u00bb.<\/span><\/span><\/p>\n<p align=\"justify\"><span style=\"color: #000000;\"><span style=\"font-size: medium;\">Nous y sommes&#8230;<\/span><\/span><\/p>\n<p align=\"justify\"><span style=\"color: #000000;\"><span style=\"font-size: medium;\">Il pense, comme beaucoup d&rsquo;autres, qu&rsquo;\u00eatre heureux signifie \u00eatre toujours de bonne humeur. Mais en fait, cela n&rsquo;a rien \u00e0 voir avec le bonheur. Le vrai bonheur est invisible. Il est la libert\u00e9 elle-m\u00eame et cela signifie que le bonheur n&rsquo;est pas d\u00e9termin\u00e9 par les sentiments qui surviennent, mais par le fait de se tenir \u00e0 l&rsquo;\u00e9cart des sentiments. Exactement comme le ciel n&rsquo;est pas influenc\u00e9 par les nuages qui passent \u00e0 un certain niveau, et enti\u00e8rement ind\u00e9pendant du fait qu&rsquo;il s&rsquo;agisse de beaux ou de vilains nuages. L&rsquo;espace reste l&rsquo;espace, et dans notre comparaison, c&rsquo;est le bonheur, l&rsquo;espace qui reste immobile m\u00eame si des nuages aussi laids passent \u00e0 la d\u00e9rive.<\/span><\/span><\/p>\n<p align=\"justify\"><span style=\"color: #000000;\"><span style=\"font-size: medium;\"><i><b>Question : Mais n&rsquo;est-ce pas presque inatteignable ?<\/b><\/i><\/span><\/span><\/p>\n<p align=\"justify\"><span style=\"color: #000000;\"><span style=\"font-size: medium;\">W.K. : Pas \u00ab\u00a0presque\u00a0\u00bb, mais compl\u00e8tement inatteignable. Comment un nuage qui passe peut-il atteindre le ciel ? Cela n&rsquo;a aucun sens. Personne ne peut l&rsquo;atteindre, parce que celui qui veut l&rsquo;atteindre est une illusion compl\u00e8te. Une image fantaisiste ne peut jamais atteindre quoi que ce soit. Ce n&rsquo;est que si le Je fantasm\u00e9 dispara\u00eet avec tout ce qui lui appartient que l&rsquo;incommensurable se r\u00e9v\u00e8le, ind\u00e9pendamment du corps, de la psych\u00e9 ou de tout autre comportement. \u00catre heureux signifie : \u00eatre si compl\u00e8tement convaincu du fait que vous n&rsquo;\u00eates pas quelqu&rsquo;un que l&rsquo;id\u00e9e que vous n&rsquo;\u00eates pas quelqu&rsquo;un ne vous vient m\u00eame pas \u00e0 l&rsquo;esprit.<\/span><\/span><\/p>\n<p align=\"justify\"><span style=\"color: #000000;\"><span style=\"font-size: medium;\"><i><b>Question : Peut-\u00eatre ai-je mal formul\u00e9 ma question, mais je continue \u00e0 penser que c&rsquo;est difficile \u00e0 r\u00e9aliser. Disons qu&rsquo;il est difficile de se d\u00e9barrasser du Je-apparent.<\/b><\/i><\/span><\/span><\/p>\n<p align=\"justify\"><span style=\"color: #000000;\"><span style=\"font-size: medium;\">W.K. : Ce genre de remarques est une \u00e9chappatoire. La r\u00e9alisation de soi n&rsquo;a rien \u00e0 voir avec la facilit\u00e9 ou la difficult\u00e9. Vous n&rsquo;avez pas besoin de faire quoi que ce soit pour regarder. M\u00eame si vous fermez les yeux, des images surgissent. Dans cette salle, il y a au moins quatre personnes qui ont compl\u00e8tement vu ce qu&rsquo;elles sont et ce qu&rsquo;elles ne sont pas. Pourquoi elles et pas vous ? Parce qu&rsquo;elles se sont ouvertes \u00e0 tout ce qui voulait se pr\u00e9senter pour en t\u00e9moigner, parfois lentement, parfois rapidement. Ils ne se sont jamais pos\u00e9 la question de savoir si c&rsquo;\u00e9tait facile ou difficile. Ils ont consciemment gard\u00e9 leurs \u00ab\u00a0yeux\u00a0\u00bb ouverts et ont regard\u00e9 dans la clart\u00e9, interrog\u00e9s. C&rsquo;est la seule possibilit\u00e9.<\/span><\/span><\/p>\n<p align=\"justify\"><span style=\"color: #000000;\"><span style=\"font-size: medium;\">Les personnes qui trouvent tout cela trop difficile sont seulement paresseuses, rien d&rsquo;autre. Elles ne sont pas destin\u00e9es \u00e0 la r\u00e9alisation de soi. La seule qualification que l&rsquo;on doit avoir est un s\u00e9rieux total ; que l&rsquo;on soit pr\u00eat \u00e0 sauter dans l&rsquo;ab\u00eeme. Mais celui qui continue \u00e0 \u00e9couter ses peurs, son confort douillet, sa paresse, reste l\u00e0 o\u00f9 il est, vie apr\u00e8s vie : quelqu&rsquo;un qui pense que c&rsquo;est tr\u00e8s difficile. Le plus important est rest\u00e9 inachev\u00e9 \u00e0 la fin de sa vie, parce qu&rsquo;il ne s&rsquo;en est pas donn\u00e9 la peine. Il est donc contraint, \u00e0 arpenter les m\u00eames petits chemins encore et encore&#8230; \u00e0 rester en nage dans une immense assiette pleine de bouillie grise, sucr\u00e9e et collante.<\/span><\/span><\/p>\n<p align=\"justify\"><span style=\"color: #000000;\"><span style=\"font-size: medium;\"><i><b>Question : Il reste n\u00e9anmoins difficile de voir que ce n&rsquo;est pas difficile.<\/b><\/i><\/span><\/span><\/p>\n<p align=\"justify\"><span style=\"color: #000000;\"><span style=\"font-size: medium;\">W.K. : Celui qui est amoureux, ce qui signifie litt\u00e9ralement \u00ab\u00a0dans l&rsquo;\u00e9tat d&rsquo;amour\u00a0\u00bb, est un bon amant, et si son partenaire est \u00e9galement amoureux, ils forment un beau couple. Mais celui qui est n\u00e9vros\u00e9 pense qu&rsquo;il devrait aimer plus qu&rsquo;il ne le fait. En d&rsquo;autres termes, celui qui met l&rsquo;accent sur lui-m\u00eame plut\u00f4t que sur la personne aim\u00e9e, et qui pense que c&rsquo;est lui, la personnalit\u00e9, qui doit produire l&rsquo;amour, pour lui, m\u00eame l&rsquo;amour est une t\u00e2che impossible.<\/span><\/span><\/p>\n<p align=\"justify\"><span style=\"color: #000000;\"><span style=\"font-size: medium;\">Si vous, vous, vous ne faites rien, si vous vous permettez simplement de vous dissoudre dans l&rsquo;amour que vous \u00eates au plus profond de votre \u00eatre, tous les autres probl\u00e8mes sont r\u00e9solus. Alors, la voie que nous appelons Jnana Yoga est aussi l\u00e9g\u00e8re qu&rsquo;une plume et vous ne poserez plus jamais de questions sur le facile et le difficile.<\/span><\/span><\/p>\n<p align=\"justify\"><span style=\"color: #000000;\"><span style=\"font-size: medium;\">Extrait de : <i>Yoga and Vedanta,<\/i> juin 1976<\/span><\/span><\/p>\n<p align=\"justify\"><span style=\"color: #000000;\"><span style=\"font-size: medium;\">(Wolter Keers, 1923 \u2013 \u20201985)<\/span><\/span><\/p>\n","protected":false},"excerpt":{"rendered":"<p>Traduction libre Que voit et ressent une personne \u00e9veill\u00e9e ? Bien que la r\u00e9ponse \u00e0 cette question soit extr\u00eamement simple, elle est en m\u00eame temps totalement incompr\u00e9hensible. L&rsquo;\u00e9veill\u00e9 ressent tout et rien. Pourquoi la r\u00e9ponse est-elle incompr\u00e9hensible ? Parce que celui qui a pos\u00e9 la question a cach\u00e9 \u00ab\u00a0le lapin de sa personnalit\u00e9\u00a0\u00bb dans le [&hellip;]<\/p>\n","protected":false},"author":2,"featured_media":12941,"comment_status":"closed","ping_status":"closed","sticky":false,"template":"","format":"standard","meta":{"footnotes":""},"categories":[1137],"tags":[42,8,147],"class_list":["post-18384","post","type-post","status-publish","format-standard","has-post-thumbnail","hentry","category-keers-wolter-a","tag-eveil","tag-non-dualite","tag-travail-sur-soi"],"yoast_head":"<!-- This site is optimized with the Yoast SEO plugin v27.0 - https:\/\/yoast.com\/product\/yoast-seo-wordpress\/ -->\n<title>Le lapin dans le chapeau par Wolter Keers - 3e mill\u00e9naire - Spiritualit\u00e9 - Connaissance de soi - Non-dualit\u00e9 - M\u00e9ditation<\/title>\n<meta name=\"robots\" content=\"index, follow, max-snippet:-1, max-image-preview:large, max-video-preview:-1\" \/>\n<link rel=\"canonical\" href=\"https:\/\/www.revue3emillenaire.com\/blog\/le-lapin-dans-le-chapeau-par-wolter-keers\/\" \/>\n<meta property=\"og:locale\" content=\"fr_FR\" \/>\n<meta property=\"og:type\" content=\"article\" \/>\n<meta property=\"og:title\" content=\"Le lapin dans le chapeau par Wolter Keers - 3e mill\u00e9naire - Spiritualit\u00e9 - Connaissance de soi - Non-dualit\u00e9 - M\u00e9ditation\" \/>\n<meta property=\"og:description\" content=\"Traduction libre Que voit et ressent une personne \u00e9veill\u00e9e ? Bien que la r\u00e9ponse \u00e0 cette question soit extr\u00eamement simple, elle est en m\u00eame temps totalement incompr\u00e9hensible. L&rsquo;\u00e9veill\u00e9 ressent tout et rien. Pourquoi la r\u00e9ponse est-elle incompr\u00e9hensible ? Parce que celui qui a pos\u00e9 la question a cach\u00e9 \u00ab\u00a0le lapin de sa personnalit\u00e9\u00a0\u00bb dans le [&hellip;]\" \/>\n<meta property=\"og:url\" content=\"https:\/\/www.revue3emillenaire.com\/blog\/le-lapin-dans-le-chapeau-par-wolter-keers\/\" \/>\n<meta property=\"og:site_name\" content=\"3e mill\u00e9naire - Spiritualit\u00e9 - Connaissance de soi - Non-dualit\u00e9 - M\u00e9ditation\" \/>\n<meta property=\"article:published_time\" content=\"2021-04-08T22:49:29+00:00\" \/>\n<meta property=\"og:image\" content=\"https:\/\/www.revue3emillenaire.com\/blog\/wp-content\/uploads\/2013\/01\/Wkeers3.jpg\" \/>\n\t<meta property=\"og:image:width\" content=\"222\" \/>\n\t<meta property=\"og:image:height\" content=\"239\" \/>\n\t<meta property=\"og:image:type\" content=\"image\/jpeg\" \/>\n<meta name=\"author\" content=\"3e mill\u00e9naire\" \/>\n<meta name=\"twitter:card\" content=\"summary_large_image\" \/>\n<meta name=\"twitter:label1\" content=\"\u00c9crit par\" \/>\n\t<meta name=\"twitter:data1\" content=\"3e mill\u00e9naire\" \/>\n\t<meta name=\"twitter:label2\" content=\"Dur\u00e9e de lecture estim\u00e9e\" \/>\n\t<meta name=\"twitter:data2\" content=\"10 minutes\" \/>\n<script type=\"application\/ld+json\" class=\"yoast-schema-graph\">{\"@context\":\"https:\/\/schema.org\",\"@graph\":[{\"@type\":\"Article\",\"@id\":\"https:\/\/www.revue3emillenaire.com\/blog\/le-lapin-dans-le-chapeau-par-wolter-keers\/#article\",\"isPartOf\":{\"@id\":\"https:\/\/www.revue3emillenaire.com\/blog\/le-lapin-dans-le-chapeau-par-wolter-keers\/\"},\"author\":{\"name\":\"3e mill\u00e9naire\",\"@id\":\"https:\/\/www.revue3emillenaire.com\/blog\/#\/schema\/person\/b692dacff720a5344a6190bc714397eb\"},\"headline\":\"Le lapin dans le chapeau par Wolter Keers\",\"datePublished\":\"2021-04-08T22:49:29+00:00\",\"mainEntityOfPage\":{\"@id\":\"https:\/\/www.revue3emillenaire.com\/blog\/le-lapin-dans-le-chapeau-par-wolter-keers\/\"},\"wordCount\":2022,\"image\":{\"@id\":\"https:\/\/www.revue3emillenaire.com\/blog\/le-lapin-dans-le-chapeau-par-wolter-keers\/#primaryimage\"},\"thumbnailUrl\":\"https:\/\/www.revue3emillenaire.com\/blog\/wp-content\/uploads\/2013\/01\/Wkeers3.jpg\",\"keywords\":[\"Eveil\",\"Non-dualit\u00e9\",\"Travail sur soi\"],\"articleSection\":[\"Keers Wolter A.\"],\"inLanguage\":\"fr-FR\"},{\"@type\":\"WebPage\",\"@id\":\"https:\/\/www.revue3emillenaire.com\/blog\/le-lapin-dans-le-chapeau-par-wolter-keers\/\",\"url\":\"https:\/\/www.revue3emillenaire.com\/blog\/le-lapin-dans-le-chapeau-par-wolter-keers\/\",\"name\":\"Le lapin dans le chapeau par Wolter Keers - 3e mill\u00e9naire - Spiritualit\u00e9 - Connaissance de soi - Non-dualit\u00e9 - M\u00e9ditation\",\"isPartOf\":{\"@id\":\"https:\/\/www.revue3emillenaire.com\/blog\/#website\"},\"primaryImageOfPage\":{\"@id\":\"https:\/\/www.revue3emillenaire.com\/blog\/le-lapin-dans-le-chapeau-par-wolter-keers\/#primaryimage\"},\"image\":{\"@id\":\"https:\/\/www.revue3emillenaire.com\/blog\/le-lapin-dans-le-chapeau-par-wolter-keers\/#primaryimage\"},\"thumbnailUrl\":\"https:\/\/www.revue3emillenaire.com\/blog\/wp-content\/uploads\/2013\/01\/Wkeers3.jpg\",\"datePublished\":\"2021-04-08T22:49:29+00:00\",\"author\":{\"@id\":\"https:\/\/www.revue3emillenaire.com\/blog\/#\/schema\/person\/b692dacff720a5344a6190bc714397eb\"},\"breadcrumb\":{\"@id\":\"https:\/\/www.revue3emillenaire.com\/blog\/le-lapin-dans-le-chapeau-par-wolter-keers\/#breadcrumb\"},\"inLanguage\":\"fr-FR\",\"potentialAction\":[{\"@type\":\"ReadAction\",\"target\":[\"https:\/\/www.revue3emillenaire.com\/blog\/le-lapin-dans-le-chapeau-par-wolter-keers\/\"]}]},{\"@type\":\"ImageObject\",\"inLanguage\":\"fr-FR\",\"@id\":\"https:\/\/www.revue3emillenaire.com\/blog\/le-lapin-dans-le-chapeau-par-wolter-keers\/#primaryimage\",\"url\":\"https:\/\/www.revue3emillenaire.com\/blog\/wp-content\/uploads\/2013\/01\/Wkeers3.jpg\",\"contentUrl\":\"https:\/\/www.revue3emillenaire.com\/blog\/wp-content\/uploads\/2013\/01\/Wkeers3.jpg\",\"width\":\"222\",\"height\":\"239\"},{\"@type\":\"BreadcrumbList\",\"@id\":\"https:\/\/www.revue3emillenaire.com\/blog\/le-lapin-dans-le-chapeau-par-wolter-keers\/#breadcrumb\",\"itemListElement\":[{\"@type\":\"ListItem\",\"position\":1,\"name\":\"Accueil\",\"item\":\"https:\/\/www.revue3emillenaire.com\/blog\/\"},{\"@type\":\"ListItem\",\"position\":2,\"name\":\"Le lapin dans le chapeau par Wolter Keers\"}]},{\"@type\":\"WebSite\",\"@id\":\"https:\/\/www.revue3emillenaire.com\/blog\/#website\",\"url\":\"https:\/\/www.revue3emillenaire.com\/blog\/\",\"name\":\"3e mill\u00e9naire - Spiritualit\u00e9 - Connaissance de soi - Non-dualit\u00e9 - M\u00e9ditation\",\"description\":\"L&#039;Homme en devenir\",\"potentialAction\":[{\"@type\":\"SearchAction\",\"target\":{\"@type\":\"EntryPoint\",\"urlTemplate\":\"https:\/\/www.revue3emillenaire.com\/blog\/?s={search_term_string}\"},\"query-input\":{\"@type\":\"PropertyValueSpecification\",\"valueRequired\":true,\"valueName\":\"search_term_string\"}}],\"inLanguage\":\"fr-FR\"},{\"@type\":\"Person\",\"@id\":\"https:\/\/www.revue3emillenaire.com\/blog\/#\/schema\/person\/b692dacff720a5344a6190bc714397eb\",\"name\":\"3e mill\u00e9naire\",\"url\":\"https:\/\/www.revue3emillenaire.com\/blog\/author\/scoussa\/\"}]}<\/script>\n<!-- \/ Yoast SEO plugin. -->","yoast_head_json":{"title":"Le lapin dans le chapeau par Wolter Keers - 3e mill\u00e9naire - Spiritualit\u00e9 - Connaissance de soi - Non-dualit\u00e9 - M\u00e9ditation","robots":{"index":"index","follow":"follow","max-snippet":"max-snippet:-1","max-image-preview":"max-image-preview:large","max-video-preview":"max-video-preview:-1"},"canonical":"https:\/\/www.revue3emillenaire.com\/blog\/le-lapin-dans-le-chapeau-par-wolter-keers\/","og_locale":"fr_FR","og_type":"article","og_title":"Le lapin dans le chapeau par Wolter Keers - 3e mill\u00e9naire - Spiritualit\u00e9 - Connaissance de soi - Non-dualit\u00e9 - M\u00e9ditation","og_description":"Traduction libre Que voit et ressent une personne \u00e9veill\u00e9e ? Bien que la r\u00e9ponse \u00e0 cette question soit extr\u00eamement simple, elle est en m\u00eame temps totalement incompr\u00e9hensible. L&rsquo;\u00e9veill\u00e9 ressent tout et rien. Pourquoi la r\u00e9ponse est-elle incompr\u00e9hensible ? Parce que celui qui a pos\u00e9 la question a cach\u00e9 \u00ab\u00a0le lapin de sa personnalit\u00e9\u00a0\u00bb dans le [&hellip;]","og_url":"https:\/\/www.revue3emillenaire.com\/blog\/le-lapin-dans-le-chapeau-par-wolter-keers\/","og_site_name":"3e mill\u00e9naire - Spiritualit\u00e9 - Connaissance de soi - Non-dualit\u00e9 - M\u00e9ditation","article_published_time":"2021-04-08T22:49:29+00:00","og_image":[{"width":222,"height":239,"url":"https:\/\/www.revue3emillenaire.com\/blog\/wp-content\/uploads\/2013\/01\/Wkeers3.jpg","type":"image\/jpeg"}],"author":"3e mill\u00e9naire","twitter_card":"summary_large_image","twitter_misc":{"\u00c9crit par":"3e mill\u00e9naire","Dur\u00e9e de lecture estim\u00e9e":"10 minutes"},"schema":{"@context":"https:\/\/schema.org","@graph":[{"@type":"Article","@id":"https:\/\/www.revue3emillenaire.com\/blog\/le-lapin-dans-le-chapeau-par-wolter-keers\/#article","isPartOf":{"@id":"https:\/\/www.revue3emillenaire.com\/blog\/le-lapin-dans-le-chapeau-par-wolter-keers\/"},"author":{"name":"3e mill\u00e9naire","@id":"https:\/\/www.revue3emillenaire.com\/blog\/#\/schema\/person\/b692dacff720a5344a6190bc714397eb"},"headline":"Le lapin dans le chapeau par Wolter Keers","datePublished":"2021-04-08T22:49:29+00:00","mainEntityOfPage":{"@id":"https:\/\/www.revue3emillenaire.com\/blog\/le-lapin-dans-le-chapeau-par-wolter-keers\/"},"wordCount":2022,"image":{"@id":"https:\/\/www.revue3emillenaire.com\/blog\/le-lapin-dans-le-chapeau-par-wolter-keers\/#primaryimage"},"thumbnailUrl":"https:\/\/www.revue3emillenaire.com\/blog\/wp-content\/uploads\/2013\/01\/Wkeers3.jpg","keywords":["Eveil","Non-dualit\u00e9","Travail sur soi"],"articleSection":["Keers Wolter A."],"inLanguage":"fr-FR"},{"@type":"WebPage","@id":"https:\/\/www.revue3emillenaire.com\/blog\/le-lapin-dans-le-chapeau-par-wolter-keers\/","url":"https:\/\/www.revue3emillenaire.com\/blog\/le-lapin-dans-le-chapeau-par-wolter-keers\/","name":"Le lapin dans le chapeau par Wolter Keers - 3e mill\u00e9naire - Spiritualit\u00e9 - Connaissance de soi - Non-dualit\u00e9 - M\u00e9ditation","isPartOf":{"@id":"https:\/\/www.revue3emillenaire.com\/blog\/#website"},"primaryImageOfPage":{"@id":"https:\/\/www.revue3emillenaire.com\/blog\/le-lapin-dans-le-chapeau-par-wolter-keers\/#primaryimage"},"image":{"@id":"https:\/\/www.revue3emillenaire.com\/blog\/le-lapin-dans-le-chapeau-par-wolter-keers\/#primaryimage"},"thumbnailUrl":"https:\/\/www.revue3emillenaire.com\/blog\/wp-content\/uploads\/2013\/01\/Wkeers3.jpg","datePublished":"2021-04-08T22:49:29+00:00","author":{"@id":"https:\/\/www.revue3emillenaire.com\/blog\/#\/schema\/person\/b692dacff720a5344a6190bc714397eb"},"breadcrumb":{"@id":"https:\/\/www.revue3emillenaire.com\/blog\/le-lapin-dans-le-chapeau-par-wolter-keers\/#breadcrumb"},"inLanguage":"fr-FR","potentialAction":[{"@type":"ReadAction","target":["https:\/\/www.revue3emillenaire.com\/blog\/le-lapin-dans-le-chapeau-par-wolter-keers\/"]}]},{"@type":"ImageObject","inLanguage":"fr-FR","@id":"https:\/\/www.revue3emillenaire.com\/blog\/le-lapin-dans-le-chapeau-par-wolter-keers\/#primaryimage","url":"https:\/\/www.revue3emillenaire.com\/blog\/wp-content\/uploads\/2013\/01\/Wkeers3.jpg","contentUrl":"https:\/\/www.revue3emillenaire.com\/blog\/wp-content\/uploads\/2013\/01\/Wkeers3.jpg","width":"222","height":"239"},{"@type":"BreadcrumbList","@id":"https:\/\/www.revue3emillenaire.com\/blog\/le-lapin-dans-le-chapeau-par-wolter-keers\/#breadcrumb","itemListElement":[{"@type":"ListItem","position":1,"name":"Accueil","item":"https:\/\/www.revue3emillenaire.com\/blog\/"},{"@type":"ListItem","position":2,"name":"Le lapin dans le chapeau par Wolter Keers"}]},{"@type":"WebSite","@id":"https:\/\/www.revue3emillenaire.com\/blog\/#website","url":"https:\/\/www.revue3emillenaire.com\/blog\/","name":"3e mill\u00e9naire - Spiritualit\u00e9 - Connaissance de soi - Non-dualit\u00e9 - M\u00e9ditation","description":"L&#039;Homme en devenir","potentialAction":[{"@type":"SearchAction","target":{"@type":"EntryPoint","urlTemplate":"https:\/\/www.revue3emillenaire.com\/blog\/?s={search_term_string}"},"query-input":{"@type":"PropertyValueSpecification","valueRequired":true,"valueName":"search_term_string"}}],"inLanguage":"fr-FR"},{"@type":"Person","@id":"https:\/\/www.revue3emillenaire.com\/blog\/#\/schema\/person\/b692dacff720a5344a6190bc714397eb","name":"3e mill\u00e9naire","url":"https:\/\/www.revue3emillenaire.com\/blog\/author\/scoussa\/"}]}},"_links":{"self":[{"href":"https:\/\/www.revue3emillenaire.com\/blog\/wp-json\/wp\/v2\/posts\/18384","targetHints":{"allow":["GET"]}}],"collection":[{"href":"https:\/\/www.revue3emillenaire.com\/blog\/wp-json\/wp\/v2\/posts"}],"about":[{"href":"https:\/\/www.revue3emillenaire.com\/blog\/wp-json\/wp\/v2\/types\/post"}],"author":[{"embeddable":true,"href":"https:\/\/www.revue3emillenaire.com\/blog\/wp-json\/wp\/v2\/users\/2"}],"replies":[{"embeddable":true,"href":"https:\/\/www.revue3emillenaire.com\/blog\/wp-json\/wp\/v2\/comments?post=18384"}],"version-history":[{"count":0,"href":"https:\/\/www.revue3emillenaire.com\/blog\/wp-json\/wp\/v2\/posts\/18384\/revisions"}],"wp:featuredmedia":[{"embeddable":true,"href":"https:\/\/www.revue3emillenaire.com\/blog\/wp-json\/wp\/v2\/media\/12941"}],"wp:attachment":[{"href":"https:\/\/www.revue3emillenaire.com\/blog\/wp-json\/wp\/v2\/media?parent=18384"}],"wp:term":[{"taxonomy":"category","embeddable":true,"href":"https:\/\/www.revue3emillenaire.com\/blog\/wp-json\/wp\/v2\/categories?post=18384"},{"taxonomy":"post_tag","embeddable":true,"href":"https:\/\/www.revue3emillenaire.com\/blog\/wp-json\/wp\/v2\/tags?post=18384"}],"curies":[{"name":"wp","href":"https:\/\/api.w.org\/{rel}","templated":true}]}}