{"id":18703,"date":"2021-09-25T15:25:05","date_gmt":"2021-09-25T14:25:05","guid":{"rendered":"https:\/\/www.revue3emillenaire.com\/blog\/?p=18703"},"modified":"2021-09-25T15:28:58","modified_gmt":"2021-09-25T14:28:58","slug":"interferer-avec-les-feux-de-la-vie-par-arthur-firstenberg","status":"publish","type":"post","link":"https:\/\/www.revue3emillenaire.com\/blog\/interferer-avec-les-feux-de-la-vie-par-arthur-firstenberg\/","title":{"rendered":"Interf\u00e9rer avec les feux de la vie par Arthur Firstenberg"},"content":{"rendered":"<p align=\"justify\"><i>Traduction libre de l\u2019infolettre d\u2019Arthur Firstenberg en date 2021-07-01<\/i><\/p>\n<p align=\"justify\">Manger et respirer sont les besoins fondamentaux de la vie. Mais l&rsquo;\u00e9nergie n\u00e9cessaire \u00e0 la vie n\u00e9cessite \u00e9galement une combustion : les aliments que nous mangeons doivent se combiner avec l&rsquo;oxyg\u00e8ne que nous respirons. Cette combustion a lieu \u00e0 l&rsquo;int\u00e9rieur de nos cellules dans de minuscules structures appel\u00e9es mitochondries. Et dans nos mitochondries se trouvent des structures encore plus petites appel\u00e9es cha\u00eenes de transport d&rsquo;\u00e9lectrons. Ce sont les fils invisibles qui transportent les \u00e9lectrons g\u00e9n\u00e9r\u00e9s par la digestion de nos aliments vers les mol\u00e9cules d&rsquo;oxyg\u00e8ne fournies par nos poumons et notre sang. Tout ce qui interf\u00e8re avec ces minuscules courants \u00e9lectriques interf\u00e8re avec la vie.<\/p>\n<p align=\"justify\">La technologie sans fil, en bombardant nos cellules de champs \u00e9lectromagn\u00e9tiques complexes, puls\u00e9s et modul\u00e9s, perturbe ces courants de vie. L&rsquo;ensemble du processus d&rsquo;alimentation, de respiration, de digestion et de production d&rsquo;\u00e9nergie \u2013 le processus de vie \u2013 est ralenti. Nous en voyons les cons\u00e9quences partout.<\/p>\n<p align=\"justify\"><b>Diab\u00e8te, maladies cardiaques et cancer<\/b><\/p>\n<p align=\"justify\">Lorsque les enzymes g\u00e9n\u00e9rant des \u00e9lectrons dans nos mitochondries ne peuvent pas suivre le volume de sucres, de graisses et de prot\u00e9ines fourni par notre syst\u00e8me digestif, ces composants de notre alimentation s&rsquo;accumulent dans notre sang.<\/p>\n<p align=\"justify\">L&rsquo;accumulation de sucre dans le sang, et son excr\u00e9tion par les reins, s&rsquo;appelle le diab\u00e8te, une maladie si rare avant 1860 que la plupart des m\u00e9decins n&rsquo;en voyaient jamais un cas au cours de leur vie. La consommation de sucre, quelle qu&rsquo;en soit la quantit\u00e9, ne provoquait pas autrefois le diab\u00e8te.<\/p>\n<p align=\"justify\">L&rsquo;accumulation de graisses dans le sang et leur d\u00e9p\u00f4t dans les parois de nos art\u00e8res, y compris les art\u00e8res coronaires, provoquent des maladies cardiaques, qui \u00e9taient rares en 1850 et ne se produisaient presque jamais, sauf chez les nourrissons et les personnes \u00e2g\u00e9es. Autrefois, le cholest\u00e9rol et les r\u00e9gimes riches en graisses ne provoquaient pas de maladies cardiaques. Plus tard, les m\u00eames changements se sont produits chez les animaux de zoo. Les maladies cardiaques, par exemple, n&rsquo;existaient chez aucun animal du zoo de Philadelphie avant 1945. Et les premi\u00e8res crises cardiaques jamais enregistr\u00e9es chez les animaux de zoo ont eu lieu en 1955. Pourtant, la scl\u00e9rose des art\u00e8res coronaires a augment\u00e9 si rapidement qu&rsquo;en 1963, plus de 90 % de tous les mammif\u00e8res et 72 % de tous les oiseaux morts dans le zoo souffraient de maladies coronariennes, tandis que 24 % des mammif\u00e8res et 10 % des oiseaux avaient eu des crises cardiaques. Des tendances similaires ont \u00e9t\u00e9 rapport\u00e9es par le zoo de Londres et le zoo d&rsquo;Anvers.<\/p>\n<p align=\"justify\">Lorsque nos cellules sont priv\u00e9es d&rsquo;oxyg\u00e8ne parce qu&rsquo;elles ne peuvent pas utiliser tout l&rsquo;oxyg\u00e8ne que nous respirons, elles retournent parfois \u00e0 un m\u00e9tabolisme ana\u00e9robie (qui n&rsquo;utilise pas d&rsquo;oxyg\u00e8ne) et deviennent canc\u00e9reuses. Le cancer, lui aussi, \u00e9tait autrefois assez rare. En 1850, il \u00e9tait la 25<sup>e<\/sup> cause de d\u00e9c\u00e8s aux \u00c9tats-Unis, derri\u00e8re la noyade accidentelle. M\u00eame le tabagisme, avant 1920 environ, ne provoquait pas de cancer du poumon. Et dans les ann\u00e9es 1930 et 1940, les taux de tumeurs malignes et b\u00e9nignes ont augment\u00e9 de fa\u00e7on spectaculaire chez de nombreuses familles de mammif\u00e8res et d&rsquo;oiseaux du zoo de Philadelphie.<\/p>\n<p align=\"justify\">La pand\u00e9mie moderne d&rsquo;ob\u00e9sit\u00e9 est \u00e9galement une maladie \u00e9lectrique caus\u00e9e non pas par la suralimentation et le manque d&rsquo;exercice, mais par le m\u00eame ralentissement du m\u00e9tabolisme. Selon notre disposition g\u00e9n\u00e9tique, notre corps excr\u00e8te une grande partie des aliments dig\u00e9r\u00e9s sans les utiliser, ce qui entra\u00eene une perte de poids, ou bien il transforme une grande partie des glucides et des graisses que nous mangeons en tissus adipeux, ce qui provoque l&rsquo;ob\u00e9sit\u00e9. L&rsquo;ob\u00e9sit\u00e9 est en constante augmentation dans le monde entier, non seulement chez les humains, mais aussi chez les animaux de zoo, les animaux de laboratoire, les animaux de compagnie, les animaux de ferme et les animaux sauvages, en raison de l&rsquo;augmentation des radiations.<\/p>\n<p align=\"justify\"><b>La long\u00e9vit\u00e9<\/b><\/p>\n<p align=\"justify\">Contrairement \u00e0 la croyance populaire, l&rsquo;allongement de la dur\u00e9e de vie humaine n&rsquo;est pas d\u00fb \u00e0 la m\u00e9decine moderne. Il est plut\u00f4t d\u00fb \u00e0 l&rsquo;interf\u00e9rence avec le m\u00e9tabolisme qui ralentit notre rythme de vie. Et contrairement \u00e0 la croyance populaire, ce n&rsquo;est pas une bonne chose : nous vivons tous plus lentement, plus malades, moins vitaux. C&rsquo;est ce qu&rsquo;a observ\u00e9 en 1880 le Dr George Miller Beard dans son livre sur la neurasth\u00e9nie : \u00ab\u00a0Bien que [la neurasth\u00e9nie] puisse avoir tendance \u00e0 prolonger la vie et \u00e0 prot\u00e9ger le syst\u00e8me contre les maladies f\u00e9briles et inflammatoires, la quantit\u00e9 de souffrance qu&rsquo;elle cause est \u00e9norme.\u00a0\u00bb Et le m\u00eame constat a \u00e9t\u00e9 fait par Yasuo Kagawa en 1978 \u00e0 propos de l&rsquo;augmentation remarquable de la dur\u00e9e de vie au Japon : \u00ab\u00a0Une esp\u00e9rance de vie plus longue, mais une augmentation des maladies.\u00a0\u00bb<\/p>\n<p align=\"justify\">Ce ph\u00e9nom\u00e8ne s&rsquo;est \u00e9galement produit chez les humains et les animaux.<\/p>\n<p align=\"justify\">Les preuves de ce que j&rsquo;ai r\u00e9sum\u00e9 jusqu&rsquo;ici sont expos\u00e9es en d\u00e9tail dans les chapitres de mon livre, <span style=\"color: #000080;\"><u><a class=\"western\" href=\"https:\/\/editions-ambre.fr\/boutique\/sante\/larc-en-ciel-invisble\/\" target=\"_blank\" rel=\"noopener\"><i>L&rsquo;Arc-en-ciel invisible &#8211; L&rsquo;histoire de l&rsquo;\u00e9lectricit\u00e9 et de la vie<\/i><\/a><\/u><\/span> (\u00e9dition Ambre) : Chapitre 11, \u00ab\u00a0Le c\u0153ur irritable\u00a0\u00bb ; Chapitre 12, \u00ab\u00a0La transformation du diab\u00e8te\u00a0\u00bb ; Chapitre 13, \u00ab\u00a0Le cancer et la privation de la vie\u00a0\u00bb ; et Chapitre 14, \u00ab\u00a0L&rsquo;animation \u00e9touff\u00e9e\u00a0\u00bb.<\/p>\n<p align=\"justify\">Le reste de ce texte est consacr\u00e9 \u00e0 des preuves suppl\u00e9mentaires qui n&rsquo;ont \u00e9t\u00e9 port\u00e9es \u00e0 mon attention que r\u00e9cemment.<\/p>\n<p align=\"justify\"><b>La temp\u00e9rature normale du corps diminue<\/b><\/p>\n<p align=\"justify\">On pourrait s&rsquo;attendre \u00e0 ce que le fait d&rsquo;\u00e9teindre les feux de la vie en interf\u00e9rant avec le m\u00e9tabolisme fasse baisser la temp\u00e9rature du corps. Et c&rsquo;est le cas.<\/p>\n<p align=\"justify\">Il y a deux semaines, le Dr Mark Thompson, biochimiste au Royaume-Uni, a attir\u00e9 mon attention sur un article publi\u00e9 par un groupe de m\u00e9decins de la facult\u00e9 de m\u00e9decine de l&rsquo;universit\u00e9 de Stanford. Ils ont soulign\u00e9 que la temp\u00e9rature normale du corps n&rsquo;est plus de 37\u00b0 Celsius (98,6\u00b0 Fahrenheit), mais qu&rsquo;elle est en fait en baisse constante depuis pr\u00e8s de 150 ans. Leur article, publi\u00e9 le 7 janvier 2020, s&rsquo;intitule \u00ab\u00a0<span style=\"color: #000080;\"><u><a class=\"western\" href=\"https:\/\/elifesciences.org\/articles\/49555.pdf\" target=\"_blank\" rel=\"noopener\">Decreasing human body temperature in the United States since the Industrial Revolution<\/a><\/u><\/span>\u00a0\u00bb (Diminution de la temp\u00e9rature du corps humain aux \u00c9tats-Unis depuis la r\u00e9volution industrielle). Les donn\u00e9es sur lesquelles ils se sont appuy\u00e9s sont des centaines de milliers de mesures de temp\u00e9rature provenant de trois bases de donn\u00e9es : les v\u00e9t\u00e9rans de l&rsquo;arm\u00e9e de l&rsquo;Union pendant la guerre civile (ann\u00e9es de mesure 1862-1930), la National Health and Nutrition Examination Survey I (NHANES, Enqu\u00eate nationale sur la sant\u00e9 et la nutrition) (1971-1975) et la Stanford Translational Research Integrated Database Environment (STRIDE, Environnement de base de donn\u00e9es int\u00e9gr\u00e9 pour la recherche translationnelle \u00e0 Stanford) (2007-2017).<\/p>\n<p align=\"justify\">Comme ces scientifiques ne parvenaient pas \u00e0 comprendre ce qui pouvait faire baisser la temp\u00e9rature corporelle de fa\u00e7on aussi r\u00e9guli\u00e8re, ils ont attribu\u00e9 ce ph\u00e9nom\u00e8ne \u00e0 une \u00ab\u00a0\u00e9volution physiologique\u00a0\u00bb et non \u00e0 un facteur environnemental.<\/p>\n<p align=\"justify\">Une autre \u00e9tude, portant cette fois sur le peuple \u00ab\u00a0Tsimane\u00a0\u00bb de l&rsquo;Amazonie bolivienne, a \u00e9t\u00e9 port\u00e9e \u00e0 mon attention il y a quelques jours. Elle s&rsquo;intitule \u00ab\u00a0<span style=\"color: #000080;\"><u><a class=\"western\" href=\"https:\/\/advances.sciencemag.org\/content\/advances\/6\/44\/eabc6599.full.pdf\" target=\"_blank\" rel=\"noopener\">Rapidly declining body temperature in a tropical human population<\/a><\/u><\/span>\u00a0\u00bb (Baisse rapide de la temp\u00e9rature corporelle dans une population humaine tropicale). La plupart des villages Tsimane&rsquo; n&rsquo;ont toujours pas d&rsquo;\u00e9lectricit\u00e9, mais en 2004, de nombreux villageois ont acquis des t\u00e9l\u00e9phones portables, des radios, des antennes, des ampoules et des panneaux solaires, et en 2009, une ligne de transmission de 374 kilom\u00e8tres et de 115 kilovolts a \u00e9t\u00e9 achev\u00e9e \u00e0 travers la r\u00e9gion. La ligne passe \u00e0 proximit\u00e9 d&rsquo;un tron\u00e7on d&rsquo;environ 50 kilom\u00e8tres de la rivi\u00e8re Maniqui, o\u00f9 se trouvent de nombreux villages. Aujourd&rsquo;hui, il y a un service de t\u00e9l\u00e9phonie cellulaire sur au moins 25 kilom\u00e8tres, et probablement plus loin, dans toutes les directions \u00e0 partir de la seule ville, San Borja. 16 800 mesures de la temp\u00e9rature corporelle ont \u00e9t\u00e9 effectu\u00e9es entre 2003 et 2018. Au cours de cette p\u00e9riode, la temp\u00e9rature corporelle normale a chut\u00e9 chez ces personnes de 37,4\u00b0 C (99,3\u00b0 F) \u00e0 36,4\u00b0 C (97,5\u00b0 F).<\/p>\n<p align=\"justify\">J&rsquo;ai report\u00e9 toutes les donn\u00e9es de ces deux documents sur le m\u00eame graphique :<\/p>\n<p align=\"justify\"><a href=\"https:\/\/www.revue3emillenaire.com\/blog\/wp-content\/uploads\/2021\/09\/bodyarthur.jpg\"><img loading=\"lazy\" decoding=\"async\" class=\"alignleft wp-image-18704 size-full\" src=\"https:\/\/www.revue3emillenaire.com\/blog\/wp-content\/uploads\/2021\/09\/bodyarthur.jpg\" alt=\"\" width=\"922\" height=\"1024\" srcset=\"https:\/\/www.revue3emillenaire.com\/blog\/wp-content\/uploads\/2021\/09\/bodyarthur.jpg 922w, https:\/\/www.revue3emillenaire.com\/blog\/wp-content\/uploads\/2021\/09\/bodyarthur-270x300.jpg 270w, https:\/\/www.revue3emillenaire.com\/blog\/wp-content\/uploads\/2021\/09\/bodyarthur-768x853.jpg 768w\" sizes=\"auto, (max-width: 922px) 100vw, 922px\" \/><\/a><\/p>\n<p lang=\"en-US\" align=\"justify\">Un d\u00e9tail que les scientifiques de Stanford ont ignor\u00e9 est la forte baisse de la temp\u00e9rature corporelle qui s&rsquo;est produite aux \u00c9tats-Unis lorsqu&rsquo;ils sont entr\u00e9s dans la Premi\u00e8re Guerre mondiale en 1917 et qui s&rsquo;est poursuivie pendant la majeure partie des ann\u00e9es 1920. Ce ph\u00e9nom\u00e8ne est coh\u00e9rent avec le d\u00e9ploiement par les \u00c9tats-Unis de stations radio basse fr\u00e9quence extr\u00eamement puissantes afin d&rsquo;atteindre les navires de la marine \u00e0 l&rsquo;\u00e9tranger pendant la guerre, dont la plupart ont \u00e9t\u00e9 d\u00e9mantel\u00e9es ou remplac\u00e9es par des stations \u00e0 ondes courtes de plus faible puissance \u00e0 la fin des ann\u00e9es 1920.<\/p>\n<p align=\"justify\">Le r\u00f4le de l&rsquo;\u00e9lectricit\u00e9 et de la radio dans l&rsquo;apparition de la grippe, notamment la grippe espagnole de 1918, est \u00e9galement \u00e9tudi\u00e9 dans mon livre : Chapitre 7, \u00ab\u00a0Maladie \u00e9lectrique aigu\u00eb\u00a0\u00bb ; Chapitre 8, \u00ab\u00a0Myst\u00e8re de l&rsquo;\u00eele de Wight\u00a0\u00bb ; et Chapitre 9, \u00ab\u00a0L&rsquo;enveloppe \u00e9lectrique de la Terre\u00a0\u00bb.<\/p>\n<p align=\"justify\"><b>Le cancer n&rsquo;est pas une maladie g\u00e9n\u00e9tique<\/b><\/p>\n<p align=\"justify\">D&rsquo;autres preuves que le cancer est une maladie m\u00e9tabolique mitochondriale ont \u00e9galement \u00e9t\u00e9 port\u00e9es \u00e0 mon attention r\u00e9cemment. Bien que les oncologues modernes soient attach\u00e9s \u00e0 l&rsquo;id\u00e9e que le cancer est provoqu\u00e9 par des mutations g\u00e9n\u00e9tiques caus\u00e9es par des toxines environnementales, une th\u00e9orie rivale, formul\u00e9e il y a un si\u00e8cle par Otto Warburg, soutient que le cancer est une maladie m\u00e9tabolique caus\u00e9e par un manque d&rsquo;oxyg\u00e8ne, et que les substances canc\u00e9rig\u00e8nes provoquent le cancer en endommageant la respiration cellulaire.<\/p>\n<p align=\"justify\">Warburg a fond\u00e9 son hypoth\u00e8se sur l&rsquo;observation que les cellules canc\u00e9reuses n&rsquo;ont pas besoin d&rsquo;oxyg\u00e8ne, et cette observation est \u00e0 l&rsquo;origine de la m\u00e9thode moderne de diagnostic et de stadification du cancer utilisant la tomographie par \u00e9mission de positrons, ou TEP. Le m\u00e9tabolisme ana\u00e9robie \u00e9tant inefficace et consommant du glucose \u00e0 un rythme effr\u00e9n\u00e9, la TEP permet de rep\u00e9rer facilement les tumeurs dans l&rsquo;organisme gr\u00e2ce \u00e0 leur absorption plus rapide de glucose radioactif.<\/p>\n<p align=\"justify\">Aujourd&rsquo;hui, de <span style=\"color: #000080;\"><u><a class=\"western\" href=\"https:\/\/www.frontiersin.org\/articles\/10.3389\/fcell.2015.00043\/full\" target=\"_blank\" rel=\"noopener\">nouvelles recherches men\u00e9es par Thomas Seyfried<\/a><\/u><\/span> au Boston College ont pratiquement prouv\u00e9 que le cancer n&rsquo;est pas caus\u00e9 par des mutations g\u00e9n\u00e9tiques. Il a examin\u00e9 les r\u00e9sultats d&rsquo;exp\u00e9riences de transfert nucl\u00e9aire r\u00e9alis\u00e9es dans son laboratoire et dans d&rsquo;autres laboratoires ces derni\u00e8res ann\u00e9es, qui prouvent que c&rsquo;est le cytoplasme contenant les mitochondries, et non le noyau contenant l&rsquo;ADN, qui d\u00e9termine si une cellule est canc\u00e9reuse ou non.<\/p>\n<p align=\"justify\">Lorsque le noyau d&rsquo;une cellule canc\u00e9reuse est combin\u00e9 au cytoplasme d&rsquo;une cellule normale, la cellule fusionn\u00e9e qui en r\u00e9sulte se d\u00e9veloppe normalement lorsqu&rsquo;elle est implant\u00e9e dans un animal. \u00c0 l&rsquo;inverse, lorsque le noyau d&rsquo;une cellule normale est combin\u00e9 au cytoplasme d&rsquo;une cellule canc\u00e9reuse, la cellule fusionn\u00e9e forme une tumeur lorsqu&rsquo;elle est implant\u00e9e. C&rsquo;est la mitochondrie, et non l&rsquo;ADN, qui d\u00e9termine si une cellule est canc\u00e9reuse ou non.<\/p>\n<p align=\"justify\">\u00ab\u00a0Contrairement \u00e0 la th\u00e9orie de la mutation somatique\u00a0\u00bb, \u00e9crit Seyfried, \u00ab\u00a0des preuves \u00e9mergentes sugg\u00e8rent que le cancer est une maladie m\u00e9tabolique mitochondriale, selon la th\u00e9orie originale d&rsquo;Otto Warburg.\u00a0\u00bb Le cancer, dit-il, est caus\u00e9 par un manque d&rsquo;oxyg\u00e8ne, et les mutations de l&rsquo;ADN sont un effet secondaire de ce manque. \u00ab\u00a0J&rsquo;ai toujours pens\u00e9, \u00e9crit-il, que la pl\u00e9thore de mutations somatiques al\u00e9atoires que l&rsquo;on observe dans presque tous les types de tumeurs sont en fin de compte les effets en aval d&rsquo;une respiration insuffisante avec une fermentation compensatoire.\u00a0\u00bb<\/p>\n<p align=\"justify\">La vision dominante et erron\u00e9e du cancer est responsable de la distinction artificielle, erron\u00e9e et d\u00e9vastatrice faite par les scientifiques, les gouvernements et l&rsquo;Organisation mondiale de la sant\u00e9 entre les rayonnements ionisants et non ionisants. Les rayonnements ionisants sont suffisamment \u00e9nerg\u00e9tiques pour faire tomber les \u00e9lectrons des atomes et cr\u00e9er des ions, et tout ce qui peut ioniser votre ADN est cens\u00e9 pouvoir provoquer des mutations g\u00e9n\u00e9tiques, ce qui est cens\u00e9 \u00eatre la cause du cancer. Par cons\u00e9quent, selon la th\u00e9orie dominante, les longueurs d&rsquo;onde beaucoup plus courtes que les ondes lumineuses (ultraviolets \u00e0 haute \u00e9nergie, rayons X et rayons gamma) sont dangereuses et les longueurs d&rsquo;onde plus longues que les ondes lumineuses (infrarouges, ondes radio et rayonnement des lignes \u00e9lectriques) sont sans danger, et peuvent \u00eatre puls\u00e9es, modul\u00e9es et manipul\u00e9es, et envoy\u00e9es partout sur la plan\u00e8te en toute impunit\u00e9.<\/p>\n<p align=\"justify\">Seyfried et ses coll\u00e8gues ont pratiquement prouv\u00e9 que c&rsquo;\u00e9tait faux.<\/p>\n<p align=\"right\">Arthur Firstenberg<\/p>\n","protected":false},"excerpt":{"rendered":"<p>Traduction libre de l\u2019infolettre d\u2019Arthur Firstenberg en date 2021-07-01 Manger et respirer sont les besoins fondamentaux de la vie. Mais l&rsquo;\u00e9nergie n\u00e9cessaire \u00e0 la vie n\u00e9cessite \u00e9galement une combustion : les aliments que nous mangeons doivent se combiner avec l&rsquo;oxyg\u00e8ne que nous respirons. Cette combustion a lieu \u00e0 l&rsquo;int\u00e9rieur de nos cellules dans de minuscules [&hellip;]<\/p>\n","protected":false},"author":2,"featured_media":18304,"comment_status":"closed","ping_status":"closed","sticky":false,"template":"","format":"standard","meta":{"footnotes":""},"categories":[1540],"tags":[324,1606,1605,1503,1603,1607,1604],"class_list":["post-18703","post","type-post","status-publish","format-standard","has-post-thumbnail","hentry","category-actualite","tag-cancer","tag-champs-electromagnetiques","tag-diabete","tag-electricite","tag-maladies-cardiaques","tag-rayonnement","tag-temperature"],"yoast_head":"<!-- This site is optimized with the Yoast SEO plugin v27.0 - https:\/\/yoast.com\/product\/yoast-seo-wordpress\/ -->\n<title>Interf\u00e9rer avec les feux de la vie par Arthur Firstenberg - 3e mill\u00e9naire - Spiritualit\u00e9 - Connaissance de soi - Non-dualit\u00e9 - M\u00e9ditation<\/title>\n<meta name=\"robots\" content=\"index, follow, max-snippet:-1, max-image-preview:large, max-video-preview:-1\" \/>\n<link rel=\"canonical\" href=\"https:\/\/www.revue3emillenaire.com\/blog\/interferer-avec-les-feux-de-la-vie-par-arthur-firstenberg\/\" \/>\n<meta property=\"og:locale\" content=\"fr_FR\" \/>\n<meta property=\"og:type\" content=\"article\" \/>\n<meta property=\"og:title\" content=\"Interf\u00e9rer avec les feux de la vie par Arthur Firstenberg - 3e mill\u00e9naire - Spiritualit\u00e9 - Connaissance de soi - Non-dualit\u00e9 - M\u00e9ditation\" \/>\n<meta property=\"og:description\" content=\"Traduction libre de l\u2019infolettre d\u2019Arthur Firstenberg en date 2021-07-01 Manger et respirer sont les besoins fondamentaux de la vie. Mais l&rsquo;\u00e9nergie n\u00e9cessaire \u00e0 la vie n\u00e9cessite \u00e9galement une combustion : les aliments que nous mangeons doivent se combiner avec l&rsquo;oxyg\u00e8ne que nous respirons. Cette combustion a lieu \u00e0 l&rsquo;int\u00e9rieur de nos cellules dans de minuscules [&hellip;]\" \/>\n<meta property=\"og:url\" content=\"https:\/\/www.revue3emillenaire.com\/blog\/interferer-avec-les-feux-de-la-vie-par-arthur-firstenberg\/\" \/>\n<meta property=\"og:site_name\" content=\"3e mill\u00e9naire - Spiritualit\u00e9 - Connaissance de soi - Non-dualit\u00e9 - M\u00e9ditation\" \/>\n<meta property=\"article:published_time\" content=\"2021-09-25T14:25:05+00:00\" \/>\n<meta property=\"article:modified_time\" content=\"2021-09-25T14:28:58+00:00\" \/>\n<meta property=\"og:image\" content=\"https:\/\/www.revue3emillenaire.com\/blog\/wp-content\/uploads\/2020\/12\/Arthur-Firstenberg.jpg\" \/>\n\t<meta property=\"og:image:width\" content=\"329\" \/>\n\t<meta property=\"og:image:height\" content=\"365\" \/>\n\t<meta property=\"og:image:type\" content=\"image\/jpeg\" \/>\n<meta name=\"author\" content=\"3e mill\u00e9naire\" \/>\n<meta name=\"twitter:card\" content=\"summary_large_image\" \/>\n<meta name=\"twitter:label1\" content=\"\u00c9crit par\" \/>\n\t<meta name=\"twitter:data1\" content=\"3e mill\u00e9naire\" \/>\n\t<meta name=\"twitter:label2\" content=\"Dur\u00e9e de lecture estim\u00e9e\" \/>\n\t<meta name=\"twitter:data2\" content=\"9 minutes\" \/>\n<script type=\"application\/ld+json\" class=\"yoast-schema-graph\">{\"@context\":\"https:\/\/schema.org\",\"@graph\":[{\"@type\":\"Article\",\"@id\":\"https:\/\/www.revue3emillenaire.com\/blog\/interferer-avec-les-feux-de-la-vie-par-arthur-firstenberg\/#article\",\"isPartOf\":{\"@id\":\"https:\/\/www.revue3emillenaire.com\/blog\/interferer-avec-les-feux-de-la-vie-par-arthur-firstenberg\/\"},\"author\":{\"name\":\"3e mill\u00e9naire\",\"@id\":\"https:\/\/www.revue3emillenaire.com\/blog\/#\/schema\/person\/b692dacff720a5344a6190bc714397eb\"},\"headline\":\"Interf\u00e9rer avec les feux de la vie par Arthur Firstenberg\",\"datePublished\":\"2021-09-25T14:25:05+00:00\",\"dateModified\":\"2021-09-25T14:28:58+00:00\",\"mainEntityOfPage\":{\"@id\":\"https:\/\/www.revue3emillenaire.com\/blog\/interferer-avec-les-feux-de-la-vie-par-arthur-firstenberg\/\"},\"wordCount\":2141,\"image\":{\"@id\":\"https:\/\/www.revue3emillenaire.com\/blog\/interferer-avec-les-feux-de-la-vie-par-arthur-firstenberg\/#primaryimage\"},\"thumbnailUrl\":\"https:\/\/www.revue3emillenaire.com\/blog\/wp-content\/uploads\/2020\/12\/Arthur-Firstenberg.jpg\",\"keywords\":[\"cancer\",\"Champs \u00e9lectromagn\u00e9tiques\",\"Diab\u00e8te\",\"\u00c9lectricit\u00e9\",\"Maladies cardiaques\",\"Rayonnement\",\"Temp\u00e9rature\"],\"articleSection\":[\"Actualit\u00e9s\"],\"inLanguage\":\"fr-FR\"},{\"@type\":\"WebPage\",\"@id\":\"https:\/\/www.revue3emillenaire.com\/blog\/interferer-avec-les-feux-de-la-vie-par-arthur-firstenberg\/\",\"url\":\"https:\/\/www.revue3emillenaire.com\/blog\/interferer-avec-les-feux-de-la-vie-par-arthur-firstenberg\/\",\"name\":\"Interf\u00e9rer avec les feux de la vie par Arthur Firstenberg - 3e mill\u00e9naire - Spiritualit\u00e9 - Connaissance de soi - Non-dualit\u00e9 - M\u00e9ditation\",\"isPartOf\":{\"@id\":\"https:\/\/www.revue3emillenaire.com\/blog\/#website\"},\"primaryImageOfPage\":{\"@id\":\"https:\/\/www.revue3emillenaire.com\/blog\/interferer-avec-les-feux-de-la-vie-par-arthur-firstenberg\/#primaryimage\"},\"image\":{\"@id\":\"https:\/\/www.revue3emillenaire.com\/blog\/interferer-avec-les-feux-de-la-vie-par-arthur-firstenberg\/#primaryimage\"},\"thumbnailUrl\":\"https:\/\/www.revue3emillenaire.com\/blog\/wp-content\/uploads\/2020\/12\/Arthur-Firstenberg.jpg\",\"datePublished\":\"2021-09-25T14:25:05+00:00\",\"dateModified\":\"2021-09-25T14:28:58+00:00\",\"author\":{\"@id\":\"https:\/\/www.revue3emillenaire.com\/blog\/#\/schema\/person\/b692dacff720a5344a6190bc714397eb\"},\"breadcrumb\":{\"@id\":\"https:\/\/www.revue3emillenaire.com\/blog\/interferer-avec-les-feux-de-la-vie-par-arthur-firstenberg\/#breadcrumb\"},\"inLanguage\":\"fr-FR\",\"potentialAction\":[{\"@type\":\"ReadAction\",\"target\":[\"https:\/\/www.revue3emillenaire.com\/blog\/interferer-avec-les-feux-de-la-vie-par-arthur-firstenberg\/\"]}]},{\"@type\":\"ImageObject\",\"inLanguage\":\"fr-FR\",\"@id\":\"https:\/\/www.revue3emillenaire.com\/blog\/interferer-avec-les-feux-de-la-vie-par-arthur-firstenberg\/#primaryimage\",\"url\":\"https:\/\/www.revue3emillenaire.com\/blog\/wp-content\/uploads\/2020\/12\/Arthur-Firstenberg.jpg\",\"contentUrl\":\"https:\/\/www.revue3emillenaire.com\/blog\/wp-content\/uploads\/2020\/12\/Arthur-Firstenberg.jpg\",\"width\":329,\"height\":365},{\"@type\":\"BreadcrumbList\",\"@id\":\"https:\/\/www.revue3emillenaire.com\/blog\/interferer-avec-les-feux-de-la-vie-par-arthur-firstenberg\/#breadcrumb\",\"itemListElement\":[{\"@type\":\"ListItem\",\"position\":1,\"name\":\"Accueil\",\"item\":\"https:\/\/www.revue3emillenaire.com\/blog\/\"},{\"@type\":\"ListItem\",\"position\":2,\"name\":\"Interf\u00e9rer avec les feux de la vie par Arthur Firstenberg\"}]},{\"@type\":\"WebSite\",\"@id\":\"https:\/\/www.revue3emillenaire.com\/blog\/#website\",\"url\":\"https:\/\/www.revue3emillenaire.com\/blog\/\",\"name\":\"3e mill\u00e9naire - Spiritualit\u00e9 - Connaissance de soi - Non-dualit\u00e9 - M\u00e9ditation\",\"description\":\"L&#039;Homme en devenir\",\"potentialAction\":[{\"@type\":\"SearchAction\",\"target\":{\"@type\":\"EntryPoint\",\"urlTemplate\":\"https:\/\/www.revue3emillenaire.com\/blog\/?s={search_term_string}\"},\"query-input\":{\"@type\":\"PropertyValueSpecification\",\"valueRequired\":true,\"valueName\":\"search_term_string\"}}],\"inLanguage\":\"fr-FR\"},{\"@type\":\"Person\",\"@id\":\"https:\/\/www.revue3emillenaire.com\/blog\/#\/schema\/person\/b692dacff720a5344a6190bc714397eb\",\"name\":\"3e mill\u00e9naire\",\"url\":\"https:\/\/www.revue3emillenaire.com\/blog\/author\/scoussa\/\"}]}<\/script>\n<!-- \/ Yoast SEO plugin. -->","yoast_head_json":{"title":"Interf\u00e9rer avec les feux de la vie par Arthur Firstenberg - 3e mill\u00e9naire - Spiritualit\u00e9 - Connaissance de soi - Non-dualit\u00e9 - M\u00e9ditation","robots":{"index":"index","follow":"follow","max-snippet":"max-snippet:-1","max-image-preview":"max-image-preview:large","max-video-preview":"max-video-preview:-1"},"canonical":"https:\/\/www.revue3emillenaire.com\/blog\/interferer-avec-les-feux-de-la-vie-par-arthur-firstenberg\/","og_locale":"fr_FR","og_type":"article","og_title":"Interf\u00e9rer avec les feux de la vie par Arthur Firstenberg - 3e mill\u00e9naire - Spiritualit\u00e9 - Connaissance de soi - Non-dualit\u00e9 - M\u00e9ditation","og_description":"Traduction libre de l\u2019infolettre d\u2019Arthur Firstenberg en date 2021-07-01 Manger et respirer sont les besoins fondamentaux de la vie. Mais l&rsquo;\u00e9nergie n\u00e9cessaire \u00e0 la vie n\u00e9cessite \u00e9galement une combustion : les aliments que nous mangeons doivent se combiner avec l&rsquo;oxyg\u00e8ne que nous respirons. Cette combustion a lieu \u00e0 l&rsquo;int\u00e9rieur de nos cellules dans de minuscules [&hellip;]","og_url":"https:\/\/www.revue3emillenaire.com\/blog\/interferer-avec-les-feux-de-la-vie-par-arthur-firstenberg\/","og_site_name":"3e mill\u00e9naire - Spiritualit\u00e9 - Connaissance de soi - Non-dualit\u00e9 - M\u00e9ditation","article_published_time":"2021-09-25T14:25:05+00:00","article_modified_time":"2021-09-25T14:28:58+00:00","og_image":[{"width":329,"height":365,"url":"https:\/\/www.revue3emillenaire.com\/blog\/wp-content\/uploads\/2020\/12\/Arthur-Firstenberg.jpg","type":"image\/jpeg"}],"author":"3e mill\u00e9naire","twitter_card":"summary_large_image","twitter_misc":{"\u00c9crit par":"3e mill\u00e9naire","Dur\u00e9e de lecture estim\u00e9e":"9 minutes"},"schema":{"@context":"https:\/\/schema.org","@graph":[{"@type":"Article","@id":"https:\/\/www.revue3emillenaire.com\/blog\/interferer-avec-les-feux-de-la-vie-par-arthur-firstenberg\/#article","isPartOf":{"@id":"https:\/\/www.revue3emillenaire.com\/blog\/interferer-avec-les-feux-de-la-vie-par-arthur-firstenberg\/"},"author":{"name":"3e mill\u00e9naire","@id":"https:\/\/www.revue3emillenaire.com\/blog\/#\/schema\/person\/b692dacff720a5344a6190bc714397eb"},"headline":"Interf\u00e9rer avec les feux de la vie par Arthur Firstenberg","datePublished":"2021-09-25T14:25:05+00:00","dateModified":"2021-09-25T14:28:58+00:00","mainEntityOfPage":{"@id":"https:\/\/www.revue3emillenaire.com\/blog\/interferer-avec-les-feux-de-la-vie-par-arthur-firstenberg\/"},"wordCount":2141,"image":{"@id":"https:\/\/www.revue3emillenaire.com\/blog\/interferer-avec-les-feux-de-la-vie-par-arthur-firstenberg\/#primaryimage"},"thumbnailUrl":"https:\/\/www.revue3emillenaire.com\/blog\/wp-content\/uploads\/2020\/12\/Arthur-Firstenberg.jpg","keywords":["cancer","Champs \u00e9lectromagn\u00e9tiques","Diab\u00e8te","\u00c9lectricit\u00e9","Maladies cardiaques","Rayonnement","Temp\u00e9rature"],"articleSection":["Actualit\u00e9s"],"inLanguage":"fr-FR"},{"@type":"WebPage","@id":"https:\/\/www.revue3emillenaire.com\/blog\/interferer-avec-les-feux-de-la-vie-par-arthur-firstenberg\/","url":"https:\/\/www.revue3emillenaire.com\/blog\/interferer-avec-les-feux-de-la-vie-par-arthur-firstenberg\/","name":"Interf\u00e9rer avec les feux de la vie par Arthur Firstenberg - 3e mill\u00e9naire - Spiritualit\u00e9 - Connaissance de soi - Non-dualit\u00e9 - M\u00e9ditation","isPartOf":{"@id":"https:\/\/www.revue3emillenaire.com\/blog\/#website"},"primaryImageOfPage":{"@id":"https:\/\/www.revue3emillenaire.com\/blog\/interferer-avec-les-feux-de-la-vie-par-arthur-firstenberg\/#primaryimage"},"image":{"@id":"https:\/\/www.revue3emillenaire.com\/blog\/interferer-avec-les-feux-de-la-vie-par-arthur-firstenberg\/#primaryimage"},"thumbnailUrl":"https:\/\/www.revue3emillenaire.com\/blog\/wp-content\/uploads\/2020\/12\/Arthur-Firstenberg.jpg","datePublished":"2021-09-25T14:25:05+00:00","dateModified":"2021-09-25T14:28:58+00:00","author":{"@id":"https:\/\/www.revue3emillenaire.com\/blog\/#\/schema\/person\/b692dacff720a5344a6190bc714397eb"},"breadcrumb":{"@id":"https:\/\/www.revue3emillenaire.com\/blog\/interferer-avec-les-feux-de-la-vie-par-arthur-firstenberg\/#breadcrumb"},"inLanguage":"fr-FR","potentialAction":[{"@type":"ReadAction","target":["https:\/\/www.revue3emillenaire.com\/blog\/interferer-avec-les-feux-de-la-vie-par-arthur-firstenberg\/"]}]},{"@type":"ImageObject","inLanguage":"fr-FR","@id":"https:\/\/www.revue3emillenaire.com\/blog\/interferer-avec-les-feux-de-la-vie-par-arthur-firstenberg\/#primaryimage","url":"https:\/\/www.revue3emillenaire.com\/blog\/wp-content\/uploads\/2020\/12\/Arthur-Firstenberg.jpg","contentUrl":"https:\/\/www.revue3emillenaire.com\/blog\/wp-content\/uploads\/2020\/12\/Arthur-Firstenberg.jpg","width":329,"height":365},{"@type":"BreadcrumbList","@id":"https:\/\/www.revue3emillenaire.com\/blog\/interferer-avec-les-feux-de-la-vie-par-arthur-firstenberg\/#breadcrumb","itemListElement":[{"@type":"ListItem","position":1,"name":"Accueil","item":"https:\/\/www.revue3emillenaire.com\/blog\/"},{"@type":"ListItem","position":2,"name":"Interf\u00e9rer avec les feux de la vie par Arthur Firstenberg"}]},{"@type":"WebSite","@id":"https:\/\/www.revue3emillenaire.com\/blog\/#website","url":"https:\/\/www.revue3emillenaire.com\/blog\/","name":"3e mill\u00e9naire - Spiritualit\u00e9 - Connaissance de soi - Non-dualit\u00e9 - M\u00e9ditation","description":"L&#039;Homme en devenir","potentialAction":[{"@type":"SearchAction","target":{"@type":"EntryPoint","urlTemplate":"https:\/\/www.revue3emillenaire.com\/blog\/?s={search_term_string}"},"query-input":{"@type":"PropertyValueSpecification","valueRequired":true,"valueName":"search_term_string"}}],"inLanguage":"fr-FR"},{"@type":"Person","@id":"https:\/\/www.revue3emillenaire.com\/blog\/#\/schema\/person\/b692dacff720a5344a6190bc714397eb","name":"3e mill\u00e9naire","url":"https:\/\/www.revue3emillenaire.com\/blog\/author\/scoussa\/"}]}},"_links":{"self":[{"href":"https:\/\/www.revue3emillenaire.com\/blog\/wp-json\/wp\/v2\/posts\/18703","targetHints":{"allow":["GET"]}}],"collection":[{"href":"https:\/\/www.revue3emillenaire.com\/blog\/wp-json\/wp\/v2\/posts"}],"about":[{"href":"https:\/\/www.revue3emillenaire.com\/blog\/wp-json\/wp\/v2\/types\/post"}],"author":[{"embeddable":true,"href":"https:\/\/www.revue3emillenaire.com\/blog\/wp-json\/wp\/v2\/users\/2"}],"replies":[{"embeddable":true,"href":"https:\/\/www.revue3emillenaire.com\/blog\/wp-json\/wp\/v2\/comments?post=18703"}],"version-history":[{"count":0,"href":"https:\/\/www.revue3emillenaire.com\/blog\/wp-json\/wp\/v2\/posts\/18703\/revisions"}],"wp:featuredmedia":[{"embeddable":true,"href":"https:\/\/www.revue3emillenaire.com\/blog\/wp-json\/wp\/v2\/media\/18304"}],"wp:attachment":[{"href":"https:\/\/www.revue3emillenaire.com\/blog\/wp-json\/wp\/v2\/media?parent=18703"}],"wp:term":[{"taxonomy":"category","embeddable":true,"href":"https:\/\/www.revue3emillenaire.com\/blog\/wp-json\/wp\/v2\/categories?post=18703"},{"taxonomy":"post_tag","embeddable":true,"href":"https:\/\/www.revue3emillenaire.com\/blog\/wp-json\/wp\/v2\/tags?post=18703"}],"curies":[{"name":"wp","href":"https:\/\/api.w.org\/{rel}","templated":true}]}}