{"id":18751,"date":"2021-11-08T15:31:54","date_gmt":"2021-11-08T14:31:54","guid":{"rendered":"https:\/\/www.revue3emillenaire.com\/blog\/?p=18751"},"modified":"2021-11-08T15:31:54","modified_gmt":"2021-11-08T14:31:54","slug":"la-nature-holistique-de-la-perception-par-james-steil","status":"publish","type":"post","link":"https:\/\/www.revue3emillenaire.com\/blog\/la-nature-holistique-de-la-perception-par-james-steil\/","title":{"rendered":"La nature holistique de la perception par James Steil"},"content":{"rendered":"<p align=\"justify\"><i>Traduction libre<\/i><\/p>\n<p align=\"justify\"><b>Introduction<\/b><\/p>\n<p align=\"justify\">Le probl\u00e8me de la perception est aussi vieux que la question \u00ab\u00a0Qui suis-je\u00a0?\u00a0\u00bb. Nous sentant s\u00e9par\u00e9s de la nature, le monde nous rencontre avec des questions au lieu de r\u00e9ponses\u00a0; des faits, mais pas de sens. Les diverses branches de la philosophie et de la science sont deux ramifications de cette s\u00e9paration qui pourraient un jour se d\u00e9velopper pour la surmonter.<\/p>\n<p align=\"justify\"><b>Deux Mondes<\/b><\/p>\n<p align=\"justify\">Une connaissance m&rsquo;a r\u00e9cemment sugg\u00e9r\u00e9 de lire <i>The Master and his Emissary\u00a0: The Divided Brain and the Making of the Western World<\/i> (2009) de Iain McGilchrist [<a class=\"sdfootnoteanc\" href=\"#sdfootnote1sym\" name=\"sdfootnote1anc\"><sup>1<\/sup><\/a>], psychiatre et chercheur sur le cerveau. Son livre est instructif et pertinent, \u00e0 tel point que nous nous en servirons comme guide pour ce qui suit. McGilchrist identifie des sch\u00e9mas dans le cerveau et dans la culture humaine, et conclut que l&rsquo;esprit divis\u00e9 est de la plus haute importance pour comprendre qui nous sommes et tracer notre voie pour l&rsquo;avenir. Par \u00ab\u00a0divis\u00e9\u00a0\u00bb, il entend la s\u00e9paration de notre fa\u00e7on de penser, de ressentir et d&rsquo;agir en deux cat\u00e9gories, refl\u00e9t\u00e9es dans la sym\u00e9trie gauche-droite des h\u00e9misph\u00e8res du cerveau. La pens\u00e9e alterne entre la tendance aux qualit\u00e9s ferm\u00e9es, abstraites et explicites (associ\u00e9es \u00e0 l&rsquo;h\u00e9misph\u00e8re gauche) et la tendance aux qualit\u00e9s ouvertes, concr\u00e8tes et implicites (associ\u00e9es \u00e0 l&rsquo;h\u00e9misph\u00e8re droit). McGilchrist \u00e9crit\u00a0: <i>Ma th\u00e8se est que pour nous, en tant qu&rsquo;\u00eatres humains, il existe deux r\u00e9alit\u00e9s fondamentalement oppos\u00e9es, deux modes d&rsquo;exp\u00e9rience diff\u00e9rents\u00a0; que chacun d&rsquo;entre eux est d&rsquo;une importance capitale dans la cr\u00e9ation d&rsquo;un monde humain reconnaissable\u00a0; et que leur diff\u00e9rence est ancr\u00e9e dans la structure bih\u00e9misph\u00e9rique du cerveau. Il s&rsquo;ensuit que les h\u00e9misph\u00e8res doivent coop\u00e9rer, mais je crois qu&rsquo;ils sont en fait impliqu\u00e9s dans une sorte de lutte de pouvoir, et que cela explique de nombreux aspects de la culture occidentale contemporaine<\/i>. (p. 3)<\/p>\n<p align=\"justify\">Ailleurs, McGilchrist admet qu\u2019attribuer une \u00e2me (<i>ensoulment<\/i>) aux h\u00e9misph\u00e8res (leur besoin de \u00ab\u00a0coop\u00e9rer\u00a0\u00bb, par exemple) est m\u00e9taphorique (p.\u00a0194, 462), et que le ph\u00e9nom\u00e8ne du cerveau divis\u00e9 peut avoir des racines plus profondes dans le monde en g\u00e9n\u00e9ral (p.\u00a0460). En ce qui concerne la \u00ab\u00a0lutte pour le pouvoir\u00a0\u00bb entre ces deux fa\u00e7ons de voir, il utilise l&rsquo;all\u00e9gorie du Ma\u00eetre et de son \u00c9missaire \u2014 assimilant un \u00e9missaire trop z\u00e9l\u00e9 \u00e0 l&rsquo;h\u00e9misph\u00e8re gauche, et le ma\u00eetre (abandonn\u00e9) \u00e0 l&rsquo;h\u00e9misph\u00e8re droit. Les termes de son argumentation sont m\u00e9taphoriques, mais son argument est clair. En outre, McGilchrist \u00e9crit\u00a0: \u00ab\u00a0&#8230;toute compr\u00e9hension, que ce soit du monde ou m\u00eame de nous-m\u00eames, d\u00e9pend du choix de la bonne m\u00e9taphore\u00a0\u00bb (p.\u00a0179). Malheureusement, je crois que dans \u00ab\u00a0Le Ma\u00eetre et son \u00c9missaire\u00a0\u00bb il a choisi une m\u00e9taphore avec des diff\u00e9rences cruciales entre le conte et la cognition. Mais il n&rsquo;est pas \u00e0 bl\u00e2mer, car ces conclusions ne rel\u00e8vent pas de la science du cerveau en tant que telle. Sa r\u00e9flexion a grandement aid\u00e9 la mienne \u2014 \u00e0 la fois en \u00e9largissant son champ d&rsquo;application et en d\u00e9finissant plus clairement les d\u00e9tails \u2014 alors plut\u00f4t que de l\u2019ignorer, je pr\u00e9f\u00e8re l&rsquo;utiliser et lui donner un sens suppl\u00e9mentaire.<\/p>\n<p align=\"justify\">Parall\u00e8lement \u00e0 une caract\u00e9risation d\u00e9taill\u00e9e des diff\u00e9rences entre les activit\u00e9s associ\u00e9es \u00e0 l&rsquo;h\u00e9misph\u00e8re gauche et \u00e0 l&rsquo;h\u00e9misph\u00e8re droit, McGilchrist souligne la profonde r\u00e9sonance qui existe entre eux\u00a0: \u00c0 tous les niveaux de la cognition, \u00ab\u00a0le principe de division (celui de l&rsquo;h\u00e9misph\u00e8re gauche) et le principe d&rsquo;union (celui de l&rsquo;h\u00e9misph\u00e8re droit) doivent \u00eatre unifi\u00e9s\u00a0: pour reprendre les termes de Hegel, la th\u00e8se et l&rsquo;antith\u00e8se doivent pouvoir r\u00e9aliser une synth\u00e8se \u00e0 un niveau sup\u00e9rieur\u00a0\u00bb (p.\u00a0198). Quant \u00e0 leur importance, cependant, il plaide avec force en faveur de l&rsquo;h\u00e9misph\u00e8re droit \u2014 attribuant au droit \u00ab\u00a0la priorit\u00e9 ultime du principe d&rsquo;union sur celui de division\u00a0\u00bb (p.\u00a0201). Il s&rsquo;agit l\u00e0, je crois, d&rsquo;un jugement de valeur. Les sciences, et dans une certaine mesure toute notre vision du monde (avec ses tendances m\u00e9canistes), font d\u00e9faut dans ce domaine, mais en tant que ph\u00e9nom\u00e8ne <i>cognitif<\/i>, je dois m&rsquo;en remettre aux faits \u2014 qui d\u00e9montrent la n\u00e9cessit\u00e9 l\u00e9gitime des deux [<a class=\"sdfootnoteanc\" href=\"#sdfootnote2sym\" name=\"sdfootnote2anc\"><sup>2<\/sup><\/a>]. Cette diff\u00e9rence ne diminue pas la valeur du <i>Ma\u00eetre et de son \u00c9missaire<\/i> autant qu&rsquo;elle influence la fa\u00e7on dont nous passons \u00e0 l&rsquo;\u00e9tape suivante. J&rsquo;adh\u00e8re pleinement \u00e0 son objectif primordial \u2014 promouvoir l&rsquo;holisme. Cependant, \u00e0 mon avis, la pens\u00e9e n&rsquo;est pas le probl\u00e8me\u00a0; c&rsquo;est le <i>penseur<\/i>.<\/p>\n<p align=\"justify\"><b>La loi cognitive<\/b><\/p>\n<p align=\"justify\">\u00c9tant donn\u00e9 que le r\u00f4le de celui qui pense nous am\u00e8ne \u00e0 la question de la perception, o\u00f9 j&rsquo;esp\u00e8re non seulement montrer la n\u00e9cessit\u00e9 des principes d&rsquo;union et de division, mais, en quelques br\u00e8ves lignes, permettre au lecteur de mieux utiliser la pens\u00e9e pour parvenir \u00e0 une compr\u00e9hension vraiment holistique. Ces r\u00e9flexions sont tir\u00e9es de mon m\u00e9moire de ma\u00eetrise r\u00e9cemment achev\u00e9 [<a class=\"sdfootnoteanc\" href=\"#sdfootnote3sym\" name=\"sdfootnote3anc\"><sup>3<\/sup><\/a>]. J&rsquo;y ai compar\u00e9 trois s\u00e9quences cognitives qui s&rsquo;interp\u00e9n\u00e8trent\u00a0: l&rsquo;acquisition des habilet\u00e9s sensorimotrices dans la petite enfance, la pens\u00e9e imaginative chez l&rsquo;enfant (jusqu&rsquo;\u00e0 l&rsquo;\u00e2ge de 7 ans environ), et les \u00e9tapes du d\u00e9veloppement cognitif jusqu&rsquo;\u00e0 l&rsquo;\u00e2ge de 20 ans environ (telles qu&rsquo;articul\u00e9es pour la premi\u00e8re fois par Piaget). \u00c0 partir de cette comparaison, je postule une loi cognitive\u00a0; une s\u00e9quence d&rsquo;\u00e9v\u00e9nements cognitifs qui alterne entre les tendances centrip\u00e8tes et centrifuges de la m\u00eame mani\u00e8re que celle d\u00e9crite par McGilchrist, mais qui en diff\u00e8re en incluant explicitement l&rsquo;intentionnalit\u00e9. Cette loi s&rsquo;applique \u00e0 tous les \u00e9v\u00e9nements cognitifs (perceptuels) et les <i>organise<\/i> en fait [<a class=\"sdfootnoteanc\" href=\"#sdfootnote4sym\" name=\"sdfootnote4anc\"><sup>4<\/sup><\/a>]. En outre, l&rsquo;\u00e9tape finale de cette s\u00e9quence int\u00e8gre tout ce qui pr\u00e9c\u00e8de\u00a0: l&rsquo;ego ou le Je, la pens\u00e9e ouverte et la pens\u00e9e ferm\u00e9e, dans une perception holistique que Bortoft appelle \u00ab\u00a0pens\u00e9e intuitive\u00a0\u00bb, mais sur laquelle je crois l\u2019avoir plus finement approch\u00e9. Cette \u00e9tape finale est l&rsquo;objectif vis\u00e9 par McGilchrist\u00a0: \u00ab\u00a0<i>Le besoin d&rsquo;unification ultime de la division par l&rsquo;union est un principe important dans tous les domaines de la vie\u00a0; il refl\u00e8te la n\u00e9cessit\u00e9 non seulement de deux principes oppos\u00e9s, mais aussi de l&rsquo;harmonisation ultime de leur opposition<\/i>\u00a0\u00bb (p.\u00a0200).<\/p>\n<p align=\"justify\">En incorporant le troisi\u00e8me fait (le soi), nous avons une synth\u00e8se finale, et dans des spirales toujours plus larges de la loi cognitive, l&rsquo;int\u00e9gration de l&rsquo;Homme et du monde.<\/p>\n<p align=\"justify\"><b>Un exemple<\/b><\/p>\n<p align=\"justify\">Comment fonctionne-t-elle\u00a0? La loi cognitive est compos\u00e9e de quatre \u00ab\u00a0\u00e9tapes\u00a0\u00bb. Puisqu&rsquo;elles appartiennent \u00e0 chaque \u00e9v\u00e9nement cognitif, nous pouvons illustrer la loi cognitive avec un exemple de tous les jours. L&rsquo;utilisation de m\u00e9taphores est un ph\u00e9nom\u00e8ne cognitif important, je vais donc illustrer la loi en consid\u00e9rant la signification de la m\u00e9taphore \u00ab\u00a0R\u00e9fl\u00e9chir, c&rsquo;est voir\u00a0\u00bb.<\/p>\n<p align=\"justify\"><b>Les \u00e9tapes de la loi cognitive<\/b><\/p>\n<p align=\"justify\">1. <i>La formation d&rsquo;une intention<\/i>\u00a0: La premi\u00e8re \u00e9tape de la loi cognitive est une rencontre du Je avec le monde, et la formation d&rsquo;une question. Une intention doit \u00eatre form\u00e9e, et si les moyens ne sont pas imm\u00e9diatement disponibles pour comprendre la question, alors le processus continue\u00a0: <i>\u00ab\u00a0R\u00e9fl\u00e9chir, c&rsquo;est voir \u00bb n&rsquo;est pas litt\u00e9ralement vrai\u00a0; il faut donc poursuivre l&rsquo;exploration pour en trouver le sens<\/i>.<\/p>\n<p align=\"justify\">2. <i>Identification des parties<\/i>\u00a0: Une fois la t\u00e2che identifi\u00e9e, les <i>parties<\/i> individuelles doivent \u00eatre amen\u00e9es devant l&rsquo;\u0153il (le Je)\u00a0; leur signification doit encore \u00eatre d\u00e9termin\u00e9e\u00a0: <i>\u00ab\u00a0R\u00e9fl\u00e9chir\u00a0\u00bb r\u00e9unit les id\u00e9es en fonction de leur relation interne. La \u00ab\u00a0vision\u00a0\u00bb nous place dans l&rsquo;espace par rapport \u00e0 d&rsquo;autres choses, et les choses par rapport les unes aux autres<\/i>.<\/p>\n<p align=\"justify\">3. <i>Discrimination entre les parties<\/i>\u00a0: Pour cr\u00e9er du sens, il faut trouver une correspondance entre deux choses. En examinant les \u00ab\u00a0parties\u00a0\u00bb par rapport \u00e0 la question, on garde celles qui apportent du sens, et l\u2019on met de c\u00f4t\u00e9 celles qui n&rsquo;en apportent pas. L&rsquo;ensemble devient plus clair, mais nous n&rsquo;en avons encore que des aper\u00e7us\u00a0: <i>Dans ce cas, il existe de nombreuses et importantes correspondances entre r\u00e9fl\u00e9chir et la vision, dont nous sommes tous conscients, mais il existe aussi des diff\u00e9rences. La r\u00e9flexion n&rsquo;a pas besoin de l&rsquo;\u0153il, par exemple<\/i>.<\/p>\n<p align=\"justify\">4. <i>Synth\u00e8se de tout ce qui pr\u00e9c\u00e8de<\/i>\u00a0: En rassemblant les aspects qui sont d\u00e9termin\u00e9s comme appartenant \u00e0 la question, on peut atteindre un point o\u00f9 le tout (la question) et les parties sont unis en une <i>Totalit\u00e9<\/i> \u2014 une perception simultan\u00e9e des deux, dans laquelle une relation l\u00e9gitime est per\u00e7ue. Il est important de noter que l&rsquo;individualit\u00e9 est maintenant incorpor\u00e9e <i>dans<\/i> le ph\u00e9nom\u00e8ne \u2014 capable de se d\u00e9placer librement entre les parties, sans aucune perte de la \u00ab\u00a0Totalit\u00e9\u00a0\u00bb\u00a0: <i>Un r\u00e9sultat important de la compr\u00e9hension intuitive est la cr\u00e9ativit\u00e9\u00a0; en comprenant la Totalit\u00e9, on est capable de l&rsquo;exprimer sous de nombreuses formes diff\u00e9rentes\u00a0: \u00ab\u00a0Mes intentions guident ma pens\u00e9e\u00a0\u00bb\u00a0; \u00ab\u00a0Je peux passer en revue votre explication\u00a0\u00bb\u00a0; \u00ab\u00a0Ma lumi\u00e8re int\u00e9rieure et ma lumi\u00e8re ext\u00e9rieure sont les deux faces d&rsquo;une m\u00eame chose\u00a0\u00bb. Chaque expression de la Totalit\u00e9 (une \u00ab\u00a0partie\u00a0\u00bb) contient le Totalit\u00e9 en elle. <\/i><i><b>C&rsquo;est la totalit\u00e9 de la \u00ab\u00a0perception\u00a0\u00bb intuitive (cognition)<\/b><\/i><i>.<\/i><\/p>\n<p align=\"justify\">Les \u00e9tapes ci-dessus, avec de l\u00e9g\u00e8res modifications dans le langage, se retrouvent dans toutes les formes d&rsquo;apprentissage \u2014 de la r\u00e9alisation d&rsquo;une d\u00e9cision \u00e0 la compr\u00e9hension des \u00e9cosyst\u00e8mes. Cela place l&rsquo;intuition \u00e0 notre porte chaque fois que nous comprenons vraiment quelque chose, aussi petite soit-elle. \u00ab\u00a0Alors\u00a0\u00bb, pourrait-on se demander, \u00ab\u00a0si nous savons d\u00e9j\u00e0 comment faire, et le faisons en fait naturellement d\u00e8s l&rsquo;enfance, o\u00f9 notre pens\u00e9e se bloque-t-elle\u00a0?\u00a0\u00bb.<\/p>\n<p align=\"justify\"><b>Le d\u00e9veloppement cognitif<\/b><\/p>\n<p align=\"justify\">Une autre fa\u00e7on de poser la m\u00eame question est la suivante\u00a0: \u00ab\u00a0Pourquoi donc McGilchrist a-t-il d\u00fb \u00e9crire son livre\u00a0?\u00a0\u00bb Dans son \u00e9tude des grandes p\u00e9riodes de la civilisation occidentale, McGilchrist d\u00e9montre une alternance de l\u2019emphase mise sur les deux types de pens\u00e9e d\u00e9crits. Mais dans une autre direction, nous voyions l&rsquo;augmentation progressive de notre compr\u00e9hension du monde, et pas seulement l&rsquo;alternance entre deux fa\u00e7ons de le voir. Bien s\u00fbr, McGilchrist n&rsquo;ignore pas que l&rsquo;augmentation de la facilit\u00e9 cognitive est co-\u00e9mergente avec cette danse entre les deux h\u00e9misph\u00e8res. Mais il s&rsquo;inqui\u00e8te tout de m\u00eame du fait que, cette fois-ci, nous ayons plong\u00e9 trop \u00e0 gauche, que nous pourrions perdre notre partenaire et sortir de la piste de danse. Je ne peux pas dire qu&rsquo;il a tort\u00a0; cette imprudence est un probl\u00e8me, et nous pourrions dispara\u00eetre de la plan\u00e8te.<\/p>\n<p align=\"justify\">Pour r\u00e9pondre \u00e0 la question de savoir o\u00f9 notre pens\u00e9e nous fait d\u00e9faut, nous devons revenir \u00e0 la pens\u00e9e elle-m\u00eame, car c&rsquo;est l\u00e0 que nous trouvons des diff\u00e9rences importantes\u00a0; en particulier, des diff\u00e9rences d&rsquo;intentionnalit\u00e9 entre les nourrissons, les enfants et les adultes. Chez les nourrissons, l&rsquo;intention est presque enti\u00e8rement absente (bien qu&rsquo;elle soit visible \u2014 pensez au \u00ab\u00a0r\u00e9flexe\u00a0\u00bb de succion), et la loi cognitive \u2014 appliqu\u00e9e principalement au d\u00e9veloppement sensorimoteur \u2014 est en grande partie automatique, instinctive. L&rsquo;ego est endormi. Les enfants plus \u00e2g\u00e9s sont \u00ab\u00a0\u00e9veill\u00e9s\u00a0\u00bb dans certains domaines, mais leur pens\u00e9e est essentiellement imaginative\u00a0: la loi cognitive fonctionne principalement dans le domaine de l&rsquo;identification \u2014 la formation du langage et des concepts simples. Pour \u00eatre clair, les quatre \u00e9tapes de la loi sont encore n\u00e9cessaires pour former le concept de \u00ab\u00a0chien\u00a0\u00bb, mais c&rsquo;est l&rsquo;\u00e9poque des op\u00e9rations concr\u00e8tes [<a class=\"sdfootnoteanc\" href=\"#sdfootnote5sym\" name=\"sdfootnote5anc\"><sup>5<\/sup><\/a>] et les fonctions cognitives sup\u00e9rieures sont encore naissantes. Des consid\u00e9rations similaires peuvent \u00eatre appliqu\u00e9es aux stades de la pens\u00e9e \u00ab\u00a0pr\u00e9op\u00e9rationnelle\u00a0\u00bb (avec la fonction suppl\u00e9mentaire de discerner les relations entre les parties) et des \u00ab\u00a0op\u00e9rations formelles\u00a0\u00bb (o\u00f9 le tout et les parties peuvent \u00eatre r\u00e9unis dans une loi) [<a class=\"sdfootnoteanc\" href=\"#sdfootnote6sym\" name=\"sdfootnote6anc\"><sup>6<\/sup><\/a>]. Le d\u00e9veloppement cognitif est un d\u00e9ploiement graduel de la logique sensorimotrice, de l&rsquo;imagination, de l\u2019insight et de l&rsquo;intuition, qui, dans leur emphase, sont caract\u00e9ristiques de l&rsquo;alternance entre les tendances analytiques et synth\u00e9tiques observ\u00e9es dans le d\u00e9veloppement culturel.<\/p>\n<p align=\"justify\">Parall\u00e8lement \u00e0 la logique interne du d\u00e9veloppement individuel, les deux s\u00e9quences ont en commun un \u00e9veil progressif. Le d\u00e9veloppement cognitif va de pair avec un engagement accru de l&rsquo;ego (intentionnalit\u00e9). Quel <i>est<\/i> le r\u00f4le de l&rsquo;ego\u00a0? Si l&rsquo;on se r\u00e9f\u00e8re \u00e0 nouveau au d\u00e9veloppement de l&rsquo;enfant, le stimulus pour le d\u00e9veloppement de nouvelles fonctions cognitives est le besoin d&rsquo;harmoniser les contradictions, telles qu&rsquo;elles apparaissent lors du raffinement des perceptions [<a class=\"sdfootnoteanc\" href=\"#sdfootnote7sym\" name=\"sdfootnote7anc\"><sup>7<\/sup><\/a>]. L&rsquo;\u00e9l\u00e9ment central de cette \u00ab\u00a0harmonisation\u00a0\u00bb est la capacit\u00e9 d&rsquo;\u00e9largir sa conscience pour inclure le contexte, tout en retenant simultan\u00e9ment les sch\u00e9mas de pens\u00e9e habituels et r\u00e9flexifs [<a class=\"sdfootnoteanc\" href=\"#sdfootnote8sym\" name=\"sdfootnote8anc\"><sup>8<\/sup><\/a>]. Ce sont les m\u00eames qualit\u00e9s qu&rsquo;Henri Bortoft d\u00e9crit comme n\u00e9cessaires pour la capacit\u00e9 de passer du paradoxe \u00e0 une exp\u00e9rience vivante de la r\u00e9alit\u00e9. J&rsquo;ai le sentiment que dans les alternances de \u00ab\u00a0gauche\u00a0\u00bb et de \u00ab\u00a0droite\u00a0\u00bb, nous avons un reflet du c\u0153ur battant de l&rsquo;univers, tandis que dans la spirale ascendante continue de la pens\u00e9e de l&rsquo;homme, nous avons le fil qui relie les deux. Reconnaissant notre propre force et les outils qui nous ont \u00e9t\u00e9 donn\u00e9s, il nous incombe de tisser ces fils en une corde solide, de sorte que nous puissions nous \u00e9lever pour devenir des ma\u00eetres appropri\u00e9s sur tout ce que nous pouvons voir \u2014 de mani\u00e8re holistique.<\/p>\n<p align=\"justify\"><i><b>James Steil a \u00e9t\u00e9 ing\u00e9nieur et enseignant itin\u00e9rant dans un lyc\u00e9e Waldorf de l&rsquo;Alberta, au Canada, pendant la majeure partie de sa vie. Il a r\u00e9cemment (2010) saisi l&rsquo;occasion de travailler sur une th\u00e8se de ma\u00eetrise. Sa th\u00e8se porte sur la relation entre la science holistique et la science r\u00e9ductionniste.<\/b><\/i><\/p>\n<p align=\"justify\">(<i><b>Extrait de Holistic science journal volume\u00a0I issue 1 First Light www.holisticsciencejournal.co.uk<\/b><\/i>)<\/p>\n<p align=\"justify\">________________________________________<\/p>\n<div id=\"sdfootnote1\">\n<p align=\"justify\"><a class=\"sdfootnotesym\" href=\"#sdfootnote1anc\" name=\"sdfootnote1sym\">1<\/a> McGilchrist, I. (2009). <i>The Master and his Emissary : The Divided Brain and the Making of the Western World<\/i> (<i>Le Ma\u00eetre et son \u00c9missaire : Le cerveau divis\u00e9 et la cr\u00e9ation du monde occidental<\/i>). Londres : Yale University Press.<\/p>\n<\/div>\n<div id=\"sdfootnote2\">\n<p align=\"justify\"><a class=\"sdfootnotesym\" href=\"#sdfootnote2anc\" name=\"sdfootnote2sym\">2<\/a> Pour l\u2019holisme \u2014 qui ne s&rsquo;incline pas devant la causalit\u00e9 mat\u00e9rielle \u2014 la <i>n\u00e9cessit\u00e9<\/i> est le crit\u00e8re de l\u00e9gitimit\u00e9. Bortoft galvanise ce concept dans la mise en italique de \u00ab\u00a0<i>belong <\/i>(<i>appartenir<\/i>)\u00a0\u00bb (comme dans \u00ab\u00a0<i>belong together<\/i> (<i>bien aller ensemble<\/i>)\u00a0\u00bb) tout au long de son texte. <span lang=\"en-US\">Bortoft, H. (1996). <\/span><span lang=\"en-US\"><i>The wholeness of Nature : Goethe&rsquo;s way toward a science of conscious participation in nature<\/i><\/span><span lang=\"en-US\">. <\/span>Hudson, NY : Lindisfarne Press p. 59.<\/p>\n<\/div>\n<div id=\"sdfootnote3\">\n<p align=\"justify\"><a class=\"sdfootnotesym\" href=\"#sdfootnote3anc\" name=\"sdfootnote3sym\">3<\/a>. Steil J. (2009) <i>Understanding the Holistic Nature of Cognition and its Consequences for Science : A Study of Cognition and Cognitive Development using Goethe&rsquo;s Phenomenological Method <\/i>(<i>Comprendre la nature holistique de la cognition et ses cons\u00e9quences pour la science : Une \u00e9tude de la cognition et du d\u00e9veloppement cognitif \u00e0 l&rsquo;aide de la m\u00e9thode ph\u00e9nom\u00e9nologique de Goethe<\/i>), th\u00e8se de ma\u00eetrise, The Owen Barfield School of Sunbridge College.<\/p>\n<\/div>\n<div id=\"sdfootnote4\">\n<p align=\"justify\"><a class=\"sdfootnotesym\" href=\"#sdfootnote4anc\" name=\"sdfootnote4sym\">4<\/a> En empruntant un terme \u00e0 Bortoft (1996), cette loi peut donc \u00eatre appel\u00e9e l\u2019\u00ab\u00a0id\u00e9e organisatrice\u00a0\u00bb de la cognition.<\/p>\n<\/div>\n<div id=\"sdfootnote5\">\n<p align=\"justify\"><a class=\"sdfootnotesym\" href=\"#sdfootnote5anc\" name=\"sdfootnote5sym\">5<\/a> Terme utilis\u00e9 par Piaget pour d\u00e9signer le stade du d\u00e9veloppement cognitif o\u00f9 l&rsquo;on voit des ensembles, mais o\u00f9 l&rsquo;on ne peut distinguer les parties du tout (\u00ab\u00a0syncr\u00e9tisme\u00a0\u00bb), ce qui rend la diff\u00e9renciation impossible. Ainsi, apr\u00e8s avoir compris \u00ab\u00a0toutou\u00a0\u00bb de mani\u00e8re imaginative, tous les animaux \u00e0 quatre pattes sont des toutous.<\/p>\n<\/div>\n<div id=\"sdfootnote6\">\n<p align=\"justify\"><a class=\"sdfootnotesym\" href=\"#sdfootnote6anc\" name=\"sdfootnote6sym\">6<\/a> En utilisant le langage de Bortoft, nous voyons une image de la loi cognitive \u00ab\u00a0intensivement\u00a0\u00bb dans la s\u00e9quence des \u00e9tapes du d\u00e9veloppement cognitif de Piaget.<\/p>\n<\/div>\n<div id=\"sdfootnote7\">\n<p align=\"justify\"><a class=\"sdfootnotesym\" href=\"#sdfootnote7anc\" name=\"sdfootnote7sym\">7<\/a> Il s&rsquo;agit litt\u00e9ralement d&rsquo;une description livresque de \u00ab\u00a0la construction progressive des structures op\u00e9rationnelles de l&rsquo;intelligence\u00a0\u00bb. Voir Chapman, M. (1988). <i>Constructive evolution<\/i> : <i>Origins and development of Piaget\u2019s thought <\/i>(<i>L&rsquo;\u00e9volution constructive : Origines et d\u00e9veloppement de la pens\u00e9e de Piaget<\/i>). <span lang=\"en-US\">New York : Cambridge University Press. pp. 180, 262-267, 338<\/span><\/p>\n<\/div>\n<div id=\"sdfootnote8\">\n<p align=\"justify\"><a class=\"sdfootnotesym\" href=\"#sdfootnote8anc\" name=\"sdfootnote8sym\">8<\/a><span lang=\"en-US\"> Voir Gibbs, R. W., Jr. (1994). <\/span><span lang=\"en-US\"><i>The poetics of the mind: Figurative thought, language and understanding<\/i><\/span><span lang=\"en-US\"> (<\/span><span lang=\"en-US\"><i>La po\u00e9tique de l&rsquo;esprit : La pens\u00e9e figurative, le langage et la compr\u00e9hension<\/i><\/span><span lang=\"en-US\">). <\/span>New York : Cambridge University Press. pp. 399-433.<\/p>\n<\/div>\n","protected":false},"excerpt":{"rendered":"<p>Traduction libre Introduction Le probl\u00e8me de la perception est aussi vieux que la question \u00ab\u00a0Qui suis-je\u00a0?\u00a0\u00bb. Nous sentant s\u00e9par\u00e9s de la nature, le monde nous rencontre avec des questions au lieu de r\u00e9ponses\u00a0; des faits, mais pas de sens. Les diverses branches de la philosophie et de la science sont deux ramifications de cette s\u00e9paration [&hellip;]<\/p>\n","protected":false},"author":2,"featured_media":18752,"comment_status":"closed","ping_status":"closed","sticky":false,"template":"","format":"standard","meta":{"footnotes":""},"categories":[1014],"tags":[116,1628,301,51,52],"class_list":["post-18751","post","type-post","status-publish","format-standard","has-post-thumbnail","hentry","category-essais","tag-cerveau","tag-cognition","tag-hemisphere","tag-holistique","tag-perception"],"yoast_head":"<!-- This site is optimized with the Yoast SEO plugin v27.0 - https:\/\/yoast.com\/product\/yoast-seo-wordpress\/ -->\n<title>La nature holistique de la perception par James Steil - 3e mill\u00e9naire - Spiritualit\u00e9 - Connaissance de soi - Non-dualit\u00e9 - M\u00e9ditation<\/title>\n<meta name=\"robots\" content=\"index, follow, max-snippet:-1, max-image-preview:large, max-video-preview:-1\" \/>\n<link rel=\"canonical\" href=\"https:\/\/www.revue3emillenaire.com\/blog\/la-nature-holistique-de-la-perception-par-james-steil\/\" \/>\n<meta property=\"og:locale\" content=\"fr_FR\" \/>\n<meta property=\"og:type\" content=\"article\" \/>\n<meta property=\"og:title\" content=\"La nature holistique de la perception par James Steil - 3e mill\u00e9naire - Spiritualit\u00e9 - Connaissance de soi - Non-dualit\u00e9 - M\u00e9ditation\" \/>\n<meta property=\"og:description\" content=\"Traduction libre Introduction Le probl\u00e8me de la perception est aussi vieux que la question \u00ab\u00a0Qui suis-je\u00a0?\u00a0\u00bb. Nous sentant s\u00e9par\u00e9s de la nature, le monde nous rencontre avec des questions au lieu de r\u00e9ponses\u00a0; des faits, mais pas de sens. Les diverses branches de la philosophie et de la science sont deux ramifications de cette s\u00e9paration [&hellip;]\" \/>\n<meta property=\"og:url\" content=\"https:\/\/www.revue3emillenaire.com\/blog\/la-nature-holistique-de-la-perception-par-james-steil\/\" \/>\n<meta property=\"og:site_name\" content=\"3e mill\u00e9naire - Spiritualit\u00e9 - Connaissance de soi - Non-dualit\u00e9 - M\u00e9ditation\" \/>\n<meta property=\"article:published_time\" content=\"2021-11-08T14:31:54+00:00\" \/>\n<meta property=\"og:image\" content=\"https:\/\/www.revue3emillenaire.com\/blog\/wp-content\/uploads\/2021\/11\/James-Steil.jpg\" \/>\n\t<meta property=\"og:image:width\" content=\"227\" \/>\n\t<meta property=\"og:image:height\" content=\"213\" \/>\n\t<meta property=\"og:image:type\" content=\"image\/jpeg\" \/>\n<meta name=\"author\" content=\"3e mill\u00e9naire\" \/>\n<meta name=\"twitter:card\" content=\"summary_large_image\" \/>\n<meta name=\"twitter:label1\" content=\"\u00c9crit par\" \/>\n\t<meta name=\"twitter:data1\" content=\"3e mill\u00e9naire\" \/>\n\t<meta name=\"twitter:label2\" content=\"Dur\u00e9e de lecture estim\u00e9e\" \/>\n\t<meta name=\"twitter:data2\" content=\"11 minutes\" \/>\n<script type=\"application\/ld+json\" class=\"yoast-schema-graph\">{\"@context\":\"https:\/\/schema.org\",\"@graph\":[{\"@type\":\"Article\",\"@id\":\"https:\/\/www.revue3emillenaire.com\/blog\/la-nature-holistique-de-la-perception-par-james-steil\/#article\",\"isPartOf\":{\"@id\":\"https:\/\/www.revue3emillenaire.com\/blog\/la-nature-holistique-de-la-perception-par-james-steil\/\"},\"author\":{\"name\":\"3e mill\u00e9naire\",\"@id\":\"https:\/\/www.revue3emillenaire.com\/blog\/#\/schema\/person\/b692dacff720a5344a6190bc714397eb\"},\"headline\":\"La nature holistique de la perception par James Steil\",\"datePublished\":\"2021-11-08T14:31:54+00:00\",\"mainEntityOfPage\":{\"@id\":\"https:\/\/www.revue3emillenaire.com\/blog\/la-nature-holistique-de-la-perception-par-james-steil\/\"},\"wordCount\":2722,\"image\":{\"@id\":\"https:\/\/www.revue3emillenaire.com\/blog\/la-nature-holistique-de-la-perception-par-james-steil\/#primaryimage\"},\"thumbnailUrl\":\"https:\/\/www.revue3emillenaire.com\/blog\/wp-content\/uploads\/2021\/11\/James-Steil.jpg\",\"keywords\":[\"cerveau\",\"Cognition\",\"h\u00e9misph\u00e8re\",\"Holistique\",\"Perception\"],\"articleSection\":[\"Essais\"],\"inLanguage\":\"fr-FR\"},{\"@type\":\"WebPage\",\"@id\":\"https:\/\/www.revue3emillenaire.com\/blog\/la-nature-holistique-de-la-perception-par-james-steil\/\",\"url\":\"https:\/\/www.revue3emillenaire.com\/blog\/la-nature-holistique-de-la-perception-par-james-steil\/\",\"name\":\"La nature holistique de la perception par James Steil - 3e mill\u00e9naire - Spiritualit\u00e9 - Connaissance de soi - Non-dualit\u00e9 - M\u00e9ditation\",\"isPartOf\":{\"@id\":\"https:\/\/www.revue3emillenaire.com\/blog\/#website\"},\"primaryImageOfPage\":{\"@id\":\"https:\/\/www.revue3emillenaire.com\/blog\/la-nature-holistique-de-la-perception-par-james-steil\/#primaryimage\"},\"image\":{\"@id\":\"https:\/\/www.revue3emillenaire.com\/blog\/la-nature-holistique-de-la-perception-par-james-steil\/#primaryimage\"},\"thumbnailUrl\":\"https:\/\/www.revue3emillenaire.com\/blog\/wp-content\/uploads\/2021\/11\/James-Steil.jpg\",\"datePublished\":\"2021-11-08T14:31:54+00:00\",\"author\":{\"@id\":\"https:\/\/www.revue3emillenaire.com\/blog\/#\/schema\/person\/b692dacff720a5344a6190bc714397eb\"},\"breadcrumb\":{\"@id\":\"https:\/\/www.revue3emillenaire.com\/blog\/la-nature-holistique-de-la-perception-par-james-steil\/#breadcrumb\"},\"inLanguage\":\"fr-FR\",\"potentialAction\":[{\"@type\":\"ReadAction\",\"target\":[\"https:\/\/www.revue3emillenaire.com\/blog\/la-nature-holistique-de-la-perception-par-james-steil\/\"]}]},{\"@type\":\"ImageObject\",\"inLanguage\":\"fr-FR\",\"@id\":\"https:\/\/www.revue3emillenaire.com\/blog\/la-nature-holistique-de-la-perception-par-james-steil\/#primaryimage\",\"url\":\"https:\/\/www.revue3emillenaire.com\/blog\/wp-content\/uploads\/2021\/11\/James-Steil.jpg\",\"contentUrl\":\"https:\/\/www.revue3emillenaire.com\/blog\/wp-content\/uploads\/2021\/11\/James-Steil.jpg\",\"width\":227,\"height\":213},{\"@type\":\"BreadcrumbList\",\"@id\":\"https:\/\/www.revue3emillenaire.com\/blog\/la-nature-holistique-de-la-perception-par-james-steil\/#breadcrumb\",\"itemListElement\":[{\"@type\":\"ListItem\",\"position\":1,\"name\":\"Accueil\",\"item\":\"https:\/\/www.revue3emillenaire.com\/blog\/\"},{\"@type\":\"ListItem\",\"position\":2,\"name\":\"La nature holistique de la perception par James Steil\"}]},{\"@type\":\"WebSite\",\"@id\":\"https:\/\/www.revue3emillenaire.com\/blog\/#website\",\"url\":\"https:\/\/www.revue3emillenaire.com\/blog\/\",\"name\":\"3e mill\u00e9naire - Spiritualit\u00e9 - Connaissance de soi - Non-dualit\u00e9 - M\u00e9ditation\",\"description\":\"L&#039;Homme en devenir\",\"potentialAction\":[{\"@type\":\"SearchAction\",\"target\":{\"@type\":\"EntryPoint\",\"urlTemplate\":\"https:\/\/www.revue3emillenaire.com\/blog\/?s={search_term_string}\"},\"query-input\":{\"@type\":\"PropertyValueSpecification\",\"valueRequired\":true,\"valueName\":\"search_term_string\"}}],\"inLanguage\":\"fr-FR\"},{\"@type\":\"Person\",\"@id\":\"https:\/\/www.revue3emillenaire.com\/blog\/#\/schema\/person\/b692dacff720a5344a6190bc714397eb\",\"name\":\"3e mill\u00e9naire\",\"url\":\"https:\/\/www.revue3emillenaire.com\/blog\/author\/scoussa\/\"}]}<\/script>\n<!-- \/ Yoast SEO plugin. -->","yoast_head_json":{"title":"La nature holistique de la perception par James Steil - 3e mill\u00e9naire - Spiritualit\u00e9 - Connaissance de soi - Non-dualit\u00e9 - M\u00e9ditation","robots":{"index":"index","follow":"follow","max-snippet":"max-snippet:-1","max-image-preview":"max-image-preview:large","max-video-preview":"max-video-preview:-1"},"canonical":"https:\/\/www.revue3emillenaire.com\/blog\/la-nature-holistique-de-la-perception-par-james-steil\/","og_locale":"fr_FR","og_type":"article","og_title":"La nature holistique de la perception par James Steil - 3e mill\u00e9naire - Spiritualit\u00e9 - Connaissance de soi - Non-dualit\u00e9 - M\u00e9ditation","og_description":"Traduction libre Introduction Le probl\u00e8me de la perception est aussi vieux que la question \u00ab\u00a0Qui suis-je\u00a0?\u00a0\u00bb. Nous sentant s\u00e9par\u00e9s de la nature, le monde nous rencontre avec des questions au lieu de r\u00e9ponses\u00a0; des faits, mais pas de sens. Les diverses branches de la philosophie et de la science sont deux ramifications de cette s\u00e9paration [&hellip;]","og_url":"https:\/\/www.revue3emillenaire.com\/blog\/la-nature-holistique-de-la-perception-par-james-steil\/","og_site_name":"3e mill\u00e9naire - Spiritualit\u00e9 - Connaissance de soi - Non-dualit\u00e9 - M\u00e9ditation","article_published_time":"2021-11-08T14:31:54+00:00","og_image":[{"width":227,"height":213,"url":"https:\/\/www.revue3emillenaire.com\/blog\/wp-content\/uploads\/2021\/11\/James-Steil.jpg","type":"image\/jpeg"}],"author":"3e mill\u00e9naire","twitter_card":"summary_large_image","twitter_misc":{"\u00c9crit par":"3e mill\u00e9naire","Dur\u00e9e de lecture estim\u00e9e":"11 minutes"},"schema":{"@context":"https:\/\/schema.org","@graph":[{"@type":"Article","@id":"https:\/\/www.revue3emillenaire.com\/blog\/la-nature-holistique-de-la-perception-par-james-steil\/#article","isPartOf":{"@id":"https:\/\/www.revue3emillenaire.com\/blog\/la-nature-holistique-de-la-perception-par-james-steil\/"},"author":{"name":"3e mill\u00e9naire","@id":"https:\/\/www.revue3emillenaire.com\/blog\/#\/schema\/person\/b692dacff720a5344a6190bc714397eb"},"headline":"La nature holistique de la perception par James Steil","datePublished":"2021-11-08T14:31:54+00:00","mainEntityOfPage":{"@id":"https:\/\/www.revue3emillenaire.com\/blog\/la-nature-holistique-de-la-perception-par-james-steil\/"},"wordCount":2722,"image":{"@id":"https:\/\/www.revue3emillenaire.com\/blog\/la-nature-holistique-de-la-perception-par-james-steil\/#primaryimage"},"thumbnailUrl":"https:\/\/www.revue3emillenaire.com\/blog\/wp-content\/uploads\/2021\/11\/James-Steil.jpg","keywords":["cerveau","Cognition","h\u00e9misph\u00e8re","Holistique","Perception"],"articleSection":["Essais"],"inLanguage":"fr-FR"},{"@type":"WebPage","@id":"https:\/\/www.revue3emillenaire.com\/blog\/la-nature-holistique-de-la-perception-par-james-steil\/","url":"https:\/\/www.revue3emillenaire.com\/blog\/la-nature-holistique-de-la-perception-par-james-steil\/","name":"La nature holistique de la perception par James Steil - 3e mill\u00e9naire - Spiritualit\u00e9 - Connaissance de soi - Non-dualit\u00e9 - M\u00e9ditation","isPartOf":{"@id":"https:\/\/www.revue3emillenaire.com\/blog\/#website"},"primaryImageOfPage":{"@id":"https:\/\/www.revue3emillenaire.com\/blog\/la-nature-holistique-de-la-perception-par-james-steil\/#primaryimage"},"image":{"@id":"https:\/\/www.revue3emillenaire.com\/blog\/la-nature-holistique-de-la-perception-par-james-steil\/#primaryimage"},"thumbnailUrl":"https:\/\/www.revue3emillenaire.com\/blog\/wp-content\/uploads\/2021\/11\/James-Steil.jpg","datePublished":"2021-11-08T14:31:54+00:00","author":{"@id":"https:\/\/www.revue3emillenaire.com\/blog\/#\/schema\/person\/b692dacff720a5344a6190bc714397eb"},"breadcrumb":{"@id":"https:\/\/www.revue3emillenaire.com\/blog\/la-nature-holistique-de-la-perception-par-james-steil\/#breadcrumb"},"inLanguage":"fr-FR","potentialAction":[{"@type":"ReadAction","target":["https:\/\/www.revue3emillenaire.com\/blog\/la-nature-holistique-de-la-perception-par-james-steil\/"]}]},{"@type":"ImageObject","inLanguage":"fr-FR","@id":"https:\/\/www.revue3emillenaire.com\/blog\/la-nature-holistique-de-la-perception-par-james-steil\/#primaryimage","url":"https:\/\/www.revue3emillenaire.com\/blog\/wp-content\/uploads\/2021\/11\/James-Steil.jpg","contentUrl":"https:\/\/www.revue3emillenaire.com\/blog\/wp-content\/uploads\/2021\/11\/James-Steil.jpg","width":227,"height":213},{"@type":"BreadcrumbList","@id":"https:\/\/www.revue3emillenaire.com\/blog\/la-nature-holistique-de-la-perception-par-james-steil\/#breadcrumb","itemListElement":[{"@type":"ListItem","position":1,"name":"Accueil","item":"https:\/\/www.revue3emillenaire.com\/blog\/"},{"@type":"ListItem","position":2,"name":"La nature holistique de la perception par James Steil"}]},{"@type":"WebSite","@id":"https:\/\/www.revue3emillenaire.com\/blog\/#website","url":"https:\/\/www.revue3emillenaire.com\/blog\/","name":"3e mill\u00e9naire - Spiritualit\u00e9 - Connaissance de soi - Non-dualit\u00e9 - M\u00e9ditation","description":"L&#039;Homme en devenir","potentialAction":[{"@type":"SearchAction","target":{"@type":"EntryPoint","urlTemplate":"https:\/\/www.revue3emillenaire.com\/blog\/?s={search_term_string}"},"query-input":{"@type":"PropertyValueSpecification","valueRequired":true,"valueName":"search_term_string"}}],"inLanguage":"fr-FR"},{"@type":"Person","@id":"https:\/\/www.revue3emillenaire.com\/blog\/#\/schema\/person\/b692dacff720a5344a6190bc714397eb","name":"3e mill\u00e9naire","url":"https:\/\/www.revue3emillenaire.com\/blog\/author\/scoussa\/"}]}},"_links":{"self":[{"href":"https:\/\/www.revue3emillenaire.com\/blog\/wp-json\/wp\/v2\/posts\/18751","targetHints":{"allow":["GET"]}}],"collection":[{"href":"https:\/\/www.revue3emillenaire.com\/blog\/wp-json\/wp\/v2\/posts"}],"about":[{"href":"https:\/\/www.revue3emillenaire.com\/blog\/wp-json\/wp\/v2\/types\/post"}],"author":[{"embeddable":true,"href":"https:\/\/www.revue3emillenaire.com\/blog\/wp-json\/wp\/v2\/users\/2"}],"replies":[{"embeddable":true,"href":"https:\/\/www.revue3emillenaire.com\/blog\/wp-json\/wp\/v2\/comments?post=18751"}],"version-history":[{"count":0,"href":"https:\/\/www.revue3emillenaire.com\/blog\/wp-json\/wp\/v2\/posts\/18751\/revisions"}],"wp:featuredmedia":[{"embeddable":true,"href":"https:\/\/www.revue3emillenaire.com\/blog\/wp-json\/wp\/v2\/media\/18752"}],"wp:attachment":[{"href":"https:\/\/www.revue3emillenaire.com\/blog\/wp-json\/wp\/v2\/media?parent=18751"}],"wp:term":[{"taxonomy":"category","embeddable":true,"href":"https:\/\/www.revue3emillenaire.com\/blog\/wp-json\/wp\/v2\/categories?post=18751"},{"taxonomy":"post_tag","embeddable":true,"href":"https:\/\/www.revue3emillenaire.com\/blog\/wp-json\/wp\/v2\/tags?post=18751"}],"curies":[{"name":"wp","href":"https:\/\/api.w.org\/{rel}","templated":true}]}}