{"id":18753,"date":"2021-11-04T13:29:15","date_gmt":"2021-11-04T12:29:15","guid":{"rendered":"https:\/\/www.revue3emillenaire.com\/blog\/?p=18753"},"modified":"2023-05-27T23:17:09","modified_gmt":"2023-05-27T22:17:09","slug":"la-trahison-des-guerisseurs-par-thomas-harrington","status":"publish","type":"post","link":"https:\/\/www.revue3emillenaire.com\/blog\/la-trahison-des-guerisseurs-par-thomas-harrington\/","title":{"rendered":"La trahison des gu\u00e9risseurs par Thomas Harrington"},"content":{"rendered":"<p align=\"justify\"><i>Traduction libre<\/i><\/p>\n<p align=\"justify\">En 1927, l\u2019intellectuel fran\u00e7ais Julien Benda a publi\u00e9 son livre <i>La Trahison des Clercs<\/i>, qui a \u00e9t\u00e9 traduit en anglais par <i>The Betrayal<\/i> (ou aussi par <i>The Treason<\/i>) <i>of the Intellectuals<\/i>. Ce livre est un r\u00e9quisitoire virulent contre le r\u00f4le jou\u00e9 par les intellectuels des deux camps de la Premi\u00e8re Guerre mondiale, qui ont attis\u00e9 les flammes de ce conflit d\u00e9vastateur qui a port\u00e9 la capacit\u00e9 de l\u2019homme \u00e0 tuer et \u00e0 d\u00e9truire \u00e0 des niveaux jusque-l\u00e0 inimaginables.<\/p>\n<p align=\"justify\">Pour Benda, le grand p\u00e9ch\u00e9 impardonnable des intellectuels, tant en Allemagne qu\u2019en France, a \u00e9t\u00e9 d\u2019abandonner l\u2019imp\u00e9ratif de produire un savoir \u00ab\u00a0d\u00e9sint\u00e9ress\u00e9\u00a0\u00bb et de pr\u00eater leurs talents et leur prestige \u00e0 des t\u00e2ches de promotion du chauvinisme national d\u2019une part, et, d\u2019autre part, de d\u00e9nigrement syst\u00e9matique de la culture et des citoyens de l\u2019ennemi.<\/p>\n<p align=\"justify\">L\u2019essor de la figure de l\u2019intellectuel, telle que nous la concevons aujourd\u2019hui, est intimement li\u00e9 \u00e0 deux processus historiques imbriqu\u00e9s du dernier tiers du XIX<sup>e<\/sup> si\u00e8cle : la s\u00e9cularisation rapide de la soci\u00e9t\u00e9 et la mont\u00e9e des journaux quotidiens.<\/p>\n<p align=\"justify\">En effet, lorsque les citoyens ont commenc\u00e9 \u00e0 abandonner l\u2019\u00e9glise et ses dirigeants, ils ont redirig\u00e9 leur d\u00e9sir de transcendance vers la presse quotidienne et ses nouveaux \u00ab\u00a0clercs\u00a0\u00bb la\u00efques. Ces nouveaux chefs spirituels, \u00e0 leur tour, ont d\u00fb d\u00e9cider, comme l\u2019avaient fait avant eux leurs pr\u00e9d\u00e9cesseurs dans l\u2019ancien Isra\u00ebl, la Gr\u00e8ce et la Rome, comment exercer leur nouveau pouvoir.<\/p>\n<p align=\"justify\">Leur t\u00e2che consistait-elle \u00e0 consolider l\u2019esprit positif de la collectivit\u00e9 \u00e0 l\u2019\u00e8re de l\u2019\u00c9tat-nation ? Ou \u00e9tait-ce de r\u00e9v\u00e9ler \u00e0 leurs paroissiens-lecteurs les dures v\u00e9rit\u00e9s de leur temps ?<\/p>\n<p align=\"justify\">Compte tenu des \u00e9normes enjeux de cette affaire, la deuxi\u00e8me option \u00e9tait, pour Benda, la seule moralement acceptable.<\/p>\n<p align=\"justify\">Au fur et \u00e0 mesure que le vingti\u00e8me si\u00e8cle avan\u00e7ait, l\u2019\u00e9crivain du d\u00e9but du si\u00e8cle a \u00e9t\u00e9 progressivement supplant\u00e9 au sommet de la nouvelle communion sociale par l\u2019homme de science, et surtout par la figure du m\u00e9decin. Compte tenu des exigences de la m\u00e9thode scientifique, l\u2019adh\u00e9sion \u00e0 une recherche d\u00e9sint\u00e9ress\u00e9e de la connaissance aurait d\u00fb devenir encore plus importante pour ces personnes qu\u2019elle ne l\u2019avait \u00e9t\u00e9 pour les objets \u00ab\u00a0lettr\u00e9s\u00a0\u00bb <span style=\"color: #000000;\">de l<\/span><span style=\"color: #000000;\">a col\u00e8re<\/span><span style=\"color: #000000;\"> de Benda<\/span><span style=\"color: #000000;\">. <\/span><\/p>\n<p align=\"justify\">Cependant, il n\u2019a pas fallu longtemps pour d\u00e9couvrir que les nouveaux hommes de science \u00e9taient tout aussi enclins que les \u00e9crivains tra\u00eetres de Benda \u00e0 abuser des pouvoirs institutionnels que leur conf\u00e9raient la soci\u00e9t\u00e9 et l\u2019\u00c9tat afin de mener des campagnes d\u2019intimidation et\/ou d\u2019exp\u00e9rimentation sur l\u2019homme auxquelles ils adh\u00e9raient \u00e9troitement et qui \u00e9taient souvent profond\u00e9ment inhumaines.<\/p>\n<p align=\"justify\">Il y a eu, bien s\u00fbr, la longue campagne de terreur intellectuelle men\u00e9e par Lysenko et ses acolytes en Union sovi\u00e9tique et l\u2019adh\u00e9sion \u00e0 grande \u00e9chelle \u2014 bien plus importante que ce qui est encore g\u00e9n\u00e9ralement reconnu ou admis \u2014 des m\u00e9decins allemands au programme g\u00e9nocidaire de la \u00ab\u00a0m\u00e9decine nazie\u00a0\u00bb dans les ann\u00e9es 30 et 40. Et chez nous, nous avons plus qu\u2019assez de cas d\u00e9go\u00fbtants d\u2019abus m\u00e9dicaux (lobotomies forc\u00e9es, l\u2019\u00c9tude Tuskegee, MK Ultra, Oxycontin, pour n\u2019en citer que quelques-uns) pour occuper toute une vie d\u2019un journaliste judiciaire ou d\u2019un historien du crime m\u00e9dical.<\/p>\n<p align=\"justify\">Mais lorsqu\u2019il s\u2019agit de reconna\u00eetre cela, les choses sont \u00e0 peu pr\u00e8s ce qu\u2019elles sont lorsqu\u2019il s\u2019agit de reconna\u00eetre les crimes en s\u00e9rie de l\u2019empire am\u00e9ricain. C\u2019est \u2014 comme l\u2019a dit Harold Pinter en abordant cette derni\u00e8re question dans son discours de remise du prix Nobel \u2014 comme si \u00ab\u00a0Cela n\u2019est jamais arriv\u00e9. Rien n\u2019est jamais arriv\u00e9. M\u00eame pendant que \u00e7a se passait, \u00e7a ne se passait pas. Cela n\u2019avait pas d\u2019importance. Cela n\u2019avait aucun int\u00e9r\u00eat\u00a0\u00bb.<\/p>\n<p align=\"justify\">Et parce que nous avons largement ignor\u00e9 ces outrages \u00e0 la dignit\u00e9 humaine et \u00e0 l\u2019\u00e9thique fondamentale de la gu\u00e9rison \u2014 les expliquant les tr\u00e8s rares fois o\u00f9 ils sont mentionn\u00e9s par le sempiternel \u00ab\u00a0quelques pommes pourries\u00a0\u00bb \u2014 nous nous retrouvons compl\u00e8tement d\u00e9sarm\u00e9s face aux dangers d\u2019une nouvelle imposition de politiques de sant\u00e9 publique hautement discutables, dirig\u00e9e par des experts, ainsi que d\u2019un cadre m\u00e9dical plus arrogant et moins capable de perspicacit\u00e9 personnelle et collective qu\u2019on ne l\u2019aurait jamais cru possible.<\/p>\n<p align=\"justify\">Cette nouvelle r\u00e9alit\u00e9 est illustr\u00e9e par un \u00ab\u00a0dialogue\u00a0\u00bb sur le contr\u00f4le du Covid que j\u2019ai r\u00e9cemment eu avec un ami m\u00e9decin qui a insist\u00e9, avec le style d\u00e9clamatoire inimitable de sa caste, sur le fait que \u00ab\u00a0nous savons ce que nous devons faire pour contr\u00f4ler le Covid\u00a0\u00bb : \u00ab\u00a0Nous savons ce que nous devons faire pour contr\u00f4ler le Covid. Il suffit d\u2019utiliser les masques et la distanciation sociale.\u00a0\u00bb<\/p>\n<p align=\"justify\">Lorsque j\u2019ai exprim\u00e9 mon scepticisme \u00e0 ce sujet et que je lui ai demand\u00e9 si, comme moi, il avait lu les donn\u00e9es scientifiques disponibles sur l\u2019efficacit\u00e9 de ces approches de contr\u00f4le, il m\u2019a ignor\u00e9. Et quand j\u2019ai \u00e0 nouveau demand\u00e9 s\u2019il avait lu les donn\u00e9es scientifiques, il a dit : \u00ab\u00a0Vous pouvez citer toutes les futilit\u00e9s que vous voulez, mais nous savons que c\u2019est ce qui fonctionne\u00a0\u00bb.<\/p>\n<p align=\"justify\">En effet, je suis de plus en plus convaincu que la plupart des m\u00e9decins en exercice ont lu tr\u00e8s peu d\u2019\u00e9tudes sur le traitement clinique du Covid ou sur l\u2019efficacit\u00e9 des mesures de sant\u00e9 publique invent\u00e9es de toutes pi\u00e8ces en mars 2020 pour combattre la propagation de la maladie.<\/p>\n<p align=\"justify\">Au contraire, comme les \u00ab\u00a0bons \u00e9l\u00e8ves\u00a0\u00bb \u00e0 l\u2019esprit hi\u00e9rarchique qu\u2019ils \u00e9taient et qu\u2019ils sont, ils supposent simplement que quelqu\u2019un, quelque part en haut de la cha\u00eene du pouvoir, a r\u00e9ellement lu des choses sur ces sujets, les a soumis \u00e0 la critique et a d\u00e9cid\u00e9 que tout cela \u00e9tait parfaitement logique. En effet, jamais le portrait que Thomas Kuhn a dress\u00e9 de la pens\u00e9e de la plupart des scientifiques en activit\u00e9, semblable \u00e0 un radotage et asservie \u00e0 un paradigme, n\u2019a paru aussi vrai.<\/p>\n<p align=\"justify\">Comment expliquer autrement le fait qu\u2019un si grand nombre de m\u00e9decins soient rest\u00e9s assis en silence alors que des absurdit\u00e9s flagrantes, anti-scientifiques et anti-logiques, \u00e9taient pr\u00e9sent\u00e9es au public jour apr\u00e8s jour par leurs coll\u00e8gues des m\u00e9dias, et pire encore, qu\u2019ils aient, dans de nombreux cas, organis\u00e9 et men\u00e9 des campagnes pour faire taire la minorit\u00e9 dans leurs rangs qui a le courage de contester ces affirmations absurdes et les politiques qu\u2019elles rendent possibles ?<\/p>\n<p align=\"justify\">Avez-vous besoin d\u2019exemples ?<\/p>\n<p align=\"justify\">Chacune des autorisations d\u2019utilisation d\u2019urgence (AUU) pour les trois injections Covid actuellement distribu\u00e9es aux \u00c9tats-Unis indiquait clairement qu\u2019il n\u2019y a aucune preuve que les traitements pouvaient ou pourraient r\u00e9duire la transmission, ce qui a \u00e9t\u00e9 confirm\u00e9 de mani\u00e8re \u00e9loquente par une multitude d\u2019\u00e9tudes sur les cas des personnes qui malgr\u00e9 l\u2019injection ont \u00e9t\u00e9 infect\u00e9es au cours des deux ou trois derniers mois.<\/p>\n<p align=\"justify\">Votre serviteur, fid\u00e8le paysan trafiquant de \u00ab\u00a0futilit\u00e9s\u00a0\u00bb, a lu ces AUU imm\u00e9diatement apr\u00e8s leur publication en d\u00e9cembre et janvier et s\u2019est demand\u00e9 comment ce fait saillant \u00e9tait compatible avec un d\u00e9ploiement de vaccins clairement ancr\u00e9 dans l\u2019id\u00e9e que la vaccination individuelle \u00e9tait la meilleure, voire la seule fa\u00e7on de \u00ab\u00a0nous prot\u00e9ger tous\u00a0\u00bb gr\u00e2ce \u00e0 l\u2019immunit\u00e9 de groupe.<\/p>\n<p align=\"justify\">Y a-t-il parmi les dizaines de milliers de m\u00e9decins \u2013 qui pr\u00e9conisent sans rel\u00e2che les injections au nom de la responsabilit\u00e9 collective \u2013, quelqu\u2019un qui a lu ces r\u00e9sum\u00e9s d\u2019efficacit\u00e9 clinique sur la transmission ?<\/p>\n<p align=\"justify\">S\u2019ils ne l\u2019ont pas fait, alors ils ont fait preuve de n\u00e9gligence professionnelle et ne m\u00e9ritent donc plus aucune d\u00e9f\u00e9rence ni aucun respect.<\/p>\n<p align=\"justify\">S\u2019ils l\u2019ont fait, mais continuent \u00e0 d\u00e9clarer ou \u00e0 laisser entendre que les injections stopperaient l\u2019infection et la transmission, ils devraient \u00eatre tenus responsables des d\u00e9c\u00e8s et des blessures caus\u00e9s chez les personnes ayant re\u00e7u les injections en vertu de cette pr\u00e9misse trompeuse.<\/p>\n<p align=\"justify\">Et si et quand le syst\u00e8me de passeport vaccinal d\u2019apartheid fait l\u2019objet, comme il se doit, d\u2019un examen judiciaire, ces m\u00eames m\u00e9decins devraient se retrouver sur le banc des accus\u00e9s avec les politiciens comme complices du crime pour avoir fourni un fondement intellectuel compl\u00e8tement faux au projet liberticide.<\/p>\n<p align=\"justify\">O\u00f9 se trouvaient tous ces brillants esprits lorsque les CDC et la FDA, enti\u00e8rement sous contr\u00f4le, jetaient par la fen\u00eatre l\u2019une des pr\u00e9misses les plus \u00e9l\u00e9mentaires de l\u2019immunologie, mettaient en doute \u00e0 plusieurs reprises la r\u00e9alit\u00e9 et la puissance de l\u2019immunit\u00e9 naturelle, et sugg\u00e9raient \u00e0 plusieurs reprises qu\u2019un vaccin non enti\u00e8rement test\u00e9 qui ne produit que des anticorps pour une partie du virus offre une meilleure protection que les d\u00e9fenses mill\u00e9naires de l\u2019organisme ?<\/p>\n<p align=\"justify\">Ont-ils protest\u00e9 ? Ou au moins ont-ils eu la t\u00e9m\u00e9rit\u00e9 de se moquer de l\u2019idiotie de telles d\u00e9clarations et suggestions ? Se sont-ils arr\u00eat\u00e9s et ont-ils demand\u00e9 si cela avait un sens ? En dehors d\u2019une minorit\u00e9 courageuse \u2014 l\u2019Institut Brownstone entend quotidiennement parler de ces dissidents \u2014 tr\u00e8s peu l\u2019ont fait ou le font encore aujourd\u2019hui.<\/p>\n<p align=\"justify\">La plupart d\u2019entre eux ont agi comme un m\u00e9decin que je connais qui, apr\u00e8s avoir re\u00e7u d\u2019un patient une pile d\u2019\u00e9tudes sur la puissance et la durabilit\u00e9 de l\u2019immunit\u00e9 naturelle (dont il n\u2019avait lu ni m\u00eame entendu parler) ainsi qu\u2019une demande de d\u00e9claration attestant la gu\u00e9rison du patient du Covid, a litt\u00e9ralement quitt\u00e9 la pi\u00e8ce pendant 15 minutes, pour revenir avec une d\u00e9claration peu convaincante et m\u00e9prisante qui ne confirmait en rien la gu\u00e9rison de son patient ni le fait d\u00e9sormais scientifiquement ind\u00e9niable de sa protection quasi totale contre l\u2019infection et la transmission du virus.<\/p>\n<p align=\"justify\">O\u00f9 sont les protestations de ces personnes qui, il y a quelques ann\u00e9es encore, pouvaient \u00eatre entendues pontifier sur la \u00ab\u00a0nature sacr\u00e9e\u00a0\u00bb de la relation m\u00e9decin-patient et la \u00ab\u00a0doctrine de la n\u00e9cessit\u00e9 m\u00e9dicale\u00a0\u00bb, alors que ces concepts fondamentaux de l\u2019\u00e9thique m\u00e9dicale sont mis en pi\u00e8ces par des mandats de vaccination qui ne font aucune distinction entre la sensibilit\u00e9 individuelle des patients \u00e0 la maladie ?<\/p>\n<p align=\"justify\">Ces radoteurs path\u00e9tiques d\u2019Hippocrate ont-ils, au moins, pens\u00e9 \u00e0 ce que cela pourrait signifier pour la pratique de la m\u00e9decine ? Apr\u00e8s avoir encourag\u00e9 les efforts du gouvernement pour imposer des injections exp\u00e9rimentales \u00e0 des dizaines, et plus probablement \u00e0 des centaines de millions de personnes pour lesquelles ces injections ne peuvent apporter aucun bien statistiquement significatif, et ne peuvent donc que nuire, ils ne sont pas en mesure d\u2019arr\u00eater les nouvelles demandes pharmaceutiques venant des forces combin\u00e9es des grandes entreprises et du gouvernement.<\/p>\n<p align=\"justify\">Sur quelle base, par exemple, un m\u00e9decin pourrait-il aujourd\u2019hui s\u2019opposer, au nom de son patient, \u00e0 un employeur qui, brandissant un mod\u00e8le statistique produit dans un institut quelconque, a d\u00e9cid\u00e9 d\u2019imposer la prescription universelle, par exemple, de statines ou, plus gravement encore, d\u2019antid\u00e9presseurs parmi la population active, au nom de la r\u00e9duction de la mortalit\u00e9 et de la maladie et\/ou de la diminution des co\u00fbts d\u2019assurance ?<\/p>\n<p align=\"justify\">Dans ce cas, un grand pourcentage de cette main-d\u2019\u0153uvre prendrait des m\u00e9dicaments dont elle n\u2019a pas besoin. Mais apr\u00e8s avoir pli\u00e9 devant les efforts d\u00e9ploy\u00e9s pour faire la m\u00eame chose avec des m\u00e9dicaments \u00e0 l\u2019efficacit\u00e9 bien moins prouv\u00e9e et aux effets secondaires totalement inconnus, pourquoi les bailleurs de fonds des entreprises consulteraient-ils les m\u00e9decins \u00e0 l\u2019avenir ?<\/p>\n<p align=\"justify\">La triste v\u00e9rit\u00e9 est qu\u2019ils ne le feront pas.<\/p>\n<p align=\"justify\">Enfin, nous devons r\u00e9affirmer ce qui est sans doute l\u2019une des plus grandes responsabilit\u00e9s d\u2019un gu\u00e9risseur (bien que la plus assid\u00fbment ignor\u00e9e ces derni\u00e8res ann\u00e9es) : l\u2019obligation de calmer et de rassurer le patient.<\/p>\n<p align=\"justify\">O\u00f9 \u00e9taient les m\u00e9decins qui faisaient tout pour dire \u00e0 leurs patients que les chances statistiquement prouv\u00e9es de mourir du Covid \u00e9taient minimes, \u00e0 peu pr\u00e8s les m\u00eames que celles de mourir de la grippe ? O\u00f9 \u00e9taient ceux qui soulignaient \u00e0 plusieurs reprises l\u2019\u00e2ge \u00e9lev\u00e9 et la comorbidit\u00e9 parmi les victimes mortelles de la maladie ?<\/p>\n<p align=\"justify\">Encore une fois, \u00e0 d\u2019honorables exceptions pr\u00e8s, ces praticiens, pour la plupart tr\u00e8s bien pay\u00e9s, ont compl\u00e8tement disparu, sauf lorsqu\u2019ils se sont empress\u00e9s d\u2019utiliser les conseils m\u00e9dicaux de leur \u00c9tat pour harceler et sanctionner ceux de leurs coll\u00e8gues qui ont la t\u00e9m\u00e9rit\u00e9 de rappeler ces v\u00e9rit\u00e9s d\u00e9rangeantes.<\/p>\n<p align=\"justify\">Pire encore, nombre d\u2019entre eux ont choisi de nous mentir et de nous insulter encore davantage en nous ass\u00e9nant des platitudes, manifestement fausses, sur le fait que Covid est une \u00ab\u00a0menace pour tous\u00a0\u00bb qui \u00ab\u00a0ne fait pas de discrimination entre ses victimes\u00a0\u00bb.<\/p>\n<p align=\"justify\">Certains j\u00e9suites de ma connaissance avaient l\u2019habitude de dire : \u00ab\u00a0A qui l\u2019on donne beaucoup, on attend beaucoup\u00a0\u00bb. Au milieu du 20<sup>e<\/sup> si\u00e8cle, les privil\u00e8ges sociaux, la d\u00e9f\u00e9rence et le pouvoir accord\u00e9s auparavant aux clercs, puis aux \u00e9crivains, ont \u00e9t\u00e9 l\u00e9gu\u00e9e aux gu\u00e9risseurs de la science.<\/p>\n<p align=\"justify\">Bien qu\u2019ils aient fait beaucoup pour am\u00e9liorer nos vies gr\u00e2ce \u00e0 l\u2019argent et \u00e0 l\u2019autorit\u00e9 que nous leur avons donn\u00e9e, ils sont \u2014 m\u00eame s\u2019ils ne semblent pas en avoir conscience \u2014 tomb\u00e9s dans un grave \u00e9tat de d\u00e9cadence morale.<\/p>\n<p align=\"justify\">Si, comme leurs pr\u00e9d\u00e9cesseurs du d\u00e9but du XX<sup>e<\/sup> si\u00e8cle, ils avaient \u00e9t\u00e9 contraints d\u2019\u00e9tudier et de reconna\u00eetre la menace toujours pr\u00e9sente de l\u2019orgueil d\u00e9mesur\u00e9 dans les affaires humaines, ils auraient peut-\u00eatre pu \u00e9viter ce d\u00e9nouement historique.<\/p>\n<p align=\"justify\">Malheureusement, la plupart d\u2019entre eux sont aujourd\u2019hui des technocrates irr\u00e9fl\u00e9chis incapables de reconna\u00eetre, et encore moins de critiquer et de se distancier, des \u00e9pist\u00e9mologies de plus en plus restrictives dans lesquelles ils accomplissent leurs t\u00e2ches quotidiennes. Et \u00e0 cause de cette c\u00e9cit\u00e9 \u0153dipienne, ils perdront bient\u00f4t, bien plus t\u00f4t qu\u2019ils ne le pensent, une grande partie du capital social qu\u2019ils avaient suppos\u00e9 \u00eatre le leur \u00e0 perp\u00e9tuit\u00e9.<\/p>\n<p align=\"center\">***<\/p>\n<p align=\"justify\">Texte original en anglais\u00a0: <a href=\"https:\/\/brownstone.org\/articles\/the-treason-of-the-healers\" target=\"_blank\" rel=\"noopener\">https:\/\/brownstone.org\/articles\/the-treason-of-the-healers<\/a><\/p>\n<p align=\"justify\"><i><b>Thomas Harrington est essayiste et professeur d\u2019\u00e9tudes hispaniques au Trinity College de Hartford (\u00c9tats-Unis). Il est sp\u00e9cialis\u00e9 dans les mouvements ib\u00e9riques d\u2019identit\u00e9 nationale et la culture catalane contemporaine.<\/b><\/i><\/p>\n","protected":false},"excerpt":{"rendered":"<p>Traduction libre En 1927, l\u2019intellectuel fran\u00e7ais Julien Benda a publi\u00e9 son livre La Trahison des Clercs, qui a \u00e9t\u00e9 traduit en anglais par The Betrayal (ou aussi par The Treason) of the Intellectuals. Ce livre est un r\u00e9quisitoire virulent contre le r\u00f4le jou\u00e9 par les intellectuels des deux camps de la Premi\u00e8re Guerre mondiale, qui [&hellip;]<\/p>\n","protected":false},"author":2,"featured_media":18754,"comment_status":"closed","ping_status":"closed","sticky":false,"template":"","format":"standard","meta":{"footnotes":""},"categories":[1540,1725],"tags":[1532,1629,553,99,1531],"class_list":["post-18753","post","type-post","status-publish","format-standard","has-post-thumbnail","hentry","category-actualite","category-harrington-thomas","tag-covid-19","tag-immunologie","tag-medecine","tag-science","tag-vaccination"],"yoast_head":"<!-- This site is optimized with the Yoast SEO plugin v27.0 - https:\/\/yoast.com\/product\/yoast-seo-wordpress\/ -->\n<title>La trahison des gu\u00e9risseurs par Thomas Harrington - 3e mill\u00e9naire - Spiritualit\u00e9 - Connaissance de soi - Non-dualit\u00e9 - M\u00e9ditation<\/title>\n<meta name=\"robots\" content=\"index, follow, max-snippet:-1, max-image-preview:large, max-video-preview:-1\" \/>\n<link rel=\"canonical\" href=\"https:\/\/www.revue3emillenaire.com\/blog\/la-trahison-des-guerisseurs-par-thomas-harrington\/\" \/>\n<meta property=\"og:locale\" content=\"fr_FR\" \/>\n<meta property=\"og:type\" content=\"article\" \/>\n<meta property=\"og:title\" content=\"La trahison des gu\u00e9risseurs par Thomas Harrington - 3e mill\u00e9naire - Spiritualit\u00e9 - Connaissance de soi - Non-dualit\u00e9 - M\u00e9ditation\" \/>\n<meta property=\"og:description\" content=\"Traduction libre En 1927, l\u2019intellectuel fran\u00e7ais Julien Benda a publi\u00e9 son livre La Trahison des Clercs, qui a \u00e9t\u00e9 traduit en anglais par The Betrayal (ou aussi par The Treason) of the Intellectuals. Ce livre est un r\u00e9quisitoire virulent contre le r\u00f4le jou\u00e9 par les intellectuels des deux camps de la Premi\u00e8re Guerre mondiale, qui [&hellip;]\" \/>\n<meta property=\"og:url\" content=\"https:\/\/www.revue3emillenaire.com\/blog\/la-trahison-des-guerisseurs-par-thomas-harrington\/\" \/>\n<meta property=\"og:site_name\" content=\"3e mill\u00e9naire - Spiritualit\u00e9 - Connaissance de soi - Non-dualit\u00e9 - M\u00e9ditation\" \/>\n<meta property=\"article:published_time\" content=\"2021-11-04T12:29:15+00:00\" \/>\n<meta property=\"article:modified_time\" content=\"2023-05-27T22:17:09+00:00\" \/>\n<meta property=\"og:image\" content=\"https:\/\/www.revue3emillenaire.com\/blog\/wp-content\/uploads\/2021\/11\/Thomas-Harrington.jpg\" \/>\n\t<meta property=\"og:image:width\" content=\"326\" \/>\n\t<meta property=\"og:image:height\" content=\"412\" \/>\n\t<meta property=\"og:image:type\" content=\"image\/jpeg\" \/>\n<meta name=\"author\" content=\"3e mill\u00e9naire\" \/>\n<meta name=\"twitter:card\" content=\"summary_large_image\" \/>\n<meta name=\"twitter:label1\" content=\"\u00c9crit par\" \/>\n\t<meta name=\"twitter:data1\" content=\"3e mill\u00e9naire\" \/>\n\t<meta name=\"twitter:label2\" content=\"Dur\u00e9e de lecture estim\u00e9e\" \/>\n\t<meta name=\"twitter:data2\" content=\"12 minutes\" \/>\n<script type=\"application\/ld+json\" class=\"yoast-schema-graph\">{\"@context\":\"https:\/\/schema.org\",\"@graph\":[{\"@type\":\"Article\",\"@id\":\"https:\/\/www.revue3emillenaire.com\/blog\/la-trahison-des-guerisseurs-par-thomas-harrington\/#article\",\"isPartOf\":{\"@id\":\"https:\/\/www.revue3emillenaire.com\/blog\/la-trahison-des-guerisseurs-par-thomas-harrington\/\"},\"author\":{\"name\":\"3e mill\u00e9naire\",\"@id\":\"https:\/\/www.revue3emillenaire.com\/blog\/#\/schema\/person\/b692dacff720a5344a6190bc714397eb\"},\"headline\":\"La trahison des gu\u00e9risseurs par Thomas Harrington\",\"datePublished\":\"2021-11-04T12:29:15+00:00\",\"dateModified\":\"2023-05-27T22:17:09+00:00\",\"mainEntityOfPage\":{\"@id\":\"https:\/\/www.revue3emillenaire.com\/blog\/la-trahison-des-guerisseurs-par-thomas-harrington\/\"},\"wordCount\":2526,\"image\":{\"@id\":\"https:\/\/www.revue3emillenaire.com\/blog\/la-trahison-des-guerisseurs-par-thomas-harrington\/#primaryimage\"},\"thumbnailUrl\":\"https:\/\/www.revue3emillenaire.com\/blog\/wp-content\/uploads\/2021\/11\/Thomas-Harrington.jpg\",\"keywords\":[\"COVID-19\",\"Immunologie\",\"m\u00e9decine\",\"Science\",\"Vaccination\"],\"articleSection\":[\"Actualit\u00e9s\",\"Harrington Thomas\"],\"inLanguage\":\"fr-FR\"},{\"@type\":\"WebPage\",\"@id\":\"https:\/\/www.revue3emillenaire.com\/blog\/la-trahison-des-guerisseurs-par-thomas-harrington\/\",\"url\":\"https:\/\/www.revue3emillenaire.com\/blog\/la-trahison-des-guerisseurs-par-thomas-harrington\/\",\"name\":\"La trahison des gu\u00e9risseurs par Thomas Harrington - 3e mill\u00e9naire - Spiritualit\u00e9 - Connaissance de soi - Non-dualit\u00e9 - M\u00e9ditation\",\"isPartOf\":{\"@id\":\"https:\/\/www.revue3emillenaire.com\/blog\/#website\"},\"primaryImageOfPage\":{\"@id\":\"https:\/\/www.revue3emillenaire.com\/blog\/la-trahison-des-guerisseurs-par-thomas-harrington\/#primaryimage\"},\"image\":{\"@id\":\"https:\/\/www.revue3emillenaire.com\/blog\/la-trahison-des-guerisseurs-par-thomas-harrington\/#primaryimage\"},\"thumbnailUrl\":\"https:\/\/www.revue3emillenaire.com\/blog\/wp-content\/uploads\/2021\/11\/Thomas-Harrington.jpg\",\"datePublished\":\"2021-11-04T12:29:15+00:00\",\"dateModified\":\"2023-05-27T22:17:09+00:00\",\"author\":{\"@id\":\"https:\/\/www.revue3emillenaire.com\/blog\/#\/schema\/person\/b692dacff720a5344a6190bc714397eb\"},\"breadcrumb\":{\"@id\":\"https:\/\/www.revue3emillenaire.com\/blog\/la-trahison-des-guerisseurs-par-thomas-harrington\/#breadcrumb\"},\"inLanguage\":\"fr-FR\",\"potentialAction\":[{\"@type\":\"ReadAction\",\"target\":[\"https:\/\/www.revue3emillenaire.com\/blog\/la-trahison-des-guerisseurs-par-thomas-harrington\/\"]}]},{\"@type\":\"ImageObject\",\"inLanguage\":\"fr-FR\",\"@id\":\"https:\/\/www.revue3emillenaire.com\/blog\/la-trahison-des-guerisseurs-par-thomas-harrington\/#primaryimage\",\"url\":\"https:\/\/www.revue3emillenaire.com\/blog\/wp-content\/uploads\/2021\/11\/Thomas-Harrington.jpg\",\"contentUrl\":\"https:\/\/www.revue3emillenaire.com\/blog\/wp-content\/uploads\/2021\/11\/Thomas-Harrington.jpg\",\"width\":326,\"height\":412},{\"@type\":\"BreadcrumbList\",\"@id\":\"https:\/\/www.revue3emillenaire.com\/blog\/la-trahison-des-guerisseurs-par-thomas-harrington\/#breadcrumb\",\"itemListElement\":[{\"@type\":\"ListItem\",\"position\":1,\"name\":\"Accueil\",\"item\":\"https:\/\/www.revue3emillenaire.com\/blog\/\"},{\"@type\":\"ListItem\",\"position\":2,\"name\":\"La trahison des gu\u00e9risseurs par Thomas Harrington\"}]},{\"@type\":\"WebSite\",\"@id\":\"https:\/\/www.revue3emillenaire.com\/blog\/#website\",\"url\":\"https:\/\/www.revue3emillenaire.com\/blog\/\",\"name\":\"3e mill\u00e9naire - Spiritualit\u00e9 - Connaissance de soi - Non-dualit\u00e9 - M\u00e9ditation\",\"description\":\"L&#039;Homme en devenir\",\"potentialAction\":[{\"@type\":\"SearchAction\",\"target\":{\"@type\":\"EntryPoint\",\"urlTemplate\":\"https:\/\/www.revue3emillenaire.com\/blog\/?s={search_term_string}\"},\"query-input\":{\"@type\":\"PropertyValueSpecification\",\"valueRequired\":true,\"valueName\":\"search_term_string\"}}],\"inLanguage\":\"fr-FR\"},{\"@type\":\"Person\",\"@id\":\"https:\/\/www.revue3emillenaire.com\/blog\/#\/schema\/person\/b692dacff720a5344a6190bc714397eb\",\"name\":\"3e mill\u00e9naire\",\"url\":\"https:\/\/www.revue3emillenaire.com\/blog\/author\/scoussa\/\"}]}<\/script>\n<!-- \/ Yoast SEO plugin. -->","yoast_head_json":{"title":"La trahison des gu\u00e9risseurs par Thomas Harrington - 3e mill\u00e9naire - Spiritualit\u00e9 - Connaissance de soi - Non-dualit\u00e9 - M\u00e9ditation","robots":{"index":"index","follow":"follow","max-snippet":"max-snippet:-1","max-image-preview":"max-image-preview:large","max-video-preview":"max-video-preview:-1"},"canonical":"https:\/\/www.revue3emillenaire.com\/blog\/la-trahison-des-guerisseurs-par-thomas-harrington\/","og_locale":"fr_FR","og_type":"article","og_title":"La trahison des gu\u00e9risseurs par Thomas Harrington - 3e mill\u00e9naire - Spiritualit\u00e9 - Connaissance de soi - Non-dualit\u00e9 - M\u00e9ditation","og_description":"Traduction libre En 1927, l\u2019intellectuel fran\u00e7ais Julien Benda a publi\u00e9 son livre La Trahison des Clercs, qui a \u00e9t\u00e9 traduit en anglais par The Betrayal (ou aussi par The Treason) of the Intellectuals. Ce livre est un r\u00e9quisitoire virulent contre le r\u00f4le jou\u00e9 par les intellectuels des deux camps de la Premi\u00e8re Guerre mondiale, qui [&hellip;]","og_url":"https:\/\/www.revue3emillenaire.com\/blog\/la-trahison-des-guerisseurs-par-thomas-harrington\/","og_site_name":"3e mill\u00e9naire - Spiritualit\u00e9 - Connaissance de soi - Non-dualit\u00e9 - M\u00e9ditation","article_published_time":"2021-11-04T12:29:15+00:00","article_modified_time":"2023-05-27T22:17:09+00:00","og_image":[{"width":326,"height":412,"url":"https:\/\/www.revue3emillenaire.com\/blog\/wp-content\/uploads\/2021\/11\/Thomas-Harrington.jpg","type":"image\/jpeg"}],"author":"3e mill\u00e9naire","twitter_card":"summary_large_image","twitter_misc":{"\u00c9crit par":"3e mill\u00e9naire","Dur\u00e9e de lecture estim\u00e9e":"12 minutes"},"schema":{"@context":"https:\/\/schema.org","@graph":[{"@type":"Article","@id":"https:\/\/www.revue3emillenaire.com\/blog\/la-trahison-des-guerisseurs-par-thomas-harrington\/#article","isPartOf":{"@id":"https:\/\/www.revue3emillenaire.com\/blog\/la-trahison-des-guerisseurs-par-thomas-harrington\/"},"author":{"name":"3e mill\u00e9naire","@id":"https:\/\/www.revue3emillenaire.com\/blog\/#\/schema\/person\/b692dacff720a5344a6190bc714397eb"},"headline":"La trahison des gu\u00e9risseurs par Thomas Harrington","datePublished":"2021-11-04T12:29:15+00:00","dateModified":"2023-05-27T22:17:09+00:00","mainEntityOfPage":{"@id":"https:\/\/www.revue3emillenaire.com\/blog\/la-trahison-des-guerisseurs-par-thomas-harrington\/"},"wordCount":2526,"image":{"@id":"https:\/\/www.revue3emillenaire.com\/blog\/la-trahison-des-guerisseurs-par-thomas-harrington\/#primaryimage"},"thumbnailUrl":"https:\/\/www.revue3emillenaire.com\/blog\/wp-content\/uploads\/2021\/11\/Thomas-Harrington.jpg","keywords":["COVID-19","Immunologie","m\u00e9decine","Science","Vaccination"],"articleSection":["Actualit\u00e9s","Harrington Thomas"],"inLanguage":"fr-FR"},{"@type":"WebPage","@id":"https:\/\/www.revue3emillenaire.com\/blog\/la-trahison-des-guerisseurs-par-thomas-harrington\/","url":"https:\/\/www.revue3emillenaire.com\/blog\/la-trahison-des-guerisseurs-par-thomas-harrington\/","name":"La trahison des gu\u00e9risseurs par Thomas Harrington - 3e mill\u00e9naire - Spiritualit\u00e9 - Connaissance de soi - Non-dualit\u00e9 - M\u00e9ditation","isPartOf":{"@id":"https:\/\/www.revue3emillenaire.com\/blog\/#website"},"primaryImageOfPage":{"@id":"https:\/\/www.revue3emillenaire.com\/blog\/la-trahison-des-guerisseurs-par-thomas-harrington\/#primaryimage"},"image":{"@id":"https:\/\/www.revue3emillenaire.com\/blog\/la-trahison-des-guerisseurs-par-thomas-harrington\/#primaryimage"},"thumbnailUrl":"https:\/\/www.revue3emillenaire.com\/blog\/wp-content\/uploads\/2021\/11\/Thomas-Harrington.jpg","datePublished":"2021-11-04T12:29:15+00:00","dateModified":"2023-05-27T22:17:09+00:00","author":{"@id":"https:\/\/www.revue3emillenaire.com\/blog\/#\/schema\/person\/b692dacff720a5344a6190bc714397eb"},"breadcrumb":{"@id":"https:\/\/www.revue3emillenaire.com\/blog\/la-trahison-des-guerisseurs-par-thomas-harrington\/#breadcrumb"},"inLanguage":"fr-FR","potentialAction":[{"@type":"ReadAction","target":["https:\/\/www.revue3emillenaire.com\/blog\/la-trahison-des-guerisseurs-par-thomas-harrington\/"]}]},{"@type":"ImageObject","inLanguage":"fr-FR","@id":"https:\/\/www.revue3emillenaire.com\/blog\/la-trahison-des-guerisseurs-par-thomas-harrington\/#primaryimage","url":"https:\/\/www.revue3emillenaire.com\/blog\/wp-content\/uploads\/2021\/11\/Thomas-Harrington.jpg","contentUrl":"https:\/\/www.revue3emillenaire.com\/blog\/wp-content\/uploads\/2021\/11\/Thomas-Harrington.jpg","width":326,"height":412},{"@type":"BreadcrumbList","@id":"https:\/\/www.revue3emillenaire.com\/blog\/la-trahison-des-guerisseurs-par-thomas-harrington\/#breadcrumb","itemListElement":[{"@type":"ListItem","position":1,"name":"Accueil","item":"https:\/\/www.revue3emillenaire.com\/blog\/"},{"@type":"ListItem","position":2,"name":"La trahison des gu\u00e9risseurs par Thomas Harrington"}]},{"@type":"WebSite","@id":"https:\/\/www.revue3emillenaire.com\/blog\/#website","url":"https:\/\/www.revue3emillenaire.com\/blog\/","name":"3e mill\u00e9naire - Spiritualit\u00e9 - Connaissance de soi - Non-dualit\u00e9 - M\u00e9ditation","description":"L&#039;Homme en devenir","potentialAction":[{"@type":"SearchAction","target":{"@type":"EntryPoint","urlTemplate":"https:\/\/www.revue3emillenaire.com\/blog\/?s={search_term_string}"},"query-input":{"@type":"PropertyValueSpecification","valueRequired":true,"valueName":"search_term_string"}}],"inLanguage":"fr-FR"},{"@type":"Person","@id":"https:\/\/www.revue3emillenaire.com\/blog\/#\/schema\/person\/b692dacff720a5344a6190bc714397eb","name":"3e mill\u00e9naire","url":"https:\/\/www.revue3emillenaire.com\/blog\/author\/scoussa\/"}]}},"_links":{"self":[{"href":"https:\/\/www.revue3emillenaire.com\/blog\/wp-json\/wp\/v2\/posts\/18753","targetHints":{"allow":["GET"]}}],"collection":[{"href":"https:\/\/www.revue3emillenaire.com\/blog\/wp-json\/wp\/v2\/posts"}],"about":[{"href":"https:\/\/www.revue3emillenaire.com\/blog\/wp-json\/wp\/v2\/types\/post"}],"author":[{"embeddable":true,"href":"https:\/\/www.revue3emillenaire.com\/blog\/wp-json\/wp\/v2\/users\/2"}],"replies":[{"embeddable":true,"href":"https:\/\/www.revue3emillenaire.com\/blog\/wp-json\/wp\/v2\/comments?post=18753"}],"version-history":[{"count":0,"href":"https:\/\/www.revue3emillenaire.com\/blog\/wp-json\/wp\/v2\/posts\/18753\/revisions"}],"wp:featuredmedia":[{"embeddable":true,"href":"https:\/\/www.revue3emillenaire.com\/blog\/wp-json\/wp\/v2\/media\/18754"}],"wp:attachment":[{"href":"https:\/\/www.revue3emillenaire.com\/blog\/wp-json\/wp\/v2\/media?parent=18753"}],"wp:term":[{"taxonomy":"category","embeddable":true,"href":"https:\/\/www.revue3emillenaire.com\/blog\/wp-json\/wp\/v2\/categories?post=18753"},{"taxonomy":"post_tag","embeddable":true,"href":"https:\/\/www.revue3emillenaire.com\/blog\/wp-json\/wp\/v2\/tags?post=18753"}],"curies":[{"name":"wp","href":"https:\/\/api.w.org\/{rel}","templated":true}]}}