{"id":18756,"date":"2021-11-05T00:26:31","date_gmt":"2021-11-04T23:26:31","guid":{"rendered":"https:\/\/www.revue3emillenaire.com\/blog\/?p=18756"},"modified":"2021-11-12T17:28:40","modified_gmt":"2021-11-12T16:28:40","slug":"sante-mondiale-changer-les-definitions-pour-changer-les-perceptions-par-ryan-matters","status":"publish","type":"post","link":"https:\/\/www.revue3emillenaire.com\/blog\/sante-mondiale-changer-les-definitions-pour-changer-les-perceptions-par-ryan-matters\/","title":{"rendered":"Sant\u00e9 mondiale : Changer les d\u00e9finitions pour changer les perceptions par Ryan Matters"},"content":{"rendered":"<p align=\"justify\"><i>Traduction libre<\/i><\/p>\n<p align=\"justify\">L\u2019expression \u00ab\u00a0suivre la science\u00a0\u00bb devient vide de sens lorsque la \u00ab\u00a0science\u00a0\u00bb elle-m\u00eame est manipul\u00e9e et modifi\u00e9e pour s\u2019adapter et promouvoir un programme dominant. Cet article r\u00e9capitule certaines des d\u00e9finitions qui ont \u00e9t\u00e9 modifi\u00e9es afin de correspondre au r\u00e9cit de la \u00ab\u00a0pand\u00e9mie\u00a0\u00bb.<\/p>\n<p align=\"justify\"><b>1 \u00ab\u00a0PAND\u00c9MIE\u00a0\u00bb<\/b><\/p>\n<p align=\"justify\">La plupart des gens ignorent qu\u2019un mois avant la \u00ab\u00a0pand\u00e9mie\u00a0\u00bb de H1N1, l\u2019OMS a modifi\u00e9 la d\u00e9finition du mot \u00ab\u00a0pand\u00e9mie\u00a0\u00bb pour l\u2019adapter <span style=\"color: #000080;\"><u><a class=\"western\" href=\"https:\/\/evidencenotfear.com\/why-the-who-faked-a-pandemic-forbes\/\" target=\"_blank\" rel=\"noopener\">au discours dominant<\/a><\/u><\/span>.<\/p>\n<p align=\"justify\">D\u00e9finition ant\u00e9rieure \u00e0 2009 :<\/p>\n<p align=\"justify\">\u00ab\u00a0Une pand\u00e9mie de grippe se produit lorsqu\u2019appara\u00eet un nouveau virus de la grippe contre lequel la population humaine n\u2019a aucune immunit\u00e9, ce qui entra\u00eene plusieurs \u00e9pid\u00e9mies simultan\u00e9es dans le monde entier, <b>avec un nombre \u00e9norme de d\u00e9c\u00e8s et de maladies<\/b>.\u00a0\u00bb<\/p>\n<p align=\"justify\">D\u00e9finition post 2009 :<\/p>\n<p align=\"justify\">\u00ab\u00a0Une pand\u00e9mie de grippe peut se produire lorsqu\u2019appara\u00eet un nouveau virus de la grippe contre lequel la population humaine n\u2019est pas immunis\u00e9e.\u00a0\u00bb<\/p>\n<p align=\"justify\">Voir <span style=\"color: #000080;\"><u><a class=\"western\" href=\"https:\/\/www.bmj.com\/rapid-response\/2011\/11\/02\/who-changed-definition-influenza-pandemic\" target=\"_blank\" rel=\"noopener\">la source<\/a><\/u><\/span>.<\/p>\n<p align=\"justify\"><b>2 \u00ab\u00a0IMMUNIT\u00c9 COLLECTIVE\u00a0\u00bb<\/b><\/p>\n<p align=\"justify\">Que se passe-t-il lorsque la n\u00e9cessit\u00e9 de votre vaccin est min\u00e9e par la capacit\u00e9 d\u2019obtenir une immunit\u00e9 de groupe gr\u00e2ce \u00e0 l\u2019infection naturelle ? C\u2019est simple, il suffit de modifier la d\u00e9finition de l\u2019expression \u00ab\u00a0immunit\u00e9 collective\u00a0\u00bb pour que tout tourne autour de la vaccination !<\/p>\n<p align=\"justify\"><i>Remarque : le concept d\u2019immunit\u00e9 collective est <\/i><span style=\"color: #000080;\"><u><a class=\"western\" href=\"https:\/\/www.greenmedinfo.com\/blog\/herd-immunity-dishonest-marketing-gimmick\" target=\"_blank\" rel=\"noopener\"><i>extr\u00eamement controvers\u00e9<\/i><\/a><\/u><\/span><i> et a toujours \u00e9t\u00e9 utilis\u00e9 pour justifier la vaccination de masse.<\/i><\/p>\n<p align=\"justify\">D\u00e9finition originale :<\/p>\n<p align=\"justify\">\u00ab\u00a0L\u2019immunit\u00e9 de groupe est la protection indirecte contre une maladie infectieuse qui se produit lorsqu\u2019une population est immunis\u00e9e soit par la vaccination, <b>soit par une immunit\u00e9 d\u00e9velopp\u00e9e par une infection ant\u00e9rieure<\/b>.\u00a0\u00bb<\/p>\n<p align=\"justify\">D\u00e9finition actualis\u00e9e pour 2020 :<\/p>\n<p align=\"justify\">\u00ab\u00a0\u2018L\u2019immunit\u00e9 de groupe\u2019, \u00e9galement appel\u00e9e \u2018immunit\u00e9 de population\u2019, est <b>un concept utilis\u00e9 pour la vaccination<\/b>, dans lequel une population peut \u00eatre prot\u00e9g\u00e9e d\u2019un certain virus si un seuil de vaccination est atteint. L\u2019immunit\u00e9 de groupe est obtenue en prot\u00e9geant les gens d\u2019un virus, et <b>non en les exposant \u00e0 celui-ci<\/b>.<\/p>\n<p align=\"justify\">Voir <a href=\"https:\/\/peterlegyel.wordpress.com\/2021\/01\/15\/who-changes-definition-of-herd-immunity\/\" target=\"_blank\" rel=\"noopener\">la source<\/a>.<\/p>\n<p align=\"justify\"><b>3 \u00ab\u00a0VACCIN\u00a0\u00bb<\/b><\/p>\n<p align=\"justify\">Que se passe-t-il lorsque les gens s\u2019interrogent sur les raisons qui vous poussent \u00e0 d\u00e9velopper des th\u00e9rapies g\u00e9niques exp\u00e9rimentales et \u00e0 les faire passer pour des \u00ab\u00a0vaccins\u00a0\u00bb ? Changez la d\u00e9finition du mot \u00ab\u00a0vaccin\u00a0\u00bb, bien s\u00fbr !<\/p>\n<p align=\"justify\">Que se passe-t-il lorsque votre \u00ab\u00a0vaccin\u00a0\u00bb \u00e9choue totalement \u00e0 fournir une \u00ab\u00a0immunit\u00e9\u00a0\u00bb contre la \u00ab\u00a0maladie\u00a0\u00bb qu\u2019il a \u00e9t\u00e9 con\u00e7u pour combattre ? Changez \u00e0 nouveau la d\u00e9finition !<\/p>\n<p align=\"justify\">D\u00e9finition ant\u00e9rieure \u00e0 2015 :<\/p>\n<p align=\"justify\">\u00ab\u00a0Injection d\u2019un organisme infectieux tu\u00e9 ou affaibli afin de pr\u00e9venir la maladie.\u00a0\u00bb<\/p>\n<p align=\"justify\">D\u00e9finition 2015-2021 :<\/p>\n<p align=\"justify\">\u00ab\u00a0L\u2019acte d\u2019introduire un vaccin dans l\u2019organisme pour produire une immunit\u00e9 contre une maladie sp\u00e9cifique.\u00a0\u00bb<\/p>\n<p align=\"justify\">D\u00e9finition de septembre 2021 :<\/p>\n<p align=\"justify\">\u00ab\u00a0L\u2019acte d\u2019introduire un vaccin dans l\u2019organisme pour produire une protection contre une maladie sp\u00e9cifique\u00a0\u00bb.<\/p>\n<p align=\"justify\">Voir <span style=\"color: #000080;\"><u><a class=\"western\" href=\"https:\/\/sharylattkisson.com\/2021\/09\/read-cdc-changes-definition-of-vaccines-to-fit-covid-19-vaccine-limitations\/\" target=\"_blank\" rel=\"noopener\">la source<\/a><\/u><\/span>.<\/p>\n<p align=\"justify\"><b>4 RECHERCHE DE GAIN DE FONCTION<\/b><\/p>\n<p align=\"justify\">Que se passe-t-il lorsque vous mentez \u00e0 propos du financement de recherches douteuses sur le \u00ab\u00a0gain de fonction\u00a0\u00bb dans un certain laboratoire de Wuhan et que vous \u00eates d\u00e9couvert ? Vous changez le nom et la signification de l\u2019expression \u00ab\u00a0recherche sur le gain de fonction\u00a0\u00bb, duh !<\/p>\n<p align=\"justify\">En effet, le NIH (National Institutes of Health) de Fauci a supprim\u00e9 toute mention de \u00ab\u00a0gain de fonction\u00a0\u00bb de son site web et l\u2019a remplac\u00e9e par un terme enti\u00e8rement invent\u00e9 \u2014 \u00ab\u00a0Recherche impliquant des pathog\u00e8nes pand\u00e9miques \u00e0 potentiel renforc\u00e9 (<span lang=\"en-US\"><i>enhanced potential pandemic pathogen<\/i><\/span> ePPP<span lang=\"en-US\">)<\/span>\u00a0\u00bb.<\/p>\n<p align=\"justify\">D\u00e9finition avant octobre 2021 :<\/p>\n<p align=\"justify\">L\u2019expression \u00ab\u00a0recherche de gain de fonction\u00a0\u00bb (GDF) <i><b>d\u00e9crit un type de recherche qui modifie un agent biologique de mani\u00e8re \u00e0 lui conf\u00e9rer une activit\u00e9 nouvelle ou am\u00e9lior\u00e9e\u2026 Le sous-ensemble de la recherche GDF qui est cens\u00e9 am\u00e9liorer la transmissibilit\u00e9 et\/ou la virulence des agents pathog\u00e8nes pand\u00e9miques potentiels, ce qui est susceptible de les rendre plus dangereux pour l\u2019homme<\/b><\/i>, a fait l\u2019objet de d\u00e9lib\u00e9rations et d\u2019un examen approfondi.\u00a0\u00bb<\/p>\n<p align=\"justify\">D\u00e9finition post\u00e9rieure \u00e0 octobre 2021 :<\/p>\n<p align=\"justify\">\u00ab\u00a0En de rares occasions, lorsqu\u2019elles sont justifi\u00e9es par un besoin imp\u00e9rieux de sant\u00e9 publique et men\u00e9es dans des laboratoires de tr\u00e8s haute bios\u00e9curit\u00e9, le NIH a soutenu certaines recherches dont on peut raisonnablement pr\u00e9voir qu\u2019elles cr\u00e9eront, transf\u00e9reront ou utiliseront des agents pathog\u00e8nes potentiellement pand\u00e9miques r\u00e9sultant de l\u2019am\u00e9lioration de la transmissibilit\u00e9 et\/ou de la virulence d\u2019un agent pathog\u00e8ne chez l\u2019homme. <b>Le gouvernement am\u00e9ricain et le minist\u00e8re de la Sant\u00e9 et des Services sociaux d\u00e9finissent ces recherches comme des recherches sur les agents pathog\u00e8nes pand\u00e9miques \u00e0 potentiel renforc\u00e9 (ePPP)<\/b>. Les recherches ePPP soutenues par le NIH n\u00e9cessitent une surveillance stricte et ne peuvent \u00eatre men\u00e9es qu\u2019avec des mesures de bios\u00e9curit\u00e9 et de s\u00fbret\u00e9 biologique appropri\u00e9es&#8230; M\u00eame si ces recherches sont intrins\u00e8quement risqu\u00e9es et n\u00e9cessitent une surveillance stricte, le risque de ne pas effectuer ce type de recherche et de ne pas \u00eatre pr\u00e9par\u00e9 \u00e0 la prochaine pand\u00e9mie est \u00e9galement \u00e9lev\u00e9.\u00a0\u00bb<\/p>\n<p align=\"justify\">Voir <span style=\"color: #000080;\"><u><a class=\"western\" href=\"https:\/\/www.thegatewaypundit.com\/2021\/10\/nih-silently-removes-gain-function-website-report-confirms-directors-fauci-collins-lied-congress-funding-research-china\/\" target=\"_blank\" rel=\"noopener\">la source<\/a><\/u><\/span>.<\/p>\n<p align=\"justify\">J\u2019esp\u00e8re que vous pouvez voir le jeu qui se joue ici. En d\u2019autres termes, suivez la science ! Mais uniquement la \u00ab\u00a0science\u00a0\u00bb d\u00e9cr\u00e9t\u00e9e par les tyrans de la sant\u00e9 mondiale (c\u2019est-\u00e0-dire la \u00ab\u00a0science\u00a0\u00bb qu\u2019ils fabriquent pour qu\u2019elle corresponde \u00e0 leur programme), car si vous ne le faites pas, vous \u00eates un th\u00e9oricien de la conspiration.<\/p>\n<p align=\"justify\">Texte original en anglais <a href=\"https:\/\/www.newbraveworld.org\/global-health-changing-definitions\/\" target=\"_blank\" rel=\"noopener\">https:\/\/www.newbraveworld.org\/global-health-changing-definitions\/<\/a><\/p>\n","protected":false},"excerpt":{"rendered":"<p>Traduction libre L\u2019expression \u00ab\u00a0suivre la science\u00a0\u00bb devient vide de sens lorsque la \u00ab\u00a0science\u00a0\u00bb elle-m\u00eame est manipul\u00e9e et modifi\u00e9e pour s\u2019adapter et promouvoir un programme dominant. Cet article r\u00e9capitule certaines des d\u00e9finitions qui ont \u00e9t\u00e9 modifi\u00e9es afin de correspondre au r\u00e9cit de la \u00ab\u00a0pand\u00e9mie\u00a0\u00bb. 1 \u00ab\u00a0PAND\u00c9MIE\u00a0\u00bb La plupart des gens ignorent qu\u2019un mois avant la \u00ab\u00a0pand\u00e9mie\u00a0\u00bb [&hellip;]<\/p>\n","protected":false},"author":2,"featured_media":18729,"comment_status":"closed","ping_status":"closed","sticky":false,"template":"","format":"standard","meta":{"footnotes":""},"categories":[1540,1611],"tags":[1630,1631,99,1531],"class_list":["post-18756","post","type-post","status-publish","format-standard","has-post-thumbnail","hentry","category-actualite","category-matters-ryan","tag-immunite","tag-pandemie","tag-science","tag-vaccination"],"yoast_head":"<!-- This site is optimized with the Yoast SEO plugin v27.0 - https:\/\/yoast.com\/product\/yoast-seo-wordpress\/ -->\n<title>Sant\u00e9 mondiale : Changer les d\u00e9finitions pour changer les perceptions par Ryan Matters - 3e mill\u00e9naire - Spiritualit\u00e9 - Connaissance de soi - Non-dualit\u00e9 - M\u00e9ditation<\/title>\n<meta name=\"robots\" content=\"index, follow, max-snippet:-1, max-image-preview:large, max-video-preview:-1\" \/>\n<link rel=\"canonical\" href=\"https:\/\/www.revue3emillenaire.com\/blog\/sante-mondiale-changer-les-definitions-pour-changer-les-perceptions-par-ryan-matters\/\" \/>\n<meta property=\"og:locale\" content=\"fr_FR\" \/>\n<meta property=\"og:type\" content=\"article\" \/>\n<meta property=\"og:title\" content=\"Sant\u00e9 mondiale : Changer les d\u00e9finitions pour changer les perceptions par Ryan Matters - 3e mill\u00e9naire - Spiritualit\u00e9 - Connaissance de soi - Non-dualit\u00e9 - M\u00e9ditation\" \/>\n<meta property=\"og:description\" content=\"Traduction libre L\u2019expression \u00ab\u00a0suivre la science\u00a0\u00bb devient vide de sens lorsque la \u00ab\u00a0science\u00a0\u00bb elle-m\u00eame est manipul\u00e9e et modifi\u00e9e pour s\u2019adapter et promouvoir un programme dominant. Cet article r\u00e9capitule certaines des d\u00e9finitions qui ont \u00e9t\u00e9 modifi\u00e9es afin de correspondre au r\u00e9cit de la \u00ab\u00a0pand\u00e9mie\u00a0\u00bb. 1 \u00ab\u00a0PAND\u00c9MIE\u00a0\u00bb La plupart des gens ignorent qu\u2019un mois avant la \u00ab\u00a0pand\u00e9mie\u00a0\u00bb [&hellip;]\" \/>\n<meta property=\"og:url\" content=\"https:\/\/www.revue3emillenaire.com\/blog\/sante-mondiale-changer-les-definitions-pour-changer-les-perceptions-par-ryan-matters\/\" \/>\n<meta property=\"og:site_name\" content=\"3e mill\u00e9naire - Spiritualit\u00e9 - Connaissance de soi - Non-dualit\u00e9 - M\u00e9ditation\" \/>\n<meta property=\"article:published_time\" content=\"2021-11-04T23:26:31+00:00\" \/>\n<meta property=\"article:modified_time\" content=\"2021-11-12T16:28:40+00:00\" \/>\n<meta property=\"og:image\" content=\"https:\/\/www.revue3emillenaire.com\/blog\/wp-content\/uploads\/2021\/10\/Ryan-Matters.jpg\" \/>\n\t<meta property=\"og:image:width\" content=\"586\" \/>\n\t<meta property=\"og:image:height\" content=\"128\" \/>\n\t<meta property=\"og:image:type\" content=\"image\/jpeg\" \/>\n<meta name=\"author\" content=\"3e mill\u00e9naire\" \/>\n<meta name=\"twitter:card\" content=\"summary_large_image\" \/>\n<meta name=\"twitter:label1\" content=\"\u00c9crit par\" \/>\n\t<meta name=\"twitter:data1\" content=\"3e mill\u00e9naire\" \/>\n\t<meta name=\"twitter:label2\" content=\"Dur\u00e9e de lecture estim\u00e9e\" \/>\n\t<meta name=\"twitter:data2\" content=\"4 minutes\" \/>\n<script type=\"application\/ld+json\" class=\"yoast-schema-graph\">{\"@context\":\"https:\/\/schema.org\",\"@graph\":[{\"@type\":\"Article\",\"@id\":\"https:\/\/www.revue3emillenaire.com\/blog\/sante-mondiale-changer-les-definitions-pour-changer-les-perceptions-par-ryan-matters\/#article\",\"isPartOf\":{\"@id\":\"https:\/\/www.revue3emillenaire.com\/blog\/sante-mondiale-changer-les-definitions-pour-changer-les-perceptions-par-ryan-matters\/\"},\"author\":{\"name\":\"3e mill\u00e9naire\",\"@id\":\"https:\/\/www.revue3emillenaire.com\/blog\/#\/schema\/person\/b692dacff720a5344a6190bc714397eb\"},\"headline\":\"Sant\u00e9 mondiale : Changer les d\u00e9finitions pour changer les perceptions par Ryan Matters\",\"datePublished\":\"2021-11-04T23:26:31+00:00\",\"dateModified\":\"2021-11-12T16:28:40+00:00\",\"mainEntityOfPage\":{\"@id\":\"https:\/\/www.revue3emillenaire.com\/blog\/sante-mondiale-changer-les-definitions-pour-changer-les-perceptions-par-ryan-matters\/\"},\"wordCount\":942,\"image\":{\"@id\":\"https:\/\/www.revue3emillenaire.com\/blog\/sante-mondiale-changer-les-definitions-pour-changer-les-perceptions-par-ryan-matters\/#primaryimage\"},\"thumbnailUrl\":\"https:\/\/www.revue3emillenaire.com\/blog\/wp-content\/uploads\/2021\/10\/Ryan-Matters.jpg\",\"keywords\":[\"Immunit\u00e9\",\"Pand\u00e9mie\",\"Science\",\"Vaccination\"],\"articleSection\":[\"Actualit\u00e9s\",\"Matters Ryan\"],\"inLanguage\":\"fr-FR\"},{\"@type\":\"WebPage\",\"@id\":\"https:\/\/www.revue3emillenaire.com\/blog\/sante-mondiale-changer-les-definitions-pour-changer-les-perceptions-par-ryan-matters\/\",\"url\":\"https:\/\/www.revue3emillenaire.com\/blog\/sante-mondiale-changer-les-definitions-pour-changer-les-perceptions-par-ryan-matters\/\",\"name\":\"Sant\u00e9 mondiale : Changer les d\u00e9finitions pour changer les perceptions par Ryan Matters - 3e mill\u00e9naire - Spiritualit\u00e9 - Connaissance de soi - Non-dualit\u00e9 - M\u00e9ditation\",\"isPartOf\":{\"@id\":\"https:\/\/www.revue3emillenaire.com\/blog\/#website\"},\"primaryImageOfPage\":{\"@id\":\"https:\/\/www.revue3emillenaire.com\/blog\/sante-mondiale-changer-les-definitions-pour-changer-les-perceptions-par-ryan-matters\/#primaryimage\"},\"image\":{\"@id\":\"https:\/\/www.revue3emillenaire.com\/blog\/sante-mondiale-changer-les-definitions-pour-changer-les-perceptions-par-ryan-matters\/#primaryimage\"},\"thumbnailUrl\":\"https:\/\/www.revue3emillenaire.com\/blog\/wp-content\/uploads\/2021\/10\/Ryan-Matters.jpg\",\"datePublished\":\"2021-11-04T23:26:31+00:00\",\"dateModified\":\"2021-11-12T16:28:40+00:00\",\"author\":{\"@id\":\"https:\/\/www.revue3emillenaire.com\/blog\/#\/schema\/person\/b692dacff720a5344a6190bc714397eb\"},\"breadcrumb\":{\"@id\":\"https:\/\/www.revue3emillenaire.com\/blog\/sante-mondiale-changer-les-definitions-pour-changer-les-perceptions-par-ryan-matters\/#breadcrumb\"},\"inLanguage\":\"fr-FR\",\"potentialAction\":[{\"@type\":\"ReadAction\",\"target\":[\"https:\/\/www.revue3emillenaire.com\/blog\/sante-mondiale-changer-les-definitions-pour-changer-les-perceptions-par-ryan-matters\/\"]}]},{\"@type\":\"ImageObject\",\"inLanguage\":\"fr-FR\",\"@id\":\"https:\/\/www.revue3emillenaire.com\/blog\/sante-mondiale-changer-les-definitions-pour-changer-les-perceptions-par-ryan-matters\/#primaryimage\",\"url\":\"https:\/\/www.revue3emillenaire.com\/blog\/wp-content\/uploads\/2021\/10\/Ryan-Matters.jpg\",\"contentUrl\":\"https:\/\/www.revue3emillenaire.com\/blog\/wp-content\/uploads\/2021\/10\/Ryan-Matters.jpg\",\"width\":586,\"height\":128},{\"@type\":\"BreadcrumbList\",\"@id\":\"https:\/\/www.revue3emillenaire.com\/blog\/sante-mondiale-changer-les-definitions-pour-changer-les-perceptions-par-ryan-matters\/#breadcrumb\",\"itemListElement\":[{\"@type\":\"ListItem\",\"position\":1,\"name\":\"Accueil\",\"item\":\"https:\/\/www.revue3emillenaire.com\/blog\/\"},{\"@type\":\"ListItem\",\"position\":2,\"name\":\"Sant\u00e9 mondiale : Changer les d\u00e9finitions pour changer les perceptions par Ryan Matters\"}]},{\"@type\":\"WebSite\",\"@id\":\"https:\/\/www.revue3emillenaire.com\/blog\/#website\",\"url\":\"https:\/\/www.revue3emillenaire.com\/blog\/\",\"name\":\"3e mill\u00e9naire - Spiritualit\u00e9 - Connaissance de soi - Non-dualit\u00e9 - M\u00e9ditation\",\"description\":\"L&#039;Homme en devenir\",\"potentialAction\":[{\"@type\":\"SearchAction\",\"target\":{\"@type\":\"EntryPoint\",\"urlTemplate\":\"https:\/\/www.revue3emillenaire.com\/blog\/?s={search_term_string}\"},\"query-input\":{\"@type\":\"PropertyValueSpecification\",\"valueRequired\":true,\"valueName\":\"search_term_string\"}}],\"inLanguage\":\"fr-FR\"},{\"@type\":\"Person\",\"@id\":\"https:\/\/www.revue3emillenaire.com\/blog\/#\/schema\/person\/b692dacff720a5344a6190bc714397eb\",\"name\":\"3e mill\u00e9naire\",\"url\":\"https:\/\/www.revue3emillenaire.com\/blog\/author\/scoussa\/\"}]}<\/script>\n<!-- \/ Yoast SEO plugin. -->","yoast_head_json":{"title":"Sant\u00e9 mondiale : Changer les d\u00e9finitions pour changer les perceptions par Ryan Matters - 3e mill\u00e9naire - Spiritualit\u00e9 - Connaissance de soi - Non-dualit\u00e9 - M\u00e9ditation","robots":{"index":"index","follow":"follow","max-snippet":"max-snippet:-1","max-image-preview":"max-image-preview:large","max-video-preview":"max-video-preview:-1"},"canonical":"https:\/\/www.revue3emillenaire.com\/blog\/sante-mondiale-changer-les-definitions-pour-changer-les-perceptions-par-ryan-matters\/","og_locale":"fr_FR","og_type":"article","og_title":"Sant\u00e9 mondiale : Changer les d\u00e9finitions pour changer les perceptions par Ryan Matters - 3e mill\u00e9naire - Spiritualit\u00e9 - Connaissance de soi - Non-dualit\u00e9 - M\u00e9ditation","og_description":"Traduction libre L\u2019expression \u00ab\u00a0suivre la science\u00a0\u00bb devient vide de sens lorsque la \u00ab\u00a0science\u00a0\u00bb elle-m\u00eame est manipul\u00e9e et modifi\u00e9e pour s\u2019adapter et promouvoir un programme dominant. Cet article r\u00e9capitule certaines des d\u00e9finitions qui ont \u00e9t\u00e9 modifi\u00e9es afin de correspondre au r\u00e9cit de la \u00ab\u00a0pand\u00e9mie\u00a0\u00bb. 1 \u00ab\u00a0PAND\u00c9MIE\u00a0\u00bb La plupart des gens ignorent qu\u2019un mois avant la \u00ab\u00a0pand\u00e9mie\u00a0\u00bb [&hellip;]","og_url":"https:\/\/www.revue3emillenaire.com\/blog\/sante-mondiale-changer-les-definitions-pour-changer-les-perceptions-par-ryan-matters\/","og_site_name":"3e mill\u00e9naire - Spiritualit\u00e9 - Connaissance de soi - Non-dualit\u00e9 - M\u00e9ditation","article_published_time":"2021-11-04T23:26:31+00:00","article_modified_time":"2021-11-12T16:28:40+00:00","og_image":[{"width":586,"height":128,"url":"https:\/\/www.revue3emillenaire.com\/blog\/wp-content\/uploads\/2021\/10\/Ryan-Matters.jpg","type":"image\/jpeg"}],"author":"3e mill\u00e9naire","twitter_card":"summary_large_image","twitter_misc":{"\u00c9crit par":"3e mill\u00e9naire","Dur\u00e9e de lecture estim\u00e9e":"4 minutes"},"schema":{"@context":"https:\/\/schema.org","@graph":[{"@type":"Article","@id":"https:\/\/www.revue3emillenaire.com\/blog\/sante-mondiale-changer-les-definitions-pour-changer-les-perceptions-par-ryan-matters\/#article","isPartOf":{"@id":"https:\/\/www.revue3emillenaire.com\/blog\/sante-mondiale-changer-les-definitions-pour-changer-les-perceptions-par-ryan-matters\/"},"author":{"name":"3e mill\u00e9naire","@id":"https:\/\/www.revue3emillenaire.com\/blog\/#\/schema\/person\/b692dacff720a5344a6190bc714397eb"},"headline":"Sant\u00e9 mondiale : Changer les d\u00e9finitions pour changer les perceptions par Ryan Matters","datePublished":"2021-11-04T23:26:31+00:00","dateModified":"2021-11-12T16:28:40+00:00","mainEntityOfPage":{"@id":"https:\/\/www.revue3emillenaire.com\/blog\/sante-mondiale-changer-les-definitions-pour-changer-les-perceptions-par-ryan-matters\/"},"wordCount":942,"image":{"@id":"https:\/\/www.revue3emillenaire.com\/blog\/sante-mondiale-changer-les-definitions-pour-changer-les-perceptions-par-ryan-matters\/#primaryimage"},"thumbnailUrl":"https:\/\/www.revue3emillenaire.com\/blog\/wp-content\/uploads\/2021\/10\/Ryan-Matters.jpg","keywords":["Immunit\u00e9","Pand\u00e9mie","Science","Vaccination"],"articleSection":["Actualit\u00e9s","Matters Ryan"],"inLanguage":"fr-FR"},{"@type":"WebPage","@id":"https:\/\/www.revue3emillenaire.com\/blog\/sante-mondiale-changer-les-definitions-pour-changer-les-perceptions-par-ryan-matters\/","url":"https:\/\/www.revue3emillenaire.com\/blog\/sante-mondiale-changer-les-definitions-pour-changer-les-perceptions-par-ryan-matters\/","name":"Sant\u00e9 mondiale : Changer les d\u00e9finitions pour changer les perceptions par Ryan Matters - 3e mill\u00e9naire - Spiritualit\u00e9 - Connaissance de soi - Non-dualit\u00e9 - M\u00e9ditation","isPartOf":{"@id":"https:\/\/www.revue3emillenaire.com\/blog\/#website"},"primaryImageOfPage":{"@id":"https:\/\/www.revue3emillenaire.com\/blog\/sante-mondiale-changer-les-definitions-pour-changer-les-perceptions-par-ryan-matters\/#primaryimage"},"image":{"@id":"https:\/\/www.revue3emillenaire.com\/blog\/sante-mondiale-changer-les-definitions-pour-changer-les-perceptions-par-ryan-matters\/#primaryimage"},"thumbnailUrl":"https:\/\/www.revue3emillenaire.com\/blog\/wp-content\/uploads\/2021\/10\/Ryan-Matters.jpg","datePublished":"2021-11-04T23:26:31+00:00","dateModified":"2021-11-12T16:28:40+00:00","author":{"@id":"https:\/\/www.revue3emillenaire.com\/blog\/#\/schema\/person\/b692dacff720a5344a6190bc714397eb"},"breadcrumb":{"@id":"https:\/\/www.revue3emillenaire.com\/blog\/sante-mondiale-changer-les-definitions-pour-changer-les-perceptions-par-ryan-matters\/#breadcrumb"},"inLanguage":"fr-FR","potentialAction":[{"@type":"ReadAction","target":["https:\/\/www.revue3emillenaire.com\/blog\/sante-mondiale-changer-les-definitions-pour-changer-les-perceptions-par-ryan-matters\/"]}]},{"@type":"ImageObject","inLanguage":"fr-FR","@id":"https:\/\/www.revue3emillenaire.com\/blog\/sante-mondiale-changer-les-definitions-pour-changer-les-perceptions-par-ryan-matters\/#primaryimage","url":"https:\/\/www.revue3emillenaire.com\/blog\/wp-content\/uploads\/2021\/10\/Ryan-Matters.jpg","contentUrl":"https:\/\/www.revue3emillenaire.com\/blog\/wp-content\/uploads\/2021\/10\/Ryan-Matters.jpg","width":586,"height":128},{"@type":"BreadcrumbList","@id":"https:\/\/www.revue3emillenaire.com\/blog\/sante-mondiale-changer-les-definitions-pour-changer-les-perceptions-par-ryan-matters\/#breadcrumb","itemListElement":[{"@type":"ListItem","position":1,"name":"Accueil","item":"https:\/\/www.revue3emillenaire.com\/blog\/"},{"@type":"ListItem","position":2,"name":"Sant\u00e9 mondiale : Changer les d\u00e9finitions pour changer les perceptions par Ryan Matters"}]},{"@type":"WebSite","@id":"https:\/\/www.revue3emillenaire.com\/blog\/#website","url":"https:\/\/www.revue3emillenaire.com\/blog\/","name":"3e mill\u00e9naire - Spiritualit\u00e9 - Connaissance de soi - Non-dualit\u00e9 - M\u00e9ditation","description":"L&#039;Homme en devenir","potentialAction":[{"@type":"SearchAction","target":{"@type":"EntryPoint","urlTemplate":"https:\/\/www.revue3emillenaire.com\/blog\/?s={search_term_string}"},"query-input":{"@type":"PropertyValueSpecification","valueRequired":true,"valueName":"search_term_string"}}],"inLanguage":"fr-FR"},{"@type":"Person","@id":"https:\/\/www.revue3emillenaire.com\/blog\/#\/schema\/person\/b692dacff720a5344a6190bc714397eb","name":"3e mill\u00e9naire","url":"https:\/\/www.revue3emillenaire.com\/blog\/author\/scoussa\/"}]}},"_links":{"self":[{"href":"https:\/\/www.revue3emillenaire.com\/blog\/wp-json\/wp\/v2\/posts\/18756","targetHints":{"allow":["GET"]}}],"collection":[{"href":"https:\/\/www.revue3emillenaire.com\/blog\/wp-json\/wp\/v2\/posts"}],"about":[{"href":"https:\/\/www.revue3emillenaire.com\/blog\/wp-json\/wp\/v2\/types\/post"}],"author":[{"embeddable":true,"href":"https:\/\/www.revue3emillenaire.com\/blog\/wp-json\/wp\/v2\/users\/2"}],"replies":[{"embeddable":true,"href":"https:\/\/www.revue3emillenaire.com\/blog\/wp-json\/wp\/v2\/comments?post=18756"}],"version-history":[{"count":0,"href":"https:\/\/www.revue3emillenaire.com\/blog\/wp-json\/wp\/v2\/posts\/18756\/revisions"}],"wp:featuredmedia":[{"embeddable":true,"href":"https:\/\/www.revue3emillenaire.com\/blog\/wp-json\/wp\/v2\/media\/18729"}],"wp:attachment":[{"href":"https:\/\/www.revue3emillenaire.com\/blog\/wp-json\/wp\/v2\/media?parent=18756"}],"wp:term":[{"taxonomy":"category","embeddable":true,"href":"https:\/\/www.revue3emillenaire.com\/blog\/wp-json\/wp\/v2\/categories?post=18756"},{"taxonomy":"post_tag","embeddable":true,"href":"https:\/\/www.revue3emillenaire.com\/blog\/wp-json\/wp\/v2\/tags?post=18756"}],"curies":[{"name":"wp","href":"https:\/\/api.w.org\/{rel}","templated":true}]}}