{"id":18784,"date":"2021-12-01T03:02:14","date_gmt":"2021-12-01T02:02:14","guid":{"rendered":"https:\/\/www.revue3emillenaire.com\/blog\/?p=18784"},"modified":"2021-12-01T03:02:14","modified_gmt":"2021-12-01T02:02:14","slug":"la-technologie-la-plus-dangereuse-jamais-inventee-partie-3-par-arthur-firstenberg","status":"publish","type":"post","link":"https:\/\/www.revue3emillenaire.com\/blog\/la-technologie-la-plus-dangereuse-jamais-inventee-partie-3-par-arthur-firstenberg\/","title":{"rendered":"La technologie la plus dangereuse jamais invent\u00e9e partie 3 par Arthur Firstenberg"},"content":{"rendered":"<p class=\"western\" align=\"center\"><span style=\"color: #000000;\"><span style=\"font-size: medium;\"><span lang=\"fr-FR\"><b>Troisi\u00e8me partie<\/b><\/span><\/span><\/span><\/p>\n<p class=\"western\" align=\"center\"><span style=\"color: #000000;\"><span style=\"font-size: medium;\"><span lang=\"fr-FR\"><b>LES T\u00c9L\u00c9PHONES PORTABLES SONT VOU\u00c9S \u00c0 DISPARA\u00ceTRE<\/b><\/span><\/span><\/span><\/p>\n<p class=\"western\" align=\"justify\"><span style=\"color: #000000;\"><span style=\"font-size: medium;\"><span lang=\"fr-FR\">Le jour o\u00f9 les t\u00e9l\u00e9phones portables ont \u00e9t\u00e9 mis en service \u00e0 New York, j\u2019\u00e9tais absent de chez moi pour une conf\u00e9rence juridique de trois jours. Le jour de mon retour \u00e0 la maison, j\u2019ai \u00e9t\u00e9 pris de vertiges. En l\u2019espace de quelques jours, j\u2019ai eu aussi des naus\u00e9es et des tremblements incontr\u00f4lables. J\u2019ai eu la premi\u00e8re crise d\u2019asthme de ma vie. Mes globes oculaires semblaient sortir de leur orbite, mes l\u00e8vres \u00e9taient s\u00e8ches, grasses et bouffies, j\u2019ai senti une pression dans ma poitrine et la plante des pieds me faisait mal. Je suis devenu si faible que je ne pouvais plus soulever un livre. Ma peau est devenue si sensible que je ne pouvais plus supporter d\u2019\u00eatre touch\u00e9 et je pouvais \u00e0 peine supporter mes v\u00eatements. Ma t\u00eate rugissait comme un train de marchandises. Apr\u00e8s le quatri\u00e8me jour, je ne pouvais plus ni dormir ni manger. Au cours de la sixi\u00e8me nuit, j\u2019ai eu trois spasmes au niveau du larynx. A chaque fois je ne pouvais ni inspirer ni expirer et j\u2019avais l\u2019impression d\u2019\u00eatre sur le point de mourir. J\u2019ai quitt\u00e9 la maison le lendemain matin, pour ne jamais y revenir.<\/span><\/span><\/span><\/p>\n<p class=\"western\" align=\"justify\"><span style=\"color: #000000;\"><span style=\"font-size: medium;\"><span lang=\"fr-FR\">Cela n\u2019est pas arriv\u00e9 seulement \u00e0 moi ou seulement \u00e0 quelques personnes. \u00c0 partir du 14 novembre 1996, le jour o\u00f9 Omnipoint Communications a mis en service toutes ces tours de t\u00e9l\u00e9phonie mobile, des centaines de milliers de New-Yorkais sont soudainement tomb\u00e9s malades. Beaucoup pensaient avoir une crise cardiaque, un accident vasculaire c\u00e9r\u00e9bral ou une d\u00e9pression nerveuse. Le D\u00e9partement de la Sant\u00e9 a appel\u00e9 cela une \u00e9pid\u00e9mie de grippe qui a dur\u00e9 jusqu\u2019au mois de mai suivant. Ils ne se sont m\u00eame pas demand\u00e9 pourquoi cela n\u2019avait atteint que la ville de New York, mais aucune autre ville voisine. Les statistiques hebdomadaires de mortalit\u00e9 des Centers for Disease Control ont montr\u00e9 une augmentation de 17 % dans la ville, \u00e0 partir de la semaine du 17 novembre, et pour une dur\u00e9e de 11 semaines, avec un total de 2 300 personnes d\u00e9c\u00e9d\u00e9es.<\/span><\/span><\/span><\/p>\n<p class=\"western\" align=\"justify\"><span style=\"color: #000000;\"><span style=\"font-size: medium;\"><span lang=\"fr-FR\">L\u2019\u00e9pid\u00e9mie n\u2019a frapp\u00e9 Boston que l\u2019ann\u00e9e suivante lorsque Sprint a commenc\u00e9 \u00e0 y \u00eatre en service le 12 novembre 1997. La mortalit\u00e9 a augment\u00e9 pendant 16 semaines pour atteindre 15,5 %. Elle a frapp\u00e9 San Diego lorsque Pacific Bell a commenc\u00e9 \u00e0 y \u00eatre en service le 1er novembre 1996 et a dur\u00e9 17 semaines, elle a fait augmenter la mortalit\u00e9 de 14,5%. Elle n\u2019a pas touch\u00e9 la ville proche de Los Angeles avant l\u2019\u00e9t\u00e9 suivant lorsque Pacific Bell a commenc\u00e9 \u00e0 y \u00eatre en service le 3 juillet 1997 ; la mortalit\u00e9 a augment\u00e9 de 30 % au cours des 15 semaines suivantes. Elle a frapp\u00e9 Philadelphie au printemps, lorsque Sprint a commenc\u00e9 \u00e0 y \u00eatre en service le 3 avril 1997, et Detroit \u00e0 l\u2019automne, lorsque Sprint a commenc\u00e9 \u00e0 y \u00eatre en service le 15 octobre 1997. Elle a frapp\u00e9 Jacksonville, en Floride, l\u2019automne pr\u00e9c\u00e9dent, lorsque Powertel a commenc\u00e9 \u00e0 y \u00eatre en service le 15 octobre 1996.<\/span><\/span><\/span><\/p>\n<p class=\"western\" align=\"justify\"><span style=\"color: #000000;\"><span style=\"font-size: medium;\"><span lang=\"fr-FR\">Elle a frapp\u00e9 Chicago, Milwaukee, Austin, San Antonio, Fort Worth, Houston, Atlanta, Fresno, Spokane, Portland, Sacramento, Charlotte et Tulsa, en commen\u00e7ant dans chaque ville le jour m\u00eame o\u00f9 le service de t\u00e9l\u00e9phonie portable num\u00e9rique devenait disponible dans ces villes.<\/span><\/span><\/span><\/p>\n<p class=\"western\" align=\"justify\"><span style=\"color: #000000;\"><span style=\"font-size: medium;\"><span lang=\"fr-FR\">J\u2019ai appris, en 1996, que les niveaux de puissance ne comptaient pas. Puisque le rayonnement micro-ondes m\u2019avait presque tu\u00e9 \u00e0 Brooklyn apr\u00e8s seulement six jours d\u2019exposition, j\u2019en d\u00e9duisais que les niveaux de rayonnement devaient \u00eatre extr\u00eamement \u00e9lev\u00e9s. J\u2019ai donc fait appel \u00e0 un ing\u00e9nieur professionnel, Stuart Maurer, pour proc\u00e9der chez moi \u00e0 des mesures de rayonnement \u00e0 l\u2019aide de son analyseur de spectre. J\u2019ai quitt\u00e9 ma chambre d\u2019h\u00f4tel \u00e0 la campagne et suis descendu \u00e0 New York pour le rencontrer. \u00c0 mon grand \u00e9tonnement, le niveau le plus \u00e9lev\u00e9 qu\u2019il a mesur\u00e9, o\u00f9 que ce soit dans ma maison, \u00e9tait de 0,0001 microwatt par centim\u00e8tre carr\u00e9. Il est clair que j\u2019avais encore beaucoup \u00e0 apprendre sur le rayonnement micro-ondes ; de plus, beaucoup de choses que je pensais savoir \u00e9taient fausses.<\/span><\/span><\/span><\/p>\n<p class=\"western\" align=\"justify\"><span style=\"color: #000000;\"><span style=\"font-size: medium;\"><span lang=\"fr-FR\">La m\u00eame chose se produit maintenant avec la 5G, mais cette fois-ci, au lieu de bl\u00e2mer un virus de la grippe, la soci\u00e9t\u00e9 bl\u00e2me un coronavirus. Et cette fois, \u00e7a se produit partout \u00e0 la fois au lieu de toucher les villes une par une. Le 13 octobre 2020, Verizon a publi\u00e9 un communiqu\u00e9 de presse annon\u00e7ant la disponibilit\u00e9 de son r\u00e9seau 5G \u00e0 travers les \u00c9tats-Unis et, le m\u00eame jour, Apple a publi\u00e9 un communiqu\u00e9 annon\u00e7ant le lancement de son t\u00e9l\u00e9phone 5G, l\u2019iPhone 12. Les iPhone 12 et 12 Pro ont \u00e9t\u00e9 disponibles dans les magasins le 23 octobre ; les iPhone Mini et Max ont \u00e9t\u00e9 disponibles d\u00e9but novembre. Et dans tous les \u00c9tats sauf deux, la mortalit\u00e9 a commenc\u00e9 \u00e0 augmenter soudainement la semaine du 24 octobre ou peu apr\u00e8s, mais pas plus tard que la semaine du 21 novembre. Les deux exceptions ont \u00e9t\u00e9 le Wisconsin, o\u00f9 le pic de mortalit\u00e9 a commenc\u00e9 la semaine du 17 octobre, et Hawa\u00ef, o\u00f9 le nombre de d\u00e9c\u00e8s n\u2019a pas augment\u00e9 de fa\u00e7on significative l\u2019hiver dernier. \u00c0 l\u2019\u00e9chelle nationale, la mortalit\u00e9 a augment\u00e9 en moyenne de 25 % pendant 20 semaines, et 300 000 personnes sont d\u00e9c\u00e9d\u00e9es.<\/span><\/span><\/span><\/p>\n<p class=\"western\" align=\"justify\"><span style=\"color: #000000;\"><span style=\"font-size: medium;\"><span lang=\"fr-FR\">De m\u00eame cela arrive partout \u00e0 la fois pour les oiseaux, les insectes, la faune et la flore. Un correspondant \u00e0 Knoxville, Tennessee m\u2019a \u00e9crit la semaine derni\u00e8re : \u00ab Au cours des derniers mois, j\u2019ai remarqu\u00e9 cinq bourdons sur nos fleurs et ils m\u2019ont sembl\u00e9 paralys\u00e9s. Nous avons malheureusement la 5G Ultra Wideband de Verizon tr\u00e8s pr\u00e8s de chez nous qui est seulement disponible \u00e0 l\u2019ext\u00e9rieur, et je pense que c\u2019est \u00e7a qui les touche. Nous avons amen\u00e9 quatre d\u2019entre eux dans notre maison, chacun \u00e0 des moments diff\u00e9rents ; trois des quatre se sont r\u00e9tablis au bout d\u2019environ 5 minutes, alors je les ai rel\u00e2ch\u00e9s \u00e0 l\u2019ext\u00e9rieur. Le quatri\u00e8me a mis un peu plus d\u2019une heure avant de pouvoir s\u2019envoler. \u00bb<\/span><\/span><\/span><\/p>\n<p class=\"western\" align=\"justify\"><span style=\"color: #000000;\"><span style=\"font-size: medium;\"><span lang=\"fr-FR\">Un autre observateur, \u00e0 East Dover, dans le Vermont, a \u00e9crit, il y a quelques jours: \u00ab Nous cultivons 3 acres (1,5 ha) de plants de cassis, 200 plants de myrtilles (11 vari\u00e9t\u00e9s) et quelques plants de nouvelles baies. Notre petite ferme est certifi\u00e9e biologique avec 8 acres (3,25 ha) ouverts certifi\u00e9s (dont 3 (1,5 ha) sont plant\u00e9s) ; le reste des 31 acres (12,55 ha) est bois\u00e9. Les cassissiers ont une floraison pr\u00e9coce et nos 4 vari\u00e9t\u00e9s fleurissent \u00e0 quelques jours d\u2019intervalle. Il y a vraiment beaucoup d\u2019insectes pollinisateurs diff\u00e9rents qui viennent dans les champs, dont un certain type de bourdon \u00e0 point rouge. Il est merveilleux de voir et d\u2019entendre butiner au loin tous ces insectes diff\u00e9rents.<\/span><\/span><\/span><\/p>\n<p class=\"western\" align=\"justify\"><span style=\"color: #000000;\"><span style=\"font-size: medium;\"><span lang=\"fr-FR\">\u00ab Ce printemps, alors que je marchais dans les rang\u00e9es et que j\u2019admirais les arbustes en fleur, je me suis soudain arr\u00eat\u00e9, frapp\u00e9 par le calme presque complet. Il y avait deux bourdons parmi les 2 225 buissons de cassis, leur bourdonnement \u00e9tait d\u2019autant plus perceptible que tout \u00e9tait silencieux.<\/span><\/span><\/span><\/p>\n<p class=\"western\" align=\"justify\"><span style=\"color: #000000;\"><span style=\"font-size: medium;\"><span lang=\"fr-FR\">Lorsque j\u2019en ai parl\u00e9 \u00e0 un cultivateur de pommiers de la cinqui\u00e8me g\u00e9n\u00e9ration, il m\u2019a dit que non seulement il n\u2019y avait pas de pollinisateurs cette ann\u00e9e, mais que la saison de pollinisation \u00e9tait pass\u00e9e. Par exemple, ses asperges \u00e9taient en avance de deux semaines (les n\u00f4tres aussi). Par rapport \u00e0 2020, cette ann\u00e9e nos cassissiers ont \u00e9t\u00e9 en fleur avec deux semaines d\u2019avance.<\/span><\/span><\/span><\/p>\n<p class=\"western\" align=\"justify\"><span style=\"color: #000000;\"><span style=\"font-size: medium;\"><span lang=\"fr-FR\">\u00ab Le printemps a \u00e9t\u00e9 froid et je pensais que cela retarderait la floraison. C\u2019est donc pour une autre raison que les insectes n\u2019\u00e9taient pas encore l\u00e0. Deux semaines, c\u2019est beaucoup de temps ! Les myrtilliers aussi sont g\u00e9n\u00e9ralement pr\u00e9coces et donc la succession habituelle de la floraison des diff\u00e9rentes vari\u00e9t\u00e9s a \u00e9t\u00e9 modifi\u00e9e.<\/span><\/span><\/span><\/p>\n<p class=\"western\" align=\"justify\"><span style=\"color: #000000;\"><span style=\"font-size: medium;\"><span lang=\"fr-FR\">\u00ab Le lendemain, j\u2019ai couru jusqu\u2019\u00e0 Forever Wild chez un \u00e9leveur d\u2019abeilles mellif\u00e8res o\u00f9 j\u2019ai obtenu une palette de quatre ruches. Il faisait trop froid pour que les abeilles volent, elles sont donc rest\u00e9es dans leurs ruches au milieu d\u2019une magnifique floraison de cassissiers. Apparemment, les bourdons volent lorsqu\u2019il fait moins de 50\u00b0F (10\u00b0C), mais les abeilles ont besoin d\u2019au moins 59\u00b0F (15\u00b0C). L\u2019apiculteur a d\u00e9clar\u00e9 qu\u2019elles pollinisent un quart de l\u2019\u00c9tat (Vermont) et que tous les gars du nord (principalement cultivateurs de pommiers) ont dit la m\u00eame chose : pas de pollinisateurs et en particulier pas de bourdons.<\/span><\/span><\/span><\/p>\n<p class=\"western\" align=\"justify\"><span style=\"color: #000000;\"><span style=\"font-size: medium;\"><span lang=\"fr-FR\">\u00ab Une autre curiosit\u00e9 cette ann\u00e9e a \u00e9t\u00e9 le fait que nous avons eu tr\u00e8s peu de scarab\u00e9es japonais. Cela pourrait \u00eatre d\u00fb au fait que l\u2019ann\u00e9e a \u00e9t\u00e9 extr\u00eamement humide, mais il est int\u00e9ressant de noter que les col\u00e9opt\u00e8res et les bourdons hivernent tous les deux sous terre. De plus, lorsque j\u2019ai rendu visite \u00e0 mes parents en septembre \u00e0 Concord, dans le Massachusetts, ma m\u00e8re a soulign\u00e9 que tous les ch\u00eanes avaient des taches sombres sur les feuilles. Toutes les feuilles de nos arbres ont les m\u00eames taches ici dans le sud du Vermont et surtout le h\u00eatre et le peuplier faux-tremble. J\u2019ai plant\u00e9 nos premiers plants de baies en 2014, donc je n\u2019ai pas une grande exp\u00e9rience en tant que propri\u00e9taire et gestionnaire d\u2019une ferme, mais j\u2019esp\u00e8re continuer mes observations et j\u2019ai l\u2019intention de refaire cette exp\u00e9rience avec une protection en aluminium (telle celle qui a \u00e9t\u00e9 faite par Katie Haggerty) sauf pour les cassissiers.\u00a0\u00bb<\/span><\/span><\/span><\/p>\n<p class=\"western\" align=\"justify\"><span style=\"color: #000000;\"><span style=\"font-size: medium;\"><span lang=\"fr-FR\">Une naturaliste en Gr\u00e8ce, Diana Kordas, a \u00e9crit en octobre de l\u2019\u00eele de Samos en M\u00e9diterran\u00e9e orientale :<\/span><\/span><\/span><\/p>\n<p class=\"western\" align=\"justify\"><span style=\"color: #000000;\"><span style=\"font-size: medium;\"><span lang=\"fr-FR\">Je vis \u00e0 la campagne \u00e0 quelques kilom\u00e8tres de la capitale de Samos, Vathi, qui se trouve au fond d\u2019une grande baie et en face du village touristique de Kokkari. En juillet de cet \u00e9t\u00e9 2021, une tour pilote de t\u00e9l\u00e9phonie mobile 5G a \u00e9t\u00e9 mise en service u-dessus de Kokkari. Cette tour de t\u00e9l\u00e9phonie mobile se trouve de l\u2019autre c\u00f4t\u00e9 de la baie par rapport \u00e0 nous, l\u2019un de ses deux panneaux pointe directement vers nous et se trouve \u00e0 la m\u00eame hauteur au-dessus du niveau de la mer que notre propri\u00e9t\u00e9. Elle est \u00e0 une distance d\u2019environ 6 kilom\u00e8tres.<\/span><\/span><\/span><\/p>\n<p class=\"western\" align=\"justify\"><span style=\"color: #000000;\"><span style=\"font-size: medium;\"><span lang=\"fr-FR\">\u00ab L\u00e0 o\u00f9 nous vivons, nous sommes entour\u00e9s de tours de t\u00e9l\u00e9phonie mobile et de boosters (14 au total) fonctionnant aux fr\u00e9quences 2G, 3G et 4G. Il y a eu une diminution progressive de la vie des insectes et des oiseaux au cours des derni\u00e8res ann\u00e9es, en particulier depuis 2014 lorsque la 4G est arriv\u00e9e ici. De nombreuses esp\u00e8ces sont affect\u00e9es ; nous avons perdu la derni\u00e8re des lucioles (nous en avions beaucoup) il y a deux \u00e9t\u00e9s. Cela fait des ann\u00e9es que nous n\u2019avons pas eu d\u2019insectes \u00e9cras\u00e9s sur le pare-brise de la voiture pendant que nous roulions. Mais depuis que cette tour 5G de l\u2019autre c\u00f4t\u00e9 de la baie a \u00e9t\u00e9 mise en service, nous avons perdu presque tous les pollinisateurs et bien plus encore.<\/span><\/span><\/span><\/p>\n<p class=\"western\" align=\"justify\"><span style=\"color: #000000;\"><span style=\"font-size: medium;\"><span lang=\"fr-FR\">\u00ab Au d\u00e9but de l\u2019\u00e9t\u00e9, nous avons eu un grand nombre de pollinisateurs : bourdons, abeilles, de nombreuses esp\u00e8ces d\u2019abeilles sauvages, abeilles charpenti\u00e8res, gu\u00eapes de toutes sortes et syrphes. Nous les remarquons alors que nous cultivons tous nos fruits et l\u00e9gumes. Nos r\u00e9coltes de d\u00e9but d\u2019\u00e9t\u00e9 ont \u00e9t\u00e9 pollinis\u00e9es sans probl\u00e8me, mais les melons, tomates et courgettes que nous avons plant\u00e9s d\u00e9but juillet ont donn\u00e9 tr\u00e8s peu de fruits, car ils n\u2019ont pas eu beaucoup de pollinisateurs alors qu\u2019il y avait beaucoup de fleurs. Pas une seule courgette n\u2019a \u00e9t\u00e9 pollinis\u00e9e et les tomates n\u2019ont produit que 3 fruits ; les melons (pas autant que nous l\u2019aurions imagin\u00e9) semblent avoir \u00e9t\u00e9 pollinis\u00e9s par de minuscules papillons nocturnes.<\/span><\/span><\/span><\/p>\n<p class=\"western\" align=\"justify\"><span style=\"color: #000000;\"><span style=\"font-size: medium;\"><span lang=\"fr-FR\">\u00ab Nous sommes propri\u00e9taires d\u2019un terrain de 3,5 acres (1,5 ha) ce qui est une grande propri\u00e9t\u00e9 pour l\u2019\u00eele. Il poss\u00e8de de nombreux grands arbres (pins, cypr\u00e8s, caroubiers, pistachiers sauvages, oliviers, amandiers, un bosquet d\u2019arbres \u00e0 gomme mastic extr\u00eamement rare) et quelques arbres fruitiers (abricotiers, pruniers et poiriers) ainsi que des champs d\u2019herbes et de plantes sauvages. Je dois noter ici que nous n\u2019utilisons aucun pesticide et qu\u2019aucun de nos voisins n\u2019en utilise non plus ; ainsi la plupart des terres qui nous entourent sont sauvages \u00e0 la fois en haut de la montagne et en bas jusqu\u2019\u00e0 la mer. Nos terres n\u2019ont jamais re\u00e7u de pesticides et je dirais que la m\u00eame chose est probablement vraie pour la plupart des terres qui nous entourent. Ce n\u2019est PAS un probl\u00e8me de pesticides.<\/span><\/span><\/span><\/p>\n<p class=\"western\" align=\"justify\"><span style=\"color: #000000;\"><span style=\"font-size: medium;\"><span lang=\"fr-FR\">\u00ab Nous laissons \u00e9galement nos terres aussi sauvages que possible, et \u00e0 l\u2019exception des parcelles que nous cultivons, les plantes sauvages peuvent pousser librement : herbe, fleurs (beaucoup d\u2019orchid\u00e9es) et beaucoup de fenouil sauvage. Il y a beaucoup de buissons et de haies (je ne connais pas les noms anglais de ces plantes). La plupart des arbres ont plus de 100 ans et certains des cypr\u00e8s ont plus de 300 ans.<\/span><\/span><\/span><\/p>\n<p class=\"western\" align=\"justify\"><span style=\"color: #000000;\"><span style=\"font-size: medium;\"><span lang=\"fr-FR\">\u00ab Lors de la plantation, nous avons l\u2019habitude de mettre entre les plants du basilic et des zinnias qui attirent les pollinisateurs. Nous mettons aussi des soucoupes d\u2019eau pour que les abeilles puissent boire. Nous avons g\u00e9n\u00e9ralement beaucoup d\u2019abeilles, de papillons, de syrphes, de gu\u00eapes, etc., de toutes esp\u00e8ces, et nous avions de nombreux pollinisateurs jusqu\u2019\u00e0 r\u00e9cemment. Le d\u00e9clin a commenc\u00e9 en juillet lorsque la tour a \u00e9t\u00e9 mise en service.<\/span><\/span><\/span><\/p>\n<p class=\"western\" align=\"justify\"><span style=\"color: #000000;\"><span style=\"font-size: medium;\"><span lang=\"fr-FR\">\u00ab Les abeilles et autres pollinisateurs, ainsi que la plupart des insectes ont maintenant presque tous disparu. Nous le savons pour plusieurs raisons : l\u2019une est ce que nous voyons (ou ne voyons pas) sur les parterres de l\u00e9gumes, l\u2019autre est ce que nous voyons g\u00e9n\u00e9ralement (ou ne voyons pas, c\u2019est \u00e0 dire presque rien) et le plus important est ce que nous ne voyons pas sur les caroubiers. Chaque ann\u00e9e \u00e0 cette \u00e9poque, les caroubiers m\u00e2les fleurissent abondamment et attirent des centaines de pollinisateurs : abeilles de toutes sortes, gu\u00eapes, frelons et syrphes. On ne peut pas s\u2019approcher de ces arbres sans \u00eatre conscient d\u2019un bourdonnement bruyant, les insectes s\u2019y affairent toute la journ\u00e9e. Ces arbres sont en fleur pendant environ un mois, ils sont en pleine floraison, mais, \u00e0 ce jour, il n\u2019y a pratiquement aucun insecte : ici et l\u00e0 un bourdon, une abeille, quelques frelons, quelques mouches d\u2019esp\u00e8ces diff\u00e9rentes, un couple de minuscules abeilles sauvages. Et nous v\u00e9rifions tous les jours, plusieurs fois par jour.<\/span><\/span><\/span><\/p>\n<p class=\"western\" align=\"justify\"><span style=\"color: #000000;\"><span style=\"font-size: medium;\"><span lang=\"fr-FR\">\u00ab\u00a0Ce n\u2019est pas non plus \u00e0 cause de la m\u00e9t\u00e9o. Depuis que les caroubiers sont en fleurs, nous avons eu une m\u00e9t\u00e9o changeante, des vents forts du nord aux vents du sud assez forts, entrecoup\u00e9s de nombreux jours calmes. Il a plu une fois. Les temp\u00e9ratures sont dans la moyenne saisonni\u00e8re. Vent ou pas, chaud ou frais, il n\u2019y a pratiquement pas de pollinisateurs sur les caroubiers.<\/span><\/span><\/span><\/p>\n<p class=\"western\" align=\"justify\"><span style=\"color: #000000;\"><span style=\"font-size: medium;\"><span lang=\"fr-FR\">\u00ab Un jour, nous avons \u00e9galement v\u00e9rifi\u00e9 la pr\u00e9sence d\u2019abeilles sur chaque caroubier m\u00e2le que nous pouvions trouver entre ici et Kokkari : pas une seule abeille sur les caroubiers en fleurs pas plus d\u2019ailleurs que d\u2019autres insectes, \u00e0 l\u2019exception de quelques mouches.<\/span><\/span><\/span><\/p>\n<p class=\"western\" align=\"justify\"><span style=\"color: #000000;\"><span style=\"font-size: medium;\"><span lang=\"fr-FR\">\u00ab Les caroubiers en fleurs sont un bon indicateur des pollinisateurs, car ils en attirent beaucoup. Cela est propre \u00e0 certaines plantes, telles que la joie du voyageur\/la griffe de chat \u2014 une vigne grimpante \u00e9pineuse qui a des fleurs tr\u00e8s odorantes et fleurit en cette saison (nous n\u2019y avons pas vu de pollinisateurs non plus) \u2014 et les fleurs d\u2019oignons, qui habituellement attirent tous les types possibles de gu\u00eapes et de frelons (mais pas d\u2019abeilles). Nous n\u2019avons pas de fleurs d\u2019oignons maintenant, mais dans le pass\u00e9 lorsque nous en avions, nous avions une grande quantit\u00e9 de gu\u00eapes et de frelons, y compris de nombreuses esp\u00e8ces que nous n\u2019identifions pas.<\/span><\/span><\/span><\/p>\n<p class=\"western\" align=\"justify\"><span style=\"color: #000000;\"><span style=\"font-size: medium;\"><span lang=\"fr-FR\">\u00ab Sur nos terres, au moment o\u00f9 j\u2019\u00e9cris ces lignes, nous avons perdu non seulement les abeilles, mais toutes sortes d\u2019autres insectes : des col\u00e9opt\u00e8res de toutes sortes, y compris des hannetons et des coccinelles, des araign\u00e9es tisseuses, des mantes et des papillons diurnes et nocturnes (nous observions toujours de grands nuages d\u2019agrestes (une esp\u00e8ce de papillons) sur les pins en juillet-ao\u00fbt, mais quasiment pas cette ann\u00e9e), des libellules de toutes sortes, des sauterelles et des grillons. Octobre est la saison des libellules, et nous avons actuellement le temps chaud et calme qui leur permet d\u2019arriver par milliers. Cette ann\u00e9e, nous en avons peut-\u00eatre le centi\u00e8me du nombre habituel. Nous avons quelques frelons (pas autant que d\u2019habitude), des taons (moins que d\u2019habitude) et des mouches (qui semblent de tous les insectes les moins touch\u00e9s).<\/span><\/span><\/span><\/p>\n<p class=\"western\" align=\"justify\"><span style=\"color: #000000;\"><span style=\"font-size: medium;\"><span lang=\"fr-FR\">\u00ab Nous avons encore des moustiques, mais je pense que c\u2019est parce qu\u2019ils se reproduisent dans notre citerne qui a des murs en pierre de 60 cm d\u2019\u00e9paisseur et un toit en ciment \u2013 elle est donc prot\u00e9g\u00e9e des champs \u00e9lectromagn\u00e9tiques. Les moustiques p\u00e9n\u00e8trent par le tuyau de trop-plein et de minuscules trous dans les pierres qui recouvrent les trous de drainage. Notre voisin qui a une citerne \u00e0 toit ouvert et avait des milliers de larves de moustiques dans l\u2019eau (et un gros probl\u00e8me de moustiques) plus t\u00f4t dans l\u2019\u00e9t\u00e9 n\u2019a maintenant plus de moustiques. J\u2019ai v\u00e9rifi\u00e9, il n\u2019y a plus de larves dans l\u2019eau de sa citerne.<\/span><\/span><\/span><\/p>\n<p class=\"western\" align=\"justify\"><span style=\"color: #000000;\"><span style=\"font-size: medium;\"><span lang=\"fr-FR\">\u00abJe ne peux attribuer tout cela qu\u2019\u00e0 la tour 5G, car rien d\u2019autre n\u2019explique la baisse soudaine et s\u00e9v\u00e8re du nombre d\u2019insectes ici. La tour a \u00e9t\u00e9 mise en service en juillet et les pertes que nous constatons se sont produites depuis juillet. Je pense aussi qu\u2019on assiste \u00e0 une baisse du nombre de petits rongeurs : rats, souris et campagnols. Nous ne perdons plus de fruits et l\u00e9gumes \u00e0 cause des souris ou des rats, ce qui \u00e9tait le cas auparavant. De plus, sur un terrain sauvage comme celui-ci, habituellement on voit leurs traces ou on voit des queues dispara\u00eetre dans le rayon d\u2019une torche la nuit, ou on les entend (les rats arboricoles peuvent \u00eatre assez bruyants), mais il semble qu\u2019ils aient disparu ou qu\u2019ils soient en passe de dispara\u00eetre. Mon voisin n\u2019arr\u00eate pas de trouver des rats morts, pourtant il ne les a jamais empoisonn\u00e9s et donc le poison n\u2019est pas la cause de leur mort.<\/span><\/span><\/span><\/p>\n<p class=\"western\" align=\"justify\"><span style=\"color: #000000;\"><span style=\"font-size: medium;\"><span lang=\"fr-FR\">\u00ab Nous constatons \u00e9galement des changements dans le comportement des animaux. Nous nourrissons un certain nombre de chacals dor\u00e9s qui ont des probl\u00e8mes de chasse en raison du manque d\u2019animaux sauvages dans la r\u00e9gion. La baie de Samos est \u2014 et nous par la m\u00eame occasion \u2014 d\u00e9j\u00e0 entour\u00e9e de nombreuses tours et de boosters en plus de la nouvelle tour 5G ; la faune, y compris les insectes et les oiseaux, est en d\u00e9clin depuis des ann\u00e9es. Cependant, au cours des derni\u00e8res semaines, le nombre de chacals s\u2019approchant de nous a tripl\u00e9 et ils pr\u00e9sentent des sympt\u00f4mes d\u2019anxi\u00e9t\u00e9 extr\u00eame, ils nous suivent le soir et commencent maintenant \u00e0 appara\u00eetre \u00e9galement pendant la journ\u00e9e (il s\u2019agit \u00e0 l\u2019origine d\u2019animaux nocturnes). Ce sont des animaux sauvages que nous ne traitons pas comme des animaux de compagnie, mais certains d\u2019entre eux deviennent m\u00eame collants, s\u2019approchant de nous et restant assis pendant un certain temps \u00e0 quelques m\u00e8tres de nous. Certains d\u2019entre eux, qui n\u2019\u00e9taient pas agressifs auparavant, deviennent maintenant tr\u00e8s agressifs avec d\u2019autres chacals et des combats \u00e9clatent souvent entre eux.<\/span><\/span><\/span><\/p>\n<p class=\"western\" align=\"justify\"><span style=\"color: #000000;\"><span style=\"font-size: medium;\"><span lang=\"fr-FR\">\u00ab La zone conna\u00eet \u00e9galement des probl\u00e8mes avec les sangliers qui sont \u00e9galement \u00e0 la recherche de nourriture. Nous avons eu plusieurs rencontres trop rapproch\u00e9es avec ces grands animaux dangereux (qui apparaissent \u00e9galement \u00e0 des moments o\u00f9 ils ne devraient pas, avant le coucher du soleil) et creusent de grandes portions de notre terrain la nuit. J\u2019ai \u00e9t\u00e9 charg\u00e9e par un sanglier et mon mari aussi. De nombreuses personnes les voient pendant la journ\u00e9e. Ils ont retourn\u00e9 la terre dans les jardins, les bosquets et sur les bas-c\u00f4t\u00e9s de la route. Cela ne s\u2019est jamais produit auparavant.<\/span><\/span><\/span><\/p>\n<p class=\"western\" align=\"justify\"><span style=\"color: #000000;\"><span style=\"font-size: medium;\"><span lang=\"fr-FR\">\u00ab Le nombre d\u2019oiseaux diminue. Nous avons encore un nombre assez important de m\u00e9sanges charbonni\u00e8res et de fauvettes sardes, qui s\u2019accrochent aux haies \u00e9paisses et aux grands arbres, mais nous avons perdu tous les pouillots v\u00e9loces et les pinsons. Nous avons quelques merles, mais cela fait longtemps que nous n\u2019avons vu ni grives musiciennes ni roitelets. Les rouges-gorges ne sont pas arriv\u00e9s du Grand Nord, alors qu\u2019ils auraient d\u00fb l\u2019\u00eatre maintenant. Nous avons un couple de chouettes hulottes, mais les chev\u00eaches d\u2019Ath\u00e9na ont disparu. Nous avons des geais et des corneilles, quelques tourterelles (en diminution) et des palombes, mais ils sont devenus peu nombreux ces derniers temps. Le nombre de go\u00e9lands (go\u00e9lands leucoph\u00e9es) est en baisse et les cormorans hupp\u00e9s qui \u00e9taient toujours sur la plage en contrebas de nos terres ont compl\u00e8tement disparu. Il y a maintenant moins de rapaces \u2014 nous avons des \u00e9perviers, des faucons d\u2019Eleanore, des autour, des buses et des circa\u00e8tes-jean-le-blanc (ils \u00e9vitent cette zone maintenant, mais nous les voyons ailleurs) ainsi que des corbeaux.<\/span><\/span><\/span><\/p>\n<p class=\"western\" align=\"justify\"><span style=\"color: #000000;\"><span style=\"font-size: medium;\"><span lang=\"fr-FR\">\u00ab Nous n\u2019avons vu pratiquement aucun oiseau migrateur dans cette r\u00e9gion cet automne : quelques gobe-mouches, quelques pies-gri\u00e8ches \u00e9corcheurs et un vol de mouettes pygm\u00e9es s\u2019envolant vers la mer, c\u2019est tout. Nous avons entendu, mais n\u2019avons pas vu un groupe de gu\u00eapiers qui ne s\u2019est pas arr\u00eat\u00e9 ici comme d\u2019habitude.<\/span><\/span><\/span><\/p>\n<p class=\"western\" align=\"justify\"><span style=\"color: #000000;\"><span style=\"font-size: medium;\"><span lang=\"fr-FR\">\u00ab En conclusion, les tours de t\u00e9l\u00e9phonie mobile en g\u00e9n\u00e9ral ont diminu\u00e9 le nombre d\u2019insectes et de pollinisateurs dans cette zone ainsi que le nombre d\u2019oiseaux et d\u2019animaux sauvages en g\u00e9n\u00e9ral. La nouvelle tour 5G a eu un effet d\u00e9vastateur en tr\u00e8s peu de temps, mais il est impossible d\u2019en conna\u00eetre toutes les cons\u00e9quences avant le printemps prochain au plus t\u00f4t. \u00bb<\/span><\/span><\/span><\/p>\n<p class=\"western\" align=\"justify\"><span style=\"color: #000000;\"><span style=\"font-size: medium;\"><span lang=\"fr-FR\">Ceux d\u2019entre vous qui se souviennent des pare-brise de voitures \u00e9clabouss\u00e9s d\u2019insectes, des jardins illumin\u00e9s par les couleurs des papillons et bourdonnants d\u2019abeilles, des ch\u0153urs bruyants de grillons sur terre et de grenouilles dans les \u00e9tangs, et des vols serr\u00e9s d\u2019oiseaux chantant leur joie de vivre, comprendront ce que je vais dire. Les t\u00e9l\u00e9phones portables sont vou\u00e9s \u00e0 dispara\u00eetre. Que les gens y renoncent volontairement est une autre question.<\/span><\/span><\/span><\/p>\n<p class=\"western\" align=\"justify\"><span style=\"color: #000000;\"><span style=\"font-size: medium;\"><span lang=\"fr-FR\">Si les gens renoncent volontairement \u00e0 leurs t\u00e9l\u00e9phones portables, l\u2019am\u00e9lioration soudaine et spectaculaire de la sant\u00e9 et du sentiment de bien-\u00eatre de chacun \u2014 et le retour de toutes nos esp\u00e8ces cousines perdues et en voie de disparition qui tentent toujours de partager la Terre avec nous \u2014 redonneront espoir \u00e0 l\u2019esp\u00e8ce humaine et catalyseront d\u2019autres changements qui deviendront soudainement possibles, notamment la fin de l\u2019exploitation mini\u00e8re et de l\u2019utilisation des combustibles fossiles qui convertissent l\u2019oxyg\u00e8ne de notre air en dioxyde de carbone, acidifient nos oc\u00e9ans, polluent nos rivi\u00e8res, lacs, ruisseaux, eaux souterraines et remplissent les oc\u00e9ans, les sols, l\u2019atmosph\u00e8re et nous-m\u00eames de particules de plastique.<\/span><\/span><\/span><\/p>\n<p class=\"western\" align=\"justify\"><span style=\"color: #000000;\"><span style=\"font-size: medium;\"><span lang=\"fr-FR\">Si les gens ne renoncent pas volontairement \u00e0 leurs t\u00e9l\u00e9phones portables, alors notre plan\u00e8te n\u2019a pas longtemps \u00e0 vivre et les t\u00e9l\u00e9phones portables mourront avec la Terre. Dans les deux cas, ils sont vou\u00e9s \u00e0 dispara\u00eetre. Veuillez vous joindre \u00e0 moi pour travailler \u00e0 la restauration de notre maison. Si vous ne l\u2019avez pas encore fait, signez l\u2019Appel international pour arr\u00eater la 5G sur Terre et dans l\u2019Espace. Si votre organisation a un statut de consultant aupr\u00e8s des Nations Unies et a la capacit\u00e9 de soumettre officiellement cet appel aux Nations Unies, contactez-moi. Si votre organisation s\u2019oppose \u00e0 la 5G et que vous ne l\u2019avez pas encore fait, contactez-moi \u00e0 <\/span><\/span><\/span><a class=\"western\" href=\"mailto:info@cellphonetaskforce.org\"><span style=\"color: #0000ff;\"><span style=\"font-size: medium;\"><span lang=\"fr-FR\"><u>info@cellphonetaskforce.org<\/u><\/span><\/span><\/span><\/a><span style=\"color: #000000;\"><span style=\"font-size: medium;\"><span lang=\"fr-FR\"> pour signer le m\u00e9moire d\u2019amicus soutenant notre affaire devant la Cour supr\u00eame. Veuillez t\u00e9l\u00e9charger, sauvegarder et distribuer les parties I, II et III de cette s\u00e9rie. Si vous poss\u00e9dez ou utilisez encore un t\u00e9l\u00e9phone portable, jetez-le maintenant, et si vous n\u2019avez pas de ligne fixe, procurez-vous-en une.<\/span><\/span><\/span><\/p>\n<p class=\"western\" align=\"center\"><span style=\"color: #000000;\"><span style=\"font-size: medium;\"><span lang=\"fr-FR\"><b>LES R\u00c9F\u00c9RENCES<\/b><\/span><\/span><\/span><\/p>\n<p class=\"western\" lang=\"en-US\" align=\"justify\"><span style=\"font-family: Times New Roman, serif;\"><span style=\"font-size: medium;\">Anderson, John. \u201c\u2018Isle of Wight Disease\u2019 in Bees. I.\u201d Bee World 11(4): 37-42 (1930).<\/span><\/span><\/p>\n<p class=\"western\" lang=\"en-US\" align=\"justify\"><span style=\"font-family: Times New Roman, serif;\"><span style=\"font-size: medium;\">Balmori, Alfonso. \u201cMobile Phone Mast Effects on Common Frog (Rana temporaria) Tadpole: The City Turned into a Laboratory.\u201d Electromagnetic Biology and Medicine 29: 31-35 (2010).<\/span><\/span><\/p>\n<p class=\"western\" lang=\"en-US\" align=\"justify\"><span style=\"font-family: Times New Roman, serif;\"><span style=\"font-size: medium;\">Bartoni?ek, V\u00e1clav and Eliska Klimkov\u00e1-Deutschov\u00e1. \u201cEffect of Centimeter Waves on Human Biochemistry.\u201d Casopis Leka?? Ceskych 103(1): 26-30 (in Czech). English Translation in G. L. Khazan, ed., Biological Effects of Microwaves, ATD Report P-65-68, September 17, 1965 (Washington, DC: Dept. of Commerce), pp. 13-14 (1964).<\/span><\/span><\/p>\n<p class=\"western\" lang=\"en-US\" align=\"justify\"><span style=\"font-family: Times New Roman, serif;\"><span style=\"font-size: medium;\">Bawin, S.M. and W. Ross Adey. \u201cSensitivity of Calcium Binding in Cerebral Tissue to Weak Environmental Electric Fields Oscillating at Low Frequency.\u201d Proceedings of the National Academy of Sciences USA 73(6): 1999-2003 (1976).<\/span><\/span><\/p>\n<p class=\"western\" lang=\"en-US\" align=\"justify\"><span style=\"font-family: Times New Roman, serif;\"><span style=\"font-size: medium;\">Belokrinitskiy, Vasily S. \u201cHygienic Evaluation of Biological Effects of Nonionizing Microwaves.\u201d Gigiyena i Sanitariya 1982(6): 32-34. JPRS 81865, pp. 1-5 (1982).<\/span><\/span><\/p>\n<p class=\"western\" lang=\"en-US\" align=\"justify\"><span style=\"font-family: Times New Roman, serif;\"><span style=\"font-size: medium;\">Bigu del Blanco, Jaime. Interaction of Electromagnetic Fields and Living Systems with Special Reference to Birds. Laboratory Technical Report LTR-CS-113, Control Systems Laboratory, Division of Mechanical Engineering, National Research Council Canada (1973).<\/span><\/span><\/p>\n<p class=\"western\" lang=\"en-US\" align=\"justify\"><span style=\"font-family: Times New Roman, serif;\"><span style=\"font-size: medium;\">Bigu del Blanco, Jaime and C\u00e9sar Romero-Sierra. Bird Feathers as Dielectric Receptors of Microwave Radiation. Laboratory Technical Report LTR-CS-89, Control Systems Laboratory, Division of Mechanical Engineering, National Research Council Canada (1973).<\/span><\/span><\/p>\n<p class=\"western\" lang=\"en-US\" align=\"justify\"><span style=\"font-family: Times New Roman, serif;\"><span style=\"font-size: medium;\">Blackman, Carl F., S.G. Benane, J.A. Elder, D.E. House, J.A. Lampe, and J.M. Faulk. \u201cInduction of calcium-ion efflux from brain tissue by radiofrequency radiation.\u201d Bioelectromagnetics 1:35-43 (1980).<\/span><\/span><\/p>\n<p class=\"western\" lang=\"en-US\" align=\"justify\"><span style=\"font-family: Times New Roman, serif;\"><span style=\"font-size: medium;\">Blackman, Carl F. \u201cRadiobiological approaches to electropollution.\u201d In Biological Effects of Electropollution, S. Dutta and R. Millis, eds., Information Ventures, Phila., 1986, pp. 39-46.<\/span><\/span><\/p>\n<p class=\"western\" lang=\"en-US\" align=\"justify\"><span style=\"font-family: Times New Roman, serif;\"><span style=\"font-size: medium;\">Brodeur, Paul. The Zapping of America. New York: W.W. Norton (1977).<\/span><\/span><\/p>\n<p class=\"western\" lang=\"en-US\" align=\"justify\"><span style=\"font-family: Times New Roman, serif;\"><span style=\"font-size: medium;\">Clarke, Dominic, Heather Whitney, Gregory Sutton, and Daniel Robert. \u201cDetection and Learning of Floral Electric Fields by Bumblebees.\u201d Science 340: 66-69 (2013).<\/span><\/span><\/p>\n<p class=\"western\" lang=\"en-US\" align=\"justify\"><span style=\"font-family: Times New Roman, serif;\"><span style=\"font-size: medium;\">Clarke, Dominic, Erica Morley, and Daniel Robert. \u201cThe bee, the flower, and the electric field: electric ecology and aerial electroreception.\u201d Journal of Comparative Physiology A 203: 737-748 (2017).<\/span><\/span><\/p>\n<p class=\"western\" lang=\"en-US\" align=\"justify\"><span style=\"font-family: Times New Roman, serif;\"><span style=\"font-size: medium;\">Dutta, S. et al. :Microwave radiation-induced calcium ion flux from human neuroblastoma cells: dependence on depth of amplitude modulation and exposure time.\u201d In Biological Effects of Electropollution, S. Dutta and R. Millis, eds. Information Ventures, Phila., 1986, pp. 63-69.<\/span><\/span><\/p>\n<p class=\"western\" lang=\"en-US\" align=\"justify\"><span style=\"font-family: Times New Roman, serif;\"><span style=\"font-size: medium;\">Edwards, G. S., C. C. Davis, J. D. Saffer, and M. L. Swicord. \u201cMicrowave Field-Driven Acoustic Modes in DNA.\u201d Biophysical Journal 47: 799-807 (1985).<\/span><\/span><\/p>\n<p class=\"western\" lang=\"en-US\" align=\"justify\"><span style=\"font-family: Times New Roman, serif;\"><span style=\"font-size: medium;\">Engels, Svenja, Nils-Lasse Schneider, Nele Lefeldt, Christine Maira Hein, Manuela Zapka, Andreas Michalik, Dana Elbers, Achim Kittel, P. J. Hore, and Henrik Mouritsen. \u201cAnthropogenic Electromagnetic Noise Disrupts Magnetic Compass Orientation in a Migratory Bird.\u201d Nature 509: 353-56 (2014).<\/span><\/span><\/p>\n<p class=\"western\" lang=\"en-US\" align=\"justify\"><span style=\"font-family: Times New Roman, serif;\"><span style=\"font-size: medium;\">Fink, Hans-Werner and Christian Sch\u00f6nenberger. \u201cElectrical Conduction through DNA Molecules.\u201d Nature 398: 407-410 (1999).<\/span><\/span><\/p>\n<p class=\"western\" lang=\"en-US\" align=\"justify\"><span style=\"font-family: Times New Roman, serif;\"><span style=\"font-size: medium;\">Frey, Allan H. \u201cAuditory System Response to Radio Frequency Energy.\u201d Aerospace Medicine 32: 1140-42 (1961).<\/span><\/span><\/p>\n<p class=\"western\" lang=\"en-US\" align=\"justify\"><span style=\"font-family: Times New Roman, serif;\"><span style=\"font-size: medium;\">Frey, Allan H. \u201cHuman Auditory System Response to Modulated Electromagnetic Energy.\u201d Journal of Applied Physiology 17(4): 689-92 (1962).<\/span><\/span><\/p>\n<p class=\"western\" lang=\"en-US\" align=\"justify\"><span style=\"font-family: Times New Roman, serif;\"><span style=\"font-size: medium;\">Frey, Allan H. and Elwood Seifert. \u201cPulse Modulated UHF Energy Illumination of the Heart Associated with Change in Heart Rate.\u201d Life Sciences 7 (part 2): 505-12 (1968).<\/span><\/span><\/p>\n<p class=\"western\" lang=\"en-US\" align=\"justify\"><span style=\"font-family: Times New Roman, serif;\"><span style=\"font-size: medium;\">Frey, Allan H. and Rodman Messenger, Jr. \u201cHuman Perception of Illumination with Pulsed Ultrahigh-Frequency Electromagnetic Energy.\u201d Science 181: 356-58 (1973).<\/span><\/span><\/p>\n<p class=\"western\" lang=\"en-US\" align=\"justify\"><span style=\"font-family: Times New Roman, serif;\"><span style=\"font-size: medium;\">Frey, Allan H., Sondra Feld, and Barbara Frey. \u201cNeural Function and Behavior: Defining the Relationship.\u201d Annals of the New York Academy of Sciences 247: 433-39 (1975).<\/span><\/span><\/p>\n<p class=\"western\" lang=\"en-US\" align=\"justify\"><span style=\"font-family: Times New Roman, serif;\"><span style=\"font-size: medium;\">Frey, Allan H. \u201cIs a Toxicology Model Appropriate as a Guide for Biological Research with Electromagnetic Fields?\u201d Journal of Bioelectricity 9(2): 233-234 (1990).<\/span><\/span><\/p>\n<p class=\"western\" lang=\"en-US\" align=\"justify\"><span style=\"font-family: Times New Roman, serif;\"><span style=\"font-size: medium;\">Gel&rsquo;fon, I.A. and Sadchikova, M.N. \u201cProtein fractions and histamine of the blood under the influence of UHF and HF.\u201d In The Biological Action of Ultrahigh Frequencies, A.A. Letavet and Z.V. Gordon, eds., Academy of Medical Sciences, Moscow. JPRS 12471, pp. 42-46 (1960).<\/span><\/span><\/p>\n<p class=\"western\" lang=\"en-US\" align=\"justify\"><span style=\"font-family: Times New Roman, serif;\"><span style=\"font-size: medium;\">Glaser, Zorach R. Bibliography of Reported Biological Phenomena (\u201cEffects\u201d) and Clinical Manifestations Attributed to Microwave and Radio-Frequency Radiation. Bethesda, MD: Naval Medical Research Institute. NTIS reports nos. AD 734391, AD 750271, AD 770621, AD 784007, AD A015622, AD A025354, and AD A029430 (1971-1976).<\/span><\/span><\/p>\n<p class=\"western\" lang=\"en-US\" align=\"justify\"><span style=\"font-family: Times New Roman, serif;\"><span style=\"font-size: medium;\">Glaser, Zorach R. Bibliography of Reported Biological Phenomena (\u201cEffects\u201d) and Clinical Manifestations Attributed to Microwave and Radio-Frequency Radiation: Ninth Supplement to Bibliography of Microwave and RF Biologic Effects. Cincinnati, OH: National Institute for Occupational Safety and Health. NTIS report no. PB83176537 (1977).<\/span><\/span><\/p>\n<p class=\"western\" lang=\"en-US\" align=\"justify\"><span style=\"font-family: Times New Roman, serif;\"><span style=\"font-size: medium;\">Greggers, Uwe, Gesche Koch, Viola Schmidt, et al. \u201cReception and Learning of Electric Fields in Bees.\u201d Proceedings of the Royal Society B 280: 20130528 (2013).<\/span><\/span><\/p>\n<p class=\"western\" lang=\"en-US\" align=\"justify\"><span style=\"font-family: Times New Roman, serif;\"><span style=\"font-size: medium;\">Haggerty, Katie. \u201cAdverse Influence of Radio Frequency Background on Trembling Aspen Seedlings: Preliminary Observations.\u201d International Journal of Forestry Research, article ID 836278 (2010).<\/span><\/span><\/p>\n<p class=\"western\" lang=\"en-US\" align=\"justify\"><span style=\"font-family: Times New Roman, serif;\"><span style=\"font-size: medium;\">Hallowell, C. \u201cTrouble in the Lily Pads.\u201d Time, Oct. 28, 1996, p. 87.<\/span><\/span><\/p>\n<p class=\"western\" lang=\"en-US\" align=\"justify\"><span style=\"font-family: Times New Roman, serif;\"><span style=\"font-size: medium;\">Hawk, Kathy. Case Study in the Heartland. Butler, PA, 1996.<\/span><\/span><\/p>\n<p class=\"western\" lang=\"en-US\" align=\"justify\"><span style=\"font-family: Times New Roman, serif;\"><span style=\"font-size: medium;\">Holtze, Christian, R. Sivaramakrishnan, Markus Antonietti, J. Tsuwi, Friedrich Kremer, and Klaus D. Kramer. \u201cThe microwave absorption of emulsions containing aqueous micro- and nanodroplets: A means to optimize microwave heating.\u201d Colloid and Interface Science 302: 651-657 (2006).<\/span><\/span><\/p>\n<p class=\"western\" lang=\"en-US\" align=\"justify\"><span style=\"font-family: Times New Roman, serif;\"><span style=\"font-size: medium;\">Imms, Augustus D. \u201cReport on a Disease of Bees in the Isle of Wight.\u201d Journal of the Board of Agriculture 14(3): 129-40 (1907).<\/span><\/span><\/p>\n<p class=\"western\" lang=\"en-US\" align=\"justify\"><span style=\"font-family: Times New Roman, serif;\"><span style=\"font-size: medium;\">Koh, K.H., C Montgomery, D Clarke, EL Morley and D Robert. \u201cBumble Bee Hair Motion in Electric Fields.\u201d Journal of Physics: Conference Series 1322: 012001 (2019).<\/span><\/span><\/p>\n<p class=\"western\" lang=\"en-US\" align=\"justify\"><span style=\"font-family: Times New Roman, serif;\"><span style=\"font-size: medium;\">Kordas, Diana. Comment to US Fish and Wildlife Service Concerning the Effects of a 5G Cell Tower on the Island of Samos. October 13, 2021.<\/span><\/span><\/p>\n<p class=\"western\" lang=\"en-US\" align=\"justify\"><span style=\"font-family: Times New Roman, serif;\"><span style=\"font-size: medium;\">Kordas, Diana. \u201cBirds and Trees of Northern Greece: Population Declines since the Advent of 4G Wireless An Observational Study.\u201d Oct. 5, 2017, 26 pages.<\/span><\/span><\/p>\n<p class=\"western\" lang=\"en-US\" align=\"justify\"><span style=\"font-family: Times New Roman, serif;\"><span style=\"font-size: medium;\">Kunjilwar, K.K. and Jitendra Behari. \u201cEffect of amplitude-modulated RF radiation on cholinergic system of developing rats.\u201d Brain Research 601:321-324 (1993).<\/span><\/span><\/p>\n<p class=\"western\" lang=\"en-US\" align=\"justify\"><span style=\"font-family: Times New Roman, serif;\"><span style=\"font-size: medium;\">Margaritis, Lukas H., Areti K. Manta, Konstantinos D. Kokkaliaris, et al. \u201cDrosophila Oogenesis as a Bio-marker Responding to EMF Sources.\u201d Electromagnetic Biology and Medicine 33(3): 165-189 (2014).<\/span><\/span><\/p>\n<p class=\"western\" lang=\"en-US\" align=\"justify\"><span style=\"font-family: Times New Roman, serif;\"><span style=\"font-size: medium;\">Microwave News. \u201cIndustry Pressures FCC to Adopt ANSI RF\/MW Exposure Standard.\u201d March\/April 1996, pp. 1, 11-12.<\/span><\/span><\/p>\n<p class=\"western\" lang=\"en-US\" align=\"justify\"><span style=\"font-family: Times New Roman, serif;\"><span style=\"font-size: medium;\">Microwave News. \u201cHighlights.\u201d May\/June 1995, p. 12.<\/span><\/span><\/p>\n<p class=\"western\" lang=\"en-US\" align=\"justify\"><span style=\"font-family: Times New Roman, serif;\"><span style=\"font-size: medium;\">Moore, Julie L., indexer. Cumulated Index to the Bibliography of Reported Biological Phenomena (\u201cEffects\u201d) and Clinical Manifestations Attributed to Microwave and Radio-Frequency Radiation, compiled by Zorach R. Glaser. Riverside, CA: Julie Moore &amp; Associates (1984).<\/span><\/span><\/p>\n<p class=\"western\" lang=\"en-US\" align=\"justify\"><span style=\"font-family: Times New Roman, serif;\"><span style=\"font-size: medium;\">Navakatikian, Mikhail A. and Lyudmila A. Tomashevskaya. \u201cPhasic Behavioral and Endocrine Effects of Microwaves of Nonthermal Intensity.\u201d In: David O. Carpenter and Sinerik Ayrapetyan, eds., Biological Effects of Electric and Magnetic Fields (New York: Academic), vol. 1, pp. 333-42 (1994).<\/span><\/span><\/p>\n<p class=\"western\" lang=\"en-US\" align=\"justify\"><span style=\"font-family: Times New Roman, serif;\"><span style=\"font-size: medium;\">Nieh, James C. \u201cThe Stop Signal of Honey Bees: Reconsidering Its Message.\u201d Behavioral Ecology and Sociobiology 33(1): 51-56 (1993).<\/span><\/span><\/p>\n<p class=\"western\" lang=\"en-US\" align=\"justify\"><span style=\"font-family: Times New Roman, serif;\"><span style=\"font-size: medium;\">Nikitina, Valentina N. 2001. \u201cHygienic, Clinical and Epidemiological Analysis of Disturbances Induced by Radio Frequency EMF Exposure in Human Body.\u201d In Kjell Hansson Mild, Monica Sandstrom, and Eugene Lyskov, eds., Clinical and Physiological Investigations of People Highly Exposed to Electromagnetic Fields (Ume\u00e5, Sweden: National Institute for Working life), Arbetslivsrapport 3, pp. 32-38 (2001).<\/span><\/span><\/p>\n<p class=\"western\" lang=\"en-US\" align=\"justify\"><span style=\"font-family: Times New Roman, serif;\"><span style=\"font-size: medium;\">Nittby, Henrietta, Gustav Grafstr\u00f6m, Dong Ping Tian, Lars Malmgren, Arne Brun, Bertil R.R. Persson, Leif G. Salford, and Jacob Eberhardt. \u201cCognitive Impairment in Rats after Long-Term Exposure to GSM-900 Mobile Phone Radiation.\u201d Bioelectromagnetics 29: 219-232 (2008).<\/span><\/span><\/p>\n<p class=\"western\" lang=\"en-US\" align=\"justify\"><span style=\"font-family: Times New Roman, serif;\"><span style=\"font-size: medium;\">Paffhausen, Benjamin H., Julian Petrasch, Uwe Greggers, et al. \u201cThe Electronic Bee Spy: Eavesdropping on Honeybee Communication via Electrostatic Field Recordings.\u201d Frontiers in Behavioral Neuroscience 15: 647224 (2021).<\/span><\/span><\/p>\n<p class=\"western\" lang=\"en-US\" align=\"justify\"><span style=\"font-family: Times New Roman, serif;\"><span style=\"font-size: medium;\">Panagopoulos, Dimitris J. \u201cEffect of Microwave Exposure on the Ovarian Development of Drosophila melanogaster.\u201d Cell Biochemistry and Biophysics 63: 121-132 (2012).<\/span><\/span><\/p>\n<p class=\"western\" lang=\"en-US\" align=\"justify\"><span style=\"font-family: Times New Roman, serif;\"><span style=\"font-size: medium;\">Panagopoulos, Dimitris J. \u201cAnalyzing the Health Impacts of Modern Telecommunications Microwaves.\u201d In Advances in Medicine and Biology, Leon V. Berhardt, ed., Nova Science Publishers, NY, Vol. 17, pp. 1-55 (2011).<\/span><\/span><\/p>\n<p class=\"western\" lang=\"en-US\" align=\"justify\"><span style=\"font-family: Times New Roman, serif;\"><span style=\"font-size: medium;\">Panagopoulos, Dimitris J., Evangelia D. Chavdoula, and Lukas H. Margaritis. \u201cBioeffects of Mobile Telephony Radiation in Relation to Its Intensity or Distance from the Antenna.\u201d International Journal of Radiation Biology 86(5): 345-357 (2010).<\/span><\/span><\/p>\n<p class=\"western\" lang=\"en-US\" align=\"justify\"><span style=\"font-family: Times New Roman, serif;\"><span style=\"font-size: medium;\">Panagopoulos, Dimitris J. and Lukas H. Margaritis. \u201cMobile Telephony Radiation Effects on Living Organisms.\u201d In Mobile Telephones, Networks, Applications, and Performance, A.C. Harper and R.V. Buress, eds., Nova Science Publishers, NY, pp. 107-149 (2008).<\/span><\/span><\/p>\n<p class=\"western\" lang=\"en-US\" align=\"justify\"><span style=\"font-family: Times New Roman, serif;\"><span style=\"font-size: medium;\">Panagopoulos, Dimitris J., Andreas Karabarbounis, and Lukas H. Margaritis. \u201cEffect of GSM 900-MHz Mobile Phone Radiation on the Reproductive Capacity of Drosophila melanogaster.\u201d Electromagnetic Biology and Medicine 23(1): 29-43 (2004).<\/span><\/span><\/p>\n<p class=\"western\" lang=\"en-US\" align=\"justify\"><span style=\"font-family: Times New Roman, serif;\"><span style=\"font-size: medium;\">Persson, Bertil R. R., Leif G. Salford, and Arne Brun. \u201cBlood-brain Barrier Permeability in Rats Exposed to Electromagnetic Fields Used in Wireless Communication.\u201d Wireless Networks 3: 455-61 (1997).<\/span><\/span><\/p>\n<p class=\"western\" lang=\"en-US\" align=\"justify\"><span style=\"font-family: Times New Roman, serif;\"><span style=\"font-size: medium;\">Phillips, Ernest F. \u201cThe Status of Isle of Wight Disease in Various Countries.\u201d Journal of Economic Entomology 18: 391-95 (1925).<\/span><\/span><\/p>\n<p class=\"western\" lang=\"en-US\" align=\"justify\"><span style=\"font-family: Times New Roman, serif;\"><span style=\"font-size: medium;\">Polk, Charles. \u201cImplications of Measured Electric Conductivity of DNA for Bio-effects of E.M. Fields.\u201d In Bioelectromagnetics Society Annual Meeting, June 9-16, 2000, M\u00fcnchen, Germany, Abstracts book, pp. 22-23.<\/span><\/span><\/p>\n<p class=\"western\" align=\"justify\"><span style=\"font-family: Times New Roman, serif;\"><span style=\"font-size: medium;\"><span lang=\"en-US\">Raumer, Max. \u201cHeisse Gespr\u00e4che.\u201d ZEIT Wissen, May 2006, <a class=\"western\" href=\"https:\/\/www.zeit.de\/zeit-wissen\/2006\/05\/Handy-Strahlung.xml\/komplettansicht\">https:\/\/www.zeit.de\/zeit-wissen\/2006\/05\/Handy-Strahlung.xml\/komplettansicht<\/a>.<\/span><\/span><\/span><\/p>\n<p class=\"western\" lang=\"en-US\" align=\"justify\"><span style=\"font-family: Times New Roman, serif;\"><span style=\"font-size: medium;\">Romero-Sierra, C\u00e9sar, Arthur O. Quanbury, and J. Alan Tanner. Feathers as Microwave and Infra-Red Filters and Detectors \u2014 Preliminary Experiments. Laboratory Technical Report LTR-CS-40, Control Systems Laboratory, Division of Mechanical Engineering, National Research Council Canada (1970).<\/span><\/span><\/p>\n<p class=\"western\" lang=\"en-US\" align=\"justify\"><span style=\"font-family: Times New Roman, serif;\"><span style=\"font-size: medium;\">Sadchikova, Maria N. \u201cClinical manifestations of reactions to microwave irradiation in various occupational groups.\u201d In Biologic Effects and Health Hazards of Microwave Radiation: Proceedings of an International Symposium, Warsaw, 15-18 Oct., 1973, P. Czerski et al., eds., pp. 261-267 (1974).<\/span><\/span><\/p>\n<p class=\"western\" lang=\"en-US\" align=\"justify\"><span style=\"font-family: Times New Roman, serif;\"><span style=\"font-size: medium;\">Saglioglou, Niki E., Areti K. Manta, Ioannis K. Giannarakis, Aikaterini S. Skouroliakou, and Lukas H. Margaritis. \u201cApopoptic Cell Death during Drosophila Oogenesis Is Differentially Increased by Electromagnetic Radiation Depending on Modulation, Intensity and Duration of Exposure.\u201d Electromagnetic Biology and Medicine 35(1): 40-53 (2014).<\/span><\/span><\/p>\n<p class=\"western\" lang=\"en-US\" align=\"justify\"><span style=\"font-family: Times New Roman, serif;\"><span style=\"font-size: medium;\">Sagripanti, Jose-Luis and Mays L. Swicord. \u201cDNA Structural Changes Caused by Microwave Radiation.\u201d International Journal of Radiation Biology and Related Studies in Physics, Chemistry and Medicine 50(1): 47-50 (1986).<\/span><\/span><\/p>\n<p class=\"western\" lang=\"en-US\" align=\"justify\"><span style=\"font-family: Times New Roman, serif;\"><span style=\"font-size: medium;\">Sagripanti, Jose-Luis, Mays L. Swicord, and C. C. Davis. \u201cMicrowave Effects on Plasmid DNA.\u201d Radiation Research 110(2): 219-231 (1987).<\/span><\/span><\/p>\n<p class=\"western\" lang=\"en-US\" align=\"justify\"><span style=\"font-family: Times New Roman, serif;\"><span style=\"font-size: medium;\">Salford, Leif G., Arne E. Brun, Jacob L. Eberhardt, Lars Malmgren, and Bertil R.R. Persson. \u201cNerve Cell Damage in Mammalian Brain after Exposure to Microwaves from GSM Mobile Phones.\u201d Environmental Health Perspectives 111(7): 881-83 (2003).<\/span><\/span><\/p>\n<p class=\"western\" lang=\"en-US\" align=\"justify\"><span style=\"font-family: Times New Roman, serif;\"><span style=\"font-size: medium;\">Salford, Leif G., Bertil Persson, Jacob Eberhardt, Gustav Grafstr\u00f6m, and Lars Malmgren. \u201cNon-thermal Effects of EMF upon the Mammalian Brain.\u201d Abstract for a presentation made at an international conference titled The Precautionary EMF Approach: Rationale, Legislation and Implementation, Benevento, Italy, February 2006.<\/span><\/span><\/p>\n<p class=\"western\" lang=\"en-US\" align=\"justify\"><span style=\"font-family: Times New Roman, serif;\"><span style=\"font-size: medium;\">Schwartz, Jean-Louis, Dennis E. House, and Geoffrey A.R. Mealing. \u201cExposure of Frog Hearts to CW or Amplitude-Modulated VHF Fields: Selective Efflux of Calcium Ions at 16 Hz.\u201d Bioelectromagnetics 11: 349-358 (1990).<\/span><\/span><\/p>\n<p class=\"western\" lang=\"en-US\" align=\"justify\"><span style=\"font-family: Times New Roman, serif;\"><span style=\"font-size: medium;\">Serant, Claire. \u201cA Human Science Experiment.\u201d New York Newsday, May 10, 2004.<\/span><\/span><\/p>\n<p class=\"western\" lang=\"en-US\" align=\"justify\"><span style=\"font-family: Times New Roman, serif;\"><span style=\"font-size: medium;\">Sikorski, M. and J. Bielski. \u201cDisturbances of glucose tolerance in workers exposed to electromagnetic radiation.\u201d Medycyna Pracy 47(3) 227-231 (1996) (in Polish).<\/span><\/span><\/p>\n<p class=\"western\" lang=\"en-US\" align=\"justify\"><span style=\"font-family: Times New Roman, serif;\"><span style=\"font-size: medium;\">Souder, William. \u201cAn Amphibian Horror Story.\u201d New York Newsday, Oct. 15, 1996, pp. B19, B21.<\/span><\/span><\/p>\n<p class=\"western\" lang=\"en-US\" align=\"justify\"><span style=\"font-family: Times New Roman, serif;\"><span style=\"font-size: medium;\">Souder, William. \u201cDeformed Frogs Show Rift Among Scientists.\u201d Houston Chonicle, Nov. 5, 1997, p. 4A.<\/span><\/span><\/p>\n<p class=\"western\" lang=\"en-US\" align=\"justify\"><span style=\"font-family: Times New Roman, serif;\"><span style=\"font-size: medium;\">Stern, John. \u201cSpace Aliens Stealing Our Frogs.\u201d Weekly World News, Apri 17, 1990, p. 21.<\/span><\/span><\/p>\n<p class=\"western\" lang=\"en-US\" align=\"justify\"><span style=\"font-family: Times New Roman, serif;\"><span style=\"font-size: medium;\">Sutton, Gregory P., Dominic Clarke, Erica L. Morley, and Daniel Robert. \u201cMechanosensory hairs in bumblebees (Bombus terrestris) detect weak electric fields.\u201d Proceedings of the National Academy of Sciences 113(26): 7261\u20137265 (2016).<\/span><\/span><\/p>\n<p class=\"western\" lang=\"en-US\" align=\"justify\"><span style=\"font-family: Times New Roman, serif;\"><span style=\"font-size: medium;\">Swicord, Mays L. \u201cChain-Length-Dependent Microwave Absorption of DNA.\u201d Biopolymers 22: 2513-2516 (1983).<\/span><\/span><\/p>\n<p class=\"western\" lang=\"en-US\" align=\"justify\"><span style=\"font-family: Times New Roman, serif;\"><span style=\"font-size: medium;\">Syngayevskaya, V. A. 1970. \u201cMetabolic Changes.\u201d In I. R. Petrov, ed., Influence of Microwave Radiation on the Organism of Man and Animals (Leningrad: \u201cMeditsina\u201d), in English translation, 1972 (Washington, DC: NASA), report no. TTF-708, pp. 48-60 (1970).<\/span><\/span><\/p>\n<p class=\"western\" lang=\"en-US\" align=\"justify\"><span style=\"font-family: Times New Roman, serif;\"><span style=\"font-size: medium;\">Tanner, J. Allan. \u201cEffects of Microwave Radiation on Birds.\u201d Nature 210: 636 (1966).<\/span><\/span><\/p>\n<p class=\"western\" lang=\"en-US\" align=\"justify\"><span style=\"font-family: Times New Roman, serif;\"><span style=\"font-size: medium;\">Tanner, J. Alan and C\u00e9sar Romero-Sierra. \u201cBird Feathers as Sensory Detectors of Microwave Fields.\u201d In: Stephen F. Cleary, ed., Biological Effects and Health Implications of Microwave Radiation. Symposium Proceedings (Rockville, MD: U.S. Department of Health, Education and Welfare), Publication BRH\/DBE 70-2, pp. 185-87 (1970).<\/span><\/span><\/p>\n<p class=\"western\" lang=\"en-US\" align=\"justify\"><span style=\"font-family: Times New Roman, serif;\"><span style=\"font-size: medium;\">Tanner, J. Alan, Jamie Bigue del Blanco, and C\u00e9sar Romero-Sierra. Bird Feathers as Dielectric Receptors of Microwave Radiation. Laboratory Technical Report LTR-CS-89, Control Systems Laboratory, Division of Mechanical Engineering, National Research Council Canada (1973).<\/span><\/span><\/p>\n<p class=\"western\" lang=\"en-US\" align=\"justify\"><span style=\"font-family: Times New Roman, serif;\"><span style=\"font-size: medium;\">Tanner, J. Alan and C\u00e9sar Romero-Sierra. \u201cThe Effects of Chronic Exposure to Very Low Intensity Microwave Radiation on Domestic Fowl.\u201d Journal of Bioelectricity 1(2): 195-205 (1982).<\/span><\/span><\/p>\n<p class=\"western\" lang=\"en-US\" align=\"justify\"><span style=\"font-family: Times New Roman, serif;\"><span style=\"font-size: medium;\">Trovato, E. Ramona, Director, Division of Radiation and Indoor Air, Environmental Protection Agency. Letter to Federal Communications Commission (June 19, 1995).<\/span><\/span><\/p>\n<p class=\"western\" lang=\"en-US\" align=\"justify\"><span style=\"font-family: Times New Roman, serif;\"><span style=\"font-size: medium;\">Underwood, Robyn M. and Dennis vanEngelsdorp. \u201cColony Collapse Disorder: Have We Seen This Before?\u201d Bee Culture 35(7): 13-18 (2007).<\/span><\/span><\/p>\n<p class=\"western\" lang=\"en-US\" align=\"justify\"><span style=\"font-family: Times New Roman, serif;\"><span style=\"font-size: medium;\">United States General Accounting Office. Efforts By The Environmental Protection Agency To Protect The Public From Environmental Nonionizing Radiation Exposures. CED-78-79, B-166506 (March 29, 1978).<\/span><\/span><\/p>\n<p class=\"western\" lang=\"en-US\" align=\"justify\"><span style=\"font-family: Times New Roman, serif;\"><span style=\"font-size: medium;\">United States Senate, Committee on Appropriations, 104th Congress. Departments of Veterans Affairs and Housing and Urban Development, and Independent Agencies Appropriations Bill, Report No. 104-140 (September 5, 1995).<\/span><\/span><\/p>\n<p class=\"western\" lang=\"en-US\" align=\"justify\"><span style=\"font-family: Times New Roman, serif;\"><span style=\"font-size: medium;\">U.S. Environmental Protection Agency. \u201cFederal Radiation Protection Guidance; Proposed Alternatives for Controlling Public Exposure to Radiofrequency Radiation.\u201d Notice of Proposed Recommendations, Federal Register, Vol. 51, No. 146, pp. 27318-27339 (July 30, 1986).<\/span><\/span><\/p>\n<p class=\"western\" lang=\"en-US\" align=\"justify\"><span style=\"font-family: Times New Roman, serif;\"><span style=\"font-size: medium;\">U.S. Environmental Protection Agency. \u201cFederal Radiation Protection Guidance for Public Exposure to Radiofrequency Radiation,\u201d ARP-FRL-2245-6. Advanced Notice of<\/span><\/span><\/p>\n<p class=\"western\" lang=\"en-US\" align=\"justify\"><span style=\"font-family: Times New Roman, serif;\"><span style=\"font-size: medium;\">Proposed Recommendation, Federal Register, Vol. 47, pp. 57338-57440 (Dec. 23, 1982).<\/span><\/span><\/p>\n<p class=\"western\" lang=\"en-US\" align=\"justify\"><span style=\"font-family: Times New Roman, serif;\"><span style=\"font-size: medium;\">vanEngelsdorp, Dennis, Jay D. Evans, Claude Saegerman, Chris Mullin, Eric Haubruge, Bach Kim Nguyen, Maryann Frazier, Jim Frazier, Diana Cox-Foster, Yanping Chen, Robyn Underwood, David R. Tarpy, and Jeffery S. Pettis. \u201cColony Collapse Disorder: A Descriptive Study.\u201d PLoS ONE 4(8): e6481 (2009).<\/span><\/span><\/p>\n<p class=\"western\" lang=\"en-US\" align=\"justify\"><span style=\"font-family: Times New Roman, serif;\"><span style=\"font-size: medium;\">Vogt, Amanda. \u201cMutant Frogs Spark a Mega Mystery.\u201d Chicago Tribune, August 4, 1998, sec. 7, p. 3.<\/span><\/span><\/p>\n<p class=\"western\" lang=\"en-US\" align=\"justify\"><span style=\"font-family: Times New Roman, serif;\"><span style=\"font-size: medium;\">Warnke, Ulrich. Bees, Birds and Mankind: Destroying Nature by \u201cElektrosmog\u201d (Bienen, V\u00f6gel und Menschen: Die Zerst\u00f6rung der Natur durch \u201aElektrosmog&rsquo;). Kompetenzinitiative, Stuttgart, Germany (German edition 2007; English edition 2009).<\/span><\/span><\/p>\n<p class=\"western\" lang=\"en-US\" align=\"justify\"><span style=\"font-family: Times New Roman, serif;\"><span style=\"font-size: medium;\">Watson, Traci. \u201cFrogs Falling Silent across USA.\u201d USA Today, August 12, 1998, p. 3A.<\/span><\/span><\/p>\n<p class=\"western\" lang=\"en-US\" align=\"justify\"><span style=\"font-family: Times New Roman, serif;\"><span style=\"font-size: medium;\">Wilson, William T. and Diana M. Menapace. \u201cDisappearing Disease of Honey Bees: A Survey of the United States.\u201d American Bee Journal, February, pp. 118-19; March, pp. 184-86, 217 (1979).<\/span><\/span><\/p>\n<p class=\"western\" lang=\"en-US\" align=\"justify\"><span style=\"font-family: Times New Roman, serif;\"><span style=\"font-size: medium;\">Zaret, Milton M. Investigation of Personnel Hazard Associated with Radio-Frequency Fields Encountered in Naval Operations. Office of Naval Research, Contract No. N00014-69-C-0358, ONR Identification No. NR 101-765. Dept. of the Navy, Arlington, Virginia (1971).<\/span><\/span><\/p>\n<p class=\"western\" lang=\"en-US\" align=\"justify\"><span style=\"font-family: Times New Roman, serif;\"><span style=\"font-size: medium;\">Zaret, Milton M. Hearings before the Committee on Commerce, United States Senate, Ninety-Third Congress, First Session on Public Law 90-602, Radiation Control for Health and Safety Act of 1968, Serial No. 93-24, pp. 100-113. Washington: U.S. Government Printing Office (1973).<\/span><\/span><\/p>\n<p class=\"western\" lang=\"en-US\" align=\"justify\"><span style=\"font-family: Times New Roman, serif;\"><span style=\"font-size: medium;\">Zaret, Milton M. \u201cCataracts Following Use of Microwave Ovens.\u201d New York State Journal of Medicine 74(11): 2032-2048 (1974).<\/span><\/span><\/p>\n<p class=\"western\" lang=\"en-US\" align=\"justify\"><span style=\"font-family: Times New Roman, serif;\"><span style=\"font-size: medium;\">Zaret, Milton M. \u201cSelected cases of microwave cataract in man associated with concomitant annotated pathologies.\u201d In Biologic Effects and Health Hazards of Microwave Radiation: Proceedings of an International Symposium, Warsaw, 15-18 Oct., 1973, P. Czerski et al., eds., pp. 294-301 (1974).<\/span><\/span><\/p>\n<p class=\"western\" lang=\"en-US\" align=\"justify\"><span style=\"font-family: Times New Roman, serif;\"><span style=\"font-size: medium;\">Zaret, Milton M. \u201cBlindness, Deafness and Vestibular Dysfunction in a Microwave Worker.\u201d The Eye, Ear, Nose and Throat Monthly 54: 291 (1975).<\/span><\/span><\/p>\n<p class=\"western\" align=\"center\"><span style=\"color: #000000;\"><span style=\"font-family: Times New Roman, serif;\"><span style=\"font-size: medium;\"><span lang=\"fr-FR\">Arthur Firstenberg<\/span><\/span><\/span><\/span><\/p>\n<p class=\"western\" align=\"center\"><span style=\"color: #000000;\"><span style=\"font-family: Times New Roman, serif;\"><span style=\"font-size: medium;\">Auteur, <\/span><\/span><\/span><span style=\"color: #0000ff;\"><span style=\"font-family: Times New Roman, serif;\"><span style=\"font-size: medium;\"><i>L&rsquo;arc-en-ciel invisible : une histoire de l&rsquo;\u00e9lectricit\u00e9 et de la vie<\/i><\/span><\/span><\/span><\/p>\n<p class=\"western\" align=\"center\"><span style=\"color: #000000;\"><span style=\"font-family: Times New Roman, serif;\"><span style=\"font-size: medium;\">B.P. Bo\u00eete 6216<\/span><\/span><\/span><\/p>\n<p class=\"western\" align=\"center\"><span style=\"color: #000000;\"><span style=\"font-family: Times New Roman, serif;\"><span style=\"font-size: medium;\">Santa F\u00e9, NM 87502<\/span><\/span><\/span><\/p>\n<p class=\"western\" align=\"center\"><span style=\"color: #000000;\"><span style=\"font-family: Times New Roman, serif;\"><span style=\"font-size: medium;\">Etats-Unis<\/span><\/span><\/span><\/p>\n<p class=\"western\" align=\"center\"><span style=\"color: #000000;\"><span style=\"font-family: Times New Roman, serif;\"><span style=\"font-size: medium;\">T\u00e9l\u00e9phone : +1 505-471-0129<\/span><\/span><\/span><\/p>\n<p class=\"western\" align=\"center\"><span style=\"color: #000000;\"><span style=\"font-family: Times New Roman, serif;\"><span style=\"font-size: medium;\">arthur@cellphonetaskforce.org<\/span><\/span><\/span><\/p>\n<p class=\"western\" align=\"center\"><span style=\"color: #000000;\"><span style=\"font-family: Times New Roman, serif;\"><span style=\"font-size: medium;\">27 octobre 2021<\/span><\/span><\/span><\/p>\n<p class=\"western\" align=\"center\"><span style=\"color: #000000;\"><span style=\"font-family: Times New Roman, serif;\"><span style=\"font-size: medium;\">Les 27 derni\u00e8res infolettres, dont celle-ci, sont t\u00e9l\u00e9chargeables<\/span><\/span><\/span><\/p>\n<p class=\"western\" align=\"center\"><span style=\"color: #000000;\"><span style=\"font-family: Times New Roman, serif;\"><span style=\"font-size: medium;\">pour le partage sur la page <\/span><\/span><\/span><span style=\"color: #0000ff;\"><span style=\"font-family: Times New Roman, serif;\"><span style=\"font-size: medium;\">Newsletters <\/span><\/span><\/span><span style=\"color: #000000;\"><span style=\"font-family: Times New Roman, serif;\"><span style=\"font-size: medium;\">du Cellular Phone Task Force.<\/span><\/span><\/span><\/p>\n<p class=\"western\" align=\"center\"><span style=\"color: #000000;\"><span style=\"font-family: Times New Roman, serif;\"><span style=\"font-size: medium;\">Certaines des lettres d&rsquo;information y sont \u00e9galement disponibles en<\/span><\/span><\/span><\/p>\n<p class=\"western\" align=\"center\"><span style=\"color: #000000;\"><span style=\"font-family: Times New Roman, serif;\"><span style=\"font-size: medium;\">allemand, espagnol, italien, fran\u00e7ais et norv\u00e9gien.<\/span><\/span><\/span><\/p>\n<p class=\"western\" align=\"center\"><span style=\"color: #000000;\"><span style=\"font-family: Times New Roman, serif;\"><span style=\"font-size: medium;\">Pour vous abonner, rendez-vous sur <\/span><\/span><\/span><span style=\"color: #0000ff;\"><span style=\"font-family: Times New Roman, serif;\"><span style=\"font-size: medium;\">www.cellphonetaskforce.org\/subscribe<\/span><\/span><\/span><\/p>\n","protected":false},"excerpt":{"rendered":"<p>Troisi\u00e8me partie LES T\u00c9L\u00c9PHONES PORTABLES SONT VOU\u00c9S \u00c0 DISPARA\u00ceTRE Le jour o\u00f9 les t\u00e9l\u00e9phones portables ont \u00e9t\u00e9 mis en service \u00e0 New York, j\u2019\u00e9tais absent de chez moi pour une conf\u00e9rence juridique de trois jours. Le jour de mon retour \u00e0 la maison, j\u2019ai \u00e9t\u00e9 pris de vertiges. En l\u2019espace de quelques jours, j\u2019ai eu [&hellip;]<\/p>\n","protected":false},"author":2,"featured_media":18304,"comment_status":"closed","ping_status":"closed","sticky":false,"template":"","format":"standard","meta":{"footnotes":""},"categories":[1540,1594],"tags":[],"class_list":["post-18784","post","type-post","status-publish","format-standard","has-post-thumbnail","hentry","category-actualite","category-firstenberg-arthur"],"yoast_head":"<!-- This site is optimized with the Yoast SEO plugin v27.0 - https:\/\/yoast.com\/product\/yoast-seo-wordpress\/ -->\n<title>La technologie la plus dangereuse jamais invent\u00e9e partie 3 par Arthur Firstenberg - 3e mill\u00e9naire - Spiritualit\u00e9 - Connaissance de soi - Non-dualit\u00e9 - M\u00e9ditation<\/title>\n<meta name=\"robots\" content=\"index, follow, max-snippet:-1, max-image-preview:large, max-video-preview:-1\" \/>\n<link rel=\"canonical\" href=\"https:\/\/www.revue3emillenaire.com\/blog\/la-technologie-la-plus-dangereuse-jamais-inventee-partie-3-par-arthur-firstenberg\/\" \/>\n<meta property=\"og:locale\" content=\"fr_FR\" \/>\n<meta property=\"og:type\" content=\"article\" \/>\n<meta property=\"og:title\" content=\"La technologie la plus dangereuse jamais invent\u00e9e partie 3 par Arthur Firstenberg - 3e mill\u00e9naire - Spiritualit\u00e9 - Connaissance de soi - Non-dualit\u00e9 - M\u00e9ditation\" \/>\n<meta property=\"og:description\" content=\"Troisi\u00e8me partie LES T\u00c9L\u00c9PHONES PORTABLES SONT VOU\u00c9S \u00c0 DISPARA\u00ceTRE Le jour o\u00f9 les t\u00e9l\u00e9phones portables ont \u00e9t\u00e9 mis en service \u00e0 New York, j\u2019\u00e9tais absent de chez moi pour une conf\u00e9rence juridique de trois jours. Le jour de mon retour \u00e0 la maison, j\u2019ai \u00e9t\u00e9 pris de vertiges. En l\u2019espace de quelques jours, j\u2019ai eu [&hellip;]\" \/>\n<meta property=\"og:url\" content=\"https:\/\/www.revue3emillenaire.com\/blog\/la-technologie-la-plus-dangereuse-jamais-inventee-partie-3-par-arthur-firstenberg\/\" \/>\n<meta property=\"og:site_name\" content=\"3e mill\u00e9naire - Spiritualit\u00e9 - Connaissance de soi - Non-dualit\u00e9 - M\u00e9ditation\" \/>\n<meta property=\"article:published_time\" content=\"2021-12-01T02:02:14+00:00\" \/>\n<meta property=\"og:image\" content=\"https:\/\/www.revue3emillenaire.com\/blog\/wp-content\/uploads\/2020\/12\/Arthur-Firstenberg.jpg\" \/>\n\t<meta property=\"og:image:width\" content=\"329\" \/>\n\t<meta property=\"og:image:height\" content=\"365\" \/>\n\t<meta property=\"og:image:type\" content=\"image\/jpeg\" \/>\n<meta name=\"author\" content=\"3e mill\u00e9naire\" \/>\n<meta name=\"twitter:card\" content=\"summary_large_image\" \/>\n<meta name=\"twitter:label1\" content=\"\u00c9crit par\" \/>\n\t<meta name=\"twitter:data1\" content=\"3e mill\u00e9naire\" \/>\n\t<meta name=\"twitter:label2\" content=\"Dur\u00e9e de lecture estim\u00e9e\" \/>\n\t<meta name=\"twitter:data2\" content=\"28 minutes\" \/>\n<script type=\"application\/ld+json\" class=\"yoast-schema-graph\">{\"@context\":\"https:\/\/schema.org\",\"@graph\":[{\"@type\":\"Article\",\"@id\":\"https:\/\/www.revue3emillenaire.com\/blog\/la-technologie-la-plus-dangereuse-jamais-inventee-partie-3-par-arthur-firstenberg\/#article\",\"isPartOf\":{\"@id\":\"https:\/\/www.revue3emillenaire.com\/blog\/la-technologie-la-plus-dangereuse-jamais-inventee-partie-3-par-arthur-firstenberg\/\"},\"author\":{\"name\":\"3e mill\u00e9naire\",\"@id\":\"https:\/\/www.revue3emillenaire.com\/blog\/#\/schema\/person\/b692dacff720a5344a6190bc714397eb\"},\"headline\":\"La technologie la plus dangereuse jamais invent\u00e9e partie 3 par Arthur Firstenberg\",\"datePublished\":\"2021-12-01T02:02:14+00:00\",\"mainEntityOfPage\":{\"@id\":\"https:\/\/www.revue3emillenaire.com\/blog\/la-technologie-la-plus-dangereuse-jamais-inventee-partie-3-par-arthur-firstenberg\/\"},\"wordCount\":6546,\"image\":{\"@id\":\"https:\/\/www.revue3emillenaire.com\/blog\/la-technologie-la-plus-dangereuse-jamais-inventee-partie-3-par-arthur-firstenberg\/#primaryimage\"},\"thumbnailUrl\":\"https:\/\/www.revue3emillenaire.com\/blog\/wp-content\/uploads\/2020\/12\/Arthur-Firstenberg.jpg\",\"articleSection\":[\"Actualit\u00e9s\",\"Firstenberg Arthur\"],\"inLanguage\":\"fr-FR\"},{\"@type\":\"WebPage\",\"@id\":\"https:\/\/www.revue3emillenaire.com\/blog\/la-technologie-la-plus-dangereuse-jamais-inventee-partie-3-par-arthur-firstenberg\/\",\"url\":\"https:\/\/www.revue3emillenaire.com\/blog\/la-technologie-la-plus-dangereuse-jamais-inventee-partie-3-par-arthur-firstenberg\/\",\"name\":\"La technologie la plus dangereuse jamais invent\u00e9e partie 3 par Arthur Firstenberg - 3e mill\u00e9naire - Spiritualit\u00e9 - Connaissance de soi - Non-dualit\u00e9 - M\u00e9ditation\",\"isPartOf\":{\"@id\":\"https:\/\/www.revue3emillenaire.com\/blog\/#website\"},\"primaryImageOfPage\":{\"@id\":\"https:\/\/www.revue3emillenaire.com\/blog\/la-technologie-la-plus-dangereuse-jamais-inventee-partie-3-par-arthur-firstenberg\/#primaryimage\"},\"image\":{\"@id\":\"https:\/\/www.revue3emillenaire.com\/blog\/la-technologie-la-plus-dangereuse-jamais-inventee-partie-3-par-arthur-firstenberg\/#primaryimage\"},\"thumbnailUrl\":\"https:\/\/www.revue3emillenaire.com\/blog\/wp-content\/uploads\/2020\/12\/Arthur-Firstenberg.jpg\",\"datePublished\":\"2021-12-01T02:02:14+00:00\",\"author\":{\"@id\":\"https:\/\/www.revue3emillenaire.com\/blog\/#\/schema\/person\/b692dacff720a5344a6190bc714397eb\"},\"breadcrumb\":{\"@id\":\"https:\/\/www.revue3emillenaire.com\/blog\/la-technologie-la-plus-dangereuse-jamais-inventee-partie-3-par-arthur-firstenberg\/#breadcrumb\"},\"inLanguage\":\"fr-FR\",\"potentialAction\":[{\"@type\":\"ReadAction\",\"target\":[\"https:\/\/www.revue3emillenaire.com\/blog\/la-technologie-la-plus-dangereuse-jamais-inventee-partie-3-par-arthur-firstenberg\/\"]}]},{\"@type\":\"ImageObject\",\"inLanguage\":\"fr-FR\",\"@id\":\"https:\/\/www.revue3emillenaire.com\/blog\/la-technologie-la-plus-dangereuse-jamais-inventee-partie-3-par-arthur-firstenberg\/#primaryimage\",\"url\":\"https:\/\/www.revue3emillenaire.com\/blog\/wp-content\/uploads\/2020\/12\/Arthur-Firstenberg.jpg\",\"contentUrl\":\"https:\/\/www.revue3emillenaire.com\/blog\/wp-content\/uploads\/2020\/12\/Arthur-Firstenberg.jpg\",\"width\":329,\"height\":365},{\"@type\":\"BreadcrumbList\",\"@id\":\"https:\/\/www.revue3emillenaire.com\/blog\/la-technologie-la-plus-dangereuse-jamais-inventee-partie-3-par-arthur-firstenberg\/#breadcrumb\",\"itemListElement\":[{\"@type\":\"ListItem\",\"position\":1,\"name\":\"Accueil\",\"item\":\"https:\/\/www.revue3emillenaire.com\/blog\/\"},{\"@type\":\"ListItem\",\"position\":2,\"name\":\"La technologie la plus dangereuse jamais invent\u00e9e partie 3 par Arthur Firstenberg\"}]},{\"@type\":\"WebSite\",\"@id\":\"https:\/\/www.revue3emillenaire.com\/blog\/#website\",\"url\":\"https:\/\/www.revue3emillenaire.com\/blog\/\",\"name\":\"3e mill\u00e9naire - Spiritualit\u00e9 - Connaissance de soi - Non-dualit\u00e9 - M\u00e9ditation\",\"description\":\"L&#039;Homme en devenir\",\"potentialAction\":[{\"@type\":\"SearchAction\",\"target\":{\"@type\":\"EntryPoint\",\"urlTemplate\":\"https:\/\/www.revue3emillenaire.com\/blog\/?s={search_term_string}\"},\"query-input\":{\"@type\":\"PropertyValueSpecification\",\"valueRequired\":true,\"valueName\":\"search_term_string\"}}],\"inLanguage\":\"fr-FR\"},{\"@type\":\"Person\",\"@id\":\"https:\/\/www.revue3emillenaire.com\/blog\/#\/schema\/person\/b692dacff720a5344a6190bc714397eb\",\"name\":\"3e mill\u00e9naire\",\"url\":\"https:\/\/www.revue3emillenaire.com\/blog\/author\/scoussa\/\"}]}<\/script>\n<!-- \/ Yoast SEO plugin. -->","yoast_head_json":{"title":"La technologie la plus dangereuse jamais invent\u00e9e partie 3 par Arthur Firstenberg - 3e mill\u00e9naire - Spiritualit\u00e9 - Connaissance de soi - Non-dualit\u00e9 - M\u00e9ditation","robots":{"index":"index","follow":"follow","max-snippet":"max-snippet:-1","max-image-preview":"max-image-preview:large","max-video-preview":"max-video-preview:-1"},"canonical":"https:\/\/www.revue3emillenaire.com\/blog\/la-technologie-la-plus-dangereuse-jamais-inventee-partie-3-par-arthur-firstenberg\/","og_locale":"fr_FR","og_type":"article","og_title":"La technologie la plus dangereuse jamais invent\u00e9e partie 3 par Arthur Firstenberg - 3e mill\u00e9naire - Spiritualit\u00e9 - Connaissance de soi - Non-dualit\u00e9 - M\u00e9ditation","og_description":"Troisi\u00e8me partie LES T\u00c9L\u00c9PHONES PORTABLES SONT VOU\u00c9S \u00c0 DISPARA\u00ceTRE Le jour o\u00f9 les t\u00e9l\u00e9phones portables ont \u00e9t\u00e9 mis en service \u00e0 New York, j\u2019\u00e9tais absent de chez moi pour une conf\u00e9rence juridique de trois jours. Le jour de mon retour \u00e0 la maison, j\u2019ai \u00e9t\u00e9 pris de vertiges. En l\u2019espace de quelques jours, j\u2019ai eu [&hellip;]","og_url":"https:\/\/www.revue3emillenaire.com\/blog\/la-technologie-la-plus-dangereuse-jamais-inventee-partie-3-par-arthur-firstenberg\/","og_site_name":"3e mill\u00e9naire - Spiritualit\u00e9 - Connaissance de soi - Non-dualit\u00e9 - M\u00e9ditation","article_published_time":"2021-12-01T02:02:14+00:00","og_image":[{"width":329,"height":365,"url":"https:\/\/www.revue3emillenaire.com\/blog\/wp-content\/uploads\/2020\/12\/Arthur-Firstenberg.jpg","type":"image\/jpeg"}],"author":"3e mill\u00e9naire","twitter_card":"summary_large_image","twitter_misc":{"\u00c9crit par":"3e mill\u00e9naire","Dur\u00e9e de lecture estim\u00e9e":"28 minutes"},"schema":{"@context":"https:\/\/schema.org","@graph":[{"@type":"Article","@id":"https:\/\/www.revue3emillenaire.com\/blog\/la-technologie-la-plus-dangereuse-jamais-inventee-partie-3-par-arthur-firstenberg\/#article","isPartOf":{"@id":"https:\/\/www.revue3emillenaire.com\/blog\/la-technologie-la-plus-dangereuse-jamais-inventee-partie-3-par-arthur-firstenberg\/"},"author":{"name":"3e mill\u00e9naire","@id":"https:\/\/www.revue3emillenaire.com\/blog\/#\/schema\/person\/b692dacff720a5344a6190bc714397eb"},"headline":"La technologie la plus dangereuse jamais invent\u00e9e partie 3 par Arthur Firstenberg","datePublished":"2021-12-01T02:02:14+00:00","mainEntityOfPage":{"@id":"https:\/\/www.revue3emillenaire.com\/blog\/la-technologie-la-plus-dangereuse-jamais-inventee-partie-3-par-arthur-firstenberg\/"},"wordCount":6546,"image":{"@id":"https:\/\/www.revue3emillenaire.com\/blog\/la-technologie-la-plus-dangereuse-jamais-inventee-partie-3-par-arthur-firstenberg\/#primaryimage"},"thumbnailUrl":"https:\/\/www.revue3emillenaire.com\/blog\/wp-content\/uploads\/2020\/12\/Arthur-Firstenberg.jpg","articleSection":["Actualit\u00e9s","Firstenberg Arthur"],"inLanguage":"fr-FR"},{"@type":"WebPage","@id":"https:\/\/www.revue3emillenaire.com\/blog\/la-technologie-la-plus-dangereuse-jamais-inventee-partie-3-par-arthur-firstenberg\/","url":"https:\/\/www.revue3emillenaire.com\/blog\/la-technologie-la-plus-dangereuse-jamais-inventee-partie-3-par-arthur-firstenberg\/","name":"La technologie la plus dangereuse jamais invent\u00e9e partie 3 par Arthur Firstenberg - 3e mill\u00e9naire - Spiritualit\u00e9 - Connaissance de soi - Non-dualit\u00e9 - M\u00e9ditation","isPartOf":{"@id":"https:\/\/www.revue3emillenaire.com\/blog\/#website"},"primaryImageOfPage":{"@id":"https:\/\/www.revue3emillenaire.com\/blog\/la-technologie-la-plus-dangereuse-jamais-inventee-partie-3-par-arthur-firstenberg\/#primaryimage"},"image":{"@id":"https:\/\/www.revue3emillenaire.com\/blog\/la-technologie-la-plus-dangereuse-jamais-inventee-partie-3-par-arthur-firstenberg\/#primaryimage"},"thumbnailUrl":"https:\/\/www.revue3emillenaire.com\/blog\/wp-content\/uploads\/2020\/12\/Arthur-Firstenberg.jpg","datePublished":"2021-12-01T02:02:14+00:00","author":{"@id":"https:\/\/www.revue3emillenaire.com\/blog\/#\/schema\/person\/b692dacff720a5344a6190bc714397eb"},"breadcrumb":{"@id":"https:\/\/www.revue3emillenaire.com\/blog\/la-technologie-la-plus-dangereuse-jamais-inventee-partie-3-par-arthur-firstenberg\/#breadcrumb"},"inLanguage":"fr-FR","potentialAction":[{"@type":"ReadAction","target":["https:\/\/www.revue3emillenaire.com\/blog\/la-technologie-la-plus-dangereuse-jamais-inventee-partie-3-par-arthur-firstenberg\/"]}]},{"@type":"ImageObject","inLanguage":"fr-FR","@id":"https:\/\/www.revue3emillenaire.com\/blog\/la-technologie-la-plus-dangereuse-jamais-inventee-partie-3-par-arthur-firstenberg\/#primaryimage","url":"https:\/\/www.revue3emillenaire.com\/blog\/wp-content\/uploads\/2020\/12\/Arthur-Firstenberg.jpg","contentUrl":"https:\/\/www.revue3emillenaire.com\/blog\/wp-content\/uploads\/2020\/12\/Arthur-Firstenberg.jpg","width":329,"height":365},{"@type":"BreadcrumbList","@id":"https:\/\/www.revue3emillenaire.com\/blog\/la-technologie-la-plus-dangereuse-jamais-inventee-partie-3-par-arthur-firstenberg\/#breadcrumb","itemListElement":[{"@type":"ListItem","position":1,"name":"Accueil","item":"https:\/\/www.revue3emillenaire.com\/blog\/"},{"@type":"ListItem","position":2,"name":"La technologie la plus dangereuse jamais invent\u00e9e partie 3 par Arthur Firstenberg"}]},{"@type":"WebSite","@id":"https:\/\/www.revue3emillenaire.com\/blog\/#website","url":"https:\/\/www.revue3emillenaire.com\/blog\/","name":"3e mill\u00e9naire - Spiritualit\u00e9 - Connaissance de soi - Non-dualit\u00e9 - M\u00e9ditation","description":"L&#039;Homme en devenir","potentialAction":[{"@type":"SearchAction","target":{"@type":"EntryPoint","urlTemplate":"https:\/\/www.revue3emillenaire.com\/blog\/?s={search_term_string}"},"query-input":{"@type":"PropertyValueSpecification","valueRequired":true,"valueName":"search_term_string"}}],"inLanguage":"fr-FR"},{"@type":"Person","@id":"https:\/\/www.revue3emillenaire.com\/blog\/#\/schema\/person\/b692dacff720a5344a6190bc714397eb","name":"3e mill\u00e9naire","url":"https:\/\/www.revue3emillenaire.com\/blog\/author\/scoussa\/"}]}},"_links":{"self":[{"href":"https:\/\/www.revue3emillenaire.com\/blog\/wp-json\/wp\/v2\/posts\/18784","targetHints":{"allow":["GET"]}}],"collection":[{"href":"https:\/\/www.revue3emillenaire.com\/blog\/wp-json\/wp\/v2\/posts"}],"about":[{"href":"https:\/\/www.revue3emillenaire.com\/blog\/wp-json\/wp\/v2\/types\/post"}],"author":[{"embeddable":true,"href":"https:\/\/www.revue3emillenaire.com\/blog\/wp-json\/wp\/v2\/users\/2"}],"replies":[{"embeddable":true,"href":"https:\/\/www.revue3emillenaire.com\/blog\/wp-json\/wp\/v2\/comments?post=18784"}],"version-history":[{"count":0,"href":"https:\/\/www.revue3emillenaire.com\/blog\/wp-json\/wp\/v2\/posts\/18784\/revisions"}],"wp:featuredmedia":[{"embeddable":true,"href":"https:\/\/www.revue3emillenaire.com\/blog\/wp-json\/wp\/v2\/media\/18304"}],"wp:attachment":[{"href":"https:\/\/www.revue3emillenaire.com\/blog\/wp-json\/wp\/v2\/media?parent=18784"}],"wp:term":[{"taxonomy":"category","embeddable":true,"href":"https:\/\/www.revue3emillenaire.com\/blog\/wp-json\/wp\/v2\/categories?post=18784"},{"taxonomy":"post_tag","embeddable":true,"href":"https:\/\/www.revue3emillenaire.com\/blog\/wp-json\/wp\/v2\/tags?post=18784"}],"curies":[{"name":"wp","href":"https:\/\/api.w.org\/{rel}","templated":true}]}}