{"id":18843,"date":"2022-01-22T20:39:43","date_gmt":"2022-01-22T19:39:43","guid":{"rendered":"https:\/\/www.revue3emillenaire.com\/blog\/?p=18843"},"modified":"2022-01-22T20:42:36","modified_gmt":"2022-01-22T19:42:36","slug":"tours-de-telephonie-mobile-au-fond-de-locean-par-arthur-firstenberg","status":"publish","type":"post","link":"https:\/\/www.revue3emillenaire.com\/blog\/tours-de-telephonie-mobile-au-fond-de-locean-par-arthur-firstenberg\/","title":{"rendered":"Tours de t\u00e9l\u00e9phonie mobile au fond de l\u2019oc\u00e9an par Arthur Firstenberg"},"content":{"rendered":"<p class=\"western\" align=\"justify\"><em>Traduction libre<\/em><\/p>\n<p class=\"western\" align=\"center\">Un ciel bleu au-dessus de nous,<br \/>\nUn oc\u00e9an baignant tous nos rivages,<br \/>\nUne terre si verte et ronde,<br \/>\nQui pourrait en demander plus\u00a0?<br \/>\n\u2013 Pete Seeger<\/p>\n<p class=\"western\" align=\"justify\"><span lang=\"fr-FR\"><b>En 2018, sur terre et dans l\u2019espace<\/b><\/span><span lang=\"fr-FR\">, des pr\u00e9paratifs pour d\u00e9ployer des millions d\u2019antennes \u00e9taient tr\u00e8s publiquement r\u00e9alis\u00e9s et annonc\u00e9s, pour la \u00ab\u00a05G\u00a0\u00bb, les \u00ab\u00a0villes intelligentes\u00a0\u00bb et l\u2019\u00ab\u00a0Internet des objets\u00a0\u00bb. Dans le m\u00eame temps, et sans aucune publicit\u00e9, les gouvernements, les laboratoires de recherche et les int\u00e9r\u00eats commerciaux et militaires collaboraient \u00e0 des plans visant \u00e0 cr\u00e9er des \u00ab\u00a0Oc\u00e9ans intelligents\u00a0\u00bb et l\u2019\u00ab\u00a0Internet des objets sous-marins\u00a0\u00bb (IoUT). Ils n\u2019ont pas consult\u00e9 les poissons, baleines, dauphins, pieuvres et autres habitants de ces profondeurs.<\/span><\/p>\n<p class=\"western\" align=\"justify\"><span lang=\"fr-FR\">Aux \u00c9tats-Unis, la National Science Foundation a financ\u00e9 ce qu\u2019elle a appel\u00e9 le projet SEANet. L\u2019objectif \u00e9tait de permettre une communication sans fil \u00e0 large bande de n\u2019importe quel point sur ou dans les oc\u00e9ans vers n\u2019importe quel autre endroit de la plan\u00e8te ou de l\u2019espace. L\u2019Internet des Objets Sous-marins est con\u00e7u pour permettre toutes les m\u00eames capacit\u00e9s de communication que celles fournies sur terre, y compris \u00ab\u00a0la diffusion vid\u00e9o en temps r\u00e9el sous l\u2019eau\u00a0\u00bb.<\/span><\/p>\n<p class=\"western\" align=\"justify\"><span lang=\"fr-FR\">Au cours des trois derni\u00e8res ann\u00e9es, un flot d\u2019articles a \u00e9t\u00e9 publi\u00e9 par des scientifiques et des ing\u00e9nieurs aux \u00c9tats-Unis, en Chine, au Pakistan, au Qatar, en Cor\u00e9e du Sud, en Espagne, en Australie, en Gr\u00e8ce, en Italie, en France, au Maroc, en Arabie saoudite et ailleurs. En 2020, <\/span><span style=\"font-size: medium;\"><span lang=\"fr-FR\">l\u2019<\/span><\/span><span lang=\"fr-FR\">IEEE<\/span> <span style=\"font-size: medium;\"><span lang=\"fr-FR\"><i>Internet of Things Journal<\/i><\/span><\/span><span lang=\"fr-FR\"> a publi\u00e9 un num\u00e9ro sp\u00e9cial sur l\u2019<\/span><span lang=\"fr-FR\"><i>Internet des objets pour l\u2019oc\u00e9an intelligent<\/i><\/span><span lang=\"fr-FR\">. En 2019, la revue <\/span><span lang=\"fr-FR\"><i>Sensors<\/i><\/span><span lang=\"fr-FR\"> a publi\u00e9 un num\u00e9ro sp\u00e9cial sur S<\/span><span lang=\"fr-FR\"><i>mart Ocean : Emerging Research Advances<\/i><\/span><span lang=\"fr-FR\">, <\/span><span lang=\"fr-FR\"><i>Prospects and Challenge<\/i><\/span><span lang=\"fr-FR\">s, et la m\u00eame revue publie actuellement un autre num\u00e9ro sp\u00e9cial sur l\u2019I<\/span><span lang=\"fr-FR\"><i>nternet des Objets Sous-marins<\/i><\/span><span lang=\"fr-FR\">.<\/span><\/p>\n<p class=\"western\" align=\"justify\"><span lang=\"fr-FR\">Certaines des activit\u00e9s qui sont cens\u00e9es \u00ab\u00a0n\u00e9cessiter\u00a0\u00bb cette technologie dans les oc\u00e9ans sont les suivantes :<\/span><\/p>\n<ul>\n<li>\n<p class=\"western\" align=\"justify\"><span lang=\"fr-FR\">la surveillance du changement climatique<\/span><\/p>\n<\/li>\n<li>\n<p class=\"western\" align=\"justify\"><span lang=\"fr-FR\">contr\u00f4le et suivi de la pollution<\/span><\/p>\n<\/li>\n<li>\n<p class=\"western\" align=\"justify\"><span lang=\"fr-FR\">la pr\u00e9vention des catastrophes, y compris les syst\u00e8mes d\u2019alerte aux tsunamis<\/span><\/p>\n<\/li>\n<li>\n<p class=\"western\" align=\"justify\"><span lang=\"fr-FR\">exploration des oc\u00e9ans<\/span><\/p>\n<\/li>\n<li>\n<p class=\"western\" align=\"justify\"><span lang=\"fr-FR\">la p\u00eache et l\u2019aquaculture<\/span><\/p>\n<\/li>\n<li>\n<p class=\"western\" align=\"justify\"><span lang=\"fr-FR\">exploitation des r\u00e9cifs coralliens<\/span><\/p>\n<\/li>\n<li>\n<p class=\"western\" align=\"justify\"><span lang=\"fr-FR\">surveillance des plaques tectoniques<\/span><\/p>\n<\/li>\n<li>\n<p class=\"western\" align=\"justify\"><span lang=\"fr-FR\">navigation<\/span><\/p>\n<\/li>\n<li>\n<p class=\"western\" align=\"justify\"><span lang=\"fr-FR\">commerce oc\u00e9anique mondial<\/span><\/p>\n<\/li>\n<li>\n<p class=\"western\" align=\"justify\"><span lang=\"fr-FR\">exploration et production de p\u00e9trole et de gaz<\/span><\/p>\n<\/li>\n<li>\n<p class=\"western\" align=\"justify\"><span lang=\"fr-FR\">communication et surveillance militaires<\/span><\/p>\n<\/li>\n<\/ul>\n<p class=\"western\" align=\"justify\"><span lang=\"fr-FR\">L\u2019infrastructure qui commence \u00e0 \u00eatre d\u00e9ploy\u00e9e, dans tous les oc\u00e9ans, comprend :<\/span><\/p>\n<ul>\n<li>\n<p class=\"western\" align=\"justify\"><span lang=\"fr-FR\">des capteurs et des antennes (\u00ab\u00a0n\u0153uds\u00a0\u00bb) au fond de l\u2019oc\u00e9an<\/span><\/p>\n<\/li>\n<li>\n<p class=\"western\" align=\"justify\"><span lang=\"fr-FR\">des n\u0153uds \u00e0 diff\u00e9rentes profondeurs<\/span><\/p>\n<\/li>\n<li>\n<p class=\"western\" align=\"justify\"><span lang=\"fr-FR\">n\u0153uds de surface<\/span><\/p>\n<\/li>\n<li>\n<p class=\"western\" align=\"justify\"><span lang=\"fr-FR\">des antennes relais \u00e0 diff\u00e9rentes profondeurs pour transmettre les donn\u00e9es verticalement du fond de l\u2019oc\u00e9an \u00e0 la surface de l\u2019oc\u00e9an, et horizontalement entre les n\u0153uds.<\/span><\/p>\n<\/li>\n<li>\n<p class=\"western\" align=\"justify\"><span lang=\"fr-FR\">V\u00e9hicules sous-marins autonomes (AUV)<\/span><\/p>\n<\/li>\n<li>\n<p class=\"western\" align=\"justify\"><span lang=\"fr-FR\">V\u00e9hicules de surface autonomes (ASV)<\/span><\/p>\n<\/li>\n<li>\n<p class=\"western\" align=\"justify\"><span lang=\"fr-FR\">robots sous-marins<\/span><\/p>\n<\/li>\n<li>\n<p class=\"western\" align=\"justify\"><span lang=\"fr-FR\">bou\u00e9es de surface sans fil<\/span><\/p>\n<\/li>\n<li>\n<p class=\"western\" align=\"justify\"><span lang=\"fr-FR\">bateaux et navires intelligents<\/span><\/p>\n<\/li>\n<li>\n<p class=\"western\" align=\"justify\"><span lang=\"fr-FR\">sous-marins intelligents<\/span><\/p>\n<\/li>\n<li>\n<p class=\"western\" align=\"justify\"><span lang=\"fr-FR\">rivages intelligents<\/span><\/p>\n<\/li>\n<\/ul>\n<p class=\"western\" align=\"justify\"><span lang=\"fr-FR\">La communication \u00e9tant plus difficile \u00e0 r\u00e9aliser sous l\u2019eau que dans l\u2019air, et plus sujette aux interf\u00e9rences, plusieurs types de moyens de communication sont utilis\u00e9s dans les oc\u00e9ans pour envoyer des donn\u00e9es \u00e0 diff\u00e9rentes vitesses et sur diff\u00e9rentes distances. Les ondes acoustiques, les ondes radio, les lasers, la lumi\u00e8re <\/span><span lang=\"fr-FR\">DEL<\/span><span lang=\"fr-FR\"> et l\u2019induction magn\u00e9tique sont tous utilis\u00e9s pour inonder les oc\u00e9ans de donn\u00e9es. Un syst\u00e8me GPS sous-marin est en cours de d\u00e9veloppement. La plupart de ces moyens ne fonctionnent que pour les communications \u00e0 courte et moyenne port\u00e9e. La communication \u00e0 longue port\u00e9e repose sur les ondes acoustiques, et est similaire \u00e0 la technologie utilis\u00e9e dans les sonars oc\u00e9aniques.<\/span><\/p>\n<p class=\"western\" align=\"justify\"><a href=\"https:\/\/www.revue3emillenaire.com\/blog\/wp-content\/uploads\/2022\/01\/Tours.jpg\"><img loading=\"lazy\" decoding=\"async\" class=\"aligncenter size-full wp-image-18844\" src=\"https:\/\/www.revue3emillenaire.com\/blog\/wp-content\/uploads\/2022\/01\/Tours.jpg\" alt=\"\" width=\"550\" height=\"290\" srcset=\"https:\/\/www.revue3emillenaire.com\/blog\/wp-content\/uploads\/2022\/01\/Tours.jpg 550w, https:\/\/www.revue3emillenaire.com\/blog\/wp-content\/uploads\/2022\/01\/Tours-300x158.jpg 300w\" sizes=\"auto, (max-width: 550px) 100vw, 550px\" \/><\/a><\/p>\n<p class=\"western\" align=\"justify\"><span lang=\"fr-FR\">Ces technologies sont d\u00e9j\u00e0 commercialis\u00e9es et install\u00e9es dans les oc\u00e9ans du monde entier aujourd\u2019hui. <\/span><span lang=\"fr-FR\">\u00c0<\/span><span lang=\"fr-FR\"> la conf\u00e9rence internationale <\/span><span lang=\"fr-FR\">d\u2019Oc\u00e9anologie<\/span><span lang=\"fr-FR\"> 2022, qui se tiendra \u00e0 Londres du 15 au 17 mars, des dizaines de ces entreprises exposeront leurs produits.<\/span><\/p>\n<p class=\"western\" align=\"justify\"><span lang=\"fr-FR\">WaterLinked vend la technologie des capteurs sous-marins par l\u2019interm\u00e9diaire de distributeurs dans le monde entier pour une utilisation en aquaculture, et en navigation sous-marine. \u00ab\u00a0Notre technologie Wireless Sense\u2122 permet une communication sans fil fiable et des solutions innovantes de capteurs sous-marins\u00a0\u00bb, indique leur site web.<\/span><\/p>\n<p class=\"western\" align=\"justify\"><span lang=\"fr-FR\">EvoLogics vend des modems acoustiques sous-marins, \u00e0 moyenne et longue port\u00e9e, qui \u00ab\u00a0assurent une communication num\u00e9rique en duplex int\u00e9gral\u00a0\u00bb.<\/span><\/p>\n<p class=\"western\" align=\"justify\"><span lang=\"fr-FR\">SonarDyne International vend des modems acoustiques sous-marins \u00e0 l\u2019industrie p\u00e9troli\u00e8re et gazi\u00e8re ainsi qu\u2019aux gouvernements et aux marines.<\/span><\/p>\n<p class=\"western\" align=\"justify\"><span lang=\"fr-FR\">Voyis vend des scanners laser sous-marins \u00e0 courte et longue port\u00e9e.<\/span><\/p>\n<p class=\"western\" align=\"justify\"><span lang=\"fr-FR\">GeoSpectrum vend des \u00ab\u00a0syst\u00e8mes acoustiques int\u00e9gr\u00e9s de bout en bout\u00a0\u00bb pour l\u2019exploration p\u00e9troli\u00e8re et gazi\u00e8re et \u00e0 des fins militaires.<\/span><\/p>\n<p class=\"western\" align=\"justify\"><span lang=\"fr-FR\">Dynautics vend des v\u00e9hicules sous-marins autonomes (AUV).<\/span><\/p>\n<p class=\"western\" align=\"justify\"><span lang=\"fr-FR\">Seaber vend des \u00ab\u00a0micro-AUV sur \u00e9tag\u00e8re\u00a0\u00bb.<\/span><\/p>\n<p class=\"western\" align=\"justify\"><span lang=\"fr-FR\">Hydromea commercialise \u00ab\u00a0le tout premier drone sous-marin sans fil\u00a0\u00bb.<\/span><\/p>\n<p class=\"western\" align=\"justify\"><span lang=\"fr-FR\">Mediterraneo Se\u00f1ales Maritimas vend des \u00ab\u00a0bou\u00e9es de donn\u00e9es qui int\u00e8grent des capteurs \u00e0 travers notre enregistreur de donn\u00e9es afin que les donn\u00e9es puissent \u00eatre transmises \u00e0 une station distante et affich\u00e9es sur notre logiciel\u00a0\u00bb.<\/span><\/p>\n<p class=\"western\" align=\"justify\"><span lang=\"fr-FR\">3D at Depth, Inc. \u00ab\u00a0fournit des syst\u00e8mes laser sous-marins avanc\u00e9s LIDAR.\u00a0\u00bb<\/span><\/p>\n<p class=\"western\" align=\"justify\"><span lang=\"fr-FR\">Teledyne Marine vend des planeurs sous-marins autonomes, des v\u00e9hicules sous-marins autonomes (\u00ab\u00a0sous-marins robots sans \u00e9quipage\u00a0\u00bb) et des \u00ab\u00a0syst\u00e8mes laser pour la plong\u00e9e sous-marine en eaux peu profondes et profondes\u00a0\u00bb.<\/span><\/p>\n<p class=\"western\" align=\"justify\"><span lang=\"fr-FR\">\u00ab\u00a0Les robots sous-marins essaiment l\u2019oc\u00e9an\u00a0\u00bb, peut-on lire sur une page du site web de l\u2019Institut oc\u00e9anographique Woods Hole. L\u2019institut a mis au point un syst\u00e8me de navigation acoustique qui permet \u00e0 un grand nombre de robots sous-marins de travailler ensemble. \u00ab\u00a0Au lieu d\u2019utiliser un seul robot sous-marin, plus grand et plus co\u00fbteux, pour couvrir une zone de l\u2019oc\u00e9an, nous voulons avoir des centaines, voire des milliers de robots plus petits et moins co\u00fbteux qui peuvent tous travailler de mani\u00e8re synchronis\u00e9e\u00a0\u00bb, indique leur page web.<\/span><\/p>\n<p class=\"western\" align=\"justify\"><span lang=\"fr-FR\">Les organisations de protection des oc\u00e9ans m\u00e8nent depuis longtemps des campagnes contre la pollution sonore des oc\u00e9ans, mais elles commencent seulement \u00e0 prendre conscience de ce nouveau type d\u2019agression, qui a le potentiel d\u2019\u00e9clipser toutes les agressions sonores pr\u00e9c\u00e9dentes par sa port\u00e9e et son ampleur. Par exemple, l\u2019une des campagnes de l\u2019organisation environnementale Sea Shepherd s\u2019intitule \u00ab\u00a0Silencing the Deafening Roar of Ocean Noise Pollution <\/span><span lang=\"fr-FR\">(Faire taire le grondement assourdissant de la pollution sonore des oc\u00e9ans)<\/span><span lang=\"fr-FR\">\u00a0\u00bb. Ils \u00e9crivent :<\/span><\/p>\n<p class=\"western\" align=\"justify\"><span lang=\"fr-FR\">\u00ab\u00a0En 1953, Jacques Cousteau a publi\u00e9 un m\u00e9moire classique sur ses premiers jours d\u2019exploration sous-marine. Il a intitul\u00e9 ce livre <\/span><span lang=\"fr-FR\"><i>Le Monde du Silence<\/i><\/span><span lang=\"fr-FR\">. Aujourd\u2019hui, les activit\u00e9s humaines tournent ce titre en d\u00e9rision. Au cours des derni\u00e8res d\u00e9cennies, la pollution sonore marine a augment\u00e9 \u00e0 un rythme exponentiel. Le bruit du trafic maritime double chaque d\u00e9cennie. L\u2019e<\/span><span lang=\"fr-FR\">nfoncement<\/span><span lang=\"fr-FR\"> de pieux, le dragage, les sonars et l\u2019exploration sismique pour le p\u00e9trole et le gaz ajoutent \u00e0 la cacophonie. Pour la faune marine, et en particulier pour les c\u00e9tac\u00e9s sensibles \u00e0 l\u2019acoustique, ce vacarme anthropique constitue une menace grave et croissante. La pollution sonore des oc\u00e9ans provoque un stress important, des changements de comportement, un masquage (c\u2019est-\u00e0-dire une difficult\u00e9 \u00e0 percevoir les sons naturels importants), des \u00e9chouages et une perte de sensibilit\u00e9 auditive induite par le bruit.\u00a0\u00bb<\/span><\/p>\n<p class=\"western\" align=\"justify\"><span lang=\"fr-FR\">\u00c0 ce m\u00e9lange s\u2019ajoute d\u00e9sormais l\u2019Internet des Objets Sous-marins, qui commence \u00e0 inonder les oc\u00e9ans de son afin de les connecter \u00e0 l\u2019Internet. Et ce son sera modul\u00e9 par impulsions avec les m\u00eames fr\u00e9quences nocives que les ondes radio afin de transporter les m\u00eames donn\u00e9es. Et pour communiquer sur de grandes distances, certains des modems acoustiques sous-marins commercialis\u00e9s sont capables de produire un son aussi fort que 202\u00a0d\u00e9cibels. C\u2019est l\u2019\u00e9quivalent de 139\u00a0d\u00e9cibels dans l\u2019air. C\u2019est aussi fort qu\u2019un moteur \u00e0 r\u00e9action \u00e0 une distance de 30\u00a0m\u00e8tres, et c\u2019est au-dessus du seuil de la douleur chez l\u2019homme. Ces modems \u00e9mettent un son modul\u00e9 \u00e0 des fr\u00e9quences allant de 7\u00a0kHz \u00e0 170\u00a0kHz, ce qui englobe la quasi-totalit\u00e9 de la gamme d\u2019audition des dauphins, qui utilisent le son pour chasser et <\/span><span lang=\"fr-FR\">pour <\/span><span lang=\"fr-FR\">se diriger.<\/span><\/p>\n<p class=\"western\" align=\"justify\"><span lang=\"fr-FR\">Les effets des sonars sur les baleines et les dauphins ont \u00e9t\u00e9 largement m\u00e9diatis\u00e9s. Mais les effets de la pollution sonore sur les poissons et autres habitants des profondeurs sont tout aussi d\u00e9vastateurs, comme le d\u00e9taille Lindy Weilgart dans son rapport de <a class=\"western\" href=\"https:\/\/www.oceancare.org\/wp-content\/uploads\/2017\/10\/OceanNoise_FishInvertebrates_May2018.pdf\">36\u00a0pages pour OceanCare<\/a>. Elle passe en revue 115\u00a0\u00e9tudes de recherche sur les effets du bruit sur 66\u00a0esp\u00e8ces de poissons et 36\u00a0esp\u00e8ces d\u2019invert\u00e9br\u00e9s.<\/span><\/p>\n<p class=\"western\" align=\"justify\"><span lang=\"fr-FR\">\u00ab\u00a0La plupart des poissons et des invert\u00e9br\u00e9s utilisent le son pour les fonctions vitales de la vie\u00a0\u00bb, \u00e9crit-elle. \u00ab\u00a0Les impacts du bruit sur le d\u00e9veloppement comprennent des malformations corporelles, <\/span><span lang=\"fr-FR\">un nombre plus<\/span><span lang=\"fr-FR\"> \u00e9lev\u00e9 d\u2019\u0153ufs ou <\/span><span lang=\"fr-FR\">de mortalit\u00e9s pr\u00e9coces,<\/span><span lang=\"fr-FR\"> des retards de d\u00e9veloppement, des retards dans la m\u00e9tamorphose et l\u2019installation, et des taux de croissance plus lents&#8230;. Les impacts anatomiques du bruit impliquent des blessures internes massives, des dommages cellulaires aux statocystes et aux neurones, entra\u00eenant une d\u00e9sorientation et m\u00eame la mort, et une perte d\u2019audition&#8230; Sur le plan comportemental, les animaux ont montr\u00e9 des r\u00e9actions d\u2019alarme, une augmentation de l\u2019agressivit\u00e9, des r\u00e9actions de fuite et de dissimulation, et une diminution de la d\u00e9fense contre les pr\u00e9dateurs, d<\/span><span lang=\"fr-FR\">e la<\/span><span lang=\"fr-FR\"> nid<\/span><span lang=\"fr-FR\">ification<\/span><span lang=\"fr-FR\">, des soins aux nids, des appels nuptiaux, du frai, de la ponte des \u0153ufs et de l\u2019alimentation&#8230; Certaines prises commerciales ont chut\u00e9 jusqu\u2019\u00e0 80\u00a0% \u00e0 cause du bruit, les plus gros poissons quittant la zone.\u00a0\u00bb<\/span><\/p>\n<p class=\"western\" align=\"justify\"><span lang=\"fr-FR\">Si ce nouvel assaut se poursuit, il fournira les derniers clous dans le cercueil de nos oc\u00e9ans, et \u2014 puisque les oc\u00e9ans sont la source de toute vie \u2014 de notre plan\u00e8te. D\u00e9j\u00e0 en 1970, 17\u00a0ans seulement apr\u00e8s avoir publi\u00e9 <\/span><span lang=\"fr-FR\"><i>Le Monde du Silence<\/i><\/span><span lang=\"fr-FR\">, Jacques Cousteau, de retour de 3\u00bd ann\u00e9es d\u2019exploration au cours desquelles il a parcouru 155\u00a0000\u00a0miles, d\u00e9clarait au monde : \u00ab\u00a0Les oc\u00e9ans sont en train de mourir. La pollution est g\u00e9n\u00e9rale.\u00a0\u00bb<\/span><\/p>\n<p class=\"western\" align=\"justify\"><span lang=\"fr-FR\">\u00ab\u00a0Les gens ne r\u00e9alisent pas que toute pollution va dans les mers\u00a0\u00bb, a d\u00e9clar\u00e9 Cousteau. \u00ab\u00a0La terre est moins pollu\u00e9e. Elle est lav\u00e9e par la pluie qui emporte tout dans les oc\u00e9ans o\u00f9 la vie a diminu\u00e9 de 40\u00a0% en 20\u00a0ans. Les poissons disparaissent. La flore aussi.\u00a0\u00bb Et ce qui n\u2019\u00e9tait pas empoisonn\u00e9 \u00e9tait exploit\u00e9 pour la nourriture, comme si la vie oc\u00e9anique \u00e9tait une ressource in\u00e9puisable. \u00ab\u00a0Les oc\u00e9ans sont racl\u00e9s\u00a0\u00bb, dit-il. \u00ab\u00a0Les \u0153ufs et les larves disparaissent. Dans le pass\u00e9, la mer se renouvelait. C\u2019\u00e9tait un cycle complet. Mais cet \u00e9quilibre a \u00e9t\u00e9 rompu avec l\u2019apparition de la civilisation industrielle. Les crevettes sont chass\u00e9es de leurs trous par des chocs \u00e9lectriques. Les langoustes sont recherch\u00e9es dans des endroits impossibles. Le corail lui-m\u00eame dispara\u00eet. M\u00eame dans l\u2019oc\u00e9an Indien, qui est peu fr\u00e9quent\u00e9.\u00a0\u00bb<\/span><\/p>\n<p class=\"western\" align=\"justify\"><span lang=\"fr-FR\">Aujourd\u2019hui, l<\/span><span lang=\"fr-FR\">a vie dans les oc\u00e9ans ne tient plus qu\u2019\u00e0 un fil. Si le rythme de d\u00e9clin des populations se poursuit, il ne restera presque plus de poissons dans les oc\u00e9ans d\u2019ici 2048 <\/span><span lang=\"fr-FR\">[<a class=\"sdfootnoteanc\" href=\"#sdfootnote1sym\" name=\"sdfootnote1anc\"><sup>1<\/sup><\/a>]<\/span><span lang=\"fr-FR\">. Les oc\u00e9ans absorbent 24\u00a0millions de tonnes de dioxyde de carbone chaque jour, <\/span><span lang=\"fr-FR\">et <\/span><span lang=\"fr-FR\">sont 26\u00a0% plus acides qu\u2019avant que nous ne commencions \u00e0 br\u00fbler des combustibles fossiles [<a class=\"sdfootnoteanc\" href=\"#sdfootnote2sym\" name=\"sdfootnote2anc\"><sup>2<\/sup><\/a>] et ont absorb\u00e9 93\u00a0% de la chaleur g\u00e9n\u00e9r\u00e9e par les gaz \u00e0 effet de serre depuis les ann\u00e9es 1970 [<a class=\"sdfootnoteanc\" href=\"#sdfootnote3sym\" name=\"sdfootnote3anc\"><sup>3<\/sup><\/a>] Les dommages d\u00e9j\u00e0 caus\u00e9s aux r\u00e9cifs coralliens par l\u2019acidification, la hausse des temp\u00e9ratures et le chalutage de fond prendraient 100\u00a0000\u00a0ans \u00e0 la nature pour les r\u00e9parer [<a class=\"sdfootnoteanc\" href=\"#sdfootnote4sym\" name=\"sdfootnote4anc\"><sup>4<\/sup><\/a>]. Les diatom\u00e9es \u2013 un type d\u2019algues \u00e0 la base de la cha\u00eene alimentaire des oc\u00e9ans qui est \u00e9galement \u00e0 l\u2019origine d\u2019un tiers de la production mondiale d\u2019oxyg\u00e8ne \u2013 ont diminu\u00e9 de plus de 1\u00a0% par an depuis deux d\u00e9cennies [<a class=\"sdfootnoteanc\" href=\"#sdfootnote5sym\" name=\"sdfootnote5anc\"><sup>5<\/sup><\/a>]. Les populations de krill, ces petits crustac\u00e9s ressemblants \u00e0 des crevettes qui constituent une grande partie du r\u00e9gime alimentaire de nombreuses esp\u00e8ces de baleines, de pingouins et de phoques, ont diminu\u00e9 de 80\u00a0% depuis les ann\u00e9es 1970 [<a class=\"sdfootnoteanc\" href=\"#sdfootnote6sym\" name=\"sdfootnote6anc\"><sup>6<\/sup><\/a>]. Et les couches les plus profondes des oc\u00e9ans sont gravement appauvries en oxyg\u00e8ne, \u00e0 tel point que les poissons plongeurs ne plongent plus en profondeur, mais restent pr\u00e8s de la surface pour respirer. Et les populations de poissons qui vivent dans les profondeurs diminuent de fa\u00e7on spectaculaire. Les oc\u00e9ans qui se r\u00e9chauffent ne peuvent plus contenir autant d\u2019oxyg\u00e8ne, et ce sont les eaux les plus profondes qui sont les premi\u00e8res \u00e0 s\u2019appauvrir en oxyg\u00e8ne [<a class=\"sdfootnoteanc\" href=\"#sdfootnote7sym\" name=\"sdfootnote7anc\"><sup>7<\/sup><\/a>][<a class=\"sdfootnoteanc\" href=\"#sdfootnote8sym\" name=\"sdfootnote8anc\"><sup>8<\/sup><\/a>][<a class=\"sdfootnoteanc\" href=\"#sdfootnote9sym\" name=\"sdfootnote9anc\"><sup>9<\/sup><\/a>][<a class=\"sdfootnoteanc\" href=\"#sdfootnote10sym\" name=\"sdfootnote10anc\"><sup>10<\/sup><\/a>] Un grand nombre de crabes vivant dans les fonds marins se sont asphyxi\u00e9s au large des c\u00f4tes de l\u2019Oregon <\/span><span lang=\"fr-FR\">[<a class=\"sdfootnoteanc\" href=\"#sdfootnote11sym\" name=\"sdfootnote11anc\"><sup>11<\/sup><\/a><\/span><span lang=\"fr-FR\">]. Plus d\u2019un millier de lamantins sont morts de faim en 2021 au large de la Floride parce que les herbes marines dont ils se nourrissent ont \u00e9t\u00e9 tu\u00e9es par la pollution [<a class=\"sdfootnoteanc\" href=\"#sdfootnote12sym\" name=\"sdfootnote12anc\"><sup>12<\/sup><\/a>]. Et il y a tellement de plastique dans les oc\u00e9ans [<a class=\"sdfootnoteanc\" href=\"#sdfootnote13sym\" name=\"sdfootnote13anc\"><sup>13<\/sup><\/a>] que les sardines vendues dans une poissonnerie australienne contiennent 3\u00a0milligrammes de plastique dans chaque gramme de leur tissu [<a class=\"sdfootnoteanc\" href=\"#sdfootnote14sym\" name=\"sdfootnote14anc\"><sup>14<\/sup><\/a>].<\/span><\/p>\n<p class=\"western\" align=\"justify\"><span lang=\"fr-FR\">Bien que les attaques contre les oc\u00e9ans et la Terre soient nombreuses, l\u2019attaque la plus urgente, celle qui d\u00e9truit la plan\u00e8te le plus rapidement, est la technologie sans fil. C\u2019est la plus destructrice en soi, et elle acc\u00e9l\u00e8re et coordonne toutes les autres agressions. Le t\u00e9l\u00e9phone portable est le moteur <\/span><span lang=\"fr-FR\">principal <\/span><span lang=\"fr-FR\">de toute la technologie sans fil, y compris la technologie sans fil sur terre, dans l\u2019espace et dans les oc\u00e9ans. Toute la technologie sans fil, de la 2G \u00e0 la 5G en passant par l\u2019Internet des Objets et l\u2019Internet des Objets Sous-marins, exige que tout le monde tienne un t\u00e9l\u00e9phone portable dans ses mains. C\u2019est le directeur, c\u2019est la cible, et sans lui, le rythme actuel de destruction ne pourrait pas continuer.<\/span><\/p>\n<p class=\"western\" align=\"justify\"><span lang=\"fr-FR\">Comme Hillel l\u2019a dit il y a deux mille ans, \u00ab\u00a0Si ce n\u2019est pas maintenant, quand\u00a0? Si ce n\u2019est pas moi, qui\u00a0?\u00a0\u00bb<\/span><\/p>\n<p class=\"western\" align=\"center\"><span style=\"color: #212529;\"><span style=\"font-family: apple-system, BlinkMacSystemFont, Segoe UI, Roboto, Helvetica Neue, Arial, Noto Sans, sans-serif, Apple Color Emoji, Segoe UI Emoji, Segoe UI Symbol, Noto Color Emoji;\"><span style=\"font-size: medium;\"><span lang=\"fr-FR\">Arthur Firstenberg<\/span><\/span><\/span><\/span><\/p>\n<p class=\"western\" align=\"center\"><span style=\"color: #212529;\"><span style=\"font-family: apple-system, BlinkMacSystemFont, Segoe UI, Roboto, Helvetica Neue, Arial, Noto Sans, sans-serif, Apple Color Emoji, Segoe UI Emoji, Segoe UI Symbol, Noto Color Emoji;\"><span style=\"font-size: medium;\">Auteur,\u00a0<\/span><\/span><\/span><span style=\"color: #000080;\"><a class=\"western\" href=\"https:\/\/editions-ambre.fr\/boutique\/sante\/larc-en-ciel-invisble\/\" target=\"_blank\" rel=\"noopener\"><span style=\"color: #007bff;\"><span style=\"font-family: apple-system, BlinkMacSystemFont, Segoe UI, Roboto, Helvetica Neue, Arial, Noto Sans, sans-serif, Apple Color Emoji, Segoe UI Emoji, Segoe UI Symbol, Noto Color Emoji;\"><span style=\"font-size: medium;\"><i>L\u2019arc-en-ciel invisible : une histoire de l\u2019\u00e9lectricit\u00e9 et de la vie<\/i><\/span><\/span><\/span><\/a><\/span><\/p>\n<p class=\"western\" align=\"center\"><span style=\"color: #212529;\"><span style=\"font-family: apple-system, BlinkMacSystemFont, Segoe UI, Roboto, Helvetica Neue, Arial, Noto Sans, sans-serif, Apple Color Emoji, Segoe UI Emoji, Segoe UI Symbol, Noto Color Emoji;\"><span style=\"font-size: medium;\">B.P. Bo\u00eete 6216<\/span><\/span><\/span><\/p>\n<p class=\"western\" align=\"center\"><span style=\"color: #212529;\"><span style=\"font-family: apple-system, BlinkMacSystemFont, Segoe UI, Roboto, Helvetica Neue, Arial, Noto Sans, sans-serif, Apple Color Emoji, Segoe UI Emoji, Segoe UI Symbol, Noto Color Emoji;\"><span style=\"font-size: medium;\">Santa F\u00e9, NM 87502<\/span><\/span><\/span><\/p>\n<p class=\"western\" align=\"center\"><span style=\"color: #212529;\"><span style=\"font-family: apple-system, BlinkMacSystemFont, Segoe UI, Roboto, Helvetica Neue, Arial, Noto Sans, sans-serif, Apple Color Emoji, Segoe UI Emoji, Segoe UI Symbol, Noto Color Emoji;\"><span style=\"font-size: medium;\">Etats-Unis<\/span><\/span><\/span><\/p>\n<p class=\"western\" align=\"center\"><span style=\"color: #212529;\"><span style=\"font-family: apple-system, BlinkMacSystemFont, Segoe UI, Roboto, Helvetica Neue, Arial, Noto Sans, sans-serif, Apple Color Emoji, Segoe UI Emoji, Segoe UI Symbol, Noto Color Emoji;\"><span style=\"font-size: medium;\">T\u00e9l\u00e9phone : +1 505-471-0129<\/span><\/span><\/span><\/p>\n<p class=\"western\" align=\"center\"><span style=\"color: #212529;\"><span style=\"font-family: apple-system, BlinkMacSystemFont, Segoe UI, Roboto, Helvetica Neue, Arial, Noto Sans, sans-serif, Apple Color Emoji, Segoe UI Emoji, Segoe UI Symbol, Noto Color Emoji;\"><span style=\"font-size: medium;\">arthur@cellphonetaskforce.org<\/span><\/span><\/span><\/p>\n<p class=\"western\" align=\"center\"><span style=\"color: #212529;\"><span style=\"font-family: apple-system, BlinkMacSystemFont, Segoe UI, Roboto, Helvetica Neue, Arial, Noto Sans, sans-serif, Apple Color Emoji, Segoe UI Emoji, Segoe UI Symbol, Noto Color Emoji;\"><span style=\"font-size: medium;\">Certaines des lettres d\u2019information y sont \u00e9galement disponibles en<\/span><\/span><\/span><\/p>\n<p class=\"western\" align=\"center\"><span style=\"color: #212529;\"><span style=\"font-family: apple-system, BlinkMacSystemFont, Segoe UI, Roboto, Helvetica Neue, Arial, Noto Sans, sans-serif, Apple Color Emoji, Segoe UI Emoji, Segoe UI Symbol, Noto Color Emoji;\"><span style=\"font-size: medium;\">allemand, espagnol, italien, fran\u00e7ais et norv\u00e9gien.<\/span><\/span><\/span><\/p>\n<p class=\"western\" align=\"center\"><span style=\"color: #212529;\"><span style=\"font-family: apple-system, BlinkMacSystemFont, Segoe UI, Roboto, Helvetica Neue, Arial, Noto Sans, sans-serif, Apple Color Emoji, Segoe UI Emoji, Segoe UI Symbol, Noto Color Emoji;\"><span style=\"font-size: medium;\"><span lang=\"fr-FR\">Pour vous abonner, rendez-vous sur\u00a0<\/span><\/span><\/span><\/span><span style=\"color: #000080;\"><a class=\"western\" href=\"http:\/\/www.cellphonetaskforce.org\/subscribe\" target=\"_blank\" rel=\"noopener\"><span style=\"color: #007bff;\"><span style=\"font-family: apple-system, BlinkMacSystemFont, Segoe UI, Roboto, Helvetica Neue, Arial, Noto Sans, sans-serif, Apple Color Emoji, Segoe UI Emoji, Segoe UI Symbol, Noto Color Emoji;\"><span style=\"font-size: medium;\"><span lang=\"fr-FR\">www.cellphonetaskforce.org\/subscribe<\/span><\/span><\/span><\/span><\/a><\/span><\/p>\n<div id=\"sdfootnote1\">\n<p align=\"justify\">__________________________________________________________________________________<\/p>\n<p class=\"western\" align=\"justify\"><a class=\"sdfootnotesym\" href=\"#sdfootnote1anc\" name=\"sdfootnote1sym\">1<\/a><span lang=\"fr-FR\"> Boris Worm et al. <\/span><a class=\"western\" href=\"https:\/\/www.science.org\/doi\/10.1126\/science.1132294\" target=\"_blank\" rel=\"noopener\"><span lang=\"fr-FR\">Impacts of Biodiversity Loss on Ocean Ecosystem Services<\/span><\/a><span lang=\"fr-FR\">. <\/span><span lang=\"fr-FR\"><i>Science\u00a0<\/i><\/span><span lang=\"fr-FR\">314 : 787\u2013790 (2006).<\/span><\/p>\n<\/div>\n<div id=\"sdfootnote2\">\n<p class=\"western\" align=\"justify\"><a class=\"sdfootnotesym\" href=\"#sdfootnote2anc\" name=\"sdfootnote2sym\">2<\/a><span lang=\"fr-FR\"> Oceaneos. <\/span><a class=\"western\" href=\"https:\/\/www.oceaneos.org\/state-of-our-oceans\/acidification\/\"><span style=\"color: #000000;\"><span style=\"font-size: medium;\"><span lang=\"fr-FR\">Ocean Acidification<\/span><\/span><\/span><\/a><span style=\"font-size: large;\">.<\/span><\/p>\n<\/div>\n<div id=\"sdfootnote3\">\n<p class=\"western\" align=\"justify\"><a class=\"sdfootnotesym\" href=\"#sdfootnote3anc\" name=\"sdfootnote3sym\">3<\/a><span lang=\"fr-FR\"> D. Laffoley et J. M. Baxter. <\/span><a class=\"western\" href=\"https:\/\/www.iucn.org\/news\/marine-and-polar\/201609\/explaining-ocean-warming-causes-scale-effects-and-consequences\" target=\"_blank\" rel=\"noopener\"><span lang=\"fr-FR\"><i>Explaining ocean warming : Causes, <\/i><\/span><span lang=\"fr-FR\"><i>scale<\/i><\/span><span lang=\"fr-FR\"><i>, effe<\/i><\/span><span lang=\"fr-FR\"><i>c<\/i><\/span><span lang=\"fr-FR\"><i>ts <\/i><\/span><span lang=\"fr-FR\"><i>and<\/i><\/span><span lang=\"fr-FR\"><i> cons<\/i><\/span><span lang=\"fr-FR\"><i>e<\/i><\/span><span lang=\"fr-FR\"><i>quences<\/i><\/span><\/a><span lang=\"fr-FR\">. Union internationale pour la conservation de la nature. Sept. 2016.<\/span><\/p>\n<\/div>\n<div id=\"sdfootnote4\">\n<p class=\"western\" align=\"justify\"><a class=\"sdfootnotesym\" href=\"#sdfootnote4anc\" name=\"sdfootnote4sym\">4<\/a><span lang=\"fr-FR\"> Charles Clover. <\/span><span lang=\"fr-FR\"><i>The End of the Line : How Overfishing is Changing the World and What We Eat<\/i><\/span><span lang=\"fr-FR\">. New Press, 2006, p.\u00a067.<\/span><\/p>\n<\/div>\n<div id=\"sdfootnote5\">\n<p class=\"western\" align=\"justify\"><a class=\"sdfootnotesym\" href=\"#sdfootnote5anc\" name=\"sdfootnote5sym\">5<\/a><span lang=\"fr-FR\"> C\u00e9cile S. Rousseaux et Watson W. Gregg. <\/span><a class=\"western\" href=\"https:\/\/agupubs.onlinelibrary.wiley.com\/doi\/pdfdirect\/10.1002\/2015GB005139\" target=\"_blank\" rel=\"noopener\"><span style=\"color: #000000;\"><span style=\"font-size: medium;\"><span lang=\"fr-FR\">Recent decadal trends in global <\/span><\/span><\/span><span style=\"color: #000000;\"><span style=\"font-size: medium;\">phytoplankton composition<\/span><\/span><\/a> <span style=\"color: #0000ff;\"><span style=\"font-size: large;\">(<\/span><\/span><span lang=\"fr-FR\">Tendances d\u00e9cennales r\u00e9centes dans la composition du phytoplancton mondial<\/span><span lang=\"fr-FR\">)<\/span><span lang=\"fr-FR\">. <\/span><span lang=\"fr-FR\"><i>Global Biogeochemical Cycles\u00a0<\/i><\/span><span lang=\"fr-FR\">29 : 1674\u20131688 (2015).<\/span><\/p>\n<\/div>\n<div id=\"sdfootnote6\">\n<p class=\"western\" align=\"justify\"><a class=\"sdfootnotesym\" href=\"#sdfootnote6anc\" name=\"sdfootnote6sym\">6<\/a><span lang=\"fr-FR\"> Matthew Taylor.<\/span> <a class=\"western\" href=\"https:\/\/www.theguardian.com\/environment\/2018\/feb\/14\/decline-in-krill-threatens-antarctic-wildlife-from-whales-to-penguins\" target=\"_blank\" rel=\"noopener\"><span style=\"color: #000000;\"><span style=\"font-size: medium;\"><span lang=\"fr-FR\">Decline in krill threatens Antarctic wildlife, from whales to <\/span><\/span><\/span><span style=\"color: #000000;\"><span style=\"font-size: medium;\">penguins<\/span><\/span><\/a> <span style=\"color: #0000ff;\"><span style=\"font-size: large;\">(<\/span><\/span><span lang=\"fr-FR\">Le d\u00e9clin du krill menace la faune de l\u2019Antarctique, des baleines aux pingouins<\/span><span lang=\"fr-FR\">)<\/span><span lang=\"fr-FR\">. <\/span><span lang=\"fr-FR\"><i>The Guardian<\/i><\/span><span lang=\"fr-FR\">, 14 f\u00e9vrier 2018.<\/span><\/p>\n<\/div>\n<div id=\"sdfootnote7\">\n<p class=\"western\" align=\"justify\"><a class=\"sdfootnotesym\" href=\"#sdfootnote7anc\" name=\"sdfootnote7sym\">7<\/a><span lang=\"fr-FR\"> Craig Welch. <\/span><a class=\"western\" href=\"https:\/\/www.nationalgeographic.com\/science\/article\/150313-oceans-marine-life-climate-change-acidification-oxygen-fish\"><span style=\"color: #000000;\"><span style=\"font-family: Times New Roman, serif;\"><span style=\"font-size: medium;\"><span lang=\"fr-FR\"><u>Oceans Are Losing Oxygen <\/u><\/span><\/span><\/span><\/span><span style=\"color: #000000;\"><span style=\"font-family: Times New Roman, serif;\"><span style=\"font-size: medium;\"><u>\u2014 and Becoming More Hostile to Life<\/u><\/span><\/span><\/span><\/a><u> <\/u><span style=\"color: #0000ff;\"><span style=\"font-family: Calibri, serif;\"><span style=\"font-size: large;\"><u>(<\/u><\/span><\/span><\/span><a class=\"western\" href=\"https:\/\/www.nationalgeographic.com\/science\/article\/150313-oceans-marine-life-climate-change-acidification-oxygen-fish\" target=\"_blank\" rel=\"noopener\"><span lang=\"fr-FR\">Les oc\u00e9ans perdent de l\u2019oxyg\u00e8ne \u2014 et deviennent plus hostiles \u00e0 la vie<\/span><span lang=\"fr-FR\">)<\/span><span lang=\"fr-FR\">. <\/span><\/a><span lang=\"fr-FR\"><i>National Geographic<\/i><\/span><a class=\"western\" href=\"https:\/\/www.nationalgeographic.com\/science\/article\/150313-oceans-marine-life-climate-change-acidification-oxygen-fish\"><span lang=\"fr-FR\">, 12 mars 2015.<\/span><\/a><\/p>\n<\/div>\n<div id=\"sdfootnote8\">\n<p class=\"western\" align=\"justify\"><a class=\"sdfootnotesym\" href=\"#sdfootnote8anc\" name=\"sdfootnote8sym\">8<\/a><span lang=\"fr-FR\"> Laura Poppick. <\/span><span style=\"color: #000000;\"><span style=\"font-family: Times New Roman, serif;\"><span style=\"font-size: medium;\"><span lang=\"fr-FR\"><a class=\"western\" href=\"https:\/\/www.scientificamerican.com\/article\/the-ocean-is-running-out-of-breath-scientists-warn\/\" target=\"_blank\" rel=\"noopener\">The Ocean Is Running Out of Breath, Scientists Warn<\/a> <\/span><\/span><\/span><\/span><a class=\"western\" href=\"https:\/\/www.nationalgeographic.com\/science\/article\/150313-oceans-marine-life-climate-change-acidification-oxygen-fish\"> <span lang=\"fr-FR\">(<\/span><span lang=\"fr-FR\">L\u2019oc\u00e9an s\u2019essouffle, avertissent les scientifiques<\/span><span lang=\"fr-FR\">)<\/span><span lang=\"fr-FR\">. <\/span><span lang=\"fr-FR\"><i>Scientific American<\/i><\/span><span lang=\"fr-FR\">, 25 f\u00e9vrier 2019.<\/span><\/a><\/p>\n<\/div>\n<div id=\"sdfootnote9\">\n<p class=\"western\" align=\"justify\"><a class=\"sdfootnotesym\" href=\"#sdfootnote9anc\" name=\"sdfootnote9sym\">9<\/a><span lang=\"fr-FR\"> Kirsten Isensee. <\/span><a class=\"western\" href=\"https:\/\/ocean-climate.org\/wp-content\/uploads\/2020\/02\/4.-The-Ocean-is-losing-its-breath-Scientific-notes-2016.pdf\" target=\"_blank\" rel=\"noopener\"><span style=\"color: #000000;\"><span style=\"font-size: medium;\"><span lang=\"fr-FR\">The Ocean Is Losing Its Breath<\/span><\/span><\/span><\/a><span style=\"font-size: large;\">.<\/span> <span lang=\"fr-FR\">(<\/span><span lang=\"fr-FR\">L\u2019oc\u00e9an perd son souffle<\/span><span lang=\"fr-FR\">)<\/span><span lang=\"fr-FR\">. <\/span><span style=\"font-size: medium;\"><span lang=\"fr-FR\">Ocean and Climate Platform, 2018.<\/span><\/span><\/p>\n<\/div>\n<div id=\"sdfootnote10\">\n<p class=\"western\" align=\"justify\"><a class=\"sdfootnotesym\" href=\"#sdfootnote10anc\" name=\"sdfootnote10sym\">10<\/a><span lang=\"fr-FR\"> Union internationale pour la conservation de la nature. <\/span><a class=\"western\" href=\"https:\/\/www.iucn.org\/theme\/marine-and-polar\/our-work\/climate-change-and-oceans\/ocean-deoxygenation\"><span style=\"color: #000000;\"><span style=\"font-size: medium;\"><span lang=\"fr-FR\">Ocean Deoxygenation<\/span><\/span><\/span><\/a><span style=\"font-size: large;\">. <\/span> <span lang=\"fr-FR\">(<\/span><span lang=\"fr-FR\">D\u00e9soxyg\u00e9nation des oc\u00e9ans<\/span><span lang=\"fr-FR\">)<\/span><span lang=\"fr-FR\">.<\/span><\/p>\n<\/div>\n<div id=\"sdfootnote11\">\n<p class=\"western\" align=\"justify\"><a class=\"sdfootnotesym\" href=\"#sdfootnote11anc\" name=\"sdfootnote11sym\">11<\/a><span lang=\"fr-FR\"> Bradley W. Parks. <\/span><a class=\"western\" href=\"https:\/\/www.opb.org\/article\/2021\/07\/22\/hypoxia-season-oregon-dead-zones-crab\/\" target=\"_blank\" rel=\"noopener\"><span style=\"color: #000000;\"><span style=\"font-size: medium;\"><span lang=\"fr-FR\">Low oxygen levels off Northwest coast raise fears of marine <\/span><\/span><\/span><span style=\"color: #000000;\"><span style=\"font-size: medium;\">\u201cdead zones.\u201d<\/span><\/span><\/a> <span lang=\"fr-FR\">(<\/span><span lang=\"fr-FR\">Les faibles niveaux d\u2019oxyg\u00e8ne au large de la c\u00f4te nord-ouest font craindre des \u00ab\u00a0zones mortes\u00a0\u00bb marines<\/span><span lang=\"fr-FR\">)<\/span><span lang=\"fr-FR\">. Oregon Public Broadcasting, 22 juillet 2021<\/span><\/p>\n<\/div>\n<div id=\"sdfootnote12\">\n<p class=\"western\" align=\"justify\"><a class=\"sdfootnotesym\" href=\"#sdfootnote12anc\" name=\"sdfootnote12sym\">12<\/a><span lang=\"fr-FR\"> Corryn Wetzel. <\/span><a class=\"western\" href=\"https:\/\/www.smithsonianmag.com\/smart-news\/florida-wildlife-officials-move-to-feed-starving-manatees-180979184\/\" target=\"_blank\" rel=\"noopener\"><span style=\"color: #000000;\"><span style=\"font-size: medium;\"><span lang=\"fr-FR\">Florida Wildlife Officials Move to Feed Starving Manatees in <\/span><\/span><\/span><span style=\"color: #000000;\"><span style=\"font-size: medium;\">Experimental Conservation Approach<\/span><\/span><\/a> <span lang=\"fr-FR\">(<\/span><span lang=\"fr-FR\">Les responsables de la faune de Floride vont nourrir les lamantins affam\u00e9s dans le cadre d\u2019une approche exp\u00e9rimentale de conservation<\/span><span lang=\"fr-FR\">)<\/span><span lang=\"fr-FR\">. Smithsonian, 8 d\u00e9cembre 2021<\/span><\/p>\n<\/div>\n<div id=\"sdfootnote13\">\n<p class=\"western\" align=\"justify\"><a class=\"sdfootnotesym\" href=\"#sdfootnote13anc\" name=\"sdfootnote13sym\">13<\/a><span lang=\"fr-FR\"> Capitaine Charles Moore. <\/span><span lang=\"fr-FR\"><i>Plastic Ocean<\/i><\/span><span lang=\"fr-FR\">. Avery, NY\u00a02011.<\/span><\/p>\n<\/div>\n<div id=\"sdfootnote14\">\n<p class=\"western\" align=\"justify\"><a class=\"sdfootnotesym\" href=\"#sdfootnote14anc\" name=\"sdfootnote14sym\">14<\/a><span lang=\"fr-FR\"> Francisca Ribeiro et al. <\/span><a class=\"western\" href=\"https:\/\/pubs.acs.org\/doi\/pdf\/10.1021\/acs.est.0c02337\" target=\"_blank\" rel=\"noopener\"><span style=\"color: #000000;\"><span style=\"font-size: medium;\"><span lang=\"fr-FR\">Quantitative Analysis of Selected Plastics in High-<\/span><\/span><\/span><span style=\"color: #000000;\"><span style=\"font-size: medium;\">Commercial-Value Australian Seafood by Pyrolysis Gas Chromatography Mass Spectrometry<\/span><\/span><\/a><span style=\"font-size: large;\">.<\/span> <span lang=\"fr-FR\">(<\/span><span lang=\"fr-FR\">Analyse quantitative de certains plastiques dans les fruits de mer australiens \u00e0 haute valeur commerciale par spectrom\u00e9trie de masse \u00e0 chromatographie en phase gazeuse par pyrolyse<\/span><span lang=\"fr-FR\">)<\/span><span lang=\"fr-FR\">. <\/span><span lang=\"fr-FR\"><i>Environmental Science and Technology\u00a0<\/i><\/span><span lang=\"fr-FR\">54 : 9408\u20139417 (2020).<\/span><\/p>\n<\/div>\n","protected":false},"excerpt":{"rendered":"<p>Traduction libre Un ciel bleu au-dessus de nous, Un oc\u00e9an baignant tous nos rivages, Une terre si verte et ronde, Qui pourrait en demander plus\u00a0? \u2013 Pete Seeger En 2018, sur terre et dans l\u2019espace, des pr\u00e9paratifs pour d\u00e9ployer des millions d\u2019antennes \u00e9taient tr\u00e8s publiquement r\u00e9alis\u00e9s et annonc\u00e9s, pour la \u00ab\u00a05G\u00a0\u00bb, les \u00ab\u00a0villes intelligentes\u00a0\u00bb et [&hellip;]<\/p>\n","protected":false},"author":2,"featured_media":18304,"comment_status":"closed","ping_status":"closed","sticky":false,"template":"","format":"standard","meta":{"footnotes":""},"categories":[1540,1594],"tags":[1624],"class_list":["post-18843","post","type-post","status-publish","format-standard","has-post-thumbnail","hentry","category-actualite","category-firstenberg-arthur","tag-pollution-electromagnetique"],"yoast_head":"<!-- This site is optimized with the Yoast SEO plugin v27.0 - https:\/\/yoast.com\/product\/yoast-seo-wordpress\/ -->\n<title>Tours de t\u00e9l\u00e9phonie mobile au fond de l\u2019oc\u00e9an par Arthur Firstenberg - 3e mill\u00e9naire - Spiritualit\u00e9 - Connaissance de soi - Non-dualit\u00e9 - M\u00e9ditation<\/title>\n<meta name=\"robots\" content=\"index, follow, max-snippet:-1, max-image-preview:large, max-video-preview:-1\" \/>\n<link rel=\"canonical\" href=\"https:\/\/www.revue3emillenaire.com\/blog\/tours-de-telephonie-mobile-au-fond-de-locean-par-arthur-firstenberg\/\" \/>\n<meta property=\"og:locale\" content=\"fr_FR\" \/>\n<meta property=\"og:type\" content=\"article\" \/>\n<meta property=\"og:title\" content=\"Tours de t\u00e9l\u00e9phonie mobile au fond de l\u2019oc\u00e9an par Arthur Firstenberg - 3e mill\u00e9naire - Spiritualit\u00e9 - Connaissance de soi - Non-dualit\u00e9 - M\u00e9ditation\" \/>\n<meta property=\"og:description\" content=\"Traduction libre Un ciel bleu au-dessus de nous, Un oc\u00e9an baignant tous nos rivages, Une terre si verte et ronde, Qui pourrait en demander plus\u00a0? \u2013 Pete Seeger En 2018, sur terre et dans l\u2019espace, des pr\u00e9paratifs pour d\u00e9ployer des millions d\u2019antennes \u00e9taient tr\u00e8s publiquement r\u00e9alis\u00e9s et annonc\u00e9s, pour la \u00ab\u00a05G\u00a0\u00bb, les \u00ab\u00a0villes intelligentes\u00a0\u00bb et [&hellip;]\" \/>\n<meta property=\"og:url\" content=\"https:\/\/www.revue3emillenaire.com\/blog\/tours-de-telephonie-mobile-au-fond-de-locean-par-arthur-firstenberg\/\" \/>\n<meta property=\"og:site_name\" content=\"3e mill\u00e9naire - Spiritualit\u00e9 - Connaissance de soi - Non-dualit\u00e9 - M\u00e9ditation\" \/>\n<meta property=\"article:published_time\" content=\"2022-01-22T19:39:43+00:00\" \/>\n<meta property=\"article:modified_time\" content=\"2022-01-22T19:42:36+00:00\" \/>\n<meta property=\"og:image\" content=\"https:\/\/www.revue3emillenaire.com\/blog\/wp-content\/uploads\/2020\/12\/Arthur-Firstenberg.jpg\" \/>\n\t<meta property=\"og:image:width\" content=\"329\" \/>\n\t<meta property=\"og:image:height\" content=\"365\" \/>\n\t<meta property=\"og:image:type\" content=\"image\/jpeg\" \/>\n<meta name=\"author\" content=\"3e mill\u00e9naire\" \/>\n<meta name=\"twitter:card\" content=\"summary_large_image\" \/>\n<meta name=\"twitter:label1\" content=\"\u00c9crit par\" \/>\n\t<meta name=\"twitter:data1\" content=\"3e mill\u00e9naire\" \/>\n\t<meta name=\"twitter:label2\" content=\"Dur\u00e9e de lecture estim\u00e9e\" \/>\n\t<meta name=\"twitter:data2\" content=\"14 minutes\" \/>\n<script type=\"application\/ld+json\" class=\"yoast-schema-graph\">{\"@context\":\"https:\/\/schema.org\",\"@graph\":[{\"@type\":\"Article\",\"@id\":\"https:\/\/www.revue3emillenaire.com\/blog\/tours-de-telephonie-mobile-au-fond-de-locean-par-arthur-firstenberg\/#article\",\"isPartOf\":{\"@id\":\"https:\/\/www.revue3emillenaire.com\/blog\/tours-de-telephonie-mobile-au-fond-de-locean-par-arthur-firstenberg\/\"},\"author\":{\"name\":\"3e mill\u00e9naire\",\"@id\":\"https:\/\/www.revue3emillenaire.com\/blog\/#\/schema\/person\/b692dacff720a5344a6190bc714397eb\"},\"headline\":\"Tours de t\u00e9l\u00e9phonie mobile au fond de l\u2019oc\u00e9an par Arthur Firstenberg\",\"datePublished\":\"2022-01-22T19:39:43+00:00\",\"dateModified\":\"2022-01-22T19:42:36+00:00\",\"mainEntityOfPage\":{\"@id\":\"https:\/\/www.revue3emillenaire.com\/blog\/tours-de-telephonie-mobile-au-fond-de-locean-par-arthur-firstenberg\/\"},\"wordCount\":2806,\"image\":{\"@id\":\"https:\/\/www.revue3emillenaire.com\/blog\/tours-de-telephonie-mobile-au-fond-de-locean-par-arthur-firstenberg\/#primaryimage\"},\"thumbnailUrl\":\"https:\/\/www.revue3emillenaire.com\/blog\/wp-content\/uploads\/2020\/12\/Arthur-Firstenberg.jpg\",\"keywords\":[\"Pollution \u00e9lectromagn\u00e9tique\"],\"articleSection\":[\"Actualit\u00e9s\",\"Firstenberg Arthur\"],\"inLanguage\":\"fr-FR\"},{\"@type\":\"WebPage\",\"@id\":\"https:\/\/www.revue3emillenaire.com\/blog\/tours-de-telephonie-mobile-au-fond-de-locean-par-arthur-firstenberg\/\",\"url\":\"https:\/\/www.revue3emillenaire.com\/blog\/tours-de-telephonie-mobile-au-fond-de-locean-par-arthur-firstenberg\/\",\"name\":\"Tours de t\u00e9l\u00e9phonie mobile au fond de l\u2019oc\u00e9an par Arthur Firstenberg - 3e mill\u00e9naire - Spiritualit\u00e9 - Connaissance de soi - Non-dualit\u00e9 - M\u00e9ditation\",\"isPartOf\":{\"@id\":\"https:\/\/www.revue3emillenaire.com\/blog\/#website\"},\"primaryImageOfPage\":{\"@id\":\"https:\/\/www.revue3emillenaire.com\/blog\/tours-de-telephonie-mobile-au-fond-de-locean-par-arthur-firstenberg\/#primaryimage\"},\"image\":{\"@id\":\"https:\/\/www.revue3emillenaire.com\/blog\/tours-de-telephonie-mobile-au-fond-de-locean-par-arthur-firstenberg\/#primaryimage\"},\"thumbnailUrl\":\"https:\/\/www.revue3emillenaire.com\/blog\/wp-content\/uploads\/2020\/12\/Arthur-Firstenberg.jpg\",\"datePublished\":\"2022-01-22T19:39:43+00:00\",\"dateModified\":\"2022-01-22T19:42:36+00:00\",\"author\":{\"@id\":\"https:\/\/www.revue3emillenaire.com\/blog\/#\/schema\/person\/b692dacff720a5344a6190bc714397eb\"},\"breadcrumb\":{\"@id\":\"https:\/\/www.revue3emillenaire.com\/blog\/tours-de-telephonie-mobile-au-fond-de-locean-par-arthur-firstenberg\/#breadcrumb\"},\"inLanguage\":\"fr-FR\",\"potentialAction\":[{\"@type\":\"ReadAction\",\"target\":[\"https:\/\/www.revue3emillenaire.com\/blog\/tours-de-telephonie-mobile-au-fond-de-locean-par-arthur-firstenberg\/\"]}]},{\"@type\":\"ImageObject\",\"inLanguage\":\"fr-FR\",\"@id\":\"https:\/\/www.revue3emillenaire.com\/blog\/tours-de-telephonie-mobile-au-fond-de-locean-par-arthur-firstenberg\/#primaryimage\",\"url\":\"https:\/\/www.revue3emillenaire.com\/blog\/wp-content\/uploads\/2020\/12\/Arthur-Firstenberg.jpg\",\"contentUrl\":\"https:\/\/www.revue3emillenaire.com\/blog\/wp-content\/uploads\/2020\/12\/Arthur-Firstenberg.jpg\",\"width\":329,\"height\":365},{\"@type\":\"BreadcrumbList\",\"@id\":\"https:\/\/www.revue3emillenaire.com\/blog\/tours-de-telephonie-mobile-au-fond-de-locean-par-arthur-firstenberg\/#breadcrumb\",\"itemListElement\":[{\"@type\":\"ListItem\",\"position\":1,\"name\":\"Accueil\",\"item\":\"https:\/\/www.revue3emillenaire.com\/blog\/\"},{\"@type\":\"ListItem\",\"position\":2,\"name\":\"Tours de t\u00e9l\u00e9phonie mobile au fond de l\u2019oc\u00e9an par Arthur Firstenberg\"}]},{\"@type\":\"WebSite\",\"@id\":\"https:\/\/www.revue3emillenaire.com\/blog\/#website\",\"url\":\"https:\/\/www.revue3emillenaire.com\/blog\/\",\"name\":\"3e mill\u00e9naire - Spiritualit\u00e9 - Connaissance de soi - Non-dualit\u00e9 - M\u00e9ditation\",\"description\":\"L&#039;Homme en devenir\",\"potentialAction\":[{\"@type\":\"SearchAction\",\"target\":{\"@type\":\"EntryPoint\",\"urlTemplate\":\"https:\/\/www.revue3emillenaire.com\/blog\/?s={search_term_string}\"},\"query-input\":{\"@type\":\"PropertyValueSpecification\",\"valueRequired\":true,\"valueName\":\"search_term_string\"}}],\"inLanguage\":\"fr-FR\"},{\"@type\":\"Person\",\"@id\":\"https:\/\/www.revue3emillenaire.com\/blog\/#\/schema\/person\/b692dacff720a5344a6190bc714397eb\",\"name\":\"3e mill\u00e9naire\",\"url\":\"https:\/\/www.revue3emillenaire.com\/blog\/author\/scoussa\/\"}]}<\/script>\n<!-- \/ Yoast SEO plugin. -->","yoast_head_json":{"title":"Tours de t\u00e9l\u00e9phonie mobile au fond de l\u2019oc\u00e9an par Arthur Firstenberg - 3e mill\u00e9naire - Spiritualit\u00e9 - Connaissance de soi - Non-dualit\u00e9 - M\u00e9ditation","robots":{"index":"index","follow":"follow","max-snippet":"max-snippet:-1","max-image-preview":"max-image-preview:large","max-video-preview":"max-video-preview:-1"},"canonical":"https:\/\/www.revue3emillenaire.com\/blog\/tours-de-telephonie-mobile-au-fond-de-locean-par-arthur-firstenberg\/","og_locale":"fr_FR","og_type":"article","og_title":"Tours de t\u00e9l\u00e9phonie mobile au fond de l\u2019oc\u00e9an par Arthur Firstenberg - 3e mill\u00e9naire - Spiritualit\u00e9 - Connaissance de soi - Non-dualit\u00e9 - M\u00e9ditation","og_description":"Traduction libre Un ciel bleu au-dessus de nous, Un oc\u00e9an baignant tous nos rivages, Une terre si verte et ronde, Qui pourrait en demander plus\u00a0? \u2013 Pete Seeger En 2018, sur terre et dans l\u2019espace, des pr\u00e9paratifs pour d\u00e9ployer des millions d\u2019antennes \u00e9taient tr\u00e8s publiquement r\u00e9alis\u00e9s et annonc\u00e9s, pour la \u00ab\u00a05G\u00a0\u00bb, les \u00ab\u00a0villes intelligentes\u00a0\u00bb et [&hellip;]","og_url":"https:\/\/www.revue3emillenaire.com\/blog\/tours-de-telephonie-mobile-au-fond-de-locean-par-arthur-firstenberg\/","og_site_name":"3e mill\u00e9naire - Spiritualit\u00e9 - Connaissance de soi - Non-dualit\u00e9 - M\u00e9ditation","article_published_time":"2022-01-22T19:39:43+00:00","article_modified_time":"2022-01-22T19:42:36+00:00","og_image":[{"width":329,"height":365,"url":"https:\/\/www.revue3emillenaire.com\/blog\/wp-content\/uploads\/2020\/12\/Arthur-Firstenberg.jpg","type":"image\/jpeg"}],"author":"3e mill\u00e9naire","twitter_card":"summary_large_image","twitter_misc":{"\u00c9crit par":"3e mill\u00e9naire","Dur\u00e9e de lecture estim\u00e9e":"14 minutes"},"schema":{"@context":"https:\/\/schema.org","@graph":[{"@type":"Article","@id":"https:\/\/www.revue3emillenaire.com\/blog\/tours-de-telephonie-mobile-au-fond-de-locean-par-arthur-firstenberg\/#article","isPartOf":{"@id":"https:\/\/www.revue3emillenaire.com\/blog\/tours-de-telephonie-mobile-au-fond-de-locean-par-arthur-firstenberg\/"},"author":{"name":"3e mill\u00e9naire","@id":"https:\/\/www.revue3emillenaire.com\/blog\/#\/schema\/person\/b692dacff720a5344a6190bc714397eb"},"headline":"Tours de t\u00e9l\u00e9phonie mobile au fond de l\u2019oc\u00e9an par Arthur Firstenberg","datePublished":"2022-01-22T19:39:43+00:00","dateModified":"2022-01-22T19:42:36+00:00","mainEntityOfPage":{"@id":"https:\/\/www.revue3emillenaire.com\/blog\/tours-de-telephonie-mobile-au-fond-de-locean-par-arthur-firstenberg\/"},"wordCount":2806,"image":{"@id":"https:\/\/www.revue3emillenaire.com\/blog\/tours-de-telephonie-mobile-au-fond-de-locean-par-arthur-firstenberg\/#primaryimage"},"thumbnailUrl":"https:\/\/www.revue3emillenaire.com\/blog\/wp-content\/uploads\/2020\/12\/Arthur-Firstenberg.jpg","keywords":["Pollution \u00e9lectromagn\u00e9tique"],"articleSection":["Actualit\u00e9s","Firstenberg Arthur"],"inLanguage":"fr-FR"},{"@type":"WebPage","@id":"https:\/\/www.revue3emillenaire.com\/blog\/tours-de-telephonie-mobile-au-fond-de-locean-par-arthur-firstenberg\/","url":"https:\/\/www.revue3emillenaire.com\/blog\/tours-de-telephonie-mobile-au-fond-de-locean-par-arthur-firstenberg\/","name":"Tours de t\u00e9l\u00e9phonie mobile au fond de l\u2019oc\u00e9an par Arthur Firstenberg - 3e mill\u00e9naire - Spiritualit\u00e9 - Connaissance de soi - Non-dualit\u00e9 - M\u00e9ditation","isPartOf":{"@id":"https:\/\/www.revue3emillenaire.com\/blog\/#website"},"primaryImageOfPage":{"@id":"https:\/\/www.revue3emillenaire.com\/blog\/tours-de-telephonie-mobile-au-fond-de-locean-par-arthur-firstenberg\/#primaryimage"},"image":{"@id":"https:\/\/www.revue3emillenaire.com\/blog\/tours-de-telephonie-mobile-au-fond-de-locean-par-arthur-firstenberg\/#primaryimage"},"thumbnailUrl":"https:\/\/www.revue3emillenaire.com\/blog\/wp-content\/uploads\/2020\/12\/Arthur-Firstenberg.jpg","datePublished":"2022-01-22T19:39:43+00:00","dateModified":"2022-01-22T19:42:36+00:00","author":{"@id":"https:\/\/www.revue3emillenaire.com\/blog\/#\/schema\/person\/b692dacff720a5344a6190bc714397eb"},"breadcrumb":{"@id":"https:\/\/www.revue3emillenaire.com\/blog\/tours-de-telephonie-mobile-au-fond-de-locean-par-arthur-firstenberg\/#breadcrumb"},"inLanguage":"fr-FR","potentialAction":[{"@type":"ReadAction","target":["https:\/\/www.revue3emillenaire.com\/blog\/tours-de-telephonie-mobile-au-fond-de-locean-par-arthur-firstenberg\/"]}]},{"@type":"ImageObject","inLanguage":"fr-FR","@id":"https:\/\/www.revue3emillenaire.com\/blog\/tours-de-telephonie-mobile-au-fond-de-locean-par-arthur-firstenberg\/#primaryimage","url":"https:\/\/www.revue3emillenaire.com\/blog\/wp-content\/uploads\/2020\/12\/Arthur-Firstenberg.jpg","contentUrl":"https:\/\/www.revue3emillenaire.com\/blog\/wp-content\/uploads\/2020\/12\/Arthur-Firstenberg.jpg","width":329,"height":365},{"@type":"BreadcrumbList","@id":"https:\/\/www.revue3emillenaire.com\/blog\/tours-de-telephonie-mobile-au-fond-de-locean-par-arthur-firstenberg\/#breadcrumb","itemListElement":[{"@type":"ListItem","position":1,"name":"Accueil","item":"https:\/\/www.revue3emillenaire.com\/blog\/"},{"@type":"ListItem","position":2,"name":"Tours de t\u00e9l\u00e9phonie mobile au fond de l\u2019oc\u00e9an par Arthur Firstenberg"}]},{"@type":"WebSite","@id":"https:\/\/www.revue3emillenaire.com\/blog\/#website","url":"https:\/\/www.revue3emillenaire.com\/blog\/","name":"3e mill\u00e9naire - Spiritualit\u00e9 - Connaissance de soi - Non-dualit\u00e9 - M\u00e9ditation","description":"L&#039;Homme en devenir","potentialAction":[{"@type":"SearchAction","target":{"@type":"EntryPoint","urlTemplate":"https:\/\/www.revue3emillenaire.com\/blog\/?s={search_term_string}"},"query-input":{"@type":"PropertyValueSpecification","valueRequired":true,"valueName":"search_term_string"}}],"inLanguage":"fr-FR"},{"@type":"Person","@id":"https:\/\/www.revue3emillenaire.com\/blog\/#\/schema\/person\/b692dacff720a5344a6190bc714397eb","name":"3e mill\u00e9naire","url":"https:\/\/www.revue3emillenaire.com\/blog\/author\/scoussa\/"}]}},"_links":{"self":[{"href":"https:\/\/www.revue3emillenaire.com\/blog\/wp-json\/wp\/v2\/posts\/18843","targetHints":{"allow":["GET"]}}],"collection":[{"href":"https:\/\/www.revue3emillenaire.com\/blog\/wp-json\/wp\/v2\/posts"}],"about":[{"href":"https:\/\/www.revue3emillenaire.com\/blog\/wp-json\/wp\/v2\/types\/post"}],"author":[{"embeddable":true,"href":"https:\/\/www.revue3emillenaire.com\/blog\/wp-json\/wp\/v2\/users\/2"}],"replies":[{"embeddable":true,"href":"https:\/\/www.revue3emillenaire.com\/blog\/wp-json\/wp\/v2\/comments?post=18843"}],"version-history":[{"count":0,"href":"https:\/\/www.revue3emillenaire.com\/blog\/wp-json\/wp\/v2\/posts\/18843\/revisions"}],"wp:featuredmedia":[{"embeddable":true,"href":"https:\/\/www.revue3emillenaire.com\/blog\/wp-json\/wp\/v2\/media\/18304"}],"wp:attachment":[{"href":"https:\/\/www.revue3emillenaire.com\/blog\/wp-json\/wp\/v2\/media?parent=18843"}],"wp:term":[{"taxonomy":"category","embeddable":true,"href":"https:\/\/www.revue3emillenaire.com\/blog\/wp-json\/wp\/v2\/categories?post=18843"},{"taxonomy":"post_tag","embeddable":true,"href":"https:\/\/www.revue3emillenaire.com\/blog\/wp-json\/wp\/v2\/tags?post=18843"}],"curies":[{"name":"wp","href":"https:\/\/api.w.org\/{rel}","templated":true}]}}