{"id":18849,"date":"2022-01-31T22:43:45","date_gmt":"2022-01-31T21:43:45","guid":{"rendered":"https:\/\/www.revue3emillenaire.com\/blog\/?p=18849"},"modified":"2022-02-02T05:02:09","modified_gmt":"2022-02-02T04:02:09","slug":"histoire-du-mouvement-dopposition-au-sans-fil-par-arthur-firstenberg","status":"publish","type":"post","link":"https:\/\/www.revue3emillenaire.com\/blog\/histoire-du-mouvement-dopposition-au-sans-fil-par-arthur-firstenberg\/","title":{"rendered":"Histoire du mouvement d\u2019opposition au sans-fil par Arthur Firstenberg"},"content":{"rendered":"<p align=\"justify\"><em>Traduction libre<\/em><\/p>\n<p align=\"justify\"><strong><a href=\"https:\/\/www.revue3emillenaire.com\/blog\/wp-content\/uploads\/2022\/01\/just-banner-French.png\"><img loading=\"lazy\" decoding=\"async\" class=\"aligncenter size-full wp-image-18850\" src=\"https:\/\/www.revue3emillenaire.com\/blog\/wp-content\/uploads\/2022\/01\/just-banner-French.png\" alt=\"\" width=\"1391\" height=\"368\" srcset=\"https:\/\/www.revue3emillenaire.com\/blog\/wp-content\/uploads\/2022\/01\/just-banner-French.png 1391w, https:\/\/www.revue3emillenaire.com\/blog\/wp-content\/uploads\/2022\/01\/just-banner-French-300x79.png 300w, https:\/\/www.revue3emillenaire.com\/blog\/wp-content\/uploads\/2022\/01\/just-banner-French-1024x271.png 1024w, https:\/\/www.revue3emillenaire.com\/blog\/wp-content\/uploads\/2022\/01\/just-banner-French-768x203.png 768w\" sizes=\"auto, (max-width: 1391px) 100vw, 1391px\" \/><\/a><\/strong><\/p>\n<p align=\"justify\"><strong>En 1996, alors que presque personne ne poss\u00e9dait de t\u00e9l\u00e9phone portable <\/strong>et que le WiFi n\u2019avait pas encore \u00e9t\u00e9 invent\u00e9, des organisations se sont form\u00e9es pour s\u2019opposer \u00e0 la technologie sans fil afin de prot\u00e9ger notre monde d\u2019un assaut sans pr\u00e9c\u00e9dent. L\u2019industrie des t\u00e9l\u00e9communications pr\u00e9voyait de mettre un t\u00e9l\u00e9phone cellulaire dans les mains de chaque homme, femme et enfant afin qu\u2019ils puissent communiquer instantan\u00e9ment de n\u2019importe quel point de la Terre \u00e0 n\u2019importe quel autre point de la Terre. Pour ce faire, et pour la premi\u00e8re fois dans l\u2019histoire de la plan\u00e8te, chaque centim\u00e8tre carr\u00e9 de la Terre allait \u00eatre baign\u00e9 en permanence par les radiations micro-ondes. De plus, chaque \u00eatre humain \u2014 les sept milliards d\u2019entre nous \u2014 allait devenir une source de ce rayonnement. C\u2019\u00e9tait \u00e9galement sans pr\u00e9c\u00e9dent. Les \u00eatres humains, comme toutes les autres cr\u00e9atures, faisaient partie de la nature, et non de ses ennemis. Mais pour la premi\u00e8re fois dans l\u2019histoire de la Terre, chaque membre de l\u2019une de ses esp\u00e8ces allait \u00e9mettre des radiations partout o\u00f9 il allait.<\/p>\n<p align=\"justify\"><strong>Aujourd\u2019hui, en 2021, alors que presque tout le monde poss\u00e8de un t\u00e9l\u00e9phone portable, <\/strong><strong>le<\/strong> WiFi et en moyenne 23\u00a0autres appareils sans fil, les organisations et leurs objectifs ont chang\u00e9. La sant\u00e9 et la nature ont d\u00e9j\u00e0 \u00e9t\u00e9 d\u00e9truites, et la lutte n\u2019est plus contre la technologie sans fil, mais, souvent, l\u2019un contre l\u2019autre. Le but de cet article est de passer en revue cette histoire afin de rappeler aux gens le but de notre mouvement et d\u2019unifier et de r\u00e9orienter une fois de plus l\u2019action mondiale l\u00e0 o\u00f9 elle doit \u00eatre : contre <em>toutes les <\/em>technologies sans fil afin d\u2019<em><b>arr\u00eater<\/b><\/em> <em>les<\/em> radiations et de r\u00e9tablir notre sant\u00e9 et notre environnement avant qu\u2019il ne soit trop tard. Je concentrerai cet article sur l\u2019opposition aux \u00c9tats-Unis parce que je la connais le mieux, mais des dynamiques similaires ont op\u00e9r\u00e9 dans d\u2019autres pays.<\/p>\n<p align=\"justify\">Le 8 f\u00e9vrier 1996, la loi sur les t\u00e9l\u00e9communications a \u00e9t\u00e9 promulgu\u00e9e, imposant le d\u00e9ploiement de la technologie sans fil dans toute l\u2019Am\u00e9rique et interdisant aux gouvernements locaux de prot\u00e9ger la sant\u00e9 et l\u2019environnement de leurs citoyens contre les radiations qu\u2019elle produit. Les organisations existantes et nouvelles de tous les \u00c9tats-Unis se sont unies pour s\u2019opposer \u00e0 la technologie sans fil et tenter de restaurer la d\u00e9mocratie.<\/p>\n<p align=\"justify\">L\u2019Alliance EMR, qui s\u2019\u00e9tait jusqu\u2019alors concentr\u00e9e sur les radiations provenant des lignes \u00e9lectriques et des ordinateurs, a d\u00e9sormais dirig\u00e9 son \u00e9nergie vers la lutte contre les tours de t\u00e9l\u00e9phonie mobile. L\u2019association Citizens for the Appropriate Placement of Telecommunications Facilities (Citoyens pour le placement appropri\u00e9 d\u2019installations de t\u00e9l\u00e9communications) a \u00e9t\u00e9 cr\u00e9\u00e9e. J\u2019ai particip\u00e9 \u00e0 la cr\u00e9ation du Cellular Phone Task Force, qui s\u2019oppose non seulement aux tours cellulaires, mais aussi \u00e0 leur raison d\u2019\u00eatre, \u00e0 savoir les <em>t\u00e9l\u00e9phones cellulaires<\/em>. D\u2019autres organisations ont \u00e9t\u00e9 cr\u00e9\u00e9es, notamment Noe Valley Families Against the Antennas, Healthy Home Alliance, Families for Appropriate Cellular Tower Siting, Ulysses Citizens for Responsible Technology, Hardwick Action Committee, Thistle Hill Neighborhood Alliance, Coalition of Concerned Citizens for Responsible Technologies, Citizens of Marin for Sensible Communications Planning, Northboro Residents for Responsible Tower Siting, Telecommunications Master Plan Coalition of San Francisco et Rainier Valley Association for Safe Wireless Technology. Ces groupes, ainsi que d\u2019autres, des particuliers, des fonctionnaires et la Communications Workers of America, se sont unis pour poursuivre la Commission F\u00e9d\u00e9rale des Communications afin de prot\u00e9ger la sant\u00e9, la nature et la d\u00e9mocratie.<\/p>\n<p align=\"justify\">En 2000, la Cour d\u2019appel du deuxi\u00e8me circuit a statu\u00e9 contre nous, et la Cour supr\u00eame a refus\u00e9 d\u2019entendre notre cause.<\/p>\n<p align=\"justify\">\u00c0 la suite de cet \u00e9chec, une coalition nationale appel\u00e9e EMR Network a \u00e9t\u00e9 cr\u00e9\u00e9e pour tenter d\u2019unifier les efforts visant \u00e0 nous prot\u00e9ger tous contre les rayonnements. Mais au cours des cinq ann\u00e9es qui ont suivi l\u2019adoption de la loi sur les t\u00e9l\u00e9communications, une majorit\u00e9 de la population a acquis des t\u00e9l\u00e9phones portables, et beaucoup ont \u00e9galement acquis le WiFi, qui a \u00e9t\u00e9 invent\u00e9 r\u00e9cemment. Des fissures se sont form\u00e9es dans la coalition, qui commen\u00e7ait \u00e0 se diviser en factions. Une faction s\u2019opposait toujours \u00e0 toute la technologie sans fil. Une autre s\u2019opposait aux tours cellulaires, mais pas aux t\u00e9l\u00e9phones cellulaires, comme si l\u2019un pouvait exister sans l\u2019autre, et comme si les radiations ne provenaient pas des deux. Une troisi\u00e8me repr\u00e9sentait les int\u00e9r\u00eats des personnes qui se disaient \u00e9lectriquement sensibles. Et non seulement il y avait des diff\u00e9rences d\u2019opinions entre nous, mais des int\u00e9r\u00eats ext\u00e9rieurs avaient infiltr\u00e9 notre mouvement et contribu\u00e9 \u00e0 nous diviser.<\/p>\n<p align=\"justify\">L\u2019Alliance EMR, qui avait auparavant fonctionn\u00e9 comme une coalition nationale, a disparu. Son conseiller juridique, Michael Withey, \u00e9tait \u00e0 la t\u00eate d\u2019un r\u00e9seau national d\u2019avocats sp\u00e9cialis\u00e9s dans les pr\u00e9judices corporels, \u00e0 la recherche de poursuites de millions de dollars, appel\u00e9 Electromagnetic Radiation Case Evaluation Team (\u00c9quipe d\u2019\u00e9valuation des cas de rayonnement \u00e9lectromagn\u00e9tique\u00a0; EMRCET). Lorsque ces avocats ont conclu que la n\u00f4tre \u00e9tait une cause perdue et qu\u2019il n\u2019y avait pas d\u2019argent \u00e0 gagner avec des proc\u00e8s sur les rayonnements \u00e9lectromagn\u00e9tiques, l\u2019EMRCET s\u2019est dissoute, et l\u2019Alliance EMR a \u00e9galement disparu.<\/p>\n<p align=\"justify\">Un autre avocat, James Hobson, qui avait repr\u00e9sent\u00e9 la plupart des parties devant le Second Circuit, et qui est devenu l\u2019avocat de l\u2019EMR Network, \u00e9tait un avocat sp\u00e9cialis\u00e9 dans les t\u00e9l\u00e9communications qui, en m\u00eame temps qu\u2019il repr\u00e9sentait les parties contre la FCC, repr\u00e9sentait un certain nombre de soci\u00e9t\u00e9s de t\u00e9l\u00e9communications, ainsi que la Telecommunications Industry Association, sur d\u2019autres sujets. Il avait \u00e9galement \u00e9t\u00e9 auparavant conseiller juridique interne de <em>la <\/em>FCC.<\/p>\n<p align=\"justify\">George Carlo, \u00e0 la fois avocat et scientifique, qui avait dirig\u00e9 les efforts de l\u2019industrie des t\u00e9l\u00e9communications pour prouver que les t\u00e9l\u00e9phones portables \u00e9taient sans danger, a fait la une des journaux lorsqu\u2019il a chang\u00e9 de camp et \u00e9crit un livre condamnant les t\u00e9l\u00e9phones portables comme dangereux. Ce livre s\u2019intitule <em>Cell Phones : Invisible Hazards in the Wireless Age <\/em><em>(<\/em><em>Les t\u00e9l\u00e9phones portables : dangers invisibles de l&rsquo;\u00e8re du sans-fil<\/em><em>)<\/em>. Il a tent\u00e9 de rejoindre la coalition nationale contre la technologie sans fil, mais comme Hobson, tout le monde ne lui faisait pas confiance. Il avait pass\u00e9 la majeure partie de sa carri\u00e8re comme scientifique-\u00e0-louer travaillant pour de grands pollueurs. En plus d\u2019avoir \u00e9t\u00e9 engag\u00e9 par la Cellular Telecommunications Industry Association pour prouver l\u2019innocuit\u00e9 des t\u00e9l\u00e9phones portables, il avait \u00e9t\u00e9 consultant pour le Tobacco Institute, Dow Chemical, Dow Corning, le Chlorine Institute et d\u2019autres pollueurs et avait publi\u00e9 pendant deux d\u00e9cennies des articles cens\u00e9s d\u00e9montrer que la fum\u00e9e de tabac, les implants mammaires, les dioxines, les herbicides et d\u2019autres produits chimiques n\u2019\u00e9taient pas dangereux.<\/p>\n<p align=\"justify\">Finalement, l\u2019EMR Network, en proie \u00e0 des querelles internes, a \u00e9clat\u00e9 et une autre coalition, appel\u00e9e EMR Policy Institute, s\u2019est form\u00e9e. Et progressivement, au fil des ans, alors que les adversaires de l\u2019industrie du sans-fil sont devenus progressivement ses clients, ils ont abandonn\u00e9, pour la plupart, la lutte pour la protection de la sant\u00e9 humaine, de la nature et de la d\u00e9mocratie. Aujourd\u2019hui, de nombreux opposants aux tours cellulaires ne sont non seulement pas oppos\u00e9s aux t\u00e9l\u00e9phones cellulaires, mais ils en sont fortement d\u00e9pendants et ont endommag\u00e9 leur sant\u00e9 en s\u2019exposant pendant des ann\u00e9es \u00e0 leurs radiations. Les oiseaux, les insectes et les animaux ont d\u00e9j\u00e0 disparu de leurs cours et ils se sont habitu\u00e9s \u00e0 vivre sans eux. Auparavant, je recevais davantage d\u2019appels me demandant comment aider \u00e0 lutter contre la technologie sans fil. Aujourd\u2019hui, les gens m\u2019appellent ou m\u2019envoient des courriels depuis leur t\u00e9l\u00e9phone portable pour me demander quel est le type de t\u00e9l\u00e9phone portable le plus s\u00fbr \u00e0 utiliser, \u00e0 quelle distance de leur corps le tenir, quels types d\u2019appareils neutraliseront le mieux les rayonnements et comment distinguer une tour\u00a05G d\u2019une tour\u00a04G. Lorsque je leur dis que les rayonnements sont des rayonnements, qu\u2019il n\u2019y a aucun moyen de les \u00ab\u00a0neutraliser\u00a0\u00bb, que la distance n\u2019a pas d\u2019importance et qu\u2019ils d\u00e9truisent la Terre, quel que soit le nom qu\u2019on leur donne, ils ne comprennent pas ce que je dis. De plus en plus, ils demandent, en signe de frustration, \u00ab\u00a0Quelle est l\u2019alternative ?\u00a0\u00bb Et lorsque je r\u00e9ponds que l\u2019alternative \u00e0 l\u2019<em>absence de <\/em>t\u00e9l\u00e9phone portable est la destruction imminente et bien engag\u00e9e de <em>toute vie sur Terre, y compris la leur<\/em>, ils ne semblent pas enregistrer ce que je dis. Ils ne peuvent tout simplement pas imaginer vivre sans t\u00e9l\u00e9phone portable. <span style=\"color: #000080;\"><u><a class=\"western\" href=\"https:\/\/www.echoearth.org\/\" target=\"_blank\" rel=\"noopener\">ECHOEarth (End Cellphones Here On Earth)<\/a><\/u><\/span>, une organisation que j\u2019ai aid\u00e9 \u00e0 cr\u00e9er en mai 2020 afin de construire un mouvement pour abandonner la technologie sans fil, compte toujours moins de 2000\u00a0membres bien que 300\u00a0000\u00a0personnes et organisations aient sign\u00e9 l\u2019<span style=\"color: #000080;\"><u><a class=\"western\" href=\"https:\/\/www.5gspaceappeal.org\/\" target=\"_blank\" rel=\"noopener\"><i>Appel international pour arr\u00eater la 5G sur Terre et dans l\u2019espace<\/i><\/a><\/u><\/span>.<\/p>\n<p align=\"justify\">Entre-temps, l\u2019EMR Policy Institute a \u00e9galement disparu et de nombreuses nouvelles organisations ont pris sa place. Le but de beaucoup d\u2019entre elles n\u2019est plus d\u2019arr\u00eater les technologies sans fil, ni m\u00eame les tours de t\u00e9l\u00e9phonie mobile, mais simplement d\u2019en arr\u00eater la toute nouvelle version, appel\u00e9e \u00ab\u00a05G\u00a0\u00bb. Il existe une coalition internationale appel\u00e9e Stop\u00a05G International. Aux \u00c9tats-Unis, il existe Stop\u00a05G Chicago, Stop\u00a05G San Diego, Stop\u00a05G Hawa\u00ef, Stop\u00a05G Georgia, 5\u00a0G Free California, 5\u00a0G Free Vermont, 5G Awareness Now, 5G Colorado Action, Citizens Against\u00a05G Cell Towers, et des dizaines d\u2019autres organisations aux noms similaires. Pour beaucoup, ce n\u2019est pas parce qu\u2019ils ne pensent plus que les rayonnements sont nocifs, mais parce qu\u2019ils ont renonc\u00e9 \u00e0 essayer de les arr\u00eater, et parce que la plupart de leurs membres poss\u00e8dent des t\u00e9l\u00e9phones portables.<\/p>\n<p align=\"justify\">Et il y a encore des int\u00e9r\u00eats ext\u00e9rieurs qui prennent des positions de leadership dans notre mouvement, et des avocats des t\u00e9l\u00e9communications qui nous repr\u00e9sentent devant les tribunaux. L\u2019association Children\u2019s Health Defense, dirig\u00e9e par Robert F. Kennedy Jr, fait un travail de plaidoyer formidable. Cependant, elle a \u00e9t\u00e9 repr\u00e9sent\u00e9e dans son travail juridique contre la 5G par Scott McCollough, un avocat sp\u00e9cialis\u00e9 dans les t\u00e9l\u00e9communications. Comme George Carlo et James Hobson, il pr\u00e9tend avoir chang\u00e9 de camp, mais <span style=\"color: #000080;\"><u><a class=\"western\" href=\"https:\/\/www.dotlaw.biz\/\" target=\"_blank\" rel=\"noopener\">son site Web <\/a><\/u><\/span>ne dit rien de tel, et il m\u2019a dit qu\u2019il ne croyait pas que les rayonnements RF nuisent \u00e0 tout le monde, mais seulement aux personnes souffrant d\u2019hypersensibilit\u00e9 \u00e9lectromagn\u00e9tique.<\/p>\n<p align=\"justify\">Et il existe une nouvelle coalition nationale qui comble le vide laiss\u00e9 par l\u2019EMR Policy Institute. Elle tient des r\u00e9unions Zoom tous les deux vendredis et a invit\u00e9 une s\u00e9rie d\u2019excellents conf\u00e9renciers \u00e0 faire des pr\u00e9sentations \u00e0 ces r\u00e9unions. Mais ils ne s\u2019adressent qu\u2019au ch\u0153ur, et l\u2019organisatrice de cette coalition, Odette Wilkens, est une avocate sp\u00e9cialis\u00e9e en technologie qui gagne sa vie en repr\u00e9sentant IBM. IBM est la soci\u00e9t\u00e9 qui a lanc\u00e9 la campagne \u00ab\u00a0Smarter Planet\u00a0\u00bb en 2008 et la \u00ab\u00a0Smarter Cities Challenge\u00a0\u00bb en 2010. Tout ce que fait IBM aujourd\u2019hui d\u00e9pend des t\u00e9l\u00e9phones portables et de la technologie sans fil. J\u2019ai demand\u00e9 \u00e0 Odette si elle avait un conflit d\u2019int\u00e9r\u00eats, mais elle n\u2019a pas r\u00e9pondu. Elle est \u00e9galement une militante des droits des animaux, ce pour quoi je l\u2019admire et j\u2019aimerais pouvoir lui faire confiance, mais elle ne m\u2019a donn\u00e9 aucune raison de le faire.<\/p>\n<p align=\"justify\">Odette a essay\u00e9 de saboter le dossier d\u2019<i>amicus curiae <\/i>qui a \u00e9t\u00e9 d\u00e9pos\u00e9 \u00e0 l\u2019appui de notre requ\u00eate actuelle aupr\u00e8s de la Cour supr\u00eame des \u00c9tats-Unis. Elle a convaincu le coordinateur du dossier d\u2019<i>amicus curiae <\/i>de ne pas le d\u00e9poser, alors que de nombreuses organisations avaient d\u00e9j\u00e0 sign\u00e9 et que des personnes avaient d\u00e9j\u00e0 fait des dons pour ce dossier, de sorte que j\u2019ai d\u00fb trouver une autre organisation au dernier moment pour reprendre l\u2019effort et le faire d\u00e9poser. Elle a dit \u00e0 de nombreuses personnes pourquoi <em>ne pas <\/em>signer le m\u00e9moire de l\u2019<i>amicus curiae <\/i>et pourquoi <em>ne pas faire <\/em><em>un<\/em> don d\u2019argent pour le soutenir. C\u2019est apr\u00e8s avoir fait cela que j\u2019ai enqu\u00eat\u00e9 sur elle et d\u00e9couvert pour qui elle travaille. Son nouveau site web, <span style=\"color: #000080;\"><u><a class=\"western\" href=\"https:\/\/www.wiredbroadband.org\/\" target=\"_blank\" rel=\"noopener\">wiredbroadband.org<\/a><\/u><\/span>, ne porte m\u00eame pas son nom. <span style=\"color: #000080;\"><u><a class=\"western\" href=\"https:\/\/www.youtube.com\/watch?v=2d-d5V-fnlM\" target=\"_blank\" rel=\"noopener\">Dans une interview <\/a><\/u><\/span>(\u00e0 37:55), elle a d\u00e9clar\u00e9, \u00e0 tort, que la clause de pr\u00e9emption de la loi sur les t\u00e9l\u00e9communications, que nous demandons \u00e0 nouveau \u00e0 la Cour supr\u00eame d\u2019invalider, ne s\u2019applique pas \u00e0 la 5G et que les gens ne devraient pas s\u2019en inqui\u00e9ter. Elle a dit que les gouvernements locaux sont libres d\u2019interdire les tours\u00a05G pour prot\u00e9ger notre sant\u00e9 et notre environnement parce qu\u2019elles fournissent des services \u00ab\u00a0haut d\u00e9bit\u00a0\u00bb et non des services de \u00ab\u00a0t\u00e9l\u00e9phonie cellulaire\u00a0\u00bb.<\/p>\n<p align=\"justify\">Mais c\u2019est faux. Aujourd\u2019hui, \u00ab\u00a0cellulaire\u00a0\u00bb et \u00ab\u00a0haut d\u00e9bit\u00a0\u00bb ont fusionn\u00e9 et il n\u2019y a plus de diff\u00e9rence. La 5G fournit \u00e0 la fois des services vocaux et Internet. Et la clause de pr\u00e9emption ne dit pas \u00ab\u00a0tours cellulaires\u00a0\u00bb, elle dit \u00ab\u00a0installations de services sans fil personnels\u00a0\u00bb, ce qui englobe tout. Nous sommes de retour devant la Cour supr\u00eame apr\u00e8s vingt ans pour lui demander, \u00e0 nouveau, d\u2019annuler cette clause, afin de redonner aux gouvernements locaux le droit de prot\u00e9ger notre sant\u00e9 et notre environnement, et d\u2019imposer une responsabilit\u00e9 aux entreprises de t\u00e9l\u00e9communications qui blessent et tuent des gens. En 2000, le deuxi\u00e8me circuit n\u2019a abord\u00e9 que la question des droits des \u00c9tats. Aujourd\u2019hui, nous demandons nos droits personnels \u00e0 la vie, \u00e0 la libert\u00e9 et \u00e0 la propri\u00e9t\u00e9. Et dans notre requ\u00eate \u00e0 la Cour supr\u00eame, nous ne sommes pas repr\u00e9sent\u00e9s par des avocats sp\u00e9cialis\u00e9s dans les t\u00e9l\u00e9communications, mais par des avocats sp\u00e9cialis\u00e9s dans le droit de l\u2019environnement et les droits civils.<\/p>\n<p align=\"justify\">Les radiations \u00e9mises par les t\u00e9l\u00e9phones portables sont plus, et non moins, nocives que celles \u00e9mises par les tours de t\u00e9l\u00e9phonie mobile. Il y a 15\u00a0milliards d\u2019appareils mobiles dans le monde, et seulement sept millions de tours. Et les t\u00e9l\u00e9phones sont juste \u00e0 c\u00f4t\u00e9 du corps de chacun. La principale diff\u00e9rence est que les gens s\u2019y sont habitu\u00e9s. Les gens se sont habitu\u00e9s \u00e0 l\u2019absence de papillons et de moineaux. Les gens se sont habitu\u00e9s \u00e0 \u00eatre gros et diab\u00e9tiques, et \u00e0 risquer des crises cardiaques et des accidents vasculaires c\u00e9r\u00e9braux. Par cette lettre d\u2019information, je m\u2019adresse \u00e0 toutes les organisations et \u00e0 toutes les personnes qui aiment cette Terre. Je leur demande de se souvenir de ce pour quoi ils se battent et de s\u2019unir dans une campagne pour abandonner la technologie sans fil et \u00e9liminer les t\u00e9l\u00e9phones portables de cette plan\u00e8te afin de la sauver. Les t\u00e9l\u00e9phones cellulaires ne sont pas la seule menace pour la vie sur Terre, mais ils sont la plus urgente.<\/p>\n<p align=\"justify\">Les t\u00e9l\u00e9phones portables sont effectivement des appareils radioactifs. L\u2019id\u00e9e qu\u2019ils <em>ne <\/em><i>sont<\/i> <em>pas <\/em>radioactifs provient d\u2019une distinction erron\u00e9e faite par la communaut\u00e9 m\u00e9dicale il y a un si\u00e8cle, \u00e0 laquelle la plupart des gens persistent \u00e0 croire malgr\u00e9 un si\u00e8cle de recherches montrant que cette distinction n\u2019est gu\u00e8re plus qu\u2019un fantasme. C\u2019est un fantasme qui dit que (a) seuls les rayonnements au-dessus d\u2019une certaine fr\u00e9quence sont assez \u00e9nerg\u00e9tiques pour enlever les \u00e9lectrons des mol\u00e9cules et former des ions (b) cela provoque des mutations g\u00e9n\u00e9tiques qui sont la cause du cancer, et (c) les rayonnements sont inoffensifs s\u2019ils ne provoquent pas de cancer.<\/p>\n<p align=\"justify\">La plus \u00e9vidente de ces fictions est que les radiations n\u2019ont pas d\u2019autres effets que le cancer. Alors qu\u2019en fait, les rayonnements agissent directement sur les \u00e9lectrons de nos mitochondries, ralentissant le m\u00e9tabolisme, nous rendant hypoxiques et provoquant le diab\u00e8te, les maladies cardiaques et, oui, le cancer. Les rayonnements agissent \u00e9galement directement sur toutes les lignes de transmission \u00e9lectrique de notre corps, y compris nos nerfs, nos vaisseaux sanguins, le pacemaker de notre c\u0153ur, et oui \u2014 m\u00eame si la m\u00e9decine occidentale ne reconna\u00eet pas leur existence \u2014 nos m\u00e9ridiens d\u2019acupuncture. Tout cela perturbe la vie et, en seulement 26\u00a0ans, a \u00e9limin\u00e9 la plupart des insectes de la Terre, un grand pourcentage des petits oiseaux, et menace de mani\u00e8re imminente de mettre fin \u00e0 ce qui reste \u2014 y compris nous \u2014 si nous n\u2019y mettons pas un terme.<\/p>\n<p align=\"justify\"><strong>S\u2019il vous pla\u00eet, travaillez avec moi sur une campagne pour abolir les t\u00e9l\u00e9phones portables.<\/strong> C\u2019est n\u00e9cessaire, c\u2019est r\u00e9aliste, et l\u2019alternative est impensable. Des milliers de personnes m\u2019ont \u00e9crit au cours des derni\u00e8res ann\u00e9es pour me demander comment elles pouvaient m\u2019aider. Vous pouvez tous aider \u00e0 lancer ce mouvement en jetant vos t\u00e9l\u00e9phones portables et en rejoignant <span style=\"color: #000080;\"><u><a class=\"western\" href=\"https:\/\/www.echoearth.org\/\" target=\"_blank\" rel=\"noopener\">ECHOEarth<\/a><\/u><\/span>. D\u00e8s que suffisamment de personnes auront adh\u00e9r\u00e9 \u00e0 ECHOEarth pour que le nombre d\u2019adh\u00e9rents soit suffisant, je contacterai les personnes qui veulent travailler s\u00e9rieusement sur ce projet et nous pourrons discuter des prochaines \u00e9tapes.<\/p>\n<p align=\"center\"><span style=\"color: #000000;\"><span style=\"font-family: Calibri, serif;\"><span style=\"font-family: Times New Roman, serif;\"><span style=\"font-size: large;\">Arthur Firstenberg <\/span><\/span><\/span><\/span><\/p>\n<p align=\"center\"><span style=\"color: #212529;\">Auteur,\u00a0<\/span><span style=\"color: #000080;\"><a class=\"western\" href=\"https:\/\/editions-ambre.fr\/boutique\/sante\/larc-en-ciel-invisble\/\" target=\"_blank\" rel=\"noopener\"><span style=\"color: #007bff;\"><i><b>L\u2019arc-en-ciel invisible : une histoire de l\u2019\u00e9lectricit\u00e9 et de la vie<\/b><\/i><\/span><\/a><\/span><\/p>\n<p align=\"center\"><span style=\"color: #000000;\"><span style=\"font-family: Calibri, serif;\"><span style=\"font-family: Times New Roman, serif;\"><span style=\"font-size: large;\">Administrateur, <\/span><\/span><span style=\"color: #000080;\"><a class=\"western\" href=\"https:\/\/www.5gspaceappeal.org\/\" target=\"_blank\" rel=\"noopener\"><span style=\"color: #0000ff;\"><span style=\"font-family: Times New Roman, serif;\"><span style=\"font-size: large;\"><i>International Appeal to Stop 5G on Earth and in Space <\/i><\/span><\/span><\/span><\/a><\/span><\/span><\/span><\/p>\n<p align=\"center\"><span style=\"color: #000000;\"><span style=\"font-family: Calibri, serif;\"><span style=\"font-family: Times New Roman, serif;\"><span style=\"font-size: large;\">Caretaker, <\/span><\/span><span style=\"color: #000080;\"><a class=\"western\" href=\"https:\/\/www.echoearth.org\/\" target=\"_blank\" rel=\"noopener\"><span style=\"color: #0000ff;\"><span style=\"font-family: Times New Roman, serif;\"><span style=\"font-size: large;\">ECHOEarth (End Cellphones Here On Earth) <\/span><\/span><\/span><\/a><\/span><\/span><\/span><\/p>\n<p align=\"center\"><span style=\"color: #000000;\"><span style=\"font-family: Calibri, serif;\"><span style=\"font-family: Times New Roman, serif;\"><span style=\"font-size: large;\">P.O. Box 6216 <\/span><\/span><\/span><\/span><\/p>\n<p align=\"center\"><span style=\"color: #000000;\"><span style=\"font-family: Calibri, serif;\"><span style=\"font-family: Times New Roman, serif;\"><span style=\"font-size: large;\">Santa Fe, NM 87502 <\/span><\/span><\/span><\/span><\/p>\n<p align=\"center\"><span style=\"color: #000000;\"><span style=\"font-family: Calibri, serif;\"><span style=\"font-family: Times New Roman, serif;\"><span style=\"font-size: large;\">USA <\/span><\/span><\/span><\/span><\/p>\n<p align=\"center\"><span style=\"color: #000000;\"><span style=\"font-family: Calibri, serif;\"><span style=\"font-family: Times New Roman, serif;\"><span style=\"font-size: large;\">phone: +1 505-471-0129 <\/span><\/span><\/span><\/span><\/p>\n<p align=\"center\"><span style=\"color: #000000;\"><span style=\"font-family: Calibri, serif;\"><span style=\"font-family: Times New Roman, serif;\"><span style=\"font-size: large;\">info@cellphonetaskforce.org <\/span><\/span><\/span><\/span><\/p>\n<p align=\"center\"><span style=\"font-size: large;\">Janvier 26, 2022 <\/span><\/p>\n<p align=\"justify\"><span style=\"color: #212529;\">Les 35 derniers <a href=\"https:\/\/www.cellphonetaskforce.org\/newsletters\/\" target=\"_blank\" rel=\"noopener\">bulletins d&rsquo;information<\/a>, y compris celui-ci, sont disponibles pour le t\u00e9l\u00e9chargement et le partage sur la page Newsletters du Cellular Phone Task Force. Certains des bulletins sont \u00e9galement disponibles en allemand, espagnol, italien, fran\u00e7ais, norv\u00e9gien, et n\u00e9erlandais. Pour vous abonner, , rendez-vous sur <\/span><span style=\"color: #000080;\"><a class=\"western\" href=\"http:\/\/www.cellphonetaskforce.org\/subscribe\" target=\"_blank\" rel=\"noopener\"><span style=\"color: #007bff;\">www.cellphonetaskforce.org\/subscribe<\/span><\/a><\/span><\/p>\n","protected":false},"excerpt":{"rendered":"<p>Traduction libre En 1996, alors que presque personne ne poss\u00e9dait de t\u00e9l\u00e9phone portable et que le WiFi n\u2019avait pas encore \u00e9t\u00e9 invent\u00e9, des organisations se sont form\u00e9es pour s\u2019opposer \u00e0 la technologie sans fil afin de prot\u00e9ger notre monde d\u2019un assaut sans pr\u00e9c\u00e9dent. L\u2019industrie des t\u00e9l\u00e9communications pr\u00e9voyait de mettre un t\u00e9l\u00e9phone cellulaire dans les mains [&hellip;]<\/p>\n","protected":false},"author":2,"featured_media":18304,"comment_status":"closed","ping_status":"closed","sticky":false,"template":"","format":"standard","meta":{"footnotes":""},"categories":[1540,1594],"tags":[],"class_list":["post-18849","post","type-post","status-publish","format-standard","has-post-thumbnail","hentry","category-actualite","category-firstenberg-arthur"],"yoast_head":"<!-- This site is optimized with the Yoast SEO plugin v27.0 - https:\/\/yoast.com\/product\/yoast-seo-wordpress\/ -->\n<title>Histoire du mouvement d\u2019opposition au sans-fil par Arthur Firstenberg - 3e mill\u00e9naire - Spiritualit\u00e9 - Connaissance de soi - Non-dualit\u00e9 - M\u00e9ditation<\/title>\n<meta name=\"robots\" content=\"index, follow, max-snippet:-1, max-image-preview:large, max-video-preview:-1\" \/>\n<link rel=\"canonical\" href=\"https:\/\/www.revue3emillenaire.com\/blog\/histoire-du-mouvement-dopposition-au-sans-fil-par-arthur-firstenberg\/\" \/>\n<meta property=\"og:locale\" content=\"fr_FR\" \/>\n<meta property=\"og:type\" content=\"article\" \/>\n<meta property=\"og:title\" content=\"Histoire du mouvement d\u2019opposition au sans-fil par Arthur Firstenberg - 3e mill\u00e9naire - Spiritualit\u00e9 - Connaissance de soi - Non-dualit\u00e9 - M\u00e9ditation\" \/>\n<meta property=\"og:description\" content=\"Traduction libre En 1996, alors que presque personne ne poss\u00e9dait de t\u00e9l\u00e9phone portable et que le WiFi n\u2019avait pas encore \u00e9t\u00e9 invent\u00e9, des organisations se sont form\u00e9es pour s\u2019opposer \u00e0 la technologie sans fil afin de prot\u00e9ger notre monde d\u2019un assaut sans pr\u00e9c\u00e9dent. L\u2019industrie des t\u00e9l\u00e9communications pr\u00e9voyait de mettre un t\u00e9l\u00e9phone cellulaire dans les mains [&hellip;]\" \/>\n<meta property=\"og:url\" content=\"https:\/\/www.revue3emillenaire.com\/blog\/histoire-du-mouvement-dopposition-au-sans-fil-par-arthur-firstenberg\/\" \/>\n<meta property=\"og:site_name\" content=\"3e mill\u00e9naire - Spiritualit\u00e9 - Connaissance de soi - Non-dualit\u00e9 - M\u00e9ditation\" \/>\n<meta property=\"article:published_time\" content=\"2022-01-31T21:43:45+00:00\" \/>\n<meta property=\"article:modified_time\" content=\"2022-02-02T04:02:09+00:00\" \/>\n<meta property=\"og:image\" content=\"https:\/\/www.revue3emillenaire.com\/blog\/wp-content\/uploads\/2020\/12\/Arthur-Firstenberg.jpg\" \/>\n\t<meta property=\"og:image:width\" content=\"329\" \/>\n\t<meta property=\"og:image:height\" content=\"365\" \/>\n\t<meta property=\"og:image:type\" content=\"image\/jpeg\" \/>\n<meta name=\"author\" content=\"3e mill\u00e9naire\" \/>\n<meta name=\"twitter:card\" content=\"summary_large_image\" \/>\n<meta name=\"twitter:label1\" content=\"\u00c9crit par\" \/>\n\t<meta name=\"twitter:data1\" content=\"3e mill\u00e9naire\" \/>\n\t<meta name=\"twitter:label2\" content=\"Dur\u00e9e de lecture estim\u00e9e\" \/>\n\t<meta name=\"twitter:data2\" content=\"15 minutes\" \/>\n<script type=\"application\/ld+json\" class=\"yoast-schema-graph\">{\"@context\":\"https:\/\/schema.org\",\"@graph\":[{\"@type\":\"Article\",\"@id\":\"https:\/\/www.revue3emillenaire.com\/blog\/histoire-du-mouvement-dopposition-au-sans-fil-par-arthur-firstenberg\/#article\",\"isPartOf\":{\"@id\":\"https:\/\/www.revue3emillenaire.com\/blog\/histoire-du-mouvement-dopposition-au-sans-fil-par-arthur-firstenberg\/\"},\"author\":{\"name\":\"3e mill\u00e9naire\",\"@id\":\"https:\/\/www.revue3emillenaire.com\/blog\/#\/schema\/person\/b692dacff720a5344a6190bc714397eb\"},\"headline\":\"Histoire du mouvement d\u2019opposition au sans-fil par Arthur Firstenberg\",\"datePublished\":\"2022-01-31T21:43:45+00:00\",\"dateModified\":\"2022-02-02T04:02:09+00:00\",\"mainEntityOfPage\":{\"@id\":\"https:\/\/www.revue3emillenaire.com\/blog\/histoire-du-mouvement-dopposition-au-sans-fil-par-arthur-firstenberg\/\"},\"wordCount\":3154,\"image\":{\"@id\":\"https:\/\/www.revue3emillenaire.com\/blog\/histoire-du-mouvement-dopposition-au-sans-fil-par-arthur-firstenberg\/#primaryimage\"},\"thumbnailUrl\":\"https:\/\/www.revue3emillenaire.com\/blog\/wp-content\/uploads\/2020\/12\/Arthur-Firstenberg.jpg\",\"articleSection\":[\"Actualit\u00e9s\",\"Firstenberg Arthur\"],\"inLanguage\":\"fr-FR\"},{\"@type\":\"WebPage\",\"@id\":\"https:\/\/www.revue3emillenaire.com\/blog\/histoire-du-mouvement-dopposition-au-sans-fil-par-arthur-firstenberg\/\",\"url\":\"https:\/\/www.revue3emillenaire.com\/blog\/histoire-du-mouvement-dopposition-au-sans-fil-par-arthur-firstenberg\/\",\"name\":\"Histoire du mouvement d\u2019opposition au sans-fil par Arthur Firstenberg - 3e mill\u00e9naire - Spiritualit\u00e9 - Connaissance de soi - Non-dualit\u00e9 - M\u00e9ditation\",\"isPartOf\":{\"@id\":\"https:\/\/www.revue3emillenaire.com\/blog\/#website\"},\"primaryImageOfPage\":{\"@id\":\"https:\/\/www.revue3emillenaire.com\/blog\/histoire-du-mouvement-dopposition-au-sans-fil-par-arthur-firstenberg\/#primaryimage\"},\"image\":{\"@id\":\"https:\/\/www.revue3emillenaire.com\/blog\/histoire-du-mouvement-dopposition-au-sans-fil-par-arthur-firstenberg\/#primaryimage\"},\"thumbnailUrl\":\"https:\/\/www.revue3emillenaire.com\/blog\/wp-content\/uploads\/2020\/12\/Arthur-Firstenberg.jpg\",\"datePublished\":\"2022-01-31T21:43:45+00:00\",\"dateModified\":\"2022-02-02T04:02:09+00:00\",\"author\":{\"@id\":\"https:\/\/www.revue3emillenaire.com\/blog\/#\/schema\/person\/b692dacff720a5344a6190bc714397eb\"},\"breadcrumb\":{\"@id\":\"https:\/\/www.revue3emillenaire.com\/blog\/histoire-du-mouvement-dopposition-au-sans-fil-par-arthur-firstenberg\/#breadcrumb\"},\"inLanguage\":\"fr-FR\",\"potentialAction\":[{\"@type\":\"ReadAction\",\"target\":[\"https:\/\/www.revue3emillenaire.com\/blog\/histoire-du-mouvement-dopposition-au-sans-fil-par-arthur-firstenberg\/\"]}]},{\"@type\":\"ImageObject\",\"inLanguage\":\"fr-FR\",\"@id\":\"https:\/\/www.revue3emillenaire.com\/blog\/histoire-du-mouvement-dopposition-au-sans-fil-par-arthur-firstenberg\/#primaryimage\",\"url\":\"https:\/\/www.revue3emillenaire.com\/blog\/wp-content\/uploads\/2020\/12\/Arthur-Firstenberg.jpg\",\"contentUrl\":\"https:\/\/www.revue3emillenaire.com\/blog\/wp-content\/uploads\/2020\/12\/Arthur-Firstenberg.jpg\",\"width\":329,\"height\":365},{\"@type\":\"BreadcrumbList\",\"@id\":\"https:\/\/www.revue3emillenaire.com\/blog\/histoire-du-mouvement-dopposition-au-sans-fil-par-arthur-firstenberg\/#breadcrumb\",\"itemListElement\":[{\"@type\":\"ListItem\",\"position\":1,\"name\":\"Accueil\",\"item\":\"https:\/\/www.revue3emillenaire.com\/blog\/\"},{\"@type\":\"ListItem\",\"position\":2,\"name\":\"Histoire du mouvement d\u2019opposition au sans-fil par Arthur Firstenberg\"}]},{\"@type\":\"WebSite\",\"@id\":\"https:\/\/www.revue3emillenaire.com\/blog\/#website\",\"url\":\"https:\/\/www.revue3emillenaire.com\/blog\/\",\"name\":\"3e mill\u00e9naire - Spiritualit\u00e9 - Connaissance de soi - Non-dualit\u00e9 - M\u00e9ditation\",\"description\":\"L&#039;Homme en devenir\",\"potentialAction\":[{\"@type\":\"SearchAction\",\"target\":{\"@type\":\"EntryPoint\",\"urlTemplate\":\"https:\/\/www.revue3emillenaire.com\/blog\/?s={search_term_string}\"},\"query-input\":{\"@type\":\"PropertyValueSpecification\",\"valueRequired\":true,\"valueName\":\"search_term_string\"}}],\"inLanguage\":\"fr-FR\"},{\"@type\":\"Person\",\"@id\":\"https:\/\/www.revue3emillenaire.com\/blog\/#\/schema\/person\/b692dacff720a5344a6190bc714397eb\",\"name\":\"3e mill\u00e9naire\",\"url\":\"https:\/\/www.revue3emillenaire.com\/blog\/author\/scoussa\/\"}]}<\/script>\n<!-- \/ Yoast SEO plugin. -->","yoast_head_json":{"title":"Histoire du mouvement d\u2019opposition au sans-fil par Arthur Firstenberg - 3e mill\u00e9naire - Spiritualit\u00e9 - Connaissance de soi - Non-dualit\u00e9 - M\u00e9ditation","robots":{"index":"index","follow":"follow","max-snippet":"max-snippet:-1","max-image-preview":"max-image-preview:large","max-video-preview":"max-video-preview:-1"},"canonical":"https:\/\/www.revue3emillenaire.com\/blog\/histoire-du-mouvement-dopposition-au-sans-fil-par-arthur-firstenberg\/","og_locale":"fr_FR","og_type":"article","og_title":"Histoire du mouvement d\u2019opposition au sans-fil par Arthur Firstenberg - 3e mill\u00e9naire - Spiritualit\u00e9 - Connaissance de soi - Non-dualit\u00e9 - M\u00e9ditation","og_description":"Traduction libre En 1996, alors que presque personne ne poss\u00e9dait de t\u00e9l\u00e9phone portable et que le WiFi n\u2019avait pas encore \u00e9t\u00e9 invent\u00e9, des organisations se sont form\u00e9es pour s\u2019opposer \u00e0 la technologie sans fil afin de prot\u00e9ger notre monde d\u2019un assaut sans pr\u00e9c\u00e9dent. L\u2019industrie des t\u00e9l\u00e9communications pr\u00e9voyait de mettre un t\u00e9l\u00e9phone cellulaire dans les mains [&hellip;]","og_url":"https:\/\/www.revue3emillenaire.com\/blog\/histoire-du-mouvement-dopposition-au-sans-fil-par-arthur-firstenberg\/","og_site_name":"3e mill\u00e9naire - Spiritualit\u00e9 - Connaissance de soi - Non-dualit\u00e9 - M\u00e9ditation","article_published_time":"2022-01-31T21:43:45+00:00","article_modified_time":"2022-02-02T04:02:09+00:00","og_image":[{"width":329,"height":365,"url":"https:\/\/www.revue3emillenaire.com\/blog\/wp-content\/uploads\/2020\/12\/Arthur-Firstenberg.jpg","type":"image\/jpeg"}],"author":"3e mill\u00e9naire","twitter_card":"summary_large_image","twitter_misc":{"\u00c9crit par":"3e mill\u00e9naire","Dur\u00e9e de lecture estim\u00e9e":"15 minutes"},"schema":{"@context":"https:\/\/schema.org","@graph":[{"@type":"Article","@id":"https:\/\/www.revue3emillenaire.com\/blog\/histoire-du-mouvement-dopposition-au-sans-fil-par-arthur-firstenberg\/#article","isPartOf":{"@id":"https:\/\/www.revue3emillenaire.com\/blog\/histoire-du-mouvement-dopposition-au-sans-fil-par-arthur-firstenberg\/"},"author":{"name":"3e mill\u00e9naire","@id":"https:\/\/www.revue3emillenaire.com\/blog\/#\/schema\/person\/b692dacff720a5344a6190bc714397eb"},"headline":"Histoire du mouvement d\u2019opposition au sans-fil par Arthur Firstenberg","datePublished":"2022-01-31T21:43:45+00:00","dateModified":"2022-02-02T04:02:09+00:00","mainEntityOfPage":{"@id":"https:\/\/www.revue3emillenaire.com\/blog\/histoire-du-mouvement-dopposition-au-sans-fil-par-arthur-firstenberg\/"},"wordCount":3154,"image":{"@id":"https:\/\/www.revue3emillenaire.com\/blog\/histoire-du-mouvement-dopposition-au-sans-fil-par-arthur-firstenberg\/#primaryimage"},"thumbnailUrl":"https:\/\/www.revue3emillenaire.com\/blog\/wp-content\/uploads\/2020\/12\/Arthur-Firstenberg.jpg","articleSection":["Actualit\u00e9s","Firstenberg Arthur"],"inLanguage":"fr-FR"},{"@type":"WebPage","@id":"https:\/\/www.revue3emillenaire.com\/blog\/histoire-du-mouvement-dopposition-au-sans-fil-par-arthur-firstenberg\/","url":"https:\/\/www.revue3emillenaire.com\/blog\/histoire-du-mouvement-dopposition-au-sans-fil-par-arthur-firstenberg\/","name":"Histoire du mouvement d\u2019opposition au sans-fil par Arthur Firstenberg - 3e mill\u00e9naire - Spiritualit\u00e9 - Connaissance de soi - Non-dualit\u00e9 - M\u00e9ditation","isPartOf":{"@id":"https:\/\/www.revue3emillenaire.com\/blog\/#website"},"primaryImageOfPage":{"@id":"https:\/\/www.revue3emillenaire.com\/blog\/histoire-du-mouvement-dopposition-au-sans-fil-par-arthur-firstenberg\/#primaryimage"},"image":{"@id":"https:\/\/www.revue3emillenaire.com\/blog\/histoire-du-mouvement-dopposition-au-sans-fil-par-arthur-firstenberg\/#primaryimage"},"thumbnailUrl":"https:\/\/www.revue3emillenaire.com\/blog\/wp-content\/uploads\/2020\/12\/Arthur-Firstenberg.jpg","datePublished":"2022-01-31T21:43:45+00:00","dateModified":"2022-02-02T04:02:09+00:00","author":{"@id":"https:\/\/www.revue3emillenaire.com\/blog\/#\/schema\/person\/b692dacff720a5344a6190bc714397eb"},"breadcrumb":{"@id":"https:\/\/www.revue3emillenaire.com\/blog\/histoire-du-mouvement-dopposition-au-sans-fil-par-arthur-firstenberg\/#breadcrumb"},"inLanguage":"fr-FR","potentialAction":[{"@type":"ReadAction","target":["https:\/\/www.revue3emillenaire.com\/blog\/histoire-du-mouvement-dopposition-au-sans-fil-par-arthur-firstenberg\/"]}]},{"@type":"ImageObject","inLanguage":"fr-FR","@id":"https:\/\/www.revue3emillenaire.com\/blog\/histoire-du-mouvement-dopposition-au-sans-fil-par-arthur-firstenberg\/#primaryimage","url":"https:\/\/www.revue3emillenaire.com\/blog\/wp-content\/uploads\/2020\/12\/Arthur-Firstenberg.jpg","contentUrl":"https:\/\/www.revue3emillenaire.com\/blog\/wp-content\/uploads\/2020\/12\/Arthur-Firstenberg.jpg","width":329,"height":365},{"@type":"BreadcrumbList","@id":"https:\/\/www.revue3emillenaire.com\/blog\/histoire-du-mouvement-dopposition-au-sans-fil-par-arthur-firstenberg\/#breadcrumb","itemListElement":[{"@type":"ListItem","position":1,"name":"Accueil","item":"https:\/\/www.revue3emillenaire.com\/blog\/"},{"@type":"ListItem","position":2,"name":"Histoire du mouvement d\u2019opposition au sans-fil par Arthur Firstenberg"}]},{"@type":"WebSite","@id":"https:\/\/www.revue3emillenaire.com\/blog\/#website","url":"https:\/\/www.revue3emillenaire.com\/blog\/","name":"3e mill\u00e9naire - Spiritualit\u00e9 - Connaissance de soi - Non-dualit\u00e9 - M\u00e9ditation","description":"L&#039;Homme en devenir","potentialAction":[{"@type":"SearchAction","target":{"@type":"EntryPoint","urlTemplate":"https:\/\/www.revue3emillenaire.com\/blog\/?s={search_term_string}"},"query-input":{"@type":"PropertyValueSpecification","valueRequired":true,"valueName":"search_term_string"}}],"inLanguage":"fr-FR"},{"@type":"Person","@id":"https:\/\/www.revue3emillenaire.com\/blog\/#\/schema\/person\/b692dacff720a5344a6190bc714397eb","name":"3e mill\u00e9naire","url":"https:\/\/www.revue3emillenaire.com\/blog\/author\/scoussa\/"}]}},"_links":{"self":[{"href":"https:\/\/www.revue3emillenaire.com\/blog\/wp-json\/wp\/v2\/posts\/18849","targetHints":{"allow":["GET"]}}],"collection":[{"href":"https:\/\/www.revue3emillenaire.com\/blog\/wp-json\/wp\/v2\/posts"}],"about":[{"href":"https:\/\/www.revue3emillenaire.com\/blog\/wp-json\/wp\/v2\/types\/post"}],"author":[{"embeddable":true,"href":"https:\/\/www.revue3emillenaire.com\/blog\/wp-json\/wp\/v2\/users\/2"}],"replies":[{"embeddable":true,"href":"https:\/\/www.revue3emillenaire.com\/blog\/wp-json\/wp\/v2\/comments?post=18849"}],"version-history":[{"count":0,"href":"https:\/\/www.revue3emillenaire.com\/blog\/wp-json\/wp\/v2\/posts\/18849\/revisions"}],"wp:featuredmedia":[{"embeddable":true,"href":"https:\/\/www.revue3emillenaire.com\/blog\/wp-json\/wp\/v2\/media\/18304"}],"wp:attachment":[{"href":"https:\/\/www.revue3emillenaire.com\/blog\/wp-json\/wp\/v2\/media?parent=18849"}],"wp:term":[{"taxonomy":"category","embeddable":true,"href":"https:\/\/www.revue3emillenaire.com\/blog\/wp-json\/wp\/v2\/categories?post=18849"},{"taxonomy":"post_tag","embeddable":true,"href":"https:\/\/www.revue3emillenaire.com\/blog\/wp-json\/wp\/v2\/tags?post=18849"}],"curies":[{"name":"wp","href":"https:\/\/api.w.org\/{rel}","templated":true}]}}