{"id":18867,"date":"2022-03-14T21:14:33","date_gmt":"2022-03-14T20:14:33","guid":{"rendered":"https:\/\/www.revue3emillenaire.com\/blog\/?p=18867"},"modified":"2022-03-14T21:14:33","modified_gmt":"2022-03-14T20:14:33","slug":"a-propos-de-lideologie-par-claude-tresmontant","status":"publish","type":"post","link":"https:\/\/www.revue3emillenaire.com\/blog\/a-propos-de-lideologie-par-claude-tresmontant\/","title":{"rendered":"\u00c0 propos de l&rsquo;id\u00e9ologie par Claude Tresmontant"},"content":{"rendered":"<p align=\"justify\">Dans le galimatias, r\u00e9gnant, surtout en philosophie, les auteurs s&rsquo;envoient \u00e0 la figure le terme d&rsquo;id\u00e9ologie. Tout le monde en parle dans les livres \u00e0 la mode (la mode est br\u00e8ve, elle dure ce que durent les roses), dans la presse, \u00e0 la radio.<\/p>\n<p align=\"justify\">Nos lecteurs de <i>La Voix du Nord<\/i> doivent savoir que le mot id\u00e9ologie a \u00e9t\u00e9 cr\u00e9\u00e9 \u00e0 la fin du XVII<sup>e<\/sup> si\u00e8cle, par Destutt de Tracy dans un ouvrage publi\u00e9 en 1796, <i>M\u00e9moire sur la facult\u00e9 d<\/i><i>e <\/i><i>penser<\/i>. Dans la pens\u00e9e de cet auteur, l&rsquo;id\u00e9ologie est une science qui a pour objet les id\u00e9es, une science qui \u00e9tudie les id\u00e9es, les faits de conscience, les repr\u00e9sentations, de m\u00eame que la cosmologie est une science qui a pour objet le cosmos, c&rsquo;est-\u00e0-dire l&rsquo;Univers, l&rsquo;anthropologie une science qui a pour objet l&rsquo;antr\u00f4pos, c&rsquo;est-\u00e0-dire l&rsquo;homme, la biologie une science qui a pour objet les \u00eatres vivants, et ainsi de suite. La pal\u00e9ontologie est une science qui a pour objet les \u00eatres vivants du pass\u00e9.<\/p>\n<p align=\"justify\">C&rsquo;est peut-\u00eatre Napol\u00e9on Bonaparte qui a tordu ou renvers\u00e9 ou fauss\u00e9 le sens de ce terme : \u00e0 ses yeux, une id\u00e9ologie est une doctrine creuse, qui n&rsquo;a pas de fondement dans le r\u00e9el. Cette mani\u00e8re de comprendre le terme id\u00e9ologie est bien entendu un contresens.<\/p>\n<p align=\"justify\">Marx et son ami Engels ont repris ce contresens. A leurs yeux une id\u00e9ologie est une doctrine, une th\u00e9orie, un ensemble d&rsquo;id\u00e9es qui n&rsquo;a pas de fondement dans la r\u00e9alit\u00e9 objective, c&rsquo;est-\u00e0-dire dans la r\u00e9alit\u00e9 mat\u00e9rielle. Donc, dans le langage marxiste, une id\u00e9ologie est une doctrine fausse. Demandez \u00e0 un vieux marxiste si le marxisme est une id\u00e9ologie, il vous r\u00e9pondra que non, puisque le marxisme est la science de la nature et de l&rsquo;histoire. Une science, dans le langage marxiste, n&rsquo;est pas une id\u00e9ologie, puisqu&rsquo;elle a un fondement exp\u00e9rimental.<\/p>\n<p align=\"justify\">Depuis, tout le monde ou presque se sert de ce terme id\u00e9ologie \u00e0 contresens. Pour \u00e9viter, dans la mesure du possible, le galimatias, lorsqu&rsquo;on veut parler d&rsquo;une doctrine, le plus simple serait d&rsquo;utiliser le mot doctrine, sans aller chercher le terme forg\u00e9 par Destutt de Tracy dans une tout autre intention et acception.<\/p>\n<p align=\"justify\">La question est maintenant de savoir ce que vaut une doctrine, telle doctrine. Voil\u00e0 une question saine, l\u00e9gitime, n\u00e9cessaire. Nous sommes tous n\u00e9s quelque part : soit dans un milieu bouddhiste, soit dans un milieu tao\u00efste, soit dans un milieu marxiste, soit dans un milieu musulman, soit dans un milieu juif, soit dans un milieu chr\u00e9tien, et si c&rsquo;est le cas nous pouvons \u00eatre n\u00e9s dans l&rsquo;une des multiples sectes chr\u00e9tiennes qui s&rsquo;opposent et se rejettent mutuellement ; nous pouvons aussi \u00eatre n\u00e9s dans un milieu agnostique, sceptique, dans une famille de libres penseurs. J&rsquo;en oublie certainement, mais je n&rsquo;ai pas pr\u00e9tendu faire une partition int\u00e9grale des diverses familles de pens\u00e9e humaine.<\/p>\n<p align=\"justify\">Une chose est s\u00fbre et certaine, c&rsquo;est que tout le monde ne peut pas avoir raison en m\u00eame temps et du m\u00eame point de vue. Si, par exemple, le bouddhisme est vrai, qui enseigne le caract\u00e8re illusoire de toutes choses y compris de l&rsquo;\u00e2me humaine, alors le marxisme n&rsquo;est pas vrai, puisqu&rsquo;il enseigne la r\u00e9alit\u00e9 objective de l&rsquo;Univers physique avant l&rsquo;homme, ind\u00e9pendamment de l&rsquo;homme. Quelqu&rsquo;un se trompe quelque part.<\/p>\n<p align=\"justify\">Le sceptique, l&rsquo;agnostique va triompher, en s&rsquo;\u00e9criant : Voil\u00e0, nous vous l&rsquo;avions bien dit, c&rsquo;est nous qui avions raison. L&rsquo;humanit\u00e9 se partage en une multitude de familles de pens\u00e9e. Chacun d&rsquo;entre elles affirme quelque chose. Toutes se trompent. Nous, les agnostiques, nous n&rsquo;affirmons rien, et donc nous sommes s\u00fbrs de ne pas nous tromper. Nous regardons en souriant, avec amusement et compassion, ces batailles d&rsquo;id\u00e9es, et nous n&rsquo;y prenons pas part. Nous seuls sommes vraiment intelligents. Tous les autres sont des na\u00effs, des enfants. Nous ne professons aucune id\u00e9ologie, et donc nous ne sommes jamais mis en d\u00e9faut.<\/p>\n<p align=\"justify\">Si vous interrogez votre ami pr\u00e9tendu ou suppos\u00e9 agnostique, qui est si content de lui \u2014 faites l&rsquo;exp\u00e9rience \u2014, vous verrez que le plus souvent il accepte le fait de l&rsquo;existence du monde : il n&rsquo;est donc pas id\u00e9aliste. Si c&rsquo;est un savant qui professe ce point de vue, vous verrez qu&rsquo;il admet la m\u00e9thode exp\u00e9rimentale, en quoi il se met en opposition avec toutes les doctrines du monde qui n&rsquo;acceptent pas la m\u00e9thode exp\u00e9rimentale parce qu&rsquo;elles n&rsquo;acceptent pas la r\u00e9alit\u00e9 objective de l&rsquo;Univers et de la nature avant l&rsquo;homme, ind\u00e9pendamment de l&rsquo;homme. Si vous poussez l&rsquo;analyse, si vous poussez l&rsquo;interrogatoire amicalement et adroitement, vous ferez ais\u00e9ment, et dans nombre de cas, avouer \u00e0 votre ami agnostique qu&rsquo;il est par exemple ath\u00e9e. S&rsquo;il l&rsquo;avoue, il s&rsquo;est mis en contradiction avec lui-m\u00eame, car professer l&rsquo;ath\u00e9isme d&rsquo;une mani\u00e8re r\u00e9solue c&rsquo;est professer quelque chose au sujet de l&rsquo;Univers et de la nature. Comme nous avons eu l&rsquo;occasion plusieurs fois de le noter ici, professer l&rsquo;ath\u00e9isme c&rsquo;est forc\u00e9ment, \u00e0 moins d&rsquo;incons\u00e9quence, professer que l&rsquo;Univers est l\u2019\u00catre et qu&rsquo;il n&rsquo;y en a pas d&rsquo;autre. Professer l&rsquo;ath\u00e9isme, c&rsquo;est faire de l&rsquo;ontologie, comme Monsieur Jourdain faisait de la prose sans s&rsquo;en douter.<\/p>\n<p align=\"justify\">C&rsquo;est dire qu&rsquo;il n&rsquo;est pas du tout facile d&rsquo;\u00e9chapper \u00e0 la faute qui consiste, selon l&rsquo;agnostique, \u00e0 professer quelque chose, et donc \u00e0 tenir quelque doctrine pour vraie. Nous en sommes tous l\u00e0, nous pensons tous que quelque chose est vrai. Donc, ni les uns ni les autres nous ne sommes agnostiques. Nous ne sommes agnostiques que sur certains points \u00e0 propos desquels nous doutons, nous n&rsquo;avons pas pris de d\u00e9cision, nous n&rsquo;avons pas encore conclu.<\/p>\n<p align=\"justify\">Le terme d&rsquo;id\u00e9ologie employ\u00e9 \u00e0 contresens pour dire une doctrine, est employ\u00e9 aujourd&rsquo;hui comme une injure : en somme, les id\u00e9ologies, ce sont les doctrines profess\u00e9es par les autres. Ce que je pense moi, ou le groupe auquel j&rsquo;appartiens, ce n&rsquo;est pas une id\u00e9ologie, c&rsquo;est la v\u00e9rit\u00e9.<\/p>\n<p align=\"justify\">Nous aurions int\u00e9r\u00eat, les uns et les autres, \u00e0 faire l&rsquo;examen critique de nos convictions. C&rsquo;est tr\u00e8s simple, il suffit de se demander sur quoi elles reposent, quel est le donn\u00e9 incontestable qui les fonde. Cela demande beaucoup de courage, un certain h\u00e9ro\u00efsme m\u00eame, mais c&rsquo;est extr\u00eamement sain.<\/p>\n<p align=\"justify\">Les neurophysiologistes nous ont appris que nous perdons chacun d&rsquo;entre nous quelques centaines de milliers de neurones chaque jour. Notre cerveau comporte au d\u00e9part entre douze ou quatorze milliards de neurones. Certains avancent le chiffre de cent milliards. Mais lorsque nous atteignons l&rsquo;\u00e2ge de cent ans, cette perte quotidienne de neurones n&rsquo;est pas sans avoir produit des ravages dans notre nouveau cerveau, n\u00e9ocortex par opposition au vieux cerveau reptilien. Toute la question est donc de savoir comment se servir au mieux des neurones qui nous restent. La meilleure m\u00e9thode pour utiliser les neurones qui nous restent, la partie du cerveau qui nous reste, c&rsquo;est encore de faire de l&rsquo;exercice, exactement comme le sportif. Or, pour l&rsquo;intelligence, pour la pens\u00e9e, le meilleur exercice qui soit c&rsquo;est de mettre en question nos convictions h\u00e9rit\u00e9es de papa et de maman, d&rsquo;aller voir sur quoi elles sont fond\u00e9es, si elles sont fond\u00e9es, justifi\u00e9es, en somme d&rsquo;examiner les fondements ou les fondations de notre assentiment. Lorsque nous aurons trouv\u00e9 le rocher, nous saurons que notre assentiment est bien fond\u00e9 et que nous pouvons construire notre maison dessus.<\/p>\n<p align=\"justify\">Une id\u00e9e bien fran\u00e7aise, c&rsquo;est que les id\u00e9es re\u00e7ues de papa ou de maman, les id\u00e9es re\u00e7ues de son milieu, on se les garde. On n&rsquo;en change pas. Il est honteux d&rsquo;en changer. On respecte toutes les opinions, m\u00eame contraires \u00e0 celles que l&rsquo;on professe, mais on garde les siennes. C&rsquo;est une question de dignit\u00e9.<\/p>\n<p align=\"justify\">Ce point de vue fort ancr\u00e9 dans notre terroir fran\u00e7ais est certes attendrissant, mais il faut bien reconna\u00eetre que du point de vue philosophique, c&rsquo;est-\u00e0-dire du point de vue de la recherche de la v\u00e9rit\u00e9, il ne vaut rien. Ce n&rsquo;est pas parce qu&rsquo;on est n\u00e9 dans un milieu, dans une famille de pens\u00e9e, que pour autant cette famille de pens\u00e9e a raison. \u00catre n\u00e9 quelque part ne prouve rien, ni pour ni contre la doctrine que l&rsquo;on professe. Il faut chercher d&rsquo;autres arguments, il faut chercher un autre fondement \u00e0 la v\u00e9rit\u00e9 des id\u00e9es que l&rsquo;on professe.<\/p>\n<p align=\"justify\"><i>Extrait de La Voix du Nord, 11 f\u00e9vrier 1981.<\/i><\/p>\n","protected":false},"excerpt":{"rendered":"<p>Dans le galimatias, r\u00e9gnant, surtout en philosophie, les auteurs s&rsquo;envoient \u00e0 la figure le terme d&rsquo;id\u00e9ologie. Tout le monde en parle dans les livres \u00e0 la mode (la mode est br\u00e8ve, elle dure ce que durent les roses), dans la presse, \u00e0 la radio. Nos lecteurs de La Voix du Nord doivent savoir que le [&hellip;]<\/p>\n","protected":false},"author":2,"featured_media":17574,"comment_status":"closed","ping_status":"closed","sticky":false,"template":"","format":"standard","meta":{"footnotes":""},"categories":[1419],"tags":[],"class_list":["post-18867","post","type-post","status-publish","format-standard","has-post-thumbnail","hentry","category-tresmontant-claude"],"yoast_head":"<!-- This site is optimized with the Yoast SEO plugin v27.0 - https:\/\/yoast.com\/product\/yoast-seo-wordpress\/ -->\n<title>\u00c0 propos de l&#039;id\u00e9ologie par Claude Tresmontant - 3e mill\u00e9naire - Spiritualit\u00e9 - Connaissance de soi - Non-dualit\u00e9 - M\u00e9ditation<\/title>\n<meta name=\"robots\" content=\"index, follow, max-snippet:-1, max-image-preview:large, max-video-preview:-1\" \/>\n<link rel=\"canonical\" href=\"https:\/\/www.revue3emillenaire.com\/blog\/a-propos-de-lideologie-par-claude-tresmontant\/\" \/>\n<meta property=\"og:locale\" content=\"fr_FR\" \/>\n<meta property=\"og:type\" content=\"article\" \/>\n<meta property=\"og:title\" content=\"\u00c0 propos de l&#039;id\u00e9ologie par Claude Tresmontant - 3e mill\u00e9naire - Spiritualit\u00e9 - Connaissance de soi - Non-dualit\u00e9 - M\u00e9ditation\" \/>\n<meta property=\"og:description\" content=\"Dans le galimatias, r\u00e9gnant, surtout en philosophie, les auteurs s&rsquo;envoient \u00e0 la figure le terme d&rsquo;id\u00e9ologie. Tout le monde en parle dans les livres \u00e0 la mode (la mode est br\u00e8ve, elle dure ce que durent les roses), dans la presse, \u00e0 la radio. Nos lecteurs de La Voix du Nord doivent savoir que le [&hellip;]\" \/>\n<meta property=\"og:url\" content=\"https:\/\/www.revue3emillenaire.com\/blog\/a-propos-de-lideologie-par-claude-tresmontant\/\" \/>\n<meta property=\"og:site_name\" content=\"3e mill\u00e9naire - Spiritualit\u00e9 - Connaissance de soi - Non-dualit\u00e9 - M\u00e9ditation\" \/>\n<meta property=\"article:published_time\" content=\"2022-03-14T20:14:33+00:00\" \/>\n<meta property=\"og:image\" content=\"https:\/\/www.revue3emillenaire.com\/blog\/wp-content\/uploads\/2017\/08\/Claude-Tresmontant.jpg\" \/>\n\t<meta property=\"og:image:width\" content=\"253\" \/>\n\t<meta property=\"og:image:height\" content=\"289\" \/>\n\t<meta property=\"og:image:type\" content=\"image\/jpeg\" \/>\n<meta name=\"author\" content=\"3e mill\u00e9naire\" \/>\n<meta name=\"twitter:card\" content=\"summary_large_image\" \/>\n<meta name=\"twitter:label1\" content=\"\u00c9crit par\" \/>\n\t<meta name=\"twitter:data1\" content=\"3e mill\u00e9naire\" \/>\n\t<meta name=\"twitter:label2\" content=\"Dur\u00e9e de lecture estim\u00e9e\" \/>\n\t<meta name=\"twitter:data2\" content=\"7 minutes\" \/>\n<script type=\"application\/ld+json\" class=\"yoast-schema-graph\">{\"@context\":\"https:\/\/schema.org\",\"@graph\":[{\"@type\":\"Article\",\"@id\":\"https:\/\/www.revue3emillenaire.com\/blog\/a-propos-de-lideologie-par-claude-tresmontant\/#article\",\"isPartOf\":{\"@id\":\"https:\/\/www.revue3emillenaire.com\/blog\/a-propos-de-lideologie-par-claude-tresmontant\/\"},\"author\":{\"name\":\"3e mill\u00e9naire\",\"@id\":\"https:\/\/www.revue3emillenaire.com\/blog\/#\/schema\/person\/b692dacff720a5344a6190bc714397eb\"},\"headline\":\"\u00c0 propos de l&rsquo;id\u00e9ologie par Claude Tresmontant\",\"datePublished\":\"2022-03-14T20:14:33+00:00\",\"mainEntityOfPage\":{\"@id\":\"https:\/\/www.revue3emillenaire.com\/blog\/a-propos-de-lideologie-par-claude-tresmontant\/\"},\"wordCount\":1443,\"image\":{\"@id\":\"https:\/\/www.revue3emillenaire.com\/blog\/a-propos-de-lideologie-par-claude-tresmontant\/#primaryimage\"},\"thumbnailUrl\":\"https:\/\/www.revue3emillenaire.com\/blog\/wp-content\/uploads\/2017\/08\/Claude-Tresmontant.jpg\",\"articleSection\":[\"Tresmontant Claude\"],\"inLanguage\":\"fr-FR\"},{\"@type\":\"WebPage\",\"@id\":\"https:\/\/www.revue3emillenaire.com\/blog\/a-propos-de-lideologie-par-claude-tresmontant\/\",\"url\":\"https:\/\/www.revue3emillenaire.com\/blog\/a-propos-de-lideologie-par-claude-tresmontant\/\",\"name\":\"\u00c0 propos de l'id\u00e9ologie par Claude Tresmontant - 3e mill\u00e9naire - Spiritualit\u00e9 - Connaissance de soi - Non-dualit\u00e9 - M\u00e9ditation\",\"isPartOf\":{\"@id\":\"https:\/\/www.revue3emillenaire.com\/blog\/#website\"},\"primaryImageOfPage\":{\"@id\":\"https:\/\/www.revue3emillenaire.com\/blog\/a-propos-de-lideologie-par-claude-tresmontant\/#primaryimage\"},\"image\":{\"@id\":\"https:\/\/www.revue3emillenaire.com\/blog\/a-propos-de-lideologie-par-claude-tresmontant\/#primaryimage\"},\"thumbnailUrl\":\"https:\/\/www.revue3emillenaire.com\/blog\/wp-content\/uploads\/2017\/08\/Claude-Tresmontant.jpg\",\"datePublished\":\"2022-03-14T20:14:33+00:00\",\"author\":{\"@id\":\"https:\/\/www.revue3emillenaire.com\/blog\/#\/schema\/person\/b692dacff720a5344a6190bc714397eb\"},\"breadcrumb\":{\"@id\":\"https:\/\/www.revue3emillenaire.com\/blog\/a-propos-de-lideologie-par-claude-tresmontant\/#breadcrumb\"},\"inLanguage\":\"fr-FR\",\"potentialAction\":[{\"@type\":\"ReadAction\",\"target\":[\"https:\/\/www.revue3emillenaire.com\/blog\/a-propos-de-lideologie-par-claude-tresmontant\/\"]}]},{\"@type\":\"ImageObject\",\"inLanguage\":\"fr-FR\",\"@id\":\"https:\/\/www.revue3emillenaire.com\/blog\/a-propos-de-lideologie-par-claude-tresmontant\/#primaryimage\",\"url\":\"https:\/\/www.revue3emillenaire.com\/blog\/wp-content\/uploads\/2017\/08\/Claude-Tresmontant.jpg\",\"contentUrl\":\"https:\/\/www.revue3emillenaire.com\/blog\/wp-content\/uploads\/2017\/08\/Claude-Tresmontant.jpg\",\"width\":253,\"height\":289},{\"@type\":\"BreadcrumbList\",\"@id\":\"https:\/\/www.revue3emillenaire.com\/blog\/a-propos-de-lideologie-par-claude-tresmontant\/#breadcrumb\",\"itemListElement\":[{\"@type\":\"ListItem\",\"position\":1,\"name\":\"Accueil\",\"item\":\"https:\/\/www.revue3emillenaire.com\/blog\/\"},{\"@type\":\"ListItem\",\"position\":2,\"name\":\"\u00c0 propos de l&rsquo;id\u00e9ologie par Claude Tresmontant\"}]},{\"@type\":\"WebSite\",\"@id\":\"https:\/\/www.revue3emillenaire.com\/blog\/#website\",\"url\":\"https:\/\/www.revue3emillenaire.com\/blog\/\",\"name\":\"3e mill\u00e9naire - Spiritualit\u00e9 - Connaissance de soi - Non-dualit\u00e9 - M\u00e9ditation\",\"description\":\"L&#039;Homme en devenir\",\"potentialAction\":[{\"@type\":\"SearchAction\",\"target\":{\"@type\":\"EntryPoint\",\"urlTemplate\":\"https:\/\/www.revue3emillenaire.com\/blog\/?s={search_term_string}\"},\"query-input\":{\"@type\":\"PropertyValueSpecification\",\"valueRequired\":true,\"valueName\":\"search_term_string\"}}],\"inLanguage\":\"fr-FR\"},{\"@type\":\"Person\",\"@id\":\"https:\/\/www.revue3emillenaire.com\/blog\/#\/schema\/person\/b692dacff720a5344a6190bc714397eb\",\"name\":\"3e mill\u00e9naire\",\"url\":\"https:\/\/www.revue3emillenaire.com\/blog\/author\/scoussa\/\"}]}<\/script>\n<!-- \/ Yoast SEO plugin. -->","yoast_head_json":{"title":"\u00c0 propos de l'id\u00e9ologie par Claude Tresmontant - 3e mill\u00e9naire - Spiritualit\u00e9 - Connaissance de soi - Non-dualit\u00e9 - M\u00e9ditation","robots":{"index":"index","follow":"follow","max-snippet":"max-snippet:-1","max-image-preview":"max-image-preview:large","max-video-preview":"max-video-preview:-1"},"canonical":"https:\/\/www.revue3emillenaire.com\/blog\/a-propos-de-lideologie-par-claude-tresmontant\/","og_locale":"fr_FR","og_type":"article","og_title":"\u00c0 propos de l'id\u00e9ologie par Claude Tresmontant - 3e mill\u00e9naire - Spiritualit\u00e9 - Connaissance de soi - Non-dualit\u00e9 - M\u00e9ditation","og_description":"Dans le galimatias, r\u00e9gnant, surtout en philosophie, les auteurs s&rsquo;envoient \u00e0 la figure le terme d&rsquo;id\u00e9ologie. Tout le monde en parle dans les livres \u00e0 la mode (la mode est br\u00e8ve, elle dure ce que durent les roses), dans la presse, \u00e0 la radio. Nos lecteurs de La Voix du Nord doivent savoir que le [&hellip;]","og_url":"https:\/\/www.revue3emillenaire.com\/blog\/a-propos-de-lideologie-par-claude-tresmontant\/","og_site_name":"3e mill\u00e9naire - Spiritualit\u00e9 - Connaissance de soi - Non-dualit\u00e9 - M\u00e9ditation","article_published_time":"2022-03-14T20:14:33+00:00","og_image":[{"width":253,"height":289,"url":"https:\/\/www.revue3emillenaire.com\/blog\/wp-content\/uploads\/2017\/08\/Claude-Tresmontant.jpg","type":"image\/jpeg"}],"author":"3e mill\u00e9naire","twitter_card":"summary_large_image","twitter_misc":{"\u00c9crit par":"3e mill\u00e9naire","Dur\u00e9e de lecture estim\u00e9e":"7 minutes"},"schema":{"@context":"https:\/\/schema.org","@graph":[{"@type":"Article","@id":"https:\/\/www.revue3emillenaire.com\/blog\/a-propos-de-lideologie-par-claude-tresmontant\/#article","isPartOf":{"@id":"https:\/\/www.revue3emillenaire.com\/blog\/a-propos-de-lideologie-par-claude-tresmontant\/"},"author":{"name":"3e mill\u00e9naire","@id":"https:\/\/www.revue3emillenaire.com\/blog\/#\/schema\/person\/b692dacff720a5344a6190bc714397eb"},"headline":"\u00c0 propos de l&rsquo;id\u00e9ologie par Claude Tresmontant","datePublished":"2022-03-14T20:14:33+00:00","mainEntityOfPage":{"@id":"https:\/\/www.revue3emillenaire.com\/blog\/a-propos-de-lideologie-par-claude-tresmontant\/"},"wordCount":1443,"image":{"@id":"https:\/\/www.revue3emillenaire.com\/blog\/a-propos-de-lideologie-par-claude-tresmontant\/#primaryimage"},"thumbnailUrl":"https:\/\/www.revue3emillenaire.com\/blog\/wp-content\/uploads\/2017\/08\/Claude-Tresmontant.jpg","articleSection":["Tresmontant Claude"],"inLanguage":"fr-FR"},{"@type":"WebPage","@id":"https:\/\/www.revue3emillenaire.com\/blog\/a-propos-de-lideologie-par-claude-tresmontant\/","url":"https:\/\/www.revue3emillenaire.com\/blog\/a-propos-de-lideologie-par-claude-tresmontant\/","name":"\u00c0 propos de l'id\u00e9ologie par Claude Tresmontant - 3e mill\u00e9naire - Spiritualit\u00e9 - Connaissance de soi - Non-dualit\u00e9 - M\u00e9ditation","isPartOf":{"@id":"https:\/\/www.revue3emillenaire.com\/blog\/#website"},"primaryImageOfPage":{"@id":"https:\/\/www.revue3emillenaire.com\/blog\/a-propos-de-lideologie-par-claude-tresmontant\/#primaryimage"},"image":{"@id":"https:\/\/www.revue3emillenaire.com\/blog\/a-propos-de-lideologie-par-claude-tresmontant\/#primaryimage"},"thumbnailUrl":"https:\/\/www.revue3emillenaire.com\/blog\/wp-content\/uploads\/2017\/08\/Claude-Tresmontant.jpg","datePublished":"2022-03-14T20:14:33+00:00","author":{"@id":"https:\/\/www.revue3emillenaire.com\/blog\/#\/schema\/person\/b692dacff720a5344a6190bc714397eb"},"breadcrumb":{"@id":"https:\/\/www.revue3emillenaire.com\/blog\/a-propos-de-lideologie-par-claude-tresmontant\/#breadcrumb"},"inLanguage":"fr-FR","potentialAction":[{"@type":"ReadAction","target":["https:\/\/www.revue3emillenaire.com\/blog\/a-propos-de-lideologie-par-claude-tresmontant\/"]}]},{"@type":"ImageObject","inLanguage":"fr-FR","@id":"https:\/\/www.revue3emillenaire.com\/blog\/a-propos-de-lideologie-par-claude-tresmontant\/#primaryimage","url":"https:\/\/www.revue3emillenaire.com\/blog\/wp-content\/uploads\/2017\/08\/Claude-Tresmontant.jpg","contentUrl":"https:\/\/www.revue3emillenaire.com\/blog\/wp-content\/uploads\/2017\/08\/Claude-Tresmontant.jpg","width":253,"height":289},{"@type":"BreadcrumbList","@id":"https:\/\/www.revue3emillenaire.com\/blog\/a-propos-de-lideologie-par-claude-tresmontant\/#breadcrumb","itemListElement":[{"@type":"ListItem","position":1,"name":"Accueil","item":"https:\/\/www.revue3emillenaire.com\/blog\/"},{"@type":"ListItem","position":2,"name":"\u00c0 propos de l&rsquo;id\u00e9ologie par Claude Tresmontant"}]},{"@type":"WebSite","@id":"https:\/\/www.revue3emillenaire.com\/blog\/#website","url":"https:\/\/www.revue3emillenaire.com\/blog\/","name":"3e mill\u00e9naire - Spiritualit\u00e9 - Connaissance de soi - Non-dualit\u00e9 - M\u00e9ditation","description":"L&#039;Homme en devenir","potentialAction":[{"@type":"SearchAction","target":{"@type":"EntryPoint","urlTemplate":"https:\/\/www.revue3emillenaire.com\/blog\/?s={search_term_string}"},"query-input":{"@type":"PropertyValueSpecification","valueRequired":true,"valueName":"search_term_string"}}],"inLanguage":"fr-FR"},{"@type":"Person","@id":"https:\/\/www.revue3emillenaire.com\/blog\/#\/schema\/person\/b692dacff720a5344a6190bc714397eb","name":"3e mill\u00e9naire","url":"https:\/\/www.revue3emillenaire.com\/blog\/author\/scoussa\/"}]}},"_links":{"self":[{"href":"https:\/\/www.revue3emillenaire.com\/blog\/wp-json\/wp\/v2\/posts\/18867","targetHints":{"allow":["GET"]}}],"collection":[{"href":"https:\/\/www.revue3emillenaire.com\/blog\/wp-json\/wp\/v2\/posts"}],"about":[{"href":"https:\/\/www.revue3emillenaire.com\/blog\/wp-json\/wp\/v2\/types\/post"}],"author":[{"embeddable":true,"href":"https:\/\/www.revue3emillenaire.com\/blog\/wp-json\/wp\/v2\/users\/2"}],"replies":[{"embeddable":true,"href":"https:\/\/www.revue3emillenaire.com\/blog\/wp-json\/wp\/v2\/comments?post=18867"}],"version-history":[{"count":0,"href":"https:\/\/www.revue3emillenaire.com\/blog\/wp-json\/wp\/v2\/posts\/18867\/revisions"}],"wp:featuredmedia":[{"embeddable":true,"href":"https:\/\/www.revue3emillenaire.com\/blog\/wp-json\/wp\/v2\/media\/17574"}],"wp:attachment":[{"href":"https:\/\/www.revue3emillenaire.com\/blog\/wp-json\/wp\/v2\/media?parent=18867"}],"wp:term":[{"taxonomy":"category","embeddable":true,"href":"https:\/\/www.revue3emillenaire.com\/blog\/wp-json\/wp\/v2\/categories?post=18867"},{"taxonomy":"post_tag","embeddable":true,"href":"https:\/\/www.revue3emillenaire.com\/blog\/wp-json\/wp\/v2\/tags?post=18867"}],"curies":[{"name":"wp","href":"https:\/\/api.w.org\/{rel}","templated":true}]}}