{"id":18914,"date":"2022-05-15T13:03:03","date_gmt":"2022-05-15T12:03:03","guid":{"rendered":"https:\/\/www.revue3emillenaire.com\/blog\/?p=18914"},"modified":"2022-05-15T13:03:03","modified_gmt":"2022-05-15T12:03:03","slug":"la-presence-par-toni-packer","status":"publish","type":"post","link":"https:\/\/www.revue3emillenaire.com\/blog\/la-presence-par-toni-packer\/","title":{"rendered":"La pr\u00e9sence par Toni Packer"},"content":{"rendered":"<p align=\"justify\"><span style=\"color: #333333;\"><i>Traduction libre. Le titre est de 3M<\/i><\/span><\/p>\n<p align=\"justify\"><span style=\"color: #333333;\">Plut\u00f4t que de demander \u00ab\u00a0Qu\u2019est-ce que l\u2019illumination ?\u00a0\u00bb, pouvons-nous nous interroger sur notre sentiment int\u00e9rieur d\u2019insuffisance ? Nous avons essay\u00e9 de le combler par des fantasmes de toutes sortes, par des divertissements, des acquisitions, des r\u00e9alisations, des relations, des recherches spirituelles et des v\u0153ux solennels \u2014 tout pour combler ce vide douloureux. Mais l\u2019avons-nous jamais vraiment explor\u00e9 directement, sans condition ?<\/span><\/p>\n<p align=\"justify\"><span style=\"color: #333333;\">En devenir conscient\u2026 pouvons-nous rester avec la douleur du vide, sans le nommer ? Laisser tomber toutes les \u00e9tiquettes et rester avec ce qui est ici, l\u2019inconfort sans l\u2019appeler inconfort. Rester ici avec ce qui n\u2019est pas d\u00e9finissable. Ne pas r\u00e9sister, ne pas lutter, sans chercher autre chose. Juste laisser ce qui est ici \u00eatre ici dans son int\u00e9gralit\u00e9, physiquement, mentalement, totalement. Le laisser \u00eatre sans savoir. Ne pas devenir l\u2019acteur du pour ou du contre. Juste cette pr\u00e9sence tranquille au milieu du silence du chaos. En cela, il y a une transparence qui se d\u00e9ploie. Cela se produit lorsqu\u2019on s\u2019assoit patiemment, silencieusement, inconditionnellement. Par \u00ab\u00a0s\u2019asseoir\u00a0\u00bb, je veux simplement dire \u00eatre totalement avec ce qui est ici. Ne pas s\u2019\u00e9loigner ou se rapprocher de quelque chose d\u2019autre, juste rester avec la totalit\u00e9 \u2014 une pr\u00e9sence intense qui inclut toutes les sensations corporelles, la respiration, le vent, la pluie, le soleil, les oiseaux, la toux, le bourdonnement des ventilateurs \u2014 tout ce qui est ici, \u00e0 la fois, sans raccord. Observer les pens\u00e9es qui surgissent, les \u00e9motions sur le point d\u2019\u00eatre d\u00e9clench\u00e9es, les sensations physiques qui apparaissent et encore plus de pens\u00e9es, d\u2019\u00e9motions, de sentiments, de sensations qui se d\u00e9ploient et disparaissent \u2014 \u00eatre avec tout cela. Il n\u2019y a pas d\u2019endroit o\u00f9 s\u2019\u00e9chapper. Tout est ici sans s\u00e9paration.<\/span><\/p>\n<p align=\"justify\"><span style=\"color: #333333;\">Laissez les pens\u00e9es surgir, laissez-les se r\u00e9v\u00e9ler pour ce qu\u2019elles sont et dispara\u00eetre. Tout cela est l\u2019\u00e9toffe des r\u00eaves, des traces du pass\u00e9 infini. Les pens\u00e9es peuvent d\u00e9clencher la peur, mais la peur aussi peut devenir transparence. Quand elle surgit, la voil\u00e0. Laissez-la \u00eatre. Ne l\u2019appelez pas par son nom \u2014 les \u00e9tiquettes attirent les souvenirs et les r\u00e9actions du pass\u00e9. Inutile d\u2019avoir des sentiments \u00e0 son sujet \u2014 eux aussi sont vides. La peur est un ph\u00e9nom\u00e8ne in\u00e9vitable dans notre conscience \u00e9gocentrique habituelle. Nous ne pouvons pas vivre l\u2019illusion d\u2019un moi s\u00e9par\u00e9 sans \u00e9prouver des craintes quant \u00e0 ce qui pourrait lui arriver. Mais les illusions et les r\u00eaves peuvent aussi \u00eatre consid\u00e9r\u00e9s comme de simples r\u00eaves et illusions, m\u00eame s\u2019ils peuvent susciter d\u2019\u00e9normes turbulences int\u00e9rieures sous forme d\u2019horreur, d\u2019agonie ou de plaisir. Tout cela fait partie int\u00e9grante de la conscience humaine qui se manifeste sous la forme d\u2019un moi et d\u2019un vous s\u00e9par\u00e9s.<\/span><\/p>\n<p align=\"justify\"><span style=\"color: #333333;\">Assis tranquillement, regardant les choses se pr\u00e9senter sans cesse, une cassette peut jouer : \u00ab\u00a0Est-ce cela, la m\u00e9ditation ? Je ne veux pas passer le reste de ma vie m\u00e9ditative \u00e0 regarder des ordures se r\u00e9p\u00e9ter sans fin.\u00a0\u00bb Mais l\u2019important n\u2019est pas ce qui est vu, mais la qualit\u00e9 du regard. Lorsqu\u2019une personne demande : \u00ab\u00a0Est-ce qu\u2019observer le va-et-vient des pens\u00e9es et des \u00e9motions, c\u2019est tout ce qu\u2019est la m\u00e9ditation ?\u00a0\u00bb Je r\u00e9ponds que tout d\u00e9pend de la qualit\u00e9 de l\u2019observation. Est-elle consomm\u00e9e par le jugement, par le sentiment de culpabilit\u00e9, de honte ou d\u2019impatience ? Lorsque ces mouvements mentaux se produisent, voyez-les pour ce qu\u2019ils sont et ne vous laissez pas perturber par eux. C\u2019est la conscience sans choix \u2014 sans observateur s\u00e9par\u00e9 qui occupe le devant de la sc\u00e8ne. Le spectacle int\u00e9rieur s\u2019affiche simplement de lui-m\u00eame et n\u2019a pas besoin d\u2019un public particulier, ni d\u2019applaudissements ou de rejet. Laissez tout se passer comme cela se passe dans l\u2019espace infini de la pr\u00e9sence ouverte. La \u00ab\u00a0conscience sans choix\u00a0\u00bb n\u2019est-elle qu\u2019un autre r\u00eave, une nouvelle illusion ? La pens\u00e9e peut transformer n\u2019importe quoi en un concept en y pensant et en y r\u00eavant. Voyez-le quand il se produit et ne vous laissez pas berner par lui. La conscience sans choix n\u2019est pas une illusion. Elle est l\u00e0 pour les \u00eatres humains comme vous et moi. La transparence se d\u00e9ploie d\u2019elle-m\u00eame, r\u00e9v\u00e9lant tout ce qui existe tel que c\u2019est, en toute franchise et simplicit\u00e9, sans avoir besoin d\u2019un metteur en sc\u00e8ne.<\/span><\/p>\n<p align=\"justify\"><a name=\"_GoBack\"><\/a> <span style=\"color: #333333;\">En fait, la conscience est l\u00e0 m\u00eame pendant les p\u00e9riodes d\u2019obscurit\u00e9. La pr\u00e9sence ne va jamais nulle part. Il ne s\u2019agit pas d\u2019une affirmation dogmatique mais d\u2019un simple fait que chacun d\u2019entre nous peut d\u00e9couvrir. Voyez le nuage, l\u2019obscurit\u00e9 ! Entendez le vent ! Sentez la respiration ! Sentez les fleurs ! Touchez l\u2019herbe qui oscille ! Les nuages, le vent, les pens\u00e9es, la respiration, les fleurs parfum\u00e9es et l\u2019herbe changent tout le temps, mais la vision est l\u00e0 sans temps. M\u00eame si les doutes peuvent l\u2019obscurcir, elle est l\u00e0 \u00e0 l\u2019instant o\u00f9 le mental s\u2019arr\u00eate et o\u00f9 chaque cellule du corps s\u2019ouvre pour entendre, voir et \u00eatre.<\/span><\/p>\n<p align=\"justify\"><span style=\"color: #333333;\">Pas besoin de se prendre la t\u00eate sur ce qui a \u00e9t\u00e9 dit. \u00catre pr\u00e9sent, c\u2019est \u00eatre tout entier, pas seulement la t\u00eate ! Nous sommes cette enti\u00e8re cr\u00e9ation vivante d\u2019instant en instant sans discontinuit\u00e9. Marchez innocemment dans les champs, dans les bois, le long de la plage de l\u2019oc\u00e9an ou dans les rues de la ville avec la pure joie de la vie, de ses mouvements, de ses sons et de ses parfums infinis \u2014 l\u2019amour de tout cela sans en faire quelque chose !<\/span><\/p>\n<p align=\"justify\"><span style=\"color: #333333;\">\u2013Toni Packer, extrait du chapitre intitul\u00e9 \u00ab\u00a0L\u2019illumination\u00a0\u00bb, dans son livre <\/span><span style=\"color: #333333;\"><i>The Wonder of Presence<\/i><\/span><span style=\"color: #333333;\">, publi\u00e9 par Shambhala.<\/span><\/p>\n","protected":false},"excerpt":{"rendered":"<p>Traduction libre. Le titre est de 3M Plut\u00f4t que de demander \u00ab\u00a0Qu\u2019est-ce que l\u2019illumination ?\u00a0\u00bb, pouvons-nous nous interroger sur notre sentiment int\u00e9rieur d\u2019insuffisance ? Nous avons essay\u00e9 de le combler par des fantasmes de toutes sortes, par des divertissements, des acquisitions, des r\u00e9alisations, des relations, des recherches spirituelles et des v\u0153ux solennels \u2014 tout pour [&hellip;]<\/p>\n","protected":false},"author":2,"featured_media":18915,"comment_status":"closed","ping_status":"closed","sticky":false,"template":"","format":"standard","meta":{"footnotes":""},"categories":[1659],"tags":[8],"class_list":["post-18914","post","type-post","status-publish","format-standard","has-post-thumbnail","hentry","category-packer-toni","tag-non-dualite"],"yoast_head":"<!-- This site is optimized with the Yoast SEO plugin v27.0 - https:\/\/yoast.com\/product\/yoast-seo-wordpress\/ -->\n<title>La pr\u00e9sence par Toni Packer - 3e mill\u00e9naire - Spiritualit\u00e9 - Connaissance de soi - Non-dualit\u00e9 - M\u00e9ditation<\/title>\n<meta name=\"robots\" content=\"index, follow, max-snippet:-1, max-image-preview:large, max-video-preview:-1\" \/>\n<link rel=\"canonical\" href=\"https:\/\/www.revue3emillenaire.com\/blog\/la-presence-par-toni-packer\/\" \/>\n<meta property=\"og:locale\" content=\"fr_FR\" \/>\n<meta property=\"og:type\" content=\"article\" \/>\n<meta property=\"og:title\" content=\"La pr\u00e9sence par Toni Packer - 3e mill\u00e9naire - Spiritualit\u00e9 - Connaissance de soi - Non-dualit\u00e9 - M\u00e9ditation\" \/>\n<meta property=\"og:description\" content=\"Traduction libre. Le titre est de 3M Plut\u00f4t que de demander \u00ab\u00a0Qu\u2019est-ce que l\u2019illumination ?\u00a0\u00bb, pouvons-nous nous interroger sur notre sentiment int\u00e9rieur d\u2019insuffisance ? Nous avons essay\u00e9 de le combler par des fantasmes de toutes sortes, par des divertissements, des acquisitions, des r\u00e9alisations, des relations, des recherches spirituelles et des v\u0153ux solennels \u2014 tout pour [&hellip;]\" \/>\n<meta property=\"og:url\" content=\"https:\/\/www.revue3emillenaire.com\/blog\/la-presence-par-toni-packer\/\" \/>\n<meta property=\"og:site_name\" content=\"3e mill\u00e9naire - Spiritualit\u00e9 - Connaissance de soi - Non-dualit\u00e9 - M\u00e9ditation\" \/>\n<meta property=\"article:published_time\" content=\"2022-05-15T12:03:03+00:00\" \/>\n<meta property=\"og:image\" content=\"https:\/\/www.revue3emillenaire.com\/blog\/wp-content\/uploads\/2022\/04\/toni-packer.jpg\" \/>\n\t<meta property=\"og:image:width\" content=\"260\" \/>\n\t<meta property=\"og:image:height\" content=\"296\" \/>\n\t<meta property=\"og:image:type\" content=\"image\/jpeg\" \/>\n<meta name=\"author\" content=\"3e mill\u00e9naire\" \/>\n<meta name=\"twitter:card\" content=\"summary_large_image\" \/>\n<meta name=\"twitter:label1\" content=\"\u00c9crit par\" \/>\n\t<meta name=\"twitter:data1\" content=\"3e mill\u00e9naire\" \/>\n\t<meta name=\"twitter:label2\" content=\"Dur\u00e9e de lecture estim\u00e9e\" \/>\n\t<meta name=\"twitter:data2\" content=\"5 minutes\" \/>\n<script type=\"application\/ld+json\" class=\"yoast-schema-graph\">{\"@context\":\"https:\/\/schema.org\",\"@graph\":[{\"@type\":\"Article\",\"@id\":\"https:\/\/www.revue3emillenaire.com\/blog\/la-presence-par-toni-packer\/#article\",\"isPartOf\":{\"@id\":\"https:\/\/www.revue3emillenaire.com\/blog\/la-presence-par-toni-packer\/\"},\"author\":{\"name\":\"3e mill\u00e9naire\",\"@id\":\"https:\/\/www.revue3emillenaire.com\/blog\/#\/schema\/person\/b692dacff720a5344a6190bc714397eb\"},\"headline\":\"La pr\u00e9sence par Toni Packer\",\"datePublished\":\"2022-05-15T12:03:03+00:00\",\"mainEntityOfPage\":{\"@id\":\"https:\/\/www.revue3emillenaire.com\/blog\/la-presence-par-toni-packer\/\"},\"wordCount\":1021,\"image\":{\"@id\":\"https:\/\/www.revue3emillenaire.com\/blog\/la-presence-par-toni-packer\/#primaryimage\"},\"thumbnailUrl\":\"https:\/\/www.revue3emillenaire.com\/blog\/wp-content\/uploads\/2022\/04\/toni-packer.jpg\",\"keywords\":[\"Non-dualit\u00e9\"],\"articleSection\":[\"Packer Toni\"],\"inLanguage\":\"fr-FR\"},{\"@type\":\"WebPage\",\"@id\":\"https:\/\/www.revue3emillenaire.com\/blog\/la-presence-par-toni-packer\/\",\"url\":\"https:\/\/www.revue3emillenaire.com\/blog\/la-presence-par-toni-packer\/\",\"name\":\"La pr\u00e9sence par Toni Packer - 3e mill\u00e9naire - Spiritualit\u00e9 - Connaissance de soi - Non-dualit\u00e9 - M\u00e9ditation\",\"isPartOf\":{\"@id\":\"https:\/\/www.revue3emillenaire.com\/blog\/#website\"},\"primaryImageOfPage\":{\"@id\":\"https:\/\/www.revue3emillenaire.com\/blog\/la-presence-par-toni-packer\/#primaryimage\"},\"image\":{\"@id\":\"https:\/\/www.revue3emillenaire.com\/blog\/la-presence-par-toni-packer\/#primaryimage\"},\"thumbnailUrl\":\"https:\/\/www.revue3emillenaire.com\/blog\/wp-content\/uploads\/2022\/04\/toni-packer.jpg\",\"datePublished\":\"2022-05-15T12:03:03+00:00\",\"author\":{\"@id\":\"https:\/\/www.revue3emillenaire.com\/blog\/#\/schema\/person\/b692dacff720a5344a6190bc714397eb\"},\"breadcrumb\":{\"@id\":\"https:\/\/www.revue3emillenaire.com\/blog\/la-presence-par-toni-packer\/#breadcrumb\"},\"inLanguage\":\"fr-FR\",\"potentialAction\":[{\"@type\":\"ReadAction\",\"target\":[\"https:\/\/www.revue3emillenaire.com\/blog\/la-presence-par-toni-packer\/\"]}]},{\"@type\":\"ImageObject\",\"inLanguage\":\"fr-FR\",\"@id\":\"https:\/\/www.revue3emillenaire.com\/blog\/la-presence-par-toni-packer\/#primaryimage\",\"url\":\"https:\/\/www.revue3emillenaire.com\/blog\/wp-content\/uploads\/2022\/04\/toni-packer.jpg\",\"contentUrl\":\"https:\/\/www.revue3emillenaire.com\/blog\/wp-content\/uploads\/2022\/04\/toni-packer.jpg\",\"width\":260,\"height\":296},{\"@type\":\"BreadcrumbList\",\"@id\":\"https:\/\/www.revue3emillenaire.com\/blog\/la-presence-par-toni-packer\/#breadcrumb\",\"itemListElement\":[{\"@type\":\"ListItem\",\"position\":1,\"name\":\"Accueil\",\"item\":\"https:\/\/www.revue3emillenaire.com\/blog\/\"},{\"@type\":\"ListItem\",\"position\":2,\"name\":\"La pr\u00e9sence par Toni Packer\"}]},{\"@type\":\"WebSite\",\"@id\":\"https:\/\/www.revue3emillenaire.com\/blog\/#website\",\"url\":\"https:\/\/www.revue3emillenaire.com\/blog\/\",\"name\":\"3e mill\u00e9naire - Spiritualit\u00e9 - Connaissance de soi - Non-dualit\u00e9 - M\u00e9ditation\",\"description\":\"L&#039;Homme en devenir\",\"potentialAction\":[{\"@type\":\"SearchAction\",\"target\":{\"@type\":\"EntryPoint\",\"urlTemplate\":\"https:\/\/www.revue3emillenaire.com\/blog\/?s={search_term_string}\"},\"query-input\":{\"@type\":\"PropertyValueSpecification\",\"valueRequired\":true,\"valueName\":\"search_term_string\"}}],\"inLanguage\":\"fr-FR\"},{\"@type\":\"Person\",\"@id\":\"https:\/\/www.revue3emillenaire.com\/blog\/#\/schema\/person\/b692dacff720a5344a6190bc714397eb\",\"name\":\"3e mill\u00e9naire\",\"url\":\"https:\/\/www.revue3emillenaire.com\/blog\/author\/scoussa\/\"}]}<\/script>\n<!-- \/ Yoast SEO plugin. -->","yoast_head_json":{"title":"La pr\u00e9sence par Toni Packer - 3e mill\u00e9naire - Spiritualit\u00e9 - Connaissance de soi - Non-dualit\u00e9 - M\u00e9ditation","robots":{"index":"index","follow":"follow","max-snippet":"max-snippet:-1","max-image-preview":"max-image-preview:large","max-video-preview":"max-video-preview:-1"},"canonical":"https:\/\/www.revue3emillenaire.com\/blog\/la-presence-par-toni-packer\/","og_locale":"fr_FR","og_type":"article","og_title":"La pr\u00e9sence par Toni Packer - 3e mill\u00e9naire - Spiritualit\u00e9 - Connaissance de soi - Non-dualit\u00e9 - M\u00e9ditation","og_description":"Traduction libre. Le titre est de 3M Plut\u00f4t que de demander \u00ab\u00a0Qu\u2019est-ce que l\u2019illumination ?\u00a0\u00bb, pouvons-nous nous interroger sur notre sentiment int\u00e9rieur d\u2019insuffisance ? Nous avons essay\u00e9 de le combler par des fantasmes de toutes sortes, par des divertissements, des acquisitions, des r\u00e9alisations, des relations, des recherches spirituelles et des v\u0153ux solennels \u2014 tout pour [&hellip;]","og_url":"https:\/\/www.revue3emillenaire.com\/blog\/la-presence-par-toni-packer\/","og_site_name":"3e mill\u00e9naire - Spiritualit\u00e9 - Connaissance de soi - Non-dualit\u00e9 - M\u00e9ditation","article_published_time":"2022-05-15T12:03:03+00:00","og_image":[{"width":260,"height":296,"url":"https:\/\/www.revue3emillenaire.com\/blog\/wp-content\/uploads\/2022\/04\/toni-packer.jpg","type":"image\/jpeg"}],"author":"3e mill\u00e9naire","twitter_card":"summary_large_image","twitter_misc":{"\u00c9crit par":"3e mill\u00e9naire","Dur\u00e9e de lecture estim\u00e9e":"5 minutes"},"schema":{"@context":"https:\/\/schema.org","@graph":[{"@type":"Article","@id":"https:\/\/www.revue3emillenaire.com\/blog\/la-presence-par-toni-packer\/#article","isPartOf":{"@id":"https:\/\/www.revue3emillenaire.com\/blog\/la-presence-par-toni-packer\/"},"author":{"name":"3e mill\u00e9naire","@id":"https:\/\/www.revue3emillenaire.com\/blog\/#\/schema\/person\/b692dacff720a5344a6190bc714397eb"},"headline":"La pr\u00e9sence par Toni Packer","datePublished":"2022-05-15T12:03:03+00:00","mainEntityOfPage":{"@id":"https:\/\/www.revue3emillenaire.com\/blog\/la-presence-par-toni-packer\/"},"wordCount":1021,"image":{"@id":"https:\/\/www.revue3emillenaire.com\/blog\/la-presence-par-toni-packer\/#primaryimage"},"thumbnailUrl":"https:\/\/www.revue3emillenaire.com\/blog\/wp-content\/uploads\/2022\/04\/toni-packer.jpg","keywords":["Non-dualit\u00e9"],"articleSection":["Packer Toni"],"inLanguage":"fr-FR"},{"@type":"WebPage","@id":"https:\/\/www.revue3emillenaire.com\/blog\/la-presence-par-toni-packer\/","url":"https:\/\/www.revue3emillenaire.com\/blog\/la-presence-par-toni-packer\/","name":"La pr\u00e9sence par Toni Packer - 3e mill\u00e9naire - Spiritualit\u00e9 - Connaissance de soi - Non-dualit\u00e9 - M\u00e9ditation","isPartOf":{"@id":"https:\/\/www.revue3emillenaire.com\/blog\/#website"},"primaryImageOfPage":{"@id":"https:\/\/www.revue3emillenaire.com\/blog\/la-presence-par-toni-packer\/#primaryimage"},"image":{"@id":"https:\/\/www.revue3emillenaire.com\/blog\/la-presence-par-toni-packer\/#primaryimage"},"thumbnailUrl":"https:\/\/www.revue3emillenaire.com\/blog\/wp-content\/uploads\/2022\/04\/toni-packer.jpg","datePublished":"2022-05-15T12:03:03+00:00","author":{"@id":"https:\/\/www.revue3emillenaire.com\/blog\/#\/schema\/person\/b692dacff720a5344a6190bc714397eb"},"breadcrumb":{"@id":"https:\/\/www.revue3emillenaire.com\/blog\/la-presence-par-toni-packer\/#breadcrumb"},"inLanguage":"fr-FR","potentialAction":[{"@type":"ReadAction","target":["https:\/\/www.revue3emillenaire.com\/blog\/la-presence-par-toni-packer\/"]}]},{"@type":"ImageObject","inLanguage":"fr-FR","@id":"https:\/\/www.revue3emillenaire.com\/blog\/la-presence-par-toni-packer\/#primaryimage","url":"https:\/\/www.revue3emillenaire.com\/blog\/wp-content\/uploads\/2022\/04\/toni-packer.jpg","contentUrl":"https:\/\/www.revue3emillenaire.com\/blog\/wp-content\/uploads\/2022\/04\/toni-packer.jpg","width":260,"height":296},{"@type":"BreadcrumbList","@id":"https:\/\/www.revue3emillenaire.com\/blog\/la-presence-par-toni-packer\/#breadcrumb","itemListElement":[{"@type":"ListItem","position":1,"name":"Accueil","item":"https:\/\/www.revue3emillenaire.com\/blog\/"},{"@type":"ListItem","position":2,"name":"La pr\u00e9sence par Toni Packer"}]},{"@type":"WebSite","@id":"https:\/\/www.revue3emillenaire.com\/blog\/#website","url":"https:\/\/www.revue3emillenaire.com\/blog\/","name":"3e mill\u00e9naire - Spiritualit\u00e9 - Connaissance de soi - Non-dualit\u00e9 - M\u00e9ditation","description":"L&#039;Homme en devenir","potentialAction":[{"@type":"SearchAction","target":{"@type":"EntryPoint","urlTemplate":"https:\/\/www.revue3emillenaire.com\/blog\/?s={search_term_string}"},"query-input":{"@type":"PropertyValueSpecification","valueRequired":true,"valueName":"search_term_string"}}],"inLanguage":"fr-FR"},{"@type":"Person","@id":"https:\/\/www.revue3emillenaire.com\/blog\/#\/schema\/person\/b692dacff720a5344a6190bc714397eb","name":"3e mill\u00e9naire","url":"https:\/\/www.revue3emillenaire.com\/blog\/author\/scoussa\/"}]}},"_links":{"self":[{"href":"https:\/\/www.revue3emillenaire.com\/blog\/wp-json\/wp\/v2\/posts\/18914","targetHints":{"allow":["GET"]}}],"collection":[{"href":"https:\/\/www.revue3emillenaire.com\/blog\/wp-json\/wp\/v2\/posts"}],"about":[{"href":"https:\/\/www.revue3emillenaire.com\/blog\/wp-json\/wp\/v2\/types\/post"}],"author":[{"embeddable":true,"href":"https:\/\/www.revue3emillenaire.com\/blog\/wp-json\/wp\/v2\/users\/2"}],"replies":[{"embeddable":true,"href":"https:\/\/www.revue3emillenaire.com\/blog\/wp-json\/wp\/v2\/comments?post=18914"}],"version-history":[{"count":0,"href":"https:\/\/www.revue3emillenaire.com\/blog\/wp-json\/wp\/v2\/posts\/18914\/revisions"}],"wp:featuredmedia":[{"embeddable":true,"href":"https:\/\/www.revue3emillenaire.com\/blog\/wp-json\/wp\/v2\/media\/18915"}],"wp:attachment":[{"href":"https:\/\/www.revue3emillenaire.com\/blog\/wp-json\/wp\/v2\/media?parent=18914"}],"wp:term":[{"taxonomy":"category","embeddable":true,"href":"https:\/\/www.revue3emillenaire.com\/blog\/wp-json\/wp\/v2\/categories?post=18914"},{"taxonomy":"post_tag","embeddable":true,"href":"https:\/\/www.revue3emillenaire.com\/blog\/wp-json\/wp\/v2\/tags?post=18914"}],"curies":[{"name":"wp","href":"https:\/\/api.w.org\/{rel}","templated":true}]}}