{"id":18917,"date":"2022-04-20T02:14:00","date_gmt":"2022-04-20T01:14:00","guid":{"rendered":"https:\/\/www.revue3emillenaire.com\/blog\/?p=18917"},"modified":"2022-04-22T04:08:18","modified_gmt":"2022-04-22T03:08:18","slug":"tempetes-conscientes-et-origine-de-la-vie-par-massimiliano-sorrentino-daniela-panighetti","status":"publish","type":"post","link":"https:\/\/www.revue3emillenaire.com\/blog\/tempetes-conscientes-et-origine-de-la-vie-par-massimiliano-sorrentino-daniela-panighetti\/","title":{"rendered":"Temp\u00eates conscientes et origine de la vie par Massimiliano Sorrentino &#038; Daniela Panighetti"},"content":{"rendered":"<p align=\"justify\"><span style=\"color: #000000;\"><i>Traduction libre avec l\u2019aimable autorisation d\u2019Essentia Foundation<\/i><\/span><\/p>\n<p align=\"justify\">Texte original\u00a0: <span style=\"color: #000080;\"><span lang=\"uz-Cyrl-UZ\"><u><a href=\"https:\/\/www.essentiafoundation.org\/reading\/conscious-storms-and-the-origin-of-life\/\" target=\"_blank\" rel=\"noopener\">https:\/\/www.essentiafoundation.org\/reading\/conscious-storms-and-the-origin-of-life\/<\/a><\/u><\/span><\/span><\/p>\n<p align=\"justify\"><i><b>Cet essai \u00e9tonnamment coh\u00e9rent et empiriquement bien fond\u00e9 soutient que, bien que r\u00e9gie par les lois aveugles et sans but de la nature, l\u2019atmosph\u00e8re terrestre \u2014 tout comme les cerveaux biologiques \u2014 est peut-\u00eatre associ\u00e9e \u00e0 une perspective subjective \u00e0 la premi\u00e8re personne et peut donc avoir cr\u00e9\u00e9 de mani\u00e8re d\u00e9lib\u00e9r\u00e9e la vie sur Terre. L\u2019essai rassemble de mani\u00e8re coh\u00e9rente une approche qui rend compatibles <\/b><\/i><b>(<\/b><span style=\"color: #000000;\"><span lang=\"en-US\"><i>compatibilist<\/i><\/span><\/span><span style=\"color: #000000;\"><span lang=\"en-US\">) <\/span><\/span><i><b>le libre arbitre, une m\u00e9taphysique id\u00e9aliste et des sp\u00e9culations sur l\u2019abiogen\u00e8se.<\/b><\/i><\/p>\n<p align=\"center\">***<\/p>\n<p align=\"justify\">On pense g\u00e9n\u00e9ralement que le probl\u00e8me corps-esprit concerne la relation entre l\u2019esprit et le cerveau propre aux humains et peut-\u00eatre \u00e0 certains animaux. Cependant, Thomas Nagel \u2014 dans son livre c\u00e9l\u00e8bre et critiqu\u00e9 <i>Mind and Cosmos<\/i> (<i>L\u2019esprit et le cosmos<\/i>) (Nagel, 2012) \u2014 souhaite montrer que \u00ab\u00a0le probl\u00e8me corps-esprit n\u2019est pas simplement un probl\u00e8me localis\u00e9 qui affecte la relation entre l\u2019esprit et le cerveau dans les organismes des animaux vivants, mais il impr\u00e8gne plut\u00f4t notre compr\u00e9hension du cosmos tout entier et de son histoire.\u00a0\u00bb Bien que, comme de nombreux autres auteurs, nous restions sceptiques quant au finalisme naturel mal d\u00e9fini de Nagel, nous croyons nous aussi que l\u2019importance du probl\u00e8me corps-esprit est actuellement sous-estim\u00e9e. Dans cet essai, nous suivrons une approche compl\u00e8tement diff\u00e9rente de celle de Nagel.<\/p>\n<p align=\"justify\">L\u2019objectif de cet essai est de montrer que le probl\u00e8me corps-esprit ne concerne pas seulement la relation entre l\u2019esprit et le cerveau de l\u2019homme et d\u2019autres animaux, mais qu\u2019il affecte plut\u00f4t la conception n\u00e9o-darwinienne actuelle de l\u2019ensemble du ph\u00e9nom\u00e8ne de la vie.<\/p>\n<p align=\"justify\">La th\u00e8se n\u00e9o-darwiniste est typiquement la suivante : bien que les organismes vivants semblent, \u00e0 premi\u00e8re vue, \u00eatre le produit d\u2019un esprit cr\u00e9atif, \u00e9tant donn\u00e9 qu\u2019une explication naturaliste de l\u2019origine de la vie a \u00e9t\u00e9 trouv\u00e9e ou peut \u00eatre trouv\u00e9e en principe, la vie n\u2019est pas ce qu\u2019elle semble \u00eatre, c\u2019est-\u00e0-dire qu\u2019elle n\u2019est pas le produit d\u2019un esprit cr\u00e9atif. Dans <i>L\u2019Horloger aveugle<\/i> (<i>The Blind Watchmaker. <\/i>Dawkins, 1986), Richard Dawkins affirme clairement que la vie est, au contraire, le r\u00e9sultat d\u2019un processus aveugle et inconscient. Par le terme \u00ab\u00a0aveugle\u00a0\u00bb, il entend essentiellement que le processus est \u00ab\u00a0sans but\u00a0\u00bb, et par le terme \u00ab\u00a0inconscient\u00a0\u00bb, il veut dire qu\u2019aucun esprit n\u2019a cr\u00e9\u00e9 intentionnellement les organismes vivants.<\/p>\n<p align=\"justify\">Nous pensons que ces conclusions sont quelque peu h\u00e2tives et formul\u00e9es sans tenir compte du d\u00e9bat actuel sur le probl\u00e8me corps-esprit. Consid\u00e9rons, \u00e0 cet \u00e9gard, que le pr\u00e9sent essai donne \u00e9galement la forte impression d\u2019\u00eatre le produit d\u2019un esprit. Pourtant, il existe certainement une explication naturaliste \u00e0 son apparition, \u00e9tant donn\u00e9 que les cerveaux de ses deux auteurs fonctionnent selon les lois de la physique. Les lois de la nature, y compris l\u2019\u00e9lectrochimie neuronale qui r\u00e9git notre cerveau, sont par d\u00e9finition sans but : des charges \u00e9lectriques oppos\u00e9es ont tendance \u00e0 s\u2019attirer sans but. Pourtant, dans le deuxi\u00e8me paragraphe de cet essai, vous avez lu les mots : \u00ab\u00a0L\u2019objectif de cet essai est de\u2026\u00a0\u00bb. C\u2019est l\u2019un des aspects les plus fascinants de la relation myst\u00e9rieuse entre l\u2019esprit et la mati\u00e8re : bien que les d\u00e9charges neuronales se produisent simplement en vertu de lois de la nature sans but \u2014 comme par exemple les \u00e9clairs dans le ciel \u2014 correspondant \u00e0 l\u2019activit\u00e9 de ces d\u00e9charges, il existe des contenus mentaux qui sont v\u00e9cus du point de vue de la premi\u00e8re personne. Parmi ces contenus, il y a la conviction que ce qui se passe dans la nature (comme la r\u00e9daction de cet essai) ne se produit pas simplement sans but, mais r\u00e9sulte au contraire de notre libre arbitre. Par cons\u00e9quent, l\u2019existence d\u2019une description d\u2019un processus, en termes physiques, comme le d\u00e9roulement \u00ab\u00a0aveugle\u00a0\u00bb (c\u2019est-\u00e0-dire sans but) des lois naturelles, n\u2019exclut pas l\u2019exp\u00e9rience consciente d\u2019un acte cr\u00e9atif et intentionnel. Par cons\u00e9quent, le fait qu\u2019il existe (ou peut exister) une explication naturaliste de l\u2019apparition des \u00eatres vivants, ne soutient pas n\u00e9cessairement la th\u00e8se selon laquelle les \u00eatres vivants apparaissent en vertu d\u2019un processus \u00ab\u00a0aveugle\u00a0\u00bb et \u00ab\u00a0inconscient\u00a0\u00bb. Tout comme nous, les auteurs du pr\u00e9sent essai, avons v\u00e9cu sa cr\u00e9ation comme un processus intentionnel, la nature peut \u00e9galement vivre la cr\u00e9ation d\u2019organismes vivants, selon ses propres lois, comme un processus intentionnel.<\/p>\n<p align=\"justify\">Consid\u00e9rons donc l\u2019histoire classique que nous avons apprise dans les livres d\u2019\u00e9cole sur les origines de la vie sur Terre. Cette histoire met g\u00e9n\u00e9ralement l\u2019accent sur le r\u00f4le central de la foudre dans la cha\u00eene causale qui a conduit \u00e0 l\u2019\u00e9mergence des premiers organismes vivants. L\u2019id\u00e9e est n\u00e9e de la c\u00e9l\u00e8bre exp\u00e9rience de Miller-Urey, dans laquelle des d\u00e9charges \u00e9lectriques simulent des \u00e9clairs dans l\u2019atmosph\u00e8re primordiale. Les d\u00e9charges \u00e9lectriques se produisent dans le ciel tout comme les d\u00e9charges neuronales se produisent dans notre cerveau, et ce sont deux ph\u00e9nom\u00e8nes impliquant des interactions \u00e9lectromagn\u00e9tiques. La question que nous posons est donc la suivante : est-il possible que, sur la Terre primordiale, l\u2019activit\u00e9 sans but des d\u00e9charges de foudre ait \u00e9t\u00e9 associ\u00e9e \u00e0 une exp\u00e9rience consciente de cr\u00e9ation intentionnelle ? Si tel est le cas, le cr\u00e9ateur pourrait \u00eatre identifi\u00e9 \u00e0 notre propre plan\u00e8te, et son cerveau au syst\u00e8me atmosph\u00e9rique de la Terre. Aussi bizarre que cette hypoth\u00e8se puisse para\u00eetre, nous ne pouvons pas exclure l\u2019existence d\u2019une exp\u00e9rience consciente associ\u00e9e \u00e0 tout ph\u00e9nom\u00e8ne physique, car nous ne savons pas, tout d\u2019abord, comment ni pourquoi l\u2019exp\u00e9rience consciente accompagne l\u2019activit\u00e9 d\u2019un cerveau biologique.<\/p>\n<p align=\"justify\">Le caract\u00e8re g\u00e9n\u00e9rique d\u2019une telle r\u00e9ponse peut laisser insatisfait. Pourtant, l\u2019apparition de la vie sur Terre comme produit d\u2019un esprit est au moins aussi plausible que les autres hypoth\u00e8ses connues. Une telle hypoth\u00e8se \u2014 qui, comme les autres, ne pr\u00e9tend pas \u00eatre prouv\u00e9e \u2014 a un avantage \u00e9pist\u00e9mologique sur les autres : elle d\u00e9crit les organismes vivants exactement comme ce qu\u2019ils semblent \u00eatre, c\u2019est-\u00e0-dire le produit d\u2019un esprit.<\/p>\n<p align=\"justify\">\u00c0 cet \u00e9gard, consid\u00e9rons la th\u00e9orie de C. R. Woese, selon laquelle il est beaucoup plus probable que la vie soit n\u00e9e d\u2019un milieu pr\u00e9biotique qui est intrins\u00e8quement \u00ab\u00a0cellulaire\u00a0\u00bb. Le meilleur candidat pour ce milieu est donn\u00e9 par les nuages atmosph\u00e9riques constitu\u00e9s de gouttelettes d\u2019eau dont la taille est typiquement de quelques dizaines de microm\u00e8tres, donc comparable \u00e0 la taille des cellules vivantes. En outre, la formation de membranes amphiphiles \u00e0 double couche \u2014 pensez aux bulles de savon \u2014 peut se produire autour de ces gouttelettes, de sorte qu\u2019une membrane cellulaire primordiale peut se former spontan\u00e9ment. Les forces agissant sur ces microsyst\u00e8mes vont au-del\u00e0 de la simple gravit\u00e9 et des vents, en raison de la pr\u00e9sence de champs \u00e9lectriques g\u00e9n\u00e9ralement non uniformes dans les nuages. Les dimensions des gouttelettes sont pr\u00e9cis\u00e9ment celles pour lesquelles les forces di\u00e9lectrophor\u00e9tiques deviennent importantes, alors que pour les petites dimensions, c\u2019est le mouvement brownien qui domine et pour les grandes dimensions, c\u2019est la gravit\u00e9. Les champs \u00e9lectriques des nuages atteignent des valeurs de l\u2019ordre de 10-100 kV\/m, qui sont coh\u00e9rentes avec les valeurs impliqu\u00e9es dans les techniques quotidiennes de di\u00e9lectrophor\u00e8se \u00e0 des \u00e9chelles submillim\u00e9triques. Ces techniques sont utiles dans de nombreux domaines en raison de leur pouvoir s\u00e9lectif \u00e9lev\u00e9. Par cons\u00e9quent, de telles forces peuvent avoir la m\u00eame action s\u00e9lective dans les nuages.<\/p>\n<p align=\"justify\">Ces consid\u00e9rations servent \u00e0 souligner davantage le pouvoir causal possible de l\u2019ensemble du syst\u00e8me atmosph\u00e9rique sur l\u2019apparition des premiers organismes vivants, en admettant qu\u2019en vertu des forces que l\u2019ensemble du syst\u00e8me atmosph\u00e9rique exerce sur ses microgouttelettes, les premiers organismes vivants puissent \u00e0 un moment donn\u00e9 appara\u00eetre sur la Terre primordiale.<\/p>\n<p align=\"justify\">Il faut admettre que personne n\u2019est actuellement capable de reproduire ce processus, c\u2019est-\u00e0-dire que personne n\u2019est actuellement capable de cr\u00e9er la vie \u00e0 partir de produits chimiques. Mais lorsque nous y parviendrons, nous devrons admettre que la vie aura \u00e9t\u00e9 cr\u00e9\u00e9e \u00e0 nouveau d\u2019une mani\u00e8re similaire \u00e0 celle dont elle a \u00e9t\u00e9 cr\u00e9\u00e9e il y a environ 4\u00a0milliards d\u2019ann\u00e9es sur notre plan\u00e8te : un organisme vivant est apparu en vertu de forces \u00e9lectromagn\u00e9tiques aveugles (sans but) qui ont r\u00e9gul\u00e9 l\u2019activit\u00e9 cr\u00e9ative et consciente de quelque chose qui ressemble \u00e0 un cerveau non biologique. Cette conscience cr\u00e9ative aurait \u00e9t\u00e9 consciente de ce qu\u2019elle faisait, vivant pleinement l\u2019exp\u00e9rience cr\u00e9ative. Elle aurait cru, du point de vue de la premi\u00e8re personne, \u00eatre le cr\u00e9ateur intentionnel d\u2019une forme de vie. En correspondance avec les forces aveugles qui op\u00e9raient sur son cerveau \u2014 dans la perspective de la troisi\u00e8me personne \u2014, il y aurait eu une exp\u00e9rience consciente \u2014 dans la perspective de la premi\u00e8re personne \u2014 d\u2019un processus cr\u00e9atif.<\/p>\n<p align=\"justify\">Comme nous l\u2019avons d\u00e9j\u00e0 dit, puisque nous n\u2019avons aucune id\u00e9e de la raison pour laquelle il existe une exp\u00e9rience consciente correspondant \u00e0 l\u2019activit\u00e9 d\u2019un syst\u00e8me physique particulier (les cerveaux biologiques), nous n\u2019avons aucun moyen de r\u00e9futer l\u2019hypoth\u00e8se selon laquelle il existait une exp\u00e9rience consciente associ\u00e9e \u00e0 l\u2019activit\u00e9 \u00e9lectromagn\u00e9tique du syst\u00e8me atmosph\u00e9rique primordial. Et comme nous n\u2019avons aucune id\u00e9e de ce que le cerveau biologique a de si particulier, nous sommes contraints de formuler la conjecture suivante : si un syst\u00e8me pr\u00e9sente des caract\u00e9ristiques physiques ou structurelles similaires \u00e0 celles d\u2019un cerveau biologique, alors il est plausible que son activit\u00e9 soit associ\u00e9e \u00e0 une exp\u00e9rience consciente. Une telle conjecture se fonde sur l\u2019observation que mon cerveau et votre cerveau sont diff\u00e9rents, quoique assez semblables \u00e0 bien des \u00e9gards, et que nous sommes tous deux conscients.<\/p>\n<p align=\"justify\">Voyons donc quelles sont les caract\u00e9ristiques communes \u00e0 un cerveau biologique et \u00e0 l\u2019atmosph\u00e8re terrestre, sur la base d\u2019une longue tradition d\u2019\u00e9tudes comparatives entre les deux, visant \u00e0 d\u00e9terminer les interactions possibles entre l\u2019\u00e9lectromagn\u00e9tisme environnemental et l\u2019activit\u00e9 c\u00e9r\u00e9brale. Le cerveau et l\u2019atmosph\u00e8re sont tous deux des syst\u00e8mes auto-organis\u00e9s, complexes, non isol\u00e9s et en d\u00e9s\u00e9quilibre thermodynamique. Le principal constituant des deux est l\u2019eau, et les deux ont une structure cellulaire au niveau d\u2019organisation le plus bas : dans le sc\u00e9nario que nous avons \u00e9voqu\u00e9 pour l\u2019origine de la vie, les gouttelettes d\u2019eau des nuages sont les anc\u00eatres les plus anciens des cellules vivantes, et donc aussi des neurones. En ce qui concerne l\u2019organisation globale des deux syst\u00e8mes, au niveau le plus \u00e9lev\u00e9, le syst\u00e8me atmosph\u00e9rique, comme le cerveau, est organis\u00e9 en deux h\u00e9misph\u00e8res. Les deux h\u00e9misph\u00e8res sont caract\u00e9ris\u00e9s par des valeurs oppos\u00e9es de la force de Coriolis r\u00e9sultant d\u2019un mouvement latitudinal oppos\u00e9. Ind\u00e9pendamment de la raison physique d\u2019une telle organisation, notons simplement que le cerveau et le syst\u00e8me atmosph\u00e9rique partagent une sym\u00e9trie bilat\u00e9rale.<\/p>\n<p align=\"justify\">En outre, dans ces deux syst\u00e8mes non isol\u00e9s, l\u2019\u00e9nergie libre \u2014 qui, pour les deux syst\u00e8mes, provient en fin de compte du soleil \u2014 est impliqu\u00e9e dans l\u2019\u00e9tablissement de diff\u00e9rences de potentiel \u00e9lectromagn\u00e9tique \u00e0 travers la membrane de chaque cellule. Dans le cas du cerveau, le potentiel \u00e9lectrochimique de la membrane est maintenu gr\u00e2ce \u00e0 l\u2019action de la pompe Na-K d\u00e9pendante de l\u2019ATP. Dans le syst\u00e8me atmosph\u00e9rique, l\u2019\u00e9nergie libre absorb\u00e9e par la Terre est stock\u00e9e dans des diff\u00e9rences de potentiel \u00e9lectrique \u00e0 l\u2019int\u00e9rieur des nuages, entre les nuages eux-m\u00eames, entre les nuages et l\u2019air environnant, et entre les nuages et le sol. Quel que soit le m\u00e9canisme sp\u00e9cifique de s\u00e9paration des charges, en raison de la structure cellulaire de chaque nuage, il est probable qu\u2019un gradient de potentiel \u00e9lectrique soit pr\u00e9sent sur les surfaces des cellules du syst\u00e8me, qui peut g\u00e9n\u00e9ralement \u00eatre constitu\u00e9 de gouttelettes d\u2019eau liquide ou de cristaux d\u2019eau gel\u00e9s. Pour les deux syst\u00e8mes, l\u2019\u00e9nergie libre absorb\u00e9e et stock\u00e9e dans ces gradients de potentiel est dissip\u00e9e dans le processus de d\u00e9charge \u00e9lectrique, qui consiste en une d\u00e9charge \u00e9lectrostatique pour le syst\u00e8me atmosph\u00e9rique et en une d\u00e9charge \u00e9lectrochimique pour le cerveau.<\/p>\n<p align=\"justify\">La charge des nuages est le ph\u00e9nom\u00e8ne responsable des \u00e9clairs. Le m\u00e9canisme physique par lequel une d\u00e9charge de foudre est amorc\u00e9e est ce qu\u2019on appelle le \u00ab\u00a0<span style=\"color: #000000;\">traceur descendant (<\/span><span style=\"color: #000000;\"><span lang=\"en-US\"><i>stepped leader<\/i><\/span><\/span><span style=\"color: #000000;\">)<\/span>\u00a0\u00bb, qui est constitu\u00e9 d\u2019un canal d\u2019\u00e9lectrons libres se ramifiant g\u00e9n\u00e9ralement en une configuration arborescente. Lorsque le <span style=\"color: #000000;\">traceur descendant<\/span> s\u2019approche de la r\u00e9gion charg\u00e9e positivement du nuage, sa charge n\u00e9gative relativement importante cr\u00e9e les conditions n\u00e9cessaires au \u00ab\u00a0coup de retour (<span style=\"color: #000000;\"><span lang=\"en-US\"><i>return stroke<\/i><\/span><\/span>)\u00a0\u00bb, un flux important d\u2019ions charg\u00e9s positivement de la r\u00e9gion positive vers la r\u00e9gion n\u00e9gative du nuage. Persinger (Persinger, 2012) a compar\u00e9 la conduction dans un axone neuronal avec le <span style=\"color: #000000;\">traceur descendant<\/span>. Il a reconnu des caract\u00e9ristiques de forme d\u2019onde similaires entre le potentiel d\u2019action neuronal et la d\u00e9charge de foudre, ainsi que la co\u00efncidence de diff\u00e9rentes quantit\u00e9s physiques, telles que la puissance et les densit\u00e9s de courant des d\u00e9charges respectives. En outre, une fois qu\u2019une d\u00e9charge de foudre s\u2019est produite, si une charge n\u00e9gative suppl\u00e9mentaire est rapidement mise \u00e0 la disposition de la partie sup\u00e9rieure du canal d\u2019attaque pr\u00e9c\u00e9dent, un train d\u2019impulsions peut \u00eatre produit. De m\u00eame, des trains d\u2019impulsions dans des neurones \u00e0 d\u00e9charge synchrone se produisent g\u00e9n\u00e9ralement dans un cerveau.<\/p>\n<p align=\"justify\">\u00c0 ce stade, il est naturel de se demander si des d\u00e9charges atmosph\u00e9riques diff\u00e9rentes peuvent \u00eatre des \u00e9v\u00e9nements li\u00e9s, tout comme des d\u00e9charges synchrones distinctes de groupes de neurones sont li\u00e9es dans un cerveau. En d\u2019autres termes, nous nous demandons si le syst\u00e8me atmosph\u00e9rique peut \u00eatre consid\u00e9r\u00e9 comme une machine \u00e0 calculer, une sorte de r\u00e9seau neuronal. \u00c0 cet \u00e9gard, alors qu\u2019une quantit\u00e9 \u00e9norme d\u2019\u00e9tudes a \u00e9t\u00e9 consacr\u00e9e au d\u00e9clenchement d\u2019un seul \u00e9clair, les caract\u00e9ristiques et les propri\u00e9t\u00e9s d\u2019une s\u00e9quence d\u2019\u00e9clairs cons\u00e9cutifs ont re\u00e7u peu d\u2019attention. Dennis (Dennis, Jan. 1970) a enregistr\u00e9 visuellement vingt orages au Nouveau-Mexique et a effectu\u00e9 une analyse statistique sur la chronom\u00e9trie des \u00e9clairs cons\u00e9cutifs. Il a conclu que l\u2019occurrence d\u2019un \u00e9clair individuel doit \u00eatre consid\u00e9r\u00e9e comme un ph\u00e9nom\u00e8ne al\u00e9atoire. Cependant, la fiabilit\u00e9 et le nombre limit\u00e9 d\u2019observations sugg\u00e8rent qu\u2019il y a peut-\u00eatre eu une autre fa\u00e7on d\u2019interpr\u00e9ter les temps d\u2019inter-arriv\u00e9e des \u00e9clairs. Dans une autre \u00e9tude de Mazur (Mazur, nov. 1982), de nombreux cas de \u00ab\u00a0d\u00e9charges associ\u00e9es\u00a0\u00bb ont \u00e9t\u00e9 signal\u00e9s, \u00e0 savoir des \u00e9clairs survenant \u00e0 moins de 200 ms les uns des autres. Mazur a d\u00e9termin\u00e9 que l\u2019hypoth\u00e8se selon laquelle tous les flashs observ\u00e9s \u00e9taient des \u00e9v\u00e9nements ind\u00e9pendants est r\u00e9fut\u00e9e avec un niveau de signification compris entre 0,1\u00a0% et 5\u00a0%. Un ph\u00e9nom\u00e8ne similaire d\u2019\u00e9clairs tr\u00e8s rapproch\u00e9s a \u00e9t\u00e9 signal\u00e9 par Yonnegut et al. (B. Yonnegut, Jan. 1985), qui ont not\u00e9 le regroupement ou la convergence des \u00e9clairs tels qu\u2019ils apparaissent dans les images vid\u00e9o nocturnes de la navette spatiale. Ils ont simplement propos\u00e9 une explication conceptuelle similaire \u00e0 celle de Mazur, affirmant que la lib\u00e9ration d\u2019\u00e9nergie \u00e9lectrique dans une partie du nuage finit par d\u00e9clencher le processus de d\u00e9composition dans une autre partie. Dans une autre \u00e9tude utilisant les images de foudre de la navette spatiale, Yair et al. (Y. Yair, ao\u00fbt 2006) ont analys\u00e9 les s\u00e9quences de six syst\u00e8mes orageux et ont montr\u00e9 que, dans les orages pr\u00e9sentant un taux d\u2019\u00e9clairs \u00e9lev\u00e9, l\u2019activit\u00e9 de la foudre dans une r\u00e9gion affichait une synchronisation transitoire avec des salves d\u2019\u00e9clairs presque simultan\u00e9es dans d\u2019autres r\u00e9gions. Bien que le m\u00e9canisme de couplage \u00e9lectromagn\u00e9tique ne soit pas encore totalement compris, les auteurs ont expliqu\u00e9 le ph\u00e9nom\u00e8ne en empruntant un mod\u00e8le aux neurosciences (Y. Yair, ao\u00fbt 2006) : le r\u00e9seau adaptatif d\u2019oscillateurs de type \u00ab\u00a0leaky-integrate-and-fire\u00a0\u00bb (LIF), un mod\u00e8le \u00e9lectrique classique d\u2019un neurone ou d\u2019un groupe de neurones \u00e0 d\u00e9charge synchrone. Ils ont tent\u00e9 d\u2019expliquer les d\u00e9charges de foudre synchrones des orages \u00e0 distance en termes de groupes de neurones \u00e0 d\u00e9charge synchrone.<\/p>\n<p align=\"justify\">Koenig (H. Koenig, 1954), qui \u00e9tait un grand sp\u00e9cialiste des effets de l\u2019\u00e9lectromagn\u00e9tisme environnemental sur les syst\u00e8mes biologiques, a constat\u00e9 des concordances remarquables entre les formes d\u2019onde de l\u2019activit\u00e9 \u00e9lectroenc\u00e9phalographique enregistr\u00e9e sur le cuir chevelu de sujets humains et les mod\u00e8les d\u2019activit\u00e9 \u00e9lectromagn\u00e9tique naturelle g\u00e9n\u00e9r\u00e9e par la foudre plan\u00e9taire. En particulier, les r\u00e9sonances de Schumann, qui sont traditionnellement d\u00e9finies par des pics spectraux \u00e0 environ 8, 14, 20, 26 et 33 Hz, pr\u00e9sentent une coh\u00e9rence frappante avec l\u2019activit\u00e9 \u00e9lectroenc\u00e9phalographique, tant en termes de fr\u00e9quence que d\u2019intensit\u00e9. \u00c0 cet \u00e9gard, en 2006, Pobachenko et al. (Pobachenko, 2006) ont mis en \u00e9vidence une coh\u00e9rence en temps r\u00e9el entre les variations du spectre de Schumann et l\u2019activit\u00e9 c\u00e9r\u00e9brale dans la bande 6-16 Hz pour un petit \u00e9chantillon. L\u2019exp\u00e9rience a \u00e9t\u00e9 r\u00e9p\u00e9t\u00e9e avec succ\u00e8s par Saroka (K. S. Saroka) pour un plus grand \u00e9chantillon.<\/p>\n<p align=\"justify\">De cette br\u00e8ve discussion comparative entre le cerveau et le syst\u00e8me atmosph\u00e9rique, il ressort que, bien que les deux syst\u00e8mes soient certainement diff\u00e9rents, ils pr\u00e9sentent diverses similitudes dans les aspects que nous avons illustr\u00e9s. Fondamentalement, on peut affirmer que le cerveau est une version r\u00e9duite du syst\u00e8me atmosph\u00e9rique, bas\u00e9e sur l\u2019\u00e9lectrochimie plut\u00f4t que sur l\u2019\u00e9lectrostatique.<\/p>\n<p align=\"justify\">Un sujet de cette ampleur ne peut \u00eatre \u00e9puis\u00e9 dans ces quelques paragraphes. Nous laissons le lecteur r\u00e9fl\u00e9chir \u00e0 la possibilit\u00e9 que l\u2019apparition de la vie sur Terre, bien qu\u2019elle se soit plausiblement produite en vertu des forces aveugles qui r\u00e9gissent le comportement du syst\u00e8me atmosph\u00e9rique, soit \u00e9galement le produit d\u2019une exp\u00e9rience consciente. Tout compte fait, on ne peut exclure que, correspondant \u00e0 l\u2019activit\u00e9 du syst\u00e8me atmosph\u00e9rique, il y ait eu une exp\u00e9rience subjective consciente d\u2019un processus cr\u00e9atif. Sans pr\u00e9tendre tirer des conclusions d\u00e9finitives sur la nature de la vie ou la possibilit\u00e9 que notre plan\u00e8te pense et exp\u00e9rimente, nous esp\u00e9rons simplement avoir montr\u00e9 la gravit\u00e9 du probl\u00e8me corps-esprit.<\/p>\n<p align=\"justify\"><b>Les Auteurs<\/b><\/p>\n<p align=\"justify\"><b>Daniela Panighetti<\/b> a obtenu son dipl\u00f4me de philosophie en 2008, \u00e0 l\u2019universit\u00e9 de V\u00e9rone, et se sp\u00e9cialise actuellement en psychologie. Au cours de ses \u00e9tudes, elle s\u2019est pench\u00e9e sur le probl\u00e8me de l\u2019esprit et de la mati\u00e8re, en s\u2019y plongeant \u00e0 la fois du point de vue de la philosophie et de la psychologie. Elle a \u00e9galement approfondi son \u00e9tude de la philosophie orientale en relation avec le probl\u00e8me esprit-mati\u00e8re avec le prof. M. Bergonzi \u00e0 l\u2019Universit\u00e9 de Naples \u201cL\u2019Orientale\u201d.<\/p>\n<p align=\"justify\"><b>Massimiliano Sorrentino<\/b> a obtenu son dipl\u00f4me de physique en 2003, avec une th\u00e8se en physique des particules, \u00e0 l\u2019Universit\u00e9 Federico II de Naples. Il a obtenu son doctorat en physique en 2007 \u00e0 la m\u00eame universit\u00e9. Pendant son doctorat, il a trait\u00e9 des probl\u00e8mes ouverts dans le domaine des neurosciences, et a \u00e9t\u00e9 supervis\u00e9 par le prof. G. Trautteur, qui l\u2019a initi\u00e9 au probl\u00e8me esprit-mati\u00e8re et \u00e0 ses possibles malentendus. Par la suite, Massimiliano a trait\u00e9 des probl\u00e8mes ouverts dans le domaine de la biologie et est actuellement professeur de math\u00e9matiques et de sciences.<\/p>\n<p align=\"justify\"><b>Bibliographie<\/b><\/p>\n<p align=\"justify\">Yonnegut, J. V. (Jan. 1985). Mesoscale Observations of Lightning from Space Shuttle. <i>Bulletin of the American Meteorological Society<\/i> vol. 66 , pp. 20-29.<\/p>\n<p align=\"justify\">Dawkins, R. (1986). <em><span style=\"color: #000000;\"><span lang=\"en-US\">The blind watchmaker (<\/span><\/span><\/em><i>L\u2019horloger aveugle)<\/i>. Norton &amp; Company, Inc.<\/p>\n<p align=\"justify\">Dennis, A. S. (Jan. 1970). The Flashing Behavior of Thunderstorms. pp. 170-172.<\/p>\n<p align=\"justify\">Koenig, W. O. (1954). Uber die beobachtung von \u00ab\u00a0atmospherics\u00a0\u00bb bei geringsten frequenzen. Naturwissenschaften, vol. 8, pp. 183-184.<\/p>\n<p align=\"justify\">S. Saroka, M. A. (n.d.). Quantitative evidence for direct effects between ionosphere schumann resonances and human cerebral cortical activity.<\/p>\n<p align=\"justify\">Mazur, V. (Nov 1982). Associated lightning discharges. Geophysical Research Letters vol. 9 , pp. 1227-1230.<\/p>\n<p align=\"justify\">Nagel, T. (2012). (<i>L\u2019esprit et le cosmos<\/i>) <em><span style=\"color: #000000;\"><span lang=\"en-US\">Mind and Cosmos: Why the neo-Darwinian materialist conception of nature is almost certainly false<\/span><\/span><\/em>. Oxford University Press Inc.<\/p>\n<p align=\"justify\">Persinger, M. A. (2012). <span style=\"color: #000000;\"><span lang=\"en-US\">Brain electromagnetic activity and lightning: potentially congruent scale-invariant quantitative properties<\/span><\/span>. <i>Front. Integr. Neurosci. 6:19. doi : 10.3389\/fnint.2012.00019<\/i>.<\/p>\n<p align=\"justify\">Pobachenko, S. V. (2006). <span style=\"color: #000000;\"><span lang=\"en-US\">The contingency of parameters of human encephalograms and Schumann Resonance electromagnetic fields revealed in monitoring studies<\/span><\/span>.<\/p>\n<p align=\"justify\">Shumann, W. O. (pp. 149-154). Uber die strahlungslosen eigenschwingungen einer leitenden kugel, die von einer luftschicht und einer ionosph\u00a8arenh\u00a8ulle umgeben ist. <i>Zeitschrift fur Naturforschung A, vol. 7, no 2 , 1952.<\/i><\/p>\n<p align=\"justify\">Yair, R. A. (2009). Clustering and synchronization of lightning flashes in adjacent thunderstorm cells from lightning location networks data. <i>Journal of Geophysical Research : Atmospheres, vol. 114<\/i>.<\/p>\n<p align=\"justify\">Yair, R. A. (ao\u00fbt 2006). Evidence for synchronicity of lightning activity in networks of spatially remote thunderstorms. <i>Journal of Atmospheric and Solar-Terrestrial Physics, vol. 68, pp. 1401-1415<\/i>.<\/p>\n","protected":false},"excerpt":{"rendered":"<p>Traduction libre avec l\u2019aimable autorisation d\u2019Essentia Foundation Texte original\u00a0: https:\/\/www.essentiafoundation.org\/reading\/conscious-storms-and-the-origin-of-life\/ Cet essai \u00e9tonnamment coh\u00e9rent et empiriquement bien fond\u00e9 soutient que, bien que r\u00e9gie par les lois aveugles et sans but de la nature, l\u2019atmosph\u00e8re terrestre \u2014 tout comme les cerveaux biologiques \u2014 est peut-\u00eatre associ\u00e9e \u00e0 une perspective subjective \u00e0 la premi\u00e8re personne et peut [&hellip;]<\/p>\n","protected":false},"author":2,"featured_media":18918,"comment_status":"closed","ping_status":"closed","sticky":false,"template":"","format":"standard","meta":{"footnotes":""},"categories":[1540,1661],"tags":[1662,223,116,1590],"class_list":["post-18917","post","type-post","status-publish","format-standard","has-post-thumbnail","hentry","category-actualite","category-sorrentino-massimiliano","tag-atmosphere","tag-biologie","tag-cerveau","tag-science-et-conscience"],"yoast_head":"<!-- This site is optimized with the Yoast SEO plugin v27.0 - https:\/\/yoast.com\/product\/yoast-seo-wordpress\/ -->\n<title>Temp\u00eates conscientes et origine de la vie par Massimiliano Sorrentino &amp; Daniela Panighetti - 3e mill\u00e9naire - Spiritualit\u00e9 - Connaissance de soi - Non-dualit\u00e9 - M\u00e9ditation<\/title>\n<meta name=\"robots\" content=\"index, follow, max-snippet:-1, max-image-preview:large, max-video-preview:-1\" \/>\n<link rel=\"canonical\" href=\"https:\/\/www.revue3emillenaire.com\/blog\/tempetes-conscientes-et-origine-de-la-vie-par-massimiliano-sorrentino-daniela-panighetti\/\" \/>\n<meta property=\"og:locale\" content=\"fr_FR\" \/>\n<meta property=\"og:type\" content=\"article\" \/>\n<meta property=\"og:title\" content=\"Temp\u00eates conscientes et origine de la vie par Massimiliano Sorrentino &amp; Daniela Panighetti - 3e mill\u00e9naire - Spiritualit\u00e9 - Connaissance de soi - Non-dualit\u00e9 - M\u00e9ditation\" \/>\n<meta property=\"og:description\" content=\"Traduction libre avec l\u2019aimable autorisation d\u2019Essentia Foundation Texte original\u00a0: https:\/\/www.essentiafoundation.org\/reading\/conscious-storms-and-the-origin-of-life\/ Cet essai \u00e9tonnamment coh\u00e9rent et empiriquement bien fond\u00e9 soutient que, bien que r\u00e9gie par les lois aveugles et sans but de la nature, l\u2019atmosph\u00e8re terrestre \u2014 tout comme les cerveaux biologiques \u2014 est peut-\u00eatre associ\u00e9e \u00e0 une perspective subjective \u00e0 la premi\u00e8re personne et peut [&hellip;]\" \/>\n<meta property=\"og:url\" content=\"https:\/\/www.revue3emillenaire.com\/blog\/tempetes-conscientes-et-origine-de-la-vie-par-massimiliano-sorrentino-daniela-panighetti\/\" \/>\n<meta property=\"og:site_name\" content=\"3e mill\u00e9naire - Spiritualit\u00e9 - Connaissance de soi - Non-dualit\u00e9 - M\u00e9ditation\" \/>\n<meta property=\"article:published_time\" content=\"2022-04-20T01:14:00+00:00\" \/>\n<meta property=\"article:modified_time\" content=\"2022-04-22T03:08:18+00:00\" \/>\n<meta property=\"og:image\" content=\"https:\/\/www.revue3emillenaire.com\/blog\/wp-content\/uploads\/2022\/04\/Massimiliano-Sorrentino.jpg\" \/>\n\t<meta property=\"og:image:width\" content=\"280\" \/>\n\t<meta property=\"og:image:height\" content=\"280\" \/>\n\t<meta property=\"og:image:type\" content=\"image\/jpeg\" \/>\n<meta name=\"author\" content=\"3e mill\u00e9naire\" \/>\n<meta name=\"twitter:card\" content=\"summary_large_image\" \/>\n<meta name=\"twitter:label1\" content=\"\u00c9crit par\" \/>\n\t<meta name=\"twitter:data1\" content=\"3e mill\u00e9naire\" \/>\n\t<meta name=\"twitter:label2\" content=\"Dur\u00e9e de lecture estim\u00e9e\" \/>\n\t<meta name=\"twitter:data2\" content=\"17 minutes\" \/>\n<script type=\"application\/ld+json\" class=\"yoast-schema-graph\">{\"@context\":\"https:\/\/schema.org\",\"@graph\":[{\"@type\":\"Article\",\"@id\":\"https:\/\/www.revue3emillenaire.com\/blog\/tempetes-conscientes-et-origine-de-la-vie-par-massimiliano-sorrentino-daniela-panighetti\/#article\",\"isPartOf\":{\"@id\":\"https:\/\/www.revue3emillenaire.com\/blog\/tempetes-conscientes-et-origine-de-la-vie-par-massimiliano-sorrentino-daniela-panighetti\/\"},\"author\":{\"name\":\"3e mill\u00e9naire\",\"@id\":\"https:\/\/www.revue3emillenaire.com\/blog\/#\/schema\/person\/b692dacff720a5344a6190bc714397eb\"},\"headline\":\"Temp\u00eates conscientes et origine de la vie par Massimiliano Sorrentino &#038; Daniela Panighetti\",\"datePublished\":\"2022-04-20T01:14:00+00:00\",\"dateModified\":\"2022-04-22T03:08:18+00:00\",\"mainEntityOfPage\":{\"@id\":\"https:\/\/www.revue3emillenaire.com\/blog\/tempetes-conscientes-et-origine-de-la-vie-par-massimiliano-sorrentino-daniela-panighetti\/\"},\"wordCount\":3709,\"image\":{\"@id\":\"https:\/\/www.revue3emillenaire.com\/blog\/tempetes-conscientes-et-origine-de-la-vie-par-massimiliano-sorrentino-daniela-panighetti\/#primaryimage\"},\"thumbnailUrl\":\"https:\/\/www.revue3emillenaire.com\/blog\/wp-content\/uploads\/2022\/04\/Massimiliano-Sorrentino.jpg\",\"keywords\":[\"Atmosph\u00e8re\",\"biologie\",\"cerveau\",\"science et conscience\"],\"articleSection\":[\"Actualit\u00e9s\",\"Sorrentino Massimiliano\"],\"inLanguage\":\"fr-FR\"},{\"@type\":\"WebPage\",\"@id\":\"https:\/\/www.revue3emillenaire.com\/blog\/tempetes-conscientes-et-origine-de-la-vie-par-massimiliano-sorrentino-daniela-panighetti\/\",\"url\":\"https:\/\/www.revue3emillenaire.com\/blog\/tempetes-conscientes-et-origine-de-la-vie-par-massimiliano-sorrentino-daniela-panighetti\/\",\"name\":\"Temp\u00eates conscientes et origine de la vie par Massimiliano Sorrentino & Daniela Panighetti - 3e mill\u00e9naire - Spiritualit\u00e9 - Connaissance de soi - Non-dualit\u00e9 - M\u00e9ditation\",\"isPartOf\":{\"@id\":\"https:\/\/www.revue3emillenaire.com\/blog\/#website\"},\"primaryImageOfPage\":{\"@id\":\"https:\/\/www.revue3emillenaire.com\/blog\/tempetes-conscientes-et-origine-de-la-vie-par-massimiliano-sorrentino-daniela-panighetti\/#primaryimage\"},\"image\":{\"@id\":\"https:\/\/www.revue3emillenaire.com\/blog\/tempetes-conscientes-et-origine-de-la-vie-par-massimiliano-sorrentino-daniela-panighetti\/#primaryimage\"},\"thumbnailUrl\":\"https:\/\/www.revue3emillenaire.com\/blog\/wp-content\/uploads\/2022\/04\/Massimiliano-Sorrentino.jpg\",\"datePublished\":\"2022-04-20T01:14:00+00:00\",\"dateModified\":\"2022-04-22T03:08:18+00:00\",\"author\":{\"@id\":\"https:\/\/www.revue3emillenaire.com\/blog\/#\/schema\/person\/b692dacff720a5344a6190bc714397eb\"},\"breadcrumb\":{\"@id\":\"https:\/\/www.revue3emillenaire.com\/blog\/tempetes-conscientes-et-origine-de-la-vie-par-massimiliano-sorrentino-daniela-panighetti\/#breadcrumb\"},\"inLanguage\":\"fr-FR\",\"potentialAction\":[{\"@type\":\"ReadAction\",\"target\":[\"https:\/\/www.revue3emillenaire.com\/blog\/tempetes-conscientes-et-origine-de-la-vie-par-massimiliano-sorrentino-daniela-panighetti\/\"]}]},{\"@type\":\"ImageObject\",\"inLanguage\":\"fr-FR\",\"@id\":\"https:\/\/www.revue3emillenaire.com\/blog\/tempetes-conscientes-et-origine-de-la-vie-par-massimiliano-sorrentino-daniela-panighetti\/#primaryimage\",\"url\":\"https:\/\/www.revue3emillenaire.com\/blog\/wp-content\/uploads\/2022\/04\/Massimiliano-Sorrentino.jpg\",\"contentUrl\":\"https:\/\/www.revue3emillenaire.com\/blog\/wp-content\/uploads\/2022\/04\/Massimiliano-Sorrentino.jpg\",\"width\":280,\"height\":280},{\"@type\":\"BreadcrumbList\",\"@id\":\"https:\/\/www.revue3emillenaire.com\/blog\/tempetes-conscientes-et-origine-de-la-vie-par-massimiliano-sorrentino-daniela-panighetti\/#breadcrumb\",\"itemListElement\":[{\"@type\":\"ListItem\",\"position\":1,\"name\":\"Accueil\",\"item\":\"https:\/\/www.revue3emillenaire.com\/blog\/\"},{\"@type\":\"ListItem\",\"position\":2,\"name\":\"Temp\u00eates conscientes et origine de la vie par Massimiliano Sorrentino &#038; Daniela Panighetti\"}]},{\"@type\":\"WebSite\",\"@id\":\"https:\/\/www.revue3emillenaire.com\/blog\/#website\",\"url\":\"https:\/\/www.revue3emillenaire.com\/blog\/\",\"name\":\"3e mill\u00e9naire - Spiritualit\u00e9 - Connaissance de soi - Non-dualit\u00e9 - M\u00e9ditation\",\"description\":\"L&#039;Homme en devenir\",\"potentialAction\":[{\"@type\":\"SearchAction\",\"target\":{\"@type\":\"EntryPoint\",\"urlTemplate\":\"https:\/\/www.revue3emillenaire.com\/blog\/?s={search_term_string}\"},\"query-input\":{\"@type\":\"PropertyValueSpecification\",\"valueRequired\":true,\"valueName\":\"search_term_string\"}}],\"inLanguage\":\"fr-FR\"},{\"@type\":\"Person\",\"@id\":\"https:\/\/www.revue3emillenaire.com\/blog\/#\/schema\/person\/b692dacff720a5344a6190bc714397eb\",\"name\":\"3e mill\u00e9naire\",\"url\":\"https:\/\/www.revue3emillenaire.com\/blog\/author\/scoussa\/\"}]}<\/script>\n<!-- \/ Yoast SEO plugin. -->","yoast_head_json":{"title":"Temp\u00eates conscientes et origine de la vie par Massimiliano Sorrentino & Daniela Panighetti - 3e mill\u00e9naire - Spiritualit\u00e9 - Connaissance de soi - Non-dualit\u00e9 - M\u00e9ditation","robots":{"index":"index","follow":"follow","max-snippet":"max-snippet:-1","max-image-preview":"max-image-preview:large","max-video-preview":"max-video-preview:-1"},"canonical":"https:\/\/www.revue3emillenaire.com\/blog\/tempetes-conscientes-et-origine-de-la-vie-par-massimiliano-sorrentino-daniela-panighetti\/","og_locale":"fr_FR","og_type":"article","og_title":"Temp\u00eates conscientes et origine de la vie par Massimiliano Sorrentino & Daniela Panighetti - 3e mill\u00e9naire - Spiritualit\u00e9 - Connaissance de soi - Non-dualit\u00e9 - M\u00e9ditation","og_description":"Traduction libre avec l\u2019aimable autorisation d\u2019Essentia Foundation Texte original\u00a0: https:\/\/www.essentiafoundation.org\/reading\/conscious-storms-and-the-origin-of-life\/ Cet essai \u00e9tonnamment coh\u00e9rent et empiriquement bien fond\u00e9 soutient que, bien que r\u00e9gie par les lois aveugles et sans but de la nature, l\u2019atmosph\u00e8re terrestre \u2014 tout comme les cerveaux biologiques \u2014 est peut-\u00eatre associ\u00e9e \u00e0 une perspective subjective \u00e0 la premi\u00e8re personne et peut [&hellip;]","og_url":"https:\/\/www.revue3emillenaire.com\/blog\/tempetes-conscientes-et-origine-de-la-vie-par-massimiliano-sorrentino-daniela-panighetti\/","og_site_name":"3e mill\u00e9naire - Spiritualit\u00e9 - Connaissance de soi - Non-dualit\u00e9 - M\u00e9ditation","article_published_time":"2022-04-20T01:14:00+00:00","article_modified_time":"2022-04-22T03:08:18+00:00","og_image":[{"width":280,"height":280,"url":"https:\/\/www.revue3emillenaire.com\/blog\/wp-content\/uploads\/2022\/04\/Massimiliano-Sorrentino.jpg","type":"image\/jpeg"}],"author":"3e mill\u00e9naire","twitter_card":"summary_large_image","twitter_misc":{"\u00c9crit par":"3e mill\u00e9naire","Dur\u00e9e de lecture estim\u00e9e":"17 minutes"},"schema":{"@context":"https:\/\/schema.org","@graph":[{"@type":"Article","@id":"https:\/\/www.revue3emillenaire.com\/blog\/tempetes-conscientes-et-origine-de-la-vie-par-massimiliano-sorrentino-daniela-panighetti\/#article","isPartOf":{"@id":"https:\/\/www.revue3emillenaire.com\/blog\/tempetes-conscientes-et-origine-de-la-vie-par-massimiliano-sorrentino-daniela-panighetti\/"},"author":{"name":"3e mill\u00e9naire","@id":"https:\/\/www.revue3emillenaire.com\/blog\/#\/schema\/person\/b692dacff720a5344a6190bc714397eb"},"headline":"Temp\u00eates conscientes et origine de la vie par Massimiliano Sorrentino &#038; Daniela Panighetti","datePublished":"2022-04-20T01:14:00+00:00","dateModified":"2022-04-22T03:08:18+00:00","mainEntityOfPage":{"@id":"https:\/\/www.revue3emillenaire.com\/blog\/tempetes-conscientes-et-origine-de-la-vie-par-massimiliano-sorrentino-daniela-panighetti\/"},"wordCount":3709,"image":{"@id":"https:\/\/www.revue3emillenaire.com\/blog\/tempetes-conscientes-et-origine-de-la-vie-par-massimiliano-sorrentino-daniela-panighetti\/#primaryimage"},"thumbnailUrl":"https:\/\/www.revue3emillenaire.com\/blog\/wp-content\/uploads\/2022\/04\/Massimiliano-Sorrentino.jpg","keywords":["Atmosph\u00e8re","biologie","cerveau","science et conscience"],"articleSection":["Actualit\u00e9s","Sorrentino Massimiliano"],"inLanguage":"fr-FR"},{"@type":"WebPage","@id":"https:\/\/www.revue3emillenaire.com\/blog\/tempetes-conscientes-et-origine-de-la-vie-par-massimiliano-sorrentino-daniela-panighetti\/","url":"https:\/\/www.revue3emillenaire.com\/blog\/tempetes-conscientes-et-origine-de-la-vie-par-massimiliano-sorrentino-daniela-panighetti\/","name":"Temp\u00eates conscientes et origine de la vie par Massimiliano Sorrentino & Daniela Panighetti - 3e mill\u00e9naire - Spiritualit\u00e9 - Connaissance de soi - Non-dualit\u00e9 - M\u00e9ditation","isPartOf":{"@id":"https:\/\/www.revue3emillenaire.com\/blog\/#website"},"primaryImageOfPage":{"@id":"https:\/\/www.revue3emillenaire.com\/blog\/tempetes-conscientes-et-origine-de-la-vie-par-massimiliano-sorrentino-daniela-panighetti\/#primaryimage"},"image":{"@id":"https:\/\/www.revue3emillenaire.com\/blog\/tempetes-conscientes-et-origine-de-la-vie-par-massimiliano-sorrentino-daniela-panighetti\/#primaryimage"},"thumbnailUrl":"https:\/\/www.revue3emillenaire.com\/blog\/wp-content\/uploads\/2022\/04\/Massimiliano-Sorrentino.jpg","datePublished":"2022-04-20T01:14:00+00:00","dateModified":"2022-04-22T03:08:18+00:00","author":{"@id":"https:\/\/www.revue3emillenaire.com\/blog\/#\/schema\/person\/b692dacff720a5344a6190bc714397eb"},"breadcrumb":{"@id":"https:\/\/www.revue3emillenaire.com\/blog\/tempetes-conscientes-et-origine-de-la-vie-par-massimiliano-sorrentino-daniela-panighetti\/#breadcrumb"},"inLanguage":"fr-FR","potentialAction":[{"@type":"ReadAction","target":["https:\/\/www.revue3emillenaire.com\/blog\/tempetes-conscientes-et-origine-de-la-vie-par-massimiliano-sorrentino-daniela-panighetti\/"]}]},{"@type":"ImageObject","inLanguage":"fr-FR","@id":"https:\/\/www.revue3emillenaire.com\/blog\/tempetes-conscientes-et-origine-de-la-vie-par-massimiliano-sorrentino-daniela-panighetti\/#primaryimage","url":"https:\/\/www.revue3emillenaire.com\/blog\/wp-content\/uploads\/2022\/04\/Massimiliano-Sorrentino.jpg","contentUrl":"https:\/\/www.revue3emillenaire.com\/blog\/wp-content\/uploads\/2022\/04\/Massimiliano-Sorrentino.jpg","width":280,"height":280},{"@type":"BreadcrumbList","@id":"https:\/\/www.revue3emillenaire.com\/blog\/tempetes-conscientes-et-origine-de-la-vie-par-massimiliano-sorrentino-daniela-panighetti\/#breadcrumb","itemListElement":[{"@type":"ListItem","position":1,"name":"Accueil","item":"https:\/\/www.revue3emillenaire.com\/blog\/"},{"@type":"ListItem","position":2,"name":"Temp\u00eates conscientes et origine de la vie par Massimiliano Sorrentino &#038; Daniela Panighetti"}]},{"@type":"WebSite","@id":"https:\/\/www.revue3emillenaire.com\/blog\/#website","url":"https:\/\/www.revue3emillenaire.com\/blog\/","name":"3e mill\u00e9naire - Spiritualit\u00e9 - Connaissance de soi - Non-dualit\u00e9 - M\u00e9ditation","description":"L&#039;Homme en devenir","potentialAction":[{"@type":"SearchAction","target":{"@type":"EntryPoint","urlTemplate":"https:\/\/www.revue3emillenaire.com\/blog\/?s={search_term_string}"},"query-input":{"@type":"PropertyValueSpecification","valueRequired":true,"valueName":"search_term_string"}}],"inLanguage":"fr-FR"},{"@type":"Person","@id":"https:\/\/www.revue3emillenaire.com\/blog\/#\/schema\/person\/b692dacff720a5344a6190bc714397eb","name":"3e mill\u00e9naire","url":"https:\/\/www.revue3emillenaire.com\/blog\/author\/scoussa\/"}]}},"_links":{"self":[{"href":"https:\/\/www.revue3emillenaire.com\/blog\/wp-json\/wp\/v2\/posts\/18917","targetHints":{"allow":["GET"]}}],"collection":[{"href":"https:\/\/www.revue3emillenaire.com\/blog\/wp-json\/wp\/v2\/posts"}],"about":[{"href":"https:\/\/www.revue3emillenaire.com\/blog\/wp-json\/wp\/v2\/types\/post"}],"author":[{"embeddable":true,"href":"https:\/\/www.revue3emillenaire.com\/blog\/wp-json\/wp\/v2\/users\/2"}],"replies":[{"embeddable":true,"href":"https:\/\/www.revue3emillenaire.com\/blog\/wp-json\/wp\/v2\/comments?post=18917"}],"version-history":[{"count":0,"href":"https:\/\/www.revue3emillenaire.com\/blog\/wp-json\/wp\/v2\/posts\/18917\/revisions"}],"wp:featuredmedia":[{"embeddable":true,"href":"https:\/\/www.revue3emillenaire.com\/blog\/wp-json\/wp\/v2\/media\/18918"}],"wp:attachment":[{"href":"https:\/\/www.revue3emillenaire.com\/blog\/wp-json\/wp\/v2\/media?parent=18917"}],"wp:term":[{"taxonomy":"category","embeddable":true,"href":"https:\/\/www.revue3emillenaire.com\/blog\/wp-json\/wp\/v2\/categories?post=18917"},{"taxonomy":"post_tag","embeddable":true,"href":"https:\/\/www.revue3emillenaire.com\/blog\/wp-json\/wp\/v2\/tags?post=18917"}],"curies":[{"name":"wp","href":"https:\/\/api.w.org\/{rel}","templated":true}]}}