{"id":18939,"date":"2022-05-04T15:34:02","date_gmt":"2022-05-04T14:34:02","guid":{"rendered":"https:\/\/www.revue3emillenaire.com\/blog\/?p=18939"},"modified":"2022-05-05T00:08:40","modified_gmt":"2022-05-04T23:08:40","slug":"sauver-la-planete-prochaine-etape-par-arthur-firstenberg","status":"publish","type":"post","link":"https:\/\/www.revue3emillenaire.com\/blog\/sauver-la-planete-prochaine-etape-par-arthur-firstenberg\/","title":{"rendered":"Sauver la plan\u00e8te \u2014 prochaine \u00e9tape par Arthur Firstenberg"},"content":{"rendered":"<p class=\"western\" align=\"justify\"><em> Traduction libre<\/em><\/p>\n<p class=\"western\" align=\"justify\">La Terre se meurt sous nos yeux. La plupart des insectes \u2014 abeilles, papillons, grillons, araign\u00e9es \u2014 ont d\u00e9j\u00e0 disparu, m\u00eame dans les for\u00eats tropicales et les zones naturelles prot\u00e9g\u00e9es. Les m\u00e9sanges, les moineaux et autres petits oiseaux n\u2019embellissent plus nos cours et nos mangeoires. Nos lacs et nos \u00e9tangs manquent de grenouilles et de salamandres. Nos for\u00eats ne sont plus des producteurs nets d\u2019oxyg\u00e8ne. Nos oc\u00e9ans pourraient bient\u00f4t contenir plus de plastiques que de poissons.<\/p>\n<p class=\"western\" align=\"justify\">Le plus surprenant dans les r\u00e9ponses \u00e0 ma demande d\u2019assistant administratif n\u2019est pas que 154\u00a0personnes aient postul\u00e9 pour ce poste, mais que presque toutes m\u2019aient appel\u00e9 d\u2019un t\u00e9l\u00e9phone portable. Cela a r\u00e9v\u00e9l\u00e9 non seulement combien de terrain nous avons perdu au cours des 26\u00a0derni\u00e8res ann\u00e9es, mais aussi les \u00e9normes obstacles qui se dressent devant nous dans notre qu\u00eate d\u2019un v\u00e9ritable changement \u2014 un changement qui doit se produire assez rapidement et \u00eatre suffisamment r\u00e9pandu pour garantir que les b\u00e9b\u00e9s n\u00e9s aujourd\u2019hui auront encore une plan\u00e8te o\u00f9 vivre lorsqu\u2019ils auront dix ans.<\/p>\n<p class=\"western\" align=\"justify\">Parmi les nombreux assauts contre l\u2019atmosph\u00e8re, les oc\u00e9ans, les for\u00eats, la faune et la flore et la vie humaine, le t\u00e9l\u00e9phone portable est unique. Il est unique parce qu\u2019il d\u00e9truit la Terre plus rapidement que toute autre menace \u2014 plus rapidement que les combustibles fossiles, les pesticides, la radioactivit\u00e9, les plastiques ou toute autre agression. Et parce que la pollution qu\u2019il \u00e9met \u2014 le rayonnement de radiofr\u00e9quence (RF) \u2014 est le seul polluant qui est r\u00e9pandu partout d\u00e9lib\u00e9r\u00e9ment et non par inadvertance\u00a0: pour qu\u2019un t\u00e9l\u00e9phone cellulaire fonctionne comme vous le souhaitez, chaque centim\u00e8tre carr\u00e9 de la Terre doit \u00eatre fortement irradi\u00e9 \u00e0 tout moment.<\/p>\n<p class=\"western\" align=\"justify\"><em>La fabrication des t\u00e9l\u00e9phones portables repose sur\u00a0:<\/em><\/p>\n<p class=\"western\" style=\"padding-left: 80px;\" align=\"justify\"><strong><span style=\"color: #008000;\">l\u2019esclavage des enfants en R\u00e9publique d\u00e9mocratique du Congo<br \/>\ng\u00e9nocide contre les populations autochtones de la for\u00eat d\u2019Ituri<br \/>\nextermination des gorilles de la plaine<\/span><\/strong><\/p>\n<p class=\"western\" align=\"justify\"><em>Les t\u00e9l\u00e9phones portables contiennent\u00a0:<\/em><\/p>\n<p class=\"western\" style=\"padding-left: 80px;\" align=\"justify\"><strong><span style=\"color: #008000;\">des dizaines de m\u00e9taux toxiques, et<br \/>\ndes centaines de produits chimiques toxiques<\/span><\/strong><\/p>\n<p class=\"western\" align=\"justify\"><em>La fabrication de t\u00e9l\u00e9phones portables, o\u00f9 qu\u2019elle ait lieu, produit\u00a0:<\/em><\/p>\n<p class=\"western\" style=\"padding-left: 80px;\" align=\"justify\"><strong><span style=\"color: #008000;\">pollution massive des eaux souterraines<\/span><\/strong><\/p>\n<p class=\"western\" align=\"justify\"><em>Les radiations des t\u00e9l\u00e9phones portables sont aujourd\u2019hui la cause de la plupart\u00a0:<\/em><\/p>\n<p class=\"western\" style=\"padding-left: 80px;\" align=\"justify\"><strong><span style=\"color: #008000;\">des maladies cardiaques,<br \/>\ndu diab\u00e8te, et<br \/>\ndu cancer<\/span><\/strong><\/p>\n<p class=\"western\" align=\"justify\"><em>Les 15\u00a0milliards de t\u00e9l\u00e9phones cellulaires dans le monde, ainsi que les 7 millions de tours de t\u00e9l\u00e9phonie cellulaire, sont la principale cause de \u00a0:<\/em><\/p>\n<p class=\"western\" style=\"padding-left: 80px;\" align=\"justify\"><strong><span style=\"color: #008000;\">la disparition des insectes<br \/>\nla d\u00e9cimation des populations d\u2019oiseaux<br \/>\nl\u2019extinction des esp\u00e8ces d\u2019amphibiens<\/span><\/strong><\/p>\n<p class=\"western\" align=\"justify\">Ces faits doivent \u00eatre connus \u2014 connus du public, de la m\u00e9decine conventionnelle et des organisations environnementales conventionnelles qui font campagne pour sauver les insectes, les oiseaux, la faune, les for\u00eats, les oc\u00e9ans et l\u2019atmosph\u00e8re. Et le fait de se d\u00e9barrasser de son t\u00e9l\u00e9phone portable doit rapidement passer du statut d\u2019\u00ab\u00a0impossible\u00a0\u00bb \u00e0 celui de routine et de g\u00e9n\u00e9ralisation. Les raisons pour cela sont plus convaincantes que les raisons pour lesquelles tant de changements de mode de vie qui semblaient autrefois \u00ab\u00a0impossibles\u00a0\u00bb sont devenus routiniers et g\u00e9n\u00e9ralis\u00e9s, dans le monde entier, pendant la pand\u00e9mie.<\/p>\n<p class=\"western\" align=\"justify\">Kathleen Burke, d\u2019Albuquerque, au Nouveau-Mexique, est notre nouvelle assistante de direction. Je remercie les nombreux candidats aux excellentes qualifications que j\u2019ai interview\u00e9s et j\u2019esp\u00e8re que vous ferez tous partie de l\u2019\u00e9quipe mondiale que nous commencerons \u00e0 r\u00e9unir dans les semaines \u00e0 venir. Pour commencer, nous allons tendre la main aux quelque 1\u00a0000\u00a0personnes qui nous ont contact\u00e9s au cours des deux derni\u00e8res ann\u00e9es, en provenance de nombreux pays, pour nous proposer diverses formes d\u2019aide.<\/p>\n<p class=\"western\" align=\"justify\">Notre campagne ne porte pas principalement sur la \u00ab\u00a05G\u00a0\u00bb ou l\u2019\u00ab\u00a0\u00e9lectrosensibilit\u00e9\u00a0\u00bb et elle ne concerne pas uniquement les rayonnements RF. Kathleen et moi allons travailler ensemble pour catalyser la coop\u00e9ration entre les organisations qui s\u2019attaquent \u00e0 de nombreux assauts environnementaux diff\u00e9rents, dans le but de transformer les connaissances en choix parmi le grand public. Nous nous adresserons et travaillerons avec les principales organisations qui s\u2019occupent du changement climatique, de l\u2019utilisation des terres, de la pollution des oc\u00e9ans, de la d\u00e9forestation, des pesticides, des plastiques, des armes nucl\u00e9aires, etc. Et nous ferons prendre conscience \u00e0 toutes ces organisations de l\u2019ampleur et de l\u2019urgence de l\u2019assaut mondial de la technologie sans fil sous toutes ses formes.<\/p>\n<p class=\"western\" align=\"justify\">Transformer les connaissances en choix\u00a0: La connaissance des microplastiques \u2014 dans l\u2019atmosph\u00e8re, dans les oc\u00e9ans et dans notre corps \u2014 doit se traduire par le refus du public d\u2019acheter et d\u2019utiliser du plastique. La connaissance des radiations RF doit se traduire par le rejet des t\u00e9l\u00e9phones portables par le public. Ce sont des choix simples qui peuvent rendre possibles des choix plus difficiles \u2014 par exemple, les choix n\u00e9cessaires pour arr\u00eater le changement climatique.<\/p>\n<p class=\"western\" align=\"justify\">Cette campagne ne sera pas facile, et je ne sais pas si elle peut r\u00e9ussir. Mais elle est n\u00e9cessaire. Le monde entier fait semblant que ses enfants vont grandir, alors qu\u2019il est \u00e9vident que la plan\u00e8te sur laquelle nous attendons qu\u2019ils grandissent est en train d\u2019\u00eatre d\u00e9truite sous leurs yeux \u2014 et elle est en train d\u2019\u00eatre d\u00e9truite non pas par des conspirateurs ou l\u2019\u00ab\u00a0\u00c9tat profond\u00a0\u00bb, mais par les choix de mode de vie de vous, de moi et de tout le monde.<\/p>\n<p class=\"western\" align=\"justify\">Voici le bulletin d\u2019information (en anglais) que j\u2019ai envoy\u00e9 le 1<sup>er<\/sup> mars 2022 (\u00ab\u00a0La Cour supr\u00eame examinera notre dossier ce vendredi\u00a0\u00bb), deux jours apr\u00e8s que je me suis cass\u00e9 le bras\u00a0:<\/p>\n<p class=\"western\" align=\"justify\"><span style=\"color: #000080;\"><span lang=\"zxx\"><u><a href=\"https:\/\/www.cellphonetaskforce.org\/wp-content\/uploads\/2022\/05\/Supreme-Court-to-consider-our-case-this-Friday.pdf\" target=\"_blank\" rel=\"noopener\">https:\/\/www.cellphonetaskforce.org\/wp-content\/uploads\/2022\/05\/Supreme-Court-to-consider-our-case-this-Friday.pdf<\/a><\/u><\/span><\/span>. Il contenait \u00e9galement un lien vers une p\u00e9tition europ\u00e9enne qui a besoin d\u2019un million de signatures et qui a commenc\u00e9 \u00e0 en recueillir le jour m\u00eame. Beaucoup d\u2019entre vous ne l\u2019ont pas re\u00e7u parce que notre service de marketing par courriel a suspendu la livraison sans raison apr\u00e8s qu\u2019il ait \u00e9t\u00e9 envoy\u00e9 \u00e0 seulement le tiers de nos abonn\u00e9s. Le service s\u2019est excus\u00e9 et nous a accord\u00e9 le cr\u00e9dit pour les courriels non envoy\u00e9s.<\/p>\n<p class=\"western\" align=\"justify\"><b>\u00c9chec \u00e0 la Cour supr\u00eame des \u00c9tats-Unis<\/b>\u00a0: Le 4\u00a0mars 2022, la Cour supr\u00eame a vot\u00e9 pour ne pas entendre notre cas. Dans les mois \u00e0 venir, nous allons \u00e9lever notre campagne au niveau sup\u00e9rieur, de sorte que lorsque cette question sera ensuite port\u00e9e devant les l\u00e9gislateurs et les juges, elle sera d\u00e9j\u00e0 une question de grande importance pour le grand public, et les l\u00e9gislateurs et les tribunaux seront mis sous pression par les \u00e9lecteurs qui insistent pour que les radiations cessent, et qui refusent d\u2019utiliser plus longtemps leurs instruments de destruction portatifs.<\/p>\n<p class=\"western\" align=\"justify\"><i><b>Vos dons, quel qu\u2019en soit le montant, contribueront \u00e0 financer l\u2019expansion de notre action environnementale essentielle. Le Cellular Phone Task Force est une organisation \u00e0 but non lucratif de type 501(c)(3), et les dons des r\u00e9sidents am\u00e9ricains sont d\u00e9ductibles des imp\u00f4ts: <a href=\"https:\/\/www.cellphonetaskforce.org\/donate\/\" target=\"_blank\" rel=\"noopener\">https:\/\/www.cellphonetaskforce.org\/donate\/<\/a><\/b><\/i><\/p>\n<p align=\"center\"><span style=\"color: #ffffff;\">FAIRE UN DON<\/span><\/p>\n<p class=\"western\" align=\"center\">Arthur Firstenberg<\/p>\n<p class=\"western\" align=\"center\">Auteur, <span style=\"color: #000080;\"><span lang=\"zxx\"><u><a href=\"http:\/\/r.mail.cellphonetaskforce.org\/mk\/cl\/f\/B3pXPWAejiub6NKFlB9VBTadhylmdO7jG-ZR12iBO402frPIqnzMG-jndwOCg_M4GJvMC1CnaRshJdq3U2VQknJv1K_CXHvBZ1fRs19tcW2BMo-e_Lvyc7hubDVgudgvFxOdfiwjyRFzVn3ckEZk4HvHtX6225OaGDvgb3OTyKCZaUtkJCvKQQTcfpIji6EqCGB5yihZu8NwTKBVktvmNqZvPJ8efcE0ijmv9d6o-vI3y4iEU0GtPED2IeWMbKE\" target=\"_blank\" rel=\"noopener\"><span style=\"font-family: Calibri, Arial, Helvetica, sans-serif, sans-serif;\"><span style=\"font-size: medium;\">The Invisible Rainbow: A History of Electricity and Life<\/span><\/span><\/a><\/u><\/span><\/span> [ou en <span style=\"color: #000080;\"><span lang=\"zxx\"><u><a href=\"https:\/\/www.decitre.fr\/livres\/l-arc-en-ciel-invisible-9782940594320.html\" target=\"_blank\" rel=\"noopener\">Fran\u00e7ais<\/a><\/u><\/span><\/span>]<\/p>\n<p class=\"western\" align=\"center\">Administrateur, International Appeal to Stop 5G on Earth and in Space<\/p>\n<p class=\"western\" align=\"center\">Caretaker, ECHOEarth (End Cellphones Here On Earth)<\/p>\n<p class=\"western\" align=\"center\">P.O. Box 6216<\/p>\n<p class=\"western\" align=\"center\">Santa Fe, NM 87502<\/p>\n<p class=\"western\" align=\"center\">USA<\/p>\n<p class=\"western\" align=\"center\">t\u00e9l\u00e9phone\u00a0: +1 505-471-0129<\/p>\n<p class=\"western\" align=\"center\">info@cellphonetaskforce.org<\/p>\n<p class=\"western\" align=\"center\">3\u00a0mai 2022<\/p>\n<p class=\"western\" align=\"justify\"><i><b>Les 38\u00a0derni\u00e8res lettres d\u2019information, y compris celle-ci, peuvent \u00eatre consult\u00e9es sur la page des lettres d\u2019information de la Cellular Phone Task Force. Certaines de ces lettres sont \u00e9galement disponibles en allemand, espagnol, italien, fran\u00e7ais, norv\u00e9gien et n\u00e9erlandais.<\/b><\/i><\/p>\n<p class=\"western\" align=\"center\">Pour vous abonner, allez sur <span style=\"color: #000080;\"><span lang=\"zxx\"><u><a href=\"http:\/\/www.cellphonetaskforce.org\/subscribe\" target=\"_blank\" rel=\"noopener\">www.cellphonetaskforce.org\/subscribe<\/a><\/u><\/span><\/span><\/p>\n<p align=\"center\"><span style=\"color: #ffffff;\">S\u2019abonner<\/span><\/p>\n","protected":false},"excerpt":{"rendered":"<p>Traduction libre La Terre se meurt sous nos yeux. La plupart des insectes \u2014 abeilles, papillons, grillons, araign\u00e9es \u2014 ont d\u00e9j\u00e0 disparu, m\u00eame dans les for\u00eats tropicales et les zones naturelles prot\u00e9g\u00e9es. Les m\u00e9sanges, les moineaux et autres petits oiseaux n\u2019embellissent plus nos cours et nos mangeoires. Nos lacs et nos \u00e9tangs manquent de grenouilles [&hellip;]<\/p>\n","protected":false},"author":2,"featured_media":18864,"comment_status":"closed","ping_status":"closed","sticky":false,"template":"","format":"standard","meta":{"footnotes":""},"categories":[1540,1594],"tags":[457,1547,1624,1622],"class_list":["post-18939","post","type-post","status-publish","format-standard","has-post-thumbnail","hentry","category-actualite","category-firstenberg-arthur","tag-ecologie","tag-pollution","tag-pollution-electromagnetique","tag-telephones-mobiles"],"yoast_head":"<!-- This site is optimized with the Yoast SEO plugin v27.0 - https:\/\/yoast.com\/product\/yoast-seo-wordpress\/ -->\n<title>Sauver la plan\u00e8te \u2014 prochaine \u00e9tape par Arthur Firstenberg - 3e mill\u00e9naire - Spiritualit\u00e9 - Connaissance de soi - Non-dualit\u00e9 - M\u00e9ditation<\/title>\n<meta name=\"robots\" content=\"index, follow, max-snippet:-1, max-image-preview:large, max-video-preview:-1\" \/>\n<link rel=\"canonical\" href=\"https:\/\/www.revue3emillenaire.com\/blog\/sauver-la-planete-prochaine-etape-par-arthur-firstenberg\/\" \/>\n<meta property=\"og:locale\" content=\"fr_FR\" \/>\n<meta property=\"og:type\" content=\"article\" \/>\n<meta property=\"og:title\" content=\"Sauver la plan\u00e8te \u2014 prochaine \u00e9tape par Arthur Firstenberg - 3e mill\u00e9naire - Spiritualit\u00e9 - Connaissance de soi - Non-dualit\u00e9 - M\u00e9ditation\" \/>\n<meta property=\"og:description\" content=\"Traduction libre La Terre se meurt sous nos yeux. La plupart des insectes \u2014 abeilles, papillons, grillons, araign\u00e9es \u2014 ont d\u00e9j\u00e0 disparu, m\u00eame dans les for\u00eats tropicales et les zones naturelles prot\u00e9g\u00e9es. Les m\u00e9sanges, les moineaux et autres petits oiseaux n\u2019embellissent plus nos cours et nos mangeoires. Nos lacs et nos \u00e9tangs manquent de grenouilles [&hellip;]\" \/>\n<meta property=\"og:url\" content=\"https:\/\/www.revue3emillenaire.com\/blog\/sauver-la-planete-prochaine-etape-par-arthur-firstenberg\/\" \/>\n<meta property=\"og:site_name\" content=\"3e mill\u00e9naire - Spiritualit\u00e9 - Connaissance de soi - Non-dualit\u00e9 - M\u00e9ditation\" \/>\n<meta property=\"article:published_time\" content=\"2022-05-04T14:34:02+00:00\" \/>\n<meta property=\"article:modified_time\" content=\"2022-05-04T23:08:40+00:00\" \/>\n<meta property=\"og:image\" content=\"https:\/\/www.revue3emillenaire.com\/blog\/wp-content\/uploads\/2022\/02\/Arthur-Firstenberg2.jpg\" \/>\n\t<meta property=\"og:image:width\" content=\"280\" \/>\n\t<meta property=\"og:image:height\" content=\"412\" \/>\n\t<meta property=\"og:image:type\" content=\"image\/jpeg\" \/>\n<meta name=\"author\" content=\"3e mill\u00e9naire\" \/>\n<meta name=\"twitter:card\" content=\"summary_large_image\" \/>\n<meta name=\"twitter:label1\" content=\"\u00c9crit par\" \/>\n\t<meta name=\"twitter:data1\" content=\"3e mill\u00e9naire\" \/>\n\t<meta name=\"twitter:label2\" content=\"Dur\u00e9e de lecture estim\u00e9e\" \/>\n\t<meta name=\"twitter:data2\" content=\"6 minutes\" \/>\n<script type=\"application\/ld+json\" class=\"yoast-schema-graph\">{\"@context\":\"https:\/\/schema.org\",\"@graph\":[{\"@type\":\"Article\",\"@id\":\"https:\/\/www.revue3emillenaire.com\/blog\/sauver-la-planete-prochaine-etape-par-arthur-firstenberg\/#article\",\"isPartOf\":{\"@id\":\"https:\/\/www.revue3emillenaire.com\/blog\/sauver-la-planete-prochaine-etape-par-arthur-firstenberg\/\"},\"author\":{\"name\":\"3e mill\u00e9naire\",\"@id\":\"https:\/\/www.revue3emillenaire.com\/blog\/#\/schema\/person\/b692dacff720a5344a6190bc714397eb\"},\"headline\":\"Sauver la plan\u00e8te \u2014 prochaine \u00e9tape par Arthur Firstenberg\",\"datePublished\":\"2022-05-04T14:34:02+00:00\",\"dateModified\":\"2022-05-04T23:08:40+00:00\",\"mainEntityOfPage\":{\"@id\":\"https:\/\/www.revue3emillenaire.com\/blog\/sauver-la-planete-prochaine-etape-par-arthur-firstenberg\/\"},\"wordCount\":1335,\"image\":{\"@id\":\"https:\/\/www.revue3emillenaire.com\/blog\/sauver-la-planete-prochaine-etape-par-arthur-firstenberg\/#primaryimage\"},\"thumbnailUrl\":\"https:\/\/www.revue3emillenaire.com\/blog\/wp-content\/uploads\/2022\/02\/Arthur-Firstenberg2.jpg\",\"keywords\":[\"\u00e9cologie\",\"Pollution\",\"Pollution \u00e9lectromagn\u00e9tique\",\"T\u00e9l\u00e9phones mobiles\"],\"articleSection\":[\"Actualit\u00e9s\",\"Firstenberg Arthur\"],\"inLanguage\":\"fr-FR\"},{\"@type\":\"WebPage\",\"@id\":\"https:\/\/www.revue3emillenaire.com\/blog\/sauver-la-planete-prochaine-etape-par-arthur-firstenberg\/\",\"url\":\"https:\/\/www.revue3emillenaire.com\/blog\/sauver-la-planete-prochaine-etape-par-arthur-firstenberg\/\",\"name\":\"Sauver la plan\u00e8te \u2014 prochaine \u00e9tape par Arthur Firstenberg - 3e mill\u00e9naire - Spiritualit\u00e9 - Connaissance de soi - Non-dualit\u00e9 - M\u00e9ditation\",\"isPartOf\":{\"@id\":\"https:\/\/www.revue3emillenaire.com\/blog\/#website\"},\"primaryImageOfPage\":{\"@id\":\"https:\/\/www.revue3emillenaire.com\/blog\/sauver-la-planete-prochaine-etape-par-arthur-firstenberg\/#primaryimage\"},\"image\":{\"@id\":\"https:\/\/www.revue3emillenaire.com\/blog\/sauver-la-planete-prochaine-etape-par-arthur-firstenberg\/#primaryimage\"},\"thumbnailUrl\":\"https:\/\/www.revue3emillenaire.com\/blog\/wp-content\/uploads\/2022\/02\/Arthur-Firstenberg2.jpg\",\"datePublished\":\"2022-05-04T14:34:02+00:00\",\"dateModified\":\"2022-05-04T23:08:40+00:00\",\"author\":{\"@id\":\"https:\/\/www.revue3emillenaire.com\/blog\/#\/schema\/person\/b692dacff720a5344a6190bc714397eb\"},\"breadcrumb\":{\"@id\":\"https:\/\/www.revue3emillenaire.com\/blog\/sauver-la-planete-prochaine-etape-par-arthur-firstenberg\/#breadcrumb\"},\"inLanguage\":\"fr-FR\",\"potentialAction\":[{\"@type\":\"ReadAction\",\"target\":[\"https:\/\/www.revue3emillenaire.com\/blog\/sauver-la-planete-prochaine-etape-par-arthur-firstenberg\/\"]}]},{\"@type\":\"ImageObject\",\"inLanguage\":\"fr-FR\",\"@id\":\"https:\/\/www.revue3emillenaire.com\/blog\/sauver-la-planete-prochaine-etape-par-arthur-firstenberg\/#primaryimage\",\"url\":\"https:\/\/www.revue3emillenaire.com\/blog\/wp-content\/uploads\/2022\/02\/Arthur-Firstenberg2.jpg\",\"contentUrl\":\"https:\/\/www.revue3emillenaire.com\/blog\/wp-content\/uploads\/2022\/02\/Arthur-Firstenberg2.jpg\",\"width\":280,\"height\":412},{\"@type\":\"BreadcrumbList\",\"@id\":\"https:\/\/www.revue3emillenaire.com\/blog\/sauver-la-planete-prochaine-etape-par-arthur-firstenberg\/#breadcrumb\",\"itemListElement\":[{\"@type\":\"ListItem\",\"position\":1,\"name\":\"Accueil\",\"item\":\"https:\/\/www.revue3emillenaire.com\/blog\/\"},{\"@type\":\"ListItem\",\"position\":2,\"name\":\"Sauver la plan\u00e8te \u2014 prochaine \u00e9tape par Arthur Firstenberg\"}]},{\"@type\":\"WebSite\",\"@id\":\"https:\/\/www.revue3emillenaire.com\/blog\/#website\",\"url\":\"https:\/\/www.revue3emillenaire.com\/blog\/\",\"name\":\"3e mill\u00e9naire - Spiritualit\u00e9 - Connaissance de soi - Non-dualit\u00e9 - M\u00e9ditation\",\"description\":\"L&#039;Homme en devenir\",\"potentialAction\":[{\"@type\":\"SearchAction\",\"target\":{\"@type\":\"EntryPoint\",\"urlTemplate\":\"https:\/\/www.revue3emillenaire.com\/blog\/?s={search_term_string}\"},\"query-input\":{\"@type\":\"PropertyValueSpecification\",\"valueRequired\":true,\"valueName\":\"search_term_string\"}}],\"inLanguage\":\"fr-FR\"},{\"@type\":\"Person\",\"@id\":\"https:\/\/www.revue3emillenaire.com\/blog\/#\/schema\/person\/b692dacff720a5344a6190bc714397eb\",\"name\":\"3e mill\u00e9naire\",\"url\":\"https:\/\/www.revue3emillenaire.com\/blog\/author\/scoussa\/\"}]}<\/script>\n<!-- \/ Yoast SEO plugin. -->","yoast_head_json":{"title":"Sauver la plan\u00e8te \u2014 prochaine \u00e9tape par Arthur Firstenberg - 3e mill\u00e9naire - Spiritualit\u00e9 - Connaissance de soi - Non-dualit\u00e9 - M\u00e9ditation","robots":{"index":"index","follow":"follow","max-snippet":"max-snippet:-1","max-image-preview":"max-image-preview:large","max-video-preview":"max-video-preview:-1"},"canonical":"https:\/\/www.revue3emillenaire.com\/blog\/sauver-la-planete-prochaine-etape-par-arthur-firstenberg\/","og_locale":"fr_FR","og_type":"article","og_title":"Sauver la plan\u00e8te \u2014 prochaine \u00e9tape par Arthur Firstenberg - 3e mill\u00e9naire - Spiritualit\u00e9 - Connaissance de soi - Non-dualit\u00e9 - M\u00e9ditation","og_description":"Traduction libre La Terre se meurt sous nos yeux. La plupart des insectes \u2014 abeilles, papillons, grillons, araign\u00e9es \u2014 ont d\u00e9j\u00e0 disparu, m\u00eame dans les for\u00eats tropicales et les zones naturelles prot\u00e9g\u00e9es. Les m\u00e9sanges, les moineaux et autres petits oiseaux n\u2019embellissent plus nos cours et nos mangeoires. Nos lacs et nos \u00e9tangs manquent de grenouilles [&hellip;]","og_url":"https:\/\/www.revue3emillenaire.com\/blog\/sauver-la-planete-prochaine-etape-par-arthur-firstenberg\/","og_site_name":"3e mill\u00e9naire - Spiritualit\u00e9 - Connaissance de soi - Non-dualit\u00e9 - M\u00e9ditation","article_published_time":"2022-05-04T14:34:02+00:00","article_modified_time":"2022-05-04T23:08:40+00:00","og_image":[{"width":280,"height":412,"url":"https:\/\/www.revue3emillenaire.com\/blog\/wp-content\/uploads\/2022\/02\/Arthur-Firstenberg2.jpg","type":"image\/jpeg"}],"author":"3e mill\u00e9naire","twitter_card":"summary_large_image","twitter_misc":{"\u00c9crit par":"3e mill\u00e9naire","Dur\u00e9e de lecture estim\u00e9e":"6 minutes"},"schema":{"@context":"https:\/\/schema.org","@graph":[{"@type":"Article","@id":"https:\/\/www.revue3emillenaire.com\/blog\/sauver-la-planete-prochaine-etape-par-arthur-firstenberg\/#article","isPartOf":{"@id":"https:\/\/www.revue3emillenaire.com\/blog\/sauver-la-planete-prochaine-etape-par-arthur-firstenberg\/"},"author":{"name":"3e mill\u00e9naire","@id":"https:\/\/www.revue3emillenaire.com\/blog\/#\/schema\/person\/b692dacff720a5344a6190bc714397eb"},"headline":"Sauver la plan\u00e8te \u2014 prochaine \u00e9tape par Arthur Firstenberg","datePublished":"2022-05-04T14:34:02+00:00","dateModified":"2022-05-04T23:08:40+00:00","mainEntityOfPage":{"@id":"https:\/\/www.revue3emillenaire.com\/blog\/sauver-la-planete-prochaine-etape-par-arthur-firstenberg\/"},"wordCount":1335,"image":{"@id":"https:\/\/www.revue3emillenaire.com\/blog\/sauver-la-planete-prochaine-etape-par-arthur-firstenberg\/#primaryimage"},"thumbnailUrl":"https:\/\/www.revue3emillenaire.com\/blog\/wp-content\/uploads\/2022\/02\/Arthur-Firstenberg2.jpg","keywords":["\u00e9cologie","Pollution","Pollution \u00e9lectromagn\u00e9tique","T\u00e9l\u00e9phones mobiles"],"articleSection":["Actualit\u00e9s","Firstenberg Arthur"],"inLanguage":"fr-FR"},{"@type":"WebPage","@id":"https:\/\/www.revue3emillenaire.com\/blog\/sauver-la-planete-prochaine-etape-par-arthur-firstenberg\/","url":"https:\/\/www.revue3emillenaire.com\/blog\/sauver-la-planete-prochaine-etape-par-arthur-firstenberg\/","name":"Sauver la plan\u00e8te \u2014 prochaine \u00e9tape par Arthur Firstenberg - 3e mill\u00e9naire - Spiritualit\u00e9 - Connaissance de soi - Non-dualit\u00e9 - M\u00e9ditation","isPartOf":{"@id":"https:\/\/www.revue3emillenaire.com\/blog\/#website"},"primaryImageOfPage":{"@id":"https:\/\/www.revue3emillenaire.com\/blog\/sauver-la-planete-prochaine-etape-par-arthur-firstenberg\/#primaryimage"},"image":{"@id":"https:\/\/www.revue3emillenaire.com\/blog\/sauver-la-planete-prochaine-etape-par-arthur-firstenberg\/#primaryimage"},"thumbnailUrl":"https:\/\/www.revue3emillenaire.com\/blog\/wp-content\/uploads\/2022\/02\/Arthur-Firstenberg2.jpg","datePublished":"2022-05-04T14:34:02+00:00","dateModified":"2022-05-04T23:08:40+00:00","author":{"@id":"https:\/\/www.revue3emillenaire.com\/blog\/#\/schema\/person\/b692dacff720a5344a6190bc714397eb"},"breadcrumb":{"@id":"https:\/\/www.revue3emillenaire.com\/blog\/sauver-la-planete-prochaine-etape-par-arthur-firstenberg\/#breadcrumb"},"inLanguage":"fr-FR","potentialAction":[{"@type":"ReadAction","target":["https:\/\/www.revue3emillenaire.com\/blog\/sauver-la-planete-prochaine-etape-par-arthur-firstenberg\/"]}]},{"@type":"ImageObject","inLanguage":"fr-FR","@id":"https:\/\/www.revue3emillenaire.com\/blog\/sauver-la-planete-prochaine-etape-par-arthur-firstenberg\/#primaryimage","url":"https:\/\/www.revue3emillenaire.com\/blog\/wp-content\/uploads\/2022\/02\/Arthur-Firstenberg2.jpg","contentUrl":"https:\/\/www.revue3emillenaire.com\/blog\/wp-content\/uploads\/2022\/02\/Arthur-Firstenberg2.jpg","width":280,"height":412},{"@type":"BreadcrumbList","@id":"https:\/\/www.revue3emillenaire.com\/blog\/sauver-la-planete-prochaine-etape-par-arthur-firstenberg\/#breadcrumb","itemListElement":[{"@type":"ListItem","position":1,"name":"Accueil","item":"https:\/\/www.revue3emillenaire.com\/blog\/"},{"@type":"ListItem","position":2,"name":"Sauver la plan\u00e8te \u2014 prochaine \u00e9tape par Arthur Firstenberg"}]},{"@type":"WebSite","@id":"https:\/\/www.revue3emillenaire.com\/blog\/#website","url":"https:\/\/www.revue3emillenaire.com\/blog\/","name":"3e mill\u00e9naire - Spiritualit\u00e9 - Connaissance de soi - Non-dualit\u00e9 - M\u00e9ditation","description":"L&#039;Homme en devenir","potentialAction":[{"@type":"SearchAction","target":{"@type":"EntryPoint","urlTemplate":"https:\/\/www.revue3emillenaire.com\/blog\/?s={search_term_string}"},"query-input":{"@type":"PropertyValueSpecification","valueRequired":true,"valueName":"search_term_string"}}],"inLanguage":"fr-FR"},{"@type":"Person","@id":"https:\/\/www.revue3emillenaire.com\/blog\/#\/schema\/person\/b692dacff720a5344a6190bc714397eb","name":"3e mill\u00e9naire","url":"https:\/\/www.revue3emillenaire.com\/blog\/author\/scoussa\/"}]}},"_links":{"self":[{"href":"https:\/\/www.revue3emillenaire.com\/blog\/wp-json\/wp\/v2\/posts\/18939","targetHints":{"allow":["GET"]}}],"collection":[{"href":"https:\/\/www.revue3emillenaire.com\/blog\/wp-json\/wp\/v2\/posts"}],"about":[{"href":"https:\/\/www.revue3emillenaire.com\/blog\/wp-json\/wp\/v2\/types\/post"}],"author":[{"embeddable":true,"href":"https:\/\/www.revue3emillenaire.com\/blog\/wp-json\/wp\/v2\/users\/2"}],"replies":[{"embeddable":true,"href":"https:\/\/www.revue3emillenaire.com\/blog\/wp-json\/wp\/v2\/comments?post=18939"}],"version-history":[{"count":0,"href":"https:\/\/www.revue3emillenaire.com\/blog\/wp-json\/wp\/v2\/posts\/18939\/revisions"}],"wp:featuredmedia":[{"embeddable":true,"href":"https:\/\/www.revue3emillenaire.com\/blog\/wp-json\/wp\/v2\/media\/18864"}],"wp:attachment":[{"href":"https:\/\/www.revue3emillenaire.com\/blog\/wp-json\/wp\/v2\/media?parent=18939"}],"wp:term":[{"taxonomy":"category","embeddable":true,"href":"https:\/\/www.revue3emillenaire.com\/blog\/wp-json\/wp\/v2\/categories?post=18939"},{"taxonomy":"post_tag","embeddable":true,"href":"https:\/\/www.revue3emillenaire.com\/blog\/wp-json\/wp\/v2\/tags?post=18939"}],"curies":[{"name":"wp","href":"https:\/\/api.w.org\/{rel}","templated":true}]}}