{"id":18950,"date":"2022-05-27T18:41:19","date_gmt":"2022-05-27T17:41:19","guid":{"rendered":"https:\/\/www.revue3emillenaire.com\/blog\/?p=18950"},"modified":"2022-05-27T18:41:19","modified_gmt":"2022-05-27T17:41:19","slug":"mettriez-vous-votre-tete-nourriture-quoi-que-ce-soit-dans-un-four-a-micro-ondes-par-arthur-firstenberg","status":"publish","type":"post","link":"https:\/\/www.revue3emillenaire.com\/blog\/mettriez-vous-votre-tete-nourriture-quoi-que-ce-soit-dans-un-four-a-micro-ondes-par-arthur-firstenberg\/","title":{"rendered":"Mettriez-vous votre (t\u00eate, nourriture, quoi que ce soit) dans un four \u00e0 micro-ondes ? Par Arthur Firstenberg"},"content":{"rendered":"<p class=\"western\"><a href=\"https:\/\/www.revue3emillenaire.com\/blog\/wp-content\/uploads\/2022\/01\/just-banner-French.png\"><img loading=\"lazy\" decoding=\"async\" class=\"aligncenter size-full wp-image-18850\" src=\"https:\/\/www.revue3emillenaire.com\/blog\/wp-content\/uploads\/2022\/01\/just-banner-French.png\" alt=\"\" width=\"1391\" height=\"368\" srcset=\"https:\/\/www.revue3emillenaire.com\/blog\/wp-content\/uploads\/2022\/01\/just-banner-French.png 1391w, https:\/\/www.revue3emillenaire.com\/blog\/wp-content\/uploads\/2022\/01\/just-banner-French-300x79.png 300w, https:\/\/www.revue3emillenaire.com\/blog\/wp-content\/uploads\/2022\/01\/just-banner-French-1024x271.png 1024w, https:\/\/www.revue3emillenaire.com\/blog\/wp-content\/uploads\/2022\/01\/just-banner-French-768x203.png 768w\" sizes=\"auto, (max-width: 1391px) 100vw, 1391px\" \/><\/a><\/p>\n<p class=\"western\" align=\"justify\"><a href=\"https:\/\/www.revue3emillenaire.com\/blog\/wp-content\/uploads\/2022\/05\/Micro1.jpg\"><img loading=\"lazy\" decoding=\"async\" class=\"aligncenter size-full wp-image-18951\" src=\"https:\/\/www.revue3emillenaire.com\/blog\/wp-content\/uploads\/2022\/05\/Micro1.jpg\" alt=\"\" width=\"893\" height=\"959\" srcset=\"https:\/\/www.revue3emillenaire.com\/blog\/wp-content\/uploads\/2022\/05\/Micro1.jpg 893w, https:\/\/www.revue3emillenaire.com\/blog\/wp-content\/uploads\/2022\/05\/Micro1-279x300.jpg 279w, https:\/\/www.revue3emillenaire.com\/blog\/wp-content\/uploads\/2022\/05\/Micro1-768x825.jpg 768w\" sizes=\"auto, (max-width: 893px) 100vw, 893px\" \/><\/a><\/p>\n<p class=\"western\" align=\"justify\"><span lang=\"fr-FR\"><b>Tous les plants de poivrons illustr\u00e9s ci-dessus<\/b><\/span><span lang=\"fr-FR\"> ont \u00e9t\u00e9 cultiv\u00e9s dans des conditions identiques pendant 200\u00a0jours, \u00e0 une diff\u00e9rence pr\u00e8s. Les plants des trois cadres sup\u00e9rieurs (A, B et C) ont \u00e9t\u00e9 arros\u00e9s quotidiennement avec de l\u2019eau du robinet qui avait d\u2019abord s\u00e9journ\u00e9 dans un flacon en verre pendant une heure. Les plantes des trois cadres inf\u00e9rieurs (D, E et F) ont \u00e9t\u00e9 arros\u00e9es quotidiennement avec de l\u2019eau du robinet dans un flacon en verre identique, sauf que ce flacon avait d\u2019abord s\u00e9journ\u00e9 \u00e0 c\u00f4t\u00e9 de ce routeur WiFi pendant une heure :<\/span><\/p>\n<p class=\"western\" align=\"justify\"><a href=\"https:\/\/www.revue3emillenaire.com\/blog\/wp-content\/uploads\/2022\/05\/Micro2.jpg\"><img loading=\"lazy\" decoding=\"async\" class=\"aligncenter size-full wp-image-18952\" src=\"https:\/\/www.revue3emillenaire.com\/blog\/wp-content\/uploads\/2022\/05\/Micro2.jpg\" alt=\"\" width=\"467\" height=\"333\" srcset=\"https:\/\/www.revue3emillenaire.com\/blog\/wp-content\/uploads\/2022\/05\/Micro2.jpg 467w, https:\/\/www.revue3emillenaire.com\/blog\/wp-content\/uploads\/2022\/05\/Micro2-300x214.jpg 300w\" sizes=\"auto, (max-width: 467px) 100vw, 467px\" \/><\/a><\/p>\n<p class=\"western\" align=\"justify\"><span style=\"color: #000080;\"><u><a class=\"western\" href=\"https:\/\/www.scirp.org\/pdf\/abb_2020021716134094.pdf\" target=\"_blank\" rel=\"noopener\"><span lang=\"fr-FR\">Cette \u00e9tude<\/span><\/a><\/u><\/span><span lang=\"fr-FR\">, r\u00e9alis\u00e9e \u00e0 l\u2019Universit\u00e9 islamique de Gaza, a \u00e9t\u00e9 publi\u00e9e en 2020.<\/span><\/p>\n<p class=\"western\" align=\"justify\"><span lang=\"fr-FR\">Les m\u00eames scientifiques avaient auparavant arros\u00e9 des plants de ma\u00efs et de poivron pendant 30\u00a0jours avec de l\u2019eau chauff\u00e9e dans un four \u00e0 micro-ondes, puis refroidie. La revue dans laquelle <\/span><span style=\"color: #000080;\"><u><a class=\"western\" href=\"https:\/\/iugspace.iugaza.edu.ps\/bitstream\/handle\/20.500.12358\/26229\/Elwasife,%20Khitam%20Y._40.pdf?isAllowed=y&amp;sequence=1\" target=\"_blank\" rel=\"noopener\"><span lang=\"fr-FR\">cet article<\/span><\/a><\/u><\/span><span lang=\"fr-FR\"> a \u00e9t\u00e9 publi\u00e9 ne contenait pas de photographies des plantes, mais les r\u00e9sultats \u00e9taient tout aussi spectaculaires. Les plantes arros\u00e9es avec de l\u2019eau qui avait \u00e9t\u00e9 pr\u00e9alablement chauff\u00e9e au micro-ondes n\u2019ont pas prosp\u00e9r\u00e9. \u00ab\u00a0Les feuilles des jeunes plants qui ont \u00e9t\u00e9 arros\u00e9es avec de l\u2019eau pass\u00e9e au micro-ondes avaient une couleur vert p\u00e2le et leur texture \u00e9tait lisse par rapport aux t\u00e9moins. En revanche, dans le cas des t\u00e9moins, les feuilles avaient une couleur vert fonc\u00e9 et leur texture \u00e9tait rugueuse.\u00a0\u00bb<\/span><\/p>\n<p class=\"western\" align=\"justify\"><span lang=\"fr-FR\">Des scientifiques du Pakistan, dans une <\/span><span style=\"color: #000080;\"><u><a class=\"western\" href=\"https:\/\/asrjetsjournal.org\/index.php\/American_Scientific_Journal\/article\/download\/4624\/1627\" target=\"_blank\" rel=\"noopener\"><span lang=\"fr-FR\">\u00e9tude publi\u00e9e en 2019<\/span><\/a><\/u><\/span><span lang=\"fr-FR\">, ont obtenu des r\u00e9sultats similaires avec six types de plantes diff\u00e9rentes, dans une exp\u00e9rience qui a \u00e9galement dur\u00e9 30\u00a0jours. L\u2019eau qui avait \u00e9t\u00e9 pr\u00e9alablement pass\u00e9e au micro-ondes pendant une minute a diminu\u00e9 la longueur des racines et des pousses des plantes, leur diam\u00e8tre, leur poids, leur teneur en chlorophylle et leur surface foliaire, et a retard\u00e9 leur floraison. Mais une fois encore, les photos publi\u00e9es racontent mieux l\u2019histoire. Les plantes \u00ab\u00a0t\u00e9moins\u00a0\u00bb ont \u00e9t\u00e9 arros\u00e9es avec de l\u2019eau qui n\u2019avait pas \u00e9t\u00e9 chauff\u00e9e au pr\u00e9alable. Les plantes \u00ab\u00a0eau du robinet\u00a0\u00bb ont \u00e9t\u00e9 arros\u00e9es avec de l\u2019eau chauff\u00e9e sur une cuisini\u00e8re, puis refroidie. Les plantes \u00ab\u00a0micro-ondes\u00a0\u00bb ont \u00e9t\u00e9 arros\u00e9es avec de l\u2019eau chauff\u00e9e dans un four \u00e0 micro-ondes pendant une minute, puis refroidies :<\/span><\/p>\n<p class=\"western\"><a href=\"https:\/\/www.revue3emillenaire.com\/blog\/wp-content\/uploads\/2022\/05\/Micro3.jpg\"><img loading=\"lazy\" decoding=\"async\" class=\"aligncenter size-full wp-image-18953\" src=\"https:\/\/www.revue3emillenaire.com\/blog\/wp-content\/uploads\/2022\/05\/Micro3.jpg\" alt=\"\" width=\"778\" height=\"389\" srcset=\"https:\/\/www.revue3emillenaire.com\/blog\/wp-content\/uploads\/2022\/05\/Micro3.jpg 778w, https:\/\/www.revue3emillenaire.com\/blog\/wp-content\/uploads\/2022\/05\/Micro3-300x150.jpg 300w, https:\/\/www.revue3emillenaire.com\/blog\/wp-content\/uploads\/2022\/05\/Micro3-768x384.jpg 768w\" sizes=\"auto, (max-width: 778px) 100vw, 778px\" \/><\/a><\/p>\n<p class=\"western\"><a href=\"https:\/\/www.revue3emillenaire.com\/blog\/wp-content\/uploads\/2022\/05\/Micro4.jpg\"><img loading=\"lazy\" decoding=\"async\" class=\"aligncenter size-full wp-image-18954\" src=\"https:\/\/www.revue3emillenaire.com\/blog\/wp-content\/uploads\/2022\/05\/Micro4.jpg\" alt=\"\" width=\"771\" height=\"406\" srcset=\"https:\/\/www.revue3emillenaire.com\/blog\/wp-content\/uploads\/2022\/05\/Micro4.jpg 771w, https:\/\/www.revue3emillenaire.com\/blog\/wp-content\/uploads\/2022\/05\/Micro4-300x158.jpg 300w, https:\/\/www.revue3emillenaire.com\/blog\/wp-content\/uploads\/2022\/05\/Micro4-768x404.jpg 768w\" sizes=\"auto, (max-width: 771px) 100vw, 771px\" \/><\/a><\/p>\n<p align=\"justify\"><a href=\"https:\/\/www.revue3emillenaire.com\/blog\/wp-content\/uploads\/2022\/05\/Micro5.jpg\"><img loading=\"lazy\" decoding=\"async\" class=\"aligncenter size-full wp-image-18955\" src=\"https:\/\/www.revue3emillenaire.com\/blog\/wp-content\/uploads\/2022\/05\/Micro5.jpg\" alt=\"\" width=\"699\" height=\"508\" srcset=\"https:\/\/www.revue3emillenaire.com\/blog\/wp-content\/uploads\/2022\/05\/Micro5.jpg 699w, https:\/\/www.revue3emillenaire.com\/blog\/wp-content\/uploads\/2022\/05\/Micro5-300x218.jpg 300w\" sizes=\"auto, (max-width: 699px) 100vw, 699px\" \/><\/a><\/p>\n<p class=\"western\" align=\"justify\"><span lang=\"fr-FR\">Les animaux nourris avec des aliments cuits au micro-ondes s\u2019en sortent tout aussi mal. Des scientifiques de l\u2019Universit\u00e9 f\u00e9d\u00e9rale de technologie du Nigeria ont donn\u00e9 \u00e0 deux groupes de jeunes rats un r\u00e9gime alimentaire identique comprenant du riz et du rago\u00fbt bouillis, des haricots, des ignames et du poisson bouilli \u2014 identique \u00e0 l\u2019exception du fait que la nourriture de l\u2019un des groupes \u00e9tait pass\u00e9e au micro-ondes pendant quatre minutes, puis refroidie. Au bout de trois mois, tous les param\u00e8tres sanguins \u00e9taient alt\u00e9r\u00e9s chez les rats nourris avec des aliments cuits au micro-ondes. Les globules rouges avaient diminu\u00e9 de 12 %, les globules blancs de 30 %, le volume globulaire de 25 % et la concentration d\u2019h\u00e9moglobine de 19 %. Les lymphocytes, les monocytes et les \u00e9osinophiles ont tous significativement diminu\u00e9, tandis que les neutrophiles ont significativement augment\u00e9. <\/span><span style=\"color: #000080;\"><u><a class=\"western\" href=\"https:\/\/journalcjast.com\/index.php\/CJAST\/article\/view\/6472\" target=\"_blank\" rel=\"noopener\"><span lang=\"fr-FR\">Cette \u00e9tude<\/span><\/a><\/u><\/span><span lang=\"fr-FR\"> a \u00e9t\u00e9 publi\u00e9e en 2015.<\/span><\/p>\n<p class=\"western\" align=\"justify\"><span lang=\"fr-FR\">Dans <\/span><span style=\"color: #000080;\"><u><a class=\"western\" href=\"https:\/\/www.sciencedirect.com\/science\/article\/pii\/S1687850717300481\/pdfft?isDTMRedir=true&amp;download=true\" target=\"_blank\" rel=\"noopener\"><span lang=\"fr-FR\">une \u00e9tude de suivi<\/span><\/a><\/u><\/span><span lang=\"fr-FR\">, publi\u00e9e en 2017, des rats ont \u00e9t\u00e9 nourris pendant 42\u00a0jours avec un r\u00e9gime identique qui n\u2019avait pas \u00e9t\u00e9 pass\u00e9 au micro-ondes, ou qui avait \u00e9t\u00e9 pass\u00e9 au micro-ondes pendant 2, 4 ou 6\u00a0minutes, puis refroidi. Tous les rats nourris avec des aliments cuits au micro-ondes pr\u00e9sentaient des niveaux significativement plus faibles d\u2019enzymes antioxydantes, de vitamine A et de vitamine E dans leur sang. Plus la dur\u00e9e de cuisson au micro-ondes \u00e9tait longue, plus les niveaux d\u2019antioxydants et de vitamines dans le sang des rats \u00e9taient faibles.<\/span><\/p>\n<p class=\"western\" align=\"justify\"><span lang=\"fr-FR\">Une autre \u00e9quipe de recherche, \u00e0 l\u2019Universit\u00e9 de Lagos, a mesur\u00e9 les niveaux d\u2019antioxydants dans le cerveau et le foie de rats nourris avec des aliments cuits au micro-ondes pendant six semaines, avec des r\u00e9sultats similaires, <\/span><span style=\"color: #000080;\"><u><a class=\"western\" href=\"https:\/\/www.cellphonetaskforce.org\/wp-content\/uploads\/2022\/05\/Ajayi-2014.pdf\" target=\"_blank\" rel=\"noopener\"><span lang=\"fr-FR\">publi\u00e9s en 2014<\/span><\/a><\/u><\/span><span lang=\"fr-FR\">. \u00ab\u00a0Il a \u00e9t\u00e9 observ\u00e9 \u00e0 partir du r\u00e9sultat que les activit\u00e9s des enzymes antioxydantes ont diminu\u00e9 drastiquement (p&lt;0,05) chez les rats nourris avec la nourriture micro-ond\u00e9e par rapport \u00e0 leurs t\u00e9moins.\u00a0\u00bb<\/span><\/p>\n<p class=\"western\" align=\"justify\"><span lang=\"fr-FR\">Un chercheur de l\u2019universit\u00e9 de Koya, en Irak, a nourri des rates enceintes avec des aliments cuits dans un four traditionnel ou des aliments cuits au micro-ondes pendant 18\u00a0jours, puis les a sacrifi\u00e9es et a examin\u00e9 le pancr\u00e9as de leurs embryons. Le pancr\u00e9as des embryons dont la m\u00e8re avait consomm\u00e9 des aliments cuits au micro-ondes <\/span><span style=\"color: #000080;\"><u><a class=\"western\" href=\"https:\/\/ijseas.com\/volume2\/v2i10\/ijseas20161003.pdf\" target=\"_blank\" rel=\"noopener\"><span lang=\"fr-FR\">pr\u00e9sentait des changements pathologiques<\/span><\/a><\/u><\/span><span lang=\"fr-FR\">. Le tissu pancr\u00e9atique \u00e9tait endommag\u00e9, notamment les cellules ? des \u00eelots de Langerhans, qui sont les cellules qui produisent l\u2019insuline.<\/span><\/p>\n<p class=\"western\" align=\"justify\"><span lang=\"fr-FR\">Et en 2021, <\/span><span style=\"color: #000080;\"><u><a class=\"western\" href=\"https:\/\/www.ajol.info\/index.php\/ari\/article\/view\/214215\/202042\" target=\"_blank\" rel=\"noopener\"><span lang=\"fr-FR\">une autre \u00e9quipe<\/span><\/a><\/u><\/span><span lang=\"fr-FR\"> de chercheurs nig\u00e9rians de l\u2019universit\u00e9 de Crawford a nourri des rats pendant trois semaines avec des granul\u00e9s pour rats qui n\u2019avaient pas \u00e9t\u00e9 cuits au micro-ondes ou qui avaient \u00e9t\u00e9 cuits au micro-ondes pendant 1\u00a0minute et 30\u00a0secondes. Les rats nourris avec des granul\u00e9s pass\u00e9s au micro-ondes pr\u00e9sentaient des taux de cholest\u00e9rol total, de triglyc\u00e9rides totaux, de HDL, de LDL, d\u2019ALP, d\u2019AST, d\u2019ALT, de prot\u00e9ines totales et de bilirubine totale et indirecte significativement modifi\u00e9s d\u00e8s la troisi\u00e8me semaine. Et ils pr\u00e9sentaient des modifications significatives du nombre de globules blancs, du nombre de globules rouges, de l\u2019h\u00e9moglobine et du volume globulaire apr\u00e8s seulement une semaine.<\/span><\/p>\n<p class=\"western\" align=\"justify\"><span lang=\"fr-FR\">Et <\/span><span style=\"color: #000080;\"><u><a class=\"western\" href=\"https:\/\/jszmc.com\/Files_pdf\/JSZMCVol07No04\/1057.pdf\" target=\"_blank\" rel=\"noopener\"><span lang=\"fr-FR\">une autre \u00e9quipe de chercheurs<\/span><\/a><\/u><\/span><span lang=\"fr-FR\">, \u00e0 l\u2019Universit\u00e9 nationale des sciences m\u00e9dicales du Pakistan, a nourri des souris adultes avec des granul\u00e9s de souris cuits au micro-ondes pendant quatre semaines, puis a examin\u00e9 leurs testicules. Les souris nourries avec des aliments pass\u00e9s au micro-ondes pr\u00e9sentaient des tubules s\u00e9minif\u00e8res de diam\u00e8tre nettement inf\u00e9rieur et une hauteur de l\u2019\u00e9pith\u00e9lium germinal nettement plus faible dans leurs testicules.<\/span><\/p>\n<p class=\"western\" align=\"justify\"><span lang=\"fr-FR\">Dans les ann\u00e9es\u00a01980, je me suis demand\u00e9 pourquoi j\u2019avais des douleurs \u00e0 l\u2019estomac apr\u00e8s avoir mang\u00e9 au restaurant, douleurs qui duraient environ 30\u00a0minutes. Cela ne se produisait pas \u00e0 chaque fois que j\u2019allais au restaurant, mais seulement parfois, et au hasard. Un jour, \u00e0 titre exp\u00e9rimental, j\u2019ai commenc\u00e9 \u00e0 sp\u00e9cifier, chaque fois que je commandais un plat dans un restaurant, que je ne voulais pas qu\u2019il ait \u00e9t\u00e9 cuit ou r\u00e9chauff\u00e9 dans un four \u00e0 micro-ondes. Depuis ce jour jusqu\u2019\u00e0 aujourd\u2019hui, je n\u2019ai jamais eu ce genre de douleur \u00e0 l\u2019estomac apr\u00e8s avoir mang\u00e9 dans un restaurant. De m\u00eame, je n\u2019ai jamais, de ma vie, fait cuire des aliments au micro-ondes \u00e0 la maison.<\/span><\/p>\n<p class=\"western\" align=\"justify\"><span lang=\"fr-FR\">Un four \u00e0 micro-ondes ne chauffe pas directement vos aliments. Au contraire, il transmet de l\u2019\u00e9nergie \u00e9lectrique \u00e0 vos aliments, qui est convertie indirectement en chaleur. L\u2019eau est une mol\u00e9cule polaire, ce qui signifie qu\u2019elle poss\u00e8de un p\u00f4le positif et un p\u00f4le n\u00e9gatif. Un champ \u00e9lectrique force toute mol\u00e9cule polaire \u00e0 s\u2019aligner dans la direction du champ \u00e9lectrique. \u00c9tant donn\u00e9 qu\u2019un four \u00e0 micro-ondes fonctionne \u00e0 une fr\u00e9quence de 2,45\u00a0GHz, c\u2019est-\u00e0-dire 2,45\u00a0milliards de hertz, il a pour effet de forcer toutes les mol\u00e9cules d\u2019eau pr\u00e9sentes dans vos aliments \u00e0 s\u2019aligner dans la m\u00eame direction et \u00e0 faire des allers-retours 2,45\u00a0milliards de fois par seconde. La friction de tout ce mouvement r\u00e9chauffe votre nourriture. Mais il ne se contente pas de chauffer les aliments, il leur applique une sorte de charge \u00e9lectrique. Si vous les mangez tout de suite, cette \u00e9nergie \u00e9lectrique est transf\u00e9r\u00e9e \u00e0 votre estomac, et cela peut faire mal.<\/span><\/p>\n<p class=\"western\" align=\"justify\"><span lang=\"fr-FR\">Il est clair qu\u2019il existe \u00e9galement des effets \u00e0 long terme sur l\u2019organisme, puisque les \u00e9tudes susmentionn\u00e9es ont montr\u00e9 que la consommation d\u2019aliments cuits au micro-ondes a des effets profond\u00e9ment d\u00e9l\u00e9t\u00e8res sur le sang et les organes.<\/span><\/p>\n<p class=\"western\" align=\"justify\"><i><b>Les dons pour soutenir notre travail sont n\u00e9cessaires. La Cellular Phone Task Force est une 501(c)(3) sans but lucratif, et les dons des r\u00e9sidents am\u00e9ricains sont d\u00e9ductibles des imp\u00f4ts. Notre num\u00e9ro d\u2019identification fiscale est 11-3394550.<\/b><\/i><\/p>\n<p>&nbsp;<\/p>\n<p class=\"western\" align=\"center\"><strong>FAIRE UN DON<\/strong> : <a href=\"https:\/\/www.cellphonetaskforce.org\/donate\/\" target=\"_blank\" rel=\"noopener\">https:\/\/www.cellphonetaskforce.org\/donate\/<\/a><\/p>\n<p class=\"western\" align=\"center\">Arthur Firstenberg<\/p>\n<p class=\"western\" align=\"center\">Auteur, <span style=\"color: #000080;\"><u><a class=\"western\" href=\"http:\/\/r.mail.cellphonetaskforce.org\/mk\/cl\/f\/B3pXPWAejiub6NKFlB9VBTadhylmdO7jG-ZR12iBO402frPIqnzMG-jndwOCg_M4GJvMC1CnaRshJdq3U2VQknJv1K_CXHvBZ1fRs19tcW2BMo-e_Lvyc7hubDVgudgvFxOdfiwjyRFzVn3ckEZk4HvHtX6225OaGDvgb3OTyKCZaUtkJCvKQQTcfpIji6EqCGB5yihZu8NwTKBVktvmNqZvPJ8efcE0ijmv9d6o-vI3y4iEU0GtPED2IeWMbKE\" target=\"_blank\" rel=\"noopener\"><span style=\"font-family: Calibri, Arial, Helvetica, sans-serif, sans-serif;\"><span style=\"font-size: medium;\">The Invisible Rainbow: A History of Electricity and Life<\/span><\/span><\/a><\/u><\/span> [ou en <span style=\"color: #000080;\"><u><a class=\"western\" href=\"https:\/\/www.decitre.fr\/livres\/l-arc-en-ciel-invisible-9782940594320.html\" target=\"_blank\" rel=\"noopener\">Fran\u00e7ais<\/a><\/u><\/span>]<\/p>\n<p class=\"western\" align=\"center\">Administrateur, <span style=\"color: #000080;\"><u><a class=\"western\" href=\"https:\/\/www.5gspaceappeal.org\/\" target=\"_blank\" rel=\"noopener\">International Appeal to Stop 5G on Earth and in Space<\/a><\/u><\/span><\/p>\n<p class=\"western\" align=\"center\">Caretaker, <span style=\"color: #000080;\"><u><a class=\"western\" href=\"https:\/\/www.echoearth.org\/\" target=\"_blank\" rel=\"noopener\">ECHOEarth (End Cellphones Here On Earth)<\/a><\/u><\/span><\/p>\n<p class=\"western\" align=\"center\">P.O. Box 6216<\/p>\n<p class=\"western\" align=\"center\">Santa Fe, NM 87502<\/p>\n<p class=\"western\" align=\"center\">USA<\/p>\n<p class=\"western\" align=\"center\">t\u00e9l\u00e9phone\u00a0: +1 505-471-0129<\/p>\n<p class=\"western\" align=\"center\">info@cellphonetaskforce.org<\/p>\n<p class=\"western\" align=\"center\">19\u00a0mai 2022<\/p>\n<p class=\"western\" align=\"justify\"><i><b>Les 40\u00a0derni\u00e8res lettres d\u2019information, y compris celle-ci, peuvent \u00eatre consult\u00e9es sur la page des <\/b><\/i><span style=\"color: #000080;\"><u><a class=\"western\" href=\"https:\/\/www.cellphonetaskforce.org\/newsletters\/\" target=\"_blank\" rel=\"noopener\"><i><b>lettres d\u2019information<\/b><\/i><\/a><\/u><\/span><i><b> de la Cellular Phone Task Force. Certaines de ces lettres sont \u00e9galement disponibles en allemand, espagnol, italien, fran\u00e7ais, norv\u00e9gien et n\u00e9erlandais.<\/b><\/i><\/p>\n<p class=\"western\" align=\"center\">Pour vous abonner, allez sur <span style=\"color: #000080;\"><u><a class=\"western\" href=\"http:\/\/www.cellphonetaskforce.org\/subscribe\" target=\"_blank\" rel=\"noopener\">www.cellphonetaskforce.org\/subscribe<\/a><\/u><\/span><\/p>\n<p>&nbsp;<\/p>\n","protected":false},"excerpt":{"rendered":"<p>Tous les plants de poivrons illustr\u00e9s ci-dessus ont \u00e9t\u00e9 cultiv\u00e9s dans des conditions identiques pendant 200\u00a0jours, \u00e0 une diff\u00e9rence pr\u00e8s. Les plants des trois cadres sup\u00e9rieurs (A, B et C) ont \u00e9t\u00e9 arros\u00e9s quotidiennement avec de l\u2019eau du robinet qui avait d\u2019abord s\u00e9journ\u00e9 dans un flacon en verre pendant une heure. Les plantes des trois [&hellip;]<\/p>\n","protected":false},"author":2,"featured_media":18864,"comment_status":"closed","ping_status":"closed","sticky":false,"template":"","format":"standard","meta":{"footnotes":""},"categories":[1540,1594],"tags":[],"class_list":["post-18950","post","type-post","status-publish","format-standard","has-post-thumbnail","hentry","category-actualite","category-firstenberg-arthur"],"yoast_head":"<!-- This site is optimized with the Yoast SEO plugin v27.0 - https:\/\/yoast.com\/product\/yoast-seo-wordpress\/ -->\n<title>Mettriez-vous votre (t\u00eate, nourriture, quoi que ce soit) dans un four \u00e0 micro-ondes ? Par Arthur Firstenberg - 3e mill\u00e9naire - Spiritualit\u00e9 - Connaissance de soi - Non-dualit\u00e9 - M\u00e9ditation<\/title>\n<meta name=\"robots\" content=\"index, follow, max-snippet:-1, max-image-preview:large, max-video-preview:-1\" \/>\n<link rel=\"canonical\" href=\"https:\/\/www.revue3emillenaire.com\/blog\/mettriez-vous-votre-tete-nourriture-quoi-que-ce-soit-dans-un-four-a-micro-ondes-par-arthur-firstenberg\/\" \/>\n<meta property=\"og:locale\" content=\"fr_FR\" \/>\n<meta property=\"og:type\" content=\"article\" \/>\n<meta property=\"og:title\" content=\"Mettriez-vous votre (t\u00eate, nourriture, quoi que ce soit) dans un four \u00e0 micro-ondes ? Par Arthur Firstenberg - 3e mill\u00e9naire - Spiritualit\u00e9 - Connaissance de soi - Non-dualit\u00e9 - M\u00e9ditation\" \/>\n<meta property=\"og:description\" content=\"Tous les plants de poivrons illustr\u00e9s ci-dessus ont \u00e9t\u00e9 cultiv\u00e9s dans des conditions identiques pendant 200\u00a0jours, \u00e0 une diff\u00e9rence pr\u00e8s. Les plants des trois cadres sup\u00e9rieurs (A, B et C) ont \u00e9t\u00e9 arros\u00e9s quotidiennement avec de l\u2019eau du robinet qui avait d\u2019abord s\u00e9journ\u00e9 dans un flacon en verre pendant une heure. Les plantes des trois [&hellip;]\" \/>\n<meta property=\"og:url\" content=\"https:\/\/www.revue3emillenaire.com\/blog\/mettriez-vous-votre-tete-nourriture-quoi-que-ce-soit-dans-un-four-a-micro-ondes-par-arthur-firstenberg\/\" \/>\n<meta property=\"og:site_name\" content=\"3e mill\u00e9naire - Spiritualit\u00e9 - Connaissance de soi - Non-dualit\u00e9 - M\u00e9ditation\" \/>\n<meta property=\"article:published_time\" content=\"2022-05-27T17:41:19+00:00\" \/>\n<meta property=\"og:image\" content=\"https:\/\/www.revue3emillenaire.com\/blog\/wp-content\/uploads\/2022\/02\/Arthur-Firstenberg2.jpg\" \/>\n\t<meta property=\"og:image:width\" content=\"280\" \/>\n\t<meta property=\"og:image:height\" content=\"412\" \/>\n\t<meta property=\"og:image:type\" content=\"image\/jpeg\" \/>\n<meta name=\"author\" content=\"3e mill\u00e9naire\" \/>\n<meta name=\"twitter:card\" content=\"summary_large_image\" \/>\n<meta name=\"twitter:label1\" content=\"\u00c9crit par\" \/>\n\t<meta name=\"twitter:data1\" content=\"3e mill\u00e9naire\" \/>\n\t<meta name=\"twitter:label2\" content=\"Dur\u00e9e de lecture estim\u00e9e\" \/>\n\t<meta name=\"twitter:data2\" content=\"9 minutes\" \/>\n<script type=\"application\/ld+json\" class=\"yoast-schema-graph\">{\"@context\":\"https:\/\/schema.org\",\"@graph\":[{\"@type\":\"Article\",\"@id\":\"https:\/\/www.revue3emillenaire.com\/blog\/mettriez-vous-votre-tete-nourriture-quoi-que-ce-soit-dans-un-four-a-micro-ondes-par-arthur-firstenberg\/#article\",\"isPartOf\":{\"@id\":\"https:\/\/www.revue3emillenaire.com\/blog\/mettriez-vous-votre-tete-nourriture-quoi-que-ce-soit-dans-un-four-a-micro-ondes-par-arthur-firstenberg\/\"},\"author\":{\"name\":\"3e mill\u00e9naire\",\"@id\":\"https:\/\/www.revue3emillenaire.com\/blog\/#\/schema\/person\/b692dacff720a5344a6190bc714397eb\"},\"headline\":\"Mettriez-vous votre (t\u00eate, nourriture, quoi que ce soit) dans un four \u00e0 micro-ondes ? Par Arthur Firstenberg\",\"datePublished\":\"2022-05-27T17:41:19+00:00\",\"mainEntityOfPage\":{\"@id\":\"https:\/\/www.revue3emillenaire.com\/blog\/mettriez-vous-votre-tete-nourriture-quoi-que-ce-soit-dans-un-four-a-micro-ondes-par-arthur-firstenberg\/\"},\"wordCount\":1510,\"image\":{\"@id\":\"https:\/\/www.revue3emillenaire.com\/blog\/mettriez-vous-votre-tete-nourriture-quoi-que-ce-soit-dans-un-four-a-micro-ondes-par-arthur-firstenberg\/#primaryimage\"},\"thumbnailUrl\":\"https:\/\/www.revue3emillenaire.com\/blog\/wp-content\/uploads\/2022\/02\/Arthur-Firstenberg2.jpg\",\"articleSection\":[\"Actualit\u00e9s\",\"Firstenberg Arthur\"],\"inLanguage\":\"fr-FR\"},{\"@type\":\"WebPage\",\"@id\":\"https:\/\/www.revue3emillenaire.com\/blog\/mettriez-vous-votre-tete-nourriture-quoi-que-ce-soit-dans-un-four-a-micro-ondes-par-arthur-firstenberg\/\",\"url\":\"https:\/\/www.revue3emillenaire.com\/blog\/mettriez-vous-votre-tete-nourriture-quoi-que-ce-soit-dans-un-four-a-micro-ondes-par-arthur-firstenberg\/\",\"name\":\"Mettriez-vous votre (t\u00eate, nourriture, quoi que ce soit) dans un four \u00e0 micro-ondes ? Par Arthur Firstenberg - 3e mill\u00e9naire - Spiritualit\u00e9 - Connaissance de soi - Non-dualit\u00e9 - M\u00e9ditation\",\"isPartOf\":{\"@id\":\"https:\/\/www.revue3emillenaire.com\/blog\/#website\"},\"primaryImageOfPage\":{\"@id\":\"https:\/\/www.revue3emillenaire.com\/blog\/mettriez-vous-votre-tete-nourriture-quoi-que-ce-soit-dans-un-four-a-micro-ondes-par-arthur-firstenberg\/#primaryimage\"},\"image\":{\"@id\":\"https:\/\/www.revue3emillenaire.com\/blog\/mettriez-vous-votre-tete-nourriture-quoi-que-ce-soit-dans-un-four-a-micro-ondes-par-arthur-firstenberg\/#primaryimage\"},\"thumbnailUrl\":\"https:\/\/www.revue3emillenaire.com\/blog\/wp-content\/uploads\/2022\/02\/Arthur-Firstenberg2.jpg\",\"datePublished\":\"2022-05-27T17:41:19+00:00\",\"author\":{\"@id\":\"https:\/\/www.revue3emillenaire.com\/blog\/#\/schema\/person\/b692dacff720a5344a6190bc714397eb\"},\"breadcrumb\":{\"@id\":\"https:\/\/www.revue3emillenaire.com\/blog\/mettriez-vous-votre-tete-nourriture-quoi-que-ce-soit-dans-un-four-a-micro-ondes-par-arthur-firstenberg\/#breadcrumb\"},\"inLanguage\":\"fr-FR\",\"potentialAction\":[{\"@type\":\"ReadAction\",\"target\":[\"https:\/\/www.revue3emillenaire.com\/blog\/mettriez-vous-votre-tete-nourriture-quoi-que-ce-soit-dans-un-four-a-micro-ondes-par-arthur-firstenberg\/\"]}]},{\"@type\":\"ImageObject\",\"inLanguage\":\"fr-FR\",\"@id\":\"https:\/\/www.revue3emillenaire.com\/blog\/mettriez-vous-votre-tete-nourriture-quoi-que-ce-soit-dans-un-four-a-micro-ondes-par-arthur-firstenberg\/#primaryimage\",\"url\":\"https:\/\/www.revue3emillenaire.com\/blog\/wp-content\/uploads\/2022\/02\/Arthur-Firstenberg2.jpg\",\"contentUrl\":\"https:\/\/www.revue3emillenaire.com\/blog\/wp-content\/uploads\/2022\/02\/Arthur-Firstenberg2.jpg\",\"width\":280,\"height\":412},{\"@type\":\"BreadcrumbList\",\"@id\":\"https:\/\/www.revue3emillenaire.com\/blog\/mettriez-vous-votre-tete-nourriture-quoi-que-ce-soit-dans-un-four-a-micro-ondes-par-arthur-firstenberg\/#breadcrumb\",\"itemListElement\":[{\"@type\":\"ListItem\",\"position\":1,\"name\":\"Accueil\",\"item\":\"https:\/\/www.revue3emillenaire.com\/blog\/\"},{\"@type\":\"ListItem\",\"position\":2,\"name\":\"Mettriez-vous votre (t\u00eate, nourriture, quoi que ce soit) dans un four \u00e0 micro-ondes ? Par Arthur Firstenberg\"}]},{\"@type\":\"WebSite\",\"@id\":\"https:\/\/www.revue3emillenaire.com\/blog\/#website\",\"url\":\"https:\/\/www.revue3emillenaire.com\/blog\/\",\"name\":\"3e mill\u00e9naire - Spiritualit\u00e9 - Connaissance de soi - Non-dualit\u00e9 - M\u00e9ditation\",\"description\":\"L&#039;Homme en devenir\",\"potentialAction\":[{\"@type\":\"SearchAction\",\"target\":{\"@type\":\"EntryPoint\",\"urlTemplate\":\"https:\/\/www.revue3emillenaire.com\/blog\/?s={search_term_string}\"},\"query-input\":{\"@type\":\"PropertyValueSpecification\",\"valueRequired\":true,\"valueName\":\"search_term_string\"}}],\"inLanguage\":\"fr-FR\"},{\"@type\":\"Person\",\"@id\":\"https:\/\/www.revue3emillenaire.com\/blog\/#\/schema\/person\/b692dacff720a5344a6190bc714397eb\",\"name\":\"3e mill\u00e9naire\",\"url\":\"https:\/\/www.revue3emillenaire.com\/blog\/author\/scoussa\/\"}]}<\/script>\n<!-- \/ Yoast SEO plugin. -->","yoast_head_json":{"title":"Mettriez-vous votre (t\u00eate, nourriture, quoi que ce soit) dans un four \u00e0 micro-ondes ? Par Arthur Firstenberg - 3e mill\u00e9naire - Spiritualit\u00e9 - Connaissance de soi - Non-dualit\u00e9 - M\u00e9ditation","robots":{"index":"index","follow":"follow","max-snippet":"max-snippet:-1","max-image-preview":"max-image-preview:large","max-video-preview":"max-video-preview:-1"},"canonical":"https:\/\/www.revue3emillenaire.com\/blog\/mettriez-vous-votre-tete-nourriture-quoi-que-ce-soit-dans-un-four-a-micro-ondes-par-arthur-firstenberg\/","og_locale":"fr_FR","og_type":"article","og_title":"Mettriez-vous votre (t\u00eate, nourriture, quoi que ce soit) dans un four \u00e0 micro-ondes ? Par Arthur Firstenberg - 3e mill\u00e9naire - Spiritualit\u00e9 - Connaissance de soi - Non-dualit\u00e9 - M\u00e9ditation","og_description":"Tous les plants de poivrons illustr\u00e9s ci-dessus ont \u00e9t\u00e9 cultiv\u00e9s dans des conditions identiques pendant 200\u00a0jours, \u00e0 une diff\u00e9rence pr\u00e8s. Les plants des trois cadres sup\u00e9rieurs (A, B et C) ont \u00e9t\u00e9 arros\u00e9s quotidiennement avec de l\u2019eau du robinet qui avait d\u2019abord s\u00e9journ\u00e9 dans un flacon en verre pendant une heure. Les plantes des trois [&hellip;]","og_url":"https:\/\/www.revue3emillenaire.com\/blog\/mettriez-vous-votre-tete-nourriture-quoi-que-ce-soit-dans-un-four-a-micro-ondes-par-arthur-firstenberg\/","og_site_name":"3e mill\u00e9naire - Spiritualit\u00e9 - Connaissance de soi - Non-dualit\u00e9 - M\u00e9ditation","article_published_time":"2022-05-27T17:41:19+00:00","og_image":[{"width":280,"height":412,"url":"https:\/\/www.revue3emillenaire.com\/blog\/wp-content\/uploads\/2022\/02\/Arthur-Firstenberg2.jpg","type":"image\/jpeg"}],"author":"3e mill\u00e9naire","twitter_card":"summary_large_image","twitter_misc":{"\u00c9crit par":"3e mill\u00e9naire","Dur\u00e9e de lecture estim\u00e9e":"9 minutes"},"schema":{"@context":"https:\/\/schema.org","@graph":[{"@type":"Article","@id":"https:\/\/www.revue3emillenaire.com\/blog\/mettriez-vous-votre-tete-nourriture-quoi-que-ce-soit-dans-un-four-a-micro-ondes-par-arthur-firstenberg\/#article","isPartOf":{"@id":"https:\/\/www.revue3emillenaire.com\/blog\/mettriez-vous-votre-tete-nourriture-quoi-que-ce-soit-dans-un-four-a-micro-ondes-par-arthur-firstenberg\/"},"author":{"name":"3e mill\u00e9naire","@id":"https:\/\/www.revue3emillenaire.com\/blog\/#\/schema\/person\/b692dacff720a5344a6190bc714397eb"},"headline":"Mettriez-vous votre (t\u00eate, nourriture, quoi que ce soit) dans un four \u00e0 micro-ondes ? Par Arthur Firstenberg","datePublished":"2022-05-27T17:41:19+00:00","mainEntityOfPage":{"@id":"https:\/\/www.revue3emillenaire.com\/blog\/mettriez-vous-votre-tete-nourriture-quoi-que-ce-soit-dans-un-four-a-micro-ondes-par-arthur-firstenberg\/"},"wordCount":1510,"image":{"@id":"https:\/\/www.revue3emillenaire.com\/blog\/mettriez-vous-votre-tete-nourriture-quoi-que-ce-soit-dans-un-four-a-micro-ondes-par-arthur-firstenberg\/#primaryimage"},"thumbnailUrl":"https:\/\/www.revue3emillenaire.com\/blog\/wp-content\/uploads\/2022\/02\/Arthur-Firstenberg2.jpg","articleSection":["Actualit\u00e9s","Firstenberg Arthur"],"inLanguage":"fr-FR"},{"@type":"WebPage","@id":"https:\/\/www.revue3emillenaire.com\/blog\/mettriez-vous-votre-tete-nourriture-quoi-que-ce-soit-dans-un-four-a-micro-ondes-par-arthur-firstenberg\/","url":"https:\/\/www.revue3emillenaire.com\/blog\/mettriez-vous-votre-tete-nourriture-quoi-que-ce-soit-dans-un-four-a-micro-ondes-par-arthur-firstenberg\/","name":"Mettriez-vous votre (t\u00eate, nourriture, quoi que ce soit) dans un four \u00e0 micro-ondes ? Par Arthur Firstenberg - 3e mill\u00e9naire - Spiritualit\u00e9 - Connaissance de soi - Non-dualit\u00e9 - M\u00e9ditation","isPartOf":{"@id":"https:\/\/www.revue3emillenaire.com\/blog\/#website"},"primaryImageOfPage":{"@id":"https:\/\/www.revue3emillenaire.com\/blog\/mettriez-vous-votre-tete-nourriture-quoi-que-ce-soit-dans-un-four-a-micro-ondes-par-arthur-firstenberg\/#primaryimage"},"image":{"@id":"https:\/\/www.revue3emillenaire.com\/blog\/mettriez-vous-votre-tete-nourriture-quoi-que-ce-soit-dans-un-four-a-micro-ondes-par-arthur-firstenberg\/#primaryimage"},"thumbnailUrl":"https:\/\/www.revue3emillenaire.com\/blog\/wp-content\/uploads\/2022\/02\/Arthur-Firstenberg2.jpg","datePublished":"2022-05-27T17:41:19+00:00","author":{"@id":"https:\/\/www.revue3emillenaire.com\/blog\/#\/schema\/person\/b692dacff720a5344a6190bc714397eb"},"breadcrumb":{"@id":"https:\/\/www.revue3emillenaire.com\/blog\/mettriez-vous-votre-tete-nourriture-quoi-que-ce-soit-dans-un-four-a-micro-ondes-par-arthur-firstenberg\/#breadcrumb"},"inLanguage":"fr-FR","potentialAction":[{"@type":"ReadAction","target":["https:\/\/www.revue3emillenaire.com\/blog\/mettriez-vous-votre-tete-nourriture-quoi-que-ce-soit-dans-un-four-a-micro-ondes-par-arthur-firstenberg\/"]}]},{"@type":"ImageObject","inLanguage":"fr-FR","@id":"https:\/\/www.revue3emillenaire.com\/blog\/mettriez-vous-votre-tete-nourriture-quoi-que-ce-soit-dans-un-four-a-micro-ondes-par-arthur-firstenberg\/#primaryimage","url":"https:\/\/www.revue3emillenaire.com\/blog\/wp-content\/uploads\/2022\/02\/Arthur-Firstenberg2.jpg","contentUrl":"https:\/\/www.revue3emillenaire.com\/blog\/wp-content\/uploads\/2022\/02\/Arthur-Firstenberg2.jpg","width":280,"height":412},{"@type":"BreadcrumbList","@id":"https:\/\/www.revue3emillenaire.com\/blog\/mettriez-vous-votre-tete-nourriture-quoi-que-ce-soit-dans-un-four-a-micro-ondes-par-arthur-firstenberg\/#breadcrumb","itemListElement":[{"@type":"ListItem","position":1,"name":"Accueil","item":"https:\/\/www.revue3emillenaire.com\/blog\/"},{"@type":"ListItem","position":2,"name":"Mettriez-vous votre (t\u00eate, nourriture, quoi que ce soit) dans un four \u00e0 micro-ondes ? Par Arthur Firstenberg"}]},{"@type":"WebSite","@id":"https:\/\/www.revue3emillenaire.com\/blog\/#website","url":"https:\/\/www.revue3emillenaire.com\/blog\/","name":"3e mill\u00e9naire - Spiritualit\u00e9 - Connaissance de soi - Non-dualit\u00e9 - M\u00e9ditation","description":"L&#039;Homme en devenir","potentialAction":[{"@type":"SearchAction","target":{"@type":"EntryPoint","urlTemplate":"https:\/\/www.revue3emillenaire.com\/blog\/?s={search_term_string}"},"query-input":{"@type":"PropertyValueSpecification","valueRequired":true,"valueName":"search_term_string"}}],"inLanguage":"fr-FR"},{"@type":"Person","@id":"https:\/\/www.revue3emillenaire.com\/blog\/#\/schema\/person\/b692dacff720a5344a6190bc714397eb","name":"3e mill\u00e9naire","url":"https:\/\/www.revue3emillenaire.com\/blog\/author\/scoussa\/"}]}},"_links":{"self":[{"href":"https:\/\/www.revue3emillenaire.com\/blog\/wp-json\/wp\/v2\/posts\/18950","targetHints":{"allow":["GET"]}}],"collection":[{"href":"https:\/\/www.revue3emillenaire.com\/blog\/wp-json\/wp\/v2\/posts"}],"about":[{"href":"https:\/\/www.revue3emillenaire.com\/blog\/wp-json\/wp\/v2\/types\/post"}],"author":[{"embeddable":true,"href":"https:\/\/www.revue3emillenaire.com\/blog\/wp-json\/wp\/v2\/users\/2"}],"replies":[{"embeddable":true,"href":"https:\/\/www.revue3emillenaire.com\/blog\/wp-json\/wp\/v2\/comments?post=18950"}],"version-history":[{"count":0,"href":"https:\/\/www.revue3emillenaire.com\/blog\/wp-json\/wp\/v2\/posts\/18950\/revisions"}],"wp:featuredmedia":[{"embeddable":true,"href":"https:\/\/www.revue3emillenaire.com\/blog\/wp-json\/wp\/v2\/media\/18864"}],"wp:attachment":[{"href":"https:\/\/www.revue3emillenaire.com\/blog\/wp-json\/wp\/v2\/media?parent=18950"}],"wp:term":[{"taxonomy":"category","embeddable":true,"href":"https:\/\/www.revue3emillenaire.com\/blog\/wp-json\/wp\/v2\/categories?post=18950"},{"taxonomy":"post_tag","embeddable":true,"href":"https:\/\/www.revue3emillenaire.com\/blog\/wp-json\/wp\/v2\/tags?post=18950"}],"curies":[{"name":"wp","href":"https:\/\/api.w.org\/{rel}","templated":true}]}}